{"id":95438,"date":"2023-07-31T08:15:19","date_gmt":"2023-07-31T06:15:19","guid":{"rendered":"https:\/\/wobronietradycjiiwiary.com\/?p=95438"},"modified":"2025-02-10T11:15:17","modified_gmt":"2025-02-10T10:15:17","slug":"31-go-lipca-zywot-swietego-ignacego-loyoli-zakonodawcy-2-2","status":"publish","type":"post","link":"https:\/\/wobronietradycjiiwiary.com\/pl\/31-go-lipca-zywot-swietego-ignacego-loyoli-zakonodawcy-2-2\/","title":{"rendered":"31-go Lipca. \u017bywot \u015bwi\u0119tego Ignacego Loyoli, Zakonodawcy."},"content":{"rendered":"<div id=\"bsf_rt_marker\"><\/div>\n<p class=\"has-text-align-center wp-block-paragraph\">(\u017by\u0142 oko\u0142o roku Pa\u0144skiego 1556).<\/p>\n\n\n\n<figure class=\"wp-block-image\"><a href=\"https:\/\/pl.wikisource.org\/wiki\/Plik:%C5%BBywoty_%C5%9Bw._Pa%C5%84skich_na_wszystkie_dnie_roku-Inicja%C5%82-U.png\"><img decoding=\"async\" src=\"https:\/\/upload.wikimedia.org\/wikipedia\/commons\/thumb\/5\/5b\/%C5%BBywoty_%C5%9Bw._Pa%C5%84skich_na_wszystkie_dnie_roku-Inicja%C5%82-U.png\/57px-%C5%BBywoty_%C5%9Bw._Pa%C5%84skich_na_wszystkie_dnie_roku-Inicja%C5%82-U.png\" alt=\"U\"\/><\/a><\/figure>\n\n\n\n<p class=\"has-text-align-justify wp-block-paragraph\">Urodzi\u0142 si\u0119 \u015bwi\u0119ty Ignacy w r. 1491 w Hiszpanii, w Loyoli, zamku swojego ojca Bertrama, i na wielu innych dzielniczych w\u0142o\u015bciach bogatego i znakomitego rodu pana, kt\u00f3ry mia\u0142 kilku syn\u00f3w. Ignacy najm\u0142odszy, zosta\u0142 najprz\u00f3d paziem na dworze kr\u00f3la Ferdynanda, a p\u00f3\u017aniej wst\u0105pi\u0142 do wojska. Jako \u017co\u0142nierz by\u0142 powszechnie znanym ze szlachetno\u015bci, m\u0119stwa i wierno\u015bci kr\u00f3lowi i panu swemu, lubo by\u0142 przytem pop\u0119dliwym, pr\u00f3\u017cnym i ambitnym. W roku 1521 broni\u0142 bohatersko Barcellony przeciw Francuzom, p\u00f3ki postrza\u0142 nie uczyni\u0142 go niezdatnym do walki. Zwyci\u0119zcy, zbudowani jego m\u0119stwem, pu\u015bcili go na wolno\u015b\u0107 i odes\u0142ali do Loyoli, aby si\u0119 wyleczy\u0142. Przychodzi\u0142 jednak\u017ce zwolna tylko do zdrowia. Aby tedy skr\u00f3ci\u0107 sobie czas przep\u0119dzany na \u0142o\u017cu bole\u015bci, postanowi\u0142 zabi\u0107 nudy czytaniem; wszak\u017ce dwie tylko mia\u0142 ksi\u0105\u017cki do wyboru, tj. \u201e\u017bycie Chrystusa\u201c i \u201e\u017bywoty \u015awi\u0119tych Pa\u0144skich.\u201c Dzie\u0142a te nie podoba\u0142y si\u0119 paniczowi, kt\u00f3ry lubi\u0142 \u015bwiat i jego rozrywki, ale c\u00f3\u017c by\u0142o pocz\u0105\u0107? Z nud\u00f3w pocz\u0105\u0142 si\u0119 w nich rozczytywa\u0107, to porzuca\u0142 ksi\u0105\u017ck\u0119, to znowu wraca\u0142 do niej, a\u017c nareszcie bohaterstwo \u015awi\u0119tych mocno go zaj\u0119\u0142o, a zarazem pocz\u0119\u0142a go trapi\u0107 my\u015bl,\u00a0czyby nie lepiej uczyni\u0142, gdyby zamiast uganiania si\u0119 z g\u0142upcami za marn\u0105 s\u0142aw\u0105 i rozrywkami \u015bwiatowemi, d\u0105\u017cy\u0142 do niebieskich i trwalszych rozkoszy, na\u015bladuj\u0105c tych wybra\u0144c\u00f3w Boga! My\u015bl ta, tchni\u0119ta we\u0144 przez Ducha \u015bwi\u0119tego, przewa\u017cy\u0142a szal\u0119 w\u0105tpliwo\u015bci, ukl\u0119kn\u0105\u0142 wi\u0119c przed obrazem Matki Naj\u015bwi\u0119tszej i przysi\u0119g\u0105 zobowi\u0105za\u0142 si\u0119 do s\u0142u\u017cby Bo\u017cej. Zaledwie jednak\u017ce z\u0142o\u017cy\u0142 przysi\u0119g\u0119, wtedy \u2014 m\u00f3wi podanie \u2014 wstrz\u0105s\u0142 si\u0119 zamek Loyola w swych posadach, tak dalece oburzy\u0142o szatana to postanowienie.<br><\/p>\n\n\n\n<p class=\"has-text-align-justify wp-block-paragraph\">\u2009Uda\u0142 si\u0119 nast\u0119pnie Ignacy do klasztoru Benedyktyn\u00f3w w Montrewal, gdzie w\u015br\u00f3d \u0142ez pokutnych wyspowiada\u0142 si\u0119 z grzech\u00f3w ca\u0142ego \u017cycia i pozna\u0142 z gruntu wszystko, czego potrzeba kap\u0142anowi d\u0105\u017c\u0105cemu do doskona\u0142o\u015bci duchownej. Mi\u0119dzy innemi przez ca\u0142\u0105 noc odbywa\u0142 stra\u017c honorow\u0105 przed cudownym obrazem Naj\u015bwi\u0119tszej Dziewicy, \u015blubuj\u0105c wiekuist\u0105 czysto\u015b\u0107. Zawiesiwszy potem miecz obok o\u0142tarza na dow\u00f3d, \u017ce wszystko sk\u0142ada Bogu w ofierze, darowa\u0142 sw\u00f3j kosztowny mundur \u017cebrakowi i w szatach pielgrzymich uda\u0142 si\u0119 do miasteczka Manrezy, aby si\u0119 tam odda\u0107 pokucie. Poszcz\u0105c o chlebie i wodzie, spa\u0142 na twardej ziemi, modli\u0142 si\u0119 ca\u0142emi godzinami na kl\u0119czkach i piel\u0119gnowa\u0142 chorych z takiem po\u015bwi\u0119ceniem i cierpliwo\u015bci\u0105, \u017ce by\u0142 przedmiotem og\u00f3lnego podziwu i uwielbienia. Niezad\u0142ugo te\u017c rozesz\u0142a si\u0119 wie\u015b\u0107, \u017ce pokutnik jest szlachcicem znamienitego rodu. To go spowodowa\u0142o do ukrycia si\u0119 w blizko\u015bci Manrezy w ponurej jak gr\u00f3b jaskini, gdzie napisa\u0142 s\u0142yn\u0105ce na ca\u0142y \u015bwiat \u201e\u0106wiczenia Duchowne.\u201c Przeistoczony w \u201eAposto\u0142a Pa\u0144skiego\u201c, pu\u015bci\u0142 si\u0119 do Jerozolimy, aby g\u0142osi\u0107 mahometanom Ewangeli\u0119 \u015bwi\u0119t\u0105 i ponie\u015b\u0107 dla Chrystusa \u015bmier\u0107 m\u0119cze\u0144sk\u0105. Opatrzno\u015b\u0107 Bo\u017ca i przeciwne inne okoliczno\u015bci zmusi\u0142y go jednak\u017ce do powrotu i do nawracania zb\u0142\u0105kanych mi\u0119dzy chrze\u015bcijaninami owieczek na drog\u0119 cnoty i wiary. Chc\u0105c cel ten osi\u0119gn\u0105\u0107, uwa\u017ca\u0142 za niezb\u0119dnie potrzebne gruntowne wykszta\u0142cenie i \u015bwi\u0119cenia kap\u0142a\u0144skie. Lubo ju\u017c liczy\u0142 trzydzie\u015bci i trzy lat \u017cycia, zasiad\u0142 z ma\u0142ymi ch\u0142opcami w Barcellonie na \u0142awie szkolnej, a chwil wolnych od zaj\u0119\u0107 u\u017cy\u0142 na uczenie dzieci katechizmu i odbywanie z doros\u0142ymi \u0107wicze\u0144 duchownych. Chleb potrzebny do wy\u017cywienia otrzymywa\u0142 \u017cebranin\u0105, znosz\u0105c cierpliwie szyderstwa, po\u015bmiewiska i ur\u0105ganie, a wko\u0144cu nawet oskar\u017cony zosta\u0142 o kacerstwo. S\u0105d \u015bledczy trzyma\u0142 go przez sze\u015b\u0107 tygodni w wi\u0119zieniu, a lubo nic nie m\u00f3g\u0142 zarzuci\u0107 \u017cyciu, ani nauce jego, pu\u015bci\u0142 go na wolno\u015b\u0107 z zakazem odbywania wyk\u0142ad\u00f3w religijnych.<\/p>\n\n\n\n<p class=\"has-text-align-justify wp-block-paragraph\">\u2009Ignacy poszed\u0142 tedy na uniwersytet do Salamanki, przesiedzia\u0142 znowu trzy tygodnie za kar\u0119 \u017carliwo\u015bci w nawracaniu i wreszcie wypuszczony zosta\u0142 na wolno\u015b\u0107 z \u015bwiadectwem, \u017ce wytoczona mu skarga okaza\u0142a si\u0119 nies\u0142uszn\u0105 i \u017ce jest m\u0119\u017cem nieska\u017conej cnoty. \u2014 Poniewa\u017c w kraju doznawa\u0142 przeszk\u00f3d w zachodach o dobro dusz, wybra\u0142 si\u0119 do Pary\u017ca, aby doko\u0144czy\u0107 nauk. Tu zgromadzi\u0142o si\u0119 oko\u0142o niego wielu \u017c\u0105dnych zbawienia akademik\u00f3w, kt\u00f3rych by\u0142 \u017cywym przyk\u0142adem pobo\u017cno\u015bci.<\/p>\n\n\n\n<p class=\"has-text-align-justify wp-block-paragraph\">Ju\u017c od dawna nosi\u0142 si\u0119 z my\u015bl\u0105 za\u0142o\u017cenia towarzystwa, m\u0119\u017c\u00f3w, kt\u00f3rych naczelnikiem mia\u0142 by\u0107 Chrystus, sztandarem krzy\u017c, has\u0142em chwa\u0142a Bo\u017ca, a celem ratunek dusz i obrona Ko\u015bcio\u0142a \u015bwi\u0119tego. W dniu Wniebowzi\u0119cia Naj\u015bw. Maryi Panny, roku 1534, przyj\u0105\u0142 tedy w ko\u015bciele \u015bwi\u0119tego Dyonizego na Montmartre Komuni\u0119 \u015bwi\u0119t\u0105 wraz ze sze\u015bciu przyjacio\u0142mi, kt\u00f3rych nazwiska by\u0142y: Lefebre, Franciszek Ksawery, Lainer, Salmeron, Bobadilla i Rodriguoz. M\u0119\u017cowie ci z\u0142o\u017cyli \u015bluby ub\u00f3stwa i czysto\u015bci i zobowi\u0105zali si\u0119 p\u00f3j\u015b\u0107 po uko\u0144czeniu study\u00f3w teologicznych jako misyonarze do Palestyny. Gdyby si\u0119 to w przeci\u0105gu roku uczyni\u0107 nie da\u0142o, mieli si\u0119 odda\u0107 do dyspozycyi Papie\u017ca i p\u00f3j\u015b\u0107, gdzie im ka\u017ce. Takie by\u0142y pierwsze zawi\u0105zki zakonu Jezuit\u00f3w.<\/p>\n\n\n\n<p class=\"has-text-align-justify wp-block-paragraph\">Z powodu choroby musia\u0142 Ignacy wr\u00f3ci\u0107 do Hiszpanii i um\u00f3wi\u0142 si\u0119 z towarzyszami, \u017ce w styczniu roku 1537 zjedzie si\u0119 z nimi w Wenecyi. Hiszpanie przyj\u0119li go z uwielbieniem i g\u0142\u0119bokim szacunkiem; ale Ignacy nie zamieszka\u0142 w zamku swoich przodk\u00f3w, lecz w szpitalu.<br>\u2009Dnia 8 stycznia zjecha\u0142o si\u0119 wi\u0119c siedmiu przyjaci\u00f3\u0142 w Wenecyi, ale wybuch\u0142a wojna mi\u0119dzy Turcy\u0105 a Wenecy\u0105 uczyni\u0142a ich podr\u00f3\u017c do Ziemi \u015bwi\u0119tej niepodobn\u0105. St\u0105d posz\u0142o, \u017ce Ignacy z Lefebrem i Lainerem udali si\u0119 do Rzymu, a inni cz\u0142onkowie zakonu odbywali misye w g\u00f3rnych W\u0142oszech. Papie\u017c przyj\u0105\u0142 ich uprzejmie, Ignacego u\u017cy\u0142 do misyi ludowej, towarzysz\u00f3w za\u015b jego zamianowa\u0142 profesorami przy uniwersytecie.<\/p>\n\n\n\n<p class=\"has-text-align-justify wp-block-paragraph\">W nast\u0119pnym roku dokona\u0142 Ignacy dzie\u0142a za\u0142o\u017cenia zakonu, a zwo\u0142awszy cz\u0142onk\u00f3w, kt\u00f3rych liczba wynosi\u0142a dziesi\u0119ciu, przed\u0142o\u017cy\u0142 im statuta zakonne i uzyska\u0142 ich jednog\u0142o\u015bne przyj\u0119cie. Nie tak skwapliw\u0105 do potwierdzenia tych\u017ce statut\u00f3w okaza\u0142a si\u0119 komisya z\u0142o\u017cona z kilku Kardyna\u0142\u00f3w, kt\u00f3rzy ani s\u0142ucha\u0107 nie chcieli o zaprowadzeniu nowego zakonu. Zbadawszy jednak spraw\u0119 gruntownie, widzia\u0142 w niej Papie\u017c Pawe\u0142 III oczywisty palec Bo\u017cy, odgadywa\u0142 w nowopowsta\u0142ym zakonie instytucy\u0119, kt\u00f3ra Ko\u015bcio\u0142owi \u015bwi\u0119temu w walce z reformacy\u0105 niezmierne odda\u0107 mo\u017ce przys\u0142ugi i zatwierdzi\u0142 zakon Jezuicki we wrze\u015bniu 1540 roku. Jeszcze za \u017cycia za\u0142o\u017cyciela liczono przesz\u0142o 1000 cz\u0142onk\u00f3w, kt\u00f3rzy w Europie, w Azyi, w Ameryce byli czynnymi po szko\u0142ach i ko\u015bcio\u0142ach. Ignacy, kt\u00f3rego mimo oporu obrano genera\u0142em, by\u0142 dusz\u0105 wszystkiego i okazywa\u0142 nies\u0142ychan\u0105 zdatno\u015b\u0107, ogl\u0119dno\u015b\u0107 i dzielno\u015b\u0107 w \u017cyciu praktycznem. Wszyscy prefekci, rektorowie i kap\u0142ani udawali si\u0119 do niego i zasi\u0119gali rady jego. Z Rzymu, kt\u00f3ry by\u0142 jego rezydency\u0105, roztacza\u0142 sw\u0105 opiek\u0119, o wszystko si\u0119 troszczy\u0142 i umia\u0142 zjednoczy\u0107 i skierowa\u0107 wszelkie prace do jednego celu. Mnogie listy, kt\u00f3re synowie jego na kl\u0119czkach mu czytywali, rozsy\u0142a\u0142 na wsze strony \u015bwiata; pracowa\u0142 w domu i w ko\u015bciele, miewa\u0142 kazania, przytem zak\u0142ada\u0142 w Rzymie domy przytu\u0142ku dla podupad\u0142ych dziewcz\u0105t i pokutuj\u0105cych niewiast, domy sierot, ober\u017c\u0119 dla Turk\u00f3w i \u017cyd\u00f3w, chc\u0105cych si\u0119 przygotowa\u0107 do chrztu, i ufundowa\u0142 klasztor dla panien zagro\u017conych niebezpiecze\u0144stwem utraty moralno\u015bci. S\u0142owem, by\u0142 nieznu\u017conym w pracach maj\u0105cych na celu chwa\u0142\u0119 Bo\u017c\u0105. Zaklina\u0142 si\u0119 cz\u0119sto, \u017ce gdyby m\u00f3g\u0142 tysi\u0105c razy co dzie\u0144 umiera\u0107, ch\u0119tnieby tylokrotnie \u015bmier\u0107 poni\u00f3s\u0142, aby cho\u0107 jedn\u0119 jedyn\u0105 dusz\u0119 nawr\u00f3ci\u0107. Ocalanie dusz by\u0142o jedyn\u0105 jego nami\u0119tno\u015bci\u0105, umia\u0142 te\u017c trafia\u0107 do serc i przekonania ludzi, aby ich pozyskiwa\u0107 dla Nieba.<\/p>\n\n\n\n<p class=\"has-text-align-justify wp-block-paragraph\"><br>\u2009Pi\u0119tna\u015bcie lat jako genera\u0142 zakonu \u0107wiczy\u0142 gruntownie swych bojownik\u00f3w w s\u0142u\u017cbie Pa\u0144skiej. Potem zacz\u0119\u0142y go szybko opuszcza\u0107 si\u0142y, co by\u0142o oznak\u0105 blizkiego zgonu. Ze \u0142zami rado\u015bci wita\u0142 zbli\u017caj\u0105c\u0105 si\u0119 \u015bmier\u0107 i dnia 31 lipca 1556 roku odda\u0142 Bogu ducha z Imieniem Jezusa na ustach. Papie\u017c Pawe\u0142 V wyni\u00f3s\u0142 go do godno\u015bci B\u0142ogos\u0142awionych, a Grzegorz XV policzy\u0142 go w poczet \u015awi\u0119tych.<\/p>\n\n\n\n<h2 class=\"wp-block-heading\"><br><strong>Nauka moralna.<\/strong><\/h2>\n\n\n\n<p class=\"has-text-align-justify wp-block-paragraph\">\u2009\u201e\u0106wiczenia Duchowne.\u201c W dziele tem uczy \u015bw. Ignacy, jak ka\u017cdy rekrut w \u017cyciu duchownem ma si\u0119 stopniowo wspi\u0105\u0107 na najwy\u017cszy szczebel doskona\u0142o\u015bci duchownej. Tre\u015b\u0107 i osnow\u0119 tych \u0107wicze\u0144 mo\u017cna kr\u00f3tko uj\u0105\u0107 w nast\u0119puj\u0105cych bardzo trafnych s\u0142owach:<br>\u20091) Pan B\u00f3g stworzy\u0142 nas ludzi na to, aby\u015bmy Mu s\u0142u\u017cyli wed\u0142ug woli Jego.\u00a0Wzgl\u0105d ten spowodowa\u0107 nas winien do tego, aby\u015bmy Mu si\u0119 ca\u0142kowicie oddali. W tym celu potrzeba nam nasamprz\u00f3d zupe\u0142nej oboj\u0119tno\u015bci na to wszystko, co nie jest wol\u0105 Bo\u017c\u0105, a zatem na bogactwa i ub\u00f3stwo, zdrowie i chorob\u0119, zaszczyty i ha\u0144b\u0119, \u017cycie i \u015bmier\u0107. Oboj\u0119tno\u015b\u0107 ta jest g\u0142\u00f3wn\u0105 podstaw\u0105 \u015bwi\u0119tobliwo\u015bci; osi\u0119gn\u0105\u0107 j\u0105 mo\u017cna tylko przez oczyszczenie si\u0119 z wszelkiej zmazy i grzechu. Poznajmy przeto ca\u0142\u0105 szkarad\u0119 i skutki grzechu, jakiemi B\u00f3g wyst\u0119pnego karze; poznanie tej szkarady poci\u0105ga za sob\u0105 \u017cal, obrzydzenie i szczere postanowienie wystrzegania si\u0119 grzechu i pozbycia si\u0119 trzech g\u0142\u00f3wnych do niego bod\u017ac\u00f3w, tj. dumy, chciwo\u015bci i po\u017c\u0105dliwo\u015bci cia\u0142a.<br>\u20092) Wyrzek\u0142szy si\u0119 tym sposobem \u015bwiata, rozpoczynamy jako \u017co\u0142nierz s\u0142u\u017cb\u0119 w Kr\u00f3lestwie Chrystusowem. S\u0142u\u017cba ta polega na na\u015bladowaniu Jezusa w \u017cyciu, cierpieniu i umieraniu. Wst\u0119puj\u0105c na t\u0119 drog\u0119, d\u0105\u017cy\u0107 winni\u015bmy nie tylko do unikania grzechu, ale do coraz wi\u0119kszej doskona\u0142o\u015bci w cnocie i chwaleniu Boga. Potrzeba nam jednak\u017ce do tego jak najzupe\u0142niejszego wyparcia si\u0119 samego siebie, czego nam da\u0142 niedo\u015bcig\u0142y przyk\u0142ad sam Zbawiciel, Jezus Chrystus.<br>\u2009Zaparcie ono dosi\u0119ga doskona\u0142o\u015bci po trzech szczeblach pokory:<br>\u2009a) je\u017celi mamy niewzruszon\u0105 wol\u0119 znie\u015b\u0107 raczej wszystko, ani\u017celi dopu\u015bci\u0107 si\u0119 grzechu \u015bmiertelnego.<br>\u2009b) je\u017celi wolimy raczej znies\u0107 ub\u00f3stwo, ha\u0144b\u0119 i \u015bmier\u0107 sam\u0105, ani\u017celi pope\u0142ni\u0107 grzech cho\u0107by najmniejszy, cho\u0107by i powszedni.<br>\u2009c) je\u015bli maj\u0105c wolno\u015b\u0107 wyboru, z wy\u0142\u0105czeniem wszelkiego wzgl\u0119du na nagrod\u0119 lub kar\u0119, wybieramy dobrowolnie ub\u00f3stwo, ha\u0144b\u0119 i cierpienia jedynie w tym celu, aby si\u0119 sta\u0107 podobnymi Bogu. Do powzi\u0119cia tego najszczytniejszego postanowienia dodaje nam si\u0142 i odwagi rozpami\u0119tywanie M\u0119ki Pa\u0144skiej, dobrowolne podawanie si\u0119 na wzgard\u0119 dla mi\u0142o\u015bci Chrystusa, w czem zarazem le\u017cy szczyt bohaterstwa, do kt\u00f3rego wznie\u015b\u0107 si\u0119 zdo\u0142amy. Tym sposobem dochodzimy do celu, tj. zupe\u0142nego zespolenia si\u0119 z wol\u0105 Bo\u017c\u0105 i najczystszej mi\u0142o\u015bci najwy\u017cszego dobra.<br><\/p>\n\n\n\n<h2 class=\"wp-block-heading\"><strong>Modlitwa.<\/strong><\/h2>\n\n\n\n<blockquote class=\"wp-block-quote is-layout-flow wp-block-quote-is-layout-flow\"><p>\u2009Bo\u017ce! kt\u00f3ry dla wi\u0119kszego rzoszerzenia chwa\u0142y Imienia Twego, przez \u015bw. Ignacego nowem wsparciem Ko\u015bci\u00f3\u0142 wojuj\u0105cy wzmocni\u0142e\u015b, spraw mi\u0142o\u015bciwie, aby\u015bmy za jego po\u015brednictwem i przyk\u0142adem walcz\u0105c na tej ziemi, z nim\u017ce w Niebie korony dost\u0105pili. Przez Pana naszego Jezusa Chrystusa. A.<\/p><\/blockquote>\n\n\n\n<figure class=\"wp-block-table\"><table><tbody><tr><td>\u2217&nbsp;&nbsp;&nbsp;&nbsp;&nbsp;&nbsp;&nbsp;&nbsp;&nbsp;&nbsp;&nbsp;&nbsp;&nbsp;&nbsp;&nbsp;&nbsp;&nbsp;&nbsp;&nbsp;&nbsp;\u2217<br>\u2217<\/td><\/tr><\/tbody><\/table><\/figure>\n\n\n\n<p class=\"wp-block-paragraph\">\u2009<em>Opr\u00f3cz tego obchodzi Ko\u015bci\u00f3\u0142 \u015bwi\u0119ty pami\u0105tk\u0119 nast\u0119puj\u0105cych \u015awi\u0119tych Pa\u0144skich, zamieszczonych w rzymskiem martyrologium:<\/em><\/p>\n\n\n\n<p class=\"has-text-align-justify wp-block-paragraph\">\u2009<strong>Dnia 31-go lipca<\/strong>&nbsp;w Rzymie uroczysto\u015b\u0107 \u015bw.&nbsp;Ignacego, Wyznawcy, Za\u0142o\u017cyciela Towarzystwa Jezusowego, opromienionego blaskiem \u015bwi\u0119to\u015bci i cud\u00f3w. Nape\u0142niony by\u0142 nieopisan\u0105 gorliwo\u015bci\u0105 powszechnego rozpowszechniania religii katolickiej. \u2014 W Cezarei m\u0119cze\u0144stwo \u015bw.&nbsp;Fabiusza; z powodu wzbraniania si\u0119 niesienia chor\u0105gwi poga\u0144skich przed prefektem, zosta\u0142 najprz\u00f3d na dni kilka uwi\u0119ziony. P\u00f3\u017aniej przy rozprawie s\u0105dowej z\u0142o\u017cy\u0142 znowu nieustraszenie swe \u015bwiadectwo za Chrystusa, za co go teraz skazano na \u015bmier\u0107. \u2014 W Medyolanie \u015bmier\u0107 m\u0119cze\u0144ska \u015bw.&nbsp;Kallimeryusza, Biskupa, kt\u00f3rego schwytano w prze\u015bladowaniu pod Antoninem i okropnie poniewierano. Wko\u0144cu mieczem \u015bmier\u0107 mu zadano. Cia\u0142o jego wrzucono do studni. \u2014 W Synnadzie we Frygii pami\u0105tka \u015bw.&nbsp;Demokryta, Sekunda i Dyonizego. \u2014 W Syryi pami\u0105tka 350&nbsp;Mnich\u00f3w i M\u0119czennik\u00f3w, zamordowanych przez heretyk\u00f3w za obron\u0119 Soboru Chalcedo\u0144skiego. \u2014 W Rawennie zgon \u015bwi\u0119tego&nbsp;Germana, Biskupa z Auxerre, odznaczonego wysokiem pochodzeniem, gorliw\u0105 wiar\u0105, uczono\u015bci\u0105 i moc\u0105 cud\u00f3w. Uwolni\u0142 tak\u017ce Angli\u0119 ca\u0142kiem od pelagia\u0144skiego kacerstwa. \u2014 W Taga\u015bcie w Afryce uroczysto\u015b\u0107 \u015bw.&nbsp;Firmusa, Biskupa, co zdoby\u0142 sobie wielk\u0105 s\u0142aw\u0119 z powodu swej sta\u0142o\u015bci w wyznawaniu wiary. \u2014 W Sienie w Toskanii dzie\u0144 zgonu \u015bw.&nbsp;Jana Columbiniego, Za\u0142o\u017cyciela Zakonu Jezuat\u00f3w, kt\u00f3ry sw\u0105 \u015bwi\u0119to\u015bci\u0105 i moc\u0105 cud\u00f3w zdoby\u0142 sobie cze\u015b\u0107 og\u00f3ln\u0105.<\/p>\n","protected":false},"excerpt":{"rendered":"<p>Bezprecedensowa degeneracja zakonu jezuit\u00f3w w naszych czasach rzuca cie\u0144 na ich za\u0142o\u017cyciela. Czy co\u015b zrobi\u0142 \u017ale? Czy czego\u015b nie przewidzia\u0142? Znaj\u0105cy histori\u0119 Ko\u015bcio\u0142a stwierdz\u0105, \u017ce franciszkanie ca\u0142y czas si\u0119 dzielili i reformowali, co jest prawd\u0105. Ale zakon franciszka\u0144ski jako taki nigdy nie zosta\u0142 w przeciwie\u0144stwie do jezuit\u00f3w zniesiony, a ci ostatni ani si\u0119 nie dziel\u0105, ani nie reformuj\u0105, wi\u0119c nie ma \u017cadnego \u015bwi\u0119tego zaczynu. Szkoda.<\/p>\n","protected":false},"author":60508433,"featured_media":51328,"comment_status":"open","ping_status":"open","sticky":false,"template":"","format":"standard","meta":{"_bbp_topic_count":0,"_bbp_reply_count":0,"_bbp_total_topic_count":0,"_bbp_total_reply_count":0,"_bbp_voice_count":0,"_bbp_anonymous_reply_count":0,"_bbp_topic_count_hidden":0,"_bbp_reply_count_hidden":0,"_bbp_forum_subforum_count":0,"_editorskit_title_hidden":false,"_editorskit_reading_time":0,"_editorskit_is_block_options_detached":false,"_editorskit_block_options_position":"{}","_coblocks_attr":"","_coblocks_dimensions":"","_coblocks_responsive_height":"","_coblocks_accordion_ie_support":"","_exactmetrics_skip_tracking":false,"_jetpack_newsletter_access":"","_jetpack_dont_email_post_to_subs":false,"_jetpack_newsletter_tier_id":0,"_jetpack_memberships_contains_paywalled_content":false,"_wpcom_ai_launchpad_first_post":false,"_jetpack_feature_clip_id":0,"_jetpack_memberships_contains_paid_content":false,"footnotes":"","jetpack_publicize_message":"{title}\n\n{excerpt}\n\n{url}","jetpack_publicize_feature_enabled":true,"jetpack_social_post_already_shared":true,"jetpack_social_options":{"image_generator_settings":{"template":"highway","default_image_id":0,"font":"","enabled":false},"version":2},"_wpas_customize_per_network":false,"jetpack_post_was_ever_published":false},"categories":[610131822,610131184,336375535],"tags":[],"class_list":["post-95438","post","type-post","status-publish","format-standard","has-post-thumbnail","hentry","category-swieta-w-lipcu","category-duchowosc","category-liturgia-i-liturgika"],"yoast_head":"<!-- This site is optimized with the Yoast SEO plugin v28.4 - https:\/\/yoast.com\/product\/yoast-seo-wordpress\/ -->\n<title>31-go Lipca. \u017bywot \u015bwi\u0119tego Ignacego Loyoli, Zakonodawcy. - Tradycja i Wiara<\/title>\n<meta name=\"robots\" content=\"index, follow, max-snippet:-1, max-image-preview:large, max-video-preview:-1\" \/>\n<link rel=\"canonical\" href=\"https:\/\/wobronietradycjiiwiary.com\/pl\/31-go-lipca-zywot-swietego-ignacego-loyoli-zakonodawcy-2-2\/\" \/>\n<meta property=\"og:locale\" content=\"pl_PL\" \/>\n<meta property=\"og:type\" content=\"article\" \/>\n<meta property=\"og:title\" content=\"31-go Lipca. \u017bywot \u015bwi\u0119tego Ignacego Loyoli, Zakonodawcy. - Tradycja i Wiara\" \/>\n<meta property=\"og:description\" content=\"Bezprecedensowa degeneracja zakonu jezuit\u00f3w w naszych czasach rzuca cie\u0144 na ich za\u0142o\u017cyciela. Czy co\u015b zrobi\u0142 \u017ale? Czy czego\u015b nie przewidzia\u0142? Znaj\u0105cy histori\u0119 Ko\u015bcio\u0142a stwierdz\u0105, \u017ce franciszkanie ca\u0142y czas si\u0119 dzielili i reformowali, co jest prawd\u0105. Ale zakon franciszka\u0144ski jako taki nigdy nie zosta\u0142 w przeciwie\u0144stwie do jezuit\u00f3w zniesiony, a ci ostatni ani si\u0119 nie dziel\u0105, ani nie reformuj\u0105, wi\u0119c nie ma \u017cadnego \u015bwi\u0119tego zaczynu. Szkoda.\" \/>\n<meta property=\"og:url\" content=\"https:\/\/wobronietradycjiiwiary.com\/pl\/31-go-lipca-zywot-swietego-ignacego-loyoli-zakonodawcy-2-2\/\" \/>\n<meta property=\"og:site_name\" content=\"Tradycja i Wiara\" \/>\n<meta property=\"article:publisher\" content=\"https:\/\/www.facebook.com\/Tradycja-i-Wiara-108813920592249\" \/>\n<meta property=\"article:published_time\" content=\"2023-07-31T06:15:19+00:00\" \/>\n<meta property=\"article:modified_time\" content=\"2025-02-10T10:15:17+00:00\" \/>\n<meta property=\"og:image\" content=\"https:\/\/i0.wp.com\/wobronietradycjiiwiary.com\/wp-content\/uploads\/2021\/07\/Ignatius1.jpg?fit=725%2C400&ssl=1\" \/>\n\t<meta property=\"og:image:width\" content=\"725\" \/>\n\t<meta property=\"og:image:height\" content=\"400\" \/>\n\t<meta property=\"og:image:type\" content=\"image\/jpeg\" \/>\n<meta name=\"author\" content=\"Traditio et Fides\" \/>\n<meta name=\"twitter:card\" content=\"summary_large_image\" \/>\n<meta name=\"twitter:label1\" content=\"Napisane przez\" \/>\n\t<meta name=\"twitter:data1\" content=\"Traditio et Fides\" \/>\n\t<meta name=\"twitter:label2\" content=\"Szacowany czas czytania\" \/>\n\t<meta name=\"twitter:data2\" content=\"11 minut\" \/>\n<script type=\"application\/ld+json\" class=\"yoast-schema-graph\">{\"@context\":\"https:\\\/\\\/schema.org\",\"@graph\":[{\"@type\":\"Article\",\"@id\":\"https:\\\/\\\/wobronietradycjiiwiary.com\\\/31-go-lipca-zywot-swietego-ignacego-loyoli-zakonodawcy-2-2\\\/#article\",\"isPartOf\":{\"@id\":\"https:\\\/\\\/wobronietradycjiiwiary.com\\\/31-go-lipca-zywot-swietego-ignacego-loyoli-zakonodawcy-2-2\\\/\"},\"author\":{\"name\":\"Traditio et Fides\",\"@id\":\"https:\\\/\\\/wobronietradycjiiwiary.com\\\/pl\\\/#\\\/schema\\\/person\\\/2d6180ce6abcb681fef0daab7816e8f3\"},\"headline\":\"31-go Lipca. \u017bywot \u015bwi\u0119tego Ignacego Loyoli, Zakonodawcy.\",\"datePublished\":\"2023-07-31T06:15:19+00:00\",\"dateModified\":\"2025-02-10T10:15:17+00:00\",\"mainEntityOfPage\":{\"@id\":\"https:\\\/\\\/wobronietradycjiiwiary.com\\\/31-go-lipca-zywot-swietego-ignacego-loyoli-zakonodawcy-2-2\\\/\"},\"wordCount\":2187,\"commentCount\":0,\"publisher\":{\"@id\":\"https:\\\/\\\/wobronietradycjiiwiary.com\\\/pl\\\/#organization\"},\"image\":{\"@id\":\"https:\\\/\\\/wobronietradycjiiwiary.com\\\/31-go-lipca-zywot-swietego-ignacego-loyoli-zakonodawcy-2-2\\\/#primaryimage\"},\"thumbnailUrl\":\"https:\\\/\\\/wobronietradycjiiwiary.com\\\/wp-content\\\/uploads\\\/2021\\\/07\\\/Ignatius1.jpg\",\"articleSection\":[\"07. \u015awi\u0119ta w lipcu\",\"Duchowo\u015b\u0107\",\"Liturgia i liturgika\"],\"inLanguage\":\"pl-PL\",\"potentialAction\":[{\"@type\":\"CommentAction\",\"name\":\"Comment\",\"target\":[\"https:\\\/\\\/wobronietradycjiiwiary.com\\\/31-go-lipca-zywot-swietego-ignacego-loyoli-zakonodawcy-2-2\\\/#respond\"]}]},{\"@type\":\"WebPage\",\"@id\":\"https:\\\/\\\/wobronietradycjiiwiary.com\\\/31-go-lipca-zywot-swietego-ignacego-loyoli-zakonodawcy-2-2\\\/\",\"url\":\"https:\\\/\\\/wobronietradycjiiwiary.com\\\/31-go-lipca-zywot-swietego-ignacego-loyoli-zakonodawcy-2-2\\\/\",\"name\":\"31-go Lipca. \u017bywot \u015bwi\u0119tego Ignacego Loyoli, Zakonodawcy. - Tradycja i Wiara\",\"isPartOf\":{\"@id\":\"https:\\\/\\\/wobronietradycjiiwiary.com\\\/pl\\\/#website\"},\"primaryImageOfPage\":{\"@id\":\"https:\\\/\\\/wobronietradycjiiwiary.com\\\/31-go-lipca-zywot-swietego-ignacego-loyoli-zakonodawcy-2-2\\\/#primaryimage\"},\"image\":{\"@id\":\"https:\\\/\\\/wobronietradycjiiwiary.com\\\/31-go-lipca-zywot-swietego-ignacego-loyoli-zakonodawcy-2-2\\\/#primaryimage\"},\"thumbnailUrl\":\"https:\\\/\\\/wobronietradycjiiwiary.com\\\/wp-content\\\/uploads\\\/2021\\\/07\\\/Ignatius1.jpg\",\"datePublished\":\"2023-07-31T06:15:19+00:00\",\"dateModified\":\"2025-02-10T10:15:17+00:00\",\"breadcrumb\":{\"@id\":\"https:\\\/\\\/wobronietradycjiiwiary.com\\\/31-go-lipca-zywot-swietego-ignacego-loyoli-zakonodawcy-2-2\\\/#breadcrumb\"},\"inLanguage\":\"pl-PL\",\"potentialAction\":[{\"@type\":\"ReadAction\",\"target\":[\"https:\\\/\\\/wobronietradycjiiwiary.com\\\/31-go-lipca-zywot-swietego-ignacego-loyoli-zakonodawcy-2-2\\\/\"]}]},{\"@type\":\"ImageObject\",\"inLanguage\":\"pl-PL\",\"@id\":\"https:\\\/\\\/wobronietradycjiiwiary.com\\\/31-go-lipca-zywot-swietego-ignacego-loyoli-zakonodawcy-2-2\\\/#primaryimage\",\"url\":\"https:\\\/\\\/wobronietradycjiiwiary.com\\\/wp-content\\\/uploads\\\/2021\\\/07\\\/Ignatius1.jpg\",\"contentUrl\":\"https:\\\/\\\/wobronietradycjiiwiary.com\\\/wp-content\\\/uploads\\\/2021\\\/07\\\/Ignatius1.jpg\",\"width\":725,\"height\":400},{\"@type\":\"BreadcrumbList\",\"@id\":\"https:\\\/\\\/wobronietradycjiiwiary.com\\\/31-go-lipca-zywot-swietego-ignacego-loyoli-zakonodawcy-2-2\\\/#breadcrumb\",\"itemListElement\":[{\"@type\":\"ListItem\",\"position\":1,\"name\":\"Strona g\u0142\u00f3wna\",\"item\":\"https:\\\/\\\/wobronietradycjiiwiary.com\\\/\"},{\"@type\":\"ListItem\",\"position\":2,\"name\":\"31-go Lipca. \u017bywot \u015bwi\u0119tego Ignacego Loyoli, Zakonodawcy.\"}]},{\"@type\":\"WebSite\",\"@id\":\"https:\\\/\\\/wobronietradycjiiwiary.com\\\/pl\\\/#website\",\"url\":\"https:\\\/\\\/wobronietradycjiiwiary.com\\\/pl\\\/\",\"name\":\"Tradycja i Wiara\",\"description\":\"Portal dla katolik\u00f3w.\",\"publisher\":{\"@id\":\"https:\\\/\\\/wobronietradycjiiwiary.com\\\/pl\\\/#organization\"},\"potentialAction\":[{\"@type\":\"SearchAction\",\"target\":{\"@type\":\"EntryPoint\",\"urlTemplate\":\"https:\\\/\\\/wobronietradycjiiwiary.com\\\/pl\\\/?s={search_term_string}\"},\"query-input\":{\"@type\":\"PropertyValueSpecification\",\"valueRequired\":true,\"valueName\":\"search_term_string\"}}],\"inLanguage\":\"pl-PL\"},{\"@type\":\"Organization\",\"@id\":\"https:\\\/\\\/wobronietradycjiiwiary.com\\\/pl\\\/#organization\",\"name\":\"Tradycja i Wiara\",\"url\":\"https:\\\/\\\/wobronietradycjiiwiary.com\\\/pl\\\/\",\"logo\":{\"@type\":\"ImageObject\",\"inLanguage\":\"pl-PL\",\"@id\":\"https:\\\/\\\/wobronietradycjiiwiary.com\\\/pl\\\/#\\\/schema\\\/logo\\\/image\\\/\",\"url\":\"https:\\\/\\\/i0.wp.com\\\/wobronietradycjiiwiary.com\\\/wp-content\\\/uploads\\\/2015\\\/10\\\/cropped-st-peters-dome-vatican.jpg?fit=940%2C198&ssl=1\",\"contentUrl\":\"https:\\\/\\\/i0.wp.com\\\/wobronietradycjiiwiary.com\\\/wp-content\\\/uploads\\\/2015\\\/10\\\/cropped-st-peters-dome-vatican.jpg?fit=940%2C198&ssl=1\",\"width\":940,\"height\":198,\"caption\":\"Tradycja i Wiara\"},\"image\":{\"@id\":\"https:\\\/\\\/wobronietradycjiiwiary.com\\\/pl\\\/#\\\/schema\\\/logo\\\/image\\\/\"},\"sameAs\":[\"https:\\\/\\\/www.facebook.com\\\/Tradycja-i-Wiara-108813920592249\"]},{\"@type\":\"Person\",\"@id\":\"https:\\\/\\\/wobronietradycjiiwiary.com\\\/pl\\\/#\\\/schema\\\/person\\\/2d6180ce6abcb681fef0daab7816e8f3\",\"name\":\"Traditio et Fides\",\"sameAs\":[\"https:\\\/\\\/traditionundglauben.com\"],\"url\":\"https:\\\/\\\/wobronietradycjiiwiary.com\\\/pl\\\/author\\\/wobronietradycjiiwiary\\\/\"}]}<\/script>\n<!-- \/ Yoast SEO plugin. -->","yoast_head_json":{"title":"31-go Lipca. \u017bywot \u015bwi\u0119tego Ignacego Loyoli, Zakonodawcy. - Tradycja i Wiara","robots":{"index":"index","follow":"follow","max-snippet":"max-snippet:-1","max-image-preview":"max-image-preview:large","max-video-preview":"max-video-preview:-1"},"canonical":"https:\/\/wobronietradycjiiwiary.com\/pl\/31-go-lipca-zywot-swietego-ignacego-loyoli-zakonodawcy-2-2\/","og_locale":"pl_PL","og_type":"article","og_title":"31-go Lipca. \u017bywot \u015bwi\u0119tego Ignacego Loyoli, Zakonodawcy. - Tradycja i Wiara","og_description":"Bezprecedensowa degeneracja zakonu jezuit\u00f3w w naszych czasach rzuca cie\u0144 na ich za\u0142o\u017cyciela. Czy co\u015b zrobi\u0142 \u017ale? Czy czego\u015b nie przewidzia\u0142? Znaj\u0105cy histori\u0119 Ko\u015bcio\u0142a stwierdz\u0105, \u017ce franciszkanie ca\u0142y czas si\u0119 dzielili i reformowali, co jest prawd\u0105. Ale zakon franciszka\u0144ski jako taki nigdy nie zosta\u0142 w przeciwie\u0144stwie do jezuit\u00f3w zniesiony, a ci ostatni ani si\u0119 nie dziel\u0105, ani nie reformuj\u0105, wi\u0119c nie ma \u017cadnego \u015bwi\u0119tego zaczynu. Szkoda.","og_url":"https:\/\/wobronietradycjiiwiary.com\/pl\/31-go-lipca-zywot-swietego-ignacego-loyoli-zakonodawcy-2-2\/","og_site_name":"Tradycja i Wiara","article_publisher":"https:\/\/www.facebook.com\/Tradycja-i-Wiara-108813920592249","article_published_time":"2023-07-31T06:15:19+00:00","article_modified_time":"2025-02-10T10:15:17+00:00","og_image":[{"width":725,"height":400,"url":"https:\/\/i0.wp.com\/wobronietradycjiiwiary.com\/wp-content\/uploads\/2021\/07\/Ignatius1.jpg?fit=725%2C400&ssl=1","type":"image\/jpeg"}],"author":"Traditio et Fides","twitter_card":"summary_large_image","twitter_misc":{"Napisane przez":"Traditio et Fides","Szacowany czas czytania":"11 minut"},"schema":{"@context":"https:\/\/schema.org","@graph":[{"@type":"Article","@id":"https:\/\/wobronietradycjiiwiary.com\/31-go-lipca-zywot-swietego-ignacego-loyoli-zakonodawcy-2-2\/#article","isPartOf":{"@id":"https:\/\/wobronietradycjiiwiary.com\/31-go-lipca-zywot-swietego-ignacego-loyoli-zakonodawcy-2-2\/"},"author":{"name":"Traditio et Fides","@id":"https:\/\/wobronietradycjiiwiary.com\/pl\/#\/schema\/person\/2d6180ce6abcb681fef0daab7816e8f3"},"headline":"31-go Lipca. \u017bywot \u015bwi\u0119tego Ignacego Loyoli, Zakonodawcy.","datePublished":"2023-07-31T06:15:19+00:00","dateModified":"2025-02-10T10:15:17+00:00","mainEntityOfPage":{"@id":"https:\/\/wobronietradycjiiwiary.com\/31-go-lipca-zywot-swietego-ignacego-loyoli-zakonodawcy-2-2\/"},"wordCount":2187,"commentCount":0,"publisher":{"@id":"https:\/\/wobronietradycjiiwiary.com\/pl\/#organization"},"image":{"@id":"https:\/\/wobronietradycjiiwiary.com\/31-go-lipca-zywot-swietego-ignacego-loyoli-zakonodawcy-2-2\/#primaryimage"},"thumbnailUrl":"https:\/\/wobronietradycjiiwiary.com\/wp-content\/uploads\/2021\/07\/Ignatius1.jpg","articleSection":["07. \u015awi\u0119ta w lipcu","Duchowo\u015b\u0107","Liturgia i liturgika"],"inLanguage":"pl-PL","potentialAction":[{"@type":"CommentAction","name":"Comment","target":["https:\/\/wobronietradycjiiwiary.com\/31-go-lipca-zywot-swietego-ignacego-loyoli-zakonodawcy-2-2\/#respond"]}]},{"@type":"WebPage","@id":"https:\/\/wobronietradycjiiwiary.com\/31-go-lipca-zywot-swietego-ignacego-loyoli-zakonodawcy-2-2\/","url":"https:\/\/wobronietradycjiiwiary.com\/31-go-lipca-zywot-swietego-ignacego-loyoli-zakonodawcy-2-2\/","name":"31-go Lipca. \u017bywot \u015bwi\u0119tego Ignacego Loyoli, Zakonodawcy. - Tradycja i Wiara","isPartOf":{"@id":"https:\/\/wobronietradycjiiwiary.com\/pl\/#website"},"primaryImageOfPage":{"@id":"https:\/\/wobronietradycjiiwiary.com\/31-go-lipca-zywot-swietego-ignacego-loyoli-zakonodawcy-2-2\/#primaryimage"},"image":{"@id":"https:\/\/wobronietradycjiiwiary.com\/31-go-lipca-zywot-swietego-ignacego-loyoli-zakonodawcy-2-2\/#primaryimage"},"thumbnailUrl":"https:\/\/wobronietradycjiiwiary.com\/wp-content\/uploads\/2021\/07\/Ignatius1.jpg","datePublished":"2023-07-31T06:15:19+00:00","dateModified":"2025-02-10T10:15:17+00:00","breadcrumb":{"@id":"https:\/\/wobronietradycjiiwiary.com\/31-go-lipca-zywot-swietego-ignacego-loyoli-zakonodawcy-2-2\/#breadcrumb"},"inLanguage":"pl-PL","potentialAction":[{"@type":"ReadAction","target":["https:\/\/wobronietradycjiiwiary.com\/31-go-lipca-zywot-swietego-ignacego-loyoli-zakonodawcy-2-2\/"]}]},{"@type":"ImageObject","inLanguage":"pl-PL","@id":"https:\/\/wobronietradycjiiwiary.com\/31-go-lipca-zywot-swietego-ignacego-loyoli-zakonodawcy-2-2\/#primaryimage","url":"https:\/\/wobronietradycjiiwiary.com\/wp-content\/uploads\/2021\/07\/Ignatius1.jpg","contentUrl":"https:\/\/wobronietradycjiiwiary.com\/wp-content\/uploads\/2021\/07\/Ignatius1.jpg","width":725,"height":400},{"@type":"BreadcrumbList","@id":"https:\/\/wobronietradycjiiwiary.com\/31-go-lipca-zywot-swietego-ignacego-loyoli-zakonodawcy-2-2\/#breadcrumb","itemListElement":[{"@type":"ListItem","position":1,"name":"Strona g\u0142\u00f3wna","item":"https:\/\/wobronietradycjiiwiary.com\/"},{"@type":"ListItem","position":2,"name":"31-go Lipca. \u017bywot \u015bwi\u0119tego Ignacego Loyoli, Zakonodawcy."}]},{"@type":"WebSite","@id":"https:\/\/wobronietradycjiiwiary.com\/pl\/#website","url":"https:\/\/wobronietradycjiiwiary.com\/pl\/","name":"Tradycja i Wiara","description":"Portal dla katolik\u00f3w.","publisher":{"@id":"https:\/\/wobronietradycjiiwiary.com\/pl\/#organization"},"potentialAction":[{"@type":"SearchAction","target":{"@type":"EntryPoint","urlTemplate":"https:\/\/wobronietradycjiiwiary.com\/pl\/?s={search_term_string}"},"query-input":{"@type":"PropertyValueSpecification","valueRequired":true,"valueName":"search_term_string"}}],"inLanguage":"pl-PL"},{"@type":"Organization","@id":"https:\/\/wobronietradycjiiwiary.com\/pl\/#organization","name":"Tradycja i Wiara","url":"https:\/\/wobronietradycjiiwiary.com\/pl\/","logo":{"@type":"ImageObject","inLanguage":"pl-PL","@id":"https:\/\/wobronietradycjiiwiary.com\/pl\/#\/schema\/logo\/image\/","url":"https:\/\/i0.wp.com\/wobronietradycjiiwiary.com\/wp-content\/uploads\/2015\/10\/cropped-st-peters-dome-vatican.jpg?fit=940%2C198&ssl=1","contentUrl":"https:\/\/i0.wp.com\/wobronietradycjiiwiary.com\/wp-content\/uploads\/2015\/10\/cropped-st-peters-dome-vatican.jpg?fit=940%2C198&ssl=1","width":940,"height":198,"caption":"Tradycja i Wiara"},"image":{"@id":"https:\/\/wobronietradycjiiwiary.com\/pl\/#\/schema\/logo\/image\/"},"sameAs":["https:\/\/www.facebook.com\/Tradycja-i-Wiara-108813920592249"]},{"@type":"Person","@id":"https:\/\/wobronietradycjiiwiary.com\/pl\/#\/schema\/person\/2d6180ce6abcb681fef0daab7816e8f3","name":"Traditio et Fides","sameAs":["https:\/\/traditionundglauben.com"],"url":"https:\/\/wobronietradycjiiwiary.com\/pl\/author\/wobronietradycjiiwiary\/"}]}},"jetpack_publicize_connections":[],"jetpack_sharing_enabled":true,"jetpack_likes_enabled":true,"jetpack_shortlink":"https:\/\/wp.me\/pc04Sd-oPk","jetpack-related-posts":[{"id":118521,"url":"https:\/\/wobronietradycjiiwiary.com\/pl\/31-go-lipca-zywot-swietego-ignacego-loyoli-zakonodawcy-2-2-2\/","url_meta":{"origin":95438,"position":0},"title":"31-go Lipca. \u017bywot \u015bwi\u0119tego Ignacego Loyoli, Zakonodawcy.","author":"Traditio et Fides","date":"31 lipca 2025","format":false,"excerpt":"Bezprecedensowa degeneracja zakonu jezuit\u00f3w w naszych czasach rzuca cie\u0144 na ich za\u0142o\u017cyciela. Czy co\u015b zrobi\u0142 \u017ale? Czy czego\u015b nie przewidzia\u0142? Znaj\u0105cy histori\u0119 Ko\u015bcio\u0142a stwierdz\u0105, \u017ce franciszkanie ca\u0142y czas si\u0119 dzielili i reformowali, co jest prawd\u0105. Ale zakon franciszka\u0144ski jako taki nigdy nie zosta\u0142 w przeciwie\u0144stwie do jezuit\u00f3w zniesiony, a ci\u2026","rel":"","context":"W \u201e07. \u015awi\u0119ta w lipcu&quot;","block_context":{"text":"07. \u015awi\u0119ta w lipcu","link":"https:\/\/wobronietradycjiiwiary.com\/pl\/category\/duchowosc\/liturgia-i-liturgika\/rozwazania\/rok-liturgiczny\/swieta-w-lipcu\/"},"img":{"alt_text":"","src":"https:\/\/i0.wp.com\/wobronietradycjiiwiary.com\/wp-content\/uploads\/2021\/07\/Ignatius1.jpg?resize=350%2C200&ssl=1","width":350,"height":200,"srcset":"https:\/\/i0.wp.com\/wobronietradycjiiwiary.com\/wp-content\/uploads\/2021\/07\/Ignatius1.jpg?resize=350%2C200&ssl=1 1x, https:\/\/i0.wp.com\/wobronietradycjiiwiary.com\/wp-content\/uploads\/2021\/07\/Ignatius1.jpg?resize=525%2C300&ssl=1 1.5x, https:\/\/i0.wp.com\/wobronietradycjiiwiary.com\/wp-content\/uploads\/2021\/07\/Ignatius1.jpg?resize=700%2C400&ssl=1 2x"},"classes":[]},{"id":168011,"url":"https:\/\/wobronietradycjiiwiary.com\/pl\/31-go-lipca-zywot-swietego-ignacego-loyoli-zakonodawcy-2-2-2-2\/","url_meta":{"origin":95438,"position":1},"title":"31-go Lipca. \u017bywot \u015bwi\u0119tego Ignacego Loyoli, Zakonodawcy.","author":"Traditio et Fides","date":"31 lipca 2026","format":false,"excerpt":"Bezprecedensowa degeneracja zakonu jezuit\u00f3w w naszych czasach rzuca cie\u0144 na ich za\u0142o\u017cyciela. Czy co\u015b zrobi\u0142 \u017ale? Czy czego\u015b nie przewidzia\u0142? Znaj\u0105cy histori\u0119 Ko\u015bcio\u0142a stwierdz\u0105, \u017ce franciszkanie ca\u0142y czas si\u0119 dzielili i reformowali, co jest prawd\u0105. Ale zakon franciszka\u0144ski jako taki nigdy nie zosta\u0142 w przeciwie\u0144stwie do jezuit\u00f3w zniesiony, a ci\u2026","rel":"","context":"W \u201e07. \u015awi\u0119ta w lipcu&quot;","block_context":{"text":"07. \u015awi\u0119ta w lipcu","link":"https:\/\/wobronietradycjiiwiary.com\/pl\/category\/duchowosc\/liturgia-i-liturgika\/rozwazania\/rok-liturgiczny\/swieta-w-lipcu\/"},"img":{"alt_text":"","src":"https:\/\/i0.wp.com\/wobronietradycjiiwiary.com\/wp-content\/uploads\/2021\/07\/Ignatius1.jpg?resize=350%2C200&ssl=1","width":350,"height":200,"srcset":"https:\/\/i0.wp.com\/wobronietradycjiiwiary.com\/wp-content\/uploads\/2021\/07\/Ignatius1.jpg?resize=350%2C200&ssl=1 1x, https:\/\/i0.wp.com\/wobronietradycjiiwiary.com\/wp-content\/uploads\/2021\/07\/Ignatius1.jpg?resize=525%2C300&ssl=1 1.5x, https:\/\/i0.wp.com\/wobronietradycjiiwiary.com\/wp-content\/uploads\/2021\/07\/Ignatius1.jpg?resize=700%2C400&ssl=1 2x"},"classes":[]},{"id":96610,"url":"https:\/\/wobronietradycjiiwiary.com\/pl\/31-go-lipca-zywot-swietego-ignacego-loyoli-zakonodawcy-3\/","url_meta":{"origin":95438,"position":2},"title":"31-go Lipca. \u017bywot \u015bwi\u0119tego Ignacego Loyoli, Zakonodawcy.","author":"Traditio et Fides","date":"31 lipca 2024","format":false,"excerpt":"Bezprecedensowa degeneracja zakonu jezuit\u00f3w w naszych czasach rzuca cie\u0144 na ich za\u0142o\u017cyciela. Czy co\u015b zrobi\u0142 \u017ale? Czy czego\u015b nie przewidzia\u0142? Znaj\u0105cy histori\u0119 Ko\u015bcio\u0142a stwierdz\u0105, \u017ce franciszkanie ca\u0142y czas si\u0119 dzielili i reformowali, co jest prawd\u0105. Ale zakon franciszka\u0144ski jako taki nigdy nie zosta\u0142 w przeciwie\u0144stwie do jezuit\u00f3w zniesiony, a ci\u2026","rel":"","context":"W \u201e07. \u015awi\u0119ta w lipcu&quot;","block_context":{"text":"07. \u015awi\u0119ta w lipcu","link":"https:\/\/wobronietradycjiiwiary.com\/pl\/category\/duchowosc\/liturgia-i-liturgika\/rozwazania\/rok-liturgiczny\/swieta-w-lipcu\/"},"img":{"alt_text":"","src":"https:\/\/i0.wp.com\/wobronietradycjiiwiary.com\/wp-content\/uploads\/2021\/07\/Ignatius1.jpg?resize=350%2C200&ssl=1","width":350,"height":200,"srcset":"https:\/\/i0.wp.com\/wobronietradycjiiwiary.com\/wp-content\/uploads\/2021\/07\/Ignatius1.jpg?resize=350%2C200&ssl=1 1x, https:\/\/i0.wp.com\/wobronietradycjiiwiary.com\/wp-content\/uploads\/2021\/07\/Ignatius1.jpg?resize=525%2C300&ssl=1 1.5x, https:\/\/i0.wp.com\/wobronietradycjiiwiary.com\/wp-content\/uploads\/2021\/07\/Ignatius1.jpg?resize=700%2C400&ssl=1 2x"},"classes":[]},{"id":51325,"url":"https:\/\/wobronietradycjiiwiary.com\/pl\/31-go-lipca-zywot-swietego-ignacego-loyoli-zakonodawcy\/","url_meta":{"origin":95438,"position":3},"title":"31-go Lipca. \u017bywot \u015bwi\u0119tego Ignacego Loyoli, Zakonodawcy.","author":"Traditio et Fides","date":"31 lipca 2021","format":false,"excerpt":"Bezprecedensowa degeneracja zakonu jezuit\u00f3w w naszych czasach rzuca cie\u0144 na ich za\u0142o\u017cyciela. Czy co\u015b zrobi\u0142 \u017ale? Czy czego\u015b nie przewidzia\u0142? Znaj\u0105cy histori\u0119 Ko\u015bcio\u0142a stwierdz\u0105, \u017ce franciszkanie ca\u0142y czas si\u0119 dzielili i reformowali, co jest prawd\u0105. Ale zakon franciszka\u0144ski jako taki nigdy nie zosta\u0142 w przeciwie\u0144stwie do jezuit\u00f3w zniesiony, a ci\u2026","rel":"","context":"W \u201e07. \u015awi\u0119ta w lipcu&quot;","block_context":{"text":"07. \u015awi\u0119ta w lipcu","link":"https:\/\/wobronietradycjiiwiary.com\/pl\/category\/duchowosc\/liturgia-i-liturgika\/rozwazania\/rok-liturgiczny\/swieta-w-lipcu\/"},"img":{"alt_text":"","src":"https:\/\/i0.wp.com\/wobronietradycjiiwiary.com\/wp-content\/uploads\/2021\/07\/Ignatius1.jpg?resize=350%2C200&ssl=1","width":350,"height":200,"srcset":"https:\/\/i0.wp.com\/wobronietradycjiiwiary.com\/wp-content\/uploads\/2021\/07\/Ignatius1.jpg?resize=350%2C200&ssl=1 1x, https:\/\/i0.wp.com\/wobronietradycjiiwiary.com\/wp-content\/uploads\/2021\/07\/Ignatius1.jpg?resize=525%2C300&ssl=1 1.5x, https:\/\/i0.wp.com\/wobronietradycjiiwiary.com\/wp-content\/uploads\/2021\/07\/Ignatius1.jpg?resize=700%2C400&ssl=1 2x"},"classes":[]},{"id":72848,"url":"https:\/\/wobronietradycjiiwiary.com\/pl\/31-go-lipca-zywot-swietego-ignacego-loyoli-zakonodawcy-2\/","url_meta":{"origin":95438,"position":4},"title":"31-go Lipca. \u017bywot \u015bwi\u0119tego Ignacego Loyoli, Zakonodawcy.","author":"Traditio et Fides","date":"31 lipca 2022","format":false,"excerpt":"Bezprecedensowa degeneracja zakonu jezuit\u00f3w w naszych czasach rzuca cie\u0144 na ich za\u0142o\u017cyciela. Czy co\u015b zrobi\u0142 \u017ale? Czy czego\u015b nie przewidzia\u0142? Znaj\u0105cy histori\u0119 Ko\u015bcio\u0142a stwierdz\u0105, \u017ce franciszkanie ca\u0142y czas si\u0119 dzielili i reformowali, co jest prawd\u0105. Ale zakon franciszka\u0144ski jako taki nigdy nie zosta\u0142 w przeciwie\u0144stwie do jezuit\u00f3w zniesiony, a ci\u2026","rel":"","context":"W \u201e07. \u015awi\u0119ta w lipcu&quot;","block_context":{"text":"07. \u015awi\u0119ta w lipcu","link":"https:\/\/wobronietradycjiiwiary.com\/pl\/category\/duchowosc\/liturgia-i-liturgika\/rozwazania\/rok-liturgiczny\/swieta-w-lipcu\/"},"img":{"alt_text":"","src":"https:\/\/i0.wp.com\/wobronietradycjiiwiary.com\/wp-content\/uploads\/2021\/07\/Ignatius1.jpg?resize=350%2C200&ssl=1","width":350,"height":200,"srcset":"https:\/\/i0.wp.com\/wobronietradycjiiwiary.com\/wp-content\/uploads\/2021\/07\/Ignatius1.jpg?resize=350%2C200&ssl=1 1x, https:\/\/i0.wp.com\/wobronietradycjiiwiary.com\/wp-content\/uploads\/2021\/07\/Ignatius1.jpg?resize=525%2C300&ssl=1 1.5x, https:\/\/i0.wp.com\/wobronietradycjiiwiary.com\/wp-content\/uploads\/2021\/07\/Ignatius1.jpg?resize=700%2C400&ssl=1 2x"},"classes":[]},{"id":166710,"url":"https:\/\/wobronietradycjiiwiary.com\/pl\/i-chodzil-moca-onego-jadla-az-do-gory-bozej\/","url_meta":{"origin":95438,"position":5},"title":"O brewiarzu lub &#8220;I chodzi\u0142 moc\u0105 onego jad\u0142a a\u017c do g\u00f3ry Bo\u017cej&#8221;.","author":"Traditio et Fides","date":"13 czerwca 2026","format":false,"excerpt":"O tym, \u017ce brewiarz trydencki jest duchowym jad\u0142em.","rel":"","context":"W \u201eAktualno\u015bci&quot;","block_context":{"text":"Aktualno\u015bci","link":"https:\/\/wobronietradycjiiwiary.com\/pl\/category\/wiadomosci\/"},"img":{"alt_text":"","src":"https:\/\/i0.wp.com\/wobronietradycjiiwiary.com\/wp-content\/uploads\/2026\/06\/Elias-Peter_Paul_after_Rubens_-_Flemish_tapestry_Series_The_Triumph_of_the_Eucharist_The_prophet_Elias_is_comfor_-_MeisterDrucke-1317357.jpg?resize=350%2C200&ssl=1","width":350,"height":200,"srcset":"https:\/\/i0.wp.com\/wobronietradycjiiwiary.com\/wp-content\/uploads\/2026\/06\/Elias-Peter_Paul_after_Rubens_-_Flemish_tapestry_Series_The_Triumph_of_the_Eucharist_The_prophet_Elias_is_comfor_-_MeisterDrucke-1317357.jpg?resize=350%2C200&ssl=1 1x, https:\/\/i0.wp.com\/wobronietradycjiiwiary.com\/wp-content\/uploads\/2026\/06\/Elias-Peter_Paul_after_Rubens_-_Flemish_tapestry_Series_The_Triumph_of_the_Eucharist_The_prophet_Elias_is_comfor_-_MeisterDrucke-1317357.jpg?resize=525%2C300&ssl=1 1.5x, https:\/\/i0.wp.com\/wobronietradycjiiwiary.com\/wp-content\/uploads\/2026\/06\/Elias-Peter_Paul_after_Rubens_-_Flemish_tapestry_Series_The_Triumph_of_the_Eucharist_The_prophet_Elias_is_comfor_-_MeisterDrucke-1317357.jpg?resize=700%2C400&ssl=1 2x"},"classes":[]}],"amp_enabled":true,"jetpack_featured_media_url":"https:\/\/wobronietradycjiiwiary.com\/wp-content\/uploads\/2021\/07\/Ignatius1.jpg","_links":{"self":[{"href":"https:\/\/wobronietradycjiiwiary.com\/pl\/wp-json\/wp\/v2\/posts\/95438","targetHints":{"allow":["GET"]}}],"collection":[{"href":"https:\/\/wobronietradycjiiwiary.com\/pl\/wp-json\/wp\/v2\/posts"}],"about":[{"href":"https:\/\/wobronietradycjiiwiary.com\/pl\/wp-json\/wp\/v2\/types\/post"}],"author":[{"embeddable":true,"href":"https:\/\/wobronietradycjiiwiary.com\/pl\/wp-json\/wp\/v2\/users\/60508433"}],"replies":[{"embeddable":true,"href":"https:\/\/wobronietradycjiiwiary.com\/pl\/wp-json\/wp\/v2\/comments?post=95438"}],"version-history":[{"count":1,"href":"https:\/\/wobronietradycjiiwiary.com\/pl\/wp-json\/wp\/v2\/posts\/95438\/revisions"}],"predecessor-version":[{"id":95489,"href":"https:\/\/wobronietradycjiiwiary.com\/pl\/wp-json\/wp\/v2\/posts\/95438\/revisions\/95489"}],"wp:featuredmedia":[{"embeddable":true,"href":"https:\/\/wobronietradycjiiwiary.com\/pl\/wp-json\/wp\/v2\/media\/51328"}],"wp:attachment":[{"href":"https:\/\/wobronietradycjiiwiary.com\/pl\/wp-json\/wp\/v2\/media?parent=95438"}],"wp:term":[{"taxonomy":"category","embeddable":true,"href":"https:\/\/wobronietradycjiiwiary.com\/pl\/wp-json\/wp\/v2\/categories?post=95438"},{"taxonomy":"post_tag","embeddable":true,"href":"https:\/\/wobronietradycjiiwiary.com\/pl\/wp-json\/wp\/v2\/tags?post=95438"}],"curies":[{"name":"wp","href":"https:\/\/api.w.org\/{rel}","templated":true}]}}