{"id":9509,"date":"2016-07-09T08:00:56","date_gmt":"2016-07-09T06:00:56","guid":{"rendered":"https:\/\/wobronietradycjiiwiary.com\/?p=9509"},"modified":"2025-02-07T15:52:24","modified_gmt":"2025-02-07T14:52:24","slug":"don-pietro-leone-wyjasnienie-teologii-ciala-w-swietle-tradycji-katolickiej-1-teologia-ciala-doktryna-personalizmu","status":"publish","type":"post","link":"https:\/\/wobronietradycjiiwiary.com\/pl\/don-pietro-leone-wyjasnienie-teologii-ciala-w-swietle-tradycji-katolickiej-1-teologia-ciala-doktryna-personalizmu\/","title":{"rendered":"Don Pietro Leone, Wyja\u015bnienie &#8220;Teologii cia\u0142a&#8221; \u2013 w \u015bwietle Tradycji Katolickiej. (1) Teologia cia\u0142a doktryn\u0105 personalizmu."},"content":{"rendered":"<div id=\"bsf_rt_marker\"><\/div><p>Niniejszym prezentujemy zapowiedziany cykl na temat Teologii cia\u0142a Jana Paw\u0142a II pi\u00f3ra Don Pietro Leone, kt\u00f3ry po prezentacji opatrzymy w\u0142asnym&hellip;<\/p>\n<div style=\"text-align: center\">\n<p>&nbsp;<\/p>\n<\/div>\n<h2 style=\"border: 5px solid #0000A0;padding: 1em;text-align: center\"><span style=\"color: #000000\">Pe\u0142en dost\u0119p dla <span style=\"color: #00ccff\"><a style=\"color: #00ccff\" href=\"https:\/\/wobronietradycjiiwiary.com\/subskrypcje-2\/\" target=\"_blank\" rel=\"noopener\">subskrybent\u00f3w<\/a><\/span>.<\/span><br \/>\n<span style=\"color: #3366ff\"><a style=\"color: #3366ff\" href=\"https:\/\/wobronietradycjiiwiary.com\/account\/login\/\" target=\"_blank\" rel=\"noopener\"><span style=\"color: #00ccff\">Zaloguj<\/span><\/a> <\/span>si\u0119 lub przejd\u017a do <a href=\"https:\/\/wobronietradycjiiwiary.com\/register\/\"><span style=\"color: #3366ff\">Rejestracji<\/span><\/a>.<\/h2>\n<div>\n<p style=\"text-align: center\"><a href=\"https:\/\/wobronietradycjiiwiary.com\/pl\/subskrypcje-2\/cennik\/\" target=\"_blank\" rel=\"noopener\"><span style=\"color: #000080;font-size: 24pt\"><strong>Nowe ni\u017csze ceny<\/strong><\/span><\/a><\/p>\n<p style=\"text-align: center\"><strong><span style=\"font-size: 18pt;color: #000080\">P\u0142atno\u015b\u0107 kart\u0105<\/span><\/strong><\/p>\n<\/div>\n<h3 style=\"text-align: center\"><a href=\"https:\/\/wobronietradycjiiwiary.com\/pl\/subskrypcje-2\/automatyczne\/indywidualne\/\" target=\"_blank\" rel=\"noopener\"><img fetchpriority=\"high\" decoding=\"async\" class=\"alignnone size-medium wp-image-80433\" src=\"https:\/\/wobronietradycjiiwiary.com\/wp-content\/uploads\/2022\/11\/Unbenannt-1-Online-1-300x202.jpg\" alt=\"\" width=\"300\" height=\"202\" srcset=\"https:\/\/wobronietradycjiiwiary.com\/wp-content\/uploads\/2022\/11\/Unbenannt-1-Online-1-300x202.jpg 300w, https:\/\/wobronietradycjiiwiary.com\/wp-content\/uploads\/2022\/11\/Unbenannt-1-Online-1-150x101.jpg 150w, https:\/\/wobronietradycjiiwiary.com\/wp-content\/uploads\/2022\/11\/Unbenannt-1-Online-1-18x12.jpg 18w, https:\/\/wobronietradycjiiwiary.com\/wp-content\/uploads\/2022\/11\/Unbenannt-1-Online-1.jpg 446w\" sizes=\"(max-width: 300px) 100vw, 300px\" \/><\/a><\/h3>\n<p style=\"text-align: center\"><strong><span style=\"font-size: 18pt;color: #000080\">P\u0142atno\u015b\u0107 przelewem<\/span><\/strong><\/p>\n<p><a href=\"https:\/\/wobronietradycjiiwiary.com\/pl\/subskrypcje-2\/automatyczne\/indywidualne\/\" target=\"_blank\" rel=\"noopener\"><img decoding=\"async\" class=\"size-medium wp-image-80434 aligncenter\" src=\"https:\/\/wobronietradycjiiwiary.com\/wp-content\/uploads\/2022\/11\/Unbenannt-1-Przelewem-300x137.jpg\" alt=\"\" width=\"300\" height=\"137\" srcset=\"https:\/\/wobronietradycjiiwiary.com\/wp-content\/uploads\/2022\/11\/Unbenannt-1-Przelewem-300x137.jpg 300w, https:\/\/wobronietradycjiiwiary.com\/wp-content\/uploads\/2022\/11\/Unbenannt-1-Przelewem-450x206.jpg 450w, https:\/\/wobronietradycjiiwiary.com\/wp-content\/uploads\/2022\/11\/Unbenannt-1-Przelewem-600x274.jpg 600w, https:\/\/wobronietradycjiiwiary.com\/wp-content\/uploads\/2022\/11\/Unbenannt-1-Przelewem-150x69.jpg 150w, https:\/\/wobronietradycjiiwiary.com\/wp-content\/uploads\/2022\/11\/Unbenannt-1-Przelewem-18x8.jpg 18w, https:\/\/wobronietradycjiiwiary.com\/wp-content\/uploads\/2022\/11\/Unbenannt-1-Przelewem.jpg 676w\" sizes=\"(max-width: 300px) 100vw, 300px\" \/><\/a><\/p>\n<p style=\"text-align: center\"><strong><span style=\"font-size: 18pt;color: #000080\">P\u0142atno\u015b\u0107 kart\u0105 do 6 os\u00f3b<\/span><\/strong><\/p>\n<p><a href=\"https:\/\/wobronietradycjiiwiary.com\/pl\/rodzinne\/\" target=\"_blank\" rel=\"noopener\"><img decoding=\"async\" class=\"size-medium wp-image-80435 aligncenter\" src=\"https:\/\/wobronietradycjiiwiary.com\/wp-content\/uploads\/2022\/11\/Unbenannt-1-Rodzinna-300x208.jpg\" alt=\"\" width=\"300\" height=\"208\" srcset=\"https:\/\/wobronietradycjiiwiary.com\/wp-content\/uploads\/2022\/11\/Unbenannt-1-Rodzinna-300x208.jpg 300w, https:\/\/wobronietradycjiiwiary.com\/wp-content\/uploads\/2022\/11\/Unbenannt-1-Rodzinna-150x104.jpg 150w, https:\/\/wobronietradycjiiwiary.com\/wp-content\/uploads\/2022\/11\/Unbenannt-1-Rodzinna-18x12.jpg 18w, https:\/\/wobronietradycjiiwiary.com\/wp-content\/uploads\/2022\/11\/Unbenannt-1-Rodzinna.jpg 448w\" sizes=\"(max-width: 300px) 100vw, 300px\" \/><\/a><\/p>\n<h3 style=\"text-align: center\"><\/h3>\n<h1 style=\"text-align: center\"><\/h1>\n","protected":false},"excerpt":{"rendered":"<p>Niniejszym prezentujemy zapowiedziany cykl na temat Teologii cia\u0142a Jana Paw\u0142a II pi\u00f3ra Don Pietro Leone, kt\u00f3ry po prezentacji opatrzymy w\u0142asnym&hellip; &nbsp; Pe\u0142en dost\u0119p dla subskrybent\u00f3w. Zaloguj si\u0119 lub przejd\u017a do Rejestracji. Nowe ni\u017csze ceny P\u0142atno\u015b\u0107 kart\u0105 P\u0142atno\u015b\u0107 przelewem P\u0142atno\u015b\u0107 kart\u0105 do 6 os\u00f3b<\/p>\n","protected":false},"author":7533214,"featured_media":9510,"comment_status":"closed","ping_status":"closed","sticky":false,"template":"","format":"standard","meta":{"_bbp_topic_count":0,"_bbp_reply_count":0,"_bbp_total_topic_count":0,"_bbp_total_reply_count":0,"_bbp_voice_count":0,"_bbp_anonymous_reply_count":0,"_bbp_topic_count_hidden":0,"_bbp_reply_count_hidden":0,"_bbp_forum_subforum_count":0,"_editorskit_title_hidden":false,"_editorskit_reading_time":3,"_editorskit_is_block_options_detached":false,"_editorskit_block_options_position":"{}","_coblocks_attr":"","_coblocks_dimensions":"","_coblocks_responsive_height":"","_coblocks_accordion_ie_support":"","_exactmetrics_skip_tracking":false,"_jetpack_newsletter_access":"","_jetpack_dont_email_post_to_subs":false,"_jetpack_newsletter_tier_id":0,"_jetpack_memberships_contains_paywalled_content":false,"_wpcom_ai_launchpad_first_post":false,"_jetpack_feature_clip_id":0,"_jetpack_memberships_contains_paid_content":false,"footnotes":"","jetpack_publicize_message":"{title}\n\n{excerpt}\n\n{url}","jetpack_publicize_feature_enabled":true,"jetpack_social_post_already_shared":true,"jetpack_social_options":{"image_generator_settings":{"template":"highway","default_image_id":0,"font":"","enabled":false},"version":2},"_wpas_customize_per_network":false,"jetpack_post_was_ever_published":false},"categories":[610131288],"tags":[610130685,1958002,5014349,610132133,498872446],"class_list":["post-9509","post","type-post","status-publish","format-standard","has-post-thumbnail","hentry","category-leone-teologia-ciala","tag-don-pietro-leone","tag-jan-pawel-ii","tag-personalizm","tag-restricted","tag-teologia-ciala-krytyka"],"yoast_head":"<!-- This site is optimized with the Yoast SEO plugin v28.3 - https:\/\/yoast.com\/product\/yoast-seo-wordpress\/ -->\n<title>Don Pietro Leone, Wyja\u015bnienie &quot;Teologii cia\u0142a&quot; \u2013 w \u015bwietle Tradycji Katolickiej. (1) Teologia cia\u0142a doktryn\u0105 personalizmu. - Tradycja i Wiara<\/title>\n<meta name=\"robots\" content=\"index, follow, max-snippet:-1, max-image-preview:large, max-video-preview:-1\" \/>\n<link rel=\"canonical\" href=\"https:\/\/wobronietradycjiiwiary.com\/pl\/don-pietro-leone-wyjasnienie-teologii-ciala-w-swietle-tradycji-katolickiej-1-teologia-ciala-doktryna-personalizmu\/\" \/>\n<meta property=\"og:locale\" content=\"pl_PL\" \/>\n<meta property=\"og:type\" content=\"article\" \/>\n<meta property=\"og:title\" content=\"Don Pietro Leone, Wyja\u015bnienie &quot;Teologii cia\u0142a&quot; \u2013 w \u015bwietle Tradycji Katolickiej. (1) Teologia cia\u0142a doktryn\u0105 personalizmu. - Tradycja i Wiara\" \/>\n<meta property=\"og:description\" content=\"Niniejszym prezentujemy zapowiedziany cykl na temat Teologii cia\u0142a Jana Paw\u0142a II pi\u00f3ra Don Pietro Leone, kt\u00f3ry po prezentacji opatrzymy w\u0142asnym&hellip; &nbsp; Pe\u0142en dost\u0119p dla subskrybent\u00f3w. Zaloguj si\u0119 lub przejd\u017a do Rejestracji. Nowe ni\u017csze ceny P\u0142atno\u015b\u0107 kart\u0105 P\u0142atno\u015b\u0107 przelewem P\u0142atno\u015b\u0107 kart\u0105 do 6 os\u00f3b\" \/>\n<meta property=\"og:url\" content=\"https:\/\/wobronietradycjiiwiary.com\/pl\/don-pietro-leone-wyjasnienie-teologii-ciala-w-swietle-tradycji-katolickiej-1-teologia-ciala-doktryna-personalizmu\/\" \/>\n<meta property=\"og:site_name\" content=\"Tradycja i Wiara\" \/>\n<meta property=\"article:publisher\" content=\"https:\/\/www.facebook.com\/Tradycja-i-Wiara-108813920592249\" \/>\n<meta property=\"article:published_time\" content=\"2016-07-09T06:00:56+00:00\" \/>\n<meta property=\"article:modified_time\" content=\"2025-02-07T14:52:24+00:00\" \/>\n<meta property=\"og:image\" content=\"https:\/\/wobronietradycjiiwiary.com\/wp-content\/uploads\/2016\/06\/jordaens_adam_and_eve.jpg\" \/>\n\t<meta property=\"og:image:width\" content=\"1024\" \/>\n\t<meta property=\"og:image:height\" content=\"731\" \/>\n\t<meta property=\"og:image:type\" content=\"image\/jpeg\" \/>\n<meta name=\"twitter:card\" content=\"summary_large_image\" \/>\n<meta name=\"twitter:label1\" content=\"Napisane przez\" \/>\n\t<meta name=\"twitter:data1\" content=\"\" \/>\n\t<meta name=\"twitter:label2\" content=\"Szacowany czas czytania\" \/>\n\t<meta name=\"twitter:data2\" content=\"4 minuty\" \/>\n<script type=\"application\/ld+json\" class=\"yoast-schema-graph\">{\"@context\":\"https:\\\/\\\/schema.org\",\"@graph\":[{\"@type\":\"Article\",\"@id\":\"https:\\\/\\\/wobronietradycjiiwiary.com\\\/don-pietro-leone-wyjasnienie-teologii-ciala-w-swietle-tradycji-katolickiej-1-teologia-ciala-doktryna-personalizmu\\\/#article\",\"isPartOf\":{\"@id\":\"https:\\\/\\\/wobronietradycjiiwiary.com\\\/don-pietro-leone-wyjasnienie-teologii-ciala-w-swietle-tradycji-katolickiej-1-teologia-ciala-doktryna-personalizmu\\\/\"},\"author\":{\"name\":\"\",\"@id\":\"\"},\"headline\":\"Don Pietro Leone, Wyja\u015bnienie &#8220;Teologii cia\u0142a&#8221; \u2013 w \u015bwietle Tradycji Katolickiej. (1) Teologia cia\u0142a doktryn\u0105 personalizmu.\",\"datePublished\":\"2016-07-09T06:00:56+00:00\",\"dateModified\":\"2025-02-07T14:52:24+00:00\",\"mainEntityOfPage\":{\"@id\":\"https:\\\/\\\/wobronietradycjiiwiary.com\\\/don-pietro-leone-wyjasnienie-teologii-ciala-w-swietle-tradycji-katolickiej-1-teologia-ciala-doktryna-personalizmu\\\/\"},\"wordCount\":1129,\"publisher\":{\"@id\":\"https:\\\/\\\/wobronietradycjiiwiary.com\\\/pl\\\/#organization\"},\"image\":{\"@id\":\"https:\\\/\\\/wobronietradycjiiwiary.com\\\/don-pietro-leone-wyjasnienie-teologii-ciala-w-swietle-tradycji-katolickiej-1-teologia-ciala-doktryna-personalizmu\\\/#primaryimage\"},\"thumbnailUrl\":\"https:\\\/\\\/wobronietradycjiiwiary.com\\\/wp-content\\\/uploads\\\/2016\\\/06\\\/jordaens_adam_and_eve.jpg\",\"keywords\":[\"Don Pietro Leone\",\"Jan Pawe\u0142 II\",\"personalizm\",\"Restricted\",\"teologia cia\u0142a krytyka\"],\"articleSection\":[\"Krytyka Leone\"],\"inLanguage\":\"pl-PL\"},{\"@type\":\"WebPage\",\"@id\":\"https:\\\/\\\/wobronietradycjiiwiary.com\\\/don-pietro-leone-wyjasnienie-teologii-ciala-w-swietle-tradycji-katolickiej-1-teologia-ciala-doktryna-personalizmu\\\/\",\"url\":\"https:\\\/\\\/wobronietradycjiiwiary.com\\\/don-pietro-leone-wyjasnienie-teologii-ciala-w-swietle-tradycji-katolickiej-1-teologia-ciala-doktryna-personalizmu\\\/\",\"name\":\"Don Pietro Leone, Wyja\u015bnienie \\\"Teologii cia\u0142a\\\" \u2013 w \u015bwietle Tradycji Katolickiej. (1) Teologia cia\u0142a doktryn\u0105 personalizmu. - Tradycja i Wiara\",\"isPartOf\":{\"@id\":\"https:\\\/\\\/wobronietradycjiiwiary.com\\\/pl\\\/#website\"},\"primaryImageOfPage\":{\"@id\":\"https:\\\/\\\/wobronietradycjiiwiary.com\\\/don-pietro-leone-wyjasnienie-teologii-ciala-w-swietle-tradycji-katolickiej-1-teologia-ciala-doktryna-personalizmu\\\/#primaryimage\"},\"image\":{\"@id\":\"https:\\\/\\\/wobronietradycjiiwiary.com\\\/don-pietro-leone-wyjasnienie-teologii-ciala-w-swietle-tradycji-katolickiej-1-teologia-ciala-doktryna-personalizmu\\\/#primaryimage\"},\"thumbnailUrl\":\"https:\\\/\\\/wobronietradycjiiwiary.com\\\/wp-content\\\/uploads\\\/2016\\\/06\\\/jordaens_adam_and_eve.jpg\",\"datePublished\":\"2016-07-09T06:00:56+00:00\",\"dateModified\":\"2025-02-07T14:52:24+00:00\",\"breadcrumb\":{\"@id\":\"https:\\\/\\\/wobronietradycjiiwiary.com\\\/don-pietro-leone-wyjasnienie-teologii-ciala-w-swietle-tradycji-katolickiej-1-teologia-ciala-doktryna-personalizmu\\\/#breadcrumb\"},\"inLanguage\":\"pl-PL\",\"potentialAction\":[{\"@type\":\"ReadAction\",\"target\":[\"https:\\\/\\\/wobronietradycjiiwiary.com\\\/don-pietro-leone-wyjasnienie-teologii-ciala-w-swietle-tradycji-katolickiej-1-teologia-ciala-doktryna-personalizmu\\\/\"]}]},{\"@type\":\"ImageObject\",\"inLanguage\":\"pl-PL\",\"@id\":\"https:\\\/\\\/wobronietradycjiiwiary.com\\\/don-pietro-leone-wyjasnienie-teologii-ciala-w-swietle-tradycji-katolickiej-1-teologia-ciala-doktryna-personalizmu\\\/#primaryimage\",\"url\":\"https:\\\/\\\/wobronietradycjiiwiary.com\\\/wp-content\\\/uploads\\\/2016\\\/06\\\/jordaens_adam_and_eve.jpg\",\"contentUrl\":\"https:\\\/\\\/wobronietradycjiiwiary.com\\\/wp-content\\\/uploads\\\/2016\\\/06\\\/jordaens_adam_and_eve.jpg\",\"width\":1024,\"height\":731},{\"@type\":\"BreadcrumbList\",\"@id\":\"https:\\\/\\\/wobronietradycjiiwiary.com\\\/don-pietro-leone-wyjasnienie-teologii-ciala-w-swietle-tradycji-katolickiej-1-teologia-ciala-doktryna-personalizmu\\\/#breadcrumb\",\"itemListElement\":[{\"@type\":\"ListItem\",\"position\":1,\"name\":\"Strona g\u0142\u00f3wna\",\"item\":\"https:\\\/\\\/wobronietradycjiiwiary.com\\\/\"},{\"@type\":\"ListItem\",\"position\":2,\"name\":\"Don Pietro Leone, Wyja\u015bnienie &#8220;Teologii cia\u0142a&#8221; \u2013 w \u015bwietle Tradycji Katolickiej. (1) Teologia cia\u0142a doktryn\u0105 personalizmu.\"}]},{\"@type\":\"WebSite\",\"@id\":\"https:\\\/\\\/wobronietradycjiiwiary.com\\\/pl\\\/#website\",\"url\":\"https:\\\/\\\/wobronietradycjiiwiary.com\\\/pl\\\/\",\"name\":\"Tradycja i Wiara\",\"description\":\"Portal dla katolik\u00f3w.\",\"publisher\":{\"@id\":\"https:\\\/\\\/wobronietradycjiiwiary.com\\\/pl\\\/#organization\"},\"potentialAction\":[{\"@type\":\"SearchAction\",\"target\":{\"@type\":\"EntryPoint\",\"urlTemplate\":\"https:\\\/\\\/wobronietradycjiiwiary.com\\\/pl\\\/?s={search_term_string}\"},\"query-input\":{\"@type\":\"PropertyValueSpecification\",\"valueRequired\":true,\"valueName\":\"search_term_string\"}}],\"inLanguage\":\"pl-PL\"},{\"@type\":\"Organization\",\"@id\":\"https:\\\/\\\/wobronietradycjiiwiary.com\\\/pl\\\/#organization\",\"name\":\"Tradycja i Wiara\",\"url\":\"https:\\\/\\\/wobronietradycjiiwiary.com\\\/pl\\\/\",\"logo\":{\"@type\":\"ImageObject\",\"inLanguage\":\"pl-PL\",\"@id\":\"https:\\\/\\\/wobronietradycjiiwiary.com\\\/pl\\\/#\\\/schema\\\/logo\\\/image\\\/\",\"url\":\"https:\\\/\\\/i0.wp.com\\\/wobronietradycjiiwiary.com\\\/wp-content\\\/uploads\\\/2015\\\/10\\\/cropped-st-peters-dome-vatican.jpg?fit=940%2C198&ssl=1\",\"contentUrl\":\"https:\\\/\\\/i0.wp.com\\\/wobronietradycjiiwiary.com\\\/wp-content\\\/uploads\\\/2015\\\/10\\\/cropped-st-peters-dome-vatican.jpg?fit=940%2C198&ssl=1\",\"width\":940,\"height\":198,\"caption\":\"Tradycja i Wiara\"},\"image\":{\"@id\":\"https:\\\/\\\/wobronietradycjiiwiary.com\\\/pl\\\/#\\\/schema\\\/logo\\\/image\\\/\"},\"sameAs\":[\"https:\\\/\\\/www.facebook.com\\\/Tradycja-i-Wiara-108813920592249\"]},{\"@type\":\"Person\",\"@id\":\"\",\"url\":\"https:\\\/\\\/wobronietradycjiiwiary.com\\\/pl\\\/author\\\/\"}]}<\/script>\n<!-- \/ Yoast SEO plugin. -->","yoast_head_json":{"title":"Don Pietro Leone, Wyja\u015bnienie \"Teologii cia\u0142a\" \u2013 w \u015bwietle Tradycji Katolickiej. (1) Teologia cia\u0142a doktryn\u0105 personalizmu. - Tradycja i Wiara","robots":{"index":"index","follow":"follow","max-snippet":"max-snippet:-1","max-image-preview":"max-image-preview:large","max-video-preview":"max-video-preview:-1"},"canonical":"https:\/\/wobronietradycjiiwiary.com\/pl\/don-pietro-leone-wyjasnienie-teologii-ciala-w-swietle-tradycji-katolickiej-1-teologia-ciala-doktryna-personalizmu\/","og_locale":"pl_PL","og_type":"article","og_title":"Don Pietro Leone, Wyja\u015bnienie \"Teologii cia\u0142a\" \u2013 w \u015bwietle Tradycji Katolickiej. (1) Teologia cia\u0142a doktryn\u0105 personalizmu. - Tradycja i Wiara","og_description":"Niniejszym prezentujemy zapowiedziany cykl na temat Teologii cia\u0142a Jana Paw\u0142a II pi\u00f3ra Don Pietro Leone, kt\u00f3ry po prezentacji opatrzymy w\u0142asnym&hellip; &nbsp; Pe\u0142en dost\u0119p dla subskrybent\u00f3w. Zaloguj si\u0119 lub przejd\u017a do Rejestracji. Nowe ni\u017csze ceny P\u0142atno\u015b\u0107 kart\u0105 P\u0142atno\u015b\u0107 przelewem P\u0142atno\u015b\u0107 kart\u0105 do 6 os\u00f3b","og_url":"https:\/\/wobronietradycjiiwiary.com\/pl\/don-pietro-leone-wyjasnienie-teologii-ciala-w-swietle-tradycji-katolickiej-1-teologia-ciala-doktryna-personalizmu\/","og_site_name":"Tradycja i Wiara","article_publisher":"https:\/\/www.facebook.com\/Tradycja-i-Wiara-108813920592249","article_published_time":"2016-07-09T06:00:56+00:00","article_modified_time":"2025-02-07T14:52:24+00:00","og_image":[{"width":1024,"height":731,"url":"https:\/\/wobronietradycjiiwiary.com\/wp-content\/uploads\/2016\/06\/jordaens_adam_and_eve.jpg","type":"image\/jpeg"}],"twitter_card":"summary_large_image","twitter_misc":{"Napisane przez":"","Szacowany czas czytania":"4 minuty"},"schema":{"@context":"https:\/\/schema.org","@graph":[{"@type":"Article","@id":"https:\/\/wobronietradycjiiwiary.com\/don-pietro-leone-wyjasnienie-teologii-ciala-w-swietle-tradycji-katolickiej-1-teologia-ciala-doktryna-personalizmu\/#article","isPartOf":{"@id":"https:\/\/wobronietradycjiiwiary.com\/don-pietro-leone-wyjasnienie-teologii-ciala-w-swietle-tradycji-katolickiej-1-teologia-ciala-doktryna-personalizmu\/"},"author":{"name":"","@id":""},"headline":"Don Pietro Leone, Wyja\u015bnienie &#8220;Teologii cia\u0142a&#8221; \u2013 w \u015bwietle Tradycji Katolickiej. (1) Teologia cia\u0142a doktryn\u0105 personalizmu.","datePublished":"2016-07-09T06:00:56+00:00","dateModified":"2025-02-07T14:52:24+00:00","mainEntityOfPage":{"@id":"https:\/\/wobronietradycjiiwiary.com\/don-pietro-leone-wyjasnienie-teologii-ciala-w-swietle-tradycji-katolickiej-1-teologia-ciala-doktryna-personalizmu\/"},"wordCount":1129,"publisher":{"@id":"https:\/\/wobronietradycjiiwiary.com\/pl\/#organization"},"image":{"@id":"https:\/\/wobronietradycjiiwiary.com\/don-pietro-leone-wyjasnienie-teologii-ciala-w-swietle-tradycji-katolickiej-1-teologia-ciala-doktryna-personalizmu\/#primaryimage"},"thumbnailUrl":"https:\/\/wobronietradycjiiwiary.com\/wp-content\/uploads\/2016\/06\/jordaens_adam_and_eve.jpg","keywords":["Don Pietro Leone","Jan Pawe\u0142 II","personalizm","Restricted","teologia cia\u0142a krytyka"],"articleSection":["Krytyka Leone"],"inLanguage":"pl-PL"},{"@type":"WebPage","@id":"https:\/\/wobronietradycjiiwiary.com\/don-pietro-leone-wyjasnienie-teologii-ciala-w-swietle-tradycji-katolickiej-1-teologia-ciala-doktryna-personalizmu\/","url":"https:\/\/wobronietradycjiiwiary.com\/don-pietro-leone-wyjasnienie-teologii-ciala-w-swietle-tradycji-katolickiej-1-teologia-ciala-doktryna-personalizmu\/","name":"Don Pietro Leone, Wyja\u015bnienie \"Teologii cia\u0142a\" \u2013 w \u015bwietle Tradycji Katolickiej. (1) Teologia cia\u0142a doktryn\u0105 personalizmu. - Tradycja i Wiara","isPartOf":{"@id":"https:\/\/wobronietradycjiiwiary.com\/pl\/#website"},"primaryImageOfPage":{"@id":"https:\/\/wobronietradycjiiwiary.com\/don-pietro-leone-wyjasnienie-teologii-ciala-w-swietle-tradycji-katolickiej-1-teologia-ciala-doktryna-personalizmu\/#primaryimage"},"image":{"@id":"https:\/\/wobronietradycjiiwiary.com\/don-pietro-leone-wyjasnienie-teologii-ciala-w-swietle-tradycji-katolickiej-1-teologia-ciala-doktryna-personalizmu\/#primaryimage"},"thumbnailUrl":"https:\/\/wobronietradycjiiwiary.com\/wp-content\/uploads\/2016\/06\/jordaens_adam_and_eve.jpg","datePublished":"2016-07-09T06:00:56+00:00","dateModified":"2025-02-07T14:52:24+00:00","breadcrumb":{"@id":"https:\/\/wobronietradycjiiwiary.com\/don-pietro-leone-wyjasnienie-teologii-ciala-w-swietle-tradycji-katolickiej-1-teologia-ciala-doktryna-personalizmu\/#breadcrumb"},"inLanguage":"pl-PL","potentialAction":[{"@type":"ReadAction","target":["https:\/\/wobronietradycjiiwiary.com\/don-pietro-leone-wyjasnienie-teologii-ciala-w-swietle-tradycji-katolickiej-1-teologia-ciala-doktryna-personalizmu\/"]}]},{"@type":"ImageObject","inLanguage":"pl-PL","@id":"https:\/\/wobronietradycjiiwiary.com\/don-pietro-leone-wyjasnienie-teologii-ciala-w-swietle-tradycji-katolickiej-1-teologia-ciala-doktryna-personalizmu\/#primaryimage","url":"https:\/\/wobronietradycjiiwiary.com\/wp-content\/uploads\/2016\/06\/jordaens_adam_and_eve.jpg","contentUrl":"https:\/\/wobronietradycjiiwiary.com\/wp-content\/uploads\/2016\/06\/jordaens_adam_and_eve.jpg","width":1024,"height":731},{"@type":"BreadcrumbList","@id":"https:\/\/wobronietradycjiiwiary.com\/don-pietro-leone-wyjasnienie-teologii-ciala-w-swietle-tradycji-katolickiej-1-teologia-ciala-doktryna-personalizmu\/#breadcrumb","itemListElement":[{"@type":"ListItem","position":1,"name":"Strona g\u0142\u00f3wna","item":"https:\/\/wobronietradycjiiwiary.com\/"},{"@type":"ListItem","position":2,"name":"Don Pietro Leone, Wyja\u015bnienie &#8220;Teologii cia\u0142a&#8221; \u2013 w \u015bwietle Tradycji Katolickiej. (1) Teologia cia\u0142a doktryn\u0105 personalizmu."}]},{"@type":"WebSite","@id":"https:\/\/wobronietradycjiiwiary.com\/pl\/#website","url":"https:\/\/wobronietradycjiiwiary.com\/pl\/","name":"Tradycja i Wiara","description":"Portal dla katolik\u00f3w.","publisher":{"@id":"https:\/\/wobronietradycjiiwiary.com\/pl\/#organization"},"potentialAction":[{"@type":"SearchAction","target":{"@type":"EntryPoint","urlTemplate":"https:\/\/wobronietradycjiiwiary.com\/pl\/?s={search_term_string}"},"query-input":{"@type":"PropertyValueSpecification","valueRequired":true,"valueName":"search_term_string"}}],"inLanguage":"pl-PL"},{"@type":"Organization","@id":"https:\/\/wobronietradycjiiwiary.com\/pl\/#organization","name":"Tradycja i Wiara","url":"https:\/\/wobronietradycjiiwiary.com\/pl\/","logo":{"@type":"ImageObject","inLanguage":"pl-PL","@id":"https:\/\/wobronietradycjiiwiary.com\/pl\/#\/schema\/logo\/image\/","url":"https:\/\/i0.wp.com\/wobronietradycjiiwiary.com\/wp-content\/uploads\/2015\/10\/cropped-st-peters-dome-vatican.jpg?fit=940%2C198&ssl=1","contentUrl":"https:\/\/i0.wp.com\/wobronietradycjiiwiary.com\/wp-content\/uploads\/2015\/10\/cropped-st-peters-dome-vatican.jpg?fit=940%2C198&ssl=1","width":940,"height":198,"caption":"Tradycja i Wiara"},"image":{"@id":"https:\/\/wobronietradycjiiwiary.com\/pl\/#\/schema\/logo\/image\/"},"sameAs":["https:\/\/www.facebook.com\/Tradycja-i-Wiara-108813920592249"]},{"@type":"Person","@id":"","url":"https:\/\/wobronietradycjiiwiary.com\/pl\/author\/"}]}},"jetpack_publicize_connections":[],"jetpack_sharing_enabled":true,"jetpack_likes_enabled":true,"jetpack_shortlink":"https:\/\/wp.me\/pc04Sd-2tn","jetpack-related-posts":[{"id":9515,"url":"https:\/\/wobronietradycjiiwiary.com\/pl\/don-pietro-leone-wyjasnienie-teologii-ciala-w-swietle-tradycji-katolickiej-3-oblubiencze-znaczenie-ciala\/","url_meta":{"origin":9509,"position":0},"title":"Don Pietro Leone, Wyja\u015bnienie &#8220;Teologii cia\u0142a&#8221; \u2013 w \u015bwietle Tradycji Katolickiej.  (3) Oblubie\u0144cze znaczenie cia\u0142a.","author":"","date":"18 lipca 2016","format":false,"excerpt":"II. Mi\u0142o\u015b\u0107 ma\u0142\u017ce\u0144ska rozpatrywana sama w sobie 3. Oblubie\u0144cze znaczenie cia\u0142a Wed\u0142ug Teologii cia\u0142a, oblubie\u0144czy sens cia\u0142a to \u201ezdolno\u015b\u0107 cia\u0142a do wyra\u017cania mi\u0142o\u015bci [fizycznej]: dok\u0142adnie tej mi\u0142o\u015bci, przez kt\u00f3r\u0105 osoba staje si\u0119 darem ...\u201d\u00a0 (Przem\u00f3wienie papieskie z 16.01.1980, West str.29). Innymi s\u0142owy oblubie\u0144cze znaczenie cia\u0142a polega na tym, \u017ce wyra\u017ca\u2026","rel":"","context":"W \u201eKrytyka Leone&quot;","block_context":{"text":"Krytyka Leone","link":"https:\/\/wobronietradycjiiwiary.com\/pl\/category\/polemika\/kosciol-posoborowy\/papieze\/jan-pawel-ii-krytyka\/teologia-ciala\/leone-teologia-ciala\/"},"img":{"alt_text":"","src":"https:\/\/i0.wp.com\/wobronietradycjiiwiary.com\/wp-content\/uploads\/2016\/06\/jordaens_adam_and_eve.jpg?resize=350%2C200&ssl=1","width":350,"height":200,"srcset":"https:\/\/i0.wp.com\/wobronietradycjiiwiary.com\/wp-content\/uploads\/2016\/06\/jordaens_adam_and_eve.jpg?resize=350%2C200&ssl=1 1x, https:\/\/i0.wp.com\/wobronietradycjiiwiary.com\/wp-content\/uploads\/2016\/06\/jordaens_adam_and_eve.jpg?resize=525%2C300&ssl=1 1.5x, https:\/\/i0.wp.com\/wobronietradycjiiwiary.com\/wp-content\/uploads\/2016\/06\/jordaens_adam_and_eve.jpg?resize=700%2C400&ssl=1 2x"},"classes":[]},{"id":9517,"url":"https:\/\/wobronietradycjiiwiary.com\/pl\/don-pietro-leone-wyjasnienie-teologii-ciala-w-swietle-tradycji-katolickiej-4-powolanie-do-malzenstwa-lub-celibatu\/","url_meta":{"origin":9509,"position":1},"title":"Don Pietro Leone, Wyja\u015bnienie &#8220;Teologii cia\u0142a&#8221; \u2013 w \u015bwietle Tradycji Katolickiej.  (4) Powo\u0142anie do ma\u0142\u017ce\u0144stwa lub celibatu.","author":"","date":"4 sierpnia 2016","format":false,"excerpt":"\u00a0II. Mi\u0142o\u015b\u0107 ma\u0142\u017ce\u0144ska rozpatrywana sama w sobie 4. Powo\u0142anie do ma\u0142\u017ce\u0144stwa lub dziewictwa\/celibatu W Familiaris consortio 11 (West str.65) Papie\u017c pisze: \"Objawienie chrze\u015bcija\u0144skie uznaje dwa konkretne sposoby realizacji powo\u0142ania osoby ludzkiej, jako takiej, do mi\u0142o\u015bci: Ma\u0142\u017ce\u0144stwo i dziewictwo lub celibat\". Papie\u017c zn\u00f3w ma na uwadze mi\u0142o\u015b\u0107 ca\u0142kowicie oddaj\u0105c\u0105 sam\u0105 siebie,\u2026","rel":"","context":"W \u201eKrytyka Leone&quot;","block_context":{"text":"Krytyka Leone","link":"https:\/\/wobronietradycjiiwiary.com\/pl\/category\/polemika\/kosciol-posoborowy\/papieze\/jan-pawel-ii-krytyka\/teologia-ciala\/leone-teologia-ciala\/"},"img":{"alt_text":"","src":"https:\/\/i0.wp.com\/wobronietradycjiiwiary.com\/wp-content\/uploads\/2016\/06\/jordaens_adam_and_eve.jpg?resize=350%2C200&ssl=1","width":350,"height":200,"srcset":"https:\/\/i0.wp.com\/wobronietradycjiiwiary.com\/wp-content\/uploads\/2016\/06\/jordaens_adam_and_eve.jpg?resize=350%2C200&ssl=1 1x, https:\/\/i0.wp.com\/wobronietradycjiiwiary.com\/wp-content\/uploads\/2016\/06\/jordaens_adam_and_eve.jpg?resize=525%2C300&ssl=1 1.5x, https:\/\/i0.wp.com\/wobronietradycjiiwiary.com\/wp-content\/uploads\/2016\/06\/jordaens_adam_and_eve.jpg?resize=700%2C400&ssl=1 2x"},"classes":[]},{"id":9434,"url":"https:\/\/wobronietradycjiiwiary.com\/pl\/teologia-ciala-jana-pawla-ii-prekursorem-amoris-laetitia-wstep-do-krytyki\/","url_meta":{"origin":9509,"position":2},"title":"\u201eTeologia cia\u0142a\u201d Jana Paw\u0142a II \u2013 prekursorem Amoris laetitia. Wst\u0119p do krytyki.","author":"Traditio et Fides","date":"27 maja 2016","format":false,"excerpt":"Po solidnym rozwa\u017ceniu sprawy postanowili\u015bmy w nast\u0119pnych dniach opublikowa\u0107 artyku\u0142 z Rorate Caeli pi\u00f3ra Don Pietro Leone, czyli ksi\u0119dza Pietro Leone, pt. \"Theology of the Body\" explained - a Traditional Catholic view - Teologia cia\u0142a. Wyja\u015bnienia z punktu widzenia katolicyzmu tradycyjnego w j\u0119zyku oryginalnym. Niestety redakcja na samo t\u0142umaczenie czasu\u2026","rel":"","context":"W \u201eAmoris Laetitia&quot;","block_context":{"text":"Amoris Laetitia","link":"https:\/\/wobronietradycjiiwiary.com\/pl\/category\/polemika\/kosciol-posoborowy\/papieze\/papiez-franciszek\/amoris-laetitia\/"},"img":{"alt_text":"","src":"https:\/\/i0.wp.com\/wobronietradycjiiwiary.com\/wp-content\/uploads\/2016\/05\/expulsion.jpg?resize=350%2C200&ssl=1","width":350,"height":200,"srcset":"https:\/\/i0.wp.com\/wobronietradycjiiwiary.com\/wp-content\/uploads\/2016\/05\/expulsion.jpg?resize=350%2C200&ssl=1 1x, https:\/\/i0.wp.com\/wobronietradycjiiwiary.com\/wp-content\/uploads\/2016\/05\/expulsion.jpg?resize=525%2C300&ssl=1 1.5x"},"classes":[]},{"id":9513,"url":"https:\/\/wobronietradycjiiwiary.com\/pl\/don-pietro-leone-wyjasnienie-teologii-ciala-w-swietle-tradycji-katolickiej-2-milosc-oddajaca-sama-siebie-i-odkupienie-ciala\/","url_meta":{"origin":9509,"position":3},"title":"Don Pietro Leone, Wyja\u015bnienie &#8220;Teologii cia\u0142a&#8221; \u2013 w \u015bwietle Tradycji Katolickiej. (2) Mi\u0142o\u015b\u0107 oddaj\u0105ca sam\u0105 siebie i odkupienie cia\u0142a.","author":"","date":"15 lipca 2016","format":false,"excerpt":"II. Mi\u0142o\u015b\u0107 ma\u0142\u017ce\u0144ska rozpatrywana sama w sobie 1. Mi\u0142o\u015b\u0107 ca\u0142kowicie oddaj\u0105ca sam\u0105 siebie Ot\u00f3\u017c fundamentem Teologii cia\u0142a jest twierdzenie, \u017ce akt mi\u0142o\u015bci ma\u0142\u017ce\u0144skiej polega na \"ca\u0142kowitym wzajemnym oddaniu si\u0119 m\u0119\u017ca i \u017cony\" (Familiaris consortio 32, cytowany w Nowy Katechizmie 2370). Je\u015bli to twierdzenie jest fa\u0142szywe, to ca\u0142y fundament Teologii Cia\u0142a\u2026","rel":"","context":"W \u201eKrytyka Leone&quot;","block_context":{"text":"Krytyka Leone","link":"https:\/\/wobronietradycjiiwiary.com\/pl\/category\/polemika\/kosciol-posoborowy\/papieze\/jan-pawel-ii-krytyka\/teologia-ciala\/leone-teologia-ciala\/"},"img":{"alt_text":"","src":"https:\/\/i0.wp.com\/wobronietradycjiiwiary.com\/wp-content\/uploads\/2016\/06\/jordaens_adam_and_eve.jpg?resize=350%2C200&ssl=1","width":350,"height":200,"srcset":"https:\/\/i0.wp.com\/wobronietradycjiiwiary.com\/wp-content\/uploads\/2016\/06\/jordaens_adam_and_eve.jpg?resize=350%2C200&ssl=1 1x, https:\/\/i0.wp.com\/wobronietradycjiiwiary.com\/wp-content\/uploads\/2016\/06\/jordaens_adam_and_eve.jpg?resize=525%2C300&ssl=1 1.5x, https:\/\/i0.wp.com\/wobronietradycjiiwiary.com\/wp-content\/uploads\/2016\/06\/jordaens_adam_and_eve.jpg?resize=700%2C400&ssl=1 2x"},"classes":[]},{"id":9521,"url":"https:\/\/wobronietradycjiiwiary.com\/pl\/don-pietro-leone-wyjasnienie-teologii-ciala-w-swietle-tradycji-katolickiej-6-milosc-malzenska-w-odniesieniu-do-chrystusa-i-kosciola\/","url_meta":{"origin":9509,"position":4},"title":"Don Pietro Leone, Wyja\u015bnienie &#8220;Teologii cia\u0142a&#8221; \u2013 w \u015bwietle Tradycji Katolickiej.  (6) Mi\u0142o\u015b\u0107 ma\u0142\u017ce\u0144ska w odniesieniu do Chrystusa i Ko\u015bcio\u0142a.","author":"","date":"5 wrze\u015bnia 2016","format":false,"excerpt":"III. Mi\u0142o\u015b\u0107 ma\u0142\u017ce\u0144ska rozpatrywana w stosunku do Boga B. Mi\u0142o\u015b\u0107 ma\u0142\u017ce\u0144ska w odniesieniu do Chrystusa i Jego Ko\u015bcio\u0142a Papie\u017c por\u00f3wnuje zwi\u0105zek mi\u0119dzy Chrystusem i Jego Ko\u015bcio\u0142em z jednej strony i mi\u0142o\u015b\u0107 ma\u0142\u017ce\u0144sk\u0105, z drugiej strony u\u017cywaj\u0105c na wiele r\u00f3\u017cnych sposob\u00f3w. 1. Wzajemna uleg\u0142o\u015b\u0107 ma\u0142\u017conk\u00f3w W swoim komentarzu do Listu do\u2026","rel":"","context":"W \u201eKrytyka Leone&quot;","block_context":{"text":"Krytyka Leone","link":"https:\/\/wobronietradycjiiwiary.com\/pl\/category\/polemika\/kosciol-posoborowy\/papieze\/jan-pawel-ii-krytyka\/teologia-ciala\/leone-teologia-ciala\/"},"img":{"alt_text":"","src":"https:\/\/i0.wp.com\/wobronietradycjiiwiary.com\/wp-content\/uploads\/2016\/06\/jordaens_adam_and_eve.jpg?resize=350%2C200&ssl=1","width":350,"height":200,"srcset":"https:\/\/i0.wp.com\/wobronietradycjiiwiary.com\/wp-content\/uploads\/2016\/06\/jordaens_adam_and_eve.jpg?resize=350%2C200&ssl=1 1x, https:\/\/i0.wp.com\/wobronietradycjiiwiary.com\/wp-content\/uploads\/2016\/06\/jordaens_adam_and_eve.jpg?resize=525%2C300&ssl=1 1.5x, https:\/\/i0.wp.com\/wobronietradycjiiwiary.com\/wp-content\/uploads\/2016\/06\/jordaens_adam_and_eve.jpg?resize=700%2C400&ssl=1 2x"},"classes":[]},{"id":9519,"url":"https:\/\/wobronietradycjiiwiary.com\/pl\/don-pietro-leone-wyjasnienie-teologii-ciala-w-swietle-tradycji-katolickiej-5-milosc-malzenska-w-odniesieniu-do-trojcy-swietej\/","url_meta":{"origin":9509,"position":5},"title":"Don Pietro Leone, Wyja\u015bnienie &#8220;Teologii cia\u0142a&#8221; \u2013 w \u015bwietle Tradycji Katolickiej.  (5) Mi\u0142o\u015b\u0107 ma\u0142\u017ce\u0144ska w odniesieniu do Tr\u00f3jcy \u015awi\u0119tej.","author":"","date":"19 sierpnia 2016","format":false,"excerpt":"III. Mi\u0142o\u015b\u0107 ma\u0142\u017ce\u0144ska rozpatrywana w stosunku do Boga Papie\u017c Jan Pawe\u0142 II odnosi akt [seksualnej] mi\u0142o\u015bci ma\u0142\u017ce\u0144skiej do Boga i czyni to na dwa sposoby: po pierwsze odnosi ten akt do mi\u0142o\u015b\u0107 Boga do Samego Siebie wewn\u0105trz Tr\u00f3jcy Przenaj\u015bwi\u0119tszej, a po drugie odnosi ten akt do mi\u0142o\u015bci Chrystusa do Ko\u015bcio\u0142a.\u2026","rel":"","context":"W \u201eKrytyka Leone&quot;","block_context":{"text":"Krytyka Leone","link":"https:\/\/wobronietradycjiiwiary.com\/pl\/category\/polemika\/kosciol-posoborowy\/papieze\/jan-pawel-ii-krytyka\/teologia-ciala\/leone-teologia-ciala\/"},"img":{"alt_text":"","src":"https:\/\/i0.wp.com\/wobronietradycjiiwiary.com\/wp-content\/uploads\/2016\/06\/jordaens_adam_and_eve.jpg?resize=350%2C200&ssl=1","width":350,"height":200,"srcset":"https:\/\/i0.wp.com\/wobronietradycjiiwiary.com\/wp-content\/uploads\/2016\/06\/jordaens_adam_and_eve.jpg?resize=350%2C200&ssl=1 1x, https:\/\/i0.wp.com\/wobronietradycjiiwiary.com\/wp-content\/uploads\/2016\/06\/jordaens_adam_and_eve.jpg?resize=525%2C300&ssl=1 1.5x, https:\/\/i0.wp.com\/wobronietradycjiiwiary.com\/wp-content\/uploads\/2016\/06\/jordaens_adam_and_eve.jpg?resize=700%2C400&ssl=1 2x"},"classes":[]}],"amp_enabled":true,"jetpack_featured_media_url":"https:\/\/wobronietradycjiiwiary.com\/wp-content\/uploads\/2016\/06\/jordaens_adam_and_eve.jpg","_links":{"self":[{"href":"https:\/\/wobronietradycjiiwiary.com\/pl\/wp-json\/wp\/v2\/posts\/9509","targetHints":{"allow":["GET"]}}],"collection":[{"href":"https:\/\/wobronietradycjiiwiary.com\/pl\/wp-json\/wp\/v2\/posts"}],"about":[{"href":"https:\/\/wobronietradycjiiwiary.com\/pl\/wp-json\/wp\/v2\/types\/post"}],"author":[{"embeddable":true,"href":"https:\/\/wobronietradycjiiwiary.com\/pl\/wp-json\/wp\/v2\/users\/7533214"}],"replies":[{"embeddable":true,"href":"https:\/\/wobronietradycjiiwiary.com\/pl\/wp-json\/wp\/v2\/comments?post=9509"}],"version-history":[{"count":1,"href":"https:\/\/wobronietradycjiiwiary.com\/pl\/wp-json\/wp\/v2\/posts\/9509\/revisions"}],"predecessor-version":[{"id":82642,"href":"https:\/\/wobronietradycjiiwiary.com\/pl\/wp-json\/wp\/v2\/posts\/9509\/revisions\/82642"}],"wp:featuredmedia":[{"embeddable":true,"href":"https:\/\/wobronietradycjiiwiary.com\/pl\/wp-json\/wp\/v2\/media\/9510"}],"wp:attachment":[{"href":"https:\/\/wobronietradycjiiwiary.com\/pl\/wp-json\/wp\/v2\/media?parent=9509"}],"wp:term":[{"taxonomy":"category","embeddable":true,"href":"https:\/\/wobronietradycjiiwiary.com\/pl\/wp-json\/wp\/v2\/categories?post=9509"},{"taxonomy":"post_tag","embeddable":true,"href":"https:\/\/wobronietradycjiiwiary.com\/pl\/wp-json\/wp\/v2\/tags?post=9509"}],"curies":[{"name":"wp","href":"https:\/\/api.w.org\/{rel}","templated":true}]}}