{"id":9434,"date":"2016-05-27T11:48:20","date_gmt":"2016-05-27T09:48:20","guid":{"rendered":"https:\/\/wobronietradycjiiwiary.com\/?p=9434"},"modified":"2025-02-07T15:52:24","modified_gmt":"2025-02-07T14:52:24","slug":"teologia-ciala-jana-pawla-ii-prekursorem-amoris-laetitia-wstep-do-krytyki","status":"publish","type":"post","link":"https:\/\/wobronietradycjiiwiary.com\/pl\/teologia-ciala-jana-pawla-ii-prekursorem-amoris-laetitia-wstep-do-krytyki\/","title":{"rendered":"\u201eTeologia cia\u0142a\u201d Jana Paw\u0142a II \u2013 prekursorem Amoris laetitia. Wst\u0119p do krytyki."},"content":{"rendered":"<div id=\"bsf_rt_marker\"><\/div><p>Po solidnym rozwa\u017ceniu sprawy postanowili\u015bmy w nast\u0119pnych dniach opublikowa\u0107 artyku\u0142 z Rorate Caeli pi\u00f3ra Don Pietro Leone, czyli ksi\u0119dza Pietro&hellip;<\/p>\n<div style=\"text-align: center\">\n<p>&nbsp;<\/p>\n<\/div>\n<h2 style=\"border: 5px solid #0000A0;padding: 1em;text-align: center\"><span style=\"color: #000000\">Pe\u0142en dost\u0119p dla <span style=\"color: #00ccff\"><a style=\"color: #00ccff\" href=\"https:\/\/wobronietradycjiiwiary.com\/subskrypcje-2\/\" target=\"_blank\" rel=\"noopener\">subskrybent\u00f3w<\/a><\/span>.<\/span><br \/>\n<span style=\"color: #3366ff\"><a style=\"color: #3366ff\" href=\"https:\/\/wobronietradycjiiwiary.com\/account\/login\/\" target=\"_blank\" rel=\"noopener\"><span style=\"color: #00ccff\">Zaloguj<\/span><\/a> <\/span>si\u0119 lub przejd\u017a do <a href=\"https:\/\/wobronietradycjiiwiary.com\/register\/\"><span style=\"color: #3366ff\">Rejestracji<\/span><\/a>.<\/h2>\n<div>\n<p style=\"text-align: center\"><a href=\"https:\/\/wobronietradycjiiwiary.com\/pl\/subskrypcje-2\/cennik\/\" target=\"_blank\" rel=\"noopener\"><span style=\"color: #000080;font-size: 24pt\"><strong>Nowe ni\u017csze ceny<\/strong><\/span><\/a><\/p>\n<p style=\"text-align: center\"><strong><span style=\"font-size: 18pt;color: #000080\">P\u0142atno\u015b\u0107 kart\u0105<\/span><\/strong><\/p>\n<\/div>\n<h3 style=\"text-align: center\"><a href=\"https:\/\/wobronietradycjiiwiary.com\/pl\/subskrypcje-2\/automatyczne\/indywidualne\/\" target=\"_blank\" rel=\"noopener\"><img fetchpriority=\"high\" decoding=\"async\" class=\"alignnone size-medium wp-image-80433\" src=\"https:\/\/wobronietradycjiiwiary.com\/wp-content\/uploads\/2022\/11\/Unbenannt-1-Online-1-300x202.jpg\" alt=\"\" width=\"300\" height=\"202\" srcset=\"https:\/\/wobronietradycjiiwiary.com\/wp-content\/uploads\/2022\/11\/Unbenannt-1-Online-1-300x202.jpg 300w, https:\/\/wobronietradycjiiwiary.com\/wp-content\/uploads\/2022\/11\/Unbenannt-1-Online-1-150x101.jpg 150w, https:\/\/wobronietradycjiiwiary.com\/wp-content\/uploads\/2022\/11\/Unbenannt-1-Online-1-18x12.jpg 18w, https:\/\/wobronietradycjiiwiary.com\/wp-content\/uploads\/2022\/11\/Unbenannt-1-Online-1.jpg 446w\" sizes=\"(max-width: 300px) 100vw, 300px\" \/><\/a><\/h3>\n<p style=\"text-align: center\"><strong><span style=\"font-size: 18pt;color: #000080\">P\u0142atno\u015b\u0107 przelewem<\/span><\/strong><\/p>\n<p><a href=\"https:\/\/wobronietradycjiiwiary.com\/pl\/subskrypcje-2\/automatyczne\/indywidualne\/\" target=\"_blank\" rel=\"noopener\"><img decoding=\"async\" class=\"size-medium wp-image-80434 aligncenter\" src=\"https:\/\/wobronietradycjiiwiary.com\/wp-content\/uploads\/2022\/11\/Unbenannt-1-Przelewem-300x137.jpg\" alt=\"\" width=\"300\" height=\"137\" srcset=\"https:\/\/wobronietradycjiiwiary.com\/wp-content\/uploads\/2022\/11\/Unbenannt-1-Przelewem-300x137.jpg 300w, https:\/\/wobronietradycjiiwiary.com\/wp-content\/uploads\/2022\/11\/Unbenannt-1-Przelewem-450x206.jpg 450w, https:\/\/wobronietradycjiiwiary.com\/wp-content\/uploads\/2022\/11\/Unbenannt-1-Przelewem-600x274.jpg 600w, https:\/\/wobronietradycjiiwiary.com\/wp-content\/uploads\/2022\/11\/Unbenannt-1-Przelewem-150x69.jpg 150w, https:\/\/wobronietradycjiiwiary.com\/wp-content\/uploads\/2022\/11\/Unbenannt-1-Przelewem-18x8.jpg 18w, https:\/\/wobronietradycjiiwiary.com\/wp-content\/uploads\/2022\/11\/Unbenannt-1-Przelewem.jpg 676w\" sizes=\"(max-width: 300px) 100vw, 300px\" \/><\/a><\/p>\n<p style=\"text-align: center\"><strong><span style=\"font-size: 18pt;color: #000080\">P\u0142atno\u015b\u0107 kart\u0105 do 6 os\u00f3b<\/span><\/strong><\/p>\n<p><a href=\"https:\/\/wobronietradycjiiwiary.com\/pl\/rodzinne\/\" target=\"_blank\" rel=\"noopener\"><img decoding=\"async\" class=\"size-medium wp-image-80435 aligncenter\" src=\"https:\/\/wobronietradycjiiwiary.com\/wp-content\/uploads\/2022\/11\/Unbenannt-1-Rodzinna-300x208.jpg\" alt=\"\" width=\"300\" height=\"208\" srcset=\"https:\/\/wobronietradycjiiwiary.com\/wp-content\/uploads\/2022\/11\/Unbenannt-1-Rodzinna-300x208.jpg 300w, https:\/\/wobronietradycjiiwiary.com\/wp-content\/uploads\/2022\/11\/Unbenannt-1-Rodzinna-150x104.jpg 150w, https:\/\/wobronietradycjiiwiary.com\/wp-content\/uploads\/2022\/11\/Unbenannt-1-Rodzinna-18x12.jpg 18w, https:\/\/wobronietradycjiiwiary.com\/wp-content\/uploads\/2022\/11\/Unbenannt-1-Rodzinna.jpg 448w\" sizes=\"(max-width: 300px) 100vw, 300px\" \/><\/a><\/p>\n<h3 style=\"text-align: center\"><\/h3>\n<h1 style=\"text-align: center\"><\/h1>\n","protected":false},"excerpt":{"rendered":"<p>Po solidnym rozwa\u017ceniu sprawy postanowili\u015bmy w nast\u0119pnych dniach opublikowa\u0107 artyku\u0142 z Rorate Caeli pi\u00f3ra Don Pietro Leone, czyli ksi\u0119dza Pietro&hellip; &nbsp; Pe\u0142en dost\u0119p dla subskrybent\u00f3w. Zaloguj si\u0119 lub przejd\u017a do Rejestracji. Nowe ni\u017csze ceny P\u0142atno\u015b\u0107 kart\u0105 P\u0142atno\u015b\u0107 przelewem P\u0142atno\u015b\u0107 kart\u0105 do 6 os\u00f3b<\/p>\n","protected":false},"author":60508433,"featured_media":9435,"comment_status":"closed","ping_status":"closed","sticky":false,"template":"","format":"standard","meta":{"_bbp_topic_count":0,"_bbp_reply_count":0,"_bbp_total_topic_count":0,"_bbp_total_reply_count":0,"_bbp_voice_count":0,"_bbp_anonymous_reply_count":0,"_bbp_topic_count_hidden":0,"_bbp_reply_count_hidden":0,"_bbp_forum_subforum_count":0,"_editorskit_title_hidden":false,"_editorskit_reading_time":0,"_editorskit_is_block_options_detached":false,"_editorskit_block_options_position":"{}","_coblocks_attr":"","_coblocks_dimensions":"","_coblocks_responsive_height":"","_coblocks_accordion_ie_support":"","_exactmetrics_skip_tracking":false,"_jetpack_newsletter_access":"","_jetpack_dont_email_post_to_subs":false,"_jetpack_newsletter_tier_id":0,"_jetpack_memberships_contains_paywalled_content":false,"_wpcom_ai_launchpad_first_post":false,"_jetpack_feature_clip_id":0,"_jetpack_memberships_contains_paid_content":false,"footnotes":"","jetpack_publicize_message":"{title}\n\n{excerpt}\n\n{url}","jetpack_publicize_feature_enabled":true,"jetpack_social_post_already_shared":true,"jetpack_social_options":{"image_generator_settings":{"template":"highway","default_image_id":0,"font":"","enabled":false},"version":2},"_wpas_customize_per_network":false,"jetpack_post_was_ever_published":false},"categories":[610132217,610133555,527378731],"tags":[610130700,610130685,1958002,610132133,498872446],"class_list":["post-9434","post","type-post","status-publish","format-standard","has-post-thumbnail","hentry","category-amoris-laetitia","category-teologia-ciala-krytyka-wlasna","category-krytyka-wlasna","tag-amoris-laetitia","tag-don-pietro-leone","tag-jan-pawel-ii","tag-restricted","tag-teologia-ciala-krytyka"],"yoast_head":"<!-- This site is optimized with the Yoast SEO plugin v28.3 - https:\/\/yoast.com\/product\/yoast-seo-wordpress\/ -->\n<title>\u201eTeologia cia\u0142a\u201d Jana Paw\u0142a II \u2013 prekursorem Amoris laetitia. Wst\u0119p do krytyki. - Tradycja i Wiara<\/title>\n<meta name=\"robots\" content=\"index, follow, max-snippet:-1, max-image-preview:large, max-video-preview:-1\" \/>\n<link rel=\"canonical\" href=\"https:\/\/wobronietradycjiiwiary.com\/pl\/teologia-ciala-jana-pawla-ii-prekursorem-amoris-laetitia-wstep-do-krytyki\/\" \/>\n<meta property=\"og:locale\" content=\"pl_PL\" \/>\n<meta property=\"og:type\" content=\"article\" \/>\n<meta property=\"og:title\" content=\"\u201eTeologia cia\u0142a\u201d Jana Paw\u0142a II \u2013 prekursorem Amoris laetitia. Wst\u0119p do krytyki. - Tradycja i Wiara\" \/>\n<meta property=\"og:description\" content=\"Po solidnym rozwa\u017ceniu sprawy postanowili\u015bmy w nast\u0119pnych dniach opublikowa\u0107 artyku\u0142 z Rorate Caeli pi\u00f3ra Don Pietro Leone, czyli ksi\u0119dza Pietro&hellip; &nbsp; Pe\u0142en dost\u0119p dla subskrybent\u00f3w. Zaloguj si\u0119 lub przejd\u017a do Rejestracji. Nowe ni\u017csze ceny P\u0142atno\u015b\u0107 kart\u0105 P\u0142atno\u015b\u0107 przelewem P\u0142atno\u015b\u0107 kart\u0105 do 6 os\u00f3b\" \/>\n<meta property=\"og:url\" content=\"https:\/\/wobronietradycjiiwiary.com\/pl\/teologia-ciala-jana-pawla-ii-prekursorem-amoris-laetitia-wstep-do-krytyki\/\" \/>\n<meta property=\"og:site_name\" content=\"Tradycja i Wiara\" \/>\n<meta property=\"article:publisher\" content=\"https:\/\/www.facebook.com\/Tradycja-i-Wiara-108813920592249\" \/>\n<meta property=\"article:published_time\" content=\"2016-05-27T09:48:20+00:00\" \/>\n<meta property=\"article:modified_time\" content=\"2025-02-07T14:52:24+00:00\" \/>\n<meta property=\"og:image\" content=\"https:\/\/wobronietradycjiiwiary.com\/wp-content\/uploads\/2016\/05\/expulsion.jpg\" \/>\n\t<meta property=\"og:image:width\" content=\"600\" \/>\n\t<meta property=\"og:image:height\" content=\"500\" \/>\n\t<meta property=\"og:image:type\" content=\"image\/jpeg\" \/>\n<meta name=\"author\" content=\"Traditio et Fides\" \/>\n<meta name=\"twitter:card\" content=\"summary_large_image\" \/>\n<meta name=\"twitter:label1\" content=\"Napisane przez\" \/>\n\t<meta name=\"twitter:data1\" content=\"Traditio et Fides\" \/>\n\t<meta name=\"twitter:label2\" content=\"Szacowany czas czytania\" \/>\n\t<meta name=\"twitter:data2\" content=\"7 minut\" \/>\n<script type=\"application\/ld+json\" class=\"yoast-schema-graph\">{\"@context\":\"https:\\\/\\\/schema.org\",\"@graph\":[{\"@type\":\"Article\",\"@id\":\"https:\\\/\\\/wobronietradycjiiwiary.com\\\/teologia-ciala-jana-pawla-ii-prekursorem-amoris-laetitia-wstep-do-krytyki\\\/#article\",\"isPartOf\":{\"@id\":\"https:\\\/\\\/wobronietradycjiiwiary.com\\\/teologia-ciala-jana-pawla-ii-prekursorem-amoris-laetitia-wstep-do-krytyki\\\/\"},\"author\":{\"name\":\"Traditio et Fides\",\"@id\":\"https:\\\/\\\/wobronietradycjiiwiary.com\\\/pl\\\/#\\\/schema\\\/person\\\/2d6180ce6abcb681fef0daab7816e8f3\"},\"headline\":\"\u201eTeologia cia\u0142a\u201d Jana Paw\u0142a II \u2013 prekursorem Amoris laetitia. Wst\u0119p do krytyki.\",\"datePublished\":\"2016-05-27T09:48:20+00:00\",\"dateModified\":\"2025-02-07T14:52:24+00:00\",\"mainEntityOfPage\":{\"@id\":\"https:\\\/\\\/wobronietradycjiiwiary.com\\\/teologia-ciala-jana-pawla-ii-prekursorem-amoris-laetitia-wstep-do-krytyki\\\/\"},\"wordCount\":1767,\"publisher\":{\"@id\":\"https:\\\/\\\/wobronietradycjiiwiary.com\\\/pl\\\/#organization\"},\"image\":{\"@id\":\"https:\\\/\\\/wobronietradycjiiwiary.com\\\/teologia-ciala-jana-pawla-ii-prekursorem-amoris-laetitia-wstep-do-krytyki\\\/#primaryimage\"},\"thumbnailUrl\":\"https:\\\/\\\/wobronietradycjiiwiary.com\\\/wp-content\\\/uploads\\\/2016\\\/05\\\/expulsion.jpg\",\"keywords\":[\"Amoris laetitia\",\"Don Pietro Leone\",\"Jan Pawe\u0142 II\",\"Restricted\",\"teologia cia\u0142a krytyka\"],\"articleSection\":[\"Amoris Laetitia\",\"Krytyka w\u0142asna\",\"Krytyka w\u0142asna\"],\"inLanguage\":\"pl-PL\"},{\"@type\":\"WebPage\",\"@id\":\"https:\\\/\\\/wobronietradycjiiwiary.com\\\/teologia-ciala-jana-pawla-ii-prekursorem-amoris-laetitia-wstep-do-krytyki\\\/\",\"url\":\"https:\\\/\\\/wobronietradycjiiwiary.com\\\/teologia-ciala-jana-pawla-ii-prekursorem-amoris-laetitia-wstep-do-krytyki\\\/\",\"name\":\"\u201eTeologia cia\u0142a\u201d Jana Paw\u0142a II \u2013 prekursorem Amoris laetitia. Wst\u0119p do krytyki. - Tradycja i Wiara\",\"isPartOf\":{\"@id\":\"https:\\\/\\\/wobronietradycjiiwiary.com\\\/pl\\\/#website\"},\"primaryImageOfPage\":{\"@id\":\"https:\\\/\\\/wobronietradycjiiwiary.com\\\/teologia-ciala-jana-pawla-ii-prekursorem-amoris-laetitia-wstep-do-krytyki\\\/#primaryimage\"},\"image\":{\"@id\":\"https:\\\/\\\/wobronietradycjiiwiary.com\\\/teologia-ciala-jana-pawla-ii-prekursorem-amoris-laetitia-wstep-do-krytyki\\\/#primaryimage\"},\"thumbnailUrl\":\"https:\\\/\\\/wobronietradycjiiwiary.com\\\/wp-content\\\/uploads\\\/2016\\\/05\\\/expulsion.jpg\",\"datePublished\":\"2016-05-27T09:48:20+00:00\",\"dateModified\":\"2025-02-07T14:52:24+00:00\",\"breadcrumb\":{\"@id\":\"https:\\\/\\\/wobronietradycjiiwiary.com\\\/teologia-ciala-jana-pawla-ii-prekursorem-amoris-laetitia-wstep-do-krytyki\\\/#breadcrumb\"},\"inLanguage\":\"pl-PL\",\"potentialAction\":[{\"@type\":\"ReadAction\",\"target\":[\"https:\\\/\\\/wobronietradycjiiwiary.com\\\/teologia-ciala-jana-pawla-ii-prekursorem-amoris-laetitia-wstep-do-krytyki\\\/\"]}]},{\"@type\":\"ImageObject\",\"inLanguage\":\"pl-PL\",\"@id\":\"https:\\\/\\\/wobronietradycjiiwiary.com\\\/teologia-ciala-jana-pawla-ii-prekursorem-amoris-laetitia-wstep-do-krytyki\\\/#primaryimage\",\"url\":\"https:\\\/\\\/wobronietradycjiiwiary.com\\\/wp-content\\\/uploads\\\/2016\\\/05\\\/expulsion.jpg\",\"contentUrl\":\"https:\\\/\\\/wobronietradycjiiwiary.com\\\/wp-content\\\/uploads\\\/2016\\\/05\\\/expulsion.jpg\",\"width\":600,\"height\":500},{\"@type\":\"BreadcrumbList\",\"@id\":\"https:\\\/\\\/wobronietradycjiiwiary.com\\\/teologia-ciala-jana-pawla-ii-prekursorem-amoris-laetitia-wstep-do-krytyki\\\/#breadcrumb\",\"itemListElement\":[{\"@type\":\"ListItem\",\"position\":1,\"name\":\"Strona g\u0142\u00f3wna\",\"item\":\"https:\\\/\\\/wobronietradycjiiwiary.com\\\/\"},{\"@type\":\"ListItem\",\"position\":2,\"name\":\"\u201eTeologia cia\u0142a\u201d Jana Paw\u0142a II \u2013 prekursorem Amoris laetitia. Wst\u0119p do krytyki.\"}]},{\"@type\":\"WebSite\",\"@id\":\"https:\\\/\\\/wobronietradycjiiwiary.com\\\/pl\\\/#website\",\"url\":\"https:\\\/\\\/wobronietradycjiiwiary.com\\\/pl\\\/\",\"name\":\"Tradycja i Wiara\",\"description\":\"Portal dla katolik\u00f3w.\",\"publisher\":{\"@id\":\"https:\\\/\\\/wobronietradycjiiwiary.com\\\/pl\\\/#organization\"},\"potentialAction\":[{\"@type\":\"SearchAction\",\"target\":{\"@type\":\"EntryPoint\",\"urlTemplate\":\"https:\\\/\\\/wobronietradycjiiwiary.com\\\/pl\\\/?s={search_term_string}\"},\"query-input\":{\"@type\":\"PropertyValueSpecification\",\"valueRequired\":true,\"valueName\":\"search_term_string\"}}],\"inLanguage\":\"pl-PL\"},{\"@type\":\"Organization\",\"@id\":\"https:\\\/\\\/wobronietradycjiiwiary.com\\\/pl\\\/#organization\",\"name\":\"Tradycja i Wiara\",\"url\":\"https:\\\/\\\/wobronietradycjiiwiary.com\\\/pl\\\/\",\"logo\":{\"@type\":\"ImageObject\",\"inLanguage\":\"pl-PL\",\"@id\":\"https:\\\/\\\/wobronietradycjiiwiary.com\\\/pl\\\/#\\\/schema\\\/logo\\\/image\\\/\",\"url\":\"https:\\\/\\\/i0.wp.com\\\/wobronietradycjiiwiary.com\\\/wp-content\\\/uploads\\\/2015\\\/10\\\/cropped-st-peters-dome-vatican.jpg?fit=940%2C198&ssl=1\",\"contentUrl\":\"https:\\\/\\\/i0.wp.com\\\/wobronietradycjiiwiary.com\\\/wp-content\\\/uploads\\\/2015\\\/10\\\/cropped-st-peters-dome-vatican.jpg?fit=940%2C198&ssl=1\",\"width\":940,\"height\":198,\"caption\":\"Tradycja i Wiara\"},\"image\":{\"@id\":\"https:\\\/\\\/wobronietradycjiiwiary.com\\\/pl\\\/#\\\/schema\\\/logo\\\/image\\\/\"},\"sameAs\":[\"https:\\\/\\\/www.facebook.com\\\/Tradycja-i-Wiara-108813920592249\"]},{\"@type\":\"Person\",\"@id\":\"https:\\\/\\\/wobronietradycjiiwiary.com\\\/pl\\\/#\\\/schema\\\/person\\\/2d6180ce6abcb681fef0daab7816e8f3\",\"name\":\"Traditio et Fides\",\"sameAs\":[\"https:\\\/\\\/traditionundglauben.com\"],\"url\":\"https:\\\/\\\/wobronietradycjiiwiary.com\\\/pl\\\/author\\\/wobronietradycjiiwiary\\\/\"}]}<\/script>\n<!-- \/ Yoast SEO plugin. -->","yoast_head_json":{"title":"\u201eTeologia cia\u0142a\u201d Jana Paw\u0142a II \u2013 prekursorem Amoris laetitia. Wst\u0119p do krytyki. - Tradycja i Wiara","robots":{"index":"index","follow":"follow","max-snippet":"max-snippet:-1","max-image-preview":"max-image-preview:large","max-video-preview":"max-video-preview:-1"},"canonical":"https:\/\/wobronietradycjiiwiary.com\/pl\/teologia-ciala-jana-pawla-ii-prekursorem-amoris-laetitia-wstep-do-krytyki\/","og_locale":"pl_PL","og_type":"article","og_title":"\u201eTeologia cia\u0142a\u201d Jana Paw\u0142a II \u2013 prekursorem Amoris laetitia. Wst\u0119p do krytyki. - Tradycja i Wiara","og_description":"Po solidnym rozwa\u017ceniu sprawy postanowili\u015bmy w nast\u0119pnych dniach opublikowa\u0107 artyku\u0142 z Rorate Caeli pi\u00f3ra Don Pietro Leone, czyli ksi\u0119dza Pietro&hellip; &nbsp; Pe\u0142en dost\u0119p dla subskrybent\u00f3w. Zaloguj si\u0119 lub przejd\u017a do Rejestracji. Nowe ni\u017csze ceny P\u0142atno\u015b\u0107 kart\u0105 P\u0142atno\u015b\u0107 przelewem P\u0142atno\u015b\u0107 kart\u0105 do 6 os\u00f3b","og_url":"https:\/\/wobronietradycjiiwiary.com\/pl\/teologia-ciala-jana-pawla-ii-prekursorem-amoris-laetitia-wstep-do-krytyki\/","og_site_name":"Tradycja i Wiara","article_publisher":"https:\/\/www.facebook.com\/Tradycja-i-Wiara-108813920592249","article_published_time":"2016-05-27T09:48:20+00:00","article_modified_time":"2025-02-07T14:52:24+00:00","og_image":[{"width":600,"height":500,"url":"https:\/\/wobronietradycjiiwiary.com\/wp-content\/uploads\/2016\/05\/expulsion.jpg","type":"image\/jpeg"}],"author":"Traditio et Fides","twitter_card":"summary_large_image","twitter_misc":{"Napisane przez":"Traditio et Fides","Szacowany czas czytania":"7 minut"},"schema":{"@context":"https:\/\/schema.org","@graph":[{"@type":"Article","@id":"https:\/\/wobronietradycjiiwiary.com\/teologia-ciala-jana-pawla-ii-prekursorem-amoris-laetitia-wstep-do-krytyki\/#article","isPartOf":{"@id":"https:\/\/wobronietradycjiiwiary.com\/teologia-ciala-jana-pawla-ii-prekursorem-amoris-laetitia-wstep-do-krytyki\/"},"author":{"name":"Traditio et Fides","@id":"https:\/\/wobronietradycjiiwiary.com\/pl\/#\/schema\/person\/2d6180ce6abcb681fef0daab7816e8f3"},"headline":"\u201eTeologia cia\u0142a\u201d Jana Paw\u0142a II \u2013 prekursorem Amoris laetitia. Wst\u0119p do krytyki.","datePublished":"2016-05-27T09:48:20+00:00","dateModified":"2025-02-07T14:52:24+00:00","mainEntityOfPage":{"@id":"https:\/\/wobronietradycjiiwiary.com\/teologia-ciala-jana-pawla-ii-prekursorem-amoris-laetitia-wstep-do-krytyki\/"},"wordCount":1767,"publisher":{"@id":"https:\/\/wobronietradycjiiwiary.com\/pl\/#organization"},"image":{"@id":"https:\/\/wobronietradycjiiwiary.com\/teologia-ciala-jana-pawla-ii-prekursorem-amoris-laetitia-wstep-do-krytyki\/#primaryimage"},"thumbnailUrl":"https:\/\/wobronietradycjiiwiary.com\/wp-content\/uploads\/2016\/05\/expulsion.jpg","keywords":["Amoris laetitia","Don Pietro Leone","Jan Pawe\u0142 II","Restricted","teologia cia\u0142a krytyka"],"articleSection":["Amoris Laetitia","Krytyka w\u0142asna","Krytyka w\u0142asna"],"inLanguage":"pl-PL"},{"@type":"WebPage","@id":"https:\/\/wobronietradycjiiwiary.com\/teologia-ciala-jana-pawla-ii-prekursorem-amoris-laetitia-wstep-do-krytyki\/","url":"https:\/\/wobronietradycjiiwiary.com\/teologia-ciala-jana-pawla-ii-prekursorem-amoris-laetitia-wstep-do-krytyki\/","name":"\u201eTeologia cia\u0142a\u201d Jana Paw\u0142a II \u2013 prekursorem Amoris laetitia. Wst\u0119p do krytyki. - Tradycja i Wiara","isPartOf":{"@id":"https:\/\/wobronietradycjiiwiary.com\/pl\/#website"},"primaryImageOfPage":{"@id":"https:\/\/wobronietradycjiiwiary.com\/teologia-ciala-jana-pawla-ii-prekursorem-amoris-laetitia-wstep-do-krytyki\/#primaryimage"},"image":{"@id":"https:\/\/wobronietradycjiiwiary.com\/teologia-ciala-jana-pawla-ii-prekursorem-amoris-laetitia-wstep-do-krytyki\/#primaryimage"},"thumbnailUrl":"https:\/\/wobronietradycjiiwiary.com\/wp-content\/uploads\/2016\/05\/expulsion.jpg","datePublished":"2016-05-27T09:48:20+00:00","dateModified":"2025-02-07T14:52:24+00:00","breadcrumb":{"@id":"https:\/\/wobronietradycjiiwiary.com\/teologia-ciala-jana-pawla-ii-prekursorem-amoris-laetitia-wstep-do-krytyki\/#breadcrumb"},"inLanguage":"pl-PL","potentialAction":[{"@type":"ReadAction","target":["https:\/\/wobronietradycjiiwiary.com\/teologia-ciala-jana-pawla-ii-prekursorem-amoris-laetitia-wstep-do-krytyki\/"]}]},{"@type":"ImageObject","inLanguage":"pl-PL","@id":"https:\/\/wobronietradycjiiwiary.com\/teologia-ciala-jana-pawla-ii-prekursorem-amoris-laetitia-wstep-do-krytyki\/#primaryimage","url":"https:\/\/wobronietradycjiiwiary.com\/wp-content\/uploads\/2016\/05\/expulsion.jpg","contentUrl":"https:\/\/wobronietradycjiiwiary.com\/wp-content\/uploads\/2016\/05\/expulsion.jpg","width":600,"height":500},{"@type":"BreadcrumbList","@id":"https:\/\/wobronietradycjiiwiary.com\/teologia-ciala-jana-pawla-ii-prekursorem-amoris-laetitia-wstep-do-krytyki\/#breadcrumb","itemListElement":[{"@type":"ListItem","position":1,"name":"Strona g\u0142\u00f3wna","item":"https:\/\/wobronietradycjiiwiary.com\/"},{"@type":"ListItem","position":2,"name":"\u201eTeologia cia\u0142a\u201d Jana Paw\u0142a II \u2013 prekursorem Amoris laetitia. Wst\u0119p do krytyki."}]},{"@type":"WebSite","@id":"https:\/\/wobronietradycjiiwiary.com\/pl\/#website","url":"https:\/\/wobronietradycjiiwiary.com\/pl\/","name":"Tradycja i Wiara","description":"Portal dla katolik\u00f3w.","publisher":{"@id":"https:\/\/wobronietradycjiiwiary.com\/pl\/#organization"},"potentialAction":[{"@type":"SearchAction","target":{"@type":"EntryPoint","urlTemplate":"https:\/\/wobronietradycjiiwiary.com\/pl\/?s={search_term_string}"},"query-input":{"@type":"PropertyValueSpecification","valueRequired":true,"valueName":"search_term_string"}}],"inLanguage":"pl-PL"},{"@type":"Organization","@id":"https:\/\/wobronietradycjiiwiary.com\/pl\/#organization","name":"Tradycja i Wiara","url":"https:\/\/wobronietradycjiiwiary.com\/pl\/","logo":{"@type":"ImageObject","inLanguage":"pl-PL","@id":"https:\/\/wobronietradycjiiwiary.com\/pl\/#\/schema\/logo\/image\/","url":"https:\/\/i0.wp.com\/wobronietradycjiiwiary.com\/wp-content\/uploads\/2015\/10\/cropped-st-peters-dome-vatican.jpg?fit=940%2C198&ssl=1","contentUrl":"https:\/\/i0.wp.com\/wobronietradycjiiwiary.com\/wp-content\/uploads\/2015\/10\/cropped-st-peters-dome-vatican.jpg?fit=940%2C198&ssl=1","width":940,"height":198,"caption":"Tradycja i Wiara"},"image":{"@id":"https:\/\/wobronietradycjiiwiary.com\/pl\/#\/schema\/logo\/image\/"},"sameAs":["https:\/\/www.facebook.com\/Tradycja-i-Wiara-108813920592249"]},{"@type":"Person","@id":"https:\/\/wobronietradycjiiwiary.com\/pl\/#\/schema\/person\/2d6180ce6abcb681fef0daab7816e8f3","name":"Traditio et Fides","sameAs":["https:\/\/traditionundglauben.com"],"url":"https:\/\/wobronietradycjiiwiary.com\/pl\/author\/wobronietradycjiiwiary\/"}]}},"jetpack_publicize_connections":[],"jetpack_sharing_enabled":true,"jetpack_likes_enabled":true,"jetpack_shortlink":"https:\/\/wp.me\/pc04Sd-2sa","jetpack-related-posts":[{"id":14417,"url":"https:\/\/wobronietradycjiiwiary.com\/pl\/wprowadzenie-do-cyklu-kosciol-i-asmodeusz-don-pietro-leone-c-erotyzacja-gaudium-et-spes\/","url_meta":{"origin":9434,"position":0},"title":"Wprowadzenie do cyklu \u201eKo\u015bci\u00f3\u0142 i Asmodeusz\u201d Don Pietro Leone. C. Erotyzacja Gaudium et\u00a0Spes.","author":"Traditio et Fides","date":"2 sierpnia 2017","format":false,"excerpt":"Diabe\u0142 jest nieocenionym pomocnikiem w spe\u0142nianiu woli Bo\u017cej, bo dok\u0142adnie swoim dzia\u0142aniem ukazuje, co czyni\u0107 nale\u017cy. I tak niniejszy wpis po\u015bwi\u0119cony numerom 48 i 49\u00a0Gaudium et Spes\u00a0pisany jest po raz wt\u00f3ry, gdy\u017c napisany i sformatowany znikn\u0105\u0142 dziwnie z bloga, na kt\u00f3rym zosta\u0142 umieszczony. Don Pietro Leone ubolewaj\u0105c nad erotyzacj\u0105 posoborowego\u2026","rel":"","context":"W \u201eDon Pietro Leone&quot;","block_context":{"text":"Don Pietro Leone","link":"https:\/\/wobronietradycjiiwiary.com\/pl\/category\/polemika\/autorzy-polemiczni\/don-pietro-leone\/"},"img":{"alt_text":"enhanced-buzz-23785-1458319648-8","src":"https:\/\/wobronietradycjiiwiaryblog.files.wordpress.com\/2017\/06\/enhanced-buzz-23785-1458319648-8.jpg?w=350&h=200&crop=1","width":350,"height":200},"classes":[]},{"id":9785,"url":"https:\/\/wobronietradycjiiwiary.com\/pl\/prosba-liderow-katolickich-do-papieza-w-sprawie-amoris-laetitia\/","url_meta":{"origin":9434,"position":1},"title":"Pro\u015bba lider\u00f3w katolickich do papie\u017ca w sprawie Amoris Laetitia","author":"Traditio et Fides","date":"14 lipca 2016","format":false,"excerpt":"Z rado\u015bci\u0105 publikujemy za onepeterfive inicjatyw\u0119 g\u0142\u00f3wnie ameryka\u0144skich katolik\u00f3w prosz\u0105cych papie\u017ca Franciszka o poprawienie b\u0142\u0119d\u00f3w Amoris Laetitia. Powy\u017cej wersja skr\u00f3cona z podtytu\u0142ami polskimi autorstwa naszego czytelnika, poni\u017cej wersja pe\u0142na. Znajomo\u015b\u0107 angielskiego jest dla wersji d\u0142u\u017cszej niestety konieczna, ale klikni\u0119cie na podtytu\u0142y w youtube umo\u017cliwia czytanie tekstu i z pewno\u015bci\u0105 b\u0119dzie\u2026","rel":"","context":"W \u201eAmoris Laetitia&quot;","block_context":{"text":"Amoris Laetitia","link":"https:\/\/wobronietradycjiiwiary.com\/pl\/category\/polemika\/kosciol-posoborowy\/papieze\/papiez-franciszek\/amoris-laetitia\/"},"img":{"alt_text":"","src":"","width":0,"height":0},"classes":[]},{"id":9913,"url":"https:\/\/wobronietradycjiiwiary.com\/pl\/inni-tez-cenzuruja-franciszka-lub-list-45-opublikowany\/","url_meta":{"origin":9434,"position":2},"title":"Inni te\u017c  cenzuruj\u0105 Franciszka lub list 45 opublikowany","author":"Traditio et Fides","date":"29 lipca 2016","format":false,"excerpt":"Jak dowiedzieli\u015bmy si\u0119 dzisiaj z portalu onepeterfive.com ujawnione ju\u017c zosta\u0142y nie tylko nazwiska sygnatariuszy listu 45 teolog\u00f3w, filozof\u00f3w i pra\u0142at\u00f3w krytykuj\u0105cych Amoris Laetitia, lecz tak\u017ce ujawnione zosta\u0142y cenzury teologiczne przez nich wypowiedziane. Poniewa\u017c nasza redakcja bardzo si\u0119 cieszy, kiedy nie musi robi\u0107 wszystkiego sama, dlatego przedsi\u0119wzi\u0119cie 45 os\u00f3b jest jak\u2026","rel":"","context":"W \u201eAmoris Laetitia&quot;","block_context":{"text":"Amoris Laetitia","link":"https:\/\/wobronietradycjiiwiary.com\/pl\/category\/polemika\/kosciol-posoborowy\/papieze\/papiez-franciszek\/amoris-laetitia\/"},"img":{"alt_text":"","src":"https:\/\/i0.wp.com\/wobronietradycjiiwiary.com\/wp-content\/uploads\/2016\/07\/romanelli_-_the_meeting_of_the_countess_matilda_and_anselm_of_canterbury_in_the_presence_of_pope_urban_ii.jpg?resize=350%2C200&ssl=1","width":350,"height":200,"srcset":"https:\/\/i0.wp.com\/wobronietradycjiiwiary.com\/wp-content\/uploads\/2016\/07\/romanelli_-_the_meeting_of_the_countess_matilda_and_anselm_of_canterbury_in_the_presence_of_pope_urban_ii.jpg?resize=350%2C200&ssl=1 1x, https:\/\/i0.wp.com\/wobronietradycjiiwiary.com\/wp-content\/uploads\/2016\/07\/romanelli_-_the_meeting_of_the_countess_matilda_and_anselm_of_canterbury_in_the_presence_of_pope_urban_ii.jpg?resize=525%2C300&ssl=1 1.5x"},"classes":[]},{"id":14994,"url":"https:\/\/wobronietradycjiiwiary.com\/pl\/reinterpretacja-w-swietle-amoris-laetitia-lub-ciurlac-im-sie-chce-ciurlac\/","url_meta":{"origin":9434,"position":3},"title":"Reinterpretacja w \u015bwietle Amoris Laetitia lub &#8220;ciurla\u0107 im si\u0119 chce, ciurla\u0107&#8221;.","author":"Traditio et Fides","date":"12 stycznia 2018","format":false,"excerpt":"W niedawnym wywiadzie, kt\u00f3ry umieszczamy poni\u017cej, kardyna\u0142 Parolin przyzna\u0142 co\u015b, o czym m\u00f3wiono po cichu, a co teraz sta\u0142o si\u0119 oficjaln\u0105 nauk\u0105 begolia\u0144skiego Anty-Ko\u015bcio\u0142a, bo przecie\u017c nie odwieczn\u0105 nauk\u0105 Ko\u015bcio\u0142a Katolickiego. Ot\u00f3\u017c Amoris Laetitia jest nowym paradygmatem, wedle kt\u00f3rego interpretowa\u0107 nale\u017cy wszystko, co by\u0142o dotychczas. Osobom, kt\u00f3re nie wiedz\u0105, co\u2026","rel":"","context":"W \u201eKrytyka w\u0142asna&quot;","block_context":{"text":"Krytyka w\u0142asna","link":"https:\/\/wobronietradycjiiwiary.com\/pl\/category\/polemika\/kosciol-posoborowy\/papieze\/papiez-franciszek\/amoris-laetitia\/krytyka-wlasna\/"},"img":{"alt_text":"B0idaAyIIAASpVt","src":"https:\/\/wobronietradycjiiwiaryblog.files.wordpress.com\/2018\/01\/b0idaayiiaaspvt.jpg?w=350&h=200&crop=1","width":350,"height":200,"srcset":"https:\/\/wobronietradycjiiwiaryblog.files.wordpress.com\/2018\/01\/b0idaayiiaaspvt.jpg?w=350&h=200&crop=1 1x, https:\/\/wobronietradycjiiwiaryblog.files.wordpress.com\/2018\/01\/b0idaayiiaaspvt.jpg?w=525&h=300&crop=1 1.5x"},"classes":[]},{"id":9982,"url":"https:\/\/wobronietradycjiiwiary.com\/pl\/list-45-lub-adhortacja-apostolska-amoris-laetitia-krytyka-teologiczna-1-wstep\/","url_meta":{"origin":9434,"position":4},"title":"List 45 lub Adhortacja apostolska Amoris laetitia: krytyka teologiczna. 1. Wst\u0119p","author":"Traditio et Fides","date":"5 sierpnia 2016","format":false,"excerpt":"Dzi\u0119ki uprzejmo\u015bci naszego czytelnika Mir, kt\u00f3ry nas o tym poinformowa\u0142 oraz wysi\u0142kowi anonimowego t\u0142umacza, mo\u017cemy zaprezentowa\u0107 niniejszym polsk\u0105 wersj\u0119 listu i cenzur 45 opublikowan\u0105 na glorii.tv. Co prawda list ten mo\u017cna przeczyta\u0107 tak\u017ce gdzie indziej w ca\u0142o\u015bci, ale my b\u0119dziemy publikowa\u0107 go tak\u017ce na naszych \u0142amach w odcinkach, gdy\u017c kochanej\u2026","rel":"","context":"W \u201eAmoris Laetitia&quot;","block_context":{"text":"Amoris Laetitia","link":"https:\/\/wobronietradycjiiwiary.com\/pl\/category\/polemika\/kosciol-posoborowy\/papieze\/papiez-franciszek\/amoris-laetitia\/"},"img":{"alt_text":"scholasticum","src":"https:\/\/i0.wp.com\/wobronietradycjiiwiary.com\/wp-content\/uploads\/2016\/08\/scholasticum.png?resize=350%2C200&ssl=1","width":350,"height":200,"srcset":"https:\/\/i0.wp.com\/wobronietradycjiiwiary.com\/wp-content\/uploads\/2016\/08\/scholasticum.png?resize=350%2C200&ssl=1 1x, https:\/\/i0.wp.com\/wobronietradycjiiwiary.com\/wp-content\/uploads\/2016\/08\/scholasticum.png?resize=525%2C300&ssl=1 1.5x"},"classes":[]},{"id":9509,"url":"https:\/\/wobronietradycjiiwiary.com\/pl\/don-pietro-leone-wyjasnienie-teologii-ciala-w-swietle-tradycji-katolickiej-1-teologia-ciala-doktryna-personalizmu\/","url_meta":{"origin":9434,"position":5},"title":"Don Pietro Leone, Wyja\u015bnienie &#8220;Teologii cia\u0142a&#8221; \u2013 w \u015bwietle Tradycji Katolickiej. (1) Teologia cia\u0142a doktryn\u0105 personalizmu.","author":"","date":"9 lipca 2016","format":false,"excerpt":"Niniejszym prezentujemy zapowiedziany cykl na temat Teologii cia\u0142a Jana Paw\u0142a II pi\u00f3ra Don Pietro Leone, kt\u00f3ry po prezentacji opatrzymy w\u0142asnym komentarzem. T\u0142umaczenie zawdzi\u0119czamy czytelnikom tmodelsk oraz fidek, kt\u00f3rym serdecznie za to dzi\u0119kujemy. Wyja\u015bnienie \"Teologii cia\u0142a\" \u2013 w \u015bwietle Tradycji Katolickiej. Poni\u017cszy esej jest cz\u0119\u015bci\u0105 ksi\u0105\u017cki Don Pietro Leone o ma\u0142\u017ce\u0144stwie\u2026","rel":"","context":"W \u201eKrytyka Leone&quot;","block_context":{"text":"Krytyka Leone","link":"https:\/\/wobronietradycjiiwiary.com\/pl\/category\/polemika\/kosciol-posoborowy\/papieze\/jan-pawel-ii-krytyka\/teologia-ciala\/leone-teologia-ciala\/"},"img":{"alt_text":"","src":"https:\/\/i0.wp.com\/wobronietradycjiiwiary.com\/wp-content\/uploads\/2016\/06\/jordaens_adam_and_eve.jpg?resize=350%2C200&ssl=1","width":350,"height":200,"srcset":"https:\/\/i0.wp.com\/wobronietradycjiiwiary.com\/wp-content\/uploads\/2016\/06\/jordaens_adam_and_eve.jpg?resize=350%2C200&ssl=1 1x, https:\/\/i0.wp.com\/wobronietradycjiiwiary.com\/wp-content\/uploads\/2016\/06\/jordaens_adam_and_eve.jpg?resize=525%2C300&ssl=1 1.5x, https:\/\/i0.wp.com\/wobronietradycjiiwiary.com\/wp-content\/uploads\/2016\/06\/jordaens_adam_and_eve.jpg?resize=700%2C400&ssl=1 2x"},"classes":[]}],"amp_enabled":true,"jetpack_featured_media_url":"https:\/\/wobronietradycjiiwiary.com\/wp-content\/uploads\/2016\/05\/expulsion.jpg","_links":{"self":[{"href":"https:\/\/wobronietradycjiiwiary.com\/pl\/wp-json\/wp\/v2\/posts\/9434","targetHints":{"allow":["GET"]}}],"collection":[{"href":"https:\/\/wobronietradycjiiwiary.com\/pl\/wp-json\/wp\/v2\/posts"}],"about":[{"href":"https:\/\/wobronietradycjiiwiary.com\/pl\/wp-json\/wp\/v2\/types\/post"}],"author":[{"embeddable":true,"href":"https:\/\/wobronietradycjiiwiary.com\/pl\/wp-json\/wp\/v2\/users\/60508433"}],"replies":[{"embeddable":true,"href":"https:\/\/wobronietradycjiiwiary.com\/pl\/wp-json\/wp\/v2\/comments?post=9434"}],"version-history":[{"count":1,"href":"https:\/\/wobronietradycjiiwiary.com\/pl\/wp-json\/wp\/v2\/posts\/9434\/revisions"}],"predecessor-version":[{"id":55601,"href":"https:\/\/wobronietradycjiiwiary.com\/pl\/wp-json\/wp\/v2\/posts\/9434\/revisions\/55601"}],"wp:featuredmedia":[{"embeddable":true,"href":"https:\/\/wobronietradycjiiwiary.com\/pl\/wp-json\/wp\/v2\/media\/9435"}],"wp:attachment":[{"href":"https:\/\/wobronietradycjiiwiary.com\/pl\/wp-json\/wp\/v2\/media?parent=9434"}],"wp:term":[{"taxonomy":"category","embeddable":true,"href":"https:\/\/wobronietradycjiiwiary.com\/pl\/wp-json\/wp\/v2\/categories?post=9434"},{"taxonomy":"post_tag","embeddable":true,"href":"https:\/\/wobronietradycjiiwiary.com\/pl\/wp-json\/wp\/v2\/tags?post=9434"}],"curies":[{"name":"wp","href":"https:\/\/api.w.org\/{rel}","templated":true}]}}