{"id":93218,"date":"2023-06-04T08:00:05","date_gmt":"2023-06-04T06:00:05","guid":{"rendered":"https:\/\/wobronietradycjiiwiary.com\/?p=93218"},"modified":"2025-02-10T11:15:17","modified_gmt":"2025-02-10T10:15:17","slug":"4-go-czerwca-zywot-sw-franciszka-caracciolo-zalozyciela-zakonu-2-2","status":"publish","type":"post","link":"https:\/\/wobronietradycjiiwiary.com\/pl\/4-go-czerwca-zywot-sw-franciszka-caracciolo-zalozyciela-zakonu-2-2\/","title":{"rendered":"4-go Czerwca. \u017bywot \u015bw. Franciszka Caracciolo, Za\u0142o\u017cyciela Zakonu."},"content":{"rendered":"<div id=\"bsf_rt_marker\"><\/div>\n<p class=\"has-text-align-center wp-block-paragraph\"><em>(\u017by\u0142 oko\u0142o roku Pa\u0144skiego 1608).<\/em><\/p>\n\n\n\n<figure class=\"wp-block-image\"><a href=\"https:\/\/pl.wikisource.org\/wiki\/Plik:%C5%BBywoty_%C5%9Bw._Pa%C5%84skich_na_wszystkie_dnie_roku-Inicja%C5%82-%C5%9A.png\"><img decoding=\"async\" src=\"https:\/\/upload.wikimedia.org\/wikipedia\/commons\/thumb\/2\/2f\/%C5%BBywoty_%C5%9Bw._Pa%C5%84skich_na_wszystkie_dnie_roku-Inicja%C5%82-%C5%9A.png\/58px-%C5%BBywoty_%C5%9Bw._Pa%C5%84skich_na_wszystkie_dnie_roku-Inicja%C5%82-%C5%9A.png\" alt=\"\u015a\"\/><\/a><\/figure>\n\n\n\n<p class=\"has-text-align-justify wp-block-paragraph\">\u015awi\u0119ty Francszek. Caracciolo przyszed\u0142 na \u015bwiat dnia 13 pa\u017adziernika roku Pa\u0144skiego 1563, w kr\u00f3lestwie Neapolita\u0144skiem, w zamku Villa-Santa-Maria, kt\u00f3ry by\u0142 udzielnem dziedzictwem jego znakomitego rodu i otrzyma\u0142 na Chrzcie \u015bw. imi\u0119 Askaniusz. Rodzice pragn\u0119li, aby syn obok maj\u0105tku, jaki po nich odziedziczy, posiada\u0142 tak\u017ce umys\u0142 nauk\u0105 wzbogacony i skierowany ku czci Boga Najwy\u017cszego. Ma\u0142y Askaniusz okazywa\u0142 si\u0119 te\u017c godnym takiego starania i czyni\u0142 wielkie post\u0119py w naukach i cnocie.<\/p>\n\n\n\n<p class=\"has-text-align-justify wp-block-paragraph\">By\u0142 gor\u0105cy do modlitwy i do nabo\u017ce\u0144stwa do Naj\u015bwi\u0119tszej Maryi Panny, jako te\u017c mi\u0142osierny i wstydliwy.<\/p>\n\n\n\n<p class=\"has-text-align-justify wp-block-paragraph\">Maj\u0105c lat dwadzie\u015bcia i dwa, zachorowa\u0142 \u015bmiertelnie. Wr\u00f3ciwszy szcz\u0119\u015bliwie do zdrowia, postanowi\u0142 zosta\u0107 kap\u0142anem, czemu si\u0119 rodzice nie opierali. Z odznaczeniem uko\u0144czywszy nauk\u0119 teologii, jako m\u0142ody kap\u0142an przy\u0142\u0105czy\u0142 si\u0119 do Stowarzyszenia pobo\u017cnych kap\u0142an\u00f3w, kt\u00f3rzy wzi\u0119li na siebie obowi\u0105zek nawracania z\u0142oczy\u0144c\u00f3w i towarzyszenia skaza\u0144com na miejsce stracenia.<\/p>\n\n\n\n<p class=\"has-text-align-justify wp-block-paragraph\">Opatrzno\u015b\u0107 Boska tak zrz\u0105dzi\u0142a, \u017ce Askaniusz zosta\u0142 fundatorem nowego zakonu. Jan Augustyn Adorno, znakomity pan w mie\u015bcie Genui, d\u0142ugi czas \u017cyj\u0105c swawolnie, w ko\u0144cu wst\u0105pi\u0142 na drog\u0119 pokuty i w roku 1588 zosta\u0142 kap\u0142anem. Chc\u0105c innych ratowa\u0107 od gorzkich do\u015bwiadcze\u0144, jakich sam dozna\u0142, u\u0142o\u017cy\u0142 plan celem utworzenia stowarzyszenia kap\u0142an\u00f3w, na p\u00f3\u0142 \u015bwieckiego, na p\u00f3\u0142 zakonnego. W tym celu naradzi\u0142 si\u0119 z Fabrycyuszem Caracciolo, w\u0142a\u015bcicielem pewnego zak\u0142adu w Neapolu. Ci te\u017c postanowili zjedna\u0107 sobie Askaniusza Caracciolo, kt\u00f3rego jeszcze nie znali, a o kt\u00f3rym dot\u0105d tylko s\u0142yszeli. Askaniusz na my\u015bl t\u0119 ch\u0119tnie przysta\u0142.<\/p>\n\n\n\n<p class=\"has-text-align-justify wp-block-paragraph\">Udali si\u0119 wi\u0119c wszyscy trzej do klasztoru Kamedu\u0142\u00f3w w Neapolu, gdzie na modlitwie i postach przebyli dni czterdzie\u015bci. Utwierdzeni w przekonaniu, \u017ce ich zamiar nie sprzeciwia si\u0119 woli Bo\u017cej, now\u0105 regu\u0142\u0119 przed\u0142o\u017cyli Ojcu \u015bwi\u0119temu. Papie\u017c Sykstus V przyj\u0105\u0142 ich \u0142askawie, a po nale\u017cytem zbadaniu przyzwoli\u0142 na za\u0142o\u017cenie zakonu w Neapolu. Do trzech zwyk\u0142ych \u015blub\u00f3w: ub\u00f3stwa, czysto\u015bci i pos\u0142usze\u0144stwa, przydali te: \u017caden cz\u0142onek nie b\u0119dzie si\u0119 stara\u0107 o godno\u015bci ko\u015bcielne lub zakonne; na rozmy\u015blanie wolno nawet bez upowa\u017cnienia prze\u0142o\u017conych uda\u0107 si\u0119 na osobno\u015b\u0107, ku czemu urz\u0105dzi\u0107 miano w pobli\u017cu ka\u017cdego klasztoru kilka osobnych pustelni. Codziennie czyniono rachunek sumienia, cztery razy na tydzie\u0144 poszczono, a opr\u00f3cz tego trudniono si\u0119 duszpasterstwem po szpitalach, wi\u0119zieniach, szko\u0142ach i misyach. <\/p>\n\n\n\n<p class=\"has-text-align-justify wp-block-paragraph\">Zakon ten szybko si\u0119 rozszerzy\u0142 we W\u0142oszech, Hiszpanii i Portugalii. Askaniusz otrzyma\u0142 imi\u0119 zakonne Franciszka. Po \u015bmierci pierwszego przeora obrano jego na to stanowisko, kt\u00f3ry to urz\u0105d pe\u0142ni\u0142 z wielk\u0105 gorliwo\u015bci\u0105 i z podziwienia godn\u0105 pokor\u0105.<\/p>\n\n\n\n<p class=\"has-text-align-justify wp-block-paragraph\">Gor\u0105cem pa\u0142a\u0142 nabo\u017ce\u0144stwem do Naj\u015bwi\u0119tszego Sakramentu. W zakonie zaprowadzi\u0142 ustawiczne nabo\u017ce\u0144stwa w ten spos\u00f3b, \u017ce zakonnicy codziennie zbierali si\u0119 na modlitw\u0119 wsp\u00f3ln\u0105, a potem ka\u017cdy z kolei modli\u0142 si\u0119 przez godzin\u0119.<\/p>\n\n\n\n<p class=\"has-text-align-justify wp-block-paragraph\">Sam s\u0142ucha\u0142 codziennie spowiedzi, a mia\u0142 szczeg\u00f3lniejszy dar kruszenia najzatwardzialszych grzesznik\u00f3w.<\/p>\n\n\n\n<p class=\"has-text-align-justify wp-block-paragraph\">W sprawach zakonu odprawi\u0142 d\u0142u\u017csz\u0105 podr\u00f3\u017c do Hiszpanii. Po powrocie z\u0142o\u017cy\u0142 sw\u00f3j urz\u0105d i odby\u0142 pielgrzymk\u0119 do Loretto. Tam Pan B\u00f3g objawi\u0142 mu rych\u0142\u0105 \u015bmier\u0107,\u00a0kt\u00f3rej on dawno ju\u017c pragn\u0105\u0142. Zaledwie przyby\u0142 do Agnony do klasztoru \u015bwi\u0119tego Filipa Nereusza, zapad\u0142 na \u015bmierteln\u0105 gor\u0105czk\u0119 i w\u015br\u00f3d niezno\u015bnych cierpie\u0144 podyktowa\u0142 do swych wsp\u00f3\u0142braci zakonnych list pe\u0142en g\u0142\u0119bokich my\u015bli.<\/p>\n\n\n\n<p class=\"wp-block-paragraph\">\u2009Cierpliwo\u015b\u0107, z jak\u0105 znosi\u0142 bole\u015bci w tej chorobie, nabo\u017ce\u0144stwo, z jakiem przyjmowa\u0142 ostatnie Sakramenta \u015bwi\u0119te, wywar\u0142y na wszystkich nadzwyczajne wra\u017cenie.<\/p>\n\n\n\n<p class=\"wp-block-paragraph\">Umar\u0142 dnia 4 czerwca 1608 roku, a na grobie jego dzia\u0142o si\u0119 wiele cud\u00f3w. Papie\u017c Klemens XIV uzna\u0142 go za \u015awi\u0119tego. Og\u0142oszenie uroczyste nast\u0105pi\u0142o z powodu czas\u00f3w wojennych dopiero przez Papie\u017ca Piusa VII dnia 24 maja roku 1807.<br><\/p>\n\n\n\n<h2 class=\"wp-block-heading\"><strong>Nauka moralna.<\/strong><\/h2>\n\n\n\n<p class=\"has-text-align-justify wp-block-paragraph\">\u2009\u015awi\u0119ty Franciszek ju\u017c od samej m\u0142odo\u015bci nie zna\u0142 wi\u0119kszej rozkoszy, jak kl\u0119cze\u0107 przed Przenaj\u015bw. Sakramentem O\u0142tarza i modli\u0107 si\u0119 do Boga. Jakie\u017c miejsce dla tego bogobojnego m\u0142odzie\u0144ca mia\u0142o by\u0107 przyjemniejsze, je\u017celi nie to w\u0142a\u015bnie? Dziwi\u0107by si\u0119 nale\u017ca\u0142o, \u017ce nie ca\u0142y og\u00f3\u0142 m\u0142odzie\u017cy takie miejsca modlitwy sobie obiera i w nich si\u0119 lubuje, albowiem nabo\u017ce\u0144stwo do Pana Jezusa jest dla ka\u017cdego niezb\u0119dnem.<br>\u2009Ka\u017cdy w sercu swem ma usposobienie do mi\u0142o\u015bci i jaka\u015b si\u0142a tajemna pcha go do tego uczucia. Atoli, c\u00f3\u017c cz\u0142owiek powinien kocha\u0107? Bez w\u0105tpienia przedewszystkiem to, co jest kochania godnem &#8211; a tem jest Jezus w Sakramencie O\u0142tarza. Jest to mi\u0142o\u015b\u0107 najszlachetniejsza, prawdziwie Boska; w tym Sakramencie bowiem \u0142\u0105czy Pan Jezus ducha Swego z twoim, zst\u0119puj\u0105c w Czasie Komunii \u015bwi\u0119tej do serca twego i nape\u0142niaj\u0105c ducha twego, ca\u0142\u0105 istot\u0119 twoj\u0105, ogniem mi\u0142o\u015bci troskliwiej i czulej, ni\u017c najlepsza matka. W tej chwili Jezus jest zupe\u0142nie twoim, udzielaj\u0105c si\u0119 tobie zupe\u0142nie. Z tego te\u017c powodu z \u015bwi\u0119t\u0105 konieczno\u015bci\u0105 winiene\u015b odda\u0107 Bogu serce twoje jako te\u017c wszelkie uczucia i to zupe\u0142nie niepodzielnie.<br>\u2009Masz serce na wz\u00f3r i podobie\u0144stwo Jezusa Chrystusa, Stw\u00f3rcy twego i Zbawiciela. W tem spoczywa twoja godno\u015b\u0107, wielko\u015b\u0107 i wspania\u0142o\u015b\u0107 Stw\u00f3rcy, ale i zarazem powaga i wa\u017cno\u015b\u0107 obowi\u0105zku twego do udoskonalenia w\u0142asnej twej istoty pod\u0142ug pierwowzoru. Jezus jedyny jest dla ciebie drog\u0105, prawd\u0105 i \u017cyciem. On nam da\u0142 przyk\u0142ad i my tak czyni\u0107 winni\u015bmy, by post\u0119powa\u0107 drog\u0105 \u017cycia, jak On post\u0119powa\u0142. Rozwa\u017c t\u0119 prawd\u0119 z ca\u0142\u0105 rozwag\u0105, albowiem duszy twej kszta\u0142ci\u0107 nie winiene\u015b pod\u0142ug wzor\u00f3w \u015bwiata pe\u0142nego dumy, chciwo\u015bci i wszelkich nami\u0119tno\u015bci, czego przecie\u017c unika\u0107 przyrzek\u0142e\u015b ju\u017c od chwili, gdy Chrzest \u015bwi\u0119ty otrzyma\u0142e\u015b. Przebywaj zatem cz\u0119sto i d\u0142ugo przed Sakramentem O\u0142tarza i tam ucz si\u0119 od Jezusa prawdziwej pokory i wszelkich cn\u00f3t, a zarazem mi\u0142o\u015bci ku Bogu. Nabo\u017ce\u0144stwo to i zastosowane do niego modlitwy s\u0105 dla ciebie najzbawienniejszemi.<br><\/p>\n\n\n\n<h2 class=\"wp-block-heading\"><strong>Modlitwa.<\/strong><\/h2>\n\n\n\n<blockquote class=\"wp-block-quote is-layout-flow wp-block-quote-is-layout-flow\"><p>\u2009Bo\u017ce, kt\u00f3ry\u015b \u015bwi\u0119tego Franciszka, za\u0142o\u017cyciela nowego Zakonu, wysokim darem modlitwy i duchem ostrej pokuty przyozdobi\u0142, racz to \u0142askawie sprawi\u0107, aby\u015bmy korzystaj\u0105c z przyk\u0142adu jego, modlili si\u0119 bez ustanku i cia\u0142o pod panowanie ducha podbijaj\u0105c, za \u0142ask\u0105 Twoj\u0105 doszli do chwa\u0142y wiekuistej. Przez Pana naszego Jezusa Chrystusa, kt\u00f3ry kr\u00f3luje w Niebie i na ziemi. A.<\/p><\/blockquote>\n\n\n\n<figure class=\"wp-block-table\"><table><tbody><tr><td>\u2217&nbsp;&nbsp;&nbsp;&nbsp;&nbsp;&nbsp;&nbsp;&nbsp;&nbsp;&nbsp;&nbsp;&nbsp;&nbsp;&nbsp;&nbsp;&nbsp;&nbsp;&nbsp;&nbsp;&nbsp;\u2217<br>\u2217<\/td><\/tr><\/tbody><\/table><\/figure>\n\n\n\n<p class=\"wp-block-paragraph\">\u2009<em>Opr\u00f3cz tego obchodzi Ko\u015bci\u00f3\u0142 \u015bwi\u0119ty pami\u0105tk\u0119 nast\u0119puj\u0105cych \u015awi\u0119tych Pa\u0144skich, zamieszczonych w rzymskiem martyrologium:<\/em><\/p>\n\n\n\n<p class=\"has-text-align-justify wp-block-paragraph\">\u2009<strong>Dnia 4-go czerwca<\/strong>&nbsp;w Angonie w Abruzzach uroczysto\u015b\u0107 \u015bwi\u0119tego&nbsp;Franciszka&nbsp;ze szlacheckiej rodziny w\u0142oskiej Caracciolo, za\u0142o\u017cyciela \u201ekap\u0142an\u00f3w regularnych mniejszego zakonu;\u201c pa\u0142a\u0142 on mi\u0142o\u015bci\u0105 Boga i bli\u017aniego i pe\u0142en by\u0142 wielkiego zapa\u0142u w rozszerzaniu nabo\u017ce\u0144stwa do Przenaj\u015bw. Sakramentu O\u0142tarza. Pius VII policzy\u0142 go w poczet \u015awi\u0119tych; relikwie jego czcz\u0105 wielce w Neapolu. \u2014 W Rzymie \u015bmier\u0107 m\u0119cze\u0144ska \u015bw.&nbsp;Arecyusza i Dacyana. \u2014 W Sissek w prowincyi Illyricum dzie\u0144 zgonu \u015bw.&nbsp;Kwiryna, Biskupa. Jak pisze Prudencyusz, zosta\u0142 on za starosty Galeryusza dla Wiary \u015bwi\u0119tej wrzucony z kamieniem u szyi do rzeki; gdy jednak\u017ce kamie\u0144 p\u0142yn\u0105\u0142 wraz z nim po wodzie, napomina\u0142 usilnie obecnych chrze\u015bcijan, by si\u0119 m\u0119czarniami jego nie dali ustraszy\u0107 lub odwie\u015b\u0107 od wiary. Wreszcie zyska\u0142 modlitw\u0105 sw\u0105 t\u0119 \u0142ask\u0119, i\u017c zaton\u0105\u0142 i tak pozyska\u0142 koron\u0119 m\u0119cze\u0144sk\u0105. \u2014 W Brescyi m\u0119cze\u0144stwo \u015bw.&nbsp;Klateusza, Biskupa z czas\u00f3w cesarza Nerona. \u2014 W Panonii uroczysto\u015b\u0107 pami\u0105tkowa \u015bw. M\u0119czennik\u00f3w:&nbsp;Rutylusa i towarzysz\u00f3w. \u2014 W Arras \u015bmier\u0107 m\u0119cze\u0144ska \u015bw.&nbsp;Saturniny, Dziewicy. \u2014 W Tivoli dzie\u0144 zgonu \u015bw.&nbsp;Kwiryna, M\u0119czennika. \u2014 W Konstantynopolu uroczysto\u015b\u0107 \u015bw.&nbsp;Metrofana, Patryarchy i Wyznawcy. \u2014 W Milewe w Numidyi uroczysto\u015b\u0107 \u015bw.&nbsp;Optata, Biskupa, s\u0142yn\u0105cego dalece tak uczono\u015bci\u0105 jak \u015bwi\u0119tobliwem \u017cyciem swojem. \u2014 W Weronie uroczysto\u015b\u0107 \u015bw.&nbsp;Aleksandra, Biskupa.<\/p>\n","protected":false},"excerpt":{"rendered":"<p>\u015aw. Franciszek Caracciolo dopiero wyzdrowiawszy z \u015bmiertelnej choroby pomy\u015bla\u0142 i kap\u0142a\u0144stwie.  Bywa i tak.<\/p>\n","protected":false},"author":60508433,"featured_media":48527,"comment_status":"open","ping_status":"open","sticky":false,"template":"","format":"standard","meta":{"_bbp_topic_count":0,"_bbp_reply_count":0,"_bbp_total_topic_count":0,"_bbp_total_reply_count":0,"_bbp_voice_count":0,"_bbp_anonymous_reply_count":0,"_bbp_topic_count_hidden":0,"_bbp_reply_count_hidden":0,"_bbp_forum_subforum_count":0,"_editorskit_title_hidden":false,"_editorskit_reading_time":0,"_editorskit_is_block_options_detached":false,"_editorskit_block_options_position":"{}","_coblocks_attr":"","_coblocks_dimensions":"","_coblocks_responsive_height":"","_coblocks_accordion_ie_support":"","_exactmetrics_skip_tracking":false,"_jetpack_newsletter_access":"","_jetpack_dont_email_post_to_subs":false,"_jetpack_newsletter_tier_id":0,"_jetpack_memberships_contains_paywalled_content":false,"_wpcom_ai_launchpad_first_post":false,"_jetpack_feature_clip_id":0,"_jetpack_memberships_contains_paid_content":false,"footnotes":"","jetpack_publicize_message":"{title}\n\n{excerpt}\n\n{url}","jetpack_publicize_feature_enabled":true,"jetpack_social_post_already_shared":true,"jetpack_social_options":{"image_generator_settings":{"template":"highway","default_image_id":0,"font":"","enabled":false},"version":2},"_wpas_customize_per_network":false,"jetpack_post_was_ever_published":false},"categories":[610131821,610131184,336375535],"tags":[],"class_list":["post-93218","post","type-post","status-publish","format-standard","has-post-thumbnail","hentry","category-swieta-w-czerwcu","category-duchowosc","category-liturgia-i-liturgika"],"yoast_head":"<!-- This site is optimized with the Yoast SEO plugin v28.4 - https:\/\/yoast.com\/product\/yoast-seo-wordpress\/ -->\n<title>4-go Czerwca. \u017bywot \u015bw. Franciszka Caracciolo, Za\u0142o\u017cyciela Zakonu. - Tradycja i Wiara<\/title>\n<meta name=\"robots\" content=\"index, follow, max-snippet:-1, max-image-preview:large, max-video-preview:-1\" \/>\n<link rel=\"canonical\" href=\"https:\/\/wobronietradycjiiwiary.com\/pl\/4-go-czerwca-zywot-sw-franciszka-caracciolo-zalozyciela-zakonu-2-2\/\" \/>\n<meta property=\"og:locale\" content=\"pl_PL\" \/>\n<meta property=\"og:type\" content=\"article\" \/>\n<meta property=\"og:title\" content=\"4-go Czerwca. \u017bywot \u015bw. Franciszka Caracciolo, Za\u0142o\u017cyciela Zakonu. - Tradycja i Wiara\" \/>\n<meta property=\"og:description\" content=\"\u015aw. Franciszek Caracciolo dopiero wyzdrowiawszy z \u015bmiertelnej choroby pomy\u015bla\u0142 i kap\u0142a\u0144stwie. Bywa i tak.\" \/>\n<meta property=\"og:url\" content=\"https:\/\/wobronietradycjiiwiary.com\/pl\/4-go-czerwca-zywot-sw-franciszka-caracciolo-zalozyciela-zakonu-2-2\/\" \/>\n<meta property=\"og:site_name\" content=\"Tradycja i Wiara\" \/>\n<meta property=\"article:publisher\" content=\"https:\/\/www.facebook.com\/Tradycja-i-Wiara-108813920592249\" \/>\n<meta property=\"article:published_time\" content=\"2023-06-04T06:00:05+00:00\" \/>\n<meta property=\"article:modified_time\" content=\"2025-02-10T10:15:17+00:00\" \/>\n<meta property=\"og:image\" content=\"https:\/\/i0.wp.com\/wobronietradycjiiwiary.com\/wp-content\/uploads\/2021\/06\/Francis-Caraciollo-1.jpg?fit=567%2C900&ssl=1\" \/>\n\t<meta property=\"og:image:width\" content=\"567\" \/>\n\t<meta property=\"og:image:height\" content=\"900\" \/>\n\t<meta property=\"og:image:type\" content=\"image\/jpeg\" \/>\n<meta name=\"author\" content=\"Traditio et Fides\" \/>\n<meta name=\"twitter:card\" content=\"summary_large_image\" \/>\n<meta name=\"twitter:label1\" content=\"Napisane przez\" \/>\n\t<meta name=\"twitter:data1\" content=\"Traditio et Fides\" \/>\n\t<meta name=\"twitter:label2\" content=\"Szacowany czas czytania\" \/>\n\t<meta name=\"twitter:data2\" content=\"7 minut\" \/>\n<script type=\"application\/ld+json\" class=\"yoast-schema-graph\">{\"@context\":\"https:\\\/\\\/schema.org\",\"@graph\":[{\"@type\":\"Article\",\"@id\":\"https:\\\/\\\/wobronietradycjiiwiary.com\\\/4-go-czerwca-zywot-sw-franciszka-caracciolo-zalozyciela-zakonu-2-2\\\/#article\",\"isPartOf\":{\"@id\":\"https:\\\/\\\/wobronietradycjiiwiary.com\\\/4-go-czerwca-zywot-sw-franciszka-caracciolo-zalozyciela-zakonu-2-2\\\/\"},\"author\":{\"name\":\"Traditio et Fides\",\"@id\":\"https:\\\/\\\/wobronietradycjiiwiary.com\\\/pl\\\/#\\\/schema\\\/person\\\/2d6180ce6abcb681fef0daab7816e8f3\"},\"headline\":\"4-go Czerwca. \u017bywot \u015bw. Franciszka Caracciolo, Za\u0142o\u017cyciela Zakonu.\",\"datePublished\":\"2023-06-04T06:00:05+00:00\",\"dateModified\":\"2025-02-10T10:15:17+00:00\",\"mainEntityOfPage\":{\"@id\":\"https:\\\/\\\/wobronietradycjiiwiary.com\\\/4-go-czerwca-zywot-sw-franciszka-caracciolo-zalozyciela-zakonu-2-2\\\/\"},\"wordCount\":1400,\"commentCount\":0,\"publisher\":{\"@id\":\"https:\\\/\\\/wobronietradycjiiwiary.com\\\/pl\\\/#organization\"},\"image\":{\"@id\":\"https:\\\/\\\/wobronietradycjiiwiary.com\\\/4-go-czerwca-zywot-sw-franciszka-caracciolo-zalozyciela-zakonu-2-2\\\/#primaryimage\"},\"thumbnailUrl\":\"https:\\\/\\\/wobronietradycjiiwiary.com\\\/wp-content\\\/uploads\\\/2021\\\/06\\\/Francis-Caraciollo-1.jpg\",\"articleSection\":[\"06. \u015awi\u0119ta w czerwcu\",\"Duchowo\u015b\u0107\",\"Liturgia i liturgika\"],\"inLanguage\":\"pl-PL\",\"potentialAction\":[{\"@type\":\"CommentAction\",\"name\":\"Comment\",\"target\":[\"https:\\\/\\\/wobronietradycjiiwiary.com\\\/4-go-czerwca-zywot-sw-franciszka-caracciolo-zalozyciela-zakonu-2-2\\\/#respond\"]}]},{\"@type\":\"WebPage\",\"@id\":\"https:\\\/\\\/wobronietradycjiiwiary.com\\\/4-go-czerwca-zywot-sw-franciszka-caracciolo-zalozyciela-zakonu-2-2\\\/\",\"url\":\"https:\\\/\\\/wobronietradycjiiwiary.com\\\/4-go-czerwca-zywot-sw-franciszka-caracciolo-zalozyciela-zakonu-2-2\\\/\",\"name\":\"4-go Czerwca. \u017bywot \u015bw. Franciszka Caracciolo, Za\u0142o\u017cyciela Zakonu. - Tradycja i Wiara\",\"isPartOf\":{\"@id\":\"https:\\\/\\\/wobronietradycjiiwiary.com\\\/pl\\\/#website\"},\"primaryImageOfPage\":{\"@id\":\"https:\\\/\\\/wobronietradycjiiwiary.com\\\/4-go-czerwca-zywot-sw-franciszka-caracciolo-zalozyciela-zakonu-2-2\\\/#primaryimage\"},\"image\":{\"@id\":\"https:\\\/\\\/wobronietradycjiiwiary.com\\\/4-go-czerwca-zywot-sw-franciszka-caracciolo-zalozyciela-zakonu-2-2\\\/#primaryimage\"},\"thumbnailUrl\":\"https:\\\/\\\/wobronietradycjiiwiary.com\\\/wp-content\\\/uploads\\\/2021\\\/06\\\/Francis-Caraciollo-1.jpg\",\"datePublished\":\"2023-06-04T06:00:05+00:00\",\"dateModified\":\"2025-02-10T10:15:17+00:00\",\"breadcrumb\":{\"@id\":\"https:\\\/\\\/wobronietradycjiiwiary.com\\\/4-go-czerwca-zywot-sw-franciszka-caracciolo-zalozyciela-zakonu-2-2\\\/#breadcrumb\"},\"inLanguage\":\"pl-PL\",\"potentialAction\":[{\"@type\":\"ReadAction\",\"target\":[\"https:\\\/\\\/wobronietradycjiiwiary.com\\\/4-go-czerwca-zywot-sw-franciszka-caracciolo-zalozyciela-zakonu-2-2\\\/\"]}]},{\"@type\":\"ImageObject\",\"inLanguage\":\"pl-PL\",\"@id\":\"https:\\\/\\\/wobronietradycjiiwiary.com\\\/4-go-czerwca-zywot-sw-franciszka-caracciolo-zalozyciela-zakonu-2-2\\\/#primaryimage\",\"url\":\"https:\\\/\\\/wobronietradycjiiwiary.com\\\/wp-content\\\/uploads\\\/2021\\\/06\\\/Francis-Caraciollo-1.jpg\",\"contentUrl\":\"https:\\\/\\\/wobronietradycjiiwiary.com\\\/wp-content\\\/uploads\\\/2021\\\/06\\\/Francis-Caraciollo-1.jpg\",\"width\":567,\"height\":900},{\"@type\":\"BreadcrumbList\",\"@id\":\"https:\\\/\\\/wobronietradycjiiwiary.com\\\/4-go-czerwca-zywot-sw-franciszka-caracciolo-zalozyciela-zakonu-2-2\\\/#breadcrumb\",\"itemListElement\":[{\"@type\":\"ListItem\",\"position\":1,\"name\":\"Strona g\u0142\u00f3wna\",\"item\":\"https:\\\/\\\/wobronietradycjiiwiary.com\\\/\"},{\"@type\":\"ListItem\",\"position\":2,\"name\":\"4-go Czerwca. \u017bywot \u015bw. Franciszka Caracciolo, Za\u0142o\u017cyciela Zakonu.\"}]},{\"@type\":\"WebSite\",\"@id\":\"https:\\\/\\\/wobronietradycjiiwiary.com\\\/pl\\\/#website\",\"url\":\"https:\\\/\\\/wobronietradycjiiwiary.com\\\/pl\\\/\",\"name\":\"Tradycja i Wiara\",\"description\":\"Portal dla katolik\u00f3w.\",\"publisher\":{\"@id\":\"https:\\\/\\\/wobronietradycjiiwiary.com\\\/pl\\\/#organization\"},\"potentialAction\":[{\"@type\":\"SearchAction\",\"target\":{\"@type\":\"EntryPoint\",\"urlTemplate\":\"https:\\\/\\\/wobronietradycjiiwiary.com\\\/pl\\\/?s={search_term_string}\"},\"query-input\":{\"@type\":\"PropertyValueSpecification\",\"valueRequired\":true,\"valueName\":\"search_term_string\"}}],\"inLanguage\":\"pl-PL\"},{\"@type\":\"Organization\",\"@id\":\"https:\\\/\\\/wobronietradycjiiwiary.com\\\/pl\\\/#organization\",\"name\":\"Tradycja i Wiara\",\"url\":\"https:\\\/\\\/wobronietradycjiiwiary.com\\\/pl\\\/\",\"logo\":{\"@type\":\"ImageObject\",\"inLanguage\":\"pl-PL\",\"@id\":\"https:\\\/\\\/wobronietradycjiiwiary.com\\\/pl\\\/#\\\/schema\\\/logo\\\/image\\\/\",\"url\":\"https:\\\/\\\/i0.wp.com\\\/wobronietradycjiiwiary.com\\\/wp-content\\\/uploads\\\/2015\\\/10\\\/cropped-st-peters-dome-vatican.jpg?fit=940%2C198&ssl=1\",\"contentUrl\":\"https:\\\/\\\/i0.wp.com\\\/wobronietradycjiiwiary.com\\\/wp-content\\\/uploads\\\/2015\\\/10\\\/cropped-st-peters-dome-vatican.jpg?fit=940%2C198&ssl=1\",\"width\":940,\"height\":198,\"caption\":\"Tradycja i Wiara\"},\"image\":{\"@id\":\"https:\\\/\\\/wobronietradycjiiwiary.com\\\/pl\\\/#\\\/schema\\\/logo\\\/image\\\/\"},\"sameAs\":[\"https:\\\/\\\/www.facebook.com\\\/Tradycja-i-Wiara-108813920592249\"]},{\"@type\":\"Person\",\"@id\":\"https:\\\/\\\/wobronietradycjiiwiary.com\\\/pl\\\/#\\\/schema\\\/person\\\/2d6180ce6abcb681fef0daab7816e8f3\",\"name\":\"Traditio et Fides\",\"sameAs\":[\"https:\\\/\\\/traditionundglauben.com\"],\"url\":\"https:\\\/\\\/wobronietradycjiiwiary.com\\\/pl\\\/author\\\/wobronietradycjiiwiary\\\/\"}]}<\/script>\n<!-- \/ Yoast SEO plugin. -->","yoast_head_json":{"title":"4-go Czerwca. \u017bywot \u015bw. Franciszka Caracciolo, Za\u0142o\u017cyciela Zakonu. - Tradycja i Wiara","robots":{"index":"index","follow":"follow","max-snippet":"max-snippet:-1","max-image-preview":"max-image-preview:large","max-video-preview":"max-video-preview:-1"},"canonical":"https:\/\/wobronietradycjiiwiary.com\/pl\/4-go-czerwca-zywot-sw-franciszka-caracciolo-zalozyciela-zakonu-2-2\/","og_locale":"pl_PL","og_type":"article","og_title":"4-go Czerwca. \u017bywot \u015bw. Franciszka Caracciolo, Za\u0142o\u017cyciela Zakonu. - Tradycja i Wiara","og_description":"\u015aw. Franciszek Caracciolo dopiero wyzdrowiawszy z \u015bmiertelnej choroby pomy\u015bla\u0142 i kap\u0142a\u0144stwie. Bywa i tak.","og_url":"https:\/\/wobronietradycjiiwiary.com\/pl\/4-go-czerwca-zywot-sw-franciszka-caracciolo-zalozyciela-zakonu-2-2\/","og_site_name":"Tradycja i Wiara","article_publisher":"https:\/\/www.facebook.com\/Tradycja-i-Wiara-108813920592249","article_published_time":"2023-06-04T06:00:05+00:00","article_modified_time":"2025-02-10T10:15:17+00:00","og_image":[{"width":567,"height":900,"url":"https:\/\/i0.wp.com\/wobronietradycjiiwiary.com\/wp-content\/uploads\/2021\/06\/Francis-Caraciollo-1.jpg?fit=567%2C900&ssl=1","type":"image\/jpeg"}],"author":"Traditio et Fides","twitter_card":"summary_large_image","twitter_misc":{"Napisane przez":"Traditio et Fides","Szacowany czas czytania":"7 minut"},"schema":{"@context":"https:\/\/schema.org","@graph":[{"@type":"Article","@id":"https:\/\/wobronietradycjiiwiary.com\/4-go-czerwca-zywot-sw-franciszka-caracciolo-zalozyciela-zakonu-2-2\/#article","isPartOf":{"@id":"https:\/\/wobronietradycjiiwiary.com\/4-go-czerwca-zywot-sw-franciszka-caracciolo-zalozyciela-zakonu-2-2\/"},"author":{"name":"Traditio et Fides","@id":"https:\/\/wobronietradycjiiwiary.com\/pl\/#\/schema\/person\/2d6180ce6abcb681fef0daab7816e8f3"},"headline":"4-go Czerwca. \u017bywot \u015bw. Franciszka Caracciolo, Za\u0142o\u017cyciela Zakonu.","datePublished":"2023-06-04T06:00:05+00:00","dateModified":"2025-02-10T10:15:17+00:00","mainEntityOfPage":{"@id":"https:\/\/wobronietradycjiiwiary.com\/4-go-czerwca-zywot-sw-franciszka-caracciolo-zalozyciela-zakonu-2-2\/"},"wordCount":1400,"commentCount":0,"publisher":{"@id":"https:\/\/wobronietradycjiiwiary.com\/pl\/#organization"},"image":{"@id":"https:\/\/wobronietradycjiiwiary.com\/4-go-czerwca-zywot-sw-franciszka-caracciolo-zalozyciela-zakonu-2-2\/#primaryimage"},"thumbnailUrl":"https:\/\/wobronietradycjiiwiary.com\/wp-content\/uploads\/2021\/06\/Francis-Caraciollo-1.jpg","articleSection":["06. \u015awi\u0119ta w czerwcu","Duchowo\u015b\u0107","Liturgia i liturgika"],"inLanguage":"pl-PL","potentialAction":[{"@type":"CommentAction","name":"Comment","target":["https:\/\/wobronietradycjiiwiary.com\/4-go-czerwca-zywot-sw-franciszka-caracciolo-zalozyciela-zakonu-2-2\/#respond"]}]},{"@type":"WebPage","@id":"https:\/\/wobronietradycjiiwiary.com\/4-go-czerwca-zywot-sw-franciszka-caracciolo-zalozyciela-zakonu-2-2\/","url":"https:\/\/wobronietradycjiiwiary.com\/4-go-czerwca-zywot-sw-franciszka-caracciolo-zalozyciela-zakonu-2-2\/","name":"4-go Czerwca. \u017bywot \u015bw. Franciszka Caracciolo, Za\u0142o\u017cyciela Zakonu. - Tradycja i Wiara","isPartOf":{"@id":"https:\/\/wobronietradycjiiwiary.com\/pl\/#website"},"primaryImageOfPage":{"@id":"https:\/\/wobronietradycjiiwiary.com\/4-go-czerwca-zywot-sw-franciszka-caracciolo-zalozyciela-zakonu-2-2\/#primaryimage"},"image":{"@id":"https:\/\/wobronietradycjiiwiary.com\/4-go-czerwca-zywot-sw-franciszka-caracciolo-zalozyciela-zakonu-2-2\/#primaryimage"},"thumbnailUrl":"https:\/\/wobronietradycjiiwiary.com\/wp-content\/uploads\/2021\/06\/Francis-Caraciollo-1.jpg","datePublished":"2023-06-04T06:00:05+00:00","dateModified":"2025-02-10T10:15:17+00:00","breadcrumb":{"@id":"https:\/\/wobronietradycjiiwiary.com\/4-go-czerwca-zywot-sw-franciszka-caracciolo-zalozyciela-zakonu-2-2\/#breadcrumb"},"inLanguage":"pl-PL","potentialAction":[{"@type":"ReadAction","target":["https:\/\/wobronietradycjiiwiary.com\/4-go-czerwca-zywot-sw-franciszka-caracciolo-zalozyciela-zakonu-2-2\/"]}]},{"@type":"ImageObject","inLanguage":"pl-PL","@id":"https:\/\/wobronietradycjiiwiary.com\/4-go-czerwca-zywot-sw-franciszka-caracciolo-zalozyciela-zakonu-2-2\/#primaryimage","url":"https:\/\/wobronietradycjiiwiary.com\/wp-content\/uploads\/2021\/06\/Francis-Caraciollo-1.jpg","contentUrl":"https:\/\/wobronietradycjiiwiary.com\/wp-content\/uploads\/2021\/06\/Francis-Caraciollo-1.jpg","width":567,"height":900},{"@type":"BreadcrumbList","@id":"https:\/\/wobronietradycjiiwiary.com\/4-go-czerwca-zywot-sw-franciszka-caracciolo-zalozyciela-zakonu-2-2\/#breadcrumb","itemListElement":[{"@type":"ListItem","position":1,"name":"Strona g\u0142\u00f3wna","item":"https:\/\/wobronietradycjiiwiary.com\/"},{"@type":"ListItem","position":2,"name":"4-go Czerwca. \u017bywot \u015bw. Franciszka Caracciolo, Za\u0142o\u017cyciela Zakonu."}]},{"@type":"WebSite","@id":"https:\/\/wobronietradycjiiwiary.com\/pl\/#website","url":"https:\/\/wobronietradycjiiwiary.com\/pl\/","name":"Tradycja i Wiara","description":"Portal dla katolik\u00f3w.","publisher":{"@id":"https:\/\/wobronietradycjiiwiary.com\/pl\/#organization"},"potentialAction":[{"@type":"SearchAction","target":{"@type":"EntryPoint","urlTemplate":"https:\/\/wobronietradycjiiwiary.com\/pl\/?s={search_term_string}"},"query-input":{"@type":"PropertyValueSpecification","valueRequired":true,"valueName":"search_term_string"}}],"inLanguage":"pl-PL"},{"@type":"Organization","@id":"https:\/\/wobronietradycjiiwiary.com\/pl\/#organization","name":"Tradycja i Wiara","url":"https:\/\/wobronietradycjiiwiary.com\/pl\/","logo":{"@type":"ImageObject","inLanguage":"pl-PL","@id":"https:\/\/wobronietradycjiiwiary.com\/pl\/#\/schema\/logo\/image\/","url":"https:\/\/i0.wp.com\/wobronietradycjiiwiary.com\/wp-content\/uploads\/2015\/10\/cropped-st-peters-dome-vatican.jpg?fit=940%2C198&ssl=1","contentUrl":"https:\/\/i0.wp.com\/wobronietradycjiiwiary.com\/wp-content\/uploads\/2015\/10\/cropped-st-peters-dome-vatican.jpg?fit=940%2C198&ssl=1","width":940,"height":198,"caption":"Tradycja i Wiara"},"image":{"@id":"https:\/\/wobronietradycjiiwiary.com\/pl\/#\/schema\/logo\/image\/"},"sameAs":["https:\/\/www.facebook.com\/Tradycja-i-Wiara-108813920592249"]},{"@type":"Person","@id":"https:\/\/wobronietradycjiiwiary.com\/pl\/#\/schema\/person\/2d6180ce6abcb681fef0daab7816e8f3","name":"Traditio et Fides","sameAs":["https:\/\/traditionundglauben.com"],"url":"https:\/\/wobronietradycjiiwiary.com\/pl\/author\/wobronietradycjiiwiary\/"}]}},"jetpack_publicize_connections":[],"jetpack_sharing_enabled":true,"jetpack_likes_enabled":true,"jetpack_shortlink":"https:\/\/wp.me\/pc04Sd-ofw","jetpack-related-posts":[{"id":117726,"url":"https:\/\/wobronietradycjiiwiary.com\/pl\/4-go-czerwca-zywot-sw-franciszka-caracciolo-zalozyciela-zakonu-2-2-2\/","url_meta":{"origin":93218,"position":0},"title":"4-go Czerwca. \u017bywot \u015bw. Franciszka Caracciolo, Za\u0142o\u017cyciela Zakonu.","author":"Traditio et Fides","date":"4 czerwca 2024","format":false,"excerpt":"\u015aw. Franciszek Caracciolo dopiero wyzdrowiawszy z \u015bmiertelnej choroby pomy\u015bla\u0142 i kap\u0142a\u0144stwie. Bywa i tak.","rel":"","context":"W \u201e06. \u015awi\u0119ta w czerwcu&quot;","block_context":{"text":"06. \u015awi\u0119ta w czerwcu","link":"https:\/\/wobronietradycjiiwiary.com\/pl\/category\/duchowosc\/liturgia-i-liturgika\/rozwazania\/rok-liturgiczny\/swieta-w-czerwcu\/"},"img":{"alt_text":"","src":"https:\/\/i0.wp.com\/wobronietradycjiiwiary.com\/wp-content\/uploads\/2021\/06\/Francis-Caraciollo-1.jpg?resize=350%2C200&ssl=1","width":350,"height":200,"srcset":"https:\/\/i0.wp.com\/wobronietradycjiiwiary.com\/wp-content\/uploads\/2021\/06\/Francis-Caraciollo-1.jpg?resize=350%2C200&ssl=1 1x, https:\/\/i0.wp.com\/wobronietradycjiiwiary.com\/wp-content\/uploads\/2021\/06\/Francis-Caraciollo-1.jpg?resize=525%2C300&ssl=1 1.5x"},"classes":[]},{"id":117730,"url":"https:\/\/wobronietradycjiiwiary.com\/pl\/4-go-czerwca-zywot-sw-franciszka-caracciolo-zalozyciela-zakonu-2-2-3\/","url_meta":{"origin":93218,"position":1},"title":"4-go Czerwca. \u017bywot \u015bw. Franciszka Caracciolo, Za\u0142o\u017cyciela Zakonu.","author":"Traditio et Fides","date":"4 czerwca 2026","format":false,"excerpt":"\u015aw. Franciszek Caracciolo dopiero wyzdrowiawszy z \u015bmiertelnej choroby pomy\u015bla\u0142 i kap\u0142a\u0144stwie. Bywa i tak.","rel":"","context":"W \u201e06. \u015awi\u0119ta w czerwcu&quot;","block_context":{"text":"06. \u015awi\u0119ta w czerwcu","link":"https:\/\/wobronietradycjiiwiary.com\/pl\/category\/duchowosc\/liturgia-i-liturgika\/rozwazania\/rok-liturgiczny\/swieta-w-czerwcu\/"},"img":{"alt_text":"","src":"https:\/\/i0.wp.com\/wobronietradycjiiwiary.com\/wp-content\/uploads\/2021\/06\/Francis-Caraciollo-1.jpg?resize=350%2C200&ssl=1","width":350,"height":200,"srcset":"https:\/\/i0.wp.com\/wobronietradycjiiwiary.com\/wp-content\/uploads\/2021\/06\/Francis-Caraciollo-1.jpg?resize=350%2C200&ssl=1 1x, https:\/\/i0.wp.com\/wobronietradycjiiwiary.com\/wp-content\/uploads\/2021\/06\/Francis-Caraciollo-1.jpg?resize=525%2C300&ssl=1 1.5x"},"classes":[]},{"id":143966,"url":"https:\/\/wobronietradycjiiwiary.com\/pl\/4-go-czerwca-zywot-sw-franciszka-caracciolo-zalozyciela-zakonu-2-2-2-2\/","url_meta":{"origin":93218,"position":2},"title":"4-go Czerwca. \u017bywot \u015bw. Franciszka Caracciolo, Za\u0142o\u017cyciela Zakonu.","author":"Traditio et Fides","date":"4 czerwca 2025","format":false,"excerpt":"\u015aw. Franciszek Caracciolo dopiero wyzdrowiawszy z \u015bmiertelnej choroby pomy\u015bla\u0142 i kap\u0142a\u0144stwie. Bywa i tak.","rel":"","context":"W \u201e06. \u015awi\u0119ta w czerwcu&quot;","block_context":{"text":"06. \u015awi\u0119ta w czerwcu","link":"https:\/\/wobronietradycjiiwiary.com\/pl\/category\/duchowosc\/liturgia-i-liturgika\/rozwazania\/rok-liturgiczny\/swieta-w-czerwcu\/"},"img":{"alt_text":"","src":"https:\/\/i0.wp.com\/wobronietradycjiiwiary.com\/wp-content\/uploads\/2021\/06\/Francis-Caraciollo-1.jpg?resize=350%2C200&ssl=1","width":350,"height":200,"srcset":"https:\/\/i0.wp.com\/wobronietradycjiiwiary.com\/wp-content\/uploads\/2021\/06\/Francis-Caraciollo-1.jpg?resize=350%2C200&ssl=1 1x, https:\/\/i0.wp.com\/wobronietradycjiiwiary.com\/wp-content\/uploads\/2021\/06\/Francis-Caraciollo-1.jpg?resize=525%2C300&ssl=1 1.5x"},"classes":[]},{"id":38280,"url":"https:\/\/wobronietradycjiiwiary.com\/pl\/9-go-pazdziernika-zywot-swietego-ludwika-bertranda-dominikanina\/","url_meta":{"origin":93218,"position":3},"title":"9-go Pa\u017adziernika. \u017bywot \u015bwi\u0119tego Ludwika Bertranda, Dominikanina.","author":"Traditio et Fides","date":"9 pa\u017adziernika 2020","format":false,"excerpt":"\u017bywot \u015bw. Ludwika Bertran ukazuje nam, co naprawd\u0119 dar j\u0119zyk\u00f3w oznacza.","rel":"","context":"W \u201e10. \u015awi\u0119ta w pa\u017adzierniku&quot;","block_context":{"text":"10. \u015awi\u0119ta w pa\u017adzierniku","link":"https:\/\/wobronietradycjiiwiary.com\/pl\/category\/duchowosc\/liturgia-i-liturgika\/rozwazania\/rok-liturgiczny\/swieta-w-pazdzierniku\/"},"img":{"alt_text":"","src":"https:\/\/i0.wp.com\/wobronietradycjiiwiary.com\/wp-content\/uploads\/2020\/10\/Louis_Bertrand-e1601815387483.jpg?resize=350%2C200&ssl=1","width":350,"height":200,"srcset":"https:\/\/i0.wp.com\/wobronietradycjiiwiary.com\/wp-content\/uploads\/2020\/10\/Louis_Bertrand-e1601815387483.jpg?resize=350%2C200&ssl=1 1x, https:\/\/i0.wp.com\/wobronietradycjiiwiary.com\/wp-content\/uploads\/2020\/10\/Louis_Bertrand-e1601815387483.jpg?resize=525%2C300&ssl=1 1.5x"},"classes":[]},{"id":38288,"url":"https:\/\/wobronietradycjiiwiary.com\/pl\/9-go-pazdziernika-zywot-swietego-ludwika-bertranda-dominikanina-3\/","url_meta":{"origin":93218,"position":4},"title":"9-go Pa\u017adziernika. \u017bywot \u015bwi\u0119tego Ludwika Bertranda, Dominikanina.","author":"Traditio et Fides","date":"9 pa\u017adziernika 2021","format":false,"excerpt":"\u017bywot \u015bw. Ludwika Bertran ukazuje nam, co naprawd\u0119 dar j\u0119zyk\u00f3w oznacza.","rel":"","context":"W \u201e10. \u015awi\u0119ta w pa\u017adzierniku&quot;","block_context":{"text":"10. \u015awi\u0119ta w pa\u017adzierniku","link":"https:\/\/wobronietradycjiiwiary.com\/pl\/category\/duchowosc\/liturgia-i-liturgika\/rozwazania\/rok-liturgiczny\/swieta-w-pazdzierniku\/"},"img":{"alt_text":"","src":"","width":0,"height":0},"classes":[]},{"id":52000,"url":"https:\/\/wobronietradycjiiwiary.com\/pl\/9-go-pazdziernika-zywot-swietego-ludwika-bertranda-dominikanina-4\/","url_meta":{"origin":93218,"position":5},"title":"9-go Pa\u017adziernika. \u017bywot \u015bwi\u0119tego Ludwika Bertranda, Dominikanina.","author":"Traditio et Fides","date":"9 pa\u017adziernika 2022","format":false,"excerpt":"\u017bywot \u015bw. Ludwika Bertran ukazuje nam, co naprawd\u0119 dar j\u0119zyk\u00f3w oznacza.","rel":"","context":"W \u201e10. \u015awi\u0119ta w pa\u017adzierniku&quot;","block_context":{"text":"10. \u015awi\u0119ta w pa\u017adzierniku","link":"https:\/\/wobronietradycjiiwiary.com\/pl\/category\/duchowosc\/liturgia-i-liturgika\/rozwazania\/rok-liturgiczny\/swieta-w-pazdzierniku\/"},"img":{"alt_text":"","src":"https:\/\/i0.wp.com\/wobronietradycjiiwiary.com\/wp-content\/uploads\/2020\/10\/Louis_Bertrand-e1601815387483.jpg?resize=350%2C200&ssl=1","width":350,"height":200,"srcset":"https:\/\/i0.wp.com\/wobronietradycjiiwiary.com\/wp-content\/uploads\/2020\/10\/Louis_Bertrand-e1601815387483.jpg?resize=350%2C200&ssl=1 1x, https:\/\/i0.wp.com\/wobronietradycjiiwiary.com\/wp-content\/uploads\/2020\/10\/Louis_Bertrand-e1601815387483.jpg?resize=525%2C300&ssl=1 1.5x"},"classes":[]}],"amp_enabled":true,"jetpack_featured_media_url":"https:\/\/wobronietradycjiiwiary.com\/wp-content\/uploads\/2021\/06\/Francis-Caraciollo-1.jpg","_links":{"self":[{"href":"https:\/\/wobronietradycjiiwiary.com\/pl\/wp-json\/wp\/v2\/posts\/93218","targetHints":{"allow":["GET"]}}],"collection":[{"href":"https:\/\/wobronietradycjiiwiary.com\/pl\/wp-json\/wp\/v2\/posts"}],"about":[{"href":"https:\/\/wobronietradycjiiwiary.com\/pl\/wp-json\/wp\/v2\/types\/post"}],"author":[{"embeddable":true,"href":"https:\/\/wobronietradycjiiwiary.com\/pl\/wp-json\/wp\/v2\/users\/60508433"}],"replies":[{"embeddable":true,"href":"https:\/\/wobronietradycjiiwiary.com\/pl\/wp-json\/wp\/v2\/comments?post=93218"}],"version-history":[{"count":1,"href":"https:\/\/wobronietradycjiiwiary.com\/pl\/wp-json\/wp\/v2\/posts\/93218\/revisions"}],"predecessor-version":[{"id":93224,"href":"https:\/\/wobronietradycjiiwiary.com\/pl\/wp-json\/wp\/v2\/posts\/93218\/revisions\/93224"}],"wp:featuredmedia":[{"embeddable":true,"href":"https:\/\/wobronietradycjiiwiary.com\/pl\/wp-json\/wp\/v2\/media\/48527"}],"wp:attachment":[{"href":"https:\/\/wobronietradycjiiwiary.com\/pl\/wp-json\/wp\/v2\/media?parent=93218"}],"wp:term":[{"taxonomy":"category","embeddable":true,"href":"https:\/\/wobronietradycjiiwiary.com\/pl\/wp-json\/wp\/v2\/categories?post=93218"},{"taxonomy":"post_tag","embeddable":true,"href":"https:\/\/wobronietradycjiiwiary.com\/pl\/wp-json\/wp\/v2\/tags?post=93218"}],"curies":[{"name":"wp","href":"https:\/\/api.w.org\/{rel}","templated":true}]}}