{"id":93215,"date":"2023-06-07T08:00:05","date_gmt":"2023-06-07T06:00:05","guid":{"rendered":"https:\/\/wobronietradycjiiwiary.com\/?p=93215"},"modified":"2025-02-10T11:15:17","modified_gmt":"2025-02-10T10:15:17","slug":"7-go-czerwca-zywot-wielebnego-i-swietobliwego-meza-jana-zamojskiego-2-2","status":"publish","type":"post","link":"https:\/\/wobronietradycjiiwiary.com\/pl\/7-go-czerwca-zywot-wielebnego-i-swietobliwego-meza-jana-zamojskiego-2-2\/","title":{"rendered":"7-go Czerwca. \u017bywot wielebnego i \u015bwi\u0119tobliwego m\u0119\u017ca Jana Zamojskiego."},"content":{"rendered":"<div id=\"bsf_rt_marker\"><\/div>\n<p class=\"has-text-align-justify wp-block-paragraph\"><br>Urodzony by\u0142 roku Pa\u0144skiego 1542 z ojca Stanis\u0142awa kasztelana Che\u0142mskiego, hetmana nadwornego i matki Anny Herburt\u00f3wny, rodzic\u00f3w ze wszech innych miar godnych, opr\u00f3cz \u017ce w heretyckie ba\u015bnie wpl\u0105tani, zaci\u0119tnie w nich \u017cyli i pomarli, a syn\u00f3w swoich tak\u017ce tym jadem napoili. Jan naprz\u00f3d w Krasnymstawie pod akademickim profesorem wzi\u0105wszy pierwsze pocz\u0105tki nauki, a wielk\u0105 ch\u0119\u0107 maj\u0105c do wy\u017cszych umiej\u0119tno\u015bci, zajecha\u0142 do Krakowa i tam chwalebnie w naukach post\u0105pi\u0142. Stamt\u0105d przez wielk\u0105 ciekawo\u015b\u0107 pu\u015bci\u0142 si\u0119 do cudzych kraj\u00f3w, a wsz\u0119dzie jako pszcz\u00f3\u0142ka zbiera\u0142 po\u017cyteczne i przystojne stanowi swemu nauki. Przestaj\u0105c za\u015b z m\u0105drymi lud\u017ami katolickiej religii, s\u0142uchaj\u0105c gruntownych wywod\u00f3w z Pisma \u015bwi\u0119tego dobrem sercem, za o\u015bwieceniem te\u017c Ducha \u015bwi\u0119tego uzna\u0142 i przyj\u0105\u0142 wiar\u0119 katolick\u0105, kt\u00f3r\u0105 silnie zawsze trzyma\u0142 i broni\u0142. Z tego si\u0119 ciesz\u0105c, zwyk\u0142 by\u0142 mawia\u0107: \u201eGdym szuka\u0142 \u0142aciny, znalaz\u0142em zbawienie.\u201c<\/p>\n\n\n\n<p class=\"has-text-align-justify wp-block-paragraph\">W Pary\u017cu pilnie si\u0119 \u0107wiczy\u0142 w filozofii, polityce, historyi: stamt\u0105d uda\u0142 si\u0119 do W\u0142och i w Padwie s\u0142ucha\u0142 jurysprudencyi (gruntowna znajomo\u015b\u0107 prawa), gdzie tak zaja\u015bnia\u0142 i wysok\u0105 nauk\u0105 i przyjemnymi obyczajami, \u017ce s\u0142awna tameczna akademia rektorem sobie go obra\u0142a.<\/p>\n\n\n\n<p class=\"has-text-align-justify wp-block-paragraph\">Atoli od ojca wezwany do Polski powr\u00f3ci\u0142 i uda\u0142 si\u0119 na dw\u00f3r Zygmunta Augusta, k\u0119dy wszystkich o sobie rozumienia, zwyci\u0119\u017cy\u0142, osobliwie jednak Augustowi przypad\u0142 do serca, wi\u0119c po \u015bmierci Sobka podskarbiego koronnego wys\u0142a\u0142 go do odbierania skarbu. Tam Zamojski nie wprz\u00f3d wyjecha\u0142, a\u017c metryk\u0119 koronn\u0105 dawno\u015bci\u0105 lat pomieszan\u0105 i wszystkie prawa, traksakcye, przywileje kr\u00f3lewskie nale\u017cycie skonotowa\u0142 i u\u0142o\u017cy\u0142. Wdzi\u0119czny tej pracy jego kr\u00f3l, starostwo mu Be\u0142skie po \u015bmierci ojca jego konferowa\u0142. Pr\u0119dko potem i August kr\u00f3l zszed\u0142 z tronu do grobu; a Zamojski podczas Interregnum (bezkr\u00f3lewia) wyda\u0142 pismem form\u0119 konfederacyi, o wolno\u015bci i szczero\u015bci wotowania, tudzie\u017c o utrzymaniu spokojno\u015bci, tak m\u0105dr\u0105, \u017ce j\u0105 wszystkie wojew\u00f3dztwa w Glinianach przyj\u0119\u0142y. Jako\u017c w tej ksi\u0105\u017cce opisa\u0142 wszelkie regu\u0142y tej wolno\u015bci, kt\u00f3r\u0105 si\u0119 odt\u0105d nasza ojczyzna cieszy\u0142a.<\/p>\n\n\n\n<p class=\"has-text-align-justify wp-block-paragraph\">Na elekcyi Henryka Walezyusza kr\u00f3la on wszelkie trudno\u015bci u\u0142acni\u0142, czem tyle sobie zjedna\u0142 opinii, \u017ce go z inszymi po tego\u017c Henryka stany rzeczypospolitej uprosi\u0142y do Francyi, k\u0119dy go imieniem ca\u0142ego rycerstwa wita\u0142 z wielk\u0105 pochwa\u0142\u0105 i do Polski przyprowadzi\u0142. A \u017ce ten pan pr\u0119dko po\u017cegna\u0142 i osieroci\u0142 Polsk\u0119, drugie ju\u017c bezkr\u00f3lewie m\u0105drze i dzielnie utrzymywa\u0142 Zamojski i cho\u0107 by\u0142\u00a0m\u0142odym, cho\u0107 nie by\u0142 ministrem ani senatorem, prze\u0142amawszy mocn\u0105 a niebezpieczn\u0105 fakcy\u0119 austryack\u0105, sk\u0142oni\u0142 wszystkich serca na Stefana Batorego, kt\u00f3rego zna\u0142 i osob\u0119 i wyborne przymioty do rz\u0105dzenia. Przeto ten kr\u00f3l w kilkana\u015bcie dni po koronacyi, naprz\u00f3d mu da\u0142 piecz\u0119\u0107 mniejsz\u0105, a potem w rok i wi\u0119ksz\u0105. Gdy za\u015b na r\u00f3\u017cnych ekspedycyach dozna\u0142 rycerskiego m\u0119stwa w Zamojskim, pod Woro\u0144czanami odda\u0142 mu i bu\u0142aw\u0119 wielk\u0105 wraz przy kanclerstwie, kt\u00f3re dwoje tak wysokie i najtrudniejsze ministerya przez lat 24 z wielk\u0105 s\u0142aw\u0105 utrzymywa\u0142. A za czasem da\u0142 mu ten kr\u00f3l w ma\u0142\u017ce\u0144stwo synowic\u0119 swoj\u0105.<\/p>\n\n\n\n<p class=\"has-text-align-justify wp-block-paragraph\">Po \u015bmierci kr\u00f3la Stefana nast\u0105pi\u0142o trzecie bezkr\u00f3lewie w Polsce nader k\u0142\u00f3tliwe, podczas kt\u00f3rego wsparty mo\u017cnymi posi\u0142kami polskich pan\u00f3w, ale luteran\u00f3w i kalwinist\u00f3w, Maksymilian ksi\u0105\u017c\u0119 Rakuski, a brat cesarski, dar\u0142 si\u0119 do tronu polskiego; ale Zamojski upatruj\u0105c st\u0105d upadek wolno\u015bci i wiary katolickiej, opar\u0142 mu si\u0119 m\u0119\u017cnie, zbiwszy go pod Byczyn\u0105 i zabrawszy w niewol\u0119; jednak i tego pana, i wraz z nim pojmanych kawaler\u00f3w, z tak\u0105 \u0142askawo\u015bci\u0105 traktowa\u0142, \u017ce ich ani s\u0142owem, ani \u017cadnem wymawianiem nie dra\u017cni\u0142, co samym jego niewolnikom by\u0142o w podziwieniu.<\/p>\n\n\n\n<p class=\"has-text-align-justify wp-block-paragraph\">Jako za\u015b w obraniu nowego kr\u00f3la za cel mia\u0142 ca\u0142o\u015b\u0107 wolno\u015bci i wiary, tak rad\u0105 swoj\u0105 do tego poci\u0105gn\u0105\u0142 Polak\u00f3w, \u017ce na tron wzi\u0119li Zygmunta III, kr\u00f3lewicza Szwedzkiego z Jagiellonki matki zrodzonego, pana cn\u00f3t wybornych, a d\u0142ugo i szcz\u0119\u015bliwie panuj\u0105cego, ile przy zdrowych Zamojskiego radach, kt\u00f3rych je\u017celi kiedy uchybi\u0142, (jako to o wzi\u0119ciu siostry rodzonej po siostrze w ma\u0142\u017ce\u0144stwo) musia\u0142 rokosze i inne nieszcz\u0119\u015bcia ponosi\u0107.<\/p>\n\n\n\n<p class=\"has-text-align-justify wp-block-paragraph\">Jako hetman Jan wszystkie wojny (jedn\u0119 pod Byczyn\u0105 wyj\u0105wszy) toczy\u0142 z samymi tylko nieprzyjacio\u0142mi wiary, to jest Turkami, Tatarami i schizmatykami, kt\u00f3rych i znacznie i szcz\u0119\u015bliwie gromi\u0142, bo z ka\u017cdej potyczki zwyci\u0119zc\u0105 odchodzi\u0142. Wojsko w wielkiej trzyma\u0142 karno\u015bci, mia\u0142 jednak sobie powolne i wierne, cz\u0119\u015bci\u0105 \u017ce powinn\u0105 rycerstwu zap\u0142at\u0119 pilnie obmy\u015bla\u0142, cz\u0119\u015bci\u0105 \u017ce zas\u0142u\u017conym kawalerom wielk\u0105 swoj\u0105 u kr\u00f3l\u00f3w dzielno\u015bci\u0105 uprasza\u0142 i rozdawa\u0142 tak honory w ojczy\u017anie jako i kr\u00f3lewszczyzny. Ludzi m\u0105drych wielce kocha\u0142, osobliwie bieg\u0142ych w sprawach i prawach rzeczypospolitej; a cho\u0107 by\u0142 pan m\u0105dry, rady ich s\u0142ucha\u0142 i ch\u0119tnie na niej przestawa\u0142. Wiara jego ku Bogu nie by\u0142a tylko na poz\u00f3r, ale szczera i uczynkami chrze\u015bcija\u0144skimi wydatna. Przeto cz\u0119stokro\u0107 mawia\u0142: \u201eSercem, nie tylko ustami czci\u0107 Boga potrzeba, ja zawsze za wiar\u0119 katolick\u0105 krew wyla\u0107 gotowy jestem, lubo j\u0105 g\u0119b\u0105 tylko insi wyznaj\u0105.\u201c<\/p>\n\n\n\n<p class=\"has-text-align-justify wp-block-paragraph\">Do dyssydent\u00f3w na sejmie m\u00f3wi\u0142: \u201eGdyby to mo\u017cna by\u0142o, aby\u015bcie wszyscy katolikami byli, po\u0142owic\u0119 \u017cycia i zdrowia mego na to bym \u0142o\u017cy\u0142! Po\u0142owic\u0119 m\u00f3wi\u0119, abym si\u0119 drug\u0105 po\u0142ow\u0105 z jedno\u015bci waszej z wami cieszy\u0142.\u201c<\/p>\n\n\n\n<p class=\"has-text-align-justify wp-block-paragraph\">W testamencie swoim zalecaj\u0105c mocno t\u0119\u017c wiar\u0119 synowi Tomaszowi, to doda\u0142: \u201eLepiej si\u0119 nie rodzi\u0107, ni\u017c w tej wierze nie \u017cy\u0107.\u201c \u017barliwo\u015b\u0107 swoj\u0105 o t\u0119\u017c wiar\u0119 i tem o\u015bwiadczy\u0142, \u017ce gdy stany \u015bwieckie chcia\u0142y ekskludowa\u0107 (wy\u0142\u0105cza\u0107) od trybuna\u0142u koronnego duchownych deputat\u00f3w, Zamojski si\u0119 temu opar\u0142 i utrzyma\u0142 ich powag\u0119, si\u0142a ko\u015bcio\u0142\u00f3w katolickich wydartych przez potentaty heretyckie odebra\u0142, i katolikom przywr\u00f3ci\u0142, jako to: w Rydze, w Prusach, Inflantach, w Turobinie i po innych miejscach. Wielu szlachty w Lubelskiem i Be\u0142skiem, wojew\u00f3dztwach herezy\u0105 zara\u017conych, tak m\u0105dr\u0105 rad\u0105, jako i przyk\u0142adem pobo\u017cno\u015bci swojej, do wiary katolickiej przyprowadzi\u0142.<\/p>\n\n\n\n<p class=\"has-text-align-justify wp-block-paragraph\">\u2009\u017badnego dnia nie opu\u015bci\u0142, kt\u00f3regoby z wielkiem nabo\u017ce\u0144stwem Mszy \u015bwi\u0119tej nie s\u0142ucha\u0142, a gdy dla ci\u0119\u017ckich interes\u00f3w s\u0142ucha\u0107 nie m\u00f3g\u0142, to opuszczenie ja\u0142mu\u017cn\u0105 nagradza\u0142. Pacierze kap\u0142a\u0144skie cho\u0107by przy najwi\u0119kszych zatrudnieniach z wielk\u0105 pilno\u015bci\u0105 codziennie odmawia\u0142, dwojaki st\u0105d po\u017cytek sobie przyznaj\u0105c, jeden, \u017ce przez ten czas z Bogiem rozmawia\u0142, drugi i\u017c przez ca\u0142y rok wszystko prawie Pismo \u015bw. przejrza\u0142. \u015awiadkami pobo\u017cno\u015bci jego s\u0105 fundacye nie tylko w kollegiacie Zamojskiej, ale i po wielu ko\u015bcio\u0142ach w Ordynacyi poczynione, kt\u00f3re zebrawszy, wi\u0119cej ni\u017c na milion z\u0142otych uczyni\u0142y. Sprawiedliwo\u015bci jako we wszystkich rzeczach, tak osobliwie w s\u0105dach \u015bci\u015ble przestrzega\u0142, nieprzekonany \u017cadnymi podarunkami, ani te\u017c boja\u017ani\u0105 by najmo\u017cniejszych. Przeto cho\u0107 rodzina Zborowskich za jego\u00a0<a href=\"https:\/\/pl.wikisource.org\/wiki\/Plik:%C5%BBywoty_%C5%9Bw._Pa%C5%84skich_na_wszystkie_dnie_roku-p._577.jpg\"><\/a><a href=\"https:\/\/pl.wikisource.org\/wiki\/Plik:%C5%BBywoty_%C5%9Bw._Pa%C5%84skich_na_wszystkie_dnie_roku-p._577.jpg\"><\/a>Jan Zamojski.czasu mo\u017cniejsza by\u0142a nad inne, jednego z niej Samuela Zborowskiego prze\u015bwiadczonego o zabicie Wapowskiego kasztelana Przemyskiego, jako starosta Krakowski na \u015bmier\u0107 skaza\u0142.<\/p>\n\n\n\n<p class=\"has-text-align-justify wp-block-paragraph\">\u2009Nadto je\u017celi trybuna\u0142y tak w Polsce jako i w Litwie s\u0105 filarami wolno\u015bci i sprawiedliwo\u015bci, on ich pierwszym by\u0142 powodem i autorem, kiedy Stefanowi kr\u00f3lowi ten spos\u00f3b wynalaz\u0142 i poda\u0142, aby synowie koronni od sejmu do sejmu je\u017cd\u017c\u0105c z wielkim kosztem sprawiedliwo\u015bci przez lat kilka albo kilkana\u015bcie nie czekali, ale j\u0105 co rok w trybunale znale\u017a\u0107 mogli.<\/p>\n\n\n\n<p class=\"has-text-align-justify wp-block-paragraph\">Mi\u0142o\u015b\u0107 ojczyzny w\u0142asnej by\u0142a w tym panu niepor\u00f3wnana, przeto nie tylko wiele oderwanych od niej pa\u0144stw, m\u0119stwem i rad\u0105 swoj\u0105 odzyska\u0142, ale aby wi\u0119cej coraz ludzi m\u0105drych i uczonych mia\u0142a, akademi\u0119 w Zamo\u015bciu wielkim nak\u0142adem fundowa\u0142, do kt\u00f3rej ludzi wybornie m\u0105drych sprowadzi\u0142. Do udoskonalenia szk\u00f3\u0142 lwowskich i jaros\u0142awskich wiele si\u0119 przy\u0142o\u017cy\u0142. Podczas sejmu i wojny cztery tylko godziny sypia\u0142, reszt\u0119 nocy na po\u017cyteczne rozporz\u0105dznie albo obrady obraca\u0142. Przeto gdy arcyksi\u0105\u017c\u0119 Maksymilian wsparty Zborowskiego potency\u0105, przegra\u0142, to powiedzia\u0142: \u201eNie dziw, \u017ce Zamojski wygra\u0142, kt\u00f3ry tylko cztery godziny sypia a reszt\u0119 na obrady \u0142o\u017cy.\u201c Zborowski za\u015b przegra\u0142, kt\u00f3ry cztery godziny \u0142o\u017cy na obrady, a reszt\u0119 dnia i nocy na pija\u0144stwie i spaniu trawi.<\/p>\n\n\n\n<p class=\"has-text-align-justify wp-block-paragraph\">Ja\u015bnia\u0142 i innemi cnotami Zamojski przed Bogiem i lud\u017ami. Kogo raz wzi\u0105\u0142 w przyja\u017a\u0144, statecznie na zawsze w niej trwa\u0142 a\u017c do \u015bmierci. Zawzi\u0119to\u015bci przeciwko nikomu nie mia\u0142; a lubo z wielu si\u0119 by\u0142 por\u00f3\u017cni\u0142 z okazyi obrania kr\u00f3l\u00f3w: Stefana i Zygmunta III, do kt\u00f3rej on nad inne pom\u00f3g\u0142, z wszystkimi jednak pojednawszy si\u0119, \u017cy\u0142 potem w przyja\u017ani. Zbytek i rozrzutno\u015b\u0107 zaraz\u0105 ludzk\u0105 by\u0107 przyznawa\u0142, bo potem niedostatek do wielu niegodziwych rzeczy przyprowadza; hojn\u0105 jednak uczynno\u015b\u0107 wed\u0142ug s\u0142u\u017cby ka\u017cdego chwali\u0142, kt\u00f3r\u0105 i sam gdzie by\u0142o potrzeba po pa\u0144sku \u015bwiadczy\u0142.<\/p>\n\n\n\n<p class=\"has-text-align-justify wp-block-paragraph\">Rachunk\u00f3w swoich ludzi codzie\u0144 s\u0142ucha\u0142, albo przynajmniej raz na tydzie\u0144, przestrzegaj\u0105c aby daremnych wydatk\u00f3w nie by\u0142o, bo lubo mia\u0142 wielkie dochody, nie mniejszy jednak rozch\u00f3d. Ubogiego nigdy bez ja\u0142mu\u017cny nie puszcza\u0142. Szpitale fundowa\u0142 i opatrowa\u0142 posy\u0142aj\u0105c do nich pieni\u0105dze; a do bractwa mi\u0142osierdzia testamentem swoim pewn\u0105 sum\u0119 naznaczy\u0142 dla wspomo\u017cenia pieni\u0119dzmi. \u017bo\u0142nierzy starych, spracowanych, kalek\u00f3w i zas\u0142u\u017conych albo mniejszemi posadami, albo do\u017cywociami po swoich folwarkach, albo pieni\u0119dzmi kontentowa\u0142.<\/p>\n\n\n\n<p class=\"has-text-align-justify wp-block-paragraph\"><br>\u2009Na \u015bmier\u0107 zawsze pami\u0119ta\u0142, dlaczego przed ka\u017cd\u0105 bitw\u0105 testament czyni\u0142, a w ka\u017cdym z nich z Wiar\u0105 \u015bw. katolick\u0105 o\u015bwiadczy\u0142 si\u0119. Roku Pa\u0144skiego 1605 oddawszy Inflanty kr\u00f3lowi i rzeczypospolitej, pojecha\u0142 do Zamo\u015bcia, gdzie ma\u0142o co choruj\u0105c, a bardziej tylko s\u0142abiej\u0105c, gotowa\u0142 si\u0119 do \u015bmierci; testament uczyni\u0142, w kt\u00f3rym rozrz\u0105dzi\u0142 aby pr\u0119dko po \u015bmierci i bez wszelkiej pompy by\u0142 pochowany. Na nagrobku to tylko kaza\u0142 napisa\u0107: \u201eJan Zamojski, kanclerz i hetman, co mia\u0142 \u015bmiertelnego, tu z\u0142o\u017cy\u0142.\u201c A opatrzony \u015bw. Sakramentami, wstawszy ze snu po obiedzie, na r\u0119ku \u017cony swojej z domu Tarnowskiej i syna swego Tomasza przeni\u00f3s\u0142 si\u0119 na odpoczynek wieczny, zostawiwszy po sobie przyk\u0142ad jako wysoki honor i fortuna \u0142\u0105czy\u0107 si\u0119 mo\u017ce z Wiar\u0105 \u015bw. i pobo\u017cno\u015bci\u0105 chrze\u015bcija\u0144sk\u0105. Z czego Panu nad pany i Kr\u00f3lowi nad kr\u00f3lmi Bogu chwa\u0142a przez wieki. Amen.<\/p>\n","protected":false},"excerpt":{"rendered":"<p>&#8220;Gdym szuka\u0142 \u0142aciny, znalaz\u0142em zbawienie&#8221;, rzek\u0142 pochodz\u0105cy z heretyckiej rodziny Jan Zamoyski, kt\u00f3rzy przeszed\u0142 na katolicyzm. I oczywi\u015bcie, \u017ce tak jest. To, co narodowe jest zawsze partykularne, a \u0142acina jest uniwersalnym j\u0119zykiem uniwersalnego Ko\u015bcio\u0142a. <\/p>\n","protected":false},"author":60508433,"featured_media":48964,"comment_status":"open","ping_status":"open","sticky":false,"template":"","format":"standard","meta":{"_bbp_topic_count":0,"_bbp_reply_count":0,"_bbp_total_topic_count":0,"_bbp_total_reply_count":0,"_bbp_voice_count":0,"_bbp_anonymous_reply_count":0,"_bbp_topic_count_hidden":0,"_bbp_reply_count_hidden":0,"_bbp_forum_subforum_count":0,"_editorskit_title_hidden":false,"_editorskit_reading_time":0,"_editorskit_is_block_options_detached":false,"_editorskit_block_options_position":"{}","_coblocks_attr":"","_coblocks_dimensions":"","_coblocks_responsive_height":"","_coblocks_accordion_ie_support":"","_exactmetrics_skip_tracking":false,"_jetpack_newsletter_access":"","_jetpack_dont_email_post_to_subs":false,"_jetpack_newsletter_tier_id":0,"_jetpack_memberships_contains_paywalled_content":false,"_wpcom_ai_launchpad_first_post":false,"_jetpack_feature_clip_id":0,"_jetpack_memberships_contains_paid_content":false,"footnotes":"","jetpack_publicize_message":"{title}\n\n{excerpt}\n\n{url}","jetpack_publicize_feature_enabled":true,"jetpack_social_post_already_shared":true,"jetpack_social_options":{"image_generator_settings":{"template":"highway","default_image_id":0,"font":"","enabled":false},"version":2},"_wpas_customize_per_network":false,"jetpack_post_was_ever_published":false},"categories":[610131821,610131184,336375535],"tags":[],"class_list":["post-93215","post","type-post","status-publish","format-standard","has-post-thumbnail","hentry","category-swieta-w-czerwcu","category-duchowosc","category-liturgia-i-liturgika"],"yoast_head":"<!-- This site is optimized with the Yoast SEO plugin v28.4 - https:\/\/yoast.com\/product\/yoast-seo-wordpress\/ -->\n<title>7-go Czerwca. \u017bywot wielebnego i \u015bwi\u0119tobliwego m\u0119\u017ca Jana Zamojskiego. - Tradycja i Wiara<\/title>\n<meta name=\"robots\" content=\"index, follow, max-snippet:-1, max-image-preview:large, max-video-preview:-1\" \/>\n<link rel=\"canonical\" href=\"https:\/\/wobronietradycjiiwiary.com\/pl\/7-go-czerwca-zywot-wielebnego-i-swietobliwego-meza-jana-zamojskiego-2-2\/\" \/>\n<meta property=\"og:locale\" content=\"pl_PL\" \/>\n<meta property=\"og:type\" content=\"article\" \/>\n<meta property=\"og:title\" content=\"7-go Czerwca. \u017bywot wielebnego i \u015bwi\u0119tobliwego m\u0119\u017ca Jana Zamojskiego. - Tradycja i Wiara\" \/>\n<meta property=\"og:description\" content=\"&quot;Gdym szuka\u0142 \u0142aciny, znalaz\u0142em zbawienie&quot;, rzek\u0142 pochodz\u0105cy z heretyckiej rodziny Jan Zamoyski, kt\u00f3rzy przeszed\u0142 na katolicyzm. I oczywi\u015bcie, \u017ce tak jest. To, co narodowe jest zawsze partykularne, a \u0142acina jest uniwersalnym j\u0119zykiem uniwersalnego Ko\u015bcio\u0142a.\" \/>\n<meta property=\"og:url\" content=\"https:\/\/wobronietradycjiiwiary.com\/pl\/7-go-czerwca-zywot-wielebnego-i-swietobliwego-meza-jana-zamojskiego-2-2\/\" \/>\n<meta property=\"og:site_name\" content=\"Tradycja i Wiara\" \/>\n<meta property=\"article:publisher\" content=\"https:\/\/www.facebook.com\/Tradycja-i-Wiara-108813920592249\" \/>\n<meta property=\"article:published_time\" content=\"2023-06-07T06:00:05+00:00\" \/>\n<meta property=\"article:modified_time\" content=\"2025-02-10T10:15:17+00:00\" \/>\n<meta property=\"og:image\" content=\"https:\/\/i0.wp.com\/wobronietradycjiiwiary.com\/wp-content\/uploads\/2021\/06\/Jan_Zamoyski.jpg?fit=476%2C619&ssl=1\" \/>\n\t<meta property=\"og:image:width\" content=\"476\" \/>\n\t<meta property=\"og:image:height\" content=\"619\" \/>\n\t<meta property=\"og:image:type\" content=\"image\/jpeg\" \/>\n<meta name=\"author\" content=\"Traditio et Fides\" \/>\n<meta name=\"twitter:card\" content=\"summary_large_image\" \/>\n<meta name=\"twitter:label1\" content=\"Napisane przez\" \/>\n\t<meta name=\"twitter:data1\" content=\"Traditio et Fides\" \/>\n\t<meta name=\"twitter:label2\" content=\"Szacowany czas czytania\" \/>\n\t<meta name=\"twitter:data2\" content=\"9 minut\" \/>\n<script type=\"application\/ld+json\" class=\"yoast-schema-graph\">{\"@context\":\"https:\\\/\\\/schema.org\",\"@graph\":[{\"@type\":\"Article\",\"@id\":\"https:\\\/\\\/wobronietradycjiiwiary.com\\\/7-go-czerwca-zywot-wielebnego-i-swietobliwego-meza-jana-zamojskiego-2-2\\\/#article\",\"isPartOf\":{\"@id\":\"https:\\\/\\\/wobronietradycjiiwiary.com\\\/7-go-czerwca-zywot-wielebnego-i-swietobliwego-meza-jana-zamojskiego-2-2\\\/\"},\"author\":{\"name\":\"Traditio et Fides\",\"@id\":\"https:\\\/\\\/wobronietradycjiiwiary.com\\\/pl\\\/#\\\/schema\\\/person\\\/2d6180ce6abcb681fef0daab7816e8f3\"},\"headline\":\"7-go Czerwca. \u017bywot wielebnego i \u015bwi\u0119tobliwego m\u0119\u017ca Jana Zamojskiego.\",\"datePublished\":\"2023-06-07T06:00:05+00:00\",\"dateModified\":\"2025-02-10T10:15:17+00:00\",\"mainEntityOfPage\":{\"@id\":\"https:\\\/\\\/wobronietradycjiiwiary.com\\\/7-go-czerwca-zywot-wielebnego-i-swietobliwego-meza-jana-zamojskiego-2-2\\\/\"},\"wordCount\":1783,\"commentCount\":0,\"publisher\":{\"@id\":\"https:\\\/\\\/wobronietradycjiiwiary.com\\\/pl\\\/#organization\"},\"image\":{\"@id\":\"https:\\\/\\\/wobronietradycjiiwiary.com\\\/7-go-czerwca-zywot-wielebnego-i-swietobliwego-meza-jana-zamojskiego-2-2\\\/#primaryimage\"},\"thumbnailUrl\":\"https:\\\/\\\/wobronietradycjiiwiary.com\\\/wp-content\\\/uploads\\\/2021\\\/06\\\/Jan_Zamoyski.jpg\",\"articleSection\":[\"06. \u015awi\u0119ta w czerwcu\",\"Duchowo\u015b\u0107\",\"Liturgia i liturgika\"],\"inLanguage\":\"pl-PL\",\"potentialAction\":[{\"@type\":\"CommentAction\",\"name\":\"Comment\",\"target\":[\"https:\\\/\\\/wobronietradycjiiwiary.com\\\/7-go-czerwca-zywot-wielebnego-i-swietobliwego-meza-jana-zamojskiego-2-2\\\/#respond\"]}]},{\"@type\":\"WebPage\",\"@id\":\"https:\\\/\\\/wobronietradycjiiwiary.com\\\/7-go-czerwca-zywot-wielebnego-i-swietobliwego-meza-jana-zamojskiego-2-2\\\/\",\"url\":\"https:\\\/\\\/wobronietradycjiiwiary.com\\\/7-go-czerwca-zywot-wielebnego-i-swietobliwego-meza-jana-zamojskiego-2-2\\\/\",\"name\":\"7-go Czerwca. \u017bywot wielebnego i \u015bwi\u0119tobliwego m\u0119\u017ca Jana Zamojskiego. - Tradycja i Wiara\",\"isPartOf\":{\"@id\":\"https:\\\/\\\/wobronietradycjiiwiary.com\\\/pl\\\/#website\"},\"primaryImageOfPage\":{\"@id\":\"https:\\\/\\\/wobronietradycjiiwiary.com\\\/7-go-czerwca-zywot-wielebnego-i-swietobliwego-meza-jana-zamojskiego-2-2\\\/#primaryimage\"},\"image\":{\"@id\":\"https:\\\/\\\/wobronietradycjiiwiary.com\\\/7-go-czerwca-zywot-wielebnego-i-swietobliwego-meza-jana-zamojskiego-2-2\\\/#primaryimage\"},\"thumbnailUrl\":\"https:\\\/\\\/wobronietradycjiiwiary.com\\\/wp-content\\\/uploads\\\/2021\\\/06\\\/Jan_Zamoyski.jpg\",\"datePublished\":\"2023-06-07T06:00:05+00:00\",\"dateModified\":\"2025-02-10T10:15:17+00:00\",\"breadcrumb\":{\"@id\":\"https:\\\/\\\/wobronietradycjiiwiary.com\\\/7-go-czerwca-zywot-wielebnego-i-swietobliwego-meza-jana-zamojskiego-2-2\\\/#breadcrumb\"},\"inLanguage\":\"pl-PL\",\"potentialAction\":[{\"@type\":\"ReadAction\",\"target\":[\"https:\\\/\\\/wobronietradycjiiwiary.com\\\/7-go-czerwca-zywot-wielebnego-i-swietobliwego-meza-jana-zamojskiego-2-2\\\/\"]}]},{\"@type\":\"ImageObject\",\"inLanguage\":\"pl-PL\",\"@id\":\"https:\\\/\\\/wobronietradycjiiwiary.com\\\/7-go-czerwca-zywot-wielebnego-i-swietobliwego-meza-jana-zamojskiego-2-2\\\/#primaryimage\",\"url\":\"https:\\\/\\\/wobronietradycjiiwiary.com\\\/wp-content\\\/uploads\\\/2021\\\/06\\\/Jan_Zamoyski.jpg\",\"contentUrl\":\"https:\\\/\\\/wobronietradycjiiwiary.com\\\/wp-content\\\/uploads\\\/2021\\\/06\\\/Jan_Zamoyski.jpg\",\"width\":476,\"height\":619},{\"@type\":\"BreadcrumbList\",\"@id\":\"https:\\\/\\\/wobronietradycjiiwiary.com\\\/7-go-czerwca-zywot-wielebnego-i-swietobliwego-meza-jana-zamojskiego-2-2\\\/#breadcrumb\",\"itemListElement\":[{\"@type\":\"ListItem\",\"position\":1,\"name\":\"Strona g\u0142\u00f3wna\",\"item\":\"https:\\\/\\\/wobronietradycjiiwiary.com\\\/\"},{\"@type\":\"ListItem\",\"position\":2,\"name\":\"7-go Czerwca. \u017bywot wielebnego i \u015bwi\u0119tobliwego m\u0119\u017ca Jana Zamojskiego.\"}]},{\"@type\":\"WebSite\",\"@id\":\"https:\\\/\\\/wobronietradycjiiwiary.com\\\/pl\\\/#website\",\"url\":\"https:\\\/\\\/wobronietradycjiiwiary.com\\\/pl\\\/\",\"name\":\"Tradycja i Wiara\",\"description\":\"Portal dla katolik\u00f3w.\",\"publisher\":{\"@id\":\"https:\\\/\\\/wobronietradycjiiwiary.com\\\/pl\\\/#organization\"},\"potentialAction\":[{\"@type\":\"SearchAction\",\"target\":{\"@type\":\"EntryPoint\",\"urlTemplate\":\"https:\\\/\\\/wobronietradycjiiwiary.com\\\/pl\\\/?s={search_term_string}\"},\"query-input\":{\"@type\":\"PropertyValueSpecification\",\"valueRequired\":true,\"valueName\":\"search_term_string\"}}],\"inLanguage\":\"pl-PL\"},{\"@type\":\"Organization\",\"@id\":\"https:\\\/\\\/wobronietradycjiiwiary.com\\\/pl\\\/#organization\",\"name\":\"Tradycja i Wiara\",\"url\":\"https:\\\/\\\/wobronietradycjiiwiary.com\\\/pl\\\/\",\"logo\":{\"@type\":\"ImageObject\",\"inLanguage\":\"pl-PL\",\"@id\":\"https:\\\/\\\/wobronietradycjiiwiary.com\\\/pl\\\/#\\\/schema\\\/logo\\\/image\\\/\",\"url\":\"https:\\\/\\\/i0.wp.com\\\/wobronietradycjiiwiary.com\\\/wp-content\\\/uploads\\\/2015\\\/10\\\/cropped-st-peters-dome-vatican.jpg?fit=940%2C198&ssl=1\",\"contentUrl\":\"https:\\\/\\\/i0.wp.com\\\/wobronietradycjiiwiary.com\\\/wp-content\\\/uploads\\\/2015\\\/10\\\/cropped-st-peters-dome-vatican.jpg?fit=940%2C198&ssl=1\",\"width\":940,\"height\":198,\"caption\":\"Tradycja i Wiara\"},\"image\":{\"@id\":\"https:\\\/\\\/wobronietradycjiiwiary.com\\\/pl\\\/#\\\/schema\\\/logo\\\/image\\\/\"},\"sameAs\":[\"https:\\\/\\\/www.facebook.com\\\/Tradycja-i-Wiara-108813920592249\"]},{\"@type\":\"Person\",\"@id\":\"https:\\\/\\\/wobronietradycjiiwiary.com\\\/pl\\\/#\\\/schema\\\/person\\\/2d6180ce6abcb681fef0daab7816e8f3\",\"name\":\"Traditio et Fides\",\"sameAs\":[\"https:\\\/\\\/traditionundglauben.com\"],\"url\":\"https:\\\/\\\/wobronietradycjiiwiary.com\\\/pl\\\/author\\\/wobronietradycjiiwiary\\\/\"}]}<\/script>\n<!-- \/ Yoast SEO plugin. -->","yoast_head_json":{"title":"7-go Czerwca. \u017bywot wielebnego i \u015bwi\u0119tobliwego m\u0119\u017ca Jana Zamojskiego. - Tradycja i Wiara","robots":{"index":"index","follow":"follow","max-snippet":"max-snippet:-1","max-image-preview":"max-image-preview:large","max-video-preview":"max-video-preview:-1"},"canonical":"https:\/\/wobronietradycjiiwiary.com\/pl\/7-go-czerwca-zywot-wielebnego-i-swietobliwego-meza-jana-zamojskiego-2-2\/","og_locale":"pl_PL","og_type":"article","og_title":"7-go Czerwca. \u017bywot wielebnego i \u015bwi\u0119tobliwego m\u0119\u017ca Jana Zamojskiego. - Tradycja i Wiara","og_description":"\"Gdym szuka\u0142 \u0142aciny, znalaz\u0142em zbawienie\", rzek\u0142 pochodz\u0105cy z heretyckiej rodziny Jan Zamoyski, kt\u00f3rzy przeszed\u0142 na katolicyzm. I oczywi\u015bcie, \u017ce tak jest. To, co narodowe jest zawsze partykularne, a \u0142acina jest uniwersalnym j\u0119zykiem uniwersalnego Ko\u015bcio\u0142a.","og_url":"https:\/\/wobronietradycjiiwiary.com\/pl\/7-go-czerwca-zywot-wielebnego-i-swietobliwego-meza-jana-zamojskiego-2-2\/","og_site_name":"Tradycja i Wiara","article_publisher":"https:\/\/www.facebook.com\/Tradycja-i-Wiara-108813920592249","article_published_time":"2023-06-07T06:00:05+00:00","article_modified_time":"2025-02-10T10:15:17+00:00","og_image":[{"width":476,"height":619,"url":"https:\/\/i0.wp.com\/wobronietradycjiiwiary.com\/wp-content\/uploads\/2021\/06\/Jan_Zamoyski.jpg?fit=476%2C619&ssl=1","type":"image\/jpeg"}],"author":"Traditio et Fides","twitter_card":"summary_large_image","twitter_misc":{"Napisane przez":"Traditio et Fides","Szacowany czas czytania":"9 minut"},"schema":{"@context":"https:\/\/schema.org","@graph":[{"@type":"Article","@id":"https:\/\/wobronietradycjiiwiary.com\/7-go-czerwca-zywot-wielebnego-i-swietobliwego-meza-jana-zamojskiego-2-2\/#article","isPartOf":{"@id":"https:\/\/wobronietradycjiiwiary.com\/7-go-czerwca-zywot-wielebnego-i-swietobliwego-meza-jana-zamojskiego-2-2\/"},"author":{"name":"Traditio et Fides","@id":"https:\/\/wobronietradycjiiwiary.com\/pl\/#\/schema\/person\/2d6180ce6abcb681fef0daab7816e8f3"},"headline":"7-go Czerwca. \u017bywot wielebnego i \u015bwi\u0119tobliwego m\u0119\u017ca Jana Zamojskiego.","datePublished":"2023-06-07T06:00:05+00:00","dateModified":"2025-02-10T10:15:17+00:00","mainEntityOfPage":{"@id":"https:\/\/wobronietradycjiiwiary.com\/7-go-czerwca-zywot-wielebnego-i-swietobliwego-meza-jana-zamojskiego-2-2\/"},"wordCount":1783,"commentCount":0,"publisher":{"@id":"https:\/\/wobronietradycjiiwiary.com\/pl\/#organization"},"image":{"@id":"https:\/\/wobronietradycjiiwiary.com\/7-go-czerwca-zywot-wielebnego-i-swietobliwego-meza-jana-zamojskiego-2-2\/#primaryimage"},"thumbnailUrl":"https:\/\/wobronietradycjiiwiary.com\/wp-content\/uploads\/2021\/06\/Jan_Zamoyski.jpg","articleSection":["06. \u015awi\u0119ta w czerwcu","Duchowo\u015b\u0107","Liturgia i liturgika"],"inLanguage":"pl-PL","potentialAction":[{"@type":"CommentAction","name":"Comment","target":["https:\/\/wobronietradycjiiwiary.com\/7-go-czerwca-zywot-wielebnego-i-swietobliwego-meza-jana-zamojskiego-2-2\/#respond"]}]},{"@type":"WebPage","@id":"https:\/\/wobronietradycjiiwiary.com\/7-go-czerwca-zywot-wielebnego-i-swietobliwego-meza-jana-zamojskiego-2-2\/","url":"https:\/\/wobronietradycjiiwiary.com\/7-go-czerwca-zywot-wielebnego-i-swietobliwego-meza-jana-zamojskiego-2-2\/","name":"7-go Czerwca. \u017bywot wielebnego i \u015bwi\u0119tobliwego m\u0119\u017ca Jana Zamojskiego. - Tradycja i Wiara","isPartOf":{"@id":"https:\/\/wobronietradycjiiwiary.com\/pl\/#website"},"primaryImageOfPage":{"@id":"https:\/\/wobronietradycjiiwiary.com\/7-go-czerwca-zywot-wielebnego-i-swietobliwego-meza-jana-zamojskiego-2-2\/#primaryimage"},"image":{"@id":"https:\/\/wobronietradycjiiwiary.com\/7-go-czerwca-zywot-wielebnego-i-swietobliwego-meza-jana-zamojskiego-2-2\/#primaryimage"},"thumbnailUrl":"https:\/\/wobronietradycjiiwiary.com\/wp-content\/uploads\/2021\/06\/Jan_Zamoyski.jpg","datePublished":"2023-06-07T06:00:05+00:00","dateModified":"2025-02-10T10:15:17+00:00","breadcrumb":{"@id":"https:\/\/wobronietradycjiiwiary.com\/7-go-czerwca-zywot-wielebnego-i-swietobliwego-meza-jana-zamojskiego-2-2\/#breadcrumb"},"inLanguage":"pl-PL","potentialAction":[{"@type":"ReadAction","target":["https:\/\/wobronietradycjiiwiary.com\/7-go-czerwca-zywot-wielebnego-i-swietobliwego-meza-jana-zamojskiego-2-2\/"]}]},{"@type":"ImageObject","inLanguage":"pl-PL","@id":"https:\/\/wobronietradycjiiwiary.com\/7-go-czerwca-zywot-wielebnego-i-swietobliwego-meza-jana-zamojskiego-2-2\/#primaryimage","url":"https:\/\/wobronietradycjiiwiary.com\/wp-content\/uploads\/2021\/06\/Jan_Zamoyski.jpg","contentUrl":"https:\/\/wobronietradycjiiwiary.com\/wp-content\/uploads\/2021\/06\/Jan_Zamoyski.jpg","width":476,"height":619},{"@type":"BreadcrumbList","@id":"https:\/\/wobronietradycjiiwiary.com\/7-go-czerwca-zywot-wielebnego-i-swietobliwego-meza-jana-zamojskiego-2-2\/#breadcrumb","itemListElement":[{"@type":"ListItem","position":1,"name":"Strona g\u0142\u00f3wna","item":"https:\/\/wobronietradycjiiwiary.com\/"},{"@type":"ListItem","position":2,"name":"7-go Czerwca. \u017bywot wielebnego i \u015bwi\u0119tobliwego m\u0119\u017ca Jana Zamojskiego."}]},{"@type":"WebSite","@id":"https:\/\/wobronietradycjiiwiary.com\/pl\/#website","url":"https:\/\/wobronietradycjiiwiary.com\/pl\/","name":"Tradycja i Wiara","description":"Portal dla katolik\u00f3w.","publisher":{"@id":"https:\/\/wobronietradycjiiwiary.com\/pl\/#organization"},"potentialAction":[{"@type":"SearchAction","target":{"@type":"EntryPoint","urlTemplate":"https:\/\/wobronietradycjiiwiary.com\/pl\/?s={search_term_string}"},"query-input":{"@type":"PropertyValueSpecification","valueRequired":true,"valueName":"search_term_string"}}],"inLanguage":"pl-PL"},{"@type":"Organization","@id":"https:\/\/wobronietradycjiiwiary.com\/pl\/#organization","name":"Tradycja i Wiara","url":"https:\/\/wobronietradycjiiwiary.com\/pl\/","logo":{"@type":"ImageObject","inLanguage":"pl-PL","@id":"https:\/\/wobronietradycjiiwiary.com\/pl\/#\/schema\/logo\/image\/","url":"https:\/\/i0.wp.com\/wobronietradycjiiwiary.com\/wp-content\/uploads\/2015\/10\/cropped-st-peters-dome-vatican.jpg?fit=940%2C198&ssl=1","contentUrl":"https:\/\/i0.wp.com\/wobronietradycjiiwiary.com\/wp-content\/uploads\/2015\/10\/cropped-st-peters-dome-vatican.jpg?fit=940%2C198&ssl=1","width":940,"height":198,"caption":"Tradycja i Wiara"},"image":{"@id":"https:\/\/wobronietradycjiiwiary.com\/pl\/#\/schema\/logo\/image\/"},"sameAs":["https:\/\/www.facebook.com\/Tradycja-i-Wiara-108813920592249"]},{"@type":"Person","@id":"https:\/\/wobronietradycjiiwiary.com\/pl\/#\/schema\/person\/2d6180ce6abcb681fef0daab7816e8f3","name":"Traditio et Fides","sameAs":["https:\/\/traditionundglauben.com"],"url":"https:\/\/wobronietradycjiiwiary.com\/pl\/author\/wobronietradycjiiwiary\/"}]}},"jetpack_publicize_connections":[],"jetpack_sharing_enabled":true,"jetpack_likes_enabled":true,"jetpack_shortlink":"https:\/\/wp.me\/pc04Sd-oft","jetpack-related-posts":[{"id":117657,"url":"https:\/\/wobronietradycjiiwiary.com\/pl\/28-go-czerwca-zywot-swietego-ireneusza-biskupa-i-meczennika-2-2-2\/","url_meta":{"origin":93215,"position":0},"title":"28-go Czerwca. \u017bywot \u015bwi\u0119tego Ireneusza, Biskupa i M\u0119czennika.","author":"Traditio et Fides","date":"28 czerwca 2024","format":false,"excerpt":"Za co kochamy \u015bw. Ireneusza? Za jego bardzo dok\u0142adne sprawozdania na temat zachowania gnostyk\u00f3w. Dlaczego? Poniewa\u017c z\u0142y duch ma ograniczony zapas sztuczek i wszystko si\u0119 powtarza. W tajnych stowarzyszeniach dziej\u0105 si\u0119 dok\u0142adnie te same rzeczy, kt\u00f3re opisywa\u0142 \u015bw. Ireneusz z Adversus haereses. Uczmy si\u0119.","rel":"","context":"W \u201e06. \u015awi\u0119ta w czerwcu&quot;","block_context":{"text":"06. \u015awi\u0119ta w czerwcu","link":"https:\/\/wobronietradycjiiwiary.com\/pl\/category\/duchowosc\/liturgia-i-liturgika\/rozwazania\/rok-liturgiczny\/swieta-w-czerwcu\/"},"img":{"alt_text":"","src":"https:\/\/i0.wp.com\/wobronietradycjiiwiary.com\/wp-content\/uploads\/2021\/06\/Irenaus-of-Lyon.jpg?resize=350%2C200&ssl=1","width":350,"height":200},"classes":[]},{"id":143936,"url":"https:\/\/wobronietradycjiiwiary.com\/pl\/28-go-czerwca-zywot-swietego-ireneusza-biskupa-i-meczennika-2-2-2-2\/","url_meta":{"origin":93215,"position":1},"title":"28-go Czerwca. \u017bywot \u015bwi\u0119tego Ireneusza, Biskupa i M\u0119czennika.","author":"Traditio et Fides","date":"28 czerwca 2025","format":false,"excerpt":"Za co kochamy \u015bw. Ireneusza? Za jego bardzo dok\u0142adne sprawozdania na temat zachowania gnostyk\u00f3w. Dlaczego? Poniewa\u017c z\u0142y duch ma ograniczony zapas sztuczek i wszystko si\u0119 powtarza. W tajnych stowarzyszeniach dziej\u0105 si\u0119 dok\u0142adnie te same rzeczy, kt\u00f3re opisywa\u0142 \u015bw. Ireneusz z Adversus haereses. Uczmy si\u0119.","rel":"","context":"W \u201e06. \u015awi\u0119ta w czerwcu&quot;","block_context":{"text":"06. \u015awi\u0119ta w czerwcu","link":"https:\/\/wobronietradycjiiwiary.com\/pl\/category\/duchowosc\/liturgia-i-liturgika\/rozwazania\/rok-liturgiczny\/swieta-w-czerwcu\/"},"img":{"alt_text":"","src":"https:\/\/i0.wp.com\/wobronietradycjiiwiary.com\/wp-content\/uploads\/2021\/06\/Irenaus-of-Lyon.jpg?resize=350%2C200&ssl=1","width":350,"height":200},"classes":[]},{"id":166238,"url":"https:\/\/wobronietradycjiiwiary.com\/pl\/28-go-czerwca-zywot-swietego-ireneusza-biskupa-i-meczennika-2-2-2-2-2\/","url_meta":{"origin":93215,"position":2},"title":"28-go Czerwca. \u017bywot \u015bwi\u0119tego Ireneusza, Biskupa i M\u0119czennika.","author":"Traditio et Fides","date":"28 czerwca 2026","format":false,"excerpt":"Za co kochamy \u015bw. Ireneusza? Za jego bardzo dok\u0142adne sprawozdania na temat zachowania gnostyk\u00f3w. Dlaczego? Poniewa\u017c z\u0142y duch ma ograniczony zapas sztuczek i wszystko si\u0119 powtarza. W tajnych stowarzyszeniach dziej\u0105 si\u0119 dok\u0142adnie te same rzeczy, kt\u00f3re opisywa\u0142 \u015bw. Ireneusz z Adversus haereses. Uczmy si\u0119.","rel":"","context":"W \u201e06. \u015awi\u0119ta w czerwcu&quot;","block_context":{"text":"06. \u015awi\u0119ta w czerwcu","link":"https:\/\/wobronietradycjiiwiary.com\/pl\/category\/duchowosc\/liturgia-i-liturgika\/rozwazania\/rok-liturgiczny\/swieta-w-czerwcu\/"},"img":{"alt_text":"","src":"https:\/\/i0.wp.com\/wobronietradycjiiwiary.com\/wp-content\/uploads\/2021\/06\/Irenaus-of-Lyon.jpg?resize=350%2C200&ssl=1","width":350,"height":200},"classes":[]},{"id":116550,"url":"https:\/\/wobronietradycjiiwiary.com\/pl\/16-go-maja-zywot-swietego-jana-nepomucena-meczennika-2-2-2\/","url_meta":{"origin":93215,"position":3},"title":"16-go Maja. \u017bywot \u015bwi\u0119tego Jana Nepomucena, M\u0119czennika.","author":"Traditio et Fides","date":"16 maja 2024","format":false,"excerpt":"A dlaczego kr\u00f3l Wac\u0142aw IV podejrzewa\u0142 \u017con\u0119? Bo sam by\u0142 rozwi\u0105z\u0142y i niewierny i mia\u0142 nadziej\u0119, \u017ce ona nie jest lepsza od niego, a dok\u0142adnie taka sama, bo jeszcze hipokrytka. Niestety pobo\u017cny ma\u0142\u017conek wsp\u00f3\u0142ma\u0142\u017conka niepobo\u017cnego straszne dra\u017cni. Sama jego obecno\u015b\u0107 jest przykra, bo przypomina w\u0142asn\u0105 niecnot\u0119. Kr\u00f3lowa Zofia to prze\u017cy\u0142a,\u2026","rel":"","context":"W \u201e05. \u015awi\u0119ta w maju&quot;","block_context":{"text":"05. \u015awi\u0119ta w maju","link":"https:\/\/wobronietradycjiiwiary.com\/pl\/category\/duchowosc\/liturgia-i-liturgika\/rozwazania\/rok-liturgiczny\/swieta-w-maju\/"},"img":{"alt_text":"","src":"https:\/\/i0.wp.com\/wobronietradycjiiwiary.com\/wp-content\/uploads\/2021\/05\/Jan-Nepomuk.jpg?resize=350%2C200&ssl=1","width":350,"height":200},"classes":[]},{"id":140901,"url":"https:\/\/wobronietradycjiiwiary.com\/pl\/16-go-maja-zywot-swietego-jana-nepomucena-meczennika-2-2-2-2\/","url_meta":{"origin":93215,"position":4},"title":"16-go Maja. \u017bywot \u015bwi\u0119tego Jana Nepomucena, M\u0119czennika.","author":"Traditio et Fides","date":"16 maja 2025","format":false,"excerpt":"A dlaczego kr\u00f3l Wac\u0142aw IV podejrzewa\u0142 \u017con\u0119? Bo sam by\u0142 rozwi\u0105z\u0142y i niewierny i mia\u0142 nadziej\u0119, \u017ce ona nie jest lepsza od niego, a dok\u0142adnie taka sama, bo jeszcze hipokrytka. Niestety pobo\u017cny ma\u0142\u017conek wsp\u00f3\u0142ma\u0142\u017conka niepobo\u017cnego straszne dra\u017cni. Sama jego obecno\u015b\u0107 jest przykra, bo przypomina w\u0142asn\u0105 niecnot\u0119. Kr\u00f3lowa Zofia to prze\u017cy\u0142a,\u2026","rel":"","context":"W \u201e05. \u015awi\u0119ta w maju&quot;","block_context":{"text":"05. \u015awi\u0119ta w maju","link":"https:\/\/wobronietradycjiiwiary.com\/pl\/category\/duchowosc\/liturgia-i-liturgika\/rozwazania\/rok-liturgiczny\/swieta-w-maju\/"},"img":{"alt_text":"","src":"https:\/\/i0.wp.com\/wobronietradycjiiwiary.com\/wp-content\/uploads\/2021\/05\/Jan-Nepomuk.jpg?resize=350%2C200&ssl=1","width":350,"height":200},"classes":[]},{"id":129230,"url":"https:\/\/wobronietradycjiiwiary.com\/pl\/23-go-stycznia-swietego-rajmunda\/","url_meta":{"origin":93215,"position":5},"title":"23-go stycznia. \u015awi\u0119tego Rajmunda","author":"Traditio et Fides","date":"23 stycznia 2025","format":false,"excerpt":"\u017bywot \u015bwi\u0119tego Rajmunda z Penyafort - Wyznawcy.","rel":"","context":"W \u201e01. \u015awi\u0119ta w styczniu&quot;","block_context":{"text":"01. \u015awi\u0119ta w styczniu","link":"https:\/\/wobronietradycjiiwiary.com\/pl\/category\/duchowosc\/liturgia-i-liturgika\/rozwazania\/rok-liturgiczny\/swieta-w-styczniu\/"},"img":{"alt_text":"","src":"https:\/\/i0.wp.com\/wobronietradycjiiwiary.com\/wp-content\/uploads\/2025\/01\/Rajmund-z-Penyafort.jpg?resize=350%2C200&ssl=1","width":350,"height":200,"srcset":"https:\/\/i0.wp.com\/wobronietradycjiiwiary.com\/wp-content\/uploads\/2025\/01\/Rajmund-z-Penyafort.jpg?resize=350%2C200&ssl=1 1x, https:\/\/i0.wp.com\/wobronietradycjiiwiary.com\/wp-content\/uploads\/2025\/01\/Rajmund-z-Penyafort.jpg?resize=525%2C300&ssl=1 1.5x"},"classes":[]}],"amp_enabled":true,"jetpack_featured_media_url":"https:\/\/wobronietradycjiiwiary.com\/wp-content\/uploads\/2021\/06\/Jan_Zamoyski.jpg","_links":{"self":[{"href":"https:\/\/wobronietradycjiiwiary.com\/pl\/wp-json\/wp\/v2\/posts\/93215","targetHints":{"allow":["GET"]}}],"collection":[{"href":"https:\/\/wobronietradycjiiwiary.com\/pl\/wp-json\/wp\/v2\/posts"}],"about":[{"href":"https:\/\/wobronietradycjiiwiary.com\/pl\/wp-json\/wp\/v2\/types\/post"}],"author":[{"embeddable":true,"href":"https:\/\/wobronietradycjiiwiary.com\/pl\/wp-json\/wp\/v2\/users\/60508433"}],"replies":[{"embeddable":true,"href":"https:\/\/wobronietradycjiiwiary.com\/pl\/wp-json\/wp\/v2\/comments?post=93215"}],"version-history":[{"count":1,"href":"https:\/\/wobronietradycjiiwiary.com\/pl\/wp-json\/wp\/v2\/posts\/93215\/revisions"}],"predecessor-version":[{"id":93225,"href":"https:\/\/wobronietradycjiiwiary.com\/pl\/wp-json\/wp\/v2\/posts\/93215\/revisions\/93225"}],"wp:featuredmedia":[{"embeddable":true,"href":"https:\/\/wobronietradycjiiwiary.com\/pl\/wp-json\/wp\/v2\/media\/48964"}],"wp:attachment":[{"href":"https:\/\/wobronietradycjiiwiary.com\/pl\/wp-json\/wp\/v2\/media?parent=93215"}],"wp:term":[{"taxonomy":"category","embeddable":true,"href":"https:\/\/wobronietradycjiiwiary.com\/pl\/wp-json\/wp\/v2\/categories?post=93215"},{"taxonomy":"post_tag","embeddable":true,"href":"https:\/\/wobronietradycjiiwiary.com\/pl\/wp-json\/wp\/v2\/tags?post=93215"}],"curies":[{"name":"wp","href":"https:\/\/api.w.org\/{rel}","templated":true}]}}