{"id":93188,"date":"2023-06-30T08:00:02","date_gmt":"2023-06-30T06:00:02","guid":{"rendered":"https:\/\/wobronietradycjiiwiary.com\/?p=93188"},"modified":"2025-02-10T11:15:17","modified_gmt":"2025-02-10T10:15:17","slug":"30-go-czerwca-zywot-swietego-pawla-apostola-narodow-2-2","status":"publish","type":"post","link":"https:\/\/wobronietradycjiiwiary.com\/pl\/30-go-czerwca-zywot-swietego-pawla-apostola-narodow-2-2\/","title":{"rendered":"30-go Czerwca. \u017bywot \u015bwi\u0119tego Paw\u0142a, Aposto\u0142a Narod\u00f3w."},"content":{"rendered":"<div id=\"bsf_rt_marker\"><\/div>\n<p class=\"has-text-align-center wp-block-paragraph\">(\u017by\u0142 oko\u0142o roku Pa\u0144skiego 69).<\/p>\n\n\n\n<figure class=\"wp-block-image\"><a href=\"https:\/\/pl.wikisource.org\/wiki\/Plik:%C5%BBywoty_%C5%9Bw._Pa%C5%84skich_na_wszystkie_dnie_roku-Inicja%C5%82-P.png\"><img decoding=\"async\" src=\"https:\/\/upload.wikimedia.org\/wikipedia\/commons\/thumb\/0\/06\/%C5%BBywoty_%C5%9Bw._Pa%C5%84skich_na_wszystkie_dnie_roku-Inicja%C5%82-P.png\/54px-%C5%BBywoty_%C5%9Bw._Pa%C5%84skich_na_wszystkie_dnie_roku-Inicja%C5%82-P.png\" alt=\"P\"\/><\/a><\/figure>\n\n\n\n<p class=\"has-text-align-justify wp-block-paragraph\">Pawe\u0142, pierwej zwany Szaw\u0142em, pochodzi\u0142 z pokolenia Benjaminowego, urodzi\u0142 si\u0119 w mie\u015bcie Tarsie z zacnych rodzic\u00f3w, kt\u00f3rzy mieli prawo rzymskich obywateli. Uczy\u0142 si\u0119 w szkole s\u0142ynnego doktora Pisma, Gamaliela i nale\u017ca\u0142 do sekty Faryzeusz\u00f3w.<\/p>\n\n\n\n<p class=\"has-text-align-justify wp-block-paragraph\">Po Wniebowst\u0105pieniu Pa\u0144skiem wiele z\u0142ego czyni\u0142 wyznawcom Chrystusowym. By\u0142 \u015bwiadkiem przy kamienowaniu \u015bwi\u0119tego Szczepana. Nie dosy\u0107 mu by\u0142o na \u015bciganiu wiernych w Jerozolimie i ziemi \u017cydowskiej, uda\u0142 si\u0119 na rozb\u00f3j do Syryi, gdzie w drodze cudownie nawr\u00f3cony, pozna\u0142 Jezusa Nazare\u0144skiego, kt\u00f3rego prze\u015bladowa\u0142. W tym\u017ce czy w innym czasie by\u0142 zachwycony a\u017c do trzeciego Nieba, gdzie s\u0142ysza\u0142 s\u0142owa, kt\u00f3rych si\u0119 nie godzi cz\u0142owiekowi m\u00f3wi\u0107, i wyczerpn\u0105\u0142 skarby nauki, kt\u00f3r\u0105 mia\u0142 z daru objawienia Boskiego. I tak oto z naczynia gniewu sta\u0142 si\u0119 naczyniem wybranem, roznosz\u0105cem drogi skarb i wonno\u015b\u0107 Imienia Jezusowego po wszystkim \u015bwiecie. Ochrzcony w Damaszku, zaraz poszed\u0142 do b\u00f3\u017cnicy \u017cydowskiej, jawnie wyznaj\u0105c i wywodz\u0105c z Pisma, i\u017c Jezus, kt\u00f3rego ukrzy\u017cowali, jest Mesyaszem i prawdziwym Synem Bo\u017cym. \u017bydzi chcieli go zabi\u0107, u wszystkich bram postawili stra\u017c, ale wierni spu\u015bcili go w koszu przez mur, i tak uszed\u0142 ich r\u0105k. Stamt\u0105d pu\u015bci\u0142 si\u0119 do Arabii, gdzie przez trzy lata w pobli\u017cu g\u00f3ry Synai na rozmy\u015blaniu przebywa\u0142. Wr\u00f3ci\u0142 nast\u0119pnie do Damaszku, sk\u0105d pu\u015bci\u0142 si\u0119 do Jeruzalem, aby ogl\u0105da\u0107 Piotra, u kt\u00f3rego pi\u0119tna\u015bcie dni przemieszka\u0142. Potem uda\u0142 si\u0119 na szukanie dusz ludzkich do Cylicyi, do Tarsu, wsz\u0119dzie maj\u0105c wielkie trudno\u015bci od \u017cyd\u00f3w. W Antyochii przebywa\u0142 przez ca\u0142y rok wraz z Barnab\u0105. Stamt\u0105d od starszych ko\u015bcielnych wyprawiony zosta\u0142 z Barnab\u0105 mi\u0119dzy pogany. Uda\u0142 si\u0119 na wysp\u0119 Cypr, potem do Salaminy, gdzie w mie\u015bcie Pafie napotkali niejakiego Elim\u0119 czarnoksi\u0119\u017cnika, kt\u00f3ry ich kazaniu przed starost\u0105 Rzymskim, Paw\u0142em Sergiuszem, wielce przeszkadza\u0142, odradzaj\u0105c staro\u015bcie przyj\u0105\u0107 wiar\u0119, kt\u00f3r\u0105 Pawe\u0142 opowiada\u0142. Czarnoksi\u0119\u017cnik zosta\u0142 za modlitw\u0105 Paw\u0142a ra\u017cony \u015blepot\u0105 a starosta uwierzy\u0142. <\/p>\n\n\n\n<p class=\"has-text-align-justify wp-block-paragraph\">\u2009B\u0119d\u0105c w Antyochii, kt\u00f3ra jest w Pizydyi, musieli pr\u0119dko ucieka\u0107, gdy \u017cydzi wzburzyli na nich posp\u00f3lstwo. Pu\u015bcili si\u0119 tedy do&nbsp;Ikonium, i wiele tam dusz pozyskali Panu Bogu, czyni\u0105c cuda wielkie na podpor\u0119 nauki. Tam te\u017c Tekla, panienka, przyst\u0105pi\u0142a do wiary Chrystusowej i wielce by\u0142a pomocn\u0105 Aposto\u0142om. Dla rozruch\u00f3w \u017cydowskich udali si\u0119 do Listry, gdzie Pawe\u0142 \u015bw. jednego chromego uzdrowi\u0142. Poganie mieli ich za bog\u00f3w i chcieli im czyni\u0107 ofiary. I tutaj \u017cydzi z Antyochii przybieg\u0142szy, wzburzyli lud, \u017ce Paw\u0142a wywleczono za miasto i ukamienowano prawie na \u015bmier\u0107. Przyszed\u0142szy do siebie, udali si\u0119 do miasta Derben, gdzie wiele dusz pozyskali. St\u0105d wracali do miast onych, w kt\u00f3rych tak wiele wiernych zostawili, i umacniali ich w wierze Chrystusowej. Ustanowiwszy im kap\u0142an\u00f3w i prze\u0142o\u017conych, wr\u00f3cili do Antyochii. Zgromadziwszy nast\u0119pnie braci, oznajmili im, jakie Pan B\u00f3g przez nich wielkie rzeczy uczyni\u0142, i \u017ce si\u0119 wrota poganom do wiary otworzy\u0142y. Potem Pawe\u0142 poszed\u0142 do Jerozolimy na Sob\u00f3r, na kt\u00f3rym miano zawyrokowa\u0107, czy poganie nawracaj\u0105c si\u0119, maj\u0105 by\u0107 wed\u0142ug Moj\u017ceszowego zakonu wpierw obrzezani. Wr\u00f3ci\u0142 potem do Antyochii, sk\u0105d znowu po niejakim czasie, obrawszy sobie za towarzysza niejakiego Syl\u0119, pu\u015bci\u0142 si\u0119 do Syryi i Cylicyi, przynosz\u0105c uchwa\u0142y Soboru Jerozolimskiego. B\u0119d\u0105c w Listrze, obrzeza\u0142 Tymoteusza i mia\u0142 go za towarzysza dr\u00f3g swoich. W Troadzie za\u015b Pawe\u0142 mia\u0142 widzenie, w kt\u00f3rem si\u0119 mu ukaza\u0142 m\u0105\u017c Macedo\u0144czyk, prosz\u0105c go, aby id\u0105c przez Macedoni\u0119 ich wspomogli. Pu\u015bci\u0142 si\u0119 te\u017c do Macedonnii, do miasta Filippi, gdzie niewiasta jedna imieniem Lidya ochrzci\u0142a si\u0119 zaraz z wszystkim domem swoim. Tutaj wyp\u0119dzi\u0142 czarta z jednej panienki, kt\u00f3ra za pieni\u0105dze wr\u00f3\u017cy\u0142a&nbsp;i panom swoim czyni\u0142a wielk\u0105 korzy\u015b\u0107. Panowie onej\u017ce panny widz\u0105c, \u017ce im zgin\u0105\u0142 po\u017cytek z niej, pojmali Paw\u0142a i Syl\u0119 i wiedli ich do urz\u0119du. Zrobi\u0142o si\u0119 wielkie zbiegowisko: urz\u0105d kaza\u0142 z nich zedrze\u0107 szaty, ubiczowa\u0107 i zranionych wsadzi\u0107 do wi\u0119zienia. I sta\u0142o si\u0119, \u017ce o p\u00f3\u0142nocy przysz\u0142o trz\u0119sienie ziemi, i otworzy\u0142y si\u0119 wszystkie drzwi i zamki, i \u0142a\u0144cuchy z wi\u0119\u017ani\u00f3w opad\u0142y. Str\u00f3\u017c, prze\u0142o\u017cony nad wi\u0119\u017aniami, mniemaj\u0105c, \u017ce wszyscy wi\u0119\u017aniowie uciekli, dobywszy miecza, chcia\u0142 si\u0119 zabi\u0107, co widz\u0105c Pawe\u0142, krzykn\u0105\u0142 na niego wielkim g\u0142osem: Nie czy\u0144 sobie nic z\u0142ego, jeste\u015bmy wszyscy! Pad\u0142 str\u00f3\u017c do n\u00f3g ich, m\u00f3wi\u0105c: Panowie moi, co mam czyni\u0107 dla pozyskania zbawienia swego? Tedy nauczywszy go wiary w Jezusa Chrystusa, ochrzcili go z wszystkimi domownikami. Skoro dzie\u0144 za\u015bwita\u0142, Pan B\u00f3g skruszy\u0142 serce urz\u0119du, kt\u00f3ry kaza\u0142 ich wypu\u015bci\u0107. Lecz oni nie chcieli zaraz wynij\u015b\u0107 z wi\u0119zienia, chc\u0105c onych urz\u0119dnik\u00f3w nastraszy\u0107, \u017ceby nie byli tacy pr\u0119dcy do karania i kazali im powiedzie\u0107: \u201eNas obywateli Rzymskich jawnie i niewinnie ubiczowawszy, wsadzili\u015bcie do wi\u0119zienia, a teraz tajemnie nas pu\u015bci\u0107 chcecie; przyjd\u017acie sami a wypu\u015b\u0107cie nas.\u201c Przel\u0119kli si\u0119 na to urz\u0119dnicy i przeprosili ich.<\/p>\n\n\n\n<p class=\"has-text-align-justify wp-block-paragraph\">Potem przyszli do Tessaloniki, sk\u0105d niebawem ucieka\u0107 musieli do Berei, gdzie znowu \u017cydowie uczynili rozruch. Pawe\u0142, zostawiwszy tam Syl\u0119 i Tymoteusza, musia\u0142 ucieka\u0107, i przyby\u0142 do Aten, stolicy Grecyi, gdzie tak\u017ce opowiada\u0142 Chrystusa, lubo z nie bardzo wielkim skutkiem. Stamt\u0105d pu\u015bci\u0142 si\u0119 do Koryntu, zamieszka\u0142 w domu Akwili i jego \u017cony Pryscylli. W Koryncie mieszka\u0142 p\u00f3\u0142tora roku, nauczaj\u0105c, i wiele ludzi do Chrystusa nawr\u00f3ci\u0142. \u017bydzi porwali go wreszcie i zawlekli do starosty Galliona, ale ten nie chcia\u0142 si\u0119 wdawa\u0107 w s\u0105d o s\u0142owa i swary, jak m\u00f3wi\u0142, w Zakonie \u017cydowskim.<\/p>\n\n\n\n<p class=\"has-text-align-justify wp-block-paragraph\">Pu\u015bci\u0142 si\u0119 st\u0105d Pawe\u0142 do Syryi, wielkie czyni\u0105c drogi po Galacyi i Frygii, a wsz\u0119dzie uczni\u00f3w potwierdzaj\u0105c, zatrzyma\u0142 si\u0119 w Efezie, gdzie znalaz\u0142 dwunastu chrze\u015bcijan, kt\u00f3rzy nie byli ochrzceni, jeno chrztem Janowym. Tych kaza\u0142 ochrzci\u0107 w Imi\u0119 Jezusa Chrystusa, a Jan udzieli\u0142 im Bierzmowania. W Efezie dwa lata przemieszka\u0142 i wielkie cuda czyni\u0142 nad chorymi, tak, i\u017c i chustki z cia\u0142a jego i pasy leczy\u0142y chorych i dyab\u0142\u00f3w wygania\u0142y. Wiele ich przychodzi\u0142o do Paw\u0142a i jego towarzysz\u00f3w, spowiadaj\u0105c si\u0119 grzech\u00f3w swoich; drudzy znowu przynosili ksi\u0119gi poga\u0144skie nauki czarowniczej i palili je. Z\u0142otnicy, kt\u00f3rzy wyrabiali pos\u0105\u017cki i figurki, wyobra\u017caj\u0105ce \u015bwi\u0105tyni\u0119 bogini Diany, gorsz\u0105c si\u0119 nad post\u0119powaniem Paw\u0142a, podburzyli ca\u0142e miasto na niego. Pawe\u0142 uszed\u0142 przeto w tym rozruchu i przyby\u0142 do Troady. Sta\u0142o si\u0119, i\u017c w Niedziel\u0119 jedn\u0119 zebra\u0142 si\u0119 lud wierny na nabo\u017ce\u0144stwo. Pawe\u0142 maj\u0105c nazajutrz wyjecha\u0107, naucza\u0142 nieco d\u0142u\u017cej a\u017c do p\u00f3\u0142nocy. M\u0142odzieniec pewien, imieniem Eutych, siedz\u0105c w oknie, zdrzemn\u0105wszy si\u0119, spad\u0142 z trzeciego pi\u0119tra i umar\u0142. Pawe\u0142 \u015bwi\u0119ty wskrzesi\u0142 go i lud Bo\u017cy wielce tem uweseli\u0142.<\/p>\n\n\n\n<p class=\"has-text-align-justify wp-block-paragraph\">Stamt\u0105d pu\u015bci\u0142 si\u0119 znowu ku Efezowi. Zatrzymawszy si\u0119 w mie\u015bcie Milecie, pos\u0142a\u0142 do Efezu po starszych ko\u015bcielnych, do kt\u00f3rych tak przem\u00f3wi\u0142: Wiecie, jakom si\u0119 zachowa\u0142 mi\u0119dzy wami, s\u0142u\u017c\u0105c Panu Bogu w pokorze i w p\u0142aczu, i w pokusach, kt\u00f3rem mia\u0142 ze zdrady \u017cydowskiej. Pomnicie, i\u017c od was nic nie bior\u0105c, naucza\u0142em was jawnie, oznajmuj\u0105c \u017cydom i poganom pokut\u0119 i wiar\u0119 w Pana naszego Jezusa Chrystusa. Teraz id\u0119 do Jeruzalem; nie wiem, co mnie tam spotka, tylko Duch Bo\u017cy oznajmuje mi tam wi\u0119zienie i prze\u015bladowanie, czego si\u0119 ja nie boj\u0119. To wiem, i\u017c twarzy mej wi\u0119cej widzie\u0107 nie b\u0119dziecie. O\u015bwiadczam si\u0119 dzi\u015b przed wami, \u017cem do zguby dusznej \u017cadnemu nie by\u0142 przyczyn\u0105, i oznajmi\u0142em wam wol\u0119 i rad\u0119 Bo\u017c\u0105. Czujcie\u017c o sobie i o trzodzie wam zleconej, nad kt\u00f3r\u0105 was Duch \u015bw. postawi\u0142 Biskupami na urz\u0105dzenie Ko\u015bcio\u0142a Bo\u017cego, kt\u00f3rego Sobie Krwi\u0105 Swoj\u0105 naby\u0142. To i insze jeszcze rzeczy m\u00f3wi\u0105c, przykl\u0119kn\u0105\u0142 i gor\u0105co si\u0119 z nimi modli\u0142. Tedy si\u0119 wielki sta\u0142 p\u0142acz mi\u0119dzy nimi, i upadaj\u0105c na szyj\u0119 Paw\u0142owi, ca\u0142owali go, o to si\u0119 najwi\u0119cej frasuj\u0105c, i\u017c go ju\u017c ogl\u0105da\u0107 nie mieli. Id\u0105c do Jerozolimy, wst\u0105pi\u0142 po drodze do Cezarei, gdzie Agab Prorok wzi\u0105wszy pas Paw\u0142owy i wi\u0105\u017c\u0105c nim sobie r\u0119ce i nogi, m\u00f3wi\u0142: Tak zwi\u0105\u017c\u0105 tego, czyj ten pas, w Jeruzalem i dadz\u0105 go w moc poga\u0144stwu. W Jeruzalem zosta\u0142 pojmany i ci\u0105gniono go&nbsp;na zabicie, ale wyratowa\u0142 go starosta, kt\u00f3ry przybieg\u0142 z rot\u0105 \u017co\u0142nierzy. Mi\u0119dzy \u017cydami wi\u0119cej ni\u017c 40 m\u0119\u017c\u00f3w zm\u00f3wi\u0142o si\u0119 i \u015blub uczyni\u0142o, i\u017c nie mieli je\u015b\u0107 ani pi\u0107, a\u017cby Paw\u0142a zabili. Starosta dowiedziawszy si\u0119 o tem, odes\u0142a\u0142 go w nocy do miasta Cezarei, gdzie by\u0142 d\u0142ugo w wi\u0119zieniu trzymany. Tu Pawe\u0142 jako obywatel rzymski, apelowa\u0142 do cesarza, odes\u0142ano go wi\u0119c okr\u0119tem do Rzymu. Na morzu przysz\u0142a na nich wielka i d\u0142uga nawa\u0142nica, za modlitw\u0105 Paw\u0142a nikt jednak z ludzi nie zgin\u0105\u0142, cho\u0107 okr\u0119t rozbi\u0142 si\u0119 blizko brzegu wyspy Malty. Na wyspie rz\u0105dzi\u0142 Publiusz, kt\u00f3rego ojca Pawe\u0142 \u015bwi\u0119ty by\u0142 zleczy\u0142. I znoszono do Paw\u0142a chorych, a on ka\u017cdego uzdrawia\u0142. Przebywszy tam trzy miesi\u0105ce, na ostatku przyby\u0142 do Rzymu, gdzie na jego przywitanie chrze\u015bcijanie wyszli mu daleko naprzeciw. W Rzymie pozwolono mu mieszka\u0107, gdzieby chcia\u0142, pod warunkiem, i\u017c b\u0119dzie pod stra\u017c\u0105 jednego \u017co\u0142nierza; g\u0142osi\u0142 te\u017c tam wiar\u0119 przez dwa lata. Puszczony na wolno\u015b\u0107, po innych kr\u00f3lestwach g\u0142osi\u0142 Ewangeli\u0119, potem w kilka lat za cesarza Nerona wr\u00f3ci\u0142 do Rzymu i z Piotrem \u015bwi\u0119tym pojmany i skazany by\u0142 pod miecz. I tak po wielkich pracach i m\u0119kach dobry bieg sw\u00f3j sko\u0144czywszy, poszed\u0142 po koron\u0119 sprawiedliwo\u015bci, zas\u0142u\u017con\u0105 u Pana naszego Jezusa Chrystusa.<\/p>\n\n\n\n<h2 class=\"wp-block-heading\"><br><strong>Nauka moralna.<\/strong><\/h2>\n\n\n\n<p class=\"has-text-align-justify wp-block-paragraph\">\u2009Wielki kaznodzieja i Doktor, \u015bwi\u0119ty Jan Chryzostom, natchnionemi s\u0142owy wychwala \u0142a\u0144cuch Paw\u0142a, kt\u00f3ry dla Chrystusa nosi\u0142. Wielka to \u2014 powiada \u2014 dostojno\u015b\u0107, wielkie kr\u00f3lestwo by\u0107 zwi\u0105zanym dla Chrystusa. \u0141a\u0144cuch on na jego \u015bwi\u0119tych r\u0119kach, wi\u0119ksza to, uczciwsza i s\u0142awniejsza rzecz, ani\u017celi by\u0107 Ewangelist\u0105, Doktorem, lub Aposto\u0142em. Kto Chrystusa mi\u0142uje, rozumie, co si\u0119 m\u00f3wi&#8230; Gdyby mi kto da\u0142 obiera\u0107 albo wszystko Niebo, albo \u0142a\u0144cuch, kt\u00f3rym r\u0119ce Paw\u0142a zwi\u0105zane by\u0142y, jabym \u0142a\u0144cuch wola\u0142.<br>\u2009\u017baden z cesarzy w Rzymie takiej czci nie mia\u0142, jak Pawe\u0142. Cesarz lada gdzie pogrzebiony le\u017cy, a Pawe\u0142 w p\u00f3\u0142 miasta jako \u017cywy i kr\u00f3luj\u0105cy. A je\u015bli tu, gdzie cierpia\u0142 prze\u015bladowanie, takiej czci dost\u0105pi\u0142, gdy przyjdzie na dzie\u0144 s\u0105du, co b\u0119dzie?&#8230; Pomy\u015blcie, a zdziwcie si\u0119, co za widok Rzym mie\u0107 b\u0119dzie, gdy Pawe\u0142 i Piotr z grobu w mgnieniu oka wstan\u0105, i podnios\u0105 si\u0119 i wynijd\u0105 przeciw Chrystusowi? Jaki dar Rzym Chrystusowi ofiaruje, kt\u00f3ryby takiemi dwiema koronami i z\u0142otymi \u0142a\u0144cuchami ozdobiony by\u0142? Nie tak jest jasne Niebo gdy s\u0142o\u0144ce wypuszcza promienie, jak Rzymskie miasto na wszystek \u015bwiat te pochodnie wypuszczaj\u0105ce.<br><\/p>\n\n\n\n<p class=\"has-text-align-justify wp-block-paragraph\"><strong>Modlitwa.<\/strong><\/p>\n\n\n\n<blockquote class=\"wp-block-quote is-layout-flow wp-block-quote-is-layout-flow\"><p>\u2009\u015awi\u0119ty Pawle, wybrane naczynie, kt\u00f3ry\u015b zani\u00f3s\u0142 Imi\u0119 Jezusa mi\u0119dzy kr\u00f3le i pogany, kt\u00f3ry\u015b tyle za Niego wycierpia\u0142 i nie da\u0142 si\u0119 odwie\u015b\u0107 od Jego mi\u0142o\u015bci, jako dzielny bojownik Chrystusa chlubn\u0105 walk\u0119 przeby\u0142e\u015b. Jako gorliwy nauczyciel krzewi\u0142e\u015b wsz\u0119dzie Jego nauk\u0119, za co ci\u0119 te\u017c sprawiedliwy i mi\u0142osierny B\u00f3g uwie\u0144czy\u0142 koron\u0105 sprawiedliwo\u015bci. Pro\u015b Boga za mn\u0105, abym ja, b\u0119d\u0105cy naczyniem Jego gniewu dla licznych mych grzech\u00f3w, sta\u0142 si\u0119 naczyniem pe\u0142nem cn\u00f3t chrze\u015bcija\u0144skich i otrzyma\u0142 nareszcie upragniony wieniec. Przez Pana naszego Jezusa Chrystusa, kt\u00f3ry kr\u00f3luje w Niebie i na ziemi, po wszystkie wieki wiek\u00f3w. A.<\/p><\/blockquote>\n\n\n\n<figure class=\"wp-block-table\"><table><tbody><tr><td>\u2217&nbsp;&nbsp;&nbsp;&nbsp;&nbsp;&nbsp;&nbsp;&nbsp;&nbsp;&nbsp;&nbsp;&nbsp;&nbsp;&nbsp;&nbsp;&nbsp;&nbsp;&nbsp;&nbsp;&nbsp;\u2217<br>\u2217<\/td><\/tr><\/tbody><\/table><\/figure>\n\n\n\n<p class=\"wp-block-paragraph\">\u2009<em>Opr\u00f3cz tego obchodzi Ko\u015bci\u00f3\u0142 \u015bwi\u0119ty pami\u0105tk\u0119 nast\u0119puj\u0105cych \u015awi\u0119tych Pa\u0144skich, zamieszczonych w rzymskiem martyrologium:<\/em><\/p>\n\n\n\n<p class=\"has-text-align-justify wp-block-paragraph\">\u2009<strong>Dnia 30-go czerwca<\/strong>&nbsp;uroczysto\u015b\u0107 pami\u0105tkowa \u015bw.&nbsp;Paw\u0142a, Aposto\u0142a. \u2014 W Limoges we Francyi uroczysto\u015b\u0107 \u015bw.&nbsp;Marcyalisa, Biskupa i dw\u00f3ch Kap\u0142an\u00f3w&nbsp;Alpiniana i Austrikliniana, kt\u00f3rych \u017cycie sk\u0142ada\u0142o si\u0119 z jednego pasma cud\u00f3w. Tego\u017c dnia uroczysto\u015b\u0107 \u015bw.&nbsp;Kajusa, Kap\u0142ana i&nbsp;Leona, Subdyakona. \u2014 W Aleksandryi m\u0119cze\u0144stwo \u015bw.&nbsp;Bazylida&nbsp;pod cesarzem Sewerem. Gdy \u015bw. Potamion\u0119 odprowadzano na miejsce stracenia, on obroni\u0142 j\u0105 przed napa\u015bciami bezwstydnych rozpustnik\u00f3w, za kt\u00f3r\u0105 to us\u0142ug\u0119 wy\u015bwiadczy\u0142a mu owa \u015awi\u0119ta wielk\u0105 \u0142ask\u0119: ukaza\u0142a si\u0119 bowiem dnia trzeciego i w\u0142o\u017cy\u0142a mu koron\u0119 na g\u0142ow\u0119. I tak nak\u0142oni\u0142a go do przyj\u0119cia wiary Chrystusowej i wyjedna\u0142a mu zarazem \u0142ask\u0119, umrze\u0107 po kr\u00f3tkiej walce jako s\u0142awny M\u0119czennik. \u2014 W Rzymie uroczysto\u015b\u0107 \u015bw.&nbsp;Lucyny, Uczennicy Apostolskiej, kt\u00f3ra&nbsp;bogactwami swemi pomaga\u0142a wiernym w n\u0119dzy, odwiedza\u0142a ich po wi\u0119zieniach i chowa\u0142a M\u0119czennik\u00f3w. Wko\u0144cu sama znalaz\u0142a obok nich gr\u00f3b sw\u00f3j w katakombach, kt\u00f3ry sobie zbudowa\u0107 kaza\u0142a. \u2014 Tam\u017ce uroczysto\u015b\u0107 \u015bw.&nbsp;Emiliany, M\u0119czenniczki. \u2014 W okolicy Verviers uroczysto\u015b\u0107 \u015bwi\u0119tego&nbsp;Ostiana, Kap\u0142ana i Wyznawcy.<\/p>\n","protected":false},"excerpt":{"rendered":"<p>Nie mo\u017cna co prawda powiedzie\u0107, \u017ce \u015bw. Pawe\u0142 by\u0142 pod ka\u017cdym wzgl\u0119dem przeciwie\u0144stwem \u015bw. Piotra, ale pod niejednym by\u0142. By\u0142 bardziej konfrontacyjny i ofensywny oraz odwa\u017cniejszym. By\u0142 &#8220;cz\u0142owiekiem spoza uk\u0142adu&#8221;, kt\u00f3rego powo\u0142a\u0142 sam Chrystus po swoim Zmartwychwstaniu.  <\/p>\n","protected":false},"author":60508433,"featured_media":49766,"comment_status":"open","ping_status":"open","sticky":false,"template":"","format":"standard","meta":{"_bbp_topic_count":0,"_bbp_reply_count":0,"_bbp_total_topic_count":0,"_bbp_total_reply_count":0,"_bbp_voice_count":0,"_bbp_anonymous_reply_count":0,"_bbp_topic_count_hidden":0,"_bbp_reply_count_hidden":0,"_bbp_forum_subforum_count":0,"_editorskit_title_hidden":false,"_editorskit_reading_time":0,"_editorskit_is_block_options_detached":false,"_editorskit_block_options_position":"{}","_coblocks_attr":"","_coblocks_dimensions":"","_coblocks_responsive_height":"","_coblocks_accordion_ie_support":"","_exactmetrics_skip_tracking":false,"_jetpack_newsletter_access":"","_jetpack_dont_email_post_to_subs":false,"_jetpack_newsletter_tier_id":0,"_jetpack_memberships_contains_paywalled_content":false,"_wpcom_ai_launchpad_first_post":false,"_jetpack_feature_clip_id":0,"_jetpack_memberships_contains_paid_content":false,"footnotes":"","jetpack_publicize_message":"{title}\n\n{excerpt}\n\n{url}","jetpack_publicize_feature_enabled":true,"jetpack_social_post_already_shared":true,"jetpack_social_options":{"image_generator_settings":{"template":"highway","default_image_id":0,"font":"","enabled":false},"version":2},"_wpas_customize_per_network":false,"jetpack_post_was_ever_published":false},"categories":[610131821,610131184,336375535],"tags":[],"class_list":["post-93188","post","type-post","status-publish","format-standard","has-post-thumbnail","hentry","category-swieta-w-czerwcu","category-duchowosc","category-liturgia-i-liturgika"],"yoast_head":"<!-- This site is optimized with the Yoast SEO plugin v28.3 - https:\/\/yoast.com\/product\/yoast-seo-wordpress\/ -->\n<title>30-go Czerwca. \u017bywot \u015bwi\u0119tego Paw\u0142a, Aposto\u0142a Narod\u00f3w. - Tradycja i Wiara<\/title>\n<meta name=\"robots\" content=\"index, follow, max-snippet:-1, max-image-preview:large, max-video-preview:-1\" \/>\n<link rel=\"canonical\" href=\"https:\/\/wobronietradycjiiwiary.com\/pl\/30-go-czerwca-zywot-swietego-pawla-apostola-narodow-2-2\/\" \/>\n<meta property=\"og:locale\" content=\"pl_PL\" \/>\n<meta property=\"og:type\" content=\"article\" \/>\n<meta property=\"og:title\" content=\"30-go Czerwca. \u017bywot \u015bwi\u0119tego Paw\u0142a, Aposto\u0142a Narod\u00f3w. - Tradycja i Wiara\" \/>\n<meta property=\"og:description\" content=\"Nie mo\u017cna co prawda powiedzie\u0107, \u017ce \u015bw. Pawe\u0142 by\u0142 pod ka\u017cdym wzgl\u0119dem przeciwie\u0144stwem \u015bw. Piotra, ale pod niejednym by\u0142. By\u0142 bardziej konfrontacyjny i ofensywny oraz odwa\u017cniejszym. By\u0142 &quot;cz\u0142owiekiem spoza uk\u0142adu&quot;, kt\u00f3rego powo\u0142a\u0142 sam Chrystus po swoim Zmartwychwstaniu.\" \/>\n<meta property=\"og:url\" content=\"https:\/\/wobronietradycjiiwiary.com\/pl\/30-go-czerwca-zywot-swietego-pawla-apostola-narodow-2-2\/\" \/>\n<meta property=\"og:site_name\" content=\"Tradycja i Wiara\" \/>\n<meta property=\"article:publisher\" content=\"https:\/\/www.facebook.com\/Tradycja-i-Wiara-108813920592249\" \/>\n<meta property=\"article:published_time\" content=\"2023-06-30T06:00:02+00:00\" \/>\n<meta property=\"article:modified_time\" content=\"2025-02-10T10:15:17+00:00\" \/>\n<meta property=\"og:image\" content=\"https:\/\/i0.wp.com\/wobronietradycjiiwiary.com\/wp-content\/uploads\/2021\/06\/Pawel-21.jpg?fit=362%2C428&ssl=1\" \/>\n\t<meta property=\"og:image:width\" content=\"362\" \/>\n\t<meta property=\"og:image:height\" content=\"428\" \/>\n\t<meta property=\"og:image:type\" content=\"image\/jpeg\" \/>\n<meta name=\"author\" content=\"Traditio et Fides\" \/>\n<meta name=\"twitter:card\" content=\"summary_large_image\" \/>\n<meta name=\"twitter:label1\" content=\"Napisane przez\" \/>\n\t<meta name=\"twitter:data1\" content=\"Traditio et Fides\" \/>\n\t<meta name=\"twitter:label2\" content=\"Szacowany czas czytania\" \/>\n\t<meta name=\"twitter:data2\" content=\"11 minut\" \/>\n<script type=\"application\/ld+json\" class=\"yoast-schema-graph\">{\"@context\":\"https:\\\/\\\/schema.org\",\"@graph\":[{\"@type\":\"Article\",\"@id\":\"https:\\\/\\\/wobronietradycjiiwiary.com\\\/30-go-czerwca-zywot-swietego-pawla-apostola-narodow-2-2\\\/#article\",\"isPartOf\":{\"@id\":\"https:\\\/\\\/wobronietradycjiiwiary.com\\\/30-go-czerwca-zywot-swietego-pawla-apostola-narodow-2-2\\\/\"},\"author\":{\"name\":\"Traditio et Fides\",\"@id\":\"https:\\\/\\\/wobronietradycjiiwiary.com\\\/pl\\\/#\\\/schema\\\/person\\\/2d6180ce6abcb681fef0daab7816e8f3\"},\"headline\":\"30-go Czerwca. \u017bywot \u015bwi\u0119tego Paw\u0142a, Aposto\u0142a Narod\u00f3w.\",\"datePublished\":\"2023-06-30T06:00:02+00:00\",\"dateModified\":\"2025-02-10T10:15:17+00:00\",\"mainEntityOfPage\":{\"@id\":\"https:\\\/\\\/wobronietradycjiiwiary.com\\\/30-go-czerwca-zywot-swietego-pawla-apostola-narodow-2-2\\\/\"},\"wordCount\":2304,\"commentCount\":0,\"publisher\":{\"@id\":\"https:\\\/\\\/wobronietradycjiiwiary.com\\\/pl\\\/#organization\"},\"image\":{\"@id\":\"https:\\\/\\\/wobronietradycjiiwiary.com\\\/30-go-czerwca-zywot-swietego-pawla-apostola-narodow-2-2\\\/#primaryimage\"},\"thumbnailUrl\":\"https:\\\/\\\/wobronietradycjiiwiary.com\\\/wp-content\\\/uploads\\\/2021\\\/06\\\/Pawel-21.jpg\",\"articleSection\":[\"06. \u015awi\u0119ta w czerwcu\",\"Duchowo\u015b\u0107\",\"Liturgia i liturgika\"],\"inLanguage\":\"pl-PL\",\"potentialAction\":[{\"@type\":\"CommentAction\",\"name\":\"Comment\",\"target\":[\"https:\\\/\\\/wobronietradycjiiwiary.com\\\/30-go-czerwca-zywot-swietego-pawla-apostola-narodow-2-2\\\/#respond\"]}]},{\"@type\":\"WebPage\",\"@id\":\"https:\\\/\\\/wobronietradycjiiwiary.com\\\/30-go-czerwca-zywot-swietego-pawla-apostola-narodow-2-2\\\/\",\"url\":\"https:\\\/\\\/wobronietradycjiiwiary.com\\\/30-go-czerwca-zywot-swietego-pawla-apostola-narodow-2-2\\\/\",\"name\":\"30-go Czerwca. \u017bywot \u015bwi\u0119tego Paw\u0142a, Aposto\u0142a Narod\u00f3w. - Tradycja i Wiara\",\"isPartOf\":{\"@id\":\"https:\\\/\\\/wobronietradycjiiwiary.com\\\/pl\\\/#website\"},\"primaryImageOfPage\":{\"@id\":\"https:\\\/\\\/wobronietradycjiiwiary.com\\\/30-go-czerwca-zywot-swietego-pawla-apostola-narodow-2-2\\\/#primaryimage\"},\"image\":{\"@id\":\"https:\\\/\\\/wobronietradycjiiwiary.com\\\/30-go-czerwca-zywot-swietego-pawla-apostola-narodow-2-2\\\/#primaryimage\"},\"thumbnailUrl\":\"https:\\\/\\\/wobronietradycjiiwiary.com\\\/wp-content\\\/uploads\\\/2021\\\/06\\\/Pawel-21.jpg\",\"datePublished\":\"2023-06-30T06:00:02+00:00\",\"dateModified\":\"2025-02-10T10:15:17+00:00\",\"breadcrumb\":{\"@id\":\"https:\\\/\\\/wobronietradycjiiwiary.com\\\/30-go-czerwca-zywot-swietego-pawla-apostola-narodow-2-2\\\/#breadcrumb\"},\"inLanguage\":\"pl-PL\",\"potentialAction\":[{\"@type\":\"ReadAction\",\"target\":[\"https:\\\/\\\/wobronietradycjiiwiary.com\\\/30-go-czerwca-zywot-swietego-pawla-apostola-narodow-2-2\\\/\"]}]},{\"@type\":\"ImageObject\",\"inLanguage\":\"pl-PL\",\"@id\":\"https:\\\/\\\/wobronietradycjiiwiary.com\\\/30-go-czerwca-zywot-swietego-pawla-apostola-narodow-2-2\\\/#primaryimage\",\"url\":\"https:\\\/\\\/wobronietradycjiiwiary.com\\\/wp-content\\\/uploads\\\/2021\\\/06\\\/Pawel-21.jpg\",\"contentUrl\":\"https:\\\/\\\/wobronietradycjiiwiary.com\\\/wp-content\\\/uploads\\\/2021\\\/06\\\/Pawel-21.jpg\",\"width\":362,\"height\":428},{\"@type\":\"BreadcrumbList\",\"@id\":\"https:\\\/\\\/wobronietradycjiiwiary.com\\\/30-go-czerwca-zywot-swietego-pawla-apostola-narodow-2-2\\\/#breadcrumb\",\"itemListElement\":[{\"@type\":\"ListItem\",\"position\":1,\"name\":\"Strona g\u0142\u00f3wna\",\"item\":\"https:\\\/\\\/wobronietradycjiiwiary.com\\\/\"},{\"@type\":\"ListItem\",\"position\":2,\"name\":\"30-go Czerwca. \u017bywot \u015bwi\u0119tego Paw\u0142a, Aposto\u0142a Narod\u00f3w.\"}]},{\"@type\":\"WebSite\",\"@id\":\"https:\\\/\\\/wobronietradycjiiwiary.com\\\/pl\\\/#website\",\"url\":\"https:\\\/\\\/wobronietradycjiiwiary.com\\\/pl\\\/\",\"name\":\"Tradycja i Wiara\",\"description\":\"Portal dla katolik\u00f3w.\",\"publisher\":{\"@id\":\"https:\\\/\\\/wobronietradycjiiwiary.com\\\/pl\\\/#organization\"},\"potentialAction\":[{\"@type\":\"SearchAction\",\"target\":{\"@type\":\"EntryPoint\",\"urlTemplate\":\"https:\\\/\\\/wobronietradycjiiwiary.com\\\/pl\\\/?s={search_term_string}\"},\"query-input\":{\"@type\":\"PropertyValueSpecification\",\"valueRequired\":true,\"valueName\":\"search_term_string\"}}],\"inLanguage\":\"pl-PL\"},{\"@type\":\"Organization\",\"@id\":\"https:\\\/\\\/wobronietradycjiiwiary.com\\\/pl\\\/#organization\",\"name\":\"Tradycja i Wiara\",\"url\":\"https:\\\/\\\/wobronietradycjiiwiary.com\\\/pl\\\/\",\"logo\":{\"@type\":\"ImageObject\",\"inLanguage\":\"pl-PL\",\"@id\":\"https:\\\/\\\/wobronietradycjiiwiary.com\\\/pl\\\/#\\\/schema\\\/logo\\\/image\\\/\",\"url\":\"https:\\\/\\\/i0.wp.com\\\/wobronietradycjiiwiary.com\\\/wp-content\\\/uploads\\\/2015\\\/10\\\/cropped-st-peters-dome-vatican.jpg?fit=940%2C198&ssl=1\",\"contentUrl\":\"https:\\\/\\\/i0.wp.com\\\/wobronietradycjiiwiary.com\\\/wp-content\\\/uploads\\\/2015\\\/10\\\/cropped-st-peters-dome-vatican.jpg?fit=940%2C198&ssl=1\",\"width\":940,\"height\":198,\"caption\":\"Tradycja i Wiara\"},\"image\":{\"@id\":\"https:\\\/\\\/wobronietradycjiiwiary.com\\\/pl\\\/#\\\/schema\\\/logo\\\/image\\\/\"},\"sameAs\":[\"https:\\\/\\\/www.facebook.com\\\/Tradycja-i-Wiara-108813920592249\"]},{\"@type\":\"Person\",\"@id\":\"https:\\\/\\\/wobronietradycjiiwiary.com\\\/pl\\\/#\\\/schema\\\/person\\\/2d6180ce6abcb681fef0daab7816e8f3\",\"name\":\"Traditio et Fides\",\"sameAs\":[\"https:\\\/\\\/traditionundglauben.com\"],\"url\":\"https:\\\/\\\/wobronietradycjiiwiary.com\\\/pl\\\/author\\\/wobronietradycjiiwiary\\\/\"}]}<\/script>\n<!-- \/ Yoast SEO plugin. -->","yoast_head_json":{"title":"30-go Czerwca. \u017bywot \u015bwi\u0119tego Paw\u0142a, Aposto\u0142a Narod\u00f3w. - Tradycja i Wiara","robots":{"index":"index","follow":"follow","max-snippet":"max-snippet:-1","max-image-preview":"max-image-preview:large","max-video-preview":"max-video-preview:-1"},"canonical":"https:\/\/wobronietradycjiiwiary.com\/pl\/30-go-czerwca-zywot-swietego-pawla-apostola-narodow-2-2\/","og_locale":"pl_PL","og_type":"article","og_title":"30-go Czerwca. \u017bywot \u015bwi\u0119tego Paw\u0142a, Aposto\u0142a Narod\u00f3w. - Tradycja i Wiara","og_description":"Nie mo\u017cna co prawda powiedzie\u0107, \u017ce \u015bw. Pawe\u0142 by\u0142 pod ka\u017cdym wzgl\u0119dem przeciwie\u0144stwem \u015bw. Piotra, ale pod niejednym by\u0142. By\u0142 bardziej konfrontacyjny i ofensywny oraz odwa\u017cniejszym. By\u0142 \"cz\u0142owiekiem spoza uk\u0142adu\", kt\u00f3rego powo\u0142a\u0142 sam Chrystus po swoim Zmartwychwstaniu.","og_url":"https:\/\/wobronietradycjiiwiary.com\/pl\/30-go-czerwca-zywot-swietego-pawla-apostola-narodow-2-2\/","og_site_name":"Tradycja i Wiara","article_publisher":"https:\/\/www.facebook.com\/Tradycja-i-Wiara-108813920592249","article_published_time":"2023-06-30T06:00:02+00:00","article_modified_time":"2025-02-10T10:15:17+00:00","og_image":[{"width":362,"height":428,"url":"https:\/\/i0.wp.com\/wobronietradycjiiwiary.com\/wp-content\/uploads\/2021\/06\/Pawel-21.jpg?fit=362%2C428&ssl=1","type":"image\/jpeg"}],"author":"Traditio et Fides","twitter_card":"summary_large_image","twitter_misc":{"Napisane przez":"Traditio et Fides","Szacowany czas czytania":"11 minut"},"schema":{"@context":"https:\/\/schema.org","@graph":[{"@type":"Article","@id":"https:\/\/wobronietradycjiiwiary.com\/30-go-czerwca-zywot-swietego-pawla-apostola-narodow-2-2\/#article","isPartOf":{"@id":"https:\/\/wobronietradycjiiwiary.com\/30-go-czerwca-zywot-swietego-pawla-apostola-narodow-2-2\/"},"author":{"name":"Traditio et Fides","@id":"https:\/\/wobronietradycjiiwiary.com\/pl\/#\/schema\/person\/2d6180ce6abcb681fef0daab7816e8f3"},"headline":"30-go Czerwca. \u017bywot \u015bwi\u0119tego Paw\u0142a, Aposto\u0142a Narod\u00f3w.","datePublished":"2023-06-30T06:00:02+00:00","dateModified":"2025-02-10T10:15:17+00:00","mainEntityOfPage":{"@id":"https:\/\/wobronietradycjiiwiary.com\/30-go-czerwca-zywot-swietego-pawla-apostola-narodow-2-2\/"},"wordCount":2304,"commentCount":0,"publisher":{"@id":"https:\/\/wobronietradycjiiwiary.com\/pl\/#organization"},"image":{"@id":"https:\/\/wobronietradycjiiwiary.com\/30-go-czerwca-zywot-swietego-pawla-apostola-narodow-2-2\/#primaryimage"},"thumbnailUrl":"https:\/\/wobronietradycjiiwiary.com\/wp-content\/uploads\/2021\/06\/Pawel-21.jpg","articleSection":["06. \u015awi\u0119ta w czerwcu","Duchowo\u015b\u0107","Liturgia i liturgika"],"inLanguage":"pl-PL","potentialAction":[{"@type":"CommentAction","name":"Comment","target":["https:\/\/wobronietradycjiiwiary.com\/30-go-czerwca-zywot-swietego-pawla-apostola-narodow-2-2\/#respond"]}]},{"@type":"WebPage","@id":"https:\/\/wobronietradycjiiwiary.com\/30-go-czerwca-zywot-swietego-pawla-apostola-narodow-2-2\/","url":"https:\/\/wobronietradycjiiwiary.com\/30-go-czerwca-zywot-swietego-pawla-apostola-narodow-2-2\/","name":"30-go Czerwca. \u017bywot \u015bwi\u0119tego Paw\u0142a, Aposto\u0142a Narod\u00f3w. - Tradycja i Wiara","isPartOf":{"@id":"https:\/\/wobronietradycjiiwiary.com\/pl\/#website"},"primaryImageOfPage":{"@id":"https:\/\/wobronietradycjiiwiary.com\/30-go-czerwca-zywot-swietego-pawla-apostola-narodow-2-2\/#primaryimage"},"image":{"@id":"https:\/\/wobronietradycjiiwiary.com\/30-go-czerwca-zywot-swietego-pawla-apostola-narodow-2-2\/#primaryimage"},"thumbnailUrl":"https:\/\/wobronietradycjiiwiary.com\/wp-content\/uploads\/2021\/06\/Pawel-21.jpg","datePublished":"2023-06-30T06:00:02+00:00","dateModified":"2025-02-10T10:15:17+00:00","breadcrumb":{"@id":"https:\/\/wobronietradycjiiwiary.com\/30-go-czerwca-zywot-swietego-pawla-apostola-narodow-2-2\/#breadcrumb"},"inLanguage":"pl-PL","potentialAction":[{"@type":"ReadAction","target":["https:\/\/wobronietradycjiiwiary.com\/30-go-czerwca-zywot-swietego-pawla-apostola-narodow-2-2\/"]}]},{"@type":"ImageObject","inLanguage":"pl-PL","@id":"https:\/\/wobronietradycjiiwiary.com\/30-go-czerwca-zywot-swietego-pawla-apostola-narodow-2-2\/#primaryimage","url":"https:\/\/wobronietradycjiiwiary.com\/wp-content\/uploads\/2021\/06\/Pawel-21.jpg","contentUrl":"https:\/\/wobronietradycjiiwiary.com\/wp-content\/uploads\/2021\/06\/Pawel-21.jpg","width":362,"height":428},{"@type":"BreadcrumbList","@id":"https:\/\/wobronietradycjiiwiary.com\/30-go-czerwca-zywot-swietego-pawla-apostola-narodow-2-2\/#breadcrumb","itemListElement":[{"@type":"ListItem","position":1,"name":"Strona g\u0142\u00f3wna","item":"https:\/\/wobronietradycjiiwiary.com\/"},{"@type":"ListItem","position":2,"name":"30-go Czerwca. \u017bywot \u015bwi\u0119tego Paw\u0142a, Aposto\u0142a Narod\u00f3w."}]},{"@type":"WebSite","@id":"https:\/\/wobronietradycjiiwiary.com\/pl\/#website","url":"https:\/\/wobronietradycjiiwiary.com\/pl\/","name":"Tradycja i Wiara","description":"Portal dla katolik\u00f3w.","publisher":{"@id":"https:\/\/wobronietradycjiiwiary.com\/pl\/#organization"},"potentialAction":[{"@type":"SearchAction","target":{"@type":"EntryPoint","urlTemplate":"https:\/\/wobronietradycjiiwiary.com\/pl\/?s={search_term_string}"},"query-input":{"@type":"PropertyValueSpecification","valueRequired":true,"valueName":"search_term_string"}}],"inLanguage":"pl-PL"},{"@type":"Organization","@id":"https:\/\/wobronietradycjiiwiary.com\/pl\/#organization","name":"Tradycja i Wiara","url":"https:\/\/wobronietradycjiiwiary.com\/pl\/","logo":{"@type":"ImageObject","inLanguage":"pl-PL","@id":"https:\/\/wobronietradycjiiwiary.com\/pl\/#\/schema\/logo\/image\/","url":"https:\/\/i0.wp.com\/wobronietradycjiiwiary.com\/wp-content\/uploads\/2015\/10\/cropped-st-peters-dome-vatican.jpg?fit=940%2C198&ssl=1","contentUrl":"https:\/\/i0.wp.com\/wobronietradycjiiwiary.com\/wp-content\/uploads\/2015\/10\/cropped-st-peters-dome-vatican.jpg?fit=940%2C198&ssl=1","width":940,"height":198,"caption":"Tradycja i Wiara"},"image":{"@id":"https:\/\/wobronietradycjiiwiary.com\/pl\/#\/schema\/logo\/image\/"},"sameAs":["https:\/\/www.facebook.com\/Tradycja-i-Wiara-108813920592249"]},{"@type":"Person","@id":"https:\/\/wobronietradycjiiwiary.com\/pl\/#\/schema\/person\/2d6180ce6abcb681fef0daab7816e8f3","name":"Traditio et Fides","sameAs":["https:\/\/traditionundglauben.com"],"url":"https:\/\/wobronietradycjiiwiary.com\/pl\/author\/wobronietradycjiiwiary\/"}]}},"jetpack_publicize_connections":[],"jetpack_sharing_enabled":true,"jetpack_likes_enabled":true,"jetpack_shortlink":"https:\/\/wp.me\/pc04Sd-of2","jetpack-related-posts":[{"id":49761,"url":"https:\/\/wobronietradycjiiwiary.com\/pl\/30-go-czerwca-zywot-swietego-pawla-apostola-narodow\/","url_meta":{"origin":93188,"position":0},"title":"30-go Czerwca. \u017bywot \u015bwi\u0119tego Paw\u0142a, Aposto\u0142a Narod\u00f3w.","author":"Traditio et Fides","date":"30 czerwca 2021","format":false,"excerpt":"Nie mo\u017cna co prawda powiedzie\u0107, \u017ce \u015bw. Pawe\u0142 by\u0142 pod ka\u017cdym wzgl\u0119dem przeciwie\u0144stwem \u015bw. Piotra, ale pod niejednym by\u0142. By\u0142 bardziej konfrontacyjny i ofensywny oraz odwa\u017cniejszym. By\u0142 \"cz\u0142owiekiem spoza uk\u0142adu\", kt\u00f3rego powo\u0142a\u0142 sam Chrystus po swoim Zmartwychwstaniu.","rel":"","context":"W \u201e06. \u015awi\u0119ta w czerwcu&quot;","block_context":{"text":"06. \u015awi\u0119ta w czerwcu","link":"https:\/\/wobronietradycjiiwiary.com\/pl\/category\/duchowosc\/liturgia-i-liturgika\/rozwazania\/rok-liturgiczny\/swieta-w-czerwcu\/"},"img":{"alt_text":"","src":"https:\/\/i0.wp.com\/wobronietradycjiiwiary.com\/wp-content\/uploads\/2021\/06\/Pawel-21.jpg?resize=350%2C200&ssl=1","width":350,"height":200},"classes":[]},{"id":71148,"url":"https:\/\/wobronietradycjiiwiary.com\/pl\/30-go-czerwca-zywot-swietego-pawla-apostola-narodow-2\/","url_meta":{"origin":93188,"position":1},"title":"30-go Czerwca. \u017bywot \u015bwi\u0119tego Paw\u0142a, Aposto\u0142a Narod\u00f3w.","author":"Traditio et Fides","date":"30 czerwca 2022","format":false,"excerpt":"Nie mo\u017cna co prawda powiedzie\u0107, \u017ce \u015bw. Pawe\u0142 by\u0142 pod ka\u017cdym wzgl\u0119dem przeciwie\u0144stwem \u015bw. Piotra, ale pod niejednym by\u0142. By\u0142 bardziej konfrontacyjny i ofensywny oraz odwa\u017cniejszym. By\u0142 \"cz\u0142owiekiem spoza uk\u0142adu\", kt\u00f3rego powo\u0142a\u0142 sam Chrystus po swoim Zmartwychwstaniu.","rel":"","context":"W \u201e06. \u015awi\u0119ta w czerwcu&quot;","block_context":{"text":"06. \u015awi\u0119ta w czerwcu","link":"https:\/\/wobronietradycjiiwiary.com\/pl\/category\/duchowosc\/liturgia-i-liturgika\/rozwazania\/rok-liturgiczny\/swieta-w-czerwcu\/"},"img":{"alt_text":"","src":"https:\/\/i0.wp.com\/wobronietradycjiiwiary.com\/wp-content\/uploads\/2021\/06\/Pawel-21.jpg?resize=350%2C200&ssl=1","width":350,"height":200},"classes":[]},{"id":38246,"url":"https:\/\/wobronietradycjiiwiary.com\/pl\/7-go-pazdziernika-zywot-swietego-pawla-od-krzyza-zakonodawcy\/","url_meta":{"origin":93188,"position":2},"title":"7-go Pa\u017adziernika. \u017bywot \u015bwi\u0119tego Paw\u0142a od Krzy\u017ca, Zakonodawcy.","author":"Traditio et Fides","date":"7 pa\u017adziernika 2020","format":false,"excerpt":"\u015bw. Pawe\u0142 od Krzy\u017ca zafascynowa\u0142 si\u0119 \u017cyciorysami \u015bwi\u0119tych, kt\u00f3re opowiadali mu rodzice. Przyk\u0142ad wcieli\u0142 w \u017cycie i sam \u015bwi\u0119tym zosta\u0142.","rel":"","context":"W \u201e10. \u015awi\u0119ta w pa\u017adzierniku&quot;","block_context":{"text":"10. \u015awi\u0119ta w pa\u017adzierniku","link":"https:\/\/wobronietradycjiiwiary.com\/pl\/category\/duchowosc\/liturgia-i-liturgika\/rozwazania\/rok-liturgiczny\/swieta-w-pazdzierniku\/"},"img":{"alt_text":"","src":"https:\/\/i0.wp.com\/wobronietradycjiiwiary.com\/wp-content\/uploads\/2020\/10\/Paul-of-the-Cross.jpg?resize=350%2C200&ssl=1","width":350,"height":200,"srcset":"https:\/\/i0.wp.com\/wobronietradycjiiwiary.com\/wp-content\/uploads\/2020\/10\/Paul-of-the-Cross.jpg?resize=350%2C200&ssl=1 1x, https:\/\/i0.wp.com\/wobronietradycjiiwiary.com\/wp-content\/uploads\/2020\/10\/Paul-of-the-Cross.jpg?resize=525%2C300&ssl=1 1.5x, https:\/\/i0.wp.com\/wobronietradycjiiwiary.com\/wp-content\/uploads\/2020\/10\/Paul-of-the-Cross.jpg?resize=700%2C400&ssl=1 2x"},"classes":[]},{"id":38254,"url":"https:\/\/wobronietradycjiiwiary.com\/pl\/7-go-pazdziernika-zywot-swietego-pawla-od-krzyza-zakonodawcy-3\/","url_meta":{"origin":93188,"position":3},"title":"7-go Pa\u017adziernika. \u017bywot \u015bwi\u0119tego Paw\u0142a od Krzy\u017ca, Zakonodawcy.","author":"Traditio et Fides","date":"7 pa\u017adziernika 2024","format":false,"excerpt":"\u015bw. Pawe\u0142 od Krzy\u017ca zafascynowa\u0142 si\u0119 \u017cyciorysami \u015bwi\u0119tych, kt\u00f3re opowiadali mu rodzice. Przyk\u0142ad wcieli\u0142 w \u017cycie i sam \u015bwi\u0119tym zosta\u0142.","rel":"","context":"W \u201e10. \u015awi\u0119ta w pa\u017adzierniku&quot;","block_context":{"text":"10. \u015awi\u0119ta w pa\u017adzierniku","link":"https:\/\/wobronietradycjiiwiary.com\/pl\/category\/duchowosc\/liturgia-i-liturgika\/rozwazania\/rok-liturgiczny\/swieta-w-pazdzierniku\/"},"img":{"alt_text":"","src":"https:\/\/i0.wp.com\/wobronietradycjiiwiary.com\/wp-content\/uploads\/2020\/10\/Paul-of-the-Cross.jpg?resize=350%2C200&ssl=1","width":350,"height":200,"srcset":"https:\/\/i0.wp.com\/wobronietradycjiiwiary.com\/wp-content\/uploads\/2020\/10\/Paul-of-the-Cross.jpg?resize=350%2C200&ssl=1 1x, https:\/\/i0.wp.com\/wobronietradycjiiwiary.com\/wp-content\/uploads\/2020\/10\/Paul-of-the-Cross.jpg?resize=525%2C300&ssl=1 1.5x, https:\/\/i0.wp.com\/wobronietradycjiiwiary.com\/wp-content\/uploads\/2020\/10\/Paul-of-the-Cross.jpg?resize=700%2C400&ssl=1 2x"},"classes":[]},{"id":38255,"url":"https:\/\/wobronietradycjiiwiary.com\/pl\/7-go-pazdziernika-zywot-swietego-pawla-od-krzyza-zakonodawcy-2\/","url_meta":{"origin":93188,"position":4},"title":"7-go Pa\u017adziernika. \u017bywot \u015bwi\u0119tego Paw\u0142a od Krzy\u017ca, Zakonodawcy.","author":"Traditio et Fides","date":"7 pa\u017adziernika 2022","format":false,"excerpt":"\u015bw. Pawe\u0142 od Krzy\u017ca zafascynowa\u0142 si\u0119 \u017cyciorysami \u015bwi\u0119tych, kt\u00f3re opowiadali mu rodzice. Przyk\u0142ad wcieli\u0142 w \u017cycie i sam \u015bwi\u0119tym zosta\u0142.","rel":"","context":"W \u201e10. \u015awi\u0119ta w pa\u017adzierniku&quot;","block_context":{"text":"10. \u015awi\u0119ta w pa\u017adzierniku","link":"https:\/\/wobronietradycjiiwiary.com\/pl\/category\/duchowosc\/liturgia-i-liturgika\/rozwazania\/rok-liturgiczny\/swieta-w-pazdzierniku\/"},"img":{"alt_text":"","src":"https:\/\/i0.wp.com\/wobronietradycjiiwiary.com\/wp-content\/uploads\/2020\/10\/Paul-of-the-Cross.jpg?resize=350%2C200&ssl=1","width":350,"height":200,"srcset":"https:\/\/i0.wp.com\/wobronietradycjiiwiary.com\/wp-content\/uploads\/2020\/10\/Paul-of-the-Cross.jpg?resize=350%2C200&ssl=1 1x, https:\/\/i0.wp.com\/wobronietradycjiiwiary.com\/wp-content\/uploads\/2020\/10\/Paul-of-the-Cross.jpg?resize=525%2C300&ssl=1 1.5x, https:\/\/i0.wp.com\/wobronietradycjiiwiary.com\/wp-content\/uploads\/2020\/10\/Paul-of-the-Cross.jpg?resize=700%2C400&ssl=1 2x"},"classes":[]},{"id":52002,"url":"https:\/\/wobronietradycjiiwiary.com\/pl\/7-go-pazdziernika-zywot-swietego-pawla-od-krzyza-zakonodawcy-4\/","url_meta":{"origin":93188,"position":5},"title":"7-go Pa\u017adziernika. \u017bywot \u015bwi\u0119tego Paw\u0142a od Krzy\u017ca, Zakonodawcy.","author":"Traditio et Fides","date":"7 pa\u017adziernika 2021","format":false,"excerpt":"\u015bw. Pawe\u0142 od Krzy\u017ca zafascynowa\u0142 si\u0119 \u017cyciorysami \u015bwi\u0119tych, kt\u00f3re opowiadali mu rodzice. Przyk\u0142ad wcieli\u0142 w \u017cycie i sam \u015bwi\u0119tym zosta\u0142.","rel":"","context":"W \u201e10. \u015awi\u0119ta w pa\u017adzierniku&quot;","block_context":{"text":"10. \u015awi\u0119ta w pa\u017adzierniku","link":"https:\/\/wobronietradycjiiwiary.com\/pl\/category\/duchowosc\/liturgia-i-liturgika\/rozwazania\/rok-liturgiczny\/swieta-w-pazdzierniku\/"},"img":{"alt_text":"","src":"https:\/\/i0.wp.com\/wobronietradycjiiwiary.com\/wp-content\/uploads\/2020\/10\/Paul-of-the-Cross.jpg?resize=350%2C200&ssl=1","width":350,"height":200,"srcset":"https:\/\/i0.wp.com\/wobronietradycjiiwiary.com\/wp-content\/uploads\/2020\/10\/Paul-of-the-Cross.jpg?resize=350%2C200&ssl=1 1x, https:\/\/i0.wp.com\/wobronietradycjiiwiary.com\/wp-content\/uploads\/2020\/10\/Paul-of-the-Cross.jpg?resize=525%2C300&ssl=1 1.5x, https:\/\/i0.wp.com\/wobronietradycjiiwiary.com\/wp-content\/uploads\/2020\/10\/Paul-of-the-Cross.jpg?resize=700%2C400&ssl=1 2x"},"classes":[]}],"amp_enabled":true,"jetpack_featured_media_url":"https:\/\/wobronietradycjiiwiary.com\/wp-content\/uploads\/2021\/06\/Pawel-21.jpg","_links":{"self":[{"href":"https:\/\/wobronietradycjiiwiary.com\/pl\/wp-json\/wp\/v2\/posts\/93188","targetHints":{"allow":["GET"]}}],"collection":[{"href":"https:\/\/wobronietradycjiiwiary.com\/pl\/wp-json\/wp\/v2\/posts"}],"about":[{"href":"https:\/\/wobronietradycjiiwiary.com\/pl\/wp-json\/wp\/v2\/types\/post"}],"author":[{"embeddable":true,"href":"https:\/\/wobronietradycjiiwiary.com\/pl\/wp-json\/wp\/v2\/users\/60508433"}],"replies":[{"embeddable":true,"href":"https:\/\/wobronietradycjiiwiary.com\/pl\/wp-json\/wp\/v2\/comments?post=93188"}],"version-history":[{"count":1,"href":"https:\/\/wobronietradycjiiwiary.com\/pl\/wp-json\/wp\/v2\/posts\/93188\/revisions"}],"predecessor-version":[{"id":93257,"href":"https:\/\/wobronietradycjiiwiary.com\/pl\/wp-json\/wp\/v2\/posts\/93188\/revisions\/93257"}],"wp:featuredmedia":[{"embeddable":true,"href":"https:\/\/wobronietradycjiiwiary.com\/pl\/wp-json\/wp\/v2\/media\/49766"}],"wp:attachment":[{"href":"https:\/\/wobronietradycjiiwiary.com\/pl\/wp-json\/wp\/v2\/media?parent=93188"}],"wp:term":[{"taxonomy":"category","embeddable":true,"href":"https:\/\/wobronietradycjiiwiary.com\/pl\/wp-json\/wp\/v2\/categories?post=93188"},{"taxonomy":"post_tag","embeddable":true,"href":"https:\/\/wobronietradycjiiwiary.com\/pl\/wp-json\/wp\/v2\/tags?post=93188"}],"curies":[{"name":"wp","href":"https:\/\/api.w.org\/{rel}","templated":true}]}}