{"id":929,"date":"2014-03-15T20:16:51","date_gmt":"2014-03-15T19:16:51","guid":{"rendered":"https:\/\/wobronietradycjiiwiary.com\/?p=929"},"modified":"2025-02-07T15:52:36","modified_gmt":"2025-02-07T14:52:36","slug":"vaticanum-ii-i-odnowa-charyzmatyczna","status":"publish","type":"post","link":"https:\/\/wobronietradycjiiwiary.com\/pl\/vaticanum-ii-i-odnowa-charyzmatyczna\/","title":{"rendered":"Vaticanum II i odnowa charyzmatyczna"},"content":{"rendered":"<div id=\"bsf_rt_marker\"><\/div><p>Je\u015bli pi\u0119\u0107dziesi\u0105t milion\u00f3w ludzi m\u00f3wi g\u0142upstwa, nie przestaj\u0105 one by\u0107 g\u0142upstwami.\u00a0 &#8211; Betrand Russell&#8230; &#8230; i zapewne dlatego mamy dzisiaj&hellip;<\/p>\n<div style=\"text-align: center\">\n<p>&nbsp;<\/p>\n<\/div>\n<h2 style=\"border: 5px solid #0000A0;padding: 1em;text-align: center\"><span style=\"color: #000000\">Pe\u0142en dost\u0119p dla <span style=\"color: #00ccff\"><a style=\"color: #00ccff\" href=\"https:\/\/wobronietradycjiiwiary.com\/subskrypcje-2\/\" target=\"_blank\" rel=\"noopener\">subskrybent\u00f3w<\/a><\/span>.<\/span><br \/>\n<span style=\"color: #3366ff\"><a style=\"color: #3366ff\" href=\"https:\/\/wobronietradycjiiwiary.com\/account\/login\/\" target=\"_blank\" rel=\"noopener\"><span style=\"color: #00ccff\">Zaloguj<\/span><\/a> <\/span>si\u0119 lub przejd\u017a do <a href=\"https:\/\/wobronietradycjiiwiary.com\/register\/\"><span style=\"color: #3366ff\">Rejestracji<\/span><\/a>.<\/h2>\n<div>\n<p style=\"text-align: center\"><a href=\"https:\/\/wobronietradycjiiwiary.com\/pl\/subskrypcje-2\/cennik\/\" target=\"_blank\" rel=\"noopener\"><span style=\"color: #000080;font-size: 24pt\"><strong>Nowe ni\u017csze ceny<\/strong><\/span><\/a><\/p>\n<p style=\"text-align: center\"><strong><span style=\"font-size: 18pt;color: #000080\">P\u0142atno\u015b\u0107 kart\u0105<\/span><\/strong><\/p>\n<\/div>\n<h3 style=\"text-align: center\"><a href=\"https:\/\/wobronietradycjiiwiary.com\/pl\/subskrypcje-2\/automatyczne\/indywidualne\/\" target=\"_blank\" rel=\"noopener\"><img fetchpriority=\"high\" decoding=\"async\" class=\"alignnone size-medium wp-image-80433\" src=\"https:\/\/wobronietradycjiiwiary.com\/wp-content\/uploads\/2022\/11\/Unbenannt-1-Online-1-300x202.jpg\" alt=\"\" width=\"300\" height=\"202\" srcset=\"https:\/\/wobronietradycjiiwiary.com\/wp-content\/uploads\/2022\/11\/Unbenannt-1-Online-1-300x202.jpg 300w, https:\/\/wobronietradycjiiwiary.com\/wp-content\/uploads\/2022\/11\/Unbenannt-1-Online-1-150x101.jpg 150w, https:\/\/wobronietradycjiiwiary.com\/wp-content\/uploads\/2022\/11\/Unbenannt-1-Online-1-18x12.jpg 18w, https:\/\/wobronietradycjiiwiary.com\/wp-content\/uploads\/2022\/11\/Unbenannt-1-Online-1.jpg 446w\" sizes=\"(max-width: 300px) 100vw, 300px\" \/><\/a><\/h3>\n<p style=\"text-align: center\"><strong><span style=\"font-size: 18pt;color: #000080\">P\u0142atno\u015b\u0107 przelewem<\/span><\/strong><\/p>\n<p><a href=\"https:\/\/wobronietradycjiiwiary.com\/pl\/subskrypcje-2\/automatyczne\/indywidualne\/\" target=\"_blank\" rel=\"noopener\"><img decoding=\"async\" class=\"size-medium wp-image-80434 aligncenter\" src=\"https:\/\/wobronietradycjiiwiary.com\/wp-content\/uploads\/2022\/11\/Unbenannt-1-Przelewem-300x137.jpg\" alt=\"\" width=\"300\" height=\"137\" srcset=\"https:\/\/wobronietradycjiiwiary.com\/wp-content\/uploads\/2022\/11\/Unbenannt-1-Przelewem-300x137.jpg 300w, https:\/\/wobronietradycjiiwiary.com\/wp-content\/uploads\/2022\/11\/Unbenannt-1-Przelewem-450x206.jpg 450w, https:\/\/wobronietradycjiiwiary.com\/wp-content\/uploads\/2022\/11\/Unbenannt-1-Przelewem-600x274.jpg 600w, https:\/\/wobronietradycjiiwiary.com\/wp-content\/uploads\/2022\/11\/Unbenannt-1-Przelewem-150x69.jpg 150w, https:\/\/wobronietradycjiiwiary.com\/wp-content\/uploads\/2022\/11\/Unbenannt-1-Przelewem-18x8.jpg 18w, https:\/\/wobronietradycjiiwiary.com\/wp-content\/uploads\/2022\/11\/Unbenannt-1-Przelewem.jpg 676w\" sizes=\"(max-width: 300px) 100vw, 300px\" \/><\/a><\/p>\n<p style=\"text-align: center\"><strong><span style=\"font-size: 18pt;color: #000080\">P\u0142atno\u015b\u0107 kart\u0105 do 6 os\u00f3b<\/span><\/strong><\/p>\n<p><a href=\"https:\/\/wobronietradycjiiwiary.com\/pl\/rodzinne\/\" target=\"_blank\" rel=\"noopener\"><img decoding=\"async\" class=\"size-medium wp-image-80435 aligncenter\" src=\"https:\/\/wobronietradycjiiwiary.com\/wp-content\/uploads\/2022\/11\/Unbenannt-1-Rodzinna-300x208.jpg\" alt=\"\" width=\"300\" height=\"208\" srcset=\"https:\/\/wobronietradycjiiwiary.com\/wp-content\/uploads\/2022\/11\/Unbenannt-1-Rodzinna-300x208.jpg 300w, https:\/\/wobronietradycjiiwiary.com\/wp-content\/uploads\/2022\/11\/Unbenannt-1-Rodzinna-150x104.jpg 150w, https:\/\/wobronietradycjiiwiary.com\/wp-content\/uploads\/2022\/11\/Unbenannt-1-Rodzinna-18x12.jpg 18w, https:\/\/wobronietradycjiiwiary.com\/wp-content\/uploads\/2022\/11\/Unbenannt-1-Rodzinna.jpg 448w\" sizes=\"(max-width: 300px) 100vw, 300px\" \/><\/a><\/p>\n<h3 style=\"text-align: center\"><\/h3>\n<h1 style=\"text-align: center\"><\/h1>\n","protected":false},"excerpt":{"rendered":"<p>Vat. II i ruch charyzmatyczny. Historia wzajemnego wp\u0142ywu i zale\u017cno\u015bci.<\/p>\n","protected":false},"author":60508433,"featured_media":27850,"comment_status":"closed","ping_status":"closed","sticky":false,"template":"","format":"standard","meta":{"_bbp_topic_count":0,"_bbp_reply_count":0,"_bbp_total_topic_count":0,"_bbp_total_reply_count":0,"_bbp_voice_count":0,"_bbp_anonymous_reply_count":0,"_bbp_topic_count_hidden":0,"_bbp_reply_count_hidden":0,"_bbp_forum_subforum_count":0,"_editorskit_title_hidden":false,"_editorskit_reading_time":0,"_editorskit_is_block_options_detached":false,"_editorskit_block_options_position":"{}","_coblocks_attr":"","_coblocks_dimensions":"","_coblocks_responsive_height":"","_coblocks_accordion_ie_support":"","_exactmetrics_skip_tracking":false,"_jetpack_newsletter_access":"","_jetpack_dont_email_post_to_subs":false,"_jetpack_newsletter_tier_id":0,"_jetpack_memberships_contains_paywalled_content":false,"_wpcom_ai_launchpad_first_post":false,"_jetpack_feature_clip_id":0,"_jetpack_memberships_contains_paid_content":false,"footnotes":"","jetpack_publicize_message":"{title}\n\n{excerpt}\n\n{url}","jetpack_publicize_feature_enabled":true,"jetpack_social_post_already_shared":true,"jetpack_social_options":{"image_generator_settings":{"template":"highway","default_image_id":0,"font":"","enabled":false},"version":2},"_wpas_customize_per_network":false,"jetpack_post_was_ever_published":false},"categories":[89307400],"tags":[61780041,2303777,211523086,610132133,929291],"class_list":["post-929","post","type-post","status-publish","format-standard","has-post-thumbnail","hentry","category-ruch-charyzmatyczny","tag-dary-ducha-swietego","tag-duch-swiety","tag-odnowa-charyzmatyczna","tag-restricted","tag-tradycja"],"yoast_head":"<!-- This site is optimized with the Yoast SEO plugin v28.3 - https:\/\/yoast.com\/product\/yoast-seo-wordpress\/ -->\n<title>Vaticanum II i odnowa charyzmatyczna - Tradycja i Wiara<\/title>\n<meta name=\"description\" content=\"Vaticanum II i odnowa charyzmatyczna Odnowa charyzmatyczna Sob\u00f3r katolicyzm\" \/>\n<meta name=\"robots\" content=\"index, follow, max-snippet:-1, max-image-preview:large, max-video-preview:-1\" \/>\n<link rel=\"canonical\" href=\"https:\/\/wobronietradycjiiwiary.com\/pl\/vaticanum-ii-i-odnowa-charyzmatyczna\/\" \/>\n<meta property=\"og:locale\" content=\"pl_PL\" \/>\n<meta property=\"og:type\" content=\"article\" \/>\n<meta property=\"og:title\" content=\"Vaticanum II i odnowa charyzmatyczna - Tradycja i Wiara\" \/>\n<meta property=\"og:description\" content=\"Vaticanum II i odnowa charyzmatyczna Odnowa charyzmatyczna Sob\u00f3r katolicyzm\" \/>\n<meta property=\"og:url\" content=\"https:\/\/wobronietradycjiiwiary.com\/pl\/vaticanum-ii-i-odnowa-charyzmatyczna\/\" \/>\n<meta property=\"og:site_name\" content=\"Tradycja i Wiara\" \/>\n<meta property=\"article:publisher\" content=\"https:\/\/www.facebook.com\/Tradycja-i-Wiara-108813920592249\" \/>\n<meta property=\"article:published_time\" content=\"2014-03-15T19:16:51+00:00\" \/>\n<meta property=\"article:modified_time\" content=\"2025-02-07T14:52:36+00:00\" \/>\n<meta property=\"og:image\" content=\"https:\/\/wobronietradycjiiwiary.com\/wp-content\/uploads\/2014\/03\/d5ed8ed2c447d786ce5a83cafdbd81bd-e1588100806523.jpg\" \/>\n\t<meta property=\"og:image:width\" content=\"451\" \/>\n\t<meta property=\"og:image:height\" content=\"458\" \/>\n\t<meta property=\"og:image:type\" content=\"image\/jpeg\" \/>\n<meta name=\"author\" content=\"Traditio et Fides\" \/>\n<meta name=\"twitter:card\" content=\"summary_large_image\" \/>\n<meta name=\"twitter:label1\" content=\"Napisane przez\" \/>\n\t<meta name=\"twitter:data1\" content=\"Traditio et Fides\" \/>\n\t<meta name=\"twitter:label2\" content=\"Szacowany czas czytania\" \/>\n\t<meta name=\"twitter:data2\" content=\"7 minut\" \/>\n<script type=\"application\/ld+json\" class=\"yoast-schema-graph\">{\"@context\":\"https:\\\/\\\/schema.org\",\"@graph\":[{\"@type\":\"Article\",\"@id\":\"https:\\\/\\\/wobronietradycjiiwiary.com\\\/vaticanum-ii-i-odnowa-charyzmatyczna\\\/#article\",\"isPartOf\":{\"@id\":\"https:\\\/\\\/wobronietradycjiiwiary.com\\\/vaticanum-ii-i-odnowa-charyzmatyczna\\\/\"},\"author\":{\"name\":\"Traditio et Fides\",\"@id\":\"https:\\\/\\\/wobronietradycjiiwiary.com\\\/pl\\\/#\\\/schema\\\/person\\\/2d6180ce6abcb681fef0daab7816e8f3\"},\"headline\":\"Vaticanum II i odnowa charyzmatyczna\",\"datePublished\":\"2014-03-15T19:16:51+00:00\",\"dateModified\":\"2025-02-07T14:52:36+00:00\",\"mainEntityOfPage\":{\"@id\":\"https:\\\/\\\/wobronietradycjiiwiary.com\\\/vaticanum-ii-i-odnowa-charyzmatyczna\\\/\"},\"wordCount\":1446,\"publisher\":{\"@id\":\"https:\\\/\\\/wobronietradycjiiwiary.com\\\/pl\\\/#organization\"},\"image\":{\"@id\":\"https:\\\/\\\/wobronietradycjiiwiary.com\\\/vaticanum-ii-i-odnowa-charyzmatyczna\\\/#primaryimage\"},\"thumbnailUrl\":\"https:\\\/\\\/wobronietradycjiiwiary.com\\\/wp-content\\\/uploads\\\/2014\\\/03\\\/d5ed8ed2c447d786ce5a83cafdbd81bd-e1588100806523.jpg\",\"keywords\":[\"dary Ducha \u015awi\u0119tego\",\"Duch \u015awi\u0119ty\",\"Odnowa charyzmatyczna\",\"Restricted\",\"Tradycja\"],\"articleSection\":[\"Ruch charyzmatyczny\"],\"inLanguage\":\"pl-PL\"},{\"@type\":\"WebPage\",\"@id\":\"https:\\\/\\\/wobronietradycjiiwiary.com\\\/vaticanum-ii-i-odnowa-charyzmatyczna\\\/\",\"url\":\"https:\\\/\\\/wobronietradycjiiwiary.com\\\/vaticanum-ii-i-odnowa-charyzmatyczna\\\/\",\"name\":\"Vaticanum II i odnowa charyzmatyczna - Tradycja i Wiara\",\"isPartOf\":{\"@id\":\"https:\\\/\\\/wobronietradycjiiwiary.com\\\/pl\\\/#website\"},\"primaryImageOfPage\":{\"@id\":\"https:\\\/\\\/wobronietradycjiiwiary.com\\\/vaticanum-ii-i-odnowa-charyzmatyczna\\\/#primaryimage\"},\"image\":{\"@id\":\"https:\\\/\\\/wobronietradycjiiwiary.com\\\/vaticanum-ii-i-odnowa-charyzmatyczna\\\/#primaryimage\"},\"thumbnailUrl\":\"https:\\\/\\\/wobronietradycjiiwiary.com\\\/wp-content\\\/uploads\\\/2014\\\/03\\\/d5ed8ed2c447d786ce5a83cafdbd81bd-e1588100806523.jpg\",\"datePublished\":\"2014-03-15T19:16:51+00:00\",\"dateModified\":\"2025-02-07T14:52:36+00:00\",\"description\":\"Vaticanum II i odnowa charyzmatyczna Odnowa charyzmatyczna Sob\u00f3r katolicyzm\",\"breadcrumb\":{\"@id\":\"https:\\\/\\\/wobronietradycjiiwiary.com\\\/vaticanum-ii-i-odnowa-charyzmatyczna\\\/#breadcrumb\"},\"inLanguage\":\"pl-PL\",\"potentialAction\":[{\"@type\":\"ReadAction\",\"target\":[\"https:\\\/\\\/wobronietradycjiiwiary.com\\\/vaticanum-ii-i-odnowa-charyzmatyczna\\\/\"]}]},{\"@type\":\"ImageObject\",\"inLanguage\":\"pl-PL\",\"@id\":\"https:\\\/\\\/wobronietradycjiiwiary.com\\\/vaticanum-ii-i-odnowa-charyzmatyczna\\\/#primaryimage\",\"url\":\"https:\\\/\\\/wobronietradycjiiwiary.com\\\/wp-content\\\/uploads\\\/2014\\\/03\\\/d5ed8ed2c447d786ce5a83cafdbd81bd-e1588100806523.jpg\",\"contentUrl\":\"https:\\\/\\\/wobronietradycjiiwiary.com\\\/wp-content\\\/uploads\\\/2014\\\/03\\\/d5ed8ed2c447d786ce5a83cafdbd81bd-e1588100806523.jpg\",\"width\":451,\"height\":458},{\"@type\":\"BreadcrumbList\",\"@id\":\"https:\\\/\\\/wobronietradycjiiwiary.com\\\/vaticanum-ii-i-odnowa-charyzmatyczna\\\/#breadcrumb\",\"itemListElement\":[{\"@type\":\"ListItem\",\"position\":1,\"name\":\"Strona g\u0142\u00f3wna\",\"item\":\"https:\\\/\\\/wobronietradycjiiwiary.com\\\/\"},{\"@type\":\"ListItem\",\"position\":2,\"name\":\"Vaticanum II i odnowa charyzmatyczna\"}]},{\"@type\":\"WebSite\",\"@id\":\"https:\\\/\\\/wobronietradycjiiwiary.com\\\/pl\\\/#website\",\"url\":\"https:\\\/\\\/wobronietradycjiiwiary.com\\\/pl\\\/\",\"name\":\"Tradycja i Wiara\",\"description\":\"Portal dla katolik\u00f3w.\",\"publisher\":{\"@id\":\"https:\\\/\\\/wobronietradycjiiwiary.com\\\/pl\\\/#organization\"},\"potentialAction\":[{\"@type\":\"SearchAction\",\"target\":{\"@type\":\"EntryPoint\",\"urlTemplate\":\"https:\\\/\\\/wobronietradycjiiwiary.com\\\/pl\\\/?s={search_term_string}\"},\"query-input\":{\"@type\":\"PropertyValueSpecification\",\"valueRequired\":true,\"valueName\":\"search_term_string\"}}],\"inLanguage\":\"pl-PL\"},{\"@type\":\"Organization\",\"@id\":\"https:\\\/\\\/wobronietradycjiiwiary.com\\\/pl\\\/#organization\",\"name\":\"Tradycja i Wiara\",\"url\":\"https:\\\/\\\/wobronietradycjiiwiary.com\\\/pl\\\/\",\"logo\":{\"@type\":\"ImageObject\",\"inLanguage\":\"pl-PL\",\"@id\":\"https:\\\/\\\/wobronietradycjiiwiary.com\\\/pl\\\/#\\\/schema\\\/logo\\\/image\\\/\",\"url\":\"https:\\\/\\\/i0.wp.com\\\/wobronietradycjiiwiary.com\\\/wp-content\\\/uploads\\\/2015\\\/10\\\/cropped-st-peters-dome-vatican.jpg?fit=940%2C198&ssl=1\",\"contentUrl\":\"https:\\\/\\\/i0.wp.com\\\/wobronietradycjiiwiary.com\\\/wp-content\\\/uploads\\\/2015\\\/10\\\/cropped-st-peters-dome-vatican.jpg?fit=940%2C198&ssl=1\",\"width\":940,\"height\":198,\"caption\":\"Tradycja i Wiara\"},\"image\":{\"@id\":\"https:\\\/\\\/wobronietradycjiiwiary.com\\\/pl\\\/#\\\/schema\\\/logo\\\/image\\\/\"},\"sameAs\":[\"https:\\\/\\\/www.facebook.com\\\/Tradycja-i-Wiara-108813920592249\"]},{\"@type\":\"Person\",\"@id\":\"https:\\\/\\\/wobronietradycjiiwiary.com\\\/pl\\\/#\\\/schema\\\/person\\\/2d6180ce6abcb681fef0daab7816e8f3\",\"name\":\"Traditio et Fides\",\"sameAs\":[\"https:\\\/\\\/traditionundglauben.com\"],\"url\":\"https:\\\/\\\/wobronietradycjiiwiary.com\\\/pl\\\/author\\\/wobronietradycjiiwiary\\\/\"}]}<\/script>\n<!-- \/ Yoast SEO plugin. -->","yoast_head_json":{"title":"Vaticanum II i odnowa charyzmatyczna - Tradycja i Wiara","description":"Vaticanum II i odnowa charyzmatyczna Odnowa charyzmatyczna Sob\u00f3r katolicyzm","robots":{"index":"index","follow":"follow","max-snippet":"max-snippet:-1","max-image-preview":"max-image-preview:large","max-video-preview":"max-video-preview:-1"},"canonical":"https:\/\/wobronietradycjiiwiary.com\/pl\/vaticanum-ii-i-odnowa-charyzmatyczna\/","og_locale":"pl_PL","og_type":"article","og_title":"Vaticanum II i odnowa charyzmatyczna - Tradycja i Wiara","og_description":"Vaticanum II i odnowa charyzmatyczna Odnowa charyzmatyczna Sob\u00f3r katolicyzm","og_url":"https:\/\/wobronietradycjiiwiary.com\/pl\/vaticanum-ii-i-odnowa-charyzmatyczna\/","og_site_name":"Tradycja i Wiara","article_publisher":"https:\/\/www.facebook.com\/Tradycja-i-Wiara-108813920592249","article_published_time":"2014-03-15T19:16:51+00:00","article_modified_time":"2025-02-07T14:52:36+00:00","og_image":[{"width":451,"height":458,"url":"https:\/\/wobronietradycjiiwiary.com\/wp-content\/uploads\/2014\/03\/d5ed8ed2c447d786ce5a83cafdbd81bd-e1588100806523.jpg","type":"image\/jpeg"}],"author":"Traditio et Fides","twitter_card":"summary_large_image","twitter_misc":{"Napisane przez":"Traditio et Fides","Szacowany czas czytania":"7 minut"},"schema":{"@context":"https:\/\/schema.org","@graph":[{"@type":"Article","@id":"https:\/\/wobronietradycjiiwiary.com\/vaticanum-ii-i-odnowa-charyzmatyczna\/#article","isPartOf":{"@id":"https:\/\/wobronietradycjiiwiary.com\/vaticanum-ii-i-odnowa-charyzmatyczna\/"},"author":{"name":"Traditio et Fides","@id":"https:\/\/wobronietradycjiiwiary.com\/pl\/#\/schema\/person\/2d6180ce6abcb681fef0daab7816e8f3"},"headline":"Vaticanum II i odnowa charyzmatyczna","datePublished":"2014-03-15T19:16:51+00:00","dateModified":"2025-02-07T14:52:36+00:00","mainEntityOfPage":{"@id":"https:\/\/wobronietradycjiiwiary.com\/vaticanum-ii-i-odnowa-charyzmatyczna\/"},"wordCount":1446,"publisher":{"@id":"https:\/\/wobronietradycjiiwiary.com\/pl\/#organization"},"image":{"@id":"https:\/\/wobronietradycjiiwiary.com\/vaticanum-ii-i-odnowa-charyzmatyczna\/#primaryimage"},"thumbnailUrl":"https:\/\/wobronietradycjiiwiary.com\/wp-content\/uploads\/2014\/03\/d5ed8ed2c447d786ce5a83cafdbd81bd-e1588100806523.jpg","keywords":["dary Ducha \u015awi\u0119tego","Duch \u015awi\u0119ty","Odnowa charyzmatyczna","Restricted","Tradycja"],"articleSection":["Ruch charyzmatyczny"],"inLanguage":"pl-PL"},{"@type":"WebPage","@id":"https:\/\/wobronietradycjiiwiary.com\/vaticanum-ii-i-odnowa-charyzmatyczna\/","url":"https:\/\/wobronietradycjiiwiary.com\/vaticanum-ii-i-odnowa-charyzmatyczna\/","name":"Vaticanum II i odnowa charyzmatyczna - Tradycja i Wiara","isPartOf":{"@id":"https:\/\/wobronietradycjiiwiary.com\/pl\/#website"},"primaryImageOfPage":{"@id":"https:\/\/wobronietradycjiiwiary.com\/vaticanum-ii-i-odnowa-charyzmatyczna\/#primaryimage"},"image":{"@id":"https:\/\/wobronietradycjiiwiary.com\/vaticanum-ii-i-odnowa-charyzmatyczna\/#primaryimage"},"thumbnailUrl":"https:\/\/wobronietradycjiiwiary.com\/wp-content\/uploads\/2014\/03\/d5ed8ed2c447d786ce5a83cafdbd81bd-e1588100806523.jpg","datePublished":"2014-03-15T19:16:51+00:00","dateModified":"2025-02-07T14:52:36+00:00","description":"Vaticanum II i odnowa charyzmatyczna Odnowa charyzmatyczna Sob\u00f3r katolicyzm","breadcrumb":{"@id":"https:\/\/wobronietradycjiiwiary.com\/vaticanum-ii-i-odnowa-charyzmatyczna\/#breadcrumb"},"inLanguage":"pl-PL","potentialAction":[{"@type":"ReadAction","target":["https:\/\/wobronietradycjiiwiary.com\/vaticanum-ii-i-odnowa-charyzmatyczna\/"]}]},{"@type":"ImageObject","inLanguage":"pl-PL","@id":"https:\/\/wobronietradycjiiwiary.com\/vaticanum-ii-i-odnowa-charyzmatyczna\/#primaryimage","url":"https:\/\/wobronietradycjiiwiary.com\/wp-content\/uploads\/2014\/03\/d5ed8ed2c447d786ce5a83cafdbd81bd-e1588100806523.jpg","contentUrl":"https:\/\/wobronietradycjiiwiary.com\/wp-content\/uploads\/2014\/03\/d5ed8ed2c447d786ce5a83cafdbd81bd-e1588100806523.jpg","width":451,"height":458},{"@type":"BreadcrumbList","@id":"https:\/\/wobronietradycjiiwiary.com\/vaticanum-ii-i-odnowa-charyzmatyczna\/#breadcrumb","itemListElement":[{"@type":"ListItem","position":1,"name":"Strona g\u0142\u00f3wna","item":"https:\/\/wobronietradycjiiwiary.com\/"},{"@type":"ListItem","position":2,"name":"Vaticanum II i odnowa charyzmatyczna"}]},{"@type":"WebSite","@id":"https:\/\/wobronietradycjiiwiary.com\/pl\/#website","url":"https:\/\/wobronietradycjiiwiary.com\/pl\/","name":"Tradycja i Wiara","description":"Portal dla katolik\u00f3w.","publisher":{"@id":"https:\/\/wobronietradycjiiwiary.com\/pl\/#organization"},"potentialAction":[{"@type":"SearchAction","target":{"@type":"EntryPoint","urlTemplate":"https:\/\/wobronietradycjiiwiary.com\/pl\/?s={search_term_string}"},"query-input":{"@type":"PropertyValueSpecification","valueRequired":true,"valueName":"search_term_string"}}],"inLanguage":"pl-PL"},{"@type":"Organization","@id":"https:\/\/wobronietradycjiiwiary.com\/pl\/#organization","name":"Tradycja i Wiara","url":"https:\/\/wobronietradycjiiwiary.com\/pl\/","logo":{"@type":"ImageObject","inLanguage":"pl-PL","@id":"https:\/\/wobronietradycjiiwiary.com\/pl\/#\/schema\/logo\/image\/","url":"https:\/\/i0.wp.com\/wobronietradycjiiwiary.com\/wp-content\/uploads\/2015\/10\/cropped-st-peters-dome-vatican.jpg?fit=940%2C198&ssl=1","contentUrl":"https:\/\/i0.wp.com\/wobronietradycjiiwiary.com\/wp-content\/uploads\/2015\/10\/cropped-st-peters-dome-vatican.jpg?fit=940%2C198&ssl=1","width":940,"height":198,"caption":"Tradycja i Wiara"},"image":{"@id":"https:\/\/wobronietradycjiiwiary.com\/pl\/#\/schema\/logo\/image\/"},"sameAs":["https:\/\/www.facebook.com\/Tradycja-i-Wiara-108813920592249"]},{"@type":"Person","@id":"https:\/\/wobronietradycjiiwiary.com\/pl\/#\/schema\/person\/2d6180ce6abcb681fef0daab7816e8f3","name":"Traditio et Fides","sameAs":["https:\/\/traditionundglauben.com"],"url":"https:\/\/wobronietradycjiiwiary.com\/pl\/author\/wobronietradycjiiwiary\/"}]}},"jetpack_publicize_connections":[],"jetpack_sharing_enabled":true,"jetpack_likes_enabled":true,"jetpack_shortlink":"https:\/\/wp.me\/pc04Sd-eZ","jetpack-related-posts":[{"id":12,"url":"https:\/\/wobronietradycjiiwiary.com\/pl\/tradycja-a-tradycje\/","url_meta":{"origin":929,"position":0},"title":"Tradycja a tradycje","author":"Traditio et Fides","date":"23 stycznia 2014","format":false,"excerpt":"Czym jest Tradycja, czy s\u0105 Tradycje? Teologicznie i potocznie, pr\u00f3ba odpowiedzi w artykule.","rel":"","context":"W \u201eTradycja i tradycja&quot;","block_context":{"text":"Tradycja i tradycja","link":"https:\/\/wobronietradycjiiwiary.com\/pl\/category\/doktryna\/teologia-jako-nauka\/tradycja-i-tradycja\/"},"img":{"alt_text":"","src":"https:\/\/i0.wp.com\/wobronietradycjiiwiary.com\/wp-content\/uploads\/2014\/01\/5296e358c4161.jpg?resize=350%2C200&ssl=1","width":350,"height":200,"srcset":"https:\/\/i0.wp.com\/wobronietradycjiiwiary.com\/wp-content\/uploads\/2014\/01\/5296e358c4161.jpg?resize=350%2C200&ssl=1 1x, https:\/\/i0.wp.com\/wobronietradycjiiwiary.com\/wp-content\/uploads\/2014\/01\/5296e358c4161.jpg?resize=525%2C300&ssl=1 1.5x, https:\/\/i0.wp.com\/wobronietradycjiiwiary.com\/wp-content\/uploads\/2014\/01\/5296e358c4161.jpg?resize=700%2C400&ssl=1 2x"},"classes":[]},{"id":70399,"url":"https:\/\/wobronietradycjiiwiary.com\/pl\/carol-byrne-msza-dialogowana-47-1-z-94-mycie-nog-swieckim\/","url_meta":{"origin":929,"position":1},"title":"Carol Byrne, &#8220;Msza dialogowana&#8221;. (47.1 z 94):  Mycie n\u00f3g \u015bwieckim","author":"Traditio et Fides","date":"24 maja 2022","format":false,"excerpt":"Wprowadzenie mycia n\u00f3g \u015bwieckim w 1955 nie tylko zmieni\u0142o teologiczne znaczenie Mandatum, ale wprowadzi\u0142o te\u017c teologiczn\u0105 wojn\u0119 wszystkich ze wszystkimi.","rel":"","context":"W \u201e3) Pius XII - ku zag\u0142adzie&quot;","block_context":{"text":"3) Pius XII - ku zag\u0142adzie","link":"https:\/\/wobronietradycjiiwiary.com\/pl\/category\/doktryna\/teologia-liturgii\/byrne-doktryna\/byrne\/pius-xii-ku-zagladzie\/"},"img":{"alt_text":"","src":"https:\/\/i0.wp.com\/wobronietradycjiiwiary.com\/wp-content\/uploads\/2019\/10\/carreno-de-miranda.jpg?resize=350%2C200&ssl=1","width":350,"height":200,"srcset":"https:\/\/i0.wp.com\/wobronietradycjiiwiary.com\/wp-content\/uploads\/2019\/10\/carreno-de-miranda.jpg?resize=350%2C200&ssl=1 1x, https:\/\/i0.wp.com\/wobronietradycjiiwiary.com\/wp-content\/uploads\/2019\/10\/carreno-de-miranda.jpg?resize=525%2C300&ssl=1 1.5x, https:\/\/i0.wp.com\/wobronietradycjiiwiary.com\/wp-content\/uploads\/2019\/10\/carreno-de-miranda.jpg?resize=700%2C400&ssl=1 2x"},"classes":[]},{"id":7505,"url":"https:\/\/wobronietradycjiiwiary.com\/pl\/protestanckie-czyli-zle-a-dlaczego-3-z\/","url_meta":{"origin":929,"position":2},"title":"\u201eProtestanckie czyli z\u0142e.\u201d A dlaczego? (3 z 6). Sola Scriptura","author":"Traditio et Fides","date":"8 grudnia 2015","format":false,"excerpt":"Sola Scriptura \u2013 Tylko Pismo Zasada przyj\u0119ta dopiero przez Lutra i to po 1500 latach chrze\u015bcija\u0144stwa, wedle kt\u00f3rej jedynym \u017ar\u00f3d\u0142em Objawienia jest Pismo \u015awi\u0119te, a nie jak w katolicyzmie Pismo \u015awi\u0119te i Tradycja, a w sumie bardziej Tradycja, kt\u00f3ra stworzy\u0142a i przekaza\u0142a Pismo, by\u0142a rzeczywistym przewrotem kopernika\u0144skim i rewolucj\u0105 w\u2026","rel":"","context":"W \u201eProtestantyzm&quot;","block_context":{"text":"Protestantyzm","link":"https:\/\/wobronietradycjiiwiary.com\/pl\/category\/polemika\/protestantyzm\/"},"img":{"alt_text":"Triumph-church-rubens-prado","src":"https:\/\/i0.wp.com\/wobronietradycjiiwiary.com\/wp-content\/uploads\/2015\/10\/triumph-church-rubens-prado.jpg?resize=350%2C200&ssl=1","width":350,"height":200,"srcset":"https:\/\/i0.wp.com\/wobronietradycjiiwiary.com\/wp-content\/uploads\/2015\/10\/triumph-church-rubens-prado.jpg?resize=350%2C200&ssl=1 1x, https:\/\/i0.wp.com\/wobronietradycjiiwiary.com\/wp-content\/uploads\/2015\/10\/triumph-church-rubens-prado.jpg?resize=525%2C300&ssl=1 1.5x"},"classes":[]},{"id":6877,"url":"https:\/\/wobronietradycjiiwiary.com\/pl\/maria-kominek-ops-nowe-ruchy-religijne-znamie-zywotnosci-czy-kryzysu-kosciola-1-z\/","url_meta":{"origin":929,"position":3},"title":"Maria Kominek OPs: Nowe ruchy religijne znami\u0119 \u017cywotno\u015bci czy kryzysu Ko\u015bcio\u0142a ? (1 z 5)","author":"Traditio et Fides","date":"17 pa\u017adziernika 2015","format":false,"excerpt":"Pytanie, na kt\u00f3re b\u0119d\u0119 stara\u0142a si\u0119 odpowiedzie\u0107, jest tym samym pytaniem, kt\u00f3re ponad 25 lat temu zada\u0142 Vittorio Messori \u00f3wczesnemu prefektowi \u015awi\u0119tej Kongregacji Nauki Wiary. W s\u0142ynnym wywiadzie \u201eRaport o stanie Wiary\u201d kardyna\u0142 Ratzinger wyrazi\u0142 umiarkowan\u0105, ale jednak nadziej\u0119 na pozytywny rozw\u00f3j ruch\u00f3w, na ich w\u0142\u0105czenie w pe\u0142na, integraln\u0105 katolicko\u015b\u0107.\u2026","rel":"","context":"W \u201eKominek Eklezjologia&quot;","block_context":{"text":"Kominek Eklezjologia","link":"https:\/\/wobronietradycjiiwiary.com\/pl\/category\/polemika\/autorzy-polemiczni\/maria-kominek-ops\/kominek-eklezjologia\/"},"img":{"alt_text":"2700477_orig Siena","src":"https:\/\/i0.wp.com\/wobronietradycjiiwiary.com\/wp-content\/uploads\/2015\/08\/2700477_orig-siena.jpg?resize=350%2C200&ssl=1","width":350,"height":200},"classes":[]},{"id":122420,"url":"https:\/\/wobronietradycjiiwiary.com\/pl\/carol-byrne-msza-dialogowana-100-2-z-129-czynnosci-liturgiczne-mszy-wykonuje-wylacznie-duchowienstwo-ii\/","url_meta":{"origin":929,"position":4},"title":"Carol Byrne, &#8220;Msza dialogowana&#8221;. (100.2 z 129). &#8220;Czynno\u015bci liturgiczne Mszy wykonuje wy\u0142\u0105cznie duchowie\u0144stwo&#8221;. (ii)","author":"Traditio et Fides","date":"8 pa\u017adziernika 2024","format":false,"excerpt":"O nowej koncepcji mszy jako dzie\u0142a zgromadzenia liturgicznego.","rel":"","context":"W \u201eByrne, \"Msza dialogowana\"&quot;","block_context":{"text":"Byrne, \"Msza dialogowana\"","link":"https:\/\/wobronietradycjiiwiary.com\/pl\/category\/doktryna\/teologia-liturgii\/byrne-doktryna\/byrne\/"},"img":{"alt_text":"","src":"https:\/\/i0.wp.com\/wobronietradycjiiwiary.com\/wp-content\/uploads\/2019\/10\/carreno-de-miranda.jpg?resize=350%2C200&ssl=1","width":350,"height":200,"srcset":"https:\/\/i0.wp.com\/wobronietradycjiiwiary.com\/wp-content\/uploads\/2019\/10\/carreno-de-miranda.jpg?resize=350%2C200&ssl=1 1x, https:\/\/i0.wp.com\/wobronietradycjiiwiary.com\/wp-content\/uploads\/2019\/10\/carreno-de-miranda.jpg?resize=525%2C300&ssl=1 1.5x, https:\/\/i0.wp.com\/wobronietradycjiiwiary.com\/wp-content\/uploads\/2019\/10\/carreno-de-miranda.jpg?resize=700%2C400&ssl=1 2x"},"classes":[]},{"id":6883,"url":"https:\/\/wobronietradycjiiwiary.com\/pl\/maria-kominek-ops-nowe-ruchy-religijne-znamie-zywotnosci-czy-kryzysu-kosciola-3-z\/","url_meta":{"origin":929,"position":5},"title":"Maria Kominek OPs: Nowe ruchy religijne znami\u0119 \u017cywotno\u015bci czy kryzysu Ko\u015bcio\u0142a ? (3 z 5)","author":"Traditio et Fides","date":"23 pa\u017adziernika 2015","format":false,"excerpt":"Odnowa w Duchu \u015awi\u0119tym I tak \u2013 ruchy, pochodz\u0105ce z protestantyzmu. Najwi\u0119kszy z nich to Odnowa w Duchu \u015awi\u0119tym, zwana te\u017c Odnow\u0105 Charyzmatyczn\u0105. Powszechnie wiadomo, \u017ce wywodzi si\u0119 z ruchu zielono\u015bwi\u0105tkowego, uwa\u017cana jest nawet za jego katolicka odmian\u0119. Warto jednak dok\u0142adnie przypomnie\u0107 jakie s\u0105 jego pocz\u0105tki. Ruch wywodzi si\u0119 z\u2026","rel":"","context":"W \u201eKominek Eklezjologia&quot;","block_context":{"text":"Kominek Eklezjologia","link":"https:\/\/wobronietradycjiiwiary.com\/pl\/category\/polemika\/autorzy-polemiczni\/maria-kominek-ops\/kominek-eklezjologia\/"},"img":{"alt_text":"2700477_orig Siena","src":"https:\/\/i0.wp.com\/wobronietradycjiiwiary.com\/wp-content\/uploads\/2015\/08\/2700477_orig-siena.jpg?resize=350%2C200&ssl=1","width":350,"height":200},"classes":[]}],"amp_enabled":true,"jetpack_featured_media_url":"https:\/\/wobronietradycjiiwiary.com\/wp-content\/uploads\/2014\/03\/d5ed8ed2c447d786ce5a83cafdbd81bd-e1588100806523.jpg","_links":{"self":[{"href":"https:\/\/wobronietradycjiiwiary.com\/pl\/wp-json\/wp\/v2\/posts\/929","targetHints":{"allow":["GET"]}}],"collection":[{"href":"https:\/\/wobronietradycjiiwiary.com\/pl\/wp-json\/wp\/v2\/posts"}],"about":[{"href":"https:\/\/wobronietradycjiiwiary.com\/pl\/wp-json\/wp\/v2\/types\/post"}],"author":[{"embeddable":true,"href":"https:\/\/wobronietradycjiiwiary.com\/pl\/wp-json\/wp\/v2\/users\/60508433"}],"replies":[{"embeddable":true,"href":"https:\/\/wobronietradycjiiwiary.com\/pl\/wp-json\/wp\/v2\/comments?post=929"}],"version-history":[{"count":1,"href":"https:\/\/wobronietradycjiiwiary.com\/pl\/wp-json\/wp\/v2\/posts\/929\/revisions"}],"predecessor-version":[{"id":55414,"href":"https:\/\/wobronietradycjiiwiary.com\/pl\/wp-json\/wp\/v2\/posts\/929\/revisions\/55414"}],"wp:featuredmedia":[{"embeddable":true,"href":"https:\/\/wobronietradycjiiwiary.com\/pl\/wp-json\/wp\/v2\/media\/27850"}],"wp:attachment":[{"href":"https:\/\/wobronietradycjiiwiary.com\/pl\/wp-json\/wp\/v2\/media?parent=929"}],"wp:term":[{"taxonomy":"category","embeddable":true,"href":"https:\/\/wobronietradycjiiwiary.com\/pl\/wp-json\/wp\/v2\/categories?post=929"},{"taxonomy":"post_tag","embeddable":true,"href":"https:\/\/wobronietradycjiiwiary.com\/pl\/wp-json\/wp\/v2\/tags?post=929"}],"curies":[{"name":"wp","href":"https:\/\/api.w.org\/{rel}","templated":true}]}}