{"id":8910,"date":"2016-04-15T08:00:41","date_gmt":"2016-04-15T06:00:41","guid":{"rendered":"https:\/\/wobronietradycjiiwiary.com\/?p=8910"},"modified":"2025-02-07T15:52:24","modified_gmt":"2025-02-07T14:52:24","slug":"amoris-laetitia-zacheta-do-relatywizmu-3-preambula-czyli-ustawienie-calosci","status":"publish","type":"post","link":"https:\/\/wobronietradycjiiwiary.com\/pl\/amoris-laetitia-zacheta-do-relatywizmu-3-preambula-czyli-ustawienie-calosci\/","title":{"rendered":"Amoris laetitia \u2013 zach\u0119ta do relatywizmu. 3: Preambu\u0142a (1-7) czyli ustawienie ca\u0142o\u015bci."},"content":{"rendered":"<div id=\"bsf_rt_marker\"><\/div><p>Niniejszym przedstawiamy kolejny odcinek naszej krytyki Amoris laetitia. Postaramy si\u0119 umie\u015bci\u0107 te wpisy nie przerywaj\u0105c je innymi materia\u0142ami, a poniewa\u017c&hellip;<\/p>\n<div style=\"text-align: center\">\n<p>&nbsp;<\/p>\n<\/div>\n<h2 style=\"border: 5px solid #0000A0;padding: 1em;text-align: center\"><span style=\"color: #000000\">Pe\u0142en dost\u0119p dla <span style=\"color: #00ccff\"><a style=\"color: #00ccff\" href=\"https:\/\/wobronietradycjiiwiary.com\/subskrypcje-2\/\" target=\"_blank\" rel=\"noopener\">subskrybent\u00f3w<\/a><\/span>.<\/span><br \/>\n<span style=\"color: #3366ff\"><a style=\"color: #3366ff\" href=\"https:\/\/wobronietradycjiiwiary.com\/account\/login\/\" target=\"_blank\" rel=\"noopener\"><span style=\"color: #00ccff\">Zaloguj<\/span><\/a> <\/span>si\u0119 lub przejd\u017a do <a href=\"https:\/\/wobronietradycjiiwiary.com\/register\/\"><span style=\"color: #3366ff\">Rejestracji<\/span><\/a>.<\/h2>\n<div>\n<p style=\"text-align: center\"><a href=\"https:\/\/wobronietradycjiiwiary.com\/pl\/subskrypcje-2\/cennik\/\" target=\"_blank\" rel=\"noopener\"><span style=\"color: #000080;font-size: 24pt\"><strong>Nowe ni\u017csze ceny<\/strong><\/span><\/a><\/p>\n<p style=\"text-align: center\"><strong><span style=\"font-size: 18pt;color: #000080\">P\u0142atno\u015b\u0107 kart\u0105<\/span><\/strong><\/p>\n<\/div>\n<h3 style=\"text-align: center\"><a href=\"https:\/\/wobronietradycjiiwiary.com\/pl\/subskrypcje-2\/automatyczne\/indywidualne\/\" target=\"_blank\" rel=\"noopener\"><img fetchpriority=\"high\" decoding=\"async\" class=\"alignnone size-medium wp-image-80433\" src=\"https:\/\/wobronietradycjiiwiary.com\/wp-content\/uploads\/2022\/11\/Unbenannt-1-Online-1-300x202.jpg\" alt=\"\" width=\"300\" height=\"202\" srcset=\"https:\/\/wobronietradycjiiwiary.com\/wp-content\/uploads\/2022\/11\/Unbenannt-1-Online-1-300x202.jpg 300w, https:\/\/wobronietradycjiiwiary.com\/wp-content\/uploads\/2022\/11\/Unbenannt-1-Online-1-150x101.jpg 150w, https:\/\/wobronietradycjiiwiary.com\/wp-content\/uploads\/2022\/11\/Unbenannt-1-Online-1-18x12.jpg 18w, https:\/\/wobronietradycjiiwiary.com\/wp-content\/uploads\/2022\/11\/Unbenannt-1-Online-1.jpg 446w\" sizes=\"(max-width: 300px) 100vw, 300px\" \/><\/a><\/h3>\n<p style=\"text-align: center\"><strong><span style=\"font-size: 18pt;color: #000080\">P\u0142atno\u015b\u0107 przelewem<\/span><\/strong><\/p>\n<p><a href=\"https:\/\/wobronietradycjiiwiary.com\/pl\/subskrypcje-2\/automatyczne\/indywidualne\/\" target=\"_blank\" rel=\"noopener\"><img decoding=\"async\" class=\"size-medium wp-image-80434 aligncenter\" src=\"https:\/\/wobronietradycjiiwiary.com\/wp-content\/uploads\/2022\/11\/Unbenannt-1-Przelewem-300x137.jpg\" alt=\"\" width=\"300\" height=\"137\" srcset=\"https:\/\/wobronietradycjiiwiary.com\/wp-content\/uploads\/2022\/11\/Unbenannt-1-Przelewem-300x137.jpg 300w, https:\/\/wobronietradycjiiwiary.com\/wp-content\/uploads\/2022\/11\/Unbenannt-1-Przelewem-450x206.jpg 450w, https:\/\/wobronietradycjiiwiary.com\/wp-content\/uploads\/2022\/11\/Unbenannt-1-Przelewem-600x274.jpg 600w, https:\/\/wobronietradycjiiwiary.com\/wp-content\/uploads\/2022\/11\/Unbenannt-1-Przelewem-150x69.jpg 150w, https:\/\/wobronietradycjiiwiary.com\/wp-content\/uploads\/2022\/11\/Unbenannt-1-Przelewem-18x8.jpg 18w, https:\/\/wobronietradycjiiwiary.com\/wp-content\/uploads\/2022\/11\/Unbenannt-1-Przelewem.jpg 676w\" sizes=\"(max-width: 300px) 100vw, 300px\" \/><\/a><\/p>\n<p style=\"text-align: center\"><strong><span style=\"font-size: 18pt;color: #000080\">P\u0142atno\u015b\u0107 kart\u0105 do 6 os\u00f3b<\/span><\/strong><\/p>\n<p><a href=\"https:\/\/wobronietradycjiiwiary.com\/pl\/rodzinne\/\" target=\"_blank\" rel=\"noopener\"><img decoding=\"async\" class=\"size-medium wp-image-80435 aligncenter\" src=\"https:\/\/wobronietradycjiiwiary.com\/wp-content\/uploads\/2022\/11\/Unbenannt-1-Rodzinna-300x208.jpg\" alt=\"\" width=\"300\" height=\"208\" srcset=\"https:\/\/wobronietradycjiiwiary.com\/wp-content\/uploads\/2022\/11\/Unbenannt-1-Rodzinna-300x208.jpg 300w, https:\/\/wobronietradycjiiwiary.com\/wp-content\/uploads\/2022\/11\/Unbenannt-1-Rodzinna-150x104.jpg 150w, https:\/\/wobronietradycjiiwiary.com\/wp-content\/uploads\/2022\/11\/Unbenannt-1-Rodzinna-18x12.jpg 18w, https:\/\/wobronietradycjiiwiary.com\/wp-content\/uploads\/2022\/11\/Unbenannt-1-Rodzinna.jpg 448w\" sizes=\"(max-width: 300px) 100vw, 300px\" \/><\/a><\/p>\n<h3 style=\"text-align: center\"><\/h3>\n<h1 style=\"text-align: center\"><\/h1>\n","protected":false},"excerpt":{"rendered":"<p>Niniejszym przedstawiamy kolejny odcinek naszej krytyki Amoris laetitia. Postaramy si\u0119 umie\u015bci\u0107 te wpisy nie przerywaj\u0105c je innymi materia\u0142ami, a poniewa\u017c&hellip; &nbsp; Pe\u0142en dost\u0119p dla subskrybent\u00f3w. Zaloguj si\u0119 lub przejd\u017a do Rejestracji. Nowe ni\u017csze ceny P\u0142atno\u015b\u0107 kart\u0105 P\u0142atno\u015b\u0107 przelewem P\u0142atno\u015b\u0107 kart\u0105 do 6 os\u00f3b<\/p>\n","protected":false},"author":60508433,"featured_media":8879,"comment_status":"closed","ping_status":"closed","sticky":false,"template":"","format":"standard","meta":{"_bbp_topic_count":0,"_bbp_reply_count":0,"_bbp_total_topic_count":0,"_bbp_total_reply_count":0,"_bbp_voice_count":0,"_bbp_anonymous_reply_count":0,"_bbp_topic_count_hidden":0,"_bbp_reply_count_hidden":0,"_bbp_forum_subforum_count":0,"_editorskit_title_hidden":false,"_editorskit_reading_time":0,"_editorskit_is_block_options_detached":false,"_editorskit_block_options_position":"{}","_coblocks_attr":"","_coblocks_dimensions":"","_coblocks_responsive_height":"","_coblocks_accordion_ie_support":"","_exactmetrics_skip_tracking":false,"_jetpack_newsletter_access":"","_jetpack_dont_email_post_to_subs":false,"_jetpack_newsletter_tier_id":0,"_jetpack_memberships_contains_paywalled_content":false,"_wpcom_ai_launchpad_first_post":false,"_jetpack_feature_clip_id":0,"_jetpack_memberships_contains_paid_content":false,"footnotes":"","jetpack_publicize_message":"{title}\n\n{excerpt}\n\n{url}","jetpack_publicize_feature_enabled":true,"jetpack_social_post_already_shared":true,"jetpack_social_options":{"image_generator_settings":{"template":"highway","default_image_id":0,"font":"","enabled":false},"version":2},"_wpas_customize_per_network":false,"jetpack_post_was_ever_published":false},"categories":[610132217,527391372],"tags":[610130700,610130690,334160515,610132562,610132133],"class_list":["post-8910","post","type-post","status-publish","format-standard","has-post-thumbnail","hentry","category-amoris-laetitia","category-al-a-wstep","tag-amoris-laetitia","tag-papiez-franciszek","tag-papiez-heretyk","tag-premium","tag-restricted"],"yoast_head":"<!-- This site is optimized with the Yoast SEO plugin v28.3 - https:\/\/yoast.com\/product\/yoast-seo-wordpress\/ -->\n<title>Amoris laetitia \u2013 zach\u0119ta do relatywizmu. 3: Preambu\u0142a (1-7) czyli ustawienie ca\u0142o\u015bci. - Tradycja i Wiara<\/title>\n<meta name=\"description\" content=\"Amoris laetitia \u2013 zach\u0119ta do relatywizmu. 3: Preambu\u0142a (1-7) czyli ustawienie ca\u0142o\u015bci. Amoris Laetitia krytyka Bergoglio mi\u0142o\u015b\u0107 definicje mi\u0142o\u015bci\" \/>\n<meta name=\"robots\" content=\"index, follow, max-snippet:-1, max-image-preview:large, max-video-preview:-1\" \/>\n<link rel=\"canonical\" href=\"https:\/\/wobronietradycjiiwiary.com\/pl\/amoris-laetitia-zacheta-do-relatywizmu-3-preambula-czyli-ustawienie-calosci\/\" \/>\n<meta property=\"og:locale\" content=\"pl_PL\" \/>\n<meta property=\"og:type\" content=\"article\" \/>\n<meta property=\"og:title\" content=\"Amoris laetitia \u2013 zach\u0119ta do relatywizmu. 3: Preambu\u0142a (1-7) czyli ustawienie ca\u0142o\u015bci. - Tradycja i Wiara\" \/>\n<meta property=\"og:description\" content=\"Amoris laetitia \u2013 zach\u0119ta do relatywizmu. 3: Preambu\u0142a (1-7) czyli ustawienie ca\u0142o\u015bci. Amoris Laetitia krytyka Bergoglio mi\u0142o\u015b\u0107 definicje mi\u0142o\u015bci\" \/>\n<meta property=\"og:url\" content=\"https:\/\/wobronietradycjiiwiary.com\/pl\/amoris-laetitia-zacheta-do-relatywizmu-3-preambula-czyli-ustawienie-calosci\/\" \/>\n<meta property=\"og:site_name\" content=\"Tradycja i Wiara\" \/>\n<meta property=\"article:publisher\" content=\"https:\/\/www.facebook.com\/Tradycja-i-Wiara-108813920592249\" \/>\n<meta property=\"article:published_time\" content=\"2016-04-15T06:00:41+00:00\" \/>\n<meta property=\"article:modified_time\" content=\"2025-02-07T14:52:24+00:00\" \/>\n<meta property=\"og:image\" content=\"https:\/\/wobronietradycjiiwiary.com\/wp-content\/uploads\/2016\/04\/el_greco_042-scaled.jpg\" \/>\n\t<meta property=\"og:image:width\" content=\"1920\" \/>\n\t<meta property=\"og:image:height\" content=\"1528\" \/>\n\t<meta property=\"og:image:type\" content=\"image\/jpeg\" \/>\n<meta name=\"author\" content=\"Traditio et Fides\" \/>\n<meta name=\"twitter:card\" content=\"summary_large_image\" \/>\n<meta name=\"twitter:label1\" content=\"Napisane przez\" \/>\n\t<meta name=\"twitter:data1\" content=\"Traditio et Fides\" \/>\n\t<meta name=\"twitter:label2\" content=\"Szacowany czas czytania\" \/>\n\t<meta name=\"twitter:data2\" content=\"21 minut\" \/>\n<script type=\"application\/ld+json\" class=\"yoast-schema-graph\">{\"@context\":\"https:\\\/\\\/schema.org\",\"@graph\":[{\"@type\":\"Article\",\"@id\":\"https:\\\/\\\/wobronietradycjiiwiary.com\\\/amoris-laetitia-zacheta-do-relatywizmu-3-preambula-czyli-ustawienie-calosci\\\/#article\",\"isPartOf\":{\"@id\":\"https:\\\/\\\/wobronietradycjiiwiary.com\\\/amoris-laetitia-zacheta-do-relatywizmu-3-preambula-czyli-ustawienie-calosci\\\/\"},\"author\":{\"name\":\"Traditio et Fides\",\"@id\":\"https:\\\/\\\/wobronietradycjiiwiary.com\\\/pl\\\/#\\\/schema\\\/person\\\/2d6180ce6abcb681fef0daab7816e8f3\"},\"headline\":\"Amoris laetitia \u2013 zach\u0119ta do relatywizmu. 3: Preambu\u0142a (1-7) czyli ustawienie ca\u0142o\u015bci.\",\"datePublished\":\"2016-04-15T06:00:41+00:00\",\"dateModified\":\"2025-02-07T14:52:24+00:00\",\"mainEntityOfPage\":{\"@id\":\"https:\\\/\\\/wobronietradycjiiwiary.com\\\/amoris-laetitia-zacheta-do-relatywizmu-3-preambula-czyli-ustawienie-calosci\\\/\"},\"wordCount\":4302,\"publisher\":{\"@id\":\"https:\\\/\\\/wobronietradycjiiwiary.com\\\/pl\\\/#organization\"},\"image\":{\"@id\":\"https:\\\/\\\/wobronietradycjiiwiary.com\\\/amoris-laetitia-zacheta-do-relatywizmu-3-preambula-czyli-ustawienie-calosci\\\/#primaryimage\"},\"thumbnailUrl\":\"https:\\\/\\\/wobronietradycjiiwiary.com\\\/wp-content\\\/uploads\\\/2016\\\/04\\\/el_greco_042-scaled.jpg\",\"keywords\":[\"Amoris laetitia\",\"Papie\u017c Franciszek\",\"papie\u017c heretyk\",\"Premium\",\"Restricted\"],\"articleSection\":[\"Amoris Laetitia\",\"Amoris Laetitia - 1. Wst\u0119p\"],\"inLanguage\":\"pl-PL\"},{\"@type\":\"WebPage\",\"@id\":\"https:\\\/\\\/wobronietradycjiiwiary.com\\\/amoris-laetitia-zacheta-do-relatywizmu-3-preambula-czyli-ustawienie-calosci\\\/\",\"url\":\"https:\\\/\\\/wobronietradycjiiwiary.com\\\/amoris-laetitia-zacheta-do-relatywizmu-3-preambula-czyli-ustawienie-calosci\\\/\",\"name\":\"Amoris laetitia \u2013 zach\u0119ta do relatywizmu. 3: Preambu\u0142a (1-7) czyli ustawienie ca\u0142o\u015bci. - Tradycja i Wiara\",\"isPartOf\":{\"@id\":\"https:\\\/\\\/wobronietradycjiiwiary.com\\\/pl\\\/#website\"},\"primaryImageOfPage\":{\"@id\":\"https:\\\/\\\/wobronietradycjiiwiary.com\\\/amoris-laetitia-zacheta-do-relatywizmu-3-preambula-czyli-ustawienie-calosci\\\/#primaryimage\"},\"image\":{\"@id\":\"https:\\\/\\\/wobronietradycjiiwiary.com\\\/amoris-laetitia-zacheta-do-relatywizmu-3-preambula-czyli-ustawienie-calosci\\\/#primaryimage\"},\"thumbnailUrl\":\"https:\\\/\\\/wobronietradycjiiwiary.com\\\/wp-content\\\/uploads\\\/2016\\\/04\\\/el_greco_042-scaled.jpg\",\"datePublished\":\"2016-04-15T06:00:41+00:00\",\"dateModified\":\"2025-02-07T14:52:24+00:00\",\"description\":\"Amoris laetitia \u2013 zach\u0119ta do relatywizmu. 3: Preambu\u0142a (1-7) czyli ustawienie ca\u0142o\u015bci. Amoris Laetitia krytyka Bergoglio mi\u0142o\u015b\u0107 definicje mi\u0142o\u015bci\",\"breadcrumb\":{\"@id\":\"https:\\\/\\\/wobronietradycjiiwiary.com\\\/amoris-laetitia-zacheta-do-relatywizmu-3-preambula-czyli-ustawienie-calosci\\\/#breadcrumb\"},\"inLanguage\":\"pl-PL\",\"potentialAction\":[{\"@type\":\"ReadAction\",\"target\":[\"https:\\\/\\\/wobronietradycjiiwiary.com\\\/amoris-laetitia-zacheta-do-relatywizmu-3-preambula-czyli-ustawienie-calosci\\\/\"]}]},{\"@type\":\"ImageObject\",\"inLanguage\":\"pl-PL\",\"@id\":\"https:\\\/\\\/wobronietradycjiiwiary.com\\\/amoris-laetitia-zacheta-do-relatywizmu-3-preambula-czyli-ustawienie-calosci\\\/#primaryimage\",\"url\":\"https:\\\/\\\/wobronietradycjiiwiary.com\\\/wp-content\\\/uploads\\\/2016\\\/04\\\/el_greco_042-scaled.jpg\",\"contentUrl\":\"https:\\\/\\\/wobronietradycjiiwiary.com\\\/wp-content\\\/uploads\\\/2016\\\/04\\\/el_greco_042-scaled.jpg\",\"width\":1920,\"height\":1528,\"caption\":\"Amoris laetitia \u2013 zach\u0119ta do relatywizmu. 4: Rozdzia\u0142 I. Pierwsze wra\u017cenia: Gnostycka wiara w moc l\u0119d\u017awi.\"},{\"@type\":\"BreadcrumbList\",\"@id\":\"https:\\\/\\\/wobronietradycjiiwiary.com\\\/amoris-laetitia-zacheta-do-relatywizmu-3-preambula-czyli-ustawienie-calosci\\\/#breadcrumb\",\"itemListElement\":[{\"@type\":\"ListItem\",\"position\":1,\"name\":\"Strona g\u0142\u00f3wna\",\"item\":\"https:\\\/\\\/wobronietradycjiiwiary.com\\\/\"},{\"@type\":\"ListItem\",\"position\":2,\"name\":\"Amoris laetitia \u2013 zach\u0119ta do relatywizmu. 3: Preambu\u0142a (1-7) czyli ustawienie ca\u0142o\u015bci.\"}]},{\"@type\":\"WebSite\",\"@id\":\"https:\\\/\\\/wobronietradycjiiwiary.com\\\/pl\\\/#website\",\"url\":\"https:\\\/\\\/wobronietradycjiiwiary.com\\\/pl\\\/\",\"name\":\"Tradycja i Wiara\",\"description\":\"Portal dla katolik\u00f3w.\",\"publisher\":{\"@id\":\"https:\\\/\\\/wobronietradycjiiwiary.com\\\/pl\\\/#organization\"},\"potentialAction\":[{\"@type\":\"SearchAction\",\"target\":{\"@type\":\"EntryPoint\",\"urlTemplate\":\"https:\\\/\\\/wobronietradycjiiwiary.com\\\/pl\\\/?s={search_term_string}\"},\"query-input\":{\"@type\":\"PropertyValueSpecification\",\"valueRequired\":true,\"valueName\":\"search_term_string\"}}],\"inLanguage\":\"pl-PL\"},{\"@type\":\"Organization\",\"@id\":\"https:\\\/\\\/wobronietradycjiiwiary.com\\\/pl\\\/#organization\",\"name\":\"Tradycja i Wiara\",\"url\":\"https:\\\/\\\/wobronietradycjiiwiary.com\\\/pl\\\/\",\"logo\":{\"@type\":\"ImageObject\",\"inLanguage\":\"pl-PL\",\"@id\":\"https:\\\/\\\/wobronietradycjiiwiary.com\\\/pl\\\/#\\\/schema\\\/logo\\\/image\\\/\",\"url\":\"https:\\\/\\\/i0.wp.com\\\/wobronietradycjiiwiary.com\\\/wp-content\\\/uploads\\\/2015\\\/10\\\/cropped-st-peters-dome-vatican.jpg?fit=940%2C198&ssl=1\",\"contentUrl\":\"https:\\\/\\\/i0.wp.com\\\/wobronietradycjiiwiary.com\\\/wp-content\\\/uploads\\\/2015\\\/10\\\/cropped-st-peters-dome-vatican.jpg?fit=940%2C198&ssl=1\",\"width\":940,\"height\":198,\"caption\":\"Tradycja i Wiara\"},\"image\":{\"@id\":\"https:\\\/\\\/wobronietradycjiiwiary.com\\\/pl\\\/#\\\/schema\\\/logo\\\/image\\\/\"},\"sameAs\":[\"https:\\\/\\\/www.facebook.com\\\/Tradycja-i-Wiara-108813920592249\"]},{\"@type\":\"Person\",\"@id\":\"https:\\\/\\\/wobronietradycjiiwiary.com\\\/pl\\\/#\\\/schema\\\/person\\\/2d6180ce6abcb681fef0daab7816e8f3\",\"name\":\"Traditio et Fides\",\"sameAs\":[\"https:\\\/\\\/traditionundglauben.com\"],\"url\":\"https:\\\/\\\/wobronietradycjiiwiary.com\\\/pl\\\/author\\\/wobronietradycjiiwiary\\\/\"}]}<\/script>\n<!-- \/ Yoast SEO plugin. -->","yoast_head_json":{"title":"Amoris laetitia \u2013 zach\u0119ta do relatywizmu. 3: Preambu\u0142a (1-7) czyli ustawienie ca\u0142o\u015bci. - Tradycja i Wiara","description":"Amoris laetitia \u2013 zach\u0119ta do relatywizmu. 3: Preambu\u0142a (1-7) czyli ustawienie ca\u0142o\u015bci. Amoris Laetitia krytyka Bergoglio mi\u0142o\u015b\u0107 definicje mi\u0142o\u015bci","robots":{"index":"index","follow":"follow","max-snippet":"max-snippet:-1","max-image-preview":"max-image-preview:large","max-video-preview":"max-video-preview:-1"},"canonical":"https:\/\/wobronietradycjiiwiary.com\/pl\/amoris-laetitia-zacheta-do-relatywizmu-3-preambula-czyli-ustawienie-calosci\/","og_locale":"pl_PL","og_type":"article","og_title":"Amoris laetitia \u2013 zach\u0119ta do relatywizmu. 3: Preambu\u0142a (1-7) czyli ustawienie ca\u0142o\u015bci. - Tradycja i Wiara","og_description":"Amoris laetitia \u2013 zach\u0119ta do relatywizmu. 3: Preambu\u0142a (1-7) czyli ustawienie ca\u0142o\u015bci. Amoris Laetitia krytyka Bergoglio mi\u0142o\u015b\u0107 definicje mi\u0142o\u015bci","og_url":"https:\/\/wobronietradycjiiwiary.com\/pl\/amoris-laetitia-zacheta-do-relatywizmu-3-preambula-czyli-ustawienie-calosci\/","og_site_name":"Tradycja i Wiara","article_publisher":"https:\/\/www.facebook.com\/Tradycja-i-Wiara-108813920592249","article_published_time":"2016-04-15T06:00:41+00:00","article_modified_time":"2025-02-07T14:52:24+00:00","og_image":[{"width":1920,"height":1528,"url":"https:\/\/wobronietradycjiiwiary.com\/wp-content\/uploads\/2016\/04\/el_greco_042-scaled.jpg","type":"image\/jpeg"}],"author":"Traditio et Fides","twitter_card":"summary_large_image","twitter_misc":{"Napisane przez":"Traditio et Fides","Szacowany czas czytania":"21 minut"},"schema":{"@context":"https:\/\/schema.org","@graph":[{"@type":"Article","@id":"https:\/\/wobronietradycjiiwiary.com\/amoris-laetitia-zacheta-do-relatywizmu-3-preambula-czyli-ustawienie-calosci\/#article","isPartOf":{"@id":"https:\/\/wobronietradycjiiwiary.com\/amoris-laetitia-zacheta-do-relatywizmu-3-preambula-czyli-ustawienie-calosci\/"},"author":{"name":"Traditio et Fides","@id":"https:\/\/wobronietradycjiiwiary.com\/pl\/#\/schema\/person\/2d6180ce6abcb681fef0daab7816e8f3"},"headline":"Amoris laetitia \u2013 zach\u0119ta do relatywizmu. 3: Preambu\u0142a (1-7) czyli ustawienie ca\u0142o\u015bci.","datePublished":"2016-04-15T06:00:41+00:00","dateModified":"2025-02-07T14:52:24+00:00","mainEntityOfPage":{"@id":"https:\/\/wobronietradycjiiwiary.com\/amoris-laetitia-zacheta-do-relatywizmu-3-preambula-czyli-ustawienie-calosci\/"},"wordCount":4302,"publisher":{"@id":"https:\/\/wobronietradycjiiwiary.com\/pl\/#organization"},"image":{"@id":"https:\/\/wobronietradycjiiwiary.com\/amoris-laetitia-zacheta-do-relatywizmu-3-preambula-czyli-ustawienie-calosci\/#primaryimage"},"thumbnailUrl":"https:\/\/wobronietradycjiiwiary.com\/wp-content\/uploads\/2016\/04\/el_greco_042-scaled.jpg","keywords":["Amoris laetitia","Papie\u017c Franciszek","papie\u017c heretyk","Premium","Restricted"],"articleSection":["Amoris Laetitia","Amoris Laetitia - 1. Wst\u0119p"],"inLanguage":"pl-PL"},{"@type":"WebPage","@id":"https:\/\/wobronietradycjiiwiary.com\/amoris-laetitia-zacheta-do-relatywizmu-3-preambula-czyli-ustawienie-calosci\/","url":"https:\/\/wobronietradycjiiwiary.com\/amoris-laetitia-zacheta-do-relatywizmu-3-preambula-czyli-ustawienie-calosci\/","name":"Amoris laetitia \u2013 zach\u0119ta do relatywizmu. 3: Preambu\u0142a (1-7) czyli ustawienie ca\u0142o\u015bci. - Tradycja i Wiara","isPartOf":{"@id":"https:\/\/wobronietradycjiiwiary.com\/pl\/#website"},"primaryImageOfPage":{"@id":"https:\/\/wobronietradycjiiwiary.com\/amoris-laetitia-zacheta-do-relatywizmu-3-preambula-czyli-ustawienie-calosci\/#primaryimage"},"image":{"@id":"https:\/\/wobronietradycjiiwiary.com\/amoris-laetitia-zacheta-do-relatywizmu-3-preambula-czyli-ustawienie-calosci\/#primaryimage"},"thumbnailUrl":"https:\/\/wobronietradycjiiwiary.com\/wp-content\/uploads\/2016\/04\/el_greco_042-scaled.jpg","datePublished":"2016-04-15T06:00:41+00:00","dateModified":"2025-02-07T14:52:24+00:00","description":"Amoris laetitia \u2013 zach\u0119ta do relatywizmu. 3: Preambu\u0142a (1-7) czyli ustawienie ca\u0142o\u015bci. Amoris Laetitia krytyka Bergoglio mi\u0142o\u015b\u0107 definicje mi\u0142o\u015bci","breadcrumb":{"@id":"https:\/\/wobronietradycjiiwiary.com\/amoris-laetitia-zacheta-do-relatywizmu-3-preambula-czyli-ustawienie-calosci\/#breadcrumb"},"inLanguage":"pl-PL","potentialAction":[{"@type":"ReadAction","target":["https:\/\/wobronietradycjiiwiary.com\/amoris-laetitia-zacheta-do-relatywizmu-3-preambula-czyli-ustawienie-calosci\/"]}]},{"@type":"ImageObject","inLanguage":"pl-PL","@id":"https:\/\/wobronietradycjiiwiary.com\/amoris-laetitia-zacheta-do-relatywizmu-3-preambula-czyli-ustawienie-calosci\/#primaryimage","url":"https:\/\/wobronietradycjiiwiary.com\/wp-content\/uploads\/2016\/04\/el_greco_042-scaled.jpg","contentUrl":"https:\/\/wobronietradycjiiwiary.com\/wp-content\/uploads\/2016\/04\/el_greco_042-scaled.jpg","width":1920,"height":1528,"caption":"Amoris laetitia \u2013 zach\u0119ta do relatywizmu. 4: Rozdzia\u0142 I. Pierwsze wra\u017cenia: Gnostycka wiara w moc l\u0119d\u017awi."},{"@type":"BreadcrumbList","@id":"https:\/\/wobronietradycjiiwiary.com\/amoris-laetitia-zacheta-do-relatywizmu-3-preambula-czyli-ustawienie-calosci\/#breadcrumb","itemListElement":[{"@type":"ListItem","position":1,"name":"Strona g\u0142\u00f3wna","item":"https:\/\/wobronietradycjiiwiary.com\/"},{"@type":"ListItem","position":2,"name":"Amoris laetitia \u2013 zach\u0119ta do relatywizmu. 3: Preambu\u0142a (1-7) czyli ustawienie ca\u0142o\u015bci."}]},{"@type":"WebSite","@id":"https:\/\/wobronietradycjiiwiary.com\/pl\/#website","url":"https:\/\/wobronietradycjiiwiary.com\/pl\/","name":"Tradycja i Wiara","description":"Portal dla katolik\u00f3w.","publisher":{"@id":"https:\/\/wobronietradycjiiwiary.com\/pl\/#organization"},"potentialAction":[{"@type":"SearchAction","target":{"@type":"EntryPoint","urlTemplate":"https:\/\/wobronietradycjiiwiary.com\/pl\/?s={search_term_string}"},"query-input":{"@type":"PropertyValueSpecification","valueRequired":true,"valueName":"search_term_string"}}],"inLanguage":"pl-PL"},{"@type":"Organization","@id":"https:\/\/wobronietradycjiiwiary.com\/pl\/#organization","name":"Tradycja i Wiara","url":"https:\/\/wobronietradycjiiwiary.com\/pl\/","logo":{"@type":"ImageObject","inLanguage":"pl-PL","@id":"https:\/\/wobronietradycjiiwiary.com\/pl\/#\/schema\/logo\/image\/","url":"https:\/\/i0.wp.com\/wobronietradycjiiwiary.com\/wp-content\/uploads\/2015\/10\/cropped-st-peters-dome-vatican.jpg?fit=940%2C198&ssl=1","contentUrl":"https:\/\/i0.wp.com\/wobronietradycjiiwiary.com\/wp-content\/uploads\/2015\/10\/cropped-st-peters-dome-vatican.jpg?fit=940%2C198&ssl=1","width":940,"height":198,"caption":"Tradycja i Wiara"},"image":{"@id":"https:\/\/wobronietradycjiiwiary.com\/pl\/#\/schema\/logo\/image\/"},"sameAs":["https:\/\/www.facebook.com\/Tradycja-i-Wiara-108813920592249"]},{"@type":"Person","@id":"https:\/\/wobronietradycjiiwiary.com\/pl\/#\/schema\/person\/2d6180ce6abcb681fef0daab7816e8f3","name":"Traditio et Fides","sameAs":["https:\/\/traditionundglauben.com"],"url":"https:\/\/wobronietradycjiiwiary.com\/pl\/author\/wobronietradycjiiwiary\/"}]}},"jetpack_publicize_connections":[],"jetpack_sharing_enabled":true,"jetpack_likes_enabled":true,"jetpack_shortlink":"https:\/\/wp.me\/pc04Sd-2jI","jetpack-related-posts":[{"id":101394,"url":"https:\/\/wobronietradycjiiwiary.com\/pl\/jan-xxiv-lub-co-mozna-jeszcze-zniszczyc\/","url_meta":{"origin":8910,"position":0},"title":"Jan XXIV lub co mo\u017cna jeszcze zniszczy\u0107?","author":"Traditio et Fides","date":"7 wrze\u015bnia 2023","format":false,"excerpt":"O tym, czy po pontyfikacie Bergoglio zostanie jeszcze co\u015b do zniszczenia w Ko\u015bciele.","rel":"","context":"W \u201e4. Franciszek&quot;","block_context":{"text":"4. Franciszek","link":"https:\/\/wobronietradycjiiwiary.com\/pl\/category\/polemika\/kosciol-posoborowy\/papieze\/papiez-franciszek\/"},"img":{"alt_text":"","src":"https:\/\/i0.wp.com\/wobronietradycjiiwiary.com\/wp-content\/uploads\/2023\/09\/Jean_XXII_1316.jpeg?resize=350%2C200&ssl=1","width":350,"height":200,"srcset":"https:\/\/i0.wp.com\/wobronietradycjiiwiary.com\/wp-content\/uploads\/2023\/09\/Jean_XXII_1316.jpeg?resize=350%2C200&ssl=1 1x, https:\/\/i0.wp.com\/wobronietradycjiiwiary.com\/wp-content\/uploads\/2023\/09\/Jean_XXII_1316.jpeg?resize=525%2C300&ssl=1 1.5x, https:\/\/i0.wp.com\/wobronietradycjiiwiary.com\/wp-content\/uploads\/2023\/09\/Jean_XXII_1316.jpeg?resize=700%2C400&ssl=1 2x"},"classes":[]},{"id":109432,"url":"https:\/\/wobronietradycjiiwiary.com\/pl\/dykasteria-nauki-wiary-fiducia-supplicans-o-duszpasterskim-znaczeniu-blogoslawienstw-4-z-znaczenie-roznych-blogoslawienstw\/","url_meta":{"origin":8910,"position":1},"title":"Dykasteria Nauki Wiary: Fiducia supplicans. O duszpasterskim znaczeniu b\u0142ogos\u0142awie\u0144stw. (4 z 7). Znaczenie r\u00f3\u017cnych b\u0142ogos\u0142awie\u0144stw","author":"Traditio et Fides","date":"28 grudnia 2023","format":false,"excerpt":"T\u0142umaczenie \"Fiducia supplicans\" z komentarzem w\u0142asnym.","rel":"","context":"W \u201e\"Tucho\" Fernandez&quot;","block_context":{"text":"\"Tucho\" Fernandez","link":"https:\/\/wobronietradycjiiwiary.com\/pl\/category\/polemika\/kosciol-posoborowy\/papieze\/papiez-franciszek\/tucho-fernandez\/"},"img":{"alt_text":"","src":"https:\/\/i0.wp.com\/wobronietradycjiiwiary.com\/wp-content\/uploads\/2023\/12\/tumblr_p3jdr9QFOK1rqxd5ko1_1280.jpg?resize=350%2C200&ssl=1","width":350,"height":200,"srcset":"https:\/\/i0.wp.com\/wobronietradycjiiwiary.com\/wp-content\/uploads\/2023\/12\/tumblr_p3jdr9QFOK1rqxd5ko1_1280.jpg?resize=350%2C200&ssl=1 1x, https:\/\/i0.wp.com\/wobronietradycjiiwiary.com\/wp-content\/uploads\/2023\/12\/tumblr_p3jdr9QFOK1rqxd5ko1_1280.jpg?resize=525%2C300&ssl=1 1.5x, https:\/\/i0.wp.com\/wobronietradycjiiwiary.com\/wp-content\/uploads\/2023\/12\/tumblr_p3jdr9QFOK1rqxd5ko1_1280.jpg?resize=700%2C400&ssl=1 2x"},"classes":[]},{"id":9785,"url":"https:\/\/wobronietradycjiiwiary.com\/pl\/prosba-liderow-katolickich-do-papieza-w-sprawie-amoris-laetitia\/","url_meta":{"origin":8910,"position":2},"title":"Pro\u015bba lider\u00f3w katolickich do papie\u017ca w sprawie Amoris Laetitia","author":"Traditio et Fides","date":"14 lipca 2016","format":false,"excerpt":"Z rado\u015bci\u0105 publikujemy za onepeterfive inicjatyw\u0119 g\u0142\u00f3wnie ameryka\u0144skich katolik\u00f3w prosz\u0105cych papie\u017ca Franciszka o poprawienie b\u0142\u0119d\u00f3w Amoris Laetitia. Powy\u017cej wersja skr\u00f3cona z podtytu\u0142ami polskimi autorstwa naszego czytelnika, poni\u017cej wersja pe\u0142na. Znajomo\u015b\u0107 angielskiego jest dla wersji d\u0142u\u017cszej niestety konieczna, ale klikni\u0119cie na podtytu\u0142y w youtube umo\u017cliwia czytanie tekstu i z pewno\u015bci\u0105 b\u0119dzie\u2026","rel":"","context":"W \u201eAmoris Laetitia&quot;","block_context":{"text":"Amoris Laetitia","link":"https:\/\/wobronietradycjiiwiary.com\/pl\/category\/polemika\/kosciol-posoborowy\/papieze\/papiez-franciszek\/amoris-laetitia\/"},"img":{"alt_text":"","src":"","width":0,"height":0},"classes":[]},{"id":108854,"url":"https:\/\/wobronietradycjiiwiary.com\/pl\/czy-fiducia-supplicans-jest-koncem-kosciola\/","url_meta":{"origin":8910,"position":3},"title":"Czy &#8220;Fiducia supplicans&#8221; jest ko\u0144cem Ko\u015bcio\u0142a?","author":"Traditio et Fides","date":"19 grudnia 2023","format":false,"excerpt":"O znaczeniu i skutkach Fiducia supplicans.","rel":"","context":"W \u201e\"Tucho\" Fernandez&quot;","block_context":{"text":"\"Tucho\" Fernandez","link":"https:\/\/wobronietradycjiiwiary.com\/pl\/category\/polemika\/kosciol-posoborowy\/papieze\/papiez-franciszek\/tucho-fernandez\/"},"img":{"alt_text":"","src":"https:\/\/i0.wp.com\/wobronietradycjiiwiary.com\/wp-content\/uploads\/2023\/12\/Sodom_Monreal.jpg?resize=350%2C200&ssl=1","width":350,"height":200},"classes":[]},{"id":9913,"url":"https:\/\/wobronietradycjiiwiary.com\/pl\/inni-tez-cenzuruja-franciszka-lub-list-45-opublikowany\/","url_meta":{"origin":8910,"position":4},"title":"Inni te\u017c  cenzuruj\u0105 Franciszka lub list 45 opublikowany","author":"Traditio et Fides","date":"29 lipca 2016","format":false,"excerpt":"Jak dowiedzieli\u015bmy si\u0119 dzisiaj z portalu onepeterfive.com ujawnione ju\u017c zosta\u0142y nie tylko nazwiska sygnatariuszy listu 45 teolog\u00f3w, filozof\u00f3w i pra\u0142at\u00f3w krytykuj\u0105cych Amoris Laetitia, lecz tak\u017ce ujawnione zosta\u0142y cenzury teologiczne przez nich wypowiedziane. Poniewa\u017c nasza redakcja bardzo si\u0119 cieszy, kiedy nie musi robi\u0107 wszystkiego sama, dlatego przedsi\u0119wzi\u0119cie 45 os\u00f3b jest jak\u2026","rel":"","context":"W \u201eAmoris Laetitia&quot;","block_context":{"text":"Amoris Laetitia","link":"https:\/\/wobronietradycjiiwiary.com\/pl\/category\/polemika\/kosciol-posoborowy\/papieze\/papiez-franciszek\/amoris-laetitia\/"},"img":{"alt_text":"","src":"https:\/\/i0.wp.com\/wobronietradycjiiwiary.com\/wp-content\/uploads\/2016\/07\/romanelli_-_the_meeting_of_the_countess_matilda_and_anselm_of_canterbury_in_the_presence_of_pope_urban_ii.jpg?resize=350%2C200&ssl=1","width":350,"height":200,"srcset":"https:\/\/i0.wp.com\/wobronietradycjiiwiary.com\/wp-content\/uploads\/2016\/07\/romanelli_-_the_meeting_of_the_countess_matilda_and_anselm_of_canterbury_in_the_presence_of_pope_urban_ii.jpg?resize=350%2C200&ssl=1 1x, https:\/\/i0.wp.com\/wobronietradycjiiwiary.com\/wp-content\/uploads\/2016\/07\/romanelli_-_the_meeting_of_the_countess_matilda_and_anselm_of_canterbury_in_the_presence_of_pope_urban_ii.jpg?resize=525%2C300&ssl=1 1.5x"},"classes":[]},{"id":14994,"url":"https:\/\/wobronietradycjiiwiary.com\/pl\/reinterpretacja-w-swietle-amoris-laetitia-lub-ciurlac-im-sie-chce-ciurlac\/","url_meta":{"origin":8910,"position":5},"title":"Reinterpretacja w \u015bwietle Amoris Laetitia lub &#8220;ciurla\u0107 im si\u0119 chce, ciurla\u0107&#8221;.","author":"Traditio et Fides","date":"12 stycznia 2018","format":false,"excerpt":"W niedawnym wywiadzie, kt\u00f3ry umieszczamy poni\u017cej, kardyna\u0142 Parolin przyzna\u0142 co\u015b, o czym m\u00f3wiono po cichu, a co teraz sta\u0142o si\u0119 oficjaln\u0105 nauk\u0105 begolia\u0144skiego Anty-Ko\u015bcio\u0142a, bo przecie\u017c nie odwieczn\u0105 nauk\u0105 Ko\u015bcio\u0142a Katolickiego. Ot\u00f3\u017c Amoris Laetitia jest nowym paradygmatem, wedle kt\u00f3rego interpretowa\u0107 nale\u017cy wszystko, co by\u0142o dotychczas. Osobom, kt\u00f3re nie wiedz\u0105, co\u2026","rel":"","context":"W \u201eKrytyka w\u0142asna&quot;","block_context":{"text":"Krytyka w\u0142asna","link":"https:\/\/wobronietradycjiiwiary.com\/pl\/category\/polemika\/kosciol-posoborowy\/papieze\/papiez-franciszek\/amoris-laetitia\/krytyka-wlasna\/"},"img":{"alt_text":"B0idaAyIIAASpVt","src":"https:\/\/wobronietradycjiiwiaryblog.files.wordpress.com\/2018\/01\/b0idaayiiaaspvt.jpg?w=350&h=200&crop=1","width":350,"height":200,"srcset":"https:\/\/wobronietradycjiiwiaryblog.files.wordpress.com\/2018\/01\/b0idaayiiaaspvt.jpg?w=350&h=200&crop=1 1x, https:\/\/wobronietradycjiiwiaryblog.files.wordpress.com\/2018\/01\/b0idaayiiaaspvt.jpg?w=525&h=300&crop=1 1.5x"},"classes":[]}],"amp_enabled":true,"jetpack_featured_media_url":"https:\/\/wobronietradycjiiwiary.com\/wp-content\/uploads\/2016\/04\/el_greco_042-scaled.jpg","_links":{"self":[{"href":"https:\/\/wobronietradycjiiwiary.com\/pl\/wp-json\/wp\/v2\/posts\/8910","targetHints":{"allow":["GET"]}}],"collection":[{"href":"https:\/\/wobronietradycjiiwiary.com\/pl\/wp-json\/wp\/v2\/posts"}],"about":[{"href":"https:\/\/wobronietradycjiiwiary.com\/pl\/wp-json\/wp\/v2\/types\/post"}],"author":[{"embeddable":true,"href":"https:\/\/wobronietradycjiiwiary.com\/pl\/wp-json\/wp\/v2\/users\/60508433"}],"replies":[{"embeddable":true,"href":"https:\/\/wobronietradycjiiwiary.com\/pl\/wp-json\/wp\/v2\/comments?post=8910"}],"version-history":[{"count":0,"href":"https:\/\/wobronietradycjiiwiary.com\/pl\/wp-json\/wp\/v2\/posts\/8910\/revisions"}],"wp:featuredmedia":[{"embeddable":true,"href":"https:\/\/wobronietradycjiiwiary.com\/pl\/wp-json\/wp\/v2\/media\/8879"}],"wp:attachment":[{"href":"https:\/\/wobronietradycjiiwiary.com\/pl\/wp-json\/wp\/v2\/media?parent=8910"}],"wp:term":[{"taxonomy":"category","embeddable":true,"href":"https:\/\/wobronietradycjiiwiary.com\/pl\/wp-json\/wp\/v2\/categories?post=8910"},{"taxonomy":"post_tag","embeddable":true,"href":"https:\/\/wobronietradycjiiwiary.com\/pl\/wp-json\/wp\/v2\/tags?post=8910"}],"curies":[{"name":"wp","href":"https:\/\/api.w.org\/{rel}","templated":true}]}}