{"id":88520,"date":"2023-05-25T08:00:00","date_gmt":"2023-05-25T06:00:00","guid":{"rendered":"https:\/\/wobronietradycjiiwiary.com\/?p=88520"},"modified":"2025-02-07T15:58:19","modified_gmt":"2025-02-07T14:58:19","slug":"podsumowanie-jeremiad-amerykanskiego-jezuity","status":"publish","type":"post","link":"https:\/\/wobronietradycjiiwiary.com\/pl\/podsumowanie-jeremiad-amerykanskiego-jezuity\/","title":{"rendered":"Podsumowanie jeremiad ameryka\u0144skiego jezuity"},"content":{"rendered":"<div id=\"bsf_rt_marker\"><\/div>\n<p class=\"has-text-align-justify wp-block-paragraph\">Po dokonaniu korekty <a href=\"https:\/\/wobronietradycjiiwiary.com\/pl\/category\/abonament\/duchowosc\/liturgia-i-liturgika\/novus-ordo\/z-perspektywy-ksiedza\/\" target=\"_blank\" aria-label=\"wszystkich cz\u0119\u015bci cyklu (opens in a new tab)\" rel=\"noreferrer noopener\" class=\"ek-link\">wszystkich cz\u0119\u015bci cyklu<\/a> pt. <em>O. Robert McTeigue SJ, W co wielu ksi\u0119\u017cy ju\u017c nie wierzy<\/em> pisz\u0105cy te s\u0142owa u\u015bwiadomi\u0142 sobie, \u017ce w skorygowanym tek\u015bcie nie ma \u017cadnego przeb\u0142ysku nadziei. <\/p>\n\n\n\n<p class=\"has-text-align-justify wp-block-paragraph\">Opisywany w cyklu McTeigue&#8217;a przyk\u0142adowy ksi\u0105dz z typowej ameryka\u0144skiej parafii nie ma absolutnie nic i nikogo, na co m\u00f3g\u0142by si\u0119 cieszy\u0107. Optymistycznie i oportunistycznie nastawiony jezuita, bo taka jest ich posoborowa formacja, z pewno\u015bci\u0105 by co\u015b wymieni\u0142, gdyby co\u015b takiego  istnia\u0142o. <\/p>\n\n\n\n<p class=\"wp-block-paragraph\"><\/p>\n\n\n\n<p class=\"has-medium-font-size has-ek-indent wp-block-paragraph\" style=\"--ek-indent:20px\">Jest \u017ale, ale przynajmniej &#8230;.<\/p>\n\n\n\n<p class=\"wp-block-paragraph\"><\/p>\n\n\n\n<p class=\"has-text-align-justify wp-block-paragraph\">Nie ma nikogo i niczego. Czasami nie zdajemy sobie sprawy z tego, \u017ce jeste\u015bmy ksi\u0119\u017com potrzebni i to nie tylko finansowo. Ciesz\u0105 si\u0119 z naszej obecno\u015bci, ciesz\u0105 si\u0119, \u017ce przychodzimy, \u017ce maj\u0105 dla kogo \u017cy\u0107, przez nas czuj\u0105 si\u0119 utwierdzeni w swoim powo\u0142aniu, jakiekolwiek by nie by\u0142o.<\/p>\n\n\n\n<p class=\"wp-block-paragraph\"><\/p>\n\n\n\n;<script async=\"\" src=\"https:\/\/pagead2.googlesyndication.com\/pagead\/js\/adsbygoogle.js?client=ca-pub-1329642704887632\" crossorigin=\"anonymous\"><\/script>\r\n<ins class=\"adsbygoogle\" style=\"display:block; text-align:center;\" data-ad-layout=\"in-article\" data-ad-format=\"fluid\" data-ad-client=\"ca-pub-1329642704887632\" data-ad-slot=\"3296138176\"><\/ins>\r\n<script>\r\n     (adsbygoogle = window.adsbygoogle || []).push({});\r\n<\/script>\n\n\n\n<p class=\"has-text-align-justify wp-block-paragraph\">W niemieckiej parafii, do kt\u00f3rej przynale\u017ca\u0142a zmar\u0142a mama autora, ucz\u0119szcza\u0142a te\u017c &#8220;nawiedzona&#8221; Sophia, kt\u00f3ra nie by\u0142a chora psychicznie, jedynie bardzo pobo\u017cna. Kl\u0119cza\u0142a, cho\u0107 staruszka, w pierwszej \u0142awce lub przed ni\u0105, odmawia\u0142a prefacj\u0119 z ksi\u0119dzem, wznosz\u0105c do g\u00f3ry r\u0119ce w ge\u015bcie <a aria-label=\"oranta (opens in a new tab)\" href=\"https:\/\/pl.wikipedia.org\/wiki\/Orant\" target=\"_blank\" rel=\"noreferrer noopener\" class=\"ek-link\">oranta<\/a>. By\u0142a na ka\u017cdym nabo\u017ce\u0144stwie, na ka\u017cdej Mszy, na ka\u017cdej adoracji. M\u00f3wiono, \u017ce to ona d\u017awiga t\u0119 parafi\u0119, a ksi\u0119\u017ca my\u015bleli sobie, \u017ce przynajmniej jest Sophia, kt\u00f3ra w co\u015b wierzy. Gdy zmar\u0142a zosta\u0142a pochowana na koszt parafii, bo uznano to za stosowne.<\/p>\n\n\n\n<p class=\"wp-block-paragraph\"><\/p>\n\n\n\n<p class=\"has-text-align-justify wp-block-paragraph\">Sophia wychowywa\u0142a si\u0119 jeszcze przed Soborem, wi\u0119c jako\u015b te swoj\u0105 pobo\u017cno\u015b\u0107 ocali\u0142a. Obecnie \u017cadnych ameryka\u0144skich Sophii nie ma, nawet Loren, bo W\u0142oszka. Ksi\u0119\u017ca nie widz\u0105 zatem sensu swojej pos\u0142ugi ani jej adresat\u00f3w. <\/p>\n\n\n\n<p class=\"wp-block-paragraph\"><\/p>\n\n\n\n;<script async=\"\" src=\"https:\/\/pagead2.googlesyndication.com\/pagead\/js\/adsbygoogle.js?client=ca-pub-1329642704887632\" crossorigin=\"anonymous\"><\/script>\r\n<ins class=\"adsbygoogle\" style=\"display:block; text-align:center;\" data-ad-layout=\"in-article\" data-ad-format=\"fluid\" data-ad-client=\"ca-pub-1329642704887632\" data-ad-slot=\"3296138176\"><\/ins>\r\n<script>\r\n     (adsbygoogle = window.adsbygoogle || []).push({});\r\n<\/script>\n\n\n\n<p class=\"has-text-align-justify wp-block-paragraph\">Na ile autor zna ksi\u0119\u017cy, to pr\u0119dzej postawi\u0105 sobie pytanie o istnienie Boga ni\u017c o sensowno\u015b\u0107 Soboru. Nasz ameryka\u0144ski jezuita tak\u017ce pr\u00f3buje kolejnej reformy reformy, reformy edukacji, reformy katechezy i jest na tym etapie, co autor kilkana\u015bcie lat temu, zanim odkry\u0142 Tradycj\u0119. Tymczasem ryt Novus Ordo jest niereformowalny jak socjalizm.<\/p>\n\n\n\n<p class=\"has-medium-font-size has-ek-indent wp-block-paragraph\" style=\"--ek-indent:20px\">To dlaczego ksi\u0119\u017ca tego nie m\u00f3wi\u0105?<\/p>\n\n\n\n<p class=\"wp-block-paragraph\"><\/p>\n\n\n\n<p class=\"has-text-align-justify wp-block-paragraph\">Bo boj\u0105 si\u0119 o swoje dochody &#8211; taka prawda. Poza tym ma\u0142o kto potrafi zakwestionowa\u0107 ca\u0142\u0105 swoj\u0105 przesz\u0142o\u015b\u0107 i uzna\u0107, \u017ce s\u0142u\u017cy\u0142 k\u0142amstwu i prowadzi\u0142 materialnie, cho\u0107 nie formalnie, dusze do piek\u0142a. Oczywi\u015bcie przy za\u0142o\u017ceniu, \u017ce istniej\u0105 jeszcze jacy\u015b ksi\u0119\u017ca, kt\u00f3rzy w Boga wierz\u0105 oraz s\u0105 intelektualnie rzetelni. <\/p>\n\n\n\n<p class=\"has-text-align-justify wp-block-paragraph\">Autor na pocz\u0105tku transformacji systemowej widzia\u0142 karykatur\u0119 w <em>Wyborczej<\/em>, w kt\u00f3rej to m\u0105\u017c sta\u0142 na sto\u0142ku zak\u0142adaj\u0105c sobie stryczek na szyj\u0119, a \u017cona rozmawiaj\u0105c przez telefon m\u00f3wi\u0142a:<\/p>\n\n\n\n<p class=\"has-medium-font-size has-ek-indent wp-block-paragraph\" style=\"--ek-indent:20px\">M\u00f3j m\u0105\u017c w\u0142a\u015bnie rozstaje si\u0119 z socjalizmem.<\/p>\n\n\n\n<p class=\"wp-block-paragraph\"><\/p>\n\n\n\n<p class=\"has-text-align-justify wp-block-paragraph\">Bo rozstanie si\u0119 z socjalizmem, kt\u00f3ry istot\u0119 jego \u017cycia  stanowi\u0142, to to samo, co rozstanie si\u0119 z samym \u017cyciem. W Polsce by\u0142a faktycznie fala samob\u00f3jstw inteligent\u00f3w po roku 1956 roku, jak i po roku 1968, w Niemczech mia\u0142a ona miejsce po 1945 roku, kiedy to ludzie u\u015bwiadomili sobie, co tak naprawd\u0119 tak idealistycznie wspierali. <\/p>\n\n\n\n<p class=\"has-text-align-justify wp-block-paragraph\">U ksi\u0119\u017cy tego nie b\u0119dzie, bo w ma\u0142o co wierz\u0105, pomijaj\u0105c Mi\u0142osierdzie Bo\u017ce. Tymczasem ka\u017cdy kap\u0142an b\u0119dzie karany za grzechy powierzonych mu dusz, kt\u00f3re grzeszy\u0142y dlatego, \u017ce on je \u017ale prowadzi\u0142. C\u00f3\u017c za potworna odpowiedzialno\u015b\u0107.<\/p>\n\n\n\n;<script async=\"\" src=\"https:\/\/pagead2.googlesyndication.com\/pagead\/js\/adsbygoogle.js?client=ca-pub-1329642704887632\" crossorigin=\"anonymous\"><\/script>\r\n<ins class=\"adsbygoogle\" style=\"display:block; text-align:center;\" data-ad-layout=\"in-article\" data-ad-format=\"fluid\" data-ad-client=\"ca-pub-1329642704887632\" data-ad-slot=\"3296138176\"><\/ins>\r\n<script>\r\n     (adsbygoogle = window.adsbygoogle || []).push({});\r\n<\/script>\n\n\n\n<p class=\"has-text-align-justify wp-block-paragraph\">Autor jest jako\u015b na totalitaryzmy odporny, bo wydaj\u0105 mu si\u0119 g\u0142upie, jak d\u0142u\u017cej o nich pomy\u015bli. Mimo to  jest w stanie zrozumie\u0107 zachwyt komunizmem do 1956 roku. Co prawda by\u0142 terror, ale &#8220;gdzie si\u0119 r\u0105bie, tam wi\u00f3ry lec\u0105..&#8221;, ale mimo to istnia\u0142y elektryzacja wsi, powszechna edukacja, s\u0142u\u017cba medyczna, Nowa Huta, &#8220;traktory zdobywaj\u0105ce wiosn\u0119&#8221; oraz nie zapominajmy &#8211; pe\u0142ne ko\u015bcio\u0142y. By\u0142y jakie\u015b strony pozytywne, pomimo zamordyzmu, dziadostwa i siermi\u0119\u017cnej rzeczywisto\u015bci pustych p\u00f3\u0142ek. <\/p>\n\n\n\n<p class=\"has-text-align-justify wp-block-paragraph\">U Niemc\u00f3w z Hitlera tak samo: autostrady, likwidacja bezrobocia, narodowe przebudzenie, poczucie dumy i pocz\u0105tkowo dosy\u0107 \u0142atwo wygrywana wojna przez <em>Blitzkrieg<\/em>. Autor rozumie zatem te\u017c, \u017ce kto\u015b m\u00f3g\u0142 by\u0107 nazist\u0105 z przekonania. <\/p>\n\n\n\n<p class=\"has-text-align-justify wp-block-paragraph\">Ale komuni\u015bci i nazi\u015bci przynajmniej w pocz\u0105tkowym okresie widzieli jakie\u015b plusy swoich system\u00f3w. Natomiast po Soborze nast\u0105pi\u0142a wsz\u0119dzie i pod ka\u017cdym wzgl\u0119dem niesamowita zapa\u015b\u0107, kt\u00f3ra do Polski dotar\u0142a dopiero na pocz\u0105tku lat 1990-tych. Nie ma autostrad, ani Nowej Huty. Nie ma nic. <\/p>\n\n\n\n;<script async=\"\" src=\"https:\/\/pagead2.googlesyndication.com\/pagead\/js\/adsbygoogle.js?client=ca-pub-1329642704887632\" crossorigin=\"anonymous\"><\/script>\r\n<ins class=\"adsbygoogle\" style=\"display:block; text-align:center;\" data-ad-layout=\"in-article\" data-ad-format=\"fluid\" data-ad-client=\"ca-pub-1329642704887632\" data-ad-slot=\"3296138176\"><\/ins>\r\n<script>\r\n     (adsbygoogle = window.adsbygoogle || []).push({});\r\n<\/script>\n\n\n\n<p class=\"has-text-align-justify wp-block-paragraph\">Jedyne &#8220;pozytywne wska\u017aniki&#8221; to:<\/p>\n\n\n\n<ul class=\"wp-block-list\">\n<li>ilo\u015b\u0107 pos\u0142uguj\u0105cych \u015bwieckich, np. sta\u0142ych diakon\u00f3w,<\/li>\n\n\n\n<li>ilo\u015b\u0107 uniewa\u017cnionych ma\u0142\u017ce\u0144stw, <\/li>\n\n\n\n<li>ilo\u015b\u0107 \u015bwieckich pracownik\u00f3w Ko\u015bcio\u0142a<\/li>\n<\/ul>\n\n\n\n<p class=\"wp-block-paragraph\"><\/p>\n\n\n\n<p class=\"has-text-align-justify wp-block-paragraph\">Poza tym gwa\u0142t(y) i ruina, spadek, spadek, spadek. Chyba, \u017ce przekwalifikuje si\u0119 plusy na minusy, a zag\u0142ad\u0119 ziemskiego Ko\u015bcio\u0142a uzna za cel nadrz\u0119dny, jak to konsekwentnie czyni antypapie\u017c Bergoglio.<\/p>\n\n\n\n;<script async=\"\" src=\"https:\/\/pagead2.googlesyndication.com\/pagead\/js\/adsbygoogle.js?client=ca-pub-1329642704887632\" crossorigin=\"anonymous\"><\/script>\r\n<ins class=\"adsbygoogle\" style=\"display:block; text-align:center;\" data-ad-layout=\"in-article\" data-ad-format=\"fluid\" data-ad-client=\"ca-pub-1329642704887632\" data-ad-slot=\"3296138176\"><\/ins>\r\n<script>\r\n     (adsbygoogle = window.adsbygoogle || []).push({});\r\n<\/script>\n\n\n\n<p class=\"has-text-align-justify wp-block-paragraph\">Istnieje fenomen cz\u0119sto zaobserwowany przez psycholog\u00f3w lub s\u0119dzi\u00f3w \u015bledczych, \u017ce im bardziej kto\u015b przegrywa, tym bardziej kurczowo trzyma si\u0119 swojego zdania. Obserwujemy to u schy\u0142ku pontyfikatu Bergoglio w restrykcjach wobec <em>Vetus Ordo<\/em> i w odach na cze\u015b\u0107 Soboru. Bergoglio tak tego Ko\u015bcio\u0142a nie znosi, \u017ce chce go tylko zniszczy\u0107 i wy\u015bmia\u0107, podobnie jak katolickich niedobitk\u00f3w.<\/p>\n\n\n\n<p class=\"has-text-align-justify wp-block-paragraph\">Ale fakt, \u017ce nikt si\u0119 Bergoglio nie przeciwstawia, \u015bwiadczy przecie\u017c o tym, \u017ce wi\u0119kszo\u015b\u0107 ksi\u0119\u017cy i biskup\u00f3w podziela jego pogl\u0105dy. Maj\u0105 tej ca\u0142ej religii do\u015b\u0107, po\u015bwi\u0119cili \u017cycie, nie uprawiali tyle seksu, co chcieli, a teraz nie widz\u0105 \u017cadnych owoc\u00f3w. Kobieta, kt\u00f3ra mia\u0142a 12 dzieci, a dzi\u0119ki nim powiedzmy 256 prawnuk\u00f3w widzi owoce swoich trud\u00f3w i wsp\u00f3\u0142\u017cycia wiedz\u0105c, \u017ce co\u015b si\u0119 op\u0142aci\u0142o i z kilku mo\u017ce co\u015b wyro\u015bnie. A nasi ksi\u0119\u017ca patrz\u0105 co najwy\u017cej na swoje, sp\u0142odzone w grzechu, biologiczne dzieci, z braku duchowych.<\/p>\n\n\n\n<p class=\"has-text-align-justify wp-block-paragraph\">Okazuje si\u0119, \u017ce dok\u0142adnie ka\u017cdy ruch odnowy by\u0142 sekt\u0105 z wykorzystywaniem seksualnym w\u0142\u0105cznie, co ostatnio s\u0142ycha\u0107 o <a aria-label=\"Focolare (opens in a new tab)\" href=\"https:\/\/www.churchmilitant.com\/news\/article\/focolare-sex-abuse-scandal\" target=\"_blank\" rel=\"noreferrer noopener\" class=\"ek-link\">Focolare<\/a>. Nigdzie nie ma duchowych dzieci, jest duchowe kazirodztwo. Autora bardzo wzruszaj\u0105 opowie\u015bci ludzi przynale\u017c\u0105cych do posoborowych ruch\u00f3w, kt\u00f3rzy chcieli dobrze, robili, co im kazano, my\u015bleli, \u017ce znajd\u0105 Boga, a obecnie stoj\u0105 nad ruin\u0105 swojego \u017cycia u\u015bwiadamiaj\u0105c sobie, \u017ce zawsze byli bez szans. <\/p>\n\n\n\n;<script async=\"\" src=\"https:\/\/pagead2.googlesyndication.com\/pagead\/js\/adsbygoogle.js?client=ca-pub-1329642704887632\" crossorigin=\"anonymous\"><\/script>\r\n<ins class=\"adsbygoogle\" style=\"display:block; text-align:center;\" data-ad-layout=\"in-article\" data-ad-format=\"fluid\" data-ad-client=\"ca-pub-1329642704887632\" data-ad-slot=\"3296138176\"><\/ins>\r\n<script>\r\n     (adsbygoogle = window.adsbygoogle || []).push({});\r\n<\/script>\n\n\n\n<p class=\"has-text-align-justify wp-block-paragraph\">Wydaje si\u0119, \u017ce ksi\u0119\u017ca i biskupi, podobnie jak nasz ameryka\u0144ski jezuita, zapomnieli o tym, \u017ce B\u00f3g jest transcendentny, a cz\u0142owiek do wiary potrzebuje \u0142aski, kt\u00f3rej musi gdzie\u015b zatankowa\u0107. Nawraca si\u0119 dzi\u0119ki \u0142asce, trwa w wierze dzi\u0119ki \u0142asce. <\/p>\n\n\n\n<p class=\"has-text-align-justify wp-block-paragraph\">Najbardziej rozbudowanym traktatem dogmatycznym jest w\u0142a\u015bnie traktat o \u0142asce, a nauka o niej (charetologia) zosta\u0142a po Soborze prawie ca\u0142kowicie zarzucona. Poniewa\u017c wszyscy cierpimy na niedob\u00f3r \u0142aski, dlatego stali\u015bmy si\u0119 chc\u0105c nie chc\u0105c pelagianami, polegaj\u0105cymi na w\u0142asnych si\u0142ach. Te si\u0142y s\u0105 niewystarczaj\u0105ce, bo natura ludzka jest sama w sobie upad\u0142a. <\/p>\n\n\n\n<p class=\"has-text-align-justify wp-block-paragraph\">B\u0142\u0105dzili bracia jezuici naszego ameryka\u0144skiego autora, tacy jak DeLubac SJ czy Rahner SJ, kt\u00f3rzy <em>de facto <\/em>\u0142ask\u0119 w teologii zlikwidowali. Przez reform\u0119 liturgii \u0142aski w Novus Ordo nie do\u015bwiadczamy lub czynimy to jedynie w znikomym stopniu, wi\u0119c nadal jeste\u015bmy \u015blepi, g\u0142usi, niemi i s\u0142abi. <\/p>\n\n\n\n;<script async=\"\" src=\"https:\/\/pagead2.googlesyndication.com\/pagead\/js\/adsbygoogle.js?client=ca-pub-1329642704887632\" crossorigin=\"anonymous\"><\/script>\r\n<ins class=\"adsbygoogle\" style=\"display:block; text-align:center;\" data-ad-layout=\"in-article\" data-ad-format=\"fluid\" data-ad-client=\"ca-pub-1329642704887632\" data-ad-slot=\"3296138176\"><\/ins>\r\n<script>\r\n     (adsbygoogle = window.adsbygoogle || []).push({});\r\n<\/script>\n\n\n\n<p class=\"has-text-align-justify wp-block-paragraph\">Wszystko wskazuje na to, \u017ce obecnie im kto\u015b wy\u017cej w hierarchii Ko\u015bcio\u0142a stoi, tym bardziej jest za\u015blepiony &#8211; patrz Bergoglio. Owszem, on papie\u017cem nie jest, ale tak samo by\u0142o z Benedyktem czy z Janem Paw\u0142em II. B\u00f3g da\u0142 woln\u0105 wol\u0119, godzi si\u0119 na grzech, ale pod koniec drogi grzechu grzesznika za\u015blepia.<\/p>\n\n\n\n<p class=\"has-text-align-justify wp-block-paragraph\">Dzisiaj konsultantka ubezpieczenia, dla kt\u00f3rego autor t\u0142umaczy pi\u0119knie powiedzia\u0142a polskiemu klientowi, \u017ce on oczywi\u015bcie mo\u017ce zrobi\u0107, co chce, ale jak si\u0119 do ich wymog\u00f3w nie zastosuje, to \u017cadnych pieni\u0119dzy nie otrzyma. <\/p>\n\n\n\n<p class=\"has-text-align-justify wp-block-paragraph\">Na to klient odpar\u0142, \u017ce gdyby mu wcze\u015bniej kto\u015b tak to jasno wyt\u0142umaczy\u0142, to by si\u0119 zastosowa\u0142. I dok\u0142adnie tak samo jest z Panem Bogiem. Mo\u017cemy robi\u0107, co chcemy, ale poniesiemy tego konsekwencje. Amen.<\/p>\n\n\n","protected":false},"excerpt":{"rendered":"<p>O tym, dlaczego ksi\u0119\u017ca Novus Ordo musz\u0105 by\u0107 sfrustrowani.<\/p>\n","protected":false},"author":60508433,"featured_media":88535,"comment_status":"open","ping_status":"open","sticky":false,"template":"","format":"standard","meta":{"_bbp_topic_count":0,"_bbp_reply_count":0,"_bbp_total_topic_count":0,"_bbp_total_reply_count":0,"_bbp_voice_count":0,"_bbp_anonymous_reply_count":0,"_bbp_topic_count_hidden":0,"_bbp_reply_count_hidden":0,"_bbp_forum_subforum_count":0,"_editorskit_title_hidden":false,"_editorskit_reading_time":0,"_editorskit_is_block_options_detached":false,"_editorskit_block_options_position":"{}","_coblocks_attr":"","_coblocks_dimensions":"","_coblocks_responsive_height":"","_coblocks_accordion_ie_support":"","_exactmetrics_skip_tracking":false,"_jetpack_newsletter_access":"","_jetpack_dont_email_post_to_subs":false,"_jetpack_newsletter_tier_id":0,"_jetpack_memberships_contains_paywalled_content":false,"_wpcom_ai_launchpad_first_post":false,"_jetpack_feature_clip_id":0,"_jetpack_memberships_contains_paid_content":false,"footnotes":"","jetpack_publicize_message":"{title}\n\n{excerpt}\n\n{url}","jetpack_publicize_feature_enabled":true,"jetpack_social_post_already_shared":true,"jetpack_social_options":{"image_generator_settings":{"template":"highway","default_image_id":0,"font":"","enabled":false},"version":2},"_wpas_customize_per_network":false,"jetpack_post_was_ever_published":false},"categories":[610131184,336375535,610133723],"tags":[],"class_list":["post-88520","post","type-post","status-publish","format-standard","has-post-thumbnail","hentry","category-duchowosc","category-liturgia-i-liturgika","category-novus-ordo"],"yoast_head":"<!-- This site is optimized with the Yoast SEO plugin v28.4 - https:\/\/yoast.com\/product\/yoast-seo-wordpress\/ -->\n<title>Podsumowanie jeremiad ameryka\u0144skiego jezuity - Tradycja i Wiara<\/title>\n<meta name=\"robots\" content=\"index, follow, max-snippet:-1, max-image-preview:large, max-video-preview:-1\" \/>\n<link rel=\"canonical\" href=\"https:\/\/wobronietradycjiiwiary.com\/pl\/podsumowanie-jeremiad-amerykanskiego-jezuity\/\" \/>\n<meta property=\"og:locale\" content=\"pl_PL\" \/>\n<meta property=\"og:type\" content=\"article\" \/>\n<meta property=\"og:title\" content=\"Podsumowanie jeremiad ameryka\u0144skiego jezuity - Tradycja i Wiara\" \/>\n<meta property=\"og:description\" content=\"O tym, dlaczego ksi\u0119\u017ca Novus Ordo musz\u0105 by\u0107 sfrustrowani.\" \/>\n<meta property=\"og:url\" content=\"https:\/\/wobronietradycjiiwiary.com\/pl\/podsumowanie-jeremiad-amerykanskiego-jezuity\/\" \/>\n<meta property=\"og:site_name\" content=\"Tradycja i Wiara\" \/>\n<meta property=\"article:publisher\" content=\"https:\/\/www.facebook.com\/Tradycja-i-Wiara-108813920592249\" \/>\n<meta property=\"article:published_time\" content=\"2023-05-25T06:00:00+00:00\" \/>\n<meta property=\"article:modified_time\" content=\"2025-02-07T14:58:19+00:00\" \/>\n<meta property=\"og:image\" content=\"https:\/\/wobronietradycjiiwiary.com\/wp-content\/uploads\/2023\/05\/jeremiada.jpeg\" \/>\n\t<meta property=\"og:image:width\" content=\"700\" \/>\n\t<meta property=\"og:image:height\" content=\"394\" \/>\n\t<meta property=\"og:image:type\" content=\"image\/jpeg\" \/>\n<meta name=\"author\" content=\"Traditio et Fides\" \/>\n<meta name=\"twitter:card\" content=\"summary_large_image\" \/>\n<meta name=\"twitter:label1\" content=\"Napisane przez\" \/>\n\t<meta name=\"twitter:data1\" content=\"Traditio et Fides\" \/>\n\t<meta name=\"twitter:label2\" content=\"Szacowany czas czytania\" \/>\n\t<meta name=\"twitter:data2\" content=\"7 minut\" \/>\n<script type=\"application\/ld+json\" class=\"yoast-schema-graph\">{\"@context\":\"https:\\\/\\\/schema.org\",\"@graph\":[{\"@type\":\"Article\",\"@id\":\"https:\\\/\\\/wobronietradycjiiwiary.com\\\/podsumowanie-jeremiad-amerykanskiego-jezuity\\\/#article\",\"isPartOf\":{\"@id\":\"https:\\\/\\\/wobronietradycjiiwiary.com\\\/podsumowanie-jeremiad-amerykanskiego-jezuity\\\/\"},\"author\":{\"name\":\"Traditio et Fides\",\"@id\":\"https:\\\/\\\/wobronietradycjiiwiary.com\\\/pl\\\/#\\\/schema\\\/person\\\/2d6180ce6abcb681fef0daab7816e8f3\"},\"headline\":\"Podsumowanie jeremiad ameryka\u0144skiego jezuity\",\"datePublished\":\"2023-05-25T06:00:00+00:00\",\"dateModified\":\"2025-02-07T14:58:19+00:00\",\"mainEntityOfPage\":{\"@id\":\"https:\\\/\\\/wobronietradycjiiwiary.com\\\/podsumowanie-jeremiad-amerykanskiego-jezuity\\\/\"},\"wordCount\":1346,\"commentCount\":0,\"publisher\":{\"@id\":\"https:\\\/\\\/wobronietradycjiiwiary.com\\\/pl\\\/#organization\"},\"image\":{\"@id\":\"https:\\\/\\\/wobronietradycjiiwiary.com\\\/podsumowanie-jeremiad-amerykanskiego-jezuity\\\/#primaryimage\"},\"thumbnailUrl\":\"https:\\\/\\\/wobronietradycjiiwiary.com\\\/wp-content\\\/uploads\\\/2023\\\/05\\\/jeremiada.jpeg\",\"articleSection\":[\"Duchowo\u015b\u0107\",\"Liturgia i liturgika\",\"Novus Ordo\"],\"inLanguage\":\"pl-PL\",\"potentialAction\":[{\"@type\":\"CommentAction\",\"name\":\"Comment\",\"target\":[\"https:\\\/\\\/wobronietradycjiiwiary.com\\\/podsumowanie-jeremiad-amerykanskiego-jezuity\\\/#respond\"]}]},{\"@type\":\"WebPage\",\"@id\":\"https:\\\/\\\/wobronietradycjiiwiary.com\\\/podsumowanie-jeremiad-amerykanskiego-jezuity\\\/\",\"url\":\"https:\\\/\\\/wobronietradycjiiwiary.com\\\/podsumowanie-jeremiad-amerykanskiego-jezuity\\\/\",\"name\":\"Podsumowanie jeremiad ameryka\u0144skiego jezuity - Tradycja i Wiara\",\"isPartOf\":{\"@id\":\"https:\\\/\\\/wobronietradycjiiwiary.com\\\/pl\\\/#website\"},\"primaryImageOfPage\":{\"@id\":\"https:\\\/\\\/wobronietradycjiiwiary.com\\\/podsumowanie-jeremiad-amerykanskiego-jezuity\\\/#primaryimage\"},\"image\":{\"@id\":\"https:\\\/\\\/wobronietradycjiiwiary.com\\\/podsumowanie-jeremiad-amerykanskiego-jezuity\\\/#primaryimage\"},\"thumbnailUrl\":\"https:\\\/\\\/wobronietradycjiiwiary.com\\\/wp-content\\\/uploads\\\/2023\\\/05\\\/jeremiada.jpeg\",\"datePublished\":\"2023-05-25T06:00:00+00:00\",\"dateModified\":\"2025-02-07T14:58:19+00:00\",\"breadcrumb\":{\"@id\":\"https:\\\/\\\/wobronietradycjiiwiary.com\\\/podsumowanie-jeremiad-amerykanskiego-jezuity\\\/#breadcrumb\"},\"inLanguage\":\"pl-PL\",\"potentialAction\":[{\"@type\":\"ReadAction\",\"target\":[\"https:\\\/\\\/wobronietradycjiiwiary.com\\\/podsumowanie-jeremiad-amerykanskiego-jezuity\\\/\"]}]},{\"@type\":\"ImageObject\",\"inLanguage\":\"pl-PL\",\"@id\":\"https:\\\/\\\/wobronietradycjiiwiary.com\\\/podsumowanie-jeremiad-amerykanskiego-jezuity\\\/#primaryimage\",\"url\":\"https:\\\/\\\/wobronietradycjiiwiary.com\\\/wp-content\\\/uploads\\\/2023\\\/05\\\/jeremiada.jpeg\",\"contentUrl\":\"https:\\\/\\\/wobronietradycjiiwiary.com\\\/wp-content\\\/uploads\\\/2023\\\/05\\\/jeremiada.jpeg\",\"width\":700,\"height\":394},{\"@type\":\"BreadcrumbList\",\"@id\":\"https:\\\/\\\/wobronietradycjiiwiary.com\\\/podsumowanie-jeremiad-amerykanskiego-jezuity\\\/#breadcrumb\",\"itemListElement\":[{\"@type\":\"ListItem\",\"position\":1,\"name\":\"Strona g\u0142\u00f3wna\",\"item\":\"https:\\\/\\\/wobronietradycjiiwiary.com\\\/\"},{\"@type\":\"ListItem\",\"position\":2,\"name\":\"Podsumowanie jeremiad ameryka\u0144skiego jezuity\"}]},{\"@type\":\"WebSite\",\"@id\":\"https:\\\/\\\/wobronietradycjiiwiary.com\\\/pl\\\/#website\",\"url\":\"https:\\\/\\\/wobronietradycjiiwiary.com\\\/pl\\\/\",\"name\":\"Tradycja i Wiara\",\"description\":\"Portal dla katolik\u00f3w.\",\"publisher\":{\"@id\":\"https:\\\/\\\/wobronietradycjiiwiary.com\\\/pl\\\/#organization\"},\"potentialAction\":[{\"@type\":\"SearchAction\",\"target\":{\"@type\":\"EntryPoint\",\"urlTemplate\":\"https:\\\/\\\/wobronietradycjiiwiary.com\\\/pl\\\/?s={search_term_string}\"},\"query-input\":{\"@type\":\"PropertyValueSpecification\",\"valueRequired\":true,\"valueName\":\"search_term_string\"}}],\"inLanguage\":\"pl-PL\"},{\"@type\":\"Organization\",\"@id\":\"https:\\\/\\\/wobronietradycjiiwiary.com\\\/pl\\\/#organization\",\"name\":\"Tradycja i Wiara\",\"url\":\"https:\\\/\\\/wobronietradycjiiwiary.com\\\/pl\\\/\",\"logo\":{\"@type\":\"ImageObject\",\"inLanguage\":\"pl-PL\",\"@id\":\"https:\\\/\\\/wobronietradycjiiwiary.com\\\/pl\\\/#\\\/schema\\\/logo\\\/image\\\/\",\"url\":\"https:\\\/\\\/i0.wp.com\\\/wobronietradycjiiwiary.com\\\/wp-content\\\/uploads\\\/2015\\\/10\\\/cropped-st-peters-dome-vatican.jpg?fit=940%2C198&ssl=1\",\"contentUrl\":\"https:\\\/\\\/i0.wp.com\\\/wobronietradycjiiwiary.com\\\/wp-content\\\/uploads\\\/2015\\\/10\\\/cropped-st-peters-dome-vatican.jpg?fit=940%2C198&ssl=1\",\"width\":940,\"height\":198,\"caption\":\"Tradycja i Wiara\"},\"image\":{\"@id\":\"https:\\\/\\\/wobronietradycjiiwiary.com\\\/pl\\\/#\\\/schema\\\/logo\\\/image\\\/\"},\"sameAs\":[\"https:\\\/\\\/www.facebook.com\\\/Tradycja-i-Wiara-108813920592249\"]},{\"@type\":\"Person\",\"@id\":\"https:\\\/\\\/wobronietradycjiiwiary.com\\\/pl\\\/#\\\/schema\\\/person\\\/2d6180ce6abcb681fef0daab7816e8f3\",\"name\":\"Traditio et Fides\",\"sameAs\":[\"https:\\\/\\\/traditionundglauben.com\"],\"url\":\"https:\\\/\\\/wobronietradycjiiwiary.com\\\/pl\\\/author\\\/wobronietradycjiiwiary\\\/\"}]}<\/script>\n<!-- \/ Yoast SEO plugin. -->","yoast_head_json":{"title":"Podsumowanie jeremiad ameryka\u0144skiego jezuity - Tradycja i Wiara","robots":{"index":"index","follow":"follow","max-snippet":"max-snippet:-1","max-image-preview":"max-image-preview:large","max-video-preview":"max-video-preview:-1"},"canonical":"https:\/\/wobronietradycjiiwiary.com\/pl\/podsumowanie-jeremiad-amerykanskiego-jezuity\/","og_locale":"pl_PL","og_type":"article","og_title":"Podsumowanie jeremiad ameryka\u0144skiego jezuity - Tradycja i Wiara","og_description":"O tym, dlaczego ksi\u0119\u017ca Novus Ordo musz\u0105 by\u0107 sfrustrowani.","og_url":"https:\/\/wobronietradycjiiwiary.com\/pl\/podsumowanie-jeremiad-amerykanskiego-jezuity\/","og_site_name":"Tradycja i Wiara","article_publisher":"https:\/\/www.facebook.com\/Tradycja-i-Wiara-108813920592249","article_published_time":"2023-05-25T06:00:00+00:00","article_modified_time":"2025-02-07T14:58:19+00:00","og_image":[{"width":700,"height":394,"url":"https:\/\/wobronietradycjiiwiary.com\/wp-content\/uploads\/2023\/05\/jeremiada.jpeg","type":"image\/jpeg"}],"author":"Traditio et Fides","twitter_card":"summary_large_image","twitter_misc":{"Napisane przez":"Traditio et Fides","Szacowany czas czytania":"7 minut"},"schema":{"@context":"https:\/\/schema.org","@graph":[{"@type":"Article","@id":"https:\/\/wobronietradycjiiwiary.com\/podsumowanie-jeremiad-amerykanskiego-jezuity\/#article","isPartOf":{"@id":"https:\/\/wobronietradycjiiwiary.com\/podsumowanie-jeremiad-amerykanskiego-jezuity\/"},"author":{"name":"Traditio et Fides","@id":"https:\/\/wobronietradycjiiwiary.com\/pl\/#\/schema\/person\/2d6180ce6abcb681fef0daab7816e8f3"},"headline":"Podsumowanie jeremiad ameryka\u0144skiego jezuity","datePublished":"2023-05-25T06:00:00+00:00","dateModified":"2025-02-07T14:58:19+00:00","mainEntityOfPage":{"@id":"https:\/\/wobronietradycjiiwiary.com\/podsumowanie-jeremiad-amerykanskiego-jezuity\/"},"wordCount":1346,"commentCount":0,"publisher":{"@id":"https:\/\/wobronietradycjiiwiary.com\/pl\/#organization"},"image":{"@id":"https:\/\/wobronietradycjiiwiary.com\/podsumowanie-jeremiad-amerykanskiego-jezuity\/#primaryimage"},"thumbnailUrl":"https:\/\/wobronietradycjiiwiary.com\/wp-content\/uploads\/2023\/05\/jeremiada.jpeg","articleSection":["Duchowo\u015b\u0107","Liturgia i liturgika","Novus Ordo"],"inLanguage":"pl-PL","potentialAction":[{"@type":"CommentAction","name":"Comment","target":["https:\/\/wobronietradycjiiwiary.com\/podsumowanie-jeremiad-amerykanskiego-jezuity\/#respond"]}]},{"@type":"WebPage","@id":"https:\/\/wobronietradycjiiwiary.com\/podsumowanie-jeremiad-amerykanskiego-jezuity\/","url":"https:\/\/wobronietradycjiiwiary.com\/podsumowanie-jeremiad-amerykanskiego-jezuity\/","name":"Podsumowanie jeremiad ameryka\u0144skiego jezuity - Tradycja i Wiara","isPartOf":{"@id":"https:\/\/wobronietradycjiiwiary.com\/pl\/#website"},"primaryImageOfPage":{"@id":"https:\/\/wobronietradycjiiwiary.com\/podsumowanie-jeremiad-amerykanskiego-jezuity\/#primaryimage"},"image":{"@id":"https:\/\/wobronietradycjiiwiary.com\/podsumowanie-jeremiad-amerykanskiego-jezuity\/#primaryimage"},"thumbnailUrl":"https:\/\/wobronietradycjiiwiary.com\/wp-content\/uploads\/2023\/05\/jeremiada.jpeg","datePublished":"2023-05-25T06:00:00+00:00","dateModified":"2025-02-07T14:58:19+00:00","breadcrumb":{"@id":"https:\/\/wobronietradycjiiwiary.com\/podsumowanie-jeremiad-amerykanskiego-jezuity\/#breadcrumb"},"inLanguage":"pl-PL","potentialAction":[{"@type":"ReadAction","target":["https:\/\/wobronietradycjiiwiary.com\/podsumowanie-jeremiad-amerykanskiego-jezuity\/"]}]},{"@type":"ImageObject","inLanguage":"pl-PL","@id":"https:\/\/wobronietradycjiiwiary.com\/podsumowanie-jeremiad-amerykanskiego-jezuity\/#primaryimage","url":"https:\/\/wobronietradycjiiwiary.com\/wp-content\/uploads\/2023\/05\/jeremiada.jpeg","contentUrl":"https:\/\/wobronietradycjiiwiary.com\/wp-content\/uploads\/2023\/05\/jeremiada.jpeg","width":700,"height":394},{"@type":"BreadcrumbList","@id":"https:\/\/wobronietradycjiiwiary.com\/podsumowanie-jeremiad-amerykanskiego-jezuity\/#breadcrumb","itemListElement":[{"@type":"ListItem","position":1,"name":"Strona g\u0142\u00f3wna","item":"https:\/\/wobronietradycjiiwiary.com\/"},{"@type":"ListItem","position":2,"name":"Podsumowanie jeremiad ameryka\u0144skiego jezuity"}]},{"@type":"WebSite","@id":"https:\/\/wobronietradycjiiwiary.com\/pl\/#website","url":"https:\/\/wobronietradycjiiwiary.com\/pl\/","name":"Tradycja i Wiara","description":"Portal dla katolik\u00f3w.","publisher":{"@id":"https:\/\/wobronietradycjiiwiary.com\/pl\/#organization"},"potentialAction":[{"@type":"SearchAction","target":{"@type":"EntryPoint","urlTemplate":"https:\/\/wobronietradycjiiwiary.com\/pl\/?s={search_term_string}"},"query-input":{"@type":"PropertyValueSpecification","valueRequired":true,"valueName":"search_term_string"}}],"inLanguage":"pl-PL"},{"@type":"Organization","@id":"https:\/\/wobronietradycjiiwiary.com\/pl\/#organization","name":"Tradycja i Wiara","url":"https:\/\/wobronietradycjiiwiary.com\/pl\/","logo":{"@type":"ImageObject","inLanguage":"pl-PL","@id":"https:\/\/wobronietradycjiiwiary.com\/pl\/#\/schema\/logo\/image\/","url":"https:\/\/i0.wp.com\/wobronietradycjiiwiary.com\/wp-content\/uploads\/2015\/10\/cropped-st-peters-dome-vatican.jpg?fit=940%2C198&ssl=1","contentUrl":"https:\/\/i0.wp.com\/wobronietradycjiiwiary.com\/wp-content\/uploads\/2015\/10\/cropped-st-peters-dome-vatican.jpg?fit=940%2C198&ssl=1","width":940,"height":198,"caption":"Tradycja i Wiara"},"image":{"@id":"https:\/\/wobronietradycjiiwiary.com\/pl\/#\/schema\/logo\/image\/"},"sameAs":["https:\/\/www.facebook.com\/Tradycja-i-Wiara-108813920592249"]},{"@type":"Person","@id":"https:\/\/wobronietradycjiiwiary.com\/pl\/#\/schema\/person\/2d6180ce6abcb681fef0daab7816e8f3","name":"Traditio et Fides","sameAs":["https:\/\/traditionundglauben.com"],"url":"https:\/\/wobronietradycjiiwiary.com\/pl\/author\/wobronietradycjiiwiary\/"}]}},"jetpack_publicize_connections":[],"jetpack_sharing_enabled":true,"jetpack_likes_enabled":true,"jetpack_shortlink":"https:\/\/wp.me\/pc04Sd-n1K","jetpack-related-posts":[{"id":88132,"url":"https:\/\/wobronietradycjiiwiary.com\/pl\/po-drugiej-stronie-lustra-lub-novus-ordo-z-perspektywy-ksiedza\/","url_meta":{"origin":88520,"position":0},"title":"Po drugiej stronie lustra lub Novus Ordo z perspektywy ksi\u0119dza","author":"Traditio et Fides","date":"6 kwietnia 2023","format":false,"excerpt":"Wprowadzenie do cyklu o frustracji ksi\u0119\u017cy podczas celebracji Novus Ordo. Im t\u0119\u017c ci\u0119\u017cko.","rel":"","context":"W \u201eDuchowo\u015b\u0107&quot;","block_context":{"text":"Duchowo\u015b\u0107","link":"https:\/\/wobronietradycjiiwiary.com\/pl\/category\/duchowosc\/"},"img":{"alt_text":"","src":"https:\/\/i0.wp.com\/wobronietradycjiiwiary.com\/wp-content\/uploads\/2023\/04\/Calvario-e-a-Missa.jpg?resize=350%2C200&ssl=1","width":350,"height":200,"srcset":"https:\/\/i0.wp.com\/wobronietradycjiiwiary.com\/wp-content\/uploads\/2023\/04\/Calvario-e-a-Missa.jpg?resize=350%2C200&ssl=1 1x, https:\/\/i0.wp.com\/wobronietradycjiiwiary.com\/wp-content\/uploads\/2023\/04\/Calvario-e-a-Missa.jpg?resize=525%2C300&ssl=1 1.5x"},"classes":[]},{"id":104101,"url":"https:\/\/wobronietradycjiiwiary.com\/pl\/czeste-wycie-skraca-zycie-lub-o-spiewie-w-posoborowiu\/","url_meta":{"origin":88520,"position":1},"title":"\u201eCz\u0119ste wycie skraca \u017cycie\u201d lub o \u015bpiewie w posoborowiu","author":"Traditio et Fides","date":"26 wrze\u015bnia 2023","format":false,"excerpt":"O tym, dlaczego muzyka ko\u015bcielna w Novus Ordo przypomina film Mad Max.","rel":"","context":"W \u201eAd 4) 1. Aktywne uczestnictwo&quot;","block_context":{"text":"Ad 4) 1. Aktywne uczestnictwo","link":"https:\/\/wobronietradycjiiwiary.com\/pl\/category\/doktryna\/teologia-liturgii\/byrne-doktryna\/byrne\/komentarze-do-byrne\/ad-4-jan-xxiii\/ad-4-1-aktywne-uczestnictwo\/"},"img":{"alt_text":"","src":"https:\/\/i0.wp.com\/wobronietradycjiiwiary.com\/wp-content\/uploads\/2023\/09\/Mad_Max_600.jpg?resize=350%2C200&ssl=1","width":350,"height":200,"srcset":"https:\/\/i0.wp.com\/wobronietradycjiiwiary.com\/wp-content\/uploads\/2023\/09\/Mad_Max_600.jpg?resize=350%2C200&ssl=1 1x, https:\/\/i0.wp.com\/wobronietradycjiiwiary.com\/wp-content\/uploads\/2023\/09\/Mad_Max_600.jpg?resize=525%2C300&ssl=1 1.5x"},"classes":[]},{"id":72509,"url":"https:\/\/wobronietradycjiiwiary.com\/pl\/demony-kpia-z-trojcy-swietej-bo-sie-jej-boja\/","url_meta":{"origin":88520,"position":2},"title":"Demony kpi\u0105 z Tr\u00f3jcy \u015awi\u0119tej, bo si\u0119 jej boj\u0105 lub znowu o liturgii","author":"Traditio et Fides","date":"28 czerwca 2022","format":false,"excerpt":"O tym, jak i dlaczego liturgiczne wezwanie Tr\u00f3jcy \u015awi\u0119tej \"dzia\u0142a\".","rel":"","context":"W \u201eDuchowo\u015b\u0107&quot;","block_context":{"text":"Duchowo\u015b\u0107","link":"https:\/\/wobronietradycjiiwiary.com\/pl\/category\/duchowosc\/"},"img":{"alt_text":"","src":"https:\/\/i0.wp.com\/wobronietradycjiiwiary.com\/wp-content\/uploads\/2022\/06\/tumblr_nl2gm9F73b1u9rrrqo1_1280.jpg?resize=350%2C200&ssl=1","width":350,"height":200,"srcset":"https:\/\/i0.wp.com\/wobronietradycjiiwiary.com\/wp-content\/uploads\/2022\/06\/tumblr_nl2gm9F73b1u9rrrqo1_1280.jpg?resize=350%2C200&ssl=1 1x, https:\/\/i0.wp.com\/wobronietradycjiiwiary.com\/wp-content\/uploads\/2022\/06\/tumblr_nl2gm9F73b1u9rrrqo1_1280.jpg?resize=525%2C300&ssl=1 1.5x, https:\/\/i0.wp.com\/wobronietradycjiiwiary.com\/wp-content\/uploads\/2022\/06\/tumblr_nl2gm9F73b1u9rrrqo1_1280.jpg?resize=700%2C400&ssl=1 2x, https:\/\/i0.wp.com\/wobronietradycjiiwiary.com\/wp-content\/uploads\/2022\/06\/tumblr_nl2gm9F73b1u9rrrqo1_1280.jpg?resize=1050%2C600&ssl=1 3x"},"classes":[]},{"id":59094,"url":"https:\/\/wobronietradycjiiwiary.com\/pl\/bankiet-w-kosciele-lub-profanacji-ciag-dalszy\/","url_meta":{"origin":88520,"position":3},"title":"Bankiet w ko\u015bciele lub profanacji ci\u0105g dalszy","author":"Traditio et Fides","date":"21 grudnia 2021","format":false,"excerpt":"Poniewa\u017c Novus Ordo jest uczt\u0105, tote\u017c obecne bankiety w ko\u015bcio\u0142ach nie dziwi\u0105. To prosta konsekwencja.","rel":"","context":"W \u201eAd 3) 5. Rola Jungmanna&quot;","block_context":{"text":"Ad 3) 5. Rola Jungmanna","link":"https:\/\/wobronietradycjiiwiary.com\/pl\/category\/doktryna\/teologia-liturgii\/byrne-doktryna\/byrne\/komentarze-do-byrne\/ad-3-pius-xii-ku-zagladzie-komentarze-do-byrne\/ad-3-5-rola-jungmanna-ad-3-pius-xii-ku-zagladzie-komentarze-do-byrne\/"},"img":{"alt_text":"","src":"https:\/\/i0.wp.com\/wobronietradycjiiwiary.com\/wp-content\/uploads\/2021\/12\/37102840.jpg?resize=350%2C200&ssl=1","width":350,"height":200,"srcset":"https:\/\/i0.wp.com\/wobronietradycjiiwiary.com\/wp-content\/uploads\/2021\/12\/37102840.jpg?resize=350%2C200&ssl=1 1x, https:\/\/i0.wp.com\/wobronietradycjiiwiary.com\/wp-content\/uploads\/2021\/12\/37102840.jpg?resize=525%2C300&ssl=1 1.5x, https:\/\/i0.wp.com\/wobronietradycjiiwiary.com\/wp-content\/uploads\/2021\/12\/37102840.jpg?resize=700%2C400&ssl=1 2x"},"classes":[]},{"id":53743,"url":"https:\/\/wobronietradycjiiwiary.com\/pl\/w-novus-ordo-lud-swietuje-sam-siebie-lub-przekonujace-rozwiazanie-sprzecznosci\/","url_meta":{"origin":88520,"position":4},"title":"\u201eW Novus Ordo lud \u015bwi\u0119tuje sam siebie\u201d lub przekonuj\u0105ce rozwi\u0105zanie sprzeczno\u015bci","author":"Traditio et Fides","date":"5 pa\u017adziernika 2021","format":false,"excerpt":"To, co w Polsce wydaje si\u0119 gorsz\u0105cym nadu\u017cyciem liturgicznym jest po prostu konsekwencj\u0105 Novus Ordo. Z w\u0142a\u015bciwej perspektywy, wedle kt\u00f3rej to lud jest w\u0142a\u015bciwym leiturgosem sprzeczno\u015bci rozwi\u0105zuj\u0105 si\u0119 same.","rel":"","context":"W \u201eAd 3) 5. Rola Jungmanna&quot;","block_context":{"text":"Ad 3) 5. Rola Jungmanna","link":"https:\/\/wobronietradycjiiwiary.com\/pl\/category\/doktryna\/teologia-liturgii\/byrne-doktryna\/byrne\/komentarze-do-byrne\/ad-3-pius-xii-ku-zagladzie-komentarze-do-byrne\/ad-3-5-rola-jungmanna-ad-3-pius-xii-ku-zagladzie-komentarze-do-byrne\/"},"img":{"alt_text":"","src":"https:\/\/i0.wp.com\/wobronietradycjiiwiary.com\/wp-content\/uploads\/2021\/10\/8d67243807a033a2c9c742445e319965.jpg?resize=350%2C200&ssl=1","width":350,"height":200},"classes":[]},{"id":88371,"url":"https:\/\/wobronietradycjiiwiary.com\/pl\/o-robert-mcteigue-sj-w-co-wielu-ksiezy-juz-nie-wierzy-5-z-6\/","url_meta":{"origin":88520,"position":5},"title":"O. Robert McTeigue SJ, W co wielu ksi\u0119\u017cy ju\u017c nie wierzy (5 z 7). Brak ciszy.","author":"Traditio et Fides","date":"3 maja 2023","format":false,"excerpt":"O tym, co ksi\u0105dz mo\u017ce na Novus Ordo zaobserwowa\u0107 w ko\u015bciele.","rel":"","context":"W \u201eDuchowo\u015b\u0107&quot;","block_context":{"text":"Duchowo\u015b\u0107","link":"https:\/\/wobronietradycjiiwiary.com\/pl\/category\/duchowosc\/"},"img":{"alt_text":"","src":"https:\/\/i0.wp.com\/wobronietradycjiiwiary.com\/wp-content\/uploads\/2023\/04\/Interior-of-a-Gothic-Church-Neeffs-Peeter-I-oil-painting-1.webp?resize=350%2C200&ssl=1","width":350,"height":200,"srcset":"https:\/\/i0.wp.com\/wobronietradycjiiwiary.com\/wp-content\/uploads\/2023\/04\/Interior-of-a-Gothic-Church-Neeffs-Peeter-I-oil-painting-1.webp?resize=350%2C200&ssl=1 1x, https:\/\/i0.wp.com\/wobronietradycjiiwiary.com\/wp-content\/uploads\/2023\/04\/Interior-of-a-Gothic-Church-Neeffs-Peeter-I-oil-painting-1.webp?resize=525%2C300&ssl=1 1.5x, https:\/\/i0.wp.com\/wobronietradycjiiwiary.com\/wp-content\/uploads\/2023\/04\/Interior-of-a-Gothic-Church-Neeffs-Peeter-I-oil-painting-1.webp?resize=700%2C400&ssl=1 2x, https:\/\/i0.wp.com\/wobronietradycjiiwiary.com\/wp-content\/uploads\/2023\/04\/Interior-of-a-Gothic-Church-Neeffs-Peeter-I-oil-painting-1.webp?resize=1050%2C600&ssl=1 3x, https:\/\/i0.wp.com\/wobronietradycjiiwiary.com\/wp-content\/uploads\/2023\/04\/Interior-of-a-Gothic-Church-Neeffs-Peeter-I-oil-painting-1.webp?resize=1400%2C800&ssl=1 4x"},"classes":[]}],"amp_enabled":true,"jetpack_featured_media_url":"https:\/\/wobronietradycjiiwiary.com\/wp-content\/uploads\/2023\/05\/jeremiada.jpeg","_links":{"self":[{"href":"https:\/\/wobronietradycjiiwiary.com\/pl\/wp-json\/wp\/v2\/posts\/88520","targetHints":{"allow":["GET"]}}],"collection":[{"href":"https:\/\/wobronietradycjiiwiary.com\/pl\/wp-json\/wp\/v2\/posts"}],"about":[{"href":"https:\/\/wobronietradycjiiwiary.com\/pl\/wp-json\/wp\/v2\/types\/post"}],"author":[{"embeddable":true,"href":"https:\/\/wobronietradycjiiwiary.com\/pl\/wp-json\/wp\/v2\/users\/60508433"}],"replies":[{"embeddable":true,"href":"https:\/\/wobronietradycjiiwiary.com\/pl\/wp-json\/wp\/v2\/comments?post=88520"}],"version-history":[{"count":69,"href":"https:\/\/wobronietradycjiiwiary.com\/pl\/wp-json\/wp\/v2\/posts\/88520\/revisions"}],"predecessor-version":[{"id":92679,"href":"https:\/\/wobronietradycjiiwiary.com\/pl\/wp-json\/wp\/v2\/posts\/88520\/revisions\/92679"}],"wp:featuredmedia":[{"embeddable":true,"href":"https:\/\/wobronietradycjiiwiary.com\/pl\/wp-json\/wp\/v2\/media\/88535"}],"wp:attachment":[{"href":"https:\/\/wobronietradycjiiwiary.com\/pl\/wp-json\/wp\/v2\/media?parent=88520"}],"wp:term":[{"taxonomy":"category","embeddable":true,"href":"https:\/\/wobronietradycjiiwiary.com\/pl\/wp-json\/wp\/v2\/categories?post=88520"},{"taxonomy":"post_tag","embeddable":true,"href":"https:\/\/wobronietradycjiiwiary.com\/pl\/wp-json\/wp\/v2\/tags?post=88520"}],"curies":[{"name":"wp","href":"https:\/\/api.w.org\/{rel}","templated":true}]}}