{"id":86363,"date":"2023-03-05T08:15:13","date_gmt":"2023-03-05T07:15:13","guid":{"rendered":"https:\/\/wobronietradycjiiwiary.com\/?p=86363"},"modified":"2025-02-10T11:56:09","modified_gmt":"2025-02-10T10:56:09","slug":"5-go-marca-zywot-sw-perpetuy-i-felicyty-meczenniczek-2-2","status":"publish","type":"post","link":"https:\/\/wobronietradycjiiwiary.com\/pl\/5-go-marca-zywot-sw-perpetuy-i-felicyty-meczenniczek-2-2\/","title":{"rendered":"5-go Marca. \u017bywot \u015bw. Perpetuy i Felicyty, M\u0119czenniczek."},"content":{"rendered":"<div id=\"bsf_rt_marker\"><\/div>\n<p class=\"has-text-align-center wp-block-paragraph\"><em>(\u017by\u0142y oko\u0142o roku Pa\u0144skiego 200).<\/em><\/p>\n\n\n\n<figure class=\"wp-block-image\"><a href=\"https:\/\/pl.wikisource.org\/wiki\/Plik:%C5%BBywoty_%C5%9Bw._Pa%C5%84skich_na_wszystkie_dnie_roku-Inicja%C5%82-J.png\"><img decoding=\"async\" src=\"https:\/\/upload.wikimedia.org\/wikipedia\/commons\/thumb\/0\/01\/%C5%BBywoty_%C5%9Bw._Pa%C5%84skich_na_wszystkie_dnie_roku-Inicja%C5%82-J.png\/56px-%C5%BBywoty_%C5%9Bw._Pa%C5%84skich_na_wszystkie_dnie_roku-Inicja%C5%82-J.png\" alt=\"J\"\/><\/a><\/figure>\n\n\n\n<p class=\"has-text-align-justify wp-block-paragraph\">Jak pobo\u017cnymi i bogobojnymi byli pierwi chrze\u015bcijanie, jak sta\u0142\u0105 by\u0142a ich wiara w Jezusa Chrystusa Syna Bo\u017cego, jak gor\u0105c\u0105 by\u0142a ich mi\u0142o\u015b\u0107 ku Bogu, \u015bwiadcz\u0105 akta \u015bwi\u0119tych M\u0119czennik\u00f3w, kt\u00f3re jeszcze za czas\u00f3w \u015bwi\u0119tego Augustyna publicznie czytywano w ko\u015bciele. Niechajby przyk\u0142ad \u015awi\u0119tych Pa\u0144skich i w nas rozpali gor\u0119tsz\u0105 mi\u0142o\u015b\u0107 Boga i stateczn\u0105 wiar\u0119.<\/p>\n\n\n\n<p class=\"has-text-align-justify wp-block-paragraph\"><br>\u2009W roku 202 powsta\u0142o za cesarza Sewera okrutne prze\u015bladowanie chrze\u015bcijan, kt\u00f3re a\u017c do Afryki si\u0119ga\u0142o. W tym czasie mieszka\u0142o w Kartaginie pi\u0119ciu katechumen\u00f3w,<sup><a href=\"https:\/\/pl.wikisource.org\/wiki\/%C5%BBywot_%C5%9Bw._Perpetuy_i_Felicyty,_M%C4%99czenniczek#cite_note-1\">[1]<\/a><\/sup>\u00a0zowi\u0105cych si\u0119 Rewokatus, Felicyta, Saturnin, Sekundus i Perpetua; dwaj pierwsi byli niewolnikami, reszta pochodzi\u0142a z wysokiego rodu. Felicyta od siedmiu ju\u017c miesi\u0119cy by\u0142a w stanie b\u0142ogos\u0142awionym, a Perpetua mia\u0142a dziecko przy piersi. Liczy\u0142a wonczas dopiero lat 22; tak m\u0105\u017c jej jak i ojciec wysokie zajmowali stanowiska, byli jednak\u017ce zarazem zagorza\u0142ymi ba\u0142wochwalcami. Ojciec jej, nie wiedz\u0105c, \u017ce ona jest chrze\u015bcijank\u0105, kocha\u0142 j\u0105 wi\u0119cej, ni\u017c w\u0142asn\u0105 \u017con\u0119 i inne dzieci.<\/p>\n\n\n\n<p class=\"has-text-align-justify wp-block-paragraph\"><br>\u2009Skoro tedy prze\u015bladowanie szerzy\u0107 si\u0119 pocz\u0119\u0142o, pojmano tak\u017ce i wymienionych wy\u017cej katechumen\u00f3w, i wtr\u0105cono ich do wi\u0119zienia. Z nimi razem kaza\u0142 si\u0119 r\u00f3wnie\u017c zamkn\u0105\u0107 w wi\u0119zieniu niejaki\u015b Satur, niezawodnie brat Saturnina, gdy\u017c on to uczy\u0142 ich Wiary \u015bwi\u0119tej.<\/p>\n\n\n\n<p class=\"has-text-align-justify wp-block-paragraph\"><br>\u2009Perpetua opisa\u0142a swoje m\u0119cze\u0144stwo mniej wi\u0119cej w nast\u0119puj\u0105cy spos\u00f3b: \u201eByli\u015bmy jeszcze w mocy naszych prze\u015bladowc\u00f3w, gdy ojciec m\u00f3j, powodowany czu\u0142\u0105 dla mnie mi\u0142o\u015bci\u0105, przyby\u0142 do wi\u0119zienia, staraj\u0105c si\u0119 zachwia\u0107 sta\u0142o\u015b\u0107 moj\u0105 w wierze. \u201eOjcze \u2014 rzek\u0142am tedy do niego \u2014 widzisz tu na pod\u0142odze ten oto dzban z wod\u0105?\u201c \u201eWidz\u0119 \u2014 odpar\u0142 ojciec \u2014 czemu\u017c mnie o to pytasz?\u201c \u201ePoniewa\u017c si\u0119 chc\u0119 dowiedzie\u0107, czy mo\u017cna rzecz nazwa\u0107 innem nazwiskiem?\u201c \u201ePrzenigdy\u201c \u2014 zawo\u0142a\u0142 ojciec. \u201ePrawd\u0105 zatem jest, \u017ce Chrystus jest B\u00f3g \u017cywy, a ja chrze\u015bcijank\u0105!\u201c Rzuci\u0142 si\u0119 tedy ojciec na mnie, aby mi oczy wydrapa\u0107, lecz sko\u0144czy\u0142o si\u0119 na tem, \u017ce okrutnie mnie obi\u0142. Kr\u00f3tko potem przeprowadzono nas do innego ciemnego lochu, zapchanego wi\u0119\u017aniami, w kt\u00f3rym powietrze by\u0142o zabijaj\u0105ce. Pr\u00f3cz tego \u017co\u0142nierze okrutnie nas poniewierali, ja za\u015b p\u0142aka\u0142am, bowiem odebrano mi dzieci\u0119. Dwu dyakon\u00f3w, Tercyusz i Pomponiusz, zdo\u0142ali stra\u017c przekupi\u0107, poczem dozwolono nam na kilka godzin wychodzi\u0107 na \u015bwie\u017ce powietrze. Najwi\u0119ksz\u0105 moj\u0105 rado\u015bci\u0105 jednak by\u0142o, gdy mi matka dzieci\u0119 moje przynios\u0142a. Odt\u0105d zdawa\u0142o mi si\u0119 wi\u0119zienie takim samym pa\u0142acem, jaki zamieszkiwa\u0142am u rodzic\u00f3w. Razu pewnego przyby\u0142 do mnie do wi\u0119zienia brat m\u00f3j; na pierwszy rzut oka pozna\u0142am, i\u017c ma co\u015b wa\u017cnego na my\u015bli, jako\u017c si\u0119 nie myli\u0142am, gdy\u017c wkr\u00f3tce w te odezwa\u0142 si\u0119 s\u0142owa: \u201eSiostro kochana! s\u0105dz\u0119, i\u017c jeste\u015b ju\u017c tak dalece w \u0142asce u Boga, \u017ce ci objawi, czy zostaniesz z wi\u0119zienia uwolnion\u0105 lub czy te\u017c umrzesz \u015bmierci\u0105 m\u0119cze\u0144sk\u0105.\u201c Ufna w Bogu, odpar\u0142am: \u201eJutro ci powiem!\u201c Jako\u017c modl\u0105c si\u0119 nast\u0119pnie, ujrza\u0142am w zachwyceniu z\u0142ot\u0105 drabin\u0119, si\u0119gaj\u0105c\u0105 do Nieba, lecz z obu stron naje\u017con\u0105 kolcami i mieczami, przyczem us\u0142ysza\u0142am g\u0142os: \u201ePerpetuo, ciebie oczekuj\u0119!\u201c Kiedym sz\u0142a po drabinie, znalaz\u0142am si\u0119 w ogrodzie i napotka\u0142am m\u0119\u017cczyzn\u0119 wysokiego wzrostu, ubranego w pasterskie odzienie i otoczonego wielu osobami w bia\u0142ych szatach. M\u0105\u017c \u00f3w doi\u0142 w\u0142a\u015bnie owce, a kiedym wesz\u0142a, zawo\u0142a\u0142, podaj\u0105c mi czark\u0119 mleka: \u201eWitaj c\u00f3rko!\u201c Odebra\u0142am,\u00a0wypi\u0142am, poczem wszyscy otaczaj\u0105cy wsp\u00f3lnie zawo\u0142ali: Amen!<\/p>\n\n\n\n<p class=\"wp-block-paragraph\">\u2009Obudzi\u0142am si\u0119 z zachwycenia i nie mog\u0142am sobie przypomnie\u0107, czy to by\u0142o na jawie, czy te\u017c we \u015bnie, w u\u015bciech jednak\u017ce czu\u0142am niewypowiedzian\u0105 s\u0142odycz. Zapytana dnia nast\u0119pnego powt\u00f3rnie przez brata, natychmiast mu odpowiedzia\u0142am, i\u017c oczekuje mnie korona m\u0119cze\u0144ska.<\/p>\n\n\n\n<p class=\"has-text-align-justify wp-block-paragraph\"><br>\u2009\u00a0Po kilku dniach rozesz\u0142a si\u0119 po mie\u015bcie pog\u0142oska, \u017ce chrze\u015bcijan wezm\u0105 na przes\u0142uchy. Ojciec m\u00f3j zatrwo\u017cony i wyn\u0119dznia\u0142y, przybieg\u0142 do mnie, chc\u0105c mnie jeszcze raz nak\u0142oni\u0107 do ba\u0142wochwalstwa. \u201eZmi\u0142uj si\u0119 nad m\u0105 siwizn\u0105 \u2014 rzek\u0142 \u2014 pomnij te\u017c i\u017c ciebie kocham wi\u0119cej, ni\u017c inne moje dzieci. Pok\u0142o\u0144 si\u0119 przeto bogom, a uratujesz tw\u00f3j i ca\u0142ej rodziny honor.\u201c M\u00f3wi\u0105c to, ca\u0142owa\u0142 mi r\u0119ce i p\u0142aka\u0142 serdecznie. I ja nie mog\u0105c si\u0119 wstrzyma\u0107 od p\u0142aczu, pociesza\u0142am ojca, aby si\u0119 spu\u015bci\u0142 na Jezusa Chrystusa, w kt\u00f3rego mocy jest \u015bwiat ca\u0142y.<\/p>\n\n\n\n<p class=\"has-text-align-justify wp-block-paragraph\"><br>\u2009Nazajutrz wzi\u0119to nas na przes\u0142uchy, w\u015br\u00f3d kt\u00f3rych wszyscy\u015bmy si\u0119 przyznali do chrze\u015bcija\u0144stwa. Na co starosta, niejaki\u015b Hilaryusz, wielce wyznaniem tem rozgniewany, skaza\u0142 nas na po\u017carcie przez dzikie zwierz\u0119ta.\u201c<\/p>\n\n\n\n<p class=\"has-text-align-justify wp-block-paragraph\"><br>\u2009W czasie swego uwi\u0119zienia miewa\u0142a Perpetua cz\u0119sto zachwycenia. Nadszed\u0142 wreszcie dzie\u0144 m\u0119cze\u0144stwa, w kt\u00f3rym katechumen\u00f3w chciano przyodzia\u0107 p\u0142aszczami poga\u0144skich kap\u0142an\u00f3w i kap\u0142anek, na co ci pierwsi jednakowo\u017c nie zezwolili. Kiedy na nich wypuszczono bawo\u0142y, lwy i tygrysy, pok\u0142ad\u0142y si\u0119 owe dzikie bestye spokojnie u st\u00f3p \u015bwi\u0119tych M\u0119czennik\u00f3w. Starosta cudem tym do ostateczno\u015bci doprowadzony, poleci\u0142 zwierz\u0119ta wyprowadzi\u0107, skazawszy zarazem \u015awi\u0119tych na \u015bci\u0119cie mieczem. Wyrok ten wykonano na Perpetule i Felicycie roku Pa\u0144skiego 203.<\/p>\n\n\n\n<p class=\"wp-block-paragraph\"><br><strong>Nauka moralna.<\/strong><\/p>\n\n\n\n<p class=\"has-text-align-justify wp-block-paragraph\">\u2009Sta\u0142o\u015b\u0107 \u015bwi\u0119tej Perpetuy i Felicyty ca\u0142emu chrze\u015bcija\u0144stwu pos\u0142u\u017cy za przyk\u0142ad. Szcz\u0119\u015bliwy, kt\u00f3ry tak\u0105 cnot\u0119 od Boga otrzyma\u0142. Wspierana bowiem \u0142ask\u0105 Bosk\u0105, towarzyszy cz\u0142owiekowi cnota we wszystkich stosunkach \u017cycia i \u0142agodzi smutek i wszelkie przeciwno\u015bci. Jak promienie s\u0142oneczne przebijaj\u0105 chmury, tak cnota z Sw\u0105 Bosk\u0105 si\u0142\u0105 i szczeg\u00f3ln\u0105 niebiesk\u0105 lubo\u015bci\u0105 rozja\u015bnia ciemno\u015bci zmiennego \u017cycia. Prawdziwie Boga mi\u0142uj\u0105ca dusza okazuje si\u0119 tem wspanialsz\u0105 i podziwienia godniejsz\u0105, im wi\u0119cej czy\u015bci si\u0119 w ogniu utrapienia i im wi\u0119cej ma usposobienia mimo pokus wielostronnych swe cnoty rozwija\u0107. Niechaj wi\u0119c przyk\u0142ad \u015bwi\u0119tej Perpetuy i Felicyty nas zach\u0119ci, aby\u015bmy obok zachowywania przykaza\u0144, r\u00f3wnie\u017c nak\u0142adali na siebie umartwienia i z uleg\u0142o\u015bci\u0105 takowe znosili. \u0106wiczenia takie wzmacniaj\u0105 w nas si\u0142\u0119 i przysporz\u0105 nam zdolno\u015bci do wi\u0119kszych ofiar, kt\u00f3re to przymioty u \u015awi\u0119tych Pa\u0144skich tak cz\u0119sto napotykamy. Chc\u0105c za\u015b owych \u015bwi\u0119tych bojownik\u00f3w za Wiar\u0119 \u015bw. na\u015bladowa\u0107, winni\u015bmy ustawicznie si\u0119 \u0107wiczy\u0107 w mi\u0142o\u015bci Boga i pe\u0142nieniu dobrych uczynk\u00f3w. Aposto\u0142 Pawe\u0142 \u015bwi\u0119ty bowiem m\u00f3wi: \u201eI o to prosz\u0119, aby mi\u0142o\u015b\u0107 wasza wi\u0119cej a wi\u0119cej obfitowa\u0142a.\u201c (Filip, 1, 9).<\/p>\n\n\n\n<h3 class=\"wp-block-heading\"><br><strong>Modlitwa.<\/strong><\/h3>\n\n\n\n<blockquote class=\"wp-block-quote is-layout-flow wp-block-quote-is-layout-flow\"><p>\u2009Bo\u017ce i Panie m\u00f3j, racz nam \u0142askawie udzieli\u0107, aby\u015bmy za przyczyn\u0105 chwalebnych M\u0119czenniczek Twoich, \u015bw. Felicyty i Perpetuy, czyst\u0105 i prawdziw\u0105 mi\u0142o\u015b\u0107 ku Tobie otrzymali i Ty jeden by\u0142 celem naszych pragnie\u0144 i \u017cycze\u0144. Przez Pana naszego Jezusa Chrystusa, kt\u00f3ry kr\u00f3luje w Niebie i na ziemi, po wszystkie wieki wiek\u00f3w. Amen.<\/p><\/blockquote>\n\n\n\n<figure class=\"wp-block-table\"><table><tbody><tr><td>\u2217&nbsp;&nbsp;&nbsp;&nbsp;&nbsp;&nbsp;&nbsp;&nbsp;&nbsp;&nbsp;&nbsp;&nbsp;&nbsp;&nbsp;&nbsp;&nbsp;&nbsp;&nbsp;&nbsp;&nbsp;\u2217<br>\u2217<\/td><\/tr><\/tbody><\/table><\/figure>\n\n\n\n<p class=\"wp-block-paragraph\"><em>Opr\u00f3cz tego obchodzi Ko\u015bci\u00f3\u0142 \u015bwi\u0119ty pami\u0105tk\u0119 nast\u0119puj\u0105cych \u015awi\u0119tych Pa\u0144skich, zamieszczonych w rzymskiem martyrologium:<\/em><\/p>\n\n\n\n<p class=\"has-text-align-justify wp-block-paragraph\">\u2009<strong>Dnia 5-go marca<\/strong>&nbsp;w Antyochii dzie\u0144 zgonu \u015bw.&nbsp;Fokasa, M\u0119czennika, kt\u00f3ry po wielu katuszach i m\u0119kach cierpliwie dla Imienia Jezusa zniesionych, nad starym w\u0119\u017cem odni\u00f3s\u0142 \u015bwietne zwyci\u0119stwo, jeszcze dzisiaj mieszka\u0144com owej okolicy szczeg\u00f3lnym cudem si\u0119 objawiaj\u0105ce. Je\u017celi bowiem kto\u015b ugryziony przez w\u0119\u017ca pe\u0142en wiary dotknie si\u0119 bramy od bazyliki M\u0119czennika, natenczas trucizna natychmiast traci sw\u0105 moc, a cz\u0142owiek \u00f3w wyzdrowieje. \u2014 W Cezarei w Palestynie \u015bw.&nbsp;Hadryana, M\u0119czennika, kt\u00f3rego namiestnik Firmilian w czasie prze\u015bladowania Dyoklecya\u0144skiego za wyznawanie wiary Chrystusowej lwom porzuci\u0107 kaza\u0142, a wko\u0144cu przez \u015bci\u0119cie mieczem zdoby\u0142 sobie wieczn\u0105 koron\u0119 zwyci\u0119stwa. \u2014 Tego samego dnia m\u0119cze\u0144stwo \u015bw.&nbsp;Euzebiusza, urz\u0119dnika pa\u0142acowego wraz z 9&nbsp;towarzyszami. \u2014 W Cezarei w Palestynie \u015bw.&nbsp;Teofila, Biskupa, kt\u00f3ry za panowania cesarza Sewera odznacza\u0142 si\u0119 m\u0105dro\u015bci\u0105 i beznagannem \u017cyciem. \u2014 W Palestynie nad brzegami Jordanu \u015bw.&nbsp;Gerazyma, Pustelnika, kt\u00f3ry za panowania cesarza Zenona by\u0142 w wielkiem powa\u017caniu. \u2014 W Neapolu pochowanie \u015bw.&nbsp;Jana J\u00f3zefa od Krzy\u017ca, z zakonu bosych Braci Mniejszych \u015bw. Piotra z Alkantary; za\u0142o\u017cy\u0142 on w\u0142osk\u0105 ga\u0142\u0119\u017a tej Kongregacyi i by\u0142 jej pierwszym Prowincya\u0142em. Post\u0119puj\u0105c w \u015blad za \u015bwi\u0119tym Franciszkiem z Assy\u017cu i Piotrem z Alkantary, sta\u0142 si\u0119 ozdob\u0105 zakonu serafickiego; Grzegorz XVI zaliczy\u0142 go w poczet \u015awi\u0119tych.<\/p>\n","protected":false},"excerpt":{"rendered":"<p>\u015aw. Perpetua i Felicyta trafi\u0142y do Litanii do Wszystkich \u015awi\u0119tych. Jedna by\u0142a pani\u0105, druga niewolnic\u0105, obydwie zgin\u0119\u0142y od miecza, bo zwierz\u0119ta nie chcia\u0142y ich po\u017cre\u0107. <\/p>\n","protected":false},"author":60508433,"featured_media":42643,"comment_status":"open","ping_status":"open","sticky":false,"template":"","format":"standard","meta":{"_bbp_topic_count":0,"_bbp_reply_count":0,"_bbp_total_topic_count":0,"_bbp_total_reply_count":0,"_bbp_voice_count":0,"_bbp_anonymous_reply_count":0,"_bbp_topic_count_hidden":0,"_bbp_reply_count_hidden":0,"_bbp_forum_subforum_count":0,"_editorskit_title_hidden":false,"_editorskit_reading_time":0,"_editorskit_is_block_options_detached":false,"_editorskit_block_options_position":"{}","_coblocks_attr":"","_coblocks_dimensions":"","_coblocks_responsive_height":"","_coblocks_accordion_ie_support":"","_exactmetrics_skip_tracking":false,"_jetpack_newsletter_access":"","_jetpack_dont_email_post_to_subs":false,"_jetpack_newsletter_tier_id":0,"_jetpack_memberships_contains_paywalled_content":false,"_wpcom_ai_launchpad_first_post":false,"_jetpack_feature_clip_id":0,"_jetpack_memberships_contains_paid_content":false,"footnotes":"","jetpack_publicize_message":"{title}\n\n{excerpt}\n\n{url}","jetpack_publicize_feature_enabled":true,"jetpack_social_post_already_shared":true,"jetpack_social_options":{"image_generator_settings":{"template":"highway","default_image_id":0,"font":"","enabled":false},"version":2},"_wpas_customize_per_network":false,"jetpack_post_was_ever_published":false},"categories":[610131818,610131184,336375535,610131155,610134933,610132042],"tags":[610133246],"class_list":["post-86363","post","type-post","status-publish","format-standard","has-post-thumbnail","hentry","category-swieta-w-marcu","category-duchowosc","category-liturgia-i-liturgika","category-rozwazania","category-zenskie-swiete","category-zywoty-swietych","tag-zenskie-swiete"],"yoast_head":"<!-- This site is optimized with the Yoast SEO plugin v28.4 - https:\/\/yoast.com\/product\/yoast-seo-wordpress\/ -->\n<title>5-go Marca. \u017bywot \u015bw. Perpetuy i Felicyty, M\u0119czenniczek. - Tradycja i Wiara<\/title>\n<meta name=\"robots\" content=\"index, follow, max-snippet:-1, max-image-preview:large, max-video-preview:-1\" \/>\n<link rel=\"canonical\" href=\"https:\/\/wobronietradycjiiwiary.com\/pl\/5-go-marca-zywot-sw-perpetuy-i-felicyty-meczenniczek-2-2\/\" \/>\n<meta property=\"og:locale\" content=\"pl_PL\" \/>\n<meta property=\"og:type\" content=\"article\" \/>\n<meta property=\"og:title\" content=\"5-go Marca. \u017bywot \u015bw. Perpetuy i Felicyty, M\u0119czenniczek. - Tradycja i Wiara\" \/>\n<meta property=\"og:description\" content=\"\u015aw. Perpetua i Felicyta trafi\u0142y do Litanii do Wszystkich \u015awi\u0119tych. Jedna by\u0142a pani\u0105, druga niewolnic\u0105, obydwie zgin\u0119\u0142y od miecza, bo zwierz\u0119ta nie chcia\u0142y ich po\u017cre\u0107.\" \/>\n<meta property=\"og:url\" content=\"https:\/\/wobronietradycjiiwiary.com\/pl\/5-go-marca-zywot-sw-perpetuy-i-felicyty-meczenniczek-2-2\/\" \/>\n<meta property=\"og:site_name\" content=\"Tradycja i Wiara\" \/>\n<meta property=\"article:publisher\" content=\"https:\/\/www.facebook.com\/Tradycja-i-Wiara-108813920592249\" \/>\n<meta property=\"article:published_time\" content=\"2023-03-05T07:15:13+00:00\" \/>\n<meta property=\"article:modified_time\" content=\"2025-02-10T10:56:09+00:00\" \/>\n<meta property=\"og:image\" content=\"https:\/\/wobronietradycjiiwiary.com\/wp-content\/uploads\/2021\/03\/Perpetua-i-Felicyta.jpg\" \/>\n\t<meta property=\"og:image:width\" content=\"1200\" \/>\n\t<meta property=\"og:image:height\" content=\"630\" \/>\n\t<meta property=\"og:image:type\" content=\"image\/jpeg\" \/>\n<meta name=\"author\" content=\"Traditio et Fides\" \/>\n<meta name=\"twitter:card\" content=\"summary_large_image\" \/>\n<meta name=\"twitter:label1\" content=\"Napisane przez\" \/>\n\t<meta name=\"twitter:data1\" content=\"Traditio et Fides\" \/>\n\t<meta name=\"twitter:label2\" content=\"Szacowany czas czytania\" \/>\n\t<meta name=\"twitter:data2\" content=\"7 minut\" \/>\n<script type=\"application\/ld+json\" class=\"yoast-schema-graph\">{\"@context\":\"https:\\\/\\\/schema.org\",\"@graph\":[{\"@type\":\"Article\",\"@id\":\"https:\\\/\\\/wobronietradycjiiwiary.com\\\/5-go-marca-zywot-sw-perpetuy-i-felicyty-meczenniczek-2-2\\\/#article\",\"isPartOf\":{\"@id\":\"https:\\\/\\\/wobronietradycjiiwiary.com\\\/5-go-marca-zywot-sw-perpetuy-i-felicyty-meczenniczek-2-2\\\/\"},\"author\":{\"name\":\"Traditio et Fides\",\"@id\":\"https:\\\/\\\/wobronietradycjiiwiary.com\\\/pl\\\/#\\\/schema\\\/person\\\/2d6180ce6abcb681fef0daab7816e8f3\"},\"headline\":\"5-go Marca. \u017bywot \u015bw. Perpetuy i Felicyty, M\u0119czenniczek.\",\"datePublished\":\"2023-03-05T07:15:13+00:00\",\"dateModified\":\"2025-02-10T10:56:09+00:00\",\"mainEntityOfPage\":{\"@id\":\"https:\\\/\\\/wobronietradycjiiwiary.com\\\/5-go-marca-zywot-sw-perpetuy-i-felicyty-meczenniczek-2-2\\\/\"},\"wordCount\":1490,\"commentCount\":0,\"publisher\":{\"@id\":\"https:\\\/\\\/wobronietradycjiiwiary.com\\\/pl\\\/#organization\"},\"image\":{\"@id\":\"https:\\\/\\\/wobronietradycjiiwiary.com\\\/5-go-marca-zywot-sw-perpetuy-i-felicyty-meczenniczek-2-2\\\/#primaryimage\"},\"thumbnailUrl\":\"https:\\\/\\\/wobronietradycjiiwiary.com\\\/wp-content\\\/uploads\\\/2021\\\/03\\\/Perpetua-i-Felicyta.jpg\",\"keywords\":[\"\u017ce\u0144skie \u015bwi\u0119te\"],\"articleSection\":[\"03. \u015awi\u0119ta w marcu\",\"Duchowo\u015b\u0107\",\"Liturgia i liturgika\",\"Rozwa\u017cania liturgiczne\",\"\u017be\u0144skie \u015bwi\u0119te\",\"\u017bywoty \u015awi\u0119tych\"],\"inLanguage\":\"pl-PL\",\"potentialAction\":[{\"@type\":\"CommentAction\",\"name\":\"Comment\",\"target\":[\"https:\\\/\\\/wobronietradycjiiwiary.com\\\/5-go-marca-zywot-sw-perpetuy-i-felicyty-meczenniczek-2-2\\\/#respond\"]}]},{\"@type\":\"WebPage\",\"@id\":\"https:\\\/\\\/wobronietradycjiiwiary.com\\\/5-go-marca-zywot-sw-perpetuy-i-felicyty-meczenniczek-2-2\\\/\",\"url\":\"https:\\\/\\\/wobronietradycjiiwiary.com\\\/5-go-marca-zywot-sw-perpetuy-i-felicyty-meczenniczek-2-2\\\/\",\"name\":\"5-go Marca. \u017bywot \u015bw. Perpetuy i Felicyty, M\u0119czenniczek. - Tradycja i Wiara\",\"isPartOf\":{\"@id\":\"https:\\\/\\\/wobronietradycjiiwiary.com\\\/pl\\\/#website\"},\"primaryImageOfPage\":{\"@id\":\"https:\\\/\\\/wobronietradycjiiwiary.com\\\/5-go-marca-zywot-sw-perpetuy-i-felicyty-meczenniczek-2-2\\\/#primaryimage\"},\"image\":{\"@id\":\"https:\\\/\\\/wobronietradycjiiwiary.com\\\/5-go-marca-zywot-sw-perpetuy-i-felicyty-meczenniczek-2-2\\\/#primaryimage\"},\"thumbnailUrl\":\"https:\\\/\\\/wobronietradycjiiwiary.com\\\/wp-content\\\/uploads\\\/2021\\\/03\\\/Perpetua-i-Felicyta.jpg\",\"datePublished\":\"2023-03-05T07:15:13+00:00\",\"dateModified\":\"2025-02-10T10:56:09+00:00\",\"breadcrumb\":{\"@id\":\"https:\\\/\\\/wobronietradycjiiwiary.com\\\/5-go-marca-zywot-sw-perpetuy-i-felicyty-meczenniczek-2-2\\\/#breadcrumb\"},\"inLanguage\":\"pl-PL\",\"potentialAction\":[{\"@type\":\"ReadAction\",\"target\":[\"https:\\\/\\\/wobronietradycjiiwiary.com\\\/5-go-marca-zywot-sw-perpetuy-i-felicyty-meczenniczek-2-2\\\/\"]}]},{\"@type\":\"ImageObject\",\"inLanguage\":\"pl-PL\",\"@id\":\"https:\\\/\\\/wobronietradycjiiwiary.com\\\/5-go-marca-zywot-sw-perpetuy-i-felicyty-meczenniczek-2-2\\\/#primaryimage\",\"url\":\"https:\\\/\\\/wobronietradycjiiwiary.com\\\/wp-content\\\/uploads\\\/2021\\\/03\\\/Perpetua-i-Felicyta.jpg\",\"contentUrl\":\"https:\\\/\\\/wobronietradycjiiwiary.com\\\/wp-content\\\/uploads\\\/2021\\\/03\\\/Perpetua-i-Felicyta.jpg\",\"width\":1200,\"height\":630},{\"@type\":\"BreadcrumbList\",\"@id\":\"https:\\\/\\\/wobronietradycjiiwiary.com\\\/5-go-marca-zywot-sw-perpetuy-i-felicyty-meczenniczek-2-2\\\/#breadcrumb\",\"itemListElement\":[{\"@type\":\"ListItem\",\"position\":1,\"name\":\"Strona g\u0142\u00f3wna\",\"item\":\"https:\\\/\\\/wobronietradycjiiwiary.com\\\/\"},{\"@type\":\"ListItem\",\"position\":2,\"name\":\"5-go Marca. \u017bywot \u015bw. Perpetuy i Felicyty, M\u0119czenniczek.\"}]},{\"@type\":\"WebSite\",\"@id\":\"https:\\\/\\\/wobronietradycjiiwiary.com\\\/pl\\\/#website\",\"url\":\"https:\\\/\\\/wobronietradycjiiwiary.com\\\/pl\\\/\",\"name\":\"Tradycja i Wiara\",\"description\":\"Portal dla katolik\u00f3w.\",\"publisher\":{\"@id\":\"https:\\\/\\\/wobronietradycjiiwiary.com\\\/pl\\\/#organization\"},\"potentialAction\":[{\"@type\":\"SearchAction\",\"target\":{\"@type\":\"EntryPoint\",\"urlTemplate\":\"https:\\\/\\\/wobronietradycjiiwiary.com\\\/pl\\\/?s={search_term_string}\"},\"query-input\":{\"@type\":\"PropertyValueSpecification\",\"valueRequired\":true,\"valueName\":\"search_term_string\"}}],\"inLanguage\":\"pl-PL\"},{\"@type\":\"Organization\",\"@id\":\"https:\\\/\\\/wobronietradycjiiwiary.com\\\/pl\\\/#organization\",\"name\":\"Tradycja i Wiara\",\"url\":\"https:\\\/\\\/wobronietradycjiiwiary.com\\\/pl\\\/\",\"logo\":{\"@type\":\"ImageObject\",\"inLanguage\":\"pl-PL\",\"@id\":\"https:\\\/\\\/wobronietradycjiiwiary.com\\\/pl\\\/#\\\/schema\\\/logo\\\/image\\\/\",\"url\":\"https:\\\/\\\/i0.wp.com\\\/wobronietradycjiiwiary.com\\\/wp-content\\\/uploads\\\/2015\\\/10\\\/cropped-st-peters-dome-vatican.jpg?fit=940%2C198&ssl=1\",\"contentUrl\":\"https:\\\/\\\/i0.wp.com\\\/wobronietradycjiiwiary.com\\\/wp-content\\\/uploads\\\/2015\\\/10\\\/cropped-st-peters-dome-vatican.jpg?fit=940%2C198&ssl=1\",\"width\":940,\"height\":198,\"caption\":\"Tradycja i Wiara\"},\"image\":{\"@id\":\"https:\\\/\\\/wobronietradycjiiwiary.com\\\/pl\\\/#\\\/schema\\\/logo\\\/image\\\/\"},\"sameAs\":[\"https:\\\/\\\/www.facebook.com\\\/Tradycja-i-Wiara-108813920592249\"]},{\"@type\":\"Person\",\"@id\":\"https:\\\/\\\/wobronietradycjiiwiary.com\\\/pl\\\/#\\\/schema\\\/person\\\/2d6180ce6abcb681fef0daab7816e8f3\",\"name\":\"Traditio et Fides\",\"sameAs\":[\"https:\\\/\\\/traditionundglauben.com\"],\"url\":\"https:\\\/\\\/wobronietradycjiiwiary.com\\\/pl\\\/author\\\/wobronietradycjiiwiary\\\/\"}]}<\/script>\n<!-- \/ Yoast SEO plugin. -->","yoast_head_json":{"title":"5-go Marca. \u017bywot \u015bw. Perpetuy i Felicyty, M\u0119czenniczek. - Tradycja i Wiara","robots":{"index":"index","follow":"follow","max-snippet":"max-snippet:-1","max-image-preview":"max-image-preview:large","max-video-preview":"max-video-preview:-1"},"canonical":"https:\/\/wobronietradycjiiwiary.com\/pl\/5-go-marca-zywot-sw-perpetuy-i-felicyty-meczenniczek-2-2\/","og_locale":"pl_PL","og_type":"article","og_title":"5-go Marca. \u017bywot \u015bw. Perpetuy i Felicyty, M\u0119czenniczek. - Tradycja i Wiara","og_description":"\u015aw. Perpetua i Felicyta trafi\u0142y do Litanii do Wszystkich \u015awi\u0119tych. Jedna by\u0142a pani\u0105, druga niewolnic\u0105, obydwie zgin\u0119\u0142y od miecza, bo zwierz\u0119ta nie chcia\u0142y ich po\u017cre\u0107.","og_url":"https:\/\/wobronietradycjiiwiary.com\/pl\/5-go-marca-zywot-sw-perpetuy-i-felicyty-meczenniczek-2-2\/","og_site_name":"Tradycja i Wiara","article_publisher":"https:\/\/www.facebook.com\/Tradycja-i-Wiara-108813920592249","article_published_time":"2023-03-05T07:15:13+00:00","article_modified_time":"2025-02-10T10:56:09+00:00","og_image":[{"width":1200,"height":630,"url":"https:\/\/wobronietradycjiiwiary.com\/wp-content\/uploads\/2021\/03\/Perpetua-i-Felicyta.jpg","type":"image\/jpeg"}],"author":"Traditio et Fides","twitter_card":"summary_large_image","twitter_misc":{"Napisane przez":"Traditio et Fides","Szacowany czas czytania":"7 minut"},"schema":{"@context":"https:\/\/schema.org","@graph":[{"@type":"Article","@id":"https:\/\/wobronietradycjiiwiary.com\/5-go-marca-zywot-sw-perpetuy-i-felicyty-meczenniczek-2-2\/#article","isPartOf":{"@id":"https:\/\/wobronietradycjiiwiary.com\/5-go-marca-zywot-sw-perpetuy-i-felicyty-meczenniczek-2-2\/"},"author":{"name":"Traditio et Fides","@id":"https:\/\/wobronietradycjiiwiary.com\/pl\/#\/schema\/person\/2d6180ce6abcb681fef0daab7816e8f3"},"headline":"5-go Marca. \u017bywot \u015bw. Perpetuy i Felicyty, M\u0119czenniczek.","datePublished":"2023-03-05T07:15:13+00:00","dateModified":"2025-02-10T10:56:09+00:00","mainEntityOfPage":{"@id":"https:\/\/wobronietradycjiiwiary.com\/5-go-marca-zywot-sw-perpetuy-i-felicyty-meczenniczek-2-2\/"},"wordCount":1490,"commentCount":0,"publisher":{"@id":"https:\/\/wobronietradycjiiwiary.com\/pl\/#organization"},"image":{"@id":"https:\/\/wobronietradycjiiwiary.com\/5-go-marca-zywot-sw-perpetuy-i-felicyty-meczenniczek-2-2\/#primaryimage"},"thumbnailUrl":"https:\/\/wobronietradycjiiwiary.com\/wp-content\/uploads\/2021\/03\/Perpetua-i-Felicyta.jpg","keywords":["\u017ce\u0144skie \u015bwi\u0119te"],"articleSection":["03. \u015awi\u0119ta w marcu","Duchowo\u015b\u0107","Liturgia i liturgika","Rozwa\u017cania liturgiczne","\u017be\u0144skie \u015bwi\u0119te","\u017bywoty \u015awi\u0119tych"],"inLanguage":"pl-PL","potentialAction":[{"@type":"CommentAction","name":"Comment","target":["https:\/\/wobronietradycjiiwiary.com\/5-go-marca-zywot-sw-perpetuy-i-felicyty-meczenniczek-2-2\/#respond"]}]},{"@type":"WebPage","@id":"https:\/\/wobronietradycjiiwiary.com\/5-go-marca-zywot-sw-perpetuy-i-felicyty-meczenniczek-2-2\/","url":"https:\/\/wobronietradycjiiwiary.com\/5-go-marca-zywot-sw-perpetuy-i-felicyty-meczenniczek-2-2\/","name":"5-go Marca. \u017bywot \u015bw. Perpetuy i Felicyty, M\u0119czenniczek. - Tradycja i Wiara","isPartOf":{"@id":"https:\/\/wobronietradycjiiwiary.com\/pl\/#website"},"primaryImageOfPage":{"@id":"https:\/\/wobronietradycjiiwiary.com\/5-go-marca-zywot-sw-perpetuy-i-felicyty-meczenniczek-2-2\/#primaryimage"},"image":{"@id":"https:\/\/wobronietradycjiiwiary.com\/5-go-marca-zywot-sw-perpetuy-i-felicyty-meczenniczek-2-2\/#primaryimage"},"thumbnailUrl":"https:\/\/wobronietradycjiiwiary.com\/wp-content\/uploads\/2021\/03\/Perpetua-i-Felicyta.jpg","datePublished":"2023-03-05T07:15:13+00:00","dateModified":"2025-02-10T10:56:09+00:00","breadcrumb":{"@id":"https:\/\/wobronietradycjiiwiary.com\/5-go-marca-zywot-sw-perpetuy-i-felicyty-meczenniczek-2-2\/#breadcrumb"},"inLanguage":"pl-PL","potentialAction":[{"@type":"ReadAction","target":["https:\/\/wobronietradycjiiwiary.com\/5-go-marca-zywot-sw-perpetuy-i-felicyty-meczenniczek-2-2\/"]}]},{"@type":"ImageObject","inLanguage":"pl-PL","@id":"https:\/\/wobronietradycjiiwiary.com\/5-go-marca-zywot-sw-perpetuy-i-felicyty-meczenniczek-2-2\/#primaryimage","url":"https:\/\/wobronietradycjiiwiary.com\/wp-content\/uploads\/2021\/03\/Perpetua-i-Felicyta.jpg","contentUrl":"https:\/\/wobronietradycjiiwiary.com\/wp-content\/uploads\/2021\/03\/Perpetua-i-Felicyta.jpg","width":1200,"height":630},{"@type":"BreadcrumbList","@id":"https:\/\/wobronietradycjiiwiary.com\/5-go-marca-zywot-sw-perpetuy-i-felicyty-meczenniczek-2-2\/#breadcrumb","itemListElement":[{"@type":"ListItem","position":1,"name":"Strona g\u0142\u00f3wna","item":"https:\/\/wobronietradycjiiwiary.com\/"},{"@type":"ListItem","position":2,"name":"5-go Marca. \u017bywot \u015bw. Perpetuy i Felicyty, M\u0119czenniczek."}]},{"@type":"WebSite","@id":"https:\/\/wobronietradycjiiwiary.com\/pl\/#website","url":"https:\/\/wobronietradycjiiwiary.com\/pl\/","name":"Tradycja i Wiara","description":"Portal dla katolik\u00f3w.","publisher":{"@id":"https:\/\/wobronietradycjiiwiary.com\/pl\/#organization"},"potentialAction":[{"@type":"SearchAction","target":{"@type":"EntryPoint","urlTemplate":"https:\/\/wobronietradycjiiwiary.com\/pl\/?s={search_term_string}"},"query-input":{"@type":"PropertyValueSpecification","valueRequired":true,"valueName":"search_term_string"}}],"inLanguage":"pl-PL"},{"@type":"Organization","@id":"https:\/\/wobronietradycjiiwiary.com\/pl\/#organization","name":"Tradycja i Wiara","url":"https:\/\/wobronietradycjiiwiary.com\/pl\/","logo":{"@type":"ImageObject","inLanguage":"pl-PL","@id":"https:\/\/wobronietradycjiiwiary.com\/pl\/#\/schema\/logo\/image\/","url":"https:\/\/i0.wp.com\/wobronietradycjiiwiary.com\/wp-content\/uploads\/2015\/10\/cropped-st-peters-dome-vatican.jpg?fit=940%2C198&ssl=1","contentUrl":"https:\/\/i0.wp.com\/wobronietradycjiiwiary.com\/wp-content\/uploads\/2015\/10\/cropped-st-peters-dome-vatican.jpg?fit=940%2C198&ssl=1","width":940,"height":198,"caption":"Tradycja i Wiara"},"image":{"@id":"https:\/\/wobronietradycjiiwiary.com\/pl\/#\/schema\/logo\/image\/"},"sameAs":["https:\/\/www.facebook.com\/Tradycja-i-Wiara-108813920592249"]},{"@type":"Person","@id":"https:\/\/wobronietradycjiiwiary.com\/pl\/#\/schema\/person\/2d6180ce6abcb681fef0daab7816e8f3","name":"Traditio et Fides","sameAs":["https:\/\/traditionundglauben.com"],"url":"https:\/\/wobronietradycjiiwiary.com\/pl\/author\/wobronietradycjiiwiary\/"}]}},"jetpack_publicize_connections":[],"jetpack_sharing_enabled":true,"jetpack_likes_enabled":true,"jetpack_shortlink":"https:\/\/wp.me\/pc04Sd-msX","jetpack-related-posts":[{"id":133415,"url":"https:\/\/wobronietradycjiiwiary.com\/pl\/5-go-marca-zywot-sw-perpetuy-i-felicyty-meczenniczek-2-2-2-2\/","url_meta":{"origin":86363,"position":0},"title":"5-go Marca. \u017bywot \u015bw. Perpetuy i Felicyty, M\u0119czenniczek.","author":"Traditio et Fides","date":"5 marca 2025","format":false,"excerpt":"\u015aw. Perpetua i Felicyta trafi\u0142y do Litanii do Wszystkich \u015awi\u0119tych. Jedna by\u0142a pani\u0105, druga niewolnic\u0105, obydwie zgin\u0119\u0142y od miecza, bo zwierz\u0119ta nie chcia\u0142y ich po\u017cre\u0107.","rel":"","context":"W \u201e03. \u015awi\u0119ta w marcu&quot;","block_context":{"text":"03. \u015awi\u0119ta w marcu","link":"https:\/\/wobronietradycjiiwiary.com\/pl\/category\/duchowosc\/liturgia-i-liturgika\/rozwazania\/rok-liturgiczny\/swieta-w-marcu\/"},"img":{"alt_text":"","src":"https:\/\/i0.wp.com\/wobronietradycjiiwiary.com\/wp-content\/uploads\/2021\/03\/Perpetua-i-Felicyta.jpg?resize=350%2C200&ssl=1","width":350,"height":200,"srcset":"https:\/\/i0.wp.com\/wobronietradycjiiwiary.com\/wp-content\/uploads\/2021\/03\/Perpetua-i-Felicyta.jpg?resize=350%2C200&ssl=1 1x, https:\/\/i0.wp.com\/wobronietradycjiiwiary.com\/wp-content\/uploads\/2021\/03\/Perpetua-i-Felicyta.jpg?resize=525%2C300&ssl=1 1.5x, https:\/\/i0.wp.com\/wobronietradycjiiwiary.com\/wp-content\/uploads\/2021\/03\/Perpetua-i-Felicyta.jpg?resize=700%2C400&ssl=1 2x, https:\/\/i0.wp.com\/wobronietradycjiiwiary.com\/wp-content\/uploads\/2021\/03\/Perpetua-i-Felicyta.jpg?resize=1050%2C600&ssl=1 3x"},"classes":[]},{"id":113399,"url":"https:\/\/wobronietradycjiiwiary.com\/pl\/5-go-marca-zywot-sw-perpetuy-i-felicyty-meczenniczek-2-2-2\/","url_meta":{"origin":86363,"position":1},"title":"5-go Marca. \u017bywot \u015bw. Perpetuy i Felicyty, M\u0119czenniczek.","author":"Traditio et Fides","date":"5 marca 2024","format":false,"excerpt":"\u015aw. Perpetua i Felicyta trafi\u0142y do Litanii do Wszystkich \u015awi\u0119tych. Jedna by\u0142a pani\u0105, druga niewolnic\u0105, obydwie zgin\u0119\u0142y od miecza, bo zwierz\u0119ta nie chcia\u0142y ich po\u017cre\u0107.","rel":"","context":"W \u201e03. \u015awi\u0119ta w marcu&quot;","block_context":{"text":"03. \u015awi\u0119ta w marcu","link":"https:\/\/wobronietradycjiiwiary.com\/pl\/category\/duchowosc\/liturgia-i-liturgika\/rozwazania\/rok-liturgiczny\/swieta-w-marcu\/"},"img":{"alt_text":"","src":"https:\/\/i0.wp.com\/wobronietradycjiiwiary.com\/wp-content\/uploads\/2021\/03\/Perpetua-i-Felicyta.jpg?resize=350%2C200&ssl=1","width":350,"height":200,"srcset":"https:\/\/i0.wp.com\/wobronietradycjiiwiary.com\/wp-content\/uploads\/2021\/03\/Perpetua-i-Felicyta.jpg?resize=350%2C200&ssl=1 1x, https:\/\/i0.wp.com\/wobronietradycjiiwiary.com\/wp-content\/uploads\/2021\/03\/Perpetua-i-Felicyta.jpg?resize=525%2C300&ssl=1 1.5x, https:\/\/i0.wp.com\/wobronietradycjiiwiary.com\/wp-content\/uploads\/2021\/03\/Perpetua-i-Felicyta.jpg?resize=700%2C400&ssl=1 2x, https:\/\/i0.wp.com\/wobronietradycjiiwiary.com\/wp-content\/uploads\/2021\/03\/Perpetua-i-Felicyta.jpg?resize=1050%2C600&ssl=1 3x"},"classes":[]},{"id":162161,"url":"https:\/\/wobronietradycjiiwiary.com\/pl\/5-go-marca-zywot-sw-perpetuy-i-felicyty-meczenniczek-2-2-2-2-2\/","url_meta":{"origin":86363,"position":2},"title":"5-go Marca. \u017bywot \u015bw. Perpetuy i Felicyty, M\u0119czenniczek.","author":"Traditio et Fides","date":"5 marca 2026","format":false,"excerpt":"\u015aw. Perpetua i Felicyta trafi\u0142y do Litanii do Wszystkich \u015awi\u0119tych. Jedna by\u0142a pani\u0105, druga niewolnic\u0105, obydwie zgin\u0119\u0142y od miecza, bo zwierz\u0119ta nie chcia\u0142y ich po\u017cre\u0107.","rel":"","context":"W \u201e03. \u015awi\u0119ta w marcu&quot;","block_context":{"text":"03. \u015awi\u0119ta w marcu","link":"https:\/\/wobronietradycjiiwiary.com\/pl\/category\/duchowosc\/liturgia-i-liturgika\/rozwazania\/rok-liturgiczny\/swieta-w-marcu\/"},"img":{"alt_text":"","src":"https:\/\/i0.wp.com\/wobronietradycjiiwiary.com\/wp-content\/uploads\/2021\/03\/Perpetua-i-Felicyta.jpg?resize=350%2C200&ssl=1","width":350,"height":200,"srcset":"https:\/\/i0.wp.com\/wobronietradycjiiwiary.com\/wp-content\/uploads\/2021\/03\/Perpetua-i-Felicyta.jpg?resize=350%2C200&ssl=1 1x, https:\/\/i0.wp.com\/wobronietradycjiiwiary.com\/wp-content\/uploads\/2021\/03\/Perpetua-i-Felicyta.jpg?resize=525%2C300&ssl=1 1.5x, https:\/\/i0.wp.com\/wobronietradycjiiwiary.com\/wp-content\/uploads\/2021\/03\/Perpetua-i-Felicyta.jpg?resize=700%2C400&ssl=1 2x, https:\/\/i0.wp.com\/wobronietradycjiiwiary.com\/wp-content\/uploads\/2021\/03\/Perpetua-i-Felicyta.jpg?resize=1050%2C600&ssl=1 3x"},"classes":[]},{"id":147260,"url":"https:\/\/wobronietradycjiiwiary.com\/pl\/5-go-lipca-zywot-swietej-godolewy-meczenniczki-2-2-3\/","url_meta":{"origin":86363,"position":3},"title":"5-go Lipca. \u017bywot \u015bwi\u0119tej Godolewy, M\u0119czenniczki.","author":"Traditio et Fides","date":"5 lipca 2025","format":false,"excerpt":"\u015aw. Godolewa powinna by\u0107 patronk\u0105 wszystkich \u017con, kt\u00f3re maj\u0105 ci\u0119\u017ckie \u017cycie z m\u0119\u017cem i z jego rodzin\u0105. M\u0105\u017c znienawidzi\u0142 jej od chwili \u015blubu, kaza\u0142 j\u0105 g\u0142odzi\u0107 i w ko\u0144cu zamordowa\u0107. Jednak pod koniec \u017cycia nawr\u00f3ci\u0142 si\u0119 u jej grobu, a i jego niewidoma c\u00f3rka odzyska\u0142a wzrok. Trzeba wi\u0119c my\u015ble\u0107 d\u0142ugoterminowo,\u2026","rel":"","context":"W \u201e07. \u015awi\u0119ta w lipcu&quot;","block_context":{"text":"07. \u015awi\u0119ta w lipcu","link":"https:\/\/wobronietradycjiiwiary.com\/pl\/category\/duchowosc\/liturgia-i-liturgika\/rozwazania\/rok-liturgiczny\/swieta-w-lipcu\/"},"img":{"alt_text":"","src":"https:\/\/i0.wp.com\/wobronietradycjiiwiary.com\/wp-content\/uploads\/2021\/07\/Godeleva_von_Gistel.jpg?resize=350%2C200&ssl=1","width":350,"height":200,"srcset":"https:\/\/i0.wp.com\/wobronietradycjiiwiary.com\/wp-content\/uploads\/2021\/07\/Godeleva_von_Gistel.jpg?resize=350%2C200&ssl=1 1x, https:\/\/i0.wp.com\/wobronietradycjiiwiary.com\/wp-content\/uploads\/2021\/07\/Godeleva_von_Gistel.jpg?resize=525%2C300&ssl=1 1.5x"},"classes":[]},{"id":168014,"url":"https:\/\/wobronietradycjiiwiary.com\/pl\/5-go-lipca-zywot-swietej-godolewy-meczenniczki-2-2-3-2\/","url_meta":{"origin":86363,"position":4},"title":"5-go Lipca. \u017bywot \u015bwi\u0119tej Godolewy, M\u0119czenniczki.","author":"Traditio et Fides","date":"5 lipca 2026","format":false,"excerpt":"\u015aw. Godolewa powinna by\u0107 patronk\u0105 wszystkich \u017con, kt\u00f3re maj\u0105 ci\u0119\u017ckie \u017cycie z m\u0119\u017cem i z jego rodzin\u0105. M\u0105\u017c znienawidzi\u0142 jej od chwili \u015blubu, kaza\u0142 j\u0105 g\u0142odzi\u0107 i w ko\u0144cu zamordowa\u0107. Jednak pod koniec \u017cycia nawr\u00f3ci\u0142 si\u0119 u jej grobu, a i jego niewidoma c\u00f3rka odzyska\u0142a wzrok. Trzeba wi\u0119c my\u015ble\u0107 d\u0142ugoterminowo,\u2026","rel":"","context":"W \u201e07. \u015awi\u0119ta w lipcu&quot;","block_context":{"text":"07. \u015awi\u0119ta w lipcu","link":"https:\/\/wobronietradycjiiwiary.com\/pl\/category\/duchowosc\/liturgia-i-liturgika\/rozwazania\/rok-liturgiczny\/swieta-w-lipcu\/"},"img":{"alt_text":"","src":"https:\/\/i0.wp.com\/wobronietradycjiiwiary.com\/wp-content\/uploads\/2021\/07\/Godeleva_von_Gistel.jpg?resize=350%2C200&ssl=1","width":350,"height":200,"srcset":"https:\/\/i0.wp.com\/wobronietradycjiiwiary.com\/wp-content\/uploads\/2021\/07\/Godeleva_von_Gistel.jpg?resize=350%2C200&ssl=1 1x, https:\/\/i0.wp.com\/wobronietradycjiiwiary.com\/wp-content\/uploads\/2021\/07\/Godeleva_von_Gistel.jpg?resize=525%2C300&ssl=1 1.5x"},"classes":[]},{"id":116551,"url":"https:\/\/wobronietradycjiiwiary.com\/pl\/15-go-maja-zywot-sw-zofii-wdowy-i-trzech-jej-corek-meczenniczek-2-2-2\/","url_meta":{"origin":86363,"position":5},"title":"15-go Maja. \u017bywot \u015bw. Zofii, Wdowy i trzech jej c\u00f3rek, M\u0119czenniczek.","author":"Traditio et Fides","date":"15 maja 2024","format":false,"excerpt":"NIc dziwnego, ze posoborowy Ko\u015bci\u00f3\u0142 wyrzuci\u0142 \u015bw. Zofi\u0119 i jej c\u00f3rki m\u0119czenniczki z kalendarza, bo jest to tak wielkim zaprzeczeniem tego, co si\u0119 teraz g\u0142osi, \u017ce lepiej nie mie\u0107 tego punktu odniesienia. \u015aw. Zofia wychowa\u0142a c\u00f3rki tak, \u017ce ponios\u0142y m\u0119cze\u0144stwo, a ona je prze\u017cy\u0142a. Antioch zabijaj\u0105c c\u00f3rki chcia\u0142 ugodzi\u0107 w\u2026","rel":"","context":"W \u201e05. \u015awi\u0119ta w maju&quot;","block_context":{"text":"05. \u015awi\u0119ta w maju","link":"https:\/\/wobronietradycjiiwiary.com\/pl\/category\/duchowosc\/liturgia-i-liturgika\/rozwazania\/rok-liturgiczny\/swieta-w-maju\/"},"img":{"alt_text":"","src":"https:\/\/i0.wp.com\/wobronietradycjiiwiary.com\/wp-content\/uploads\/2021\/05\/Zofia-i-corki.jpg?resize=350%2C200&ssl=1","width":350,"height":200,"srcset":"https:\/\/i0.wp.com\/wobronietradycjiiwiary.com\/wp-content\/uploads\/2021\/05\/Zofia-i-corki.jpg?resize=350%2C200&ssl=1 1x, https:\/\/i0.wp.com\/wobronietradycjiiwiary.com\/wp-content\/uploads\/2021\/05\/Zofia-i-corki.jpg?resize=525%2C300&ssl=1 1.5x"},"classes":[]}],"amp_enabled":true,"jetpack_featured_media_url":"https:\/\/wobronietradycjiiwiary.com\/wp-content\/uploads\/2021\/03\/Perpetua-i-Felicyta.jpg","_links":{"self":[{"href":"https:\/\/wobronietradycjiiwiary.com\/pl\/wp-json\/wp\/v2\/posts\/86363","targetHints":{"allow":["GET"]}}],"collection":[{"href":"https:\/\/wobronietradycjiiwiary.com\/pl\/wp-json\/wp\/v2\/posts"}],"about":[{"href":"https:\/\/wobronietradycjiiwiary.com\/pl\/wp-json\/wp\/v2\/types\/post"}],"author":[{"embeddable":true,"href":"https:\/\/wobronietradycjiiwiary.com\/pl\/wp-json\/wp\/v2\/users\/60508433"}],"replies":[{"embeddable":true,"href":"https:\/\/wobronietradycjiiwiary.com\/pl\/wp-json\/wp\/v2\/comments?post=86363"}],"version-history":[{"count":1,"href":"https:\/\/wobronietradycjiiwiary.com\/pl\/wp-json\/wp\/v2\/posts\/86363\/revisions"}],"predecessor-version":[{"id":86475,"href":"https:\/\/wobronietradycjiiwiary.com\/pl\/wp-json\/wp\/v2\/posts\/86363\/revisions\/86475"}],"wp:featuredmedia":[{"embeddable":true,"href":"https:\/\/wobronietradycjiiwiary.com\/pl\/wp-json\/wp\/v2\/media\/42643"}],"wp:attachment":[{"href":"https:\/\/wobronietradycjiiwiary.com\/pl\/wp-json\/wp\/v2\/media?parent=86363"}],"wp:term":[{"taxonomy":"category","embeddable":true,"href":"https:\/\/wobronietradycjiiwiary.com\/pl\/wp-json\/wp\/v2\/categories?post=86363"},{"taxonomy":"post_tag","embeddable":true,"href":"https:\/\/wobronietradycjiiwiary.com\/pl\/wp-json\/wp\/v2\/tags?post=86363"}],"curies":[{"name":"wp","href":"https:\/\/api.w.org\/{rel}","templated":true}]}}