{"id":86349,"date":"2023-03-18T19:00:53","date_gmt":"2023-03-18T18:00:53","guid":{"rendered":"https:\/\/wobronietradycjiiwiary.com\/?p=86349"},"modified":"2025-02-10T11:15:17","modified_gmt":"2025-02-10T10:15:17","slug":"proprium-missae-swietego-jozefa-oblubienca-nmp-wyznawcy-sancti-joseph-sponsi-bmv-confessoris-3-2","status":"publish","type":"post","link":"https:\/\/wobronietradycjiiwiary.com\/pl\/proprium-missae-swietego-jozefa-oblubienca-nmp-wyznawcy-sancti-joseph-sponsi-bmv-confessoris-3-2\/","title":{"rendered":"Proprium missae &#8211; \u015awi\u0119tego J\u00f3zefa Oblubie\u0144ca NMP Wyznawcy &#8211; Sancti Joseph Sponsi BMV Confessoris"},"content":{"rendered":"<div id=\"bsf_rt_marker\"><\/div><hr \/>\n<pre style=\"text-align: center;\"><span style=\"text-decoration: underline; color: #0000ff;\"><span style=\"color: #ff0000; text-decoration: underline;\"><strong><a style=\"color: #ff0000; text-decoration: underline;\" href=\"http:\/\/divinumofficium.com\/cgi-bin\/missa\/missa.pl?date=03-19-2019&amp;lang2=Polski\">Divinum Officium - Sancta Missa<\/a><\/strong><\/span><\/span>\u2029<span style=\"text-decoration: underline;\"><span style=\"color: #339966; text-decoration: underline;\"><strong><a style=\"color: #339966; text-decoration: underline;\" href=\"http:\/\/www.mszatrydencka.waw.pl\/images\/stories\/pdf\/rubrycela2019.pdf\">Rubrycela Mszalna na Rok Pa\u0144ski 2019<\/a><\/strong><\/span><\/span>\u2029<span style=\"text-decoration: underline; color: #0000ff;\"><span style=\"color: #0000ff; text-decoration: underline;\"><strong><a href=\"http:\/\/www.albert.pulawy.pl\/calendarium\/\">Kalendarz Liturgiczny Zwyczajnej i Nadzwyczajnej Formy Rytu Rzymskiego<\/a><\/strong><\/span><\/span><\/pre>\n<hr \/>\n<p><span class=\"embed-youtube\" style=\"text-align:center; display: block;\"><iframe class=\"youtube-player\" width=\"580\" height=\"327\" src=\"https:\/\/www.youtube.com\/embed\/ZB8Jttgqmt4?version=3&#038;rel=1&#038;showsearch=0&#038;showinfo=1&#038;iv_load_policy=1&#038;fs=1&#038;hl=pl-PL&#038;autohide=2&#038;wmode=transparent\" allowfullscreen=\"true\" style=\"border:0;\" sandbox=\"allow-scripts allow-same-origin allow-popups allow-presentation allow-popups-to-escape-sandbox\"><\/iframe><\/span><\/p>\n<table>\n<tbody>\n<tr>\n<td colspan=\"2\" width=\"614\"><strong><em>INTROITUS<\/em><\/strong><\/td>\n<\/tr>\n<tr>\n<td width=\"307\"><em>Ps 91:13-14<\/em><br \/>\n<strong><em>I<\/em><\/strong>ustus ut palma flor\u00e9bit: sicut cedrus L\u00edbani multiplic\u00e1bitur: plant\u00e1tus in domo D\u00f3mini: in \u00e1triis domus Dei nostri.<em>Ps 91:2.<\/em>Bonum est confiteri D\u00f3mino: et ps\u00e1llere n\u00f3mini tuo, Alt\u00edssime.<br \/>\n<em>V.<\/em> Gl\u00f3ria Patri, et F\u00edlio, et Spir\u00edtui Sancto.<br \/>\n<em>R.<\/em> Sicut erat in princ\u00edpio, et nunc, et semper, et in saecula saecul\u00f3rum. Amen<em>Ps 91:13-14<\/em><br \/>\n<strong><em>I<\/em><\/strong>ustus ut palma flor\u00e9bit: sicut cedrus L\u00edbani multiplic\u00e1bitur: plant\u00e1tus in domo D\u00f3mini: in \u00e1triis domus Dei nostri.<\/td>\n<td width=\"307\"><em>Ps 91:13-14<\/em><br \/>\n<strong><em>S<\/em><\/strong>prawiedliwy zakwitnie jak palma, rozro\u015bnie si\u0119 jak cedr na Libanie, zasadzony w domu Pa\u0144skim, w przedsionkach Boga naszego.<em>Ps 91:2<\/em>Dobrze jest wys\u0142awia\u0107 Pana i \u015bpiewa\u0107 imieniu Twemu, o Najwy\u017cszy.<br \/>\n<em>V.<\/em> Chwa\u0142a Ojcu, i Synowi i Duchowi \u015awi\u0119temu.<br \/>\n<em>R.<\/em> Jak by\u0142a na pocz\u0105tku, teraz i zawsze i na wieki wiek\u00f3w. Amen.<em>Ps 91:13-14<\/em><br \/>\n<strong><em>S<\/em><\/strong>prawiedliwy zakwitnie jak palma, rozro\u015bnie si\u0119 jak cedr na Libanie, zasadzony w domu Pa\u0144skim, w przedsionkach Boga naszego.<\/td>\n<\/tr>\n<\/tbody>\n<\/table>\n<p><span class=\"embed-youtube\" style=\"text-align:center; display: block;\"><iframe class=\"youtube-player\" width=\"580\" height=\"327\" src=\"https:\/\/www.youtube.com\/embed\/_m9FZD7n0RE?version=3&#038;rel=1&#038;showsearch=0&#038;showinfo=1&#038;iv_load_policy=1&#038;fs=1&#038;hl=pl-PL&#038;autohide=2&#038;wmode=transparent\" allowfullscreen=\"true\" style=\"border:0;\" sandbox=\"allow-scripts allow-same-origin allow-popups allow-presentation allow-popups-to-escape-sandbox\"><\/iframe><\/span><\/p>\n<table>\n<tbody>\n<tr>\n<td colspan=\"2\" width=\"614\"><strong><em>GRADUALE<\/em><\/strong><\/td>\n<\/tr>\n<tr>\n<td width=\"307\"><em>Ps 20:4-5.<\/em><\/td>\n<td width=\"307\"><\/td>\n<td width=\"307\">D\u00f3mine, pr\u00e6ven\u00edsti eum in benedicti\u00f3nibus dulc\u00e9dinis: posu\u00edsti in c\u00e1pite eius cor\u00f3nam de l\u00e1pide preti\u00f3so.<br \/>\n<em>V.<\/em> Vitam p\u00e9tiit a te, et tribu\u00edsti ei longit\u00fadinem di\u00e9rum in saeculum saeculi.<\/td>\n<td width=\"307\"><em>Ps 20:4-5<\/em><\/td>\n<td width=\"307\"><\/td>\n<td width=\"307\">Panie, dobrodziejstwami obsypa\u0142e\u015b go szczodrze, w\u0142o\u017cy\u0142e\u015b mu na g\u0142ow\u0119 koron\u0119 z drogich kamieni.<br \/>\n<em>V.<\/em> B\u0142aga\u0142 Ci\u0119 o \u017cycie, a Ty\u015b go nim obdarzy\u0142, dni jego przed\u0142u\u017cy\u0142e\u015b na wieki wiek\u00f3w.<\/td>\n<\/tr>\n<\/tbody>\n<\/table>\n<p><span class=\"embed-youtube\" style=\"text-align:center; display: block;\"><iframe class=\"youtube-player\" width=\"580\" height=\"327\" src=\"https:\/\/www.youtube.com\/embed\/ZmpPT-SwVjo?version=3&#038;rel=1&#038;showsearch=0&#038;showinfo=1&#038;iv_load_policy=1&#038;fs=1&#038;hl=pl-PL&#038;autohide=2&#038;wmode=transparent\" allowfullscreen=\"true\" style=\"border:0;\" sandbox=\"allow-scripts allow-same-origin allow-popups allow-presentation allow-popups-to-escape-sandbox\"><\/iframe><\/span><\/p>\n<table>\n<tbody>\n<tr>\n<td colspan=\"2\" width=\"614\"><strong><em>TRACTUS<\/em><\/strong><\/td>\n<\/tr>\n<tr>\n<td width=\"307\"><em>Ps 111:1-3.<\/em><\/td>\n<td width=\"307\"><\/td>\n<td width=\"307\">Be\u00e1tus vir, qui timet D\u00f3minum: in mand\u00e1tis eius cupit nimis.<br \/>\n<em>V.<\/em> Potens in terra erit semen eius: gener\u00e1tio rect\u00f3rum benedic\u00e9tur.<br \/>\n<em>V.<\/em> Gl\u00f3ria et div\u00edti\u00e6 in domo eius: et iust\u00edtia eius manet in saeculum saeculi.<\/td>\n<td width=\"307\"><em>Ps 111:1-3<\/em><\/td>\n<td width=\"307\"><\/td>\n<td width=\"307\">B\u0142ogos\u0142awiony m\u0105\u017c, kt\u00f3ry boi si\u0119 Pana i wielk\u0105 rado\u015b\u0107 znajduje w jego nakazach.<br \/>\n<em>V.<\/em> Potomstwo jego b\u0119dzie pot\u0119\u017cne na ziemi, dozna b\u0142ogos\u0142awie\u0144stwa pokolenie prawych.<br \/>\n<em>V.<\/em> Zasoby i bogactwa b\u0119d\u0105 w jego domu, a hojno\u015b\u0107 jego b\u0119dzie trwa\u0142a zawsze.<\/td>\n<\/tr>\n<\/tbody>\n<\/table>\n<p><span class=\"embed-youtube\" style=\"text-align:center; display: block;\"><iframe class=\"youtube-player\" width=\"580\" height=\"327\" src=\"https:\/\/www.youtube.com\/embed\/4TDKEQQder0?version=3&#038;rel=1&#038;showsearch=0&#038;showinfo=1&#038;iv_load_policy=1&#038;fs=1&#038;hl=pl-PL&#038;autohide=2&#038;wmode=transparent\" allowfullscreen=\"true\" style=\"border:0;\" sandbox=\"allow-scripts allow-same-origin allow-popups allow-presentation allow-popups-to-escape-sandbox\"><\/iframe><\/span><\/p>\n<table>\n<tbody>\n<tr>\n<td colspan=\"2\" width=\"614\"><strong><em>OFFERTORIUM<\/em><\/strong><\/td>\n<\/tr>\n<tr>\n<td width=\"307\"><em>Ps 88:25.<\/em><\/td>\n<td width=\"307\"><\/td>\n<td width=\"307\">V\u00e9ritas mea et miseric\u00f3rdia mea cum ipso: et in n\u00f3mine meo exalt\u00e1bitur cornu eius.<\/td>\n<td width=\"307\"><\/td>\n<td width=\"307\"><em>Ps 88:25<\/em><\/td>\n<td width=\"307\"><\/td>\n<td width=\"307\">Z nim moja wierno\u015b\u0107 i moja \u0142aska; w moim imieniu moc jego wzro\u015bnie.<\/td>\n<td width=\"307\"><\/td>\n<\/tr>\n<\/tbody>\n<\/table>\n<p><span class=\"embed-youtube\" style=\"text-align:center; display: block;\"><iframe class=\"youtube-player\" width=\"580\" height=\"327\" src=\"https:\/\/www.youtube.com\/embed\/V3Q2ltY6xu4?version=3&#038;rel=1&#038;showsearch=0&#038;showinfo=1&#038;iv_load_policy=1&#038;fs=1&#038;hl=pl-PL&#038;autohide=2&#038;wmode=transparent\" allowfullscreen=\"true\" style=\"border:0;\" sandbox=\"allow-scripts allow-same-origin allow-popups allow-presentation allow-popups-to-escape-sandbox\"><\/iframe><\/span><\/p>\n<table>\n<tbody>\n<tr>\n<td colspan=\"2\" width=\"614\"><strong><em>COMMUNIO<\/em><\/strong><\/td>\n<\/tr>\n<tr>\n<td width=\"307\"><em>Matt 1:20.<\/em><\/td>\n<td width=\"307\"><\/td>\n<td width=\"307\">Ioseph, fili David, noli tim\u00e9re acc\u00edpere Mar\u00edam c\u00f3niugem tuam: quod enim in ea natum est, de Sp\u00edritu Sancto est.<\/td>\n<td width=\"307\"><\/td>\n<td width=\"307\"><em>Mt 1:20<\/em><\/td>\n<td width=\"307\"><\/td>\n<td width=\"307\">J\u00f3zefie, Synu Dawid\u00f3w, nie b\u00f3j si\u0119 przyj\u0105\u0107 Maryi, ma\u0142\u017conki swojej, albowiem co si\u0119 w Niej pocz\u0119\u0142o z Ducha \u015awi\u0119tego jest.<\/td>\n<td width=\"307\"><\/td>\n<\/tr>\n<\/tbody>\n<\/table>\n","protected":false},"excerpt":{"rendered":"<p>Divinum Officium &#8211; Sancta Missa\u2029Rubrycela Mszalna na Rok Pa\u0144ski 2019\u2029Kalendarz Liturgiczny Zwyczajnej i Nadzwyczajnej Formy Rytu Rzymskiego INTROITUS Ps 91:13-14 Iustus ut palma flor\u00e9bit: sicut cedrus L\u00edbani multiplic\u00e1bitur: plant\u00e1tus in domo D\u00f3mini: in \u00e1triis domus Dei nostri.Ps 91:2.Bonum est confiteri D\u00f3mino: et ps\u00e1llere n\u00f3mini tuo, Alt\u00edssime. V. Gl\u00f3ria Patri, et F\u00edlio, et Spir\u00edtui Sancto. R. [&hellip;]<\/p>\n","protected":false},"author":60508433,"featured_media":86508,"comment_status":"open","ping_status":"open","sticky":false,"template":"","format":"standard","meta":{"_bbp_topic_count":0,"_bbp_reply_count":0,"_bbp_total_topic_count":0,"_bbp_total_reply_count":0,"_bbp_voice_count":0,"_bbp_anonymous_reply_count":0,"_bbp_topic_count_hidden":0,"_bbp_reply_count_hidden":0,"_bbp_forum_subforum_count":0,"_editorskit_title_hidden":false,"_editorskit_reading_time":0,"_editorskit_is_block_options_detached":false,"_editorskit_block_options_position":"{}","_coblocks_attr":"","_coblocks_dimensions":"","_coblocks_responsive_height":"","_coblocks_accordion_ie_support":"","_exactmetrics_skip_tracking":false,"_jetpack_newsletter_access":"","_jetpack_dont_email_post_to_subs":false,"_jetpack_newsletter_tier_id":0,"_jetpack_memberships_contains_paywalled_content":false,"_wpcom_ai_launchpad_first_post":false,"_jetpack_feature_clip_id":0,"_jetpack_memberships_contains_paid_content":false,"footnotes":"","jetpack_publicize_message":"{title}\n\n{excerpt}\n\n{url}","jetpack_publicize_feature_enabled":true,"jetpack_social_post_already_shared":true,"jetpack_social_options":{"image_generator_settings":{"template":"highway","default_image_id":0,"font":"","enabled":false},"version":2},"_wpas_customize_per_network":false,"jetpack_post_was_ever_published":false},"categories":[610131818,336375535,5647912,20472889],"tags":[],"class_list":["post-86349","post","type-post","status-publish","format-standard","has-post-thumbnail","hentry","category-swieta-w-marcu","category-liturgia-i-liturgika","category-msza-trydencka","category-proprium"],"yoast_head":"<!-- This site is optimized with the Yoast SEO plugin v28.4 - https:\/\/yoast.com\/product\/yoast-seo-wordpress\/ -->\n<title>Proprium missae - \u015awi\u0119tego J\u00f3zefa Oblubie\u0144ca NMP Wyznawcy - Sancti Joseph Sponsi BMV Confessoris - Tradycja i Wiara<\/title>\n<meta name=\"robots\" content=\"index, follow, max-snippet:-1, max-image-preview:large, max-video-preview:-1\" \/>\n<link rel=\"canonical\" href=\"https:\/\/wobronietradycjiiwiary.com\/pl\/proprium-missae-swietego-jozefa-oblubienca-nmp-wyznawcy-sancti-joseph-sponsi-bmv-confessoris-3-2\/\" \/>\n<meta property=\"og:locale\" content=\"pl_PL\" \/>\n<meta property=\"og:type\" content=\"article\" \/>\n<meta property=\"og:title\" content=\"Proprium missae - \u015awi\u0119tego J\u00f3zefa Oblubie\u0144ca NMP Wyznawcy - Sancti Joseph Sponsi BMV Confessoris - Tradycja i Wiara\" \/>\n<meta property=\"og:description\" content=\"Divinum Officium - Sancta Missa\u2029Rubrycela Mszalna na Rok Pa\u0144ski 2019\u2029Kalendarz Liturgiczny Zwyczajnej i Nadzwyczajnej Formy Rytu Rzymskiego INTROITUS Ps 91:13-14 Iustus ut palma flor\u00e9bit: sicut cedrus L\u00edbani multiplic\u00e1bitur: plant\u00e1tus in domo D\u00f3mini: in \u00e1triis domus Dei nostri.Ps 91:2.Bonum est confiteri D\u00f3mino: et ps\u00e1llere n\u00f3mini tuo, Alt\u00edssime. V. Gl\u00f3ria Patri, et F\u00edlio, et Spir\u00edtui Sancto. R. [&hellip;]\" \/>\n<meta property=\"og:url\" content=\"https:\/\/wobronietradycjiiwiary.com\/pl\/proprium-missae-swietego-jozefa-oblubienca-nmp-wyznawcy-sancti-joseph-sponsi-bmv-confessoris-3-2\/\" \/>\n<meta property=\"og:site_name\" content=\"Tradycja i Wiara\" \/>\n<meta property=\"article:publisher\" content=\"https:\/\/www.facebook.com\/Tradycja-i-Wiara-108813920592249\" \/>\n<meta property=\"article:published_time\" content=\"2023-03-18T18:00:53+00:00\" \/>\n<meta property=\"article:modified_time\" content=\"2025-02-10T10:15:17+00:00\" \/>\n<meta property=\"og:image\" content=\"https:\/\/i0.wp.com\/wobronietradycjiiwiary.com\/wp-content\/uploads\/2023\/03\/Joseph-1.jpg?fit=1595%2C1920&ssl=1\" \/>\n\t<meta property=\"og:image:width\" content=\"1595\" \/>\n\t<meta property=\"og:image:height\" content=\"1920\" \/>\n\t<meta property=\"og:image:type\" content=\"image\/jpeg\" \/>\n<meta name=\"author\" content=\"Traditio et Fides\" \/>\n<meta name=\"twitter:card\" content=\"summary_large_image\" \/>\n<meta name=\"twitter:label1\" content=\"Napisane przez\" \/>\n\t<meta name=\"twitter:data1\" content=\"Traditio et Fides\" \/>\n\t<meta name=\"twitter:label2\" content=\"Szacowany czas czytania\" \/>\n\t<meta name=\"twitter:data2\" content=\"3 minuty\" \/>\n<script type=\"application\/ld+json\" class=\"yoast-schema-graph\">{\"@context\":\"https:\\\/\\\/schema.org\",\"@graph\":[{\"@type\":\"Article\",\"@id\":\"https:\\\/\\\/wobronietradycjiiwiary.com\\\/proprium-missae-swietego-jozefa-oblubienca-nmp-wyznawcy-sancti-joseph-sponsi-bmv-confessoris-3-2\\\/#article\",\"isPartOf\":{\"@id\":\"https:\\\/\\\/wobronietradycjiiwiary.com\\\/proprium-missae-swietego-jozefa-oblubienca-nmp-wyznawcy-sancti-joseph-sponsi-bmv-confessoris-3-2\\\/\"},\"author\":{\"name\":\"Traditio et Fides\",\"@id\":\"https:\\\/\\\/wobronietradycjiiwiary.com\\\/pl\\\/#\\\/schema\\\/person\\\/2d6180ce6abcb681fef0daab7816e8f3\"},\"headline\":\"Proprium missae &#8211; \u015awi\u0119tego J\u00f3zefa Oblubie\u0144ca NMP Wyznawcy &#8211; Sancti Joseph Sponsi BMV Confessoris\",\"datePublished\":\"2023-03-18T18:00:53+00:00\",\"dateModified\":\"2025-02-10T10:15:17+00:00\",\"mainEntityOfPage\":{\"@id\":\"https:\\\/\\\/wobronietradycjiiwiary.com\\\/proprium-missae-swietego-jozefa-oblubienca-nmp-wyznawcy-sancti-joseph-sponsi-bmv-confessoris-3-2\\\/\"},\"wordCount\":520,\"commentCount\":0,\"publisher\":{\"@id\":\"https:\\\/\\\/wobronietradycjiiwiary.com\\\/pl\\\/#organization\"},\"image\":{\"@id\":\"https:\\\/\\\/wobronietradycjiiwiary.com\\\/proprium-missae-swietego-jozefa-oblubienca-nmp-wyznawcy-sancti-joseph-sponsi-bmv-confessoris-3-2\\\/#primaryimage\"},\"thumbnailUrl\":\"https:\\\/\\\/wobronietradycjiiwiary.com\\\/wp-content\\\/uploads\\\/2023\\\/03\\\/Joseph-1.jpg\",\"articleSection\":[\"03. \u015awi\u0119ta w marcu\",\"Liturgia i liturgika\",\"Msza Trydencka\",\"Proprium\"],\"inLanguage\":\"pl-PL\",\"potentialAction\":[{\"@type\":\"CommentAction\",\"name\":\"Comment\",\"target\":[\"https:\\\/\\\/wobronietradycjiiwiary.com\\\/proprium-missae-swietego-jozefa-oblubienca-nmp-wyznawcy-sancti-joseph-sponsi-bmv-confessoris-3-2\\\/#respond\"]}]},{\"@type\":\"WebPage\",\"@id\":\"https:\\\/\\\/wobronietradycjiiwiary.com\\\/proprium-missae-swietego-jozefa-oblubienca-nmp-wyznawcy-sancti-joseph-sponsi-bmv-confessoris-3-2\\\/\",\"url\":\"https:\\\/\\\/wobronietradycjiiwiary.com\\\/proprium-missae-swietego-jozefa-oblubienca-nmp-wyznawcy-sancti-joseph-sponsi-bmv-confessoris-3-2\\\/\",\"name\":\"Proprium missae - \u015awi\u0119tego J\u00f3zefa Oblubie\u0144ca NMP Wyznawcy - Sancti Joseph Sponsi BMV Confessoris - Tradycja i Wiara\",\"isPartOf\":{\"@id\":\"https:\\\/\\\/wobronietradycjiiwiary.com\\\/pl\\\/#website\"},\"primaryImageOfPage\":{\"@id\":\"https:\\\/\\\/wobronietradycjiiwiary.com\\\/proprium-missae-swietego-jozefa-oblubienca-nmp-wyznawcy-sancti-joseph-sponsi-bmv-confessoris-3-2\\\/#primaryimage\"},\"image\":{\"@id\":\"https:\\\/\\\/wobronietradycjiiwiary.com\\\/proprium-missae-swietego-jozefa-oblubienca-nmp-wyznawcy-sancti-joseph-sponsi-bmv-confessoris-3-2\\\/#primaryimage\"},\"thumbnailUrl\":\"https:\\\/\\\/wobronietradycjiiwiary.com\\\/wp-content\\\/uploads\\\/2023\\\/03\\\/Joseph-1.jpg\",\"datePublished\":\"2023-03-18T18:00:53+00:00\",\"dateModified\":\"2025-02-10T10:15:17+00:00\",\"breadcrumb\":{\"@id\":\"https:\\\/\\\/wobronietradycjiiwiary.com\\\/proprium-missae-swietego-jozefa-oblubienca-nmp-wyznawcy-sancti-joseph-sponsi-bmv-confessoris-3-2\\\/#breadcrumb\"},\"inLanguage\":\"pl-PL\",\"potentialAction\":[{\"@type\":\"ReadAction\",\"target\":[\"https:\\\/\\\/wobronietradycjiiwiary.com\\\/proprium-missae-swietego-jozefa-oblubienca-nmp-wyznawcy-sancti-joseph-sponsi-bmv-confessoris-3-2\\\/\"]}]},{\"@type\":\"ImageObject\",\"inLanguage\":\"pl-PL\",\"@id\":\"https:\\\/\\\/wobronietradycjiiwiary.com\\\/proprium-missae-swietego-jozefa-oblubienca-nmp-wyznawcy-sancti-joseph-sponsi-bmv-confessoris-3-2\\\/#primaryimage\",\"url\":\"https:\\\/\\\/wobronietradycjiiwiary.com\\\/wp-content\\\/uploads\\\/2023\\\/03\\\/Joseph-1.jpg\",\"contentUrl\":\"https:\\\/\\\/wobronietradycjiiwiary.com\\\/wp-content\\\/uploads\\\/2023\\\/03\\\/Joseph-1.jpg\",\"width\":1595,\"height\":1920},{\"@type\":\"BreadcrumbList\",\"@id\":\"https:\\\/\\\/wobronietradycjiiwiary.com\\\/proprium-missae-swietego-jozefa-oblubienca-nmp-wyznawcy-sancti-joseph-sponsi-bmv-confessoris-3-2\\\/#breadcrumb\",\"itemListElement\":[{\"@type\":\"ListItem\",\"position\":1,\"name\":\"Strona g\u0142\u00f3wna\",\"item\":\"https:\\\/\\\/wobronietradycjiiwiary.com\\\/\"},{\"@type\":\"ListItem\",\"position\":2,\"name\":\"Proprium missae &#8211; \u015awi\u0119tego J\u00f3zefa Oblubie\u0144ca NMP Wyznawcy &#8211; Sancti Joseph Sponsi BMV Confessoris\"}]},{\"@type\":\"WebSite\",\"@id\":\"https:\\\/\\\/wobronietradycjiiwiary.com\\\/pl\\\/#website\",\"url\":\"https:\\\/\\\/wobronietradycjiiwiary.com\\\/pl\\\/\",\"name\":\"Tradycja i Wiara\",\"description\":\"Portal dla katolik\u00f3w.\",\"publisher\":{\"@id\":\"https:\\\/\\\/wobronietradycjiiwiary.com\\\/pl\\\/#organization\"},\"potentialAction\":[{\"@type\":\"SearchAction\",\"target\":{\"@type\":\"EntryPoint\",\"urlTemplate\":\"https:\\\/\\\/wobronietradycjiiwiary.com\\\/pl\\\/?s={search_term_string}\"},\"query-input\":{\"@type\":\"PropertyValueSpecification\",\"valueRequired\":true,\"valueName\":\"search_term_string\"}}],\"inLanguage\":\"pl-PL\"},{\"@type\":\"Organization\",\"@id\":\"https:\\\/\\\/wobronietradycjiiwiary.com\\\/pl\\\/#organization\",\"name\":\"Tradycja i Wiara\",\"url\":\"https:\\\/\\\/wobronietradycjiiwiary.com\\\/pl\\\/\",\"logo\":{\"@type\":\"ImageObject\",\"inLanguage\":\"pl-PL\",\"@id\":\"https:\\\/\\\/wobronietradycjiiwiary.com\\\/pl\\\/#\\\/schema\\\/logo\\\/image\\\/\",\"url\":\"https:\\\/\\\/i0.wp.com\\\/wobronietradycjiiwiary.com\\\/wp-content\\\/uploads\\\/2015\\\/10\\\/cropped-st-peters-dome-vatican.jpg?fit=940%2C198&ssl=1\",\"contentUrl\":\"https:\\\/\\\/i0.wp.com\\\/wobronietradycjiiwiary.com\\\/wp-content\\\/uploads\\\/2015\\\/10\\\/cropped-st-peters-dome-vatican.jpg?fit=940%2C198&ssl=1\",\"width\":940,\"height\":198,\"caption\":\"Tradycja i Wiara\"},\"image\":{\"@id\":\"https:\\\/\\\/wobronietradycjiiwiary.com\\\/pl\\\/#\\\/schema\\\/logo\\\/image\\\/\"},\"sameAs\":[\"https:\\\/\\\/www.facebook.com\\\/Tradycja-i-Wiara-108813920592249\"]},{\"@type\":\"Person\",\"@id\":\"https:\\\/\\\/wobronietradycjiiwiary.com\\\/pl\\\/#\\\/schema\\\/person\\\/2d6180ce6abcb681fef0daab7816e8f3\",\"name\":\"Traditio et Fides\",\"sameAs\":[\"https:\\\/\\\/traditionundglauben.com\"],\"url\":\"https:\\\/\\\/wobronietradycjiiwiary.com\\\/pl\\\/author\\\/wobronietradycjiiwiary\\\/\"}]}<\/script>\n<!-- \/ Yoast SEO plugin. -->","yoast_head_json":{"title":"Proprium missae - \u015awi\u0119tego J\u00f3zefa Oblubie\u0144ca NMP Wyznawcy - Sancti Joseph Sponsi BMV Confessoris - Tradycja i Wiara","robots":{"index":"index","follow":"follow","max-snippet":"max-snippet:-1","max-image-preview":"max-image-preview:large","max-video-preview":"max-video-preview:-1"},"canonical":"https:\/\/wobronietradycjiiwiary.com\/pl\/proprium-missae-swietego-jozefa-oblubienca-nmp-wyznawcy-sancti-joseph-sponsi-bmv-confessoris-3-2\/","og_locale":"pl_PL","og_type":"article","og_title":"Proprium missae - \u015awi\u0119tego J\u00f3zefa Oblubie\u0144ca NMP Wyznawcy - Sancti Joseph Sponsi BMV Confessoris - Tradycja i Wiara","og_description":"Divinum Officium - Sancta Missa\u2029Rubrycela Mszalna na Rok Pa\u0144ski 2019\u2029Kalendarz Liturgiczny Zwyczajnej i Nadzwyczajnej Formy Rytu Rzymskiego INTROITUS Ps 91:13-14 Iustus ut palma flor\u00e9bit: sicut cedrus L\u00edbani multiplic\u00e1bitur: plant\u00e1tus in domo D\u00f3mini: in \u00e1triis domus Dei nostri.Ps 91:2.Bonum est confiteri D\u00f3mino: et ps\u00e1llere n\u00f3mini tuo, Alt\u00edssime. V. Gl\u00f3ria Patri, et F\u00edlio, et Spir\u00edtui Sancto. R. [&hellip;]","og_url":"https:\/\/wobronietradycjiiwiary.com\/pl\/proprium-missae-swietego-jozefa-oblubienca-nmp-wyznawcy-sancti-joseph-sponsi-bmv-confessoris-3-2\/","og_site_name":"Tradycja i Wiara","article_publisher":"https:\/\/www.facebook.com\/Tradycja-i-Wiara-108813920592249","article_published_time":"2023-03-18T18:00:53+00:00","article_modified_time":"2025-02-10T10:15:17+00:00","og_image":[{"width":1595,"height":1920,"url":"https:\/\/i0.wp.com\/wobronietradycjiiwiary.com\/wp-content\/uploads\/2023\/03\/Joseph-1.jpg?fit=1595%2C1920&ssl=1","type":"image\/jpeg"}],"author":"Traditio et Fides","twitter_card":"summary_large_image","twitter_misc":{"Napisane przez":"Traditio et Fides","Szacowany czas czytania":"3 minuty"},"schema":{"@context":"https:\/\/schema.org","@graph":[{"@type":"Article","@id":"https:\/\/wobronietradycjiiwiary.com\/proprium-missae-swietego-jozefa-oblubienca-nmp-wyznawcy-sancti-joseph-sponsi-bmv-confessoris-3-2\/#article","isPartOf":{"@id":"https:\/\/wobronietradycjiiwiary.com\/proprium-missae-swietego-jozefa-oblubienca-nmp-wyznawcy-sancti-joseph-sponsi-bmv-confessoris-3-2\/"},"author":{"name":"Traditio et Fides","@id":"https:\/\/wobronietradycjiiwiary.com\/pl\/#\/schema\/person\/2d6180ce6abcb681fef0daab7816e8f3"},"headline":"Proprium missae &#8211; \u015awi\u0119tego J\u00f3zefa Oblubie\u0144ca NMP Wyznawcy &#8211; Sancti Joseph Sponsi BMV Confessoris","datePublished":"2023-03-18T18:00:53+00:00","dateModified":"2025-02-10T10:15:17+00:00","mainEntityOfPage":{"@id":"https:\/\/wobronietradycjiiwiary.com\/proprium-missae-swietego-jozefa-oblubienca-nmp-wyznawcy-sancti-joseph-sponsi-bmv-confessoris-3-2\/"},"wordCount":520,"commentCount":0,"publisher":{"@id":"https:\/\/wobronietradycjiiwiary.com\/pl\/#organization"},"image":{"@id":"https:\/\/wobronietradycjiiwiary.com\/proprium-missae-swietego-jozefa-oblubienca-nmp-wyznawcy-sancti-joseph-sponsi-bmv-confessoris-3-2\/#primaryimage"},"thumbnailUrl":"https:\/\/wobronietradycjiiwiary.com\/wp-content\/uploads\/2023\/03\/Joseph-1.jpg","articleSection":["03. \u015awi\u0119ta w marcu","Liturgia i liturgika","Msza Trydencka","Proprium"],"inLanguage":"pl-PL","potentialAction":[{"@type":"CommentAction","name":"Comment","target":["https:\/\/wobronietradycjiiwiary.com\/proprium-missae-swietego-jozefa-oblubienca-nmp-wyznawcy-sancti-joseph-sponsi-bmv-confessoris-3-2\/#respond"]}]},{"@type":"WebPage","@id":"https:\/\/wobronietradycjiiwiary.com\/proprium-missae-swietego-jozefa-oblubienca-nmp-wyznawcy-sancti-joseph-sponsi-bmv-confessoris-3-2\/","url":"https:\/\/wobronietradycjiiwiary.com\/proprium-missae-swietego-jozefa-oblubienca-nmp-wyznawcy-sancti-joseph-sponsi-bmv-confessoris-3-2\/","name":"Proprium missae - \u015awi\u0119tego J\u00f3zefa Oblubie\u0144ca NMP Wyznawcy - Sancti Joseph Sponsi BMV Confessoris - Tradycja i Wiara","isPartOf":{"@id":"https:\/\/wobronietradycjiiwiary.com\/pl\/#website"},"primaryImageOfPage":{"@id":"https:\/\/wobronietradycjiiwiary.com\/proprium-missae-swietego-jozefa-oblubienca-nmp-wyznawcy-sancti-joseph-sponsi-bmv-confessoris-3-2\/#primaryimage"},"image":{"@id":"https:\/\/wobronietradycjiiwiary.com\/proprium-missae-swietego-jozefa-oblubienca-nmp-wyznawcy-sancti-joseph-sponsi-bmv-confessoris-3-2\/#primaryimage"},"thumbnailUrl":"https:\/\/wobronietradycjiiwiary.com\/wp-content\/uploads\/2023\/03\/Joseph-1.jpg","datePublished":"2023-03-18T18:00:53+00:00","dateModified":"2025-02-10T10:15:17+00:00","breadcrumb":{"@id":"https:\/\/wobronietradycjiiwiary.com\/proprium-missae-swietego-jozefa-oblubienca-nmp-wyznawcy-sancti-joseph-sponsi-bmv-confessoris-3-2\/#breadcrumb"},"inLanguage":"pl-PL","potentialAction":[{"@type":"ReadAction","target":["https:\/\/wobronietradycjiiwiary.com\/proprium-missae-swietego-jozefa-oblubienca-nmp-wyznawcy-sancti-joseph-sponsi-bmv-confessoris-3-2\/"]}]},{"@type":"ImageObject","inLanguage":"pl-PL","@id":"https:\/\/wobronietradycjiiwiary.com\/proprium-missae-swietego-jozefa-oblubienca-nmp-wyznawcy-sancti-joseph-sponsi-bmv-confessoris-3-2\/#primaryimage","url":"https:\/\/wobronietradycjiiwiary.com\/wp-content\/uploads\/2023\/03\/Joseph-1.jpg","contentUrl":"https:\/\/wobronietradycjiiwiary.com\/wp-content\/uploads\/2023\/03\/Joseph-1.jpg","width":1595,"height":1920},{"@type":"BreadcrumbList","@id":"https:\/\/wobronietradycjiiwiary.com\/proprium-missae-swietego-jozefa-oblubienca-nmp-wyznawcy-sancti-joseph-sponsi-bmv-confessoris-3-2\/#breadcrumb","itemListElement":[{"@type":"ListItem","position":1,"name":"Strona g\u0142\u00f3wna","item":"https:\/\/wobronietradycjiiwiary.com\/"},{"@type":"ListItem","position":2,"name":"Proprium missae &#8211; \u015awi\u0119tego J\u00f3zefa Oblubie\u0144ca NMP Wyznawcy &#8211; Sancti Joseph Sponsi BMV Confessoris"}]},{"@type":"WebSite","@id":"https:\/\/wobronietradycjiiwiary.com\/pl\/#website","url":"https:\/\/wobronietradycjiiwiary.com\/pl\/","name":"Tradycja i Wiara","description":"Portal dla katolik\u00f3w.","publisher":{"@id":"https:\/\/wobronietradycjiiwiary.com\/pl\/#organization"},"potentialAction":[{"@type":"SearchAction","target":{"@type":"EntryPoint","urlTemplate":"https:\/\/wobronietradycjiiwiary.com\/pl\/?s={search_term_string}"},"query-input":{"@type":"PropertyValueSpecification","valueRequired":true,"valueName":"search_term_string"}}],"inLanguage":"pl-PL"},{"@type":"Organization","@id":"https:\/\/wobronietradycjiiwiary.com\/pl\/#organization","name":"Tradycja i Wiara","url":"https:\/\/wobronietradycjiiwiary.com\/pl\/","logo":{"@type":"ImageObject","inLanguage":"pl-PL","@id":"https:\/\/wobronietradycjiiwiary.com\/pl\/#\/schema\/logo\/image\/","url":"https:\/\/i0.wp.com\/wobronietradycjiiwiary.com\/wp-content\/uploads\/2015\/10\/cropped-st-peters-dome-vatican.jpg?fit=940%2C198&ssl=1","contentUrl":"https:\/\/i0.wp.com\/wobronietradycjiiwiary.com\/wp-content\/uploads\/2015\/10\/cropped-st-peters-dome-vatican.jpg?fit=940%2C198&ssl=1","width":940,"height":198,"caption":"Tradycja i Wiara"},"image":{"@id":"https:\/\/wobronietradycjiiwiary.com\/pl\/#\/schema\/logo\/image\/"},"sameAs":["https:\/\/www.facebook.com\/Tradycja-i-Wiara-108813920592249"]},{"@type":"Person","@id":"https:\/\/wobronietradycjiiwiary.com\/pl\/#\/schema\/person\/2d6180ce6abcb681fef0daab7816e8f3","name":"Traditio et Fides","sameAs":["https:\/\/traditionundglauben.com"],"url":"https:\/\/wobronietradycjiiwiary.com\/pl\/author\/wobronietradycjiiwiary\/"}]}},"jetpack_publicize_connections":[],"jetpack_sharing_enabled":true,"jetpack_likes_enabled":true,"jetpack_shortlink":"https:\/\/wp.me\/pc04Sd-msJ","jetpack-related-posts":[{"id":19143,"url":"https:\/\/wobronietradycjiiwiary.com\/pl\/proprium-missae-narodzenie-panskie-pasterka-in-nativitate-domini-missa-prima-2\/","url_meta":{"origin":86349,"position":0},"title":"Proprium missae &#8211; Narodzenie Pa\u0144skie &#8211; PASTERKA &#8211; In Nativitate Domini (Missa prima)","author":"mariuszjerzy","date":"24 grudnia 2018","format":false,"excerpt":"Divinum Officium - Sancta Missa Kalendarz Liturgiczny Zwyczajnej i Nadzwyczajnej Formy Rytu Rzymskiego https:\/\/www.youtube.com\/watch?v=H0Sl_h06d1M INTROITUS Ps 2:7 D\u00f3minus dixit ad me: F\u00edlius meus es tu, ego h\u00f3die g\u00e9nui te. \u00a0 Ps 2:1 Quare fremu\u00e9runt gentes: et p\u00f3puli medit\u00e1ti sunt in\u00e1nia? V. Gl\u00f3ria Patri, et F\u00edlio, et Spir\u00edtui Sancto. R. Sicut\u2026","rel":"","context":"W \u201eMsza Trydencka&quot;","block_context":{"text":"Msza Trydencka","link":"https:\/\/wobronietradycjiiwiary.com\/pl\/category\/duchowosc\/liturgia-i-liturgika\/msza-trydencka\/"},"img":{"alt_text":"","src":"https:\/\/i0.wp.com\/img.youtube.com\/vi\/H0Sl_h06d1M\/0.jpg?resize=350%2C200","width":350,"height":200},"classes":[]},{"id":17396,"url":"https:\/\/wobronietradycjiiwiary.com\/pl\/proprium-missae-narodzenie-panskie-pasterka-in-nativitate-domini-missa-prima\/","url_meta":{"origin":86349,"position":1},"title":"Proprium missae &#8211; Narodzenie Pa\u0144skie &#8211; PASTERKA &#8211; In Nativitate Domini (Missa prima)","author":"mariuszjerzy","date":"24 grudnia 2018","format":false,"excerpt":"Divinum Officium - Sancta Missa https:\/\/www.youtube.com\/watch?v=H0Sl_h06d1M INTROITUS Ps 2:7 D\u00f3minus dixit ad me: F\u00edlius meus es tu, ego h\u00f3die g\u00e9nui te. Ps 2:1 Quare fremu\u00e9runt gentes: et p\u00f3puli medit\u00e1ti sunt in\u00e1nia? V. Gl\u00f3ria Patri, et F\u00edlio, et Spir\u00edtui Sancto. R. Sicut erat in princ\u00edpio, et nunc, et semper, et in\u2026","rel":"","context":"W \u201eMsza Trydencka&quot;","block_context":{"text":"Msza Trydencka","link":"https:\/\/wobronietradycjiiwiary.com\/pl\/category\/duchowosc\/liturgia-i-liturgika\/msza-trydencka\/"},"img":{"alt_text":"","src":"https:\/\/i0.wp.com\/img.youtube.com\/vi\/H0Sl_h06d1M\/0.jpg?resize=350%2C200","width":350,"height":200},"classes":[]},{"id":166611,"url":"https:\/\/wobronietradycjiiwiary.com\/pl\/proprium-missae-najswietszego-serca-pana-jezusa-sanctissimi-cordis-domini-nostri-jesu-christi-3\/","url_meta":{"origin":86349,"position":2},"title":"Proprium missae &#8211; Naj\u015bwi\u0119tszego Serca Pana Jezusa &#8211; Sanctissimi Cordis Domini Nostri Jesu Christi","author":"mariuszjerzy","date":"11 czerwca 2026","format":false,"excerpt":"Divinum Officium - Sancta Missa Rubrycela Mszalna na Rok Pa\u0144ski 2019 Kalendarz Liturgiczny Zwyczajnej i Nadzwyczajnej Formy Rytu Rzymskiego https:\/\/www.youtube.com\/watch?v=kSizRaGjla0 INTROITUS Ps 32:11; 32:19 Cogitati\u00f3nes Cordis eius in generati\u00f3ne et generati\u00f3nem: ut \u00e9ruat a morte \u00e1nimas e\u00f3rum et alat eos in fame. Ps 32:1 Exsult\u00e1te, iusti, in D\u00f3mino: rectos decet\u2026","rel":"","context":"W \u201eMsza Trydencka&quot;","block_context":{"text":"Msza Trydencka","link":"https:\/\/wobronietradycjiiwiary.com\/pl\/category\/duchowosc\/liturgia-i-liturgika\/msza-trydencka\/"},"img":{"alt_text":"","src":"https:\/\/i0.wp.com\/wobronietradycjiiwiary.com\/wp-content\/uploads\/2026\/06\/csm_herz_jesu_660ae91645.jpg?resize=350%2C200&ssl=1","width":350,"height":200},"classes":[]},{"id":19146,"url":"https:\/\/wobronietradycjiiwiary.com\/pl\/proprium-missae-narodzenie-panskie-in-nativitate-domini-missa-tertia-2\/","url_meta":{"origin":86349,"position":3},"title":"Proprium missae &#8211; Narodzenie Pa\u0144skie &#8211; In Nativitate Domini (Missa tertia)","author":"mariuszjerzy","date":"25 grudnia 2018","format":false,"excerpt":"Divinum Officium - Sancta Missa Kalendarz Liturgiczny Zwyczajnej i Nadzwyczajnej Formy Rytu Rzymskiego https:\/\/www.youtube.com\/watch?v=dL8MLEULjHk INTROITUS Isa 9:6 Puer natus est nobis, et f\u00edlius datus est nobis: cuius imp\u00e9rium super h\u00famerum eius: et voc\u00e1bitur nomen eius magni cons\u00edlii Angelus. Ps 97:1 Cant\u00e1te D\u00f3mino c\u00e1nticum novum, quia mirab\u00edlia fecit. V. Gl\u00f3ria Patri,\u2026","rel":"","context":"W \u201eMsza Trydencka&quot;","block_context":{"text":"Msza Trydencka","link":"https:\/\/wobronietradycjiiwiary.com\/pl\/category\/duchowosc\/liturgia-i-liturgika\/msza-trydencka\/"},"img":{"alt_text":"","src":"https:\/\/i0.wp.com\/img.youtube.com\/vi\/dL8MLEULjHk\/0.jpg?resize=350%2C200","width":350,"height":200},"classes":[]},{"id":17398,"url":"https:\/\/wobronietradycjiiwiary.com\/pl\/proprium-missae-narodzenie-panskie-in-nativitate-domini-missa-tertia\/","url_meta":{"origin":86349,"position":4},"title":"Proprium missae &#8211; Narodzenie Pa\u0144skie &#8211; In Nativitate Domini (Missa tertia)","author":"mariuszjerzy","date":"25 grudnia 2018","format":false,"excerpt":"Divinum Officium - Sancta Missa https:\/\/www.youtube.com\/watch?v=dL8MLEULjHk INTROITUS Isa 9:6 Puer natus est nobis, et f\u00edlius datus est nobis: cuius imp\u00e9rium super h\u00famerum eius: et voc\u00e1bitur nomen eius magni cons\u00edlii Angelus. Ps 97:1 Cant\u00e1te D\u00f3mino c\u00e1nticum novum, quia mirab\u00edlia fecit. V. Gl\u00f3ria Patri, et F\u00edlio, et Spir\u00edtui Sancto. R. Sicut erat\u2026","rel":"","context":"W \u201eMsza Trydencka&quot;","block_context":{"text":"Msza Trydencka","link":"https:\/\/wobronietradycjiiwiary.com\/pl\/category\/duchowosc\/liturgia-i-liturgika\/msza-trydencka\/"},"img":{"alt_text":"","src":"https:\/\/i0.wp.com\/img.youtube.com\/vi\/dL8MLEULjHk\/0.jpg?resize=350%2C200","width":350,"height":200},"classes":[]},{"id":40447,"url":"https:\/\/wobronietradycjiiwiary.com\/pl\/proprium-missae-sw-szczepana-meczynnika-3\/","url_meta":{"origin":86349,"position":5},"title":"Proprium missae &#8211; \u015aw. Szczepana M\u0119czynnika","author":"Traditio et Fides","date":"26 grudnia 2022","format":false,"excerpt":"Proprium na \u015bw. Szczepana.","rel":"","context":"W \u201eProprium&quot;","block_context":{"text":"Proprium","link":"https:\/\/wobronietradycjiiwiary.com\/pl\/category\/duchowosc\/liturgia-i-liturgika\/msza-trydencka\/proprium\/"},"img":{"alt_text":"","src":"https:\/\/i0.wp.com\/wobronietradycjiiwiary.com\/wp-content\/uploads\/2022\/12\/St.-Stephanus-by-Rembrandt.jpg?resize=350%2C200&ssl=1","width":350,"height":200},"classes":[]}],"amp_enabled":true,"jetpack_featured_media_url":"https:\/\/wobronietradycjiiwiary.com\/wp-content\/uploads\/2023\/03\/Joseph-1.jpg","_links":{"self":[{"href":"https:\/\/wobronietradycjiiwiary.com\/pl\/wp-json\/wp\/v2\/posts\/86349","targetHints":{"allow":["GET"]}}],"collection":[{"href":"https:\/\/wobronietradycjiiwiary.com\/pl\/wp-json\/wp\/v2\/posts"}],"about":[{"href":"https:\/\/wobronietradycjiiwiary.com\/pl\/wp-json\/wp\/v2\/types\/post"}],"author":[{"embeddable":true,"href":"https:\/\/wobronietradycjiiwiary.com\/pl\/wp-json\/wp\/v2\/users\/60508433"}],"replies":[{"embeddable":true,"href":"https:\/\/wobronietradycjiiwiary.com\/pl\/wp-json\/wp\/v2\/comments?post=86349"}],"version-history":[{"count":3,"href":"https:\/\/wobronietradycjiiwiary.com\/pl\/wp-json\/wp\/v2\/posts\/86349\/revisions"}],"predecessor-version":[{"id":86534,"href":"https:\/\/wobronietradycjiiwiary.com\/pl\/wp-json\/wp\/v2\/posts\/86349\/revisions\/86534"}],"wp:featuredmedia":[{"embeddable":true,"href":"https:\/\/wobronietradycjiiwiary.com\/pl\/wp-json\/wp\/v2\/media\/86508"}],"wp:attachment":[{"href":"https:\/\/wobronietradycjiiwiary.com\/pl\/wp-json\/wp\/v2\/media?parent=86349"}],"wp:term":[{"taxonomy":"category","embeddable":true,"href":"https:\/\/wobronietradycjiiwiary.com\/pl\/wp-json\/wp\/v2\/categories?post=86349"},{"taxonomy":"post_tag","embeddable":true,"href":"https:\/\/wobronietradycjiiwiary.com\/pl\/wp-json\/wp\/v2\/tags?post=86349"}],"curies":[{"name":"wp","href":"https:\/\/api.w.org\/{rel}","templated":true}]}}