{"id":86287,"date":"2023-03-30T08:15:34","date_gmt":"2023-03-30T06:15:34","guid":{"rendered":"https:\/\/wobronietradycjiiwiary.com\/?p=86287"},"modified":"2025-02-10T11:50:38","modified_gmt":"2025-02-10T10:50:38","slug":"30-go-marca-zywot-swietego-kwiryna-meczennika-2-2","status":"publish","type":"post","link":"https:\/\/wobronietradycjiiwiary.com\/pl\/30-go-marca-zywot-swietego-kwiryna-meczennika-2-2\/","title":{"rendered":"30-go Marca. \u017bywot \u015bwi\u0119tego Kwiryna, M\u0119czennika."},"content":{"rendered":"<div id=\"bsf_rt_marker\"><\/div>\n<p class=\"has-text-align-center wp-block-paragraph\"><em>(\u017by\u0142 oko\u0142o roku Pa\u0144skiego 130).<\/em><\/p>\n\n\n\n<figure class=\"wp-block-image\"><a href=\"https:\/\/pl.wikisource.org\/wiki\/Plik:%C5%BBywoty_%C5%9Bw._Pa%C5%84skich_na_wszystkie_dnie_roku-Inicja%C5%82-K.png\"><img decoding=\"async\" src=\"https:\/\/upload.wikimedia.org\/wikipedia\/commons\/thumb\/a\/ab\/%C5%BBywoty_%C5%9Bw._Pa%C5%84skich_na_wszystkie_dnie_roku-Inicja%C5%82-K.png\/55px-%C5%BBywoty_%C5%9Bw._Pa%C5%84skich_na_wszystkie_dnie_roku-Inicja%C5%82-K.png\" alt=\"K\"\/><\/a><\/figure>\n\n\n\n<p class=\"has-text-align-justify wp-block-paragraph\">Kwirynus czyli Kwiryn pochodzi\u0142 ze znakomitej rodziny rzymskiej, by\u0142 trybunem wojny i mia\u0142 nadz\u00f3r nad wszystkiemi publicznemi wi\u0119zieniami. Pewnego razu przywiedziono tak\u017ce prefekta Rzymu, imieniem Hermes, kt\u00f3rego oskar\u017cono wyznanie Chrystusa. Kwiryn wzruszony widokiem tak znakomitej osoby, okutej w kajdany, zapyta\u0142 go z politowaniem: \u201eJak\u017ce mo\u017cesz, b\u0119d\u0105c tak wielce szanowanym prefektem Rzymu, dla jakiej\u015b tam religii nie tylko da\u0107 si\u0119 z\u0142o\u017cy\u0107 z urz\u0119du, ale i haniebnie oku\u0107 w kajdany?\u201c Hermes odrzek\u0142 na to spokojnie: \u201eGodno\u015bci mojej nie straci\u0142em, lecz zamieni\u0142em j\u0105 na inn\u0105, jeszcze wy\u017csz\u0105; ziemsk\u0105 mo\u017cna zmieni\u0107 i z\u0142o\u017cy\u0107, ale godno\u015b\u0107 niebieska pozostanie na wieki w swej chwale!\u201c \u201eNie rozumiem \u2014 rzek\u0142 na to Kwiryn \u2014 jak cz\u0142owiek z takiem wykszta\u0142ceniem mo\u017ce by\u0107 o tyle nierozs\u0105dnym, \u017ce si\u0119 po \u015bmierci jeszcze \u017cy\u0107 spodziewa; wszak\u017ce z cz\u0142owieka pozostanie tylko gar\u015b\u0107 prochu, a i ten p\u00f3\u017aniej si\u0119 rozwieje.\u201c \u201ePrzed kilku laty \u2014 odpowiedzia\u0142 Hermes \u2014 i ja si\u0119 z tego \u015bmia\u0142em, w co teraz z przekonaniem wierz\u0119; i ja my\u015bla\u0142em, \u017ce to \u017cycie na ziemi jest jedynem \u017cyciem cz\u0142owieka.\u201c Kwiryn zaciekawiony przeto tak\u0105 mow\u0105, zawo\u0142a\u0142: \u201eJe\u015bli mi udowodnisz, \u017ce cz\u0142owieka oczekuje wieczne \u017cycie, to i ja zostan\u0119 chrze\u015bcijaninem.\u201c Rzek\u0142 na to Hermes: \u201eW wi\u0119zieniu znajduje si\u0119 \u015bwi\u0119ty Aleksander, Papie\u017c, id\u017a wi\u0119c do niego; on mnie uczy\u0142, wi\u0119c i tobie z\u0142o\u017cy \u017c\u0105dane dowody.\u201c<\/p>\n\n\n\n<p class=\"has-text-align-justify wp-block-paragraph\"><br>\u2009Kiedy Kwiryn us\u0142ysza\u0142 to imi\u0119, straszliwie si\u0119 rozgniewa\u0142, albowiem Papie\u017ca uwa\u017ca\u0142 za bardzo niebezpiecznego czarownika, kt\u00f3ry jedynie lud buntuje i uwodzi, i zako\u0144czy\u0142 wybuch swego gniewu temi s\u0142owy: \u201eHermesie, szlachetny m\u0119\u017cu, namy\u015bl si\u0119, zatrzymaj urz\u0105d, maj\u0119tno\u015b\u0107 i wr\u00f3\u0107 siebie strapionej rodzinie. Aureliusz, starosta cesarski, da\u0142 mi upowa\u017cnienie wr\u00f3cenia ci wszystkiego bez najmniejszego zastrze\u017cenia, je\u017celi si\u0119 bogom pok\u0142onisz; w przeciwnym razie nieprzyjaciele twoi tryumfowa\u0107 b\u0119d\u0105.\u201c Hermes nie zwa\u017caj\u0105c wcale na owe s\u0142owa, rzek\u0142: \u201eChcia\u0142e\u015b si\u0119 dowiedzie\u0107, jak ja przyszed\u0142em do mego przekonania, a teraz ani si\u0119 wyt\u0142\u00f3maczy\u0107 nie dasz. Id\u017a do mego nauczyciela, wystaw go na pr\u00f3b\u0119, czy jest prawdziwie kap\u0142anem Bo\u017cym, a potem post\u0105p sobie, jak chcesz; tymczasem zamknij mnie w wi\u0119zieniu.\u201c<\/p>\n\n\n\n<p class=\"has-text-align-justify wp-block-paragraph\"><br>\u2009Kwiryn mia\u0142 doros\u0142\u0105 c\u00f3rk\u0119, imieniem Balbina, o bardzo pi\u0119knej twarzy, ale na nieszcz\u0119\u015bcie mia\u0142a pod gard\u0142em obrzydliwy wyrost, wskutek czego o zam\u0105\u017cp\u00f3j\u015bciu ani my\u015ble\u0107 nie mog\u0142a. Mi\u0142o\u015b\u0107 ojcowska naprowadzi\u0142a przeto Kwiryna na nast\u0119pn\u0105 my\u015bl: \u201eJe\u015bli Aleksander zdo\u0142a uleczy\u0107 wyrost mej c\u00f3rki, natenczas jest kap\u0142anem prawdziwego Boga i pos\u0142ucham jego nauki.\u201c Poszed\u0142 zatem do wi\u0119zienia i przed\u0142o\u017cy\u0142 Papie\u017cowi sw\u0105 spraw\u0119. Papie\u017c kaza\u0142 Balbin\u0119 przyprowadzi\u0107 i dotkn\u0105\u0142 si\u0119 kajdanami chorego gard\u0142a. Ledwie si\u0119 to sta\u0142o, ukaza\u0142 si\u0119 nagle promienisty Anio\u0142 z zapalon\u0105 pochodni\u0105 i ca\u0142e wi\u0119zienie cudownie o\u015bwieci\u0142, a zach\u0119ciwszy Balbin\u0119 do dziewictwa, znikn\u0105\u0142; od tej chwili Balbina wyzdrowia\u0142a. Widz\u0105c to zdumia\u0142y i ucieszony Kwiryn, zawo\u0142a\u0142: \u201eO kap\u0142anie prawdziwego Boga, opu\u015b\u0107 co rychlej to wi\u0119zienie, aby ogie\u0144 z Nieba nie spad\u0142 i nie po\u017car\u0142 mnie n\u0119dznego, poniewa\u017c ci\u0119 w te ci\u0119\u017ckie kajdany oku\u0142em!\u201c<\/p>\n\n\n\n<p class=\"has-text-align-justify wp-block-paragraph\">\u2009Nast\u0119pnie Aleksander nauczy\u0142 Kwiryna i jego c\u00f3rk\u0119 wiary chrze\u015bcija\u0144skiej, ochrzci\u0142 oboje, a potem uszcz\u0119\u015bliwionego ojca prosi\u0142, aby mu pozwoli\u0142 i innym wi\u0119\u017aniom g\u0142osi\u0107 Ewangeli\u0119 \u015bwi\u0119t\u0105. Kwiryn nie tylko na to przysta\u0142, ale sam biega\u0142 od jednych drzwi wi\u0119ziennych do drugich, wzywaj\u0105c, aby szli za nim i dali si\u0119 ochrzci\u0107, przez co natychmiast zyskaj\u0105 wolno\u015b\u0107 i mog\u0105 p\u00f3j\u015b\u0107, gdzie im si\u0119 podoba. Wi\u0119\u017aniowie te\u017c bez namys\u0142u pobiegli do Papie\u017ca, s\u0142uchali jego nauk, dali si\u0119 ochrzci\u0107, a tak wi\u0119zienie zamieni\u0142o si\u0119 w dom Bo\u017cy, w kt\u00f3rym Hymny i Psalmy na cze\u015b\u0107 Boga brzmia\u0142y.<\/p>\n\n\n\n<p class=\"has-text-align-justify wp-block-paragraph\"><br>\u2009Skoro Aureliusz si\u0119 o tem dowiedzia\u0142, nie posiada\u0142 si\u0119 ze z\u0142o\u015bci. \u201eN\u0119dzniku! \u2014 wo\u0142a\u0142 \u2014 jam ci\u0119 mi\u0142owa\u0142 jak w\u0142asne dziecko, ty\u015b za\u015b nadu\u017cy\u0142 mego zaufania i da\u0142e\u015b si\u0119 uwie\u015b\u0107 Papie\u017cowi Aleksandrowi; lecz nie minie ci\u0119 zas\u0142u\u017cona kara!\u201c Kwiryn odpowiedzia\u0142 z uszanowaniem: \u201eZosta\u0142em chrze\u015bcijaninem, przeto otworzy\u0142em wszystkim drzwi wi\u0119zienne. Papie\u017ca i szlachetnego Hermesa prosi\u0142em nawet, aby wyszli, ale wszyscy znajduj\u0105 si\u0119 jeszcze w wi\u0119zieniu, gotowi raczej umrze\u0107, i \u017cycie swe za najmilszego Chrystusa po\u0142o\u017cy\u0107; czy\u0144 teraz, co ci si\u0119 podoba.\u201c.<\/p>\n\n\n\n<p class=\"has-text-align-justify wp-block-paragraph\"><br>\u2009Aureliusz kaza\u0142 odwa\u017cnemu wyznawcy ur\u017cn\u0105\u0107 j\u0119zyk i rozci\u0105gn\u0105\u0107 go na torturach. Kwiryn, kt\u00f3ry chocia\u017c j\u0119zyka nie mia\u0142, m\u00f3g\u0142 cudem m\u00f3wi\u0107, rzek\u0142 czule do Aureliusza: \u201eNieszcz\u0119\u015bliwy cz\u0142owiecze, ratuj przecie\u017c nie\u015bmierteln\u0105 tw\u0105 dusz\u0119, aby\u015b za swoje z\u0142o\u015bci nie musia\u0142 cierpie\u0107 m\u0105k wiecznych!\u201c Aureliusz za dobr\u0105 t\u0119 rad\u0119 tak si\u0119 odp\u0142aci\u0142, \u017ce mu kaza\u0142 zwolna poodcina\u0107 r\u0119ce i nogi, potem g\u0142ow\u0119, a krwawe cz\u0142onki psom na po\u017carcie rzuci\u0107. Psy jednak\u017ce zawstydzi\u0142y starost\u0119, albowiem nie tkn\u0105wszy cia\u0142a M\u0119czennika, okaza\u0142y tem cze\u015b\u0107 dla Chrystusa.<\/p>\n\n\n\n<p class=\"has-text-align-justify wp-block-paragraph\"><br>\u2009Relikwie \u015bw., kt\u00f3re chrze\u015bcijanie skrz\u0119tnie pozbierali i przechowali, podarowa\u0142 Papie\u017c Leon IX w r. 1050 swej siostrze dla jej klasztoru w Reuss, gdzie wielu cudami zas\u0142yn\u0119\u0142y. M\u0119cze\u0144stwo nast\u0105pi\u0142o oko\u0142o r. 130.<\/p>\n\n\n\n<h2 class=\"wp-block-heading\"><br><strong>Nauka moralna.<\/strong><\/h2>\n\n\n\n<p class=\"has-text-align-justify wp-block-paragraph\">\u2009M\u0119drkowie nowocze\u015bni myl\u0105 si\u0119, twierdz\u0105c, \u017ce oni s\u0105 wynalazcami nauki, jakoby\u00a0z \u015bmierci\u0105 wszystko si\u0119 ko\u0144czy\u0142o. Ju\u017c Kwiryn wobec Hermesa tak twierdzi\u0142, a przed Chrystusem ca\u0142a sekta Saduceusz\u00f3w podobnie naucza\u0142a. Jednak\u017ce taka nauka nie zgadza si\u0119 z usposobieniem i rozumem cz\u0142owieka. Ka\u017cdy cz\u0142owiek ma wrodzon\u0105 d\u0105\u017cno\u015b\u0107 do prawdziwej, niesko\u0144czonej szcz\u0119\u015bliwo\u015bci, kt\u00f3rej nie mo\u017ce mu da\u0107 \u017caden skarb ziemski. Ju\u017c Salomon wyznaje, \u017ce gromadzi\u0142 skarby, sadzi\u0142 winnice, ale si\u0119 przekona\u0142, \u017ce wszystko jest znikome, i \u017ce niema nic sta\u0142ego pod s\u0142o\u0144cem. Poniewa\u017c wi\u0119c B\u00f3g w cz\u0142owieka wla\u0142 to uczucie pragnienia wieczno\u015bci, musi cz\u0142owiek te\u017c mie\u0107 dusz\u0119 nie\u015bmierteln\u0105. Zreszt\u0105 sprawiedliwo\u015b\u0107 Boga tego wymaga, bo widzimy niejednokrotnie, \u017ce sprawiedliwy jest tu nieszcz\u0119\u015bliwym, \u017cyje w n\u0119dzy, jest prze\u015bladowany, podczas kiedy zbrodniarz op\u0142ywa w dostatki. Przypominamy tu tylko bogacza i \u0141azarza, zdzierc\u00f3w i oszust\u00f3w, kt\u00f3rzy kosztem \u0142ez biednych wd\u00f3w i sierot p\u0119dz\u0105 wygodne \u017cycie. Nie zgadza\u0142oby si\u0119 to ze sprawiedliwo\u015bci\u0105 Boga, gdyby kiedy\u015b uci\u015bniony sprawiedliwy nie mia\u0142 odebra\u0107 nagrody, a bogaty zdzierca kary. Ten wymiar sprawiedliwo\u015bci dzieje si\u0119 na drugim \u015bwiecie, gdzie B\u00f3g nagrodzi sprawiedliwym, co im na ziemi uj\u0105\u0142, a zbrodnie, kt\u00f3re na ziemi uchodz\u0105 bezkarnie, na drugim \u015bwiecie ukarze. Zreszt\u0105 wiara w dusz\u0119 nie\u015bmierteln\u0105 jest tak stara jak \u015bwiat. Wsz\u0119dzie j\u0105 napotka\u0107 mo\u017cna, nawet u najdzikszych narod\u00f3w, we wszystkich religiach, najdoskonalej w religii chrze\u015bcija\u0144skiej, albowiem nauczy\u0142 nas jej sam Jezus Chrystus, Syn Bo\u017cy, B\u00f3g i odwieczna prawda. \u201cI b\u0119d\u0105 zgromadzone przed Nim (przed Jezusem Chrystusem w dzie\u0144 S\u0105du Ostatecznego)\u00a0wszystkie narody.\u201c (Mateusz 25, 32).<br><\/p>\n\n\n\n<h2 class=\"wp-block-heading\"><strong>Modlitwa.<\/strong><\/h2>\n\n\n\n<blockquote class=\"wp-block-quote is-layout-flow wp-block-quote-is-layout-flow\"><p>\u2009Wszechmog\u0105cy Bo\u017ce i Ojcze niebieski, kt\u00f3ry\u015b mi da\u0142 dusz\u0119 nie\u015bmierteln\u0105, udziel mi za przyczyn\u0105 \u015bw. Kwiryna \u0142aski, abym pami\u0119taj\u0105c zawsze o nie\u015bmiertelno\u015bci swej duszy, unika\u0142 ka\u017cdego grzechu, a przez to na wieczn\u0105 szcz\u0119\u015bliwo\u015b\u0107 sobie zas\u0142u\u017cy\u0142. Przez Pana naszego Jezusa Chrystusa. Amen.<\/p><\/blockquote>\n\n\n\n<figure class=\"wp-block-table\"><table><tbody><tr><td>\u2217&nbsp;&nbsp;&nbsp;&nbsp;&nbsp;&nbsp;&nbsp;&nbsp;&nbsp;&nbsp;&nbsp;&nbsp;&nbsp;&nbsp;&nbsp;&nbsp;&nbsp;&nbsp;&nbsp;&nbsp;\u2217<br>\u2217<\/td><\/tr><\/tbody><\/table><\/figure>\n\n\n\n<p class=\"wp-block-paragraph\"><em>Opr\u00f3cz tego obchodzi Ko\u015bci\u00f3\u0142 \u015bwi\u0119ty pami\u0105tk\u0119 nast\u0119puj\u0105cych \u015awi\u0119tych Pa\u0144skich, zamieszczonych w rzymskiem martyrologium:<\/em><\/p>\n\n\n\n<p class=\"has-text-align-justify wp-block-paragraph\">\u2009<strong>Dnia 30-go marca<\/strong>&nbsp;w Rzymie przy Via Appia m\u0119cze\u0144stwo \u015bw.&nbsp;Kwiryna, Trybuna: zosta\u0142 z ca\u0142\u0105 sw\u0105 famili\u0105 ochrzcony przez Papie\u017ca \u015bw. Aleksandra, kt\u00f3rego mia\u0142 pod stra\u017c\u0105 wi\u0119zienn\u0105; za panowania cesarza Hadryana oddano go s\u0119dziemu Aureliuszowi; ten\u017ce kaza\u0142 mu za sw\u0105 niewzruszon\u0105 sta\u0142o\u015b\u0107 w wyznawaniu wiary uci\u0105\u0107 j\u0119zyk, na torturach cz\u0142onki wykr\u0119ca\u0107, r\u0119ce i nogi odci\u0105\u0107 i wko\u0144cu \u015bci\u0105\u0107. \u2014 W Tessalonice uroczysto\u015b\u0107 \u015bw. M\u0119czennik\u00f3w&nbsp;Domina, Wiktora i ich towarzyszy. \u2014 W Konstantynopolu uroczysto\u015b\u0107 pami\u0105tkowa&nbsp;bardzo wielu M\u0119czennik\u00f3w, kt\u00f3rzy cierpieli za wiar\u0119 katolick\u0105: Herezyarcha Macedoniusz za cesarza Konstancyusza kaza\u0142 ich wymordowa\u0107, u\u017cywszy do tego nies\u0142ychanie okropnych tortur; kaza\u0142 mi\u0119dzy innemi kilku niewiastom piersi mi\u0119dzy wieka od skrzy\u0144 wcisn\u0105\u0107 i zgnie\u015b\u0107, a potem je same jeszcze poparzy\u0107 rozpalonem \u017celazem. \u2014 W Senlis z\u0142o\u017cenie zw\u0142ok \u015bw.&nbsp;Regulusa, Biskupa z Arles. \u2014 W Orleanie we Francyi \u015bw.&nbsp;Pastora, Biskupa. \u2014 Na Synai \u015bw.&nbsp;Jana Klimaka, Opata. \u2014 Pod Akwinem \u015bw.&nbsp;Kliniusza, Wyznawcy.<\/p>\n","protected":false},"excerpt":{"rendered":"<p>Gdyby nie naro\u015bl pod gard\u0142em Balbiny, ona i jej ojciec Kwiryn nie nawr\u00f3ciliby si\u0119 i nie ponie\u015bliby m\u0119cze\u0144stwa. Dziwne s\u0105 te drogi Opatrzno\u015bci.<\/p>\n","protected":false},"author":60508433,"featured_media":44368,"comment_status":"open","ping_status":"open","sticky":false,"template":"","format":"standard","meta":{"_bbp_topic_count":0,"_bbp_reply_count":0,"_bbp_total_topic_count":0,"_bbp_total_reply_count":0,"_bbp_voice_count":0,"_bbp_anonymous_reply_count":0,"_bbp_topic_count_hidden":0,"_bbp_reply_count_hidden":0,"_bbp_forum_subforum_count":0,"_editorskit_title_hidden":false,"_editorskit_reading_time":0,"_editorskit_is_block_options_detached":false,"_editorskit_block_options_position":"{}","_coblocks_attr":"","_coblocks_dimensions":"","_coblocks_responsive_height":"","_coblocks_accordion_ie_support":"","_exactmetrics_skip_tracking":false,"_jetpack_newsletter_access":"","_jetpack_dont_email_post_to_subs":false,"_jetpack_newsletter_tier_id":0,"_jetpack_memberships_contains_paywalled_content":false,"_wpcom_ai_launchpad_first_post":false,"_jetpack_feature_clip_id":0,"_jetpack_memberships_contains_paid_content":false,"footnotes":"","jetpack_publicize_message":"{title}\n\n{excerpt}\n\n{url}","jetpack_publicize_feature_enabled":true,"jetpack_social_post_already_shared":true,"jetpack_social_options":{"image_generator_settings":{"template":"highway","default_image_id":0,"font":"","enabled":false},"version":2},"_wpas_customize_per_network":false,"jetpack_post_was_ever_published":false},"categories":[610131818,610131184,336375535,610134932,610131155,610132042],"tags":[610133352],"class_list":["post-86287","post","type-post","status-publish","format-standard","has-post-thumbnail","hentry","category-swieta-w-marcu","category-duchowosc","category-liturgia-i-liturgika","category-mescy-swieci","category-rozwazania","category-zywoty-swietych","tag-mescy-swieci"],"yoast_head":"<!-- This site is optimized with the Yoast SEO plugin v28.3 - https:\/\/yoast.com\/product\/yoast-seo-wordpress\/ -->\n<title>30-go Marca. \u017bywot \u015bwi\u0119tego Kwiryna, M\u0119czennika. - Tradycja i Wiara<\/title>\n<meta name=\"robots\" content=\"index, follow, max-snippet:-1, max-image-preview:large, max-video-preview:-1\" \/>\n<link rel=\"canonical\" href=\"https:\/\/wobronietradycjiiwiary.com\/pl\/30-go-marca-zywot-swietego-kwiryna-meczennika-2-2\/\" \/>\n<meta property=\"og:locale\" content=\"pl_PL\" \/>\n<meta property=\"og:type\" content=\"article\" \/>\n<meta property=\"og:title\" content=\"30-go Marca. \u017bywot \u015bwi\u0119tego Kwiryna, M\u0119czennika. - Tradycja i Wiara\" \/>\n<meta property=\"og:description\" content=\"Gdyby nie naro\u015bl pod gard\u0142em Balbiny, ona i jej ojciec Kwiryn nie nawr\u00f3ciliby si\u0119 i nie ponie\u015bliby m\u0119cze\u0144stwa. Dziwne s\u0105 te drogi Opatrzno\u015bci.\" \/>\n<meta property=\"og:url\" content=\"https:\/\/wobronietradycjiiwiary.com\/pl\/30-go-marca-zywot-swietego-kwiryna-meczennika-2-2\/\" \/>\n<meta property=\"og:site_name\" content=\"Tradycja i Wiara\" \/>\n<meta property=\"article:publisher\" content=\"https:\/\/www.facebook.com\/Tradycja-i-Wiara-108813920592249\" \/>\n<meta property=\"article:published_time\" content=\"2023-03-30T06:15:34+00:00\" \/>\n<meta property=\"article:modified_time\" content=\"2025-02-10T10:50:38+00:00\" \/>\n<meta property=\"og:image\" content=\"https:\/\/wobronietradycjiiwiary.com\/wp-content\/uploads\/2021\/03\/Quirinus.jpg\" \/>\n\t<meta property=\"og:image:width\" content=\"669\" \/>\n\t<meta property=\"og:image:height\" content=\"1001\" \/>\n\t<meta property=\"og:image:type\" content=\"image\/jpeg\" \/>\n<meta name=\"author\" content=\"Traditio et Fides\" \/>\n<meta name=\"twitter:card\" content=\"summary_large_image\" \/>\n<meta name=\"twitter:label1\" content=\"Napisane przez\" \/>\n\t<meta name=\"twitter:data1\" content=\"Traditio et Fides\" \/>\n\t<meta name=\"twitter:label2\" content=\"Szacowany czas czytania\" \/>\n\t<meta name=\"twitter:data2\" content=\"7 minut\" \/>\n<script type=\"application\/ld+json\" class=\"yoast-schema-graph\">{\"@context\":\"https:\\\/\\\/schema.org\",\"@graph\":[{\"@type\":\"Article\",\"@id\":\"https:\\\/\\\/wobronietradycjiiwiary.com\\\/30-go-marca-zywot-swietego-kwiryna-meczennika-2-2\\\/#article\",\"isPartOf\":{\"@id\":\"https:\\\/\\\/wobronietradycjiiwiary.com\\\/30-go-marca-zywot-swietego-kwiryna-meczennika-2-2\\\/\"},\"author\":{\"name\":\"Traditio et Fides\",\"@id\":\"https:\\\/\\\/wobronietradycjiiwiary.com\\\/pl\\\/#\\\/schema\\\/person\\\/2d6180ce6abcb681fef0daab7816e8f3\"},\"headline\":\"30-go Marca. \u017bywot \u015bwi\u0119tego Kwiryna, M\u0119czennika.\",\"datePublished\":\"2023-03-30T06:15:34+00:00\",\"dateModified\":\"2025-02-10T10:50:38+00:00\",\"mainEntityOfPage\":{\"@id\":\"https:\\\/\\\/wobronietradycjiiwiary.com\\\/30-go-marca-zywot-swietego-kwiryna-meczennika-2-2\\\/\"},\"wordCount\":1485,\"commentCount\":0,\"publisher\":{\"@id\":\"https:\\\/\\\/wobronietradycjiiwiary.com\\\/pl\\\/#organization\"},\"image\":{\"@id\":\"https:\\\/\\\/wobronietradycjiiwiary.com\\\/30-go-marca-zywot-swietego-kwiryna-meczennika-2-2\\\/#primaryimage\"},\"thumbnailUrl\":\"https:\\\/\\\/wobronietradycjiiwiary.com\\\/wp-content\\\/uploads\\\/2021\\\/03\\\/Quirinus.jpg\",\"keywords\":[\"m\u0119scy \u015bwi\u0119ci\"],\"articleSection\":[\"03. \u015awi\u0119ta w marcu\",\"Duchowo\u015b\u0107\",\"Liturgia i liturgika\",\"M\u0119scy \u015bwi\u0119ci\",\"Rozwa\u017cania liturgiczne\",\"\u017bywoty \u015awi\u0119tych\"],\"inLanguage\":\"pl-PL\",\"potentialAction\":[{\"@type\":\"CommentAction\",\"name\":\"Comment\",\"target\":[\"https:\\\/\\\/wobronietradycjiiwiary.com\\\/30-go-marca-zywot-swietego-kwiryna-meczennika-2-2\\\/#respond\"]}]},{\"@type\":\"WebPage\",\"@id\":\"https:\\\/\\\/wobronietradycjiiwiary.com\\\/30-go-marca-zywot-swietego-kwiryna-meczennika-2-2\\\/\",\"url\":\"https:\\\/\\\/wobronietradycjiiwiary.com\\\/30-go-marca-zywot-swietego-kwiryna-meczennika-2-2\\\/\",\"name\":\"30-go Marca. \u017bywot \u015bwi\u0119tego Kwiryna, M\u0119czennika. - Tradycja i Wiara\",\"isPartOf\":{\"@id\":\"https:\\\/\\\/wobronietradycjiiwiary.com\\\/pl\\\/#website\"},\"primaryImageOfPage\":{\"@id\":\"https:\\\/\\\/wobronietradycjiiwiary.com\\\/30-go-marca-zywot-swietego-kwiryna-meczennika-2-2\\\/#primaryimage\"},\"image\":{\"@id\":\"https:\\\/\\\/wobronietradycjiiwiary.com\\\/30-go-marca-zywot-swietego-kwiryna-meczennika-2-2\\\/#primaryimage\"},\"thumbnailUrl\":\"https:\\\/\\\/wobronietradycjiiwiary.com\\\/wp-content\\\/uploads\\\/2021\\\/03\\\/Quirinus.jpg\",\"datePublished\":\"2023-03-30T06:15:34+00:00\",\"dateModified\":\"2025-02-10T10:50:38+00:00\",\"breadcrumb\":{\"@id\":\"https:\\\/\\\/wobronietradycjiiwiary.com\\\/30-go-marca-zywot-swietego-kwiryna-meczennika-2-2\\\/#breadcrumb\"},\"inLanguage\":\"pl-PL\",\"potentialAction\":[{\"@type\":\"ReadAction\",\"target\":[\"https:\\\/\\\/wobronietradycjiiwiary.com\\\/30-go-marca-zywot-swietego-kwiryna-meczennika-2-2\\\/\"]}]},{\"@type\":\"ImageObject\",\"inLanguage\":\"pl-PL\",\"@id\":\"https:\\\/\\\/wobronietradycjiiwiary.com\\\/30-go-marca-zywot-swietego-kwiryna-meczennika-2-2\\\/#primaryimage\",\"url\":\"https:\\\/\\\/wobronietradycjiiwiary.com\\\/wp-content\\\/uploads\\\/2021\\\/03\\\/Quirinus.jpg\",\"contentUrl\":\"https:\\\/\\\/wobronietradycjiiwiary.com\\\/wp-content\\\/uploads\\\/2021\\\/03\\\/Quirinus.jpg\",\"width\":669,\"height\":1001},{\"@type\":\"BreadcrumbList\",\"@id\":\"https:\\\/\\\/wobronietradycjiiwiary.com\\\/30-go-marca-zywot-swietego-kwiryna-meczennika-2-2\\\/#breadcrumb\",\"itemListElement\":[{\"@type\":\"ListItem\",\"position\":1,\"name\":\"Strona g\u0142\u00f3wna\",\"item\":\"https:\\\/\\\/wobronietradycjiiwiary.com\\\/\"},{\"@type\":\"ListItem\",\"position\":2,\"name\":\"30-go Marca. \u017bywot \u015bwi\u0119tego Kwiryna, M\u0119czennika.\"}]},{\"@type\":\"WebSite\",\"@id\":\"https:\\\/\\\/wobronietradycjiiwiary.com\\\/pl\\\/#website\",\"url\":\"https:\\\/\\\/wobronietradycjiiwiary.com\\\/pl\\\/\",\"name\":\"Tradycja i Wiara\",\"description\":\"Portal dla katolik\u00f3w.\",\"publisher\":{\"@id\":\"https:\\\/\\\/wobronietradycjiiwiary.com\\\/pl\\\/#organization\"},\"potentialAction\":[{\"@type\":\"SearchAction\",\"target\":{\"@type\":\"EntryPoint\",\"urlTemplate\":\"https:\\\/\\\/wobronietradycjiiwiary.com\\\/pl\\\/?s={search_term_string}\"},\"query-input\":{\"@type\":\"PropertyValueSpecification\",\"valueRequired\":true,\"valueName\":\"search_term_string\"}}],\"inLanguage\":\"pl-PL\"},{\"@type\":\"Organization\",\"@id\":\"https:\\\/\\\/wobronietradycjiiwiary.com\\\/pl\\\/#organization\",\"name\":\"Tradycja i Wiara\",\"url\":\"https:\\\/\\\/wobronietradycjiiwiary.com\\\/pl\\\/\",\"logo\":{\"@type\":\"ImageObject\",\"inLanguage\":\"pl-PL\",\"@id\":\"https:\\\/\\\/wobronietradycjiiwiary.com\\\/pl\\\/#\\\/schema\\\/logo\\\/image\\\/\",\"url\":\"https:\\\/\\\/i0.wp.com\\\/wobronietradycjiiwiary.com\\\/wp-content\\\/uploads\\\/2015\\\/10\\\/cropped-st-peters-dome-vatican.jpg?fit=940%2C198&ssl=1\",\"contentUrl\":\"https:\\\/\\\/i0.wp.com\\\/wobronietradycjiiwiary.com\\\/wp-content\\\/uploads\\\/2015\\\/10\\\/cropped-st-peters-dome-vatican.jpg?fit=940%2C198&ssl=1\",\"width\":940,\"height\":198,\"caption\":\"Tradycja i Wiara\"},\"image\":{\"@id\":\"https:\\\/\\\/wobronietradycjiiwiary.com\\\/pl\\\/#\\\/schema\\\/logo\\\/image\\\/\"},\"sameAs\":[\"https:\\\/\\\/www.facebook.com\\\/Tradycja-i-Wiara-108813920592249\"]},{\"@type\":\"Person\",\"@id\":\"https:\\\/\\\/wobronietradycjiiwiary.com\\\/pl\\\/#\\\/schema\\\/person\\\/2d6180ce6abcb681fef0daab7816e8f3\",\"name\":\"Traditio et Fides\",\"sameAs\":[\"https:\\\/\\\/traditionundglauben.com\"],\"url\":\"https:\\\/\\\/wobronietradycjiiwiary.com\\\/pl\\\/author\\\/wobronietradycjiiwiary\\\/\"}]}<\/script>\n<!-- \/ Yoast SEO plugin. -->","yoast_head_json":{"title":"30-go Marca. \u017bywot \u015bwi\u0119tego Kwiryna, M\u0119czennika. - Tradycja i Wiara","robots":{"index":"index","follow":"follow","max-snippet":"max-snippet:-1","max-image-preview":"max-image-preview:large","max-video-preview":"max-video-preview:-1"},"canonical":"https:\/\/wobronietradycjiiwiary.com\/pl\/30-go-marca-zywot-swietego-kwiryna-meczennika-2-2\/","og_locale":"pl_PL","og_type":"article","og_title":"30-go Marca. \u017bywot \u015bwi\u0119tego Kwiryna, M\u0119czennika. - Tradycja i Wiara","og_description":"Gdyby nie naro\u015bl pod gard\u0142em Balbiny, ona i jej ojciec Kwiryn nie nawr\u00f3ciliby si\u0119 i nie ponie\u015bliby m\u0119cze\u0144stwa. Dziwne s\u0105 te drogi Opatrzno\u015bci.","og_url":"https:\/\/wobronietradycjiiwiary.com\/pl\/30-go-marca-zywot-swietego-kwiryna-meczennika-2-2\/","og_site_name":"Tradycja i Wiara","article_publisher":"https:\/\/www.facebook.com\/Tradycja-i-Wiara-108813920592249","article_published_time":"2023-03-30T06:15:34+00:00","article_modified_time":"2025-02-10T10:50:38+00:00","og_image":[{"width":669,"height":1001,"url":"https:\/\/wobronietradycjiiwiary.com\/wp-content\/uploads\/2021\/03\/Quirinus.jpg","type":"image\/jpeg"}],"author":"Traditio et Fides","twitter_card":"summary_large_image","twitter_misc":{"Napisane przez":"Traditio et Fides","Szacowany czas czytania":"7 minut"},"schema":{"@context":"https:\/\/schema.org","@graph":[{"@type":"Article","@id":"https:\/\/wobronietradycjiiwiary.com\/30-go-marca-zywot-swietego-kwiryna-meczennika-2-2\/#article","isPartOf":{"@id":"https:\/\/wobronietradycjiiwiary.com\/30-go-marca-zywot-swietego-kwiryna-meczennika-2-2\/"},"author":{"name":"Traditio et Fides","@id":"https:\/\/wobronietradycjiiwiary.com\/pl\/#\/schema\/person\/2d6180ce6abcb681fef0daab7816e8f3"},"headline":"30-go Marca. \u017bywot \u015bwi\u0119tego Kwiryna, M\u0119czennika.","datePublished":"2023-03-30T06:15:34+00:00","dateModified":"2025-02-10T10:50:38+00:00","mainEntityOfPage":{"@id":"https:\/\/wobronietradycjiiwiary.com\/30-go-marca-zywot-swietego-kwiryna-meczennika-2-2\/"},"wordCount":1485,"commentCount":0,"publisher":{"@id":"https:\/\/wobronietradycjiiwiary.com\/pl\/#organization"},"image":{"@id":"https:\/\/wobronietradycjiiwiary.com\/30-go-marca-zywot-swietego-kwiryna-meczennika-2-2\/#primaryimage"},"thumbnailUrl":"https:\/\/wobronietradycjiiwiary.com\/wp-content\/uploads\/2021\/03\/Quirinus.jpg","keywords":["m\u0119scy \u015bwi\u0119ci"],"articleSection":["03. \u015awi\u0119ta w marcu","Duchowo\u015b\u0107","Liturgia i liturgika","M\u0119scy \u015bwi\u0119ci","Rozwa\u017cania liturgiczne","\u017bywoty \u015awi\u0119tych"],"inLanguage":"pl-PL","potentialAction":[{"@type":"CommentAction","name":"Comment","target":["https:\/\/wobronietradycjiiwiary.com\/30-go-marca-zywot-swietego-kwiryna-meczennika-2-2\/#respond"]}]},{"@type":"WebPage","@id":"https:\/\/wobronietradycjiiwiary.com\/30-go-marca-zywot-swietego-kwiryna-meczennika-2-2\/","url":"https:\/\/wobronietradycjiiwiary.com\/30-go-marca-zywot-swietego-kwiryna-meczennika-2-2\/","name":"30-go Marca. \u017bywot \u015bwi\u0119tego Kwiryna, M\u0119czennika. - Tradycja i Wiara","isPartOf":{"@id":"https:\/\/wobronietradycjiiwiary.com\/pl\/#website"},"primaryImageOfPage":{"@id":"https:\/\/wobronietradycjiiwiary.com\/30-go-marca-zywot-swietego-kwiryna-meczennika-2-2\/#primaryimage"},"image":{"@id":"https:\/\/wobronietradycjiiwiary.com\/30-go-marca-zywot-swietego-kwiryna-meczennika-2-2\/#primaryimage"},"thumbnailUrl":"https:\/\/wobronietradycjiiwiary.com\/wp-content\/uploads\/2021\/03\/Quirinus.jpg","datePublished":"2023-03-30T06:15:34+00:00","dateModified":"2025-02-10T10:50:38+00:00","breadcrumb":{"@id":"https:\/\/wobronietradycjiiwiary.com\/30-go-marca-zywot-swietego-kwiryna-meczennika-2-2\/#breadcrumb"},"inLanguage":"pl-PL","potentialAction":[{"@type":"ReadAction","target":["https:\/\/wobronietradycjiiwiary.com\/30-go-marca-zywot-swietego-kwiryna-meczennika-2-2\/"]}]},{"@type":"ImageObject","inLanguage":"pl-PL","@id":"https:\/\/wobronietradycjiiwiary.com\/30-go-marca-zywot-swietego-kwiryna-meczennika-2-2\/#primaryimage","url":"https:\/\/wobronietradycjiiwiary.com\/wp-content\/uploads\/2021\/03\/Quirinus.jpg","contentUrl":"https:\/\/wobronietradycjiiwiary.com\/wp-content\/uploads\/2021\/03\/Quirinus.jpg","width":669,"height":1001},{"@type":"BreadcrumbList","@id":"https:\/\/wobronietradycjiiwiary.com\/30-go-marca-zywot-swietego-kwiryna-meczennika-2-2\/#breadcrumb","itemListElement":[{"@type":"ListItem","position":1,"name":"Strona g\u0142\u00f3wna","item":"https:\/\/wobronietradycjiiwiary.com\/"},{"@type":"ListItem","position":2,"name":"30-go Marca. \u017bywot \u015bwi\u0119tego Kwiryna, M\u0119czennika."}]},{"@type":"WebSite","@id":"https:\/\/wobronietradycjiiwiary.com\/pl\/#website","url":"https:\/\/wobronietradycjiiwiary.com\/pl\/","name":"Tradycja i Wiara","description":"Portal dla katolik\u00f3w.","publisher":{"@id":"https:\/\/wobronietradycjiiwiary.com\/pl\/#organization"},"potentialAction":[{"@type":"SearchAction","target":{"@type":"EntryPoint","urlTemplate":"https:\/\/wobronietradycjiiwiary.com\/pl\/?s={search_term_string}"},"query-input":{"@type":"PropertyValueSpecification","valueRequired":true,"valueName":"search_term_string"}}],"inLanguage":"pl-PL"},{"@type":"Organization","@id":"https:\/\/wobronietradycjiiwiary.com\/pl\/#organization","name":"Tradycja i Wiara","url":"https:\/\/wobronietradycjiiwiary.com\/pl\/","logo":{"@type":"ImageObject","inLanguage":"pl-PL","@id":"https:\/\/wobronietradycjiiwiary.com\/pl\/#\/schema\/logo\/image\/","url":"https:\/\/i0.wp.com\/wobronietradycjiiwiary.com\/wp-content\/uploads\/2015\/10\/cropped-st-peters-dome-vatican.jpg?fit=940%2C198&ssl=1","contentUrl":"https:\/\/i0.wp.com\/wobronietradycjiiwiary.com\/wp-content\/uploads\/2015\/10\/cropped-st-peters-dome-vatican.jpg?fit=940%2C198&ssl=1","width":940,"height":198,"caption":"Tradycja i Wiara"},"image":{"@id":"https:\/\/wobronietradycjiiwiary.com\/pl\/#\/schema\/logo\/image\/"},"sameAs":["https:\/\/www.facebook.com\/Tradycja-i-Wiara-108813920592249"]},{"@type":"Person","@id":"https:\/\/wobronietradycjiiwiary.com\/pl\/#\/schema\/person\/2d6180ce6abcb681fef0daab7816e8f3","name":"Traditio et Fides","sameAs":["https:\/\/traditionundglauben.com"],"url":"https:\/\/wobronietradycjiiwiary.com\/pl\/author\/wobronietradycjiiwiary\/"}]}},"jetpack_publicize_connections":[],"jetpack_sharing_enabled":true,"jetpack_likes_enabled":true,"jetpack_shortlink":"https:\/\/wp.me\/pc04Sd-mrJ","jetpack-related-posts":[{"id":133392,"url":"https:\/\/wobronietradycjiiwiary.com\/pl\/30-go-marca-zywot-swietego-kwiryna-meczennika-2-2-2-2\/","url_meta":{"origin":86287,"position":0},"title":"30-go Marca. \u017bywot \u015bwi\u0119tego Kwiryna, M\u0119czennika.","author":"Traditio et Fides","date":"30 marca 2025","format":false,"excerpt":"Gdyby nie naro\u015bl pod gard\u0142em Balbiny, ona i jej ojciec Kwiryn nie nawr\u00f3ciliby si\u0119 i nie ponie\u015bliby m\u0119cze\u0144stwa. Dziwne s\u0105 te drogi Opatrzno\u015bci.","rel":"","context":"W \u201e03. \u015awi\u0119ta w marcu&quot;","block_context":{"text":"03. \u015awi\u0119ta w marcu","link":"https:\/\/wobronietradycjiiwiary.com\/pl\/category\/duchowosc\/liturgia-i-liturgika\/rozwazania\/rok-liturgiczny\/swieta-w-marcu\/"},"img":{"alt_text":"","src":"https:\/\/i0.wp.com\/wobronietradycjiiwiary.com\/wp-content\/uploads\/2021\/03\/Quirinus.jpg?resize=350%2C200&ssl=1","width":350,"height":200,"srcset":"https:\/\/i0.wp.com\/wobronietradycjiiwiary.com\/wp-content\/uploads\/2021\/03\/Quirinus.jpg?resize=350%2C200&ssl=1 1x, https:\/\/i0.wp.com\/wobronietradycjiiwiary.com\/wp-content\/uploads\/2021\/03\/Quirinus.jpg?resize=525%2C300&ssl=1 1.5x"},"classes":[]},{"id":113339,"url":"https:\/\/wobronietradycjiiwiary.com\/pl\/30-go-marca-zywot-swietego-kwiryna-meczennika-2-2-2\/","url_meta":{"origin":86287,"position":1},"title":"30-go Marca. \u017bywot \u015bwi\u0119tego Kwiryna, M\u0119czennika.","author":"Traditio et Fides","date":"30 marca 2024","format":false,"excerpt":"Gdyby nie naro\u015bl pod gard\u0142em Balbiny, ona i jej ojciec Kwiryn nie nawr\u00f3ciliby si\u0119 i nie ponie\u015bliby m\u0119cze\u0144stwa. Dziwne s\u0105 te drogi Opatrzno\u015bci.","rel":"","context":"W \u201e03. \u015awi\u0119ta w marcu&quot;","block_context":{"text":"03. \u015awi\u0119ta w marcu","link":"https:\/\/wobronietradycjiiwiary.com\/pl\/category\/duchowosc\/liturgia-i-liturgika\/rozwazania\/rok-liturgiczny\/swieta-w-marcu\/"},"img":{"alt_text":"","src":"https:\/\/i0.wp.com\/wobronietradycjiiwiary.com\/wp-content\/uploads\/2021\/03\/Quirinus.jpg?resize=350%2C200&ssl=1","width":350,"height":200,"srcset":"https:\/\/i0.wp.com\/wobronietradycjiiwiary.com\/wp-content\/uploads\/2021\/03\/Quirinus.jpg?resize=350%2C200&ssl=1 1x, https:\/\/i0.wp.com\/wobronietradycjiiwiary.com\/wp-content\/uploads\/2021\/03\/Quirinus.jpg?resize=525%2C300&ssl=1 1.5x"},"classes":[]},{"id":44364,"url":"https:\/\/wobronietradycjiiwiary.com\/pl\/30-go-marca-zywot-swietego-kwiryna-meczennika\/","url_meta":{"origin":86287,"position":2},"title":"30-go Marca. \u017bywot \u015bwi\u0119tego Kwiryna, M\u0119czennika.","author":"Traditio et Fides","date":"30 marca 2021","format":false,"excerpt":"Gdyby nie naro\u015bl pod gard\u0142em Balbiny, ona i jej ojciec Kwiryn nie nawr\u00f3ciliby si\u0119 i nie ponie\u015bliby m\u0119cze\u0144stwa. Dziwne s\u0105 te drogi Opatrzno\u015bci.","rel":"","context":"W \u201e03. \u015awi\u0119ta w marcu&quot;","block_context":{"text":"03. \u015awi\u0119ta w marcu","link":"https:\/\/wobronietradycjiiwiary.com\/pl\/category\/duchowosc\/liturgia-i-liturgika\/rozwazania\/rok-liturgiczny\/swieta-w-marcu\/"},"img":{"alt_text":"","src":"https:\/\/i0.wp.com\/wobronietradycjiiwiary.com\/wp-content\/uploads\/2021\/03\/Quirinus.jpg?resize=350%2C200&ssl=1","width":350,"height":200,"srcset":"https:\/\/i0.wp.com\/wobronietradycjiiwiary.com\/wp-content\/uploads\/2021\/03\/Quirinus.jpg?resize=350%2C200&ssl=1 1x, https:\/\/i0.wp.com\/wobronietradycjiiwiary.com\/wp-content\/uploads\/2021\/03\/Quirinus.jpg?resize=525%2C300&ssl=1 1.5x"},"classes":[]},{"id":45008,"url":"https:\/\/wobronietradycjiiwiary.com\/pl\/30-go-marca-zywot-swietego-kwiryna-meczennika-2\/","url_meta":{"origin":86287,"position":3},"title":"30-go Marca. \u017bywot \u015bwi\u0119tego Kwiryna, M\u0119czennika.","author":"Traditio et Fides","date":"30 marca 2022","format":false,"excerpt":"Gdyby nie naro\u015bl pod gard\u0142em Balbiny, ona i jej ojciec Kwiryn nie nawr\u00f3ciliby si\u0119 i nie ponie\u015bliby m\u0119cze\u0144stwa. Dziwne s\u0105 te drogi Opatrzno\u015bci.","rel":"","context":"W \u201e03. \u015awi\u0119ta w marcu&quot;","block_context":{"text":"03. \u015awi\u0119ta w marcu","link":"https:\/\/wobronietradycjiiwiary.com\/pl\/category\/duchowosc\/liturgia-i-liturgika\/rozwazania\/rok-liturgiczny\/swieta-w-marcu\/"},"img":{"alt_text":"","src":"https:\/\/i0.wp.com\/wobronietradycjiiwiary.com\/wp-content\/uploads\/2021\/03\/Quirinus.jpg?resize=350%2C200&ssl=1","width":350,"height":200,"srcset":"https:\/\/i0.wp.com\/wobronietradycjiiwiary.com\/wp-content\/uploads\/2021\/03\/Quirinus.jpg?resize=350%2C200&ssl=1 1x, https:\/\/i0.wp.com\/wobronietradycjiiwiary.com\/wp-content\/uploads\/2021\/03\/Quirinus.jpg?resize=525%2C300&ssl=1 1.5x"},"classes":[]},{"id":88683,"url":"https:\/\/wobronietradycjiiwiary.com\/pl\/13-go-kwietnia-zywot-swietego-hermenegilda-krola-i-meczennika-2-2\/","url_meta":{"origin":86287,"position":4},"title":"13-go Kwietnia. \u017bywot \u015bwi\u0119tego Hermenegilda, Kr\u00f3la i M\u0119czennika.","author":"Traditio et Fides","date":"13 kwietnia 2023","format":false,"excerpt":"Rz\u0105dy Got\u00f3w w Europie, w tym Wizygot\u00f3w w Hiszpanii to rz\u0105dy arian. Chocia\u017c Ko\u015bci\u00f3\u0142 na Zachodzie w sz\u00f3stym wieku doktrynalnie przezwyci\u0119\u017cy\u0142 t\u0119 herezj\u0119, to nawr\u00f3ceni barbarzy\u0144cy byli w wi\u0119kszo\u015bci arianami. \u015aw. Hermenegild nawr\u00f3ci\u0142 si\u0119 dzi\u0119ki swojej \u017conie podziwiaj\u0105c jej cierpliwo\u015b\u0107. Wi\u0119c \u017cony czasami maj\u0105 wp\u0142yw na swoich m\u0119\u017c\u00f3w, reszta stosunk\u00f3w\u2026","rel":"","context":"W \u201e04. \u015awi\u0119ta w kwietniu&quot;","block_context":{"text":"04. \u015awi\u0119ta w kwietniu","link":"https:\/\/wobronietradycjiiwiary.com\/pl\/category\/duchowosc\/liturgia-i-liturgika\/rozwazania\/rok-liturgiczny\/swieta-w-kwietniu\/"},"img":{"alt_text":"","src":"https:\/\/i0.wp.com\/wobronietradycjiiwiary.com\/wp-content\/uploads\/2021\/04\/Hermenegildo-scaled.jpg?resize=350%2C200&ssl=1","width":350,"height":200,"srcset":"https:\/\/i0.wp.com\/wobronietradycjiiwiary.com\/wp-content\/uploads\/2021\/04\/Hermenegildo-scaled.jpg?resize=350%2C200&ssl=1 1x, https:\/\/i0.wp.com\/wobronietradycjiiwiary.com\/wp-content\/uploads\/2021\/04\/Hermenegildo-scaled.jpg?resize=525%2C300&ssl=1 1.5x, https:\/\/i0.wp.com\/wobronietradycjiiwiary.com\/wp-content\/uploads\/2021\/04\/Hermenegildo-scaled.jpg?resize=700%2C400&ssl=1 2x, https:\/\/i0.wp.com\/wobronietradycjiiwiary.com\/wp-content\/uploads\/2021\/04\/Hermenegildo-scaled.jpg?resize=1050%2C600&ssl=1 3x"},"classes":[]},{"id":45603,"url":"https:\/\/wobronietradycjiiwiary.com\/pl\/13-go-kwietnia-zywot-swietego-hermenegilda-krola-i-meczennika\/","url_meta":{"origin":86287,"position":5},"title":"13-go Kwietnia. \u017bywot \u015bwi\u0119tego Hermenegilda, Kr\u00f3la i M\u0119czennika.","author":"Traditio et Fides","date":"13 kwietnia 2021","format":false,"excerpt":"Rz\u0105dy Got\u00f3w w Europie, w tym Wizygot\u00f3w w Hiszpanii to rz\u0105dy arian. Chocia\u017c Ko\u015bci\u00f3\u0142 na Zachodzie w sz\u00f3stym wieku doktrynalnie przezwyci\u0119\u017cy\u0142 t\u0119 herezj\u0119, to nawr\u00f3ceni barbarzy\u0144cy byli w wi\u0119kszo\u015bci arianami. \u015aw. Hermenegild nawr\u00f3ci\u0142 si\u0119 dzi\u0119ki swojej \u017conie podziwiaj\u0105c jej cierpliwo\u015b\u0107. Wi\u0119c \u017cony czasami maj\u0105 wp\u0142yw na swoich m\u0119\u017c\u00f3w, reszta stosunk\u00f3w\u2026","rel":"","context":"W \u201e04. \u015awi\u0119ta w kwietniu&quot;","block_context":{"text":"04. \u015awi\u0119ta w kwietniu","link":"https:\/\/wobronietradycjiiwiary.com\/pl\/category\/duchowosc\/liturgia-i-liturgika\/rozwazania\/rok-liturgiczny\/swieta-w-kwietniu\/"},"img":{"alt_text":"","src":"https:\/\/i0.wp.com\/wobronietradycjiiwiary.com\/wp-content\/uploads\/2021\/04\/Hermenegildo-scaled.jpg?resize=350%2C200&ssl=1","width":350,"height":200,"srcset":"https:\/\/i0.wp.com\/wobronietradycjiiwiary.com\/wp-content\/uploads\/2021\/04\/Hermenegildo-scaled.jpg?resize=350%2C200&ssl=1 1x, https:\/\/i0.wp.com\/wobronietradycjiiwiary.com\/wp-content\/uploads\/2021\/04\/Hermenegildo-scaled.jpg?resize=525%2C300&ssl=1 1.5x, https:\/\/i0.wp.com\/wobronietradycjiiwiary.com\/wp-content\/uploads\/2021\/04\/Hermenegildo-scaled.jpg?resize=700%2C400&ssl=1 2x, https:\/\/i0.wp.com\/wobronietradycjiiwiary.com\/wp-content\/uploads\/2021\/04\/Hermenegildo-scaled.jpg?resize=1050%2C600&ssl=1 3x"},"classes":[]}],"amp_enabled":true,"jetpack_featured_media_url":"https:\/\/wobronietradycjiiwiary.com\/wp-content\/uploads\/2021\/03\/Quirinus.jpg","_links":{"self":[{"href":"https:\/\/wobronietradycjiiwiary.com\/pl\/wp-json\/wp\/v2\/posts\/86287","targetHints":{"allow":["GET"]}}],"collection":[{"href":"https:\/\/wobronietradycjiiwiary.com\/pl\/wp-json\/wp\/v2\/posts"}],"about":[{"href":"https:\/\/wobronietradycjiiwiary.com\/pl\/wp-json\/wp\/v2\/types\/post"}],"author":[{"embeddable":true,"href":"https:\/\/wobronietradycjiiwiary.com\/pl\/wp-json\/wp\/v2\/users\/60508433"}],"replies":[{"embeddable":true,"href":"https:\/\/wobronietradycjiiwiary.com\/pl\/wp-json\/wp\/v2\/comments?post=86287"}],"version-history":[{"count":1,"href":"https:\/\/wobronietradycjiiwiary.com\/pl\/wp-json\/wp\/v2\/posts\/86287\/revisions"}],"predecessor-version":[{"id":86502,"href":"https:\/\/wobronietradycjiiwiary.com\/pl\/wp-json\/wp\/v2\/posts\/86287\/revisions\/86502"}],"wp:featuredmedia":[{"embeddable":true,"href":"https:\/\/wobronietradycjiiwiary.com\/pl\/wp-json\/wp\/v2\/media\/44368"}],"wp:attachment":[{"href":"https:\/\/wobronietradycjiiwiary.com\/pl\/wp-json\/wp\/v2\/media?parent=86287"}],"wp:term":[{"taxonomy":"category","embeddable":true,"href":"https:\/\/wobronietradycjiiwiary.com\/pl\/wp-json\/wp\/v2\/categories?post=86287"},{"taxonomy":"post_tag","embeddable":true,"href":"https:\/\/wobronietradycjiiwiary.com\/pl\/wp-json\/wp\/v2\/tags?post=86287"}],"curies":[{"name":"wp","href":"https:\/\/api.w.org\/{rel}","templated":true}]}}