{"id":86253,"date":"2023-03-18T19:00:52","date_gmt":"2023-03-18T18:00:52","guid":{"rendered":"https:\/\/wobronietradycjiiwiary.com\/?p=86253"},"modified":"2025-02-07T15:58:19","modified_gmt":"2025-02-07T14:58:19","slug":"proprium-missae-iv-niedziela-wielkiego-postu-dominica-iv-in-quadragesima-5-2-2","status":"publish","type":"post","link":"https:\/\/wobronietradycjiiwiary.com\/pl\/proprium-missae-iv-niedziela-wielkiego-postu-dominica-iv-in-quadragesima-5-2-2\/","title":{"rendered":"Proprium missae &#8211; IV Niedziela Wielkiego Postu &#8211; Dominica IV in Quadragesima"},"content":{"rendered":"<div id=\"bsf_rt_marker\"><\/div><p> <span class=\"embed-youtube\" style=\"text-align:center; display: block;\"><iframe class=\"youtube-player\" width=\"580\" height=\"327\" src=\"https:\/\/www.youtube.com\/embed\/WbSqbxaOfTc?version=3&#038;rel=1&#038;showsearch=0&#038;showinfo=1&#038;iv_load_policy=1&#038;fs=1&#038;hl=pl-PL&#038;autohide=2&#038;wmode=transparent\" allowfullscreen=\"true\" style=\"border:0;\" sandbox=\"allow-scripts allow-same-origin allow-popups allow-presentation allow-popups-to-escape-sandbox\"><\/iframe><\/span><\/p>\n<table>\n<tbody>\n<tr>\n<td colspan=\"2\" width=\"614\"><strong><em>INTROITUS<\/em><\/strong><\/td>\n<\/tr>\n<tr>\n<td width=\"307\"><em>Is 66:10 et 11.<\/em><br \/>\n<strong><em>L<\/em><\/strong>\u00e6t\u00e1re, Ier\u00fasalem: et conv\u00e9ntum f\u00e1cite, omnes qui dil\u00edgitis eam: gaud\u00e9te cum l\u00e6t\u00edtia, qui in trist\u00edtia fu\u00edstis: ut exsult\u00e9tis, et sati\u00e9mini ab ub\u00e9ribus consolati\u00f3nis vestr\u00e6.<em>Ps 121:1.<\/em><br \/>\nL\u00e6t\u00e1tus sum in his, qu\u00e6 dicta sunt mihi: in domum D\u00f3mini \u00edbimus.<br \/>\n<em>V.<\/em> Gl\u00f3ria Patri, et F\u00edlio, et Spir\u00edtui Sancto.<br \/>\n<em>R.<\/em> Sicut erat in princ\u00edpio, et nunc, et semper, et in saecula saecul\u00f3rum. Amen<em>Is 66:10 et 11.<\/em><br \/>\n<strong><em>L<\/em><\/strong>\u00e6t\u00e1re, Ier\u00fasalem: et conv\u00e9ntum f\u00e1cite, omnes qui dil\u00edgitis eam: gaud\u00e9te cum l\u00e6t\u00edtia, qui in trist\u00edtia fu\u00edstis: ut exsult\u00e9tis, et sati\u00e9mini ab ub\u00e9ribus consolati\u00f3nis vestr\u00e6.<\/td>\n<td width=\"307\"><em>Iz 66:10-11<\/em><br \/>\n<strong><em>W<\/em><\/strong>esel si\u0119, Jeruzalem! A wszyscy, kt\u00f3rzy je mi\u0142ujecie, \u015bpieszcie tu gromadnie; bierzcie udzia\u0142 w jego rado\u015bci, kt\u00f3rzy\u015bcie spo\u0142em si\u0119 smucili; radujcie si\u0119 i nasycajcie rozkosz\u0105 \u2013 tutaj u \u017ar\u00f3de\u0142 waszej pociechy.<br \/>\n<em>Ps 121:1<\/em><br \/>\nUradowa\u0142em si\u0119, bo mi powiedziano: P\u00f3jdziemy do domu Pa\u0144skiego.<br \/>\n<em>V.<\/em> Chwa\u0142a Ojcu, i Synowi i Duchowi \u015awi\u0119temu.<br \/>\n<em>R.<\/em> Jak by\u0142a na pocz\u0105tku, teraz i zawsze i na wieki wiek\u00f3w. Amen.<em>Iz 66:10-11<\/em><br \/>\n<strong><em>W<\/em><\/strong>esel si\u0119, Jeruzalem! A wszyscy, kt\u00f3rzy je mi\u0142ujecie, \u015bpieszcie tu gromadnie; bierzcie udzia\u0142 w jego rado\u015bci, kt\u00f3rzy\u015bcie spo\u0142em si\u0119 smucili; radujcie si\u0119 i nasycajcie rozkosz\u0105 \u2013 tutaj u \u017ar\u00f3de\u0142 waszej pociechy.<\/td>\n<\/tr>\n<\/tbody>\n<\/table>\n<p> <span class=\"embed-youtube\" style=\"text-align:center; display: block;\"><iframe class=\"youtube-player\" width=\"580\" height=\"327\" src=\"https:\/\/www.youtube.com\/embed\/U9ZuTZsbd9Q?version=3&#038;rel=1&#038;showsearch=0&#038;showinfo=1&#038;iv_load_policy=1&#038;fs=1&#038;hl=pl-PL&#038;autohide=2&#038;wmode=transparent\" allowfullscreen=\"true\" style=\"border:0;\" sandbox=\"allow-scripts allow-same-origin allow-popups allow-presentation allow-popups-to-escape-sandbox\"><\/iframe><\/span><\/p>\n<table>\n<tbody>\n<tr>\n<td colspan=\"2\" width=\"614\"><strong><em>GRADUALE<\/em><\/strong><\/td>\n<\/tr>\n<tr>\n<td width=\"307\"><em>Ps 121:1, 7<\/em><br \/>\nL\u00e6t\u00e1tus sum in his, qu\u00e6 dicta sunt mihi: in domum D\u00f3mini \u00edbimus.<br \/>\n<em>V.<\/em> Fiat pax in virt\u00fate tua: et abund\u00e1ntia in t\u00farribus tuis.<\/td>\n<td width=\"307\"><em>Ps 121:1, 7<\/em><br \/>\nUradowa\u0142em si\u0119, bo mi powiedziano: P\u00f3jdziemy do domu Pa\u0144skiego.<br \/>\n<em>V.<\/em> Niech pok\u00f3j b\u0119dzie w murach twoich, a bezpiecze\u0144stwo w twych pa\u0142acach.<\/td>\n<\/tr>\n<\/tbody>\n<\/table>\n<p> <span class=\"embed-youtube\" style=\"text-align:center; display: block;\"><iframe class=\"youtube-player\" width=\"580\" height=\"327\" src=\"https:\/\/www.youtube.com\/embed\/FrQDes1a0g8?version=3&#038;rel=1&#038;showsearch=0&#038;showinfo=1&#038;iv_load_policy=1&#038;fs=1&#038;hl=pl-PL&#038;autohide=2&#038;wmode=transparent\" allowfullscreen=\"true\" style=\"border:0;\" sandbox=\"allow-scripts allow-same-origin allow-popups allow-presentation allow-popups-to-escape-sandbox\"><\/iframe><\/span><\/p>\n<table>\n<tbody>\n<tr>\n<td colspan=\"2\" width=\"614\"><strong><em>TRACTUS<\/em><\/strong><\/td>\n<\/tr>\n<tr>\n<td width=\"307\"><em>124:1-2<\/em><br \/>\nQui conf\u00eddunt in D\u00f3mino, sicut mons Sion: non commov\u00e9bitur in \u00e6t\u00e9rnum, qui h\u00e1bitat in Ier\u00fasalem.<br \/>\n<em>V.<\/em> Montes in circ\u00faitu eius: et D\u00f3minus in circ\u00faitu p\u00f3puli sui, ex hoc nunc et usque in saeculum.<\/td>\n<td width=\"307\"><em>124:1-2<\/em><br \/>\nUfaj\u0105cy Panu s\u0105 jak g\u00f3ra Syjon, co si\u0119 nie porusza, ale trwa na wieki.<br \/>\n<em>V.<\/em> Jerozolim\u0119 otaczaj\u0105 g\u00f3ry: tak Pan sw\u00f3j lud otacza i teraz, i na wieki.<\/td>\n<\/tr>\n<\/tbody>\n<\/table>\n<p><span class=\"embed-youtube\" style=\"text-align:center; display: block;\"><iframe class=\"youtube-player\" width=\"580\" height=\"327\" src=\"https:\/\/www.youtube.com\/embed\/fVcTHqMj_gE?version=3&#038;rel=1&#038;showsearch=0&#038;showinfo=1&#038;iv_load_policy=1&#038;fs=1&#038;hl=pl-PL&#038;autohide=2&#038;wmode=transparent\" allowfullscreen=\"true\" style=\"border:0;\" sandbox=\"allow-scripts allow-same-origin allow-popups allow-presentation allow-popups-to-escape-sandbox\"><\/iframe><\/span><\/p>\n<table>\n<tbody>\n<tr>\n<td colspan=\"2\" width=\"614\"><strong><em>OFFERTORIUM<\/em><\/strong><\/td>\n<\/tr>\n<tr>\n<td width=\"307\"><em>Ps 134:3, 6<\/em><br \/>\nLaud\u00e1te D\u00f3minum, quia ben\u00edgnus est: ps\u00e1llite n\u00f3mini eius, qu\u00f3niam su\u00e1vis est: \u00f3mnia, qu\u00e6c\u00famque v\u00f3luit, fecit in coelo et in terra.<\/td>\n<td width=\"307\"><em>Ps 134:3, 6<\/em><br \/>\nChwalcie Pana, bo Pan jest dobry; \u015bpiewajcie Jego imieniu, bo s\u0142odkie, cokolwiek zechce, to uczyni na niebie i ziemi.<\/td>\n<\/tr>\n<\/tbody>\n<\/table>\n<p> <span class=\"embed-youtube\" style=\"text-align:center; display: block;\"><iframe class=\"youtube-player\" width=\"580\" height=\"327\" src=\"https:\/\/www.youtube.com\/embed\/rbx_wHM28uU?version=3&#038;rel=1&#038;showsearch=0&#038;showinfo=1&#038;iv_load_policy=1&#038;fs=1&#038;hl=pl-PL&#038;autohide=2&#038;wmode=transparent\" allowfullscreen=\"true\" style=\"border:0;\" sandbox=\"allow-scripts allow-same-origin allow-popups allow-presentation allow-popups-to-escape-sandbox\"><\/iframe><\/span><\/p>\n<table>\n<tbody>\n<tr>\n<td colspan=\"2\" width=\"614\"><strong><em>COMMUNIO<\/em><\/strong><\/td>\n<\/tr>\n<tr>\n<td width=\"307\"><em>Ps 121:3-4<\/em><br \/>\nIer\u00fasalem, qu\u00e6 \u00e6dific\u00e1tur ut c\u00edvitas, cuius particip\u00e1tio eius in id\u00edpsum: illuc enim ascend\u00e9runt tribus, tribus D\u00f3mini, ad confit\u00e9ndum n\u00f3mini tuo. D\u00f3mine.<\/td>\n<td width=\"307\"><em>Ps 121:3-4<\/em><br \/>\nO Jeruzalem, co\u015b zbudowane jak miasto, zupe\u0142nie w sobie skupione. Tam wst\u0119puj\u0105 pokolenia, pokolenia Pa\u0144skie, aby wielbi\u0107 Imi\u0119 Twoje, Panie.<\/td>\n<\/tr>\n<\/tbody>\n<\/table>\n","protected":false},"excerpt":{"rendered":"<p>INTROITUS Is 66:10 et 11. L\u00e6t\u00e1re, Ier\u00fasalem: et conv\u00e9ntum f\u00e1cite, omnes qui dil\u00edgitis eam: gaud\u00e9te cum l\u00e6t\u00edtia, qui in trist\u00edtia fu\u00edstis: ut exsult\u00e9tis, et sati\u00e9mini ab ub\u00e9ribus consolati\u00f3nis vestr\u00e6.Ps 121:1. L\u00e6t\u00e1tus sum in his, qu\u00e6 dicta sunt mihi: in domum D\u00f3mini \u00edbimus. V. Gl\u00f3ria Patri, et F\u00edlio, et Spir\u00edtui Sancto. R. Sicut erat in princ\u00edpio, [&hellip;]<\/p>\n","protected":false},"author":60508433,"featured_media":43403,"comment_status":"open","ping_status":"open","sticky":false,"template":"","format":"standard","meta":{"_bbp_topic_count":0,"_bbp_reply_count":0,"_bbp_total_topic_count":0,"_bbp_total_reply_count":0,"_bbp_voice_count":0,"_bbp_anonymous_reply_count":0,"_bbp_topic_count_hidden":0,"_bbp_reply_count_hidden":0,"_bbp_forum_subforum_count":0,"_editorskit_title_hidden":false,"_editorskit_reading_time":0,"_editorskit_is_block_options_detached":false,"_editorskit_block_options_position":"{}","_coblocks_attr":"","_coblocks_dimensions":"","_coblocks_responsive_height":"","_coblocks_accordion_ie_support":"","_exactmetrics_skip_tracking":false,"_jetpack_newsletter_access":"","_jetpack_dont_email_post_to_subs":false,"_jetpack_newsletter_tier_id":0,"_jetpack_memberships_contains_paywalled_content":false,"_wpcom_ai_launchpad_first_post":false,"_jetpack_feature_clip_id":0,"_jetpack_memberships_contains_paid_content":false,"footnotes":"","jetpack_publicize_message":"{title}\n\n{excerpt}\n\n{url}","jetpack_publicize_feature_enabled":true,"jetpack_social_post_already_shared":true,"jetpack_social_options":{"image_generator_settings":{"template":"highway","default_image_id":0,"font":"","enabled":false},"version":2},"_wpas_customize_per_network":false,"jetpack_post_was_ever_published":false},"categories":[5647912,20472889],"tags":[],"class_list":["post-86253","post","type-post","status-publish","format-standard","has-post-thumbnail","hentry","category-msza-trydencka","category-proprium"],"yoast_head":"<!-- This site is optimized with the Yoast SEO plugin v28.4 - https:\/\/yoast.com\/product\/yoast-seo-wordpress\/ -->\n<title>Proprium missae - IV Niedziela Wielkiego Postu - Dominica IV in Quadragesima - Tradycja i Wiara<\/title>\n<meta name=\"robots\" content=\"index, follow, max-snippet:-1, max-image-preview:large, max-video-preview:-1\" \/>\n<link rel=\"canonical\" href=\"https:\/\/wobronietradycjiiwiary.com\/pl\/proprium-missae-iv-niedziela-wielkiego-postu-dominica-iv-in-quadragesima-5-2-2\/\" \/>\n<meta property=\"og:locale\" content=\"pl_PL\" \/>\n<meta property=\"og:type\" content=\"article\" \/>\n<meta property=\"og:title\" content=\"Proprium missae - IV Niedziela Wielkiego Postu - Dominica IV in Quadragesima - Tradycja i Wiara\" \/>\n<meta property=\"og:description\" content=\"INTROITUS Is 66:10 et 11. L\u00e6t\u00e1re, Ier\u00fasalem: et conv\u00e9ntum f\u00e1cite, omnes qui dil\u00edgitis eam: gaud\u00e9te cum l\u00e6t\u00edtia, qui in trist\u00edtia fu\u00edstis: ut exsult\u00e9tis, et sati\u00e9mini ab ub\u00e9ribus consolati\u00f3nis vestr\u00e6.Ps 121:1. L\u00e6t\u00e1tus sum in his, qu\u00e6 dicta sunt mihi: in domum D\u00f3mini \u00edbimus. V. Gl\u00f3ria Patri, et F\u00edlio, et Spir\u00edtui Sancto. R. Sicut erat in princ\u00edpio, [&hellip;]\" \/>\n<meta property=\"og:url\" content=\"https:\/\/wobronietradycjiiwiary.com\/pl\/proprium-missae-iv-niedziela-wielkiego-postu-dominica-iv-in-quadragesima-5-2-2\/\" \/>\n<meta property=\"og:site_name\" content=\"Tradycja i Wiara\" \/>\n<meta property=\"article:publisher\" content=\"https:\/\/www.facebook.com\/Tradycja-i-Wiara-108813920592249\" \/>\n<meta property=\"article:published_time\" content=\"2023-03-18T18:00:52+00:00\" \/>\n<meta property=\"article:modified_time\" content=\"2025-02-07T14:58:19+00:00\" \/>\n<meta property=\"og:image\" content=\"https:\/\/i0.wp.com\/wobronietradycjiiwiary.com\/wp-content\/uploads\/2021\/03\/Dominica-IV-in-Quadragesima.jpg?fit=800%2C419&ssl=1\" \/>\n\t<meta property=\"og:image:width\" content=\"800\" \/>\n\t<meta property=\"og:image:height\" content=\"419\" \/>\n\t<meta property=\"og:image:type\" content=\"image\/jpeg\" \/>\n<meta name=\"author\" content=\"Traditio et Fides\" \/>\n<meta name=\"twitter:card\" content=\"summary_large_image\" \/>\n<meta name=\"twitter:label1\" content=\"Napisane przez\" \/>\n\t<meta name=\"twitter:data1\" content=\"Traditio et Fides\" \/>\n\t<meta name=\"twitter:label2\" content=\"Szacowany czas czytania\" \/>\n\t<meta name=\"twitter:data2\" content=\"3 minuty\" \/>\n<script type=\"application\/ld+json\" class=\"yoast-schema-graph\">{\"@context\":\"https:\\\/\\\/schema.org\",\"@graph\":[{\"@type\":\"Article\",\"@id\":\"https:\\\/\\\/wobronietradycjiiwiary.com\\\/proprium-missae-iv-niedziela-wielkiego-postu-dominica-iv-in-quadragesima-5-2-2\\\/#article\",\"isPartOf\":{\"@id\":\"https:\\\/\\\/wobronietradycjiiwiary.com\\\/proprium-missae-iv-niedziela-wielkiego-postu-dominica-iv-in-quadragesima-5-2-2\\\/\"},\"author\":{\"name\":\"Traditio et Fides\",\"@id\":\"https:\\\/\\\/wobronietradycjiiwiary.com\\\/pl\\\/#\\\/schema\\\/person\\\/2d6180ce6abcb681fef0daab7816e8f3\"},\"headline\":\"Proprium missae &#8211; IV Niedziela Wielkiego Postu &#8211; Dominica IV in Quadragesima\",\"datePublished\":\"2023-03-18T18:00:52+00:00\",\"dateModified\":\"2025-02-07T14:58:19+00:00\",\"mainEntityOfPage\":{\"@id\":\"https:\\\/\\\/wobronietradycjiiwiary.com\\\/proprium-missae-iv-niedziela-wielkiego-postu-dominica-iv-in-quadragesima-5-2-2\\\/\"},\"wordCount\":563,\"commentCount\":0,\"publisher\":{\"@id\":\"https:\\\/\\\/wobronietradycjiiwiary.com\\\/pl\\\/#organization\"},\"image\":{\"@id\":\"https:\\\/\\\/wobronietradycjiiwiary.com\\\/proprium-missae-iv-niedziela-wielkiego-postu-dominica-iv-in-quadragesima-5-2-2\\\/#primaryimage\"},\"thumbnailUrl\":\"https:\\\/\\\/wobronietradycjiiwiary.com\\\/wp-content\\\/uploads\\\/2021\\\/03\\\/Dominica-IV-in-Quadragesima.jpg\",\"articleSection\":[\"Msza Trydencka\",\"Proprium\"],\"inLanguage\":\"pl-PL\",\"potentialAction\":[{\"@type\":\"CommentAction\",\"name\":\"Comment\",\"target\":[\"https:\\\/\\\/wobronietradycjiiwiary.com\\\/proprium-missae-iv-niedziela-wielkiego-postu-dominica-iv-in-quadragesima-5-2-2\\\/#respond\"]}]},{\"@type\":\"WebPage\",\"@id\":\"https:\\\/\\\/wobronietradycjiiwiary.com\\\/proprium-missae-iv-niedziela-wielkiego-postu-dominica-iv-in-quadragesima-5-2-2\\\/\",\"url\":\"https:\\\/\\\/wobronietradycjiiwiary.com\\\/proprium-missae-iv-niedziela-wielkiego-postu-dominica-iv-in-quadragesima-5-2-2\\\/\",\"name\":\"Proprium missae - IV Niedziela Wielkiego Postu - Dominica IV in Quadragesima - Tradycja i Wiara\",\"isPartOf\":{\"@id\":\"https:\\\/\\\/wobronietradycjiiwiary.com\\\/pl\\\/#website\"},\"primaryImageOfPage\":{\"@id\":\"https:\\\/\\\/wobronietradycjiiwiary.com\\\/proprium-missae-iv-niedziela-wielkiego-postu-dominica-iv-in-quadragesima-5-2-2\\\/#primaryimage\"},\"image\":{\"@id\":\"https:\\\/\\\/wobronietradycjiiwiary.com\\\/proprium-missae-iv-niedziela-wielkiego-postu-dominica-iv-in-quadragesima-5-2-2\\\/#primaryimage\"},\"thumbnailUrl\":\"https:\\\/\\\/wobronietradycjiiwiary.com\\\/wp-content\\\/uploads\\\/2021\\\/03\\\/Dominica-IV-in-Quadragesima.jpg\",\"datePublished\":\"2023-03-18T18:00:52+00:00\",\"dateModified\":\"2025-02-07T14:58:19+00:00\",\"breadcrumb\":{\"@id\":\"https:\\\/\\\/wobronietradycjiiwiary.com\\\/proprium-missae-iv-niedziela-wielkiego-postu-dominica-iv-in-quadragesima-5-2-2\\\/#breadcrumb\"},\"inLanguage\":\"pl-PL\",\"potentialAction\":[{\"@type\":\"ReadAction\",\"target\":[\"https:\\\/\\\/wobronietradycjiiwiary.com\\\/proprium-missae-iv-niedziela-wielkiego-postu-dominica-iv-in-quadragesima-5-2-2\\\/\"]}]},{\"@type\":\"ImageObject\",\"inLanguage\":\"pl-PL\",\"@id\":\"https:\\\/\\\/wobronietradycjiiwiary.com\\\/proprium-missae-iv-niedziela-wielkiego-postu-dominica-iv-in-quadragesima-5-2-2\\\/#primaryimage\",\"url\":\"https:\\\/\\\/wobronietradycjiiwiary.com\\\/wp-content\\\/uploads\\\/2021\\\/03\\\/Dominica-IV-in-Quadragesima.jpg\",\"contentUrl\":\"https:\\\/\\\/wobronietradycjiiwiary.com\\\/wp-content\\\/uploads\\\/2021\\\/03\\\/Dominica-IV-in-Quadragesima.jpg\",\"width\":800,\"height\":419},{\"@type\":\"BreadcrumbList\",\"@id\":\"https:\\\/\\\/wobronietradycjiiwiary.com\\\/proprium-missae-iv-niedziela-wielkiego-postu-dominica-iv-in-quadragesima-5-2-2\\\/#breadcrumb\",\"itemListElement\":[{\"@type\":\"ListItem\",\"position\":1,\"name\":\"Strona g\u0142\u00f3wna\",\"item\":\"https:\\\/\\\/wobronietradycjiiwiary.com\\\/\"},{\"@type\":\"ListItem\",\"position\":2,\"name\":\"Proprium missae &#8211; IV Niedziela Wielkiego Postu &#8211; Dominica IV in Quadragesima\"}]},{\"@type\":\"WebSite\",\"@id\":\"https:\\\/\\\/wobronietradycjiiwiary.com\\\/pl\\\/#website\",\"url\":\"https:\\\/\\\/wobronietradycjiiwiary.com\\\/pl\\\/\",\"name\":\"Tradycja i Wiara\",\"description\":\"Portal dla katolik\u00f3w.\",\"publisher\":{\"@id\":\"https:\\\/\\\/wobronietradycjiiwiary.com\\\/pl\\\/#organization\"},\"potentialAction\":[{\"@type\":\"SearchAction\",\"target\":{\"@type\":\"EntryPoint\",\"urlTemplate\":\"https:\\\/\\\/wobronietradycjiiwiary.com\\\/pl\\\/?s={search_term_string}\"},\"query-input\":{\"@type\":\"PropertyValueSpecification\",\"valueRequired\":true,\"valueName\":\"search_term_string\"}}],\"inLanguage\":\"pl-PL\"},{\"@type\":\"Organization\",\"@id\":\"https:\\\/\\\/wobronietradycjiiwiary.com\\\/pl\\\/#organization\",\"name\":\"Tradycja i Wiara\",\"url\":\"https:\\\/\\\/wobronietradycjiiwiary.com\\\/pl\\\/\",\"logo\":{\"@type\":\"ImageObject\",\"inLanguage\":\"pl-PL\",\"@id\":\"https:\\\/\\\/wobronietradycjiiwiary.com\\\/pl\\\/#\\\/schema\\\/logo\\\/image\\\/\",\"url\":\"https:\\\/\\\/i0.wp.com\\\/wobronietradycjiiwiary.com\\\/wp-content\\\/uploads\\\/2015\\\/10\\\/cropped-st-peters-dome-vatican.jpg?fit=940%2C198&ssl=1\",\"contentUrl\":\"https:\\\/\\\/i0.wp.com\\\/wobronietradycjiiwiary.com\\\/wp-content\\\/uploads\\\/2015\\\/10\\\/cropped-st-peters-dome-vatican.jpg?fit=940%2C198&ssl=1\",\"width\":940,\"height\":198,\"caption\":\"Tradycja i Wiara\"},\"image\":{\"@id\":\"https:\\\/\\\/wobronietradycjiiwiary.com\\\/pl\\\/#\\\/schema\\\/logo\\\/image\\\/\"},\"sameAs\":[\"https:\\\/\\\/www.facebook.com\\\/Tradycja-i-Wiara-108813920592249\"]},{\"@type\":\"Person\",\"@id\":\"https:\\\/\\\/wobronietradycjiiwiary.com\\\/pl\\\/#\\\/schema\\\/person\\\/2d6180ce6abcb681fef0daab7816e8f3\",\"name\":\"Traditio et Fides\",\"sameAs\":[\"https:\\\/\\\/traditionundglauben.com\"],\"url\":\"https:\\\/\\\/wobronietradycjiiwiary.com\\\/pl\\\/author\\\/wobronietradycjiiwiary\\\/\"}]}<\/script>\n<!-- \/ Yoast SEO plugin. -->","yoast_head_json":{"title":"Proprium missae - IV Niedziela Wielkiego Postu - Dominica IV in Quadragesima - Tradycja i Wiara","robots":{"index":"index","follow":"follow","max-snippet":"max-snippet:-1","max-image-preview":"max-image-preview:large","max-video-preview":"max-video-preview:-1"},"canonical":"https:\/\/wobronietradycjiiwiary.com\/pl\/proprium-missae-iv-niedziela-wielkiego-postu-dominica-iv-in-quadragesima-5-2-2\/","og_locale":"pl_PL","og_type":"article","og_title":"Proprium missae - IV Niedziela Wielkiego Postu - Dominica IV in Quadragesima - Tradycja i Wiara","og_description":"INTROITUS Is 66:10 et 11. L\u00e6t\u00e1re, Ier\u00fasalem: et conv\u00e9ntum f\u00e1cite, omnes qui dil\u00edgitis eam: gaud\u00e9te cum l\u00e6t\u00edtia, qui in trist\u00edtia fu\u00edstis: ut exsult\u00e9tis, et sati\u00e9mini ab ub\u00e9ribus consolati\u00f3nis vestr\u00e6.Ps 121:1. L\u00e6t\u00e1tus sum in his, qu\u00e6 dicta sunt mihi: in domum D\u00f3mini \u00edbimus. V. Gl\u00f3ria Patri, et F\u00edlio, et Spir\u00edtui Sancto. R. Sicut erat in princ\u00edpio, [&hellip;]","og_url":"https:\/\/wobronietradycjiiwiary.com\/pl\/proprium-missae-iv-niedziela-wielkiego-postu-dominica-iv-in-quadragesima-5-2-2\/","og_site_name":"Tradycja i Wiara","article_publisher":"https:\/\/www.facebook.com\/Tradycja-i-Wiara-108813920592249","article_published_time":"2023-03-18T18:00:52+00:00","article_modified_time":"2025-02-07T14:58:19+00:00","og_image":[{"width":800,"height":419,"url":"https:\/\/i0.wp.com\/wobronietradycjiiwiary.com\/wp-content\/uploads\/2021\/03\/Dominica-IV-in-Quadragesima.jpg?fit=800%2C419&ssl=1","type":"image\/jpeg"}],"author":"Traditio et Fides","twitter_card":"summary_large_image","twitter_misc":{"Napisane przez":"Traditio et Fides","Szacowany czas czytania":"3 minuty"},"schema":{"@context":"https:\/\/schema.org","@graph":[{"@type":"Article","@id":"https:\/\/wobronietradycjiiwiary.com\/proprium-missae-iv-niedziela-wielkiego-postu-dominica-iv-in-quadragesima-5-2-2\/#article","isPartOf":{"@id":"https:\/\/wobronietradycjiiwiary.com\/proprium-missae-iv-niedziela-wielkiego-postu-dominica-iv-in-quadragesima-5-2-2\/"},"author":{"name":"Traditio et Fides","@id":"https:\/\/wobronietradycjiiwiary.com\/pl\/#\/schema\/person\/2d6180ce6abcb681fef0daab7816e8f3"},"headline":"Proprium missae &#8211; IV Niedziela Wielkiego Postu &#8211; Dominica IV in Quadragesima","datePublished":"2023-03-18T18:00:52+00:00","dateModified":"2025-02-07T14:58:19+00:00","mainEntityOfPage":{"@id":"https:\/\/wobronietradycjiiwiary.com\/proprium-missae-iv-niedziela-wielkiego-postu-dominica-iv-in-quadragesima-5-2-2\/"},"wordCount":563,"commentCount":0,"publisher":{"@id":"https:\/\/wobronietradycjiiwiary.com\/pl\/#organization"},"image":{"@id":"https:\/\/wobronietradycjiiwiary.com\/proprium-missae-iv-niedziela-wielkiego-postu-dominica-iv-in-quadragesima-5-2-2\/#primaryimage"},"thumbnailUrl":"https:\/\/wobronietradycjiiwiary.com\/wp-content\/uploads\/2021\/03\/Dominica-IV-in-Quadragesima.jpg","articleSection":["Msza Trydencka","Proprium"],"inLanguage":"pl-PL","potentialAction":[{"@type":"CommentAction","name":"Comment","target":["https:\/\/wobronietradycjiiwiary.com\/proprium-missae-iv-niedziela-wielkiego-postu-dominica-iv-in-quadragesima-5-2-2\/#respond"]}]},{"@type":"WebPage","@id":"https:\/\/wobronietradycjiiwiary.com\/proprium-missae-iv-niedziela-wielkiego-postu-dominica-iv-in-quadragesima-5-2-2\/","url":"https:\/\/wobronietradycjiiwiary.com\/proprium-missae-iv-niedziela-wielkiego-postu-dominica-iv-in-quadragesima-5-2-2\/","name":"Proprium missae - IV Niedziela Wielkiego Postu - Dominica IV in Quadragesima - Tradycja i Wiara","isPartOf":{"@id":"https:\/\/wobronietradycjiiwiary.com\/pl\/#website"},"primaryImageOfPage":{"@id":"https:\/\/wobronietradycjiiwiary.com\/proprium-missae-iv-niedziela-wielkiego-postu-dominica-iv-in-quadragesima-5-2-2\/#primaryimage"},"image":{"@id":"https:\/\/wobronietradycjiiwiary.com\/proprium-missae-iv-niedziela-wielkiego-postu-dominica-iv-in-quadragesima-5-2-2\/#primaryimage"},"thumbnailUrl":"https:\/\/wobronietradycjiiwiary.com\/wp-content\/uploads\/2021\/03\/Dominica-IV-in-Quadragesima.jpg","datePublished":"2023-03-18T18:00:52+00:00","dateModified":"2025-02-07T14:58:19+00:00","breadcrumb":{"@id":"https:\/\/wobronietradycjiiwiary.com\/proprium-missae-iv-niedziela-wielkiego-postu-dominica-iv-in-quadragesima-5-2-2\/#breadcrumb"},"inLanguage":"pl-PL","potentialAction":[{"@type":"ReadAction","target":["https:\/\/wobronietradycjiiwiary.com\/proprium-missae-iv-niedziela-wielkiego-postu-dominica-iv-in-quadragesima-5-2-2\/"]}]},{"@type":"ImageObject","inLanguage":"pl-PL","@id":"https:\/\/wobronietradycjiiwiary.com\/proprium-missae-iv-niedziela-wielkiego-postu-dominica-iv-in-quadragesima-5-2-2\/#primaryimage","url":"https:\/\/wobronietradycjiiwiary.com\/wp-content\/uploads\/2021\/03\/Dominica-IV-in-Quadragesima.jpg","contentUrl":"https:\/\/wobronietradycjiiwiary.com\/wp-content\/uploads\/2021\/03\/Dominica-IV-in-Quadragesima.jpg","width":800,"height":419},{"@type":"BreadcrumbList","@id":"https:\/\/wobronietradycjiiwiary.com\/proprium-missae-iv-niedziela-wielkiego-postu-dominica-iv-in-quadragesima-5-2-2\/#breadcrumb","itemListElement":[{"@type":"ListItem","position":1,"name":"Strona g\u0142\u00f3wna","item":"https:\/\/wobronietradycjiiwiary.com\/"},{"@type":"ListItem","position":2,"name":"Proprium missae &#8211; IV Niedziela Wielkiego Postu &#8211; Dominica IV in Quadragesima"}]},{"@type":"WebSite","@id":"https:\/\/wobronietradycjiiwiary.com\/pl\/#website","url":"https:\/\/wobronietradycjiiwiary.com\/pl\/","name":"Tradycja i Wiara","description":"Portal dla katolik\u00f3w.","publisher":{"@id":"https:\/\/wobronietradycjiiwiary.com\/pl\/#organization"},"potentialAction":[{"@type":"SearchAction","target":{"@type":"EntryPoint","urlTemplate":"https:\/\/wobronietradycjiiwiary.com\/pl\/?s={search_term_string}"},"query-input":{"@type":"PropertyValueSpecification","valueRequired":true,"valueName":"search_term_string"}}],"inLanguage":"pl-PL"},{"@type":"Organization","@id":"https:\/\/wobronietradycjiiwiary.com\/pl\/#organization","name":"Tradycja i Wiara","url":"https:\/\/wobronietradycjiiwiary.com\/pl\/","logo":{"@type":"ImageObject","inLanguage":"pl-PL","@id":"https:\/\/wobronietradycjiiwiary.com\/pl\/#\/schema\/logo\/image\/","url":"https:\/\/i0.wp.com\/wobronietradycjiiwiary.com\/wp-content\/uploads\/2015\/10\/cropped-st-peters-dome-vatican.jpg?fit=940%2C198&ssl=1","contentUrl":"https:\/\/i0.wp.com\/wobronietradycjiiwiary.com\/wp-content\/uploads\/2015\/10\/cropped-st-peters-dome-vatican.jpg?fit=940%2C198&ssl=1","width":940,"height":198,"caption":"Tradycja i Wiara"},"image":{"@id":"https:\/\/wobronietradycjiiwiary.com\/pl\/#\/schema\/logo\/image\/"},"sameAs":["https:\/\/www.facebook.com\/Tradycja-i-Wiara-108813920592249"]},{"@type":"Person","@id":"https:\/\/wobronietradycjiiwiary.com\/pl\/#\/schema\/person\/2d6180ce6abcb681fef0daab7816e8f3","name":"Traditio et Fides","sameAs":["https:\/\/traditionundglauben.com"],"url":"https:\/\/wobronietradycjiiwiary.com\/pl\/author\/wobronietradycjiiwiary\/"}]}},"jetpack_publicize_connections":[],"jetpack_sharing_enabled":true,"jetpack_likes_enabled":true,"jetpack_shortlink":"https:\/\/wp.me\/pc04Sd-mrb","jetpack-related-posts":[{"id":40812,"url":"https:\/\/wobronietradycjiiwiary.com\/pl\/proprium-missae-iv-niedziela-wielkiego-postu-dominica-iv-in-quadragesima-5\/","url_meta":{"origin":86253,"position":0},"title":"Proprium missae &#8211; IV Niedziela Wielkiego Postu &#8211; Dominica IV in Quadragesima","author":"Traditio et Fides","date":"13 marca 2021","format":false,"excerpt":"https:\/\/www.youtube.com\/watch?v=WbSqbxaOfTc INTROITUS Is 66:10 et 11. L\u00e6t\u00e1re, Ier\u00fasalem: et conv\u00e9ntum f\u00e1cite, omnes qui dil\u00edgitis eam: gaud\u00e9te cum l\u00e6t\u00edtia, qui in trist\u00edtia fu\u00edstis: ut exsult\u00e9tis, et sati\u00e9mini ab ub\u00e9ribus consolati\u00f3nis vestr\u00e6.Ps 121:1. L\u00e6t\u00e1tus sum in his, qu\u00e6 dicta sunt mihi: in domum D\u00f3mini \u00edbimus. V. Gl\u00f3ria Patri, et F\u00edlio, et Spir\u00edtui\u2026","rel":"","context":"W \u201eMsza Trydencka&quot;","block_context":{"text":"Msza Trydencka","link":"https:\/\/wobronietradycjiiwiary.com\/pl\/category\/duchowosc\/liturgia-i-liturgika\/msza-trydencka\/"},"img":{"alt_text":"","src":"https:\/\/i0.wp.com\/wobronietradycjiiwiary.com\/wp-content\/uploads\/2021\/03\/Dominica-IV-in-Quadragesima.jpg?resize=350%2C200&ssl=1","width":350,"height":200,"srcset":"https:\/\/i0.wp.com\/wobronietradycjiiwiary.com\/wp-content\/uploads\/2021\/03\/Dominica-IV-in-Quadragesima.jpg?resize=350%2C200&ssl=1 1x, https:\/\/i0.wp.com\/wobronietradycjiiwiary.com\/wp-content\/uploads\/2021\/03\/Dominica-IV-in-Quadragesima.jpg?resize=525%2C300&ssl=1 1.5x, https:\/\/i0.wp.com\/wobronietradycjiiwiary.com\/wp-content\/uploads\/2021\/03\/Dominica-IV-in-Quadragesima.jpg?resize=700%2C400&ssl=1 2x"},"classes":[]},{"id":26097,"url":"https:\/\/wobronietradycjiiwiary.com\/pl\/proprium-missae-iv-niedziela-wielkiego-postu-dominica-iv-in-quadragesima-4\/","url_meta":{"origin":86253,"position":1},"title":"Proprium missae &#8211; IV Niedziela Wielkiego Postu &#8211; Dominica IV in Quadragesima","author":"Traditio et Fides","date":"21 marca 2020","format":false,"excerpt":"https:\/\/www.youtube.com\/watch?v=WbSqbxaOfTc INTROITUS Is 66:10 et 11. L\u00e6t\u00e1re, Ier\u00fasalem: et conv\u00e9ntum f\u00e1cite, omnes qui dil\u00edgitis eam: gaud\u00e9te cum l\u00e6t\u00edtia, qui in trist\u00edtia fu\u00edstis: ut exsult\u00e9tis, et sati\u00e9mini ab ub\u00e9ribus consolati\u00f3nis vestr\u00e6.Ps 121:1. L\u00e6t\u00e1tus sum in his, qu\u00e6 dicta sunt mihi: in domum D\u00f3mini \u00edbimus. V. Gl\u00f3ria Patri, et F\u00edlio, et Spir\u00edtui\u2026","rel":"","context":"W \u201eMsza Trydencka&quot;","block_context":{"text":"Msza Trydencka","link":"https:\/\/wobronietradycjiiwiary.com\/pl\/category\/duchowosc\/liturgia-i-liturgika\/msza-trydencka\/"},"img":{"alt_text":"","src":"https:\/\/i0.wp.com\/wobronietradycjiiwiary.com\/wp-content\/uploads\/2020\/03\/Dominica-IV-in-Quadragesima.jpg?resize=350%2C200&ssl=1","width":350,"height":200,"srcset":"https:\/\/i0.wp.com\/wobronietradycjiiwiary.com\/wp-content\/uploads\/2020\/03\/Dominica-IV-in-Quadragesima.jpg?resize=350%2C200&ssl=1 1x, https:\/\/i0.wp.com\/wobronietradycjiiwiary.com\/wp-content\/uploads\/2020\/03\/Dominica-IV-in-Quadragesima.jpg?resize=525%2C300&ssl=1 1.5x, https:\/\/i0.wp.com\/wobronietradycjiiwiary.com\/wp-content\/uploads\/2020\/03\/Dominica-IV-in-Quadragesima.jpg?resize=700%2C400&ssl=1 2x"},"classes":[]},{"id":17216,"url":"https:\/\/wobronietradycjiiwiary.com\/pl\/proprium-missae-iv-niedziela-wielkiego-postu-dominica-iv-in-quadragesima-3\/","url_meta":{"origin":86253,"position":2},"title":"Proprium missae &#8211; IV Niedziela Wielkiego Postu &#8211; Dominica IV in Quadragesima","author":"mariuszjerzy","date":"10 marca 2018","format":false,"excerpt":"https:\/\/www.youtube.com\/watch?v=WbSqbxaOfTc INTROITUS Is 66:10 et 11. L\u00e6t\u00e1re, Ier\u00fasalem: et conv\u00e9ntum f\u00e1cite, omnes qui dil\u00edgitis eam: gaud\u00e9te cum l\u00e6t\u00edtia, qui in trist\u00edtia fu\u00edstis: ut exsult\u00e9tis, et sati\u00e9mini ab ub\u00e9ribus consolati\u00f3nis vestr\u00e6.Ps 121:1. L\u00e6t\u00e1tus sum in his, qu\u00e6 dicta sunt mihi: in domum D\u00f3mini \u00edbimus. V. Gl\u00f3ria Patri, et F\u00edlio, et Spir\u00edtui\u2026","rel":"","context":"W \u201eMsza Trydencka&quot;","block_context":{"text":"Msza Trydencka","link":"https:\/\/wobronietradycjiiwiary.com\/pl\/category\/duchowosc\/liturgia-i-liturgika\/msza-trydencka\/"},"img":{"alt_text":"","src":"https:\/\/i0.wp.com\/img.youtube.com\/vi\/WbSqbxaOfTc\/0.jpg?resize=350%2C200","width":350,"height":200},"classes":[]},{"id":15043,"url":"https:\/\/wobronietradycjiiwiary.com\/pl\/proprium-missae-iv-niedziela-wielkiego-postu-dominica-iv-in-quadragesima\/","url_meta":{"origin":86253,"position":3},"title":"Proprium missae &#8211; IV Niedziela Wielkiego Postu &#8211; Dominica IV in Quadragesima","author":"mariuszjerzy","date":"10 marca 2018","format":false,"excerpt":"https:\/\/www.youtube.com\/watch?v=WbSqbxaOfTc INTROITUS Is 66:10 et 11. L\u00e6t\u00e1re, Ier\u00fasalem: et conv\u00e9ntum f\u00e1cite, omnes qui dil\u00edgitis eam: gaud\u00e9te cum l\u00e6t\u00edtia, qui in trist\u00edtia fu\u00edstis: ut exsult\u00e9tis, et sati\u00e9mini ab ub\u00e9ribus consolati\u00f3nis vestr\u00e6.Ps 121:1. L\u00e6t\u00e1tus sum in his, qu\u00e6 dicta sunt mihi: in domum D\u00f3mini \u00edbimus. V. Gl\u00f3ria Patri, et F\u00edlio, et Spir\u00edtui\u2026","rel":"","context":"W \u201eMsza Trydencka&quot;","block_context":{"text":"Msza Trydencka","link":"https:\/\/wobronietradycjiiwiary.com\/pl\/category\/duchowosc\/liturgia-i-liturgika\/msza-trydencka\/"},"img":{"alt_text":"","src":"https:\/\/i0.wp.com\/img.youtube.com\/vi\/WbSqbxaOfTc\/0.jpg?resize=350%2C200","width":350,"height":200},"classes":[]},{"id":45027,"url":"https:\/\/wobronietradycjiiwiary.com\/pl\/proprium-missae-iv-niedziela-wielkiego-postu-dominica-iv-in-quadragesima-4-2\/","url_meta":{"origin":86253,"position":4},"title":"Proprium missae &#8211; IV Niedziela Wielkiego Postu &#8211; Dominica IV in Quadragesima","author":"Traditio et Fides","date":"5 stycznia 2021","format":false,"excerpt":"https:\/\/www.youtube.com\/watch?v=WbSqbxaOfTc INTROITUS Is 66:10 et 11. L\u00e6t\u00e1re, Ier\u00fasalem: et conv\u00e9ntum f\u00e1cite, omnes qui dil\u00edgitis eam: gaud\u00e9te cum l\u00e6t\u00edtia, qui in trist\u00edtia fu\u00edstis: ut exsult\u00e9tis, et sati\u00e9mini ab ub\u00e9ribus consolati\u00f3nis vestr\u00e6.Ps 121:1. L\u00e6t\u00e1tus sum in his, qu\u00e6 dicta sunt mihi: in domum D\u00f3mini \u00edbimus. V. Gl\u00f3ria Patri, et F\u00edlio, et Spir\u00edtui\u2026","rel":"","context":"W \u201eMsza Trydencka&quot;","block_context":{"text":"Msza Trydencka","link":"https:\/\/wobronietradycjiiwiary.com\/pl\/category\/duchowosc\/liturgia-i-liturgika\/msza-trydencka\/"},"img":{"alt_text":"","src":"https:\/\/i0.wp.com\/wobronietradycjiiwiary.com\/wp-content\/uploads\/2020\/03\/Dominica-IV-in-Quadragesima.jpg?resize=350%2C200&ssl=1","width":350,"height":200,"srcset":"https:\/\/i0.wp.com\/wobronietradycjiiwiary.com\/wp-content\/uploads\/2020\/03\/Dominica-IV-in-Quadragesima.jpg?resize=350%2C200&ssl=1 1x, https:\/\/i0.wp.com\/wobronietradycjiiwiary.com\/wp-content\/uploads\/2020\/03\/Dominica-IV-in-Quadragesima.jpg?resize=525%2C300&ssl=1 1.5x, https:\/\/i0.wp.com\/wobronietradycjiiwiary.com\/wp-content\/uploads\/2020\/03\/Dominica-IV-in-Quadragesima.jpg?resize=700%2C400&ssl=1 2x"},"classes":[]},{"id":61060,"url":"https:\/\/wobronietradycjiiwiary.com\/pl\/proprium-missae-iv-niedziela-wielkiego-postu-dominica-iv-in-quadragesima-5-2\/","url_meta":{"origin":86253,"position":5},"title":"Proprium missae &#8211; IV Niedziela Wielkiego Postu &#8211; Dominica IV in Quadragesima","author":"Traditio et Fides","date":"26 marca 2022","format":false,"excerpt":"https:\/\/www.youtube.com\/watch?v=WbSqbxaOfTc INTROITUS Is 66:10 et 11. L\u00e6t\u00e1re, Ier\u00fasalem: et conv\u00e9ntum f\u00e1cite, omnes qui dil\u00edgitis eam: gaud\u00e9te cum l\u00e6t\u00edtia, qui in trist\u00edtia fu\u00edstis: ut exsult\u00e9tis, et sati\u00e9mini ab ub\u00e9ribus consolati\u00f3nis vestr\u00e6.Ps 121:1. L\u00e6t\u00e1tus sum in his, qu\u00e6 dicta sunt mihi: in domum D\u00f3mini \u00edbimus. V. Gl\u00f3ria Patri, et F\u00edlio, et Spir\u00edtui\u2026","rel":"","context":"W \u201eMsza Trydencka&quot;","block_context":{"text":"Msza Trydencka","link":"https:\/\/wobronietradycjiiwiary.com\/pl\/category\/duchowosc\/liturgia-i-liturgika\/msza-trydencka\/"},"img":{"alt_text":"","src":"https:\/\/i0.wp.com\/wobronietradycjiiwiary.com\/wp-content\/uploads\/2021\/03\/Dominica-IV-in-Quadragesima.jpg?resize=350%2C200&ssl=1","width":350,"height":200,"srcset":"https:\/\/i0.wp.com\/wobronietradycjiiwiary.com\/wp-content\/uploads\/2021\/03\/Dominica-IV-in-Quadragesima.jpg?resize=350%2C200&ssl=1 1x, https:\/\/i0.wp.com\/wobronietradycjiiwiary.com\/wp-content\/uploads\/2021\/03\/Dominica-IV-in-Quadragesima.jpg?resize=525%2C300&ssl=1 1.5x, https:\/\/i0.wp.com\/wobronietradycjiiwiary.com\/wp-content\/uploads\/2021\/03\/Dominica-IV-in-Quadragesima.jpg?resize=700%2C400&ssl=1 2x"},"classes":[]}],"amp_enabled":true,"jetpack_featured_media_url":"https:\/\/wobronietradycjiiwiary.com\/wp-content\/uploads\/2021\/03\/Dominica-IV-in-Quadragesima.jpg","_links":{"self":[{"href":"https:\/\/wobronietradycjiiwiary.com\/pl\/wp-json\/wp\/v2\/posts\/86253","targetHints":{"allow":["GET"]}}],"collection":[{"href":"https:\/\/wobronietradycjiiwiary.com\/pl\/wp-json\/wp\/v2\/posts"}],"about":[{"href":"https:\/\/wobronietradycjiiwiary.com\/pl\/wp-json\/wp\/v2\/types\/post"}],"author":[{"embeddable":true,"href":"https:\/\/wobronietradycjiiwiary.com\/pl\/wp-json\/wp\/v2\/users\/60508433"}],"replies":[{"embeddable":true,"href":"https:\/\/wobronietradycjiiwiary.com\/pl\/wp-json\/wp\/v2\/comments?post=86253"}],"version-history":[{"count":1,"href":"https:\/\/wobronietradycjiiwiary.com\/pl\/wp-json\/wp\/v2\/posts\/86253\/revisions"}],"predecessor-version":[{"id":86260,"href":"https:\/\/wobronietradycjiiwiary.com\/pl\/wp-json\/wp\/v2\/posts\/86253\/revisions\/86260"}],"wp:featuredmedia":[{"embeddable":true,"href":"https:\/\/wobronietradycjiiwiary.com\/pl\/wp-json\/wp\/v2\/media\/43403"}],"wp:attachment":[{"href":"https:\/\/wobronietradycjiiwiary.com\/pl\/wp-json\/wp\/v2\/media?parent=86253"}],"wp:term":[{"taxonomy":"category","embeddable":true,"href":"https:\/\/wobronietradycjiiwiary.com\/pl\/wp-json\/wp\/v2\/categories?post=86253"},{"taxonomy":"post_tag","embeddable":true,"href":"https:\/\/wobronietradycjiiwiary.com\/pl\/wp-json\/wp\/v2\/tags?post=86253"}],"curies":[{"name":"wp","href":"https:\/\/api.w.org\/{rel}","templated":true}]}}