{"id":83723,"date":"2023-01-03T09:29:00","date_gmt":"2023-01-03T08:29:00","guid":{"rendered":"https:\/\/wobronietradycjiiwiary.com\/?p=83723"},"modified":"2025-02-07T20:24:52","modified_gmt":"2025-02-07T19:24:52","slug":"czytania-zbyt-dlugie-i-nudne-lub-o-tym-kto-sie-na-mszy-nudzi","status":"publish","type":"post","link":"https:\/\/wobronietradycjiiwiary.com\/pl\/czytania-zbyt-dlugie-i-nudne-lub-o-tym-kto-sie-na-mszy-nudzi\/","title":{"rendered":"Czytania &#8220;zbyt d\u0142ugie i nudne&#8221; lub o tym, kto si\u0119 na Mszy nudzi"},"content":{"rendered":"<div id=\"bsf_rt_marker\"><\/div><p>Czas lektury\/ods\u0142uchu: 4\/8 min Carol Byrne w ostatnim odcinku przedstawianego u nas cyklu pisze: Reforma Wigilii Paschalnej, kt\u00f3ra rozpocz\u0119\u0142a si\u0119&hellip;<\/p>\n<div style=\"text-align: center\">\n<p>&nbsp;<\/p>\n<\/div>\n<h2 style=\"border: 5px solid #0000A0;padding: 1em;text-align: center\"><span style=\"color: #000000\">Pe\u0142en dost\u0119p dla <span style=\"color: #00ccff\"><a style=\"color: #00ccff\" href=\"https:\/\/wobronietradycjiiwiary.com\/subskrypcje-2\/\" target=\"_blank\" rel=\"noopener\">subskrybent\u00f3w<\/a><\/span>.<\/span><br \/>\n<span style=\"color: #3366ff\"><a style=\"color: #3366ff\" href=\"https:\/\/wobronietradycjiiwiary.com\/account\/login\/\" target=\"_blank\" rel=\"noopener\"><span style=\"color: #00ccff\">Zaloguj<\/span><\/a> <\/span>si\u0119 lub przejd\u017a do <a href=\"https:\/\/wobronietradycjiiwiary.com\/register\/\"><span style=\"color: #3366ff\">Rejestracji<\/span><\/a>.<\/h2>\n<div>\n<p style=\"text-align: center\"><a href=\"https:\/\/wobronietradycjiiwiary.com\/pl\/subskrypcje-2\/cennik\/\" target=\"_blank\" rel=\"noopener\"><span style=\"color: #000080;font-size: 24pt\"><strong>Nowe ni\u017csze ceny<\/strong><\/span><\/a><\/p>\n<p style=\"text-align: center\"><strong><span style=\"font-size: 18pt;color: #000080\">P\u0142atno\u015b\u0107 kart\u0105<\/span><\/strong><\/p>\n<\/div>\n<h3 style=\"text-align: center\"><a href=\"https:\/\/wobronietradycjiiwiary.com\/pl\/subskrypcje-2\/automatyczne\/indywidualne\/\" target=\"_blank\" rel=\"noopener\"><img fetchpriority=\"high\" decoding=\"async\" class=\"alignnone size-medium wp-image-80433\" src=\"https:\/\/wobronietradycjiiwiary.com\/wp-content\/uploads\/2022\/11\/Unbenannt-1-Online-1-300x202.jpg\" alt=\"\" width=\"300\" height=\"202\" srcset=\"https:\/\/wobronietradycjiiwiary.com\/wp-content\/uploads\/2022\/11\/Unbenannt-1-Online-1-300x202.jpg 300w, https:\/\/wobronietradycjiiwiary.com\/wp-content\/uploads\/2022\/11\/Unbenannt-1-Online-1-150x101.jpg 150w, https:\/\/wobronietradycjiiwiary.com\/wp-content\/uploads\/2022\/11\/Unbenannt-1-Online-1-18x12.jpg 18w, https:\/\/wobronietradycjiiwiary.com\/wp-content\/uploads\/2022\/11\/Unbenannt-1-Online-1.jpg 446w\" sizes=\"(max-width: 300px) 100vw, 300px\" \/><\/a><\/h3>\n<p style=\"text-align: center\"><strong><span style=\"font-size: 18pt;color: #000080\">P\u0142atno\u015b\u0107 przelewem<\/span><\/strong><\/p>\n<p><a href=\"https:\/\/wobronietradycjiiwiary.com\/pl\/subskrypcje-2\/automatyczne\/indywidualne\/\" target=\"_blank\" rel=\"noopener\"><img decoding=\"async\" class=\"size-medium wp-image-80434 aligncenter\" src=\"https:\/\/wobronietradycjiiwiary.com\/wp-content\/uploads\/2022\/11\/Unbenannt-1-Przelewem-300x137.jpg\" alt=\"\" width=\"300\" height=\"137\" srcset=\"https:\/\/wobronietradycjiiwiary.com\/wp-content\/uploads\/2022\/11\/Unbenannt-1-Przelewem-300x137.jpg 300w, https:\/\/wobronietradycjiiwiary.com\/wp-content\/uploads\/2022\/11\/Unbenannt-1-Przelewem-450x206.jpg 450w, https:\/\/wobronietradycjiiwiary.com\/wp-content\/uploads\/2022\/11\/Unbenannt-1-Przelewem-600x274.jpg 600w, https:\/\/wobronietradycjiiwiary.com\/wp-content\/uploads\/2022\/11\/Unbenannt-1-Przelewem-150x69.jpg 150w, https:\/\/wobronietradycjiiwiary.com\/wp-content\/uploads\/2022\/11\/Unbenannt-1-Przelewem-18x8.jpg 18w, https:\/\/wobronietradycjiiwiary.com\/wp-content\/uploads\/2022\/11\/Unbenannt-1-Przelewem.jpg 676w\" sizes=\"(max-width: 300px) 100vw, 300px\" \/><\/a><\/p>\n<p style=\"text-align: center\"><strong><span style=\"font-size: 18pt;color: #000080\">P\u0142atno\u015b\u0107 kart\u0105 do 6 os\u00f3b<\/span><\/strong><\/p>\n<p><a href=\"https:\/\/wobronietradycjiiwiary.com\/pl\/rodzinne\/\" target=\"_blank\" rel=\"noopener\"><img decoding=\"async\" class=\"size-medium wp-image-80435 aligncenter\" src=\"https:\/\/wobronietradycjiiwiary.com\/wp-content\/uploads\/2022\/11\/Unbenannt-1-Rodzinna-300x208.jpg\" alt=\"\" width=\"300\" height=\"208\" srcset=\"https:\/\/wobronietradycjiiwiary.com\/wp-content\/uploads\/2022\/11\/Unbenannt-1-Rodzinna-300x208.jpg 300w, https:\/\/wobronietradycjiiwiary.com\/wp-content\/uploads\/2022\/11\/Unbenannt-1-Rodzinna-150x104.jpg 150w, https:\/\/wobronietradycjiiwiary.com\/wp-content\/uploads\/2022\/11\/Unbenannt-1-Rodzinna-18x12.jpg 18w, https:\/\/wobronietradycjiiwiary.com\/wp-content\/uploads\/2022\/11\/Unbenannt-1-Rodzinna.jpg 448w\" sizes=\"(max-width: 300px) 100vw, 300px\" \/><\/a><\/p>\n<h3 style=\"text-align: center\"><\/h3>\n<h1 style=\"text-align: center\"><\/h1>\n","protected":false},"excerpt":{"rendered":"<p>O \u015bpiewie solowym i celebrze lub o tym, kto si\u0119 naprawd\u0119 na liturgii nudzi.<\/p>\n","protected":false},"author":60508433,"featured_media":83735,"comment_status":"open","ping_status":"open","sticky":false,"template":"","format":"standard","meta":{"_bbp_topic_count":0,"_bbp_reply_count":0,"_bbp_total_topic_count":0,"_bbp_total_reply_count":0,"_bbp_voice_count":0,"_bbp_anonymous_reply_count":0,"_bbp_topic_count_hidden":0,"_bbp_reply_count_hidden":0,"_bbp_forum_subforum_count":0,"_editorskit_title_hidden":false,"_editorskit_reading_time":3,"_editorskit_is_block_options_detached":false,"_editorskit_block_options_position":"{}","_coblocks_attr":"","_coblocks_dimensions":"","_coblocks_responsive_height":"","_coblocks_accordion_ie_support":"","_exactmetrics_skip_tracking":false,"_jetpack_newsletter_access":"","_jetpack_dont_email_post_to_subs":false,"_jetpack_newsletter_tier_id":0,"_jetpack_memberships_contains_paywalled_content":false,"_wpcom_ai_launchpad_first_post":false,"_jetpack_feature_clip_id":0,"_jetpack_memberships_contains_paid_content":false,"footnotes":"","jetpack_publicize_message":"{title}\n\n{excerpt}\n\n{url}","jetpack_publicize_feature_enabled":true,"jetpack_social_post_already_shared":false,"jetpack_social_options":{"image_generator_settings":{"template":"highway","default_image_id":0,"font":"","enabled":false},"version":2},"_wpas_customize_per_network":false,"jetpack_post_was_ever_published":false},"categories":[610135240,610135237,610131184,610135235],"tags":[610132133],"class_list":["post-83723","post","type-post","status-publish","format-standard","has-post-thumbnail","hentry","category-ad-3-7-reforma-triduum-z-1955-roku-ad-3-pius-xii-ku-zagladzie-komentarze-do-byrne","category-ad-3-pius-xii-ku-zagladzie-komentarze-do-byrne","category-duchowosc","category-komentarze-do-byrne","tag-restricted"],"yoast_head":"<!-- This site is optimized with the Yoast SEO plugin v28.3 - https:\/\/yoast.com\/product\/yoast-seo-wordpress\/ -->\n<title>Czytania &quot;zbyt d\u0142ugie i nudne&quot; lub o tym, kto si\u0119 na Mszy nudzi - Tradycja i Wiara<\/title>\n<meta name=\"robots\" content=\"index, follow, max-snippet:-1, max-image-preview:large, max-video-preview:-1\" \/>\n<link rel=\"canonical\" href=\"https:\/\/wobronietradycjiiwiary.com\/pl\/czytania-zbyt-dlugie-i-nudne-lub-o-tym-kto-sie-na-mszy-nudzi\/\" \/>\n<meta property=\"og:locale\" content=\"pl_PL\" \/>\n<meta property=\"og:type\" content=\"article\" \/>\n<meta property=\"og:title\" content=\"Czytania &quot;zbyt d\u0142ugie i nudne&quot; lub o tym, kto si\u0119 na Mszy nudzi - Tradycja i Wiara\" \/>\n<meta property=\"og:description\" content=\"O \u015bpiewie solowym i celebrze lub o tym, kto si\u0119 naprawd\u0119 na liturgii nudzi.\" \/>\n<meta property=\"og:url\" content=\"https:\/\/wobronietradycjiiwiary.com\/pl\/czytania-zbyt-dlugie-i-nudne-lub-o-tym-kto-sie-na-mszy-nudzi\/\" \/>\n<meta property=\"og:site_name\" content=\"Tradycja i Wiara\" \/>\n<meta property=\"article:publisher\" content=\"https:\/\/www.facebook.com\/Tradycja-i-Wiara-108813920592249\" \/>\n<meta property=\"article:published_time\" content=\"2023-01-03T08:29:00+00:00\" \/>\n<meta property=\"article:modified_time\" content=\"2025-02-07T19:24:52+00:00\" \/>\n<meta property=\"og:image\" content=\"https:\/\/wobronietradycjiiwiary.com\/wp-content\/uploads\/2023\/01\/nb_pinacoteca_herrera_elder_st_bonaventure_receiving_communion_from_the_hands_of_an_angel.jpg\" \/>\n\t<meta property=\"og:image:width\" content=\"620\" \/>\n\t<meta property=\"og:image:height\" content=\"700\" \/>\n\t<meta property=\"og:image:type\" content=\"image\/jpeg\" \/>\n<meta name=\"author\" content=\"Traditio et Fides\" \/>\n<meta name=\"twitter:card\" content=\"summary_large_image\" \/>\n<meta name=\"twitter:label1\" content=\"Napisane przez\" \/>\n\t<meta name=\"twitter:data1\" content=\"Traditio et Fides\" \/>\n\t<meta name=\"twitter:label2\" content=\"Szacowany czas czytania\" \/>\n\t<meta name=\"twitter:data2\" content=\"6 minut\" \/>\n<script type=\"application\/ld+json\" class=\"yoast-schema-graph\">{\"@context\":\"https:\\\/\\\/schema.org\",\"@graph\":[{\"@type\":\"Article\",\"@id\":\"https:\\\/\\\/wobronietradycjiiwiary.com\\\/czytania-zbyt-dlugie-i-nudne-lub-o-tym-kto-sie-na-mszy-nudzi\\\/#article\",\"isPartOf\":{\"@id\":\"https:\\\/\\\/wobronietradycjiiwiary.com\\\/czytania-zbyt-dlugie-i-nudne-lub-o-tym-kto-sie-na-mszy-nudzi\\\/\"},\"author\":{\"name\":\"Traditio et Fides\",\"@id\":\"https:\\\/\\\/wobronietradycjiiwiary.com\\\/pl\\\/#\\\/schema\\\/person\\\/2d6180ce6abcb681fef0daab7816e8f3\"},\"headline\":\"Czytania &#8220;zbyt d\u0142ugie i nudne&#8221; lub o tym, kto si\u0119 na Mszy nudzi\",\"datePublished\":\"2023-01-03T08:29:00+00:00\",\"dateModified\":\"2025-02-07T19:24:52+00:00\",\"mainEntityOfPage\":{\"@id\":\"https:\\\/\\\/wobronietradycjiiwiary.com\\\/czytania-zbyt-dlugie-i-nudne-lub-o-tym-kto-sie-na-mszy-nudzi\\\/\"},\"wordCount\":1134,\"commentCount\":0,\"publisher\":{\"@id\":\"https:\\\/\\\/wobronietradycjiiwiary.com\\\/pl\\\/#organization\"},\"image\":{\"@id\":\"https:\\\/\\\/wobronietradycjiiwiary.com\\\/czytania-zbyt-dlugie-i-nudne-lub-o-tym-kto-sie-na-mszy-nudzi\\\/#primaryimage\"},\"thumbnailUrl\":\"https:\\\/\\\/wobronietradycjiiwiary.com\\\/wp-content\\\/uploads\\\/2023\\\/01\\\/nb_pinacoteca_herrera_elder_st_bonaventure_receiving_communion_from_the_hands_of_an_angel.jpg\",\"keywords\":[\"Restricted\"],\"articleSection\":[\"Ad 3) 7. Reforma Triduum z 1955 roku\",\"Ad 3) Pius XII - ku zag\u0142adzie\",\"Duchowo\u015b\u0107\",\"Komentarze w\u0142asne do Byrne\"],\"inLanguage\":\"pl-PL\",\"potentialAction\":[{\"@type\":\"CommentAction\",\"name\":\"Comment\",\"target\":[\"https:\\\/\\\/wobronietradycjiiwiary.com\\\/czytania-zbyt-dlugie-i-nudne-lub-o-tym-kto-sie-na-mszy-nudzi\\\/#respond\"]}]},{\"@type\":\"WebPage\",\"@id\":\"https:\\\/\\\/wobronietradycjiiwiary.com\\\/czytania-zbyt-dlugie-i-nudne-lub-o-tym-kto-sie-na-mszy-nudzi\\\/\",\"url\":\"https:\\\/\\\/wobronietradycjiiwiary.com\\\/czytania-zbyt-dlugie-i-nudne-lub-o-tym-kto-sie-na-mszy-nudzi\\\/\",\"name\":\"Czytania \\\"zbyt d\u0142ugie i nudne\\\" lub o tym, kto si\u0119 na Mszy nudzi - Tradycja i Wiara\",\"isPartOf\":{\"@id\":\"https:\\\/\\\/wobronietradycjiiwiary.com\\\/pl\\\/#website\"},\"primaryImageOfPage\":{\"@id\":\"https:\\\/\\\/wobronietradycjiiwiary.com\\\/czytania-zbyt-dlugie-i-nudne-lub-o-tym-kto-sie-na-mszy-nudzi\\\/#primaryimage\"},\"image\":{\"@id\":\"https:\\\/\\\/wobronietradycjiiwiary.com\\\/czytania-zbyt-dlugie-i-nudne-lub-o-tym-kto-sie-na-mszy-nudzi\\\/#primaryimage\"},\"thumbnailUrl\":\"https:\\\/\\\/wobronietradycjiiwiary.com\\\/wp-content\\\/uploads\\\/2023\\\/01\\\/nb_pinacoteca_herrera_elder_st_bonaventure_receiving_communion_from_the_hands_of_an_angel.jpg\",\"datePublished\":\"2023-01-03T08:29:00+00:00\",\"dateModified\":\"2025-02-07T19:24:52+00:00\",\"breadcrumb\":{\"@id\":\"https:\\\/\\\/wobronietradycjiiwiary.com\\\/czytania-zbyt-dlugie-i-nudne-lub-o-tym-kto-sie-na-mszy-nudzi\\\/#breadcrumb\"},\"inLanguage\":\"pl-PL\",\"potentialAction\":[{\"@type\":\"ReadAction\",\"target\":[\"https:\\\/\\\/wobronietradycjiiwiary.com\\\/czytania-zbyt-dlugie-i-nudne-lub-o-tym-kto-sie-na-mszy-nudzi\\\/\"]}]},{\"@type\":\"ImageObject\",\"inLanguage\":\"pl-PL\",\"@id\":\"https:\\\/\\\/wobronietradycjiiwiary.com\\\/czytania-zbyt-dlugie-i-nudne-lub-o-tym-kto-sie-na-mszy-nudzi\\\/#primaryimage\",\"url\":\"https:\\\/\\\/wobronietradycjiiwiary.com\\\/wp-content\\\/uploads\\\/2023\\\/01\\\/nb_pinacoteca_herrera_elder_st_bonaventure_receiving_communion_from_the_hands_of_an_angel.jpg\",\"contentUrl\":\"https:\\\/\\\/wobronietradycjiiwiary.com\\\/wp-content\\\/uploads\\\/2023\\\/01\\\/nb_pinacoteca_herrera_elder_st_bonaventure_receiving_communion_from_the_hands_of_an_angel.jpg\",\"width\":620,\"height\":700},{\"@type\":\"BreadcrumbList\",\"@id\":\"https:\\\/\\\/wobronietradycjiiwiary.com\\\/czytania-zbyt-dlugie-i-nudne-lub-o-tym-kto-sie-na-mszy-nudzi\\\/#breadcrumb\",\"itemListElement\":[{\"@type\":\"ListItem\",\"position\":1,\"name\":\"Strona g\u0142\u00f3wna\",\"item\":\"https:\\\/\\\/wobronietradycjiiwiary.com\\\/\"},{\"@type\":\"ListItem\",\"position\":2,\"name\":\"Czytania &#8220;zbyt d\u0142ugie i nudne&#8221; lub o tym, kto si\u0119 na Mszy nudzi\"}]},{\"@type\":\"WebSite\",\"@id\":\"https:\\\/\\\/wobronietradycjiiwiary.com\\\/pl\\\/#website\",\"url\":\"https:\\\/\\\/wobronietradycjiiwiary.com\\\/pl\\\/\",\"name\":\"Tradycja i Wiara\",\"description\":\"Portal dla katolik\u00f3w.\",\"publisher\":{\"@id\":\"https:\\\/\\\/wobronietradycjiiwiary.com\\\/pl\\\/#organization\"},\"potentialAction\":[{\"@type\":\"SearchAction\",\"target\":{\"@type\":\"EntryPoint\",\"urlTemplate\":\"https:\\\/\\\/wobronietradycjiiwiary.com\\\/pl\\\/?s={search_term_string}\"},\"query-input\":{\"@type\":\"PropertyValueSpecification\",\"valueRequired\":true,\"valueName\":\"search_term_string\"}}],\"inLanguage\":\"pl-PL\"},{\"@type\":\"Organization\",\"@id\":\"https:\\\/\\\/wobronietradycjiiwiary.com\\\/pl\\\/#organization\",\"name\":\"Tradycja i Wiara\",\"url\":\"https:\\\/\\\/wobronietradycjiiwiary.com\\\/pl\\\/\",\"logo\":{\"@type\":\"ImageObject\",\"inLanguage\":\"pl-PL\",\"@id\":\"https:\\\/\\\/wobronietradycjiiwiary.com\\\/pl\\\/#\\\/schema\\\/logo\\\/image\\\/\",\"url\":\"https:\\\/\\\/i0.wp.com\\\/wobronietradycjiiwiary.com\\\/wp-content\\\/uploads\\\/2015\\\/10\\\/cropped-st-peters-dome-vatican.jpg?fit=940%2C198&ssl=1\",\"contentUrl\":\"https:\\\/\\\/i0.wp.com\\\/wobronietradycjiiwiary.com\\\/wp-content\\\/uploads\\\/2015\\\/10\\\/cropped-st-peters-dome-vatican.jpg?fit=940%2C198&ssl=1\",\"width\":940,\"height\":198,\"caption\":\"Tradycja i Wiara\"},\"image\":{\"@id\":\"https:\\\/\\\/wobronietradycjiiwiary.com\\\/pl\\\/#\\\/schema\\\/logo\\\/image\\\/\"},\"sameAs\":[\"https:\\\/\\\/www.facebook.com\\\/Tradycja-i-Wiara-108813920592249\"]},{\"@type\":\"Person\",\"@id\":\"https:\\\/\\\/wobronietradycjiiwiary.com\\\/pl\\\/#\\\/schema\\\/person\\\/2d6180ce6abcb681fef0daab7816e8f3\",\"name\":\"Traditio et Fides\",\"sameAs\":[\"https:\\\/\\\/traditionundglauben.com\"],\"url\":\"https:\\\/\\\/wobronietradycjiiwiary.com\\\/pl\\\/author\\\/wobronietradycjiiwiary\\\/\"}]}<\/script>\n<!-- \/ Yoast SEO plugin. -->","yoast_head_json":{"title":"Czytania \"zbyt d\u0142ugie i nudne\" lub o tym, kto si\u0119 na Mszy nudzi - Tradycja i Wiara","robots":{"index":"index","follow":"follow","max-snippet":"max-snippet:-1","max-image-preview":"max-image-preview:large","max-video-preview":"max-video-preview:-1"},"canonical":"https:\/\/wobronietradycjiiwiary.com\/pl\/czytania-zbyt-dlugie-i-nudne-lub-o-tym-kto-sie-na-mszy-nudzi\/","og_locale":"pl_PL","og_type":"article","og_title":"Czytania \"zbyt d\u0142ugie i nudne\" lub o tym, kto si\u0119 na Mszy nudzi - Tradycja i Wiara","og_description":"O \u015bpiewie solowym i celebrze lub o tym, kto si\u0119 naprawd\u0119 na liturgii nudzi.","og_url":"https:\/\/wobronietradycjiiwiary.com\/pl\/czytania-zbyt-dlugie-i-nudne-lub-o-tym-kto-sie-na-mszy-nudzi\/","og_site_name":"Tradycja i Wiara","article_publisher":"https:\/\/www.facebook.com\/Tradycja-i-Wiara-108813920592249","article_published_time":"2023-01-03T08:29:00+00:00","article_modified_time":"2025-02-07T19:24:52+00:00","og_image":[{"width":620,"height":700,"url":"https:\/\/wobronietradycjiiwiary.com\/wp-content\/uploads\/2023\/01\/nb_pinacoteca_herrera_elder_st_bonaventure_receiving_communion_from_the_hands_of_an_angel.jpg","type":"image\/jpeg"}],"author":"Traditio et Fides","twitter_card":"summary_large_image","twitter_misc":{"Napisane przez":"Traditio et Fides","Szacowany czas czytania":"6 minut"},"schema":{"@context":"https:\/\/schema.org","@graph":[{"@type":"Article","@id":"https:\/\/wobronietradycjiiwiary.com\/czytania-zbyt-dlugie-i-nudne-lub-o-tym-kto-sie-na-mszy-nudzi\/#article","isPartOf":{"@id":"https:\/\/wobronietradycjiiwiary.com\/czytania-zbyt-dlugie-i-nudne-lub-o-tym-kto-sie-na-mszy-nudzi\/"},"author":{"name":"Traditio et Fides","@id":"https:\/\/wobronietradycjiiwiary.com\/pl\/#\/schema\/person\/2d6180ce6abcb681fef0daab7816e8f3"},"headline":"Czytania &#8220;zbyt d\u0142ugie i nudne&#8221; lub o tym, kto si\u0119 na Mszy nudzi","datePublished":"2023-01-03T08:29:00+00:00","dateModified":"2025-02-07T19:24:52+00:00","mainEntityOfPage":{"@id":"https:\/\/wobronietradycjiiwiary.com\/czytania-zbyt-dlugie-i-nudne-lub-o-tym-kto-sie-na-mszy-nudzi\/"},"wordCount":1134,"commentCount":0,"publisher":{"@id":"https:\/\/wobronietradycjiiwiary.com\/pl\/#organization"},"image":{"@id":"https:\/\/wobronietradycjiiwiary.com\/czytania-zbyt-dlugie-i-nudne-lub-o-tym-kto-sie-na-mszy-nudzi\/#primaryimage"},"thumbnailUrl":"https:\/\/wobronietradycjiiwiary.com\/wp-content\/uploads\/2023\/01\/nb_pinacoteca_herrera_elder_st_bonaventure_receiving_communion_from_the_hands_of_an_angel.jpg","keywords":["Restricted"],"articleSection":["Ad 3) 7. Reforma Triduum z 1955 roku","Ad 3) Pius XII - ku zag\u0142adzie","Duchowo\u015b\u0107","Komentarze w\u0142asne do Byrne"],"inLanguage":"pl-PL","potentialAction":[{"@type":"CommentAction","name":"Comment","target":["https:\/\/wobronietradycjiiwiary.com\/czytania-zbyt-dlugie-i-nudne-lub-o-tym-kto-sie-na-mszy-nudzi\/#respond"]}]},{"@type":"WebPage","@id":"https:\/\/wobronietradycjiiwiary.com\/czytania-zbyt-dlugie-i-nudne-lub-o-tym-kto-sie-na-mszy-nudzi\/","url":"https:\/\/wobronietradycjiiwiary.com\/czytania-zbyt-dlugie-i-nudne-lub-o-tym-kto-sie-na-mszy-nudzi\/","name":"Czytania \"zbyt d\u0142ugie i nudne\" lub o tym, kto si\u0119 na Mszy nudzi - Tradycja i Wiara","isPartOf":{"@id":"https:\/\/wobronietradycjiiwiary.com\/pl\/#website"},"primaryImageOfPage":{"@id":"https:\/\/wobronietradycjiiwiary.com\/czytania-zbyt-dlugie-i-nudne-lub-o-tym-kto-sie-na-mszy-nudzi\/#primaryimage"},"image":{"@id":"https:\/\/wobronietradycjiiwiary.com\/czytania-zbyt-dlugie-i-nudne-lub-o-tym-kto-sie-na-mszy-nudzi\/#primaryimage"},"thumbnailUrl":"https:\/\/wobronietradycjiiwiary.com\/wp-content\/uploads\/2023\/01\/nb_pinacoteca_herrera_elder_st_bonaventure_receiving_communion_from_the_hands_of_an_angel.jpg","datePublished":"2023-01-03T08:29:00+00:00","dateModified":"2025-02-07T19:24:52+00:00","breadcrumb":{"@id":"https:\/\/wobronietradycjiiwiary.com\/czytania-zbyt-dlugie-i-nudne-lub-o-tym-kto-sie-na-mszy-nudzi\/#breadcrumb"},"inLanguage":"pl-PL","potentialAction":[{"@type":"ReadAction","target":["https:\/\/wobronietradycjiiwiary.com\/czytania-zbyt-dlugie-i-nudne-lub-o-tym-kto-sie-na-mszy-nudzi\/"]}]},{"@type":"ImageObject","inLanguage":"pl-PL","@id":"https:\/\/wobronietradycjiiwiary.com\/czytania-zbyt-dlugie-i-nudne-lub-o-tym-kto-sie-na-mszy-nudzi\/#primaryimage","url":"https:\/\/wobronietradycjiiwiary.com\/wp-content\/uploads\/2023\/01\/nb_pinacoteca_herrera_elder_st_bonaventure_receiving_communion_from_the_hands_of_an_angel.jpg","contentUrl":"https:\/\/wobronietradycjiiwiary.com\/wp-content\/uploads\/2023\/01\/nb_pinacoteca_herrera_elder_st_bonaventure_receiving_communion_from_the_hands_of_an_angel.jpg","width":620,"height":700},{"@type":"BreadcrumbList","@id":"https:\/\/wobronietradycjiiwiary.com\/czytania-zbyt-dlugie-i-nudne-lub-o-tym-kto-sie-na-mszy-nudzi\/#breadcrumb","itemListElement":[{"@type":"ListItem","position":1,"name":"Strona g\u0142\u00f3wna","item":"https:\/\/wobronietradycjiiwiary.com\/"},{"@type":"ListItem","position":2,"name":"Czytania &#8220;zbyt d\u0142ugie i nudne&#8221; lub o tym, kto si\u0119 na Mszy nudzi"}]},{"@type":"WebSite","@id":"https:\/\/wobronietradycjiiwiary.com\/pl\/#website","url":"https:\/\/wobronietradycjiiwiary.com\/pl\/","name":"Tradycja i Wiara","description":"Portal dla katolik\u00f3w.","publisher":{"@id":"https:\/\/wobronietradycjiiwiary.com\/pl\/#organization"},"potentialAction":[{"@type":"SearchAction","target":{"@type":"EntryPoint","urlTemplate":"https:\/\/wobronietradycjiiwiary.com\/pl\/?s={search_term_string}"},"query-input":{"@type":"PropertyValueSpecification","valueRequired":true,"valueName":"search_term_string"}}],"inLanguage":"pl-PL"},{"@type":"Organization","@id":"https:\/\/wobronietradycjiiwiary.com\/pl\/#organization","name":"Tradycja i Wiara","url":"https:\/\/wobronietradycjiiwiary.com\/pl\/","logo":{"@type":"ImageObject","inLanguage":"pl-PL","@id":"https:\/\/wobronietradycjiiwiary.com\/pl\/#\/schema\/logo\/image\/","url":"https:\/\/i0.wp.com\/wobronietradycjiiwiary.com\/wp-content\/uploads\/2015\/10\/cropped-st-peters-dome-vatican.jpg?fit=940%2C198&ssl=1","contentUrl":"https:\/\/i0.wp.com\/wobronietradycjiiwiary.com\/wp-content\/uploads\/2015\/10\/cropped-st-peters-dome-vatican.jpg?fit=940%2C198&ssl=1","width":940,"height":198,"caption":"Tradycja i Wiara"},"image":{"@id":"https:\/\/wobronietradycjiiwiary.com\/pl\/#\/schema\/logo\/image\/"},"sameAs":["https:\/\/www.facebook.com\/Tradycja-i-Wiara-108813920592249"]},{"@type":"Person","@id":"https:\/\/wobronietradycjiiwiary.com\/pl\/#\/schema\/person\/2d6180ce6abcb681fef0daab7816e8f3","name":"Traditio et Fides","sameAs":["https:\/\/traditionundglauben.com"],"url":"https:\/\/wobronietradycjiiwiary.com\/pl\/author\/wobronietradycjiiwiary\/"}]}},"jetpack_publicize_connections":[],"jetpack_sharing_enabled":true,"jetpack_likes_enabled":true,"jetpack_shortlink":"https:\/\/wp.me\/pc04Sd-lMn","jetpack-related-posts":[{"id":79481,"url":"https:\/\/wobronietradycjiiwiary.com\/pl\/carol-byrne-msza-dialogowana-56-1-z-94-niemiecko-francuska-mafia-za-reforma-liturgiczna\/","url_meta":{"origin":83723,"position":0},"title":"Carol Byrne, &#8220;Msza dialogowana&#8221;. (56.1 z 94). Niemiecko-francuska mafia za reform\u0105 liturgiczn\u0105","author":"Traditio et Fides","date":"11 pa\u017adziernika 2022","format":false,"excerpt":"O tym, jak episkopaty Niemiec i Francji wywiera\u0142y wp\u0142yw na Piusa XII.","rel":"","context":"W \u201e3) Pius XII - ku zag\u0142adzie&quot;","block_context":{"text":"3) Pius XII - ku zag\u0142adzie","link":"https:\/\/wobronietradycjiiwiary.com\/pl\/category\/doktryna\/teologia-liturgii\/byrne-doktryna\/byrne\/pius-xii-ku-zagladzie\/"},"img":{"alt_text":"","src":"https:\/\/i0.wp.com\/wobronietradycjiiwiary.com\/wp-content\/uploads\/2019\/10\/carreno-de-miranda.jpg?resize=350%2C200&ssl=1","width":350,"height":200,"srcset":"https:\/\/i0.wp.com\/wobronietradycjiiwiary.com\/wp-content\/uploads\/2019\/10\/carreno-de-miranda.jpg?resize=350%2C200&ssl=1 1x, https:\/\/i0.wp.com\/wobronietradycjiiwiary.com\/wp-content\/uploads\/2019\/10\/carreno-de-miranda.jpg?resize=525%2C300&ssl=1 1.5x, https:\/\/i0.wp.com\/wobronietradycjiiwiary.com\/wp-content\/uploads\/2019\/10\/carreno-de-miranda.jpg?resize=700%2C400&ssl=1 2x"},"classes":[]},{"id":85284,"url":"https:\/\/wobronietradycjiiwiary.com\/pl\/novus-ordo-to-masowa-bron-odwracania-uwagi\/","url_meta":{"origin":83723,"position":1},"title":"Novus Ordo to &#8220;masowa bro\u0144 odwracania uwagi&#8221;","author":"Traditio et Fides","date":"7 lutego 2023","format":false,"excerpt":"O tym, \u017ce zmiany liturgiczne zosta\u0142y wprowadzone po to, by rozprasza\u0107.","rel":"","context":"W \u201eAd 3) 7. Reforma Triduum z 1955 roku&quot;","block_context":{"text":"Ad 3) 7. Reforma Triduum z 1955 roku","link":"https:\/\/wobronietradycjiiwiary.com\/pl\/category\/doktryna\/teologia-liturgii\/byrne-doktryna\/byrne\/komentarze-do-byrne\/ad-3-pius-xii-ku-zagladzie-komentarze-do-byrne\/ad-3-7-reforma-triduum-z-1955-roku-ad-3-pius-xii-ku-zagladzie-komentarze-do-byrne\/"},"img":{"alt_text":"","src":"https:\/\/i0.wp.com\/wobronietradycjiiwiary.com\/wp-content\/uploads\/2023\/02\/shotinbutt.jpg?resize=350%2C200&ssl=1","width":350,"height":200,"srcset":"https:\/\/i0.wp.com\/wobronietradycjiiwiary.com\/wp-content\/uploads\/2023\/02\/shotinbutt.jpg?resize=350%2C200&ssl=1 1x, https:\/\/i0.wp.com\/wobronietradycjiiwiary.com\/wp-content\/uploads\/2023\/02\/shotinbutt.jpg?resize=525%2C300&ssl=1 1.5x"},"classes":[]},{"id":87085,"url":"https:\/\/wobronietradycjiiwiary.com\/pl\/carol-byrne-msza-dialogowana-63-2-do-110-reforma-z-1956-roku-objawila-nowa-eklezjologie-ii\/","url_meta":{"origin":83723,"position":2},"title":"Carol Byrne, &#8220;Msza dialogowana&#8221;. (63.2 do 110). Reforma z 1956 roku objawi\u0142a now\u0105 eklezjologi\u0119 (ii)","author":"Traditio et Fides","date":"7 marca 2023","format":false,"excerpt":"O tym, jak innowacje liturgiczne rozpraszaj\u0105.","rel":"","context":"W \u201e3) Pius XII - ku zag\u0142adzie&quot;","block_context":{"text":"3) Pius XII - ku zag\u0142adzie","link":"https:\/\/wobronietradycjiiwiary.com\/pl\/category\/doktryna\/teologia-liturgii\/byrne-doktryna\/byrne\/pius-xii-ku-zagladzie\/"},"img":{"alt_text":"","src":"https:\/\/i0.wp.com\/wobronietradycjiiwiary.com\/wp-content\/uploads\/2019\/10\/carreno-de-miranda.jpg?resize=350%2C200&ssl=1","width":350,"height":200,"srcset":"https:\/\/i0.wp.com\/wobronietradycjiiwiary.com\/wp-content\/uploads\/2019\/10\/carreno-de-miranda.jpg?resize=350%2C200&ssl=1 1x, https:\/\/i0.wp.com\/wobronietradycjiiwiary.com\/wp-content\/uploads\/2019\/10\/carreno-de-miranda.jpg?resize=525%2C300&ssl=1 1.5x, https:\/\/i0.wp.com\/wobronietradycjiiwiary.com\/wp-content\/uploads\/2019\/10\/carreno-de-miranda.jpg?resize=700%2C400&ssl=1 2x"},"classes":[]},{"id":99944,"url":"https:\/\/wobronietradycjiiwiary.com\/pl\/mamo-graja-wciaz-te-sama-sztuke-lub-o-liturgii-raz-jeszcze\/","url_meta":{"origin":83723,"position":3},"title":"&#8220;Mamo, graj\u0105 wci\u0105\u017c t\u0119 sam\u0105 sztuk\u0119&#8221; lub o liturgii raz jeszcze","author":"Traditio et Fides","date":"29 sierpnia 2023","format":false,"excerpt":"O tym, \u017ce Novus Ordo jest kiepsk\u0105 sztuk\u0105, kt\u00f3rej \u017caden aktor nie pomo\u017ce.","rel":"","context":"W \u201eAd 4) 1. Aktywne uczestnictwo&quot;","block_context":{"text":"Ad 4) 1. Aktywne uczestnictwo","link":"https:\/\/wobronietradycjiiwiary.com\/pl\/category\/doktryna\/teologia-liturgii\/byrne-doktryna\/byrne\/komentarze-do-byrne\/ad-4-jan-xxiii\/ad-4-1-aktywne-uczestnictwo\/"},"img":{"alt_text":"","src":"https:\/\/i0.wp.com\/wobronietradycjiiwiary.com\/wp-content\/uploads\/2023\/08\/the-lambs-supper-bryan-bustard.jpg?resize=350%2C200&ssl=1","width":350,"height":200,"srcset":"https:\/\/i0.wp.com\/wobronietradycjiiwiary.com\/wp-content\/uploads\/2023\/08\/the-lambs-supper-bryan-bustard.jpg?resize=350%2C200&ssl=1 1x, https:\/\/i0.wp.com\/wobronietradycjiiwiary.com\/wp-content\/uploads\/2023\/08\/the-lambs-supper-bryan-bustard.jpg?resize=525%2C300&ssl=1 1.5x"},"classes":[]},{"id":86815,"url":"https:\/\/wobronietradycjiiwiary.com\/pl\/czynne-uczestnictwo-wiernych-lub-cala-sala-tanczy\/","url_meta":{"origin":83723,"position":4},"title":"Czynne uczestnictwo wiernych lub ca\u0142a sala ta\u0144czy","author":"Traditio et Fides","date":"28 lutego 2023","format":false,"excerpt":"O tym, dlaczego nikt nie postuluje \"czynnego uczestnictwa\" w operze lub balecie i o tym, co znaczy inside job.","rel":"","context":"W \u201eAd 3) 7. Reforma Triduum z 1955 roku&quot;","block_context":{"text":"Ad 3) 7. Reforma Triduum z 1955 roku","link":"https:\/\/wobronietradycjiiwiary.com\/pl\/category\/doktryna\/teologia-liturgii\/byrne-doktryna\/byrne\/komentarze-do-byrne\/ad-3-pius-xii-ku-zagladzie-komentarze-do-byrne\/ad-3-7-reforma-triduum-z-1955-roku-ad-3-pius-xii-ku-zagladzie-komentarze-do-byrne\/"},"img":{"alt_text":"","src":"https:\/\/i0.wp.com\/wobronietradycjiiwiary.com\/wp-content\/uploads\/2023\/02\/Anbetung-des-Goldenen-Kalbes.jpg?resize=350%2C200&ssl=1","width":350,"height":200,"srcset":"https:\/\/i0.wp.com\/wobronietradycjiiwiary.com\/wp-content\/uploads\/2023\/02\/Anbetung-des-Goldenen-Kalbes.jpg?resize=350%2C200&ssl=1 1x, https:\/\/i0.wp.com\/wobronietradycjiiwiary.com\/wp-content\/uploads\/2023\/02\/Anbetung-des-Goldenen-Kalbes.jpg?resize=525%2C300&ssl=1 1.5x, https:\/\/i0.wp.com\/wobronietradycjiiwiary.com\/wp-content\/uploads\/2023\/02\/Anbetung-des-Goldenen-Kalbes.jpg?resize=700%2C400&ssl=1 2x, https:\/\/i0.wp.com\/wobronietradycjiiwiary.com\/wp-content\/uploads\/2023\/02\/Anbetung-des-Goldenen-Kalbes.jpg?resize=1050%2C600&ssl=1 3x, https:\/\/i0.wp.com\/wobronietradycjiiwiary.com\/wp-content\/uploads\/2023\/02\/Anbetung-des-Goldenen-Kalbes.jpg?resize=1400%2C800&ssl=1 4x"},"classes":[]},{"id":83698,"url":"https:\/\/wobronietradycjiiwiary.com\/pl\/carol-byrne-msza-dialogowana-60-2-z-94-oddzielenie-lex-credendi-od-lex-orandi\/","url_meta":{"origin":83723,"position":5},"title":"Carol Byrne, &#8220;Msza dialogowana&#8221;. (60.2 z 94). Oddzielenie\u00a0lex credendi od\u00a0lex orandi","author":"Traditio et Fides","date":"3 stycznia 2023","format":false,"excerpt":"O tym, \u017ce redukcja czyta\u0144 rzekomo s\u0142u\u017cy\u0142a wiernym.","rel":"","context":"W \u201e3) Pius XII - ku zag\u0142adzie&quot;","block_context":{"text":"3) Pius XII - ku zag\u0142adzie","link":"https:\/\/wobronietradycjiiwiary.com\/pl\/category\/doktryna\/teologia-liturgii\/byrne-doktryna\/byrne\/pius-xii-ku-zagladzie\/"},"img":{"alt_text":"","src":"https:\/\/i0.wp.com\/wobronietradycjiiwiary.com\/wp-content\/uploads\/2019\/10\/carreno-de-miranda.jpg?resize=350%2C200&ssl=1","width":350,"height":200,"srcset":"https:\/\/i0.wp.com\/wobronietradycjiiwiary.com\/wp-content\/uploads\/2019\/10\/carreno-de-miranda.jpg?resize=350%2C200&ssl=1 1x, https:\/\/i0.wp.com\/wobronietradycjiiwiary.com\/wp-content\/uploads\/2019\/10\/carreno-de-miranda.jpg?resize=525%2C300&ssl=1 1.5x, https:\/\/i0.wp.com\/wobronietradycjiiwiary.com\/wp-content\/uploads\/2019\/10\/carreno-de-miranda.jpg?resize=700%2C400&ssl=1 2x"},"classes":[]}],"amp_enabled":true,"jetpack_featured_media_url":"https:\/\/wobronietradycjiiwiary.com\/wp-content\/uploads\/2023\/01\/nb_pinacoteca_herrera_elder_st_bonaventure_receiving_communion_from_the_hands_of_an_angel.jpg","_links":{"self":[{"href":"https:\/\/wobronietradycjiiwiary.com\/pl\/wp-json\/wp\/v2\/posts\/83723","targetHints":{"allow":["GET"]}}],"collection":[{"href":"https:\/\/wobronietradycjiiwiary.com\/pl\/wp-json\/wp\/v2\/posts"}],"about":[{"href":"https:\/\/wobronietradycjiiwiary.com\/pl\/wp-json\/wp\/v2\/types\/post"}],"author":[{"embeddable":true,"href":"https:\/\/wobronietradycjiiwiary.com\/pl\/wp-json\/wp\/v2\/users\/60508433"}],"replies":[{"embeddable":true,"href":"https:\/\/wobronietradycjiiwiary.com\/pl\/wp-json\/wp\/v2\/comments?post=83723"}],"version-history":[{"count":46,"href":"https:\/\/wobronietradycjiiwiary.com\/pl\/wp-json\/wp\/v2\/posts\/83723\/revisions"}],"predecessor-version":[{"id":83821,"href":"https:\/\/wobronietradycjiiwiary.com\/pl\/wp-json\/wp\/v2\/posts\/83723\/revisions\/83821"}],"wp:featuredmedia":[{"embeddable":true,"href":"https:\/\/wobronietradycjiiwiary.com\/pl\/wp-json\/wp\/v2\/media\/83735"}],"wp:attachment":[{"href":"https:\/\/wobronietradycjiiwiary.com\/pl\/wp-json\/wp\/v2\/media?parent=83723"}],"wp:term":[{"taxonomy":"category","embeddable":true,"href":"https:\/\/wobronietradycjiiwiary.com\/pl\/wp-json\/wp\/v2\/categories?post=83723"},{"taxonomy":"post_tag","embeddable":true,"href":"https:\/\/wobronietradycjiiwiary.com\/pl\/wp-json\/wp\/v2\/tags?post=83723"}],"curies":[{"name":"wp","href":"https:\/\/api.w.org\/{rel}","templated":true}]}}