{"id":83517,"date":"2023-01-03T08:15:40","date_gmt":"2023-01-03T07:15:40","guid":{"rendered":"https:\/\/wobronietradycjiiwiary.com\/?p=83517"},"modified":"2025-02-10T11:33:33","modified_gmt":"2025-02-10T10:33:33","slug":"3-go-stycznia-zywot-swietej-genowefy-dziewicy-2-2","status":"publish","type":"post","link":"https:\/\/wobronietradycjiiwiary.com\/pl\/3-go-stycznia-zywot-swietej-genowefy-dziewicy-2-2\/","title":{"rendered":"3-go Stycznia. \u017bywot \u015bwi\u0119tej Genowefy, Dziewicy."},"content":{"rendered":"<div id=\"bsf_rt_marker\"><\/div>\n<p class=\"has-text-align-center wp-block-paragraph\"><em>(\u017by\u0142a oko\u0142o roku Pa\u0144skiego 512).<\/em><\/p>\n\n\n\n<figure class=\"wp-block-image\"><a href=\"https:\/\/pl.wikisource.org\/wiki\/Plik:%C5%BBywoty_%C5%9Bw._Pa%C5%84skich_na_wszystkie_dnie_roku-Inicja%C5%82-J.png\"><img decoding=\"async\" src=\"https:\/\/upload.wikimedia.org\/wikipedia\/commons\/thumb\/0\/01\/%C5%BBywoty_%C5%9Bw._Pa%C5%84skich_na_wszystkie_dnie_roku-Inicja%C5%82-J.png\/56px-%C5%BBywoty_%C5%9Bw._Pa%C5%84skich_na_wszystkie_dnie_roku-Inicja%C5%82-J.png\" alt=\"J\"\/><\/a><\/figure>\n\n\n\n<p class=\"has-text-align-justify wp-block-paragraph\">Jak Patronem stolicy Hiszpanii obrano zwyk\u0142ego oracza, \u015bw. Izydora, tak losy stolicy Francyi powierzono prostej wiejskiej dziewczynie, \u015bw. Genowefie, Patronce Pary\u017ca. Przysz\u0142a ona na \u015bwiat roku 421 we wsi Nanterre i by\u0142a c\u00f3rk\u0105 zamo\u017cnych wie\u015bniak\u00f3w. Matka jej, wielka czcicielka Maryi Panny, umia\u0142a wybornie wpoi\u0107 w c\u00f3reczk\u0119 gor\u0105c\u0105 mi\u0142o\u015b\u0107 do modlitwy i pobo\u017cn\u0105 gorliwo\u015b\u0107 ku po\u017cytecznej pracy.<br><\/p>\n\n\n\n<p class=\"has-text-align-justify wp-block-paragraph\">\u2009Genowefa liczy\u0142a siedm lat, kiedy \u015bwi\u0119ci Biskupi German i Lupus w przeje\u017adzie do Anglii zanocowali w Nanterre. Lud wszystek, na wiadomo\u015b\u0107 o przybyciu Biskup\u00f3w cisn\u0105\u0142 si\u0119 gromadnie, aby uzyska\u0107 b\u0142ogos\u0142awie\u0144stwo \u015bwi\u0119tych M\u0119\u017c\u00f3w. German ujrza\u0142 znajduj\u0105c\u0105 si\u0119 w t\u0142umie Genowef\u0119, a natchniony Duchem \u015bwi\u0119tym, kaza\u0142 dziewcz\u0105tku bli\u017cej przyst\u0105pi\u0107 i rzek\u0142 do rodzic\u00f3w: \u201eSzcz\u0119\u015bliwi\u015bcie, \u017ce takie dzieci\u0119 macie, wychowajcie je starannie, bo z niego b\u0119dzie mia\u0142 B\u00f3g chwa\u0142\u0119, a ludzie zbudowanie.\u201c Pob\u0142ogos\u0142awiwszy j\u0105, da\u0142 ma\u0142ej Genowefce miedziany medalik, kaza\u0142 jej nosi\u0107 go zawsze na szyi, zakazuj\u0105c zarazem noszenia naszyjnik\u00f3w i pier\u015bcieni. \u201eNo\u015b to na pami\u0105tk\u0119, \u017ce\u015b Bogu po\u015bwi\u0119cona.\u201c Genowefa uwa\u017caj\u0105c si\u0119 odt\u0105d za oblubienic\u0119 Chrystusa, zdwoi\u0142a gorliwo\u015b\u0107 w modlitwie. Maj\u0105c lat pi\u0119tna\u015bcie, odumarli j\u0105 rodzice, poczem uda\u0142a si\u0119 do Pary\u017ca i zamieszka\u0142a u chrzestnej swej matki, zacnej i bogobojnej matrony. Po z\u0142o\u017ceniu \u015blub\u00f3w wiecznego dziewictwa, otrzyma\u0142a z r\u0105k Biskupa paryskiego sukni\u0119 zakonn\u0105, wiod\u0105c odt\u0105d nadzwyczaj ostry \u017cywot. A\u017c do 50-go roku \u017cycia swego jada\u0142a tylko dwa razy na tydzie\u0144, i to kawa\u0142ek j\u0119czmiennego chleba i nieco fasoli, pij\u0105c tylko czyst\u0105 wod\u0119. Po 50-tym roku na rozkaz Biskupa u\u017cywa\u0142a nieco ryb i mleka. Z soboty na Niedziel\u0119 ca\u0142\u0105 noc czuwa\u0142a, aby si\u0119 godnie na Komuni\u0119 \u015bw. przysposobi\u0107. Od uroczysto\u015bci Trzech Kr\u00f3li, a\u017c do Wielkiego Czwartku ca\u0142kiem si\u0119 odosobnia\u0142a, przep\u0119dzaj\u0105c czas na modlitwie i pokucie za wyrz\u0105dzone Bogu zel\u017cywo\u015bci w czasie zapustnym, na uproszenie Boga o zachowanie niewinno\u015bci m\u0142odzie\u0144c\u00f3w i dziewic i na wyb\u0142aganie u Niego \u0142aski, aby wszyscy katolicy w czasie Wielkanocnym godnie si\u0119 wyspowiadali i Komuni\u0119 \u015bwi\u0119t\u0105 przyj\u0119li. Pobo\u017cno\u015b\u0107 jej by\u0142a tak wielk\u0105, \u017ce ilekro\u0107 wznios\u0142a oczy ku Niebu, zawsze si\u0119 gor\u0105cemi zalewa\u0142a \u0142zami. Cz\u0119sto popada\u0142a te\u017c w zachwycenie, i wtedy przenika\u0142a tajemnice sumie\u0144 ludzkich, nak\u0142aniaj\u0105c zarazem grzesznik\u00f3w niepokonan\u0105 wymow\u0105 do pokuty i poprawy \u017cycia.<\/p>\n\n\n\n<p class=\"has-text-align-justify wp-block-paragraph\">Jak wszystkich \u015awi\u0119tych, tak i j\u0105 nie min\u0119\u0142y prze\u015bladowania. Oszczercze j\u0119zyki nazwa\u0142y j\u0105 ob\u0142udnic\u0105, oszustk\u0105, czarownic\u0105 i rozmaite inne wyst\u0119pki jej przypisuj\u0105c, a wzburzony i poduszczony mot\u0142och grozi\u0142 jej nawet \u015bmierci\u0105. Genowefa wszystko znosi\u0142a z cierpliwo\u015bci\u0105 i \u0142zy wylewaj\u0105c, modli\u0142a si\u0119 za swych za\u015blepionych nieprzyjaci\u00f3\u0142, przyczem losy swe sk\u0142ada\u0142a w r\u0119ce Boga, kt\u00f3ry j\u0105 te\u017c dwoma wspania\u0142ymi cudami uwielbi\u0142. W roku bowiem 451 wtargn\u0105\u0142 Attyla, kr\u00f3l Hunn\u00f3w, kt\u00f3rego\u00a0biczem Bo\u017cym zwano, do Francyi, ogniem i mieczem wszystko niszcz\u0105c, i zwr\u00f3ci\u0142 tak\u017ce sw\u00f3j poch\u00f3d na Pary\u017c. Przera\u017ceni mieszka\u0144cy chcieli miasto opu\u015bci\u0107 i wyda\u0107 je na \u0142up barbarzy\u0144skiej dziczy, lecz opar\u0142a si\u0119 temu Genowefa, niby owa Judyt w Starym Zakonie, przepowiadaj\u0105c, \u017ce skoro si\u0119 modli\u0107 i po\u015bci\u0107 b\u0119d\u0105, nieprzyjaciel do miasta si\u0119 nie zbli\u017cy: okolic\u0119 jednak, do kt\u00f3rej schroni\u0107 si\u0119 zamierzaj\u0105, w ka\u017cdym razie zniszczy i splondruje. Niewiasty zgromadzi\u0142y si\u0119 skutkiem tego ko\u0142o niej i rozpocz\u0119\u0142y post i modlitw\u0119,\u00a0podczas gdy m\u0119\u017cczy\u017ani wrzeszczeli, i nawet jej \u015bmierci\u0105 grozili, twierdz\u0105c, i\u017c chce ich zdradzi\u0107 i wyda\u0107 pod miecz barbarzy\u0144c\u00f3w. Byliby te\u017c mo\u017ce morderstwo pope\u0142nili, gdyby w\u0142a\u015bnie nie by\u0142 przyby\u0142 Archidyakon \u015bwi\u0119tego Germana, kt\u00f3remu uda\u0142o si\u0119 mot\u0142och uspokoi\u0107.<\/p>\n\n\n\n<p class=\"has-text-align-justify wp-block-paragraph\">Attyla tymczasem w pochodzie swym nagle kierunek zmieni\u0142, i uda\u0142 si\u0119 tam, dok\u0105d obywatele ucieka\u0107 zmierzali, a zr\u00f3wnawszy ca\u0142\u0105 okolic\u0119 z ziemi\u0105, ludno\u015b\u0107 w pie\u0144 wyci\u0105\u0142 i ruszy\u0142 dalej, nie tkn\u0105wszy stolicy. Niespodziewany ten obr\u00f3t rzeczy wielce wp\u0142yn\u0105\u0142 na umys\u0142y Pary\u017can, kt\u00f3rzy teraz w Genowefie widzieli Duchem Pa\u0144skim natchnion\u0105 prorokini\u0119 i zbawczyni\u0119 setek tysi\u0119cy ludu.<\/p>\n\n\n\n<p class=\"has-text-align-justify wp-block-paragraph\">Po niejakim czasie Klodoweusz, kr\u00f3l Frank\u00f3w, obieg\u0142 Pary\u017c, a wskutek tego powsta\u0142 g\u0142\u00f3d straszliwy, od kt\u00f3rego ludzie padali jak muchy. Wtedy Genowefa po ca\u0142ej Francyi biega\u0142a od wsi do wsi, od miasta do miasta, zbieraj\u0105c ja\u0142mu\u017cny i w kr\u00f3tkim czasie jedena\u015bcie \u017cywno\u015bci\u0105 nape\u0142nionych okr\u0119t\u00f3w przys\u0142a\u0142a do Pary\u017ca; pr\u00f3cz tego wyjedna\u0142a u Klodoweusza \u017cycie i wolno\u015b\u0107 wielkiej liczby je\u0144c\u00f3w. Odt\u0105d ju\u017c powszechna cze\u015b\u0107 dla wysokich cn\u00f3t Genowefy i szczeg\u00f3lnych \u0142ask, kt\u00f3remi ja\u015bnia\u0142a, coraz bardziej szerzy\u0142a si\u0119 i niczem zachwian\u0105 by\u0107 nic mog\u0142a. Kr\u00f3lowie i ksi\u0105\u017c\u0119ta wielce j\u0105 powa\u017cali, a Biskupi i kap\u0142ani polecali si\u0119 jej modlitwom. Skoro gdzie przyby\u0142a, ca\u0142e wsie i miasta wychodzi\u0142y jej naprzeciwko. Nie opu\u015bci\u0142a te\u017c \u017cadnej sposobno\u015bci, aby nie wyst\u0119powa\u0107 przeciw z\u0142ym obyczajom i uciskaniu biednych, przytem nadmieni\u0107 wypada, i\u017c napomnienia jej nic by\u0142y bez skutku.<\/p>\n\n\n\n<p class=\"has-text-align-justify wp-block-paragraph\">\u017by\u0142a lat o\u015bmdziesi\u0105t dziewi\u0119\u0107, zasn\u0105wszy w Panu r. 512, trzeciego stycznia i pochowan\u0105 zosta\u0142a w grobowcu pierwszego kr\u00f3la francuskiego Klodoweusza. Wkr\u00f3tce gr\u00f3b jej zaja\u015bnia\u0142 cudownem \u015bwiat\u0142em, przeto zbudowano nad nim wspania\u0142y ko\u015bci\u00f3\u0142. Pary\u017c jednak\u017ce raz jeszcze mia\u0142 dozna\u0107 cudu swej Patronki. W roku 1130 wybuch\u0142o morowe powietrze, kt\u00f3re zwano: \u201e\u015bwi\u0119ty Ogie\u0144\u201c, poniewa\u017c zapadaj\u0105cy na\u0144 czuli wewn\u0105trz palenie, jakoby ognia. W przera\u017ceniu uciekli si\u0119 Pary\u017canie do swej Patronki, wzi\u0119li jej ko\u015bci \u015bwi\u0119te i w procesyi oprowadzili po mie\u015bcie. Gdy procesya wr\u00f3ci\u0142a do ko\u015bcio\u0142a, a Relikwie \u015bwi\u0119te stan\u0119\u0142y w progu, nagle wszyscy chorzy ozdrowieli, z wyj\u0105tkiem trzech, kt\u00f3rzy niezawodnie ma\u0142o mieli ufno\u015bci.<\/p>\n\n\n\n<p class=\"has-text-align-justify wp-block-paragraph\">Za czas\u00f3w tak zwanej wielkiej rewolucyi francuskiej zbezczeszczono ko\u015bci\u00f3\u0142 \u015bwi\u0119tej Genowefy. Cesarz Napoleon III odrestaurowa\u0142 go, odda\u0142 katolikom i dzi\u015b jest jedn\u0105 z najpi\u0119kniejszych \u015bwi\u0105ty\u0144 w tem wielkiem mie\u015bcie.<\/p>\n\n\n\n<p class=\"has-text-align-justify wp-block-paragraph\"><br><strong>Nauka moralna.<\/strong><\/p>\n\n\n\n<p class=\"has-text-align-justify wp-block-paragraph\">\u2009Skoro serce czyje zap\u0142onie mi\u0142o\u015bci\u0105 ku Bogu, wtenczas czuje te\u017c silny poci\u0105g nak\u0142aniania i innych do \u017cycia cnotliwego, aby i ci stali si\u0119 uczestnikami owoc\u00f3w bogobojnego \u017cycia. Tak czyni\u0142a \u015bwi\u0119ta Genowefa, i tak te\u017c nam czyni\u0107 wypada. Poniewa\u017c za\u015b sk\u0142onno\u015bci tej nie uczuwamy, jest przeto najlepszym dowodem, \u017ce za ma\u0142o mi\u0142ujemy Boga i za ma\u0142o te\u017c mamy zami\u0142owania cnoty. \u017be w takim razie nie mo\u017cna w bli\u017anim wzbudzi\u0107 uczucia mi\u0142o\u015bci, kt\u00f3rej sami nie posiadamy, niema najmniejszej w\u0105tpliwo\u015bci. Jak\u017ce bowiem mogliby\u015bmy nak\u0142oni\u0107 kogo do pobo\u017cno\u015bci, je\u015bli mu dajemy gorsz\u0105cy przyk\u0142ad ozi\u0119b\u0142o\u015bci i z\u0142ych na\u0142og\u00f3w? Ogie\u0144 tylko zapala, a nie l\u00f3d lub zimne \u017celazo. Starajmy si\u0119 wi\u0119c przedewszystkiem, aby w\u0142asne nasze serca rozpali\u0142y si\u0119 ogniem mi\u0142o\u015bci Boga, i aby\u015bmy zawsze post\u0119powali drogami cnoty, a natenczas b\u0119dziemy zdolni s\u0142owem i przyk\u0142adem tak\u017ce i w bli\u017anich naszych rozbudzi\u0107 p\u0142omie\u0144, kt\u00f3ry nasze serca ogrzewa. \u201eW szcz\u0119\u015bciu sprawiedliwych b\u0119dzie si\u0119 radowa\u0142o miasto \u2014 m\u00f3wi Pismo \u015aw.,\u00a0\u2014 a usty niezbo\u017cnych wywr\u00f3ci si\u0119.\u201c (Przyp. 11, 10\u201411).<br><\/p>\n\n\n\n<p class=\"has-text-align-justify wp-block-paragraph\"><strong>Modlitwa.<\/strong><\/p>\n\n\n\n<blockquote class=\"wp-block-quote is-layout-flow wp-block-quote-is-layout-flow\"><p>\u2009Panie, racz nam da\u0107 za przyczyn\u0105 \u015bwi\u0119tej Genowefy, aby\u015bmy za przyk\u0142adem jej post\u0119puj\u0105c w mi\u0142o\u015bci Boga, dziennie si\u0119 pomna\u017cali, a tem samem stali si\u0119 zdolnymi do naprowadzenia bli\u017anich naszych na drog\u0119 cnoty i pobo\u017cno\u015bci. Udziel nam te\u017c wszystkim \u0142aski Twojej, aby\u015bmy si\u0119 stali uczestnikami szcz\u0119\u015bliwo\u015bci, kt\u00f3r\u0105 na\u015bladowcom Wybranych Swoich przyobieca\u0142e\u015b. Amen.<\/p><\/blockquote>\n\n\n\n<figure class=\"wp-block-table\"><table><tbody><tr><td>\u2217&nbsp;&nbsp;&nbsp;&nbsp;&nbsp;&nbsp;&nbsp;&nbsp;&nbsp;&nbsp;&nbsp;&nbsp;&nbsp;&nbsp;&nbsp;&nbsp;&nbsp;&nbsp;&nbsp;&nbsp;\u2217<br>\u2217<\/td><\/tr><\/tbody><\/table><\/figure>\n\n\n\n<p class=\"wp-block-paragraph\"><em>Opr\u00f3cz tego obchodzi Ko\u015bci\u00f3\u0142 \u015bwi\u0119ty pami\u0105tk\u0119 nast\u0119puj\u0105cych \u015awi\u0119tych Pa\u0144skich, zamieszczonych w rzymskiem martyrologium:<\/em><\/p>\n\n\n\n<p class=\"has-text-align-justify wp-block-paragraph\">\u2009<strong>Dnia 3-go stycznia<\/strong>&nbsp;oktawa uroczysto\u015bci \u015bw.&nbsp;Jana Ewangelisty. \u2014 W Rzymie przy drodze Via Appia dzie\u0144 zgonu \u015bw.&nbsp;Anterusa, kt\u00f3ry by\u0142 m\u0119czony pod panowaniem Juliana Maksymina, a w katakombach \u015bwi\u0119tego Kallistusa zosta\u0142 pochowany. \u2014 Tego samego dnia m\u0119cze\u0144stwo \u015bw.&nbsp;Piotra, ukrzy\u017cowanego w pobli\u017cu Aulony. \u2014 W Hellesponcie m\u0119cze\u0144stwo \u015bw.&nbsp;Cyrynusa, Prymusa i Teogenusa, M\u0119czennik\u00f3w. \u2014 W Cezarei w Kapadocyi \u015bw. Centuryona&nbsp;Gordyusza, na kt\u00f3rego cze\u015b\u0107 \u015bw. Bazyli Wielki wspania\u0142\u0105 wypowiedzia\u0142 mow\u0119 uroczysto\u015bciow\u0105, przekazan\u0105 a\u017c do naszych czas\u00f3w. \u2014 W Cylicyi \u015bw.&nbsp;Zozymusa, M\u0119czennika i&nbsp;Atanazyusza, dozorcy wi\u0119zienia. \u2014 Tak samo \u015bwi\u0119tych&nbsp;Teopemptusa i Teonasa, kt\u00f3rzy za czas\u00f3w prze\u015bladowania Dyoklecyana chwalebnie ofiarowali swe \u017cycie. \u2014 W Padwie \u015bw.&nbsp;Daniela, M\u0119czennika. \u2014 We Wiennie we Francyi \u015bw.&nbsp;Florencyusza, Biskupa, skazanego na wygnanie pod panowaniem cesarza Gallienusa i tam w m\u0119cze\u0144stwie zako\u0144czy\u0142 sw\u00f3j \u017cywot doczesny. \u2014 W Pary\u017cu \u015bw.&nbsp;Genowefy, Dziewicy; sukni\u0119 zakonn\u0105 otrzyma\u0142a z r\u0105k \u015bwi\u0119tego Gcrmana, Biskupa paryskiego, odznaczaj\u0105c si\u0119 znakomitemi cnotami i cudami.<\/p>\n","protected":false},"excerpt":{"rendered":"<p>\u015bw. Genowefa &#8211; patronka Pary\u017ca &#8211; dziewica po\u015bwi\u0119cona, zatem \u015bwiecka, mia\u0142a tak\u017ce wielk\u0105 moc nad demonami, o czym nie wszyscy wiedz\u0105.<\/p>\n","protected":false},"author":60508433,"featured_media":40675,"comment_status":"open","ping_status":"open","sticky":false,"template":"","format":"standard","meta":{"_bbp_topic_count":0,"_bbp_reply_count":0,"_bbp_total_topic_count":0,"_bbp_total_reply_count":0,"_bbp_voice_count":0,"_bbp_anonymous_reply_count":0,"_bbp_topic_count_hidden":0,"_bbp_reply_count_hidden":0,"_bbp_forum_subforum_count":0,"_editorskit_title_hidden":false,"_editorskit_reading_time":0,"_editorskit_is_block_options_detached":false,"_editorskit_block_options_position":"{}","_coblocks_attr":"","_coblocks_dimensions":"","_coblocks_responsive_height":"","_coblocks_accordion_ie_support":"","_exactmetrics_skip_tracking":false,"_jetpack_newsletter_access":"","_jetpack_dont_email_post_to_subs":false,"_jetpack_newsletter_tier_id":0,"_jetpack_memberships_contains_paywalled_content":false,"_wpcom_ai_launchpad_first_post":false,"_jetpack_feature_clip_id":0,"_jetpack_memberships_contains_paid_content":false,"footnotes":"","jetpack_publicize_message":"{title}\n\n{excerpt}\n\n{url}","jetpack_publicize_feature_enabled":true,"jetpack_social_post_already_shared":false,"jetpack_social_options":{"image_generator_settings":{"template":"highway","default_image_id":0,"font":"","enabled":false},"version":2},"_wpas_customize_per_network":false,"jetpack_post_was_ever_published":false},"categories":[610131816,610131184,336375535,610131155,610134933,610132042],"tags":[610133246],"class_list":["post-83517","post","type-post","status-publish","format-standard","has-post-thumbnail","hentry","category-swieta-w-styczniu","category-duchowosc","category-liturgia-i-liturgika","category-rozwazania","category-zenskie-swiete","category-zywoty-swietych","tag-zenskie-swiete"],"yoast_head":"<!-- This site is optimized with the Yoast SEO plugin v28.4 - https:\/\/yoast.com\/product\/yoast-seo-wordpress\/ -->\n<title>3-go Stycznia. \u017bywot \u015bwi\u0119tej Genowefy, Dziewicy. - Tradycja i Wiara<\/title>\n<meta name=\"robots\" content=\"index, follow, max-snippet:-1, max-image-preview:large, max-video-preview:-1\" \/>\n<link rel=\"canonical\" href=\"https:\/\/wobronietradycjiiwiary.com\/pl\/3-go-stycznia-zywot-swietej-genowefy-dziewicy-2-2\/\" \/>\n<meta property=\"og:locale\" content=\"pl_PL\" \/>\n<meta property=\"og:type\" content=\"article\" \/>\n<meta property=\"og:title\" content=\"3-go Stycznia. \u017bywot \u015bwi\u0119tej Genowefy, Dziewicy. - Tradycja i Wiara\" \/>\n<meta property=\"og:description\" content=\"\u015bw. Genowefa - patronka Pary\u017ca - dziewica po\u015bwi\u0119cona, zatem \u015bwiecka, mia\u0142a tak\u017ce wielk\u0105 moc nad demonami, o czym nie wszyscy wiedz\u0105.\" \/>\n<meta property=\"og:url\" content=\"https:\/\/wobronietradycjiiwiary.com\/pl\/3-go-stycznia-zywot-swietej-genowefy-dziewicy-2-2\/\" \/>\n<meta property=\"og:site_name\" content=\"Tradycja i Wiara\" \/>\n<meta property=\"article:publisher\" content=\"https:\/\/www.facebook.com\/Tradycja-i-Wiara-108813920592249\" \/>\n<meta property=\"article:published_time\" content=\"2023-01-03T07:15:40+00:00\" \/>\n<meta property=\"article:modified_time\" content=\"2025-02-10T10:33:33+00:00\" \/>\n<meta property=\"og:image\" content=\"https:\/\/wobronietradycjiiwiary.com\/wp-content\/uploads\/2021\/01\/Genowefa.jpg\" \/>\n\t<meta property=\"og:image:width\" content=\"1571\" \/>\n\t<meta property=\"og:image:height\" content=\"1150\" \/>\n\t<meta property=\"og:image:type\" content=\"image\/jpeg\" \/>\n<meta name=\"author\" content=\"Traditio et Fides\" \/>\n<meta name=\"twitter:card\" content=\"summary_large_image\" \/>\n<meta name=\"twitter:label1\" content=\"Napisane przez\" \/>\n\t<meta name=\"twitter:data1\" content=\"Traditio et Fides\" \/>\n\t<meta name=\"twitter:label2\" content=\"Szacowany czas czytania\" \/>\n\t<meta name=\"twitter:data2\" content=\"8 minut\" \/>\n<script type=\"application\/ld+json\" class=\"yoast-schema-graph\">{\"@context\":\"https:\\\/\\\/schema.org\",\"@graph\":[{\"@type\":\"Article\",\"@id\":\"https:\\\/\\\/wobronietradycjiiwiary.com\\\/3-go-stycznia-zywot-swietej-genowefy-dziewicy-2-2\\\/#article\",\"isPartOf\":{\"@id\":\"https:\\\/\\\/wobronietradycjiiwiary.com\\\/3-go-stycznia-zywot-swietej-genowefy-dziewicy-2-2\\\/\"},\"author\":{\"name\":\"Traditio et Fides\",\"@id\":\"https:\\\/\\\/wobronietradycjiiwiary.com\\\/pl\\\/#\\\/schema\\\/person\\\/2d6180ce6abcb681fef0daab7816e8f3\"},\"headline\":\"3-go Stycznia. \u017bywot \u015bwi\u0119tej Genowefy, Dziewicy.\",\"datePublished\":\"2023-01-03T07:15:40+00:00\",\"dateModified\":\"2025-02-10T10:33:33+00:00\",\"mainEntityOfPage\":{\"@id\":\"https:\\\/\\\/wobronietradycjiiwiary.com\\\/3-go-stycznia-zywot-swietej-genowefy-dziewicy-2-2\\\/\"},\"wordCount\":1598,\"commentCount\":0,\"publisher\":{\"@id\":\"https:\\\/\\\/wobronietradycjiiwiary.com\\\/pl\\\/#organization\"},\"image\":{\"@id\":\"https:\\\/\\\/wobronietradycjiiwiary.com\\\/3-go-stycznia-zywot-swietej-genowefy-dziewicy-2-2\\\/#primaryimage\"},\"thumbnailUrl\":\"https:\\\/\\\/wobronietradycjiiwiary.com\\\/wp-content\\\/uploads\\\/2021\\\/01\\\/Genowefa.jpg\",\"keywords\":[\"\u017ce\u0144skie \u015bwi\u0119te\"],\"articleSection\":[\"01. \u015awi\u0119ta w styczniu\",\"Duchowo\u015b\u0107\",\"Liturgia i liturgika\",\"Rozwa\u017cania liturgiczne\",\"\u017be\u0144skie \u015bwi\u0119te\",\"\u017bywoty \u015awi\u0119tych\"],\"inLanguage\":\"pl-PL\",\"potentialAction\":[{\"@type\":\"CommentAction\",\"name\":\"Comment\",\"target\":[\"https:\\\/\\\/wobronietradycjiiwiary.com\\\/3-go-stycznia-zywot-swietej-genowefy-dziewicy-2-2\\\/#respond\"]}]},{\"@type\":\"WebPage\",\"@id\":\"https:\\\/\\\/wobronietradycjiiwiary.com\\\/3-go-stycznia-zywot-swietej-genowefy-dziewicy-2-2\\\/\",\"url\":\"https:\\\/\\\/wobronietradycjiiwiary.com\\\/3-go-stycznia-zywot-swietej-genowefy-dziewicy-2-2\\\/\",\"name\":\"3-go Stycznia. \u017bywot \u015bwi\u0119tej Genowefy, Dziewicy. - Tradycja i Wiara\",\"isPartOf\":{\"@id\":\"https:\\\/\\\/wobronietradycjiiwiary.com\\\/pl\\\/#website\"},\"primaryImageOfPage\":{\"@id\":\"https:\\\/\\\/wobronietradycjiiwiary.com\\\/3-go-stycznia-zywot-swietej-genowefy-dziewicy-2-2\\\/#primaryimage\"},\"image\":{\"@id\":\"https:\\\/\\\/wobronietradycjiiwiary.com\\\/3-go-stycznia-zywot-swietej-genowefy-dziewicy-2-2\\\/#primaryimage\"},\"thumbnailUrl\":\"https:\\\/\\\/wobronietradycjiiwiary.com\\\/wp-content\\\/uploads\\\/2021\\\/01\\\/Genowefa.jpg\",\"datePublished\":\"2023-01-03T07:15:40+00:00\",\"dateModified\":\"2025-02-10T10:33:33+00:00\",\"breadcrumb\":{\"@id\":\"https:\\\/\\\/wobronietradycjiiwiary.com\\\/3-go-stycznia-zywot-swietej-genowefy-dziewicy-2-2\\\/#breadcrumb\"},\"inLanguage\":\"pl-PL\",\"potentialAction\":[{\"@type\":\"ReadAction\",\"target\":[\"https:\\\/\\\/wobronietradycjiiwiary.com\\\/3-go-stycznia-zywot-swietej-genowefy-dziewicy-2-2\\\/\"]}]},{\"@type\":\"ImageObject\",\"inLanguage\":\"pl-PL\",\"@id\":\"https:\\\/\\\/wobronietradycjiiwiary.com\\\/3-go-stycznia-zywot-swietej-genowefy-dziewicy-2-2\\\/#primaryimage\",\"url\":\"https:\\\/\\\/wobronietradycjiiwiary.com\\\/wp-content\\\/uploads\\\/2021\\\/01\\\/Genowefa.jpg\",\"contentUrl\":\"https:\\\/\\\/wobronietradycjiiwiary.com\\\/wp-content\\\/uploads\\\/2021\\\/01\\\/Genowefa.jpg\",\"width\":1571,\"height\":1150},{\"@type\":\"BreadcrumbList\",\"@id\":\"https:\\\/\\\/wobronietradycjiiwiary.com\\\/3-go-stycznia-zywot-swietej-genowefy-dziewicy-2-2\\\/#breadcrumb\",\"itemListElement\":[{\"@type\":\"ListItem\",\"position\":1,\"name\":\"Strona g\u0142\u00f3wna\",\"item\":\"https:\\\/\\\/wobronietradycjiiwiary.com\\\/\"},{\"@type\":\"ListItem\",\"position\":2,\"name\":\"3-go Stycznia. \u017bywot \u015bwi\u0119tej Genowefy, Dziewicy.\"}]},{\"@type\":\"WebSite\",\"@id\":\"https:\\\/\\\/wobronietradycjiiwiary.com\\\/pl\\\/#website\",\"url\":\"https:\\\/\\\/wobronietradycjiiwiary.com\\\/pl\\\/\",\"name\":\"Tradycja i Wiara\",\"description\":\"Portal dla katolik\u00f3w.\",\"publisher\":{\"@id\":\"https:\\\/\\\/wobronietradycjiiwiary.com\\\/pl\\\/#organization\"},\"potentialAction\":[{\"@type\":\"SearchAction\",\"target\":{\"@type\":\"EntryPoint\",\"urlTemplate\":\"https:\\\/\\\/wobronietradycjiiwiary.com\\\/pl\\\/?s={search_term_string}\"},\"query-input\":{\"@type\":\"PropertyValueSpecification\",\"valueRequired\":true,\"valueName\":\"search_term_string\"}}],\"inLanguage\":\"pl-PL\"},{\"@type\":\"Organization\",\"@id\":\"https:\\\/\\\/wobronietradycjiiwiary.com\\\/pl\\\/#organization\",\"name\":\"Tradycja i Wiara\",\"url\":\"https:\\\/\\\/wobronietradycjiiwiary.com\\\/pl\\\/\",\"logo\":{\"@type\":\"ImageObject\",\"inLanguage\":\"pl-PL\",\"@id\":\"https:\\\/\\\/wobronietradycjiiwiary.com\\\/pl\\\/#\\\/schema\\\/logo\\\/image\\\/\",\"url\":\"https:\\\/\\\/i0.wp.com\\\/wobronietradycjiiwiary.com\\\/wp-content\\\/uploads\\\/2015\\\/10\\\/cropped-st-peters-dome-vatican.jpg?fit=940%2C198&ssl=1\",\"contentUrl\":\"https:\\\/\\\/i0.wp.com\\\/wobronietradycjiiwiary.com\\\/wp-content\\\/uploads\\\/2015\\\/10\\\/cropped-st-peters-dome-vatican.jpg?fit=940%2C198&ssl=1\",\"width\":940,\"height\":198,\"caption\":\"Tradycja i Wiara\"},\"image\":{\"@id\":\"https:\\\/\\\/wobronietradycjiiwiary.com\\\/pl\\\/#\\\/schema\\\/logo\\\/image\\\/\"},\"sameAs\":[\"https:\\\/\\\/www.facebook.com\\\/Tradycja-i-Wiara-108813920592249\"]},{\"@type\":\"Person\",\"@id\":\"https:\\\/\\\/wobronietradycjiiwiary.com\\\/pl\\\/#\\\/schema\\\/person\\\/2d6180ce6abcb681fef0daab7816e8f3\",\"name\":\"Traditio et Fides\",\"sameAs\":[\"https:\\\/\\\/traditionundglauben.com\"],\"url\":\"https:\\\/\\\/wobronietradycjiiwiary.com\\\/pl\\\/author\\\/wobronietradycjiiwiary\\\/\"}]}<\/script>\n<!-- \/ Yoast SEO plugin. -->","yoast_head_json":{"title":"3-go Stycznia. \u017bywot \u015bwi\u0119tej Genowefy, Dziewicy. - Tradycja i Wiara","robots":{"index":"index","follow":"follow","max-snippet":"max-snippet:-1","max-image-preview":"max-image-preview:large","max-video-preview":"max-video-preview:-1"},"canonical":"https:\/\/wobronietradycjiiwiary.com\/pl\/3-go-stycznia-zywot-swietej-genowefy-dziewicy-2-2\/","og_locale":"pl_PL","og_type":"article","og_title":"3-go Stycznia. \u017bywot \u015bwi\u0119tej Genowefy, Dziewicy. - Tradycja i Wiara","og_description":"\u015bw. Genowefa - patronka Pary\u017ca - dziewica po\u015bwi\u0119cona, zatem \u015bwiecka, mia\u0142a tak\u017ce wielk\u0105 moc nad demonami, o czym nie wszyscy wiedz\u0105.","og_url":"https:\/\/wobronietradycjiiwiary.com\/pl\/3-go-stycznia-zywot-swietej-genowefy-dziewicy-2-2\/","og_site_name":"Tradycja i Wiara","article_publisher":"https:\/\/www.facebook.com\/Tradycja-i-Wiara-108813920592249","article_published_time":"2023-01-03T07:15:40+00:00","article_modified_time":"2025-02-10T10:33:33+00:00","og_image":[{"width":1571,"height":1150,"url":"https:\/\/wobronietradycjiiwiary.com\/wp-content\/uploads\/2021\/01\/Genowefa.jpg","type":"image\/jpeg"}],"author":"Traditio et Fides","twitter_card":"summary_large_image","twitter_misc":{"Napisane przez":"Traditio et Fides","Szacowany czas czytania":"8 minut"},"schema":{"@context":"https:\/\/schema.org","@graph":[{"@type":"Article","@id":"https:\/\/wobronietradycjiiwiary.com\/3-go-stycznia-zywot-swietej-genowefy-dziewicy-2-2\/#article","isPartOf":{"@id":"https:\/\/wobronietradycjiiwiary.com\/3-go-stycznia-zywot-swietej-genowefy-dziewicy-2-2\/"},"author":{"name":"Traditio et Fides","@id":"https:\/\/wobronietradycjiiwiary.com\/pl\/#\/schema\/person\/2d6180ce6abcb681fef0daab7816e8f3"},"headline":"3-go Stycznia. \u017bywot \u015bwi\u0119tej Genowefy, Dziewicy.","datePublished":"2023-01-03T07:15:40+00:00","dateModified":"2025-02-10T10:33:33+00:00","mainEntityOfPage":{"@id":"https:\/\/wobronietradycjiiwiary.com\/3-go-stycznia-zywot-swietej-genowefy-dziewicy-2-2\/"},"wordCount":1598,"commentCount":0,"publisher":{"@id":"https:\/\/wobronietradycjiiwiary.com\/pl\/#organization"},"image":{"@id":"https:\/\/wobronietradycjiiwiary.com\/3-go-stycznia-zywot-swietej-genowefy-dziewicy-2-2\/#primaryimage"},"thumbnailUrl":"https:\/\/wobronietradycjiiwiary.com\/wp-content\/uploads\/2021\/01\/Genowefa.jpg","keywords":["\u017ce\u0144skie \u015bwi\u0119te"],"articleSection":["01. \u015awi\u0119ta w styczniu","Duchowo\u015b\u0107","Liturgia i liturgika","Rozwa\u017cania liturgiczne","\u017be\u0144skie \u015bwi\u0119te","\u017bywoty \u015awi\u0119tych"],"inLanguage":"pl-PL","potentialAction":[{"@type":"CommentAction","name":"Comment","target":["https:\/\/wobronietradycjiiwiary.com\/3-go-stycznia-zywot-swietej-genowefy-dziewicy-2-2\/#respond"]}]},{"@type":"WebPage","@id":"https:\/\/wobronietradycjiiwiary.com\/3-go-stycznia-zywot-swietej-genowefy-dziewicy-2-2\/","url":"https:\/\/wobronietradycjiiwiary.com\/3-go-stycznia-zywot-swietej-genowefy-dziewicy-2-2\/","name":"3-go Stycznia. \u017bywot \u015bwi\u0119tej Genowefy, Dziewicy. - Tradycja i Wiara","isPartOf":{"@id":"https:\/\/wobronietradycjiiwiary.com\/pl\/#website"},"primaryImageOfPage":{"@id":"https:\/\/wobronietradycjiiwiary.com\/3-go-stycznia-zywot-swietej-genowefy-dziewicy-2-2\/#primaryimage"},"image":{"@id":"https:\/\/wobronietradycjiiwiary.com\/3-go-stycznia-zywot-swietej-genowefy-dziewicy-2-2\/#primaryimage"},"thumbnailUrl":"https:\/\/wobronietradycjiiwiary.com\/wp-content\/uploads\/2021\/01\/Genowefa.jpg","datePublished":"2023-01-03T07:15:40+00:00","dateModified":"2025-02-10T10:33:33+00:00","breadcrumb":{"@id":"https:\/\/wobronietradycjiiwiary.com\/3-go-stycznia-zywot-swietej-genowefy-dziewicy-2-2\/#breadcrumb"},"inLanguage":"pl-PL","potentialAction":[{"@type":"ReadAction","target":["https:\/\/wobronietradycjiiwiary.com\/3-go-stycznia-zywot-swietej-genowefy-dziewicy-2-2\/"]}]},{"@type":"ImageObject","inLanguage":"pl-PL","@id":"https:\/\/wobronietradycjiiwiary.com\/3-go-stycznia-zywot-swietej-genowefy-dziewicy-2-2\/#primaryimage","url":"https:\/\/wobronietradycjiiwiary.com\/wp-content\/uploads\/2021\/01\/Genowefa.jpg","contentUrl":"https:\/\/wobronietradycjiiwiary.com\/wp-content\/uploads\/2021\/01\/Genowefa.jpg","width":1571,"height":1150},{"@type":"BreadcrumbList","@id":"https:\/\/wobronietradycjiiwiary.com\/3-go-stycznia-zywot-swietej-genowefy-dziewicy-2-2\/#breadcrumb","itemListElement":[{"@type":"ListItem","position":1,"name":"Strona g\u0142\u00f3wna","item":"https:\/\/wobronietradycjiiwiary.com\/"},{"@type":"ListItem","position":2,"name":"3-go Stycznia. \u017bywot \u015bwi\u0119tej Genowefy, Dziewicy."}]},{"@type":"WebSite","@id":"https:\/\/wobronietradycjiiwiary.com\/pl\/#website","url":"https:\/\/wobronietradycjiiwiary.com\/pl\/","name":"Tradycja i Wiara","description":"Portal dla katolik\u00f3w.","publisher":{"@id":"https:\/\/wobronietradycjiiwiary.com\/pl\/#organization"},"potentialAction":[{"@type":"SearchAction","target":{"@type":"EntryPoint","urlTemplate":"https:\/\/wobronietradycjiiwiary.com\/pl\/?s={search_term_string}"},"query-input":{"@type":"PropertyValueSpecification","valueRequired":true,"valueName":"search_term_string"}}],"inLanguage":"pl-PL"},{"@type":"Organization","@id":"https:\/\/wobronietradycjiiwiary.com\/pl\/#organization","name":"Tradycja i Wiara","url":"https:\/\/wobronietradycjiiwiary.com\/pl\/","logo":{"@type":"ImageObject","inLanguage":"pl-PL","@id":"https:\/\/wobronietradycjiiwiary.com\/pl\/#\/schema\/logo\/image\/","url":"https:\/\/i0.wp.com\/wobronietradycjiiwiary.com\/wp-content\/uploads\/2015\/10\/cropped-st-peters-dome-vatican.jpg?fit=940%2C198&ssl=1","contentUrl":"https:\/\/i0.wp.com\/wobronietradycjiiwiary.com\/wp-content\/uploads\/2015\/10\/cropped-st-peters-dome-vatican.jpg?fit=940%2C198&ssl=1","width":940,"height":198,"caption":"Tradycja i Wiara"},"image":{"@id":"https:\/\/wobronietradycjiiwiary.com\/pl\/#\/schema\/logo\/image\/"},"sameAs":["https:\/\/www.facebook.com\/Tradycja-i-Wiara-108813920592249"]},{"@type":"Person","@id":"https:\/\/wobronietradycjiiwiary.com\/pl\/#\/schema\/person\/2d6180ce6abcb681fef0daab7816e8f3","name":"Traditio et Fides","sameAs":["https:\/\/traditionundglauben.com"],"url":"https:\/\/wobronietradycjiiwiary.com\/pl\/author\/wobronietradycjiiwiary\/"}]}},"jetpack_publicize_connections":[],"jetpack_sharing_enabled":true,"jetpack_likes_enabled":true,"jetpack_shortlink":"https:\/\/wp.me\/pc04Sd-lJ3","jetpack-related-posts":[{"id":40671,"url":"https:\/\/wobronietradycjiiwiary.com\/pl\/3-go-stycznia-zywot-swietej-genowefy-dziewicy\/","url_meta":{"origin":83517,"position":0},"title":"3-go Stycznia. \u017bywot \u015bwi\u0119tej Genowefy, Dziewicy.","author":"Traditio et Fides","date":"3 stycznia 2021","format":false,"excerpt":"\u015bw. Genowefa - patronka Pary\u017ca - dziewica po\u015bwi\u0119cona, zatem \u015bwiecka, mia\u0142a tak\u017ce wielk\u0105 moc nad demonami, o czym nie wszyscy wiedz\u0105.","rel":"","context":"W \u201e01. \u015awi\u0119ta w styczniu&quot;","block_context":{"text":"01. \u015awi\u0119ta w styczniu","link":"https:\/\/wobronietradycjiiwiary.com\/pl\/category\/duchowosc\/liturgia-i-liturgika\/rozwazania\/rok-liturgiczny\/swieta-w-styczniu\/"},"img":{"alt_text":"","src":"https:\/\/i0.wp.com\/wobronietradycjiiwiary.com\/wp-content\/uploads\/2021\/01\/Genowefa.jpg?resize=350%2C200&ssl=1","width":350,"height":200,"srcset":"https:\/\/i0.wp.com\/wobronietradycjiiwiary.com\/wp-content\/uploads\/2021\/01\/Genowefa.jpg?resize=350%2C200&ssl=1 1x, https:\/\/i0.wp.com\/wobronietradycjiiwiary.com\/wp-content\/uploads\/2021\/01\/Genowefa.jpg?resize=525%2C300&ssl=1 1.5x, https:\/\/i0.wp.com\/wobronietradycjiiwiary.com\/wp-content\/uploads\/2021\/01\/Genowefa.jpg?resize=700%2C400&ssl=1 2x, https:\/\/i0.wp.com\/wobronietradycjiiwiary.com\/wp-content\/uploads\/2021\/01\/Genowefa.jpg?resize=1050%2C600&ssl=1 3x, https:\/\/i0.wp.com\/wobronietradycjiiwiary.com\/wp-content\/uploads\/2021\/01\/Genowefa.jpg?resize=1400%2C800&ssl=1 4x"},"classes":[]},{"id":40700,"url":"https:\/\/wobronietradycjiiwiary.com\/pl\/3-go-stycznia-zywot-swietej-genowefy-dziewicy-2\/","url_meta":{"origin":83517,"position":1},"title":"3-go Stycznia. \u017bywot \u015bwi\u0119tej Genowefy, Dziewicy.","author":"Traditio et Fides","date":"3 stycznia 2022","format":false,"excerpt":"\u015bw. Genowefa - patronka Pary\u017ca - dziewica po\u015bwi\u0119cona, zatem \u015bwiecka, mia\u0142a tak\u017ce wielk\u0105 moc nad demonami, o czym nie wszyscy wiedz\u0105.","rel":"","context":"W \u201e01. \u015awi\u0119ta w styczniu&quot;","block_context":{"text":"01. \u015awi\u0119ta w styczniu","link":"https:\/\/wobronietradycjiiwiary.com\/pl\/category\/duchowosc\/liturgia-i-liturgika\/rozwazania\/rok-liturgiczny\/swieta-w-styczniu\/"},"img":{"alt_text":"","src":"https:\/\/i0.wp.com\/wobronietradycjiiwiary.com\/wp-content\/uploads\/2021\/01\/Genowefa.jpg?resize=350%2C200&ssl=1","width":350,"height":200,"srcset":"https:\/\/i0.wp.com\/wobronietradycjiiwiary.com\/wp-content\/uploads\/2021\/01\/Genowefa.jpg?resize=350%2C200&ssl=1 1x, https:\/\/i0.wp.com\/wobronietradycjiiwiary.com\/wp-content\/uploads\/2021\/01\/Genowefa.jpg?resize=525%2C300&ssl=1 1.5x, https:\/\/i0.wp.com\/wobronietradycjiiwiary.com\/wp-content\/uploads\/2021\/01\/Genowefa.jpg?resize=700%2C400&ssl=1 2x, https:\/\/i0.wp.com\/wobronietradycjiiwiary.com\/wp-content\/uploads\/2021\/01\/Genowefa.jpg?resize=1050%2C600&ssl=1 3x, https:\/\/i0.wp.com\/wobronietradycjiiwiary.com\/wp-content\/uploads\/2021\/01\/Genowefa.jpg?resize=1400%2C800&ssl=1 4x"},"classes":[]},{"id":127339,"url":"https:\/\/wobronietradycjiiwiary.com\/pl\/3-go-stycznia-zywot-swietej-genowefy-dziewicy-3\/","url_meta":{"origin":83517,"position":2},"title":"3-go Stycznia. \u017bywot \u015bwi\u0119tej Genowefy, Dziewicy.","author":"Traditio et Fides","date":"3 stycznia 2025","format":false,"excerpt":"\u015bw. Genowefa - patronka Pary\u017ca - dziewica po\u015bwi\u0119cona, zatem \u015bwiecka, mia\u0142a tak\u017ce wielk\u0105 moc nad demonami, o czym nie wszyscy wiedz\u0105.","rel":"","context":"W \u201e01. \u015awi\u0119ta w styczniu&quot;","block_context":{"text":"01. \u015awi\u0119ta w styczniu","link":"https:\/\/wobronietradycjiiwiary.com\/pl\/category\/duchowosc\/liturgia-i-liturgika\/rozwazania\/rok-liturgiczny\/swieta-w-styczniu\/"},"img":{"alt_text":"","src":"https:\/\/i0.wp.com\/wobronietradycjiiwiary.com\/wp-content\/uploads\/2021\/01\/Genowefa.jpg?resize=350%2C200&ssl=1","width":350,"height":200,"srcset":"https:\/\/i0.wp.com\/wobronietradycjiiwiary.com\/wp-content\/uploads\/2021\/01\/Genowefa.jpg?resize=350%2C200&ssl=1 1x, https:\/\/i0.wp.com\/wobronietradycjiiwiary.com\/wp-content\/uploads\/2021\/01\/Genowefa.jpg?resize=525%2C300&ssl=1 1.5x, https:\/\/i0.wp.com\/wobronietradycjiiwiary.com\/wp-content\/uploads\/2021\/01\/Genowefa.jpg?resize=700%2C400&ssl=1 2x, https:\/\/i0.wp.com\/wobronietradycjiiwiary.com\/wp-content\/uploads\/2021\/01\/Genowefa.jpg?resize=1050%2C600&ssl=1 3x, https:\/\/i0.wp.com\/wobronietradycjiiwiary.com\/wp-content\/uploads\/2021\/01\/Genowefa.jpg?resize=1400%2C800&ssl=1 4x"},"classes":[]},{"id":127297,"url":"https:\/\/wobronietradycjiiwiary.com\/pl\/3-go-stycznia-zywot-swietej-genowefy-dziewicy-4\/","url_meta":{"origin":83517,"position":3},"title":"3-go Stycznia. \u017bywot \u015bwi\u0119tej Genowefy, Dziewicy.","author":"Traditio et Fides","date":"3 stycznia 2026","format":false,"excerpt":"\u015bw. Genowefa - patronka Pary\u017ca - dziewica po\u015bwi\u0119cona, zatem \u015bwiecka, mia\u0142a tak\u017ce wielk\u0105 moc nad demonami, o czym nie wszyscy wiedz\u0105.","rel":"","context":"W \u201e01. \u015awi\u0119ta w styczniu&quot;","block_context":{"text":"01. \u015awi\u0119ta w styczniu","link":"https:\/\/wobronietradycjiiwiary.com\/pl\/category\/duchowosc\/liturgia-i-liturgika\/rozwazania\/rok-liturgiczny\/swieta-w-styczniu\/"},"img":{"alt_text":"","src":"https:\/\/i0.wp.com\/wobronietradycjiiwiary.com\/wp-content\/uploads\/2021\/01\/Genowefa.jpg?resize=350%2C200&ssl=1","width":350,"height":200,"srcset":"https:\/\/i0.wp.com\/wobronietradycjiiwiary.com\/wp-content\/uploads\/2021\/01\/Genowefa.jpg?resize=350%2C200&ssl=1 1x, https:\/\/i0.wp.com\/wobronietradycjiiwiary.com\/wp-content\/uploads\/2021\/01\/Genowefa.jpg?resize=525%2C300&ssl=1 1.5x, https:\/\/i0.wp.com\/wobronietradycjiiwiary.com\/wp-content\/uploads\/2021\/01\/Genowefa.jpg?resize=700%2C400&ssl=1 2x, https:\/\/i0.wp.com\/wobronietradycjiiwiary.com\/wp-content\/uploads\/2021\/01\/Genowefa.jpg?resize=1050%2C600&ssl=1 3x, https:\/\/i0.wp.com\/wobronietradycjiiwiary.com\/wp-content\/uploads\/2021\/01\/Genowefa.jpg?resize=1400%2C800&ssl=1 4x"},"classes":[]},{"id":40677,"url":"https:\/\/wobronietradycjiiwiary.com\/pl\/sw-genowefa-i-walka-przeciw-zlym-duchom\/","url_meta":{"origin":83517,"position":4},"title":"\u015aw. Genowefa i walka przeciw z\u0142ym duchom","author":"Traditio et Fides","date":"3 stycznia 2022","format":false,"excerpt":"Opis antydemonicznej dzia\u0142alno\u015bci \u015bw. Genowefy - \u015bwieckiej kobiety.","rel":"","context":"W \u201e01. \u015awi\u0119ta w styczniu&quot;","block_context":{"text":"01. \u015awi\u0119ta w styczniu","link":"https:\/\/wobronietradycjiiwiary.com\/pl\/category\/duchowosc\/liturgia-i-liturgika\/rozwazania\/rok-liturgiczny\/swieta-w-styczniu\/"},"img":{"alt_text":"","src":"https:\/\/i0.wp.com\/wobronietradycjiiwiary.com\/wp-content\/uploads\/2021\/01\/Genowefa-1.jpg?resize=350%2C200&ssl=1","width":350,"height":200,"srcset":"https:\/\/i0.wp.com\/wobronietradycjiiwiary.com\/wp-content\/uploads\/2021\/01\/Genowefa-1.jpg?resize=350%2C200&ssl=1 1x, https:\/\/i0.wp.com\/wobronietradycjiiwiary.com\/wp-content\/uploads\/2021\/01\/Genowefa-1.jpg?resize=525%2C300&ssl=1 1.5x"},"classes":[]},{"id":127245,"url":"https:\/\/wobronietradycjiiwiary.com\/pl\/sw-genowefa-i-walka-przeciw-zlym-duchom-2-2\/","url_meta":{"origin":83517,"position":5},"title":"\u015aw. Genowefa i walka przeciw z\u0142ym duchom","author":"Traditio et Fides","date":"2 stycznia 2025","format":false,"excerpt":"Opis antydemonicznej dzia\u0142alno\u015bci \u015bw. Genowefy - \u015bwieckiej kobiety.","rel":"","context":"W \u201e01. \u015awi\u0119ta w styczniu&quot;","block_context":{"text":"01. \u015awi\u0119ta w styczniu","link":"https:\/\/wobronietradycjiiwiary.com\/pl\/category\/duchowosc\/liturgia-i-liturgika\/rozwazania\/rok-liturgiczny\/swieta-w-styczniu\/"},"img":{"alt_text":"","src":"https:\/\/i0.wp.com\/wobronietradycjiiwiary.com\/wp-content\/uploads\/2021\/01\/Genowefa-1.jpg?resize=350%2C200&ssl=1","width":350,"height":200,"srcset":"https:\/\/i0.wp.com\/wobronietradycjiiwiary.com\/wp-content\/uploads\/2021\/01\/Genowefa-1.jpg?resize=350%2C200&ssl=1 1x, https:\/\/i0.wp.com\/wobronietradycjiiwiary.com\/wp-content\/uploads\/2021\/01\/Genowefa-1.jpg?resize=525%2C300&ssl=1 1.5x"},"classes":[]}],"amp_enabled":true,"jetpack_featured_media_url":"https:\/\/wobronietradycjiiwiary.com\/wp-content\/uploads\/2021\/01\/Genowefa.jpg","_links":{"self":[{"href":"https:\/\/wobronietradycjiiwiary.com\/pl\/wp-json\/wp\/v2\/posts\/83517","targetHints":{"allow":["GET"]}}],"collection":[{"href":"https:\/\/wobronietradycjiiwiary.com\/pl\/wp-json\/wp\/v2\/posts"}],"about":[{"href":"https:\/\/wobronietradycjiiwiary.com\/pl\/wp-json\/wp\/v2\/types\/post"}],"author":[{"embeddable":true,"href":"https:\/\/wobronietradycjiiwiary.com\/pl\/wp-json\/wp\/v2\/users\/60508433"}],"replies":[{"embeddable":true,"href":"https:\/\/wobronietradycjiiwiary.com\/pl\/wp-json\/wp\/v2\/comments?post=83517"}],"version-history":[{"count":1,"href":"https:\/\/wobronietradycjiiwiary.com\/pl\/wp-json\/wp\/v2\/posts\/83517\/revisions"}],"predecessor-version":[{"id":83530,"href":"https:\/\/wobronietradycjiiwiary.com\/pl\/wp-json\/wp\/v2\/posts\/83517\/revisions\/83530"}],"wp:featuredmedia":[{"embeddable":true,"href":"https:\/\/wobronietradycjiiwiary.com\/pl\/wp-json\/wp\/v2\/media\/40675"}],"wp:attachment":[{"href":"https:\/\/wobronietradycjiiwiary.com\/pl\/wp-json\/wp\/v2\/media?parent=83517"}],"wp:term":[{"taxonomy":"category","embeddable":true,"href":"https:\/\/wobronietradycjiiwiary.com\/pl\/wp-json\/wp\/v2\/categories?post=83517"},{"taxonomy":"post_tag","embeddable":true,"href":"https:\/\/wobronietradycjiiwiary.com\/pl\/wp-json\/wp\/v2\/tags?post=83517"}],"curies":[{"name":"wp","href":"https:\/\/api.w.org\/{rel}","templated":true}]}}