{"id":81491,"date":"2022-12-23T08:00:00","date_gmt":"2022-12-23T07:00:00","guid":{"rendered":"https:\/\/wobronietradycjiiwiary.com\/?p=81491"},"modified":"2025-02-07T15:39:24","modified_gmt":"2025-02-07T14:39:24","slug":"sw-tomasz-z-akwinu-o-losach-dusz-po-smierci-8-z-27-czy-w-duszy-odlaczonej-pozostaja-wladze-zmyslowe","status":"publish","type":"post","link":"https:\/\/wobronietradycjiiwiary.com\/pl\/sw-tomasz-z-akwinu-o-losach-dusz-po-smierci-8-z-27-czy-w-duszy-odlaczonej-pozostaja-wladze-zmyslowe\/","title":{"rendered":"\u015aw. Tomasz z Akwinu, O losach dusz po \u015bmierci (8 z 29). Czy w duszy od\u0142\u0105czonej pozostaj\u0105 w\u0142adze zmys\u0142owe?"},"content":{"rendered":"<div id=\"bsf_rt_marker\"><\/div><p>Czas lektury\/ods\u0142uchu: 9\/18 min Summ. Theol. Suppl. ZAGADNIENIE 70 O W\u0141A\u015aCIWO\u015aCI DUSZY OD\u0141\u0104CZONEJ OD CIA\u0141A I O KARZE, JAK\u0104 CIERPI&hellip;<\/p>\n<div style=\"text-align: center\">\n<p>&nbsp;<\/p>\n<\/div>\n<h2 style=\"border: 5px solid #0000A0;padding: 1em;text-align: center\"><span style=\"color: #000000\">Pe\u0142en dost\u0119p dla <span style=\"color: #00ccff\"><a style=\"color: #00ccff\" href=\"https:\/\/wobronietradycjiiwiary.com\/subskrypcje-2\/\" target=\"_blank\" rel=\"noopener\">subskrybent\u00f3w<\/a><\/span>.<\/span><br \/>\n<span style=\"color: #3366ff\"><a style=\"color: #3366ff\" href=\"https:\/\/wobronietradycjiiwiary.com\/account\/login\/\" target=\"_blank\" rel=\"noopener\"><span style=\"color: #00ccff\">Zaloguj<\/span><\/a> <\/span>si\u0119 lub przejd\u017a do <a href=\"https:\/\/wobronietradycjiiwiary.com\/register\/\"><span style=\"color: #3366ff\">Rejestracji<\/span><\/a>.<\/h2>\n<div>\n<p style=\"text-align: center\"><a href=\"https:\/\/wobronietradycjiiwiary.com\/pl\/subskrypcje-2\/cennik\/\" target=\"_blank\" rel=\"noopener\"><span style=\"color: #000080;font-size: 24pt\"><strong>Nowe ni\u017csze ceny<\/strong><\/span><\/a><\/p>\n<p style=\"text-align: center\"><strong><span style=\"font-size: 18pt;color: #000080\">P\u0142atno\u015b\u0107 kart\u0105<\/span><\/strong><\/p>\n<\/div>\n<h3 style=\"text-align: center\"><a href=\"https:\/\/wobronietradycjiiwiary.com\/pl\/subskrypcje-2\/automatyczne\/indywidualne\/\" target=\"_blank\" rel=\"noopener\"><img fetchpriority=\"high\" decoding=\"async\" class=\"alignnone size-medium wp-image-80433\" src=\"https:\/\/wobronietradycjiiwiary.com\/wp-content\/uploads\/2022\/11\/Unbenannt-1-Online-1-300x202.jpg\" alt=\"\" width=\"300\" height=\"202\" srcset=\"https:\/\/wobronietradycjiiwiary.com\/wp-content\/uploads\/2022\/11\/Unbenannt-1-Online-1-300x202.jpg 300w, https:\/\/wobronietradycjiiwiary.com\/wp-content\/uploads\/2022\/11\/Unbenannt-1-Online-1-150x101.jpg 150w, https:\/\/wobronietradycjiiwiary.com\/wp-content\/uploads\/2022\/11\/Unbenannt-1-Online-1-18x12.jpg 18w, https:\/\/wobronietradycjiiwiary.com\/wp-content\/uploads\/2022\/11\/Unbenannt-1-Online-1.jpg 446w\" sizes=\"(max-width: 300px) 100vw, 300px\" \/><\/a><\/h3>\n<p style=\"text-align: center\"><strong><span style=\"font-size: 18pt;color: #000080\">P\u0142atno\u015b\u0107 przelewem<\/span><\/strong><\/p>\n<p><a href=\"https:\/\/wobronietradycjiiwiary.com\/pl\/subskrypcje-2\/automatyczne\/indywidualne\/\" target=\"_blank\" rel=\"noopener\"><img decoding=\"async\" class=\"size-medium wp-image-80434 aligncenter\" src=\"https:\/\/wobronietradycjiiwiary.com\/wp-content\/uploads\/2022\/11\/Unbenannt-1-Przelewem-300x137.jpg\" alt=\"\" width=\"300\" height=\"137\" srcset=\"https:\/\/wobronietradycjiiwiary.com\/wp-content\/uploads\/2022\/11\/Unbenannt-1-Przelewem-300x137.jpg 300w, https:\/\/wobronietradycjiiwiary.com\/wp-content\/uploads\/2022\/11\/Unbenannt-1-Przelewem-450x206.jpg 450w, https:\/\/wobronietradycjiiwiary.com\/wp-content\/uploads\/2022\/11\/Unbenannt-1-Przelewem-600x274.jpg 600w, https:\/\/wobronietradycjiiwiary.com\/wp-content\/uploads\/2022\/11\/Unbenannt-1-Przelewem-150x69.jpg 150w, https:\/\/wobronietradycjiiwiary.com\/wp-content\/uploads\/2022\/11\/Unbenannt-1-Przelewem-18x8.jpg 18w, https:\/\/wobronietradycjiiwiary.com\/wp-content\/uploads\/2022\/11\/Unbenannt-1-Przelewem.jpg 676w\" sizes=\"(max-width: 300px) 100vw, 300px\" \/><\/a><\/p>\n<p style=\"text-align: center\"><strong><span style=\"font-size: 18pt;color: #000080\">P\u0142atno\u015b\u0107 kart\u0105 do 6 os\u00f3b<\/span><\/strong><\/p>\n<p><a href=\"https:\/\/wobronietradycjiiwiary.com\/pl\/rodzinne\/\" target=\"_blank\" rel=\"noopener\"><img decoding=\"async\" class=\"size-medium wp-image-80435 aligncenter\" src=\"https:\/\/wobronietradycjiiwiary.com\/wp-content\/uploads\/2022\/11\/Unbenannt-1-Rodzinna-300x208.jpg\" alt=\"\" width=\"300\" height=\"208\" srcset=\"https:\/\/wobronietradycjiiwiary.com\/wp-content\/uploads\/2022\/11\/Unbenannt-1-Rodzinna-300x208.jpg 300w, https:\/\/wobronietradycjiiwiary.com\/wp-content\/uploads\/2022\/11\/Unbenannt-1-Rodzinna-150x104.jpg 150w, https:\/\/wobronietradycjiiwiary.com\/wp-content\/uploads\/2022\/11\/Unbenannt-1-Rodzinna-18x12.jpg 18w, https:\/\/wobronietradycjiiwiary.com\/wp-content\/uploads\/2022\/11\/Unbenannt-1-Rodzinna.jpg 448w\" sizes=\"(max-width: 300px) 100vw, 300px\" \/><\/a><\/p>\n<h3 style=\"text-align: center\"><\/h3>\n<h1 style=\"text-align: center\"><\/h1>\n","protected":false},"excerpt":{"rendered":"<p>O tym, dlaczego niematerialna dusza mo\u017ce cierpie\u0107 od materialnego ognia.<\/p>\n","protected":false},"author":60508433,"featured_media":80799,"comment_status":"open","ping_status":"open","sticky":false,"template":"","format":"standard","meta":{"_bbp_topic_count":0,"_bbp_reply_count":0,"_bbp_total_topic_count":0,"_bbp_total_reply_count":0,"_bbp_voice_count":0,"_bbp_anonymous_reply_count":0,"_bbp_topic_count_hidden":0,"_bbp_reply_count_hidden":0,"_bbp_forum_subforum_count":0,"_editorskit_title_hidden":false,"_editorskit_reading_time":6,"_editorskit_is_block_options_detached":false,"_editorskit_block_options_position":"{}","_coblocks_attr":"","_coblocks_dimensions":"","_coblocks_responsive_height":"","_coblocks_accordion_ie_support":"","_exactmetrics_skip_tracking":false,"_jetpack_newsletter_access":"","_jetpack_dont_email_post_to_subs":false,"_jetpack_newsletter_tier_id":0,"_jetpack_memberships_contains_paywalled_content":false,"_wpcom_ai_launchpad_first_post":false,"_jetpack_feature_clip_id":0,"_jetpack_memberships_contains_paid_content":false,"footnotes":"","jetpack_publicize_message":"{title}\n\n{excerpt}\n\n{url}","jetpack_publicize_feature_enabled":true,"jetpack_social_post_already_shared":true,"jetpack_social_options":{"image_generator_settings":{"template":"highway","default_image_id":0,"font":"","enabled":false},"version":2},"_wpas_customize_per_network":false,"jetpack_post_was_ever_published":false},"categories":[610131294,610131185,610133930,402578791,610133489,610133929],"tags":[610132133],"class_list":["post-81491","post","type-post","status-publish","format-standard","has-post-thumbnail","hentry","category-czysciec","category-doktryna","category-losy-duszy-po-smierci","category-rzeczy-ostateczne-eschatologia","category-tomasz-z-akwinu-losy-duszy-po-smierci","category-tomasz-z-akwinu","tag-restricted"],"yoast_head":"<!-- This site is optimized with the Yoast SEO plugin v28.3 - https:\/\/yoast.com\/product\/yoast-seo-wordpress\/ -->\n<title>\u015aw. Tomasz z Akwinu, O losach dusz po \u015bmierci (8 z 29). Czy w duszy od\u0142\u0105czonej pozostaj\u0105 w\u0142adze zmys\u0142owe? - Tradycja i Wiara<\/title>\n<meta name=\"robots\" content=\"index, follow, max-snippet:-1, max-image-preview:large, max-video-preview:-1\" \/>\n<link rel=\"canonical\" href=\"https:\/\/wobronietradycjiiwiary.com\/pl\/sw-tomasz-z-akwinu-o-losach-dusz-po-smierci-8-z-27-czy-w-duszy-odlaczonej-pozostaja-wladze-zmyslowe\/\" \/>\n<meta property=\"og:locale\" content=\"pl_PL\" \/>\n<meta property=\"og:type\" content=\"article\" \/>\n<meta property=\"og:title\" content=\"\u015aw. Tomasz z Akwinu, O losach dusz po \u015bmierci (8 z 29). Czy w duszy od\u0142\u0105czonej pozostaj\u0105 w\u0142adze zmys\u0142owe? - Tradycja i Wiara\" \/>\n<meta property=\"og:description\" content=\"O tym, dlaczego niematerialna dusza mo\u017ce cierpie\u0107 od materialnego ognia.\" \/>\n<meta property=\"og:url\" content=\"https:\/\/wobronietradycjiiwiary.com\/pl\/sw-tomasz-z-akwinu-o-losach-dusz-po-smierci-8-z-27-czy-w-duszy-odlaczonej-pozostaja-wladze-zmyslowe\/\" \/>\n<meta property=\"og:site_name\" content=\"Tradycja i Wiara\" \/>\n<meta property=\"article:publisher\" content=\"https:\/\/www.facebook.com\/Tradycja-i-Wiara-108813920592249\" \/>\n<meta property=\"article:published_time\" content=\"2022-12-23T07:00:00+00:00\" \/>\n<meta property=\"article:modified_time\" content=\"2025-02-07T14:39:24+00:00\" \/>\n<meta property=\"og:image\" content=\"https:\/\/wobronietradycjiiwiary.com\/wp-content\/uploads\/2022\/11\/300px-Hieronymus_Bosch_013.jpg\" \/>\n\t<meta property=\"og:image:width\" content=\"300\" \/>\n\t<meta property=\"og:image:height\" content=\"685\" \/>\n\t<meta property=\"og:image:type\" content=\"image\/jpeg\" \/>\n<meta name=\"author\" content=\"Traditio et Fides\" \/>\n<meta name=\"twitter:card\" content=\"summary_large_image\" \/>\n<meta name=\"twitter:label1\" content=\"Napisane przez\" \/>\n\t<meta name=\"twitter:data1\" content=\"Traditio et Fides\" \/>\n\t<meta name=\"twitter:label2\" content=\"Szacowany czas czytania\" \/>\n\t<meta name=\"twitter:data2\" content=\"11 minut\" \/>\n<script type=\"application\/ld+json\" class=\"yoast-schema-graph\">{\"@context\":\"https:\\\/\\\/schema.org\",\"@graph\":[{\"@type\":\"Article\",\"@id\":\"https:\\\/\\\/wobronietradycjiiwiary.com\\\/sw-tomasz-z-akwinu-o-losach-dusz-po-smierci-8-z-27-czy-w-duszy-odlaczonej-pozostaja-wladze-zmyslowe\\\/#article\",\"isPartOf\":{\"@id\":\"https:\\\/\\\/wobronietradycjiiwiary.com\\\/sw-tomasz-z-akwinu-o-losach-dusz-po-smierci-8-z-27-czy-w-duszy-odlaczonej-pozostaja-wladze-zmyslowe\\\/\"},\"author\":{\"name\":\"Traditio et Fides\",\"@id\":\"https:\\\/\\\/wobronietradycjiiwiary.com\\\/pl\\\/#\\\/schema\\\/person\\\/2d6180ce6abcb681fef0daab7816e8f3\"},\"headline\":\"\u015aw. Tomasz z Akwinu, O losach dusz po \u015bmierci (8 z 29). Czy w duszy od\u0142\u0105czonej pozostaj\u0105 w\u0142adze zmys\u0142owe?\",\"datePublished\":\"2022-12-23T07:00:00+00:00\",\"dateModified\":\"2025-02-07T14:39:24+00:00\",\"mainEntityOfPage\":{\"@id\":\"https:\\\/\\\/wobronietradycjiiwiary.com\\\/sw-tomasz-z-akwinu-o-losach-dusz-po-smierci-8-z-27-czy-w-duszy-odlaczonej-pozostaja-wladze-zmyslowe\\\/\"},\"wordCount\":2210,\"commentCount\":0,\"publisher\":{\"@id\":\"https:\\\/\\\/wobronietradycjiiwiary.com\\\/pl\\\/#organization\"},\"image\":{\"@id\":\"https:\\\/\\\/wobronietradycjiiwiary.com\\\/sw-tomasz-z-akwinu-o-losach-dusz-po-smierci-8-z-27-czy-w-duszy-odlaczonej-pozostaja-wladze-zmyslowe\\\/#primaryimage\"},\"thumbnailUrl\":\"https:\\\/\\\/wobronietradycjiiwiary.com\\\/wp-content\\\/uploads\\\/2022\\\/11\\\/300px-Hieronymus_Bosch_013.jpg\",\"keywords\":[\"Restricted\"],\"articleSection\":[\"Czy\u015bciec\",\"Doktryna\",\"Losy duszy po \u015bmierci\",\"Rzeczy ostateczne\",\"\u015aw. Tomasz z Akwinu, Losy duszy po \u015bmierci\",\"\u015bw. Tomasz z Akwinu, Po \u015bmierci\"],\"inLanguage\":\"pl-PL\",\"potentialAction\":[{\"@type\":\"CommentAction\",\"name\":\"Comment\",\"target\":[\"https:\\\/\\\/wobronietradycjiiwiary.com\\\/sw-tomasz-z-akwinu-o-losach-dusz-po-smierci-8-z-27-czy-w-duszy-odlaczonej-pozostaja-wladze-zmyslowe\\\/#respond\"]}]},{\"@type\":\"WebPage\",\"@id\":\"https:\\\/\\\/wobronietradycjiiwiary.com\\\/sw-tomasz-z-akwinu-o-losach-dusz-po-smierci-8-z-27-czy-w-duszy-odlaczonej-pozostaja-wladze-zmyslowe\\\/\",\"url\":\"https:\\\/\\\/wobronietradycjiiwiary.com\\\/sw-tomasz-z-akwinu-o-losach-dusz-po-smierci-8-z-27-czy-w-duszy-odlaczonej-pozostaja-wladze-zmyslowe\\\/\",\"name\":\"\u015aw. Tomasz z Akwinu, O losach dusz po \u015bmierci (8 z 29). Czy w duszy od\u0142\u0105czonej pozostaj\u0105 w\u0142adze zmys\u0142owe? - Tradycja i Wiara\",\"isPartOf\":{\"@id\":\"https:\\\/\\\/wobronietradycjiiwiary.com\\\/pl\\\/#website\"},\"primaryImageOfPage\":{\"@id\":\"https:\\\/\\\/wobronietradycjiiwiary.com\\\/sw-tomasz-z-akwinu-o-losach-dusz-po-smierci-8-z-27-czy-w-duszy-odlaczonej-pozostaja-wladze-zmyslowe\\\/#primaryimage\"},\"image\":{\"@id\":\"https:\\\/\\\/wobronietradycjiiwiary.com\\\/sw-tomasz-z-akwinu-o-losach-dusz-po-smierci-8-z-27-czy-w-duszy-odlaczonej-pozostaja-wladze-zmyslowe\\\/#primaryimage\"},\"thumbnailUrl\":\"https:\\\/\\\/wobronietradycjiiwiary.com\\\/wp-content\\\/uploads\\\/2022\\\/11\\\/300px-Hieronymus_Bosch_013.jpg\",\"datePublished\":\"2022-12-23T07:00:00+00:00\",\"dateModified\":\"2025-02-07T14:39:24+00:00\",\"breadcrumb\":{\"@id\":\"https:\\\/\\\/wobronietradycjiiwiary.com\\\/sw-tomasz-z-akwinu-o-losach-dusz-po-smierci-8-z-27-czy-w-duszy-odlaczonej-pozostaja-wladze-zmyslowe\\\/#breadcrumb\"},\"inLanguage\":\"pl-PL\",\"potentialAction\":[{\"@type\":\"ReadAction\",\"target\":[\"https:\\\/\\\/wobronietradycjiiwiary.com\\\/sw-tomasz-z-akwinu-o-losach-dusz-po-smierci-8-z-27-czy-w-duszy-odlaczonej-pozostaja-wladze-zmyslowe\\\/\"]}]},{\"@type\":\"ImageObject\",\"inLanguage\":\"pl-PL\",\"@id\":\"https:\\\/\\\/wobronietradycjiiwiary.com\\\/sw-tomasz-z-akwinu-o-losach-dusz-po-smierci-8-z-27-czy-w-duszy-odlaczonej-pozostaja-wladze-zmyslowe\\\/#primaryimage\",\"url\":\"https:\\\/\\\/wobronietradycjiiwiary.com\\\/wp-content\\\/uploads\\\/2022\\\/11\\\/300px-Hieronymus_Bosch_013.jpg\",\"contentUrl\":\"https:\\\/\\\/wobronietradycjiiwiary.com\\\/wp-content\\\/uploads\\\/2022\\\/11\\\/300px-Hieronymus_Bosch_013.jpg\",\"width\":300,\"height\":685},{\"@type\":\"BreadcrumbList\",\"@id\":\"https:\\\/\\\/wobronietradycjiiwiary.com\\\/sw-tomasz-z-akwinu-o-losach-dusz-po-smierci-8-z-27-czy-w-duszy-odlaczonej-pozostaja-wladze-zmyslowe\\\/#breadcrumb\",\"itemListElement\":[{\"@type\":\"ListItem\",\"position\":1,\"name\":\"Strona g\u0142\u00f3wna\",\"item\":\"https:\\\/\\\/wobronietradycjiiwiary.com\\\/\"},{\"@type\":\"ListItem\",\"position\":2,\"name\":\"\u015aw. Tomasz z Akwinu, O losach dusz po \u015bmierci (8 z 29). Czy w duszy od\u0142\u0105czonej pozostaj\u0105 w\u0142adze zmys\u0142owe?\"}]},{\"@type\":\"WebSite\",\"@id\":\"https:\\\/\\\/wobronietradycjiiwiary.com\\\/pl\\\/#website\",\"url\":\"https:\\\/\\\/wobronietradycjiiwiary.com\\\/pl\\\/\",\"name\":\"Tradycja i Wiara\",\"description\":\"Portal dla katolik\u00f3w.\",\"publisher\":{\"@id\":\"https:\\\/\\\/wobronietradycjiiwiary.com\\\/pl\\\/#organization\"},\"potentialAction\":[{\"@type\":\"SearchAction\",\"target\":{\"@type\":\"EntryPoint\",\"urlTemplate\":\"https:\\\/\\\/wobronietradycjiiwiary.com\\\/pl\\\/?s={search_term_string}\"},\"query-input\":{\"@type\":\"PropertyValueSpecification\",\"valueRequired\":true,\"valueName\":\"search_term_string\"}}],\"inLanguage\":\"pl-PL\"},{\"@type\":\"Organization\",\"@id\":\"https:\\\/\\\/wobronietradycjiiwiary.com\\\/pl\\\/#organization\",\"name\":\"Tradycja i Wiara\",\"url\":\"https:\\\/\\\/wobronietradycjiiwiary.com\\\/pl\\\/\",\"logo\":{\"@type\":\"ImageObject\",\"inLanguage\":\"pl-PL\",\"@id\":\"https:\\\/\\\/wobronietradycjiiwiary.com\\\/pl\\\/#\\\/schema\\\/logo\\\/image\\\/\",\"url\":\"https:\\\/\\\/i0.wp.com\\\/wobronietradycjiiwiary.com\\\/wp-content\\\/uploads\\\/2015\\\/10\\\/cropped-st-peters-dome-vatican.jpg?fit=940%2C198&ssl=1\",\"contentUrl\":\"https:\\\/\\\/i0.wp.com\\\/wobronietradycjiiwiary.com\\\/wp-content\\\/uploads\\\/2015\\\/10\\\/cropped-st-peters-dome-vatican.jpg?fit=940%2C198&ssl=1\",\"width\":940,\"height\":198,\"caption\":\"Tradycja i Wiara\"},\"image\":{\"@id\":\"https:\\\/\\\/wobronietradycjiiwiary.com\\\/pl\\\/#\\\/schema\\\/logo\\\/image\\\/\"},\"sameAs\":[\"https:\\\/\\\/www.facebook.com\\\/Tradycja-i-Wiara-108813920592249\"]},{\"@type\":\"Person\",\"@id\":\"https:\\\/\\\/wobronietradycjiiwiary.com\\\/pl\\\/#\\\/schema\\\/person\\\/2d6180ce6abcb681fef0daab7816e8f3\",\"name\":\"Traditio et Fides\",\"sameAs\":[\"https:\\\/\\\/traditionundglauben.com\"],\"url\":\"https:\\\/\\\/wobronietradycjiiwiary.com\\\/pl\\\/author\\\/wobronietradycjiiwiary\\\/\"}]}<\/script>\n<!-- \/ Yoast SEO plugin. -->","yoast_head_json":{"title":"\u015aw. Tomasz z Akwinu, O losach dusz po \u015bmierci (8 z 29). Czy w duszy od\u0142\u0105czonej pozostaj\u0105 w\u0142adze zmys\u0142owe? - Tradycja i Wiara","robots":{"index":"index","follow":"follow","max-snippet":"max-snippet:-1","max-image-preview":"max-image-preview:large","max-video-preview":"max-video-preview:-1"},"canonical":"https:\/\/wobronietradycjiiwiary.com\/pl\/sw-tomasz-z-akwinu-o-losach-dusz-po-smierci-8-z-27-czy-w-duszy-odlaczonej-pozostaja-wladze-zmyslowe\/","og_locale":"pl_PL","og_type":"article","og_title":"\u015aw. Tomasz z Akwinu, O losach dusz po \u015bmierci (8 z 29). Czy w duszy od\u0142\u0105czonej pozostaj\u0105 w\u0142adze zmys\u0142owe? - Tradycja i Wiara","og_description":"O tym, dlaczego niematerialna dusza mo\u017ce cierpie\u0107 od materialnego ognia.","og_url":"https:\/\/wobronietradycjiiwiary.com\/pl\/sw-tomasz-z-akwinu-o-losach-dusz-po-smierci-8-z-27-czy-w-duszy-odlaczonej-pozostaja-wladze-zmyslowe\/","og_site_name":"Tradycja i Wiara","article_publisher":"https:\/\/www.facebook.com\/Tradycja-i-Wiara-108813920592249","article_published_time":"2022-12-23T07:00:00+00:00","article_modified_time":"2025-02-07T14:39:24+00:00","og_image":[{"width":300,"height":685,"url":"https:\/\/wobronietradycjiiwiary.com\/wp-content\/uploads\/2022\/11\/300px-Hieronymus_Bosch_013.jpg","type":"image\/jpeg"}],"author":"Traditio et Fides","twitter_card":"summary_large_image","twitter_misc":{"Napisane przez":"Traditio et Fides","Szacowany czas czytania":"11 minut"},"schema":{"@context":"https:\/\/schema.org","@graph":[{"@type":"Article","@id":"https:\/\/wobronietradycjiiwiary.com\/sw-tomasz-z-akwinu-o-losach-dusz-po-smierci-8-z-27-czy-w-duszy-odlaczonej-pozostaja-wladze-zmyslowe\/#article","isPartOf":{"@id":"https:\/\/wobronietradycjiiwiary.com\/sw-tomasz-z-akwinu-o-losach-dusz-po-smierci-8-z-27-czy-w-duszy-odlaczonej-pozostaja-wladze-zmyslowe\/"},"author":{"name":"Traditio et Fides","@id":"https:\/\/wobronietradycjiiwiary.com\/pl\/#\/schema\/person\/2d6180ce6abcb681fef0daab7816e8f3"},"headline":"\u015aw. Tomasz z Akwinu, O losach dusz po \u015bmierci (8 z 29). Czy w duszy od\u0142\u0105czonej pozostaj\u0105 w\u0142adze zmys\u0142owe?","datePublished":"2022-12-23T07:00:00+00:00","dateModified":"2025-02-07T14:39:24+00:00","mainEntityOfPage":{"@id":"https:\/\/wobronietradycjiiwiary.com\/sw-tomasz-z-akwinu-o-losach-dusz-po-smierci-8-z-27-czy-w-duszy-odlaczonej-pozostaja-wladze-zmyslowe\/"},"wordCount":2210,"commentCount":0,"publisher":{"@id":"https:\/\/wobronietradycjiiwiary.com\/pl\/#organization"},"image":{"@id":"https:\/\/wobronietradycjiiwiary.com\/sw-tomasz-z-akwinu-o-losach-dusz-po-smierci-8-z-27-czy-w-duszy-odlaczonej-pozostaja-wladze-zmyslowe\/#primaryimage"},"thumbnailUrl":"https:\/\/wobronietradycjiiwiary.com\/wp-content\/uploads\/2022\/11\/300px-Hieronymus_Bosch_013.jpg","keywords":["Restricted"],"articleSection":["Czy\u015bciec","Doktryna","Losy duszy po \u015bmierci","Rzeczy ostateczne","\u015aw. Tomasz z Akwinu, Losy duszy po \u015bmierci","\u015bw. Tomasz z Akwinu, Po \u015bmierci"],"inLanguage":"pl-PL","potentialAction":[{"@type":"CommentAction","name":"Comment","target":["https:\/\/wobronietradycjiiwiary.com\/sw-tomasz-z-akwinu-o-losach-dusz-po-smierci-8-z-27-czy-w-duszy-odlaczonej-pozostaja-wladze-zmyslowe\/#respond"]}]},{"@type":"WebPage","@id":"https:\/\/wobronietradycjiiwiary.com\/sw-tomasz-z-akwinu-o-losach-dusz-po-smierci-8-z-27-czy-w-duszy-odlaczonej-pozostaja-wladze-zmyslowe\/","url":"https:\/\/wobronietradycjiiwiary.com\/sw-tomasz-z-akwinu-o-losach-dusz-po-smierci-8-z-27-czy-w-duszy-odlaczonej-pozostaja-wladze-zmyslowe\/","name":"\u015aw. Tomasz z Akwinu, O losach dusz po \u015bmierci (8 z 29). Czy w duszy od\u0142\u0105czonej pozostaj\u0105 w\u0142adze zmys\u0142owe? - Tradycja i Wiara","isPartOf":{"@id":"https:\/\/wobronietradycjiiwiary.com\/pl\/#website"},"primaryImageOfPage":{"@id":"https:\/\/wobronietradycjiiwiary.com\/sw-tomasz-z-akwinu-o-losach-dusz-po-smierci-8-z-27-czy-w-duszy-odlaczonej-pozostaja-wladze-zmyslowe\/#primaryimage"},"image":{"@id":"https:\/\/wobronietradycjiiwiary.com\/sw-tomasz-z-akwinu-o-losach-dusz-po-smierci-8-z-27-czy-w-duszy-odlaczonej-pozostaja-wladze-zmyslowe\/#primaryimage"},"thumbnailUrl":"https:\/\/wobronietradycjiiwiary.com\/wp-content\/uploads\/2022\/11\/300px-Hieronymus_Bosch_013.jpg","datePublished":"2022-12-23T07:00:00+00:00","dateModified":"2025-02-07T14:39:24+00:00","breadcrumb":{"@id":"https:\/\/wobronietradycjiiwiary.com\/sw-tomasz-z-akwinu-o-losach-dusz-po-smierci-8-z-27-czy-w-duszy-odlaczonej-pozostaja-wladze-zmyslowe\/#breadcrumb"},"inLanguage":"pl-PL","potentialAction":[{"@type":"ReadAction","target":["https:\/\/wobronietradycjiiwiary.com\/sw-tomasz-z-akwinu-o-losach-dusz-po-smierci-8-z-27-czy-w-duszy-odlaczonej-pozostaja-wladze-zmyslowe\/"]}]},{"@type":"ImageObject","inLanguage":"pl-PL","@id":"https:\/\/wobronietradycjiiwiary.com\/sw-tomasz-z-akwinu-o-losach-dusz-po-smierci-8-z-27-czy-w-duszy-odlaczonej-pozostaja-wladze-zmyslowe\/#primaryimage","url":"https:\/\/wobronietradycjiiwiary.com\/wp-content\/uploads\/2022\/11\/300px-Hieronymus_Bosch_013.jpg","contentUrl":"https:\/\/wobronietradycjiiwiary.com\/wp-content\/uploads\/2022\/11\/300px-Hieronymus_Bosch_013.jpg","width":300,"height":685},{"@type":"BreadcrumbList","@id":"https:\/\/wobronietradycjiiwiary.com\/sw-tomasz-z-akwinu-o-losach-dusz-po-smierci-8-z-27-czy-w-duszy-odlaczonej-pozostaja-wladze-zmyslowe\/#breadcrumb","itemListElement":[{"@type":"ListItem","position":1,"name":"Strona g\u0142\u00f3wna","item":"https:\/\/wobronietradycjiiwiary.com\/"},{"@type":"ListItem","position":2,"name":"\u015aw. Tomasz z Akwinu, O losach dusz po \u015bmierci (8 z 29). Czy w duszy od\u0142\u0105czonej pozostaj\u0105 w\u0142adze zmys\u0142owe?"}]},{"@type":"WebSite","@id":"https:\/\/wobronietradycjiiwiary.com\/pl\/#website","url":"https:\/\/wobronietradycjiiwiary.com\/pl\/","name":"Tradycja i Wiara","description":"Portal dla katolik\u00f3w.","publisher":{"@id":"https:\/\/wobronietradycjiiwiary.com\/pl\/#organization"},"potentialAction":[{"@type":"SearchAction","target":{"@type":"EntryPoint","urlTemplate":"https:\/\/wobronietradycjiiwiary.com\/pl\/?s={search_term_string}"},"query-input":{"@type":"PropertyValueSpecification","valueRequired":true,"valueName":"search_term_string"}}],"inLanguage":"pl-PL"},{"@type":"Organization","@id":"https:\/\/wobronietradycjiiwiary.com\/pl\/#organization","name":"Tradycja i Wiara","url":"https:\/\/wobronietradycjiiwiary.com\/pl\/","logo":{"@type":"ImageObject","inLanguage":"pl-PL","@id":"https:\/\/wobronietradycjiiwiary.com\/pl\/#\/schema\/logo\/image\/","url":"https:\/\/i0.wp.com\/wobronietradycjiiwiary.com\/wp-content\/uploads\/2015\/10\/cropped-st-peters-dome-vatican.jpg?fit=940%2C198&ssl=1","contentUrl":"https:\/\/i0.wp.com\/wobronietradycjiiwiary.com\/wp-content\/uploads\/2015\/10\/cropped-st-peters-dome-vatican.jpg?fit=940%2C198&ssl=1","width":940,"height":198,"caption":"Tradycja i Wiara"},"image":{"@id":"https:\/\/wobronietradycjiiwiary.com\/pl\/#\/schema\/logo\/image\/"},"sameAs":["https:\/\/www.facebook.com\/Tradycja-i-Wiara-108813920592249"]},{"@type":"Person","@id":"https:\/\/wobronietradycjiiwiary.com\/pl\/#\/schema\/person\/2d6180ce6abcb681fef0daab7816e8f3","name":"Traditio et Fides","sameAs":["https:\/\/traditionundglauben.com"],"url":"https:\/\/wobronietradycjiiwiary.com\/pl\/author\/wobronietradycjiiwiary\/"}]}},"jetpack_publicize_connections":[],"jetpack_sharing_enabled":true,"jetpack_likes_enabled":true,"jetpack_shortlink":"https:\/\/wp.me\/pc04Sd-lcn","jetpack-related-posts":[{"id":83274,"url":"https:\/\/wobronietradycjiiwiary.com\/pl\/sw-tomasz-z-akwinu-o-losach-dusz-po-smierci-8-z-27-czy-dusza-odlaczona-spelnia-czynnosci-wladz-zmyslowych\/","url_meta":{"origin":81491,"position":0},"title":"\u015aw. Tomasz z Akwinu, O losach dusz po \u015bmierci (9 z 29). Czy dusza od\u0142\u0105czona spe\u0142nia czynno\u015bci w\u0142adz zmys\u0142owych?","author":"Traditio et Fides","date":"30 grudnia 2022","format":false,"excerpt":"O tym, co pozostaje w duszy od\u0142\u0105czonej od cia\u0142a.","rel":"","context":"W \u201eDoktryna&quot;","block_context":{"text":"Doktryna","link":"https:\/\/wobronietradycjiiwiary.com\/pl\/category\/doktryna\/"},"img":{"alt_text":"","src":"https:\/\/i0.wp.com\/wobronietradycjiiwiary.com\/wp-content\/uploads\/2022\/08\/300px-Hieronymus_Bosch_013.jpg?resize=350%2C200&ssl=1","width":350,"height":200},"classes":[]},{"id":83687,"url":"https:\/\/wobronietradycjiiwiary.com\/pl\/sw-tomasz-z-akwinu-o-losach-dusz-po-smierci-10-z-27-czy-dusza-odlaczona-moze-cierpiec-wskutek-ognia-cielesnego-2\/","url_meta":{"origin":81491,"position":1},"title":"\u015aw. Tomasz z Akwinu, O losach dusz po \u015bmierci (10 z 29). Czy dusza od\u0142\u0105czona mo\u017ce cierpie\u0107 wskutek ognia cielesnego?","author":"Traditio et Fides","date":"6 stycznia 2023","format":false,"excerpt":"Dusza cierpi od specjalnie dostosowanego do niej ognia.","rel":"","context":"W \u201eDoktryna&quot;","block_context":{"text":"Doktryna","link":"https:\/\/wobronietradycjiiwiary.com\/pl\/category\/doktryna\/"},"img":{"alt_text":"","src":"https:\/\/i0.wp.com\/wobronietradycjiiwiary.com\/wp-content\/uploads\/2022\/08\/300px-Hieronymus_Bosch_013.jpg?resize=350%2C200&ssl=1","width":350,"height":200},"classes":[]},{"id":83283,"url":"https:\/\/wobronietradycjiiwiary.com\/pl\/sw-tomasz-z-akwinu-o-losach-dusz-po-smierci-10-z-27-czy-dusza-odlaczona-moze-cierpiec-wskutek-ognia-cielesnego\/","url_meta":{"origin":81491,"position":2},"title":"\u015aw. Tomasz z Akwinu, O losach dusz po \u015bmierci (11 z 27). Czy dusza od\u0142\u0105czona mo\u017ce cierpie\u0107 wskutek ognia cielesnego?","author":"Traditio et Fides","date":"13 stycznia 2023","format":false,"excerpt":"O tym, jakiego rodzaju jest ogie\u0144 piekielny.","rel":"","context":"W \u201eDoktryna&quot;","block_context":{"text":"Doktryna","link":"https:\/\/wobronietradycjiiwiary.com\/pl\/category\/doktryna\/"},"img":{"alt_text":"","src":"https:\/\/i0.wp.com\/wobronietradycjiiwiary.com\/wp-content\/uploads\/2022\/08\/300px-Hieronymus_Bosch_013.jpg?resize=350%2C200&ssl=1","width":350,"height":200},"classes":[]},{"id":112008,"url":"https:\/\/wobronietradycjiiwiary.com\/pl\/sw-tomasz-z-akwinu-q-78-3-z-3-czy-dusza-zdazy-do-prochow\/","url_meta":{"origin":81491,"position":3},"title":"\u015aw. Tomasz z Akwinu, Q. 78. (3 z 3). Czy dusza zd\u0105\u017cy do proch\u00f3w?","author":"Traditio et Fides","date":"9 lutego 2024","format":false,"excerpt":"O tym, czy prochy w naturalny spos\u00f3b ci\u0105gn\u0105 do duszy.","rel":"","context":"W \u201eDoktryna&quot;","block_context":{"text":"Doktryna","link":"https:\/\/wobronietradycjiiwiary.com\/pl\/category\/doktryna\/"},"img":{"alt_text":"","src":"https:\/\/i0.wp.com\/wobronietradycjiiwiary.com\/wp-content\/uploads\/2023\/10\/Auferstehung.jpg?resize=350%2C200&ssl=1","width":350,"height":200,"srcset":"https:\/\/i0.wp.com\/wobronietradycjiiwiary.com\/wp-content\/uploads\/2023\/10\/Auferstehung.jpg?resize=350%2C200&ssl=1 1x, https:\/\/i0.wp.com\/wobronietradycjiiwiary.com\/wp-content\/uploads\/2023\/10\/Auferstehung.jpg?resize=525%2C300&ssl=1 1.5x"},"classes":[]},{"id":167991,"url":"https:\/\/wobronietradycjiiwiary.com\/pl\/sw-tomasz-o-podmiocie-grzechu-pierworodnego-q-83-2-z-4-czy-grzech-pierworodny-jest-w-istocie-duszy-czy-w-jej-wladzach\/","url_meta":{"origin":81491,"position":4},"title":"\u015aw. Tomasz, O podmiocie grzechu pierworodnego, Q. 83 (2 z 4). Czy grzech pierworodny jest w istocie duszy czy w jej w\u0142adzach?","author":"Traditio et Fides","date":"8 lipca 2026","format":false,"excerpt":"O tym, \u017ce grzech pierworodny jest w istocie duszy, a nie tylko w jej w\u0142adzach.","rel":"","context":"W \u201eDoktryna&quot;","block_context":{"text":"Doktryna","link":"https:\/\/wobronietradycjiiwiary.com\/pl\/category\/doktryna\/"},"img":{"alt_text":"","src":"https:\/\/i0.wp.com\/wobronietradycjiiwiary.com\/wp-content\/uploads\/2025\/01\/allegory_6622e66e-cc32-426b-8cc2-071cf0a01bb1.jpg?resize=350%2C200&ssl=1","width":350,"height":200,"srcset":"https:\/\/i0.wp.com\/wobronietradycjiiwiary.com\/wp-content\/uploads\/2025\/01\/allegory_6622e66e-cc32-426b-8cc2-071cf0a01bb1.jpg?resize=350%2C200&ssl=1 1x, https:\/\/i0.wp.com\/wobronietradycjiiwiary.com\/wp-content\/uploads\/2025\/01\/allegory_6622e66e-cc32-426b-8cc2-071cf0a01bb1.jpg?resize=525%2C300&ssl=1 1.5x, https:\/\/i0.wp.com\/wobronietradycjiiwiary.com\/wp-content\/uploads\/2025\/01\/allegory_6622e66e-cc32-426b-8cc2-071cf0a01bb1.jpg?resize=700%2C400&ssl=1 2x"},"classes":[]},{"id":80785,"url":"https:\/\/wobronietradycjiiwiary.com\/pl\/sw-tomasz-z-akwinu-o-losach-dusz-po-smierci-1\/","url_meta":{"origin":81491,"position":5},"title":"\u015aw. Tomasz z Akwinu, O losach dusz po \u015bmierci (1 z 29) Czy dusze po \u015bmierci maj\u0105 wyznaczone miejsce pobytu?","author":"Traditio et Fides","date":"4 listopada 2022","format":false,"excerpt":"O tym, czy i dlaczego dusze mog\u0105 przebywa\u0107 gdzie\u015b lokalnie po \u015bmierci.","rel":"","context":"W \u201eDoktryna&quot;","block_context":{"text":"Doktryna","link":"https:\/\/wobronietradycjiiwiary.com\/pl\/category\/doktryna\/"},"img":{"alt_text":"","src":"https:\/\/i0.wp.com\/wobronietradycjiiwiary.com\/wp-content\/uploads\/2022\/11\/300px-Hieronymus_Bosch_013.jpg?resize=350%2C200&ssl=1","width":350,"height":200},"classes":[]}],"amp_enabled":true,"jetpack_featured_media_url":"https:\/\/wobronietradycjiiwiary.com\/wp-content\/uploads\/2022\/11\/300px-Hieronymus_Bosch_013.jpg","_links":{"self":[{"href":"https:\/\/wobronietradycjiiwiary.com\/pl\/wp-json\/wp\/v2\/posts\/81491","targetHints":{"allow":["GET"]}}],"collection":[{"href":"https:\/\/wobronietradycjiiwiary.com\/pl\/wp-json\/wp\/v2\/posts"}],"about":[{"href":"https:\/\/wobronietradycjiiwiary.com\/pl\/wp-json\/wp\/v2\/types\/post"}],"author":[{"embeddable":true,"href":"https:\/\/wobronietradycjiiwiary.com\/pl\/wp-json\/wp\/v2\/users\/60508433"}],"replies":[{"embeddable":true,"href":"https:\/\/wobronietradycjiiwiary.com\/pl\/wp-json\/wp\/v2\/comments?post=81491"}],"version-history":[{"count":11,"href":"https:\/\/wobronietradycjiiwiary.com\/pl\/wp-json\/wp\/v2\/posts\/81491\/revisions"}],"predecessor-version":[{"id":94944,"href":"https:\/\/wobronietradycjiiwiary.com\/pl\/wp-json\/wp\/v2\/posts\/81491\/revisions\/94944"}],"wp:featuredmedia":[{"embeddable":true,"href":"https:\/\/wobronietradycjiiwiary.com\/pl\/wp-json\/wp\/v2\/media\/80799"}],"wp:attachment":[{"href":"https:\/\/wobronietradycjiiwiary.com\/pl\/wp-json\/wp\/v2\/media?parent=81491"}],"wp:term":[{"taxonomy":"category","embeddable":true,"href":"https:\/\/wobronietradycjiiwiary.com\/pl\/wp-json\/wp\/v2\/categories?post=81491"},{"taxonomy":"post_tag","embeddable":true,"href":"https:\/\/wobronietradycjiiwiary.com\/pl\/wp-json\/wp\/v2\/tags?post=81491"}],"curies":[{"name":"wp","href":"https:\/\/api.w.org\/{rel}","templated":true}]}}