{"id":808,"date":"2014-03-05T19:24:38","date_gmt":"2014-03-05T18:24:38","guid":{"rendered":"https:\/\/wobronietradycjiiwiary.com\/?p=808"},"modified":"2025-02-07T15:11:45","modified_gmt":"2025-02-07T14:11:45","slug":"szatan-boi-sie-najbardziej","status":"publish","type":"post","link":"https:\/\/wobronietradycjiiwiary.com\/pl\/szatan-boi-sie-najbardziej\/","title":{"rendered":"Szatan boi si\u0119 najbardziej\u2026."},"content":{"rendered":"<div id=\"bsf_rt_marker\"><\/div><p><!-- [if !mso]&gt;--><\/p>\n<p><!-- [if gte mso 9]&gt;--><\/p>\n<p><!-- [if gte mso 9]&gt;--><\/p>\n<p class=\"MsoNormal\" style=\"text-align: justify;\"><span style=\"font-size: 13pt; line-height: 115%; font-family: verdana, geneva, sans-serif; color: #000000;\">&nbsp; &nbsp; &nbsp;Szatan najbardziej boi si\u0119 modlitwy r\u00f3\u017ca\u0144cowej, le\u017cenia krzy\u017cem, \u0142aciny\u2026[1] wody \u015bwi\u0119conej, po\u015bwi\u0119conych sakramentali\u00f3w, relikwii, naszego uczestnictwa w Mszy \u015bwi\u0119tej i przyjmowania Komunii, wzywania Imienia Jezusa, widz\u0105c nas modl\u0105cych si\u0119, noszenia Szkaplerza, gdy pokutujemy, wynagradzamy itd., itp. List\u0119 mo\u017cna wymienia\u0107 d\u0142ugo, a w rzeczywisto\u015bci, najbardziej si\u0119 boi naszego d\u0105\u017cenia do w\u0142asnego u\u015bwi\u0119cenia i naszej \u015bwi\u0119to\u015bci.<\/span><\/p>\n<p class=\"MsoNormal\" style=\"text-align: justify;\"><span style=\"font-size: 13pt; line-height: 115%; font-family: verdana, geneva, sans-serif; color: #000000;\">&nbsp; Dzisiaj zaczyna si\u0119 Wielki Post. Gromadzimy si\u0119 na Eucharystii by podczas Mszy \u015awi\u0119tej pochyli\u0107 g\u0142ow\u0119 przed kap\u0142anem i symbolicznie posypa\u0107 g\u0142ow\u0119 popio\u0142em. Zwyczaj ten si\u0119ga V wieku, kiedy dokonywano aktu publicznej pokuty. Po spowiedzi pokutnicy wychodzili przed ko\u015bci\u00f3\u0142, gdzie biskup i prezbiterzy sypali na ich g\u0142owy popi\u00f3\u0142 parafrazuj\u0105c s\u0142owa z Ksi\u0119gi Rodzaju: &#8221;Pami\u0119taj cz\u0142owiecze, \u017ce prochem jeste\u015b i w proch si\u0119 obr\u00f3cisz, czy\u0144 pokut\u0119, aby\u015b mia\u0142 \u017cycie wieczne&#8221;. Po tych s\u0142owach skrapiano pokutnik\u00f3w i ich pokutne szaty \u015bwi\u0119cona woda, gdy oni padali na twarz a lud \u015bpiewa\u0142 Litani\u0119 do Wszystkich \u015awi\u0119tych. Potem wyganiano ich z ko\u015bcio\u0142a, jak Adama i Ew\u0119 z raju. W X wieku zacz\u0119li do nich do\u0142\u0105cza\u0107 tez inni ludzie a\u017c papie\u017c Urban II na soborze w Benewencie zaleci\u0142 praktykowanie tego zwyczaju wszystkim wiernym. Od 1099 roku przyj\u0119\u0142a si\u0119 w ca\u0142ym Ko\u015bciele. <\/span><\/p>\n<p class=\"MsoNormal\" style=\"text-align: justify;\"><span style=\"font-size: 13pt; line-height: 115%; font-family: verdana, geneva, sans-serif; color: #000000;\">&nbsp;&nbsp; Czas Wielkiego Postu jest czasem pokuty, nawr\u00f3cenia, powr\u00f3cenia ducha do Boga, szukaniem utraconego porz\u0105dku stworzenia w swoim sercu. Jest to czas, w kt\u00f3rym szukaj\u0105c w swoim sercu i \u017cyciu Boga mam znale\u017a\u0107 czas na wyciszenie, wyrzeczenie, modlitw\u0119. Moja pokuta, pragnienie pogodzenia si\u0119 z Ojcem zwi\u0105zane jest z dobrymi uczynkami, czynami mi\u0142osierdzia: &#8220;<em>Odpu\u015b\u0107 nam nasze winy jako i my odpuszczamy naszym winowajcom<\/em>&#8221; powtarzamy w modlitwie Pa\u0144skiej. Oczekuj\u0105c mi\u0142osierdzia Ojca sam potrzebuj\u0119 okaza\u0107 lito\u015b\u0107 i przebaczenie bli\u017aniemu, st\u0105d nawo\u0142ywanie Ko\u015bcio\u0142a do dobrych uczynk\u00f3w. &#8220;<i>Wszystko, co uczynili\u015bcie jednemu z tych braci moich najmniejszych, Mnie\u015bcie uczynili<\/i>. &#8221; &#8211; kontekst tych s\u0142\u00f3w Jezusa to S\u0105d Ostateczny. <\/span><\/p>\n<p class=\"MsoNormal\" style=\"text-align: justify;\"><span style=\"font-size: 13pt; line-height: 115%; font-family: verdana, geneva, sans-serif; color: #000000;\">&nbsp;&nbsp; &nbsp;Je\u015bli chc\u0119 przebaczenia, pojednania z Bogiem \u2013 potrzebuj\u0119, ufaj\u0105c w Jego Mi\u0142osierdzie, &nbsp;otworzy\u0107 swoje serce na braci:&nbsp; \u201e<i>Je\u015bli na przyk\u0142ad brat lub siostra nie maj\u0105 odzienia lub brak im codziennego chleba, a kto\u015b z was powie im: &#8211; a nie dacie im tego, czego koniecznie potrzebuj\u0105 dla cia\u0142a \u2013 to na co si\u0119 to przyda? Tak te\u017c i wiara, je\u015bli nie by\u0142aby po\u0142\u0105czona z uczynkami, martwa jest sama w sobie<\/i>\u201d (Jk 2,15n).<\/span><\/p>\n<p class=\"MsoNormal\" style=\"text-align: justify;\"><span style=\"font-size: 13pt; line-height: 115%; font-family: verdana, geneva, sans-serif; color: #000000;\">&nbsp;&nbsp;&nbsp; Prawdziwym obliczem czynienia dobra jest g\u0142\u0119bokie uni\u017cenie przed Bogiem swego serca. Uznanie swojej grzeszno\u015bci. To postawa cz\u0142owieka, kt\u00f3ry uznaje, \u017ce nie jest doskona\u0142y. Cz\u0142owieka pokornego, kt\u00f3re patrzy tylko w g\u0142\u0105b siebie odnosz\u0105c sw\u00f3j stan tylko do jednej Osoby &#8211; Zbawiciela. Jak\u017ce cz\u0119sto praktykuj\u0105c dobre uczynki chwalimy sami siebie: jestem ju\u017c dobrym cz\u0142owiekiem. Sk\u0105d ten wniosek? Bo zamiast spojrze\u0107 w oczy Jezusa por\u00f3wnujemy si\u0119 do innych os\u0105dzaj\u0105c ich w swoim sercu jako mniej godnych, gorszych, mniej pobo\u017cnych. Nasza dusza nie jest wyciszona przed Bogiem ale plotkarska, zaj\u0119ta obmow\u0105 innych, przez wyszukiwanie wad innych i wywy\u017cszanie si\u0119 ponad nich &#8211; nie poszukiwaniem prawdy o sobie, ale potwierdzaniem w\u0142asnej wspania\u0142o\u015bci i pobo\u017cno\u015bci. Wida\u0107 to skrajnie wyra\u017anie u religijnych os\u00f3b, kt\u00f3re tak s\u0105 przekonane o w\u0142asnej \u015bwi\u0119to\u015bci, \u017ce ka\u017cde wydarzenie, kt\u00f3re im si\u0119 sprzeciwia, uto\u017csamiaj\u0105 jako \u201eprze\u015bladowanie\u201d. Uznaj\u0105 przy tym \u017ce nienawi\u015b\u0107 diab\u0142a dotyczy w szczeg\u00f3lno\u015bci ich, bo s\u0105 \u015bwi\u0119ci i robi\u0105 du\u017co dobrego, gdy\u017c w por\u00f3wnaniu z innymi sami siebie os\u0105dzili jako ci lepsi. <\/span><\/p>\n<p class=\"MsoNormal\" style=\"text-align: justify;\"><span style=\"font-size: 13pt; line-height: 115%; font-family: verdana, geneva, sans-serif; color: #000000;\">&nbsp;&nbsp; &nbsp;&nbsp;&nbsp;Postaw\u0105 wielkich \u015bwi\u0119tych by\u0142o uni\u017cenie: \u201eJestem ma\u0142e Nic\u201d m\u00f3wi\u0142a o sobie Ma\u0142a Arabka. Ma\u0142a Tereska por\u00f3wnywa\u0142a siebie do pi\u0142eczki &#8211; zabawki Dzieci\u0105tka Jezus, kt\u00f3re kiedy ma ochot\u0119 bawi si\u0119 ni\u0105, ale r\u00f3wnie\u017c potrafi rzuci\u0107 w k\u0105t i zapomnie\u0107 o swojej zabawce.&nbsp; Nie na wywy\u017cszaniu siebie ma polega\u0107 pokuta i praca nad sob\u0105. <\/span><\/p>\n<p class=\"MsoNormal\" style=\"text-align: justify;\"><span style=\"color: #000000; font-family: verdana, geneva, sans-serif;\"><b><span style=\"font-size: 13pt; line-height: 115%;\">Czego najbardziej boi si\u0119 diabe\u0142?<\/span><\/b><span style=\"font-size: 13pt; line-height: 115%;\"> Dobrze odpowiedzie\u0107 sobie na to pytanie u progu Wielkiego Postu &#8211; wszak ma by\u0107 to okres w naszym \u017cyciu, kiedy przeciwstawimy mu si\u0119 zdecydowanie, pozbawimy go wp\u0142ywu na nasze my\u015bli, uczucia, post\u0119powanie. <\/span><\/span><\/p>\n<p class=\"MsoNormal\" style=\"text-align: justify;\"><span style=\"font-size: 13pt; line-height: 115%; font-family: verdana, geneva, sans-serif; color: #000000;\">&nbsp;&nbsp; Szatan z pewno\u015bci\u0105 nie lubi sakramentali\u00f3w, dra\u017cni go \u0142acina a postawa le\u017cenia krzy\u017cem budzi jego wstr\u0119t. Ale nie chodzi o sam\u0105 postaw\u0119. Je\u015bli le\u017cy krzy\u017cem pysza\u0142ek, kt\u00f3ry my\u015bli \u017ale o innych, plotkuje i si\u0119 wywy\u017csza? Je\u015bli odmawiaj\u0105c R\u00f3\u017caniec wzmacnia poczucie w\u0142asnej doskona\u0142o\u015bci duchowej i zamiast tajemnic \u017cycia Pana Jezusa rozwa\u017ca w\u0142asne zas\u0142ugi? <\/span><\/p>\n<p class=\"MsoNormal\" style=\"text-align: justify;\"><span style=\"font-size: 13pt; line-height: 115%; font-family: verdana, geneva, sans-serif; color: #000000;\">&nbsp;&nbsp; <b>Szatan boi si\u0119 przede wszystkim Pana Jezusa<\/b>. \u201e<i>Szatan te\u017c boi si\u0119 Niepokalanej Maryi. Nie mo\u017ce znie\u015b\u0107, \u017ce Maryja jest cz\u0142owiekiem i on Jej musi s\u0142ucha\u0107. Boi si\u0119 te\u017c wtedy, gdy wzywamy pomocy anio\u0142\u00f3w i \u015bwi\u0119tych. a tak\u017ce l\u0119ka si\u0119 rzeczy po\u015bwi\u0119conych w imi\u0119 Pana Jezusa , na przyk\u0142ad \u015bwi\u0119conej wody, krzy\u017ca, medalika, relikwii \u015bwi\u0119tych&#8230;.<\/i> \u201e \u2013 m\u00f3wi ks. Eugeniusz Derdziuk, egzorcysta<b>. <\/b><strong>Szatan bardzo si\u0119 boi Maryi Niepokalanej.<\/strong> Ona nie pope\u0142ni\u0142a \u017cadnego grzechu, a to oznacza, \u017ce szatan nie ma w Niej nic swego. On si\u0119 cieszy, gdy kto\u015b zgrzeszy, bo ma nad cz\u0142owiekiem grzesznym w\u0142adz\u0119. Nad Maryj\u0105 nie ma \u017cadnej w\u0142adzy. Dlatego na cudownym medaliku jest napis: &#8220;O Maryjo bez grzechu pocz\u0119ta&#8230;&#8221; i wizerunek, jak Ona depcze g\u0142ow\u0119 szatana. I to jest radosna dla nas prawda! Pan Jezus da\u0142 nam J\u0105 za matk\u0119 wtedy, gdy zwyci\u0119\u017ca\u0142 na krzy\u017cu szatana. Gdy si\u0119 Jej zawierzamy, to znaczy gdy &#8220;bierzemy J\u0105 do siebie&#8221; jak \u015bw. Jan spod krzy\u017ca, to Ona nas broni.<\/span><\/p>\n<p class=\"MsoNormal\" style=\"text-align: justify;\"><span style=\"color: #000000; font-family: verdana, geneva, sans-serif;\"><span style=\"font-size: 13pt; line-height: 115%;\">&nbsp;&nbsp;&nbsp; &nbsp;<strong>Diabe\u0142 n<\/strong><\/span><span style=\"font-size: 13pt; line-height: 115%;\"><strong>ienawidzi modlitwy R\u00f3\u017ca\u0144cowej<\/strong>, dlatego, \u017ce jest to modlitwa Maryi &#8211; pokornej i pos\u0142usznej Bogu bezgranicznie i doskonale. &nbsp;To tego boi si\u0119 szatan najbardziej &#8211; pokory, kt\u00f3ra uznaje, \u017ce jestem przed Bogiem grzesznikiem, oraz pos\u0142usze\u0144stwa, kt\u00f3re objawia si\u0119 w uszanowaniu Jego przykaza\u0144, Jego prawa, pos\u0142usze\u0144stwo kt\u00f3re powoduje \u017cycie wed\u0142ug Ewangelii. To jest to czego najbardziej nienawidzi szatan i czego si\u0119 boi. <\/span><\/span><\/p>\n<p class=\"MsoNormal\" style=\"text-align: justify;\"><span style=\"font-size: 13pt; line-height: 115%; font-family: verdana, geneva, sans-serif; color: #000000;\">&nbsp;&nbsp;&nbsp; U progu wielkiego Postu warto u\u015bwiadomi\u0107 sobie, \u017ce miejscem gdzie spotyka si\u0119 pokora i pos\u0142usze\u0144stwo jest Sakrament Pokuty i Pojednania. Trzeba pokory by przygotowa\u0107 si\u0119 dobrze do tego sakramentu, szczeg\u00f3lnie wtedy, gdy &nbsp;przez d\u0142ugi czas nie mieli\u015bmy si\u0142 czy odwagi wyspowiada\u0107 si\u0119; pos\u0142usze\u0144stwa &#8211;&nbsp; by w \u015bwietle przykaza\u0144 rozwa\u017cy\u0107 swoje post\u0119powanie i poprzez to ju\u017c podporz\u0105dkowa\u0107 si\u0119 boskim przykazaniom. Gdy dusza pokorna i pos\u0142uszna chyli g\u0142ow\u0119 przed kratkami konfesjona\u0142u przychodzi Mi\u0142o\u015b\u0107 Mi\u0142osierna, i okrywa Krwi\u0105 Chrystusa rany zadane cz\u0142owiekowi przez szatana, uzdrawia i wskrzesza dusz\u0119. Tego najbardziej boi si\u0119 szatan. Nie ma nic silniejszego od pokory i pos\u0142usze\u0144stwa przed Bogiem. Pokorny i pos\u0142uszny nigdy si\u0119 nie pot\u0119pi. Pot\u0119ga Maryi przed Bogiem jest owocem Jej niesko\u0144czonej pokory i pos\u0142usze\u0144stwa. <\/span><\/p>\n<p class=\"MsoNormal\" style=\"text-align: justify;\"><span style=\"font-size: 13pt; line-height: 115%; font-family: verdana, geneva, sans-serif; color: #000000;\">&nbsp;&nbsp; Posiada\u0107 pokor\u0119 to znaczy zna\u0107 prawd\u0119 o sobie. Tej prawdy nie znajd\u0119 szukaj\u0105c wad u innych, \u015bledz\u0105c ich s\u0142abo\u015bci, czy zazdroszcz\u0105ce \u0142ask innym, ale wpatruj\u0105c si\u0119 w Oblicze Jezusa. Odnajdywa\u0107 odbicie w\u0142asnej duszy w oczach Boga to konfrontowa\u0107 w\u0142asne \u017cycie z Ewangeli\u0105. Trzeba wi\u0119c wzi\u0105\u0107 do r\u0119ki Ewangeli\u0119&nbsp; i zobaczy\u0107 jakie wymagania ma wobec mnie Pan Jezus. A potem pos\u0142usznie wype\u0142nia\u0107 Jego prawo. Pami\u0119tajmy \u017ce sposobem na szatana w naszym \u017cyciu jest Sakrament Pokuty i Pojednania, i Komunia \u015awi\u0119ta. Spowied\u017a wskrzesza dusz\u0119, uzdrawia i czyni nas od nowa bo\u017cym dzieckiem, a Komunia \u015awi\u0119ta jednoczy z Chrystusem. czyni z nas Monstrancj\u0119, w kt\u00f3rej mieszka B\u00f3g. tego najbardziej boi si\u0119 szatan i tak pokonamy go najskuteczniej. <\/span><\/p>\n<p class=\"MsoNormal\" style=\"text-align: justify;\"><span style=\"font-size: 13pt; line-height: 115%; font-family: verdana, geneva, sans-serif; color: #000000;\">&nbsp;&nbsp; \u015aw. Faustyna Kowalska, powie: &#8220;Straszna jest z\u0142o\u015b\u0107 szatana&#8221; &#8211; (Dz. 713). &#8220;L\u0119ka\u0107 si\u0119 powinien nas wr\u00f3g, a nie my wroga. Szatan tylko pysznych i tch\u00f3rzliwych zwyci\u0119\u017ca, bo pokorni maj\u0105 moc&#8221; &#8211; (Dz. 450). Szatan boi si\u0119 wszystkich, kt\u00f3rzy \u017cyj\u0105 w przyja\u017ani z Bogiem, boi si\u0119 cz\u0142owieka pobo\u017cnego. Pobo\u017cno\u015b\u0107 wyrywa z pola jego oddzia\u0142ywania wiele dusz. Im gorliwiej kto\u015b d\u0105\u017cy do doskona\u0142o\u015bci \u2013 wed\u0142ug stanu, w kt\u00f3rym \u017cyje \u2013 tym straszliwszy staje si\u0119 dla szatana. <b>Cz\u0142owieka \u015bwi\u0119tego boi si\u0119 on jak samego Boga.<\/b><\/span><\/p>\n<p class=\"MsoNormal\" style=\"text-align: justify;\"><span style=\"font-size: 13pt; line-height: 115%; font-family: verdana, geneva, sans-serif; color: #000000;\">Do\u015bwiadczenie mi\u0142o\u015bci Boga posiada sw\u00f3j pocz\u0105tek i fundament w do\u015bwiadczeniu ludzkiej mi\u0142o\u015bci. W hierarchii warto\u015bci przykazanie mi\u0142owania bli\u017aniego jest drugie. B\u00f3g pragn\u0105c objawi\u0107 cz\u0142owiekowi swoj\u0105 mi\u0142o\u015b\u0107 odwo\u0142uje si\u0119 do poj\u0119\u0107, kt\u00f3re cz\u0142owiek poznaje&nbsp; z wi\u0119zi mi\u0119dzy-ludzkich, szczeg\u00f3lnie z wi\u0119zi ma\u0142\u017ce\u0144skich i rodzinnych. W Biblii B\u00f3g objawia si\u0119 nam jako Ojciec, Matka, Oblubieniec, Przyjaciel.<\/span><\/p>\n<p class=\"MsoNormal\" style=\"text-align: justify;\"><span style=\"font-size: 13pt; line-height: 115%; font-family: verdana, geneva, sans-serif; color: #000000;\">&nbsp;&nbsp;&nbsp;&nbsp;&nbsp;&nbsp;&nbsp;&nbsp;&nbsp;&nbsp;&nbsp; Przykazanie mi\u0142o\u015bci bli\u017aniego &#8211; podane nam jako drugie, ods\u0142ania r\u00f3wnie\u017c inn\u0105 podstawow\u0105 prawd\u0119 wiary, \u017ce, bez &#8220;przykazania pierwszego&#8221;, &#8220;przykazanie drugie&#8221; by\u0142oby niemo\u017cliwe do spe\u0142nienia. Ani cz\u0142owiek sam dla siebie, ani te\u017c drugi cz\u0142owiek nie jest nigdy ostatecznym \u017ar\u00f3d\u0142em ludzkiej mi\u0142o\u015bci. Parafrazuj\u0105c s\u0142owa \u015bw. Jana mo\u017cemy powiedzie\u0107 r\u00f3wnie\u017c<b><i>: &#8220;Nie mo\u017cna kocha\u0107 cz\u0142owieka, kt\u00f3rego si\u0119 widzi, je\u017celi nie kocha si\u0119 Boga, kt\u00f3rego si\u0119 nie widzi&#8221;. Kiedy autentycznie kocha si\u0119 bli\u017aniego, to tym samym kocha si\u0119 Boga.<\/i><\/b> <\/span><\/p>\n<p class=\"MsoNormal\" style=\"text-align: justify;\"><span style=\"font-size: 13pt; line-height: 115%; font-family: verdana, geneva, sans-serif; color: #000000;\">\u201eA najwa\u017cniejsza jest Mi\u0142o\u015b\u0107\u2026.\u201d Przykazanie mi\u0142o\u015bci Boga i bli\u017aniego w stopniu doskona\u0142ym, jak wymaga od nas Ewangelia, jest chyba najtrudniejsze w naszym \u017cyciu. <strong>Nie pomo\u017ce nam R\u00f3\u017caniec, le\u017cenie krzy\u017cem, \u0142acina\u2026 je\u015bli b\u0119dziemy mieli w nienawi\u015bci bli\u017aniego i m\u00f3wili fa\u0142szywe \u015bwiadectwo przeciwko niemu.<\/strong><\/span><\/p>\n<p class=\"MsoNormal\" style=\"text-align: justify;\"><span style=\"font-size: 13pt; line-height: 115%; font-family: verdana, geneva, sans-serif; color: #000000;\">\u015awi\u0119ty Augustyn sfor\u00admu\u0142owa\u0142 postulat: <i>verum facere seipsum<\/i>, czyli \u201eczyni\u0107 sie\u00adbie samego prawdziwym&#8221;. Zatem by\u0107 prawdziwym, czyni\u0107 siebie samego coraz bardziej prawdziwym oznacza nie tyle, by\u0107 wiernym samemu sobie, w\u0142asnym przekonaniom i po\u00adznanej prawdzie, ale przede wszystkim d\u0105\u017cy\u0107 ustawicznie do coraz pe\u0142niejszego poznania prawdy i \u015bwiadczy\u0107 o tej pe\u0142nej, chocia\u017c z\u0142o\u017conej prawdzie, by\u0107 wiernym tej pra\u00adwdzie w swoich s\u0105dach i w swoim post\u0119powaniu. &nbsp;<\/span><\/p>\n<p class=\"MsoNormal\" style=\"text-align: justify;\"><span style=\"font-family: verdana, geneva, sans-serif;\">Ca\u0142kowite zdanie si\u0119 na Boga wyra\u017cone przez<strong> le\u017cenie krzy\u017cem<\/strong>, winno by\u0107 dla nas, zar\u00f3wno w liturgii, jak i pobo\u017cno\u015bci prywatnej, przypomnieniem tej prawdy. Padni\u0119cie twarz\u0105 na ziemi\u0119 nie mo\u017ce budzi\u0107 jedynie pustej ciekawo\u015bci czy sta\u0107 si\u0119 okazjonaln\u0105 atrakcj\u0105 liturgiczn\u0105, ale przez g\u0142\u0119bsze zrozumienie dobrze, by sta\u0142o si\u0119 wyrazem szczerej Bo\u017cej prawdy o nas samych!<\/span><\/p>\n<p style=\"text-align: justify;\"><span style=\"font-family: verdana, geneva, sans-serif;\">[1] <span style=\"color: #999999;\">Istnieje dokument, kt\u00f3ry mo\u017cemy nazwa\u0107 &#8220;deklaracj\u0105 soborow\u0105 o j\u0119zyku \u0142aci\u0144skim w Ko\u015bciele&#8221;. Jest to Konstytucja Apostolska b\u0142ogos\u0142awionego papie\u017ca Jana XXIII <em>Veterum Sapientia<\/em> o u\u017cyciu j\u0119zyka \u0142aci\u0144skiego. Jest to konstytucja podpisana z niebywa\u0142\u0105 solenno\u015bci\u0105 na o\u0142tarzu \u015bw. Piotra w dniu 22 lutego 1962 roku. Papie\u017c napisa\u0142 t\u0119 konstytucj\u0119 w 400 lat po opublikowaniu kanon\u00f3w Soboru Trydenckiego o j\u0119zyku \u0142aci\u0144skim. Oto, co znajdujemy w tym dokumencie: a) \u0142acina jest \u017cywym j\u0119zykiem Ko\u015bcio\u0142a; b) \u0142acina jest wspania\u0142\u0105 szat\u0105 doktryny niebieskiej i \u015bwi\u0119tych praw; c) \u0142acina jest j\u0119zykiem Kurii rzymskiej; d) seminarzy\u015bci powinni uczy\u0107 si\u0119 j\u0119zyka \u0142aci\u0144skiego (instrukcja m\u00f3wi o tym w sensie imperatywnym); e) nale\u017cy naucza\u0107 \u0142aciny w szko\u0142ach i na uniwersytetach, aby ich uczniowie mogli pozna\u0107 pocz\u0105tki i \u017ar\u00f3d\u0142a naszej [ko\u015bcielnej] historii. Jak wi\u0119c widzimy jest to deklaracja niezwykle konkretna, niestety dzi\u015b kompletnie przemilczana, bo arogowana przez Sob\u00f3r Watyka\u0144ski II.<br>\n<\/span><\/span><\/p>\n<h3 style=\"text-align: center;\"><span style=\"font-family: verdana, geneva, sans-serif;\">Aneks<\/span><\/h3>\n<p style=\"text-align: justify;\"><span style=\"font-family: verdana, geneva, sans-serif;\">Poniewa\u017c mo\u017cemy w naszych w\u0142asnych zmaganiach korzysta\u0107 z do\u015bwiadcze\u0144 \u015bwi\u0119tych, kt\u00f3rzy walk\u0119 z szatanem ju\u017c skutecznie stoczyli, dlatego przytoczymy w tym miejscu porady \u015bw. Antoniego Pustelnika (250-356) zawarte w przesoborowych brewiarzach,<a href=\"#_ftn1\" name=\"_ftnref1\">[1]<\/a> kt\u00f3re dawa\u0142 swoim uczniom:<\/span><\/p>\n<blockquote>\n<p style=\"text-align: justify;\"><span style=\"font-family: verdana, geneva, sans-serif;\"><em>\u201eWierzcie mi, rzek\u0142, bracia, szatan l\u0119ka si\u0119 czuwa\u0144, modlitw, post\u00f3w, dobrowolnego ub\u00f3stwa, mi\u0142osierdzia i pokory, najbardziej jednak gor\u0105cej mi\u0142o\u015bci do Chrystusa Pana, przed kt\u00f3rego \u015bwi\u0119tego krzy\u017ca znakiem os\u0142abiony ucieka\u201d.<\/em><\/span><\/p>\n<\/blockquote>\n<ol style=\"text-align: justify;\">\n<li><span style=\"font-family: verdana, geneva, sans-serif;\"><strong>Czuwania (<em>vigiliae<\/em>)<\/strong><\/span><\/li>\n<\/ol>\n<p style=\"text-align: justify;\"><span style=\"font-family: verdana, geneva, sans-serif;\">Poprzez czuwania rozumie Antoni ca\u0142onocne lub wielogodzinne nocne czuwania modlitewne, polegaj\u0105ce nie czasowym pozbawianiu siebie snu. Praktyk\u0119 t\u0119 poleca si\u0119 osobom, kt\u00f3re i tak nie mog\u0105 w nocy spa\u0107 albo wybudzaj\u0105 si\u0119 w nocy z\u0142ymi snami lub innymi dr\u0119czeniami np. o 3 nad ranem. Z do\u015bwiadczenia wynika, \u017ce jedna przeczuwana noc skutkuje wielotygodniowym spokojem.<\/span><\/p>\n<ol style=\"text-align: justify;\" start=\"2\">\n<li><span style=\"font-family: verdana, geneva, sans-serif;\"><strong>Modlitwy (<em>orationes<\/em>)<\/strong><\/span><\/li>\n<\/ol>\n<p style=\"text-align: justify;\"><span style=\"font-family: verdana, geneva, sans-serif;\">Im bardziej liturgiczna i sformalizowana jest modliwa tym bardziej skutecznie dzia\u0142a. Z do\u015bwiadczenia wiadomo, \u017ce najbardziej antydemonicznie dzia\u0142aj\u0105 przedsoborowe \u0142aci\u0144skie brewiarze, nast\u0119pnie posoborowe \u0142aci\u0144skie brewiarze, nast\u0119pnie posoborowe brewiarze w j\u0119zykach narodowych, nast\u0119pnie litanie, czytanie Pisma \u015awi\u0119tego, szczeg\u00f3lnie Psalm\u00f3w i Ewangelii oraz r\u00f3\u017caniec.<\/span><\/p>\n<ol style=\"text-align: justify;\" start=\"3\">\n<li><span style=\"font-family: verdana, geneva, sans-serif;\"><strong>Posty (<em>jejunia<\/em>)<\/strong><\/span><\/li>\n<\/ol>\n<p style=\"text-align: justify;\"><span style=\"font-family: verdana, geneva, sans-serif;\">Okresowe np. dzienne pozbawianie si\u0119 posi\u0142k\u00f3w lub redukcja posi\u0142k\u00f3w jako\u015bciowa (bezmi\u0119sna) i ilo\u015bciowa. Nale\u017cy stosowa\u0107 umiarkowanie, po konsultacji ze spowiednikiem i nie podchodzi\u0107 do tego ani sportowo ani wyczynowo. Duch zewn\u0119trznych widocznych umartwie\u0144, do kt\u00f3rych nale\u017cy post, mo\u017ce pochodzi\u0107 tak\u017ce od z\u0142ego ducha. Nale\u017cy pami\u0119ta\u0107, \u017ce wszystko co d\u0105\u017cy do rzeczywistego wyniszczenia organizmu od Boga raczej nie jest, gdy\u017c B\u00f3g nie niszczy swoich w\u0142asnych stworze\u0144.<\/span><\/p>\n<ol style=\"text-align: justify;\" start=\"4\">\n<li><span style=\"font-family: verdana, geneva, sans-serif;\"><strong>Dobrowolne ub\u00f3stwo (<em>paupertas voluntaria<\/em>)<\/strong><\/span><\/li>\n<\/ol>\n<p style=\"text-align: justify;\"><span style=\"font-family: verdana, geneva, sans-serif;\">Polega na rezygnowaniu z rzeczy dobrych i godziwych, na kt\u00f3re nas sta\u0107, ale z kt\u00f3rych dla mi\u0142o\u015bci Chrystusa rezygnujemy.<\/span><\/p>\n<ol style=\"text-align: justify;\" start=\"5\">\n<li><span style=\"font-family: verdana, geneva, sans-serif;\"><strong>Mi\u0142osierdzie (<em>misericordia<\/em>)<\/strong><\/span><\/li>\n<\/ol>\n<p style=\"text-align: justify;\"><span style=\"font-family: verdana, geneva, sans-serif;\">Uwidacznia si\u0119 najbardziej w uczynkach mi\u0142osierdzia wzgl\u0119dem duszy i wzgl\u0119dem cia\u0142a. Uczynki mi\u0142osierdzia wzgl\u0119dem duszy to:<\/span><\/p>\n<ol style=\"text-align: justify;\">\n<li><span style=\"font-family: verdana, geneva, sans-serif;\">Grzesz\u0105cych upomina\u0107<\/span><\/li>\n<li><span style=\"font-family: verdana, geneva, sans-serif;\">Nieumiej\u0105cych poucza\u0107<\/span><\/li>\n<li><span style=\"font-family: verdana, geneva, sans-serif;\">W\u0105tpi\u0105cym dobrze radzi\u0107<\/span><\/li>\n<li><span style=\"font-family: verdana, geneva, sans-serif;\">Strapionych pociesza\u0107<\/span><\/li>\n<li><span style=\"font-family: verdana, geneva, sans-serif;\">Krzywdy cierpliwie znosi\u0107<\/span><\/li>\n<li><span style=\"font-family: verdana, geneva, sans-serif;\">Urazy ch\u0119tnie darowa\u0107<\/span><\/li>\n<li><span style=\"font-family: verdana, geneva, sans-serif;\">Modli\u0107 si\u0119 za \u017cywych i umar\u0142ych<\/span><\/li>\n<\/ol>\n<p style=\"text-align: justify;\"><span style=\"font-family: verdana, geneva, sans-serif;\">Natomiast uczynki mi\u0142osierdzia wzgl\u0119dem cia\u0142a to:<\/span><\/p>\n<ol style=\"text-align: justify;\">\n<li><span style=\"font-family: verdana, geneva, sans-serif;\">G\u0142odnych nakarmi\u0107<\/span><\/li>\n<li><span style=\"font-family: verdana, geneva, sans-serif;\">Spragnionych napoi\u0107<\/span><\/li>\n<li><span style=\"font-family: verdana, geneva, sans-serif;\">Nagich przyodzia\u0107<\/span><\/li>\n<li><span style=\"font-family: verdana, geneva, sans-serif;\">Podr\u00f3\u017cnych w dom przyj\u0105\u0107<\/span><\/li>\n<li><span style=\"font-family: verdana, geneva, sans-serif;\">Wi\u0119\u017ani\u00f3w pociesza\u0107<\/span><\/li>\n<li><span style=\"font-family: verdana, geneva, sans-serif;\">Chorych nawiedza\u0107<\/span><\/li>\n<li><span style=\"font-family: verdana, geneva, sans-serif;\">Umar\u0142ych pogrzeba\u0107<\/span><\/li>\n<li><span style=\"font-family: verdana, geneva, sans-serif;\">Pokora (<em>humilitas<\/em>)<\/span><\/li>\n<\/ol>\n<p style=\"text-align: justify;\"><span style=\"font-family: verdana, geneva, sans-serif;\">Pokora to uznanie swojej ma\u0142o\u015bci wzgl\u0119dem Boga, gdy\u017c, zdaniem \u015bw. Tomasza z Akwinu \u201epokora przede wszystkim wydaje si\u0119 zak\u0142ada\u0107 poddanie cz\u0142owieka Bogu (<em>humilitas praecipue videtur importare subjectionem hominis ad Deum<\/em>).\u201d<a href=\"#_ftn2\" name=\"_ftnref2\">[2]<\/a> Dlatego te\u017c pokora jest uznaniem prawdy o sobie wraz z wykluczeniem wszelkiego nieuporz\u0105dkowania, gdy\u017c jak twierdzi Akwinata: \u201epokora to cnota, za pomoc\u0105 kt\u00f3rej duch jest poskramiany, by w spos\u00f3b nieuporz\u0105dkowany nie d\u0105\u017cy\u0142 ku wy\u017cynom (<em>humilitas est virtus, qua refrenatur animus, ne immoderate tendat ad alta<\/em>)\u201d.<a href=\"#_ftn3\" name=\"_ftnref3\">[3]<\/a><\/span><\/p>\n<ol style=\"text-align: justify;\" start=\"7\">\n<li><span style=\"font-family: verdana, geneva, sans-serif;\"><strong>Gor\u0105ca mi\u0142o\u015b\u0107 do Chrystusa (<em>amor ardens in Christum<\/em>), &#8220;przed kt\u00f3rego krzy\u017ca naj\u015bwi\u0119tszym znakiem diabe\u0142 os\u0142abiony ucieka.&#8221;<br>\n<\/strong><\/span><\/li>\n<\/ol>\n<p style=\"text-align: justify;\"><span style=\"font-family: verdana, geneva, sans-serif;\">Poniewa\u017c diabe\u0142 zosta\u0142 przez cz\u0142owiecze\u0144stwo Chrystusa pokonany na krzy\u017cu, dlatego boi si\u0119 on samego krzy\u017ca oraz wspominania M\u0119ki Chrystusa. Ten l\u0119k przed krzy\u017cem nale\u017cy rozumie\u0107 dos\u0142ownie, o czym \u015bwiadcz\u0105 do\u015bwiadczenia egzorcyst\u00f3w z op\u0119tanymi. Demony pos\u0142uguj\u0105ce si\u0119 cia\u0142ami tych ostatnich nie znosz\u0105 widoku krzy\u017ca w rozumieniu krucyfiksu z cia\u0142em Ukrzy\u017cowanego. Inne rodzaje krzy\u017cy mniej im przeszkadzaj\u0105.&nbsp; Zwyci\u0119stwo nad diab\u0142em Chrystus odni\u00f3s\u0142 poprzez \u015bmier\u0107 krzy\u017cow\u0105, kt\u00f3ra by\u0142a w\u0142asn\u0105 i niesamowicie ci\u0119\u017ck\u0105 Ofiar\u0105 cz\u0142owiecze\u0144stwa Zbawiciela. I w\u0142a\u015bnie fakt, \u017ce Chrystus B\u00f3g-Cz\u0142owiek jako Cz\u0142owiek diabla pokona\u0142 jest dla szatana, kt\u00f3ry nienawidzi rodzaju ludzkiego i nim jako anio\u0142 upad\u0142y gardzi, bardzo zawstydzaj\u0105ca. Natomiast Zmartwychwstanie Chrystusa by\u0142o dzie\u0142em Ojca, kt\u00f3ry wskrzesi\u0142 cz\u0142owiecze\u0144stwo Syna z martwych, a nie samego Zbawiciela i jedynie konsekwencj\u0105 Jego M\u0119ki. I dlatego w chwilach pokus i innych atak\u00f3w szatana (natr\u0119ctwa, dr\u0119czenia i inne) bardzo pomaga realistyczne wyobra\u017cenie sobie Ukrzy\u017cowanego Zbawiciela lub spojrzenie na krucyfiks z u\u015bwiadomieniem sobie, \u017ce Chrystus diab\u0142a za mnie na krzy\u017cu pokona\u0142. Z do\u015bwiadczenia wynika, \u017ce takie my\u015bli, emocje czy inne fenomeny w\u00f3wczas szybko mijaj\u0105, co bez wyobra\u017caniu sobie Ukrzy\u017cowanego lub bez spojrzenia na wisz\u0105cy gdzie\u015b krucyfiks, kt\u00f3ry dlatego dobrze jest mie\u0107 przed oczyma, o ile to mo\u017cliwe, w domu lub w miejsu pracy, niestety miejsca nie ma.<\/span><\/p>\n<p style=\"text-align: justify;\"><span style=\"font-family: verdana, geneva, sans-serif;\">Przedstawiaj\u0105c powy\u017csze porady \u015bw. Antoniego pami\u0119ta\u0107 trzeba, \u017ce niekt\u00f3re pokusy szata\u0144skie i dr\u0119czenia demoniczne s\u0105 pochodn\u0105 grzech\u00f3w, a inne dopustem Boga. Te ostatnie trwaj\u0105 tak d\u0142ugo, jak B\u00f3g tego zechce po to, by w nas pewne cnoty (np. cierpliwo\u015b\u0107, m\u0119stwo, pow\u015bci\u0105gliwo\u015b\u0107 etc.) wyrobi\u0107. Dlatego wy\u017cej wymienione porady pomog\u0105 nam ataki szatana odeprze\u0107, ale do ko\u0144ca \u017cycia ich nie wyklucz\u0105, ani ca\u0142kowicie nie zniweluj\u0105. Bo tam, gdzie nie ma walki, nie ma i zas\u0142ug. Pewnien ojciec pustyni zapytany o to, kto by\u0142 jego Mistrzem, w rozumieniu kierownika duchowego, odpar\u0142: &#8220;Diabe\u0142&#8221;. Oznacza to, \u017ce tam, gdzie diabe\u0142 go atakowa\u0142, tam \u00f3w mnich si\u0119 broni\u0142 i odpowiedni\u0105 cnot\u0119 wyrabia\u0142 i wzmacnia\u0142. Mniej wi\u0119cej to samo przes\u0142anie zawieraj\u0105 &#8220;Listy diab\u0142a starego do m\u0142odego&#8221;, C.S. Lewisa, kt\u00f3re trzeba traktowa\u0107 jako literatur\u0119 pi\u0119kn\u0105, a nie jako podr\u0119cznik duchowo\u015bci, bo jest tam niestety sporo teologicznych nie\u015bcis\u0142o\u015bci.<\/span><\/p>\n<p style=\"text-align: justify;\"><span style=\"font-family: verdana, geneva, sans-serif;\">Przy ca\u0142ym jednak zainteresowaniu demonologi\u0105 i demonami, o kt\u00f3rej \u015bwiadczy cho\u0107by sta\u0142a i rosn\u0105ca popularno\u015b\u0107 niniejszego wpisu na naszym blogu, wiedzie\u0107 trzeba, \u017ce<\/span><\/p>\n<p style=\"text-align: justify;\"><span style=\"font-family: verdana, geneva, sans-serif;\">(a) diabe\u0142 jest stworzeniem i dlatego<\/span><\/p>\n<p style=\"text-align: justify;\"><span style=\"font-family: verdana, geneva, sans-serif;\">(b) jedynie tyle mo\u017ce, na ile B\u00f3g mu pozwoli.<\/span><\/p>\n<p style=\"text-align: justify;\"><span style=\"font-family: verdana, geneva, sans-serif;\">I dlatego koncentracja czyjej\u015b duchowo\u015bci na diable jest dok\u0142adnie tym, co diabe\u0142 chcia\u0142by osi\u0105gn\u0105\u0107, a mianowicie koncentracj\u0119 na sobie samym, a nie na Bogu, od kt\u00f3rego w ten spos\u00f3b odci\u0105ga.<\/span><\/p>\n<p style=\"text-align: justify;\"><span style=\"font-family: verdana, geneva, sans-serif;\">Natomiast z praktycznego punktu widzenia do\u015bwiadczenia paranormalne, zatem nie zwyk\u0142e pokusy, kt\u00f3re s\u0105 udzia\u0142em nas wszystkich i do \u015bmierci b\u0119d\u0105, maj\u0105 albo:<\/span><\/p>\n<p style=\"text-align: justify;\"><span style=\"font-family: verdana, geneva, sans-serif;\">(1) osoby op\u0119tane albo<\/span><\/p>\n<p style=\"text-align: justify;\"><span style=\"font-family: verdana, geneva, sans-serif;\">(2) osoby silnie dr\u0119czone, kt\u00f3re cierpi\u0105 na to na skutek<\/span><\/p>\n<p style=\"text-align: justify;\"><span style=\"font-family: verdana, geneva, sans-serif;\">&nbsp;&nbsp; (i) &#8220;demonicznej infekcji&#8221;, kt\u00f3rej nabawi\u0142y si\u0119 poprzez okultyzm, ezoteryk\u0119 lub niestety do\u015bwiadczanie charyzmatyczne lub inne<\/span><\/p>\n<p style=\"text-align: justify;\"><span style=\"font-family: verdana, geneva, sans-serif;\">albo na skutek<\/span><\/p>\n<p style=\"text-align: justify;\"><span style=\"font-family: verdana, geneva, sans-serif;\">&nbsp;&nbsp; (ii) dopustu Boga, kt\u00f3ry pojawia si\u0119 na drodze zaawansowanej \u015bwi\u0119to\u015bci (proboszcz z Ars, ojciec Pio, Don Bosco i inni \u015bwi\u0119ci), co dotyczy mo\u017ce 0,00001%, je\u015bli nie mniej, os\u00f3b.<\/span><\/p>\n<p style=\"text-align: justify;\"><span style=\"font-family: verdana, geneva, sans-serif;\">I dlatego pod (2. ii) podpada ma\u0142o kto, a wi\u0119kszo\u015b\u0107 pod (2. i). St\u0105d doznawanie dr\u0119cze\u0144 demonicznych o \u015bwi\u0119to\u015bci niczyjej nie \u015bwiadczy, bo chocia\u017c demony te same i dr\u0119czenia te same, to jednak stan duchowy (2. i) i (2. ii) jest bardzo r\u00f3\u017cny.&nbsp; Je\u017celi kto\u015b z czytaj\u0105cych te s\u0142owa podejrzewa, \u017ce cierpi na (2. i) powinien si\u0119 dobrze wyspowiada\u0107, ewentualnie uda\u0107 si\u0119 do egzorcysty oraz przynajmniej na jaki\u015b czas zaniecha\u0107 praktyk charyzmatycznych, a tak\u017ce inne praktyki religijne (r\u00f3\u017ca\u0144ce, koronki, nowenny, litanie, posty, le\u017cenia krzy\u017cem etc.etc.) ograniczy\u0107 czasowo do rozs\u0105dnego minimum (np. jedna cz\u0119\u015b\u0107 r\u00f3\u017ca\u0144ca dziennie). Niech zobaczy, czy mu si\u0119 to w og\u00f3le uda, czy nie b\u0119dzie odczuwa\u0142 przymusu do zwi\u0119kszania praktyk, bo taki przymus nigdy nie pochodzi od Boga, kt\u00f3ry daje wolno\u015b\u0107.<\/span><\/p>\n<p style=\"text-align: justify;\"><span style=\"font-family: verdana, geneva, sans-serif;\">My\u015blenie, \u017ce pewne praktyki zapewni\u0105 nam do\u017cywotni spok\u00f3j przed demonem z pewno\u015bci\u0105 od Boga nie pochodzi, gdy\u017c nawet od Chrystusa diabe\u0142 odst\u0105pi\u0142 \u201ea\u017c do czasu\u201d (\u0141k 4,13).&nbsp; Nale\u017cy tak\u017ce pami\u0119ta\u0107 o tym, \u017ce B\u00f3g u\u015bwi\u0119ca nas przez wszystko, przez prac\u0119, przez spotkania z lud\u017ami, przez odpoczynek, przez r\u00f3\u017cnorakie prze\u017cycia, przez to, co niesie nasze konkretne \u017cycie, i dlatego zacie\u015bnianie Jego dzia\u0142ania do tych praktyk, kt\u00f3re sobie sami upatrzymy jest szukaniem nie Boga, ale samego siebie. A takie nastawienie szybko zostanie wykorzystane przez diab\u0142a, kt\u00f3rego ba\u0107 si\u0119 nie trzeba, bo na tym mu zale\u017cy.<\/span><\/p>\n<p style=\"text-align: justify;\"><span style=\"font-family: verdana, geneva, sans-serif;\"><a href=\"#_ftnref1\" name=\"_ftn1\">[1]<\/a> <span style=\"color: #999999;\">Wyst\u0119puj\u0105 one w brewiarzu tzw. Trydenckim obowi\u0105zuj\u0105cym od 1570 do 1910, oraz w brewiarzu Piusa X <em>Divino afflatu<\/em> obowi\u0105zuj\u0105cym od 1911 do 1955. W brewiarzu z 1962, kt\u00f3rym od <em>Summorum pontificum<\/em> (2007) mo\u017cna si\u0119 oficjalnie modli\u0107 niestety tego czytania nie ma.<\/span><\/span><\/p>\n<p style=\"text-align: justify;\"><span style=\"font-family: verdana, geneva, sans-serif;\"><a href=\"#_ftnref2\" name=\"_ftn2\">[2]<\/a> <span style=\"color: #999999;\"><em>Summ. <\/em><em>Theol<\/em>. 2.2. q. 161. 2 ad 3 et q. 162. 5. c.<\/span><\/span><\/p>\n<p style=\"text-align: justify;\"><span style=\"font-family: verdana, geneva, sans-serif;\"><a href=\"#_ftnref3\" name=\"_ftn3\">[3]<\/a> <span style=\"color: #999999;\"><em>Summ. Theol<\/em>. 2.2. q. 160. 2 c. et q. 161. 1. o. et 2.4.c<\/span><\/span><\/p>\n<p class=\"MsoNormal\" style=\"text-align: justify;\"><span style=\"font-size: 13pt; line-height: 115%; font-family: verdana, geneva, sans-serif; color: #000000;\">&nbsp;\/wotiw\/<\/span><\/p>\n<p class=\"MsoNormal\" style=\"text-align: justify;\"><span style=\"font-size: 13pt; line-height: 115%; font-family: verdana, geneva, sans-serif;\">&nbsp;<\/span><\/p>\n\n","protected":false},"excerpt":{"rendered":"<p>Czego boi si\u0119 szatan? Poni\u017cej kilka wa\u017cnych punkt\u00f3w z praktyki pierwszych pustelnik\u00f3w.<\/p>\n","protected":false},"author":60508433,"featured_media":22276,"comment_status":"closed","ping_status":"closed","sticky":false,"template":"","format":"standard","meta":{"_bbp_topic_count":0,"_bbp_reply_count":0,"_bbp_total_topic_count":0,"_bbp_total_reply_count":0,"_bbp_voice_count":0,"_bbp_anonymous_reply_count":0,"_bbp_topic_count_hidden":0,"_bbp_reply_count_hidden":0,"_bbp_forum_subforum_count":0,"_editorskit_title_hidden":false,"_editorskit_reading_time":10,"_editorskit_is_block_options_detached":false,"_editorskit_block_options_position":"{}","_coblocks_attr":"","_coblocks_dimensions":"","_coblocks_responsive_height":"","_coblocks_accordion_ie_support":"","_exactmetrics_skip_tracking":false,"_jetpack_newsletter_access":"","_jetpack_dont_email_post_to_subs":false,"_jetpack_newsletter_tier_id":0,"_jetpack_memberships_contains_paywalled_content":false,"_wpcom_ai_launchpad_first_post":false,"_jetpack_feature_clip_id":0,"_jetpack_memberships_contains_paid_content":false,"footnotes":"","jetpack_publicize_message":"{title}\n\n{excerpt}\n\n{url}","jetpack_publicize_feature_enabled":true,"jetpack_social_post_already_shared":true,"jetpack_social_options":{"image_generator_settings":{"template":"highway","default_image_id":0,"font":"","enabled":false},"version":2},"_wpas_customize_per_network":false,"jetpack_post_was_ever_published":false},"categories":[610131905],"tags":[532392,221968564,727434,3159689,653995,3158350,5211888],"class_list":["post-808","post","type-post","status-publish","format-standard","has-post-thumbnail","hentry","category-zycie-duchowe","tag-demonologia","tag-imie-jezusa","tag-modlitwa","tag-rozaniec","tag-szatan","tag-walka-duchowa","tag-znak-krzyza"],"yoast_head":"<!-- This site is optimized with the Yoast SEO plugin v28.4 - https:\/\/yoast.com\/product\/yoast-seo-wordpress\/ -->\n<title>Szatan boi si\u0119 najbardziej\u2026. - Tradycja i Wiara<\/title>\n<meta name=\"description\" content=\"Szatan boi si\u0119 najbardziej\u2026. szatan praktyki pobo\u017cne egzorcyzmy religia\" \/>\n<meta name=\"robots\" content=\"index, follow, max-snippet:-1, max-image-preview:large, max-video-preview:-1\" \/>\n<link rel=\"canonical\" href=\"https:\/\/wobronietradycjiiwiary.com\/pl\/szatan-boi-sie-najbardziej\/\" \/>\n<meta property=\"og:locale\" content=\"pl_PL\" \/>\n<meta property=\"og:type\" content=\"article\" \/>\n<meta property=\"og:title\" content=\"Szatan boi si\u0119 najbardziej\u2026. - Tradycja i Wiara\" \/>\n<meta property=\"og:description\" content=\"Szatan boi si\u0119 najbardziej\u2026. szatan praktyki pobo\u017cne egzorcyzmy religia\" \/>\n<meta property=\"og:url\" content=\"https:\/\/wobronietradycjiiwiary.com\/pl\/szatan-boi-sie-najbardziej\/\" \/>\n<meta property=\"og:site_name\" content=\"Tradycja i Wiara\" \/>\n<meta property=\"article:publisher\" content=\"https:\/\/www.facebook.com\/Tradycja-i-Wiara-108813920592249\" \/>\n<meta property=\"article:published_time\" content=\"2014-03-05T18:24:38+00:00\" \/>\n<meta property=\"article:modified_time\" content=\"2025-02-07T14:11:45+00:00\" \/>\n<meta property=\"og:image\" content=\"https:\/\/i0.wp.com\/wobronietradycjiiwiary.com\/wp-content\/uploads\/2017\/08\/initial_d_demons_detail-500x435.jpg?fit=500%2C435&ssl=1\" \/>\n\t<meta property=\"og:image:width\" content=\"500\" \/>\n\t<meta property=\"og:image:height\" content=\"435\" \/>\n\t<meta property=\"og:image:type\" content=\"image\/jpeg\" \/>\n<meta name=\"author\" content=\"Traditio et Fides\" \/>\n<meta name=\"twitter:card\" content=\"summary_large_image\" \/>\n<meta name=\"twitter:label1\" content=\"Napisane przez\" \/>\n\t<meta name=\"twitter:data1\" content=\"Traditio et Fides\" \/>\n\t<meta name=\"twitter:label2\" content=\"Szacowany czas czytania\" \/>\n\t<meta name=\"twitter:data2\" content=\"13 minut\" \/>\n<script type=\"application\/ld+json\" class=\"yoast-schema-graph\">{\"@context\":\"https:\\\/\\\/schema.org\",\"@graph\":[{\"@type\":\"Article\",\"@id\":\"https:\\\/\\\/wobronietradycjiiwiary.com\\\/szatan-boi-sie-najbardziej\\\/#article\",\"isPartOf\":{\"@id\":\"https:\\\/\\\/wobronietradycjiiwiary.com\\\/szatan-boi-sie-najbardziej\\\/\"},\"author\":{\"name\":\"Traditio et Fides\",\"@id\":\"https:\\\/\\\/wobronietradycjiiwiary.com\\\/pl\\\/#\\\/schema\\\/person\\\/2d6180ce6abcb681fef0daab7816e8f3\"},\"headline\":\"Szatan boi si\u0119 najbardziej\u2026.\",\"datePublished\":\"2014-03-05T18:24:38+00:00\",\"dateModified\":\"2025-02-07T14:11:45+00:00\",\"mainEntityOfPage\":{\"@id\":\"https:\\\/\\\/wobronietradycjiiwiary.com\\\/szatan-boi-sie-najbardziej\\\/\"},\"wordCount\":3477,\"publisher\":{\"@id\":\"https:\\\/\\\/wobronietradycjiiwiary.com\\\/pl\\\/#organization\"},\"image\":{\"@id\":\"https:\\\/\\\/wobronietradycjiiwiary.com\\\/szatan-boi-sie-najbardziej\\\/#primaryimage\"},\"thumbnailUrl\":\"https:\\\/\\\/wobronietradycjiiwiary.com\\\/wp-content\\\/uploads\\\/2017\\\/08\\\/initial_d_demons_detail-500x435.jpg\",\"keywords\":[\"demonologia\",\"Imi\u0119 Jezusa\",\"modlitwa\",\"r\u00f3\u017caniec\",\"szatan\",\"walka duchowa\",\"znak Krzy\u017ca\"],\"articleSection\":[\"\u017bycie duchowe\"],\"inLanguage\":\"pl-PL\"},{\"@type\":\"WebPage\",\"@id\":\"https:\\\/\\\/wobronietradycjiiwiary.com\\\/szatan-boi-sie-najbardziej\\\/\",\"url\":\"https:\\\/\\\/wobronietradycjiiwiary.com\\\/szatan-boi-sie-najbardziej\\\/\",\"name\":\"Szatan boi si\u0119 najbardziej\u2026. - Tradycja i Wiara\",\"isPartOf\":{\"@id\":\"https:\\\/\\\/wobronietradycjiiwiary.com\\\/pl\\\/#website\"},\"primaryImageOfPage\":{\"@id\":\"https:\\\/\\\/wobronietradycjiiwiary.com\\\/szatan-boi-sie-najbardziej\\\/#primaryimage\"},\"image\":{\"@id\":\"https:\\\/\\\/wobronietradycjiiwiary.com\\\/szatan-boi-sie-najbardziej\\\/#primaryimage\"},\"thumbnailUrl\":\"https:\\\/\\\/wobronietradycjiiwiary.com\\\/wp-content\\\/uploads\\\/2017\\\/08\\\/initial_d_demons_detail-500x435.jpg\",\"datePublished\":\"2014-03-05T18:24:38+00:00\",\"dateModified\":\"2025-02-07T14:11:45+00:00\",\"description\":\"Szatan boi si\u0119 najbardziej\u2026. szatan praktyki pobo\u017cne egzorcyzmy religia\",\"breadcrumb\":{\"@id\":\"https:\\\/\\\/wobronietradycjiiwiary.com\\\/szatan-boi-sie-najbardziej\\\/#breadcrumb\"},\"inLanguage\":\"pl-PL\",\"potentialAction\":[{\"@type\":\"ReadAction\",\"target\":[\"https:\\\/\\\/wobronietradycjiiwiary.com\\\/szatan-boi-sie-najbardziej\\\/\"]}]},{\"@type\":\"ImageObject\",\"inLanguage\":\"pl-PL\",\"@id\":\"https:\\\/\\\/wobronietradycjiiwiary.com\\\/szatan-boi-sie-najbardziej\\\/#primaryimage\",\"url\":\"https:\\\/\\\/wobronietradycjiiwiary.com\\\/wp-content\\\/uploads\\\/2017\\\/08\\\/initial_d_demons_detail-500x435.jpg\",\"contentUrl\":\"https:\\\/\\\/wobronietradycjiiwiary.com\\\/wp-content\\\/uploads\\\/2017\\\/08\\\/initial_d_demons_detail-500x435.jpg\",\"width\":500,\"height\":435},{\"@type\":\"BreadcrumbList\",\"@id\":\"https:\\\/\\\/wobronietradycjiiwiary.com\\\/szatan-boi-sie-najbardziej\\\/#breadcrumb\",\"itemListElement\":[{\"@type\":\"ListItem\",\"position\":1,\"name\":\"Strona g\u0142\u00f3wna\",\"item\":\"https:\\\/\\\/wobronietradycjiiwiary.com\\\/\"},{\"@type\":\"ListItem\",\"position\":2,\"name\":\"Szatan boi si\u0119 najbardziej\u2026.\"}]},{\"@type\":\"WebSite\",\"@id\":\"https:\\\/\\\/wobronietradycjiiwiary.com\\\/pl\\\/#website\",\"url\":\"https:\\\/\\\/wobronietradycjiiwiary.com\\\/pl\\\/\",\"name\":\"Tradycja i Wiara\",\"description\":\"Portal dla katolik\u00f3w.\",\"publisher\":{\"@id\":\"https:\\\/\\\/wobronietradycjiiwiary.com\\\/pl\\\/#organization\"},\"potentialAction\":[{\"@type\":\"SearchAction\",\"target\":{\"@type\":\"EntryPoint\",\"urlTemplate\":\"https:\\\/\\\/wobronietradycjiiwiary.com\\\/pl\\\/?s={search_term_string}\"},\"query-input\":{\"@type\":\"PropertyValueSpecification\",\"valueRequired\":true,\"valueName\":\"search_term_string\"}}],\"inLanguage\":\"pl-PL\"},{\"@type\":\"Organization\",\"@id\":\"https:\\\/\\\/wobronietradycjiiwiary.com\\\/pl\\\/#organization\",\"name\":\"Tradycja i Wiara\",\"url\":\"https:\\\/\\\/wobronietradycjiiwiary.com\\\/pl\\\/\",\"logo\":{\"@type\":\"ImageObject\",\"inLanguage\":\"pl-PL\",\"@id\":\"https:\\\/\\\/wobronietradycjiiwiary.com\\\/pl\\\/#\\\/schema\\\/logo\\\/image\\\/\",\"url\":\"https:\\\/\\\/i0.wp.com\\\/wobronietradycjiiwiary.com\\\/wp-content\\\/uploads\\\/2015\\\/10\\\/cropped-st-peters-dome-vatican.jpg?fit=940%2C198&ssl=1\",\"contentUrl\":\"https:\\\/\\\/i0.wp.com\\\/wobronietradycjiiwiary.com\\\/wp-content\\\/uploads\\\/2015\\\/10\\\/cropped-st-peters-dome-vatican.jpg?fit=940%2C198&ssl=1\",\"width\":940,\"height\":198,\"caption\":\"Tradycja i Wiara\"},\"image\":{\"@id\":\"https:\\\/\\\/wobronietradycjiiwiary.com\\\/pl\\\/#\\\/schema\\\/logo\\\/image\\\/\"},\"sameAs\":[\"https:\\\/\\\/www.facebook.com\\\/Tradycja-i-Wiara-108813920592249\"]},{\"@type\":\"Person\",\"@id\":\"https:\\\/\\\/wobronietradycjiiwiary.com\\\/pl\\\/#\\\/schema\\\/person\\\/2d6180ce6abcb681fef0daab7816e8f3\",\"name\":\"Traditio et Fides\",\"sameAs\":[\"https:\\\/\\\/traditionundglauben.com\"],\"url\":\"https:\\\/\\\/wobronietradycjiiwiary.com\\\/pl\\\/author\\\/wobronietradycjiiwiary\\\/\"}]}<\/script>\n<!-- \/ Yoast SEO plugin. -->","yoast_head_json":{"title":"Szatan boi si\u0119 najbardziej\u2026. - Tradycja i Wiara","description":"Szatan boi si\u0119 najbardziej\u2026. szatan praktyki pobo\u017cne egzorcyzmy religia","robots":{"index":"index","follow":"follow","max-snippet":"max-snippet:-1","max-image-preview":"max-image-preview:large","max-video-preview":"max-video-preview:-1"},"canonical":"https:\/\/wobronietradycjiiwiary.com\/pl\/szatan-boi-sie-najbardziej\/","og_locale":"pl_PL","og_type":"article","og_title":"Szatan boi si\u0119 najbardziej\u2026. - Tradycja i Wiara","og_description":"Szatan boi si\u0119 najbardziej\u2026. szatan praktyki pobo\u017cne egzorcyzmy religia","og_url":"https:\/\/wobronietradycjiiwiary.com\/pl\/szatan-boi-sie-najbardziej\/","og_site_name":"Tradycja i Wiara","article_publisher":"https:\/\/www.facebook.com\/Tradycja-i-Wiara-108813920592249","article_published_time":"2014-03-05T18:24:38+00:00","article_modified_time":"2025-02-07T14:11:45+00:00","og_image":[{"width":500,"height":435,"url":"https:\/\/i0.wp.com\/wobronietradycjiiwiary.com\/wp-content\/uploads\/2017\/08\/initial_d_demons_detail-500x435.jpg?fit=500%2C435&ssl=1","type":"image\/jpeg"}],"author":"Traditio et Fides","twitter_card":"summary_large_image","twitter_misc":{"Napisane przez":"Traditio et Fides","Szacowany czas czytania":"13 minut"},"schema":{"@context":"https:\/\/schema.org","@graph":[{"@type":"Article","@id":"https:\/\/wobronietradycjiiwiary.com\/szatan-boi-sie-najbardziej\/#article","isPartOf":{"@id":"https:\/\/wobronietradycjiiwiary.com\/szatan-boi-sie-najbardziej\/"},"author":{"name":"Traditio et Fides","@id":"https:\/\/wobronietradycjiiwiary.com\/pl\/#\/schema\/person\/2d6180ce6abcb681fef0daab7816e8f3"},"headline":"Szatan boi si\u0119 najbardziej\u2026.","datePublished":"2014-03-05T18:24:38+00:00","dateModified":"2025-02-07T14:11:45+00:00","mainEntityOfPage":{"@id":"https:\/\/wobronietradycjiiwiary.com\/szatan-boi-sie-najbardziej\/"},"wordCount":3477,"publisher":{"@id":"https:\/\/wobronietradycjiiwiary.com\/pl\/#organization"},"image":{"@id":"https:\/\/wobronietradycjiiwiary.com\/szatan-boi-sie-najbardziej\/#primaryimage"},"thumbnailUrl":"https:\/\/wobronietradycjiiwiary.com\/wp-content\/uploads\/2017\/08\/initial_d_demons_detail-500x435.jpg","keywords":["demonologia","Imi\u0119 Jezusa","modlitwa","r\u00f3\u017caniec","szatan","walka duchowa","znak Krzy\u017ca"],"articleSection":["\u017bycie duchowe"],"inLanguage":"pl-PL"},{"@type":"WebPage","@id":"https:\/\/wobronietradycjiiwiary.com\/szatan-boi-sie-najbardziej\/","url":"https:\/\/wobronietradycjiiwiary.com\/szatan-boi-sie-najbardziej\/","name":"Szatan boi si\u0119 najbardziej\u2026. - Tradycja i Wiara","isPartOf":{"@id":"https:\/\/wobronietradycjiiwiary.com\/pl\/#website"},"primaryImageOfPage":{"@id":"https:\/\/wobronietradycjiiwiary.com\/szatan-boi-sie-najbardziej\/#primaryimage"},"image":{"@id":"https:\/\/wobronietradycjiiwiary.com\/szatan-boi-sie-najbardziej\/#primaryimage"},"thumbnailUrl":"https:\/\/wobronietradycjiiwiary.com\/wp-content\/uploads\/2017\/08\/initial_d_demons_detail-500x435.jpg","datePublished":"2014-03-05T18:24:38+00:00","dateModified":"2025-02-07T14:11:45+00:00","description":"Szatan boi si\u0119 najbardziej\u2026. szatan praktyki pobo\u017cne egzorcyzmy religia","breadcrumb":{"@id":"https:\/\/wobronietradycjiiwiary.com\/szatan-boi-sie-najbardziej\/#breadcrumb"},"inLanguage":"pl-PL","potentialAction":[{"@type":"ReadAction","target":["https:\/\/wobronietradycjiiwiary.com\/szatan-boi-sie-najbardziej\/"]}]},{"@type":"ImageObject","inLanguage":"pl-PL","@id":"https:\/\/wobronietradycjiiwiary.com\/szatan-boi-sie-najbardziej\/#primaryimage","url":"https:\/\/wobronietradycjiiwiary.com\/wp-content\/uploads\/2017\/08\/initial_d_demons_detail-500x435.jpg","contentUrl":"https:\/\/wobronietradycjiiwiary.com\/wp-content\/uploads\/2017\/08\/initial_d_demons_detail-500x435.jpg","width":500,"height":435},{"@type":"BreadcrumbList","@id":"https:\/\/wobronietradycjiiwiary.com\/szatan-boi-sie-najbardziej\/#breadcrumb","itemListElement":[{"@type":"ListItem","position":1,"name":"Strona g\u0142\u00f3wna","item":"https:\/\/wobronietradycjiiwiary.com\/"},{"@type":"ListItem","position":2,"name":"Szatan boi si\u0119 najbardziej\u2026."}]},{"@type":"WebSite","@id":"https:\/\/wobronietradycjiiwiary.com\/pl\/#website","url":"https:\/\/wobronietradycjiiwiary.com\/pl\/","name":"Tradycja i Wiara","description":"Portal dla katolik\u00f3w.","publisher":{"@id":"https:\/\/wobronietradycjiiwiary.com\/pl\/#organization"},"potentialAction":[{"@type":"SearchAction","target":{"@type":"EntryPoint","urlTemplate":"https:\/\/wobronietradycjiiwiary.com\/pl\/?s={search_term_string}"},"query-input":{"@type":"PropertyValueSpecification","valueRequired":true,"valueName":"search_term_string"}}],"inLanguage":"pl-PL"},{"@type":"Organization","@id":"https:\/\/wobronietradycjiiwiary.com\/pl\/#organization","name":"Tradycja i Wiara","url":"https:\/\/wobronietradycjiiwiary.com\/pl\/","logo":{"@type":"ImageObject","inLanguage":"pl-PL","@id":"https:\/\/wobronietradycjiiwiary.com\/pl\/#\/schema\/logo\/image\/","url":"https:\/\/i0.wp.com\/wobronietradycjiiwiary.com\/wp-content\/uploads\/2015\/10\/cropped-st-peters-dome-vatican.jpg?fit=940%2C198&ssl=1","contentUrl":"https:\/\/i0.wp.com\/wobronietradycjiiwiary.com\/wp-content\/uploads\/2015\/10\/cropped-st-peters-dome-vatican.jpg?fit=940%2C198&ssl=1","width":940,"height":198,"caption":"Tradycja i Wiara"},"image":{"@id":"https:\/\/wobronietradycjiiwiary.com\/pl\/#\/schema\/logo\/image\/"},"sameAs":["https:\/\/www.facebook.com\/Tradycja-i-Wiara-108813920592249"]},{"@type":"Person","@id":"https:\/\/wobronietradycjiiwiary.com\/pl\/#\/schema\/person\/2d6180ce6abcb681fef0daab7816e8f3","name":"Traditio et Fides","sameAs":["https:\/\/traditionundglauben.com"],"url":"https:\/\/wobronietradycjiiwiary.com\/pl\/author\/wobronietradycjiiwiary\/"}]}},"jetpack_publicize_connections":[],"jetpack_sharing_enabled":true,"jetpack_likes_enabled":true,"jetpack_shortlink":"https:\/\/wp.me\/pc04Sd-d2","jetpack-related-posts":[{"id":6039,"url":"https:\/\/wobronietradycjiiwiary.com\/pl\/dziwi-sie-bloger-czytelnikom-swoim-prosba-o-wypelnienie-ankiety\/","url_meta":{"origin":808,"position":0},"title":"Dziwi si\u0119 blogger czytelnikom swoim. Pro\u015bba o wype\u0142nienie ankiety.","author":"Traditio et Fides","date":"17 maja 2015","format":false,"excerpt":"Istnieje maksyma: mirabilis Deus sanctis suis czyli\u00a0 \"przedziwny jest B\u00f3g w swoich \u015bwi\u0119tych\", gdy\u017c ka\u017cdy \u015bwi\u0119ty objawia jak\u0105\u015b cech\u0119 Pana Boga. Jednak pewien s\u0142abo w\u0142adaj\u0105cy \u0142acin\u0105 kleryk przet\u0142umaczy\u0142 t\u0119 sentencj\u0119 jako \"dziwi si\u0119 B\u00f3g swoim \u015bwi\u0119tym\", co chocia\u017c ma\u0142o poprawne gramatycznie, przydaje tej wypowiedzi drugie, a nawet trzecie dno. My\u2026","rel":"","context":"W \u201eUwagi administracji&quot;","block_context":{"text":"Uwagi administracji","link":"https:\/\/wobronietradycjiiwiary.com\/pl\/category\/duchowosc\/uwagi-administracji\/"},"img":{"alt_text":"","src":"https:\/\/i0.wp.com\/wobronietradycjiiwiary.com\/wp-content\/uploads\/2015\/05\/portarait-of-philosopher-vladimir-solovyov-1885.jpg?resize=350%2C200&ssl=1","width":350,"height":200,"srcset":"https:\/\/i0.wp.com\/wobronietradycjiiwiary.com\/wp-content\/uploads\/2015\/05\/portarait-of-philosopher-vladimir-solovyov-1885.jpg?resize=350%2C200&ssl=1 1x, https:\/\/i0.wp.com\/wobronietradycjiiwiary.com\/wp-content\/uploads\/2015\/05\/portarait-of-philosopher-vladimir-solovyov-1885.jpg?resize=525%2C300&ssl=1 1.5x, https:\/\/i0.wp.com\/wobronietradycjiiwiary.com\/wp-content\/uploads\/2015\/05\/portarait-of-philosopher-vladimir-solovyov-1885.jpg?resize=700%2C400&ssl=1 2x, https:\/\/i0.wp.com\/wobronietradycjiiwiary.com\/wp-content\/uploads\/2015\/05\/portarait-of-philosopher-vladimir-solovyov-1885.jpg?resize=1050%2C600&ssl=1 3x, https:\/\/i0.wp.com\/wobronietradycjiiwiary.com\/wp-content\/uploads\/2015\/05\/portarait-of-philosopher-vladimir-solovyov-1885.jpg?resize=1400%2C800&ssl=1 4x"},"classes":[]},{"id":17884,"url":"https:\/\/wobronietradycjiiwiary.com\/pl\/wawrzyniec-scupoli-walka-duchowa-rozdzial-027\/","url_meta":{"origin":808,"position":1},"title":"Wawrzyniec Scupoli &#8211; Walka Duchowa &#8211; Rozdzia\u0142 027","author":"mariuszjerzy","date":"9 lipca 2018","format":false,"excerpt":"https:\/\/www.youtube.com\/watch?v=f5REqGhhekw Rozdzia\u0142 XXVII Jakimi metodami pos\u0142uguje si\u0119 szatan w walce, zwodz\u0105c zar\u00f3wno tych, kt\u00f3rzy chc\u0105 \u017cy\u0107 cnotliwie, jak i tych, kt\u00f3rzy popadli w niewol\u0119 grzechu. Musisz wiedzie\u0107, c\u00f3rko, \u017ce chocia\u017c szatan na nic innego nie czeka, jak tylko na nasz\u0105 zgub\u0119, to jednak nie z ka\u017cdym walczy w ten sam\u2026","rel":"","context":"W \u201eWawrzyniec Scupoli&quot;","block_context":{"text":"Wawrzyniec Scupoli","link":"https:\/\/wobronietradycjiiwiary.com\/pl\/category\/duchowosc\/autorzy\/wawrzyniec-scupoli\/"},"img":{"alt_text":"","src":"https:\/\/i0.wp.com\/img.youtube.com\/vi\/f5REqGhhekw\/0.jpg?resize=350%2C200","width":350,"height":200},"classes":[]},{"id":11179,"url":"https:\/\/wobronietradycjiiwiary.com\/pl\/zarys-angelologii-21-z\/","url_meta":{"origin":808,"position":2},"title":"Zarys angelologii (21 z 23). W\u0142adza szatana i jego dzia\u0142anie.","author":"Traditio et Fides","date":"14 maja 2017","format":false,"excerpt":"III.\u00a0 Szatan, kt\u00f3rego w\u0142adza zosta\u0142a z\u0142amana przez Chrystusa, mo\u017ce za dopustem Bo\u017cym uskutecznia\u0107 swoj\u0105 moc wzgl\u0119dem ludzi. (Sententia communis) Mo\u017cna pomy\u015ble\u0107, \u017ce skoro B\u00f3g jest wszechmocny, Chrystus si\u0119 wcieli\u0142 i szatana na krzy\u017cu pokona\u0142, to co ten anio\u0142 upad\u0142y jeszcze mo\u017ce, skoro zosta\u0142 tak pod ka\u017cdym wzgl\u0119dem pogr\u0105\u017cony? Okazuje si\u0119,\u2026","rel":"","context":"W \u201eAngelologia&quot;","block_context":{"text":"Angelologia","link":"https:\/\/wobronietradycjiiwiary.com\/pl\/category\/doktryna\/teologia-dogmatyczna\/angelologia\/"},"img":{"alt_text":"","src":"https:\/\/i0.wp.com\/wobronietradycjiiwiary.com\/wp-content\/uploads\/2016\/09\/angels.jpg?resize=350%2C200&ssl=1","width":350,"height":200},"classes":[]},{"id":116450,"url":"https:\/\/wobronietradycjiiwiary.com\/pl\/o-awersji-liturgicznej-lub-de-maria-numquam-satis\/","url_meta":{"origin":808,"position":3},"title":"O awersji liturgicznej lub de Maria numquam satis","author":"Traditio et Fides","date":"30 kwietnia 2024","format":false,"excerpt":"O znaczeniu usuni\u0119tych \u015bwi\u0105t.","rel":"","context":"W \u201eAd 4) 2. Stopniowe zmiany liturgii: Kanon, kalendarz, znikaj\u0105ce \u015bwi\u0119ta&quot;","block_context":{"text":"Ad 4) 2. Stopniowe zmiany liturgii: Kanon, kalendarz, znikaj\u0105ce \u015bwi\u0119ta","link":"https:\/\/wobronietradycjiiwiary.com\/pl\/category\/doktryna\/teologia-liturgii\/byrne-doktryna\/byrne\/komentarze-do-byrne\/ad-4-jan-xxiii\/ad-4-2-stopniowe-zmiany-liturgii\/"},"img":{"alt_text":"","src":"https:\/\/i0.wp.com\/wobronietradycjiiwiary.com\/wp-content\/uploads\/2024\/04\/cropped-sano_di_pietro_-_assumption_of_the_virgin_-_wga20772.jpg?resize=350%2C200&ssl=1","width":350,"height":200,"srcset":"https:\/\/i0.wp.com\/wobronietradycjiiwiary.com\/wp-content\/uploads\/2024\/04\/cropped-sano_di_pietro_-_assumption_of_the_virgin_-_wga20772.jpg?resize=350%2C200&ssl=1 1x, https:\/\/i0.wp.com\/wobronietradycjiiwiary.com\/wp-content\/uploads\/2024\/04\/cropped-sano_di_pietro_-_assumption_of_the_virgin_-_wga20772.jpg?resize=525%2C300&ssl=1 1.5x, https:\/\/i0.wp.com\/wobronietradycjiiwiary.com\/wp-content\/uploads\/2024\/04\/cropped-sano_di_pietro_-_assumption_of_the_virgin_-_wga20772.jpg?resize=700%2C400&ssl=1 2x, https:\/\/i0.wp.com\/wobronietradycjiiwiary.com\/wp-content\/uploads\/2024\/04\/cropped-sano_di_pietro_-_assumption_of_the_virgin_-_wga20772.jpg?resize=1050%2C600&ssl=1 3x"},"classes":[]},{"id":27238,"url":"https:\/\/wobronietradycjiiwiary.com\/pl\/kard-bona-o-rozpoznawaniu-duchow-70-szatan-kusi-pod-pozorem-dobra\/","url_meta":{"origin":808,"position":4},"title":"Kard. Bona. \u201eO rozpoznawaniu duch\u00f3w\u201d (70). Kuszenie os\u00f3b duchownych.","author":"Traditio et Fides","date":"27 kwietnia 2020","format":false,"excerpt":"\"To szczeg\u00f3\u0142\", \"to formalizm\", \"to zb\u0119dna rubrycystyka\", \"to nieistotne\", jak cz\u0119sto s\u0142yszymy takie zdania z ust ksi\u0119\u017cy. Kardyna\u0142 Bona bardzo trafnie stwierdza, \u017ce pocz\u0105tkowo kuszenie os\u00f3b duchownych nie ma nic wsp\u00f3lnego z ich powo\u0142aniem. Diabe\u0142 tkwi w szczeg\u00f3\u0142ach i koncentruje si\u0119 na szczeg\u00f3\u0142ach. Ze szczeg\u00f3\u0142u robi\u0105 si\u0119 og\u00f3\u0142y, nast\u0119pnie nawyk,\u2026","rel":"","context":"W \u201e\"Rozeznawanie duch\u00f3w\"&quot;","block_context":{"text":"\"Rozeznawanie duch\u00f3w\"","link":"https:\/\/wobronietradycjiiwiary.com\/pl\/category\/duchowosc\/autorzy\/kardynal-bona\/rozeznawanie-duchow\/"},"img":{"alt_text":"","src":"https:\/\/i0.wp.com\/wobronietradycjiiwiary.com\/wp-content\/uploads\/2019\/12\/29183e5c6fd59bc5a33a573a12632224.jpg?resize=350%2C200&ssl=1","width":350,"height":200,"srcset":"https:\/\/i0.wp.com\/wobronietradycjiiwiary.com\/wp-content\/uploads\/2019\/12\/29183e5c6fd59bc5a33a573a12632224.jpg?resize=350%2C200&ssl=1 1x, https:\/\/i0.wp.com\/wobronietradycjiiwiary.com\/wp-content\/uploads\/2019\/12\/29183e5c6fd59bc5a33a573a12632224.jpg?resize=525%2C300&ssl=1 1.5x, https:\/\/i0.wp.com\/wobronietradycjiiwiary.com\/wp-content\/uploads\/2019\/12\/29183e5c6fd59bc5a33a573a12632224.jpg?resize=700%2C400&ssl=1 2x, https:\/\/i0.wp.com\/wobronietradycjiiwiary.com\/wp-content\/uploads\/2019\/12\/29183e5c6fd59bc5a33a573a12632224.jpg?resize=1050%2C600&ssl=1 3x"},"classes":[]},{"id":10188,"url":"https:\/\/wobronietradycjiiwiary.com\/pl\/benefactores-nostri-za-sierpien-2016\/","url_meta":{"origin":808,"position":5},"title":"Benefactores nostri za sierpie\u0144 2016","author":"Traditio et Fides","date":"5 wrze\u015bnia 2016","format":false,"excerpt":"Dnia 5 wrze\u015bnia zamkni\u0119ta zosta\u0142a lista darczy\u0144c\u00f3w naszego polskiego bloga za miesi\u0105c sierpie\u0144, dla kt\u00f3rych odprawiona zostanie Msza Trydencka w benedykty\u0144skim opactwie Le Barroux dnia 19. wrze\u015bnia o godzinie 6.30. Pani M.Z. Pani B.D. Pan C.S. Pani B.W. Pan C.G. Pan T.M. Pan M.M. Wszystkim sk\u0142adamy serdeczne B\u00f3g zap\u0142a\u0107! Przyporz\u0105dkowanie\u2026","rel":"","context":"W \u201eMsza za dobroczy\u0144c\u00f3w&quot;","block_context":{"text":"Msza za dobroczy\u0144c\u00f3w","link":"https:\/\/wobronietradycjiiwiary.com\/pl\/category\/duchowosc\/uwagi-administracji\/msza-za-dobroczyncow\/"},"img":{"alt_text":"","src":"https:\/\/i0.wp.com\/wobronietradycjiiwiary.com\/wp-content\/uploads\/2016\/09\/benefactores-nostri.jpg?resize=350%2C200&ssl=1","width":350,"height":200},"classes":[]}],"amp_enabled":true,"jetpack_featured_media_url":"https:\/\/wobronietradycjiiwiary.com\/wp-content\/uploads\/2017\/08\/initial_d_demons_detail-500x435.jpg","_links":{"self":[{"href":"https:\/\/wobronietradycjiiwiary.com\/pl\/wp-json\/wp\/v2\/posts\/808","targetHints":{"allow":["GET"]}}],"collection":[{"href":"https:\/\/wobronietradycjiiwiary.com\/pl\/wp-json\/wp\/v2\/posts"}],"about":[{"href":"https:\/\/wobronietradycjiiwiary.com\/pl\/wp-json\/wp\/v2\/types\/post"}],"author":[{"embeddable":true,"href":"https:\/\/wobronietradycjiiwiary.com\/pl\/wp-json\/wp\/v2\/users\/60508433"}],"replies":[{"embeddable":true,"href":"https:\/\/wobronietradycjiiwiary.com\/pl\/wp-json\/wp\/v2\/comments?post=808"}],"version-history":[{"count":1,"href":"https:\/\/wobronietradycjiiwiary.com\/pl\/wp-json\/wp\/v2\/posts\/808\/revisions"}],"predecessor-version":[{"id":55415,"href":"https:\/\/wobronietradycjiiwiary.com\/pl\/wp-json\/wp\/v2\/posts\/808\/revisions\/55415"}],"wp:featuredmedia":[{"embeddable":true,"href":"https:\/\/wobronietradycjiiwiary.com\/pl\/wp-json\/wp\/v2\/media\/22276"}],"wp:attachment":[{"href":"https:\/\/wobronietradycjiiwiary.com\/pl\/wp-json\/wp\/v2\/media?parent=808"}],"wp:term":[{"taxonomy":"category","embeddable":true,"href":"https:\/\/wobronietradycjiiwiary.com\/pl\/wp-json\/wp\/v2\/categories?post=808"},{"taxonomy":"post_tag","embeddable":true,"href":"https:\/\/wobronietradycjiiwiary.com\/pl\/wp-json\/wp\/v2\/tags?post=808"}],"curies":[{"name":"wp","href":"https:\/\/api.w.org\/{rel}","templated":true}]}}