{"id":79850,"date":"2022-11-07T09:00:22","date_gmt":"2022-11-07T08:00:22","guid":{"rendered":"https:\/\/wobronietradycjiiwiary.com\/?p=79850"},"modified":"2026-05-13T11:46:12","modified_gmt":"2026-05-13T09:46:12","slug":"czysciec-istnieje-7-czysciec-w-tradycji-kosciola-tradycja-jako-praktyka-kosciola-2-2","status":"publish","type":"post","link":"https:\/\/wobronietradycjiiwiary.com\/pl\/czysciec-istnieje-7-czysciec-w-tradycji-kosciola-tradycja-jako-praktyka-kosciola-2-2\/","title":{"rendered":"Czy\u015bciec istnieje. (7) Czy\u015bciec w Tradycji Ko\u015bcio\u0142a. Tradycja jako praktyka Ko\u015bcio\u0142a"},"content":{"rendered":"<div id=\"bsf_rt_marker\"><\/div><p>Praktyka Ko\u015bcio\u0142a W kontek\u015bcie nauki o czy\u015bccu warto sobie przypomnie\u0107, \u017ce nie tylko to, czego Ko\u015bci\u00f3\u0142 naucza stanowi jego Tradycj\u0119,&hellip;<\/p>\n<div style=\"text-align: center\">\n<p>&nbsp;<\/p>\n<\/div>\n<h2 style=\"border: 5px solid #0000A0;padding: 1em;text-align: center\"><span style=\"color: #000000\">Pe\u0142en dost\u0119p dla <span style=\"color: #00ccff\"><a style=\"color: #00ccff\" href=\"https:\/\/wobronietradycjiiwiary.com\/subskrypcje-2\/\" target=\"_blank\" rel=\"noopener\">subskrybent\u00f3w<\/a><\/span>.<\/span><br \/>\n<span style=\"color: #3366ff\"><a style=\"color: #3366ff\" href=\"https:\/\/wobronietradycjiiwiary.com\/account\/login\/\" target=\"_blank\" rel=\"noopener\"><span style=\"color: #00ccff\">Zaloguj<\/span><\/a> <\/span>si\u0119 lub przejd\u017a do <a href=\"https:\/\/wobronietradycjiiwiary.com\/register\/\"><span style=\"color: #3366ff\">Rejestracji<\/span><\/a>.<\/h2>\n<div>\n<p style=\"text-align: center\"><a href=\"https:\/\/wobronietradycjiiwiary.com\/pl\/subskrypcje-2\/cennik\/\" target=\"_blank\" rel=\"noopener\"><span style=\"color: #000080;font-size: 24pt\"><strong>Nowe ni\u017csze ceny<\/strong><\/span><\/a><\/p>\n<p style=\"text-align: center\"><strong><span style=\"font-size: 18pt;color: #000080\">P\u0142atno\u015b\u0107 kart\u0105<\/span><\/strong><\/p>\n<\/div>\n<h3 style=\"text-align: center\"><a href=\"https:\/\/wobronietradycjiiwiary.com\/pl\/subskrypcje-2\/automatyczne\/indywidualne\/\" target=\"_blank\" rel=\"noopener\"><img fetchpriority=\"high\" decoding=\"async\" class=\"alignnone size-medium wp-image-80433\" src=\"https:\/\/wobronietradycjiiwiary.com\/wp-content\/uploads\/2022\/11\/Unbenannt-1-Online-1-300x202.jpg\" alt=\"\" width=\"300\" height=\"202\" srcset=\"https:\/\/wobronietradycjiiwiary.com\/wp-content\/uploads\/2022\/11\/Unbenannt-1-Online-1-300x202.jpg 300w, https:\/\/wobronietradycjiiwiary.com\/wp-content\/uploads\/2022\/11\/Unbenannt-1-Online-1-150x101.jpg 150w, https:\/\/wobronietradycjiiwiary.com\/wp-content\/uploads\/2022\/11\/Unbenannt-1-Online-1-18x12.jpg 18w, https:\/\/wobronietradycjiiwiary.com\/wp-content\/uploads\/2022\/11\/Unbenannt-1-Online-1.jpg 446w\" sizes=\"(max-width: 300px) 100vw, 300px\" \/><\/a><\/h3>\n<p style=\"text-align: center\"><strong><span style=\"font-size: 18pt;color: #000080\">P\u0142atno\u015b\u0107 przelewem<\/span><\/strong><\/p>\n<p><a href=\"https:\/\/wobronietradycjiiwiary.com\/pl\/subskrypcje-2\/automatyczne\/indywidualne\/\" target=\"_blank\" rel=\"noopener\"><img decoding=\"async\" class=\"size-medium wp-image-80434 aligncenter\" src=\"https:\/\/wobronietradycjiiwiary.com\/wp-content\/uploads\/2022\/11\/Unbenannt-1-Przelewem-300x137.jpg\" alt=\"\" width=\"300\" height=\"137\" srcset=\"https:\/\/wobronietradycjiiwiary.com\/wp-content\/uploads\/2022\/11\/Unbenannt-1-Przelewem-300x137.jpg 300w, https:\/\/wobronietradycjiiwiary.com\/wp-content\/uploads\/2022\/11\/Unbenannt-1-Przelewem-450x206.jpg 450w, https:\/\/wobronietradycjiiwiary.com\/wp-content\/uploads\/2022\/11\/Unbenannt-1-Przelewem-600x274.jpg 600w, https:\/\/wobronietradycjiiwiary.com\/wp-content\/uploads\/2022\/11\/Unbenannt-1-Przelewem-150x69.jpg 150w, https:\/\/wobronietradycjiiwiary.com\/wp-content\/uploads\/2022\/11\/Unbenannt-1-Przelewem-18x8.jpg 18w, https:\/\/wobronietradycjiiwiary.com\/wp-content\/uploads\/2022\/11\/Unbenannt-1-Przelewem.jpg 676w\" sizes=\"(max-width: 300px) 100vw, 300px\" \/><\/a><\/p>\n<p style=\"text-align: center\"><strong><span style=\"font-size: 18pt;color: #000080\">P\u0142atno\u015b\u0107 kart\u0105 do 6 os\u00f3b<\/span><\/strong><\/p>\n<p><a href=\"https:\/\/wobronietradycjiiwiary.com\/pl\/rodzinne\/\" target=\"_blank\" rel=\"noopener\"><img decoding=\"async\" class=\"size-medium wp-image-80435 aligncenter\" src=\"https:\/\/wobronietradycjiiwiary.com\/wp-content\/uploads\/2022\/11\/Unbenannt-1-Rodzinna-300x208.jpg\" alt=\"\" width=\"300\" height=\"208\" srcset=\"https:\/\/wobronietradycjiiwiary.com\/wp-content\/uploads\/2022\/11\/Unbenannt-1-Rodzinna-300x208.jpg 300w, https:\/\/wobronietradycjiiwiary.com\/wp-content\/uploads\/2022\/11\/Unbenannt-1-Rodzinna-150x104.jpg 150w, https:\/\/wobronietradycjiiwiary.com\/wp-content\/uploads\/2022\/11\/Unbenannt-1-Rodzinna-18x12.jpg 18w, https:\/\/wobronietradycjiiwiary.com\/wp-content\/uploads\/2022\/11\/Unbenannt-1-Rodzinna.jpg 448w\" sizes=\"(max-width: 300px) 100vw, 300px\" \/><\/a><\/p>\n<h3 style=\"text-align: center\"><\/h3>\n<h1 style=\"text-align: center\"><\/h1>\n","protected":false},"excerpt":{"rendered":"<p>Praktyka Ko\u015bcio\u0142a W kontek\u015bcie nauki o czy\u015bccu warto sobie przypomnie\u0107, \u017ce nie tylko to, czego Ko\u015bci\u00f3\u0142 naucza stanowi jego Tradycj\u0119,&hellip; &nbsp; Pe\u0142en dost\u0119p dla subskrybent\u00f3w. Zaloguj si\u0119 lub przejd\u017a do Rejestracji. Nowe ni\u017csze ceny P\u0142atno\u015b\u0107 kart\u0105 P\u0142atno\u015b\u0107 przelewem P\u0142atno\u015b\u0107 kart\u0105 do 6 os\u00f3b<\/p>\n","protected":false},"author":60508433,"featured_media":7394,"comment_status":"closed","ping_status":"open","sticky":false,"template":"","format":"standard","meta":{"_bbp_topic_count":0,"_bbp_reply_count":0,"_bbp_total_topic_count":0,"_bbp_total_reply_count":0,"_bbp_voice_count":0,"_bbp_anonymous_reply_count":0,"_bbp_topic_count_hidden":0,"_bbp_reply_count_hidden":0,"_bbp_forum_subforum_count":0,"_editorskit_title_hidden":false,"_editorskit_reading_time":0,"_editorskit_is_block_options_detached":false,"_editorskit_block_options_position":"{}","_coblocks_attr":"","_coblocks_dimensions":"","_coblocks_responsive_height":"","_coblocks_accordion_ie_support":"","_exactmetrics_skip_tracking":false,"_jetpack_newsletter_access":"","_jetpack_dont_email_post_to_subs":false,"_jetpack_newsletter_tier_id":0,"_jetpack_memberships_contains_paywalled_content":false,"_wpcom_ai_launchpad_first_post":false,"_jetpack_feature_clip_id":0,"_jetpack_memberships_contains_paid_content":false,"footnotes":"","jetpack_publicize_message":"{title}\n\n{excerpt}\n\n{url}","jetpack_publicize_feature_enabled":true,"jetpack_social_post_already_shared":true,"jetpack_social_options":{"image_generator_settings":{"template":"highway","default_image_id":0,"font":"","enabled":false},"version":2},"_wpas_customize_per_network":false,"jetpack_post_was_ever_published":false},"categories":[610131294],"tags":[610132133],"class_list":["post-79850","post","type-post","status-publish","format-standard","has-post-thumbnail","hentry","category-czysciec","tag-restricted"],"yoast_head":"<!-- This site is optimized with the Yoast SEO plugin v28.4 - https:\/\/yoast.com\/product\/yoast-seo-wordpress\/ -->\n<title>Czy\u015bciec istnieje. (7) Czy\u015bciec w Tradycji Ko\u015bcio\u0142a. Tradycja jako praktyka Ko\u015bcio\u0142a - Tradycja i Wiara<\/title>\n<meta name=\"robots\" content=\"index, follow, max-snippet:-1, max-image-preview:large, max-video-preview:-1\" \/>\n<link rel=\"canonical\" href=\"https:\/\/wobronietradycjiiwiary.com\/pl\/czysciec-istnieje-7-czysciec-w-tradycji-kosciola-tradycja-jako-praktyka-kosciola-2-2\/\" \/>\n<meta property=\"og:locale\" content=\"pl_PL\" \/>\n<meta property=\"og:type\" content=\"article\" \/>\n<meta property=\"og:title\" content=\"Czy\u015bciec istnieje. (7) Czy\u015bciec w Tradycji Ko\u015bcio\u0142a. Tradycja jako praktyka Ko\u015bcio\u0142a - Tradycja i Wiara\" \/>\n<meta property=\"og:description\" content=\"Praktyka Ko\u015bcio\u0142a W kontek\u015bcie nauki o czy\u015bccu warto sobie przypomnie\u0107, \u017ce nie tylko to, czego Ko\u015bci\u00f3\u0142 naucza stanowi jego Tradycj\u0119,&hellip; &nbsp; Pe\u0142en dost\u0119p dla subskrybent\u00f3w. Zaloguj si\u0119 lub przejd\u017a do Rejestracji. Nowe ni\u017csze ceny P\u0142atno\u015b\u0107 kart\u0105 P\u0142atno\u015b\u0107 przelewem P\u0142atno\u015b\u0107 kart\u0105 do 6 os\u00f3b\" \/>\n<meta property=\"og:url\" content=\"https:\/\/wobronietradycjiiwiary.com\/pl\/czysciec-istnieje-7-czysciec-w-tradycji-kosciola-tradycja-jako-praktyka-kosciola-2-2\/\" \/>\n<meta property=\"og:site_name\" content=\"Tradycja i Wiara\" \/>\n<meta property=\"article:publisher\" content=\"https:\/\/www.facebook.com\/Tradycja-i-Wiara-108813920592249\" \/>\n<meta property=\"article:published_time\" content=\"2022-11-07T08:00:22+00:00\" \/>\n<meta property=\"article:modified_time\" content=\"2026-05-13T09:46:12+00:00\" \/>\n<meta property=\"og:image\" content=\"https:\/\/wobronietradycjiiwiary.com\/wp-content\/uploads\/2015\/10\/purghellrubens.jpg\" \/>\n\t<meta property=\"og:image:width\" content=\"424\" \/>\n\t<meta property=\"og:image:height\" content=\"432\" \/>\n\t<meta property=\"og:image:type\" content=\"image\/jpeg\" \/>\n<meta name=\"author\" content=\"Traditio et Fides\" \/>\n<meta name=\"twitter:card\" content=\"summary_large_image\" \/>\n<meta name=\"twitter:label1\" content=\"Napisane przez\" \/>\n\t<meta name=\"twitter:data1\" content=\"Traditio et Fides\" \/>\n\t<meta name=\"twitter:label2\" content=\"Szacowany czas czytania\" \/>\n\t<meta name=\"twitter:data2\" content=\"7 minut\" \/>\n<script type=\"application\/ld+json\" class=\"yoast-schema-graph\">{\"@context\":\"https:\\\/\\\/schema.org\",\"@graph\":[{\"@type\":\"Article\",\"@id\":\"https:\\\/\\\/wobronietradycjiiwiary.com\\\/czysciec-istnieje-7-czysciec-w-tradycji-kosciola-tradycja-jako-praktyka-kosciola-2-2\\\/#article\",\"isPartOf\":{\"@id\":\"https:\\\/\\\/wobronietradycjiiwiary.com\\\/czysciec-istnieje-7-czysciec-w-tradycji-kosciola-tradycja-jako-praktyka-kosciola-2-2\\\/\"},\"author\":{\"name\":\"Traditio et Fides\",\"@id\":\"https:\\\/\\\/wobronietradycjiiwiary.com\\\/pl\\\/#\\\/schema\\\/person\\\/2d6180ce6abcb681fef0daab7816e8f3\"},\"headline\":\"Czy\u015bciec istnieje. (7) Czy\u015bciec w Tradycji Ko\u015bcio\u0142a. Tradycja jako praktyka Ko\u015bcio\u0142a\",\"datePublished\":\"2022-11-07T08:00:22+00:00\",\"dateModified\":\"2026-05-13T09:46:12+00:00\",\"mainEntityOfPage\":{\"@id\":\"https:\\\/\\\/wobronietradycjiiwiary.com\\\/czysciec-istnieje-7-czysciec-w-tradycji-kosciola-tradycja-jako-praktyka-kosciola-2-2\\\/\"},\"wordCount\":1311,\"publisher\":{\"@id\":\"https:\\\/\\\/wobronietradycjiiwiary.com\\\/pl\\\/#organization\"},\"image\":{\"@id\":\"https:\\\/\\\/wobronietradycjiiwiary.com\\\/czysciec-istnieje-7-czysciec-w-tradycji-kosciola-tradycja-jako-praktyka-kosciola-2-2\\\/#primaryimage\"},\"thumbnailUrl\":\"https:\\\/\\\/wobronietradycjiiwiary.com\\\/wp-content\\\/uploads\\\/2015\\\/10\\\/purghellrubens.jpg\",\"keywords\":[\"Restricted\"],\"articleSection\":[\"Czy\u015bciec\"],\"inLanguage\":\"pl-PL\"},{\"@type\":\"WebPage\",\"@id\":\"https:\\\/\\\/wobronietradycjiiwiary.com\\\/czysciec-istnieje-7-czysciec-w-tradycji-kosciola-tradycja-jako-praktyka-kosciola-2-2\\\/\",\"url\":\"https:\\\/\\\/wobronietradycjiiwiary.com\\\/czysciec-istnieje-7-czysciec-w-tradycji-kosciola-tradycja-jako-praktyka-kosciola-2-2\\\/\",\"name\":\"Czy\u015bciec istnieje. (7) Czy\u015bciec w Tradycji Ko\u015bcio\u0142a. Tradycja jako praktyka Ko\u015bcio\u0142a - Tradycja i Wiara\",\"isPartOf\":{\"@id\":\"https:\\\/\\\/wobronietradycjiiwiary.com\\\/pl\\\/#website\"},\"primaryImageOfPage\":{\"@id\":\"https:\\\/\\\/wobronietradycjiiwiary.com\\\/czysciec-istnieje-7-czysciec-w-tradycji-kosciola-tradycja-jako-praktyka-kosciola-2-2\\\/#primaryimage\"},\"image\":{\"@id\":\"https:\\\/\\\/wobronietradycjiiwiary.com\\\/czysciec-istnieje-7-czysciec-w-tradycji-kosciola-tradycja-jako-praktyka-kosciola-2-2\\\/#primaryimage\"},\"thumbnailUrl\":\"https:\\\/\\\/wobronietradycjiiwiary.com\\\/wp-content\\\/uploads\\\/2015\\\/10\\\/purghellrubens.jpg\",\"datePublished\":\"2022-11-07T08:00:22+00:00\",\"dateModified\":\"2026-05-13T09:46:12+00:00\",\"breadcrumb\":{\"@id\":\"https:\\\/\\\/wobronietradycjiiwiary.com\\\/czysciec-istnieje-7-czysciec-w-tradycji-kosciola-tradycja-jako-praktyka-kosciola-2-2\\\/#breadcrumb\"},\"inLanguage\":\"pl-PL\",\"potentialAction\":[{\"@type\":\"ReadAction\",\"target\":[\"https:\\\/\\\/wobronietradycjiiwiary.com\\\/czysciec-istnieje-7-czysciec-w-tradycji-kosciola-tradycja-jako-praktyka-kosciola-2-2\\\/\"]}]},{\"@type\":\"ImageObject\",\"inLanguage\":\"pl-PL\",\"@id\":\"https:\\\/\\\/wobronietradycjiiwiary.com\\\/czysciec-istnieje-7-czysciec-w-tradycji-kosciola-tradycja-jako-praktyka-kosciola-2-2\\\/#primaryimage\",\"url\":\"https:\\\/\\\/wobronietradycjiiwiary.com\\\/wp-content\\\/uploads\\\/2015\\\/10\\\/purghellrubens.jpg\",\"contentUrl\":\"https:\\\/\\\/wobronietradycjiiwiary.com\\\/wp-content\\\/uploads\\\/2015\\\/10\\\/purghellrubens.jpg\",\"width\":424,\"height\":432},{\"@type\":\"BreadcrumbList\",\"@id\":\"https:\\\/\\\/wobronietradycjiiwiary.com\\\/czysciec-istnieje-7-czysciec-w-tradycji-kosciola-tradycja-jako-praktyka-kosciola-2-2\\\/#breadcrumb\",\"itemListElement\":[{\"@type\":\"ListItem\",\"position\":1,\"name\":\"Strona g\u0142\u00f3wna\",\"item\":\"https:\\\/\\\/wobronietradycjiiwiary.com\\\/\"},{\"@type\":\"ListItem\",\"position\":2,\"name\":\"Czy\u015bciec istnieje. (7) Czy\u015bciec w Tradycji Ko\u015bcio\u0142a. Tradycja jako praktyka Ko\u015bcio\u0142a\"}]},{\"@type\":\"WebSite\",\"@id\":\"https:\\\/\\\/wobronietradycjiiwiary.com\\\/pl\\\/#website\",\"url\":\"https:\\\/\\\/wobronietradycjiiwiary.com\\\/pl\\\/\",\"name\":\"Tradycja i Wiara\",\"description\":\"Portal dla katolik\u00f3w.\",\"publisher\":{\"@id\":\"https:\\\/\\\/wobronietradycjiiwiary.com\\\/pl\\\/#organization\"},\"potentialAction\":[{\"@type\":\"SearchAction\",\"target\":{\"@type\":\"EntryPoint\",\"urlTemplate\":\"https:\\\/\\\/wobronietradycjiiwiary.com\\\/pl\\\/?s={search_term_string}\"},\"query-input\":{\"@type\":\"PropertyValueSpecification\",\"valueRequired\":true,\"valueName\":\"search_term_string\"}}],\"inLanguage\":\"pl-PL\"},{\"@type\":\"Organization\",\"@id\":\"https:\\\/\\\/wobronietradycjiiwiary.com\\\/pl\\\/#organization\",\"name\":\"Tradycja i Wiara\",\"url\":\"https:\\\/\\\/wobronietradycjiiwiary.com\\\/pl\\\/\",\"logo\":{\"@type\":\"ImageObject\",\"inLanguage\":\"pl-PL\",\"@id\":\"https:\\\/\\\/wobronietradycjiiwiary.com\\\/pl\\\/#\\\/schema\\\/logo\\\/image\\\/\",\"url\":\"https:\\\/\\\/i0.wp.com\\\/wobronietradycjiiwiary.com\\\/wp-content\\\/uploads\\\/2015\\\/10\\\/cropped-st-peters-dome-vatican.jpg?fit=940%2C198&ssl=1\",\"contentUrl\":\"https:\\\/\\\/i0.wp.com\\\/wobronietradycjiiwiary.com\\\/wp-content\\\/uploads\\\/2015\\\/10\\\/cropped-st-peters-dome-vatican.jpg?fit=940%2C198&ssl=1\",\"width\":940,\"height\":198,\"caption\":\"Tradycja i Wiara\"},\"image\":{\"@id\":\"https:\\\/\\\/wobronietradycjiiwiary.com\\\/pl\\\/#\\\/schema\\\/logo\\\/image\\\/\"},\"sameAs\":[\"https:\\\/\\\/www.facebook.com\\\/Tradycja-i-Wiara-108813920592249\"]},{\"@type\":\"Person\",\"@id\":\"https:\\\/\\\/wobronietradycjiiwiary.com\\\/pl\\\/#\\\/schema\\\/person\\\/2d6180ce6abcb681fef0daab7816e8f3\",\"name\":\"Traditio et Fides\",\"sameAs\":[\"https:\\\/\\\/traditionundglauben.com\"],\"url\":\"https:\\\/\\\/wobronietradycjiiwiary.com\\\/pl\\\/author\\\/wobronietradycjiiwiary\\\/\"}]}<\/script>\n<!-- \/ Yoast SEO plugin. -->","yoast_head_json":{"title":"Czy\u015bciec istnieje. (7) Czy\u015bciec w Tradycji Ko\u015bcio\u0142a. Tradycja jako praktyka Ko\u015bcio\u0142a - Tradycja i Wiara","robots":{"index":"index","follow":"follow","max-snippet":"max-snippet:-1","max-image-preview":"max-image-preview:large","max-video-preview":"max-video-preview:-1"},"canonical":"https:\/\/wobronietradycjiiwiary.com\/pl\/czysciec-istnieje-7-czysciec-w-tradycji-kosciola-tradycja-jako-praktyka-kosciola-2-2\/","og_locale":"pl_PL","og_type":"article","og_title":"Czy\u015bciec istnieje. (7) Czy\u015bciec w Tradycji Ko\u015bcio\u0142a. Tradycja jako praktyka Ko\u015bcio\u0142a - Tradycja i Wiara","og_description":"Praktyka Ko\u015bcio\u0142a W kontek\u015bcie nauki o czy\u015bccu warto sobie przypomnie\u0107, \u017ce nie tylko to, czego Ko\u015bci\u00f3\u0142 naucza stanowi jego Tradycj\u0119,&hellip; &nbsp; Pe\u0142en dost\u0119p dla subskrybent\u00f3w. Zaloguj si\u0119 lub przejd\u017a do Rejestracji. Nowe ni\u017csze ceny P\u0142atno\u015b\u0107 kart\u0105 P\u0142atno\u015b\u0107 przelewem P\u0142atno\u015b\u0107 kart\u0105 do 6 os\u00f3b","og_url":"https:\/\/wobronietradycjiiwiary.com\/pl\/czysciec-istnieje-7-czysciec-w-tradycji-kosciola-tradycja-jako-praktyka-kosciola-2-2\/","og_site_name":"Tradycja i Wiara","article_publisher":"https:\/\/www.facebook.com\/Tradycja-i-Wiara-108813920592249","article_published_time":"2022-11-07T08:00:22+00:00","article_modified_time":"2026-05-13T09:46:12+00:00","og_image":[{"width":424,"height":432,"url":"https:\/\/wobronietradycjiiwiary.com\/wp-content\/uploads\/2015\/10\/purghellrubens.jpg","type":"image\/jpeg"}],"author":"Traditio et Fides","twitter_card":"summary_large_image","twitter_misc":{"Napisane przez":"Traditio et Fides","Szacowany czas czytania":"7 minut"},"schema":{"@context":"https:\/\/schema.org","@graph":[{"@type":"Article","@id":"https:\/\/wobronietradycjiiwiary.com\/czysciec-istnieje-7-czysciec-w-tradycji-kosciola-tradycja-jako-praktyka-kosciola-2-2\/#article","isPartOf":{"@id":"https:\/\/wobronietradycjiiwiary.com\/czysciec-istnieje-7-czysciec-w-tradycji-kosciola-tradycja-jako-praktyka-kosciola-2-2\/"},"author":{"name":"Traditio et Fides","@id":"https:\/\/wobronietradycjiiwiary.com\/pl\/#\/schema\/person\/2d6180ce6abcb681fef0daab7816e8f3"},"headline":"Czy\u015bciec istnieje. (7) Czy\u015bciec w Tradycji Ko\u015bcio\u0142a. Tradycja jako praktyka Ko\u015bcio\u0142a","datePublished":"2022-11-07T08:00:22+00:00","dateModified":"2026-05-13T09:46:12+00:00","mainEntityOfPage":{"@id":"https:\/\/wobronietradycjiiwiary.com\/czysciec-istnieje-7-czysciec-w-tradycji-kosciola-tradycja-jako-praktyka-kosciola-2-2\/"},"wordCount":1311,"publisher":{"@id":"https:\/\/wobronietradycjiiwiary.com\/pl\/#organization"},"image":{"@id":"https:\/\/wobronietradycjiiwiary.com\/czysciec-istnieje-7-czysciec-w-tradycji-kosciola-tradycja-jako-praktyka-kosciola-2-2\/#primaryimage"},"thumbnailUrl":"https:\/\/wobronietradycjiiwiary.com\/wp-content\/uploads\/2015\/10\/purghellrubens.jpg","keywords":["Restricted"],"articleSection":["Czy\u015bciec"],"inLanguage":"pl-PL"},{"@type":"WebPage","@id":"https:\/\/wobronietradycjiiwiary.com\/czysciec-istnieje-7-czysciec-w-tradycji-kosciola-tradycja-jako-praktyka-kosciola-2-2\/","url":"https:\/\/wobronietradycjiiwiary.com\/czysciec-istnieje-7-czysciec-w-tradycji-kosciola-tradycja-jako-praktyka-kosciola-2-2\/","name":"Czy\u015bciec istnieje. (7) Czy\u015bciec w Tradycji Ko\u015bcio\u0142a. Tradycja jako praktyka Ko\u015bcio\u0142a - Tradycja i Wiara","isPartOf":{"@id":"https:\/\/wobronietradycjiiwiary.com\/pl\/#website"},"primaryImageOfPage":{"@id":"https:\/\/wobronietradycjiiwiary.com\/czysciec-istnieje-7-czysciec-w-tradycji-kosciola-tradycja-jako-praktyka-kosciola-2-2\/#primaryimage"},"image":{"@id":"https:\/\/wobronietradycjiiwiary.com\/czysciec-istnieje-7-czysciec-w-tradycji-kosciola-tradycja-jako-praktyka-kosciola-2-2\/#primaryimage"},"thumbnailUrl":"https:\/\/wobronietradycjiiwiary.com\/wp-content\/uploads\/2015\/10\/purghellrubens.jpg","datePublished":"2022-11-07T08:00:22+00:00","dateModified":"2026-05-13T09:46:12+00:00","breadcrumb":{"@id":"https:\/\/wobronietradycjiiwiary.com\/czysciec-istnieje-7-czysciec-w-tradycji-kosciola-tradycja-jako-praktyka-kosciola-2-2\/#breadcrumb"},"inLanguage":"pl-PL","potentialAction":[{"@type":"ReadAction","target":["https:\/\/wobronietradycjiiwiary.com\/czysciec-istnieje-7-czysciec-w-tradycji-kosciola-tradycja-jako-praktyka-kosciola-2-2\/"]}]},{"@type":"ImageObject","inLanguage":"pl-PL","@id":"https:\/\/wobronietradycjiiwiary.com\/czysciec-istnieje-7-czysciec-w-tradycji-kosciola-tradycja-jako-praktyka-kosciola-2-2\/#primaryimage","url":"https:\/\/wobronietradycjiiwiary.com\/wp-content\/uploads\/2015\/10\/purghellrubens.jpg","contentUrl":"https:\/\/wobronietradycjiiwiary.com\/wp-content\/uploads\/2015\/10\/purghellrubens.jpg","width":424,"height":432},{"@type":"BreadcrumbList","@id":"https:\/\/wobronietradycjiiwiary.com\/czysciec-istnieje-7-czysciec-w-tradycji-kosciola-tradycja-jako-praktyka-kosciola-2-2\/#breadcrumb","itemListElement":[{"@type":"ListItem","position":1,"name":"Strona g\u0142\u00f3wna","item":"https:\/\/wobronietradycjiiwiary.com\/"},{"@type":"ListItem","position":2,"name":"Czy\u015bciec istnieje. (7) Czy\u015bciec w Tradycji Ko\u015bcio\u0142a. Tradycja jako praktyka Ko\u015bcio\u0142a"}]},{"@type":"WebSite","@id":"https:\/\/wobronietradycjiiwiary.com\/pl\/#website","url":"https:\/\/wobronietradycjiiwiary.com\/pl\/","name":"Tradycja i Wiara","description":"Portal dla katolik\u00f3w.","publisher":{"@id":"https:\/\/wobronietradycjiiwiary.com\/pl\/#organization"},"potentialAction":[{"@type":"SearchAction","target":{"@type":"EntryPoint","urlTemplate":"https:\/\/wobronietradycjiiwiary.com\/pl\/?s={search_term_string}"},"query-input":{"@type":"PropertyValueSpecification","valueRequired":true,"valueName":"search_term_string"}}],"inLanguage":"pl-PL"},{"@type":"Organization","@id":"https:\/\/wobronietradycjiiwiary.com\/pl\/#organization","name":"Tradycja i Wiara","url":"https:\/\/wobronietradycjiiwiary.com\/pl\/","logo":{"@type":"ImageObject","inLanguage":"pl-PL","@id":"https:\/\/wobronietradycjiiwiary.com\/pl\/#\/schema\/logo\/image\/","url":"https:\/\/i0.wp.com\/wobronietradycjiiwiary.com\/wp-content\/uploads\/2015\/10\/cropped-st-peters-dome-vatican.jpg?fit=940%2C198&ssl=1","contentUrl":"https:\/\/i0.wp.com\/wobronietradycjiiwiary.com\/wp-content\/uploads\/2015\/10\/cropped-st-peters-dome-vatican.jpg?fit=940%2C198&ssl=1","width":940,"height":198,"caption":"Tradycja i Wiara"},"image":{"@id":"https:\/\/wobronietradycjiiwiary.com\/pl\/#\/schema\/logo\/image\/"},"sameAs":["https:\/\/www.facebook.com\/Tradycja-i-Wiara-108813920592249"]},{"@type":"Person","@id":"https:\/\/wobronietradycjiiwiary.com\/pl\/#\/schema\/person\/2d6180ce6abcb681fef0daab7816e8f3","name":"Traditio et Fides","sameAs":["https:\/\/traditionundglauben.com"],"url":"https:\/\/wobronietradycjiiwiary.com\/pl\/author\/wobronietradycjiiwiary\/"}]}},"jetpack_publicize_connections":[],"jetpack_sharing_enabled":true,"jetpack_likes_enabled":true,"jetpack_shortlink":"https:\/\/wp.me\/pc04Sd-kLU","jetpack-related-posts":[{"id":39413,"url":"https:\/\/wobronietradycjiiwiary.com\/pl\/czysciec-istnieje-7-czysciec-w-tradycji-kosciola-tradycja-jako-praktyka-kosciola-2\/","url_meta":{"origin":79850,"position":0},"title":"Czy\u015bciec istnieje. (7) Czy\u015bciec w Tradycji Ko\u015bcio\u0142a. Tradycja jako praktyka Ko\u015bcio\u0142a","author":"Traditio et Fides","date":"22 listopada 2020","format":false,"excerpt":"Praktyka Ko\u015bcio\u0142a W kontek\u015bcie nauki o czy\u015bccu warto sobie przypomnie\u0107, \u017ce nie tylko to, czego Ko\u015bci\u00f3\u0142 naucza stanowi jego Tradycj\u0119, ale tak\u017ce to, co Ko\u015bci\u00f3\u0142 od pocz\u0105tku czyni. Odsy\u0142aj\u0105c po raz kolejny wszystkich do naszego niestety ma\u0142o czytanego cyklu De Traditione[1] pragniemy w tym miejscu powt\u00f3rzy\u0107, i\u017c, wed\u0142ug cytowanej przez\u2026","rel":"","context":"W \u201eCzy\u015bciec&quot;","block_context":{"text":"Czy\u015bciec","link":"https:\/\/wobronietradycjiiwiary.com\/pl\/category\/doktryna\/teologia-dogmatyczna\/rzeczy-ostateczne-eschatologia\/czysciec\/"},"img":{"alt_text":"","src":"https:\/\/i0.wp.com\/wobronietradycjiiwiary.com\/wp-content\/uploads\/2015\/10\/purghellrubens.jpg?resize=350%2C200&ssl=1","width":350,"height":200},"classes":[]},{"id":7671,"url":"https:\/\/wobronietradycjiiwiary.com\/pl\/czysciec-istnieje-7-czysciec-w-tradycji-kosciola-tradycja-jako-praktyka-kosciola\/","url_meta":{"origin":79850,"position":1},"title":"Czy\u015bciec istnieje. (7) Czy\u015bciec w Tradycji Ko\u015bcio\u0142a. Tradycja jako praktyka Ko\u015bcio\u0142a","author":"Traditio et Fides","date":"23 listopada 2015","format":false,"excerpt":"Praktyka Ko\u015bcio\u0142a W kontek\u015bcie nauki o czy\u015bccu warto sobie przypomnie\u0107, \u017ce nie tylko to, czego Ko\u015bci\u00f3\u0142 naucza stanowi jego Tradycj\u0119, ale tak\u017ce to, co Ko\u015bci\u00f3\u0142 od pocz\u0105tku czyni. Odsy\u0142aj\u0105c po raz kolejny wszystkich do naszego niestety ma\u0142o czytanego cyklu De Traditione[1] pragniemy w tym miejscu powt\u00f3rzy\u0107, i\u017c, wed\u0142ug cytowanej przez\u2026","rel":"","context":"W \u201eCzy\u015bciec&quot;","block_context":{"text":"Czy\u015bciec","link":"https:\/\/wobronietradycjiiwiary.com\/pl\/category\/doktryna\/teologia-dogmatyczna\/rzeczy-ostateczne-eschatologia\/czysciec\/"},"img":{"alt_text":"","src":"https:\/\/i0.wp.com\/wobronietradycjiiwiary.com\/wp-content\/uploads\/2015\/10\/purghellrubens.jpg?resize=350%2C200&ssl=1","width":350,"height":200},"classes":[]},{"id":39409,"url":"https:\/\/wobronietradycjiiwiary.com\/pl\/czysciec-istnieje-5-czysciec-w-tradycji-kosciola-swiadectwa-patrystyczne-1-2\/","url_meta":{"origin":79850,"position":2},"title":"Czy\u015bciec istnieje. (5) Czy\u015bciec w Tradycji Ko\u015bcio\u0142a. \u015awiadectwa patrystyczne (1).","author":"Traditio et Fides","date":"14 listopada 2020","format":false,"excerpt":"Dowody patrystyczne Jak ju\u017c wielokrotnie pisali\u015bmy na tym blogu katolicyzm to nie sola Scriptura. Nie opiera si\u0119 on wy\u0142\u0105cznie na osobistej lekturze Pisma \u015awi\u0119tego, ale Ko\u015bci\u00f3\u0142 uczy i wychowuje wiernych poprzez Tradycj\u0119, to jest poprzez to, co sam czyni, bo w to wierzy. Sob\u00f3r Watyka\u0144ski II, kt\u00f3ry zawiera tak\u017ce dobre\u2026","rel":"","context":"W \u201eCzy\u015bciec&quot;","block_context":{"text":"Czy\u015bciec","link":"https:\/\/wobronietradycjiiwiary.com\/pl\/category\/doktryna\/teologia-dogmatyczna\/rzeczy-ostateczne-eschatologia\/czysciec\/"},"img":{"alt_text":"","src":"https:\/\/i0.wp.com\/wobronietradycjiiwiary.com\/wp-content\/uploads\/2015\/10\/purghellrubens.jpg?resize=350%2C200&ssl=1","width":350,"height":200},"classes":[]},{"id":7438,"url":"https:\/\/wobronietradycjiiwiary.com\/pl\/czysciec-istnieje-5-czysciec-w-tradycji-kosciola-swiadectwa-patrystyczne-1\/","url_meta":{"origin":79850,"position":3},"title":"Czy\u015bciec istnieje. (5) Czy\u015bciec w Tradycji Ko\u015bcio\u0142a. \u015awiadectwa patrystyczne (1).","author":"Traditio et Fides","date":"17 listopada 2015","format":false,"excerpt":"Dowody patrystyczne Jak ju\u017c wielokrotnie pisali\u015bmy na tym blogu katolicyzm to nie sola Scriptura. Nie opiera si\u0119 on wy\u0142\u0105cznie na osobistej lekturze Pisma \u015awi\u0119tego, ale Ko\u015bci\u00f3\u0142 uczy i wychowuje wiernych poprzez Tradycj\u0119, to jest poprzez to, co sam czyni, bo w to wierzy. Sob\u00f3r Watyka\u0144ski II, kt\u00f3ry zawiera tak\u017ce dobre\u2026","rel":"","context":"W \u201eCzy\u015bciec&quot;","block_context":{"text":"Czy\u015bciec","link":"https:\/\/wobronietradycjiiwiary.com\/pl\/category\/doktryna\/teologia-dogmatyczna\/rzeczy-ostateczne-eschatologia\/czysciec\/"},"img":{"alt_text":"","src":"https:\/\/i0.wp.com\/wobronietradycjiiwiary.com\/wp-content\/uploads\/2015\/10\/purghellrubens.jpg?resize=350%2C200&ssl=1","width":350,"height":200},"classes":[]},{"id":79852,"url":"https:\/\/wobronietradycjiiwiary.com\/pl\/czysciec-istnieje-5-czysciec-w-tradycji-kosciola-swiadectwa-patrystyczne-1-2-2\/","url_meta":{"origin":79850,"position":4},"title":"Czy\u015bciec istnieje. (5) Czy\u015bciec w Tradycji Ko\u015bcio\u0142a. \u015awiadectwa patrystyczne (1).","author":"Traditio et Fides","date":"5 listopada 2022","format":false,"excerpt":"Dowody patrystyczne Jak ju\u017c wielokrotnie pisali\u015bmy na tym blogu katolicyzm to nie sola Scriptura. Nie opiera si\u0119 on wy\u0142\u0105cznie na osobistej lekturze Pisma \u015awi\u0119tego, ale Ko\u015bci\u00f3\u0142 uczy i wychowuje wiernych poprzez Tradycj\u0119, to jest poprzez to, co sam czyni, bo w to wierzy. Sob\u00f3r Watyka\u0144ski II, kt\u00f3ry zawiera tak\u017ce dobre\u2026","rel":"","context":"W \u201eCzy\u015bciec&quot;","block_context":{"text":"Czy\u015bciec","link":"https:\/\/wobronietradycjiiwiary.com\/pl\/category\/doktryna\/teologia-dogmatyczna\/rzeczy-ostateczne-eschatologia\/czysciec\/"},"img":{"alt_text":"","src":"https:\/\/i0.wp.com\/wobronietradycjiiwiary.com\/wp-content\/uploads\/2015\/10\/purghellrubens.jpg?resize=350%2C200&ssl=1","width":350,"height":200},"classes":[]},{"id":39411,"url":"https:\/\/wobronietradycjiiwiary.com\/pl\/czysciec-istnieje-6-czysciec-w-tradycji-kosciola-swiadectwa-patrystyczne-2-2\/","url_meta":{"origin":79850,"position":5},"title":"Czy\u015bciec istnieje. (6) Czy\u015bciec w Tradycji Ko\u015bcio\u0142a. \u015awiadectwa patrystyczne (2).","author":"Traditio et Fides","date":"18 listopada 2020","format":false,"excerpt":"Dowody patrystyczne (2) Cyprian z Kartaginy (zm. 258) \u015aw. Cyprian z Kartaginy \u017cy\u0142 i tworzy\u0142 w czasach prze\u015bladowa\u0144 chrze\u015bcijan. W czasach tych, tak\u017ce w ko\u015bciele kartagi\u0144skim, wielu chrze\u015bcijan publicznie zapar\u0142o si\u0119 wiary i z\u0142o\u017cy\u0142o ofiar\u0119 bo\u017ckom. By\u0142y zatem r\u00f3\u017cne mniej lub bardziej ci\u0119\u017ckie formy apostazji st\u0105d i r\u00f3\u017cne klasy pokutuj\u0105cych,\u2026","rel":"","context":"W \u201eCzy\u015bciec&quot;","block_context":{"text":"Czy\u015bciec","link":"https:\/\/wobronietradycjiiwiary.com\/pl\/category\/doktryna\/teologia-dogmatyczna\/rzeczy-ostateczne-eschatologia\/czysciec\/"},"img":{"alt_text":"","src":"https:\/\/i0.wp.com\/wobronietradycjiiwiary.com\/wp-content\/uploads\/2015\/10\/purghellrubens.jpg?resize=350%2C200&ssl=1","width":350,"height":200},"classes":[]}],"amp_enabled":true,"jetpack_featured_media_url":"https:\/\/wobronietradycjiiwiary.com\/wp-content\/uploads\/2015\/10\/purghellrubens.jpg","_links":{"self":[{"href":"https:\/\/wobronietradycjiiwiary.com\/pl\/wp-json\/wp\/v2\/posts\/79850","targetHints":{"allow":["GET"]}}],"collection":[{"href":"https:\/\/wobronietradycjiiwiary.com\/pl\/wp-json\/wp\/v2\/posts"}],"about":[{"href":"https:\/\/wobronietradycjiiwiary.com\/pl\/wp-json\/wp\/v2\/types\/post"}],"author":[{"embeddable":true,"href":"https:\/\/wobronietradycjiiwiary.com\/pl\/wp-json\/wp\/v2\/users\/60508433"}],"replies":[{"embeddable":true,"href":"https:\/\/wobronietradycjiiwiary.com\/pl\/wp-json\/wp\/v2\/comments?post=79850"}],"version-history":[{"count":3,"href":"https:\/\/wobronietradycjiiwiary.com\/pl\/wp-json\/wp\/v2\/posts\/79850\/revisions"}],"predecessor-version":[{"id":165394,"href":"https:\/\/wobronietradycjiiwiary.com\/pl\/wp-json\/wp\/v2\/posts\/79850\/revisions\/165394"}],"wp:featuredmedia":[{"embeddable":true,"href":"https:\/\/wobronietradycjiiwiary.com\/pl\/wp-json\/wp\/v2\/media\/7394"}],"wp:attachment":[{"href":"https:\/\/wobronietradycjiiwiary.com\/pl\/wp-json\/wp\/v2\/media?parent=79850"}],"wp:term":[{"taxonomy":"category","embeddable":true,"href":"https:\/\/wobronietradycjiiwiary.com\/pl\/wp-json\/wp\/v2\/categories?post=79850"},{"taxonomy":"post_tag","embeddable":true,"href":"https:\/\/wobronietradycjiiwiary.com\/pl\/wp-json\/wp\/v2\/tags?post=79850"}],"curies":[{"name":"wp","href":"https:\/\/api.w.org\/{rel}","templated":true}]}}