{"id":7778,"date":"2015-11-16T14:19:37","date_gmt":"2015-11-16T13:19:37","guid":{"rendered":"https:\/\/wobronietradycjiiwiary.com\/?p=7778"},"modified":"2025-02-07T15:52:24","modified_gmt":"2025-02-07T14:52:24","slug":"sedewakantyzm-wprowadzenie-1","status":"publish","type":"post","link":"https:\/\/wobronietradycjiiwiary.com\/pl\/sedewakantyzm-wprowadzenie-1\/","title":{"rendered":"Sedewakantyzm \u2013 Wprowadzenie (1). Geneza i poj\u0119cie."},"content":{"rendered":"<div id=\"bsf_rt_marker\"><\/div><p>Problematyka sedewakantyzmu Czasami bywa tak, \u017ce to czego tak skrz\u0119tnie unikamy, jest w\u0142a\u015bnie naszym zadaniem. Redakcja tego bloga unika\u0142a dotychczas&hellip;<\/p>\n<div style=\"text-align: center\">\n<p>&nbsp;<\/p>\n<\/div>\n<h2 style=\"border: 5px solid #0000A0;padding: 1em;text-align: center\"><span style=\"color: #000000\">Pe\u0142en dost\u0119p dla <span style=\"color: #00ccff\"><a style=\"color: #00ccff\" href=\"https:\/\/wobronietradycjiiwiary.com\/subskrypcje-2\/\" target=\"_blank\" rel=\"noopener\">subskrybent\u00f3w<\/a><\/span>.<\/span><br \/>\n<span style=\"color: #3366ff\"><a style=\"color: #3366ff\" href=\"https:\/\/wobronietradycjiiwiary.com\/account\/login\/\" target=\"_blank\" rel=\"noopener\"><span style=\"color: #00ccff\">Zaloguj<\/span><\/a> <\/span>si\u0119 lub przejd\u017a do <a href=\"https:\/\/wobronietradycjiiwiary.com\/register\/\"><span style=\"color: #3366ff\">Rejestracji<\/span><\/a>.<\/h2>\n<div>\n<p style=\"text-align: center\"><a href=\"https:\/\/wobronietradycjiiwiary.com\/pl\/subskrypcje-2\/cennik\/\" target=\"_blank\" rel=\"noopener\"><span style=\"color: #000080;font-size: 24pt\"><strong>Nowe ni\u017csze ceny<\/strong><\/span><\/a><\/p>\n<p style=\"text-align: center\"><strong><span style=\"font-size: 18pt;color: #000080\">P\u0142atno\u015b\u0107 kart\u0105<\/span><\/strong><\/p>\n<\/div>\n<h3 style=\"text-align: center\"><a href=\"https:\/\/wobronietradycjiiwiary.com\/pl\/subskrypcje-2\/automatyczne\/indywidualne\/\" target=\"_blank\" rel=\"noopener\"><img fetchpriority=\"high\" decoding=\"async\" class=\"alignnone size-medium wp-image-80433\" src=\"https:\/\/wobronietradycjiiwiary.com\/wp-content\/uploads\/2022\/11\/Unbenannt-1-Online-1-300x202.jpg\" alt=\"\" width=\"300\" height=\"202\" srcset=\"https:\/\/wobronietradycjiiwiary.com\/wp-content\/uploads\/2022\/11\/Unbenannt-1-Online-1-300x202.jpg 300w, https:\/\/wobronietradycjiiwiary.com\/wp-content\/uploads\/2022\/11\/Unbenannt-1-Online-1-150x101.jpg 150w, https:\/\/wobronietradycjiiwiary.com\/wp-content\/uploads\/2022\/11\/Unbenannt-1-Online-1-18x12.jpg 18w, https:\/\/wobronietradycjiiwiary.com\/wp-content\/uploads\/2022\/11\/Unbenannt-1-Online-1.jpg 446w\" sizes=\"(max-width: 300px) 100vw, 300px\" \/><\/a><\/h3>\n<p style=\"text-align: center\"><strong><span style=\"font-size: 18pt;color: #000080\">P\u0142atno\u015b\u0107 przelewem<\/span><\/strong><\/p>\n<p><a href=\"https:\/\/wobronietradycjiiwiary.com\/pl\/subskrypcje-2\/automatyczne\/indywidualne\/\" target=\"_blank\" rel=\"noopener\"><img decoding=\"async\" class=\"size-medium wp-image-80434 aligncenter\" src=\"https:\/\/wobronietradycjiiwiary.com\/wp-content\/uploads\/2022\/11\/Unbenannt-1-Przelewem-300x137.jpg\" alt=\"\" width=\"300\" height=\"137\" srcset=\"https:\/\/wobronietradycjiiwiary.com\/wp-content\/uploads\/2022\/11\/Unbenannt-1-Przelewem-300x137.jpg 300w, https:\/\/wobronietradycjiiwiary.com\/wp-content\/uploads\/2022\/11\/Unbenannt-1-Przelewem-450x206.jpg 450w, https:\/\/wobronietradycjiiwiary.com\/wp-content\/uploads\/2022\/11\/Unbenannt-1-Przelewem-600x274.jpg 600w, https:\/\/wobronietradycjiiwiary.com\/wp-content\/uploads\/2022\/11\/Unbenannt-1-Przelewem-150x69.jpg 150w, https:\/\/wobronietradycjiiwiary.com\/wp-content\/uploads\/2022\/11\/Unbenannt-1-Przelewem-18x8.jpg 18w, https:\/\/wobronietradycjiiwiary.com\/wp-content\/uploads\/2022\/11\/Unbenannt-1-Przelewem.jpg 676w\" sizes=\"(max-width: 300px) 100vw, 300px\" \/><\/a><\/p>\n<p style=\"text-align: center\"><strong><span style=\"font-size: 18pt;color: #000080\">P\u0142atno\u015b\u0107 kart\u0105 do 6 os\u00f3b<\/span><\/strong><\/p>\n<p><a href=\"https:\/\/wobronietradycjiiwiary.com\/pl\/rodzinne\/\" target=\"_blank\" rel=\"noopener\"><img decoding=\"async\" class=\"size-medium wp-image-80435 aligncenter\" src=\"https:\/\/wobronietradycjiiwiary.com\/wp-content\/uploads\/2022\/11\/Unbenannt-1-Rodzinna-300x208.jpg\" alt=\"\" width=\"300\" height=\"208\" srcset=\"https:\/\/wobronietradycjiiwiary.com\/wp-content\/uploads\/2022\/11\/Unbenannt-1-Rodzinna-300x208.jpg 300w, https:\/\/wobronietradycjiiwiary.com\/wp-content\/uploads\/2022\/11\/Unbenannt-1-Rodzinna-150x104.jpg 150w, https:\/\/wobronietradycjiiwiary.com\/wp-content\/uploads\/2022\/11\/Unbenannt-1-Rodzinna-18x12.jpg 18w, https:\/\/wobronietradycjiiwiary.com\/wp-content\/uploads\/2022\/11\/Unbenannt-1-Rodzinna.jpg 448w\" sizes=\"(max-width: 300px) 100vw, 300px\" \/><\/a><\/p>\n<h3 style=\"text-align: center\"><\/h3>\n<h1 style=\"text-align: center\"><\/h1>\n","protected":false},"excerpt":{"rendered":"<p>Problematyka sedewakantyzmu Czasami bywa tak, \u017ce to czego tak skrz\u0119tnie unikamy, jest w\u0142a\u015bnie naszym zadaniem. Redakcja tego bloga unika\u0142a dotychczas&hellip; &nbsp; Pe\u0142en dost\u0119p dla subskrybent\u00f3w. Zaloguj si\u0119 lub przejd\u017a do Rejestracji. Nowe ni\u017csze ceny P\u0142atno\u015b\u0107 kart\u0105 P\u0142atno\u015b\u0107 przelewem P\u0142atno\u015b\u0107 kart\u0105 do 6 os\u00f3b<\/p>\n","protected":false},"author":60508433,"featured_media":7815,"comment_status":"closed","ping_status":"closed","sticky":false,"template":"","format":"standard","meta":{"_coblocks_attr":"","_coblocks_dimensions":"","_coblocks_responsive_height":"","_coblocks_accordion_ie_support":"","_exactmetrics_skip_tracking":false,"_jetpack_newsletter_access":"","_jetpack_dont_email_post_to_subs":false,"_jetpack_newsletter_tier_id":0,"_jetpack_memberships_contains_paywalled_content":false,"_wpcom_ai_launchpad_first_post":false,"_jetpack_feature_clip_id":0,"_jetpack_memberships_contains_paid_content":false,"footnotes":"","jetpack_publicize_message":"{title}\n\n{excerpt}\n\n{url}","jetpack_publicize_feature_enabled":true,"jetpack_social_post_already_shared":true,"jetpack_social_options":{"image_generator_settings":{"template":"highway","default_image_id":0,"font":"","enabled":false},"version":2},"_wpas_customize_per_network":false,"jetpack_post_was_ever_published":false},"categories":[80248953,610131186,420042894],"tags":[610130654,610132133,16170732,108571567,343032683],"class_list":["post-7778","post","type-post","status-publish","format-standard","has-post-thumbnail","hentry","category-kosciol-posoborowy","category-polemika","category-sedewakantyzm-kosciol-posoborowy","tag-fsspx","tag-restricted","tag-sede-vacante","tag-sedewakantyzm","tag-teologia-posoborowa"],"yoast_head":"<!-- This site is optimized with the Yoast SEO plugin v28.3 - https:\/\/yoast.com\/product\/yoast-seo-wordpress\/ -->\n<title>Sedewakantyzm \u2013 Wprowadzenie (1). Geneza i poj\u0119cie. - Tradycja i Wiara<\/title>\n<meta name=\"robots\" content=\"index, follow, max-snippet:-1, max-image-preview:large, max-video-preview:-1\" \/>\n<link rel=\"canonical\" href=\"https:\/\/wobronietradycjiiwiary.com\/pl\/sedewakantyzm-wprowadzenie-1\/\" \/>\n<meta property=\"og:locale\" content=\"pl_PL\" \/>\n<meta property=\"og:type\" content=\"article\" \/>\n<meta property=\"og:title\" content=\"Sedewakantyzm \u2013 Wprowadzenie (1). Geneza i poj\u0119cie. - Tradycja i Wiara\" \/>\n<meta property=\"og:description\" content=\"Problematyka sedewakantyzmu Czasami bywa tak, \u017ce to czego tak skrz\u0119tnie unikamy, jest w\u0142a\u015bnie naszym zadaniem. Redakcja tego bloga unika\u0142a dotychczas&hellip; &nbsp; Pe\u0142en dost\u0119p dla subskrybent\u00f3w. Zaloguj si\u0119 lub przejd\u017a do Rejestracji. Nowe ni\u017csze ceny P\u0142atno\u015b\u0107 kart\u0105 P\u0142atno\u015b\u0107 przelewem P\u0142atno\u015b\u0107 kart\u0105 do 6 os\u00f3b\" \/>\n<meta property=\"og:url\" content=\"https:\/\/wobronietradycjiiwiary.com\/pl\/sedewakantyzm-wprowadzenie-1\/\" \/>\n<meta property=\"og:site_name\" content=\"Tradycja i Wiara\" \/>\n<meta property=\"article:publisher\" content=\"https:\/\/www.facebook.com\/Tradycja-i-Wiara-108813920592249\" \/>\n<meta property=\"article:published_time\" content=\"2015-11-16T13:19:37+00:00\" \/>\n<meta property=\"article:modified_time\" content=\"2025-02-07T14:52:24+00:00\" \/>\n<meta property=\"og:image\" content=\"https:\/\/wobronietradycjiiwiary.com\/wp-content\/uploads\/2015\/11\/church-fathers-photo.jpg\" \/>\n\t<meta property=\"og:image:width\" content=\"470\" \/>\n\t<meta property=\"og:image:height\" content=\"365\" \/>\n\t<meta property=\"og:image:type\" content=\"image\/jpeg\" \/>\n<meta name=\"author\" content=\"Traditio et Fides\" \/>\n<meta name=\"twitter:card\" content=\"summary_large_image\" \/>\n<meta name=\"twitter:label1\" content=\"Napisane przez\" \/>\n\t<meta name=\"twitter:data1\" content=\"Traditio et Fides\" \/>\n\t<meta name=\"twitter:label2\" content=\"Szacowany czas czytania\" \/>\n\t<meta name=\"twitter:data2\" content=\"14 minut\" \/>\n<script type=\"application\/ld+json\" class=\"yoast-schema-graph\">{\"@context\":\"https:\\\/\\\/schema.org\",\"@graph\":[{\"@type\":\"Article\",\"@id\":\"https:\\\/\\\/wobronietradycjiiwiary.com\\\/sedewakantyzm-wprowadzenie-1\\\/#article\",\"isPartOf\":{\"@id\":\"https:\\\/\\\/wobronietradycjiiwiary.com\\\/sedewakantyzm-wprowadzenie-1\\\/\"},\"author\":{\"name\":\"Traditio et Fides\",\"@id\":\"https:\\\/\\\/wobronietradycjiiwiary.com\\\/pl\\\/#\\\/schema\\\/person\\\/2d6180ce6abcb681fef0daab7816e8f3\"},\"headline\":\"Sedewakantyzm \u2013 Wprowadzenie (1). Geneza i poj\u0119cie.\",\"datePublished\":\"2015-11-16T13:19:37+00:00\",\"dateModified\":\"2025-02-07T14:52:24+00:00\",\"mainEntityOfPage\":{\"@id\":\"https:\\\/\\\/wobronietradycjiiwiary.com\\\/sedewakantyzm-wprowadzenie-1\\\/\"},\"wordCount\":2840,\"publisher\":{\"@id\":\"https:\\\/\\\/wobronietradycjiiwiary.com\\\/pl\\\/#organization\"},\"image\":{\"@id\":\"https:\\\/\\\/wobronietradycjiiwiary.com\\\/sedewakantyzm-wprowadzenie-1\\\/#primaryimage\"},\"thumbnailUrl\":\"https:\\\/\\\/wobronietradycjiiwiary.com\\\/wp-content\\\/uploads\\\/2015\\\/11\\\/church-fathers-photo.jpg\",\"keywords\":[\"FSSPX\",\"Restricted\",\"sede vacante\",\"sedewakantyzm\",\"teologia posoborowa\"],\"articleSection\":[\"Ko\u015bci\u00f3\u0142 posoborowy\",\"Polemika\",\"Sedewakantyzm\"],\"inLanguage\":\"pl-PL\"},{\"@type\":\"WebPage\",\"@id\":\"https:\\\/\\\/wobronietradycjiiwiary.com\\\/sedewakantyzm-wprowadzenie-1\\\/\",\"url\":\"https:\\\/\\\/wobronietradycjiiwiary.com\\\/sedewakantyzm-wprowadzenie-1\\\/\",\"name\":\"Sedewakantyzm \u2013 Wprowadzenie (1). Geneza i poj\u0119cie. - Tradycja i Wiara\",\"isPartOf\":{\"@id\":\"https:\\\/\\\/wobronietradycjiiwiary.com\\\/pl\\\/#website\"},\"primaryImageOfPage\":{\"@id\":\"https:\\\/\\\/wobronietradycjiiwiary.com\\\/sedewakantyzm-wprowadzenie-1\\\/#primaryimage\"},\"image\":{\"@id\":\"https:\\\/\\\/wobronietradycjiiwiary.com\\\/sedewakantyzm-wprowadzenie-1\\\/#primaryimage\"},\"thumbnailUrl\":\"https:\\\/\\\/wobronietradycjiiwiary.com\\\/wp-content\\\/uploads\\\/2015\\\/11\\\/church-fathers-photo.jpg\",\"datePublished\":\"2015-11-16T13:19:37+00:00\",\"dateModified\":\"2025-02-07T14:52:24+00:00\",\"breadcrumb\":{\"@id\":\"https:\\\/\\\/wobronietradycjiiwiary.com\\\/sedewakantyzm-wprowadzenie-1\\\/#breadcrumb\"},\"inLanguage\":\"pl-PL\",\"potentialAction\":[{\"@type\":\"ReadAction\",\"target\":[\"https:\\\/\\\/wobronietradycjiiwiary.com\\\/sedewakantyzm-wprowadzenie-1\\\/\"]}]},{\"@type\":\"ImageObject\",\"inLanguage\":\"pl-PL\",\"@id\":\"https:\\\/\\\/wobronietradycjiiwiary.com\\\/sedewakantyzm-wprowadzenie-1\\\/#primaryimage\",\"url\":\"https:\\\/\\\/wobronietradycjiiwiary.com\\\/wp-content\\\/uploads\\\/2015\\\/11\\\/church-fathers-photo.jpg\",\"contentUrl\":\"https:\\\/\\\/wobronietradycjiiwiary.com\\\/wp-content\\\/uploads\\\/2015\\\/11\\\/church-fathers-photo.jpg\",\"width\":470,\"height\":365},{\"@type\":\"BreadcrumbList\",\"@id\":\"https:\\\/\\\/wobronietradycjiiwiary.com\\\/sedewakantyzm-wprowadzenie-1\\\/#breadcrumb\",\"itemListElement\":[{\"@type\":\"ListItem\",\"position\":1,\"name\":\"Strona g\u0142\u00f3wna\",\"item\":\"https:\\\/\\\/wobronietradycjiiwiary.com\\\/\"},{\"@type\":\"ListItem\",\"position\":2,\"name\":\"Sedewakantyzm \u2013 Wprowadzenie (1). Geneza i poj\u0119cie.\"}]},{\"@type\":\"WebSite\",\"@id\":\"https:\\\/\\\/wobronietradycjiiwiary.com\\\/pl\\\/#website\",\"url\":\"https:\\\/\\\/wobronietradycjiiwiary.com\\\/pl\\\/\",\"name\":\"Tradycja i Wiara\",\"description\":\"Portal dla katolik\u00f3w.\",\"publisher\":{\"@id\":\"https:\\\/\\\/wobronietradycjiiwiary.com\\\/pl\\\/#organization\"},\"potentialAction\":[{\"@type\":\"SearchAction\",\"target\":{\"@type\":\"EntryPoint\",\"urlTemplate\":\"https:\\\/\\\/wobronietradycjiiwiary.com\\\/pl\\\/?s={search_term_string}\"},\"query-input\":{\"@type\":\"PropertyValueSpecification\",\"valueRequired\":true,\"valueName\":\"search_term_string\"}}],\"inLanguage\":\"pl-PL\"},{\"@type\":\"Organization\",\"@id\":\"https:\\\/\\\/wobronietradycjiiwiary.com\\\/pl\\\/#organization\",\"name\":\"Tradycja i Wiara\",\"url\":\"https:\\\/\\\/wobronietradycjiiwiary.com\\\/pl\\\/\",\"logo\":{\"@type\":\"ImageObject\",\"inLanguage\":\"pl-PL\",\"@id\":\"https:\\\/\\\/wobronietradycjiiwiary.com\\\/pl\\\/#\\\/schema\\\/logo\\\/image\\\/\",\"url\":\"https:\\\/\\\/i0.wp.com\\\/wobronietradycjiiwiary.com\\\/wp-content\\\/uploads\\\/2015\\\/10\\\/cropped-st-peters-dome-vatican.jpg?fit=940%2C198&ssl=1\",\"contentUrl\":\"https:\\\/\\\/i0.wp.com\\\/wobronietradycjiiwiary.com\\\/wp-content\\\/uploads\\\/2015\\\/10\\\/cropped-st-peters-dome-vatican.jpg?fit=940%2C198&ssl=1\",\"width\":940,\"height\":198,\"caption\":\"Tradycja i Wiara\"},\"image\":{\"@id\":\"https:\\\/\\\/wobronietradycjiiwiary.com\\\/pl\\\/#\\\/schema\\\/logo\\\/image\\\/\"},\"sameAs\":[\"https:\\\/\\\/www.facebook.com\\\/Tradycja-i-Wiara-108813920592249\"]},{\"@type\":\"Person\",\"@id\":\"https:\\\/\\\/wobronietradycjiiwiary.com\\\/pl\\\/#\\\/schema\\\/person\\\/2d6180ce6abcb681fef0daab7816e8f3\",\"name\":\"Traditio et Fides\",\"sameAs\":[\"https:\\\/\\\/traditionundglauben.com\"],\"url\":\"https:\\\/\\\/wobronietradycjiiwiary.com\\\/pl\\\/author\\\/wobronietradycjiiwiary\\\/\"}]}<\/script>\n<!-- \/ Yoast SEO plugin. -->","yoast_head_json":{"title":"Sedewakantyzm \u2013 Wprowadzenie (1). Geneza i poj\u0119cie. - Tradycja i Wiara","robots":{"index":"index","follow":"follow","max-snippet":"max-snippet:-1","max-image-preview":"max-image-preview:large","max-video-preview":"max-video-preview:-1"},"canonical":"https:\/\/wobronietradycjiiwiary.com\/pl\/sedewakantyzm-wprowadzenie-1\/","og_locale":"pl_PL","og_type":"article","og_title":"Sedewakantyzm \u2013 Wprowadzenie (1). Geneza i poj\u0119cie. - Tradycja i Wiara","og_description":"Problematyka sedewakantyzmu Czasami bywa tak, \u017ce to czego tak skrz\u0119tnie unikamy, jest w\u0142a\u015bnie naszym zadaniem. Redakcja tego bloga unika\u0142a dotychczas&hellip; &nbsp; Pe\u0142en dost\u0119p dla subskrybent\u00f3w. Zaloguj si\u0119 lub przejd\u017a do Rejestracji. Nowe ni\u017csze ceny P\u0142atno\u015b\u0107 kart\u0105 P\u0142atno\u015b\u0107 przelewem P\u0142atno\u015b\u0107 kart\u0105 do 6 os\u00f3b","og_url":"https:\/\/wobronietradycjiiwiary.com\/pl\/sedewakantyzm-wprowadzenie-1\/","og_site_name":"Tradycja i Wiara","article_publisher":"https:\/\/www.facebook.com\/Tradycja-i-Wiara-108813920592249","article_published_time":"2015-11-16T13:19:37+00:00","article_modified_time":"2025-02-07T14:52:24+00:00","og_image":[{"width":470,"height":365,"url":"https:\/\/wobronietradycjiiwiary.com\/wp-content\/uploads\/2015\/11\/church-fathers-photo.jpg","type":"image\/jpeg"}],"author":"Traditio et Fides","twitter_card":"summary_large_image","twitter_misc":{"Napisane przez":"Traditio et Fides","Szacowany czas czytania":"14 minut"},"schema":{"@context":"https:\/\/schema.org","@graph":[{"@type":"Article","@id":"https:\/\/wobronietradycjiiwiary.com\/sedewakantyzm-wprowadzenie-1\/#article","isPartOf":{"@id":"https:\/\/wobronietradycjiiwiary.com\/sedewakantyzm-wprowadzenie-1\/"},"author":{"name":"Traditio et Fides","@id":"https:\/\/wobronietradycjiiwiary.com\/pl\/#\/schema\/person\/2d6180ce6abcb681fef0daab7816e8f3"},"headline":"Sedewakantyzm \u2013 Wprowadzenie (1). Geneza i poj\u0119cie.","datePublished":"2015-11-16T13:19:37+00:00","dateModified":"2025-02-07T14:52:24+00:00","mainEntityOfPage":{"@id":"https:\/\/wobronietradycjiiwiary.com\/sedewakantyzm-wprowadzenie-1\/"},"wordCount":2840,"publisher":{"@id":"https:\/\/wobronietradycjiiwiary.com\/pl\/#organization"},"image":{"@id":"https:\/\/wobronietradycjiiwiary.com\/sedewakantyzm-wprowadzenie-1\/#primaryimage"},"thumbnailUrl":"https:\/\/wobronietradycjiiwiary.com\/wp-content\/uploads\/2015\/11\/church-fathers-photo.jpg","keywords":["FSSPX","Restricted","sede vacante","sedewakantyzm","teologia posoborowa"],"articleSection":["Ko\u015bci\u00f3\u0142 posoborowy","Polemika","Sedewakantyzm"],"inLanguage":"pl-PL"},{"@type":"WebPage","@id":"https:\/\/wobronietradycjiiwiary.com\/sedewakantyzm-wprowadzenie-1\/","url":"https:\/\/wobronietradycjiiwiary.com\/sedewakantyzm-wprowadzenie-1\/","name":"Sedewakantyzm \u2013 Wprowadzenie (1). Geneza i poj\u0119cie. - Tradycja i Wiara","isPartOf":{"@id":"https:\/\/wobronietradycjiiwiary.com\/pl\/#website"},"primaryImageOfPage":{"@id":"https:\/\/wobronietradycjiiwiary.com\/sedewakantyzm-wprowadzenie-1\/#primaryimage"},"image":{"@id":"https:\/\/wobronietradycjiiwiary.com\/sedewakantyzm-wprowadzenie-1\/#primaryimage"},"thumbnailUrl":"https:\/\/wobronietradycjiiwiary.com\/wp-content\/uploads\/2015\/11\/church-fathers-photo.jpg","datePublished":"2015-11-16T13:19:37+00:00","dateModified":"2025-02-07T14:52:24+00:00","breadcrumb":{"@id":"https:\/\/wobronietradycjiiwiary.com\/sedewakantyzm-wprowadzenie-1\/#breadcrumb"},"inLanguage":"pl-PL","potentialAction":[{"@type":"ReadAction","target":["https:\/\/wobronietradycjiiwiary.com\/sedewakantyzm-wprowadzenie-1\/"]}]},{"@type":"ImageObject","inLanguage":"pl-PL","@id":"https:\/\/wobronietradycjiiwiary.com\/sedewakantyzm-wprowadzenie-1\/#primaryimage","url":"https:\/\/wobronietradycjiiwiary.com\/wp-content\/uploads\/2015\/11\/church-fathers-photo.jpg","contentUrl":"https:\/\/wobronietradycjiiwiary.com\/wp-content\/uploads\/2015\/11\/church-fathers-photo.jpg","width":470,"height":365},{"@type":"BreadcrumbList","@id":"https:\/\/wobronietradycjiiwiary.com\/sedewakantyzm-wprowadzenie-1\/#breadcrumb","itemListElement":[{"@type":"ListItem","position":1,"name":"Strona g\u0142\u00f3wna","item":"https:\/\/wobronietradycjiiwiary.com\/"},{"@type":"ListItem","position":2,"name":"Sedewakantyzm \u2013 Wprowadzenie (1). Geneza i poj\u0119cie."}]},{"@type":"WebSite","@id":"https:\/\/wobronietradycjiiwiary.com\/pl\/#website","url":"https:\/\/wobronietradycjiiwiary.com\/pl\/","name":"Tradycja i Wiara","description":"Portal dla katolik\u00f3w.","publisher":{"@id":"https:\/\/wobronietradycjiiwiary.com\/pl\/#organization"},"potentialAction":[{"@type":"SearchAction","target":{"@type":"EntryPoint","urlTemplate":"https:\/\/wobronietradycjiiwiary.com\/pl\/?s={search_term_string}"},"query-input":{"@type":"PropertyValueSpecification","valueRequired":true,"valueName":"search_term_string"}}],"inLanguage":"pl-PL"},{"@type":"Organization","@id":"https:\/\/wobronietradycjiiwiary.com\/pl\/#organization","name":"Tradycja i Wiara","url":"https:\/\/wobronietradycjiiwiary.com\/pl\/","logo":{"@type":"ImageObject","inLanguage":"pl-PL","@id":"https:\/\/wobronietradycjiiwiary.com\/pl\/#\/schema\/logo\/image\/","url":"https:\/\/i0.wp.com\/wobronietradycjiiwiary.com\/wp-content\/uploads\/2015\/10\/cropped-st-peters-dome-vatican.jpg?fit=940%2C198&ssl=1","contentUrl":"https:\/\/i0.wp.com\/wobronietradycjiiwiary.com\/wp-content\/uploads\/2015\/10\/cropped-st-peters-dome-vatican.jpg?fit=940%2C198&ssl=1","width":940,"height":198,"caption":"Tradycja i Wiara"},"image":{"@id":"https:\/\/wobronietradycjiiwiary.com\/pl\/#\/schema\/logo\/image\/"},"sameAs":["https:\/\/www.facebook.com\/Tradycja-i-Wiara-108813920592249"]},{"@type":"Person","@id":"https:\/\/wobronietradycjiiwiary.com\/pl\/#\/schema\/person\/2d6180ce6abcb681fef0daab7816e8f3","name":"Traditio et Fides","sameAs":["https:\/\/traditionundglauben.com"],"url":"https:\/\/wobronietradycjiiwiary.com\/pl\/author\/wobronietradycjiiwiary\/"}]}},"jetpack_publicize_connections":[],"jetpack_sharing_enabled":true,"jetpack_likes_enabled":true,"jetpack_shortlink":"https:\/\/wp.me\/pc04Sd-21s","jetpack-related-posts":[{"id":8213,"url":"https:\/\/wobronietradycjiiwiary.com\/pl\/sedewakantyzm-na-skroty-lektura-nadobowiazkowa-true-or-false-pope\/","url_meta":{"origin":7778,"position":0},"title":"Sedewakantyzm na skr\u00f3ty \u2013  lektura nadobowi\u0105zkowa \u201eTrue or false pope\u201d","author":"Traditio et Fides","date":"12 stycznia 2016","format":false,"excerpt":"Redakcja dowiedzia\u0142a si\u0119 dzisiaj z niemieckoj\u0119zycznej strony katholisches.info[1] o ksi\u0105\u017cce autorstwa Johna Salzy i Roberta Siscoe pt. \u201eTrue or false pope. Refuting Sedevakantism and other modern errors\u201d czyli \u201cPrawdziwy lub fa\u0142szywy papie\u017c. Odparcie sedewakantyzmu i innych wsp\u00f3\u0142czesnych b\u0142\u0119d\u00f3w\u201d. Pozycja ta wysz\u0142a rzeczywi\u015bcie niedawno, bo dopiero 6.01.2016 i mo\u017cna j\u0105 naby\u0107\u2026","rel":"","context":"W \u201eKo\u015bci\u00f3\u0142 posoborowy&quot;","block_context":{"text":"Ko\u015bci\u00f3\u0142 posoborowy","link":"https:\/\/wobronietradycjiiwiary.com\/pl\/category\/polemika\/kosciol-posoborowy\/"},"img":{"alt_text":"","src":"https:\/\/i0.wp.com\/wobronietradycjiiwiary.com\/wp-content\/uploads\/2015\/11\/church-fathers-photo.jpg?resize=350%2C200&ssl=1","width":350,"height":200},"classes":[]},{"id":11389,"url":"https:\/\/wobronietradycjiiwiary.com\/pl\/bedzie-msza-trydencka-za-styczen-26-lutego-2017-o-6-30-rano\/","url_meta":{"origin":7778,"position":1},"title":"B\u0119dzie Msza Trydencka (za stycze\u0144): 26 lutego 2017 o 6.30 rano.","author":"Traditio et Fides","date":"11 lutego 2017","format":false,"excerpt":"Kolejna Msza Trydencka za dobroczy\u0144c\u00f3w obydwu blog\u00f3w odb\u0119dzie si\u0119 w opactwie Le Barroux dnia 26. lutego 2017 o godzinie 6.30. Wp\u0142aty na blog polski bardzo si\u0119 poprawi\u0142y, za co dzi\u0119kujemy, gdy\u017c w okresie rozliczeniowym od 7 stycznia do 7 lutego blog wspar\u0142y nast\u0119puj\u0105ce osoby, niekt\u00f3re wielokrotnie: Pan J.C. Pan P.B.\u2026","rel":"","context":"W \u201eMsza za dobroczy\u0144c\u00f3w&quot;","block_context":{"text":"Msza za dobroczy\u0144c\u00f3w","link":"https:\/\/wobronietradycjiiwiary.com\/pl\/category\/duchowosc\/uwagi-administracji\/msza-za-dobroczyncow\/"},"img":{"alt_text":"Le Barroux Msza","src":"https:\/\/i0.wp.com\/wobronietradycjiiwiary.com\/wp-content\/uploads\/2016\/08\/le-barroux-msza.jpg?resize=350%2C200&ssl=1","width":350,"height":200,"srcset":"https:\/\/i0.wp.com\/wobronietradycjiiwiary.com\/wp-content\/uploads\/2016\/08\/le-barroux-msza.jpg?resize=350%2C200&ssl=1 1x, https:\/\/i0.wp.com\/wobronietradycjiiwiary.com\/wp-content\/uploads\/2016\/08\/le-barroux-msza.jpg?resize=525%2C300&ssl=1 1.5x"},"classes":[]},{"id":7792,"url":"https:\/\/wobronietradycjiiwiary.com\/pl\/sedewakantyzm-problematyka-ostatniego-soboru-i-jej-rozwiazanie-2\/","url_meta":{"origin":7778,"position":2},"title":"Sedewakantyzm \u2013 Problematyka ostatniego Soboru i jej rozwi\u0105zanie (2)","author":"Traditio et Fides","date":"20 listopada 2015","format":false,"excerpt":"Problematyka i szeroko\u015b\u0107 zagadnienia Je\u017celi kto\u015b lub ma\u0142o kto si\u0119 pewnych temat\u00f3w podejmuje, oznacza to, \u017ce te tematy s\u0105: nierozwi\u0105zywalne, trudne, albo mu si\u0119 nie chce. Ad c. W Polsce si\u0119 ludziom nie chce. To w Polsce. By\u0107 mo\u017ce powodem, dla kt\u00f3rych Polska nie wyda\u0142a \u017cadnych herezji, pomijaj\u0105c Mateczk\u0119 Koz\u0142owsk\u0105,\u2026","rel":"","context":"W \u201eKo\u015bci\u00f3\u0142 posoborowy&quot;","block_context":{"text":"Ko\u015bci\u00f3\u0142 posoborowy","link":"https:\/\/wobronietradycjiiwiary.com\/pl\/category\/polemika\/kosciol-posoborowy\/"},"img":{"alt_text":"","src":"https:\/\/i0.wp.com\/wobronietradycjiiwiary.com\/wp-content\/uploads\/2015\/11\/church-fathers-photo.jpg?resize=350%2C200&ssl=1","width":350,"height":200},"classes":[]},{"id":164914,"url":"https:\/\/wobronietradycjiiwiary.com\/pl\/redemptorysci-transalpejscy-wybieraja-sedewakantyzm\/","url_meta":{"origin":7778,"position":3},"title":"Redemptory\u015bci Transalpejscy wybieraj\u0105 sedewakantyzm","author":"Traditio et Fides","date":"4 maja 2026","format":false,"excerpt":"Redemptory\u015bci Transalpejscy lub Zaalpejscy, kt\u00f3rzy okre\u015blaj\u0105 samych siebie jako Synowie Naj\u015bwi\u0119tszego Odkupiciela to zgromadzenie Ecclesia Dei wyros\u0142e z FSSPX. Niewiele o nich wiadomo, zatem nic z\u0142ego i nic dobrego. Mieli powo\u0142ania, wy\u015bwi\u0119cali kap\u0142an\u00f3w i posiadali lub posiadaj\u0105 klasztory w Szkocji, Nowej Zelandii oraz USA. Redemptory\u015bci wyci\u0105gn\u0119li konsekwencje z obecno\u015bci dw\u00f3ch\u2026","rel":"","context":"W \u201eKo\u015bci\u00f3\u0142 posoborowy&quot;","block_context":{"text":"Ko\u015bci\u00f3\u0142 posoborowy","link":"https:\/\/wobronietradycjiiwiary.com\/pl\/category\/polemika\/kosciol-posoborowy\/"},"img":{"alt_text":"","src":"https:\/\/i0.wp.com\/wobronietradycjiiwiary.com\/wp-content\/uploads\/2026\/05\/Ferdinand_Lepie_Dorf_in_den_Alpen.jpg?resize=350%2C200&ssl=1","width":350,"height":200,"srcset":"https:\/\/i0.wp.com\/wobronietradycjiiwiary.com\/wp-content\/uploads\/2026\/05\/Ferdinand_Lepie_Dorf_in_den_Alpen.jpg?resize=350%2C200&ssl=1 1x, https:\/\/i0.wp.com\/wobronietradycjiiwiary.com\/wp-content\/uploads\/2026\/05\/Ferdinand_Lepie_Dorf_in_den_Alpen.jpg?resize=525%2C300&ssl=1 1.5x, https:\/\/i0.wp.com\/wobronietradycjiiwiary.com\/wp-content\/uploads\/2026\/05\/Ferdinand_Lepie_Dorf_in_den_Alpen.jpg?resize=700%2C400&ssl=1 2x, https:\/\/i0.wp.com\/wobronietradycjiiwiary.com\/wp-content\/uploads\/2026\/05\/Ferdinand_Lepie_Dorf_in_den_Alpen.jpg?resize=1050%2C600&ssl=1 3x, https:\/\/i0.wp.com\/wobronietradycjiiwiary.com\/wp-content\/uploads\/2026\/05\/Ferdinand_Lepie_Dorf_in_den_Alpen.jpg?resize=1400%2C800&ssl=1 4x"},"classes":[]},{"id":147305,"url":"https:\/\/wobronietradycjiiwiary.com\/pl\/carol-byrne-msza-dialogowana-123-2-z-149-nieomylnosc-ludu-a-nieomylnosc-papieska-ii\/","url_meta":{"origin":7778,"position":4},"title":"Carol Byrne, &#8222;Msza dialogowana&#8221;. (123.2 z 153). Nieomylno\u015b\u0107 ludu a nieomylno\u015b\u0107 papieska (ii)","author":"Traditio et Fides","date":"8 lipca 2025","format":false,"excerpt":"O fa\u0142szywym cytacie z Augustyna w Lumen gentium \u00a7 12.","rel":"","context":"W \u201eByrne&quot;","block_context":{"text":"Byrne","link":"https:\/\/wobronietradycjiiwiary.com\/pl\/category\/doktryna\/teologia-liturgii\/byrne-doktryna\/"},"img":{"alt_text":"","src":"https:\/\/i0.wp.com\/wobronietradycjiiwiary.com\/wp-content\/uploads\/2019\/10\/carreno-de-miranda.jpg?resize=350%2C200&ssl=1","width":350,"height":200,"srcset":"https:\/\/i0.wp.com\/wobronietradycjiiwiary.com\/wp-content\/uploads\/2019\/10\/carreno-de-miranda.jpg?resize=350%2C200&ssl=1 1x, https:\/\/i0.wp.com\/wobronietradycjiiwiary.com\/wp-content\/uploads\/2019\/10\/carreno-de-miranda.jpg?resize=525%2C300&ssl=1 1.5x, https:\/\/i0.wp.com\/wobronietradycjiiwiary.com\/wp-content\/uploads\/2019\/10\/carreno-de-miranda.jpg?resize=700%2C400&ssl=1 2x"},"classes":[]},{"id":7799,"url":"https:\/\/wobronietradycjiiwiary.com\/pl\/sedewakantyzm-czym-jest-tradycja-3-1-problemy-denzinger-i-poczatki-tradycji\/","url_meta":{"origin":7778,"position":5},"title":"Sedewakantyzm \u2013 Czym jest Tradycja? (3) Problemy, Denzinger i Pocz\u0105tki Tradycji","author":"Traditio et Fides","date":"22 listopada 2015","format":false,"excerpt":"Aby przedstawi\u0107, dlaczego zbyt szerokie poj\u0119cie nieomylno\u015bci Ko\u015bcio\u0142a proponowane przez sedewakantyst\u00f3w jest b\u0142\u0119dne, nale\u017cy najpierw: Ukaza\u0107 czym jest Tradycja. Ukaza\u0107 czym jest nieomylno\u015b\u0107 Ko\u015bcio\u0142a i nieomylno\u015b\u0107 w Ko\u015bciele. Ad 1. Czym jest Tradycja? Poniewa\u017c problematyce Tradycji i tradycji po\u015bwi\u0119camy ju\u017c dosy\u0107 szeroki i niedoko\u0144czony cykl pod tym samym tytu\u0142em,[1] w\u2026","rel":"","context":"W \u201eKo\u015bci\u00f3\u0142 posoborowy&quot;","block_context":{"text":"Ko\u015bci\u00f3\u0142 posoborowy","link":"https:\/\/wobronietradycjiiwiary.com\/pl\/category\/polemika\/kosciol-posoborowy\/"},"img":{"alt_text":"","src":"https:\/\/i0.wp.com\/wobronietradycjiiwiary.com\/wp-content\/uploads\/2015\/11\/church-fathers-photo.jpg?resize=350%2C200&ssl=1","width":350,"height":200},"classes":[]}],"jetpack_featured_media_url":"https:\/\/wobronietradycjiiwiary.com\/wp-content\/uploads\/2015\/11\/church-fathers-photo.jpg","_links":{"self":[{"href":"https:\/\/wobronietradycjiiwiary.com\/pl\/wp-json\/wp\/v2\/posts\/7778","targetHints":{"allow":["GET"]}}],"collection":[{"href":"https:\/\/wobronietradycjiiwiary.com\/pl\/wp-json\/wp\/v2\/posts"}],"about":[{"href":"https:\/\/wobronietradycjiiwiary.com\/pl\/wp-json\/wp\/v2\/types\/post"}],"author":[{"embeddable":true,"href":"https:\/\/wobronietradycjiiwiary.com\/pl\/wp-json\/wp\/v2\/users\/60508433"}],"replies":[{"embeddable":true,"href":"https:\/\/wobronietradycjiiwiary.com\/pl\/wp-json\/wp\/v2\/comments?post=7778"}],"version-history":[{"count":1,"href":"https:\/\/wobronietradycjiiwiary.com\/pl\/wp-json\/wp\/v2\/posts\/7778\/revisions"}],"predecessor-version":[{"id":79434,"href":"https:\/\/wobronietradycjiiwiary.com\/pl\/wp-json\/wp\/v2\/posts\/7778\/revisions\/79434"}],"wp:featuredmedia":[{"embeddable":true,"href":"https:\/\/wobronietradycjiiwiary.com\/pl\/wp-json\/wp\/v2\/media\/7815"}],"wp:attachment":[{"href":"https:\/\/wobronietradycjiiwiary.com\/pl\/wp-json\/wp\/v2\/media?parent=7778"}],"wp:term":[{"taxonomy":"category","embeddable":true,"href":"https:\/\/wobronietradycjiiwiary.com\/pl\/wp-json\/wp\/v2\/categories?post=7778"},{"taxonomy":"post_tag","embeddable":true,"href":"https:\/\/wobronietradycjiiwiary.com\/pl\/wp-json\/wp\/v2\/tags?post=7778"}],"curies":[{"name":"wp","href":"https:\/\/api.w.org\/{rel}","templated":true}]}}