{"id":7744,"date":"2015-11-25T08:00:15","date_gmt":"2015-11-25T07:00:15","guid":{"rendered":"https:\/\/wobronietradycjiiwiary.com\/?p=7744"},"modified":"2025-02-07T15:40:20","modified_gmt":"2025-02-07T14:40:20","slug":"czysciec-istnieje-8-czysciec-w-nauczaniu-kosciola","status":"publish","type":"post","link":"https:\/\/wobronietradycjiiwiary.com\/pl\/czysciec-istnieje-8-czysciec-w-nauczaniu-kosciola\/","title":{"rendered":"Czy\u015bciec istnieje. (8) Czy\u015bciec w nauczaniu Ko\u015bcio\u0142a. Orzeczenia de fide"},"content":{"rendered":"<div id=\"bsf_rt_marker\"><\/div><p>Czy\u015bciec w nauczaniu Ko\u015bcio\u0142a Istnienie czy\u015bcca jest dogmatem wiary katolickiej czyli orzeczeniem dogmatycznym de fide (DH 838, 856, 4657, 1010,&hellip;<\/p>\n<div style=\"text-align: center\">\n<p>&nbsp;<\/p>\n<\/div>\n<h2 style=\"border: 5px solid #0000A0;padding: 1em;text-align: center\"><span style=\"color: #000000\">Pe\u0142en dost\u0119p dla <span style=\"color: #00ccff\"><a style=\"color: #00ccff\" href=\"https:\/\/wobronietradycjiiwiary.com\/subskrypcje-2\/\" target=\"_blank\" rel=\"noopener\">subskrybent\u00f3w<\/a><\/span>.<\/span><br \/>\n<span style=\"color: #3366ff\"><a style=\"color: #3366ff\" href=\"https:\/\/wobronietradycjiiwiary.com\/account\/login\/\" target=\"_blank\" rel=\"noopener\"><span style=\"color: #00ccff\">Zaloguj<\/span><\/a> <\/span>si\u0119 lub przejd\u017a do <a href=\"https:\/\/wobronietradycjiiwiary.com\/register\/\"><span style=\"color: #3366ff\">Rejestracji<\/span><\/a>.<\/h2>\n<div>\n<p style=\"text-align: center\"><a href=\"https:\/\/wobronietradycjiiwiary.com\/pl\/subskrypcje-2\/cennik\/\" target=\"_blank\" rel=\"noopener\"><span style=\"color: #000080;font-size: 24pt\"><strong>Nowe ni\u017csze ceny<\/strong><\/span><\/a><\/p>\n<p style=\"text-align: center\"><strong><span style=\"font-size: 18pt;color: #000080\">P\u0142atno\u015b\u0107 kart\u0105<\/span><\/strong><\/p>\n<\/div>\n<h3 style=\"text-align: center\"><a href=\"https:\/\/wobronietradycjiiwiary.com\/pl\/subskrypcje-2\/automatyczne\/indywidualne\/\" target=\"_blank\" rel=\"noopener\"><img fetchpriority=\"high\" decoding=\"async\" class=\"alignnone size-medium wp-image-80433\" src=\"https:\/\/wobronietradycjiiwiary.com\/wp-content\/uploads\/2022\/11\/Unbenannt-1-Online-1-300x202.jpg\" alt=\"\" width=\"300\" height=\"202\" srcset=\"https:\/\/wobronietradycjiiwiary.com\/wp-content\/uploads\/2022\/11\/Unbenannt-1-Online-1-300x202.jpg 300w, https:\/\/wobronietradycjiiwiary.com\/wp-content\/uploads\/2022\/11\/Unbenannt-1-Online-1-150x101.jpg 150w, https:\/\/wobronietradycjiiwiary.com\/wp-content\/uploads\/2022\/11\/Unbenannt-1-Online-1-18x12.jpg 18w, https:\/\/wobronietradycjiiwiary.com\/wp-content\/uploads\/2022\/11\/Unbenannt-1-Online-1.jpg 446w\" sizes=\"(max-width: 300px) 100vw, 300px\" \/><\/a><\/h3>\n<p style=\"text-align: center\"><strong><span style=\"font-size: 18pt;color: #000080\">P\u0142atno\u015b\u0107 przelewem<\/span><\/strong><\/p>\n<p><a href=\"https:\/\/wobronietradycjiiwiary.com\/pl\/subskrypcje-2\/automatyczne\/indywidualne\/\" target=\"_blank\" rel=\"noopener\"><img decoding=\"async\" class=\"size-medium wp-image-80434 aligncenter\" src=\"https:\/\/wobronietradycjiiwiary.com\/wp-content\/uploads\/2022\/11\/Unbenannt-1-Przelewem-300x137.jpg\" alt=\"\" width=\"300\" height=\"137\" srcset=\"https:\/\/wobronietradycjiiwiary.com\/wp-content\/uploads\/2022\/11\/Unbenannt-1-Przelewem-300x137.jpg 300w, https:\/\/wobronietradycjiiwiary.com\/wp-content\/uploads\/2022\/11\/Unbenannt-1-Przelewem-450x206.jpg 450w, https:\/\/wobronietradycjiiwiary.com\/wp-content\/uploads\/2022\/11\/Unbenannt-1-Przelewem-600x274.jpg 600w, https:\/\/wobronietradycjiiwiary.com\/wp-content\/uploads\/2022\/11\/Unbenannt-1-Przelewem-150x69.jpg 150w, https:\/\/wobronietradycjiiwiary.com\/wp-content\/uploads\/2022\/11\/Unbenannt-1-Przelewem-18x8.jpg 18w, https:\/\/wobronietradycjiiwiary.com\/wp-content\/uploads\/2022\/11\/Unbenannt-1-Przelewem.jpg 676w\" sizes=\"(max-width: 300px) 100vw, 300px\" \/><\/a><\/p>\n<p style=\"text-align: center\"><strong><span style=\"font-size: 18pt;color: #000080\">P\u0142atno\u015b\u0107 kart\u0105 do 6 os\u00f3b<\/span><\/strong><\/p>\n<p><a href=\"https:\/\/wobronietradycjiiwiary.com\/pl\/rodzinne\/\" target=\"_blank\" rel=\"noopener\"><img decoding=\"async\" class=\"size-medium wp-image-80435 aligncenter\" src=\"https:\/\/wobronietradycjiiwiary.com\/wp-content\/uploads\/2022\/11\/Unbenannt-1-Rodzinna-300x208.jpg\" alt=\"\" width=\"300\" height=\"208\" srcset=\"https:\/\/wobronietradycjiiwiary.com\/wp-content\/uploads\/2022\/11\/Unbenannt-1-Rodzinna-300x208.jpg 300w, https:\/\/wobronietradycjiiwiary.com\/wp-content\/uploads\/2022\/11\/Unbenannt-1-Rodzinna-150x104.jpg 150w, https:\/\/wobronietradycjiiwiary.com\/wp-content\/uploads\/2022\/11\/Unbenannt-1-Rodzinna-18x12.jpg 18w, https:\/\/wobronietradycjiiwiary.com\/wp-content\/uploads\/2022\/11\/Unbenannt-1-Rodzinna.jpg 448w\" sizes=\"(max-width: 300px) 100vw, 300px\" \/><\/a><\/p>\n<h3 style=\"text-align: center\"><\/h3>\n<h1 style=\"text-align: center\"><\/h1>\n","protected":false},"excerpt":{"rendered":"<p>Czy\u015bciec w nauczaniu Ko\u015bcio\u0142a Istnienie czy\u015bcca jest dogmatem wiary katolickiej czyli orzeczeniem dogmatycznym de fide (DH 838, 856, 4657, 1010,&hellip; &nbsp; Pe\u0142en dost\u0119p dla subskrybent\u00f3w. Zaloguj si\u0119 lub przejd\u017a do Rejestracji. Nowe ni\u017csze ceny P\u0142atno\u015b\u0107 kart\u0105 P\u0142atno\u015b\u0107 przelewem P\u0142atno\u015b\u0107 kart\u0105 do 6 os\u00f3b<\/p>\n","protected":false},"author":60508433,"featured_media":7394,"comment_status":"closed","ping_status":"closed","sticky":false,"template":"","format":"standard","meta":{"_bbp_topic_count":0,"_bbp_reply_count":0,"_bbp_total_topic_count":0,"_bbp_total_reply_count":0,"_bbp_voice_count":0,"_bbp_anonymous_reply_count":0,"_bbp_topic_count_hidden":0,"_bbp_reply_count_hidden":0,"_bbp_forum_subforum_count":0,"_editorskit_title_hidden":false,"_editorskit_reading_time":0,"_editorskit_is_block_options_detached":false,"_editorskit_block_options_position":"{}","_coblocks_attr":"","_coblocks_dimensions":"","_coblocks_responsive_height":"","_coblocks_accordion_ie_support":"","_exactmetrics_skip_tracking":false,"_jetpack_newsletter_access":"","_jetpack_dont_email_post_to_subs":false,"_jetpack_newsletter_tier_id":0,"_jetpack_memberships_contains_paywalled_content":false,"_wpcom_ai_launchpad_first_post":false,"_jetpack_feature_clip_id":0,"_jetpack_memberships_contains_paid_content":false,"footnotes":"","jetpack_publicize_message":"{title}\n\n{excerpt}\n\n{url}","jetpack_publicize_feature_enabled":true,"jetpack_social_post_already_shared":true,"jetpack_social_options":{"image_generator_settings":{"template":"highway","default_image_id":0,"font":"","enabled":false},"version":2},"_wpas_customize_per_network":false,"jetpack_post_was_ever_published":false},"categories":[610131294,610131185,402578791,610133484],"tags":[3157546,610132133,610130698],"class_list":["post-7744","post","type-post","status-publish","format-standard","has-post-thumbnail","hentry","category-czysciec","category-doktryna","category-rzeczy-ostateczne-eschatologia","category-teologia-czyscca-czysciec","tag-czysciec","tag-restricted","tag-teologia-czyscca"],"yoast_head":"<!-- This site is optimized with the Yoast SEO plugin v28.3 - https:\/\/yoast.com\/product\/yoast-seo-wordpress\/ -->\n<title>Czy\u015bciec istnieje. (8) Czy\u015bciec w nauczaniu Ko\u015bcio\u0142a. Orzeczenia de fide - Tradycja i Wiara<\/title>\n<meta name=\"robots\" content=\"index, follow, max-snippet:-1, max-image-preview:large, max-video-preview:-1\" \/>\n<link rel=\"canonical\" href=\"https:\/\/wobronietradycjiiwiary.com\/pl\/czysciec-istnieje-8-czysciec-w-nauczaniu-kosciola\/\" \/>\n<meta property=\"og:locale\" content=\"pl_PL\" \/>\n<meta property=\"og:type\" content=\"article\" \/>\n<meta property=\"og:title\" content=\"Czy\u015bciec istnieje. (8) Czy\u015bciec w nauczaniu Ko\u015bcio\u0142a. Orzeczenia de fide - Tradycja i Wiara\" \/>\n<meta property=\"og:description\" content=\"Czy\u015bciec w nauczaniu Ko\u015bcio\u0142a Istnienie czy\u015bcca jest dogmatem wiary katolickiej czyli orzeczeniem dogmatycznym de fide (DH 838, 856, 4657, 1010,&hellip; &nbsp; Pe\u0142en dost\u0119p dla subskrybent\u00f3w. Zaloguj si\u0119 lub przejd\u017a do Rejestracji. Nowe ni\u017csze ceny P\u0142atno\u015b\u0107 kart\u0105 P\u0142atno\u015b\u0107 przelewem P\u0142atno\u015b\u0107 kart\u0105 do 6 os\u00f3b\" \/>\n<meta property=\"og:url\" content=\"https:\/\/wobronietradycjiiwiary.com\/pl\/czysciec-istnieje-8-czysciec-w-nauczaniu-kosciola\/\" \/>\n<meta property=\"og:site_name\" content=\"Tradycja i Wiara\" \/>\n<meta property=\"article:publisher\" content=\"https:\/\/www.facebook.com\/Tradycja-i-Wiara-108813920592249\" \/>\n<meta property=\"article:published_time\" content=\"2015-11-25T07:00:15+00:00\" \/>\n<meta property=\"article:modified_time\" content=\"2025-02-07T14:40:20+00:00\" \/>\n<meta property=\"og:image\" content=\"https:\/\/wobronietradycjiiwiary.com\/wp-content\/uploads\/2015\/10\/purghellrubens.jpg\" \/>\n\t<meta property=\"og:image:width\" content=\"424\" \/>\n\t<meta property=\"og:image:height\" content=\"432\" \/>\n\t<meta property=\"og:image:type\" content=\"image\/jpeg\" \/>\n<meta name=\"author\" content=\"Traditio et Fides\" \/>\n<meta name=\"twitter:card\" content=\"summary_large_image\" \/>\n<meta name=\"twitter:label1\" content=\"Napisane przez\" \/>\n\t<meta name=\"twitter:data1\" content=\"Traditio et Fides\" \/>\n\t<meta name=\"twitter:label2\" content=\"Szacowany czas czytania\" \/>\n\t<meta name=\"twitter:data2\" content=\"12 minut\" \/>\n<script type=\"application\/ld+json\" class=\"yoast-schema-graph\">{\"@context\":\"https:\\\/\\\/schema.org\",\"@graph\":[{\"@type\":\"Article\",\"@id\":\"https:\\\/\\\/wobronietradycjiiwiary.com\\\/czysciec-istnieje-8-czysciec-w-nauczaniu-kosciola\\\/#article\",\"isPartOf\":{\"@id\":\"https:\\\/\\\/wobronietradycjiiwiary.com\\\/czysciec-istnieje-8-czysciec-w-nauczaniu-kosciola\\\/\"},\"author\":{\"name\":\"Traditio et Fides\",\"@id\":\"https:\\\/\\\/wobronietradycjiiwiary.com\\\/pl\\\/#\\\/schema\\\/person\\\/2d6180ce6abcb681fef0daab7816e8f3\"},\"headline\":\"Czy\u015bciec istnieje. (8) Czy\u015bciec w nauczaniu Ko\u015bcio\u0142a. Orzeczenia de fide\",\"datePublished\":\"2015-11-25T07:00:15+00:00\",\"dateModified\":\"2025-02-07T14:40:20+00:00\",\"mainEntityOfPage\":{\"@id\":\"https:\\\/\\\/wobronietradycjiiwiary.com\\\/czysciec-istnieje-8-czysciec-w-nauczaniu-kosciola\\\/\"},\"wordCount\":2409,\"publisher\":{\"@id\":\"https:\\\/\\\/wobronietradycjiiwiary.com\\\/pl\\\/#organization\"},\"image\":{\"@id\":\"https:\\\/\\\/wobronietradycjiiwiary.com\\\/czysciec-istnieje-8-czysciec-w-nauczaniu-kosciola\\\/#primaryimage\"},\"thumbnailUrl\":\"https:\\\/\\\/wobronietradycjiiwiary.com\\\/wp-content\\\/uploads\\\/2015\\\/10\\\/purghellrubens.jpg\",\"keywords\":[\"czy\u015bciec\",\"Restricted\",\"Teologia czy\u015bcca\"],\"articleSection\":[\"Czy\u015bciec\",\"Doktryna\",\"Rzeczy ostateczne\",\"Teologia czy\u015b\u0107ca\"],\"inLanguage\":\"pl-PL\"},{\"@type\":\"WebPage\",\"@id\":\"https:\\\/\\\/wobronietradycjiiwiary.com\\\/czysciec-istnieje-8-czysciec-w-nauczaniu-kosciola\\\/\",\"url\":\"https:\\\/\\\/wobronietradycjiiwiary.com\\\/czysciec-istnieje-8-czysciec-w-nauczaniu-kosciola\\\/\",\"name\":\"Czy\u015bciec istnieje. (8) Czy\u015bciec w nauczaniu Ko\u015bcio\u0142a. Orzeczenia de fide - Tradycja i Wiara\",\"isPartOf\":{\"@id\":\"https:\\\/\\\/wobronietradycjiiwiary.com\\\/pl\\\/#website\"},\"primaryImageOfPage\":{\"@id\":\"https:\\\/\\\/wobronietradycjiiwiary.com\\\/czysciec-istnieje-8-czysciec-w-nauczaniu-kosciola\\\/#primaryimage\"},\"image\":{\"@id\":\"https:\\\/\\\/wobronietradycjiiwiary.com\\\/czysciec-istnieje-8-czysciec-w-nauczaniu-kosciola\\\/#primaryimage\"},\"thumbnailUrl\":\"https:\\\/\\\/wobronietradycjiiwiary.com\\\/wp-content\\\/uploads\\\/2015\\\/10\\\/purghellrubens.jpg\",\"datePublished\":\"2015-11-25T07:00:15+00:00\",\"dateModified\":\"2025-02-07T14:40:20+00:00\",\"breadcrumb\":{\"@id\":\"https:\\\/\\\/wobronietradycjiiwiary.com\\\/czysciec-istnieje-8-czysciec-w-nauczaniu-kosciola\\\/#breadcrumb\"},\"inLanguage\":\"pl-PL\",\"potentialAction\":[{\"@type\":\"ReadAction\",\"target\":[\"https:\\\/\\\/wobronietradycjiiwiary.com\\\/czysciec-istnieje-8-czysciec-w-nauczaniu-kosciola\\\/\"]}]},{\"@type\":\"ImageObject\",\"inLanguage\":\"pl-PL\",\"@id\":\"https:\\\/\\\/wobronietradycjiiwiary.com\\\/czysciec-istnieje-8-czysciec-w-nauczaniu-kosciola\\\/#primaryimage\",\"url\":\"https:\\\/\\\/wobronietradycjiiwiary.com\\\/wp-content\\\/uploads\\\/2015\\\/10\\\/purghellrubens.jpg\",\"contentUrl\":\"https:\\\/\\\/wobronietradycjiiwiary.com\\\/wp-content\\\/uploads\\\/2015\\\/10\\\/purghellrubens.jpg\",\"width\":424,\"height\":432},{\"@type\":\"BreadcrumbList\",\"@id\":\"https:\\\/\\\/wobronietradycjiiwiary.com\\\/czysciec-istnieje-8-czysciec-w-nauczaniu-kosciola\\\/#breadcrumb\",\"itemListElement\":[{\"@type\":\"ListItem\",\"position\":1,\"name\":\"Strona g\u0142\u00f3wna\",\"item\":\"https:\\\/\\\/wobronietradycjiiwiary.com\\\/\"},{\"@type\":\"ListItem\",\"position\":2,\"name\":\"Czy\u015bciec istnieje. (8) Czy\u015bciec w nauczaniu Ko\u015bcio\u0142a. Orzeczenia de fide\"}]},{\"@type\":\"WebSite\",\"@id\":\"https:\\\/\\\/wobronietradycjiiwiary.com\\\/pl\\\/#website\",\"url\":\"https:\\\/\\\/wobronietradycjiiwiary.com\\\/pl\\\/\",\"name\":\"Tradycja i Wiara\",\"description\":\"Portal dla katolik\u00f3w.\",\"publisher\":{\"@id\":\"https:\\\/\\\/wobronietradycjiiwiary.com\\\/pl\\\/#organization\"},\"potentialAction\":[{\"@type\":\"SearchAction\",\"target\":{\"@type\":\"EntryPoint\",\"urlTemplate\":\"https:\\\/\\\/wobronietradycjiiwiary.com\\\/pl\\\/?s={search_term_string}\"},\"query-input\":{\"@type\":\"PropertyValueSpecification\",\"valueRequired\":true,\"valueName\":\"search_term_string\"}}],\"inLanguage\":\"pl-PL\"},{\"@type\":\"Organization\",\"@id\":\"https:\\\/\\\/wobronietradycjiiwiary.com\\\/pl\\\/#organization\",\"name\":\"Tradycja i Wiara\",\"url\":\"https:\\\/\\\/wobronietradycjiiwiary.com\\\/pl\\\/\",\"logo\":{\"@type\":\"ImageObject\",\"inLanguage\":\"pl-PL\",\"@id\":\"https:\\\/\\\/wobronietradycjiiwiary.com\\\/pl\\\/#\\\/schema\\\/logo\\\/image\\\/\",\"url\":\"https:\\\/\\\/i0.wp.com\\\/wobronietradycjiiwiary.com\\\/wp-content\\\/uploads\\\/2015\\\/10\\\/cropped-st-peters-dome-vatican.jpg?fit=940%2C198&ssl=1\",\"contentUrl\":\"https:\\\/\\\/i0.wp.com\\\/wobronietradycjiiwiary.com\\\/wp-content\\\/uploads\\\/2015\\\/10\\\/cropped-st-peters-dome-vatican.jpg?fit=940%2C198&ssl=1\",\"width\":940,\"height\":198,\"caption\":\"Tradycja i Wiara\"},\"image\":{\"@id\":\"https:\\\/\\\/wobronietradycjiiwiary.com\\\/pl\\\/#\\\/schema\\\/logo\\\/image\\\/\"},\"sameAs\":[\"https:\\\/\\\/www.facebook.com\\\/Tradycja-i-Wiara-108813920592249\"]},{\"@type\":\"Person\",\"@id\":\"https:\\\/\\\/wobronietradycjiiwiary.com\\\/pl\\\/#\\\/schema\\\/person\\\/2d6180ce6abcb681fef0daab7816e8f3\",\"name\":\"Traditio et Fides\",\"sameAs\":[\"https:\\\/\\\/traditionundglauben.com\"],\"url\":\"https:\\\/\\\/wobronietradycjiiwiary.com\\\/pl\\\/author\\\/wobronietradycjiiwiary\\\/\"}]}<\/script>\n<!-- \/ Yoast SEO plugin. -->","yoast_head_json":{"title":"Czy\u015bciec istnieje. (8) Czy\u015bciec w nauczaniu Ko\u015bcio\u0142a. Orzeczenia de fide - Tradycja i Wiara","robots":{"index":"index","follow":"follow","max-snippet":"max-snippet:-1","max-image-preview":"max-image-preview:large","max-video-preview":"max-video-preview:-1"},"canonical":"https:\/\/wobronietradycjiiwiary.com\/pl\/czysciec-istnieje-8-czysciec-w-nauczaniu-kosciola\/","og_locale":"pl_PL","og_type":"article","og_title":"Czy\u015bciec istnieje. (8) Czy\u015bciec w nauczaniu Ko\u015bcio\u0142a. Orzeczenia de fide - Tradycja i Wiara","og_description":"Czy\u015bciec w nauczaniu Ko\u015bcio\u0142a Istnienie czy\u015bcca jest dogmatem wiary katolickiej czyli orzeczeniem dogmatycznym de fide (DH 838, 856, 4657, 1010,&hellip; &nbsp; Pe\u0142en dost\u0119p dla subskrybent\u00f3w. Zaloguj si\u0119 lub przejd\u017a do Rejestracji. Nowe ni\u017csze ceny P\u0142atno\u015b\u0107 kart\u0105 P\u0142atno\u015b\u0107 przelewem P\u0142atno\u015b\u0107 kart\u0105 do 6 os\u00f3b","og_url":"https:\/\/wobronietradycjiiwiary.com\/pl\/czysciec-istnieje-8-czysciec-w-nauczaniu-kosciola\/","og_site_name":"Tradycja i Wiara","article_publisher":"https:\/\/www.facebook.com\/Tradycja-i-Wiara-108813920592249","article_published_time":"2015-11-25T07:00:15+00:00","article_modified_time":"2025-02-07T14:40:20+00:00","og_image":[{"width":424,"height":432,"url":"https:\/\/wobronietradycjiiwiary.com\/wp-content\/uploads\/2015\/10\/purghellrubens.jpg","type":"image\/jpeg"}],"author":"Traditio et Fides","twitter_card":"summary_large_image","twitter_misc":{"Napisane przez":"Traditio et Fides","Szacowany czas czytania":"12 minut"},"schema":{"@context":"https:\/\/schema.org","@graph":[{"@type":"Article","@id":"https:\/\/wobronietradycjiiwiary.com\/czysciec-istnieje-8-czysciec-w-nauczaniu-kosciola\/#article","isPartOf":{"@id":"https:\/\/wobronietradycjiiwiary.com\/czysciec-istnieje-8-czysciec-w-nauczaniu-kosciola\/"},"author":{"name":"Traditio et Fides","@id":"https:\/\/wobronietradycjiiwiary.com\/pl\/#\/schema\/person\/2d6180ce6abcb681fef0daab7816e8f3"},"headline":"Czy\u015bciec istnieje. (8) Czy\u015bciec w nauczaniu Ko\u015bcio\u0142a. Orzeczenia de fide","datePublished":"2015-11-25T07:00:15+00:00","dateModified":"2025-02-07T14:40:20+00:00","mainEntityOfPage":{"@id":"https:\/\/wobronietradycjiiwiary.com\/czysciec-istnieje-8-czysciec-w-nauczaniu-kosciola\/"},"wordCount":2409,"publisher":{"@id":"https:\/\/wobronietradycjiiwiary.com\/pl\/#organization"},"image":{"@id":"https:\/\/wobronietradycjiiwiary.com\/czysciec-istnieje-8-czysciec-w-nauczaniu-kosciola\/#primaryimage"},"thumbnailUrl":"https:\/\/wobronietradycjiiwiary.com\/wp-content\/uploads\/2015\/10\/purghellrubens.jpg","keywords":["czy\u015bciec","Restricted","Teologia czy\u015bcca"],"articleSection":["Czy\u015bciec","Doktryna","Rzeczy ostateczne","Teologia czy\u015b\u0107ca"],"inLanguage":"pl-PL"},{"@type":"WebPage","@id":"https:\/\/wobronietradycjiiwiary.com\/czysciec-istnieje-8-czysciec-w-nauczaniu-kosciola\/","url":"https:\/\/wobronietradycjiiwiary.com\/czysciec-istnieje-8-czysciec-w-nauczaniu-kosciola\/","name":"Czy\u015bciec istnieje. (8) Czy\u015bciec w nauczaniu Ko\u015bcio\u0142a. Orzeczenia de fide - Tradycja i Wiara","isPartOf":{"@id":"https:\/\/wobronietradycjiiwiary.com\/pl\/#website"},"primaryImageOfPage":{"@id":"https:\/\/wobronietradycjiiwiary.com\/czysciec-istnieje-8-czysciec-w-nauczaniu-kosciola\/#primaryimage"},"image":{"@id":"https:\/\/wobronietradycjiiwiary.com\/czysciec-istnieje-8-czysciec-w-nauczaniu-kosciola\/#primaryimage"},"thumbnailUrl":"https:\/\/wobronietradycjiiwiary.com\/wp-content\/uploads\/2015\/10\/purghellrubens.jpg","datePublished":"2015-11-25T07:00:15+00:00","dateModified":"2025-02-07T14:40:20+00:00","breadcrumb":{"@id":"https:\/\/wobronietradycjiiwiary.com\/czysciec-istnieje-8-czysciec-w-nauczaniu-kosciola\/#breadcrumb"},"inLanguage":"pl-PL","potentialAction":[{"@type":"ReadAction","target":["https:\/\/wobronietradycjiiwiary.com\/czysciec-istnieje-8-czysciec-w-nauczaniu-kosciola\/"]}]},{"@type":"ImageObject","inLanguage":"pl-PL","@id":"https:\/\/wobronietradycjiiwiary.com\/czysciec-istnieje-8-czysciec-w-nauczaniu-kosciola\/#primaryimage","url":"https:\/\/wobronietradycjiiwiary.com\/wp-content\/uploads\/2015\/10\/purghellrubens.jpg","contentUrl":"https:\/\/wobronietradycjiiwiary.com\/wp-content\/uploads\/2015\/10\/purghellrubens.jpg","width":424,"height":432},{"@type":"BreadcrumbList","@id":"https:\/\/wobronietradycjiiwiary.com\/czysciec-istnieje-8-czysciec-w-nauczaniu-kosciola\/#breadcrumb","itemListElement":[{"@type":"ListItem","position":1,"name":"Strona g\u0142\u00f3wna","item":"https:\/\/wobronietradycjiiwiary.com\/"},{"@type":"ListItem","position":2,"name":"Czy\u015bciec istnieje. (8) Czy\u015bciec w nauczaniu Ko\u015bcio\u0142a. Orzeczenia de fide"}]},{"@type":"WebSite","@id":"https:\/\/wobronietradycjiiwiary.com\/pl\/#website","url":"https:\/\/wobronietradycjiiwiary.com\/pl\/","name":"Tradycja i Wiara","description":"Portal dla katolik\u00f3w.","publisher":{"@id":"https:\/\/wobronietradycjiiwiary.com\/pl\/#organization"},"potentialAction":[{"@type":"SearchAction","target":{"@type":"EntryPoint","urlTemplate":"https:\/\/wobronietradycjiiwiary.com\/pl\/?s={search_term_string}"},"query-input":{"@type":"PropertyValueSpecification","valueRequired":true,"valueName":"search_term_string"}}],"inLanguage":"pl-PL"},{"@type":"Organization","@id":"https:\/\/wobronietradycjiiwiary.com\/pl\/#organization","name":"Tradycja i Wiara","url":"https:\/\/wobronietradycjiiwiary.com\/pl\/","logo":{"@type":"ImageObject","inLanguage":"pl-PL","@id":"https:\/\/wobronietradycjiiwiary.com\/pl\/#\/schema\/logo\/image\/","url":"https:\/\/i0.wp.com\/wobronietradycjiiwiary.com\/wp-content\/uploads\/2015\/10\/cropped-st-peters-dome-vatican.jpg?fit=940%2C198&ssl=1","contentUrl":"https:\/\/i0.wp.com\/wobronietradycjiiwiary.com\/wp-content\/uploads\/2015\/10\/cropped-st-peters-dome-vatican.jpg?fit=940%2C198&ssl=1","width":940,"height":198,"caption":"Tradycja i Wiara"},"image":{"@id":"https:\/\/wobronietradycjiiwiary.com\/pl\/#\/schema\/logo\/image\/"},"sameAs":["https:\/\/www.facebook.com\/Tradycja-i-Wiara-108813920592249"]},{"@type":"Person","@id":"https:\/\/wobronietradycjiiwiary.com\/pl\/#\/schema\/person\/2d6180ce6abcb681fef0daab7816e8f3","name":"Traditio et Fides","sameAs":["https:\/\/traditionundglauben.com"],"url":"https:\/\/wobronietradycjiiwiary.com\/pl\/author\/wobronietradycjiiwiary\/"}]}},"jetpack_publicize_connections":[],"jetpack_sharing_enabled":true,"jetpack_likes_enabled":true,"jetpack_shortlink":"https:\/\/wp.me\/pc04Sd-20U","jetpack-related-posts":[{"id":39415,"url":"https:\/\/wobronietradycjiiwiary.com\/pl\/czysciec-istnieje-8-czysciec-w-nauczaniu-kosciola-orzeczenia-de-fide\/","url_meta":{"origin":7744,"position":0},"title":"Czy\u015bciec istnieje. (8) Czy\u015bciec w nauczaniu Ko\u015bcio\u0142a. Orzeczenia de fide","author":"Traditio et Fides","date":"26 listopada 2020","format":false,"excerpt":"Czy\u015bciec w nauczaniu Ko\u015bcio\u0142a Istnienie czy\u015bcca jest dogmatem wiary katolickiej czyli orzeczeniem dogmatycznym de fide (DH 838, 856, 4657, 1010, 1487, 1820, 1867, 3554) Ujmuj\u0105c rzecz inaczej: ka\u017cdy kto istnieniu czy\u015bcca zaprzecza, g\u0142osi herezje. Czy\u015bciec w prawos\u0142awiu Jak to jednak zwykle w historii Ko\u015bcio\u0142a bywa\u0142o do zdogmatyzowania wyznanego ju\u017c uprzednio\u2026","rel":"","context":"W \u201eCzy\u015bciec&quot;","block_context":{"text":"Czy\u015bciec","link":"https:\/\/wobronietradycjiiwiary.com\/pl\/category\/doktryna\/teologia-dogmatyczna\/rzeczy-ostateczne-eschatologia\/czysciec\/"},"img":{"alt_text":"","src":"https:\/\/i0.wp.com\/wobronietradycjiiwiary.com\/wp-content\/uploads\/2015\/10\/purghellrubens.jpg?resize=350%2C200&ssl=1","width":350,"height":200},"classes":[]},{"id":79849,"url":"https:\/\/wobronietradycjiiwiary.com\/pl\/czysciec-istnieje-8-czysciec-w-nauczaniu-kosciola-orzeczenia-de-fide-2\/","url_meta":{"origin":7744,"position":1},"title":"Czy\u015bciec istnieje. (8) Czy\u015bciec w nauczaniu Ko\u015bcio\u0142a. Orzeczenia de fide","author":"Traditio et Fides","date":"8 listopada 2022","format":false,"excerpt":"Czy\u015bciec w nauczaniu Ko\u015bcio\u0142a Istnienie czy\u015bcca jest dogmatem wiary katolickiej czyli orzeczeniem dogmatycznym de fide (DH 838, 856, 4657, 1010, 1487, 1820, 1867, 3554) Ujmuj\u0105c rzecz inaczej: ka\u017cdy kto istnieniu czy\u015bcca zaprzecza, g\u0142osi herezje. Czy\u015bciec w prawos\u0142awiu Jak to jednak zwykle w historii Ko\u015bcio\u0142a bywa\u0142o do zdogmatyzowania wyznanego ju\u017c uprzednio\u2026","rel":"","context":"W \u201eCzy\u015bciec&quot;","block_context":{"text":"Czy\u015bciec","link":"https:\/\/wobronietradycjiiwiary.com\/pl\/category\/doktryna\/teologia-dogmatyczna\/rzeczy-ostateczne-eschatologia\/czysciec\/"},"img":{"alt_text":"","src":"https:\/\/i0.wp.com\/wobronietradycjiiwiary.com\/wp-content\/uploads\/2015\/10\/purghellrubens.jpg?resize=350%2C200&ssl=1","width":350,"height":200},"classes":[]},{"id":7409,"url":"https:\/\/wobronietradycjiiwiary.com\/pl\/listopad-miesiacem-rozwazania-czyscca\/","url_meta":{"origin":7744,"position":2},"title":"Listopad miesi\u0105cem rozwa\u017cania czy\u015bcca","author":"Traditio et Fides","date":"31 pa\u017adziernika 2015","format":false,"excerpt":"Teologia i rzeczywisto\u015b\u0107 czy\u015bcca jest zupe\u0142nie nieobecna we wsp\u00f3\u0142czesnym przepowiadaniu. Pisz\u0105cy te s\u0142owa w swoim nie a\u017c tak kr\u00f3tkim \u017cyciu us\u0142ysza\u0142 dotychczas jedynie dwa kazania na ten temat, chocia\u017c do ko\u015bcio\u0142a zdecydowanie chodzi i to raczej cz\u0119sto. Trudno znale\u017a\u0107 te\u017c co\u015b fachowego i dobrego na ten temat, podobnie jak i\u2026","rel":"","context":"W \u201eCzy\u015bciec&quot;","block_context":{"text":"Czy\u015bciec","link":"https:\/\/wobronietradycjiiwiary.com\/pl\/category\/doktryna\/teologia-dogmatyczna\/rzeczy-ostateczne-eschatologia\/czysciec\/"},"img":{"alt_text":"","src":"https:\/\/i0.wp.com\/wobronietradycjiiwiary.com\/wp-content\/uploads\/2015\/10\/purpainting-scaled.jpg?resize=350%2C200&ssl=1","width":350,"height":200,"srcset":"https:\/\/i0.wp.com\/wobronietradycjiiwiary.com\/wp-content\/uploads\/2015\/10\/purpainting-scaled.jpg?resize=350%2C200&ssl=1 1x, https:\/\/i0.wp.com\/wobronietradycjiiwiary.com\/wp-content\/uploads\/2015\/10\/purpainting-scaled.jpg?resize=525%2C300&ssl=1 1.5x, https:\/\/i0.wp.com\/wobronietradycjiiwiary.com\/wp-content\/uploads\/2015\/10\/purpainting-scaled.jpg?resize=700%2C400&ssl=1 2x, https:\/\/i0.wp.com\/wobronietradycjiiwiary.com\/wp-content\/uploads\/2015\/10\/purpainting-scaled.jpg?resize=1050%2C600&ssl=1 3x"},"classes":[]},{"id":105851,"url":"https:\/\/wobronietradycjiiwiary.com\/pl\/s-maria-od-krzyza-rekopis-z-czyscca-rok-1883-iii-45-z\/","url_meta":{"origin":7744,"position":3},"title":"S. Maria od Krzy\u017ca: &#8220;R\u0119kopis z Czy\u015b\u0107ca&#8221;. Rok 1883 (iii) (45 z 60).","author":"Traditio et Fides","date":"23 pa\u017adziernika 2023","format":false,"excerpt":"O marnotrawieniu \u0142aski.","rel":"","context":"W \u201e\"R\u0119kopis z czy\u015b\u0107ca\"&quot;","block_context":{"text":"\"R\u0119kopis z czy\u015b\u0107ca\"","link":"https:\/\/wobronietradycjiiwiary.com\/pl\/category\/doktryna\/teologia-dogmatyczna\/rzeczy-ostateczne-eschatologia\/czysciec\/objawienia-prywatne-nt-czyscca\/rekopis-z-czyscca\/"},"img":{"alt_text":"","src":"https:\/\/i0.wp.com\/wobronietradycjiiwiary.com\/wp-content\/uploads\/2022\/11\/Purgatorio7.jpg?resize=350%2C200&ssl=1","width":350,"height":200},"classes":[]},{"id":113763,"url":"https:\/\/wobronietradycjiiwiary.com\/pl\/s-maria-od-krzyza-rekopis-z-czyscca-rok-1890-i-60-z-60\/","url_meta":{"origin":7744,"position":4},"title":"S. Maria od Krzy\u017ca: &#8220;R\u0119kopis z czy\u015b\u0107ca&#8221;, Rok 1890 (i) (60 z 60)","author":"Traditio et Fides","date":"4 marca 2024","format":false,"excerpt":"I dzisiaj dobrn\u0119li\u015bmy do ostatniego odcinka \"R\u0119kopisu z czy\u015b\u0107ca\". W niebie b\u0119dzie pi\u0119knie, a nasze miejsce w nim zale\u017ce\u0107 b\u0119dzie od naszego stopnia mi\u0142o\u015bci do Boga na ziemi. Ostatnimi czasy pisz\u0105cy te s\u0142owa zastanawia si\u0119, czy na ziemi tak m\u0119czy\u0107 si\u0119 trzeba, ale widocznie tak jest, skoro niebo trwa\u0107 b\u0119dzie\u2026","rel":"","context":"W \u201e\"R\u0119kopis z czy\u015b\u0107ca\"&quot;","block_context":{"text":"\"R\u0119kopis z czy\u015b\u0107ca\"","link":"https:\/\/wobronietradycjiiwiary.com\/pl\/category\/doktryna\/teologia-dogmatyczna\/rzeczy-ostateczne-eschatologia\/czysciec\/objawienia-prywatne-nt-czyscca\/rekopis-z-czyscca\/"},"img":{"alt_text":"","src":"https:\/\/i0.wp.com\/wobronietradycjiiwiary.com\/wp-content\/uploads\/2022\/11\/Purgatorio7.jpg?resize=350%2C200&ssl=1","width":350,"height":200},"classes":[]},{"id":39409,"url":"https:\/\/wobronietradycjiiwiary.com\/pl\/czysciec-istnieje-5-czysciec-w-tradycji-kosciola-swiadectwa-patrystyczne-1-2\/","url_meta":{"origin":7744,"position":5},"title":"Czy\u015bciec istnieje. (5) Czy\u015bciec w Tradycji Ko\u015bcio\u0142a. \u015awiadectwa patrystyczne (1).","author":"Traditio et Fides","date":"14 listopada 2020","format":false,"excerpt":"Dowody patrystyczne Jak ju\u017c wielokrotnie pisali\u015bmy na tym blogu katolicyzm to nie sola Scriptura. Nie opiera si\u0119 on wy\u0142\u0105cznie na osobistej lekturze Pisma \u015awi\u0119tego, ale Ko\u015bci\u00f3\u0142 uczy i wychowuje wiernych poprzez Tradycj\u0119, to jest poprzez to, co sam czyni, bo w to wierzy. Sob\u00f3r Watyka\u0144ski II, kt\u00f3ry zawiera tak\u017ce dobre\u2026","rel":"","context":"W \u201eCzy\u015bciec&quot;","block_context":{"text":"Czy\u015bciec","link":"https:\/\/wobronietradycjiiwiary.com\/pl\/category\/doktryna\/teologia-dogmatyczna\/rzeczy-ostateczne-eschatologia\/czysciec\/"},"img":{"alt_text":"","src":"https:\/\/i0.wp.com\/wobronietradycjiiwiary.com\/wp-content\/uploads\/2015\/10\/purghellrubens.jpg?resize=350%2C200&ssl=1","width":350,"height":200},"classes":[]}],"amp_enabled":true,"jetpack_featured_media_url":"https:\/\/wobronietradycjiiwiary.com\/wp-content\/uploads\/2015\/10\/purghellrubens.jpg","_links":{"self":[{"href":"https:\/\/wobronietradycjiiwiary.com\/pl\/wp-json\/wp\/v2\/posts\/7744","targetHints":{"allow":["GET"]}}],"collection":[{"href":"https:\/\/wobronietradycjiiwiary.com\/pl\/wp-json\/wp\/v2\/posts"}],"about":[{"href":"https:\/\/wobronietradycjiiwiary.com\/pl\/wp-json\/wp\/v2\/types\/post"}],"author":[{"embeddable":true,"href":"https:\/\/wobronietradycjiiwiary.com\/pl\/wp-json\/wp\/v2\/users\/60508433"}],"replies":[{"embeddable":true,"href":"https:\/\/wobronietradycjiiwiary.com\/pl\/wp-json\/wp\/v2\/comments?post=7744"}],"version-history":[{"count":1,"href":"https:\/\/wobronietradycjiiwiary.com\/pl\/wp-json\/wp\/v2\/posts\/7744\/revisions"}],"predecessor-version":[{"id":55730,"href":"https:\/\/wobronietradycjiiwiary.com\/pl\/wp-json\/wp\/v2\/posts\/7744\/revisions\/55730"}],"wp:featuredmedia":[{"embeddable":true,"href":"https:\/\/wobronietradycjiiwiary.com\/pl\/wp-json\/wp\/v2\/media\/7394"}],"wp:attachment":[{"href":"https:\/\/wobronietradycjiiwiary.com\/pl\/wp-json\/wp\/v2\/media?parent=7744"}],"wp:term":[{"taxonomy":"category","embeddable":true,"href":"https:\/\/wobronietradycjiiwiary.com\/pl\/wp-json\/wp\/v2\/categories?post=7744"},{"taxonomy":"post_tag","embeddable":true,"href":"https:\/\/wobronietradycjiiwiary.com\/pl\/wp-json\/wp\/v2\/tags?post=7744"}],"curies":[{"name":"wp","href":"https:\/\/api.w.org\/{rel}","templated":true}]}}