{"id":76742,"date":"2022-09-09T08:15:21","date_gmt":"2022-09-09T06:15:21","guid":{"rendered":"https:\/\/wobronietradycjiiwiary.com\/?p=76742"},"modified":"2025-02-10T11:15:38","modified_gmt":"2025-02-10T10:15:38","slug":"9-go-wrzesnia-zywot-swietego-korbiniana-biskupa-2","status":"publish","type":"post","link":"https:\/\/wobronietradycjiiwiary.com\/pl\/9-go-wrzesnia-zywot-swietego-korbiniana-biskupa-2\/","title":{"rendered":"9-go Wrze\u015bnia. \u017bywot \u015bwi\u0119tego Korbiniana, Biskupa."},"content":{"rendered":"<div id=\"bsf_rt_marker\"><\/div>\n<p class=\"has-text-align-center wp-block-paragraph\"><em>(\u017by\u0142 oko\u0142o roku Pa\u0144skiego 730).<\/em><\/p>\n\n\n\n<figure class=\"wp-block-image\"><a href=\"https:\/\/pl.wikisource.org\/wiki\/Plik:%C5%BBywoty_%C5%9Bw._Pa%C5%84skich_na_wszystkie_dnie_roku-Inicja%C5%82-%C5%9A.png\"><img decoding=\"async\" src=\"https:\/\/upload.wikimedia.org\/wikipedia\/commons\/thumb\/2\/2f\/%C5%BBywoty_%C5%9Bw._Pa%C5%84skich_na_wszystkie_dnie_roku-Inicja%C5%82-%C5%9A.png\/58px-%C5%BBywoty_%C5%9Bw._Pa%C5%84skich_na_wszystkie_dnie_roku-Inicja%C5%82-%C5%9A.png\" alt=\"\u015a\"\/><\/a><\/figure>\n\n\n\n<p class=\"has-text-align-justify wp-block-paragraph\">\u015awi\u0119ty Korbinian, pierwszy Biskup dyecezyi Monachijsko-Freisingskiej, urodzi\u0142 si\u0119 w roku 668 w Chartres. Ju\u017c jako dziecko okazywa\u0142 szczeg\u00f3lny poci\u0105g do modlitwy i rzeczy Boskich. Gdy utraci\u0142 matk\u0119, sprzeda\u0142 wszystk\u0105 ojcowizn\u0119, osiad\u0142 jako pustelnik przy kapliczce \u015bwi\u0119tego Germana i oddawa\u0142 si\u0119 przez lat czterna\u015bcie pokucie i umartwieniom. Kilku bogobojnych m\u0119\u017c\u00f3w przy\u0142\u0105czy\u0142o si\u0119 i wiod\u0142o z nim \u017cycie zakonne wed\u0142ug regu\u0142y \u015bw. Benedykta. S\u0142awa \u015bwi\u0119tobliwo\u015bci jego spowodowa\u0142a wielu do szukania pociechy, zasi\u0119gania rady u niego i polecenia si\u0119 jego mod\u0142om. Odszuka\u0142 go w tym celu sam namiestnik pa\u0144stwa, Pipin. Ustawiczne przeszkody, jakich doznawa\u0142 w ulubionej samotno\u015bci, nape\u0142ni\u0142y go obaw\u0105 o w\u0142asne zbawienie i spowodowa\u0142y do opuszczenia pustelni i podr\u00f3\u017cy do Rzymu, gdzie za zezwoleniem Papie\u017ca przep\u0119dzi\u0142 niejaki czas na modlitwie u grobu \u015bwi\u0119tego Piotra.<\/p>\n\n\n\n<p class=\"has-text-align-justify wp-block-paragraph\">Poznawszy dok\u0142adnie serce i zdolno\u015bci Korbiniana, nakaza\u0142 mu Papie\u017c Konstanty odda\u0107 si\u0119 na s\u0142u\u017cb\u0119 Bosk\u0105, pracowa\u0107 w zawodzie Apostolskim i udzieli\u0142 mu \u015bwi\u0119ce\u0144 kap\u0142a\u0144skich i Biskupich.<\/p>\n\n\n\n<p class=\"has-text-align-justify wp-block-paragraph\">Z pokornem poddaniem si\u0119 woli Namiestnika Chrystusowego, wr\u00f3ci\u0142 Korbinian do Francyi, gdzie niestrudzona jego praca znalaz\u0142a obszerne pole. W nieustannych bowiem wojnach domowych zdzicza\u0142a szlachta i lud. Zbrojny mieczem s\u0142owa Bo\u017cego, powsta\u0142 \u015bmia\u0142o przeciw panuj\u0105cym pod\u00f3wczas wyst\u0119pkom i zbrodniom. Ognista wymowa jego skutecznie dzia\u0142a\u0142a na duchowie\u0144stwo i na \u015bwieckich. Zapragn\u0105\u0142 go widzie\u0107 Pipin na swym dworze; w drodze spostrzeg\u0142 Korbinian szubienic\u0119, na kt\u00f3rej miano wiesza\u0107 os\u0142awionego z\u0142oczy\u0144c\u0119 Adalberta. Lituj\u0105c si\u0119 nad nim, zaklina\u0142 Korbinian s\u0119dziego, by kar\u0119 \u015bmierci od\u0142o\u017cy\u0142, p\u00f3ki si\u0119 nie obaczy z kr\u00f3lem; s\u0119dzia nie chcia\u0142 s\u0142ucha\u0107 o zw\u0142oce. Biskup przygotowa\u0142 tedy n\u0119dznika na \u015bmier\u0107, po\u015bpieszy\u0142 do Pipina, wyrobi\u0142 mu darowanie \u017cycia, a wracaj\u0105c co pr\u0119dzej, chcia\u0142 mu radosn\u0105 nowin\u0119 og\u0142osi\u0107, lecz Adalbert ju\u017c\u00a0wisia\u0142. Wykonawcy wyroku o\u015bwiadczyli, \u017ce u\u0142askawienie przychodzi za p\u00f3\u017ano, zbrodniarz bowiem nie \u017cyje. Biskup jednak kaza\u0142 go zdj\u0105\u0107 z szubienicy i przekona\u0142 wszystkich, \u017ce \u017cyje i zdr\u00f3w. Odt\u0105d skazaniec nie odst\u0105pi\u0142 na krok zbawcy swego i wi\u00f3d\u0142 a\u017c do zgonu \u017cycie pokutne.<\/p>\n\n\n\n<p class=\"has-text-align-justify wp-block-paragraph\">Niezno\u015bne by\u0142y \u015bwi\u0119temu Pasterzowi cze\u015b\u0107 i honory, jakie mu wsz\u0119dzie \u015bwiadczono. Schroni\u0142 si\u0119 wi\u0119c z kilku uczniami do klasztoru pod miastem Chartres, ale i tam go wy\u015bledzono. Nap\u0142yw ludzi wkr\u00f3tce si\u0119 tak zwi\u0119kszy\u0142, \u017ce nie wiedz\u0105c sobie rady, po siedmiu latach podj\u0105\u0142 drug\u0105 podr\u00f3\u017c do Rzymu, aby za zezwoleniem Papie\u017ca z\u0142o\u017cy\u0107 godno\u015b\u0107 Biskupi\u0105 i zerwa\u0107 zupe\u0142nie stosunki ze \u015bwiatem.<br><\/p>\n\n\n\n<p class=\"has-text-align-justify wp-block-paragraph\">\u2009Drog\u0119 obra\u0142 przez Szwabi\u0119 i Bawary\u0119, gdzie nawr\u00f3ci\u0142 wielkie mn\u00f3stwo ba\u0142wochwalc\u00f3w i znalaz\u0142 przychylne przyj\u0119cie u dworu ksi\u0119cia Teodora w Ratysbonie i jego syna Grimoalda we Freisingu. Obaj pragn\u0119li gor\u0105co zatrzyma\u0107 go u siebie. Papie\u017c Grzegorz II przyj\u0105\u0142 go \u0142askawie, ale nie uwzgl\u0119dni\u0142 ani pro\u015bby, ani \u0142ez jego, rozkazuj\u0105c mu wraca\u0107 do Bawaryi w celu krzewienia tam Wiary \u015bwi\u0119tej. I wr\u00f3ci\u0142 pos\u0142uszny do Tyrolu; gdy stan\u0105\u0142 pod Meranem, przyj\u0119li go dworzanie ksi\u0119cia Grimoalda i donie\u015bli we Freisingu o jego przybyciu. Zatrzymawszy si\u0119 w tych stronach, polubi\u0142 je Korbinian, zapragn\u0105\u0142 zakupi\u0107 tam obszar ziemi i za\u0142o\u017cy\u0107 klasztor przy ko\u015bciele \u015bw. Walentego. Tymczasem przybyli pos\u0142owie Grimoalda, aby go zabra\u0107 z sob\u0105, a w razie potrzeby przymusem zawie\u015b\u0107 do pana.<\/p>\n\n\n\n<p class=\"has-text-align-justify wp-block-paragraph\">Ulegaj\u0105c przemocy, wybra\u0142 si\u0119 Korbinian w drog\u0119, zostawiaj\u0105c na miejscu t\u0142umoki i podarki odebrane od kr\u00f3la Luitpranda. Stan\u0105wszy we Freisingu, o\u015bwiadczy\u0142 zaraz ksi\u0119ciu: \u201eNoga moja nie postoi w twym domu, je\u015bli nie ode\u015blesz z domu wdowy brata twego, z kt\u00f3r\u0105 \u017cyjesz w zakazanem ma\u0142\u017ce\u0144stwie, gdy\u017c napisano jest: \u201eNie wolno ci bra\u0107 \u017cony brata twego.\u201c (<a href=\"https:\/\/pl.wikisource.org\/wiki\/Biblia_Wujka_(1923)\/Ewangelia_wg_%C5%9Bw._Marka_(ca%C5%82o%C5%9B%C4%87)#6:18\">Mar.\u00a06, 18<\/a>). Grimoald odes\u0142a\u0142 bratow\u0119, kt\u00f3ra odt\u0105d zapa\u0142a\u0142a przeciw Biskupowi zawzi\u0119t\u0105 nienawi\u015bci\u0105.<\/p>\n\n\n\n<p class=\"has-text-align-justify wp-block-paragraph\">Wtedy dopiero przyj\u0105\u0142 Korbinian go\u015bcin\u0119 u ksi\u0119cia i rozpocz\u0105\u0142 prac\u0119 oko\u0142o krzewienia i ustalenia Wiary \u015bwi\u0119tej i \u017cycia chrze\u015bcija\u0144skiego. B\u0142ogie owoce jego dzia\u0142ania spowodowa\u0142y go do obrania sobie siedziby we Freisingu i przebudowania kaplicy zamkowej na Katedr\u0119. Zapomoc\u0105 i wsparciem szczodrobliwego ksi\u0119cia zakupi\u0142 w\u0142o\u015bci na uposa\u017cenie Biskupstwa. Na zach\u00f3d Freisingu wystawi\u0142 na g\u00f3rze Tetmon ko\u015bci\u00f3\u0142 na cze\u015b\u0107 \u015bwi\u0119tego Stefana. Do tego ko\u015bcio\u0142a chodzi\u0142 co noc strudzony dzienn\u0105 prac\u0105, aby z zakonnikami odmawia\u0107 w ch\u00f3rze modlitwy i w \u015bwi\u0119tem rozpami\u0119tywaniu ukrzepi\u0107 si\u0119 do pracy Apostolskiej. P\u00f3\u017aniej zbudowa\u0142 przy katedrze klasztor i ko\u015bci\u00f3\u0142 na cze\u015b\u0107 \u015bwi\u0119tego Benedykta.<\/p>\n\n\n\n<p class=\"has-text-align-justify wp-block-paragraph\">Nast\u0119pnie musia\u0142 uchodzi\u0107, bo owa wdowa czyha\u0142a na jego zgub\u0119. Grimoald dowiedziawszy si\u0119 o wyje\u017adzie jego, b\u0142aga\u0142 go, by \u015bpiesznie wraca\u0142. Biskup odpowiedzia\u0142, \u017ce Eliasz Prorok musia\u0142 uchodzi\u0107 przed zawzi\u0119to\u015bci\u0105 Jezabeli. Tymczasem Frankowie wtargn\u0119li do kraju, Grimoald poleg\u0142, a owa\u00a0nieprawna \u017cona jego, imieniem Piltruda dosta\u0142a si\u0119 w r\u0119ce Karola Martella, kt\u00f3ry j\u0105 na o\u015ble wyprawi\u0142 do W\u0142och, gdzie n\u0119dznie \u017cycie zako\u0144czy\u0142a. Nowy ksi\u0105\u017c\u0119 Hegbert wyprawi\u0142 pos\u0142\u00f3w do Korbiniana i sk\u0142oni\u0142 go do powrotu. Lud przyj\u0105\u0142 z rado\u015bci\u0105 duchownego swego zwierzchnika. Biskup zarz\u0105dza\u0142 jeszcze kilka lat dyecezy\u0105 z jak najpomy\u015blniejszym skutkiem. Gdy si\u0119 zbli\u017cy\u0142a przepowiedziana mu od Boga chwila zgonu, poprosi\u0142 kr\u00f3la Luitpranda, aby zatwierdzi\u0142 darowizn\u0119 d\u00f3br jako w\u0142asno\u015b\u0107 Ko\u015bcio\u0142a i zw\u0142oki jego pochowa\u0142 w ko\u015bciele \u015bwi\u0119tego Walentego. W dzie\u0144 \u015bmierci wzi\u0105\u0142 jeszcze raz ornat Biskupi i odprawi\u0142 Msz\u0119 \u015bwi\u0119t\u0105. Przyj\u0105wszy Ostatnie Olejem \u015bwi\u0119tym namaszczenie, po\u0142o\u017cy\u0142 si\u0119 w \u0142\u00f3\u017cko i zasn\u0105\u0142 bez b\u00f3lu roku 730. Pochowano go w Katedrze. Po czterdziestu latach sprowadzono cia\u0142o jego zn\u00f3w do Freisingu, gdzie zas\u0142yn\u0119\u0142o licznymi cudami.<br><\/p>\n\n\n\n<h2 class=\"wp-block-heading\"><strong>Nauka moralna.<\/strong><\/h2>\n\n\n\n<p class=\"has-text-align-justify wp-block-paragraph\">\u2009Najg\u0142\u00f3wniejszym celem trosk i stara\u0144 Korbiniana by\u0142o zbawienie duszy. Szuka\u0142 przeto samotno\u015bci, unika\u0142 zaszczyt\u00f3w, s\u0142awy i rozg\u0142osu i dlatego te\u017c je\u017cd\u017ca\u0142 po dwakro\u0107 do Rzymu. Czy nie powinni\u015bmy go na\u015bladowa\u0107?<\/p>\n\n\n\n<p class=\"has-text-align-justify wp-block-paragraph\">1) I nam chodzi niezawodnie o to, aby\u015bmy posiedli szcz\u0119\u015bcie niezmienne, prawdziwe, wiecznotrwa\u0142e, gdy\u017c szcz\u0119\u015bcie chwilowe, przemijaj\u0105ce, podlegaj\u0105ce zmianom, nie zadowala serc naszych. Czy takiem szcz\u0119\u015bciem zdo\u0142a nas \u015bwiat obdarzy\u0107? Niejeden pragnie maj\u0105tku i pieni\u0119dzy, gdy\u017c mo\u017cna za nie naby\u0107 odzie\u017cy, \u017cywno\u015bci, tytu\u0142\u00f3w, zmys\u0142owych rozkoszy. Ale wszystko to marne i znikome; jedynem, prawdziwem, wiekuistem szcz\u0119\u015bciem jest \u017cywot wieczny i zbawienie. Tego nie mo\u017cna naby\u0107 za pieni\u0105dze, nawet za wszystkie skarby \u015bwiata. C\u00f3\u017c nam mo\u017ce da\u0107 Pan B\u00f3g? Oto mo\u017ce nam da\u0107 samego Siebie. On chce by\u0107 nagrod\u0105 i wiekuist\u0105 w\u0142asno\u015bci\u0105 nasz\u0105. W tem \u017cyciu ziemskiem daje On nam chleb powszedni, ale jest to rzecz mniejszej wagi. Wa\u017cniejsz\u0105 spraw\u0105 jest to, \u017ce daje nam Pan B\u00f3g Swego Syna, Zbawiciela naszego, poza kt\u00f3rym niema zbawienia, a daje nam Go przez Matk\u0119 nasz\u0105, a t\u0105 jest Ko\u015bci\u00f3\u0142 jedyny, prawdziwy, katolicki i Apostolski, Ko\u015bci\u00f3\u0142 za\u015b nigdy nie \u0142udzi i nie zawodzi jak rzeczy ziemskie.<\/p>\n\n\n\n<p class=\"has-text-align-justify wp-block-paragraph\">2) Komu\u017c tedy powierzymy ziszczenie naszych najgor\u0119tszych pragnie\u0144, Bogu czy \u015bwiatu? B\u00f3g nam zostawi\u0142 wolny wyb\u00f3r, da\u0142 nam \u017cycie, obdarzy\u0142 nas zdolno\u015bciami, zachowa\u0142 Sobie prawa \u017cycia i \u015bmierci naszej, ale zostawi\u0142 nam jak najzupe\u0142niejsz\u0105 swobod\u0119 co do wyboru mi\u0119dzy Nim a \u015bwiatem. B\u00f3g jest mi\u0142o\u015bci\u0105, dlatego nie \u017c\u0105da od nas s\u0142u\u017cby przymusowej, lecz s\u0142u\u017cby dobrowolnej, tak jak Mu s\u0142u\u017cy dziewi\u0119\u0107 ch\u00f3r\u00f3w anielskich. Nam s\u0142u\u017cy wolny wyb\u00f3r mi\u0119dzy Niebem a piek\u0142em, zbawieniem a pot\u0119pieniem. Jak nies\u0142ychanie wa\u017cnym jest ten wyb\u00f3r! Sumienie m\u00f3wi nam, \u017ce za ten wyb\u00f3r odpowiemy kiedy\u015b przed S\u0105dem Bo\u017cym, przed kt\u00f3rym z pewno\u015bci\u0105 kiedy\u015b staniemy, tak jak pewn\u0105 jest \u015bmier\u0107 nasza. Dzisiaj tylko przys\u0142uguje nam prawo o\u015bwiadczenia si\u0119, czy wybierzemy Boga, czy \u015bwiat; dzie\u0144 jutrzejszy jest o tyle niepewny, \u017ce \u015bmier\u0107 nas niespodzianie zaskoczy\u0107 mo\u017ce. Grzeszn\u0105 przeto i wyst\u0119pn\u0105 jest lekkomy\u015blno\u015b\u0107, jak\u0105 si\u0119 wi\u0119kszo\u015b\u0107 ludzi w \u017cyciu powoduje, odk\u0142adaj\u0105c ten wyb\u00f3r z dnia na dzie\u0144; grzesz\u0105 mianowicie dlatego, \u017ce zgorszenia i pokusy zwi\u0119kszaj\u0105 si\u0119 coraz wi\u0119cej u tych, co im si\u0119 oprze\u0107 nie zdo\u0142aj\u0105, a my\u015bl\u0105 tylko o mno\u017ceniu maj\u0105tku i u\u017cywaniu przyjemno\u015bci i rozkoszy \u017cycia. Pracujmy przeto, walczmy, cierpmy z Panem Jezusem, po Nim si\u0119 spodziewajmy nagrody, pomni na s\u0142owa Jego: \u201eNagroda wasza w Niebie wielk\u0105 b\u0119dzie.\u201c<\/p>\n\n\n\n<h2 class=\"wp-block-heading\"><br><strong>Modlitwa.<\/strong><\/h2>\n\n\n\n<blockquote class=\"wp-block-quote is-layout-flow wp-block-quote-is-layout-flow\"><p>\u2009Bo\u017ce i Panie m\u00f3j, kt\u00f3ry\u015b nam da\u0142 w \u015bw. Korbinianie wz\u00f3r niestrudzonej pracy i troski o zbawienie, racz i nas natchn\u0105\u0107 tym samym duchem, naucz nas gardzi\u0107 ziemskiemi dobrami a ceni\u0107 nade wszystko wiekuiste, jakimi ciesz\u0105 si\u0119 wszyscy ci, co zachowuj\u0105 przykazania Twe i id\u0105 w \u015blady Syna Twego a Zbawiciela naszego. Przez Pana naszego Jezusa Chrystusa, kt\u00f3ry kr\u00f3luje w Niebie i na ziemi. Amen.<\/p><\/blockquote>\n\n\n\n<figure class=\"wp-block-table\"><table><tbody><tr><td>\u2217&nbsp;&nbsp;&nbsp;&nbsp;&nbsp;&nbsp;&nbsp;&nbsp;&nbsp;&nbsp;&nbsp;&nbsp;&nbsp;&nbsp;&nbsp;&nbsp;&nbsp;&nbsp;&nbsp;&nbsp;\u2217<br>\u2217<\/td><\/tr><\/tbody><\/table><\/figure>\n\n\n\n<p class=\"has-text-align-justify wp-block-paragraph\">\u2009<em>Opr\u00f3cz tego obchodzi Ko\u015bci\u00f3\u0142 \u015bwi\u0119ty pami\u0105tk\u0119 nast\u0119puj\u0105cych \u015awi\u0119tych Pa\u0144skich, zamieszczonych w rzymskiem martyrologium:<\/em>\u2009<strong>Dnia 9-go wrze\u015bnia<\/strong>&nbsp;w Nikomedyi m\u0119cze\u0144stwo \u015bw.&nbsp;Doroteusza i Gorgoniusza. Mimo wysokich urz\u0119d\u00f3w, jakie piastowali na dworze cesarza Dyoklecyana, nie wahali si\u0119 publicznie pot\u0119pia\u0107 ohydy prze\u015bladowania chrze\u015bcijan; za co kaza\u0142 ich tyran w obecno\u015bci swej najprz\u00f3d biczowa\u0107 a potem otwarte rany posypywa\u0107 sol\u0105 i octem. Poczem ich na ruszcie pieczono a wko\u0144cu powrozami uduszono. Cia\u0142o \u015bw. Gorgoniusza zaniesiono p\u00f3\u017aniej do Rzymu i z\u0142o\u017cono przy Via Latina, a\u017c do przeniesienia go do ko\u015bcio\u0142a \u015bw. Piotra. \u2014 W obwodzie sabi\u0144skim przy trzydziestym kamieniu milowym od Rzymu uroczysto\u015b\u0107 \u015bw. M\u0119czennik\u00f3w&nbsp;Hyacynta, Aleksandra i Tyburcyusza. \u2014 W Seba\u015bcie m\u0119ki&nbsp;Seweryana, \u017bo\u0142nierza pod cesarzem Licyniuszem. Za cz\u0119ste nawiedzanie 40 M\u0119czennik\u00f3w kaza\u0142 go prezes Lyzyasz powiesi\u0107 z kamieniem u n\u00f3g i tak okrutnie biczowa\u0107 i poszarpa\u0107, \u017ce pod tymi razami ducha wyzion\u0105\u0142. \u2014 Tego\u017c dnia pami\u0105tka \u015bwi\u0119tego&nbsp;Stratona, M\u0119czennika, kt\u00f3ry do dw\u00f3ch drzew nagi\u0119tych przymocowany, w kawa\u0142ki rozdarty zosta\u0142. \u2014 R\u00f3wnie\u017c pami\u0105tka \u015bw. Braci i M\u0119czennik\u00f3w&nbsp;Rufina i Rufiniana. \u2014 W Rzymie uroczysto\u015b\u0107 \u015bw.&nbsp;Sergiusza, Papie\u017ca. \u2014 W okr\u0119gu Terouane uroczysto\u015b\u0107 \u015bw.&nbsp;Audomara, Biskupa. \u2014 W Szkocyi uroczysto\u015b\u0107 \u015bw.&nbsp;Kweranusa, Opata. \u2014 W Kartaginie w Ameryce Po\u0142udniowej uroczysto\u015b\u0107 \u015bw.&nbsp;Piotra Clavera, Wyznawcy Towarzystwa Jezusowego, kt\u00f3ry z dziwnem zaparciem si\u0119 siebie i niezwyk\u0142\u0105 mi\u0142o\u015bci\u0105 po\u015bwi\u0119ci\u0142 si\u0119 dla biednych niewolnik\u00f3w murzy\u0144skich i oko\u0142o 300,000 tych\u017ce w\u0142asn\u0105 r\u0119k\u0105 ochrzci\u0142. Leon XIII przyj\u0105\u0142 go do liczby \u015awi\u0119tych i og\u0142osi\u0142 Patronem wszelkich misyi murzy\u0144skich.<\/p>\n","protected":false},"excerpt":{"rendered":"<p>A czy \u015bw. Korbinian po 14 letnim pustelnictwie mia\u0142 &#8220;odpowiednie przygotowanie psychologiczno-pastoralne&#8221;, by dzia\u0142a\u0107 na kilku kr\u00f3lewskich dworach oraz na terenach dzisiejszych Niemiec, we Francji, w Szwajcarii, w Austrii i we W\u0142oszech? Nie mia\u0142, ale Pan B\u00f3g ju\u017c wie, kogo do czego powo\u0142uje, wi\u0119c zdajmy si\u0119 na niego.<\/p>\n","protected":false},"author":60508433,"featured_media":52724,"comment_status":"open","ping_status":"open","sticky":false,"template":"","format":"standard","meta":{"_bbp_topic_count":0,"_bbp_reply_count":0,"_bbp_total_topic_count":0,"_bbp_total_reply_count":0,"_bbp_voice_count":0,"_bbp_anonymous_reply_count":0,"_bbp_topic_count_hidden":0,"_bbp_reply_count_hidden":0,"_bbp_forum_subforum_count":0,"_editorskit_title_hidden":false,"_editorskit_reading_time":0,"_editorskit_is_block_options_detached":false,"_editorskit_block_options_position":"{}","_coblocks_attr":"","_coblocks_dimensions":"","_coblocks_responsive_height":"","_coblocks_accordion_ie_support":"","_exactmetrics_skip_tracking":false,"_jetpack_newsletter_access":"","_jetpack_dont_email_post_to_subs":false,"_jetpack_newsletter_tier_id":0,"_jetpack_memberships_contains_paywalled_content":false,"_wpcom_ai_launchpad_first_post":false,"_jetpack_feature_clip_id":0,"_jetpack_memberships_contains_paid_content":false,"footnotes":"","jetpack_publicize_message":"{title}\n\n{excerpt}\n\n{url}","jetpack_publicize_feature_enabled":true,"jetpack_social_post_already_shared":true,"jetpack_social_options":{"image_generator_settings":{"template":"highway","default_image_id":0,"font":"","enabled":false},"version":2},"_wpas_customize_per_network":false,"jetpack_post_was_ever_published":false},"categories":[610131824,610131184,336375535,610131155],"tags":[],"class_list":["post-76742","post","type-post","status-publish","format-standard","has-post-thumbnail","hentry","category-swieta-we-wrzesniu","category-duchowosc","category-liturgia-i-liturgika","category-rozwazania"],"yoast_head":"<!-- This site is optimized with the Yoast SEO plugin v28.4 - https:\/\/yoast.com\/product\/yoast-seo-wordpress\/ -->\n<title>9-go Wrze\u015bnia. \u017bywot \u015bwi\u0119tego Korbiniana, Biskupa. - Tradycja i Wiara<\/title>\n<meta name=\"robots\" content=\"index, follow, max-snippet:-1, max-image-preview:large, max-video-preview:-1\" \/>\n<link rel=\"canonical\" href=\"https:\/\/wobronietradycjiiwiary.com\/pl\/9-go-wrzesnia-zywot-swietego-korbiniana-biskupa-2\/\" \/>\n<meta property=\"og:locale\" content=\"pl_PL\" \/>\n<meta property=\"og:type\" content=\"article\" \/>\n<meta property=\"og:title\" content=\"9-go Wrze\u015bnia. \u017bywot \u015bwi\u0119tego Korbiniana, Biskupa. - Tradycja i Wiara\" \/>\n<meta property=\"og:description\" content=\"A czy \u015bw. Korbinian po 14 letnim pustelnictwie mia\u0142 &quot;odpowiednie przygotowanie psychologiczno-pastoralne&quot;, by dzia\u0142a\u0107 na kilku kr\u00f3lewskich dworach oraz na terenach dzisiejszych Niemiec, we Francji, w Szwajcarii, w Austrii i we W\u0142oszech? Nie mia\u0142, ale Pan B\u00f3g ju\u017c wie, kogo do czego powo\u0142uje, wi\u0119c zdajmy si\u0119 na niego.\" \/>\n<meta property=\"og:url\" content=\"https:\/\/wobronietradycjiiwiary.com\/pl\/9-go-wrzesnia-zywot-swietego-korbiniana-biskupa-2\/\" \/>\n<meta property=\"og:site_name\" content=\"Tradycja i Wiara\" \/>\n<meta property=\"article:publisher\" content=\"https:\/\/www.facebook.com\/Tradycja-i-Wiara-108813920592249\" \/>\n<meta property=\"article:published_time\" content=\"2022-09-09T06:15:21+00:00\" \/>\n<meta property=\"article:modified_time\" content=\"2025-02-10T10:15:38+00:00\" \/>\n<meta property=\"og:image\" content=\"https:\/\/wobronietradycjiiwiary.com\/wp-content\/uploads\/2021\/09\/Corbinian_polack.jpg\" \/>\n\t<meta property=\"og:image:width\" content=\"519\" \/>\n\t<meta property=\"og:image:height\" content=\"592\" \/>\n\t<meta property=\"og:image:type\" content=\"image\/jpeg\" \/>\n<meta name=\"author\" content=\"Traditio et Fides\" \/>\n<meta name=\"twitter:card\" content=\"summary_large_image\" \/>\n<meta name=\"twitter:label1\" content=\"Napisane przez\" \/>\n\t<meta name=\"twitter:data1\" content=\"Traditio et Fides\" \/>\n\t<meta name=\"twitter:label2\" content=\"Szacowany czas czytania\" \/>\n\t<meta name=\"twitter:data2\" content=\"9 minut\" \/>\n<script type=\"application\/ld+json\" class=\"yoast-schema-graph\">{\"@context\":\"https:\\\/\\\/schema.org\",\"@graph\":[{\"@type\":\"Article\",\"@id\":\"https:\\\/\\\/wobronietradycjiiwiary.com\\\/9-go-wrzesnia-zywot-swietego-korbiniana-biskupa-2\\\/#article\",\"isPartOf\":{\"@id\":\"https:\\\/\\\/wobronietradycjiiwiary.com\\\/9-go-wrzesnia-zywot-swietego-korbiniana-biskupa-2\\\/\"},\"author\":{\"name\":\"Traditio et Fides\",\"@id\":\"https:\\\/\\\/wobronietradycjiiwiary.com\\\/pl\\\/#\\\/schema\\\/person\\\/2d6180ce6abcb681fef0daab7816e8f3\"},\"headline\":\"9-go Wrze\u015bnia. \u017bywot \u015bwi\u0119tego Korbiniana, Biskupa.\",\"datePublished\":\"2022-09-09T06:15:21+00:00\",\"dateModified\":\"2025-02-10T10:15:38+00:00\",\"mainEntityOfPage\":{\"@id\":\"https:\\\/\\\/wobronietradycjiiwiary.com\\\/9-go-wrzesnia-zywot-swietego-korbiniana-biskupa-2\\\/\"},\"wordCount\":1866,\"commentCount\":0,\"publisher\":{\"@id\":\"https:\\\/\\\/wobronietradycjiiwiary.com\\\/pl\\\/#organization\"},\"image\":{\"@id\":\"https:\\\/\\\/wobronietradycjiiwiary.com\\\/9-go-wrzesnia-zywot-swietego-korbiniana-biskupa-2\\\/#primaryimage\"},\"thumbnailUrl\":\"https:\\\/\\\/wobronietradycjiiwiary.com\\\/wp-content\\\/uploads\\\/2021\\\/09\\\/Corbinian_polack.jpg\",\"articleSection\":[\"09. \u015awi\u0119ta we wrze\u015bniu\",\"Duchowo\u015b\u0107\",\"Liturgia i liturgika\",\"Rozwa\u017cania liturgiczne\"],\"inLanguage\":\"pl-PL\",\"potentialAction\":[{\"@type\":\"CommentAction\",\"name\":\"Comment\",\"target\":[\"https:\\\/\\\/wobronietradycjiiwiary.com\\\/9-go-wrzesnia-zywot-swietego-korbiniana-biskupa-2\\\/#respond\"]}]},{\"@type\":\"WebPage\",\"@id\":\"https:\\\/\\\/wobronietradycjiiwiary.com\\\/9-go-wrzesnia-zywot-swietego-korbiniana-biskupa-2\\\/\",\"url\":\"https:\\\/\\\/wobronietradycjiiwiary.com\\\/9-go-wrzesnia-zywot-swietego-korbiniana-biskupa-2\\\/\",\"name\":\"9-go Wrze\u015bnia. \u017bywot \u015bwi\u0119tego Korbiniana, Biskupa. - Tradycja i Wiara\",\"isPartOf\":{\"@id\":\"https:\\\/\\\/wobronietradycjiiwiary.com\\\/pl\\\/#website\"},\"primaryImageOfPage\":{\"@id\":\"https:\\\/\\\/wobronietradycjiiwiary.com\\\/9-go-wrzesnia-zywot-swietego-korbiniana-biskupa-2\\\/#primaryimage\"},\"image\":{\"@id\":\"https:\\\/\\\/wobronietradycjiiwiary.com\\\/9-go-wrzesnia-zywot-swietego-korbiniana-biskupa-2\\\/#primaryimage\"},\"thumbnailUrl\":\"https:\\\/\\\/wobronietradycjiiwiary.com\\\/wp-content\\\/uploads\\\/2021\\\/09\\\/Corbinian_polack.jpg\",\"datePublished\":\"2022-09-09T06:15:21+00:00\",\"dateModified\":\"2025-02-10T10:15:38+00:00\",\"breadcrumb\":{\"@id\":\"https:\\\/\\\/wobronietradycjiiwiary.com\\\/9-go-wrzesnia-zywot-swietego-korbiniana-biskupa-2\\\/#breadcrumb\"},\"inLanguage\":\"pl-PL\",\"potentialAction\":[{\"@type\":\"ReadAction\",\"target\":[\"https:\\\/\\\/wobronietradycjiiwiary.com\\\/9-go-wrzesnia-zywot-swietego-korbiniana-biskupa-2\\\/\"]}]},{\"@type\":\"ImageObject\",\"inLanguage\":\"pl-PL\",\"@id\":\"https:\\\/\\\/wobronietradycjiiwiary.com\\\/9-go-wrzesnia-zywot-swietego-korbiniana-biskupa-2\\\/#primaryimage\",\"url\":\"https:\\\/\\\/wobronietradycjiiwiary.com\\\/wp-content\\\/uploads\\\/2021\\\/09\\\/Corbinian_polack.jpg\",\"contentUrl\":\"https:\\\/\\\/wobronietradycjiiwiary.com\\\/wp-content\\\/uploads\\\/2021\\\/09\\\/Corbinian_polack.jpg\",\"width\":519,\"height\":592},{\"@type\":\"BreadcrumbList\",\"@id\":\"https:\\\/\\\/wobronietradycjiiwiary.com\\\/9-go-wrzesnia-zywot-swietego-korbiniana-biskupa-2\\\/#breadcrumb\",\"itemListElement\":[{\"@type\":\"ListItem\",\"position\":1,\"name\":\"Strona g\u0142\u00f3wna\",\"item\":\"https:\\\/\\\/wobronietradycjiiwiary.com\\\/\"},{\"@type\":\"ListItem\",\"position\":2,\"name\":\"9-go Wrze\u015bnia. \u017bywot \u015bwi\u0119tego Korbiniana, Biskupa.\"}]},{\"@type\":\"WebSite\",\"@id\":\"https:\\\/\\\/wobronietradycjiiwiary.com\\\/pl\\\/#website\",\"url\":\"https:\\\/\\\/wobronietradycjiiwiary.com\\\/pl\\\/\",\"name\":\"Tradycja i Wiara\",\"description\":\"Portal dla katolik\u00f3w.\",\"publisher\":{\"@id\":\"https:\\\/\\\/wobronietradycjiiwiary.com\\\/pl\\\/#organization\"},\"potentialAction\":[{\"@type\":\"SearchAction\",\"target\":{\"@type\":\"EntryPoint\",\"urlTemplate\":\"https:\\\/\\\/wobronietradycjiiwiary.com\\\/pl\\\/?s={search_term_string}\"},\"query-input\":{\"@type\":\"PropertyValueSpecification\",\"valueRequired\":true,\"valueName\":\"search_term_string\"}}],\"inLanguage\":\"pl-PL\"},{\"@type\":\"Organization\",\"@id\":\"https:\\\/\\\/wobronietradycjiiwiary.com\\\/pl\\\/#organization\",\"name\":\"Tradycja i Wiara\",\"url\":\"https:\\\/\\\/wobronietradycjiiwiary.com\\\/pl\\\/\",\"logo\":{\"@type\":\"ImageObject\",\"inLanguage\":\"pl-PL\",\"@id\":\"https:\\\/\\\/wobronietradycjiiwiary.com\\\/pl\\\/#\\\/schema\\\/logo\\\/image\\\/\",\"url\":\"https:\\\/\\\/i0.wp.com\\\/wobronietradycjiiwiary.com\\\/wp-content\\\/uploads\\\/2015\\\/10\\\/cropped-st-peters-dome-vatican.jpg?fit=940%2C198&ssl=1\",\"contentUrl\":\"https:\\\/\\\/i0.wp.com\\\/wobronietradycjiiwiary.com\\\/wp-content\\\/uploads\\\/2015\\\/10\\\/cropped-st-peters-dome-vatican.jpg?fit=940%2C198&ssl=1\",\"width\":940,\"height\":198,\"caption\":\"Tradycja i Wiara\"},\"image\":{\"@id\":\"https:\\\/\\\/wobronietradycjiiwiary.com\\\/pl\\\/#\\\/schema\\\/logo\\\/image\\\/\"},\"sameAs\":[\"https:\\\/\\\/www.facebook.com\\\/Tradycja-i-Wiara-108813920592249\"]},{\"@type\":\"Person\",\"@id\":\"https:\\\/\\\/wobronietradycjiiwiary.com\\\/pl\\\/#\\\/schema\\\/person\\\/2d6180ce6abcb681fef0daab7816e8f3\",\"name\":\"Traditio et Fides\",\"sameAs\":[\"https:\\\/\\\/traditionundglauben.com\"],\"url\":\"https:\\\/\\\/wobronietradycjiiwiary.com\\\/pl\\\/author\\\/wobronietradycjiiwiary\\\/\"}]}<\/script>\n<!-- \/ Yoast SEO plugin. -->","yoast_head_json":{"title":"9-go Wrze\u015bnia. \u017bywot \u015bwi\u0119tego Korbiniana, Biskupa. - Tradycja i Wiara","robots":{"index":"index","follow":"follow","max-snippet":"max-snippet:-1","max-image-preview":"max-image-preview:large","max-video-preview":"max-video-preview:-1"},"canonical":"https:\/\/wobronietradycjiiwiary.com\/pl\/9-go-wrzesnia-zywot-swietego-korbiniana-biskupa-2\/","og_locale":"pl_PL","og_type":"article","og_title":"9-go Wrze\u015bnia. \u017bywot \u015bwi\u0119tego Korbiniana, Biskupa. - Tradycja i Wiara","og_description":"A czy \u015bw. Korbinian po 14 letnim pustelnictwie mia\u0142 \"odpowiednie przygotowanie psychologiczno-pastoralne\", by dzia\u0142a\u0107 na kilku kr\u00f3lewskich dworach oraz na terenach dzisiejszych Niemiec, we Francji, w Szwajcarii, w Austrii i we W\u0142oszech? Nie mia\u0142, ale Pan B\u00f3g ju\u017c wie, kogo do czego powo\u0142uje, wi\u0119c zdajmy si\u0119 na niego.","og_url":"https:\/\/wobronietradycjiiwiary.com\/pl\/9-go-wrzesnia-zywot-swietego-korbiniana-biskupa-2\/","og_site_name":"Tradycja i Wiara","article_publisher":"https:\/\/www.facebook.com\/Tradycja-i-Wiara-108813920592249","article_published_time":"2022-09-09T06:15:21+00:00","article_modified_time":"2025-02-10T10:15:38+00:00","og_image":[{"width":519,"height":592,"url":"https:\/\/wobronietradycjiiwiary.com\/wp-content\/uploads\/2021\/09\/Corbinian_polack.jpg","type":"image\/jpeg"}],"author":"Traditio et Fides","twitter_card":"summary_large_image","twitter_misc":{"Napisane przez":"Traditio et Fides","Szacowany czas czytania":"9 minut"},"schema":{"@context":"https:\/\/schema.org","@graph":[{"@type":"Article","@id":"https:\/\/wobronietradycjiiwiary.com\/9-go-wrzesnia-zywot-swietego-korbiniana-biskupa-2\/#article","isPartOf":{"@id":"https:\/\/wobronietradycjiiwiary.com\/9-go-wrzesnia-zywot-swietego-korbiniana-biskupa-2\/"},"author":{"name":"Traditio et Fides","@id":"https:\/\/wobronietradycjiiwiary.com\/pl\/#\/schema\/person\/2d6180ce6abcb681fef0daab7816e8f3"},"headline":"9-go Wrze\u015bnia. \u017bywot \u015bwi\u0119tego Korbiniana, Biskupa.","datePublished":"2022-09-09T06:15:21+00:00","dateModified":"2025-02-10T10:15:38+00:00","mainEntityOfPage":{"@id":"https:\/\/wobronietradycjiiwiary.com\/9-go-wrzesnia-zywot-swietego-korbiniana-biskupa-2\/"},"wordCount":1866,"commentCount":0,"publisher":{"@id":"https:\/\/wobronietradycjiiwiary.com\/pl\/#organization"},"image":{"@id":"https:\/\/wobronietradycjiiwiary.com\/9-go-wrzesnia-zywot-swietego-korbiniana-biskupa-2\/#primaryimage"},"thumbnailUrl":"https:\/\/wobronietradycjiiwiary.com\/wp-content\/uploads\/2021\/09\/Corbinian_polack.jpg","articleSection":["09. \u015awi\u0119ta we wrze\u015bniu","Duchowo\u015b\u0107","Liturgia i liturgika","Rozwa\u017cania liturgiczne"],"inLanguage":"pl-PL","potentialAction":[{"@type":"CommentAction","name":"Comment","target":["https:\/\/wobronietradycjiiwiary.com\/9-go-wrzesnia-zywot-swietego-korbiniana-biskupa-2\/#respond"]}]},{"@type":"WebPage","@id":"https:\/\/wobronietradycjiiwiary.com\/9-go-wrzesnia-zywot-swietego-korbiniana-biskupa-2\/","url":"https:\/\/wobronietradycjiiwiary.com\/9-go-wrzesnia-zywot-swietego-korbiniana-biskupa-2\/","name":"9-go Wrze\u015bnia. \u017bywot \u015bwi\u0119tego Korbiniana, Biskupa. - Tradycja i Wiara","isPartOf":{"@id":"https:\/\/wobronietradycjiiwiary.com\/pl\/#website"},"primaryImageOfPage":{"@id":"https:\/\/wobronietradycjiiwiary.com\/9-go-wrzesnia-zywot-swietego-korbiniana-biskupa-2\/#primaryimage"},"image":{"@id":"https:\/\/wobronietradycjiiwiary.com\/9-go-wrzesnia-zywot-swietego-korbiniana-biskupa-2\/#primaryimage"},"thumbnailUrl":"https:\/\/wobronietradycjiiwiary.com\/wp-content\/uploads\/2021\/09\/Corbinian_polack.jpg","datePublished":"2022-09-09T06:15:21+00:00","dateModified":"2025-02-10T10:15:38+00:00","breadcrumb":{"@id":"https:\/\/wobronietradycjiiwiary.com\/9-go-wrzesnia-zywot-swietego-korbiniana-biskupa-2\/#breadcrumb"},"inLanguage":"pl-PL","potentialAction":[{"@type":"ReadAction","target":["https:\/\/wobronietradycjiiwiary.com\/9-go-wrzesnia-zywot-swietego-korbiniana-biskupa-2\/"]}]},{"@type":"ImageObject","inLanguage":"pl-PL","@id":"https:\/\/wobronietradycjiiwiary.com\/9-go-wrzesnia-zywot-swietego-korbiniana-biskupa-2\/#primaryimage","url":"https:\/\/wobronietradycjiiwiary.com\/wp-content\/uploads\/2021\/09\/Corbinian_polack.jpg","contentUrl":"https:\/\/wobronietradycjiiwiary.com\/wp-content\/uploads\/2021\/09\/Corbinian_polack.jpg","width":519,"height":592},{"@type":"BreadcrumbList","@id":"https:\/\/wobronietradycjiiwiary.com\/9-go-wrzesnia-zywot-swietego-korbiniana-biskupa-2\/#breadcrumb","itemListElement":[{"@type":"ListItem","position":1,"name":"Strona g\u0142\u00f3wna","item":"https:\/\/wobronietradycjiiwiary.com\/"},{"@type":"ListItem","position":2,"name":"9-go Wrze\u015bnia. \u017bywot \u015bwi\u0119tego Korbiniana, Biskupa."}]},{"@type":"WebSite","@id":"https:\/\/wobronietradycjiiwiary.com\/pl\/#website","url":"https:\/\/wobronietradycjiiwiary.com\/pl\/","name":"Tradycja i Wiara","description":"Portal dla katolik\u00f3w.","publisher":{"@id":"https:\/\/wobronietradycjiiwiary.com\/pl\/#organization"},"potentialAction":[{"@type":"SearchAction","target":{"@type":"EntryPoint","urlTemplate":"https:\/\/wobronietradycjiiwiary.com\/pl\/?s={search_term_string}"},"query-input":{"@type":"PropertyValueSpecification","valueRequired":true,"valueName":"search_term_string"}}],"inLanguage":"pl-PL"},{"@type":"Organization","@id":"https:\/\/wobronietradycjiiwiary.com\/pl\/#organization","name":"Tradycja i Wiara","url":"https:\/\/wobronietradycjiiwiary.com\/pl\/","logo":{"@type":"ImageObject","inLanguage":"pl-PL","@id":"https:\/\/wobronietradycjiiwiary.com\/pl\/#\/schema\/logo\/image\/","url":"https:\/\/i0.wp.com\/wobronietradycjiiwiary.com\/wp-content\/uploads\/2015\/10\/cropped-st-peters-dome-vatican.jpg?fit=940%2C198&ssl=1","contentUrl":"https:\/\/i0.wp.com\/wobronietradycjiiwiary.com\/wp-content\/uploads\/2015\/10\/cropped-st-peters-dome-vatican.jpg?fit=940%2C198&ssl=1","width":940,"height":198,"caption":"Tradycja i Wiara"},"image":{"@id":"https:\/\/wobronietradycjiiwiary.com\/pl\/#\/schema\/logo\/image\/"},"sameAs":["https:\/\/www.facebook.com\/Tradycja-i-Wiara-108813920592249"]},{"@type":"Person","@id":"https:\/\/wobronietradycjiiwiary.com\/pl\/#\/schema\/person\/2d6180ce6abcb681fef0daab7816e8f3","name":"Traditio et Fides","sameAs":["https:\/\/traditionundglauben.com"],"url":"https:\/\/wobronietradycjiiwiary.com\/pl\/author\/wobronietradycjiiwiary\/"}]}},"jetpack_publicize_connections":[],"jetpack_sharing_enabled":true,"jetpack_likes_enabled":true,"jetpack_shortlink":"https:\/\/wp.me\/pc04Sd-jXM","jetpack-related-posts":[{"id":120513,"url":"https:\/\/wobronietradycjiiwiary.com\/pl\/9-go-wrzesnia-zywot-swietego-korbiniana-biskupa-2-2-2\/","url_meta":{"origin":76742,"position":0},"title":"9-go Wrze\u015bnia. \u017bywot \u015bwi\u0119tego Korbiniana, Biskupa.","author":"Traditio et Fides","date":"9 wrze\u015bnia 2024","format":false,"excerpt":"A czy \u015bw. Korbinian po 14 letnim pustelnictwie mia\u0142 \"odpowiednie przygotowanie psychologiczno-pastoralne\", by dzia\u0142a\u0107 na kilku kr\u00f3lewskich dworach oraz na terenach dzisiejszych Niemiec, we Francji, w Szwajcarii, w Austrii i we W\u0142oszech? Nie mia\u0142, ale Pan B\u00f3g ju\u017c wie, kogo do czego powo\u0142uje, wi\u0119c zdajmy si\u0119 na niego.","rel":"","context":"W \u201e09. \u015awi\u0119ta we wrze\u015bniu&quot;","block_context":{"text":"09. \u015awi\u0119ta we wrze\u015bniu","link":"https:\/\/wobronietradycjiiwiary.com\/pl\/category\/duchowosc\/liturgia-i-liturgika\/rozwazania\/rok-liturgiczny\/swieta-we-wrzesniu\/"},"img":{"alt_text":"","src":"https:\/\/i0.wp.com\/wobronietradycjiiwiary.com\/wp-content\/uploads\/2021\/09\/Corbinian_polack.jpg?resize=350%2C200&ssl=1","width":350,"height":200},"classes":[]},{"id":152181,"url":"https:\/\/wobronietradycjiiwiary.com\/pl\/9-go-wrzesnia-zywot-swietego-korbiniana-biskupa-2-2-2-2\/","url_meta":{"origin":76742,"position":1},"title":"9-go Wrze\u015bnia. \u017bywot \u015bwi\u0119tego Korbiniana, Biskupa.","author":"Traditio et Fides","date":"9 wrze\u015bnia 2025","format":false,"excerpt":"A czy \u015bw. Korbinian po 14 letnim pustelnictwie mia\u0142 \"odpowiednie przygotowanie psychologiczno-pastoralne\", by dzia\u0142a\u0107 na kilku kr\u00f3lewskich dworach oraz na terenach dzisiejszych Niemiec, we Francji, w Szwajcarii, w Austrii i we W\u0142oszech? Nie mia\u0142, ale Pan B\u00f3g ju\u017c wie, kogo do czego powo\u0142uje, wi\u0119c zdajmy si\u0119 na niego.","rel":"","context":"W \u201e09. \u015awi\u0119ta we wrze\u015bniu&quot;","block_context":{"text":"09. \u015awi\u0119ta we wrze\u015bniu","link":"https:\/\/wobronietradycjiiwiary.com\/pl\/category\/duchowosc\/liturgia-i-liturgika\/rozwazania\/rok-liturgiczny\/swieta-we-wrzesniu\/"},"img":{"alt_text":"","src":"https:\/\/i0.wp.com\/wobronietradycjiiwiary.com\/wp-content\/uploads\/2021\/09\/Corbinian_polack.jpg?resize=350%2C200&ssl=1","width":350,"height":200},"classes":[]},{"id":100744,"url":"https:\/\/wobronietradycjiiwiary.com\/pl\/9-go-wrzesnia-zywot-swietego-korbiniana-biskupa-2-2\/","url_meta":{"origin":76742,"position":2},"title":"9-go Wrze\u015bnia. \u017bywot \u015bwi\u0119tego Korbiniana, Biskupa.","author":"Traditio et Fides","date":"9 wrze\u015bnia 2023","format":false,"excerpt":"A czy \u015bw. Korbinian po 14 letnim pustelnictwie mia\u0142 \"odpowiednie przygotowanie psychologiczno-pastoralne\", by dzia\u0142a\u0107 na kilku kr\u00f3lewskich dworach oraz na terenach dzisiejszych Niemiec, we Francji, w Szwajcarii, w Austrii i we W\u0142oszech? Nie mia\u0142, ale Pan B\u00f3g ju\u017c wie, kogo do czego powo\u0142uje, wi\u0119c zdajmy si\u0119 na niego.","rel":"","context":"W \u201e09. \u015awi\u0119ta we wrze\u015bniu&quot;","block_context":{"text":"09. \u015awi\u0119ta we wrze\u015bniu","link":"https:\/\/wobronietradycjiiwiary.com\/pl\/category\/duchowosc\/liturgia-i-liturgika\/rozwazania\/rok-liturgiczny\/swieta-we-wrzesniu\/"},"img":{"alt_text":"","src":"https:\/\/i0.wp.com\/wobronietradycjiiwiary.com\/wp-content\/uploads\/2021\/09\/Corbinian_polack.jpg?resize=350%2C200&ssl=1","width":350,"height":200},"classes":[]},{"id":117731,"url":"https:\/\/wobronietradycjiiwiary.com\/pl\/4-go-czerwca-zywot-swietego-bonifacego-biskupa-i-meczennika-2-2-2\/","url_meta":{"origin":76742,"position":3},"title":"4-go Czerwca. \u017bywot \u015bwi\u0119tego Bonifacego, Biskupa i M\u0119czennika.","author":"Traditio et Fides","date":"4 czerwca 2024","format":false,"excerpt":"Chocia\u017c \u015bw. Bonifacy by\u0142 z pochodzenia Brytyjczykiem, to organizacj\u0119 ko\u015bcieln\u0105 ustanowi\u0142 z niemieckim porz\u0105dkiem i z niemieck\u0105 precyzj\u0105. Sprowadzi\u0142 ca\u0142\u0105 swoj\u0105 \u015bwi\u0119t\u0105 rodzin\u0119, bo tak\u0105 mia\u0142. Poni\u00f3s\u0142 \u015bmier\u0107 z r\u0105k Fryzyjczyk\u00f3w z P\u00f3\u0142nocy, bo nie wszystkie szczepy germa\u0144skie by\u0142y chrze\u015bcija\u0144stwu przychylne,","rel":"","context":"W \u201e06. \u015awi\u0119ta w czerwcu&quot;","block_context":{"text":"06. \u015awi\u0119ta w czerwcu","link":"https:\/\/wobronietradycjiiwiary.com\/pl\/category\/duchowosc\/liturgia-i-liturgika\/rozwazania\/rok-liturgiczny\/swieta-w-czerwcu\/"},"img":{"alt_text":"","src":"https:\/\/i0.wp.com\/wobronietradycjiiwiary.com\/wp-content\/uploads\/2021\/06\/Boniface2.jpg?resize=350%2C200&ssl=1","width":350,"height":200,"srcset":"https:\/\/i0.wp.com\/wobronietradycjiiwiary.com\/wp-content\/uploads\/2021\/06\/Boniface2.jpg?resize=350%2C200&ssl=1 1x, https:\/\/i0.wp.com\/wobronietradycjiiwiary.com\/wp-content\/uploads\/2021\/06\/Boniface2.jpg?resize=525%2C300&ssl=1 1.5x, https:\/\/i0.wp.com\/wobronietradycjiiwiary.com\/wp-content\/uploads\/2021\/06\/Boniface2.jpg?resize=700%2C400&ssl=1 2x"},"classes":[]},{"id":143965,"url":"https:\/\/wobronietradycjiiwiary.com\/pl\/4-go-czerwca-zywot-swietego-bonifacego-biskupa-i-meczennika-2-2-2-2\/","url_meta":{"origin":76742,"position":4},"title":"4-go Czerwca. \u017bywot \u015bwi\u0119tego Bonifacego, Biskupa i M\u0119czennika.","author":"Traditio et Fides","date":"4 czerwca 2025","format":false,"excerpt":"Chocia\u017c \u015bw. Bonifacy by\u0142 z pochodzenia Brytyjczykiem, to organizacj\u0119 ko\u015bcieln\u0105 ustanowi\u0142 z niemieckim porz\u0105dkiem i z niemieck\u0105 precyzj\u0105. Sprowadzi\u0142 ca\u0142\u0105 swoj\u0105 \u015bwi\u0119t\u0105 rodzin\u0119, bo tak\u0105 mia\u0142. Poni\u00f3s\u0142 \u015bmier\u0107 z r\u0105k Fryzyjczyk\u00f3w z P\u00f3\u0142nocy, bo nie wszystkie szczepy germa\u0144skie by\u0142y chrze\u015bcija\u0144stwu przychylne,","rel":"","context":"W \u201e06. \u015awi\u0119ta w czerwcu&quot;","block_context":{"text":"06. \u015awi\u0119ta w czerwcu","link":"https:\/\/wobronietradycjiiwiary.com\/pl\/category\/duchowosc\/liturgia-i-liturgika\/rozwazania\/rok-liturgiczny\/swieta-w-czerwcu\/"},"img":{"alt_text":"","src":"https:\/\/i0.wp.com\/wobronietradycjiiwiary.com\/wp-content\/uploads\/2021\/06\/Boniface2.jpg?resize=350%2C200&ssl=1","width":350,"height":200,"srcset":"https:\/\/i0.wp.com\/wobronietradycjiiwiary.com\/wp-content\/uploads\/2021\/06\/Boniface2.jpg?resize=350%2C200&ssl=1 1x, https:\/\/i0.wp.com\/wobronietradycjiiwiary.com\/wp-content\/uploads\/2021\/06\/Boniface2.jpg?resize=525%2C300&ssl=1 1.5x, https:\/\/i0.wp.com\/wobronietradycjiiwiary.com\/wp-content\/uploads\/2021\/06\/Boniface2.jpg?resize=700%2C400&ssl=1 2x"},"classes":[]},{"id":166292,"url":"https:\/\/wobronietradycjiiwiary.com\/pl\/5-go-czerwca-zywot-swietego-bonifacego-biskupa-i-meczennika-2-2-2-2-2\/","url_meta":{"origin":76742,"position":5},"title":"5-go Czerwca. \u017bywot \u015bwi\u0119tego Bonifacego, Biskupa i M\u0119czennika.","author":"Traditio et Fides","date":"5 czerwca 2026","format":false,"excerpt":"Chocia\u017c \u015bw. Bonifacy by\u0142 z pochodzenia Brytyjczykiem, to organizacj\u0119 ko\u015bcieln\u0105 ustanowi\u0142 z niemieckim porz\u0105dkiem i z niemieck\u0105 precyzj\u0105. Sprowadzi\u0142 ca\u0142\u0105 swoj\u0105 \u015bwi\u0119t\u0105 rodzin\u0119, bo tak\u0105 mia\u0142. Poni\u00f3s\u0142 \u015bmier\u0107 z r\u0105k Fryzyjczyk\u00f3w z P\u00f3\u0142nocy, bo nie wszystkie szczepy germa\u0144skie by\u0142y chrze\u015bcija\u0144stwu przychylne,","rel":"","context":"W \u201e06. \u015awi\u0119ta w czerwcu&quot;","block_context":{"text":"06. \u015awi\u0119ta w czerwcu","link":"https:\/\/wobronietradycjiiwiary.com\/pl\/category\/duchowosc\/liturgia-i-liturgika\/rozwazania\/rok-liturgiczny\/swieta-w-czerwcu\/"},"img":{"alt_text":"","src":"https:\/\/i0.wp.com\/wobronietradycjiiwiary.com\/wp-content\/uploads\/2021\/06\/Boniface2.jpg?resize=350%2C200&ssl=1","width":350,"height":200,"srcset":"https:\/\/i0.wp.com\/wobronietradycjiiwiary.com\/wp-content\/uploads\/2021\/06\/Boniface2.jpg?resize=350%2C200&ssl=1 1x, https:\/\/i0.wp.com\/wobronietradycjiiwiary.com\/wp-content\/uploads\/2021\/06\/Boniface2.jpg?resize=525%2C300&ssl=1 1.5x, https:\/\/i0.wp.com\/wobronietradycjiiwiary.com\/wp-content\/uploads\/2021\/06\/Boniface2.jpg?resize=700%2C400&ssl=1 2x"},"classes":[]}],"amp_enabled":true,"jetpack_featured_media_url":"https:\/\/wobronietradycjiiwiary.com\/wp-content\/uploads\/2021\/09\/Corbinian_polack.jpg","_links":{"self":[{"href":"https:\/\/wobronietradycjiiwiary.com\/pl\/wp-json\/wp\/v2\/posts\/76742","targetHints":{"allow":["GET"]}}],"collection":[{"href":"https:\/\/wobronietradycjiiwiary.com\/pl\/wp-json\/wp\/v2\/posts"}],"about":[{"href":"https:\/\/wobronietradycjiiwiary.com\/pl\/wp-json\/wp\/v2\/types\/post"}],"author":[{"embeddable":true,"href":"https:\/\/wobronietradycjiiwiary.com\/pl\/wp-json\/wp\/v2\/users\/60508433"}],"replies":[{"embeddable":true,"href":"https:\/\/wobronietradycjiiwiary.com\/pl\/wp-json\/wp\/v2\/comments?post=76742"}],"version-history":[{"count":1,"href":"https:\/\/wobronietradycjiiwiary.com\/pl\/wp-json\/wp\/v2\/posts\/76742\/revisions"}],"predecessor-version":[{"id":76760,"href":"https:\/\/wobronietradycjiiwiary.com\/pl\/wp-json\/wp\/v2\/posts\/76742\/revisions\/76760"}],"wp:featuredmedia":[{"embeddable":true,"href":"https:\/\/wobronietradycjiiwiary.com\/pl\/wp-json\/wp\/v2\/media\/52724"}],"wp:attachment":[{"href":"https:\/\/wobronietradycjiiwiary.com\/pl\/wp-json\/wp\/v2\/media?parent=76742"}],"wp:term":[{"taxonomy":"category","embeddable":true,"href":"https:\/\/wobronietradycjiiwiary.com\/pl\/wp-json\/wp\/v2\/categories?post=76742"},{"taxonomy":"post_tag","embeddable":true,"href":"https:\/\/wobronietradycjiiwiary.com\/pl\/wp-json\/wp\/v2\/tags?post=76742"}],"curies":[{"name":"wp","href":"https:\/\/api.w.org\/{rel}","templated":true}]}}