{"id":7494,"date":"2015-11-30T08:00:24","date_gmt":"2015-11-30T07:00:24","guid":{"rendered":"https:\/\/wobronietradycjiiwiary.com\/?p=7494"},"modified":"2025-02-07T15:52:24","modified_gmt":"2025-02-07T14:52:24","slug":"protestanckie-czyli-zle-a-dlaczego","status":"publish","type":"post","link":"https:\/\/wobronietradycjiiwiary.com\/pl\/protestanckie-czyli-zle-a-dlaczego\/","title":{"rendered":"\u201eProtestanckie czyli z\u0142e.\u201d A dlaczego? (1 z 6 ) Wprowadzenie."},"content":{"rendered":"<div id=\"bsf_rt_marker\"><\/div><p>(Powy\u017cej &#8220;Tryumf Ko\u015bcio\u0142a&#8221; p\u0119dzla Petera, Paula Rubensa, z roku 1625) Kwestia za\u0142o\u017ce\u0144 oraz Polak-Katolik B\u0142\u0119dem wyj\u015bciowym ka\u017cdego cz\u0142owieka obdarzonego jakim\u015b&hellip;<\/p>\n<div style=\"text-align: center\">\n<p>&nbsp;<\/p>\n<\/div>\n<h2 style=\"border: 5px solid #0000A0;padding: 1em;text-align: center\"><span style=\"color: #000000\">Pe\u0142en dost\u0119p dla <span style=\"color: #00ccff\"><a style=\"color: #00ccff\" href=\"https:\/\/wobronietradycjiiwiary.com\/subskrypcje-2\/\" target=\"_blank\" rel=\"noopener\">subskrybent\u00f3w<\/a><\/span>.<\/span><br \/>\n<span style=\"color: #3366ff\"><a style=\"color: #3366ff\" href=\"https:\/\/wobronietradycjiiwiary.com\/account\/login\/\" target=\"_blank\" rel=\"noopener\"><span style=\"color: #00ccff\">Zaloguj<\/span><\/a> <\/span>si\u0119 lub przejd\u017a do <a href=\"https:\/\/wobronietradycjiiwiary.com\/register\/\"><span style=\"color: #3366ff\">Rejestracji<\/span><\/a>.<\/h2>\n<div>\n<p style=\"text-align: center\"><a href=\"https:\/\/wobronietradycjiiwiary.com\/pl\/subskrypcje-2\/cennik\/\" target=\"_blank\" rel=\"noopener\"><span style=\"color: #000080;font-size: 24pt\"><strong>Nowe ni\u017csze ceny<\/strong><\/span><\/a><\/p>\n<p style=\"text-align: center\"><strong><span style=\"font-size: 18pt;color: #000080\">P\u0142atno\u015b\u0107 kart\u0105<\/span><\/strong><\/p>\n<\/div>\n<h3 style=\"text-align: center\"><a href=\"https:\/\/wobronietradycjiiwiary.com\/pl\/subskrypcje-2\/automatyczne\/indywidualne\/\" target=\"_blank\" rel=\"noopener\"><img fetchpriority=\"high\" decoding=\"async\" class=\"alignnone size-medium wp-image-80433\" src=\"https:\/\/wobronietradycjiiwiary.com\/wp-content\/uploads\/2022\/11\/Unbenannt-1-Online-1-300x202.jpg\" alt=\"\" width=\"300\" height=\"202\" srcset=\"https:\/\/wobronietradycjiiwiary.com\/wp-content\/uploads\/2022\/11\/Unbenannt-1-Online-1-300x202.jpg 300w, https:\/\/wobronietradycjiiwiary.com\/wp-content\/uploads\/2022\/11\/Unbenannt-1-Online-1-150x101.jpg 150w, https:\/\/wobronietradycjiiwiary.com\/wp-content\/uploads\/2022\/11\/Unbenannt-1-Online-1-18x12.jpg 18w, https:\/\/wobronietradycjiiwiary.com\/wp-content\/uploads\/2022\/11\/Unbenannt-1-Online-1.jpg 446w\" sizes=\"(max-width: 300px) 100vw, 300px\" \/><\/a><\/h3>\n<p style=\"text-align: center\"><strong><span style=\"font-size: 18pt;color: #000080\">P\u0142atno\u015b\u0107 przelewem<\/span><\/strong><\/p>\n<p><a href=\"https:\/\/wobronietradycjiiwiary.com\/pl\/subskrypcje-2\/automatyczne\/indywidualne\/\" target=\"_blank\" rel=\"noopener\"><img decoding=\"async\" class=\"size-medium wp-image-80434 aligncenter\" src=\"https:\/\/wobronietradycjiiwiary.com\/wp-content\/uploads\/2022\/11\/Unbenannt-1-Przelewem-300x137.jpg\" alt=\"\" width=\"300\" height=\"137\" srcset=\"https:\/\/wobronietradycjiiwiary.com\/wp-content\/uploads\/2022\/11\/Unbenannt-1-Przelewem-300x137.jpg 300w, https:\/\/wobronietradycjiiwiary.com\/wp-content\/uploads\/2022\/11\/Unbenannt-1-Przelewem-450x206.jpg 450w, https:\/\/wobronietradycjiiwiary.com\/wp-content\/uploads\/2022\/11\/Unbenannt-1-Przelewem-600x274.jpg 600w, https:\/\/wobronietradycjiiwiary.com\/wp-content\/uploads\/2022\/11\/Unbenannt-1-Przelewem-150x69.jpg 150w, https:\/\/wobronietradycjiiwiary.com\/wp-content\/uploads\/2022\/11\/Unbenannt-1-Przelewem-18x8.jpg 18w, https:\/\/wobronietradycjiiwiary.com\/wp-content\/uploads\/2022\/11\/Unbenannt-1-Przelewem.jpg 676w\" sizes=\"(max-width: 300px) 100vw, 300px\" \/><\/a><\/p>\n<p style=\"text-align: center\"><strong><span style=\"font-size: 18pt;color: #000080\">P\u0142atno\u015b\u0107 kart\u0105 do 6 os\u00f3b<\/span><\/strong><\/p>\n<p><a href=\"https:\/\/wobronietradycjiiwiary.com\/pl\/rodzinne\/\" target=\"_blank\" rel=\"noopener\"><img decoding=\"async\" class=\"size-medium wp-image-80435 aligncenter\" src=\"https:\/\/wobronietradycjiiwiary.com\/wp-content\/uploads\/2022\/11\/Unbenannt-1-Rodzinna-300x208.jpg\" alt=\"\" width=\"300\" height=\"208\" srcset=\"https:\/\/wobronietradycjiiwiary.com\/wp-content\/uploads\/2022\/11\/Unbenannt-1-Rodzinna-300x208.jpg 300w, https:\/\/wobronietradycjiiwiary.com\/wp-content\/uploads\/2022\/11\/Unbenannt-1-Rodzinna-150x104.jpg 150w, https:\/\/wobronietradycjiiwiary.com\/wp-content\/uploads\/2022\/11\/Unbenannt-1-Rodzinna-18x12.jpg 18w, https:\/\/wobronietradycjiiwiary.com\/wp-content\/uploads\/2022\/11\/Unbenannt-1-Rodzinna.jpg 448w\" sizes=\"(max-width: 300px) 100vw, 300px\" \/><\/a><\/p>\n<h3 style=\"text-align: center\"><\/h3>\n<h1 style=\"text-align: center\"><\/h1>\n","protected":false},"excerpt":{"rendered":"<p>(Powy\u017cej &#8220;Tryumf Ko\u015bcio\u0142a&#8221; p\u0119dzla Petera, Paula Rubensa, z roku 1625) Kwestia za\u0142o\u017ce\u0144 oraz Polak-Katolik B\u0142\u0119dem wyj\u015bciowym ka\u017cdego cz\u0142owieka obdarzonego jakim\u015b&hellip; &nbsp; Pe\u0142en dost\u0119p dla subskrybent\u00f3w. Zaloguj si\u0119 lub przejd\u017a do Rejestracji. Nowe ni\u017csze ceny P\u0142atno\u015b\u0107 kart\u0105 P\u0142atno\u015b\u0107 przelewem P\u0142atno\u015b\u0107 kart\u0105 do 6 os\u00f3b<\/p>\n","protected":false},"author":60508433,"featured_media":0,"comment_status":"open","ping_status":"closed","sticky":false,"template":"","format":"standard","meta":{"_bbp_topic_count":0,"_bbp_reply_count":0,"_bbp_total_topic_count":0,"_bbp_total_reply_count":0,"_bbp_voice_count":0,"_bbp_anonymous_reply_count":0,"_bbp_topic_count_hidden":0,"_bbp_reply_count_hidden":0,"_bbp_forum_subforum_count":0,"_editorskit_title_hidden":false,"_editorskit_reading_time":0,"_editorskit_is_block_options_detached":false,"_editorskit_block_options_position":"{}","_coblocks_attr":"","_coblocks_dimensions":"","_coblocks_responsive_height":"","_coblocks_accordion_ie_support":"","_exactmetrics_skip_tracking":false,"_jetpack_newsletter_access":"","_jetpack_dont_email_post_to_subs":false,"_jetpack_newsletter_tier_id":0,"_jetpack_memberships_contains_paywalled_content":false,"_wpcom_ai_launchpad_first_post":false,"_jetpack_feature_clip_id":0,"_jetpack_memberships_contains_paid_content":false,"footnotes":"","jetpack_publicize_message":"{title}\n\n{excerpt}\n\n{url}","jetpack_publicize_feature_enabled":true,"jetpack_social_post_already_shared":true,"jetpack_social_options":{"image_generator_settings":{"template":"highway","default_image_id":0,"font":"","enabled":false},"version":2},"_wpas_customize_per_network":false,"jetpack_post_was_ever_published":false},"categories":[972006],"tags":[610130659,610132133],"class_list":["post-7494","post","type-post","status-publish","format-standard","hentry","category-protestantyzm","tag-protestantyzm","tag-restricted"],"yoast_head":"<!-- This site is optimized with the Yoast SEO plugin v28.4 - https:\/\/yoast.com\/product\/yoast-seo-wordpress\/ -->\n<title>\u201eProtestanckie czyli z\u0142e.\u201d A dlaczego? (1 z 6 ) Wprowadzenie. - Tradycja i Wiara<\/title>\n<meta name=\"robots\" content=\"index, follow, max-snippet:-1, max-image-preview:large, max-video-preview:-1\" \/>\n<link rel=\"canonical\" href=\"https:\/\/wobronietradycjiiwiary.com\/pl\/protestanckie-czyli-zle-a-dlaczego\/\" \/>\n<meta property=\"og:locale\" content=\"pl_PL\" \/>\n<meta property=\"og:type\" content=\"article\" \/>\n<meta property=\"og:title\" content=\"\u201eProtestanckie czyli z\u0142e.\u201d A dlaczego? (1 z 6 ) Wprowadzenie. - Tradycja i Wiara\" \/>\n<meta property=\"og:description\" content=\"(Powy\u017cej &#8220;Tryumf Ko\u015bcio\u0142a&#8221; p\u0119dzla Petera, Paula Rubensa, z roku 1625) Kwestia za\u0142o\u017ce\u0144 oraz Polak-Katolik B\u0142\u0119dem wyj\u015bciowym ka\u017cdego cz\u0142owieka obdarzonego jakim\u015b&hellip; &nbsp; Pe\u0142en dost\u0119p dla subskrybent\u00f3w. Zaloguj si\u0119 lub przejd\u017a do Rejestracji. Nowe ni\u017csze ceny P\u0142atno\u015b\u0107 kart\u0105 P\u0142atno\u015b\u0107 przelewem P\u0142atno\u015b\u0107 kart\u0105 do 6 os\u00f3b\" \/>\n<meta property=\"og:url\" content=\"https:\/\/wobronietradycjiiwiary.com\/pl\/protestanckie-czyli-zle-a-dlaczego\/\" \/>\n<meta property=\"og:site_name\" content=\"Tradycja i Wiara\" \/>\n<meta property=\"article:publisher\" content=\"https:\/\/www.facebook.com\/Tradycja-i-Wiara-108813920592249\" \/>\n<meta property=\"article:published_time\" content=\"2015-11-30T07:00:24+00:00\" \/>\n<meta property=\"article:modified_time\" content=\"2025-02-07T14:52:24+00:00\" \/>\n<meta property=\"og:image\" content=\"https:\/\/wobronietradycjiiwiary.com\/wp-content\/uploads\/2015\/10\/triumph-church-rubens-prado.jpg\" \/>\n<meta name=\"author\" content=\"Traditio et Fides\" \/>\n<meta name=\"twitter:card\" content=\"summary_large_image\" \/>\n<meta name=\"twitter:label1\" content=\"Napisane przez\" \/>\n\t<meta name=\"twitter:data1\" content=\"Traditio et Fides\" \/>\n\t<meta name=\"twitter:label2\" content=\"Szacowany czas czytania\" \/>\n\t<meta name=\"twitter:data2\" content=\"6 minut\" \/>\n<script type=\"application\/ld+json\" class=\"yoast-schema-graph\">{\"@context\":\"https:\\\/\\\/schema.org\",\"@graph\":[{\"@type\":\"Article\",\"@id\":\"https:\\\/\\\/wobronietradycjiiwiary.com\\\/protestanckie-czyli-zle-a-dlaczego\\\/#article\",\"isPartOf\":{\"@id\":\"https:\\\/\\\/wobronietradycjiiwiary.com\\\/protestanckie-czyli-zle-a-dlaczego\\\/\"},\"author\":{\"name\":\"Traditio et Fides\",\"@id\":\"https:\\\/\\\/wobronietradycjiiwiary.com\\\/pl\\\/#\\\/schema\\\/person\\\/2d6180ce6abcb681fef0daab7816e8f3\"},\"headline\":\"\u201eProtestanckie czyli z\u0142e.\u201d A dlaczego? (1 z 6 ) Wprowadzenie.\",\"datePublished\":\"2015-11-30T07:00:24+00:00\",\"dateModified\":\"2025-02-07T14:52:24+00:00\",\"mainEntityOfPage\":{\"@id\":\"https:\\\/\\\/wobronietradycjiiwiary.com\\\/protestanckie-czyli-zle-a-dlaczego\\\/\"},\"wordCount\":1144,\"commentCount\":2,\"publisher\":{\"@id\":\"https:\\\/\\\/wobronietradycjiiwiary.com\\\/pl\\\/#organization\"},\"image\":{\"@id\":\"https:\\\/\\\/wobronietradycjiiwiary.com\\\/protestanckie-czyli-zle-a-dlaczego\\\/#primaryimage\"},\"thumbnailUrl\":\"https:\\\/\\\/wobronietradycjiiwiary.com\\\/wp-content\\\/uploads\\\/2015\\\/10\\\/triumph-church-rubens-prado.jpg\",\"keywords\":[\"Protestantyzm\",\"Restricted\"],\"articleSection\":[\"Protestantyzm\"],\"inLanguage\":\"pl-PL\",\"potentialAction\":[{\"@type\":\"CommentAction\",\"name\":\"Comment\",\"target\":[\"https:\\\/\\\/wobronietradycjiiwiary.com\\\/protestanckie-czyli-zle-a-dlaczego\\\/#respond\"]}]},{\"@type\":\"WebPage\",\"@id\":\"https:\\\/\\\/wobronietradycjiiwiary.com\\\/protestanckie-czyli-zle-a-dlaczego\\\/\",\"url\":\"https:\\\/\\\/wobronietradycjiiwiary.com\\\/protestanckie-czyli-zle-a-dlaczego\\\/\",\"name\":\"\u201eProtestanckie czyli z\u0142e.\u201d A dlaczego? (1 z 6 ) Wprowadzenie. - Tradycja i Wiara\",\"isPartOf\":{\"@id\":\"https:\\\/\\\/wobronietradycjiiwiary.com\\\/pl\\\/#website\"},\"primaryImageOfPage\":{\"@id\":\"https:\\\/\\\/wobronietradycjiiwiary.com\\\/protestanckie-czyli-zle-a-dlaczego\\\/#primaryimage\"},\"image\":{\"@id\":\"https:\\\/\\\/wobronietradycjiiwiary.com\\\/protestanckie-czyli-zle-a-dlaczego\\\/#primaryimage\"},\"thumbnailUrl\":\"https:\\\/\\\/wobronietradycjiiwiary.com\\\/wp-content\\\/uploads\\\/2015\\\/10\\\/triumph-church-rubens-prado.jpg\",\"datePublished\":\"2015-11-30T07:00:24+00:00\",\"dateModified\":\"2025-02-07T14:52:24+00:00\",\"breadcrumb\":{\"@id\":\"https:\\\/\\\/wobronietradycjiiwiary.com\\\/protestanckie-czyli-zle-a-dlaczego\\\/#breadcrumb\"},\"inLanguage\":\"pl-PL\",\"potentialAction\":[{\"@type\":\"ReadAction\",\"target\":[\"https:\\\/\\\/wobronietradycjiiwiary.com\\\/protestanckie-czyli-zle-a-dlaczego\\\/\"]}]},{\"@type\":\"ImageObject\",\"inLanguage\":\"pl-PL\",\"@id\":\"https:\\\/\\\/wobronietradycjiiwiary.com\\\/protestanckie-czyli-zle-a-dlaczego\\\/#primaryimage\",\"url\":\"https:\\\/\\\/wobronietradycjiiwiary.com\\\/wp-content\\\/uploads\\\/2015\\\/10\\\/triumph-church-rubens-prado.jpg\",\"contentUrl\":\"https:\\\/\\\/wobronietradycjiiwiary.com\\\/wp-content\\\/uploads\\\/2015\\\/10\\\/triumph-church-rubens-prado.jpg\"},{\"@type\":\"BreadcrumbList\",\"@id\":\"https:\\\/\\\/wobronietradycjiiwiary.com\\\/protestanckie-czyli-zle-a-dlaczego\\\/#breadcrumb\",\"itemListElement\":[{\"@type\":\"ListItem\",\"position\":1,\"name\":\"Strona g\u0142\u00f3wna\",\"item\":\"https:\\\/\\\/wobronietradycjiiwiary.com\\\/\"},{\"@type\":\"ListItem\",\"position\":2,\"name\":\"\u201eProtestanckie czyli z\u0142e.\u201d A dlaczego? (1 z 6 ) Wprowadzenie.\"}]},{\"@type\":\"WebSite\",\"@id\":\"https:\\\/\\\/wobronietradycjiiwiary.com\\\/pl\\\/#website\",\"url\":\"https:\\\/\\\/wobronietradycjiiwiary.com\\\/pl\\\/\",\"name\":\"Tradycja i Wiara\",\"description\":\"Portal dla katolik\u00f3w.\",\"publisher\":{\"@id\":\"https:\\\/\\\/wobronietradycjiiwiary.com\\\/pl\\\/#organization\"},\"potentialAction\":[{\"@type\":\"SearchAction\",\"target\":{\"@type\":\"EntryPoint\",\"urlTemplate\":\"https:\\\/\\\/wobronietradycjiiwiary.com\\\/pl\\\/?s={search_term_string}\"},\"query-input\":{\"@type\":\"PropertyValueSpecification\",\"valueRequired\":true,\"valueName\":\"search_term_string\"}}],\"inLanguage\":\"pl-PL\"},{\"@type\":\"Organization\",\"@id\":\"https:\\\/\\\/wobronietradycjiiwiary.com\\\/pl\\\/#organization\",\"name\":\"Tradycja i Wiara\",\"url\":\"https:\\\/\\\/wobronietradycjiiwiary.com\\\/pl\\\/\",\"logo\":{\"@type\":\"ImageObject\",\"inLanguage\":\"pl-PL\",\"@id\":\"https:\\\/\\\/wobronietradycjiiwiary.com\\\/pl\\\/#\\\/schema\\\/logo\\\/image\\\/\",\"url\":\"https:\\\/\\\/i0.wp.com\\\/wobronietradycjiiwiary.com\\\/wp-content\\\/uploads\\\/2015\\\/10\\\/cropped-st-peters-dome-vatican.jpg?fit=940%2C198&ssl=1\",\"contentUrl\":\"https:\\\/\\\/i0.wp.com\\\/wobronietradycjiiwiary.com\\\/wp-content\\\/uploads\\\/2015\\\/10\\\/cropped-st-peters-dome-vatican.jpg?fit=940%2C198&ssl=1\",\"width\":940,\"height\":198,\"caption\":\"Tradycja i Wiara\"},\"image\":{\"@id\":\"https:\\\/\\\/wobronietradycjiiwiary.com\\\/pl\\\/#\\\/schema\\\/logo\\\/image\\\/\"},\"sameAs\":[\"https:\\\/\\\/www.facebook.com\\\/Tradycja-i-Wiara-108813920592249\"]},{\"@type\":\"Person\",\"@id\":\"https:\\\/\\\/wobronietradycjiiwiary.com\\\/pl\\\/#\\\/schema\\\/person\\\/2d6180ce6abcb681fef0daab7816e8f3\",\"name\":\"Traditio et Fides\",\"sameAs\":[\"https:\\\/\\\/traditionundglauben.com\"],\"url\":\"https:\\\/\\\/wobronietradycjiiwiary.com\\\/pl\\\/author\\\/wobronietradycjiiwiary\\\/\"}]}<\/script>\n<!-- \/ Yoast SEO plugin. -->","yoast_head_json":{"title":"\u201eProtestanckie czyli z\u0142e.\u201d A dlaczego? (1 z 6 ) Wprowadzenie. - Tradycja i Wiara","robots":{"index":"index","follow":"follow","max-snippet":"max-snippet:-1","max-image-preview":"max-image-preview:large","max-video-preview":"max-video-preview:-1"},"canonical":"https:\/\/wobronietradycjiiwiary.com\/pl\/protestanckie-czyli-zle-a-dlaczego\/","og_locale":"pl_PL","og_type":"article","og_title":"\u201eProtestanckie czyli z\u0142e.\u201d A dlaczego? (1 z 6 ) Wprowadzenie. - Tradycja i Wiara","og_description":"(Powy\u017cej &#8220;Tryumf Ko\u015bcio\u0142a&#8221; p\u0119dzla Petera, Paula Rubensa, z roku 1625) Kwestia za\u0142o\u017ce\u0144 oraz Polak-Katolik B\u0142\u0119dem wyj\u015bciowym ka\u017cdego cz\u0142owieka obdarzonego jakim\u015b&hellip; &nbsp; Pe\u0142en dost\u0119p dla subskrybent\u00f3w. Zaloguj si\u0119 lub przejd\u017a do Rejestracji. Nowe ni\u017csze ceny P\u0142atno\u015b\u0107 kart\u0105 P\u0142atno\u015b\u0107 przelewem P\u0142atno\u015b\u0107 kart\u0105 do 6 os\u00f3b","og_url":"https:\/\/wobronietradycjiiwiary.com\/pl\/protestanckie-czyli-zle-a-dlaczego\/","og_site_name":"Tradycja i Wiara","article_publisher":"https:\/\/www.facebook.com\/Tradycja-i-Wiara-108813920592249","article_published_time":"2015-11-30T07:00:24+00:00","article_modified_time":"2025-02-07T14:52:24+00:00","og_image":[{"url":"https:\/\/wobronietradycjiiwiary.com\/wp-content\/uploads\/2015\/10\/triumph-church-rubens-prado.jpg","type":"","width":"","height":""}],"author":"Traditio et Fides","twitter_card":"summary_large_image","twitter_misc":{"Napisane przez":"Traditio et Fides","Szacowany czas czytania":"6 minut"},"schema":{"@context":"https:\/\/schema.org","@graph":[{"@type":"Article","@id":"https:\/\/wobronietradycjiiwiary.com\/protestanckie-czyli-zle-a-dlaczego\/#article","isPartOf":{"@id":"https:\/\/wobronietradycjiiwiary.com\/protestanckie-czyli-zle-a-dlaczego\/"},"author":{"name":"Traditio et Fides","@id":"https:\/\/wobronietradycjiiwiary.com\/pl\/#\/schema\/person\/2d6180ce6abcb681fef0daab7816e8f3"},"headline":"\u201eProtestanckie czyli z\u0142e.\u201d A dlaczego? (1 z 6 ) Wprowadzenie.","datePublished":"2015-11-30T07:00:24+00:00","dateModified":"2025-02-07T14:52:24+00:00","mainEntityOfPage":{"@id":"https:\/\/wobronietradycjiiwiary.com\/protestanckie-czyli-zle-a-dlaczego\/"},"wordCount":1144,"commentCount":2,"publisher":{"@id":"https:\/\/wobronietradycjiiwiary.com\/pl\/#organization"},"image":{"@id":"https:\/\/wobronietradycjiiwiary.com\/protestanckie-czyli-zle-a-dlaczego\/#primaryimage"},"thumbnailUrl":"https:\/\/wobronietradycjiiwiary.com\/wp-content\/uploads\/2015\/10\/triumph-church-rubens-prado.jpg","keywords":["Protestantyzm","Restricted"],"articleSection":["Protestantyzm"],"inLanguage":"pl-PL","potentialAction":[{"@type":"CommentAction","name":"Comment","target":["https:\/\/wobronietradycjiiwiary.com\/protestanckie-czyli-zle-a-dlaczego\/#respond"]}]},{"@type":"WebPage","@id":"https:\/\/wobronietradycjiiwiary.com\/protestanckie-czyli-zle-a-dlaczego\/","url":"https:\/\/wobronietradycjiiwiary.com\/protestanckie-czyli-zle-a-dlaczego\/","name":"\u201eProtestanckie czyli z\u0142e.\u201d A dlaczego? (1 z 6 ) Wprowadzenie. - Tradycja i Wiara","isPartOf":{"@id":"https:\/\/wobronietradycjiiwiary.com\/pl\/#website"},"primaryImageOfPage":{"@id":"https:\/\/wobronietradycjiiwiary.com\/protestanckie-czyli-zle-a-dlaczego\/#primaryimage"},"image":{"@id":"https:\/\/wobronietradycjiiwiary.com\/protestanckie-czyli-zle-a-dlaczego\/#primaryimage"},"thumbnailUrl":"https:\/\/wobronietradycjiiwiary.com\/wp-content\/uploads\/2015\/10\/triumph-church-rubens-prado.jpg","datePublished":"2015-11-30T07:00:24+00:00","dateModified":"2025-02-07T14:52:24+00:00","breadcrumb":{"@id":"https:\/\/wobronietradycjiiwiary.com\/protestanckie-czyli-zle-a-dlaczego\/#breadcrumb"},"inLanguage":"pl-PL","potentialAction":[{"@type":"ReadAction","target":["https:\/\/wobronietradycjiiwiary.com\/protestanckie-czyli-zle-a-dlaczego\/"]}]},{"@type":"ImageObject","inLanguage":"pl-PL","@id":"https:\/\/wobronietradycjiiwiary.com\/protestanckie-czyli-zle-a-dlaczego\/#primaryimage","url":"https:\/\/wobronietradycjiiwiary.com\/wp-content\/uploads\/2015\/10\/triumph-church-rubens-prado.jpg","contentUrl":"https:\/\/wobronietradycjiiwiary.com\/wp-content\/uploads\/2015\/10\/triumph-church-rubens-prado.jpg"},{"@type":"BreadcrumbList","@id":"https:\/\/wobronietradycjiiwiary.com\/protestanckie-czyli-zle-a-dlaczego\/#breadcrumb","itemListElement":[{"@type":"ListItem","position":1,"name":"Strona g\u0142\u00f3wna","item":"https:\/\/wobronietradycjiiwiary.com\/"},{"@type":"ListItem","position":2,"name":"\u201eProtestanckie czyli z\u0142e.\u201d A dlaczego? (1 z 6 ) Wprowadzenie."}]},{"@type":"WebSite","@id":"https:\/\/wobronietradycjiiwiary.com\/pl\/#website","url":"https:\/\/wobronietradycjiiwiary.com\/pl\/","name":"Tradycja i Wiara","description":"Portal dla katolik\u00f3w.","publisher":{"@id":"https:\/\/wobronietradycjiiwiary.com\/pl\/#organization"},"potentialAction":[{"@type":"SearchAction","target":{"@type":"EntryPoint","urlTemplate":"https:\/\/wobronietradycjiiwiary.com\/pl\/?s={search_term_string}"},"query-input":{"@type":"PropertyValueSpecification","valueRequired":true,"valueName":"search_term_string"}}],"inLanguage":"pl-PL"},{"@type":"Organization","@id":"https:\/\/wobronietradycjiiwiary.com\/pl\/#organization","name":"Tradycja i Wiara","url":"https:\/\/wobronietradycjiiwiary.com\/pl\/","logo":{"@type":"ImageObject","inLanguage":"pl-PL","@id":"https:\/\/wobronietradycjiiwiary.com\/pl\/#\/schema\/logo\/image\/","url":"https:\/\/i0.wp.com\/wobronietradycjiiwiary.com\/wp-content\/uploads\/2015\/10\/cropped-st-peters-dome-vatican.jpg?fit=940%2C198&ssl=1","contentUrl":"https:\/\/i0.wp.com\/wobronietradycjiiwiary.com\/wp-content\/uploads\/2015\/10\/cropped-st-peters-dome-vatican.jpg?fit=940%2C198&ssl=1","width":940,"height":198,"caption":"Tradycja i Wiara"},"image":{"@id":"https:\/\/wobronietradycjiiwiary.com\/pl\/#\/schema\/logo\/image\/"},"sameAs":["https:\/\/www.facebook.com\/Tradycja-i-Wiara-108813920592249"]},{"@type":"Person","@id":"https:\/\/wobronietradycjiiwiary.com\/pl\/#\/schema\/person\/2d6180ce6abcb681fef0daab7816e8f3","name":"Traditio et Fides","sameAs":["https:\/\/traditionundglauben.com"],"url":"https:\/\/wobronietradycjiiwiary.com\/pl\/author\/wobronietradycjiiwiary\/"}]}},"jetpack_publicize_connections":[],"jetpack_sharing_enabled":true,"jetpack_likes_enabled":true,"jetpack_shortlink":"https:\/\/wp.me\/pc04Sd-1WS","jetpack-related-posts":[{"id":64127,"url":"https:\/\/wobronietradycjiiwiary.com\/pl\/ekumenizm-lub-dyskretny-urok-protestantyzmu\/","url_meta":{"origin":7494,"position":0},"title":"Ekumenizm lub dyskretny urok protestantyzmu","author":"Traditio et Fides","date":"15 marca 2022","format":false,"excerpt":"O tym sk\u0105d bior\u0105 si\u0119 ekumeniczne ci\u0105goty w Niemczech.","rel":"","context":"W \u201eAd 3) 6. Kongresy eucharystyczne&quot;","block_context":{"text":"Ad 3) 6. Kongresy eucharystyczne","link":"https:\/\/wobronietradycjiiwiary.com\/pl\/category\/doktryna\/teologia-liturgii\/byrne-doktryna\/byrne\/komentarze-do-byrne\/ad-3-pius-xii-ku-zagladzie-komentarze-do-byrne\/ad-3-6-kongresy-eucharystyczne-ad-3-pius-xii-ku-zagladzie-komentarze-do-byrne\/"},"img":{"alt_text":"","src":"https:\/\/i0.wp.com\/wobronietradycjiiwiary.com\/wp-content\/uploads\/2022\/03\/Protestant-preacher.jpg?resize=350%2C200&ssl=1","width":350,"height":200},"classes":[]},{"id":7497,"url":"https:\/\/wobronietradycjiiwiary.com\/pl\/protestanckie-czyli-zle-a-dlaczego-2-z\/","url_meta":{"origin":7494,"position":1},"title":"\u201eProtestanckie czyli z\u0142e.\u201d A dlaczego? (2 z 6) Cztery sola protestantyzmu.","author":"Traditio et Fides","date":"4 grudnia 2015","format":false,"excerpt":"Dlaczego protestantyzm jest z\u0142y lub cztery sola Protestantyzm jest dlatego z\u0142y, czyli szkodliwy, poniewa\u017c prowadzi\u00a0na d\u0142u\u017csz\u0105 met\u0119 wszystkie dusze na manowce, do rozpaczy i w sumie do piek\u0142a. Prowadzi je najpierw do agnostycyzmu, czyli do przekonania, \u017ce nie wiadomo czy B\u00f3g jest czy go nie ma, a nast\u0119pnie do ateizmu\u2026","rel":"","context":"W \u201eProtestantyzm&quot;","block_context":{"text":"Protestantyzm","link":"https:\/\/wobronietradycjiiwiary.com\/pl\/category\/polemika\/protestantyzm\/"},"img":{"alt_text":"","src":"https:\/\/i0.wp.com\/wobronietradycjiiwiary.com\/wp-content\/uploads\/2015\/10\/grafik-gottglauben.jpg?resize=350%2C200&ssl=1","width":350,"height":200},"classes":[]},{"id":7513,"url":"https:\/\/wobronietradycjiiwiary.com\/pl\/protestanckie-czyli-zle-a-dlaczego-5-z\/","url_meta":{"origin":7494,"position":2},"title":"\u201eProtestanckie czyli z\u0142e.\u201d A dlaczego? (6 z 6). Solus Christus.","author":"Traditio et Fides","date":"18 grudnia 2015","format":false,"excerpt":"Solus Christus \u2013 tylko Chrystus Luter jak i inni reformatorzy po nim uwa\u017ca\u0142, \u017ce cze\u015b\u0107 niesiona \u015bwi\u0119tym i Naj\u015bwi\u0119tszej Maryj Pannie przes\u0142ania i deprecjonuje zas\u0142ugi Chrystusa. St\u0105d te\u017c maksyma: solus Christus \u2013 tylko Chrystus. Luter, raczej \u015bwiadomie, bo by\u0142 wykszta\u0142cony, pomyli\u0142 lub pomiesza\u0142 kult nale\u017cny Bogu (latria) oraz cze\u015b\u0107 wzgl\u0119dem\u2026","rel":"","context":"W \u201eProtestantyzm&quot;","block_context":{"text":"Protestantyzm","link":"https:\/\/wobronietradycjiiwiary.com\/pl\/category\/polemika\/protestantyzm\/"},"img":{"alt_text":"Triumph-church-rubens-prado","src":"https:\/\/i0.wp.com\/wobronietradycjiiwiary.com\/wp-content\/uploads\/2015\/10\/triumph-church-rubens-prado.jpg?resize=350%2C200&ssl=1","width":350,"height":200,"srcset":"https:\/\/i0.wp.com\/wobronietradycjiiwiary.com\/wp-content\/uploads\/2015\/10\/triumph-church-rubens-prado.jpg?resize=350%2C200&ssl=1 1x, https:\/\/i0.wp.com\/wobronietradycjiiwiary.com\/wp-content\/uploads\/2015\/10\/triumph-church-rubens-prado.jpg?resize=525%2C300&ssl=1 1.5x"},"classes":[]},{"id":7505,"url":"https:\/\/wobronietradycjiiwiary.com\/pl\/protestanckie-czyli-zle-a-dlaczego-3-z\/","url_meta":{"origin":7494,"position":3},"title":"\u201eProtestanckie czyli z\u0142e.\u201d A dlaczego? (3 z 6). Sola Scriptura","author":"Traditio et Fides","date":"8 grudnia 2015","format":false,"excerpt":"Sola Scriptura \u2013 Tylko Pismo Zasada przyj\u0119ta dopiero przez Lutra i to po 1500 latach chrze\u015bcija\u0144stwa, wedle kt\u00f3rej jedynym \u017ar\u00f3d\u0142em Objawienia jest Pismo \u015awi\u0119te, a nie jak w katolicyzmie Pismo \u015awi\u0119te i Tradycja, a w sumie bardziej Tradycja, kt\u00f3ra stworzy\u0142a i przekaza\u0142a Pismo, by\u0142a rzeczywistym przewrotem kopernika\u0144skim i rewolucj\u0105 w\u2026","rel":"","context":"W \u201eProtestantyzm&quot;","block_context":{"text":"Protestantyzm","link":"https:\/\/wobronietradycjiiwiary.com\/pl\/category\/polemika\/protestantyzm\/"},"img":{"alt_text":"Triumph-church-rubens-prado","src":"https:\/\/i0.wp.com\/wobronietradycjiiwiary.com\/wp-content\/uploads\/2015\/10\/triumph-church-rubens-prado.jpg?resize=350%2C200&ssl=1","width":350,"height":200,"srcset":"https:\/\/i0.wp.com\/wobronietradycjiiwiary.com\/wp-content\/uploads\/2015\/10\/triumph-church-rubens-prado.jpg?resize=350%2C200&ssl=1 1x, https:\/\/i0.wp.com\/wobronietradycjiiwiary.com\/wp-content\/uploads\/2015\/10\/triumph-church-rubens-prado.jpg?resize=525%2C300&ssl=1 1.5x"},"classes":[]},{"id":5021,"url":"https:\/\/wobronietradycjiiwiary.com\/pl\/gueranger-herezja-antyliturgiczna-3-z-4\/","url_meta":{"origin":7494,"position":4},"title":"Gu\u00e9ranger, Herezja antyliturgiczna (3 z 4)","author":"Traditio et Fides","date":"16 kwietnia 2015","format":false,"excerpt":"Herezja antyliturgiczna \u2013 Dom Prosper Gu\u00e9ranger OSB 8\u00ba Poniewa\u017c jednym z g\u0142\u00f3wnych cel\u00f3w reformy liturgicznej by\u0142o zniesienie czynno\u015bci i formu\u0142 o mistycznym znaczeniu, sta\u0142o si\u0119 logiczn\u0105 konsekwencj\u0105, \u017ce autorzy reformy musieli podkre\u015bla\u0107 konieczno\u015b\u0107 u\u017cycia w kulcie j\u0119zyk\u00f3w ojczystych. W oczach heretyk\u00f3w to rzecz najwa\u017cniejsza. Kult nie mo\u017ce by\u0107 czym\u015b tajemniczym.\u2026","rel":"","context":"W \u201eHerezja antyliturgiczna&quot;","block_context":{"text":"Herezja antyliturgiczna","link":"https:\/\/wobronietradycjiiwiary.com\/pl\/category\/duchowosc\/liturgia-i-liturgika\/rozwazania\/gueranger\/gueranger-herezja-antyliturgiczna\/"},"img":{"alt_text":"","src":"https:\/\/i0.wp.com\/wobronietradycjiiwiary.com\/wp-content\/uploads\/2019\/10\/gregory-mass-scaled.jpg?resize=350%2C200&ssl=1","width":350,"height":200,"srcset":"https:\/\/i0.wp.com\/wobronietradycjiiwiary.com\/wp-content\/uploads\/2019\/10\/gregory-mass-scaled.jpg?resize=350%2C200&ssl=1 1x, https:\/\/i0.wp.com\/wobronietradycjiiwiary.com\/wp-content\/uploads\/2019\/10\/gregory-mass-scaled.jpg?resize=525%2C300&ssl=1 1.5x, https:\/\/i0.wp.com\/wobronietradycjiiwiary.com\/wp-content\/uploads\/2019\/10\/gregory-mass-scaled.jpg?resize=700%2C400&ssl=1 2x, https:\/\/i0.wp.com\/wobronietradycjiiwiary.com\/wp-content\/uploads\/2019\/10\/gregory-mass-scaled.jpg?resize=1050%2C600&ssl=1 3x, https:\/\/i0.wp.com\/wobronietradycjiiwiary.com\/wp-content\/uploads\/2019\/10\/gregory-mass-scaled.jpg?resize=1400%2C800&ssl=1 4x"},"classes":[]},{"id":7511,"url":"https:\/\/wobronietradycjiiwiary.com\/pl\/protestanckie-czyli-zle-a-dlaczego-4-z-2\/","url_meta":{"origin":7494,"position":5},"title":"\u201eProtestanckie czyli z\u0142e.\u201d A dlaczego? (5 z 6) Sola gratia.","author":"Traditio et Fides","date":"14 grudnia 2015","format":false,"excerpt":"Sola gratia \u2013 tylko \u0142aska Luter i wraz z nim ca\u0142ym protestantyzm odrzuci\u0142 mo\u017cliwo\u015b\u0107 zdobywania zas\u0142ug przed Bogiem, gdy\u017c ich zdaniem ludzka natura ludzka jest tak ska\u017cona przez grzech pierworodny, \u017ce do \u017cadnego dobrego czynu nie jest zdolna, a d\u017awiga j\u0105 wy\u0142\u0105cznie \u0142aska Bo\u017ca na skutek zas\u0142ug i odkupie\u0144czej \u015bmierci\u2026","rel":"","context":"W \u201eProtestantyzm&quot;","block_context":{"text":"Protestantyzm","link":"https:\/\/wobronietradycjiiwiary.com\/pl\/category\/polemika\/protestantyzm\/"},"img":{"alt_text":"Triumph-church-rubens-prado","src":"https:\/\/i0.wp.com\/wobronietradycjiiwiary.com\/wp-content\/uploads\/2015\/10\/triumph-church-rubens-prado.jpg?resize=350%2C200&ssl=1","width":350,"height":200,"srcset":"https:\/\/i0.wp.com\/wobronietradycjiiwiary.com\/wp-content\/uploads\/2015\/10\/triumph-church-rubens-prado.jpg?resize=350%2C200&ssl=1 1x, https:\/\/i0.wp.com\/wobronietradycjiiwiary.com\/wp-content\/uploads\/2015\/10\/triumph-church-rubens-prado.jpg?resize=525%2C300&ssl=1 1.5x"},"classes":[]}],"amp_enabled":true,"jetpack_featured_media_url":"","_links":{"self":[{"href":"https:\/\/wobronietradycjiiwiary.com\/pl\/wp-json\/wp\/v2\/posts\/7494","targetHints":{"allow":["GET"]}}],"collection":[{"href":"https:\/\/wobronietradycjiiwiary.com\/pl\/wp-json\/wp\/v2\/posts"}],"about":[{"href":"https:\/\/wobronietradycjiiwiary.com\/pl\/wp-json\/wp\/v2\/types\/post"}],"author":[{"embeddable":true,"href":"https:\/\/wobronietradycjiiwiary.com\/pl\/wp-json\/wp\/v2\/users\/60508433"}],"replies":[{"embeddable":true,"href":"https:\/\/wobronietradycjiiwiary.com\/pl\/wp-json\/wp\/v2\/comments?post=7494"}],"version-history":[{"count":0,"href":"https:\/\/wobronietradycjiiwiary.com\/pl\/wp-json\/wp\/v2\/posts\/7494\/revisions"}],"wp:attachment":[{"href":"https:\/\/wobronietradycjiiwiary.com\/pl\/wp-json\/wp\/v2\/media?parent=7494"}],"wp:term":[{"taxonomy":"category","embeddable":true,"href":"https:\/\/wobronietradycjiiwiary.com\/pl\/wp-json\/wp\/v2\/categories?post=7494"},{"taxonomy":"post_tag","embeddable":true,"href":"https:\/\/wobronietradycjiiwiary.com\/pl\/wp-json\/wp\/v2\/tags?post=7494"}],"curies":[{"name":"wp","href":"https:\/\/api.w.org\/{rel}","templated":true}]}}