{"id":74907,"date":"2022-08-12T16:28:29","date_gmt":"2022-08-12T14:28:29","guid":{"rendered":"https:\/\/wobronietradycjiiwiary.com\/?p=74907"},"modified":"2025-02-07T15:39:24","modified_gmt":"2025-02-07T14:39:24","slug":"wpisywanieblogoslawienstw-z-rituale-romanum-lub-a-to-zly-duch-wlasnie","status":"publish","type":"post","link":"https:\/\/wobronietradycjiiwiary.com\/pl\/wpisywanieblogoslawienstw-z-rituale-romanum-lub-a-to-zly-duch-wlasnie\/","title":{"rendered":"Wpisywanie b\u0142ogos\u0142awie\u0144stw z Rituale romanum lub \u201ea to z\u0142y duch w\u0142a\u015bnie\u201d"},"content":{"rendered":"<div id=\"bsf_rt_marker\"><\/div><p>Czas lektury: 8 minut Pisz\u0105cy te s\u0142owa sporz\u0105dzaj\u0105c ostatni\u0105 ksi\u0105\u017ceczk\u0119 z b\u0142ogos\u0142awie\u0144stwami z Rituale romanum do\u015bwiadczy\u0142 czego\u015b, czego by\u0107 mo\u017ce&hellip;<\/p>\n<div style=\"text-align: center\">\n<p>&nbsp;<\/p>\n<\/div>\n<h2 style=\"border: 5px solid #0000A0;padding: 1em;text-align: center\"><span style=\"color: #000000\">Pe\u0142en dost\u0119p dla <span style=\"color: #00ccff\"><a style=\"color: #00ccff\" href=\"https:\/\/wobronietradycjiiwiary.com\/subskrypcje-2\/\" target=\"_blank\" rel=\"noopener\">subskrybent\u00f3w<\/a><\/span>.<\/span><br \/>\n<span style=\"color: #3366ff\"><a style=\"color: #3366ff\" href=\"https:\/\/wobronietradycjiiwiary.com\/account\/login\/\" target=\"_blank\" rel=\"noopener\"><span style=\"color: #00ccff\">Zaloguj<\/span><\/a> <\/span>si\u0119 lub przejd\u017a do <a href=\"https:\/\/wobronietradycjiiwiary.com\/register\/\"><span style=\"color: #3366ff\">Rejestracji<\/span><\/a>.<\/h2>\n<div>\n<p style=\"text-align: center\"><a href=\"https:\/\/wobronietradycjiiwiary.com\/pl\/subskrypcje-2\/cennik\/\" target=\"_blank\" rel=\"noopener\"><span style=\"color: #000080;font-size: 24pt\"><strong>Nowe ni\u017csze ceny<\/strong><\/span><\/a><\/p>\n<p style=\"text-align: center\"><strong><span style=\"font-size: 18pt;color: #000080\">P\u0142atno\u015b\u0107 kart\u0105<\/span><\/strong><\/p>\n<\/div>\n<h3 style=\"text-align: center\"><a href=\"https:\/\/wobronietradycjiiwiary.com\/pl\/subskrypcje-2\/automatyczne\/indywidualne\/\" target=\"_blank\" rel=\"noopener\"><img fetchpriority=\"high\" decoding=\"async\" class=\"alignnone size-medium wp-image-80433\" src=\"https:\/\/wobronietradycjiiwiary.com\/wp-content\/uploads\/2022\/11\/Unbenannt-1-Online-1-300x202.jpg\" alt=\"\" width=\"300\" height=\"202\" srcset=\"https:\/\/wobronietradycjiiwiary.com\/wp-content\/uploads\/2022\/11\/Unbenannt-1-Online-1-300x202.jpg 300w, https:\/\/wobronietradycjiiwiary.com\/wp-content\/uploads\/2022\/11\/Unbenannt-1-Online-1-150x101.jpg 150w, https:\/\/wobronietradycjiiwiary.com\/wp-content\/uploads\/2022\/11\/Unbenannt-1-Online-1-18x12.jpg 18w, https:\/\/wobronietradycjiiwiary.com\/wp-content\/uploads\/2022\/11\/Unbenannt-1-Online-1.jpg 446w\" sizes=\"(max-width: 300px) 100vw, 300px\" \/><\/a><\/h3>\n<p style=\"text-align: center\"><strong><span style=\"font-size: 18pt;color: #000080\">P\u0142atno\u015b\u0107 przelewem<\/span><\/strong><\/p>\n<p><a href=\"https:\/\/wobronietradycjiiwiary.com\/pl\/subskrypcje-2\/automatyczne\/indywidualne\/\" target=\"_blank\" rel=\"noopener\"><img decoding=\"async\" class=\"size-medium wp-image-80434 aligncenter\" src=\"https:\/\/wobronietradycjiiwiary.com\/wp-content\/uploads\/2022\/11\/Unbenannt-1-Przelewem-300x137.jpg\" alt=\"\" width=\"300\" height=\"137\" srcset=\"https:\/\/wobronietradycjiiwiary.com\/wp-content\/uploads\/2022\/11\/Unbenannt-1-Przelewem-300x137.jpg 300w, https:\/\/wobronietradycjiiwiary.com\/wp-content\/uploads\/2022\/11\/Unbenannt-1-Przelewem-450x206.jpg 450w, https:\/\/wobronietradycjiiwiary.com\/wp-content\/uploads\/2022\/11\/Unbenannt-1-Przelewem-600x274.jpg 600w, https:\/\/wobronietradycjiiwiary.com\/wp-content\/uploads\/2022\/11\/Unbenannt-1-Przelewem-150x69.jpg 150w, https:\/\/wobronietradycjiiwiary.com\/wp-content\/uploads\/2022\/11\/Unbenannt-1-Przelewem-18x8.jpg 18w, https:\/\/wobronietradycjiiwiary.com\/wp-content\/uploads\/2022\/11\/Unbenannt-1-Przelewem.jpg 676w\" sizes=\"(max-width: 300px) 100vw, 300px\" \/><\/a><\/p>\n<p style=\"text-align: center\"><strong><span style=\"font-size: 18pt;color: #000080\">P\u0142atno\u015b\u0107 kart\u0105 do 6 os\u00f3b<\/span><\/strong><\/p>\n<p><a href=\"https:\/\/wobronietradycjiiwiary.com\/pl\/rodzinne\/\" target=\"_blank\" rel=\"noopener\"><img decoding=\"async\" class=\"size-medium wp-image-80435 aligncenter\" src=\"https:\/\/wobronietradycjiiwiary.com\/wp-content\/uploads\/2022\/11\/Unbenannt-1-Rodzinna-300x208.jpg\" alt=\"\" width=\"300\" height=\"208\" srcset=\"https:\/\/wobronietradycjiiwiary.com\/wp-content\/uploads\/2022\/11\/Unbenannt-1-Rodzinna-300x208.jpg 300w, https:\/\/wobronietradycjiiwiary.com\/wp-content\/uploads\/2022\/11\/Unbenannt-1-Rodzinna-150x104.jpg 150w, https:\/\/wobronietradycjiiwiary.com\/wp-content\/uploads\/2022\/11\/Unbenannt-1-Rodzinna-18x12.jpg 18w, https:\/\/wobronietradycjiiwiary.com\/wp-content\/uploads\/2022\/11\/Unbenannt-1-Rodzinna.jpg 448w\" sizes=\"(max-width: 300px) 100vw, 300px\" \/><\/a><\/p>\n<h3 style=\"text-align: center\"><\/h3>\n<h1 style=\"text-align: center\"><\/h1>\n","protected":false},"excerpt":{"rendered":"<p>O tym, \u017ce z\u0142y duch to caput omnium malorum lub o inteligencji rozproszonej.<\/p>\n","protected":false},"author":60508433,"featured_media":74911,"comment_status":"open","ping_status":"open","sticky":false,"template":"","format":"standard","meta":{"_bbp_topic_count":0,"_bbp_reply_count":0,"_bbp_total_topic_count":0,"_bbp_total_reply_count":0,"_bbp_voice_count":0,"_bbp_anonymous_reply_count":0,"_bbp_topic_count_hidden":0,"_bbp_reply_count_hidden":0,"_bbp_forum_subforum_count":0,"_editorskit_title_hidden":false,"_editorskit_reading_time":6,"_editorskit_is_block_options_detached":false,"_editorskit_block_options_position":"{}","_coblocks_attr":"","_coblocks_dimensions":"","_coblocks_responsive_height":"","_coblocks_accordion_ie_support":"","_exactmetrics_skip_tracking":false,"_jetpack_newsletter_access":"","_jetpack_dont_email_post_to_subs":false,"_jetpack_newsletter_tier_id":0,"_jetpack_memberships_contains_paywalled_content":false,"_wpcom_ai_launchpad_first_post":false,"_jetpack_feature_clip_id":0,"_jetpack_memberships_contains_paid_content":false,"footnotes":"","jetpack_publicize_message":"{title}\n\n{excerpt}\n\n{url}","jetpack_publicize_feature_enabled":true,"jetpack_social_post_already_shared":true,"jetpack_social_options":{"image_generator_settings":{"template":"highway","default_image_id":0,"font":"","enabled":false},"version":2},"_wpas_customize_per_network":false,"jetpack_post_was_ever_published":false},"categories":[326335690,610130731,610131185],"tags":[610132133],"class_list":["post-74907","post","type-post","status-publish","format-standard","has-post-thumbnail","hentry","category-demonologia-teologia","category-demonologia-praktyczna","category-doktryna","tag-restricted"],"yoast_head":"<!-- This site is optimized with the Yoast SEO plugin v28.3 - https:\/\/yoast.com\/product\/yoast-seo-wordpress\/ -->\n<title>Wpisywanie b\u0142ogos\u0142awie\u0144stw z Rituale romanum lub \u201ea to z\u0142y duch w\u0142a\u015bnie\u201d - Tradycja i Wiara<\/title>\n<meta name=\"robots\" content=\"index, follow, max-snippet:-1, max-image-preview:large, max-video-preview:-1\" \/>\n<link rel=\"canonical\" href=\"https:\/\/wobronietradycjiiwiary.com\/pl\/wpisywanieblogoslawienstw-z-rituale-romanum-lub-a-to-zly-duch-wlasnie\/\" \/>\n<meta property=\"og:locale\" content=\"pl_PL\" \/>\n<meta property=\"og:type\" content=\"article\" \/>\n<meta property=\"og:title\" content=\"Wpisywanie b\u0142ogos\u0142awie\u0144stw z Rituale romanum lub \u201ea to z\u0142y duch w\u0142a\u015bnie\u201d - Tradycja i Wiara\" \/>\n<meta property=\"og:description\" content=\"O tym, \u017ce z\u0142y duch to caput omnium malorum lub o inteligencji rozproszonej.\" \/>\n<meta property=\"og:url\" content=\"https:\/\/wobronietradycjiiwiary.com\/pl\/wpisywanieblogoslawienstw-z-rituale-romanum-lub-a-to-zly-duch-wlasnie\/\" \/>\n<meta property=\"og:site_name\" content=\"Tradycja i Wiara\" \/>\n<meta property=\"article:publisher\" content=\"https:\/\/www.facebook.com\/Tradycja-i-Wiara-108813920592249\" \/>\n<meta property=\"article:published_time\" content=\"2022-08-12T14:28:29+00:00\" \/>\n<meta property=\"article:modified_time\" content=\"2025-02-07T14:39:24+00:00\" \/>\n<meta property=\"og:image\" content=\"https:\/\/wobronietradycjiiwiary.com\/wp-content\/uploads\/2022\/08\/f20f62087230e7da173af9a99902a192.jpg\" \/>\n\t<meta property=\"og:image:width\" content=\"532\" \/>\n\t<meta property=\"og:image:height\" content=\"800\" \/>\n\t<meta property=\"og:image:type\" content=\"image\/jpeg\" \/>\n<meta name=\"author\" content=\"Traditio et Fides\" \/>\n<meta name=\"twitter:card\" content=\"summary_large_image\" \/>\n<meta name=\"twitter:label1\" content=\"Napisane przez\" \/>\n\t<meta name=\"twitter:data1\" content=\"Traditio et Fides\" \/>\n\t<meta name=\"twitter:label2\" content=\"Szacowany czas czytania\" \/>\n\t<meta name=\"twitter:data2\" content=\"10 minut\" \/>\n<script type=\"application\/ld+json\" class=\"yoast-schema-graph\">{\"@context\":\"https:\\\/\\\/schema.org\",\"@graph\":[{\"@type\":\"Article\",\"@id\":\"https:\\\/\\\/wobronietradycjiiwiary.com\\\/wpisywanieblogoslawienstw-z-rituale-romanum-lub-a-to-zly-duch-wlasnie\\\/#article\",\"isPartOf\":{\"@id\":\"https:\\\/\\\/wobronietradycjiiwiary.com\\\/wpisywanieblogoslawienstw-z-rituale-romanum-lub-a-to-zly-duch-wlasnie\\\/\"},\"author\":{\"name\":\"Traditio et Fides\",\"@id\":\"https:\\\/\\\/wobronietradycjiiwiary.com\\\/pl\\\/#\\\/schema\\\/person\\\/2d6180ce6abcb681fef0daab7816e8f3\"},\"headline\":\"Wpisywanie b\u0142ogos\u0142awie\u0144stw z Rituale romanum lub \u201ea to z\u0142y duch w\u0142a\u015bnie\u201d\",\"datePublished\":\"2022-08-12T14:28:29+00:00\",\"dateModified\":\"2025-02-07T14:39:24+00:00\",\"mainEntityOfPage\":{\"@id\":\"https:\\\/\\\/wobronietradycjiiwiary.com\\\/wpisywanieblogoslawienstw-z-rituale-romanum-lub-a-to-zly-duch-wlasnie\\\/\"},\"wordCount\":1731,\"commentCount\":0,\"publisher\":{\"@id\":\"https:\\\/\\\/wobronietradycjiiwiary.com\\\/pl\\\/#organization\"},\"image\":{\"@id\":\"https:\\\/\\\/wobronietradycjiiwiary.com\\\/wpisywanieblogoslawienstw-z-rituale-romanum-lub-a-to-zly-duch-wlasnie\\\/#primaryimage\"},\"thumbnailUrl\":\"https:\\\/\\\/wobronietradycjiiwiary.com\\\/wp-content\\\/uploads\\\/2022\\\/08\\\/f20f62087230e7da173af9a99902a192.jpg\",\"keywords\":[\"Restricted\"],\"articleSection\":[\"Demonologia\",\"Demonologia praktyczna\",\"Doktryna\"],\"inLanguage\":\"pl-PL\",\"potentialAction\":[{\"@type\":\"CommentAction\",\"name\":\"Comment\",\"target\":[\"https:\\\/\\\/wobronietradycjiiwiary.com\\\/wpisywanieblogoslawienstw-z-rituale-romanum-lub-a-to-zly-duch-wlasnie\\\/#respond\"]}]},{\"@type\":\"WebPage\",\"@id\":\"https:\\\/\\\/wobronietradycjiiwiary.com\\\/wpisywanieblogoslawienstw-z-rituale-romanum-lub-a-to-zly-duch-wlasnie\\\/\",\"url\":\"https:\\\/\\\/wobronietradycjiiwiary.com\\\/wpisywanieblogoslawienstw-z-rituale-romanum-lub-a-to-zly-duch-wlasnie\\\/\",\"name\":\"Wpisywanie b\u0142ogos\u0142awie\u0144stw z Rituale romanum lub \u201ea to z\u0142y duch w\u0142a\u015bnie\u201d - Tradycja i Wiara\",\"isPartOf\":{\"@id\":\"https:\\\/\\\/wobronietradycjiiwiary.com\\\/pl\\\/#website\"},\"primaryImageOfPage\":{\"@id\":\"https:\\\/\\\/wobronietradycjiiwiary.com\\\/wpisywanieblogoslawienstw-z-rituale-romanum-lub-a-to-zly-duch-wlasnie\\\/#primaryimage\"},\"image\":{\"@id\":\"https:\\\/\\\/wobronietradycjiiwiary.com\\\/wpisywanieblogoslawienstw-z-rituale-romanum-lub-a-to-zly-duch-wlasnie\\\/#primaryimage\"},\"thumbnailUrl\":\"https:\\\/\\\/wobronietradycjiiwiary.com\\\/wp-content\\\/uploads\\\/2022\\\/08\\\/f20f62087230e7da173af9a99902a192.jpg\",\"datePublished\":\"2022-08-12T14:28:29+00:00\",\"dateModified\":\"2025-02-07T14:39:24+00:00\",\"breadcrumb\":{\"@id\":\"https:\\\/\\\/wobronietradycjiiwiary.com\\\/wpisywanieblogoslawienstw-z-rituale-romanum-lub-a-to-zly-duch-wlasnie\\\/#breadcrumb\"},\"inLanguage\":\"pl-PL\",\"potentialAction\":[{\"@type\":\"ReadAction\",\"target\":[\"https:\\\/\\\/wobronietradycjiiwiary.com\\\/wpisywanieblogoslawienstw-z-rituale-romanum-lub-a-to-zly-duch-wlasnie\\\/\"]}]},{\"@type\":\"ImageObject\",\"inLanguage\":\"pl-PL\",\"@id\":\"https:\\\/\\\/wobronietradycjiiwiary.com\\\/wpisywanieblogoslawienstw-z-rituale-romanum-lub-a-to-zly-duch-wlasnie\\\/#primaryimage\",\"url\":\"https:\\\/\\\/wobronietradycjiiwiary.com\\\/wp-content\\\/uploads\\\/2022\\\/08\\\/f20f62087230e7da173af9a99902a192.jpg\",\"contentUrl\":\"https:\\\/\\\/wobronietradycjiiwiary.com\\\/wp-content\\\/uploads\\\/2022\\\/08\\\/f20f62087230e7da173af9a99902a192.jpg\",\"width\":532,\"height\":800},{\"@type\":\"BreadcrumbList\",\"@id\":\"https:\\\/\\\/wobronietradycjiiwiary.com\\\/wpisywanieblogoslawienstw-z-rituale-romanum-lub-a-to-zly-duch-wlasnie\\\/#breadcrumb\",\"itemListElement\":[{\"@type\":\"ListItem\",\"position\":1,\"name\":\"Strona g\u0142\u00f3wna\",\"item\":\"https:\\\/\\\/wobronietradycjiiwiary.com\\\/\"},{\"@type\":\"ListItem\",\"position\":2,\"name\":\"Wpisywanie b\u0142ogos\u0142awie\u0144stw z Rituale romanum lub \u201ea to z\u0142y duch w\u0142a\u015bnie\u201d\"}]},{\"@type\":\"WebSite\",\"@id\":\"https:\\\/\\\/wobronietradycjiiwiary.com\\\/pl\\\/#website\",\"url\":\"https:\\\/\\\/wobronietradycjiiwiary.com\\\/pl\\\/\",\"name\":\"Tradycja i Wiara\",\"description\":\"Portal dla katolik\u00f3w.\",\"publisher\":{\"@id\":\"https:\\\/\\\/wobronietradycjiiwiary.com\\\/pl\\\/#organization\"},\"potentialAction\":[{\"@type\":\"SearchAction\",\"target\":{\"@type\":\"EntryPoint\",\"urlTemplate\":\"https:\\\/\\\/wobronietradycjiiwiary.com\\\/pl\\\/?s={search_term_string}\"},\"query-input\":{\"@type\":\"PropertyValueSpecification\",\"valueRequired\":true,\"valueName\":\"search_term_string\"}}],\"inLanguage\":\"pl-PL\"},{\"@type\":\"Organization\",\"@id\":\"https:\\\/\\\/wobronietradycjiiwiary.com\\\/pl\\\/#organization\",\"name\":\"Tradycja i Wiara\",\"url\":\"https:\\\/\\\/wobronietradycjiiwiary.com\\\/pl\\\/\",\"logo\":{\"@type\":\"ImageObject\",\"inLanguage\":\"pl-PL\",\"@id\":\"https:\\\/\\\/wobronietradycjiiwiary.com\\\/pl\\\/#\\\/schema\\\/logo\\\/image\\\/\",\"url\":\"https:\\\/\\\/i0.wp.com\\\/wobronietradycjiiwiary.com\\\/wp-content\\\/uploads\\\/2015\\\/10\\\/cropped-st-peters-dome-vatican.jpg?fit=940%2C198&ssl=1\",\"contentUrl\":\"https:\\\/\\\/i0.wp.com\\\/wobronietradycjiiwiary.com\\\/wp-content\\\/uploads\\\/2015\\\/10\\\/cropped-st-peters-dome-vatican.jpg?fit=940%2C198&ssl=1\",\"width\":940,\"height\":198,\"caption\":\"Tradycja i Wiara\"},\"image\":{\"@id\":\"https:\\\/\\\/wobronietradycjiiwiary.com\\\/pl\\\/#\\\/schema\\\/logo\\\/image\\\/\"},\"sameAs\":[\"https:\\\/\\\/www.facebook.com\\\/Tradycja-i-Wiara-108813920592249\"]},{\"@type\":\"Person\",\"@id\":\"https:\\\/\\\/wobronietradycjiiwiary.com\\\/pl\\\/#\\\/schema\\\/person\\\/2d6180ce6abcb681fef0daab7816e8f3\",\"name\":\"Traditio et Fides\",\"sameAs\":[\"https:\\\/\\\/traditionundglauben.com\"],\"url\":\"https:\\\/\\\/wobronietradycjiiwiary.com\\\/pl\\\/author\\\/wobronietradycjiiwiary\\\/\"}]}<\/script>\n<!-- \/ Yoast SEO plugin. -->","yoast_head_json":{"title":"Wpisywanie b\u0142ogos\u0142awie\u0144stw z Rituale romanum lub \u201ea to z\u0142y duch w\u0142a\u015bnie\u201d - Tradycja i Wiara","robots":{"index":"index","follow":"follow","max-snippet":"max-snippet:-1","max-image-preview":"max-image-preview:large","max-video-preview":"max-video-preview:-1"},"canonical":"https:\/\/wobronietradycjiiwiary.com\/pl\/wpisywanieblogoslawienstw-z-rituale-romanum-lub-a-to-zly-duch-wlasnie\/","og_locale":"pl_PL","og_type":"article","og_title":"Wpisywanie b\u0142ogos\u0142awie\u0144stw z Rituale romanum lub \u201ea to z\u0142y duch w\u0142a\u015bnie\u201d - Tradycja i Wiara","og_description":"O tym, \u017ce z\u0142y duch to caput omnium malorum lub o inteligencji rozproszonej.","og_url":"https:\/\/wobronietradycjiiwiary.com\/pl\/wpisywanieblogoslawienstw-z-rituale-romanum-lub-a-to-zly-duch-wlasnie\/","og_site_name":"Tradycja i Wiara","article_publisher":"https:\/\/www.facebook.com\/Tradycja-i-Wiara-108813920592249","article_published_time":"2022-08-12T14:28:29+00:00","article_modified_time":"2025-02-07T14:39:24+00:00","og_image":[{"width":532,"height":800,"url":"https:\/\/wobronietradycjiiwiary.com\/wp-content\/uploads\/2022\/08\/f20f62087230e7da173af9a99902a192.jpg","type":"image\/jpeg"}],"author":"Traditio et Fides","twitter_card":"summary_large_image","twitter_misc":{"Napisane przez":"Traditio et Fides","Szacowany czas czytania":"10 minut"},"schema":{"@context":"https:\/\/schema.org","@graph":[{"@type":"Article","@id":"https:\/\/wobronietradycjiiwiary.com\/wpisywanieblogoslawienstw-z-rituale-romanum-lub-a-to-zly-duch-wlasnie\/#article","isPartOf":{"@id":"https:\/\/wobronietradycjiiwiary.com\/wpisywanieblogoslawienstw-z-rituale-romanum-lub-a-to-zly-duch-wlasnie\/"},"author":{"name":"Traditio et Fides","@id":"https:\/\/wobronietradycjiiwiary.com\/pl\/#\/schema\/person\/2d6180ce6abcb681fef0daab7816e8f3"},"headline":"Wpisywanie b\u0142ogos\u0142awie\u0144stw z Rituale romanum lub \u201ea to z\u0142y duch w\u0142a\u015bnie\u201d","datePublished":"2022-08-12T14:28:29+00:00","dateModified":"2025-02-07T14:39:24+00:00","mainEntityOfPage":{"@id":"https:\/\/wobronietradycjiiwiary.com\/wpisywanieblogoslawienstw-z-rituale-romanum-lub-a-to-zly-duch-wlasnie\/"},"wordCount":1731,"commentCount":0,"publisher":{"@id":"https:\/\/wobronietradycjiiwiary.com\/pl\/#organization"},"image":{"@id":"https:\/\/wobronietradycjiiwiary.com\/wpisywanieblogoslawienstw-z-rituale-romanum-lub-a-to-zly-duch-wlasnie\/#primaryimage"},"thumbnailUrl":"https:\/\/wobronietradycjiiwiary.com\/wp-content\/uploads\/2022\/08\/f20f62087230e7da173af9a99902a192.jpg","keywords":["Restricted"],"articleSection":["Demonologia","Demonologia praktyczna","Doktryna"],"inLanguage":"pl-PL","potentialAction":[{"@type":"CommentAction","name":"Comment","target":["https:\/\/wobronietradycjiiwiary.com\/wpisywanieblogoslawienstw-z-rituale-romanum-lub-a-to-zly-duch-wlasnie\/#respond"]}]},{"@type":"WebPage","@id":"https:\/\/wobronietradycjiiwiary.com\/wpisywanieblogoslawienstw-z-rituale-romanum-lub-a-to-zly-duch-wlasnie\/","url":"https:\/\/wobronietradycjiiwiary.com\/wpisywanieblogoslawienstw-z-rituale-romanum-lub-a-to-zly-duch-wlasnie\/","name":"Wpisywanie b\u0142ogos\u0142awie\u0144stw z Rituale romanum lub \u201ea to z\u0142y duch w\u0142a\u015bnie\u201d - Tradycja i Wiara","isPartOf":{"@id":"https:\/\/wobronietradycjiiwiary.com\/pl\/#website"},"primaryImageOfPage":{"@id":"https:\/\/wobronietradycjiiwiary.com\/wpisywanieblogoslawienstw-z-rituale-romanum-lub-a-to-zly-duch-wlasnie\/#primaryimage"},"image":{"@id":"https:\/\/wobronietradycjiiwiary.com\/wpisywanieblogoslawienstw-z-rituale-romanum-lub-a-to-zly-duch-wlasnie\/#primaryimage"},"thumbnailUrl":"https:\/\/wobronietradycjiiwiary.com\/wp-content\/uploads\/2022\/08\/f20f62087230e7da173af9a99902a192.jpg","datePublished":"2022-08-12T14:28:29+00:00","dateModified":"2025-02-07T14:39:24+00:00","breadcrumb":{"@id":"https:\/\/wobronietradycjiiwiary.com\/wpisywanieblogoslawienstw-z-rituale-romanum-lub-a-to-zly-duch-wlasnie\/#breadcrumb"},"inLanguage":"pl-PL","potentialAction":[{"@type":"ReadAction","target":["https:\/\/wobronietradycjiiwiary.com\/wpisywanieblogoslawienstw-z-rituale-romanum-lub-a-to-zly-duch-wlasnie\/"]}]},{"@type":"ImageObject","inLanguage":"pl-PL","@id":"https:\/\/wobronietradycjiiwiary.com\/wpisywanieblogoslawienstw-z-rituale-romanum-lub-a-to-zly-duch-wlasnie\/#primaryimage","url":"https:\/\/wobronietradycjiiwiary.com\/wp-content\/uploads\/2022\/08\/f20f62087230e7da173af9a99902a192.jpg","contentUrl":"https:\/\/wobronietradycjiiwiary.com\/wp-content\/uploads\/2022\/08\/f20f62087230e7da173af9a99902a192.jpg","width":532,"height":800},{"@type":"BreadcrumbList","@id":"https:\/\/wobronietradycjiiwiary.com\/wpisywanieblogoslawienstw-z-rituale-romanum-lub-a-to-zly-duch-wlasnie\/#breadcrumb","itemListElement":[{"@type":"ListItem","position":1,"name":"Strona g\u0142\u00f3wna","item":"https:\/\/wobronietradycjiiwiary.com\/"},{"@type":"ListItem","position":2,"name":"Wpisywanie b\u0142ogos\u0142awie\u0144stw z Rituale romanum lub \u201ea to z\u0142y duch w\u0142a\u015bnie\u201d"}]},{"@type":"WebSite","@id":"https:\/\/wobronietradycjiiwiary.com\/pl\/#website","url":"https:\/\/wobronietradycjiiwiary.com\/pl\/","name":"Tradycja i Wiara","description":"Portal dla katolik\u00f3w.","publisher":{"@id":"https:\/\/wobronietradycjiiwiary.com\/pl\/#organization"},"potentialAction":[{"@type":"SearchAction","target":{"@type":"EntryPoint","urlTemplate":"https:\/\/wobronietradycjiiwiary.com\/pl\/?s={search_term_string}"},"query-input":{"@type":"PropertyValueSpecification","valueRequired":true,"valueName":"search_term_string"}}],"inLanguage":"pl-PL"},{"@type":"Organization","@id":"https:\/\/wobronietradycjiiwiary.com\/pl\/#organization","name":"Tradycja i Wiara","url":"https:\/\/wobronietradycjiiwiary.com\/pl\/","logo":{"@type":"ImageObject","inLanguage":"pl-PL","@id":"https:\/\/wobronietradycjiiwiary.com\/pl\/#\/schema\/logo\/image\/","url":"https:\/\/i0.wp.com\/wobronietradycjiiwiary.com\/wp-content\/uploads\/2015\/10\/cropped-st-peters-dome-vatican.jpg?fit=940%2C198&ssl=1","contentUrl":"https:\/\/i0.wp.com\/wobronietradycjiiwiary.com\/wp-content\/uploads\/2015\/10\/cropped-st-peters-dome-vatican.jpg?fit=940%2C198&ssl=1","width":940,"height":198,"caption":"Tradycja i Wiara"},"image":{"@id":"https:\/\/wobronietradycjiiwiary.com\/pl\/#\/schema\/logo\/image\/"},"sameAs":["https:\/\/www.facebook.com\/Tradycja-i-Wiara-108813920592249"]},{"@type":"Person","@id":"https:\/\/wobronietradycjiiwiary.com\/pl\/#\/schema\/person\/2d6180ce6abcb681fef0daab7816e8f3","name":"Traditio et Fides","sameAs":["https:\/\/traditionundglauben.com"],"url":"https:\/\/wobronietradycjiiwiary.com\/pl\/author\/wobronietradycjiiwiary\/"}]}},"jetpack_publicize_connections":[],"jetpack_sharing_enabled":true,"jetpack_likes_enabled":true,"jetpack_shortlink":"https:\/\/wp.me\/pc04Sd-jub","jetpack-related-posts":[{"id":22122,"url":"https:\/\/wobronietradycjiiwiary.com\/pl\/poswiecone-bez-bolu-lub-o-wymogach-auxilium-christianorum-ciag-dalszy\/","url_meta":{"origin":74907,"position":0},"title":"Po\u015bwi\u0119cone bez b\u00f3lu lub o wymogach Auxilium christianorum ci\u0105g dalszy","author":"Traditio et Fides","date":"24 wrze\u015bnia 2017","format":false,"excerpt":"Ko\u0144cz\u0105c mini-cykl dotycz\u0105cy praktycznych przygotowa\u0144 do przynale\u017cno\u015bci w stowarzyszeniu Auxilium christianorum przedstawiamy powy\u017cej kolejn\u0105 podobizn\u0105 Naj\u015bwi\u0119tszej Maryi Panny nosz\u0105c\u0105 ten tytu\u0142 oraz informujemy rado\u015bnie, \u017ce uda\u0142o po\u015bwi\u0119ci\u0107 si\u0119: \u015awieczki Figurk\u0119 NMP Figurk\u0119 \u015bw. Micha\u0142a Archanio\u0142a Po \u0142acinie Wed\u0142ug modlitw z Rituale romanum Z w\u0142asnego Rituale redakcji Za darmo (tak!) Tak,\u2026","rel":"","context":"W \u201eDemonologia&quot;","block_context":{"text":"Demonologia","link":"https:\/\/wobronietradycjiiwiary.com\/pl\/category\/doktryna\/teologia-dogmatyczna\/demonologia-teologia\/"},"img":{"alt_text":"","src":"https:\/\/i0.wp.com\/wobronietradycjiiwiary.com\/wp-content\/uploads\/2019\/10\/auxilium-christianorum-2.jpg?resize=350%2C200&ssl=1","width":350,"height":200},"classes":[]},{"id":20606,"url":"https:\/\/wobronietradycjiiwiary.com\/pl\/manuale-eynattena-o-sposobie-rozrozniania-objawien-2-z-2\/","url_meta":{"origin":74907,"position":1},"title":"Manuale Eynattena o sposobie rozr\u00f3\u017cniania objawie\u0144 (2 z 2)","author":"Traditio et Fides","date":"18 czerwca 2019","format":false,"excerpt":"Chocia\u017c traktat dotyczy rozr\u00f3\u017cniania dobrych i z\u0142ych duch\u00f3w, to g\u0142\u00f3wnie przedstawione jest dzia\u0142anie z\u0142ego ducha, by\u0107 mo\u017ce dlatego, \u017ce duch dobry przychodzi tak rzadko. Znakiem z\u0142ego ducha jest: Po pierwsze, je\u015bli ucieka przed obecno\u015bci\u0105 lub u\u017cytkiem rzeczy \u015bwi\u0119tych, szczeg\u00f3lnie przed znakiem krzy\u017ca, wody \u015bwi\u0119conej, wobec imienia JEZUS, Naj\u015bwi\u0119tszej Dziewicy lub\u2026","rel":"","context":"W \u201eDemonologia praktyczna&quot;","block_context":{"text":"Demonologia praktyczna","link":"https:\/\/wobronietradycjiiwiary.com\/pl\/category\/doktryna\/teologia-dogmatyczna\/demonologia-teologia\/demonologia-praktyczna\/"},"img":{"alt_text":"09cb63e6a92142f17c61653520dd8582--demons","src":"https:\/\/i0.wp.com\/wobronietradycjiiwiary.com\/wp-content\/uploads\/2019\/06\/09cb63e6a92142f17c61653520dd8582-demons.jpg?resize=350%2C200&ssl=1","width":350,"height":200},"classes":[]},{"id":15398,"url":"https:\/\/wobronietradycjiiwiary.com\/pl\/auxilium-christianorum-skutki-uboczne\/","url_meta":{"origin":74907,"position":2},"title":"Auxilium christianorum \u2013 skutki uboczne","author":"Traditio et Fides","date":"6 pa\u017adziernika 2017","format":false,"excerpt":"Pisz\u0105cy te s\u0142owa w\u0142a\u015bnie wraca ze spowiedzi od ksi\u0119dza, u kt\u00f3rego cz\u0119sto si\u0119 spowiada (nazwanie go sta\u0142ym spowiednikiem by\u0142oby przesad\u0105) oraz po po\u015bwi\u0119ceniu \u015bwieczek (nie \u201ezniczy\u201d) oraz \u015bwiecznik\u00f3w wed\u0142ug Rituale romanum po \u0142acinie. Pozytywne te wydarzenia duchowe by\u0142y okupione uprzednim cierpieniem, gdy\u017c mniej wi\u0119cej trzy godziny przed spowiedzi\u0105 i po\u015bwi\u0119cieniem\u2026","rel":"","context":"W \u201eAuxilium christianorum&quot;","block_context":{"text":"Auxilium christianorum","link":"https:\/\/wobronietradycjiiwiary.com\/pl\/category\/duchowosc\/walka-duchowa\/auxilium-christianorum\/"},"img":{"alt_text":"auxilium christianorum 1","src":"https:\/\/wobronietradycjiiwiaryblog.files.wordpress.com\/2017\/10\/auxilium-christianorum-1.jpg?w=350&h=200&crop=1","width":350,"height":200,"srcset":"https:\/\/wobronietradycjiiwiaryblog.files.wordpress.com\/2017\/10\/auxilium-christianorum-1.jpg?w=350&h=200&crop=1 1x, https:\/\/wobronietradycjiiwiaryblog.files.wordpress.com\/2017\/10\/auxilium-christianorum-1.jpg?w=525&h=300&crop=1 1.5x"},"classes":[]},{"id":73653,"url":"https:\/\/wobronietradycjiiwiary.com\/pl\/w-demonologicznym-lesie-przyfrontowym-plusy-ujemne-77-wakeboarding-lub-zly-wrogiem-wszelkiego-dobra\/","url_meta":{"origin":74907,"position":3},"title":"W demonologicznym lesie przyfrontowym \u2013 plusy ujemne (77).  Wakeboarding lub z\u0142y wrogiem wszelkiego dobra","author":"Traditio et Fides","date":"20 lipca 2022","format":false,"excerpt":"O tym, jak demon unieruchomi\u0142 wyci\u0105g w wakeparku.","rel":"","context":"W \u201eDemonologia&quot;","block_context":{"text":"Demonologia","link":"https:\/\/wobronietradycjiiwiary.com\/pl\/category\/doktryna\/teologia-dogmatyczna\/demonologia-teologia\/"},"img":{"alt_text":"","src":"https:\/\/i0.wp.com\/wobronietradycjiiwiary.com\/wp-content\/uploads\/2020\/09\/CCnuzbqW8AAzmWR-e1598950703186.png?resize=350%2C200&ssl=1","width":350,"height":200},"classes":[]},{"id":19511,"url":"https:\/\/wobronietradycjiiwiary.com\/pl\/male-katastrofy-lub-co-zly-duch-potrafi\/","url_meta":{"origin":74907,"position":4},"title":"Ma\u0142e katastrofy lub co z\u0142y duch potrafi","author":"Traditio et Fides","date":"27 stycznia 2019","format":false,"excerpt":"Rzecz wydarzy\u0142a si\u0119 27. 01.2019 oko\u0142o 18.50. Pisz\u0105cy te s\u0142owa siedzia\u0142 w drugim pokoju i ogl\u0105da\u0142 youtube, gdy nagle us\u0142ysza\u0142 straszny odg\u0142os t\u0142ucz\u0105cego si\u0119 szk\u0142a dobiegaj\u0105cy z kuchni. Gdy dotar\u0142 na miejsce wydarzenia ujrza\u0142 nast\u0119puj\u0105cy obraz: Jak wida\u0107 w niewyt\u0142umaczalny dla nas ludzi spos\u00f3b spad\u0142y dwie p\u00f3\u0142ki, z kt\u00f3rych prawa\u2026","rel":"","context":"W \u201eDemonologia praktyczna&quot;","block_context":{"text":"Demonologia praktyczna","link":"https:\/\/wobronietradycjiiwiary.com\/pl\/category\/doktryna\/teologia-dogmatyczna\/demonologia-teologia\/demonologia-praktyczna\/"},"img":{"alt_text":"","src":"https:\/\/i0.wp.com\/wobronietradycjiiwiary.com\/wp-content\/uploads\/2019\/10\/ccnuzbqw8aazmwr.png?resize=350%2C200&ssl=1","width":350,"height":200},"classes":[]},{"id":20189,"url":"https:\/\/wobronietradycjiiwiary.com\/pl\/w-demonologicznym-lesie-przyfrontowym-plusy-ujemne-19\/","url_meta":{"origin":74907,"position":5},"title":"W demonologicznym lesie przyfrontowym &#8211; plusy ujemne (19)","author":"Traditio et Fides","date":"30 kwietnia 2019","format":false,"excerpt":"\u00a0 W dalszym ci\u0105gu naszego popularnego cyklu jego autor pragnie potwierdzi\u0107 prawdziwo\u015b\u0107\u00a0 spostrze\u017cenia \u015bw. Maksymiliana Kolbego, \u017ce \"jak ju\u017c nawet diab\u0142u na tym nie zale\u017cy, to marna to sprawa\". Diab\u0142u zale\u017cy i diabe\u0142 walczy o ka\u017cdy szczeg\u00f3\u0142 i kolejny krok. W czasach, gdy pisz\u0105cy te s\u0142owa uprawia\u0142 jeszcze wspinaczk\u0119 ska\u0142kow\u0105,\u2026","rel":"","context":"W \u201eW demonologiczym lesie przyfrontowym&quot;","block_context":{"text":"W demonologiczym lesie przyfrontowym","link":"https:\/\/wobronietradycjiiwiary.com\/pl\/category\/doktryna\/teologia-dogmatyczna\/demonologia-teologia\/demonologia-praktyczna\/w-demonologiczym-lesie-przyfrontowym\/"},"img":{"alt_text":"","src":"https:\/\/i0.wp.com\/wobronietradycjiiwiary.com\/wp-content\/uploads\/2019\/10\/ccnuzbqw8aazmwr.png?resize=350%2C200&ssl=1","width":350,"height":200},"classes":[]}],"amp_enabled":true,"jetpack_featured_media_url":"https:\/\/wobronietradycjiiwiary.com\/wp-content\/uploads\/2022\/08\/f20f62087230e7da173af9a99902a192.jpg","_links":{"self":[{"href":"https:\/\/wobronietradycjiiwiary.com\/pl\/wp-json\/wp\/v2\/posts\/74907","targetHints":{"allow":["GET"]}}],"collection":[{"href":"https:\/\/wobronietradycjiiwiary.com\/pl\/wp-json\/wp\/v2\/posts"}],"about":[{"href":"https:\/\/wobronietradycjiiwiary.com\/pl\/wp-json\/wp\/v2\/types\/post"}],"author":[{"embeddable":true,"href":"https:\/\/wobronietradycjiiwiary.com\/pl\/wp-json\/wp\/v2\/users\/60508433"}],"replies":[{"embeddable":true,"href":"https:\/\/wobronietradycjiiwiary.com\/pl\/wp-json\/wp\/v2\/comments?post=74907"}],"version-history":[{"count":20,"href":"https:\/\/wobronietradycjiiwiary.com\/pl\/wp-json\/wp\/v2\/posts\/74907\/revisions"}],"predecessor-version":[{"id":74977,"href":"https:\/\/wobronietradycjiiwiary.com\/pl\/wp-json\/wp\/v2\/posts\/74907\/revisions\/74977"}],"wp:featuredmedia":[{"embeddable":true,"href":"https:\/\/wobronietradycjiiwiary.com\/pl\/wp-json\/wp\/v2\/media\/74911"}],"wp:attachment":[{"href":"https:\/\/wobronietradycjiiwiary.com\/pl\/wp-json\/wp\/v2\/media?parent=74907"}],"wp:term":[{"taxonomy":"category","embeddable":true,"href":"https:\/\/wobronietradycjiiwiary.com\/pl\/wp-json\/wp\/v2\/categories?post=74907"},{"taxonomy":"post_tag","embeddable":true,"href":"https:\/\/wobronietradycjiiwiary.com\/pl\/wp-json\/wp\/v2\/tags?post=74907"}],"curies":[{"name":"wp","href":"https:\/\/api.w.org\/{rel}","templated":true}]}}