{"id":74223,"date":"2022-09-10T08:00:00","date_gmt":"2022-09-10T06:00:00","guid":{"rendered":"https:\/\/wobronietradycjiiwiary.com\/?p=74223"},"modified":"2025-02-07T15:51:46","modified_gmt":"2025-02-07T14:51:46","slug":"mariusz-agnosiewicz-o-osmiornicy-boga-2-z-2","status":"publish","type":"post","link":"https:\/\/wobronietradycjiiwiary.com\/pl\/mariusz-agnosiewicz-o-osmiornicy-boga-2-z-2\/","title":{"rendered":"Mariusz Agnosiewicz: O O\u015bmiornicy Boga (2 z 2)"},"content":{"rendered":"<div id=\"bsf_rt_marker\"><\/div><p>Czas lektury: 4 minuty Pogl\u0105dy Agnosiewicza s\u0105 co prawda \u015bwieckie, za to zapatrywania Opus Dei gnostyckie. Pogl\u0105dy o ciele jak&hellip;<\/p>\n<div style=\"text-align: center\">\n<p>&nbsp;<\/p>\n<\/div>\n<h2 style=\"border: 5px solid #0000A0;padding: 1em;text-align: center\"><span style=\"color: #000000\">Pe\u0142en dost\u0119p dla <span style=\"color: #00ccff\"><a style=\"color: #00ccff\" href=\"https:\/\/wobronietradycjiiwiary.com\/subskrypcje-2\/\" target=\"_blank\" rel=\"noopener\">subskrybent\u00f3w<\/a><\/span>.<\/span><br \/>\n<span style=\"color: #3366ff\"><a style=\"color: #3366ff\" href=\"https:\/\/wobronietradycjiiwiary.com\/account\/login\/\" target=\"_blank\" rel=\"noopener\"><span style=\"color: #00ccff\">Zaloguj<\/span><\/a> <\/span>si\u0119 lub przejd\u017a do <a href=\"https:\/\/wobronietradycjiiwiary.com\/register\/\"><span style=\"color: #3366ff\">Rejestracji<\/span><\/a>.<\/h2>\n<div>\n<p style=\"text-align: center\"><a href=\"https:\/\/wobronietradycjiiwiary.com\/pl\/subskrypcje-2\/cennik\/\" target=\"_blank\" rel=\"noopener\"><span style=\"color: #000080;font-size: 24pt\"><strong>Nowe ni\u017csze ceny<\/strong><\/span><\/a><\/p>\n<p style=\"text-align: center\"><strong><span style=\"font-size: 18pt;color: #000080\">P\u0142atno\u015b\u0107 kart\u0105<\/span><\/strong><\/p>\n<\/div>\n<h3 style=\"text-align: center\"><a href=\"https:\/\/wobronietradycjiiwiary.com\/pl\/subskrypcje-2\/automatyczne\/indywidualne\/\" target=\"_blank\" rel=\"noopener\"><img fetchpriority=\"high\" decoding=\"async\" class=\"alignnone size-medium wp-image-80433\" src=\"https:\/\/wobronietradycjiiwiary.com\/wp-content\/uploads\/2022\/11\/Unbenannt-1-Online-1-300x202.jpg\" alt=\"\" width=\"300\" height=\"202\" srcset=\"https:\/\/wobronietradycjiiwiary.com\/wp-content\/uploads\/2022\/11\/Unbenannt-1-Online-1-300x202.jpg 300w, https:\/\/wobronietradycjiiwiary.com\/wp-content\/uploads\/2022\/11\/Unbenannt-1-Online-1-150x101.jpg 150w, https:\/\/wobronietradycjiiwiary.com\/wp-content\/uploads\/2022\/11\/Unbenannt-1-Online-1-18x12.jpg 18w, https:\/\/wobronietradycjiiwiary.com\/wp-content\/uploads\/2022\/11\/Unbenannt-1-Online-1.jpg 446w\" sizes=\"(max-width: 300px) 100vw, 300px\" \/><\/a><\/h3>\n<p style=\"text-align: center\"><strong><span style=\"font-size: 18pt;color: #000080\">P\u0142atno\u015b\u0107 przelewem<\/span><\/strong><\/p>\n<p><a href=\"https:\/\/wobronietradycjiiwiary.com\/pl\/subskrypcje-2\/automatyczne\/indywidualne\/\" target=\"_blank\" rel=\"noopener\"><img decoding=\"async\" class=\"size-medium wp-image-80434 aligncenter\" src=\"https:\/\/wobronietradycjiiwiary.com\/wp-content\/uploads\/2022\/11\/Unbenannt-1-Przelewem-300x137.jpg\" alt=\"\" width=\"300\" height=\"137\" srcset=\"https:\/\/wobronietradycjiiwiary.com\/wp-content\/uploads\/2022\/11\/Unbenannt-1-Przelewem-300x137.jpg 300w, https:\/\/wobronietradycjiiwiary.com\/wp-content\/uploads\/2022\/11\/Unbenannt-1-Przelewem-450x206.jpg 450w, https:\/\/wobronietradycjiiwiary.com\/wp-content\/uploads\/2022\/11\/Unbenannt-1-Przelewem-600x274.jpg 600w, https:\/\/wobronietradycjiiwiary.com\/wp-content\/uploads\/2022\/11\/Unbenannt-1-Przelewem-150x69.jpg 150w, https:\/\/wobronietradycjiiwiary.com\/wp-content\/uploads\/2022\/11\/Unbenannt-1-Przelewem-18x8.jpg 18w, https:\/\/wobronietradycjiiwiary.com\/wp-content\/uploads\/2022\/11\/Unbenannt-1-Przelewem.jpg 676w\" sizes=\"(max-width: 300px) 100vw, 300px\" \/><\/a><\/p>\n<p style=\"text-align: center\"><strong><span style=\"font-size: 18pt;color: #000080\">P\u0142atno\u015b\u0107 kart\u0105 do 6 os\u00f3b<\/span><\/strong><\/p>\n<p><a href=\"https:\/\/wobronietradycjiiwiary.com\/pl\/rodzinne\/\" target=\"_blank\" rel=\"noopener\"><img decoding=\"async\" class=\"size-medium wp-image-80435 aligncenter\" src=\"https:\/\/wobronietradycjiiwiary.com\/wp-content\/uploads\/2022\/11\/Unbenannt-1-Rodzinna-300x208.jpg\" alt=\"\" width=\"300\" height=\"208\" srcset=\"https:\/\/wobronietradycjiiwiary.com\/wp-content\/uploads\/2022\/11\/Unbenannt-1-Rodzinna-300x208.jpg 300w, https:\/\/wobronietradycjiiwiary.com\/wp-content\/uploads\/2022\/11\/Unbenannt-1-Rodzinna-150x104.jpg 150w, https:\/\/wobronietradycjiiwiary.com\/wp-content\/uploads\/2022\/11\/Unbenannt-1-Rodzinna-18x12.jpg 18w, https:\/\/wobronietradycjiiwiary.com\/wp-content\/uploads\/2022\/11\/Unbenannt-1-Rodzinna.jpg 448w\" sizes=\"(max-width: 300px) 100vw, 300px\" \/><\/a><\/p>\n<h3 style=\"text-align: center\"><\/h3>\n<h1 style=\"text-align: center\"><\/h1>\n","protected":false},"excerpt":{"rendered":"<p>Tym razem \u015bwieckie spojrzenie na Opus Dei.<\/p>\n","protected":false},"author":60508433,"featured_media":74221,"comment_status":"open","ping_status":"open","sticky":false,"template":"","format":"standard","meta":{"_bbp_topic_count":0,"_bbp_reply_count":0,"_bbp_total_topic_count":0,"_bbp_total_reply_count":0,"_bbp_voice_count":0,"_bbp_anonymous_reply_count":0,"_bbp_topic_count_hidden":0,"_bbp_reply_count_hidden":0,"_bbp_forum_subforum_count":0,"_editorskit_title_hidden":false,"_editorskit_reading_time":4,"_editorskit_is_block_options_detached":false,"_editorskit_block_options_position":"{}","_coblocks_attr":"","_coblocks_dimensions":"","_coblocks_responsive_height":"","_coblocks_accordion_ie_support":"","_exactmetrics_skip_tracking":false,"_jetpack_newsletter_access":"","_jetpack_dont_email_post_to_subs":false,"_jetpack_newsletter_tier_id":0,"_jetpack_memberships_contains_paywalled_content":false,"_wpcom_ai_launchpad_first_post":false,"_jetpack_feature_clip_id":0,"_jetpack_memberships_contains_paid_content":false,"footnotes":"","jetpack_publicize_message":"{title}\n\n{excerpt}\n\n{url}","jetpack_publicize_feature_enabled":true,"jetpack_social_post_already_shared":true,"jetpack_social_options":{"image_generator_settings":{"template":"highway","default_image_id":0,"font":"","enabled":false},"version":2},"_wpas_customize_per_network":false,"jetpack_post_was_ever_published":false},"categories":[80248953,339795302,128714,610131186],"tags":[610132133],"class_list":["post-74223","post","type-post","status-publish","format-standard","has-post-thumbnail","hentry","category-kosciol-posoborowy","category-nowe-ruchy-w-kosciele","category-opus-dei","category-polemika","tag-restricted"],"yoast_head":"<!-- This site is optimized with the Yoast SEO plugin v28.4 - https:\/\/yoast.com\/product\/yoast-seo-wordpress\/ -->\n<title>Mariusz Agnosiewicz: O O\u015bmiornicy Boga (2 z 2) - Tradycja i Wiara<\/title>\n<meta name=\"robots\" content=\"index, follow, max-snippet:-1, max-image-preview:large, max-video-preview:-1\" \/>\n<link rel=\"canonical\" href=\"https:\/\/wobronietradycjiiwiary.com\/pl\/mariusz-agnosiewicz-o-osmiornicy-boga-2-z-2\/\" \/>\n<meta property=\"og:locale\" content=\"pl_PL\" \/>\n<meta property=\"og:type\" content=\"article\" \/>\n<meta property=\"og:title\" content=\"Mariusz Agnosiewicz: O O\u015bmiornicy Boga (2 z 2) - Tradycja i Wiara\" \/>\n<meta property=\"og:description\" content=\"Tym razem \u015bwieckie spojrzenie na Opus Dei.\" \/>\n<meta property=\"og:url\" content=\"https:\/\/wobronietradycjiiwiary.com\/pl\/mariusz-agnosiewicz-o-osmiornicy-boga-2-z-2\/\" \/>\n<meta property=\"og:site_name\" content=\"Tradycja i Wiara\" \/>\n<meta property=\"article:publisher\" content=\"https:\/\/www.facebook.com\/Tradycja-i-Wiara-108813920592249\" \/>\n<meta property=\"article:published_time\" content=\"2022-09-10T06:00:00+00:00\" \/>\n<meta property=\"article:modified_time\" content=\"2025-02-07T14:51:46+00:00\" \/>\n<meta property=\"og:image\" content=\"https:\/\/wobronietradycjiiwiary.com\/wp-content\/uploads\/2022\/09\/a903ff9164abf692b15b23b0213d223c.jpg\" \/>\n\t<meta property=\"og:image:width\" content=\"600\" \/>\n\t<meta property=\"og:image:height\" content=\"959\" \/>\n\t<meta property=\"og:image:type\" content=\"image\/jpeg\" \/>\n<meta name=\"author\" content=\"Traditio et Fides\" \/>\n<meta name=\"twitter:card\" content=\"summary_large_image\" \/>\n<meta name=\"twitter:label1\" content=\"Napisane przez\" \/>\n\t<meta name=\"twitter:data1\" content=\"Traditio et Fides\" \/>\n\t<meta name=\"twitter:label2\" content=\"Szacowany czas czytania\" \/>\n\t<meta name=\"twitter:data2\" content=\"7 minut\" \/>\n<script type=\"application\/ld+json\" class=\"yoast-schema-graph\">{\"@context\":\"https:\\\/\\\/schema.org\",\"@graph\":[{\"@type\":\"Article\",\"@id\":\"https:\\\/\\\/wobronietradycjiiwiary.com\\\/mariusz-agnosiewicz-o-osmiornicy-boga-2-z-2\\\/#article\",\"isPartOf\":{\"@id\":\"https:\\\/\\\/wobronietradycjiiwiary.com\\\/mariusz-agnosiewicz-o-osmiornicy-boga-2-z-2\\\/\"},\"author\":{\"name\":\"Traditio et Fides\",\"@id\":\"https:\\\/\\\/wobronietradycjiiwiary.com\\\/pl\\\/#\\\/schema\\\/person\\\/2d6180ce6abcb681fef0daab7816e8f3\"},\"headline\":\"Mariusz Agnosiewicz: O O\u015bmiornicy Boga (2 z 2)\",\"datePublished\":\"2022-09-10T06:00:00+00:00\",\"dateModified\":\"2025-02-07T14:51:46+00:00\",\"mainEntityOfPage\":{\"@id\":\"https:\\\/\\\/wobronietradycjiiwiary.com\\\/mariusz-agnosiewicz-o-osmiornicy-boga-2-z-2\\\/\"},\"wordCount\":1312,\"commentCount\":0,\"publisher\":{\"@id\":\"https:\\\/\\\/wobronietradycjiiwiary.com\\\/pl\\\/#organization\"},\"image\":{\"@id\":\"https:\\\/\\\/wobronietradycjiiwiary.com\\\/mariusz-agnosiewicz-o-osmiornicy-boga-2-z-2\\\/#primaryimage\"},\"thumbnailUrl\":\"https:\\\/\\\/wobronietradycjiiwiary.com\\\/wp-content\\\/uploads\\\/2022\\\/09\\\/a903ff9164abf692b15b23b0213d223c.jpg\",\"keywords\":[\"Restricted\"],\"articleSection\":[\"Ko\u015bci\u00f3\u0142 posoborowy\",\"Nowe ruchy w Ko\u015bciele\",\"Opus Dei\",\"Polemika\"],\"inLanguage\":\"pl-PL\",\"potentialAction\":[{\"@type\":\"CommentAction\",\"name\":\"Comment\",\"target\":[\"https:\\\/\\\/wobronietradycjiiwiary.com\\\/mariusz-agnosiewicz-o-osmiornicy-boga-2-z-2\\\/#respond\"]}]},{\"@type\":\"WebPage\",\"@id\":\"https:\\\/\\\/wobronietradycjiiwiary.com\\\/mariusz-agnosiewicz-o-osmiornicy-boga-2-z-2\\\/\",\"url\":\"https:\\\/\\\/wobronietradycjiiwiary.com\\\/mariusz-agnosiewicz-o-osmiornicy-boga-2-z-2\\\/\",\"name\":\"Mariusz Agnosiewicz: O O\u015bmiornicy Boga (2 z 2) - Tradycja i Wiara\",\"isPartOf\":{\"@id\":\"https:\\\/\\\/wobronietradycjiiwiary.com\\\/pl\\\/#website\"},\"primaryImageOfPage\":{\"@id\":\"https:\\\/\\\/wobronietradycjiiwiary.com\\\/mariusz-agnosiewicz-o-osmiornicy-boga-2-z-2\\\/#primaryimage\"},\"image\":{\"@id\":\"https:\\\/\\\/wobronietradycjiiwiary.com\\\/mariusz-agnosiewicz-o-osmiornicy-boga-2-z-2\\\/#primaryimage\"},\"thumbnailUrl\":\"https:\\\/\\\/wobronietradycjiiwiary.com\\\/wp-content\\\/uploads\\\/2022\\\/09\\\/a903ff9164abf692b15b23b0213d223c.jpg\",\"datePublished\":\"2022-09-10T06:00:00+00:00\",\"dateModified\":\"2025-02-07T14:51:46+00:00\",\"breadcrumb\":{\"@id\":\"https:\\\/\\\/wobronietradycjiiwiary.com\\\/mariusz-agnosiewicz-o-osmiornicy-boga-2-z-2\\\/#breadcrumb\"},\"inLanguage\":\"pl-PL\",\"potentialAction\":[{\"@type\":\"ReadAction\",\"target\":[\"https:\\\/\\\/wobronietradycjiiwiary.com\\\/mariusz-agnosiewicz-o-osmiornicy-boga-2-z-2\\\/\"]}]},{\"@type\":\"ImageObject\",\"inLanguage\":\"pl-PL\",\"@id\":\"https:\\\/\\\/wobronietradycjiiwiary.com\\\/mariusz-agnosiewicz-o-osmiornicy-boga-2-z-2\\\/#primaryimage\",\"url\":\"https:\\\/\\\/wobronietradycjiiwiary.com\\\/wp-content\\\/uploads\\\/2022\\\/09\\\/a903ff9164abf692b15b23b0213d223c.jpg\",\"contentUrl\":\"https:\\\/\\\/wobronietradycjiiwiary.com\\\/wp-content\\\/uploads\\\/2022\\\/09\\\/a903ff9164abf692b15b23b0213d223c.jpg\",\"width\":600,\"height\":959},{\"@type\":\"BreadcrumbList\",\"@id\":\"https:\\\/\\\/wobronietradycjiiwiary.com\\\/mariusz-agnosiewicz-o-osmiornicy-boga-2-z-2\\\/#breadcrumb\",\"itemListElement\":[{\"@type\":\"ListItem\",\"position\":1,\"name\":\"Strona g\u0142\u00f3wna\",\"item\":\"https:\\\/\\\/wobronietradycjiiwiary.com\\\/\"},{\"@type\":\"ListItem\",\"position\":2,\"name\":\"Mariusz Agnosiewicz: O O\u015bmiornicy Boga (2 z 2)\"}]},{\"@type\":\"WebSite\",\"@id\":\"https:\\\/\\\/wobronietradycjiiwiary.com\\\/pl\\\/#website\",\"url\":\"https:\\\/\\\/wobronietradycjiiwiary.com\\\/pl\\\/\",\"name\":\"Tradycja i Wiara\",\"description\":\"Portal dla katolik\u00f3w.\",\"publisher\":{\"@id\":\"https:\\\/\\\/wobronietradycjiiwiary.com\\\/pl\\\/#organization\"},\"potentialAction\":[{\"@type\":\"SearchAction\",\"target\":{\"@type\":\"EntryPoint\",\"urlTemplate\":\"https:\\\/\\\/wobronietradycjiiwiary.com\\\/pl\\\/?s={search_term_string}\"},\"query-input\":{\"@type\":\"PropertyValueSpecification\",\"valueRequired\":true,\"valueName\":\"search_term_string\"}}],\"inLanguage\":\"pl-PL\"},{\"@type\":\"Organization\",\"@id\":\"https:\\\/\\\/wobronietradycjiiwiary.com\\\/pl\\\/#organization\",\"name\":\"Tradycja i Wiara\",\"url\":\"https:\\\/\\\/wobronietradycjiiwiary.com\\\/pl\\\/\",\"logo\":{\"@type\":\"ImageObject\",\"inLanguage\":\"pl-PL\",\"@id\":\"https:\\\/\\\/wobronietradycjiiwiary.com\\\/pl\\\/#\\\/schema\\\/logo\\\/image\\\/\",\"url\":\"https:\\\/\\\/i0.wp.com\\\/wobronietradycjiiwiary.com\\\/wp-content\\\/uploads\\\/2015\\\/10\\\/cropped-st-peters-dome-vatican.jpg?fit=940%2C198&ssl=1\",\"contentUrl\":\"https:\\\/\\\/i0.wp.com\\\/wobronietradycjiiwiary.com\\\/wp-content\\\/uploads\\\/2015\\\/10\\\/cropped-st-peters-dome-vatican.jpg?fit=940%2C198&ssl=1\",\"width\":940,\"height\":198,\"caption\":\"Tradycja i Wiara\"},\"image\":{\"@id\":\"https:\\\/\\\/wobronietradycjiiwiary.com\\\/pl\\\/#\\\/schema\\\/logo\\\/image\\\/\"},\"sameAs\":[\"https:\\\/\\\/www.facebook.com\\\/Tradycja-i-Wiara-108813920592249\"]},{\"@type\":\"Person\",\"@id\":\"https:\\\/\\\/wobronietradycjiiwiary.com\\\/pl\\\/#\\\/schema\\\/person\\\/2d6180ce6abcb681fef0daab7816e8f3\",\"name\":\"Traditio et Fides\",\"sameAs\":[\"https:\\\/\\\/traditionundglauben.com\"],\"url\":\"https:\\\/\\\/wobronietradycjiiwiary.com\\\/pl\\\/author\\\/wobronietradycjiiwiary\\\/\"}]}<\/script>\n<!-- \/ Yoast SEO plugin. -->","yoast_head_json":{"title":"Mariusz Agnosiewicz: O O\u015bmiornicy Boga (2 z 2) - Tradycja i Wiara","robots":{"index":"index","follow":"follow","max-snippet":"max-snippet:-1","max-image-preview":"max-image-preview:large","max-video-preview":"max-video-preview:-1"},"canonical":"https:\/\/wobronietradycjiiwiary.com\/pl\/mariusz-agnosiewicz-o-osmiornicy-boga-2-z-2\/","og_locale":"pl_PL","og_type":"article","og_title":"Mariusz Agnosiewicz: O O\u015bmiornicy Boga (2 z 2) - Tradycja i Wiara","og_description":"Tym razem \u015bwieckie spojrzenie na Opus Dei.","og_url":"https:\/\/wobronietradycjiiwiary.com\/pl\/mariusz-agnosiewicz-o-osmiornicy-boga-2-z-2\/","og_site_name":"Tradycja i Wiara","article_publisher":"https:\/\/www.facebook.com\/Tradycja-i-Wiara-108813920592249","article_published_time":"2022-09-10T06:00:00+00:00","article_modified_time":"2025-02-07T14:51:46+00:00","og_image":[{"width":600,"height":959,"url":"https:\/\/wobronietradycjiiwiary.com\/wp-content\/uploads\/2022\/09\/a903ff9164abf692b15b23b0213d223c.jpg","type":"image\/jpeg"}],"author":"Traditio et Fides","twitter_card":"summary_large_image","twitter_misc":{"Napisane przez":"Traditio et Fides","Szacowany czas czytania":"7 minut"},"schema":{"@context":"https:\/\/schema.org","@graph":[{"@type":"Article","@id":"https:\/\/wobronietradycjiiwiary.com\/mariusz-agnosiewicz-o-osmiornicy-boga-2-z-2\/#article","isPartOf":{"@id":"https:\/\/wobronietradycjiiwiary.com\/mariusz-agnosiewicz-o-osmiornicy-boga-2-z-2\/"},"author":{"name":"Traditio et Fides","@id":"https:\/\/wobronietradycjiiwiary.com\/pl\/#\/schema\/person\/2d6180ce6abcb681fef0daab7816e8f3"},"headline":"Mariusz Agnosiewicz: O O\u015bmiornicy Boga (2 z 2)","datePublished":"2022-09-10T06:00:00+00:00","dateModified":"2025-02-07T14:51:46+00:00","mainEntityOfPage":{"@id":"https:\/\/wobronietradycjiiwiary.com\/mariusz-agnosiewicz-o-osmiornicy-boga-2-z-2\/"},"wordCount":1312,"commentCount":0,"publisher":{"@id":"https:\/\/wobronietradycjiiwiary.com\/pl\/#organization"},"image":{"@id":"https:\/\/wobronietradycjiiwiary.com\/mariusz-agnosiewicz-o-osmiornicy-boga-2-z-2\/#primaryimage"},"thumbnailUrl":"https:\/\/wobronietradycjiiwiary.com\/wp-content\/uploads\/2022\/09\/a903ff9164abf692b15b23b0213d223c.jpg","keywords":["Restricted"],"articleSection":["Ko\u015bci\u00f3\u0142 posoborowy","Nowe ruchy w Ko\u015bciele","Opus Dei","Polemika"],"inLanguage":"pl-PL","potentialAction":[{"@type":"CommentAction","name":"Comment","target":["https:\/\/wobronietradycjiiwiary.com\/mariusz-agnosiewicz-o-osmiornicy-boga-2-z-2\/#respond"]}]},{"@type":"WebPage","@id":"https:\/\/wobronietradycjiiwiary.com\/mariusz-agnosiewicz-o-osmiornicy-boga-2-z-2\/","url":"https:\/\/wobronietradycjiiwiary.com\/mariusz-agnosiewicz-o-osmiornicy-boga-2-z-2\/","name":"Mariusz Agnosiewicz: O O\u015bmiornicy Boga (2 z 2) - Tradycja i Wiara","isPartOf":{"@id":"https:\/\/wobronietradycjiiwiary.com\/pl\/#website"},"primaryImageOfPage":{"@id":"https:\/\/wobronietradycjiiwiary.com\/mariusz-agnosiewicz-o-osmiornicy-boga-2-z-2\/#primaryimage"},"image":{"@id":"https:\/\/wobronietradycjiiwiary.com\/mariusz-agnosiewicz-o-osmiornicy-boga-2-z-2\/#primaryimage"},"thumbnailUrl":"https:\/\/wobronietradycjiiwiary.com\/wp-content\/uploads\/2022\/09\/a903ff9164abf692b15b23b0213d223c.jpg","datePublished":"2022-09-10T06:00:00+00:00","dateModified":"2025-02-07T14:51:46+00:00","breadcrumb":{"@id":"https:\/\/wobronietradycjiiwiary.com\/mariusz-agnosiewicz-o-osmiornicy-boga-2-z-2\/#breadcrumb"},"inLanguage":"pl-PL","potentialAction":[{"@type":"ReadAction","target":["https:\/\/wobronietradycjiiwiary.com\/mariusz-agnosiewicz-o-osmiornicy-boga-2-z-2\/"]}]},{"@type":"ImageObject","inLanguage":"pl-PL","@id":"https:\/\/wobronietradycjiiwiary.com\/mariusz-agnosiewicz-o-osmiornicy-boga-2-z-2\/#primaryimage","url":"https:\/\/wobronietradycjiiwiary.com\/wp-content\/uploads\/2022\/09\/a903ff9164abf692b15b23b0213d223c.jpg","contentUrl":"https:\/\/wobronietradycjiiwiary.com\/wp-content\/uploads\/2022\/09\/a903ff9164abf692b15b23b0213d223c.jpg","width":600,"height":959},{"@type":"BreadcrumbList","@id":"https:\/\/wobronietradycjiiwiary.com\/mariusz-agnosiewicz-o-osmiornicy-boga-2-z-2\/#breadcrumb","itemListElement":[{"@type":"ListItem","position":1,"name":"Strona g\u0142\u00f3wna","item":"https:\/\/wobronietradycjiiwiary.com\/"},{"@type":"ListItem","position":2,"name":"Mariusz Agnosiewicz: O O\u015bmiornicy Boga (2 z 2)"}]},{"@type":"WebSite","@id":"https:\/\/wobronietradycjiiwiary.com\/pl\/#website","url":"https:\/\/wobronietradycjiiwiary.com\/pl\/","name":"Tradycja i Wiara","description":"Portal dla katolik\u00f3w.","publisher":{"@id":"https:\/\/wobronietradycjiiwiary.com\/pl\/#organization"},"potentialAction":[{"@type":"SearchAction","target":{"@type":"EntryPoint","urlTemplate":"https:\/\/wobronietradycjiiwiary.com\/pl\/?s={search_term_string}"},"query-input":{"@type":"PropertyValueSpecification","valueRequired":true,"valueName":"search_term_string"}}],"inLanguage":"pl-PL"},{"@type":"Organization","@id":"https:\/\/wobronietradycjiiwiary.com\/pl\/#organization","name":"Tradycja i Wiara","url":"https:\/\/wobronietradycjiiwiary.com\/pl\/","logo":{"@type":"ImageObject","inLanguage":"pl-PL","@id":"https:\/\/wobronietradycjiiwiary.com\/pl\/#\/schema\/logo\/image\/","url":"https:\/\/i0.wp.com\/wobronietradycjiiwiary.com\/wp-content\/uploads\/2015\/10\/cropped-st-peters-dome-vatican.jpg?fit=940%2C198&ssl=1","contentUrl":"https:\/\/i0.wp.com\/wobronietradycjiiwiary.com\/wp-content\/uploads\/2015\/10\/cropped-st-peters-dome-vatican.jpg?fit=940%2C198&ssl=1","width":940,"height":198,"caption":"Tradycja i Wiara"},"image":{"@id":"https:\/\/wobronietradycjiiwiary.com\/pl\/#\/schema\/logo\/image\/"},"sameAs":["https:\/\/www.facebook.com\/Tradycja-i-Wiara-108813920592249"]},{"@type":"Person","@id":"https:\/\/wobronietradycjiiwiary.com\/pl\/#\/schema\/person\/2d6180ce6abcb681fef0daab7816e8f3","name":"Traditio et Fides","sameAs":["https:\/\/traditionundglauben.com"],"url":"https:\/\/wobronietradycjiiwiary.com\/pl\/author\/wobronietradycjiiwiary\/"}]}},"jetpack_publicize_connections":[],"jetpack_sharing_enabled":true,"jetpack_likes_enabled":true,"jetpack_shortlink":"https:\/\/wp.me\/pc04Sd-jj9","jetpack-related-posts":[{"id":133510,"url":"https:\/\/wobronietradycjiiwiary.com\/pl\/o-wstrzemiezliwosci-seksualnej-podczas-wielkiego-postu\/","url_meta":{"origin":74223,"position":0},"title":"O wstrzemi\u0119\u017aliwo\u015bci seksualnej podczas Wielkiego Postu","author":"Traditio et Fides","date":"1 marca 2025","format":false,"excerpt":"O zaleceniu wstrzemi\u0119\u017aliwo\u015bci seksualnej podczas Wielkiego Postu.","rel":"","context":"W \u201e\"Naturalna\" metoda planowania rodziny&quot;","block_context":{"text":"\"Naturalna\" metoda planowania rodziny","link":"https:\/\/wobronietradycjiiwiary.com\/pl\/category\/doktryna\/teologia-moralna\/malzenstwo\/stosunki-seksualne-w-malzenstwie\/naturalna-metoda-planowania-rodziny\/"},"img":{"alt_text":"","src":"https:\/\/i0.wp.com\/wobronietradycjiiwiary.com\/wp-content\/uploads\/2025\/03\/Images-of-medieval-love-e1392230695284.webp?resize=350%2C200&ssl=1","width":350,"height":200,"srcset":"https:\/\/i0.wp.com\/wobronietradycjiiwiary.com\/wp-content\/uploads\/2025\/03\/Images-of-medieval-love-e1392230695284.webp?resize=350%2C200&ssl=1 1x, https:\/\/i0.wp.com\/wobronietradycjiiwiary.com\/wp-content\/uploads\/2025\/03\/Images-of-medieval-love-e1392230695284.webp?resize=525%2C300&ssl=1 1.5x, https:\/\/i0.wp.com\/wobronietradycjiiwiary.com\/wp-content\/uploads\/2025\/03\/Images-of-medieval-love-e1392230695284.webp?resize=700%2C400&ssl=1 2x"},"classes":[]},{"id":74199,"url":"https:\/\/wobronietradycjiiwiary.com\/pl\/komu-zawdzieczamy-opus-dei-janowi-pawlowi-ii\/","url_meta":{"origin":74223,"position":1},"title":"Komu zawdzi\u0119czamy Opus Dei? Janowi Paw\u0142owi II.","author":"Traditio et Fides","date":"29 lipca 2022","format":false,"excerpt":"Czas lektury: 2 minuty Co prawda Opus Dei powsta\u0142o w 1928 w Hiszpanii, a w 1946 przenios\u0142o swoj\u0105 g\u0142\u00f3wn\u0105 siedzib\u0119 do Rzymu, ale rzeczywisty wp\u0142yw i rozg\u0142os zyska\u0142o dopiero za pontyfikatu Jana Paw\u0142a II. Dlaczego? Poniewa\u017c papie\u017c Polak lubi\u0142 ruchy, potrzebowa\u0142 pieni\u0119dzy i na ludzi, kt\u00f3ry lubi\u0142 lub kt\u00f3rzy byli\u2026","rel":"","context":"W \u201e2. Jan Pawe\u0142 II&quot;","block_context":{"text":"2. Jan Pawe\u0142 II","link":"https:\/\/wobronietradycjiiwiary.com\/pl\/category\/polemika\/kosciol-posoborowy\/papieze\/jan-pawel-ii-krytyka\/"},"img":{"alt_text":"","src":"https:\/\/i0.wp.com\/wobronietradycjiiwiary.com\/wp-content\/uploads\/2022\/07\/c81416f719c53de644cd59735c3a0ba0.jpg?resize=350%2C200&ssl=1","width":350,"height":200},"classes":[]},{"id":132672,"url":"https:\/\/wobronietradycjiiwiary.com\/pl\/carol-byrne-msza-dialogowana-113-z-145-wieksza-swietosc-wymagana-od-duchowienstwa\/","url_meta":{"origin":74223,"position":2},"title":"Carol Byrne, &#8220;Msza dialogowana&#8221;. (113 z 153). Wi\u0119ksza \u015bwi\u0119to\u015b\u0107 wymagana od duchowie\u0144stwa.","author":"Traditio et Fides","date":"25 lutego 2025","format":false,"excerpt":"O tym, jak \"powszechne powo\u0142anie do \u015bwi\u0119to\u015bci\" spowodowa\u0142o r\u00f3wnanie w d\u00f3\u0142.","rel":"","context":"W \u201eByrne&quot;","block_context":{"text":"Byrne","link":"https:\/\/wobronietradycjiiwiary.com\/pl\/category\/doktryna\/teologia-liturgii\/byrne-doktryna\/"},"img":{"alt_text":"","src":"https:\/\/i0.wp.com\/wobronietradycjiiwiary.com\/wp-content\/uploads\/2019\/10\/carreno-de-miranda.jpg?resize=350%2C200&ssl=1","width":350,"height":200,"srcset":"https:\/\/i0.wp.com\/wobronietradycjiiwiary.com\/wp-content\/uploads\/2019\/10\/carreno-de-miranda.jpg?resize=350%2C200&ssl=1 1x, https:\/\/i0.wp.com\/wobronietradycjiiwiary.com\/wp-content\/uploads\/2019\/10\/carreno-de-miranda.jpg?resize=525%2C300&ssl=1 1.5x, https:\/\/i0.wp.com\/wobronietradycjiiwiary.com\/wp-content\/uploads\/2019\/10\/carreno-de-miranda.jpg?resize=700%2C400&ssl=1 2x"},"classes":[]},{"id":11573,"url":"https:\/\/wobronietradycjiiwiary.com\/pl\/czy-warto-brac-sie-za-bary-z-opus-dei-warto\/","url_meta":{"origin":74223,"position":3},"title":"Czy warto bra\u0107 si\u0119 za bary z Opus Dei? Warto.","author":"Traditio et Fides","date":"21 kwietnia 2017","format":false,"excerpt":"Nasze zdanie o Opus Dei jest zdecydowanie negatywne. To pseudo-konserwatywna gnoza, a w sumie sekta.","rel":"","context":"W \u201eKo\u015bci\u00f3\u0142 posoborowy&quot;","block_context":{"text":"Ko\u015bci\u00f3\u0142 posoborowy","link":"https:\/\/wobronietradycjiiwiary.com\/pl\/category\/polemika\/kosciol-posoborowy\/"},"img":{"alt_text":"","src":"https:\/\/i0.wp.com\/wobronietradycjiiwiary.com\/wp-content\/uploads\/2017\/04\/40e0e40ae0e25fe694f0ea49612a372e.jpg?resize=350%2C200&ssl=1","width":350,"height":200,"srcset":"https:\/\/i0.wp.com\/wobronietradycjiiwiary.com\/wp-content\/uploads\/2017\/04\/40e0e40ae0e25fe694f0ea49612a372e.jpg?resize=350%2C200&ssl=1 1x, https:\/\/i0.wp.com\/wobronietradycjiiwiary.com\/wp-content\/uploads\/2017\/04\/40e0e40ae0e25fe694f0ea49612a372e.jpg?resize=525%2C300&ssl=1 1.5x"},"classes":[]},{"id":73824,"url":"https:\/\/wobronietradycjiiwiary.com\/pl\/bruno-devos-bylem-w-opus-dei-3-z-13-od-uleglosci-do-rezygnacji-z-samodzielnego-myslenia\/","url_meta":{"origin":74223,"position":4},"title":"Bruno Devos, By\u0142em w Opus Dei, (3 z 13) Od uleg\u0142o\u015bci do rezygnacji z samodzielnego my\u015blenia","author":"Traditio et Fides","date":"30 lipca 2022","format":false,"excerpt":"O tym, \u017ce ca\u0142kowity zakaz samodzielnego my\u015blenia jest niebezpieczny.","rel":"","context":"W \u201eKo\u015bci\u00f3\u0142 posoborowy&quot;","block_context":{"text":"Ko\u015bci\u00f3\u0142 posoborowy","link":"https:\/\/wobronietradycjiiwiary.com\/pl\/category\/polemika\/kosciol-posoborowy\/"},"img":{"alt_text":"","src":"https:\/\/i0.wp.com\/wobronietradycjiiwiary.com\/wp-content\/uploads\/2022\/07\/bed0a2e2d2035aee08fb254c495d86c2.jpg?resize=350%2C200&ssl=1","width":350,"height":200},"classes":[]},{"id":73918,"url":"https:\/\/wobronietradycjiiwiary.com\/pl\/bruno-devos-bylem-w-opus-dei-11-z-13-manipulacja-pojeciem-powolania\/","url_meta":{"origin":74223,"position":5},"title":"Bruno Devos, By\u0142em w Opus Dei, (11 z 13). Manipulacja poj\u0119ciem powo\u0142ania","author":"Traditio et Fides","date":"27 sierpnia 2022","format":false,"excerpt":"Czas lektury: 4 minuty Jest powo\u0142anie i powo\u0142anie do Opus Dei. I oczywi\u015bcie to ostatnie jest bardziej warto\u015bciowe. Oj dolo...dolo... Fanatyzm Opus Dei Sama nazwa Opus Dei (Dzie\u0142o Bo\u017ce) wskazuje na to, \u017ce organizacja roszczy sobie prawo do bycia bezpo\u015brednim wyrazem Woli Bo\u017cej. Zgodnie z zapewnieniami za\u0142o\u017cyciela, Dzie\u0142o jest chciane\u2026","rel":"","context":"W \u201eKo\u015bci\u00f3\u0142 posoborowy&quot;","block_context":{"text":"Ko\u015bci\u00f3\u0142 posoborowy","link":"https:\/\/wobronietradycjiiwiary.com\/pl\/category\/polemika\/kosciol-posoborowy\/"},"img":{"alt_text":"","src":"https:\/\/i0.wp.com\/wobronietradycjiiwiary.com\/wp-content\/uploads\/2022\/07\/bed0a2e2d2035aee08fb254c495d86c2.jpg?resize=350%2C200&ssl=1","width":350,"height":200},"classes":[]}],"amp_enabled":true,"jetpack_featured_media_url":"https:\/\/wobronietradycjiiwiary.com\/wp-content\/uploads\/2022\/09\/a903ff9164abf692b15b23b0213d223c.jpg","_links":{"self":[{"href":"https:\/\/wobronietradycjiiwiary.com\/pl\/wp-json\/wp\/v2\/posts\/74223","targetHints":{"allow":["GET"]}}],"collection":[{"href":"https:\/\/wobronietradycjiiwiary.com\/pl\/wp-json\/wp\/v2\/posts"}],"about":[{"href":"https:\/\/wobronietradycjiiwiary.com\/pl\/wp-json\/wp\/v2\/types\/post"}],"author":[{"embeddable":true,"href":"https:\/\/wobronietradycjiiwiary.com\/pl\/wp-json\/wp\/v2\/users\/60508433"}],"replies":[{"embeddable":true,"href":"https:\/\/wobronietradycjiiwiary.com\/pl\/wp-json\/wp\/v2\/comments?post=74223"}],"version-history":[{"count":13,"href":"https:\/\/wobronietradycjiiwiary.com\/pl\/wp-json\/wp\/v2\/posts\/74223\/revisions"}],"predecessor-version":[{"id":74241,"href":"https:\/\/wobronietradycjiiwiary.com\/pl\/wp-json\/wp\/v2\/posts\/74223\/revisions\/74241"}],"wp:featuredmedia":[{"embeddable":true,"href":"https:\/\/wobronietradycjiiwiary.com\/pl\/wp-json\/wp\/v2\/media\/74221"}],"wp:attachment":[{"href":"https:\/\/wobronietradycjiiwiary.com\/pl\/wp-json\/wp\/v2\/media?parent=74223"}],"wp:term":[{"taxonomy":"category","embeddable":true,"href":"https:\/\/wobronietradycjiiwiary.com\/pl\/wp-json\/wp\/v2\/categories?post=74223"},{"taxonomy":"post_tag","embeddable":true,"href":"https:\/\/wobronietradycjiiwiary.com\/pl\/wp-json\/wp\/v2\/tags?post=74223"}],"curies":[{"name":"wp","href":"https:\/\/api.w.org\/{rel}","templated":true}]}}