{"id":73042,"date":"2022-07-07T16:29:27","date_gmt":"2022-07-07T14:29:27","guid":{"rendered":"https:\/\/wobronietradycjiiwiary.com\/?p=73042"},"modified":"2026-02-13T13:36:22","modified_gmt":"2026-02-13T12:36:22","slug":"psellus-pseczytany-lub-nowe-zrodlo-wiedzy-na-temat-demonow-i-satanizmu","status":"publish","type":"post","link":"https:\/\/wobronietradycjiiwiary.com\/pl\/psellus-pseczytany-lub-nowe-zrodlo-wiedzy-na-temat-demonow-i-satanizmu\/","title":{"rendered":"Psellus \u201epseczytany\u201d lub nowe \u017ar\u00f3d\u0142o wiedzy na temat demon\u00f3w i satanizmu"},"content":{"rendered":"<div id=\"bsf_rt_marker\"><\/div><p>Micha\u0142 Psellos M\u0142odszy (1078-1097) by\u0142 bizantyjskim uczonym i politykiem, autorem licznych dzie\u0142, w tym tak\u017ce dialogu Tymoteusz, czyli o dzia\u0142aniu&hellip;<\/p>\n<div style=\"text-align: center\">\n<p>&nbsp;<\/p>\n<\/div>\n<h2 style=\"border: 5px solid #0000A0;padding: 1em;text-align: center\"><span style=\"color: #000000\">Pe\u0142en dost\u0119p dla <span style=\"color: #00ccff\"><a style=\"color: #00ccff\" href=\"https:\/\/wobronietradycjiiwiary.com\/subskrypcje-2\/\" target=\"_blank\" rel=\"noopener\">subskrybent\u00f3w<\/a><\/span>.<\/span><br \/>\n<span style=\"color: #3366ff\"><a style=\"color: #3366ff\" href=\"https:\/\/wobronietradycjiiwiary.com\/account\/login\/\" target=\"_blank\" rel=\"noopener\"><span style=\"color: #00ccff\">Zaloguj<\/span><\/a> <\/span>si\u0119 lub przejd\u017a do <a href=\"https:\/\/wobronietradycjiiwiary.com\/register\/\"><span style=\"color: #3366ff\">Rejestracji<\/span><\/a>.<\/h2>\n<div>\n<p style=\"text-align: center\"><a href=\"https:\/\/wobronietradycjiiwiary.com\/pl\/subskrypcje-2\/cennik\/\" target=\"_blank\" rel=\"noopener\"><span style=\"color: #000080;font-size: 24pt\"><strong>Nowe ni\u017csze ceny<\/strong><\/span><\/a><\/p>\n<p style=\"text-align: center\"><strong><span style=\"font-size: 18pt;color: #000080\">P\u0142atno\u015b\u0107 kart\u0105<\/span><\/strong><\/p>\n<\/div>\n<h3 style=\"text-align: center\"><a href=\"https:\/\/wobronietradycjiiwiary.com\/pl\/subskrypcje-2\/automatyczne\/indywidualne\/\" target=\"_blank\" rel=\"noopener\"><img fetchpriority=\"high\" decoding=\"async\" class=\"alignnone size-medium wp-image-80433\" src=\"https:\/\/wobronietradycjiiwiary.com\/wp-content\/uploads\/2022\/11\/Unbenannt-1-Online-1-300x202.jpg\" alt=\"\" width=\"300\" height=\"202\" srcset=\"https:\/\/wobronietradycjiiwiary.com\/wp-content\/uploads\/2022\/11\/Unbenannt-1-Online-1-300x202.jpg 300w, https:\/\/wobronietradycjiiwiary.com\/wp-content\/uploads\/2022\/11\/Unbenannt-1-Online-1-150x101.jpg 150w, https:\/\/wobronietradycjiiwiary.com\/wp-content\/uploads\/2022\/11\/Unbenannt-1-Online-1-18x12.jpg 18w, https:\/\/wobronietradycjiiwiary.com\/wp-content\/uploads\/2022\/11\/Unbenannt-1-Online-1.jpg 446w\" sizes=\"(max-width: 300px) 100vw, 300px\" \/><\/a><\/h3>\n<p style=\"text-align: center\"><strong><span style=\"font-size: 18pt;color: #000080\">P\u0142atno\u015b\u0107 przelewem<\/span><\/strong><\/p>\n<p><a href=\"https:\/\/wobronietradycjiiwiary.com\/pl\/subskrypcje-2\/automatyczne\/indywidualne\/\" target=\"_blank\" rel=\"noopener\"><img decoding=\"async\" class=\"size-medium wp-image-80434 aligncenter\" src=\"https:\/\/wobronietradycjiiwiary.com\/wp-content\/uploads\/2022\/11\/Unbenannt-1-Przelewem-300x137.jpg\" alt=\"\" width=\"300\" height=\"137\" srcset=\"https:\/\/wobronietradycjiiwiary.com\/wp-content\/uploads\/2022\/11\/Unbenannt-1-Przelewem-300x137.jpg 300w, https:\/\/wobronietradycjiiwiary.com\/wp-content\/uploads\/2022\/11\/Unbenannt-1-Przelewem-450x206.jpg 450w, https:\/\/wobronietradycjiiwiary.com\/wp-content\/uploads\/2022\/11\/Unbenannt-1-Przelewem-600x274.jpg 600w, https:\/\/wobronietradycjiiwiary.com\/wp-content\/uploads\/2022\/11\/Unbenannt-1-Przelewem-150x69.jpg 150w, https:\/\/wobronietradycjiiwiary.com\/wp-content\/uploads\/2022\/11\/Unbenannt-1-Przelewem-18x8.jpg 18w, https:\/\/wobronietradycjiiwiary.com\/wp-content\/uploads\/2022\/11\/Unbenannt-1-Przelewem.jpg 676w\" sizes=\"(max-width: 300px) 100vw, 300px\" \/><\/a><\/p>\n<p style=\"text-align: center\"><strong><span style=\"font-size: 18pt;color: #000080\">P\u0142atno\u015b\u0107 kart\u0105 do 6 os\u00f3b<\/span><\/strong><\/p>\n<p><a href=\"https:\/\/wobronietradycjiiwiary.com\/pl\/rodzinne\/\" target=\"_blank\" rel=\"noopener\"><img decoding=\"async\" class=\"size-medium wp-image-80435 aligncenter\" src=\"https:\/\/wobronietradycjiiwiary.com\/wp-content\/uploads\/2022\/11\/Unbenannt-1-Rodzinna-300x208.jpg\" alt=\"\" width=\"300\" height=\"208\" srcset=\"https:\/\/wobronietradycjiiwiary.com\/wp-content\/uploads\/2022\/11\/Unbenannt-1-Rodzinna-300x208.jpg 300w, https:\/\/wobronietradycjiiwiary.com\/wp-content\/uploads\/2022\/11\/Unbenannt-1-Rodzinna-150x104.jpg 150w, https:\/\/wobronietradycjiiwiary.com\/wp-content\/uploads\/2022\/11\/Unbenannt-1-Rodzinna-18x12.jpg 18w, https:\/\/wobronietradycjiiwiary.com\/wp-content\/uploads\/2022\/11\/Unbenannt-1-Rodzinna.jpg 448w\" sizes=\"(max-width: 300px) 100vw, 300px\" \/><\/a><\/p>\n<h3 style=\"text-align: center\"><\/h3>\n<h1 style=\"text-align: center\"><\/h1>\n","protected":false},"excerpt":{"rendered":"<p>Streszczenie traktatu Micha\u0142a Psellosa &#8220;O dzia\u0142aniu demon\u00f3w&#8221; z uwzgl\u0119dnieniem aktualnego ko\u015bcielnego kontekstu.<\/p>\n","protected":false},"author":60508433,"featured_media":73047,"comment_status":"open","ping_status":"open","sticky":false,"template":"","format":"standard","meta":{"_bbp_topic_count":0,"_bbp_reply_count":0,"_bbp_total_topic_count":0,"_bbp_total_reply_count":0,"_bbp_voice_count":0,"_bbp_anonymous_reply_count":0,"_bbp_topic_count_hidden":0,"_bbp_reply_count_hidden":0,"_bbp_forum_subforum_count":0,"_editorskit_title_hidden":false,"_editorskit_reading_time":6,"_editorskit_is_block_options_detached":false,"_editorskit_block_options_position":"{}","_coblocks_attr":"","_coblocks_dimensions":"","_coblocks_responsive_height":"","_coblocks_accordion_ie_support":"","_exactmetrics_skip_tracking":false,"_jetpack_newsletter_access":"","_jetpack_dont_email_post_to_subs":false,"_jetpack_newsletter_tier_id":0,"_jetpack_memberships_contains_paywalled_content":false,"_wpcom_ai_launchpad_first_post":false,"_jetpack_feature_clip_id":0,"_jetpack_memberships_contains_paid_content":false,"footnotes":"","jetpack_publicize_message":"{title}\n\n{excerpt}\n\n{url}","jetpack_publicize_feature_enabled":true,"jetpack_social_post_already_shared":true,"jetpack_social_options":{"image_generator_settings":{"template":"highway","default_image_id":0,"font":"","enabled":false},"version":2},"_wpas_customize_per_network":false,"jetpack_post_was_ever_published":false},"categories":[326335690,610131774,610131185,610133281],"tags":[610132133],"class_list":["post-73042","post","type-post","status-publish","format-standard","has-post-thumbnail","hentry","category-demonologia-teologia","category-demon-teor","category-doktryna","category-satanizm","tag-restricted"],"yoast_head":"<!-- This site is optimized with the Yoast SEO plugin v28.4 - https:\/\/yoast.com\/product\/yoast-seo-wordpress\/ -->\n<title>Psellus \u201epseczytany\u201d lub nowe \u017ar\u00f3d\u0142o wiedzy na temat demon\u00f3w i satanizmu - Tradycja i Wiara<\/title>\n<meta name=\"robots\" content=\"index, follow, max-snippet:-1, max-image-preview:large, max-video-preview:-1\" \/>\n<link rel=\"canonical\" href=\"https:\/\/wobronietradycjiiwiary.com\/pl\/psellus-pseczytany-lub-nowe-zrodlo-wiedzy-na-temat-demonow-i-satanizmu\/\" \/>\n<meta property=\"og:locale\" content=\"pl_PL\" \/>\n<meta property=\"og:type\" content=\"article\" \/>\n<meta property=\"og:title\" content=\"Psellus \u201epseczytany\u201d lub nowe \u017ar\u00f3d\u0142o wiedzy na temat demon\u00f3w i satanizmu - Tradycja i Wiara\" \/>\n<meta property=\"og:description\" content=\"Streszczenie traktatu Micha\u0142a Psellosa &quot;O dzia\u0142aniu demon\u00f3w&quot; z uwzgl\u0119dnieniem aktualnego ko\u015bcielnego kontekstu.\" \/>\n<meta property=\"og:url\" content=\"https:\/\/wobronietradycjiiwiary.com\/pl\/psellus-pseczytany-lub-nowe-zrodlo-wiedzy-na-temat-demonow-i-satanizmu\/\" \/>\n<meta property=\"og:site_name\" content=\"Tradycja i Wiara\" \/>\n<meta property=\"article:publisher\" content=\"https:\/\/www.facebook.com\/Tradycja-i-Wiara-108813920592249\" \/>\n<meta property=\"article:published_time\" content=\"2022-07-07T14:29:27+00:00\" \/>\n<meta property=\"article:modified_time\" content=\"2026-02-13T12:36:22+00:00\" \/>\n<meta property=\"og:image\" content=\"https:\/\/wobronietradycjiiwiary.com\/wp-content\/uploads\/2022\/07\/bill_event_simon_marmionlq.jpg\" \/>\n\t<meta property=\"og:image:width\" content=\"768\" \/>\n\t<meta property=\"og:image:height\" content=\"480\" \/>\n\t<meta property=\"og:image:type\" content=\"image\/jpeg\" \/>\n<meta name=\"author\" content=\"Traditio et Fides\" \/>\n<meta name=\"twitter:card\" content=\"summary_large_image\" \/>\n<meta name=\"twitter:label1\" content=\"Napisane przez\" \/>\n\t<meta name=\"twitter:data1\" content=\"Traditio et Fides\" \/>\n\t<meta name=\"twitter:label2\" content=\"Szacowany czas czytania\" \/>\n\t<meta name=\"twitter:data2\" content=\"10 minut\" \/>\n<script type=\"application\/ld+json\" class=\"yoast-schema-graph\">{\"@context\":\"https:\\\/\\\/schema.org\",\"@graph\":[{\"@type\":\"Article\",\"@id\":\"https:\\\/\\\/wobronietradycjiiwiary.com\\\/psellus-pseczytany-lub-nowe-zrodlo-wiedzy-na-temat-demonow-i-satanizmu\\\/#article\",\"isPartOf\":{\"@id\":\"https:\\\/\\\/wobronietradycjiiwiary.com\\\/psellus-pseczytany-lub-nowe-zrodlo-wiedzy-na-temat-demonow-i-satanizmu\\\/\"},\"author\":{\"name\":\"Traditio et Fides\",\"@id\":\"https:\\\/\\\/wobronietradycjiiwiary.com\\\/pl\\\/#\\\/schema\\\/person\\\/2d6180ce6abcb681fef0daab7816e8f3\"},\"headline\":\"Psellus \u201epseczytany\u201d lub nowe \u017ar\u00f3d\u0142o wiedzy na temat demon\u00f3w i satanizmu\",\"datePublished\":\"2022-07-07T14:29:27+00:00\",\"dateModified\":\"2026-02-13T12:36:22+00:00\",\"mainEntityOfPage\":{\"@id\":\"https:\\\/\\\/wobronietradycjiiwiary.com\\\/psellus-pseczytany-lub-nowe-zrodlo-wiedzy-na-temat-demonow-i-satanizmu\\\/\"},\"wordCount\":1802,\"commentCount\":0,\"publisher\":{\"@id\":\"https:\\\/\\\/wobronietradycjiiwiary.com\\\/pl\\\/#organization\"},\"image\":{\"@id\":\"https:\\\/\\\/wobronietradycjiiwiary.com\\\/psellus-pseczytany-lub-nowe-zrodlo-wiedzy-na-temat-demonow-i-satanizmu\\\/#primaryimage\"},\"thumbnailUrl\":\"https:\\\/\\\/wobronietradycjiiwiary.com\\\/wp-content\\\/uploads\\\/2022\\\/07\\\/bill_event_simon_marmionlq.jpg\",\"keywords\":[\"Restricted\"],\"articleSection\":[\"Demonologia\",\"Demonologia teoretyczna\",\"Doktryna\",\"Satanizm\"],\"inLanguage\":\"pl-PL\",\"potentialAction\":[{\"@type\":\"CommentAction\",\"name\":\"Comment\",\"target\":[\"https:\\\/\\\/wobronietradycjiiwiary.com\\\/psellus-pseczytany-lub-nowe-zrodlo-wiedzy-na-temat-demonow-i-satanizmu\\\/#respond\"]}]},{\"@type\":\"WebPage\",\"@id\":\"https:\\\/\\\/wobronietradycjiiwiary.com\\\/psellus-pseczytany-lub-nowe-zrodlo-wiedzy-na-temat-demonow-i-satanizmu\\\/\",\"url\":\"https:\\\/\\\/wobronietradycjiiwiary.com\\\/psellus-pseczytany-lub-nowe-zrodlo-wiedzy-na-temat-demonow-i-satanizmu\\\/\",\"name\":\"Psellus \u201epseczytany\u201d lub nowe \u017ar\u00f3d\u0142o wiedzy na temat demon\u00f3w i satanizmu - Tradycja i Wiara\",\"isPartOf\":{\"@id\":\"https:\\\/\\\/wobronietradycjiiwiary.com\\\/pl\\\/#website\"},\"primaryImageOfPage\":{\"@id\":\"https:\\\/\\\/wobronietradycjiiwiary.com\\\/psellus-pseczytany-lub-nowe-zrodlo-wiedzy-na-temat-demonow-i-satanizmu\\\/#primaryimage\"},\"image\":{\"@id\":\"https:\\\/\\\/wobronietradycjiiwiary.com\\\/psellus-pseczytany-lub-nowe-zrodlo-wiedzy-na-temat-demonow-i-satanizmu\\\/#primaryimage\"},\"thumbnailUrl\":\"https:\\\/\\\/wobronietradycjiiwiary.com\\\/wp-content\\\/uploads\\\/2022\\\/07\\\/bill_event_simon_marmionlq.jpg\",\"datePublished\":\"2022-07-07T14:29:27+00:00\",\"dateModified\":\"2026-02-13T12:36:22+00:00\",\"breadcrumb\":{\"@id\":\"https:\\\/\\\/wobronietradycjiiwiary.com\\\/psellus-pseczytany-lub-nowe-zrodlo-wiedzy-na-temat-demonow-i-satanizmu\\\/#breadcrumb\"},\"inLanguage\":\"pl-PL\",\"potentialAction\":[{\"@type\":\"ReadAction\",\"target\":[\"https:\\\/\\\/wobronietradycjiiwiary.com\\\/psellus-pseczytany-lub-nowe-zrodlo-wiedzy-na-temat-demonow-i-satanizmu\\\/\"]}]},{\"@type\":\"ImageObject\",\"inLanguage\":\"pl-PL\",\"@id\":\"https:\\\/\\\/wobronietradycjiiwiary.com\\\/psellus-pseczytany-lub-nowe-zrodlo-wiedzy-na-temat-demonow-i-satanizmu\\\/#primaryimage\",\"url\":\"https:\\\/\\\/wobronietradycjiiwiary.com\\\/wp-content\\\/uploads\\\/2022\\\/07\\\/bill_event_simon_marmionlq.jpg\",\"contentUrl\":\"https:\\\/\\\/wobronietradycjiiwiary.com\\\/wp-content\\\/uploads\\\/2022\\\/07\\\/bill_event_simon_marmionlq.jpg\",\"width\":768,\"height\":480},{\"@type\":\"BreadcrumbList\",\"@id\":\"https:\\\/\\\/wobronietradycjiiwiary.com\\\/psellus-pseczytany-lub-nowe-zrodlo-wiedzy-na-temat-demonow-i-satanizmu\\\/#breadcrumb\",\"itemListElement\":[{\"@type\":\"ListItem\",\"position\":1,\"name\":\"Strona g\u0142\u00f3wna\",\"item\":\"https:\\\/\\\/wobronietradycjiiwiary.com\\\/\"},{\"@type\":\"ListItem\",\"position\":2,\"name\":\"Psellus \u201epseczytany\u201d lub nowe \u017ar\u00f3d\u0142o wiedzy na temat demon\u00f3w i satanizmu\"}]},{\"@type\":\"WebSite\",\"@id\":\"https:\\\/\\\/wobronietradycjiiwiary.com\\\/pl\\\/#website\",\"url\":\"https:\\\/\\\/wobronietradycjiiwiary.com\\\/pl\\\/\",\"name\":\"Tradycja i Wiara\",\"description\":\"Portal dla katolik\u00f3w.\",\"publisher\":{\"@id\":\"https:\\\/\\\/wobronietradycjiiwiary.com\\\/pl\\\/#organization\"},\"potentialAction\":[{\"@type\":\"SearchAction\",\"target\":{\"@type\":\"EntryPoint\",\"urlTemplate\":\"https:\\\/\\\/wobronietradycjiiwiary.com\\\/pl\\\/?s={search_term_string}\"},\"query-input\":{\"@type\":\"PropertyValueSpecification\",\"valueRequired\":true,\"valueName\":\"search_term_string\"}}],\"inLanguage\":\"pl-PL\"},{\"@type\":\"Organization\",\"@id\":\"https:\\\/\\\/wobronietradycjiiwiary.com\\\/pl\\\/#organization\",\"name\":\"Tradycja i Wiara\",\"url\":\"https:\\\/\\\/wobronietradycjiiwiary.com\\\/pl\\\/\",\"logo\":{\"@type\":\"ImageObject\",\"inLanguage\":\"pl-PL\",\"@id\":\"https:\\\/\\\/wobronietradycjiiwiary.com\\\/pl\\\/#\\\/schema\\\/logo\\\/image\\\/\",\"url\":\"https:\\\/\\\/i0.wp.com\\\/wobronietradycjiiwiary.com\\\/wp-content\\\/uploads\\\/2015\\\/10\\\/cropped-st-peters-dome-vatican.jpg?fit=940%2C198&ssl=1\",\"contentUrl\":\"https:\\\/\\\/i0.wp.com\\\/wobronietradycjiiwiary.com\\\/wp-content\\\/uploads\\\/2015\\\/10\\\/cropped-st-peters-dome-vatican.jpg?fit=940%2C198&ssl=1\",\"width\":940,\"height\":198,\"caption\":\"Tradycja i Wiara\"},\"image\":{\"@id\":\"https:\\\/\\\/wobronietradycjiiwiary.com\\\/pl\\\/#\\\/schema\\\/logo\\\/image\\\/\"},\"sameAs\":[\"https:\\\/\\\/www.facebook.com\\\/Tradycja-i-Wiara-108813920592249\"]},{\"@type\":\"Person\",\"@id\":\"https:\\\/\\\/wobronietradycjiiwiary.com\\\/pl\\\/#\\\/schema\\\/person\\\/2d6180ce6abcb681fef0daab7816e8f3\",\"name\":\"Traditio et Fides\",\"sameAs\":[\"https:\\\/\\\/traditionundglauben.com\"],\"url\":\"https:\\\/\\\/wobronietradycjiiwiary.com\\\/pl\\\/author\\\/wobronietradycjiiwiary\\\/\"}]}<\/script>\n<!-- \/ Yoast SEO plugin. -->","yoast_head_json":{"title":"Psellus \u201epseczytany\u201d lub nowe \u017ar\u00f3d\u0142o wiedzy na temat demon\u00f3w i satanizmu - Tradycja i Wiara","robots":{"index":"index","follow":"follow","max-snippet":"max-snippet:-1","max-image-preview":"max-image-preview:large","max-video-preview":"max-video-preview:-1"},"canonical":"https:\/\/wobronietradycjiiwiary.com\/pl\/psellus-pseczytany-lub-nowe-zrodlo-wiedzy-na-temat-demonow-i-satanizmu\/","og_locale":"pl_PL","og_type":"article","og_title":"Psellus \u201epseczytany\u201d lub nowe \u017ar\u00f3d\u0142o wiedzy na temat demon\u00f3w i satanizmu - Tradycja i Wiara","og_description":"Streszczenie traktatu Micha\u0142a Psellosa \"O dzia\u0142aniu demon\u00f3w\" z uwzgl\u0119dnieniem aktualnego ko\u015bcielnego kontekstu.","og_url":"https:\/\/wobronietradycjiiwiary.com\/pl\/psellus-pseczytany-lub-nowe-zrodlo-wiedzy-na-temat-demonow-i-satanizmu\/","og_site_name":"Tradycja i Wiara","article_publisher":"https:\/\/www.facebook.com\/Tradycja-i-Wiara-108813920592249","article_published_time":"2022-07-07T14:29:27+00:00","article_modified_time":"2026-02-13T12:36:22+00:00","og_image":[{"width":768,"height":480,"url":"https:\/\/wobronietradycjiiwiary.com\/wp-content\/uploads\/2022\/07\/bill_event_simon_marmionlq.jpg","type":"image\/jpeg"}],"author":"Traditio et Fides","twitter_card":"summary_large_image","twitter_misc":{"Napisane przez":"Traditio et Fides","Szacowany czas czytania":"10 minut"},"schema":{"@context":"https:\/\/schema.org","@graph":[{"@type":"Article","@id":"https:\/\/wobronietradycjiiwiary.com\/psellus-pseczytany-lub-nowe-zrodlo-wiedzy-na-temat-demonow-i-satanizmu\/#article","isPartOf":{"@id":"https:\/\/wobronietradycjiiwiary.com\/psellus-pseczytany-lub-nowe-zrodlo-wiedzy-na-temat-demonow-i-satanizmu\/"},"author":{"name":"Traditio et Fides","@id":"https:\/\/wobronietradycjiiwiary.com\/pl\/#\/schema\/person\/2d6180ce6abcb681fef0daab7816e8f3"},"headline":"Psellus \u201epseczytany\u201d lub nowe \u017ar\u00f3d\u0142o wiedzy na temat demon\u00f3w i satanizmu","datePublished":"2022-07-07T14:29:27+00:00","dateModified":"2026-02-13T12:36:22+00:00","mainEntityOfPage":{"@id":"https:\/\/wobronietradycjiiwiary.com\/psellus-pseczytany-lub-nowe-zrodlo-wiedzy-na-temat-demonow-i-satanizmu\/"},"wordCount":1802,"commentCount":0,"publisher":{"@id":"https:\/\/wobronietradycjiiwiary.com\/pl\/#organization"},"image":{"@id":"https:\/\/wobronietradycjiiwiary.com\/psellus-pseczytany-lub-nowe-zrodlo-wiedzy-na-temat-demonow-i-satanizmu\/#primaryimage"},"thumbnailUrl":"https:\/\/wobronietradycjiiwiary.com\/wp-content\/uploads\/2022\/07\/bill_event_simon_marmionlq.jpg","keywords":["Restricted"],"articleSection":["Demonologia","Demonologia teoretyczna","Doktryna","Satanizm"],"inLanguage":"pl-PL","potentialAction":[{"@type":"CommentAction","name":"Comment","target":["https:\/\/wobronietradycjiiwiary.com\/psellus-pseczytany-lub-nowe-zrodlo-wiedzy-na-temat-demonow-i-satanizmu\/#respond"]}]},{"@type":"WebPage","@id":"https:\/\/wobronietradycjiiwiary.com\/psellus-pseczytany-lub-nowe-zrodlo-wiedzy-na-temat-demonow-i-satanizmu\/","url":"https:\/\/wobronietradycjiiwiary.com\/psellus-pseczytany-lub-nowe-zrodlo-wiedzy-na-temat-demonow-i-satanizmu\/","name":"Psellus \u201epseczytany\u201d lub nowe \u017ar\u00f3d\u0142o wiedzy na temat demon\u00f3w i satanizmu - Tradycja i Wiara","isPartOf":{"@id":"https:\/\/wobronietradycjiiwiary.com\/pl\/#website"},"primaryImageOfPage":{"@id":"https:\/\/wobronietradycjiiwiary.com\/psellus-pseczytany-lub-nowe-zrodlo-wiedzy-na-temat-demonow-i-satanizmu\/#primaryimage"},"image":{"@id":"https:\/\/wobronietradycjiiwiary.com\/psellus-pseczytany-lub-nowe-zrodlo-wiedzy-na-temat-demonow-i-satanizmu\/#primaryimage"},"thumbnailUrl":"https:\/\/wobronietradycjiiwiary.com\/wp-content\/uploads\/2022\/07\/bill_event_simon_marmionlq.jpg","datePublished":"2022-07-07T14:29:27+00:00","dateModified":"2026-02-13T12:36:22+00:00","breadcrumb":{"@id":"https:\/\/wobronietradycjiiwiary.com\/psellus-pseczytany-lub-nowe-zrodlo-wiedzy-na-temat-demonow-i-satanizmu\/#breadcrumb"},"inLanguage":"pl-PL","potentialAction":[{"@type":"ReadAction","target":["https:\/\/wobronietradycjiiwiary.com\/psellus-pseczytany-lub-nowe-zrodlo-wiedzy-na-temat-demonow-i-satanizmu\/"]}]},{"@type":"ImageObject","inLanguage":"pl-PL","@id":"https:\/\/wobronietradycjiiwiary.com\/psellus-pseczytany-lub-nowe-zrodlo-wiedzy-na-temat-demonow-i-satanizmu\/#primaryimage","url":"https:\/\/wobronietradycjiiwiary.com\/wp-content\/uploads\/2022\/07\/bill_event_simon_marmionlq.jpg","contentUrl":"https:\/\/wobronietradycjiiwiary.com\/wp-content\/uploads\/2022\/07\/bill_event_simon_marmionlq.jpg","width":768,"height":480},{"@type":"BreadcrumbList","@id":"https:\/\/wobronietradycjiiwiary.com\/psellus-pseczytany-lub-nowe-zrodlo-wiedzy-na-temat-demonow-i-satanizmu\/#breadcrumb","itemListElement":[{"@type":"ListItem","position":1,"name":"Strona g\u0142\u00f3wna","item":"https:\/\/wobronietradycjiiwiary.com\/"},{"@type":"ListItem","position":2,"name":"Psellus \u201epseczytany\u201d lub nowe \u017ar\u00f3d\u0142o wiedzy na temat demon\u00f3w i satanizmu"}]},{"@type":"WebSite","@id":"https:\/\/wobronietradycjiiwiary.com\/pl\/#website","url":"https:\/\/wobronietradycjiiwiary.com\/pl\/","name":"Tradycja i Wiara","description":"Portal dla katolik\u00f3w.","publisher":{"@id":"https:\/\/wobronietradycjiiwiary.com\/pl\/#organization"},"potentialAction":[{"@type":"SearchAction","target":{"@type":"EntryPoint","urlTemplate":"https:\/\/wobronietradycjiiwiary.com\/pl\/?s={search_term_string}"},"query-input":{"@type":"PropertyValueSpecification","valueRequired":true,"valueName":"search_term_string"}}],"inLanguage":"pl-PL"},{"@type":"Organization","@id":"https:\/\/wobronietradycjiiwiary.com\/pl\/#organization","name":"Tradycja i Wiara","url":"https:\/\/wobronietradycjiiwiary.com\/pl\/","logo":{"@type":"ImageObject","inLanguage":"pl-PL","@id":"https:\/\/wobronietradycjiiwiary.com\/pl\/#\/schema\/logo\/image\/","url":"https:\/\/i0.wp.com\/wobronietradycjiiwiary.com\/wp-content\/uploads\/2015\/10\/cropped-st-peters-dome-vatican.jpg?fit=940%2C198&ssl=1","contentUrl":"https:\/\/i0.wp.com\/wobronietradycjiiwiary.com\/wp-content\/uploads\/2015\/10\/cropped-st-peters-dome-vatican.jpg?fit=940%2C198&ssl=1","width":940,"height":198,"caption":"Tradycja i Wiara"},"image":{"@id":"https:\/\/wobronietradycjiiwiary.com\/pl\/#\/schema\/logo\/image\/"},"sameAs":["https:\/\/www.facebook.com\/Tradycja-i-Wiara-108813920592249"]},{"@type":"Person","@id":"https:\/\/wobronietradycjiiwiary.com\/pl\/#\/schema\/person\/2d6180ce6abcb681fef0daab7816e8f3","name":"Traditio et Fides","sameAs":["https:\/\/traditionundglauben.com"],"url":"https:\/\/wobronietradycjiiwiary.com\/pl\/author\/wobronietradycjiiwiary\/"}]}},"jetpack_publicize_connections":[],"jetpack_sharing_enabled":true,"jetpack_likes_enabled":true,"jetpack_shortlink":"https:\/\/wp.me\/pc04Sd-j06","jetpack-related-posts":[{"id":3048,"url":"https:\/\/wobronietradycjiiwiary.com\/pl\/flagellum-daemonum-bicz-na-demony-demonologia-potrydencka-cz-3\/","url_meta":{"origin":73042,"position":0},"title":"Flagellum daemonum \u2013 Bicz na demony. Demonologia potrydencka. (cz.3)","author":"Traditio et Fides","date":"24 grudnia 2014","format":false,"excerpt":"Flagellum daemonum\u00a0\u00a0\u00a0\u00a0\u00a0\u00a0\u00a0 \u2013 \u00a0\u00a0 Spis tre\u015bci Rozdzia\u0142 I. O wierze i przygotowaniach, kt\u00f3re winni czyni\u0107 egzorcy\u015bci zanim zaklina\u0107 demony zaczn\u0105. Rozdzia\u0142 II. O czysto\u015bci sumienia, kt\u00f3r\u0105 winien posiada\u0107 op\u0119tany oraz o poznaniu, kt\u00f3re winni mie\u0107 egzorcy\u015bci. Rozdzia\u0142 III. Czy rzeczy zmys\u0142owe mog\u0105 oddzia\u0142ywa\u0107 na ducha oraz gdzie na ten temat\u2026","rel":"","context":"W \u201eDemonologia&quot;","block_context":{"text":"Demonologia","link":"https:\/\/wobronietradycjiiwiary.com\/pl\/category\/doktryna\/teologia-dogmatyczna\/demonologia-teologia\/"},"img":{"alt_text":"","src":"https:\/\/i0.wp.com\/wobronietradycjiiwiary.com\/wp-content\/uploads\/2016\/04\/640px-3ZenobiusLondon.jpg?resize=350%2C200&ssl=1","width":350,"height":200,"srcset":"https:\/\/i0.wp.com\/wobronietradycjiiwiary.com\/wp-content\/uploads\/2016\/04\/640px-3ZenobiusLondon.jpg?resize=350%2C200&ssl=1 1x, https:\/\/i0.wp.com\/wobronietradycjiiwiary.com\/wp-content\/uploads\/2016\/04\/640px-3ZenobiusLondon.jpg?resize=525%2C300&ssl=1 1.5x"},"classes":[]},{"id":11167,"url":"https:\/\/wobronietradycjiiwiary.com\/pl\/zarys-angelologii-17-z-stan-demonow-przed-sadem-ostatecznym\/","url_meta":{"origin":73042,"position":1},"title":"Zarys angelologii.  (17 z 23) Stan demon\u00f3w przed S\u0105dem Ostatecznym.","author":"Traditio et Fides","date":"21 lutego 2017","format":false,"excerpt":"Przed awantur\u0105 zwi\u0105zan\u0105 za niewspieranie bloga przez 99,95% czytelnik\u00f3w pisz\u0105cemu te s\u0142owa wydawa\u0142o si\u0119, i\u017c cykl angelologiczny zosta\u0142 uko\u0144czony. Okaza\u0142o si\u0119, \u017ce sprytny demon go od tego odwi\u00f3d\u0142, gdy\u017c w\u0142a\u015bciwym zako\u0144czeniem tego cyklu jest ukazanie obecno\u015bci i dzia\u0142alno\u015bci demon\u00f3w w \u015bwiecie. Przyst\u0105pimy teraz do omawiania tego wa\u017cnego zagadnienia o wymiernej\u2026","rel":"","context":"W \u201eAngelologia&quot;","block_context":{"text":"Angelologia","link":"https:\/\/wobronietradycjiiwiary.com\/pl\/category\/doktryna\/teologia-dogmatyczna\/angelologia\/"},"img":{"alt_text":"","src":"https:\/\/i0.wp.com\/wobronietradycjiiwiary.com\/wp-content\/uploads\/2016\/09\/angels.jpg?resize=350%2C200&ssl=1","width":350,"height":200},"classes":[]},{"id":113092,"url":"https:\/\/wobronietradycjiiwiary.com\/pl\/ks-ripperger-poziomy-walki-duchowej-i-nasza-pani-3-z\/","url_meta":{"origin":73042,"position":2},"title":"Ks. Ripperger, Poziomy walki duchowej i Nasza Pani (3 z )","author":"Traditio et Fides","date":"22 lutego 2024","format":false,"excerpt":"Trzecia cz\u0119\u015b\u0107 polskiego t\u0142umaczenia konferencji ks. Rippergera w katedrze \u015bw. Patryka w Nowym Jorku.","rel":"","context":"W \u201eDemonologia&quot;","block_context":{"text":"Demonologia","link":"https:\/\/wobronietradycjiiwiary.com\/pl\/category\/doktryna\/teologia-dogmatyczna\/demonologia-teologia\/"},"img":{"alt_text":"","src":"https:\/\/i0.wp.com\/wobronietradycjiiwiary.com\/wp-content\/uploads\/2024\/02\/St._Michael_archangel_810_500_75_s_c1.jpg?resize=350%2C200&ssl=1","width":350,"height":200,"srcset":"https:\/\/i0.wp.com\/wobronietradycjiiwiary.com\/wp-content\/uploads\/2024\/02\/St._Michael_archangel_810_500_75_s_c1.jpg?resize=350%2C200&ssl=1 1x, https:\/\/i0.wp.com\/wobronietradycjiiwiary.com\/wp-content\/uploads\/2024\/02\/St._Michael_archangel_810_500_75_s_c1.jpg?resize=525%2C300&ssl=1 1.5x, https:\/\/i0.wp.com\/wobronietradycjiiwiary.com\/wp-content\/uploads\/2024\/02\/St._Michael_archangel_810_500_75_s_c1.jpg?resize=700%2C400&ssl=1 2x"},"classes":[]},{"id":18656,"url":"https:\/\/wobronietradycjiiwiary.com\/pl\/richalm-von-schontal-liber-revelationum-pierwsze-wrazenie\/","url_meta":{"origin":73042,"position":3},"title":"Richalm von Sch\u00f6ntal, Liber revelationum &#8211; wra\u017cenie pierwsze","author":"Traditio et Fides","date":"22 pa\u017adziernika 2018","format":false,"excerpt":"Pisz\u0105cy te s\u0142owa jest na stronie 130 z 275 dzie\u0142a Richalma z Sch\u00f6ntal Liber revelationum\u00a0(Schmidt, Paul Gerhardt (wyd.), w: Monumenta Germaniae Historica. Quellen zur Geistesgeschichte des Mittelalters, Bd. 24, Hannover: Hahnsche Buchhandlung 2009) i czuje si\u0119, jakby dosta\u0142 w\u0142a\u015bnie prezent, na kt\u00f3ry od dziesi\u0119cioleci czeka\u0142.\u00a0 Wygl\u0105da bowiem na to, \u017ce\u2026","rel":"","context":"W \u201eDemonologia praktyczna&quot;","block_context":{"text":"Demonologia praktyczna","link":"https:\/\/wobronietradycjiiwiary.com\/pl\/category\/doktryna\/teologia-dogmatyczna\/demonologia-teologia\/demonologia-praktyczna\/"},"img":{"alt_text":"","src":"https:\/\/i0.wp.com\/wobronietradycjiiwiary.com\/wp-content\/uploads\/2018\/10\/3ca8194f8d392363e5b530282facd07a-art-medieval-rothschild.jpg?resize=350%2C200&ssl=1","width":350,"height":200},"classes":[]},{"id":19059,"url":"https:\/\/wobronietradycjiiwiary.com\/pl\/ks-ripperger-poziom-walki-duchowej-tlumaczenie-3-z-12\/","url_meta":{"origin":73042,"position":4},"title":"Ks. Ripperger, Poziomy walki duchowej &#8211; t\u0142umaczenie (3 z 8)","author":"mariuszjerzy","date":"11 grudnia 2018","format":false,"excerpt":"Ks. Ripperger m\u00f3wi, co prawda, \u017ce \"demony s\u0105 na kr\u00f3tkiej smyczy\", ale dla osoby dr\u0119czonej, w kt\u00f3r\u0105 demon si\u0119 wgryza, jest ona zdecydowanie za d\u0142uga. Jak ju\u017c jednak pisali\u015bmy, je\u015bli demon mo\u017ce atakowa\u0107 A, B lub C, to zwykle robi to wybi\u00f3rczo stosuj\u0105c alternatyw\u0119 albo-albo. Atak na wszystko nie nast\u0119puje\u2026","rel":"","context":"W \u201eks. Ripperger&quot;","block_context":{"text":"ks. Ripperger","link":"https:\/\/wobronietradycjiiwiary.com\/pl\/category\/doktryna\/teologia-dogmatyczna\/demonologia-teologia\/demonologia-praktyczna\/ks-ripperger\/"},"img":{"alt_text":"","src":"https:\/\/i0.wp.com\/wobronietradycjiiwiary.com\/wp-content\/uploads\/2021\/11\/alexander-slays-more-dragons-1.jpg?resize=350%2C200&ssl=1","width":350,"height":200,"srcset":"https:\/\/i0.wp.com\/wobronietradycjiiwiary.com\/wp-content\/uploads\/2021\/11\/alexander-slays-more-dragons-1.jpg?resize=350%2C200&ssl=1 1x, https:\/\/i0.wp.com\/wobronietradycjiiwiary.com\/wp-content\/uploads\/2021\/11\/alexander-slays-more-dragons-1.jpg?resize=525%2C300&ssl=1 1.5x, https:\/\/i0.wp.com\/wobronietradycjiiwiary.com\/wp-content\/uploads\/2021\/11\/alexander-slays-more-dragons-1.jpg?resize=700%2C400&ssl=1 2x, https:\/\/i0.wp.com\/wobronietradycjiiwiary.com\/wp-content\/uploads\/2021\/11\/alexander-slays-more-dragons-1.jpg?resize=1050%2C600&ssl=1 3x, https:\/\/i0.wp.com\/wobronietradycjiiwiary.com\/wp-content\/uploads\/2021\/11\/alexander-slays-more-dragons-1.jpg?resize=1400%2C800&ssl=1 4x"},"classes":[]},{"id":10309,"url":"https:\/\/wobronietradycjiiwiary.com\/pl\/ojciec-surin-sj-wypowiedz-demona-lewiatana-15\/","url_meta":{"origin":73042,"position":5},"title":"Ojciec Surin SJ, Wypowied\u017a demona Lewiatana (15 z 16). Demony zmuszone do czynienia dobra.","author":"Traditio et Fides","date":"5 grudnia 2016","format":false,"excerpt":"Mimowolne czynienie dobra jest dla demon\u00f3w udrek\u0105.","rel":"","context":"W \u201e\"Op\u0119tania w Loudun\"&quot;","block_context":{"text":"\"Op\u0119tania w Loudun\"","link":"https:\/\/wobronietradycjiiwiary.com\/pl\/category\/doktryna\/teologia-dogmatyczna\/demonologia-teologia\/demon-teor\/opetania-w-loudun\/"},"img":{"alt_text":"","src":"https:\/\/i0.wp.com\/wobronietradycjiiwiary.com\/wp-content\/uploads\/2016\/06\/exorcisme-loudun.jpg?resize=350%2C200&ssl=1","width":350,"height":200},"classes":[]}],"amp_enabled":true,"jetpack_featured_media_url":"https:\/\/wobronietradycjiiwiary.com\/wp-content\/uploads\/2022\/07\/bill_event_simon_marmionlq.jpg","_links":{"self":[{"href":"https:\/\/wobronietradycjiiwiary.com\/pl\/wp-json\/wp\/v2\/posts\/73042","targetHints":{"allow":["GET"]}}],"collection":[{"href":"https:\/\/wobronietradycjiiwiary.com\/pl\/wp-json\/wp\/v2\/posts"}],"about":[{"href":"https:\/\/wobronietradycjiiwiary.com\/pl\/wp-json\/wp\/v2\/types\/post"}],"author":[{"embeddable":true,"href":"https:\/\/wobronietradycjiiwiary.com\/pl\/wp-json\/wp\/v2\/users\/60508433"}],"replies":[{"embeddable":true,"href":"https:\/\/wobronietradycjiiwiary.com\/pl\/wp-json\/wp\/v2\/comments?post=73042"}],"version-history":[{"count":22,"href":"https:\/\/wobronietradycjiiwiary.com\/pl\/wp-json\/wp\/v2\/posts\/73042\/revisions"}],"predecessor-version":[{"id":160811,"href":"https:\/\/wobronietradycjiiwiary.com\/pl\/wp-json\/wp\/v2\/posts\/73042\/revisions\/160811"}],"wp:featuredmedia":[{"embeddable":true,"href":"https:\/\/wobronietradycjiiwiary.com\/pl\/wp-json\/wp\/v2\/media\/73047"}],"wp:attachment":[{"href":"https:\/\/wobronietradycjiiwiary.com\/pl\/wp-json\/wp\/v2\/media?parent=73042"}],"wp:term":[{"taxonomy":"category","embeddable":true,"href":"https:\/\/wobronietradycjiiwiary.com\/pl\/wp-json\/wp\/v2\/categories?post=73042"},{"taxonomy":"post_tag","embeddable":true,"href":"https:\/\/wobronietradycjiiwiary.com\/pl\/wp-json\/wp\/v2\/tags?post=73042"}],"curies":[{"name":"wp","href":"https:\/\/api.w.org\/{rel}","templated":true}]}}