{"id":72852,"date":"2022-07-27T08:15:18","date_gmt":"2022-07-27T06:15:18","guid":{"rendered":"https:\/\/wobronietradycjiiwiary.com\/?p=72852"},"modified":"2025-02-10T11:15:38","modified_gmt":"2025-02-10T10:15:38","slug":"27-go-lipca-zywot-swietego-pantaleona-meczennika-2","status":"publish","type":"post","link":"https:\/\/wobronietradycjiiwiary.com\/pl\/27-go-lipca-zywot-swietego-pantaleona-meczennika-2\/","title":{"rendered":"27-go Lipca. \u017bywot \u015bwi\u0119tego Pantaleona, M\u0119czennika."},"content":{"rendered":"<div id=\"bsf_rt_marker\"><\/div>\n<p class=\"has-text-align-center wp-block-paragraph\">(\u017by\u0142 oko\u0142o roku Pa\u0144skiego 305).<\/p>\n\n\n\n\n\n<figure class=\"wp-block-image\"><a href=\"https:\/\/pl.wikisource.org\/wiki\/Plik:%C5%BBywoty_%C5%9Bw._Pa%C5%84skich_na_wszystkie_dnie_roku-Inicja%C5%82-P.png\"><img decoding=\"async\" src=\"https:\/\/upload.wikimedia.org\/wikipedia\/commons\/thumb\/0\/06\/%C5%BBywoty_%C5%9Bw._Pa%C5%84skich_na_wszystkie_dnie_roku-Inicja%C5%82-P.png\/54px-%C5%BBywoty_%C5%9Bw._Pa%C5%84skich_na_wszystkie_dnie_roku-Inicja%C5%82-P.png\" alt=\"P\"\/><\/a><\/figure>\n\n\n\n<p class=\"has-text-align-justify wp-block-paragraph\">Pantaleon pochodzi\u0142 ze znakomitej rodziny, osiad\u0142ej w Nikomedyi. Matka jego Eubula, zacna bia\u0142og\u0142owa i gorliwa chrze\u015bcijanka, uczy\u0142a jedynaka czci\u0107 i mi\u0142owa\u0107 Stw\u00f3rc\u0119, jako te\u017c wszczepi\u0142a w m\u0142ode jego serce boja\u017a\u0144 Bo\u017c\u0105. Lecz zbyt wcze\u015bnie zesz\u0142a z tego \u015bwiata, po kt\u00f3rej \u015bmierci ojciec jego, trwaj\u0105cy jeszcze w poga\u0144stwie, zaj\u0105\u0142 si\u0119 wychowaniem syna i nie szcz\u0119dzi\u0142 ani zachod\u00f3w, ani koszt\u00f3w, aby go wykszta\u0142ci\u0107 w naukach.<\/p>\n\n\n\n<p class=\"has-text-align-justify wp-block-paragraph\">Wkr\u00f3tce wyr\u00f3s\u0142 Pantaleon na przystojnego m\u0142odzie\u0144ca, celuj\u0105cego pomi\u0119dzy wszystkimi r\u00f3wie\u015bnikami bystro\u015bci\u0105 rozumu, dowcipem i czysto\u015bci\u0105 obyczaj\u00f3w. Zaszczepione w nim przez matk\u0119 ziarno wiary przyj\u0119\u0142o si\u0119 w sercu jego i skutkiem \u0142aski Bo\u017cej bujny plon wyda\u0142o. Wed\u0142ug \u017cyczenia ojca po\u015bwi\u0119ci\u0142 si\u0119 m\u0142odzian nauce lekarskiej, prze\u015bcign\u0105\u0142 wkr\u00f3tce swych wsp\u00f3\u0142uczni\u00f3w i zosta\u0142 ulubie\u0144cem swego nauczyciela, kt\u00f3ry na\u0144 \u015bci\u0105gn\u0105\u0142 uwag\u0119 cesarza Maksymiana. Ucz\u0119szczaj\u0105c na nauk\u0119, przechodzi\u0142 cz\u0119sto obok ubo\u017cuchnego domku, w kt\u00f3rym pewien kap\u0142an chrze\u015bcija\u0144ski, Hermolaus, z kilku towarzyszami ukrywa\u0142 si\u0119 przed prze\u015bladowaniem. Ten\u017ce upodobawszy sobie dorodnego m\u0142odzie\u0144ca, zwr\u00f3ci\u0142 uwag\u0119 na szlachetn\u0105 jego posta\u0107, stateczno\u015b\u0107 i uprzejmo\u015b\u0107 przebijaj\u0105c\u0105 si\u0119 w rysach twarzy, poczu\u0142 do\u0144 wielkie przywi\u0105zanie i o\u015bmieli\u0142 si\u0119 pewnego dnia zaprosi\u0107 go do swego domu. Pantaleon przychyli\u0142 si\u0119 do \u017cyczenia starca, pogaw\u0119dzi\u0142 z nim, wspomnia\u0142 o swem pochodzeniu i kolejach \u017cycia, doda\u0142, \u017ce jest sierot\u0105 bez matki, kt\u00f3ra by\u0142a chrze\u015bcijank\u0105. \u201eA ty czem jeste\u015b?\u201c zapyta\u0142 \u017cywo duchowny. \u201eJa \u2014 rzecze Pantaleon \u2014 wielbi\u0119 pami\u0119\u0107 matki, chowam g\u0142\u0119boko w sercu jej przestrogi i nauki, ale musz\u0119 wyznawa\u0107 wiar\u0119 ojca i kraju, do kt\u00f3rego nale\u017c\u0119, gdy\u017c mam zosta\u0107 przybocznym lekarzem cesarza i wysokie piastowa\u0107 na dworze jego dostoje\u0144stwa.\u201c Hermolaus wspomnia\u0142 teraz w toku mowy o lekarzu,&nbsp;przewy\u017cszaj\u0105cym wszystkich m\u0105dro\u015bci\u0105 i pot\u0119g\u0105, kt\u00f3ry samem tylko s\u0142owem przywraca wzrok niewidomym, s\u0142uch g\u0142uchym, a chromym ch\u00f3d; kt\u00f3ry wiedzie dusz\u0119 do Nieba, pociesza nieszcz\u0119\u015bliwych w smutku i utrapieniu i silniejszym jest od wszystkich bog\u00f3w, jakich utworzy\u0142 przes\u0105d i omamienie.<br><\/p>\n\n\n\n<p class=\"has-text-align-justify wp-block-paragraph\">\u2009S\u0142owa te trafi\u0142y do przekonania m\u0142odzie\u0144ca, ocuci\u0142y w nim s\u0142odkie wspomnienia matki i jej nauk, i tyle na nim zdzia\u0142a\u0142y, \u017ce odt\u0105d pocz\u0105\u0142 zajmowa\u0107 si\u0119 wi\u0119cej niebieskim lekarzem dusz, chocia\u017c jeszcze mia\u0142 pewne w\u0105tpliwo\u015bci i wzdryga\u0142 si\u0119 uwierzy\u0107 w Chrystusa, p\u00f3ki na sobie sam nie do\u015bwiadczy\u0142 Jego si\u0142y.<\/p>\n\n\n\n<p class=\"has-text-align-justify wp-block-paragraph\">Gdy bowiem pewnego dnia pogr\u0105\u017cony w my\u015blach przechadza\u0142 si\u0119 po \u015bcie\u017cce polnej, ujrza\u0142 dzieci\u0119 nie\u017cywe, kt\u00f3re umar\u0142o z uk\u0105szenia \u017cmii obok pe\u0142zaj\u0105cej. Zdj\u0119ty przestrachem cofn\u0105\u0142 si\u0119, ale wkr\u00f3tce przystan\u0105\u0142 i pomy\u015bla\u0142 sobie: \u201eJe\u015bli\u0107 prawd\u0105 jest, co m\u00f3wi\u0142 do mnie Hermolaus, to\u0107 si\u0119 to wkr\u00f3tce poka\u017ce \u2014 i zwr\u00f3ciwszy wzrok do Nieba, tak\u0105 odm\u00f3wi\u0142 modlitw\u0119: \u201eBo\u017ce chrze\u015bcijan, je\u015bli rzeczywi\u015bcie jeste\u015b Panem \u017cycia i \u015bmierci, zabij \u017cmij\u0119, a przywr\u00f3\u0107 \u017cycie dzieci\u0119ciu!\u201c I sta\u0142 si\u0119 cud, \u017ce B\u00f3g wys\u0142ucha\u0142 pro\u015bby jego. Z rado\u015bci\u0105 pobieg\u0142 do s\u0119dziwego kap\u0142ana i o\u015bwiadczy\u0142 gotowo\u015b\u0107 przyj\u0119cia chrze\u015bcija\u0144stwa. Przep\u0119dziwszy nast\u0119pnie tydzie\u0144 na po\u015bcie i modlitwie, przyj\u0105\u0142 z jego r\u0119ki Chrzest \u015bwi\u0119ty.<\/p>\n\n\n\n<p class=\"has-text-align-justify wp-block-paragraph\">Odt\u0105d by\u0142o jego najgorliwszem staraniem, nawr\u00f3cenie ojca do wiary Chrystusowej, co mu si\u0119 te\u017c z czasem cz\u0119\u015bciowo uda\u0142o. Pewnego razu przyby\u0142 chory na oczy, kt\u00f3ry wskutek niezr\u0119cznego post\u0119powania lekarzy straci\u0142 by\u0142 wzrok, zmarnowa\u0142 na kuracy\u0119 maj\u0105tek ca\u0142y, a teraz prosi\u0142 Pantaleona, aby si\u0119 nim zaj\u0105\u0142. Pantaleon przyrzek\u0142 mu sw\u0105 pomoc, mimo odradza\u0144 ojca, zwracaj\u0105cego na to jego uwag\u0119, \u017ce najs\u0142ynniejsi lekarze nic nie dokazali. \u015awi\u0119ty jednak\u017ce kaza\u0142 zaufa\u0107 choremu w moc prawdziwego Boga i wymawiaj\u0105c kilkakrotnie Imi\u0119 Jezusa, dotkn\u0105\u0142 oczu chorego. Biedny niewidomy natychmiast przejrza\u0142 i o\u015bwiadczy\u0142, \u017ce w pot\u0119\u017cnego Jezusa uwierzy. Nawet ojciec Pantaleona, wzruszony niespodzianym cudem, s\u0142awi\u0107 pocz\u0105\u0142 Zbawiciela wesp\u00f3\u0142 z uzdrowionym i obaj przyj\u0119li Chrzest \u015bwi\u0119ty.<\/p>\n\n\n\n<p class=\"has-text-align-justify wp-block-paragraph\">Dzia\u0142anie Pantaleona jako lekarza by\u0142o bardzo zbawiennem, gdy\u017c nie przestawa\u0142 na samem uzdrowieniu cia\u0142a, ale dba\u0142 r\u00f3wnie o dusz\u0119. To te\u017c s\u0142awa jego wkr\u00f3tce szeroko si\u0119 po \u015bwiecie rozesz\u0142a, a mieszkanie jego by\u0142o zawsze przepe\u0142nione \u017c\u0105daj\u0105cymi porady lekarskiej. Wzi\u0119to\u015b\u0107 jego wszak\u017ce obudzi\u0142a niech\u0119\u0107 i nienawi\u015b\u0107 poga\u0144skich jego koleg\u00f3w, kt\u00f3rzy szpiegowali go na ka\u017cdym kroku, a widz\u0105c przychylno\u015b\u0107 i wsp\u00f3\u0142czucie, jakie okazywa\u0142 chrze\u015bcijanom, oskar\u017cyli go przed cesarzem, \u017ce jest tajnym wyznawc\u0105 wiary Chrystusowej. Maksymiana wielce to gorszy\u0142o, i\u017c ten, kt\u00f3rego tak wysoko ceni, jest stronnikiem nowej wiary; poci\u0105gn\u0105\u0142 go przeto do odpowiedzialno\u015bci, nalegaj\u0105c na\u0144, aby uczci\u0142 bog\u00f3w ofiar\u0105 i tym sposobem zada\u0142 k\u0142am swym oskar\u017cycielom, na co Pantaleon w ten spos\u00f3b si\u0119 odezwa\u0142: \u201eWi\u0119cej m\u00f3wi\u0105 czyny od czczych s\u0142\u00f3w, a prawda nad wszystkiem&nbsp;g\u00f3ruje; im pot\u0119\u017cniejszym bowiem B\u00f3g jaki, tem godniejszym jest czci i uwielbienia. Aby ci za\u015b dowie\u015b\u0107 wielko\u015b\u0107 mego Boga, radz\u0119 ci cesarzu, aby\u015b tu kaza\u0142 przynie\u015b\u0107 chorego, z\u0142o\u017conego ci\u0119\u017ck\u0105 niemoc\u0105. Zwo\u0142aj swych kap\u0142an\u00f3w i lekarzy, niech go lecz\u0105 i zanosz\u0105 mod\u0142y do bog\u00f3w, ja modli\u0107 si\u0119 b\u0119d\u0119 do swego Boga. Ten B\u00f3g, kt\u00f3ry chorego uzdrowi, niech\u017ce odt\u0105d b\u0119dzie jedynym przedmiotem czci i uwielbienia, innych za\u015b odrzuci\u0107 i zaniecha\u0107 nale\u017cy.\u201c<\/p>\n\n\n\n<p class=\"has-text-align-justify wp-block-paragraph\">Maksymian przysta\u0142 na jego rad\u0119. Przyniesiono cz\u0142owieka, kt\u00f3ry zdaniem lekarzy cierpia\u0142 na chorob\u0119 nieuleczaln\u0105; ba\u0142wochwalscy lekarze w\u015br\u00f3d mnogich ofiar modlili si\u0119 do swych bo\u017ck\u00f3w, ale nadaremnie. Pantaleon natomiast b\u0142aga\u0142 Pana Jezusa, aby choremu przywr\u00f3ci\u0142 zdrowie i w Imi\u0119 Ukrzy\u017cowanego kaza\u0142 mu z \u0142o\u017ca powsta\u0107. W okamgnieniu odzyska\u0142 chory si\u0142y i pobieg\u0142 do domu. Ale wiaro\u0142omny cesarz nie dotrzyma\u0142 s\u0142owa, przeciwnie u\u017cy\u0142 najrozmaitszych m\u0119czarni, aby Pantaleona zmusi\u0107 do wyparcia si\u0119 wiary. M\u0142ody bohater zni\u00f3s\u0142 wszelkie katusze z podziwienia godn\u0105 sta\u0142o\u015bci\u0105, dop\u00f3ki go Maksymian nie rozkaza\u0142 przywi\u0105za\u0107 do pnia oliwnego i \u015bci\u0105\u0107 mieczem katowskim roku Pa\u0144skiego 305. Zw\u0142oki jego przewieziono do Konstantynopola, a p\u00f3\u017aniej umieszczono je w ko\u015bciele \u015bwi\u0119tego Dyonizego pod Pary\u017cem. G\u0142ow\u0119 jego natomiast w kosztownej oprawie po dzi\u015b dzie\u0144 ogl\u0105da\u0107 mo\u017cna w Lugdunie. Na obrazach przedstawiaj\u0105 tego \u015awi\u0119tego w chwili, gdy uzdrawia \u015bmiertelnie chorego.<\/p>\n\n\n\n<h2 class=\"wp-block-heading\"><br><strong>Nauka moralna.<\/strong><\/h2>\n\n\n\n<p class=\"has-text-align-justify wp-block-paragraph\">\u2009\u201eCzyny wi\u0119cej znacz\u0105 ni\u017c s\u0142owa.\u201c Gdy s\u0142owa te us\u0142ysza\u0142 \u015bwi\u0119ty Pantaleon z ust Hermolausa, uwierzy\u0142, \u017ce taki lekarz istnie\u0107 mo\u017ce; kiedy jednak sam martwe dzieci\u0119 przywr\u00f3ci\u0142 do \u017cycia, przekona\u0142 si\u0119, \u017ce on lekarz, o kt\u00f3rym mu Hermolaus wspomnia\u0142, istnieje rzeczywi\u015bcie i jest Panem \u017cycia i \u015bmierci. To samo mawia\u0142 przecie\u017c Pan Jezus do niewiernych \u017cyd\u00f3w: \u201eChocia\u017c by\u015bcie Mnie wierzy\u0107 nie chcieli, wierzcie\u017c uczynkom.\u201c (Jan 10, 38). Zasad\u0105 t\u0105 przej\u0105\u0142 si\u0119 Ko\u015bci\u00f3\u0142 katolicki, ale tylko sam jeden, gdy\u017c on jeden tylko mo\u017ce poprze\u0107 dowodami prawd\u0119 nauki Boskiej niezliczonymi cudami. Cuda jednaj\u0105 wiar\u0119 prawdziwej religii, przeto s\u0105 one potrzebne.<\/p>\n\n\n\n<p class=\"has-text-align-justify wp-block-paragraph\">1) Tworz\u0105c cz\u0142owieka, nada\u0142 mu B\u00f3g przeznaczenie, a obdarzywszy go woln\u0105 wol\u0105, wskaza\u0142 mu drog\u0119, co czyni\u0107 nale\u017cy, aby osi\u0119gn\u0105\u0107 cel przeznaczony. Przepisy te i nauki zawarte s\u0105 w przykazaniach Bo\u017cych. Wol\u0119 Bo\u017c\u0105 g\u0142osili i objawiali od dawien dawna Patryarchowie, Prorocy, po nich Jezus Chrystus i ustanowiony przeze\u0144 Ko\u015bci\u00f3\u0142; wiar\u0119 t\u0119 stwierdza\u0142y liczne cuda, w kt\u00f3rych i prosty wie\u015bniak i wysoko wykszta\u0142cony filozof musi uzna\u0107 dzie\u0142a Boga \u017cywego i \u015bwiadectwa okazuj\u0105ce prawdziwo\u015b\u0107 nauki Jego.<\/p>\n\n\n\n<p class=\"has-text-align-justify wp-block-paragraph\"><br>\u20092) Ludzie zostaj\u0105cy przez ca\u0142e \u017cycie w stosunku do \u017cywego Boga, kt\u00f3ry jest prawd\u0105, mi\u0142osierdziem i sprawiedliwo\u015bci\u0105. Nic przeto niema naturalniejszego jak to, \u017ce B\u00f3g, b\u0105d\u017a to, \u017ce b\u0142agamy Go o pomoc w biedzie i utrapieniu, b\u0105d\u017a, \u017ce przeciw Niemu wykraczamy i gniew Jego wywo\u0142ujemy, Sw\u0105 dobro\u0107 i sprawiedliwo\u015b\u0107 w cudach okazuje. Gdyby\u015bmy mieli spraw\u0119 z Bogiem urojonym, wytworem naszej wyobra\u017ani, nie mog\u0142oby by\u0107 mowy o cudach, o jakich nam pisze Pismo \u015bwi\u0119te, a dzieje Ko\u015bcio\u0142a katolickiego przez blizko 2000 lat s\u0105 wymownem i dla ka\u017cdego jasnem \u015bwiadectwem i dowodem, \u017ce za\u0142o\u017cona przez Jezusa Chrystusa religia jest jedynie Bosk\u0105, \u015bwi\u0119t\u0105 i prawdziw\u0105.<\/p>\n\n\n\n<h2 class=\"wp-block-heading\"><br><strong>Modlitwa.<\/strong><\/h2>\n\n\n\n<blockquote class=\"wp-block-quote is-layout-flow wp-block-quote-is-layout-flow\"><p>\u2009Spraw mi\u0142o\u015bciwie, prosimy, wszechmog\u0105cy Bo\u017ce, aby\u015bmy za wstawieniem si\u0119 \u015bwi\u0119tego Pantaleona, M\u0119czennika Twojego, zachowani byli od wszelkiej szkody na ciele, i od wszelkich z\u0142ych my\u015bli uwolnieni na duszy. Przez Pana naszego Jezusa Chrystusa, kt\u00f3ry kr\u00f3luje w Niebie i na ziemi, po wszystkie wieki wiek\u00f3w. Amen.<\/p><\/blockquote>\n\n\n\n<figure class=\"wp-block-table\"><table><tbody><tr><td>\u2217&nbsp;&nbsp;&nbsp;&nbsp;&nbsp;&nbsp;&nbsp;&nbsp;&nbsp;&nbsp;&nbsp;&nbsp;&nbsp;&nbsp;&nbsp;&nbsp;&nbsp;&nbsp;&nbsp;&nbsp;\u2217<br>\u2217<\/td><\/tr><\/tbody><\/table><\/figure>\n\n\n\n<p class=\"wp-block-paragraph\">\u2009<em>Opr\u00f3cz tego obchodzi Ko\u015bci\u00f3\u0142 \u015bwi\u0119ty pami\u0105tk\u0119 nast\u0119puj\u0105cych \u015awi\u0119tych Pa\u0144skich, zamieszczonych w rzymskiem martyrologium:<\/em><\/p>\n\n\n\n<p class=\"has-text-align-justify wp-block-paragraph\">\u2009<strong>Dnia 27-go lipca<\/strong>&nbsp;w Nikomedyi m\u0119ki \u015bw.&nbsp;Pantaleona, Lekarza; dla Wiary \u015bwi\u0119tej uwi\u0119ziony za cesarza Maksymiana, zosta\u0142 torturowany i pochodniami przypalany, podczas tych m\u0119czar\u0144 jednak\u017ce cudownie wzmocniony. Wko\u0144cu \u015bci\u0119ty mieczem, zako\u0144czy\u0142&nbsp;chwalebn\u0105 sw\u0105 walk\u0119. \u2014 Tam\u017ce m\u0119cze\u0144stwo \u015bw.&nbsp;Hermolausa, Kap\u0142ana, kt\u00f3remu \u015bw. Pantaleon zawdzi\u0119cza\u0142 swe nawr\u00f3cenie; tak\u017ce \u015bw. Bracia&nbsp;Hermippus i Hermokrat, kt\u00f3rzy po wielu m\u0119czarniach pod Maksymianem skazani zostali na \u015bmier\u0107. \u2014 W Noli uroczysto\u015b\u0107 \u015bw.&nbsp;Feliksa, Julii i Jukundy, M\u0119czennik\u00f3w. \u2014 W Bizeglii w Apulii uroczysto\u015b\u0107 \u015bw.&nbsp;Maura, Biskupa, oraz \u015bw.&nbsp;Pantaleemona i Sergiusza, m\u0119czonych za czas\u00f3w Trajana. \u2014 U Homeryt\u00f3w pami\u0105tka \u015bw.&nbsp;M\u0119czennik\u00f3w, spalonych na stosie za wiar\u0119 pod tyranem Dunaanem. \u2014 W Kordowie w Hiszpanii pami\u0105tka \u015bw.&nbsp;Grzegorza, Dyakona i \u015bw.&nbsp;Feliksa, Aureliusza, Natalii i Liliozy, zabitych podczas prze\u015bladowania chrze\u015bcijan przez Maur\u00f3w. \u2014 W Efezie pami\u0105tka \u015bw. 7 Braci \u015bpi\u0105cych:&nbsp;Maksyminiana, Malchusa, Martyniana, Dyonizego, Jana, Serapiona i Konstantyna. \u2014 W Auxerre z\u0142o\u017cenie \u015bwi\u0119tego&nbsp;Eteryusza, Wyznawcy. \u2014 W Konstantynopolu uroczysto\u015b\u0107 \u015bw.&nbsp;Antuzy, Dziewicy, kt\u00f3r\u0105 najprz\u00f3d biczowano za to, i\u017c uczci\u0142a obrazy \u015awi\u0119tych, a potem pos\u0142ano na wygnanie, gdzie przesz\u0142a do spokoju wiecznego.<\/p>\n","protected":false},"excerpt":{"rendered":"<p>\u015aw. Pantaleon dokona\u0142 cudu moc\u0105 imienia Jezusa b\u0119d\u0105c jeszcze poganinem, wi\u0119c Pan B\u00f3g czyni cuda, gdzie chce dla wy\u017cszego dobra.<\/p>\n","protected":false},"author":60508433,"featured_media":51100,"comment_status":"open","ping_status":"open","sticky":false,"template":"","format":"standard","meta":{"_bbp_topic_count":0,"_bbp_reply_count":0,"_bbp_total_topic_count":0,"_bbp_total_reply_count":0,"_bbp_voice_count":0,"_bbp_anonymous_reply_count":0,"_bbp_topic_count_hidden":0,"_bbp_reply_count_hidden":0,"_bbp_forum_subforum_count":0,"_editorskit_title_hidden":false,"_editorskit_reading_time":0,"_editorskit_is_block_options_detached":false,"_editorskit_block_options_position":"{}","_coblocks_attr":"","_coblocks_dimensions":"","_coblocks_responsive_height":"","_coblocks_accordion_ie_support":"","_exactmetrics_skip_tracking":false,"_jetpack_newsletter_access":"","_jetpack_dont_email_post_to_subs":false,"_jetpack_newsletter_tier_id":0,"_jetpack_memberships_contains_paywalled_content":false,"_wpcom_ai_launchpad_first_post":false,"_jetpack_feature_clip_id":0,"_jetpack_memberships_contains_paid_content":false,"footnotes":"","jetpack_publicize_message":"{title}\n\n{excerpt}\n\n{url}","jetpack_publicize_feature_enabled":true,"jetpack_social_post_already_shared":true,"jetpack_social_options":{"image_generator_settings":{"template":"highway","default_image_id":0,"font":"","enabled":false},"version":2},"_wpas_customize_per_network":false,"jetpack_post_was_ever_published":false},"categories":[610131822,610131184,336375535],"tags":[],"class_list":["post-72852","post","type-post","status-publish","format-standard","has-post-thumbnail","hentry","category-swieta-w-lipcu","category-duchowosc","category-liturgia-i-liturgika"],"yoast_head":"<!-- This site is optimized with the Yoast SEO plugin v28.4 - https:\/\/yoast.com\/product\/yoast-seo-wordpress\/ -->\n<title>27-go Lipca. \u017bywot \u015bwi\u0119tego Pantaleona, M\u0119czennika. - Tradycja i Wiara<\/title>\n<meta name=\"robots\" content=\"index, follow, max-snippet:-1, max-image-preview:large, max-video-preview:-1\" \/>\n<link rel=\"canonical\" href=\"https:\/\/wobronietradycjiiwiary.com\/pl\/27-go-lipca-zywot-swietego-pantaleona-meczennika-2\/\" \/>\n<meta property=\"og:locale\" content=\"pl_PL\" \/>\n<meta property=\"og:type\" content=\"article\" \/>\n<meta property=\"og:title\" content=\"27-go Lipca. \u017bywot \u015bwi\u0119tego Pantaleona, M\u0119czennika. - Tradycja i Wiara\" \/>\n<meta property=\"og:description\" content=\"\u015aw. Pantaleon dokona\u0142 cudu moc\u0105 imienia Jezusa b\u0119d\u0105c jeszcze poganinem, wi\u0119c Pan B\u00f3g czyni cuda, gdzie chce dla wy\u017cszego dobra.\" \/>\n<meta property=\"og:url\" content=\"https:\/\/wobronietradycjiiwiary.com\/pl\/27-go-lipca-zywot-swietego-pantaleona-meczennika-2\/\" \/>\n<meta property=\"og:site_name\" content=\"Tradycja i Wiara\" \/>\n<meta property=\"article:publisher\" content=\"https:\/\/www.facebook.com\/Tradycja-i-Wiara-108813920592249\" \/>\n<meta property=\"article:published_time\" content=\"2022-07-27T06:15:18+00:00\" \/>\n<meta property=\"article:modified_time\" content=\"2025-02-10T10:15:38+00:00\" \/>\n<meta property=\"og:image\" content=\"https:\/\/wobronietradycjiiwiary.com\/wp-content\/uploads\/2021\/07\/Pantaleon.jpg\" \/>\n\t<meta property=\"og:image:width\" content=\"283\" \/>\n\t<meta property=\"og:image:height\" content=\"500\" \/>\n\t<meta property=\"og:image:type\" content=\"image\/jpeg\" \/>\n<meta name=\"author\" content=\"Traditio et Fides\" \/>\n<meta name=\"twitter:card\" content=\"summary_large_image\" \/>\n<meta name=\"twitter:label1\" content=\"Napisane przez\" \/>\n\t<meta name=\"twitter:data1\" content=\"Traditio et Fides\" \/>\n\t<meta name=\"twitter:label2\" content=\"Szacowany czas czytania\" \/>\n\t<meta name=\"twitter:data2\" content=\"9 minut\" \/>\n<script type=\"application\/ld+json\" class=\"yoast-schema-graph\">{\"@context\":\"https:\\\/\\\/schema.org\",\"@graph\":[{\"@type\":\"Article\",\"@id\":\"https:\\\/\\\/wobronietradycjiiwiary.com\\\/27-go-lipca-zywot-swietego-pantaleona-meczennika-2\\\/#article\",\"isPartOf\":{\"@id\":\"https:\\\/\\\/wobronietradycjiiwiary.com\\\/27-go-lipca-zywot-swietego-pantaleona-meczennika-2\\\/\"},\"author\":{\"name\":\"Traditio et Fides\",\"@id\":\"https:\\\/\\\/wobronietradycjiiwiary.com\\\/pl\\\/#\\\/schema\\\/person\\\/2d6180ce6abcb681fef0daab7816e8f3\"},\"headline\":\"27-go Lipca. \u017bywot \u015bwi\u0119tego Pantaleona, M\u0119czennika.\",\"datePublished\":\"2022-07-27T06:15:18+00:00\",\"dateModified\":\"2025-02-10T10:15:38+00:00\",\"mainEntityOfPage\":{\"@id\":\"https:\\\/\\\/wobronietradycjiiwiary.com\\\/27-go-lipca-zywot-swietego-pantaleona-meczennika-2\\\/\"},\"wordCount\":1762,\"commentCount\":0,\"publisher\":{\"@id\":\"https:\\\/\\\/wobronietradycjiiwiary.com\\\/pl\\\/#organization\"},\"image\":{\"@id\":\"https:\\\/\\\/wobronietradycjiiwiary.com\\\/27-go-lipca-zywot-swietego-pantaleona-meczennika-2\\\/#primaryimage\"},\"thumbnailUrl\":\"https:\\\/\\\/wobronietradycjiiwiary.com\\\/wp-content\\\/uploads\\\/2021\\\/07\\\/Pantaleon.jpg\",\"articleSection\":[\"07. \u015awi\u0119ta w lipcu\",\"Duchowo\u015b\u0107\",\"Liturgia i liturgika\"],\"inLanguage\":\"pl-PL\",\"potentialAction\":[{\"@type\":\"CommentAction\",\"name\":\"Comment\",\"target\":[\"https:\\\/\\\/wobronietradycjiiwiary.com\\\/27-go-lipca-zywot-swietego-pantaleona-meczennika-2\\\/#respond\"]}]},{\"@type\":\"WebPage\",\"@id\":\"https:\\\/\\\/wobronietradycjiiwiary.com\\\/27-go-lipca-zywot-swietego-pantaleona-meczennika-2\\\/\",\"url\":\"https:\\\/\\\/wobronietradycjiiwiary.com\\\/27-go-lipca-zywot-swietego-pantaleona-meczennika-2\\\/\",\"name\":\"27-go Lipca. \u017bywot \u015bwi\u0119tego Pantaleona, M\u0119czennika. - Tradycja i Wiara\",\"isPartOf\":{\"@id\":\"https:\\\/\\\/wobronietradycjiiwiary.com\\\/pl\\\/#website\"},\"primaryImageOfPage\":{\"@id\":\"https:\\\/\\\/wobronietradycjiiwiary.com\\\/27-go-lipca-zywot-swietego-pantaleona-meczennika-2\\\/#primaryimage\"},\"image\":{\"@id\":\"https:\\\/\\\/wobronietradycjiiwiary.com\\\/27-go-lipca-zywot-swietego-pantaleona-meczennika-2\\\/#primaryimage\"},\"thumbnailUrl\":\"https:\\\/\\\/wobronietradycjiiwiary.com\\\/wp-content\\\/uploads\\\/2021\\\/07\\\/Pantaleon.jpg\",\"datePublished\":\"2022-07-27T06:15:18+00:00\",\"dateModified\":\"2025-02-10T10:15:38+00:00\",\"breadcrumb\":{\"@id\":\"https:\\\/\\\/wobronietradycjiiwiary.com\\\/27-go-lipca-zywot-swietego-pantaleona-meczennika-2\\\/#breadcrumb\"},\"inLanguage\":\"pl-PL\",\"potentialAction\":[{\"@type\":\"ReadAction\",\"target\":[\"https:\\\/\\\/wobronietradycjiiwiary.com\\\/27-go-lipca-zywot-swietego-pantaleona-meczennika-2\\\/\"]}]},{\"@type\":\"ImageObject\",\"inLanguage\":\"pl-PL\",\"@id\":\"https:\\\/\\\/wobronietradycjiiwiary.com\\\/27-go-lipca-zywot-swietego-pantaleona-meczennika-2\\\/#primaryimage\",\"url\":\"https:\\\/\\\/wobronietradycjiiwiary.com\\\/wp-content\\\/uploads\\\/2021\\\/07\\\/Pantaleon.jpg\",\"contentUrl\":\"https:\\\/\\\/wobronietradycjiiwiary.com\\\/wp-content\\\/uploads\\\/2021\\\/07\\\/Pantaleon.jpg\",\"width\":283,\"height\":500},{\"@type\":\"BreadcrumbList\",\"@id\":\"https:\\\/\\\/wobronietradycjiiwiary.com\\\/27-go-lipca-zywot-swietego-pantaleona-meczennika-2\\\/#breadcrumb\",\"itemListElement\":[{\"@type\":\"ListItem\",\"position\":1,\"name\":\"Strona g\u0142\u00f3wna\",\"item\":\"https:\\\/\\\/wobronietradycjiiwiary.com\\\/\"},{\"@type\":\"ListItem\",\"position\":2,\"name\":\"27-go Lipca. \u017bywot \u015bwi\u0119tego Pantaleona, M\u0119czennika.\"}]},{\"@type\":\"WebSite\",\"@id\":\"https:\\\/\\\/wobronietradycjiiwiary.com\\\/pl\\\/#website\",\"url\":\"https:\\\/\\\/wobronietradycjiiwiary.com\\\/pl\\\/\",\"name\":\"Tradycja i Wiara\",\"description\":\"Portal dla katolik\u00f3w.\",\"publisher\":{\"@id\":\"https:\\\/\\\/wobronietradycjiiwiary.com\\\/pl\\\/#organization\"},\"potentialAction\":[{\"@type\":\"SearchAction\",\"target\":{\"@type\":\"EntryPoint\",\"urlTemplate\":\"https:\\\/\\\/wobronietradycjiiwiary.com\\\/pl\\\/?s={search_term_string}\"},\"query-input\":{\"@type\":\"PropertyValueSpecification\",\"valueRequired\":true,\"valueName\":\"search_term_string\"}}],\"inLanguage\":\"pl-PL\"},{\"@type\":\"Organization\",\"@id\":\"https:\\\/\\\/wobronietradycjiiwiary.com\\\/pl\\\/#organization\",\"name\":\"Tradycja i Wiara\",\"url\":\"https:\\\/\\\/wobronietradycjiiwiary.com\\\/pl\\\/\",\"logo\":{\"@type\":\"ImageObject\",\"inLanguage\":\"pl-PL\",\"@id\":\"https:\\\/\\\/wobronietradycjiiwiary.com\\\/pl\\\/#\\\/schema\\\/logo\\\/image\\\/\",\"url\":\"https:\\\/\\\/i0.wp.com\\\/wobronietradycjiiwiary.com\\\/wp-content\\\/uploads\\\/2015\\\/10\\\/cropped-st-peters-dome-vatican.jpg?fit=940%2C198&ssl=1\",\"contentUrl\":\"https:\\\/\\\/i0.wp.com\\\/wobronietradycjiiwiary.com\\\/wp-content\\\/uploads\\\/2015\\\/10\\\/cropped-st-peters-dome-vatican.jpg?fit=940%2C198&ssl=1\",\"width\":940,\"height\":198,\"caption\":\"Tradycja i Wiara\"},\"image\":{\"@id\":\"https:\\\/\\\/wobronietradycjiiwiary.com\\\/pl\\\/#\\\/schema\\\/logo\\\/image\\\/\"},\"sameAs\":[\"https:\\\/\\\/www.facebook.com\\\/Tradycja-i-Wiara-108813920592249\"]},{\"@type\":\"Person\",\"@id\":\"https:\\\/\\\/wobronietradycjiiwiary.com\\\/pl\\\/#\\\/schema\\\/person\\\/2d6180ce6abcb681fef0daab7816e8f3\",\"name\":\"Traditio et Fides\",\"sameAs\":[\"https:\\\/\\\/traditionundglauben.com\"],\"url\":\"https:\\\/\\\/wobronietradycjiiwiary.com\\\/pl\\\/author\\\/wobronietradycjiiwiary\\\/\"}]}<\/script>\n<!-- \/ Yoast SEO plugin. -->","yoast_head_json":{"title":"27-go Lipca. \u017bywot \u015bwi\u0119tego Pantaleona, M\u0119czennika. - Tradycja i Wiara","robots":{"index":"index","follow":"follow","max-snippet":"max-snippet:-1","max-image-preview":"max-image-preview:large","max-video-preview":"max-video-preview:-1"},"canonical":"https:\/\/wobronietradycjiiwiary.com\/pl\/27-go-lipca-zywot-swietego-pantaleona-meczennika-2\/","og_locale":"pl_PL","og_type":"article","og_title":"27-go Lipca. \u017bywot \u015bwi\u0119tego Pantaleona, M\u0119czennika. - Tradycja i Wiara","og_description":"\u015aw. Pantaleon dokona\u0142 cudu moc\u0105 imienia Jezusa b\u0119d\u0105c jeszcze poganinem, wi\u0119c Pan B\u00f3g czyni cuda, gdzie chce dla wy\u017cszego dobra.","og_url":"https:\/\/wobronietradycjiiwiary.com\/pl\/27-go-lipca-zywot-swietego-pantaleona-meczennika-2\/","og_site_name":"Tradycja i Wiara","article_publisher":"https:\/\/www.facebook.com\/Tradycja-i-Wiara-108813920592249","article_published_time":"2022-07-27T06:15:18+00:00","article_modified_time":"2025-02-10T10:15:38+00:00","og_image":[{"width":283,"height":500,"url":"https:\/\/wobronietradycjiiwiary.com\/wp-content\/uploads\/2021\/07\/Pantaleon.jpg","type":"image\/jpeg"}],"author":"Traditio et Fides","twitter_card":"summary_large_image","twitter_misc":{"Napisane przez":"Traditio et Fides","Szacowany czas czytania":"9 minut"},"schema":{"@context":"https:\/\/schema.org","@graph":[{"@type":"Article","@id":"https:\/\/wobronietradycjiiwiary.com\/27-go-lipca-zywot-swietego-pantaleona-meczennika-2\/#article","isPartOf":{"@id":"https:\/\/wobronietradycjiiwiary.com\/27-go-lipca-zywot-swietego-pantaleona-meczennika-2\/"},"author":{"name":"Traditio et Fides","@id":"https:\/\/wobronietradycjiiwiary.com\/pl\/#\/schema\/person\/2d6180ce6abcb681fef0daab7816e8f3"},"headline":"27-go Lipca. \u017bywot \u015bwi\u0119tego Pantaleona, M\u0119czennika.","datePublished":"2022-07-27T06:15:18+00:00","dateModified":"2025-02-10T10:15:38+00:00","mainEntityOfPage":{"@id":"https:\/\/wobronietradycjiiwiary.com\/27-go-lipca-zywot-swietego-pantaleona-meczennika-2\/"},"wordCount":1762,"commentCount":0,"publisher":{"@id":"https:\/\/wobronietradycjiiwiary.com\/pl\/#organization"},"image":{"@id":"https:\/\/wobronietradycjiiwiary.com\/27-go-lipca-zywot-swietego-pantaleona-meczennika-2\/#primaryimage"},"thumbnailUrl":"https:\/\/wobronietradycjiiwiary.com\/wp-content\/uploads\/2021\/07\/Pantaleon.jpg","articleSection":["07. \u015awi\u0119ta w lipcu","Duchowo\u015b\u0107","Liturgia i liturgika"],"inLanguage":"pl-PL","potentialAction":[{"@type":"CommentAction","name":"Comment","target":["https:\/\/wobronietradycjiiwiary.com\/27-go-lipca-zywot-swietego-pantaleona-meczennika-2\/#respond"]}]},{"@type":"WebPage","@id":"https:\/\/wobronietradycjiiwiary.com\/27-go-lipca-zywot-swietego-pantaleona-meczennika-2\/","url":"https:\/\/wobronietradycjiiwiary.com\/27-go-lipca-zywot-swietego-pantaleona-meczennika-2\/","name":"27-go Lipca. \u017bywot \u015bwi\u0119tego Pantaleona, M\u0119czennika. - Tradycja i Wiara","isPartOf":{"@id":"https:\/\/wobronietradycjiiwiary.com\/pl\/#website"},"primaryImageOfPage":{"@id":"https:\/\/wobronietradycjiiwiary.com\/27-go-lipca-zywot-swietego-pantaleona-meczennika-2\/#primaryimage"},"image":{"@id":"https:\/\/wobronietradycjiiwiary.com\/27-go-lipca-zywot-swietego-pantaleona-meczennika-2\/#primaryimage"},"thumbnailUrl":"https:\/\/wobronietradycjiiwiary.com\/wp-content\/uploads\/2021\/07\/Pantaleon.jpg","datePublished":"2022-07-27T06:15:18+00:00","dateModified":"2025-02-10T10:15:38+00:00","breadcrumb":{"@id":"https:\/\/wobronietradycjiiwiary.com\/27-go-lipca-zywot-swietego-pantaleona-meczennika-2\/#breadcrumb"},"inLanguage":"pl-PL","potentialAction":[{"@type":"ReadAction","target":["https:\/\/wobronietradycjiiwiary.com\/27-go-lipca-zywot-swietego-pantaleona-meczennika-2\/"]}]},{"@type":"ImageObject","inLanguage":"pl-PL","@id":"https:\/\/wobronietradycjiiwiary.com\/27-go-lipca-zywot-swietego-pantaleona-meczennika-2\/#primaryimage","url":"https:\/\/wobronietradycjiiwiary.com\/wp-content\/uploads\/2021\/07\/Pantaleon.jpg","contentUrl":"https:\/\/wobronietradycjiiwiary.com\/wp-content\/uploads\/2021\/07\/Pantaleon.jpg","width":283,"height":500},{"@type":"BreadcrumbList","@id":"https:\/\/wobronietradycjiiwiary.com\/27-go-lipca-zywot-swietego-pantaleona-meczennika-2\/#breadcrumb","itemListElement":[{"@type":"ListItem","position":1,"name":"Strona g\u0142\u00f3wna","item":"https:\/\/wobronietradycjiiwiary.com\/"},{"@type":"ListItem","position":2,"name":"27-go Lipca. \u017bywot \u015bwi\u0119tego Pantaleona, M\u0119czennika."}]},{"@type":"WebSite","@id":"https:\/\/wobronietradycjiiwiary.com\/pl\/#website","url":"https:\/\/wobronietradycjiiwiary.com\/pl\/","name":"Tradycja i Wiara","description":"Portal dla katolik\u00f3w.","publisher":{"@id":"https:\/\/wobronietradycjiiwiary.com\/pl\/#organization"},"potentialAction":[{"@type":"SearchAction","target":{"@type":"EntryPoint","urlTemplate":"https:\/\/wobronietradycjiiwiary.com\/pl\/?s={search_term_string}"},"query-input":{"@type":"PropertyValueSpecification","valueRequired":true,"valueName":"search_term_string"}}],"inLanguage":"pl-PL"},{"@type":"Organization","@id":"https:\/\/wobronietradycjiiwiary.com\/pl\/#organization","name":"Tradycja i Wiara","url":"https:\/\/wobronietradycjiiwiary.com\/pl\/","logo":{"@type":"ImageObject","inLanguage":"pl-PL","@id":"https:\/\/wobronietradycjiiwiary.com\/pl\/#\/schema\/logo\/image\/","url":"https:\/\/i0.wp.com\/wobronietradycjiiwiary.com\/wp-content\/uploads\/2015\/10\/cropped-st-peters-dome-vatican.jpg?fit=940%2C198&ssl=1","contentUrl":"https:\/\/i0.wp.com\/wobronietradycjiiwiary.com\/wp-content\/uploads\/2015\/10\/cropped-st-peters-dome-vatican.jpg?fit=940%2C198&ssl=1","width":940,"height":198,"caption":"Tradycja i Wiara"},"image":{"@id":"https:\/\/wobronietradycjiiwiary.com\/pl\/#\/schema\/logo\/image\/"},"sameAs":["https:\/\/www.facebook.com\/Tradycja-i-Wiara-108813920592249"]},{"@type":"Person","@id":"https:\/\/wobronietradycjiiwiary.com\/pl\/#\/schema\/person\/2d6180ce6abcb681fef0daab7816e8f3","name":"Traditio et Fides","sameAs":["https:\/\/traditionundglauben.com"],"url":"https:\/\/wobronietradycjiiwiary.com\/pl\/author\/wobronietradycjiiwiary\/"}]}},"jetpack_publicize_connections":[],"jetpack_sharing_enabled":true,"jetpack_likes_enabled":true,"jetpack_shortlink":"https:\/\/wp.me\/pc04Sd-iX2","jetpack-related-posts":[{"id":95442,"url":"https:\/\/wobronietradycjiiwiary.com\/pl\/27-go-lipca-zywot-swietego-pantaleona-meczennika-2-2\/","url_meta":{"origin":72852,"position":0},"title":"27-go Lipca. \u017bywot \u015bwi\u0119tego Pantaleona, M\u0119czennika.","author":"Traditio et Fides","date":"27 lipca 2023","format":false,"excerpt":"\u015aw. Pantaleon dokona\u0142 cudu moc\u0105 imienia Jezusa b\u0119d\u0105c jeszcze poganinem, wi\u0119c Pan B\u00f3g czyni cuda, gdzie chce dla wy\u017cszego dobra.","rel":"","context":"W \u201e07. \u015awi\u0119ta w lipcu&quot;","block_context":{"text":"07. \u015awi\u0119ta w lipcu","link":"https:\/\/wobronietradycjiiwiary.com\/pl\/category\/duchowosc\/liturgia-i-liturgika\/rozwazania\/rok-liturgiczny\/swieta-w-lipcu\/"},"img":{"alt_text":"","src":"https:\/\/i0.wp.com\/wobronietradycjiiwiary.com\/wp-content\/uploads\/2021\/07\/Pantaleon.jpg?resize=350%2C200&ssl=1","width":350,"height":200},"classes":[]},{"id":96614,"url":"https:\/\/wobronietradycjiiwiary.com\/pl\/27-go-lipca-zywot-swietego-pantaleona-meczennika-3\/","url_meta":{"origin":72852,"position":1},"title":"27-go Lipca. \u017bywot \u015bwi\u0119tego Pantaleona, M\u0119czennika.","author":"Traditio et Fides","date":"27 lipca 2024","format":false,"excerpt":"\u015aw. Pantaleon dokona\u0142 cudu moc\u0105 imienia Jezusa b\u0119d\u0105c jeszcze poganinem, wi\u0119c Pan B\u00f3g czyni cuda, gdzie chce dla wy\u017cszego dobra.","rel":"","context":"W \u201e07. \u015awi\u0119ta w lipcu&quot;","block_context":{"text":"07. \u015awi\u0119ta w lipcu","link":"https:\/\/wobronietradycjiiwiary.com\/pl\/category\/duchowosc\/liturgia-i-liturgika\/rozwazania\/rok-liturgiczny\/swieta-w-lipcu\/"},"img":{"alt_text":"","src":"https:\/\/i0.wp.com\/wobronietradycjiiwiary.com\/wp-content\/uploads\/2021\/07\/Pantaleon.jpg?resize=350%2C200&ssl=1","width":350,"height":200},"classes":[]},{"id":51096,"url":"https:\/\/wobronietradycjiiwiary.com\/pl\/27-go-lipca-zywot-swietego-pantaleona-meczennika\/","url_meta":{"origin":72852,"position":2},"title":"27-go Lipca. \u017bywot \u015bwi\u0119tego Pantaleona, M\u0119czennika.","author":"Traditio et Fides","date":"27 lipca 2021","format":false,"excerpt":"\u015aw. Pantaleon dokona\u0142 cudu moc\u0105 imienia Jezusa b\u0119d\u0105c jeszcze poganinem, wi\u0119c Pan B\u00f3g czyni cuda, gdzie chce dla wy\u017cszego dobra.","rel":"","context":"W \u201e07. \u015awi\u0119ta w lipcu&quot;","block_context":{"text":"07. \u015awi\u0119ta w lipcu","link":"https:\/\/wobronietradycjiiwiary.com\/pl\/category\/duchowosc\/liturgia-i-liturgika\/rozwazania\/rok-liturgiczny\/swieta-w-lipcu\/"},"img":{"alt_text":"","src":"https:\/\/i0.wp.com\/wobronietradycjiiwiary.com\/wp-content\/uploads\/2021\/07\/Pantaleon.jpg?resize=350%2C200&ssl=1","width":350,"height":200},"classes":[]},{"id":147301,"url":"https:\/\/wobronietradycjiiwiary.com\/pl\/27-go-lipca-zywot-swietego-pantaleona-meczennika-2-2-3\/","url_meta":{"origin":72852,"position":3},"title":"27-go Lipca. \u017bywot \u015bwi\u0119tego Pantaleona, M\u0119czennika.","author":"Traditio et Fides","date":"27 lipca 2025","format":false,"excerpt":"\u015aw. Pantaleon dokona\u0142 cudu moc\u0105 imienia Jezusa b\u0119d\u0105c jeszcze poganinem, wi\u0119c Pan B\u00f3g czyni cuda, gdzie chce dla wy\u017cszego dobra.","rel":"","context":"W \u201e07. \u015awi\u0119ta w lipcu&quot;","block_context":{"text":"07. \u015awi\u0119ta w lipcu","link":"https:\/\/wobronietradycjiiwiary.com\/pl\/category\/duchowosc\/liturgia-i-liturgika\/rozwazania\/rok-liturgiczny\/swieta-w-lipcu\/"},"img":{"alt_text":"","src":"https:\/\/i0.wp.com\/wobronietradycjiiwiary.com\/wp-content\/uploads\/2021\/07\/Pantaleon.jpg?resize=350%2C200&ssl=1","width":350,"height":200},"classes":[]},{"id":118525,"url":"https:\/\/wobronietradycjiiwiary.com\/pl\/27-go-lipca-zywot-swietego-pantaleona-meczennika-2-2-2\/","url_meta":{"origin":72852,"position":4},"title":"27-go Lipca. \u017bywot \u015bwi\u0119tego Pantaleona, M\u0119czennika.","author":"Traditio et Fides","date":"27 lipca 2026","format":false,"excerpt":"\u015aw. Pantaleon dokona\u0142 cudu moc\u0105 imienia Jezusa b\u0119d\u0105c jeszcze poganinem, wi\u0119c Pan B\u00f3g czyni cuda, gdzie chce dla wy\u017cszego dobra.","rel":"","context":"W \u201e07. \u015awi\u0119ta w lipcu&quot;","block_context":{"text":"07. \u015awi\u0119ta w lipcu","link":"https:\/\/wobronietradycjiiwiary.com\/pl\/category\/duchowosc\/liturgia-i-liturgika\/rozwazania\/rok-liturgiczny\/swieta-w-lipcu\/"},"img":{"alt_text":"","src":"https:\/\/i0.wp.com\/wobronietradycjiiwiary.com\/wp-content\/uploads\/2021\/07\/Pantaleon.jpg?resize=350%2C200&ssl=1","width":350,"height":200},"classes":[]},{"id":98884,"url":"https:\/\/wobronietradycjiiwiary.com\/pl\/s-maria-od-krzyza-rekopis-z-czyscca-rok-1881-iii-39-z\/","url_meta":{"origin":72852,"position":5},"title":"S. Maria od Krzy\u017ca: &#8220;R\u0119kopis z Czy\u015b\u0107ca&#8221;. Rok 1881 (iii) (39 z 60).","author":"Traditio et Fides","date":"11 wrze\u015bnia 2023","format":false,"excerpt":"O woli Bo\u017cej raz jeszcze.","rel":"","context":"W \u201e\"R\u0119kopis z czy\u015b\u0107ca\"&quot;","block_context":{"text":"\"R\u0119kopis z czy\u015b\u0107ca\"","link":"https:\/\/wobronietradycjiiwiary.com\/pl\/category\/doktryna\/teologia-dogmatyczna\/rzeczy-ostateczne-eschatologia\/czysciec\/objawienia-prywatne-nt-czyscca\/rekopis-z-czyscca\/"},"img":{"alt_text":"","src":"https:\/\/i0.wp.com\/wobronietradycjiiwiary.com\/wp-content\/uploads\/2022\/11\/Purgatorio7.jpg?resize=350%2C200&ssl=1","width":350,"height":200},"classes":[]}],"amp_enabled":true,"jetpack_featured_media_url":"https:\/\/wobronietradycjiiwiary.com\/wp-content\/uploads\/2021\/07\/Pantaleon.jpg","_links":{"self":[{"href":"https:\/\/wobronietradycjiiwiary.com\/pl\/wp-json\/wp\/v2\/posts\/72852","targetHints":{"allow":["GET"]}}],"collection":[{"href":"https:\/\/wobronietradycjiiwiary.com\/pl\/wp-json\/wp\/v2\/posts"}],"about":[{"href":"https:\/\/wobronietradycjiiwiary.com\/pl\/wp-json\/wp\/v2\/types\/post"}],"author":[{"embeddable":true,"href":"https:\/\/wobronietradycjiiwiary.com\/pl\/wp-json\/wp\/v2\/users\/60508433"}],"replies":[{"embeddable":true,"href":"https:\/\/wobronietradycjiiwiary.com\/pl\/wp-json\/wp\/v2\/comments?post=72852"}],"version-history":[{"count":1,"href":"https:\/\/wobronietradycjiiwiary.com\/pl\/wp-json\/wp\/v2\/posts\/72852\/revisions"}],"predecessor-version":[{"id":72885,"href":"https:\/\/wobronietradycjiiwiary.com\/pl\/wp-json\/wp\/v2\/posts\/72852\/revisions\/72885"}],"wp:featuredmedia":[{"embeddable":true,"href":"https:\/\/wobronietradycjiiwiary.com\/pl\/wp-json\/wp\/v2\/media\/51100"}],"wp:attachment":[{"href":"https:\/\/wobronietradycjiiwiary.com\/pl\/wp-json\/wp\/v2\/media?parent=72852"}],"wp:term":[{"taxonomy":"category","embeddable":true,"href":"https:\/\/wobronietradycjiiwiary.com\/pl\/wp-json\/wp\/v2\/categories?post=72852"},{"taxonomy":"post_tag","embeddable":true,"href":"https:\/\/wobronietradycjiiwiary.com\/pl\/wp-json\/wp\/v2\/tags?post=72852"}],"curies":[{"name":"wp","href":"https:\/\/api.w.org\/{rel}","templated":true}]}}