{"id":7264,"date":"2015-11-10T08:00:04","date_gmt":"2015-11-10T07:00:04","guid":{"rendered":"https:\/\/wobronietradycjiiwiary.com\/?p=7264"},"modified":"2025-02-07T15:52:24","modified_gmt":"2025-02-07T14:52:24","slug":"marcin-dybowski-neokatechumenat-na-rozdrozu-3-z-3","status":"publish","type":"post","link":"https:\/\/wobronietradycjiiwiary.com\/pl\/marcin-dybowski-neokatechumenat-na-rozdrozu-3-z-3\/","title":{"rendered":"Marcin Dybowski, Neokatechumenat na rozdro\u017cu (3 z 3)"},"content":{"rendered":"<div id=\"bsf_rt_marker\"><\/div><p>\u201eWsp\u00f3lnota jest wszystkim\u201d \u2013 presja grupy i publiczne spowiedzi Wieloletnia obserwacja grup neokatechumenalnych potwierdza uzasadniony niepok\u00f3j, i\u017c nie sprzyjaj\u0105 one&hellip;<\/p>\n<div style=\"text-align: center\">\n<p>&nbsp;<\/p>\n<\/div>\n<h2 style=\"border: 5px solid #0000A0;padding: 1em;text-align: center\"><span style=\"color: #000000\">Pe\u0142en dost\u0119p dla <span style=\"color: #00ccff\"><a style=\"color: #00ccff\" href=\"https:\/\/wobronietradycjiiwiary.com\/subskrypcje-2\/\" target=\"_blank\" rel=\"noopener\">subskrybent\u00f3w<\/a><\/span>.<\/span><br \/>\n<span style=\"color: #3366ff\"><a style=\"color: #3366ff\" href=\"https:\/\/wobronietradycjiiwiary.com\/account\/login\/\" target=\"_blank\" rel=\"noopener\"><span style=\"color: #00ccff\">Zaloguj<\/span><\/a> <\/span>si\u0119 lub przejd\u017a do <a href=\"https:\/\/wobronietradycjiiwiary.com\/register\/\"><span style=\"color: #3366ff\">Rejestracji<\/span><\/a>.<\/h2>\n<div>\n<p style=\"text-align: center\"><a href=\"https:\/\/wobronietradycjiiwiary.com\/pl\/subskrypcje-2\/cennik\/\" target=\"_blank\" rel=\"noopener\"><span style=\"color: #000080;font-size: 24pt\"><strong>Nowe ni\u017csze ceny<\/strong><\/span><\/a><\/p>\n<p style=\"text-align: center\"><strong><span style=\"font-size: 18pt;color: #000080\">P\u0142atno\u015b\u0107 kart\u0105<\/span><\/strong><\/p>\n<\/div>\n<h3 style=\"text-align: center\"><a href=\"https:\/\/wobronietradycjiiwiary.com\/pl\/subskrypcje-2\/automatyczne\/indywidualne\/\" target=\"_blank\" rel=\"noopener\"><img fetchpriority=\"high\" decoding=\"async\" class=\"alignnone size-medium wp-image-80433\" src=\"https:\/\/wobronietradycjiiwiary.com\/wp-content\/uploads\/2022\/11\/Unbenannt-1-Online-1-300x202.jpg\" alt=\"\" width=\"300\" height=\"202\" srcset=\"https:\/\/wobronietradycjiiwiary.com\/wp-content\/uploads\/2022\/11\/Unbenannt-1-Online-1-300x202.jpg 300w, https:\/\/wobronietradycjiiwiary.com\/wp-content\/uploads\/2022\/11\/Unbenannt-1-Online-1-150x101.jpg 150w, https:\/\/wobronietradycjiiwiary.com\/wp-content\/uploads\/2022\/11\/Unbenannt-1-Online-1-18x12.jpg 18w, https:\/\/wobronietradycjiiwiary.com\/wp-content\/uploads\/2022\/11\/Unbenannt-1-Online-1.jpg 446w\" sizes=\"(max-width: 300px) 100vw, 300px\" \/><\/a><\/h3>\n<p style=\"text-align: center\"><strong><span style=\"font-size: 18pt;color: #000080\">P\u0142atno\u015b\u0107 przelewem<\/span><\/strong><\/p>\n<p><a href=\"https:\/\/wobronietradycjiiwiary.com\/pl\/subskrypcje-2\/automatyczne\/indywidualne\/\" target=\"_blank\" rel=\"noopener\"><img decoding=\"async\" class=\"size-medium wp-image-80434 aligncenter\" src=\"https:\/\/wobronietradycjiiwiary.com\/wp-content\/uploads\/2022\/11\/Unbenannt-1-Przelewem-300x137.jpg\" alt=\"\" width=\"300\" height=\"137\" srcset=\"https:\/\/wobronietradycjiiwiary.com\/wp-content\/uploads\/2022\/11\/Unbenannt-1-Przelewem-300x137.jpg 300w, https:\/\/wobronietradycjiiwiary.com\/wp-content\/uploads\/2022\/11\/Unbenannt-1-Przelewem-450x206.jpg 450w, https:\/\/wobronietradycjiiwiary.com\/wp-content\/uploads\/2022\/11\/Unbenannt-1-Przelewem-600x274.jpg 600w, https:\/\/wobronietradycjiiwiary.com\/wp-content\/uploads\/2022\/11\/Unbenannt-1-Przelewem-150x69.jpg 150w, https:\/\/wobronietradycjiiwiary.com\/wp-content\/uploads\/2022\/11\/Unbenannt-1-Przelewem-18x8.jpg 18w, https:\/\/wobronietradycjiiwiary.com\/wp-content\/uploads\/2022\/11\/Unbenannt-1-Przelewem.jpg 676w\" sizes=\"(max-width: 300px) 100vw, 300px\" \/><\/a><\/p>\n<p style=\"text-align: center\"><strong><span style=\"font-size: 18pt;color: #000080\">P\u0142atno\u015b\u0107 kart\u0105 do 6 os\u00f3b<\/span><\/strong><\/p>\n<p><a href=\"https:\/\/wobronietradycjiiwiary.com\/pl\/rodzinne\/\" target=\"_blank\" rel=\"noopener\"><img decoding=\"async\" class=\"size-medium wp-image-80435 aligncenter\" src=\"https:\/\/wobronietradycjiiwiary.com\/wp-content\/uploads\/2022\/11\/Unbenannt-1-Rodzinna-300x208.jpg\" alt=\"\" width=\"300\" height=\"208\" srcset=\"https:\/\/wobronietradycjiiwiary.com\/wp-content\/uploads\/2022\/11\/Unbenannt-1-Rodzinna-300x208.jpg 300w, https:\/\/wobronietradycjiiwiary.com\/wp-content\/uploads\/2022\/11\/Unbenannt-1-Rodzinna-150x104.jpg 150w, https:\/\/wobronietradycjiiwiary.com\/wp-content\/uploads\/2022\/11\/Unbenannt-1-Rodzinna-18x12.jpg 18w, https:\/\/wobronietradycjiiwiary.com\/wp-content\/uploads\/2022\/11\/Unbenannt-1-Rodzinna.jpg 448w\" sizes=\"(max-width: 300px) 100vw, 300px\" \/><\/a><\/p>\n<h3 style=\"text-align: center\"><\/h3>\n<h1 style=\"text-align: center\"><\/h1>\n","protected":false},"excerpt":{"rendered":"<p>\u201eWsp\u00f3lnota jest wszystkim\u201d \u2013 presja grupy i publiczne spowiedzi Wieloletnia obserwacja grup neokatechumenalnych potwierdza uzasadniony niepok\u00f3j, i\u017c nie sprzyjaj\u0105 one&hellip; &nbsp; Pe\u0142en dost\u0119p dla subskrybent\u00f3w. Zaloguj si\u0119 lub przejd\u017a do Rejestracji. Nowe ni\u017csze ceny P\u0142atno\u015b\u0107 kart\u0105 P\u0142atno\u015b\u0107 przelewem P\u0142atno\u015b\u0107 kart\u0105 do 6 os\u00f3b<\/p>\n","protected":false},"author":60508433,"featured_media":7260,"comment_status":"closed","ping_status":"closed","sticky":false,"template":"","format":"standard","meta":{"_coblocks_attr":"","_coblocks_dimensions":"","_coblocks_responsive_height":"","_coblocks_accordion_ie_support":"","_exactmetrics_skip_tracking":false,"_jetpack_newsletter_access":"","_jetpack_dont_email_post_to_subs":false,"_jetpack_newsletter_tier_id":0,"_jetpack_memberships_contains_paywalled_content":false,"_wpcom_ai_launchpad_first_post":false,"_jetpack_feature_clip_id":0,"_jetpack_memberships_contains_paid_content":false,"footnotes":"","jetpack_publicize_message":"{title}\n\n{excerpt}\n\n{url}","jetpack_publicize_feature_enabled":true,"jetpack_social_post_already_shared":true,"jetpack_social_options":{"image_generator_settings":{"template":"highway","default_image_id":0,"font":"","enabled":false},"version":2},"_wpas_customize_per_network":false,"jetpack_post_was_ever_published":false},"categories":[80248953,296862481,339795302,610131186],"tags":[341247432,6719454,450708,610132133],"class_list":["post-7264","post","type-post","status-publish","format-standard","has-post-thumbnail","hentry","category-kosciol-posoborowy","category-neokatechumenat-apologetyka","category-nowe-ruchy-w-kosciele","category-polemika","tag-bledy-teologiczne","tag-kiko-arguelo","tag-neokatechumenat","tag-restricted"],"yoast_head":"<!-- This site is optimized with the Yoast SEO plugin v28.3 - https:\/\/yoast.com\/product\/yoast-seo-wordpress\/ -->\n<title>Marcin Dybowski, Neokatechumenat na rozdro\u017cu (3 z 3) - Tradycja i Wiara<\/title>\n<meta name=\"robots\" content=\"index, follow, max-snippet:-1, max-image-preview:large, max-video-preview:-1\" \/>\n<link rel=\"canonical\" href=\"https:\/\/wobronietradycjiiwiary.com\/pl\/marcin-dybowski-neokatechumenat-na-rozdrozu-3-z-3\/\" \/>\n<meta property=\"og:locale\" content=\"pl_PL\" \/>\n<meta property=\"og:type\" content=\"article\" \/>\n<meta property=\"og:title\" content=\"Marcin Dybowski, Neokatechumenat na rozdro\u017cu (3 z 3) - Tradycja i Wiara\" \/>\n<meta property=\"og:description\" content=\"\u201eWsp\u00f3lnota jest wszystkim\u201d \u2013 presja grupy i publiczne spowiedzi Wieloletnia obserwacja grup neokatechumenalnych potwierdza uzasadniony niepok\u00f3j, i\u017c nie sprzyjaj\u0105 one&hellip; &nbsp; Pe\u0142en dost\u0119p dla subskrybent\u00f3w. Zaloguj si\u0119 lub przejd\u017a do Rejestracji. Nowe ni\u017csze ceny P\u0142atno\u015b\u0107 kart\u0105 P\u0142atno\u015b\u0107 przelewem P\u0142atno\u015b\u0107 kart\u0105 do 6 os\u00f3b\" \/>\n<meta property=\"og:url\" content=\"https:\/\/wobronietradycjiiwiary.com\/pl\/marcin-dybowski-neokatechumenat-na-rozdrozu-3-z-3\/\" \/>\n<meta property=\"og:site_name\" content=\"Tradycja i Wiara\" \/>\n<meta property=\"article:publisher\" content=\"https:\/\/www.facebook.com\/Tradycja-i-Wiara-108813920592249\" \/>\n<meta property=\"article:published_time\" content=\"2015-11-10T07:00:04+00:00\" \/>\n<meta property=\"article:modified_time\" content=\"2025-02-07T14:52:24+00:00\" \/>\n<meta property=\"og:image\" content=\"https:\/\/wobronietradycjiiwiary.com\/wp-content\/uploads\/2015\/09\/4451058392_68592ec456_b.jpg\" \/>\n\t<meta property=\"og:image:width\" content=\"1024\" \/>\n\t<meta property=\"og:image:height\" content=\"681\" \/>\n\t<meta property=\"og:image:type\" content=\"image\/jpeg\" \/>\n<meta name=\"author\" content=\"Traditio et Fides\" \/>\n<meta name=\"twitter:card\" content=\"summary_large_image\" \/>\n<meta name=\"twitter:label1\" content=\"Napisane przez\" \/>\n\t<meta name=\"twitter:data1\" content=\"Traditio et Fides\" \/>\n\t<meta name=\"twitter:label2\" content=\"Szacowany czas czytania\" \/>\n\t<meta name=\"twitter:data2\" content=\"3 minuty\" \/>\n<script type=\"application\/ld+json\" class=\"yoast-schema-graph\">{\"@context\":\"https:\\\/\\\/schema.org\",\"@graph\":[{\"@type\":\"Article\",\"@id\":\"https:\\\/\\\/wobronietradycjiiwiary.com\\\/marcin-dybowski-neokatechumenat-na-rozdrozu-3-z-3\\\/#article\",\"isPartOf\":{\"@id\":\"https:\\\/\\\/wobronietradycjiiwiary.com\\\/marcin-dybowski-neokatechumenat-na-rozdrozu-3-z-3\\\/\"},\"author\":{\"name\":\"Traditio et Fides\",\"@id\":\"https:\\\/\\\/wobronietradycjiiwiary.com\\\/pl\\\/#\\\/schema\\\/person\\\/2d6180ce6abcb681fef0daab7816e8f3\"},\"headline\":\"Marcin Dybowski, Neokatechumenat na rozdro\u017cu (3 z 3)\",\"datePublished\":\"2015-11-10T07:00:04+00:00\",\"dateModified\":\"2025-02-07T14:52:24+00:00\",\"mainEntityOfPage\":{\"@id\":\"https:\\\/\\\/wobronietradycjiiwiary.com\\\/marcin-dybowski-neokatechumenat-na-rozdrozu-3-z-3\\\/\"},\"wordCount\":661,\"publisher\":{\"@id\":\"https:\\\/\\\/wobronietradycjiiwiary.com\\\/pl\\\/#organization\"},\"image\":{\"@id\":\"https:\\\/\\\/wobronietradycjiiwiary.com\\\/marcin-dybowski-neokatechumenat-na-rozdrozu-3-z-3\\\/#primaryimage\"},\"thumbnailUrl\":\"https:\\\/\\\/wobronietradycjiiwiary.com\\\/wp-content\\\/uploads\\\/2015\\\/09\\\/4451058392_68592ec456_b.jpg\",\"keywords\":[\"b\u0142\u0119dy teologiczne\",\"Kiko Arguelo\",\"neokatechumenat\",\"Restricted\"],\"articleSection\":[\"Ko\u015bci\u00f3\u0142 posoborowy\",\"Neokatechumenat\",\"Nowe ruchy w Ko\u015bciele\",\"Polemika\"],\"inLanguage\":\"pl-PL\"},{\"@type\":\"WebPage\",\"@id\":\"https:\\\/\\\/wobronietradycjiiwiary.com\\\/marcin-dybowski-neokatechumenat-na-rozdrozu-3-z-3\\\/\",\"url\":\"https:\\\/\\\/wobronietradycjiiwiary.com\\\/marcin-dybowski-neokatechumenat-na-rozdrozu-3-z-3\\\/\",\"name\":\"Marcin Dybowski, Neokatechumenat na rozdro\u017cu (3 z 3) - Tradycja i Wiara\",\"isPartOf\":{\"@id\":\"https:\\\/\\\/wobronietradycjiiwiary.com\\\/pl\\\/#website\"},\"primaryImageOfPage\":{\"@id\":\"https:\\\/\\\/wobronietradycjiiwiary.com\\\/marcin-dybowski-neokatechumenat-na-rozdrozu-3-z-3\\\/#primaryimage\"},\"image\":{\"@id\":\"https:\\\/\\\/wobronietradycjiiwiary.com\\\/marcin-dybowski-neokatechumenat-na-rozdrozu-3-z-3\\\/#primaryimage\"},\"thumbnailUrl\":\"https:\\\/\\\/wobronietradycjiiwiary.com\\\/wp-content\\\/uploads\\\/2015\\\/09\\\/4451058392_68592ec456_b.jpg\",\"datePublished\":\"2015-11-10T07:00:04+00:00\",\"dateModified\":\"2025-02-07T14:52:24+00:00\",\"breadcrumb\":{\"@id\":\"https:\\\/\\\/wobronietradycjiiwiary.com\\\/marcin-dybowski-neokatechumenat-na-rozdrozu-3-z-3\\\/#breadcrumb\"},\"inLanguage\":\"pl-PL\",\"potentialAction\":[{\"@type\":\"ReadAction\",\"target\":[\"https:\\\/\\\/wobronietradycjiiwiary.com\\\/marcin-dybowski-neokatechumenat-na-rozdrozu-3-z-3\\\/\"]}]},{\"@type\":\"ImageObject\",\"inLanguage\":\"pl-PL\",\"@id\":\"https:\\\/\\\/wobronietradycjiiwiary.com\\\/marcin-dybowski-neokatechumenat-na-rozdrozu-3-z-3\\\/#primaryimage\",\"url\":\"https:\\\/\\\/wobronietradycjiiwiary.com\\\/wp-content\\\/uploads\\\/2015\\\/09\\\/4451058392_68592ec456_b.jpg\",\"contentUrl\":\"https:\\\/\\\/wobronietradycjiiwiary.com\\\/wp-content\\\/uploads\\\/2015\\\/09\\\/4451058392_68592ec456_b.jpg\",\"width\":1024,\"height\":681},{\"@type\":\"BreadcrumbList\",\"@id\":\"https:\\\/\\\/wobronietradycjiiwiary.com\\\/marcin-dybowski-neokatechumenat-na-rozdrozu-3-z-3\\\/#breadcrumb\",\"itemListElement\":[{\"@type\":\"ListItem\",\"position\":1,\"name\":\"Strona g\u0142\u00f3wna\",\"item\":\"https:\\\/\\\/wobronietradycjiiwiary.com\\\/\"},{\"@type\":\"ListItem\",\"position\":2,\"name\":\"Marcin Dybowski, Neokatechumenat na rozdro\u017cu (3 z 3)\"}]},{\"@type\":\"WebSite\",\"@id\":\"https:\\\/\\\/wobronietradycjiiwiary.com\\\/pl\\\/#website\",\"url\":\"https:\\\/\\\/wobronietradycjiiwiary.com\\\/pl\\\/\",\"name\":\"Tradycja i Wiara\",\"description\":\"Portal dla katolik\u00f3w.\",\"publisher\":{\"@id\":\"https:\\\/\\\/wobronietradycjiiwiary.com\\\/pl\\\/#organization\"},\"potentialAction\":[{\"@type\":\"SearchAction\",\"target\":{\"@type\":\"EntryPoint\",\"urlTemplate\":\"https:\\\/\\\/wobronietradycjiiwiary.com\\\/pl\\\/?s={search_term_string}\"},\"query-input\":{\"@type\":\"PropertyValueSpecification\",\"valueRequired\":true,\"valueName\":\"search_term_string\"}}],\"inLanguage\":\"pl-PL\"},{\"@type\":\"Organization\",\"@id\":\"https:\\\/\\\/wobronietradycjiiwiary.com\\\/pl\\\/#organization\",\"name\":\"Tradycja i Wiara\",\"url\":\"https:\\\/\\\/wobronietradycjiiwiary.com\\\/pl\\\/\",\"logo\":{\"@type\":\"ImageObject\",\"inLanguage\":\"pl-PL\",\"@id\":\"https:\\\/\\\/wobronietradycjiiwiary.com\\\/pl\\\/#\\\/schema\\\/logo\\\/image\\\/\",\"url\":\"https:\\\/\\\/i0.wp.com\\\/wobronietradycjiiwiary.com\\\/wp-content\\\/uploads\\\/2015\\\/10\\\/cropped-st-peters-dome-vatican.jpg?fit=940%2C198&ssl=1\",\"contentUrl\":\"https:\\\/\\\/i0.wp.com\\\/wobronietradycjiiwiary.com\\\/wp-content\\\/uploads\\\/2015\\\/10\\\/cropped-st-peters-dome-vatican.jpg?fit=940%2C198&ssl=1\",\"width\":940,\"height\":198,\"caption\":\"Tradycja i Wiara\"},\"image\":{\"@id\":\"https:\\\/\\\/wobronietradycjiiwiary.com\\\/pl\\\/#\\\/schema\\\/logo\\\/image\\\/\"},\"sameAs\":[\"https:\\\/\\\/www.facebook.com\\\/Tradycja-i-Wiara-108813920592249\"]},{\"@type\":\"Person\",\"@id\":\"https:\\\/\\\/wobronietradycjiiwiary.com\\\/pl\\\/#\\\/schema\\\/person\\\/2d6180ce6abcb681fef0daab7816e8f3\",\"name\":\"Traditio et Fides\",\"sameAs\":[\"https:\\\/\\\/traditionundglauben.com\"],\"url\":\"https:\\\/\\\/wobronietradycjiiwiary.com\\\/pl\\\/author\\\/wobronietradycjiiwiary\\\/\"}]}<\/script>\n<!-- \/ Yoast SEO plugin. -->","yoast_head_json":{"title":"Marcin Dybowski, Neokatechumenat na rozdro\u017cu (3 z 3) - Tradycja i Wiara","robots":{"index":"index","follow":"follow","max-snippet":"max-snippet:-1","max-image-preview":"max-image-preview:large","max-video-preview":"max-video-preview:-1"},"canonical":"https:\/\/wobronietradycjiiwiary.com\/pl\/marcin-dybowski-neokatechumenat-na-rozdrozu-3-z-3\/","og_locale":"pl_PL","og_type":"article","og_title":"Marcin Dybowski, Neokatechumenat na rozdro\u017cu (3 z 3) - Tradycja i Wiara","og_description":"\u201eWsp\u00f3lnota jest wszystkim\u201d \u2013 presja grupy i publiczne spowiedzi Wieloletnia obserwacja grup neokatechumenalnych potwierdza uzasadniony niepok\u00f3j, i\u017c nie sprzyjaj\u0105 one&hellip; &nbsp; Pe\u0142en dost\u0119p dla subskrybent\u00f3w. Zaloguj si\u0119 lub przejd\u017a do Rejestracji. Nowe ni\u017csze ceny P\u0142atno\u015b\u0107 kart\u0105 P\u0142atno\u015b\u0107 przelewem P\u0142atno\u015b\u0107 kart\u0105 do 6 os\u00f3b","og_url":"https:\/\/wobronietradycjiiwiary.com\/pl\/marcin-dybowski-neokatechumenat-na-rozdrozu-3-z-3\/","og_site_name":"Tradycja i Wiara","article_publisher":"https:\/\/www.facebook.com\/Tradycja-i-Wiara-108813920592249","article_published_time":"2015-11-10T07:00:04+00:00","article_modified_time":"2025-02-07T14:52:24+00:00","og_image":[{"width":1024,"height":681,"url":"https:\/\/wobronietradycjiiwiary.com\/wp-content\/uploads\/2015\/09\/4451058392_68592ec456_b.jpg","type":"image\/jpeg"}],"author":"Traditio et Fides","twitter_card":"summary_large_image","twitter_misc":{"Napisane przez":"Traditio et Fides","Szacowany czas czytania":"3 minuty"},"schema":{"@context":"https:\/\/schema.org","@graph":[{"@type":"Article","@id":"https:\/\/wobronietradycjiiwiary.com\/marcin-dybowski-neokatechumenat-na-rozdrozu-3-z-3\/#article","isPartOf":{"@id":"https:\/\/wobronietradycjiiwiary.com\/marcin-dybowski-neokatechumenat-na-rozdrozu-3-z-3\/"},"author":{"name":"Traditio et Fides","@id":"https:\/\/wobronietradycjiiwiary.com\/pl\/#\/schema\/person\/2d6180ce6abcb681fef0daab7816e8f3"},"headline":"Marcin Dybowski, Neokatechumenat na rozdro\u017cu (3 z 3)","datePublished":"2015-11-10T07:00:04+00:00","dateModified":"2025-02-07T14:52:24+00:00","mainEntityOfPage":{"@id":"https:\/\/wobronietradycjiiwiary.com\/marcin-dybowski-neokatechumenat-na-rozdrozu-3-z-3\/"},"wordCount":661,"publisher":{"@id":"https:\/\/wobronietradycjiiwiary.com\/pl\/#organization"},"image":{"@id":"https:\/\/wobronietradycjiiwiary.com\/marcin-dybowski-neokatechumenat-na-rozdrozu-3-z-3\/#primaryimage"},"thumbnailUrl":"https:\/\/wobronietradycjiiwiary.com\/wp-content\/uploads\/2015\/09\/4451058392_68592ec456_b.jpg","keywords":["b\u0142\u0119dy teologiczne","Kiko Arguelo","neokatechumenat","Restricted"],"articleSection":["Ko\u015bci\u00f3\u0142 posoborowy","Neokatechumenat","Nowe ruchy w Ko\u015bciele","Polemika"],"inLanguage":"pl-PL"},{"@type":"WebPage","@id":"https:\/\/wobronietradycjiiwiary.com\/marcin-dybowski-neokatechumenat-na-rozdrozu-3-z-3\/","url":"https:\/\/wobronietradycjiiwiary.com\/marcin-dybowski-neokatechumenat-na-rozdrozu-3-z-3\/","name":"Marcin Dybowski, Neokatechumenat na rozdro\u017cu (3 z 3) - Tradycja i Wiara","isPartOf":{"@id":"https:\/\/wobronietradycjiiwiary.com\/pl\/#website"},"primaryImageOfPage":{"@id":"https:\/\/wobronietradycjiiwiary.com\/marcin-dybowski-neokatechumenat-na-rozdrozu-3-z-3\/#primaryimage"},"image":{"@id":"https:\/\/wobronietradycjiiwiary.com\/marcin-dybowski-neokatechumenat-na-rozdrozu-3-z-3\/#primaryimage"},"thumbnailUrl":"https:\/\/wobronietradycjiiwiary.com\/wp-content\/uploads\/2015\/09\/4451058392_68592ec456_b.jpg","datePublished":"2015-11-10T07:00:04+00:00","dateModified":"2025-02-07T14:52:24+00:00","breadcrumb":{"@id":"https:\/\/wobronietradycjiiwiary.com\/marcin-dybowski-neokatechumenat-na-rozdrozu-3-z-3\/#breadcrumb"},"inLanguage":"pl-PL","potentialAction":[{"@type":"ReadAction","target":["https:\/\/wobronietradycjiiwiary.com\/marcin-dybowski-neokatechumenat-na-rozdrozu-3-z-3\/"]}]},{"@type":"ImageObject","inLanguage":"pl-PL","@id":"https:\/\/wobronietradycjiiwiary.com\/marcin-dybowski-neokatechumenat-na-rozdrozu-3-z-3\/#primaryimage","url":"https:\/\/wobronietradycjiiwiary.com\/wp-content\/uploads\/2015\/09\/4451058392_68592ec456_b.jpg","contentUrl":"https:\/\/wobronietradycjiiwiary.com\/wp-content\/uploads\/2015\/09\/4451058392_68592ec456_b.jpg","width":1024,"height":681},{"@type":"BreadcrumbList","@id":"https:\/\/wobronietradycjiiwiary.com\/marcin-dybowski-neokatechumenat-na-rozdrozu-3-z-3\/#breadcrumb","itemListElement":[{"@type":"ListItem","position":1,"name":"Strona g\u0142\u00f3wna","item":"https:\/\/wobronietradycjiiwiary.com\/"},{"@type":"ListItem","position":2,"name":"Marcin Dybowski, Neokatechumenat na rozdro\u017cu (3 z 3)"}]},{"@type":"WebSite","@id":"https:\/\/wobronietradycjiiwiary.com\/pl\/#website","url":"https:\/\/wobronietradycjiiwiary.com\/pl\/","name":"Tradycja i Wiara","description":"Portal dla katolik\u00f3w.","publisher":{"@id":"https:\/\/wobronietradycjiiwiary.com\/pl\/#organization"},"potentialAction":[{"@type":"SearchAction","target":{"@type":"EntryPoint","urlTemplate":"https:\/\/wobronietradycjiiwiary.com\/pl\/?s={search_term_string}"},"query-input":{"@type":"PropertyValueSpecification","valueRequired":true,"valueName":"search_term_string"}}],"inLanguage":"pl-PL"},{"@type":"Organization","@id":"https:\/\/wobronietradycjiiwiary.com\/pl\/#organization","name":"Tradycja i Wiara","url":"https:\/\/wobronietradycjiiwiary.com\/pl\/","logo":{"@type":"ImageObject","inLanguage":"pl-PL","@id":"https:\/\/wobronietradycjiiwiary.com\/pl\/#\/schema\/logo\/image\/","url":"https:\/\/i0.wp.com\/wobronietradycjiiwiary.com\/wp-content\/uploads\/2015\/10\/cropped-st-peters-dome-vatican.jpg?fit=940%2C198&ssl=1","contentUrl":"https:\/\/i0.wp.com\/wobronietradycjiiwiary.com\/wp-content\/uploads\/2015\/10\/cropped-st-peters-dome-vatican.jpg?fit=940%2C198&ssl=1","width":940,"height":198,"caption":"Tradycja i Wiara"},"image":{"@id":"https:\/\/wobronietradycjiiwiary.com\/pl\/#\/schema\/logo\/image\/"},"sameAs":["https:\/\/www.facebook.com\/Tradycja-i-Wiara-108813920592249"]},{"@type":"Person","@id":"https:\/\/wobronietradycjiiwiary.com\/pl\/#\/schema\/person\/2d6180ce6abcb681fef0daab7816e8f3","name":"Traditio et Fides","sameAs":["https:\/\/traditionundglauben.com"],"url":"https:\/\/wobronietradycjiiwiary.com\/pl\/author\/wobronietradycjiiwiary\/"}]}},"jetpack_publicize_connections":[],"jetpack_sharing_enabled":true,"jetpack_likes_enabled":true,"jetpack_shortlink":"https:\/\/wp.me\/pc04Sd-1Ta","jetpack-related-posts":[{"id":8607,"url":"https:\/\/wobronietradycjiiwiary.com\/pl\/neokatechumenat-swiadectwo-1\/","url_meta":{"origin":7264,"position":0},"title":"Neokatechumenat &#8211; \u015awiadectwo (1)","author":"Traditio et Fides","date":"27 lutego 2016","format":false,"excerpt":"Poniewa\u017c co jaki\u015b czas docieraj\u0105 do nas czytelnicy zwi\u0105zani z neokatechumenatem, dlatego informacji na ten temat nigdy dosy\u0107. Dlatego te\u017c zamieszczamy kilka \u015bwiadectw, kt\u00f3re od lat figuruj\u0105 w internecie, ale Suma teologiczna \u015bwi\u0119tego Tomasza te\u017c od wiek\u00f3w w bibliotekach stoi, b\u0105d\u017a w internecie widnieje, a ma\u0142o kto j\u0105 czyta. Istniej\u0105\u2026","rel":"","context":"W \u201eNeokatechumenat&quot;","block_context":{"text":"Neokatechumenat","link":"https:\/\/wobronietradycjiiwiary.com\/pl\/category\/polemika\/kosciol-posoborowy\/nowe-ruchy-w-kosciele\/neokatechumenat-apologetyka\/"},"img":{"alt_text":"","src":"https:\/\/i0.wp.com\/wobronietradycjiiwiary.com\/wp-content\/uploads\/2016\/02\/bartolomeo_di_fruosino_-_inferno_from_the_divine_comedy_by_dante_folio_1v_-_wga01339.jpg?resize=350%2C200&ssl=1","width":350,"height":200,"srcset":"https:\/\/i0.wp.com\/wobronietradycjiiwiary.com\/wp-content\/uploads\/2016\/02\/bartolomeo_di_fruosino_-_inferno_from_the_divine_comedy_by_dante_folio_1v_-_wga01339.jpg?resize=350%2C200&ssl=1 1x, https:\/\/i0.wp.com\/wobronietradycjiiwiary.com\/wp-content\/uploads\/2016\/02\/bartolomeo_di_fruosino_-_inferno_from_the_divine_comedy_by_dante_folio_1v_-_wga01339.jpg?resize=525%2C300&ssl=1 1.5x, https:\/\/i0.wp.com\/wobronietradycjiiwiary.com\/wp-content\/uploads\/2016\/02\/bartolomeo_di_fruosino_-_inferno_from_the_divine_comedy_by_dante_folio_1v_-_wga01339.jpg?resize=700%2C400&ssl=1 2x"},"classes":[]},{"id":8613,"url":"https:\/\/wobronietradycjiiwiary.com\/pl\/neokatechumenat-swiadectwo-3\/","url_meta":{"origin":7264,"position":1},"title":"Neokatechumenat &#8211; \u015awiadectwo (3)","author":"Traditio et Fides","date":"6 marca 2016","format":false,"excerpt":"Kolejne \u015bwiadectwo by\u0142ego uczestnika \"Drogi\" potwierdzaj\u0105ce to, co ju\u017c wiemy. Mianowicie teori\u0119 podw\u00f3jnej prawdy, zwanej w Ruchu Rodzin Nazareta\u0144skich \"epikej\u0105\". O co chodzi? O k\u0142amstwo. Czy mo\u017ce by\u0107 w tym Duch \u015awi\u0119ty? Nie, mo\u017ce. Ot\u00f3\u017c to. By\u0142em 10 lat w Neokatechumenacie (artyku\u0142 H. W. polemiczny wys\u0142any do \"S\u0142owa\" - niepublikowany)\u2026","rel":"","context":"W \u201eNeokatechumenat&quot;","block_context":{"text":"Neokatechumenat","link":"https:\/\/wobronietradycjiiwiary.com\/pl\/category\/polemika\/kosciol-posoborowy\/nowe-ruchy-w-kosciele\/neokatechumenat-apologetyka\/"},"img":{"alt_text":"","src":"https:\/\/i0.wp.com\/wobronietradycjiiwiary.com\/wp-content\/uploads\/2016\/02\/bartolomeo_di_fruosino_-_inferno_from_the_divine_comedy_by_dante_folio_1v_-_wga01339.jpg?resize=350%2C200&ssl=1","width":350,"height":200,"srcset":"https:\/\/i0.wp.com\/wobronietradycjiiwiary.com\/wp-content\/uploads\/2016\/02\/bartolomeo_di_fruosino_-_inferno_from_the_divine_comedy_by_dante_folio_1v_-_wga01339.jpg?resize=350%2C200&ssl=1 1x, https:\/\/i0.wp.com\/wobronietradycjiiwiary.com\/wp-content\/uploads\/2016\/02\/bartolomeo_di_fruosino_-_inferno_from_the_divine_comedy_by_dante_folio_1v_-_wga01339.jpg?resize=525%2C300&ssl=1 1.5x, https:\/\/i0.wp.com\/wobronietradycjiiwiary.com\/wp-content\/uploads\/2016\/02\/bartolomeo_di_fruosino_-_inferno_from_the_divine_comedy_by_dante_folio_1v_-_wga01339.jpg?resize=700%2C400&ssl=1 2x"},"classes":[]},{"id":7269,"url":"https:\/\/wobronietradycjiiwiary.com\/pl\/7269\/","url_meta":{"origin":7264,"position":2},"title":"Ks. Prof. dr hab. Andrzej Zuberbier &#8211; Uwagi dotycz\u0105ce Neokatechumenatu","author":"Traditio et Fides","date":"11 listopada 2015","format":false,"excerpt":"W naszym cyklu na temat neokatechumenatu przedstawiamy tekst \u015bp. ks. prof. Andrzeja Zuberbiera (1922-2000), profesora dogmatyki i homiletyki Akademii Teologii Katolickiej w Warszawie. Miejsce pracy ks. Zuberbiera nie jest bez znaczenia, gdy\u017c ju\u017c od pocz\u0105tk\u00f3w swego dzia\u0142ania w latach 1980-tych neokatechumenat zaw\u0142adn\u0105\u0142 w dos\u0142ownym tego s\u0142owa znaczniu KUL-em, gdzie tak\u2026","rel":"","context":"W \u201eNeokatechumenat&quot;","block_context":{"text":"Neokatechumenat","link":"https:\/\/wobronietradycjiiwiary.com\/pl\/category\/polemika\/kosciol-posoborowy\/nowe-ruchy-w-kosciele\/neokatechumenat-apologetyka\/"},"img":{"alt_text":"","src":"https:\/\/i0.wp.com\/wobronietradycjiiwiary.com\/wp-content\/uploads\/2015\/09\/fra_angelico_-_last_judgement_detail_-_wga00472.jpg?resize=350%2C200&ssl=1","width":350,"height":200,"srcset":"https:\/\/i0.wp.com\/wobronietradycjiiwiary.com\/wp-content\/uploads\/2015\/09\/fra_angelico_-_last_judgement_detail_-_wga00472.jpg?resize=350%2C200&ssl=1 1x, https:\/\/i0.wp.com\/wobronietradycjiiwiary.com\/wp-content\/uploads\/2015\/09\/fra_angelico_-_last_judgement_detail_-_wga00472.jpg?resize=525%2C300&ssl=1 1.5x, https:\/\/i0.wp.com\/wobronietradycjiiwiary.com\/wp-content\/uploads\/2015\/09\/fra_angelico_-_last_judgement_detail_-_wga00472.jpg?resize=700%2C400&ssl=1 2x"},"classes":[]},{"id":5099,"url":"https:\/\/wobronietradycjiiwiary.com\/pl\/neokatechumenat-raz-jeszcze\/","url_meta":{"origin":7264,"position":3},"title":"Neokatechumenat raz jeszcze","author":"Traditio et Fides","date":"8 kwietnia 2015","format":false,"excerpt":"[Powy\u017cej Ko\u015bci\u00f3\u0142 (po lewej stronie) i Synagoga (po prawej stronie) na drzwiach Katedry Strassburskiej] Poniewa\u017c wpisy na temat neokatechumenatu ciesz\u0105 si\u0119 zawsze du\u017c\u0105 poczytno\u015bci\u0105 oraz wywo\u0142uj\u0105 spore polemiki, dlatego prezentujemy nasz\u0105 odpowied\u017a dla czytelnika na stronie g\u0142\u00f3wnej. Zamierzamy zaprezentowa\u0107 cykl artyku\u0142\u00f3w na temat r\u00f3\u017cnych ruch\u00f3w posoborowych, w tym tak\u017ce neokatechumenatu,\u2026","rel":"","context":"W \u201eNeokatechumenat&quot;","block_context":{"text":"Neokatechumenat","link":"https:\/\/wobronietradycjiiwiary.com\/pl\/category\/polemika\/kosciol-posoborowy\/nowe-ruchy-w-kosciele\/neokatechumenat-apologetyka\/"},"img":{"alt_text":"","src":"https:\/\/i0.wp.com\/wobronietradycjiiwiary.com\/wp-content\/uploads\/2015\/04\/church_triumphant-synagogue-e1631427574404.jpg?resize=350%2C200&ssl=1","width":350,"height":200},"classes":[]},{"id":7259,"url":"https:\/\/wobronietradycjiiwiary.com\/pl\/marcin-dybowski-neokatechumenat-na-rozdrozu-1-z-2\/","url_meta":{"origin":7264,"position":4},"title":"Marcin Dybowski, Neokatechumenat na rozdro\u017cu (1 z 3)","author":"Traditio et Fides","date":"6 listopada 2015","format":false,"excerpt":"Kontynuuj\u0105c w\u0105tek neokatechumenatu przedstawiamy artyku\u0142 Marcina Dybowskiego z roku 2000 na temat tego ruchu. Neokatechumenat si\u0119 od tego czasu nie zmieni\u0142, wi\u0119c aktualno\u015b\u0107 tych spostrze\u017ce\u0144 trwa. Chocia\u017c obecny papie\u017c neokatechumenat, podobnie jak inne negatywne zjawiska w Ko\u015bciele, popiera, to od neokatechumenatu stanowczo odradzamy, posi\u0142kuj\u0105c si\u0119 do\u015bwiadczeniami innych. Opisana poni\u017cej historii\u2026","rel":"","context":"W \u201eNeokatechumenat&quot;","block_context":{"text":"Neokatechumenat","link":"https:\/\/wobronietradycjiiwiary.com\/pl\/category\/polemika\/kosciol-posoborowy\/nowe-ruchy-w-kosciele\/neokatechumenat-apologetyka\/"},"img":{"alt_text":"","src":"https:\/\/i0.wp.com\/wobronietradycjiiwiary.com\/wp-content\/uploads\/2015\/09\/4451058392_68592ec456_b.jpg?resize=350%2C200&ssl=1","width":350,"height":200,"srcset":"https:\/\/i0.wp.com\/wobronietradycjiiwiary.com\/wp-content\/uploads\/2015\/09\/4451058392_68592ec456_b.jpg?resize=350%2C200&ssl=1 1x, https:\/\/i0.wp.com\/wobronietradycjiiwiary.com\/wp-content\/uploads\/2015\/09\/4451058392_68592ec456_b.jpg?resize=525%2C300&ssl=1 1.5x, https:\/\/i0.wp.com\/wobronietradycjiiwiary.com\/wp-content\/uploads\/2015\/09\/4451058392_68592ec456_b.jpg?resize=700%2C400&ssl=1 2x"},"classes":[]},{"id":3081,"url":"https:\/\/wobronietradycjiiwiary.com\/pl\/neokatechumenat-komentarze-czytelnikow-i-nasza-odpowiedz\/","url_meta":{"origin":7264,"position":5},"title":"Neokatechumenat &#8211; komentarze czytelnik\u00f3w i nasza odpowied\u017a.","author":"Traditio et Fides","date":"29 grudnia 2014","format":false,"excerpt":"Czytelniczka Gosia pisze: Neokatechumenat, jest jak najbardziej zalegalizowany i popierany przez Papie\u017ca Franciszka. Jest miejscem, dzi\u0119ki kt\u00f3remu do Ko\u015bcio\u0142a trafiaj\u0105 ludzie, kt\u00f3rzy wcze\u015bniej byli niewierz\u0105cy i nie mieli \u017cadnego kontaktu z Bogiem. Ratuje ich \u017cycia. Gdyby nie neokatechumenat to wiele os\u00f3b dalej \u017cy\u0142oby w grzechu i nieszcz\u0119\u015bciu. Jest te\u017c bardzo\u2026","rel":"","context":"W \u201eNeokatechumenat&quot;","block_context":{"text":"Neokatechumenat","link":"https:\/\/wobronietradycjiiwiary.com\/pl\/category\/polemika\/kosciol-posoborowy\/nowe-ruchy-w-kosciele\/neokatechumenat-apologetyka\/"},"img":{"alt_text":"","src":"https:\/\/i0.wp.com\/wobronietradycjiiwiary.com\/wp-content\/uploads\/2014\/12\/1Medieval_monsters_3274937k.jpg?resize=350%2C200&ssl=1","width":350,"height":200,"srcset":"https:\/\/i0.wp.com\/wobronietradycjiiwiary.com\/wp-content\/uploads\/2014\/12\/1Medieval_monsters_3274937k.jpg?resize=350%2C200&ssl=1 1x, https:\/\/i0.wp.com\/wobronietradycjiiwiary.com\/wp-content\/uploads\/2014\/12\/1Medieval_monsters_3274937k.jpg?resize=525%2C300&ssl=1 1.5x, https:\/\/i0.wp.com\/wobronietradycjiiwiary.com\/wp-content\/uploads\/2014\/12\/1Medieval_monsters_3274937k.jpg?resize=700%2C400&ssl=1 2x"},"classes":[]}],"jetpack_featured_media_url":"https:\/\/wobronietradycjiiwiary.com\/wp-content\/uploads\/2015\/09\/4451058392_68592ec456_b.jpg","_links":{"self":[{"href":"https:\/\/wobronietradycjiiwiary.com\/pl\/wp-json\/wp\/v2\/posts\/7264","targetHints":{"allow":["GET"]}}],"collection":[{"href":"https:\/\/wobronietradycjiiwiary.com\/pl\/wp-json\/wp\/v2\/posts"}],"about":[{"href":"https:\/\/wobronietradycjiiwiary.com\/pl\/wp-json\/wp\/v2\/types\/post"}],"author":[{"embeddable":true,"href":"https:\/\/wobronietradycjiiwiary.com\/pl\/wp-json\/wp\/v2\/users\/60508433"}],"replies":[{"embeddable":true,"href":"https:\/\/wobronietradycjiiwiary.com\/pl\/wp-json\/wp\/v2\/comments?post=7264"}],"version-history":[{"count":1,"href":"https:\/\/wobronietradycjiiwiary.com\/pl\/wp-json\/wp\/v2\/posts\/7264\/revisions"}],"predecessor-version":[{"id":56736,"href":"https:\/\/wobronietradycjiiwiary.com\/pl\/wp-json\/wp\/v2\/posts\/7264\/revisions\/56736"}],"wp:featuredmedia":[{"embeddable":true,"href":"https:\/\/wobronietradycjiiwiary.com\/pl\/wp-json\/wp\/v2\/media\/7260"}],"wp:attachment":[{"href":"https:\/\/wobronietradycjiiwiary.com\/pl\/wp-json\/wp\/v2\/media?parent=7264"}],"wp:term":[{"taxonomy":"category","embeddable":true,"href":"https:\/\/wobronietradycjiiwiary.com\/pl\/wp-json\/wp\/v2\/categories?post=7264"},{"taxonomy":"post_tag","embeddable":true,"href":"https:\/\/wobronietradycjiiwiary.com\/pl\/wp-json\/wp\/v2\/tags?post=7264"}],"curies":[{"name":"wp","href":"https:\/\/api.w.org\/{rel}","templated":true}]}}