{"id":72468,"date":"2022-07-25T08:00:00","date_gmt":"2022-07-25T06:00:00","guid":{"rendered":"https:\/\/wobronietradycjiiwiary.com\/?p=72468"},"modified":"2025-02-07T15:46:05","modified_gmt":"2025-02-07T14:46:05","slug":"kard-bona-feniks-odrodzony-czyli-cwiczenia-duchowne-8-cwiczenia-duchowe-iv-wskazowki-rozmyslanie","status":"publish","type":"post","link":"https:\/\/wobronietradycjiiwiary.com\/pl\/kard-bona-feniks-odrodzony-czyli-cwiczenia-duchowne-8-cwiczenia-duchowe-iv-wskazowki-rozmyslanie\/","title":{"rendered":"Kard. Bona, &#8220;Feniks odrodzony czyli \u0107wiczenia duchowne&#8221;, (8) \u0106wiczenia duchowe (iv) Wskaz\u00f3wki &#8211; rozmy\u015blanie"},"content":{"rendered":"<div id=\"bsf_rt_marker\"><\/div><p>Czas lektury: 1 minuta Pocz\u0105tkiem wszelkiego post\u0119pu jest autorefleksja. Wiele os\u00f3b si\u0119 nad sob\u0105 po prostu nie zastanawia, a \u017cyje&hellip;<\/p>\n<div style=\"text-align: center\">\n<p>&nbsp;<\/p>\n<\/div>\n<h2 style=\"border: 5px solid #0000A0;padding: 1em;text-align: center\"><span style=\"color: #000000\">Pe\u0142en dost\u0119p dla <span style=\"color: #00ccff\"><a style=\"color: #00ccff\" href=\"https:\/\/wobronietradycjiiwiary.com\/subskrypcje-2\/\" target=\"_blank\" rel=\"noopener\">subskrybent\u00f3w<\/a><\/span>.<\/span><br \/>\n<span style=\"color: #3366ff\"><a style=\"color: #3366ff\" href=\"https:\/\/wobronietradycjiiwiary.com\/account\/login\/\" target=\"_blank\" rel=\"noopener\"><span style=\"color: #00ccff\">Zaloguj<\/span><\/a> <\/span>si\u0119 lub przejd\u017a do <a href=\"https:\/\/wobronietradycjiiwiary.com\/register\/\"><span style=\"color: #3366ff\">Rejestracji<\/span><\/a>.<\/h2>\n<div>\n<p style=\"text-align: center\"><a href=\"https:\/\/wobronietradycjiiwiary.com\/pl\/subskrypcje-2\/cennik\/\" target=\"_blank\" rel=\"noopener\"><span style=\"color: #000080;font-size: 24pt\"><strong>Nowe ni\u017csze ceny<\/strong><\/span><\/a><\/p>\n<p style=\"text-align: center\"><strong><span style=\"font-size: 18pt;color: #000080\">P\u0142atno\u015b\u0107 kart\u0105<\/span><\/strong><\/p>\n<\/div>\n<h3 style=\"text-align: center\"><a href=\"https:\/\/wobronietradycjiiwiary.com\/pl\/subskrypcje-2\/automatyczne\/indywidualne\/\" target=\"_blank\" rel=\"noopener\"><img fetchpriority=\"high\" decoding=\"async\" class=\"alignnone size-medium wp-image-80433\" src=\"https:\/\/wobronietradycjiiwiary.com\/wp-content\/uploads\/2022\/11\/Unbenannt-1-Online-1-300x202.jpg\" alt=\"\" width=\"300\" height=\"202\" srcset=\"https:\/\/wobronietradycjiiwiary.com\/wp-content\/uploads\/2022\/11\/Unbenannt-1-Online-1-300x202.jpg 300w, https:\/\/wobronietradycjiiwiary.com\/wp-content\/uploads\/2022\/11\/Unbenannt-1-Online-1-150x101.jpg 150w, https:\/\/wobronietradycjiiwiary.com\/wp-content\/uploads\/2022\/11\/Unbenannt-1-Online-1-18x12.jpg 18w, https:\/\/wobronietradycjiiwiary.com\/wp-content\/uploads\/2022\/11\/Unbenannt-1-Online-1.jpg 446w\" sizes=\"(max-width: 300px) 100vw, 300px\" \/><\/a><\/h3>\n<p style=\"text-align: center\"><strong><span style=\"font-size: 18pt;color: #000080\">P\u0142atno\u015b\u0107 przelewem<\/span><\/strong><\/p>\n<p><a href=\"https:\/\/wobronietradycjiiwiary.com\/pl\/subskrypcje-2\/automatyczne\/indywidualne\/\" target=\"_blank\" rel=\"noopener\"><img decoding=\"async\" class=\"size-medium wp-image-80434 aligncenter\" src=\"https:\/\/wobronietradycjiiwiary.com\/wp-content\/uploads\/2022\/11\/Unbenannt-1-Przelewem-300x137.jpg\" alt=\"\" width=\"300\" height=\"137\" srcset=\"https:\/\/wobronietradycjiiwiary.com\/wp-content\/uploads\/2022\/11\/Unbenannt-1-Przelewem-300x137.jpg 300w, https:\/\/wobronietradycjiiwiary.com\/wp-content\/uploads\/2022\/11\/Unbenannt-1-Przelewem-450x206.jpg 450w, https:\/\/wobronietradycjiiwiary.com\/wp-content\/uploads\/2022\/11\/Unbenannt-1-Przelewem-600x274.jpg 600w, https:\/\/wobronietradycjiiwiary.com\/wp-content\/uploads\/2022\/11\/Unbenannt-1-Przelewem-150x69.jpg 150w, https:\/\/wobronietradycjiiwiary.com\/wp-content\/uploads\/2022\/11\/Unbenannt-1-Przelewem-18x8.jpg 18w, https:\/\/wobronietradycjiiwiary.com\/wp-content\/uploads\/2022\/11\/Unbenannt-1-Przelewem.jpg 676w\" sizes=\"(max-width: 300px) 100vw, 300px\" \/><\/a><\/p>\n<p style=\"text-align: center\"><strong><span style=\"font-size: 18pt;color: #000080\">P\u0142atno\u015b\u0107 kart\u0105 do 6 os\u00f3b<\/span><\/strong><\/p>\n<p><a href=\"https:\/\/wobronietradycjiiwiary.com\/pl\/rodzinne\/\" target=\"_blank\" rel=\"noopener\"><img decoding=\"async\" class=\"size-medium wp-image-80435 aligncenter\" src=\"https:\/\/wobronietradycjiiwiary.com\/wp-content\/uploads\/2022\/11\/Unbenannt-1-Rodzinna-300x208.jpg\" alt=\"\" width=\"300\" height=\"208\" srcset=\"https:\/\/wobronietradycjiiwiary.com\/wp-content\/uploads\/2022\/11\/Unbenannt-1-Rodzinna-300x208.jpg 300w, https:\/\/wobronietradycjiiwiary.com\/wp-content\/uploads\/2022\/11\/Unbenannt-1-Rodzinna-150x104.jpg 150w, https:\/\/wobronietradycjiiwiary.com\/wp-content\/uploads\/2022\/11\/Unbenannt-1-Rodzinna-18x12.jpg 18w, https:\/\/wobronietradycjiiwiary.com\/wp-content\/uploads\/2022\/11\/Unbenannt-1-Rodzinna.jpg 448w\" sizes=\"(max-width: 300px) 100vw, 300px\" \/><\/a><\/p>\n<h3 style=\"text-align: center\"><\/h3>\n<h1 style=\"text-align: center\"><\/h1>\n","protected":false},"excerpt":{"rendered":"<p>Czas lektury: 1 minuta Pocz\u0105tkiem wszelkiego post\u0119pu jest autorefleksja. Wiele os\u00f3b si\u0119 nad sob\u0105 po prostu nie zastanawia, a \u017cyje&hellip; &nbsp; Pe\u0142en dost\u0119p dla subskrybent\u00f3w. Zaloguj si\u0119 lub przejd\u017a do Rejestracji. Nowe ni\u017csze ceny P\u0142atno\u015b\u0107 kart\u0105 P\u0142atno\u015b\u0107 przelewem P\u0142atno\u015b\u0107 kart\u0105 do 6 os\u00f3b<\/p>\n","protected":false},"author":60508433,"featured_media":70027,"comment_status":"open","ping_status":"open","sticky":false,"template":"","format":"standard","meta":{"_bbp_topic_count":0,"_bbp_reply_count":0,"_bbp_total_topic_count":0,"_bbp_total_reply_count":0,"_bbp_voice_count":0,"_bbp_anonymous_reply_count":0,"_bbp_topic_count_hidden":0,"_bbp_reply_count_hidden":0,"_bbp_forum_subforum_count":0,"_editorskit_title_hidden":false,"_editorskit_reading_time":1,"_editorskit_is_block_options_detached":false,"_editorskit_block_options_position":"{}","_coblocks_attr":"","_coblocks_dimensions":"","_coblocks_responsive_height":"","_coblocks_accordion_ie_support":"","_exactmetrics_skip_tracking":false,"_jetpack_newsletter_access":"","_jetpack_dont_email_post_to_subs":false,"_jetpack_newsletter_tier_id":0,"_jetpack_memberships_contains_paywalled_content":false,"_wpcom_ai_launchpad_first_post":false,"_jetpack_feature_clip_id":0,"_jetpack_memberships_contains_paid_content":false,"footnotes":"","jetpack_publicize_message":"{title}\n\n{excerpt}\n\n{url}","jetpack_publicize_feature_enabled":true,"jetpack_social_post_already_shared":true,"jetpack_social_options":{"image_generator_settings":{"template":"highway","default_image_id":0,"font":"","enabled":false},"version":2},"_wpas_customize_per_network":false,"jetpack_post_was_ever_published":false},"categories":[610133090,610131214,610131184,329678044],"tags":[610132133],"class_list":["post-72468","post","type-post","status-publish","format-standard","has-post-thumbnail","hentry","category-feniks-odrodzony","category-autorzy","category-duchowosc","category-kardynal-bona","tag-restricted"],"yoast_head":"<!-- This site is optimized with the Yoast SEO plugin v28.4 - https:\/\/yoast.com\/product\/yoast-seo-wordpress\/ -->\n<title>Kard. Bona, &quot;Feniks odrodzony czyli \u0107wiczenia duchowne&quot;, (8) \u0106wiczenia duchowe (iv) Wskaz\u00f3wki - rozmy\u015blanie - Tradycja i Wiara<\/title>\n<meta name=\"robots\" content=\"index, follow, max-snippet:-1, max-image-preview:large, max-video-preview:-1\" \/>\n<link rel=\"canonical\" href=\"https:\/\/wobronietradycjiiwiary.com\/pl\/kard-bona-feniks-odrodzony-czyli-cwiczenia-duchowne-8-cwiczenia-duchowe-iv-wskazowki-rozmyslanie\/\" \/>\n<meta property=\"og:locale\" content=\"pl_PL\" \/>\n<meta property=\"og:type\" content=\"article\" \/>\n<meta property=\"og:title\" content=\"Kard. Bona, &quot;Feniks odrodzony czyli \u0107wiczenia duchowne&quot;, (8) \u0106wiczenia duchowe (iv) Wskaz\u00f3wki - rozmy\u015blanie - Tradycja i Wiara\" \/>\n<meta property=\"og:description\" content=\"Czas lektury: 1 minuta Pocz\u0105tkiem wszelkiego post\u0119pu jest autorefleksja. Wiele os\u00f3b si\u0119 nad sob\u0105 po prostu nie zastanawia, a \u017cyje&hellip; &nbsp; Pe\u0142en dost\u0119p dla subskrybent\u00f3w. Zaloguj si\u0119 lub przejd\u017a do Rejestracji. Nowe ni\u017csze ceny P\u0142atno\u015b\u0107 kart\u0105 P\u0142atno\u015b\u0107 przelewem P\u0142atno\u015b\u0107 kart\u0105 do 6 os\u00f3b\" \/>\n<meta property=\"og:url\" content=\"https:\/\/wobronietradycjiiwiary.com\/pl\/kard-bona-feniks-odrodzony-czyli-cwiczenia-duchowne-8-cwiczenia-duchowe-iv-wskazowki-rozmyslanie\/\" \/>\n<meta property=\"og:site_name\" content=\"Tradycja i Wiara\" \/>\n<meta property=\"article:publisher\" content=\"https:\/\/www.facebook.com\/Tradycja-i-Wiara-108813920592249\" \/>\n<meta property=\"article:published_time\" content=\"2022-07-25T06:00:00+00:00\" \/>\n<meta property=\"article:modified_time\" content=\"2025-02-07T14:46:05+00:00\" \/>\n<meta property=\"og:image\" content=\"https:\/\/i0.wp.com\/wobronietradycjiiwiary.com\/wp-content\/uploads\/2022\/05\/00090501.jpg?fit=797%2C1024&ssl=1\" \/>\n\t<meta property=\"og:image:width\" content=\"797\" \/>\n\t<meta property=\"og:image:height\" content=\"1024\" \/>\n\t<meta property=\"og:image:type\" content=\"image\/jpeg\" \/>\n<meta name=\"author\" content=\"Traditio et Fides\" \/>\n<meta name=\"twitter:card\" content=\"summary_large_image\" \/>\n<meta name=\"twitter:label1\" content=\"Napisane przez\" \/>\n\t<meta name=\"twitter:data1\" content=\"Traditio et Fides\" \/>\n\t<meta name=\"twitter:label2\" content=\"Szacowany czas czytania\" \/>\n\t<meta name=\"twitter:data2\" content=\"1 minuta\" \/>\n<script type=\"application\/ld+json\" class=\"yoast-schema-graph\">{\"@context\":\"https:\\\/\\\/schema.org\",\"@graph\":[{\"@type\":\"Article\",\"@id\":\"https:\\\/\\\/wobronietradycjiiwiary.com\\\/kard-bona-feniks-odrodzony-czyli-cwiczenia-duchowne-8-cwiczenia-duchowe-iv-wskazowki-rozmyslanie\\\/#article\",\"isPartOf\":{\"@id\":\"https:\\\/\\\/wobronietradycjiiwiary.com\\\/kard-bona-feniks-odrodzony-czyli-cwiczenia-duchowne-8-cwiczenia-duchowe-iv-wskazowki-rozmyslanie\\\/\"},\"author\":{\"name\":\"Traditio et Fides\",\"@id\":\"https:\\\/\\\/wobronietradycjiiwiary.com\\\/pl\\\/#\\\/schema\\\/person\\\/2d6180ce6abcb681fef0daab7816e8f3\"},\"headline\":\"Kard. Bona, &#8220;Feniks odrodzony czyli \u0107wiczenia duchowne&#8221;, (8) \u0106wiczenia duchowe (iv) Wskaz\u00f3wki &#8211; rozmy\u015blanie\",\"datePublished\":\"2022-07-25T06:00:00+00:00\",\"dateModified\":\"2025-02-07T14:46:05+00:00\",\"mainEntityOfPage\":{\"@id\":\"https:\\\/\\\/wobronietradycjiiwiary.com\\\/kard-bona-feniks-odrodzony-czyli-cwiczenia-duchowne-8-cwiczenia-duchowe-iv-wskazowki-rozmyslanie\\\/\"},\"wordCount\":122,\"commentCount\":0,\"publisher\":{\"@id\":\"https:\\\/\\\/wobronietradycjiiwiary.com\\\/pl\\\/#organization\"},\"image\":{\"@id\":\"https:\\\/\\\/wobronietradycjiiwiary.com\\\/kard-bona-feniks-odrodzony-czyli-cwiczenia-duchowne-8-cwiczenia-duchowe-iv-wskazowki-rozmyslanie\\\/#primaryimage\"},\"thumbnailUrl\":\"https:\\\/\\\/wobronietradycjiiwiary.com\\\/wp-content\\\/uploads\\\/2022\\\/05\\\/00090501.jpg\",\"keywords\":[\"Restricted\"],\"articleSection\":[\"\\\"Feniks odrodzony\\\"\",\"Autorzy \u017cycia duchowego\",\"Duchowo\u015b\u0107\",\"Kardyna\u0142 Bona\"],\"inLanguage\":\"pl-PL\",\"potentialAction\":[{\"@type\":\"CommentAction\",\"name\":\"Comment\",\"target\":[\"https:\\\/\\\/wobronietradycjiiwiary.com\\\/kard-bona-feniks-odrodzony-czyli-cwiczenia-duchowne-8-cwiczenia-duchowe-iv-wskazowki-rozmyslanie\\\/#respond\"]}]},{\"@type\":\"WebPage\",\"@id\":\"https:\\\/\\\/wobronietradycjiiwiary.com\\\/kard-bona-feniks-odrodzony-czyli-cwiczenia-duchowne-8-cwiczenia-duchowe-iv-wskazowki-rozmyslanie\\\/\",\"url\":\"https:\\\/\\\/wobronietradycjiiwiary.com\\\/kard-bona-feniks-odrodzony-czyli-cwiczenia-duchowne-8-cwiczenia-duchowe-iv-wskazowki-rozmyslanie\\\/\",\"name\":\"Kard. Bona, \\\"Feniks odrodzony czyli \u0107wiczenia duchowne\\\", (8) \u0106wiczenia duchowe (iv) Wskaz\u00f3wki - rozmy\u015blanie - Tradycja i Wiara\",\"isPartOf\":{\"@id\":\"https:\\\/\\\/wobronietradycjiiwiary.com\\\/pl\\\/#website\"},\"primaryImageOfPage\":{\"@id\":\"https:\\\/\\\/wobronietradycjiiwiary.com\\\/kard-bona-feniks-odrodzony-czyli-cwiczenia-duchowne-8-cwiczenia-duchowe-iv-wskazowki-rozmyslanie\\\/#primaryimage\"},\"image\":{\"@id\":\"https:\\\/\\\/wobronietradycjiiwiary.com\\\/kard-bona-feniks-odrodzony-czyli-cwiczenia-duchowne-8-cwiczenia-duchowe-iv-wskazowki-rozmyslanie\\\/#primaryimage\"},\"thumbnailUrl\":\"https:\\\/\\\/wobronietradycjiiwiary.com\\\/wp-content\\\/uploads\\\/2022\\\/05\\\/00090501.jpg\",\"datePublished\":\"2022-07-25T06:00:00+00:00\",\"dateModified\":\"2025-02-07T14:46:05+00:00\",\"breadcrumb\":{\"@id\":\"https:\\\/\\\/wobronietradycjiiwiary.com\\\/kard-bona-feniks-odrodzony-czyli-cwiczenia-duchowne-8-cwiczenia-duchowe-iv-wskazowki-rozmyslanie\\\/#breadcrumb\"},\"inLanguage\":\"pl-PL\",\"potentialAction\":[{\"@type\":\"ReadAction\",\"target\":[\"https:\\\/\\\/wobronietradycjiiwiary.com\\\/kard-bona-feniks-odrodzony-czyli-cwiczenia-duchowne-8-cwiczenia-duchowe-iv-wskazowki-rozmyslanie\\\/\"]}]},{\"@type\":\"ImageObject\",\"inLanguage\":\"pl-PL\",\"@id\":\"https:\\\/\\\/wobronietradycjiiwiary.com\\\/kard-bona-feniks-odrodzony-czyli-cwiczenia-duchowne-8-cwiczenia-duchowe-iv-wskazowki-rozmyslanie\\\/#primaryimage\",\"url\":\"https:\\\/\\\/wobronietradycjiiwiary.com\\\/wp-content\\\/uploads\\\/2022\\\/05\\\/00090501.jpg\",\"contentUrl\":\"https:\\\/\\\/wobronietradycjiiwiary.com\\\/wp-content\\\/uploads\\\/2022\\\/05\\\/00090501.jpg\",\"width\":797,\"height\":1024},{\"@type\":\"BreadcrumbList\",\"@id\":\"https:\\\/\\\/wobronietradycjiiwiary.com\\\/kard-bona-feniks-odrodzony-czyli-cwiczenia-duchowne-8-cwiczenia-duchowe-iv-wskazowki-rozmyslanie\\\/#breadcrumb\",\"itemListElement\":[{\"@type\":\"ListItem\",\"position\":1,\"name\":\"Strona g\u0142\u00f3wna\",\"item\":\"https:\\\/\\\/wobronietradycjiiwiary.com\\\/\"},{\"@type\":\"ListItem\",\"position\":2,\"name\":\"Kard. Bona, &#8222;Feniks odrodzony czyli \u0107wiczenia duchowne&#8221;, (8) \u0106wiczenia duchowe (iv) Wskaz\u00f3wki &#8211; rozmy\u015blanie\"}]},{\"@type\":\"WebSite\",\"@id\":\"https:\\\/\\\/wobronietradycjiiwiary.com\\\/pl\\\/#website\",\"url\":\"https:\\\/\\\/wobronietradycjiiwiary.com\\\/pl\\\/\",\"name\":\"Tradycja i Wiara\",\"description\":\"Portal dla katolik\u00f3w.\",\"publisher\":{\"@id\":\"https:\\\/\\\/wobronietradycjiiwiary.com\\\/pl\\\/#organization\"},\"potentialAction\":[{\"@type\":\"SearchAction\",\"target\":{\"@type\":\"EntryPoint\",\"urlTemplate\":\"https:\\\/\\\/wobronietradycjiiwiary.com\\\/pl\\\/?s={search_term_string}\"},\"query-input\":{\"@type\":\"PropertyValueSpecification\",\"valueRequired\":true,\"valueName\":\"search_term_string\"}}],\"inLanguage\":\"pl-PL\"},{\"@type\":\"Organization\",\"@id\":\"https:\\\/\\\/wobronietradycjiiwiary.com\\\/pl\\\/#organization\",\"name\":\"Tradycja i Wiara\",\"url\":\"https:\\\/\\\/wobronietradycjiiwiary.com\\\/pl\\\/\",\"logo\":{\"@type\":\"ImageObject\",\"inLanguage\":\"pl-PL\",\"@id\":\"https:\\\/\\\/wobronietradycjiiwiary.com\\\/pl\\\/#\\\/schema\\\/logo\\\/image\\\/\",\"url\":\"https:\\\/\\\/i0.wp.com\\\/wobronietradycjiiwiary.com\\\/wp-content\\\/uploads\\\/2015\\\/10\\\/cropped-st-peters-dome-vatican.jpg?fit=940%2C198&ssl=1\",\"contentUrl\":\"https:\\\/\\\/i0.wp.com\\\/wobronietradycjiiwiary.com\\\/wp-content\\\/uploads\\\/2015\\\/10\\\/cropped-st-peters-dome-vatican.jpg?fit=940%2C198&ssl=1\",\"width\":940,\"height\":198,\"caption\":\"Tradycja i Wiara\"},\"image\":{\"@id\":\"https:\\\/\\\/wobronietradycjiiwiary.com\\\/pl\\\/#\\\/schema\\\/logo\\\/image\\\/\"},\"sameAs\":[\"https:\\\/\\\/www.facebook.com\\\/Tradycja-i-Wiara-108813920592249\"]},{\"@type\":\"Person\",\"@id\":\"https:\\\/\\\/wobronietradycjiiwiary.com\\\/pl\\\/#\\\/schema\\\/person\\\/2d6180ce6abcb681fef0daab7816e8f3\",\"name\":\"Traditio et Fides\",\"sameAs\":[\"https:\\\/\\\/traditionundglauben.com\"],\"url\":\"https:\\\/\\\/wobronietradycjiiwiary.com\\\/pl\\\/author\\\/wobronietradycjiiwiary\\\/\"}]}<\/script>\n<!-- \/ Yoast SEO plugin. -->","yoast_head_json":{"title":"Kard. Bona, \"Feniks odrodzony czyli \u0107wiczenia duchowne\", (8) \u0106wiczenia duchowe (iv) Wskaz\u00f3wki - rozmy\u015blanie - Tradycja i Wiara","robots":{"index":"index","follow":"follow","max-snippet":"max-snippet:-1","max-image-preview":"max-image-preview:large","max-video-preview":"max-video-preview:-1"},"canonical":"https:\/\/wobronietradycjiiwiary.com\/pl\/kard-bona-feniks-odrodzony-czyli-cwiczenia-duchowne-8-cwiczenia-duchowe-iv-wskazowki-rozmyslanie\/","og_locale":"pl_PL","og_type":"article","og_title":"Kard. Bona, \"Feniks odrodzony czyli \u0107wiczenia duchowne\", (8) \u0106wiczenia duchowe (iv) Wskaz\u00f3wki - rozmy\u015blanie - Tradycja i Wiara","og_description":"Czas lektury: 1 minuta Pocz\u0105tkiem wszelkiego post\u0119pu jest autorefleksja. Wiele os\u00f3b si\u0119 nad sob\u0105 po prostu nie zastanawia, a \u017cyje&hellip; &nbsp; Pe\u0142en dost\u0119p dla subskrybent\u00f3w. Zaloguj si\u0119 lub przejd\u017a do Rejestracji. Nowe ni\u017csze ceny P\u0142atno\u015b\u0107 kart\u0105 P\u0142atno\u015b\u0107 przelewem P\u0142atno\u015b\u0107 kart\u0105 do 6 os\u00f3b","og_url":"https:\/\/wobronietradycjiiwiary.com\/pl\/kard-bona-feniks-odrodzony-czyli-cwiczenia-duchowne-8-cwiczenia-duchowe-iv-wskazowki-rozmyslanie\/","og_site_name":"Tradycja i Wiara","article_publisher":"https:\/\/www.facebook.com\/Tradycja-i-Wiara-108813920592249","article_published_time":"2022-07-25T06:00:00+00:00","article_modified_time":"2025-02-07T14:46:05+00:00","og_image":[{"width":797,"height":1024,"url":"https:\/\/i0.wp.com\/wobronietradycjiiwiary.com\/wp-content\/uploads\/2022\/05\/00090501.jpg?fit=797%2C1024&ssl=1","type":"image\/jpeg"}],"author":"Traditio et Fides","twitter_card":"summary_large_image","twitter_misc":{"Napisane przez":"Traditio et Fides","Szacowany czas czytania":"1 minuta"},"schema":{"@context":"https:\/\/schema.org","@graph":[{"@type":"Article","@id":"https:\/\/wobronietradycjiiwiary.com\/kard-bona-feniks-odrodzony-czyli-cwiczenia-duchowne-8-cwiczenia-duchowe-iv-wskazowki-rozmyslanie\/#article","isPartOf":{"@id":"https:\/\/wobronietradycjiiwiary.com\/kard-bona-feniks-odrodzony-czyli-cwiczenia-duchowne-8-cwiczenia-duchowe-iv-wskazowki-rozmyslanie\/"},"author":{"name":"Traditio et Fides","@id":"https:\/\/wobronietradycjiiwiary.com\/pl\/#\/schema\/person\/2d6180ce6abcb681fef0daab7816e8f3"},"headline":"Kard. Bona, &#8220;Feniks odrodzony czyli \u0107wiczenia duchowne&#8221;, (8) \u0106wiczenia duchowe (iv) Wskaz\u00f3wki &#8211; rozmy\u015blanie","datePublished":"2022-07-25T06:00:00+00:00","dateModified":"2025-02-07T14:46:05+00:00","mainEntityOfPage":{"@id":"https:\/\/wobronietradycjiiwiary.com\/kard-bona-feniks-odrodzony-czyli-cwiczenia-duchowne-8-cwiczenia-duchowe-iv-wskazowki-rozmyslanie\/"},"wordCount":122,"commentCount":0,"publisher":{"@id":"https:\/\/wobronietradycjiiwiary.com\/pl\/#organization"},"image":{"@id":"https:\/\/wobronietradycjiiwiary.com\/kard-bona-feniks-odrodzony-czyli-cwiczenia-duchowne-8-cwiczenia-duchowe-iv-wskazowki-rozmyslanie\/#primaryimage"},"thumbnailUrl":"https:\/\/wobronietradycjiiwiary.com\/wp-content\/uploads\/2022\/05\/00090501.jpg","keywords":["Restricted"],"articleSection":["\"Feniks odrodzony\"","Autorzy \u017cycia duchowego","Duchowo\u015b\u0107","Kardyna\u0142 Bona"],"inLanguage":"pl-PL","potentialAction":[{"@type":"CommentAction","name":"Comment","target":["https:\/\/wobronietradycjiiwiary.com\/kard-bona-feniks-odrodzony-czyli-cwiczenia-duchowne-8-cwiczenia-duchowe-iv-wskazowki-rozmyslanie\/#respond"]}]},{"@type":"WebPage","@id":"https:\/\/wobronietradycjiiwiary.com\/kard-bona-feniks-odrodzony-czyli-cwiczenia-duchowne-8-cwiczenia-duchowe-iv-wskazowki-rozmyslanie\/","url":"https:\/\/wobronietradycjiiwiary.com\/kard-bona-feniks-odrodzony-czyli-cwiczenia-duchowne-8-cwiczenia-duchowe-iv-wskazowki-rozmyslanie\/","name":"Kard. Bona, \"Feniks odrodzony czyli \u0107wiczenia duchowne\", (8) \u0106wiczenia duchowe (iv) Wskaz\u00f3wki - rozmy\u015blanie - Tradycja i Wiara","isPartOf":{"@id":"https:\/\/wobronietradycjiiwiary.com\/pl\/#website"},"primaryImageOfPage":{"@id":"https:\/\/wobronietradycjiiwiary.com\/kard-bona-feniks-odrodzony-czyli-cwiczenia-duchowne-8-cwiczenia-duchowe-iv-wskazowki-rozmyslanie\/#primaryimage"},"image":{"@id":"https:\/\/wobronietradycjiiwiary.com\/kard-bona-feniks-odrodzony-czyli-cwiczenia-duchowne-8-cwiczenia-duchowe-iv-wskazowki-rozmyslanie\/#primaryimage"},"thumbnailUrl":"https:\/\/wobronietradycjiiwiary.com\/wp-content\/uploads\/2022\/05\/00090501.jpg","datePublished":"2022-07-25T06:00:00+00:00","dateModified":"2025-02-07T14:46:05+00:00","breadcrumb":{"@id":"https:\/\/wobronietradycjiiwiary.com\/kard-bona-feniks-odrodzony-czyli-cwiczenia-duchowne-8-cwiczenia-duchowe-iv-wskazowki-rozmyslanie\/#breadcrumb"},"inLanguage":"pl-PL","potentialAction":[{"@type":"ReadAction","target":["https:\/\/wobronietradycjiiwiary.com\/kard-bona-feniks-odrodzony-czyli-cwiczenia-duchowne-8-cwiczenia-duchowe-iv-wskazowki-rozmyslanie\/"]}]},{"@type":"ImageObject","inLanguage":"pl-PL","@id":"https:\/\/wobronietradycjiiwiary.com\/kard-bona-feniks-odrodzony-czyli-cwiczenia-duchowne-8-cwiczenia-duchowe-iv-wskazowki-rozmyslanie\/#primaryimage","url":"https:\/\/wobronietradycjiiwiary.com\/wp-content\/uploads\/2022\/05\/00090501.jpg","contentUrl":"https:\/\/wobronietradycjiiwiary.com\/wp-content\/uploads\/2022\/05\/00090501.jpg","width":797,"height":1024},{"@type":"BreadcrumbList","@id":"https:\/\/wobronietradycjiiwiary.com\/kard-bona-feniks-odrodzony-czyli-cwiczenia-duchowne-8-cwiczenia-duchowe-iv-wskazowki-rozmyslanie\/#breadcrumb","itemListElement":[{"@type":"ListItem","position":1,"name":"Strona g\u0142\u00f3wna","item":"https:\/\/wobronietradycjiiwiary.com\/"},{"@type":"ListItem","position":2,"name":"Kard. Bona, &#8222;Feniks odrodzony czyli \u0107wiczenia duchowne&#8221;, (8) \u0106wiczenia duchowe (iv) Wskaz\u00f3wki &#8211; rozmy\u015blanie"}]},{"@type":"WebSite","@id":"https:\/\/wobronietradycjiiwiary.com\/pl\/#website","url":"https:\/\/wobronietradycjiiwiary.com\/pl\/","name":"Tradycja i Wiara","description":"Portal dla katolik\u00f3w.","publisher":{"@id":"https:\/\/wobronietradycjiiwiary.com\/pl\/#organization"},"potentialAction":[{"@type":"SearchAction","target":{"@type":"EntryPoint","urlTemplate":"https:\/\/wobronietradycjiiwiary.com\/pl\/?s={search_term_string}"},"query-input":{"@type":"PropertyValueSpecification","valueRequired":true,"valueName":"search_term_string"}}],"inLanguage":"pl-PL"},{"@type":"Organization","@id":"https:\/\/wobronietradycjiiwiary.com\/pl\/#organization","name":"Tradycja i Wiara","url":"https:\/\/wobronietradycjiiwiary.com\/pl\/","logo":{"@type":"ImageObject","inLanguage":"pl-PL","@id":"https:\/\/wobronietradycjiiwiary.com\/pl\/#\/schema\/logo\/image\/","url":"https:\/\/i0.wp.com\/wobronietradycjiiwiary.com\/wp-content\/uploads\/2015\/10\/cropped-st-peters-dome-vatican.jpg?fit=940%2C198&ssl=1","contentUrl":"https:\/\/i0.wp.com\/wobronietradycjiiwiary.com\/wp-content\/uploads\/2015\/10\/cropped-st-peters-dome-vatican.jpg?fit=940%2C198&ssl=1","width":940,"height":198,"caption":"Tradycja i Wiara"},"image":{"@id":"https:\/\/wobronietradycjiiwiary.com\/pl\/#\/schema\/logo\/image\/"},"sameAs":["https:\/\/www.facebook.com\/Tradycja-i-Wiara-108813920592249"]},{"@type":"Person","@id":"https:\/\/wobronietradycjiiwiary.com\/pl\/#\/schema\/person\/2d6180ce6abcb681fef0daab7816e8f3","name":"Traditio et Fides","sameAs":["https:\/\/traditionundglauben.com"],"url":"https:\/\/wobronietradycjiiwiary.com\/pl\/author\/wobronietradycjiiwiary\/"}]}},"jetpack_publicize_connections":[],"jetpack_sharing_enabled":true,"jetpack_likes_enabled":true,"jetpack_shortlink":"https:\/\/wp.me\/pc04Sd-iQQ","jetpack-related-posts":[{"id":69988,"url":"https:\/\/wobronietradycjiiwiary.com\/pl\/kard-bona-forever-lub-feniks-odrodzony\/","url_meta":{"origin":72468,"position":0},"title":"Kard. Bona forever lub &#8220;Feniks odrodzony&#8221;","author":"Traditio et Fides","date":"16 maja 2022","format":false,"excerpt":"Czas lektury: 1 minuta Skoro w ubieg\u0142ym tygodniu zako\u0144czyli\u015bmy lektur\u0119 Rozeznawania duch\u00f3w kardyna\u0142a Bony warto przej\u015b\u0107 do lektury - lectio continua - kolejnej pozycji tego\u017c autora. Dlaczego? Poniewa\u017c jest bardzo dobry i dowiedzie\u0107 si\u0119 mo\u017cna od niego rzeczy, kt\u00f3rych raczej nikt nam nie przeka\u017ce. Feniks odrodzony czyli \u0106wiczenia duchowne to\u2026","rel":"","context":"W \u201e\"Feniks odrodzony\"&quot;","block_context":{"text":"\"Feniks odrodzony\"","link":"https:\/\/wobronietradycjiiwiary.com\/pl\/category\/duchowosc\/autorzy\/kardynal-bona\/feniks-odrodzony\/"},"img":{"alt_text":"","src":"","width":0,"height":0},"classes":[]},{"id":74270,"url":"https:\/\/wobronietradycjiiwiary.com\/pl\/kard-bona-feniks-odrodzony-czyli-cwiczenia-duchowne-10-cwiczenia-duchowe-vi-o-porzadku-cwiczen-duchowych\/","url_meta":{"origin":72468,"position":1},"title":"Kard. Bona, &#8220;Feniks odrodzony czyli \u0107wiczenia duchowne&#8221;, (10) \u0106wiczenia duchowe (vi) O porz\u0105dku \u0107wicze\u0144 duchowych","author":"Traditio et Fides","date":"8 sierpnia 2022","format":false,"excerpt":"O wy\u017cszo\u015bci stanu zakonnego nad stanem \u015bwieckim.","rel":"","context":"W \u201e\"Feniks odrodzony\"&quot;","block_context":{"text":"\"Feniks odrodzony\"","link":"https:\/\/wobronietradycjiiwiary.com\/pl\/category\/duchowosc\/autorzy\/kardynal-bona\/feniks-odrodzony\/"},"img":{"alt_text":"","src":"https:\/\/i0.wp.com\/wobronietradycjiiwiary.com\/wp-content\/uploads\/2022\/05\/00090501.jpg?resize=350%2C200&ssl=1","width":350,"height":200,"srcset":"https:\/\/i0.wp.com\/wobronietradycjiiwiary.com\/wp-content\/uploads\/2022\/05\/00090501.jpg?resize=350%2C200&ssl=1 1x, https:\/\/i0.wp.com\/wobronietradycjiiwiary.com\/wp-content\/uploads\/2022\/05\/00090501.jpg?resize=525%2C300&ssl=1 1.5x, https:\/\/i0.wp.com\/wobronietradycjiiwiary.com\/wp-content\/uploads\/2022\/05\/00090501.jpg?resize=700%2C400&ssl=1 2x"},"classes":[]},{"id":74291,"url":"https:\/\/wobronietradycjiiwiary.com\/pl\/kard-bona-feniks-odrodzony-czyli-cwiczenia-duchowne-13-cwiczenia-duchowe-ix-porzadek-dnia\/","url_meta":{"origin":72468,"position":2},"title":"Kard. Bona, &#8220;Feniks odrodzony czyli \u0107wiczenia duchowne&#8221;, (13) \u0106wiczenia duchowe (ix) Porz\u0105dek dnia","author":"Traditio et Fides","date":"29 sierpnia 2022","format":false,"excerpt":"O konieczno\u015bci prowadzenia dziennika rekolekcji.","rel":"","context":"W \u201e\"Feniks odrodzony\"&quot;","block_context":{"text":"\"Feniks odrodzony\"","link":"https:\/\/wobronietradycjiiwiary.com\/pl\/category\/duchowosc\/autorzy\/kardynal-bona\/feniks-odrodzony\/"},"img":{"alt_text":"","src":"https:\/\/i0.wp.com\/wobronietradycjiiwiary.com\/wp-content\/uploads\/2022\/05\/00090501.jpg?resize=350%2C200&ssl=1","width":350,"height":200,"srcset":"https:\/\/i0.wp.com\/wobronietradycjiiwiary.com\/wp-content\/uploads\/2022\/05\/00090501.jpg?resize=350%2C200&ssl=1 1x, https:\/\/i0.wp.com\/wobronietradycjiiwiary.com\/wp-content\/uploads\/2022\/05\/00090501.jpg?resize=525%2C300&ssl=1 1.5x, https:\/\/i0.wp.com\/wobronietradycjiiwiary.com\/wp-content\/uploads\/2022\/05\/00090501.jpg?resize=700%2C400&ssl=1 2x"},"classes":[]},{"id":80923,"url":"https:\/\/wobronietradycjiiwiary.com\/pl\/kard-bona-feniks-odrodzony-czyli-cwiczenia-duchowne-22-cwiczenia-duchowe-xviii-zachowywac-lagodnosc\/","url_meta":{"origin":72468,"position":3},"title":"Kard. Bona, &#8220;Feniks odrodzony czyli \u0107wiczenia duchowne&#8221;, (22) \u0106wiczenia duchowe (xviii) Zachowywa\u0107 \u0142agodno\u015b\u0107","author":"Traditio et Fides","date":"7 listopada 2022","format":false,"excerpt":"O tym, jak znosi\u0107 nieprzyjemnych spowiednik\u00f3w.","rel":"","context":"W \u201e\"Feniks odrodzony\"&quot;","block_context":{"text":"\"Feniks odrodzony\"","link":"https:\/\/wobronietradycjiiwiary.com\/pl\/category\/duchowosc\/autorzy\/kardynal-bona\/feniks-odrodzony\/"},"img":{"alt_text":"","src":"https:\/\/i0.wp.com\/wobronietradycjiiwiary.com\/wp-content\/uploads\/2022\/05\/00090501.jpg?resize=350%2C200&ssl=1","width":350,"height":200,"srcset":"https:\/\/i0.wp.com\/wobronietradycjiiwiary.com\/wp-content\/uploads\/2022\/05\/00090501.jpg?resize=350%2C200&ssl=1 1x, https:\/\/i0.wp.com\/wobronietradycjiiwiary.com\/wp-content\/uploads\/2022\/05\/00090501.jpg?resize=525%2C300&ssl=1 1.5x, https:\/\/i0.wp.com\/wobronietradycjiiwiary.com\/wp-content\/uploads\/2022\/05\/00090501.jpg?resize=700%2C400&ssl=1 2x"},"classes":[]},{"id":76792,"url":"https:\/\/wobronietradycjiiwiary.com\/pl\/kard-bona-feniks-odrodzony-czyli-cwiczenia-duchowne-14-cwiczenia-duchowe-xi\/","url_meta":{"origin":72468,"position":4},"title":"Kard. Bona, &#8220;Feniks odrodzony czyli \u0107wiczenia duchowne&#8221;, (14) \u0106wiczenia duchowe (xi) Wspania\u0142omy\u015blno\u015b\u0107 wymagana","author":"Traditio et Fides","date":"12 wrze\u015bnia 2022","format":false,"excerpt":"\"Jak Kuba Bogu, tak B\u00f3g Kubie\" - dok\u0142adnie tak jest.","rel":"","context":"W \u201eAutorzy \u017cycia duchowego&quot;","block_context":{"text":"Autorzy \u017cycia duchowego","link":"https:\/\/wobronietradycjiiwiary.com\/pl\/category\/duchowosc\/autorzy\/"},"img":{"alt_text":"","src":"https:\/\/i0.wp.com\/wobronietradycjiiwiary.com\/wp-content\/uploads\/2022\/05\/00090501.jpg?resize=350%2C200&ssl=1","width":350,"height":200,"srcset":"https:\/\/i0.wp.com\/wobronietradycjiiwiary.com\/wp-content\/uploads\/2022\/05\/00090501.jpg?resize=350%2C200&ssl=1 1x, https:\/\/i0.wp.com\/wobronietradycjiiwiary.com\/wp-content\/uploads\/2022\/05\/00090501.jpg?resize=525%2C300&ssl=1 1.5x, https:\/\/i0.wp.com\/wobronietradycjiiwiary.com\/wp-content\/uploads\/2022\/05\/00090501.jpg?resize=700%2C400&ssl=1 2x"},"classes":[]},{"id":72447,"url":"https:\/\/wobronietradycjiiwiary.com\/pl\/kard-bona-feniks-odrodzony-czyli-cwiczenia-duchowne-7-cwiczenia-duchowe-i-wstep-i-wskazowki\/","url_meta":{"origin":72468,"position":5},"title":"Kard. Bona, &#8220;Feniks odrodzony czyli \u0107wiczenia duchowne&#8221;, (7) \u0106wiczenia duchowe (i) Wst\u0119p i wskaz\u00f3wki","author":"Traditio et Fides","date":"4 lipca 2022","format":false,"excerpt":"O konieczno\u015bci samotno\u015bci oraz o tym, \u017ce rekolekcje nie s\u0105 celem samym w sobie.","rel":"","context":"W \u201e\"Feniks odrodzony\"&quot;","block_context":{"text":"\"Feniks odrodzony\"","link":"https:\/\/wobronietradycjiiwiary.com\/pl\/category\/duchowosc\/autorzy\/kardynal-bona\/feniks-odrodzony\/"},"img":{"alt_text":"","src":"https:\/\/i0.wp.com\/wobronietradycjiiwiary.com\/wp-content\/uploads\/2022\/05\/00090501.jpg?resize=350%2C200&ssl=1","width":350,"height":200,"srcset":"https:\/\/i0.wp.com\/wobronietradycjiiwiary.com\/wp-content\/uploads\/2022\/05\/00090501.jpg?resize=350%2C200&ssl=1 1x, https:\/\/i0.wp.com\/wobronietradycjiiwiary.com\/wp-content\/uploads\/2022\/05\/00090501.jpg?resize=525%2C300&ssl=1 1.5x, https:\/\/i0.wp.com\/wobronietradycjiiwiary.com\/wp-content\/uploads\/2022\/05\/00090501.jpg?resize=700%2C400&ssl=1 2x"},"classes":[]}],"amp_enabled":true,"jetpack_featured_media_url":"https:\/\/wobronietradycjiiwiary.com\/wp-content\/uploads\/2022\/05\/00090501.jpg","_links":{"self":[{"href":"https:\/\/wobronietradycjiiwiary.com\/pl\/wp-json\/wp\/v2\/posts\/72468","targetHints":{"allow":["GET"]}}],"collection":[{"href":"https:\/\/wobronietradycjiiwiary.com\/pl\/wp-json\/wp\/v2\/posts"}],"about":[{"href":"https:\/\/wobronietradycjiiwiary.com\/pl\/wp-json\/wp\/v2\/types\/post"}],"author":[{"embeddable":true,"href":"https:\/\/wobronietradycjiiwiary.com\/pl\/wp-json\/wp\/v2\/users\/60508433"}],"replies":[{"embeddable":true,"href":"https:\/\/wobronietradycjiiwiary.com\/pl\/wp-json\/wp\/v2\/comments?post=72468"}],"version-history":[{"count":6,"href":"https:\/\/wobronietradycjiiwiary.com\/pl\/wp-json\/wp\/v2\/posts\/72468\/revisions"}],"predecessor-version":[{"id":72487,"href":"https:\/\/wobronietradycjiiwiary.com\/pl\/wp-json\/wp\/v2\/posts\/72468\/revisions\/72487"}],"wp:featuredmedia":[{"embeddable":true,"href":"https:\/\/wobronietradycjiiwiary.com\/pl\/wp-json\/wp\/v2\/media\/70027"}],"wp:attachment":[{"href":"https:\/\/wobronietradycjiiwiary.com\/pl\/wp-json\/wp\/v2\/media?parent=72468"}],"wp:term":[{"taxonomy":"category","embeddable":true,"href":"https:\/\/wobronietradycjiiwiary.com\/pl\/wp-json\/wp\/v2\/categories?post=72468"},{"taxonomy":"post_tag","embeddable":true,"href":"https:\/\/wobronietradycjiiwiary.com\/pl\/wp-json\/wp\/v2\/tags?post=72468"}],"curies":[{"name":"wp","href":"https:\/\/api.w.org\/{rel}","templated":true}]}}