{"id":72309,"date":"2022-06-24T15:52:02","date_gmt":"2022-06-24T13:52:02","guid":{"rendered":"https:\/\/wobronietradycjiiwiary.com\/?p=72309"},"modified":"2025-02-07T15:51:46","modified_gmt":"2025-02-07T14:51:46","slug":"co-za-duchowo-to-niezdrowo-lub-o-laicyzacji-ks-jean-francois-six-i-jej-szerszym-kontekscie","status":"publish","type":"post","link":"https:\/\/wobronietradycjiiwiary.com\/pl\/co-za-duchowo-to-niezdrowo-lub-o-laicyzacji-ks-jean-francois-six-i-jej-szerszym-kontekscie\/","title":{"rendered":"Co za \u201educhowo\u201d, to niezdrowo lub o laicyzacji ks. Jean-Fran\u00e7ois Six w jej szerszym kontek\u015bcie"},"content":{"rendered":"<div id=\"bsf_rt_marker\"><\/div><p>Czas lektury\/ods\u0142uchu: 10\/20 min Kolejna laicyzacja \u201eojca za\u0142o\u017cyciela\u201d Dzisiejsza gloria.tv, niestety w niedok\u0142adnym t\u0142umaczeniu swojej w\u0142asnej wersji angielskiej, donosi o&hellip;<\/p>\n<div style=\"text-align: center\">\n<p>&nbsp;<\/p>\n<\/div>\n<h2 style=\"border: 5px solid #0000A0;padding: 1em;text-align: center\"><span style=\"color: #000000\">Pe\u0142en dost\u0119p dla <span style=\"color: #00ccff\"><a style=\"color: #00ccff\" href=\"https:\/\/wobronietradycjiiwiary.com\/subskrypcje-2\/\" target=\"_blank\" rel=\"noopener\">subskrybent\u00f3w<\/a><\/span>.<\/span><br \/>\n<span style=\"color: #3366ff\"><a style=\"color: #3366ff\" href=\"https:\/\/wobronietradycjiiwiary.com\/account\/login\/\" target=\"_blank\" rel=\"noopener\"><span style=\"color: #00ccff\">Zaloguj<\/span><\/a> <\/span>si\u0119 lub przejd\u017a do <a href=\"https:\/\/wobronietradycjiiwiary.com\/register\/\"><span style=\"color: #3366ff\">Rejestracji<\/span><\/a>.<\/h2>\n<div>\n<p style=\"text-align: center\"><a href=\"https:\/\/wobronietradycjiiwiary.com\/pl\/subskrypcje-2\/cennik\/\" target=\"_blank\" rel=\"noopener\"><span style=\"color: #000080;font-size: 24pt\"><strong>Nowe ni\u017csze ceny<\/strong><\/span><\/a><\/p>\n<p style=\"text-align: center\"><strong><span style=\"font-size: 18pt;color: #000080\">P\u0142atno\u015b\u0107 kart\u0105<\/span><\/strong><\/p>\n<\/div>\n<h3 style=\"text-align: center\"><a href=\"https:\/\/wobronietradycjiiwiary.com\/pl\/subskrypcje-2\/automatyczne\/indywidualne\/\" target=\"_blank\" rel=\"noopener\"><img fetchpriority=\"high\" decoding=\"async\" class=\"alignnone size-medium wp-image-80433\" src=\"https:\/\/wobronietradycjiiwiary.com\/wp-content\/uploads\/2022\/11\/Unbenannt-1-Online-1-300x202.jpg\" alt=\"\" width=\"300\" height=\"202\" srcset=\"https:\/\/wobronietradycjiiwiary.com\/wp-content\/uploads\/2022\/11\/Unbenannt-1-Online-1-300x202.jpg 300w, https:\/\/wobronietradycjiiwiary.com\/wp-content\/uploads\/2022\/11\/Unbenannt-1-Online-1-150x101.jpg 150w, https:\/\/wobronietradycjiiwiary.com\/wp-content\/uploads\/2022\/11\/Unbenannt-1-Online-1-18x12.jpg 18w, https:\/\/wobronietradycjiiwiary.com\/wp-content\/uploads\/2022\/11\/Unbenannt-1-Online-1.jpg 446w\" sizes=\"(max-width: 300px) 100vw, 300px\" \/><\/a><\/h3>\n<p style=\"text-align: center\"><strong><span style=\"font-size: 18pt;color: #000080\">P\u0142atno\u015b\u0107 przelewem<\/span><\/strong><\/p>\n<p><a href=\"https:\/\/wobronietradycjiiwiary.com\/pl\/subskrypcje-2\/automatyczne\/indywidualne\/\" target=\"_blank\" rel=\"noopener\"><img decoding=\"async\" class=\"size-medium wp-image-80434 aligncenter\" src=\"https:\/\/wobronietradycjiiwiary.com\/wp-content\/uploads\/2022\/11\/Unbenannt-1-Przelewem-300x137.jpg\" alt=\"\" width=\"300\" height=\"137\" srcset=\"https:\/\/wobronietradycjiiwiary.com\/wp-content\/uploads\/2022\/11\/Unbenannt-1-Przelewem-300x137.jpg 300w, https:\/\/wobronietradycjiiwiary.com\/wp-content\/uploads\/2022\/11\/Unbenannt-1-Przelewem-450x206.jpg 450w, https:\/\/wobronietradycjiiwiary.com\/wp-content\/uploads\/2022\/11\/Unbenannt-1-Przelewem-600x274.jpg 600w, https:\/\/wobronietradycjiiwiary.com\/wp-content\/uploads\/2022\/11\/Unbenannt-1-Przelewem-150x69.jpg 150w, https:\/\/wobronietradycjiiwiary.com\/wp-content\/uploads\/2022\/11\/Unbenannt-1-Przelewem-18x8.jpg 18w, https:\/\/wobronietradycjiiwiary.com\/wp-content\/uploads\/2022\/11\/Unbenannt-1-Przelewem.jpg 676w\" sizes=\"(max-width: 300px) 100vw, 300px\" \/><\/a><\/p>\n<p style=\"text-align: center\"><strong><span style=\"font-size: 18pt;color: #000080\">P\u0142atno\u015b\u0107 kart\u0105 do 6 os\u00f3b<\/span><\/strong><\/p>\n<p><a href=\"https:\/\/wobronietradycjiiwiary.com\/pl\/rodzinne\/\" target=\"_blank\" rel=\"noopener\"><img decoding=\"async\" class=\"size-medium wp-image-80435 aligncenter\" src=\"https:\/\/wobronietradycjiiwiary.com\/wp-content\/uploads\/2022\/11\/Unbenannt-1-Rodzinna-300x208.jpg\" alt=\"\" width=\"300\" height=\"208\" srcset=\"https:\/\/wobronietradycjiiwiary.com\/wp-content\/uploads\/2022\/11\/Unbenannt-1-Rodzinna-300x208.jpg 300w, https:\/\/wobronietradycjiiwiary.com\/wp-content\/uploads\/2022\/11\/Unbenannt-1-Rodzinna-150x104.jpg 150w, https:\/\/wobronietradycjiiwiary.com\/wp-content\/uploads\/2022\/11\/Unbenannt-1-Rodzinna-18x12.jpg 18w, https:\/\/wobronietradycjiiwiary.com\/wp-content\/uploads\/2022\/11\/Unbenannt-1-Rodzinna.jpg 448w\" sizes=\"(max-width: 300px) 100vw, 300px\" \/><\/a><\/p>\n<h3 style=\"text-align: center\"><\/h3>\n<h1 style=\"text-align: center\"><\/h1>\n","protected":false},"excerpt":{"rendered":"<p>O tym, jak molestowanie seksualne w kontek\u015bcie fa\u0142szywej duchowo\u015bci staje si\u0119 mo\u017cliwe.<\/p>\n","protected":false},"author":60508433,"featured_media":72315,"comment_status":"open","ping_status":"open","sticky":false,"template":"","format":"standard","meta":{"_coblocks_attr":"","_coblocks_dimensions":"","_coblocks_responsive_height":"","_coblocks_accordion_ie_support":"","_exactmetrics_skip_tracking":false,"_jetpack_newsletter_access":"","_jetpack_dont_email_post_to_subs":false,"_jetpack_newsletter_tier_id":0,"_jetpack_memberships_contains_paywalled_content":false,"_wpcom_ai_launchpad_first_post":false,"_jetpack_feature_clip_id":0,"_jetpack_memberships_contains_paid_content":false,"footnotes":"","jetpack_publicize_message":"{title}\n\n{excerpt}\n\n{url}","jetpack_publicize_feature_enabled":true,"jetpack_social_post_already_shared":true,"jetpack_social_options":{"image_generator_settings":{"template":"highway","default_image_id":0,"font":"","enabled":false},"version":2},"_wpas_customize_per_network":false,"jetpack_post_was_ever_published":false},"categories":[80248953,347875972,610133286,339795302,610131186,610133289],"tags":[610132133],"class_list":["post-72309","post","type-post","status-publish","format-standard","has-post-thumbnail","hentry","category-kosciol-posoborowy","category-mistyka-i-pseudomistyka","category-naduzycia-seksualne-w-kosciele","category-nowe-ruchy-w-kosciele","category-polemika","category-wobec-doroslych","tag-restricted"],"yoast_head":"<!-- This site is optimized with the Yoast SEO plugin v28.3 - https:\/\/yoast.com\/product\/yoast-seo-wordpress\/ -->\n<title>Co za \u201educhowo\u201d, to niezdrowo lub o laicyzacji ks. Jean-Fran\u00e7ois Six w jej szerszym kontek\u015bcie - Tradycja i Wiara<\/title>\n<meta name=\"robots\" content=\"index, follow, max-snippet:-1, max-image-preview:large, max-video-preview:-1\" \/>\n<link rel=\"canonical\" href=\"https:\/\/wobronietradycjiiwiary.com\/pl\/co-za-duchowo-to-niezdrowo-lub-o-laicyzacji-ks-jean-francois-six-i-jej-szerszym-kontekscie\/\" \/>\n<meta property=\"og:locale\" content=\"pl_PL\" \/>\n<meta property=\"og:type\" content=\"article\" \/>\n<meta property=\"og:title\" content=\"Co za \u201educhowo\u201d, to niezdrowo lub o laicyzacji ks. Jean-Fran\u00e7ois Six w jej szerszym kontek\u015bcie - Tradycja i Wiara\" \/>\n<meta property=\"og:description\" content=\"O tym, jak molestowanie seksualne w kontek\u015bcie fa\u0142szywej duchowo\u015bci staje si\u0119 mo\u017cliwe.\" \/>\n<meta property=\"og:url\" content=\"https:\/\/wobronietradycjiiwiary.com\/pl\/co-za-duchowo-to-niezdrowo-lub-o-laicyzacji-ks-jean-francois-six-i-jej-szerszym-kontekscie\/\" \/>\n<meta property=\"og:site_name\" content=\"Tradycja i Wiara\" \/>\n<meta property=\"article:publisher\" content=\"https:\/\/www.facebook.com\/Tradycja-i-Wiara-108813920592249\" \/>\n<meta property=\"article:published_time\" content=\"2022-06-24T13:52:02+00:00\" \/>\n<meta property=\"article:modified_time\" content=\"2025-02-07T14:51:46+00:00\" \/>\n<meta property=\"og:image\" content=\"https:\/\/wobronietradycjiiwiary.com\/wp-content\/uploads\/2022\/06\/D_GU-T2W4AAA3Az.jpg\" \/>\n\t<meta property=\"og:image:width\" content=\"470\" \/>\n\t<meta property=\"og:image:height\" content=\"462\" \/>\n\t<meta property=\"og:image:type\" content=\"image\/jpeg\" \/>\n<meta name=\"author\" content=\"Traditio et Fides\" \/>\n<meta name=\"twitter:card\" content=\"summary_large_image\" \/>\n<meta name=\"twitter:label1\" content=\"Napisane przez\" \/>\n\t<meta name=\"twitter:data1\" content=\"Traditio et Fides\" \/>\n\t<meta name=\"twitter:label2\" content=\"Szacowany czas czytania\" \/>\n\t<meta name=\"twitter:data2\" content=\"13 minut\" \/>\n<script type=\"application\/ld+json\" class=\"yoast-schema-graph\">{\"@context\":\"https:\\\/\\\/schema.org\",\"@graph\":[{\"@type\":\"Article\",\"@id\":\"https:\\\/\\\/wobronietradycjiiwiary.com\\\/co-za-duchowo-to-niezdrowo-lub-o-laicyzacji-ks-jean-francois-six-i-jej-szerszym-kontekscie\\\/#article\",\"isPartOf\":{\"@id\":\"https:\\\/\\\/wobronietradycjiiwiary.com\\\/co-za-duchowo-to-niezdrowo-lub-o-laicyzacji-ks-jean-francois-six-i-jej-szerszym-kontekscie\\\/\"},\"author\":{\"name\":\"Traditio et Fides\",\"@id\":\"https:\\\/\\\/wobronietradycjiiwiary.com\\\/pl\\\/#\\\/schema\\\/person\\\/2d6180ce6abcb681fef0daab7816e8f3\"},\"headline\":\"Co za \u201educhowo\u201d, to niezdrowo lub o laicyzacji ks. Jean-Fran\u00e7ois Six w jej szerszym kontek\u015bcie\",\"datePublished\":\"2022-06-24T13:52:02+00:00\",\"dateModified\":\"2025-02-07T14:51:46+00:00\",\"mainEntityOfPage\":{\"@id\":\"https:\\\/\\\/wobronietradycjiiwiary.com\\\/co-za-duchowo-to-niezdrowo-lub-o-laicyzacji-ks-jean-francois-six-i-jej-szerszym-kontekscie\\\/\"},\"wordCount\":2369,\"commentCount\":0,\"publisher\":{\"@id\":\"https:\\\/\\\/wobronietradycjiiwiary.com\\\/pl\\\/#organization\"},\"image\":{\"@id\":\"https:\\\/\\\/wobronietradycjiiwiary.com\\\/co-za-duchowo-to-niezdrowo-lub-o-laicyzacji-ks-jean-francois-six-i-jej-szerszym-kontekscie\\\/#primaryimage\"},\"thumbnailUrl\":\"https:\\\/\\\/wobronietradycjiiwiary.com\\\/wp-content\\\/uploads\\\/2022\\\/06\\\/D_GU-T2W4AAA3Az.jpg\",\"keywords\":[\"Restricted\"],\"articleSection\":[\"Ko\u015bci\u00f3\u0142 posoborowy\",\"Mistyka i pseudomistyka\",\"Nadu\u017cycia seksualne w Ko\u015bciele\",\"Nowe ruchy w Ko\u015bciele\",\"Polemika\",\"Wobec doros\u0142ych\"],\"inLanguage\":\"pl-PL\",\"potentialAction\":[{\"@type\":\"CommentAction\",\"name\":\"Comment\",\"target\":[\"https:\\\/\\\/wobronietradycjiiwiary.com\\\/co-za-duchowo-to-niezdrowo-lub-o-laicyzacji-ks-jean-francois-six-i-jej-szerszym-kontekscie\\\/#respond\"]}]},{\"@type\":\"WebPage\",\"@id\":\"https:\\\/\\\/wobronietradycjiiwiary.com\\\/co-za-duchowo-to-niezdrowo-lub-o-laicyzacji-ks-jean-francois-six-i-jej-szerszym-kontekscie\\\/\",\"url\":\"https:\\\/\\\/wobronietradycjiiwiary.com\\\/co-za-duchowo-to-niezdrowo-lub-o-laicyzacji-ks-jean-francois-six-i-jej-szerszym-kontekscie\\\/\",\"name\":\"Co za \u201educhowo\u201d, to niezdrowo lub o laicyzacji ks. Jean-Fran\u00e7ois Six w jej szerszym kontek\u015bcie - Tradycja i Wiara\",\"isPartOf\":{\"@id\":\"https:\\\/\\\/wobronietradycjiiwiary.com\\\/pl\\\/#website\"},\"primaryImageOfPage\":{\"@id\":\"https:\\\/\\\/wobronietradycjiiwiary.com\\\/co-za-duchowo-to-niezdrowo-lub-o-laicyzacji-ks-jean-francois-six-i-jej-szerszym-kontekscie\\\/#primaryimage\"},\"image\":{\"@id\":\"https:\\\/\\\/wobronietradycjiiwiary.com\\\/co-za-duchowo-to-niezdrowo-lub-o-laicyzacji-ks-jean-francois-six-i-jej-szerszym-kontekscie\\\/#primaryimage\"},\"thumbnailUrl\":\"https:\\\/\\\/wobronietradycjiiwiary.com\\\/wp-content\\\/uploads\\\/2022\\\/06\\\/D_GU-T2W4AAA3Az.jpg\",\"datePublished\":\"2022-06-24T13:52:02+00:00\",\"dateModified\":\"2025-02-07T14:51:46+00:00\",\"breadcrumb\":{\"@id\":\"https:\\\/\\\/wobronietradycjiiwiary.com\\\/co-za-duchowo-to-niezdrowo-lub-o-laicyzacji-ks-jean-francois-six-i-jej-szerszym-kontekscie\\\/#breadcrumb\"},\"inLanguage\":\"pl-PL\",\"potentialAction\":[{\"@type\":\"ReadAction\",\"target\":[\"https:\\\/\\\/wobronietradycjiiwiary.com\\\/co-za-duchowo-to-niezdrowo-lub-o-laicyzacji-ks-jean-francois-six-i-jej-szerszym-kontekscie\\\/\"]}]},{\"@type\":\"ImageObject\",\"inLanguage\":\"pl-PL\",\"@id\":\"https:\\\/\\\/wobronietradycjiiwiary.com\\\/co-za-duchowo-to-niezdrowo-lub-o-laicyzacji-ks-jean-francois-six-i-jej-szerszym-kontekscie\\\/#primaryimage\",\"url\":\"https:\\\/\\\/wobronietradycjiiwiary.com\\\/wp-content\\\/uploads\\\/2022\\\/06\\\/D_GU-T2W4AAA3Az.jpg\",\"contentUrl\":\"https:\\\/\\\/wobronietradycjiiwiary.com\\\/wp-content\\\/uploads\\\/2022\\\/06\\\/D_GU-T2W4AAA3Az.jpg\",\"width\":470,\"height\":462},{\"@type\":\"BreadcrumbList\",\"@id\":\"https:\\\/\\\/wobronietradycjiiwiary.com\\\/co-za-duchowo-to-niezdrowo-lub-o-laicyzacji-ks-jean-francois-six-i-jej-szerszym-kontekscie\\\/#breadcrumb\",\"itemListElement\":[{\"@type\":\"ListItem\",\"position\":1,\"name\":\"Strona g\u0142\u00f3wna\",\"item\":\"https:\\\/\\\/wobronietradycjiiwiary.com\\\/\"},{\"@type\":\"ListItem\",\"position\":2,\"name\":\"Co za \u201educhowo\u201d, to niezdrowo lub o laicyzacji ks. Jean-Fran\u00e7ois Six w jej szerszym kontek\u015bcie\"}]},{\"@type\":\"WebSite\",\"@id\":\"https:\\\/\\\/wobronietradycjiiwiary.com\\\/pl\\\/#website\",\"url\":\"https:\\\/\\\/wobronietradycjiiwiary.com\\\/pl\\\/\",\"name\":\"Tradycja i Wiara\",\"description\":\"Portal dla katolik\u00f3w.\",\"publisher\":{\"@id\":\"https:\\\/\\\/wobronietradycjiiwiary.com\\\/pl\\\/#organization\"},\"potentialAction\":[{\"@type\":\"SearchAction\",\"target\":{\"@type\":\"EntryPoint\",\"urlTemplate\":\"https:\\\/\\\/wobronietradycjiiwiary.com\\\/pl\\\/?s={search_term_string}\"},\"query-input\":{\"@type\":\"PropertyValueSpecification\",\"valueRequired\":true,\"valueName\":\"search_term_string\"}}],\"inLanguage\":\"pl-PL\"},{\"@type\":\"Organization\",\"@id\":\"https:\\\/\\\/wobronietradycjiiwiary.com\\\/pl\\\/#organization\",\"name\":\"Tradycja i Wiara\",\"url\":\"https:\\\/\\\/wobronietradycjiiwiary.com\\\/pl\\\/\",\"logo\":{\"@type\":\"ImageObject\",\"inLanguage\":\"pl-PL\",\"@id\":\"https:\\\/\\\/wobronietradycjiiwiary.com\\\/pl\\\/#\\\/schema\\\/logo\\\/image\\\/\",\"url\":\"https:\\\/\\\/i0.wp.com\\\/wobronietradycjiiwiary.com\\\/wp-content\\\/uploads\\\/2015\\\/10\\\/cropped-st-peters-dome-vatican.jpg?fit=940%2C198&ssl=1\",\"contentUrl\":\"https:\\\/\\\/i0.wp.com\\\/wobronietradycjiiwiary.com\\\/wp-content\\\/uploads\\\/2015\\\/10\\\/cropped-st-peters-dome-vatican.jpg?fit=940%2C198&ssl=1\",\"width\":940,\"height\":198,\"caption\":\"Tradycja i Wiara\"},\"image\":{\"@id\":\"https:\\\/\\\/wobronietradycjiiwiary.com\\\/pl\\\/#\\\/schema\\\/logo\\\/image\\\/\"},\"sameAs\":[\"https:\\\/\\\/www.facebook.com\\\/Tradycja-i-Wiara-108813920592249\"]},{\"@type\":\"Person\",\"@id\":\"https:\\\/\\\/wobronietradycjiiwiary.com\\\/pl\\\/#\\\/schema\\\/person\\\/2d6180ce6abcb681fef0daab7816e8f3\",\"name\":\"Traditio et Fides\",\"sameAs\":[\"https:\\\/\\\/traditionundglauben.com\"],\"url\":\"https:\\\/\\\/wobronietradycjiiwiary.com\\\/pl\\\/author\\\/wobronietradycjiiwiary\\\/\"}]}<\/script>\n<!-- \/ Yoast SEO plugin. -->","yoast_head_json":{"title":"Co za \u201educhowo\u201d, to niezdrowo lub o laicyzacji ks. Jean-Fran\u00e7ois Six w jej szerszym kontek\u015bcie - Tradycja i Wiara","robots":{"index":"index","follow":"follow","max-snippet":"max-snippet:-1","max-image-preview":"max-image-preview:large","max-video-preview":"max-video-preview:-1"},"canonical":"https:\/\/wobronietradycjiiwiary.com\/pl\/co-za-duchowo-to-niezdrowo-lub-o-laicyzacji-ks-jean-francois-six-i-jej-szerszym-kontekscie\/","og_locale":"pl_PL","og_type":"article","og_title":"Co za \u201educhowo\u201d, to niezdrowo lub o laicyzacji ks. Jean-Fran\u00e7ois Six w jej szerszym kontek\u015bcie - Tradycja i Wiara","og_description":"O tym, jak molestowanie seksualne w kontek\u015bcie fa\u0142szywej duchowo\u015bci staje si\u0119 mo\u017cliwe.","og_url":"https:\/\/wobronietradycjiiwiary.com\/pl\/co-za-duchowo-to-niezdrowo-lub-o-laicyzacji-ks-jean-francois-six-i-jej-szerszym-kontekscie\/","og_site_name":"Tradycja i Wiara","article_publisher":"https:\/\/www.facebook.com\/Tradycja-i-Wiara-108813920592249","article_published_time":"2022-06-24T13:52:02+00:00","article_modified_time":"2025-02-07T14:51:46+00:00","og_image":[{"width":470,"height":462,"url":"https:\/\/wobronietradycjiiwiary.com\/wp-content\/uploads\/2022\/06\/D_GU-T2W4AAA3Az.jpg","type":"image\/jpeg"}],"author":"Traditio et Fides","twitter_card":"summary_large_image","twitter_misc":{"Napisane przez":"Traditio et Fides","Szacowany czas czytania":"13 minut"},"schema":{"@context":"https:\/\/schema.org","@graph":[{"@type":"Article","@id":"https:\/\/wobronietradycjiiwiary.com\/co-za-duchowo-to-niezdrowo-lub-o-laicyzacji-ks-jean-francois-six-i-jej-szerszym-kontekscie\/#article","isPartOf":{"@id":"https:\/\/wobronietradycjiiwiary.com\/co-za-duchowo-to-niezdrowo-lub-o-laicyzacji-ks-jean-francois-six-i-jej-szerszym-kontekscie\/"},"author":{"name":"Traditio et Fides","@id":"https:\/\/wobronietradycjiiwiary.com\/pl\/#\/schema\/person\/2d6180ce6abcb681fef0daab7816e8f3"},"headline":"Co za \u201educhowo\u201d, to niezdrowo lub o laicyzacji ks. Jean-Fran\u00e7ois Six w jej szerszym kontek\u015bcie","datePublished":"2022-06-24T13:52:02+00:00","dateModified":"2025-02-07T14:51:46+00:00","mainEntityOfPage":{"@id":"https:\/\/wobronietradycjiiwiary.com\/co-za-duchowo-to-niezdrowo-lub-o-laicyzacji-ks-jean-francois-six-i-jej-szerszym-kontekscie\/"},"wordCount":2369,"commentCount":0,"publisher":{"@id":"https:\/\/wobronietradycjiiwiary.com\/pl\/#organization"},"image":{"@id":"https:\/\/wobronietradycjiiwiary.com\/co-za-duchowo-to-niezdrowo-lub-o-laicyzacji-ks-jean-francois-six-i-jej-szerszym-kontekscie\/#primaryimage"},"thumbnailUrl":"https:\/\/wobronietradycjiiwiary.com\/wp-content\/uploads\/2022\/06\/D_GU-T2W4AAA3Az.jpg","keywords":["Restricted"],"articleSection":["Ko\u015bci\u00f3\u0142 posoborowy","Mistyka i pseudomistyka","Nadu\u017cycia seksualne w Ko\u015bciele","Nowe ruchy w Ko\u015bciele","Polemika","Wobec doros\u0142ych"],"inLanguage":"pl-PL","potentialAction":[{"@type":"CommentAction","name":"Comment","target":["https:\/\/wobronietradycjiiwiary.com\/co-za-duchowo-to-niezdrowo-lub-o-laicyzacji-ks-jean-francois-six-i-jej-szerszym-kontekscie\/#respond"]}]},{"@type":"WebPage","@id":"https:\/\/wobronietradycjiiwiary.com\/co-za-duchowo-to-niezdrowo-lub-o-laicyzacji-ks-jean-francois-six-i-jej-szerszym-kontekscie\/","url":"https:\/\/wobronietradycjiiwiary.com\/co-za-duchowo-to-niezdrowo-lub-o-laicyzacji-ks-jean-francois-six-i-jej-szerszym-kontekscie\/","name":"Co za \u201educhowo\u201d, to niezdrowo lub o laicyzacji ks. Jean-Fran\u00e7ois Six w jej szerszym kontek\u015bcie - Tradycja i Wiara","isPartOf":{"@id":"https:\/\/wobronietradycjiiwiary.com\/pl\/#website"},"primaryImageOfPage":{"@id":"https:\/\/wobronietradycjiiwiary.com\/co-za-duchowo-to-niezdrowo-lub-o-laicyzacji-ks-jean-francois-six-i-jej-szerszym-kontekscie\/#primaryimage"},"image":{"@id":"https:\/\/wobronietradycjiiwiary.com\/co-za-duchowo-to-niezdrowo-lub-o-laicyzacji-ks-jean-francois-six-i-jej-szerszym-kontekscie\/#primaryimage"},"thumbnailUrl":"https:\/\/wobronietradycjiiwiary.com\/wp-content\/uploads\/2022\/06\/D_GU-T2W4AAA3Az.jpg","datePublished":"2022-06-24T13:52:02+00:00","dateModified":"2025-02-07T14:51:46+00:00","breadcrumb":{"@id":"https:\/\/wobronietradycjiiwiary.com\/co-za-duchowo-to-niezdrowo-lub-o-laicyzacji-ks-jean-francois-six-i-jej-szerszym-kontekscie\/#breadcrumb"},"inLanguage":"pl-PL","potentialAction":[{"@type":"ReadAction","target":["https:\/\/wobronietradycjiiwiary.com\/co-za-duchowo-to-niezdrowo-lub-o-laicyzacji-ks-jean-francois-six-i-jej-szerszym-kontekscie\/"]}]},{"@type":"ImageObject","inLanguage":"pl-PL","@id":"https:\/\/wobronietradycjiiwiary.com\/co-za-duchowo-to-niezdrowo-lub-o-laicyzacji-ks-jean-francois-six-i-jej-szerszym-kontekscie\/#primaryimage","url":"https:\/\/wobronietradycjiiwiary.com\/wp-content\/uploads\/2022\/06\/D_GU-T2W4AAA3Az.jpg","contentUrl":"https:\/\/wobronietradycjiiwiary.com\/wp-content\/uploads\/2022\/06\/D_GU-T2W4AAA3Az.jpg","width":470,"height":462},{"@type":"BreadcrumbList","@id":"https:\/\/wobronietradycjiiwiary.com\/co-za-duchowo-to-niezdrowo-lub-o-laicyzacji-ks-jean-francois-six-i-jej-szerszym-kontekscie\/#breadcrumb","itemListElement":[{"@type":"ListItem","position":1,"name":"Strona g\u0142\u00f3wna","item":"https:\/\/wobronietradycjiiwiary.com\/"},{"@type":"ListItem","position":2,"name":"Co za \u201educhowo\u201d, to niezdrowo lub o laicyzacji ks. Jean-Fran\u00e7ois Six w jej szerszym kontek\u015bcie"}]},{"@type":"WebSite","@id":"https:\/\/wobronietradycjiiwiary.com\/pl\/#website","url":"https:\/\/wobronietradycjiiwiary.com\/pl\/","name":"Tradycja i Wiara","description":"Portal dla katolik\u00f3w.","publisher":{"@id":"https:\/\/wobronietradycjiiwiary.com\/pl\/#organization"},"potentialAction":[{"@type":"SearchAction","target":{"@type":"EntryPoint","urlTemplate":"https:\/\/wobronietradycjiiwiary.com\/pl\/?s={search_term_string}"},"query-input":{"@type":"PropertyValueSpecification","valueRequired":true,"valueName":"search_term_string"}}],"inLanguage":"pl-PL"},{"@type":"Organization","@id":"https:\/\/wobronietradycjiiwiary.com\/pl\/#organization","name":"Tradycja i Wiara","url":"https:\/\/wobronietradycjiiwiary.com\/pl\/","logo":{"@type":"ImageObject","inLanguage":"pl-PL","@id":"https:\/\/wobronietradycjiiwiary.com\/pl\/#\/schema\/logo\/image\/","url":"https:\/\/i0.wp.com\/wobronietradycjiiwiary.com\/wp-content\/uploads\/2015\/10\/cropped-st-peters-dome-vatican.jpg?fit=940%2C198&ssl=1","contentUrl":"https:\/\/i0.wp.com\/wobronietradycjiiwiary.com\/wp-content\/uploads\/2015\/10\/cropped-st-peters-dome-vatican.jpg?fit=940%2C198&ssl=1","width":940,"height":198,"caption":"Tradycja i Wiara"},"image":{"@id":"https:\/\/wobronietradycjiiwiary.com\/pl\/#\/schema\/logo\/image\/"},"sameAs":["https:\/\/www.facebook.com\/Tradycja-i-Wiara-108813920592249"]},{"@type":"Person","@id":"https:\/\/wobronietradycjiiwiary.com\/pl\/#\/schema\/person\/2d6180ce6abcb681fef0daab7816e8f3","name":"Traditio et Fides","sameAs":["https:\/\/traditionundglauben.com"],"url":"https:\/\/wobronietradycjiiwiary.com\/pl\/author\/wobronietradycjiiwiary\/"}]}},"jetpack_publicize_connections":[],"jetpack_sharing_enabled":true,"jetpack_likes_enabled":true,"jetpack_shortlink":"https:\/\/wp.me\/pc04Sd-iOh","jetpack-related-posts":[{"id":65730,"url":"https:\/\/wobronietradycjiiwiary.com\/pl\/bractwo-sw-piusa-naduzycia-seksualne-w-afryce-ks-stehlin-doprowadzal-chlopcow\/","url_meta":{"origin":72309,"position":0},"title":"Bractwo \u015bw. Piusa X: nadu\u017cycia seksualne w Afryce, ks. Stehlin doprowadza\u0142 ch\u0142opc\u00f3w","author":"Traditio et Fides","date":"1 kwietnia 2022","format":false,"excerpt":"O tym, \u017ce ks. Stehlin FSSPX doprowadza\u0142 w Afryce ch\u0142opc\u00f3w pedofilowi i swojemu prze\u0142o\u017conemu. Smutne.","rel":"","context":"W \u201eFSSPX&quot;","block_context":{"text":"FSSPX","link":"https:\/\/wobronietradycjiiwiary.com\/pl\/category\/polemika\/kosciol-posoborowy\/tradycjonalizm\/fsspx\/"},"img":{"alt_text":"","src":"https:\/\/i0.wp.com\/wobronietradycjiiwiary.com\/wp-content\/uploads\/2014\/12\/yy028.jpg?resize=350%2C200&ssl=1","width":350,"height":200,"srcset":"https:\/\/i0.wp.com\/wobronietradycjiiwiary.com\/wp-content\/uploads\/2014\/12\/yy028.jpg?resize=350%2C200&ssl=1 1x, https:\/\/i0.wp.com\/wobronietradycjiiwiary.com\/wp-content\/uploads\/2014\/12\/yy028.jpg?resize=525%2C300&ssl=1 1.5x, https:\/\/i0.wp.com\/wobronietradycjiiwiary.com\/wp-content\/uploads\/2014\/12\/yy028.jpg?resize=700%2C400&ssl=1 2x"},"classes":[]},{"id":74358,"url":"https:\/\/wobronietradycjiiwiary.com\/pl\/satanistyczne-rytualy-w-kosciele-historia-rachel-mastrogiacomo\/","url_meta":{"origin":72309,"position":1},"title":"Satanistyczne rytua\u0142y w Ko\u015bciele? Historia Rachel Mastrogiacomo","author":"Traditio et Fides","date":"4 sierpnia 2022","format":false,"excerpt":"O nadu\u017cyciach seksualnych w kontek\u015bcie satanizmu w Ko\u015bciele.","rel":"","context":"W \u201eKo\u015bci\u00f3\u0142 posoborowy&quot;","block_context":{"text":"Ko\u015bci\u00f3\u0142 posoborowy","link":"https:\/\/wobronietradycjiiwiary.com\/pl\/category\/polemika\/kosciol-posoborowy\/"},"img":{"alt_text":"","src":"https:\/\/i0.wp.com\/wobronietradycjiiwiary.com\/wp-content\/uploads\/2022\/08\/7b379b4b577c18036ca3fcaf02c772b1.jpg?resize=350%2C200&ssl=1","width":350,"height":200},"classes":[]},{"id":50482,"url":"https:\/\/wobronietradycjiiwiary.com\/pl\/ustawodawstwo-jana-pawla-ii-paragraf-22-lub-lub-czasopisma-do-n-tej-potegi\/","url_meta":{"origin":72309,"position":2},"title":"Ustawodawstwo Jana Paw\u0142a II: &#8222;paragraf 22&#8221; lub &#8222;(&#8230;) lub czasopisma&#8221; do n-tej pot\u0119gi.","author":"Traditio et Fides","date":"15 lipca 2021","format":false,"excerpt":"Kodeks prawa kanonicznego z 1983 promulgowany przez Jana Paw\u0142a II zawiera pi\u0119cioletni okres przedawnienia od momentu pope\u0142nienia przest\u0119pstwa na takie przest\u0119pstwa jak mord, nadu\u017cycia seksualne z pedofili\u0105 w\u0142\u0105cznie. Raj kryminalist\u00f3w.","rel":"","context":"W \u201eUj\u0119cie prawnokanoniczne&quot;","block_context":{"text":"Uj\u0119cie prawnokanoniczne","link":"https:\/\/wobronietradycjiiwiary.com\/pl\/category\/polemika\/kosciol-posoborowy\/naduzycia-seksualne-w-kosciele\/pedofilia-w-kosciele\/ujecie-prawnokanoniczne\/"},"img":{"alt_text":"","src":"https:\/\/i0.wp.com\/wobronietradycjiiwiary.com\/wp-content\/uploads\/2021\/07\/7dOoKVspajeA-oT_-h3A-7.jpg?resize=350%2C200&ssl=1","width":350,"height":200,"srcset":"https:\/\/i0.wp.com\/wobronietradycjiiwiary.com\/wp-content\/uploads\/2021\/07\/7dOoKVspajeA-oT_-h3A-7.jpg?resize=350%2C200&ssl=1 1x, https:\/\/i0.wp.com\/wobronietradycjiiwiary.com\/wp-content\/uploads\/2021\/07\/7dOoKVspajeA-oT_-h3A-7.jpg?resize=525%2C300&ssl=1 1.5x, https:\/\/i0.wp.com\/wobronietradycjiiwiary.com\/wp-content\/uploads\/2021\/07\/7dOoKVspajeA-oT_-h3A-7.jpg?resize=700%2C400&ssl=1 2x, https:\/\/i0.wp.com\/wobronietradycjiiwiary.com\/wp-content\/uploads\/2021\/07\/7dOoKVspajeA-oT_-h3A-7.jpg?resize=1050%2C600&ssl=1 3x"},"classes":[]},{"id":50472,"url":"https:\/\/wobronietradycjiiwiary.com\/pl\/kieran-tapsell-prawo-kanoniczne-na-temat-seksualnego-wykorzystywania-dzieci-na-przestrzeni-wiekow-12-z-13\/","url_meta":{"origin":72309,"position":3},"title":"Kieran Tapsell, Prawo kanoniczne na temat seksualnego wykorzystywania dzieci na przestrzeni wiek\u00f3w. (12 z 13).","author":"Traditio et Fides","date":"15 lipca 2021","format":false,"excerpt":"Fakty przedstawione przez Kierana Tapsella przemawiaj\u0105 za tym, \u017ce Jan Pawe\u0142 II zmieni\u0142 prawo kanoniczne tak, by ksi\u0119\u017cy pedofil\u00f3w nie kara\u0107.","rel":"","context":"W \u201eKieran Tapsell&quot;","block_context":{"text":"Kieran Tapsell","link":"https:\/\/wobronietradycjiiwiary.com\/pl\/category\/polemika\/kosciol-posoborowy\/naduzycia-seksualne-w-kosciele\/pedofilia-w-kosciele\/ujecie-prawnokanoniczne\/kieran-tapsell\/"},"img":{"alt_text":"","src":"https:\/\/i0.wp.com\/wobronietradycjiiwiary.com\/wp-content\/uploads\/2021\/04\/5a_custom-c97d567881449557cb29cecbe29939c91d37544e-s800-c85.jpg?resize=350%2C200&ssl=1","width":350,"height":200,"srcset":"https:\/\/i0.wp.com\/wobronietradycjiiwiary.com\/wp-content\/uploads\/2021\/04\/5a_custom-c97d567881449557cb29cecbe29939c91d37544e-s800-c85.jpg?resize=350%2C200&ssl=1 1x, https:\/\/i0.wp.com\/wobronietradycjiiwiary.com\/wp-content\/uploads\/2021\/04\/5a_custom-c97d567881449557cb29cecbe29939c91d37544e-s800-c85.jpg?resize=525%2C300&ssl=1 1.5x, https:\/\/i0.wp.com\/wobronietradycjiiwiary.com\/wp-content\/uploads\/2021\/04\/5a_custom-c97d567881449557cb29cecbe29939c91d37544e-s800-c85.jpg?resize=700%2C400&ssl=1 2x"},"classes":[]},{"id":117481,"url":"https:\/\/wobronietradycjiiwiary.com\/pl\/christine-niles-kolejny-ksiadz-fsspx-aresztowany-za-przestepstwa-na-tle-seksualnym-wobec-dzieci\/","url_meta":{"origin":72309,"position":4},"title":"Christine Niles, Kolejny ksi\u0105dz FSSPX aresztowany za przest\u0119pstwa na tle seksualnym wobec dzieci","author":"Traditio et Fides","date":"3 czerwca 2024","format":false,"excerpt":"Kolejny ksi\u0105dz pedofil z szereg\u00f3w Bractwa \u015bw. Piusa X - ks. Jean-Luc Radier.","rel":"","context":"W \u201eFSSPX&quot;","block_context":{"text":"FSSPX","link":"https:\/\/wobronietradycjiiwiary.com\/pl\/category\/polemika\/kosciol-posoborowy\/tradycjonalizm\/fsspx\/"},"img":{"alt_text":"","src":"https:\/\/i0.wp.com\/wobronietradycjiiwiary.com\/wp-content\/uploads\/2024\/04\/giotto-hell.jpg?resize=350%2C200&ssl=1","width":350,"height":200,"srcset":"https:\/\/i0.wp.com\/wobronietradycjiiwiary.com\/wp-content\/uploads\/2024\/04\/giotto-hell.jpg?resize=350%2C200&ssl=1 1x, https:\/\/i0.wp.com\/wobronietradycjiiwiary.com\/wp-content\/uploads\/2024\/04\/giotto-hell.jpg?resize=525%2C300&ssl=1 1.5x, https:\/\/i0.wp.com\/wobronietradycjiiwiary.com\/wp-content\/uploads\/2024\/04\/giotto-hell.jpg?resize=700%2C400&ssl=1 2x"},"classes":[]},{"id":52367,"url":"https:\/\/wobronietradycjiiwiary.com\/pl\/john-lamont-fsspx-i-infiltracja-sprawcow-seksualnych-3-z-8\/","url_meta":{"origin":72309,"position":5},"title":"John Lamont, FSSPX i infiltracja sprawc\u00f3w seksualnych (3 z 8)","author":"Traditio et Fides","date":"8 wrze\u015bnia 2021","format":false,"excerpt":"Bractwo \u015bw. Piusa X stosuje dok\u0142adnie t\u0119 sam\u0105 strategi\u0119 wobec ksi\u0119\u017cy drapie\u017cnik\u00f3w jak Ko\u015bci\u00f3\u0142 regularny kanonicznie. Przenosi ich na inne plac\u00f3wki duszpasterskie, gdzie mog\u0105 kontynuowa\u0107 swoje poczynania, za pe\u0142n\u0105 wiedz\u0105 i zgod\u0105 swoich prze\u0142o\u017conych. Niestety.","rel":"","context":"W \u201eFSSPX&quot;","block_context":{"text":"FSSPX","link":"https:\/\/wobronietradycjiiwiary.com\/pl\/category\/polemika\/kosciol-posoborowy\/tradycjonalizm\/fsspx\/"},"img":{"alt_text":"","src":"https:\/\/i0.wp.com\/wobronietradycjiiwiary.com\/wp-content\/uploads\/2021\/09\/5c000b1a9b40743edb288a7cf535f7b1.jpg?resize=350%2C200&ssl=1","width":350,"height":200},"classes":[]}],"jetpack_featured_media_url":"https:\/\/wobronietradycjiiwiary.com\/wp-content\/uploads\/2022\/06\/D_GU-T2W4AAA3Az.jpg","_links":{"self":[{"href":"https:\/\/wobronietradycjiiwiary.com\/pl\/wp-json\/wp\/v2\/posts\/72309","targetHints":{"allow":["GET"]}}],"collection":[{"href":"https:\/\/wobronietradycjiiwiary.com\/pl\/wp-json\/wp\/v2\/posts"}],"about":[{"href":"https:\/\/wobronietradycjiiwiary.com\/pl\/wp-json\/wp\/v2\/types\/post"}],"author":[{"embeddable":true,"href":"https:\/\/wobronietradycjiiwiary.com\/pl\/wp-json\/wp\/v2\/users\/60508433"}],"replies":[{"embeddable":true,"href":"https:\/\/wobronietradycjiiwiary.com\/pl\/wp-json\/wp\/v2\/comments?post=72309"}],"version-history":[{"count":58,"href":"https:\/\/wobronietradycjiiwiary.com\/pl\/wp-json\/wp\/v2\/posts\/72309\/revisions"}],"predecessor-version":[{"id":85018,"href":"https:\/\/wobronietradycjiiwiary.com\/pl\/wp-json\/wp\/v2\/posts\/72309\/revisions\/85018"}],"wp:featuredmedia":[{"embeddable":true,"href":"https:\/\/wobronietradycjiiwiary.com\/pl\/wp-json\/wp\/v2\/media\/72315"}],"wp:attachment":[{"href":"https:\/\/wobronietradycjiiwiary.com\/pl\/wp-json\/wp\/v2\/media?parent=72309"}],"wp:term":[{"taxonomy":"category","embeddable":true,"href":"https:\/\/wobronietradycjiiwiary.com\/pl\/wp-json\/wp\/v2\/categories?post=72309"},{"taxonomy":"post_tag","embeddable":true,"href":"https:\/\/wobronietradycjiiwiary.com\/pl\/wp-json\/wp\/v2\/tags?post=72309"}],"curies":[{"name":"wp","href":"https:\/\/api.w.org\/{rel}","templated":true}]}}