{"id":71249,"date":"2022-08-07T08:20:29","date_gmt":"2022-08-07T06:20:29","guid":{"rendered":"https:\/\/wobronietradycjiiwiary.com\/?p=71249"},"modified":"2025-02-10T11:15:38","modified_gmt":"2025-02-10T10:15:38","slug":"7-go-sierpnia-zywot-swietego-kajetana-zakonodawcy-2","status":"publish","type":"post","link":"https:\/\/wobronietradycjiiwiary.com\/pl\/7-go-sierpnia-zywot-swietego-kajetana-zakonodawcy-2\/","title":{"rendered":"7-go Sierpnia. \u017bywot \u015bwi\u0119tego Kajetana, Zakonodawcy."},"content":{"rendered":"<div id=\"bsf_rt_marker\"><\/div>\n<p class=\"has-text-align-center wp-block-paragraph\">(\u017by\u0142 oko\u0142o roku Pa\u0144skiego 1547).<\/p>\n\n\n\n<figure class=\"wp-block-image\"><a href=\"https:\/\/pl.wikisource.org\/wiki\/Plik:%C5%BBywoty_%C5%9Bw._Pa%C5%84skich_na_wszystkie_dnie_roku-Inicja%C5%82-%C5%9A.png\"><img decoding=\"async\" src=\"https:\/\/upload.wikimedia.org\/wikipedia\/commons\/thumb\/2\/2f\/%C5%BBywoty_%C5%9Bw._Pa%C5%84skich_na_wszystkie_dnie_roku-Inicja%C5%82-%C5%9A.png\/58px-%C5%BBywoty_%C5%9Bw._Pa%C5%84skich_na_wszystkie_dnie_roku-Inicja%C5%82-%C5%9A.png\" alt=\"\u015a\"\/><\/a><\/figure>\n\n\n\n<p class=\"has-text-align-justify wp-block-paragraph\">\u015awi\u0119ty Kajetan urodzi\u0142 si\u0119 z bogatych i zacnych rodzic\u00f3w, w roku 1480 w mie\u015bcie Vicenza, w rzeczypospolitej Weneckiej. Skoro tylko ujrza\u0142 \u015bwiat\u0142o dzienne, pobo\u017cna matka \u015blubowa\u0142a odda\u0107 go na s\u0142u\u017cb\u0119 Boga i Naj\u015bwi\u0119tszej Panny. Ju\u017c jako dzieci\u0119 pilnie wystrzega\u0142 si\u0119 grzechu, by\u0142 mi\u0142osiernym i szczodrobliwym wzgl\u0119dem ubogich, cz\u0119sto cierpia\u0142 g\u0142\u00f3d dobrowolnie, a\u017ceby m\u00f3g\u0142 ofiarowa\u0107 \u015bniadanie lub wieczerz\u0119 g\u0142odnemu. Wstawia\u0142 si\u0119 u rodzic\u00f3w za biedakami i zbiera\u0142 dla nich ja\u0142mu\u017cny u krewnych. Najmilsz\u0105 zabaw\u0105 jego by\u0142o budowa\u0107 o\u0142tarzyki, kt\u00f3re przystraja\u0142 obrazkiem Bogarodzicy i kwieciem.<\/p>\n\n\n\n<p class=\"has-text-align-justify wp-block-paragraph\">Odebrawszy pod okiem rodzic\u00f3w gruntowne wykszta\u0142cenie w naukach od nauczycieli, uda\u0142 si\u0119 na uniwersytet do Padwy, na nauk\u0119 prawa, i uzyska\u0142 tam stopie\u0144 doktora prawa. Wysokie urodzenie, wielka uroda, nadto bogactwa i talenta, kt\u00f3re dla tylu m\u0142odzie\u0144c\u00f3w bywaj\u0105 pokus\u0105 do z\u0142ego, by\u0142y dla niego podniet\u0105 do najwi\u0119kszej prostoty i pokory. Brali mu to za z\u0142e krewni i \u0142ajali go, m\u00f3wi\u0105c: \u201eTaka pokora mo\u017ce by\u0107 zalet\u0105 u biedak\u00f3w, ale u wysoko urodzonych jest czem\u015b nikczemnem.\u201c<\/p>\n\n\n\n<p class=\"has-text-align-justify wp-block-paragraph\">Poszed\u0142 nast\u0119pnie Kajetan do Rzymu, chc\u0105c w zaciszu po\u015bwi\u0119ci\u0107 \u017cycie Bogu i modlitwie. Ale blask cn\u00f3t jego bi\u0142 tak jasno, \u017ce Papie\u017c Julian II powierzy\u0142 mu wa\u017cny urz\u0105d protonotaryusza Apostolskiego. Wysoka ta godno\u015b\u0107 w niczem nie odmieni\u0142a pokory jego. Kilku Pra\u0142at\u00f3w i os\u00f3b \u015bwieckich utworzy\u0142o by\u0142o w owym czasie \u201eTowarzystwo mi\u0142o\u015bci Bo\u017cej\u201c dla powstrzymania moralnego upadku, wskutek ustawicznych wojen i zamieszek we W\u0142oszech powsta\u0142ego, jako te\u017c po\u0142o\u017cenia tamy szerz\u0105cemu si\u0119 odszczepie\u0144stwu w Niemczech. Kajetan przyst\u0105pi\u0142 do rzeczonego Towarzystwa, z\u0142o\u017cy\u0142 sw\u00f3j urz\u0105d, i licz\u0105c lat trzydzie\u015bci i sze\u015b\u0107, otrzyma\u0142 \u015bwi\u0119cenia kap\u0142a\u0144skie.<\/p>\n\n\n\n<p class=\"has-text-align-justify wp-block-paragraph\">Nagl\u0105ce interesa powo\u0142a\u0142y go jednak niezad\u0142ugo do Vicenzy, gdzie si\u0119 by\u0142o utworzy\u0142o takie samo Towarzystwo z obywateli miejskich. Z rado\u015bci\u0105 przyst\u0105pi\u0142 do ich zwi\u0105zku, mimo swego wysokiego pochodzenia i szorstkich wym\u00f3wek ze strony swych krewnych. S\u0142owa jego i przyk\u0142ad utrwali\u0142 dalszy byt tego Towarzystwa. Na pro\u015bby swego spowiednika, podj\u0105\u0142 si\u0119 polepszenia wielkiego szpitalu w Wenecyi, z kt\u00f3rego to zadania wywi\u0105za\u0142 si\u0119 ku zdumieniu wszystkich. Wr\u00f3ciwszy do Rzymu, po\u0142\u0105czy\u0142 si\u0119 ze znakomitym Piotrem Karaff\u0105, Biskupem Teate\u0144skim, i dwoma innymi kap\u0142anami, postanawiaj\u0105c za\u0142o\u017cy\u0107 Zakon, kt\u00f3rego zadaniem mia\u0142o by\u0107 dostarczenie ludowi dzielnych spowiednik\u00f3w.<\/p>\n\n\n\n<p class=\"has-text-align-justify wp-block-paragraph\">Statuta zakonu opiewa\u0142y: cz\u0142onkami mieli by\u0107 \u015bwieccy kap\u0142ani, \u017cyj\u0105cy klasztornem odosobnieniu i oddaj\u0105cy si\u0119 wy\u0142\u0105cznie duszpasterstwu; \u015blubowa\u0107 mieli ub\u00f3stwo, nie posiada\u0107 ani d\u00f3br, ani sta\u0142ych dochod\u00f3w, a \u017cy\u0107 tylko z tego, co im przyniesie dobrowolna ofiara. Zbieranie ja\u0142mu\u017cny by\u0142o zabronione. \u2014 Statuta te wywo\u0142a\u0142y powszechn\u0105 niech\u0119\u0107 i g\u0142o\u015bny op\u00f3r, a mianowicie ganiono nakaz wyg\u00f3rowanego ub\u00f3stwa.<\/p>\n\n\n\n<p class=\"has-text-align-justify wp-block-paragraph\">Kajetan zbi\u0142 dowolnie wszelkie zarzuty i w\u0105tpliwo\u015bci, a powo\u0142uj\u0105c si\u0119 na czasy Apostolskie, m\u00f3wi\u0142: \u201eOdk\u0105d-\u017ce to straci\u0142y znaczenie s\u0142owa Jezusowe o liliach polnych i ptakach niebieskich? Azali nad nami czuwa Opatrzno\u015b\u0107 Bo\u017ca tylko w latach urodzajnych i spokojnych? Azali Ojciec niebieski poprzesta\u0142 liczy\u0107 w\u0142osy na g\u0142owach naszych?\u201c Papie\u017c Klemens VII zawo\u0142a\u0142 zdumiony: \u201eZaiste, takiej wiary w Izraelu nie znalaz\u0142em!\u201c I natychmiast zatwierdzi\u0142 nowy Zakon. Roku 1525, w dzie\u0144 podniesienia \u015bwi\u0119tego Krzy\u017ca, z\u0142o\u017cy\u0142o szczup\u0142e grono zakonnik\u00f3w \u015bwi\u0119te \u015bluby, obra\u0142o prze\u0142o\u017conym Karaff\u0119, kt\u00f3ry odda\u0142 pastora\u0142 swemu nast\u0119pcy, i zaj\u0119\u0142o niewielki dom w Rzymie.<\/p>\n\n\n\n<p class=\"has-text-align-justify wp-block-paragraph\">Strasznym by\u0142 rok 1527 dla Rzymu. Wojsko cesarza Karola V we W\u0142oszech, nie pobieraj\u0105c od dawna \u017co\u0142du, domaga\u0142o si\u0119 natarczywie oddania na \u0142up jakiego bogatego miasta, wko\u0144cu wzi\u0119\u0142o szturmem Rzym i po barbarzy\u0144sku w nim zacz\u0119\u0142o\u00a0gospodarzy\u0107. Niczemu nie przepuszczaj\u0105c, zniewa\u017cano nawet ko\u015bcio\u0142y mordami, rabunkami i bezwstydem. W tem utrapieniu jedyn\u0105 pociech\u0105 by\u0142o przyk\u0142adne i buduj\u0105ce zachowanie si\u0119 ksi\u0119\u017cy Teatyn\u00f3w. Wielu Rzymianom uratowali oni \u017cycie, piel\u0119gnowali rannych, pocieszali umieraj\u0105cych i ratowali n\u0119dzarzy od \u015bmierci. Za to m\u015bci\u0142o si\u0119 rozpasane \u017co\u0142dactwo na ich ubogim klasztorku. Kajetana m\u0119czono, katowano, wo\u0142aj\u0105c, aby wyda\u0142 ukryte skarby. Na ostatku wrzucono go z kilku bra\u0107mi zakonnymi do wi\u0119zienia, z pogr\u00f3\u017ck\u0105 nowego m\u0119czenia. Dow\u00f3dca tej rozbestwionej zgrai s\u0142ysz\u0105c, jak w wi\u0119zieniu \u015bpiewaj\u0105 Psalmy i chwal\u0105 Boga, otworzy\u0142 drzwi i wypu\u015bci\u0142 ich na wolno\u015b\u0107. Wynie\u015bli si\u0119 do Wenecyi, gdzie panuj\u0105ca w r. 1530 zaraza da\u0142a im sposobno\u015b\u0107 pokazania si\u0119 w nowem \u015bwietle po\u015bwi\u0119cenia i mi\u0142osierdzia.<\/p>\n\n\n\n<p class=\"has-text-align-justify wp-block-paragraph\">\u2009S\u0142awa Teatyn\u00f3w spowodowa\u0142a miasto Neapol do proszenia \u015bwi\u0119tego Kajetana za po\u015brednictwem Ojca \u015bwi\u0119tego, aby i u nich za\u0142o\u017cy\u0142 dom zakonny. Gdy \u015bwi\u0119ty Zakonodawca z sze\u015bciu kap\u0142anami stan\u0105\u0142 na miejscu, bogaty hrabia Opido chcia\u0142 mu darowa\u0107 wygodnie urz\u0105dzony dom wraz z kaplic\u0105 i znacznym rocznym dochodem. Kajetan nie przyj\u0105\u0142 darowizny i wyrzek\u0142 pami\u0119tne s\u0142owa: \u201eW\u0142o\u015bci i dokument\u00f3w nie potrzebuj\u0119: mam obietnic\u0119 Jezusa Chrystusa, stwierdzon\u0105 Krwi\u0105 Jego Naj\u015bwi\u0119tsz\u0105, a ta obietnica upewnia nas, \u017ce mnie i moim na niczem zbywa\u0107 nie b\u0119dzie, byleby\u015bmy Mu wiernie s\u0142u\u017cyli.\u201c Wprowadzili si\u0119 tedy do ubogiego domku; wkr\u00f3tce jednak pokaza\u0142o si\u0119, dlaczego ich Opatrzno\u015b\u0107 powo\u0142a\u0142a do Neapolu. Pojawi\u0142y si\u0119 bowiem w mie\u015bcie pisma Lutra, a dw\u00f3ch mnich\u00f3w zaprza\u0144c\u00f3w zacz\u0119\u0142o lud ba\u0142amuci\u0107 i namawia\u0107 do przyj\u0119cia nowej wiary. Kajetan zdar\u0142 ob\u0142udnikom mask\u0119, doni\u00f3s\u0142 w\u0142adzom o tajnych schadzkach i wym\u00f3g\u0142 u rz\u0105du, \u017ce zwodzicieli z miasta wygnano. Za przyk\u0142adem jego podnios\u0142a si\u0119 religijno\u015b\u0107 i moralno\u015b\u0107 duchowie\u0144stwa i ludu. Ale olbrzymie te prace wyczerpa\u0142y si\u0142y i powali\u0142y go na \u0142o\u017ce bole\u015bci. Lekarze radzili w ostatniej chorobie, by dla zdrowia przesta\u0142 sypia\u0107 na deskach, na co im jednak odpowiedzia\u0142: \u201eZbawiciel m\u00f3j umar\u0142 na krzy\u017cu, niech-\u017ce mi wi\u0119c b\u0119dzie wolno skona\u0107 w popiele.\u201c Kaza\u0142 si\u0119 nast\u0119pnie po\u0142o\u017cy\u0107 na worze pokutnym, rozci\u0105gni\u0119tym na ziemi posypanej popio\u0142em, przyj\u0105\u0142 Sakramenta \u015bwi\u0119te i odda\u0142 Bogu ducha dnia 7 sierpnia 1547 r. W roku 1629 zaliczono go do \u201eB\u0142ogos\u0142awionych\u201c, w roku 1671 do \u201e\u015awi\u0119tych.\u201c Zakon jego rozkrzewi\u0142 si\u0119 po W\u0142oszech, Hiszpanii, Niemczech i w naszym kraju, ale przewroty i burze polityczne nowszych czas\u00f3w du\u017co mu zaszkodzi\u0142y.<\/p>\n\n\n\n<h2 class=\"wp-block-heading\"><br><strong>Nauka moralna.<\/strong><\/h2>\n\n\n\n<p class=\"has-text-align-justify wp-block-paragraph\">\u2009\u017bycie \u015bwi\u0119tego Kajetana opiera\u0142o si\u0119 na dw\u00f3ch zasadniczych prawdach nauki Chrystusowej: Wszyscy jeste\u015bmy dzie\u0107mi Boga, kt\u00f3ry nam wskazuje drog\u0119 \u017cycia, zaopatruje potrzeby nasze i dlatego zas\u0142uguje na ufno\u015b\u0107 nasz\u0105. Wszyscy stanowimy jedn\u0105 rodzin\u0119, jeste\u015bmy sobie bra\u0107mi i siostrami, a ta mi\u0142o\u015b\u0107 nie pozwala, by\u015bmy dla bogactwa,\u00a0urody, talent\u00f3w, nauki, szlacheckiego rodu, rozrywali to braterstwo, czynili jakie\u015b wyj\u0105tki, przyw\u0142aszczali sobie przywileje.<\/p>\n\n\n\n<p class=\"has-text-align-justify wp-block-paragraph\">Hrabia Opido by\u0142 porywczym i nieraz o drobnostk\u0119 unosi\u0142 si\u0119 gniewem na sw\u0105 czelad\u017a. Jednego razu odezwa\u0142 si\u0119 do niego \u015bwi\u0119ty Kajetan: \u201ePanie hrabio, czy jeste\u015b te\u017c got\u00f3w tak skwapliwie s\u0142ucha\u0107 rozkaz\u00f3w Boga, jak \u017c\u0105dasz, aby ci\u0119 bli\u017ani s\u0142ucha\u0142?\u201c W tych s\u0142owach da\u0142 dumnemu magnatowi nauk\u0119, \u017ce mamy by\u0107 pob\u0142a\u017cliwymi wzgl\u0119dem podw\u0142adnych.<\/p>\n\n\n\n<p class=\"has-text-align-justify wp-block-paragraph\">Innego razu prosi\u0142 go jeden z przyjaci\u00f3\u0142, aby si\u0119 wstawi\u0142 u pewnego dostojnika za synem, ubiegaj\u0105cym si\u0119 o posad\u0119 s\u0119dziego. \u015awi\u0119ty Kajetan wys\u0142ucha\u0142 cierpliwie pro\u015bby i po kr\u00f3tkim namy\u015ble tak\u0105 mu da\u0142 odpowied\u017a: \u201eKochany przyjacielu, dobrze\u0107 to, gdy lud otrzymuje godnych i uczciwych s\u0119dzi\u00f3w, ale w\u0105tpi\u0119, czyby to by\u0142o dobrze, gdyby si\u0119 mnich chcia\u0142 miesza\u0107 w sprawy \u015bwieckie.\u201c<\/p>\n\n\n\n<p class=\"has-text-align-justify wp-block-paragraph\">C\u00f3rce brata, kt\u00f3ra mu z \u017cyw\u0105 rado\u015bci\u0105 donosi\u0142a o swym blizkim \u015blubie, odpisa\u0142: \u201eCz\u0142owiek, kt\u00f3ry dla \u015bwiata zapomina o prawdziwej ojczy\u017anie i Niebie, podobny do w\u0119drowca, co si\u0119 upi\u0142 w karczmie i odurzony nie mo\u017ce odnale\u017a\u0107 drogi do domu.\u201c<\/p>\n\n\n\n<p class=\"has-text-align-justify wp-block-paragraph\">Pewien uczony pragn\u0105\u0142 wst\u0105pi\u0107 do jego Zakonu, ale b\u0119d\u0105c s\u0142abego zdrowia, prosi\u0142, aby mu lepsz\u0105 dawano straw\u0119 i dozwolono wed\u0142ug upodobania wychodzi\u0107. \u015awi\u0119ty Kajetan odpowiedzia\u0142: \u201eM\u00f3j kochany, nic wi\u0119cej Zakonowi nie szkodzi, jak te nieszcz\u0119sne wyj\u0105tki dla pewnych os\u00f3b. Podesz\u0142y wiek i zdrowie zas\u0142uguj\u0105 na uwzgl\u0119dnienie, ale uwzgl\u0119dnienie to nale\u017cy do starszych klasztornych, a nasz\u0105 starszyzn\u0105 klasztorn\u0105 jest Opatrzno\u015b\u0107 Boska. Kto chce do nas wst\u0105pi\u0107, winien si\u0119 rzuci\u0107 do n\u00f3g Chrystusowi i w ramiona tego Zwierzchnika, a nie \u017c\u0105da\u0107 przywilej\u00f3w dla siebie.\u201c<\/p>\n\n\n\n<p class=\"has-text-align-justify wp-block-paragraph\">Nie by\u0142 \u015bwi\u0119ty Kajetan nierozs\u0105dnym, zdaj\u0105c siebie i Braci na Opatrzno\u015b\u0107 Bo\u017c\u0105, i nie troszcz\u0105c si\u0119 o dzie\u0144 nast\u0119pny. Wiedzia\u0142, \u017ce s\u0142u\u017cy Panu, kt\u00f3ry go nigdy nie zawiedzie. Nigdy te\u017c nie zabrak\u0142o braci zakonnej chleba, ubioru i pomieszczenia. Na\u015bladujmy go w tej ufno\u015bci, nie troszczmy si\u0119 zbytecznie o to, co b\u0119dziemy je\u015b\u0107 i co b\u0119dziem pi\u0107, bo B\u00f3g nas nie opu\u015bci.<\/p>\n\n\n\n<h2 class=\"wp-block-heading\"><br><strong>Modlitwa.<\/strong><\/h2>\n\n\n\n<blockquote class=\"wp-block-quote is-layout-flow wp-block-quote-is-layout-flow\"><p>\u2009Bo\u017ce, kt\u00f3ry\u015b z mi\u0142osierdzia Twego \u015bwi\u0119temu Kajetanowi, Wyznawcy Twojemu, dozwoli\u0142 jak najwierniejszy \u017cywot na\u015bladowa\u0107, spraw \u0142askawie, aby\u015bmy za jego po\u015brednictwem i przyk\u0142adem w Tobie jedynym ufno\u015b\u0107 nasz\u0105 pok\u0142adali i przedewszystkiem pragn\u0119li d\u00f3br niebieskich. Przez Pana naszego Jezusa Chrystusa, kt\u00f3ry kr\u00f3luje w Niebie i na ziemi. Amen.<\/p><\/blockquote>\n\n\n\n<figure class=\"wp-block-table\"><table><tbody><tr><td>\u2217&nbsp;&nbsp;&nbsp;&nbsp;&nbsp;&nbsp;&nbsp;&nbsp;&nbsp;&nbsp;&nbsp;&nbsp;&nbsp;&nbsp;&nbsp;&nbsp;&nbsp;&nbsp;&nbsp;&nbsp;\u2217<br>\u2217<\/td><\/tr><\/tbody><\/table><\/figure>\n\n\n\n<p class=\"wp-block-paragraph\">\u2009<em>Opr\u00f3cz tego obchodzi Ko\u015bci\u00f3\u0142 \u015bwi\u0119ty pami\u0105tk\u0119 nast\u0119puj\u0105cych \u015awi\u0119tych Pa\u0144skich, zamieszczonych w rzymskiem martyrologium:<\/em><\/p>\n\n\n\n<p class=\"has-text-align-justify wp-block-paragraph\">\u2009<strong>Dnia 7-go sierpnia<\/strong>&nbsp;w Neapolu w Kampanii uroczysto\u015b\u0107 \u015bw.&nbsp;Kajetana z Tieny, Wyznawcy, Za\u0142o\u017cyciela kleryk\u00f3w regularnych; o\u017cywiony nadzwyczajn\u0105 ufno\u015bci\u0105 w Bogu, zaleca\u0142 uczniom swoim starodawny spos\u00f3b \u017cycia Aposto\u0142\u00f3w; dla cud\u00f3w policzony zosta\u0142 przez Klemensa X w poczet \u015awi\u0119tych. \u2014 W Arezzo w Toskanii m\u0119cze\u0144stwo \u015bw.&nbsp;Donata, Biskupa, kt\u00f3ry pomi\u0119dzy innymi cudami, jak podaje Papie\u017c Grzegorz Wielki, modlitw\u0105 swoja spoi\u0142 Kielich \u015bwi\u0119ty, rozbity przez pogan. W prze\u015bladowaniu za Juliana Apostaty zosta\u0142 przez Augustala Kwadracyana schwytany i za wzbranianie si\u0119 ofiarowania bo\u017ckom \u015bci\u0119ty. Z nim cierpia\u0142 mnich&nbsp;Hilaryusz, kt\u00f3rego uroczysto\u015b\u0107 obchodz\u0105 16 lipca, jako w dniu przeniesienia relikwii jego do Ostyi. \u2014 W Rzymie \u015bmier\u0107 m\u0119cze\u0144ska \u015bwi\u0119tych&nbsp;Piotra i Juliana z 18 towarzyszmi. \u2014 W Medyolanie uroczysto\u015b\u0107 \u015bw.&nbsp;Faustusa, \u017bo\u0142nierza; za Aureliusza Commodusa osi\u0119gn\u0105\u0142 po wielu m\u0119kach palm\u0119 m\u0119cze\u0144sk\u0105. \u2014 W Como m\u0119cze\u0144stwo \u015bw.&nbsp;Karpofora, Eksanta, Kassyusza, Seweryna, Sekunda i Licyniusza, kt\u00f3rzy \u015bci\u0119ci zostali dla wiary w Chrystusa. \u2014 W Nizybii w Mezopotamii pami\u0105tka \u015bw.&nbsp;Domecyusza, Mnicha z Persyi, ukamienowanego za Juliana Odst\u0119pcy z 2&nbsp;towarzyszami. \u2014 W Rouen uroczysto\u015b\u0107 \u015bw.&nbsp;Wiktrycyusza, Biskupa. Pocz\u0105tkowo s\u0142u\u017cy\u0142 jako \u017co\u0142nierz w wojsku cesarskiem. Ale gdy wspomniany Julian doszed\u0142 do rz\u0105d\u00f3w, chcia\u0142 podzi\u0119kowa\u0107 za s\u0142u\u017cb\u0119 wojskow\u0105, aby nie ponie\u015b\u0107 szkody w wierze.&nbsp;Zosta\u0142 jednak dlatego przez swego trybuna ob\u0142o\u017cony wielu karami, a wreszcie na \u015bmier\u0107 skazany. Poniewa\u017c jednak kat maj\u0105cy go \u015bci\u0105\u0107 nagle o\u015blep\u0142, zdj\u0119to mu wi\u0119zy i dozwolono odej\u015b\u0107 w pokoju. P\u00f3\u017aniej zosta\u0142 Biskupem i nawr\u00f3ci\u0142 kazaniami swemi dzikie szczepy Morin\u00f3w i Nervi\u00f3w do wiary w Chrystusa. \u2014 W Chalons we Francyi pami\u0105tka \u015bw.&nbsp;Donacyana, Biskupa. \u2014 W Mesynie na Sycylii uroczysto\u015b\u0107 \u015bwi\u0119tego&nbsp;Alberta, Wyznawcy z zakonu Karmelit\u00f3w, s\u0142awnego cudami swoimi.<\/p>\n","protected":false},"excerpt":{"rendered":"<p>(\u017by\u0142 oko\u0142o roku Pa\u0144skiego 1547). \u015awi\u0119ty Kajetan urodzi\u0142 si\u0119 z bogatych i zacnych rodzic\u00f3w, w roku 1480 w mie\u015bcie Vicenza, w rzeczypospolitej Weneckiej. Skoro tylko ujrza\u0142 \u015bwiat\u0142o dzienne, pobo\u017cna matka \u015blubowa\u0142a odda\u0107 go na s\u0142u\u017cb\u0119 Boga i Naj\u015bwi\u0119tszej Panny. Ju\u017c jako dzieci\u0119 pilnie wystrzega\u0142 si\u0119 grzechu, by\u0142 mi\u0142osiernym i szczodrobliwym wzgl\u0119dem ubogich, cz\u0119sto cierpia\u0142 g\u0142\u00f3d [&hellip;]<\/p>\n","protected":false},"author":60508433,"featured_media":51428,"comment_status":"open","ping_status":"open","sticky":false,"template":"","format":"standard","meta":{"_bbp_topic_count":0,"_bbp_reply_count":0,"_bbp_total_topic_count":0,"_bbp_total_reply_count":0,"_bbp_voice_count":0,"_bbp_anonymous_reply_count":0,"_bbp_topic_count_hidden":0,"_bbp_reply_count_hidden":0,"_bbp_forum_subforum_count":0,"_editorskit_title_hidden":false,"_editorskit_reading_time":0,"_editorskit_is_block_options_detached":false,"_editorskit_block_options_position":"{}","_coblocks_attr":"","_coblocks_dimensions":"","_coblocks_responsive_height":"","_coblocks_accordion_ie_support":"","_exactmetrics_skip_tracking":false,"_jetpack_newsletter_access":"","_jetpack_dont_email_post_to_subs":false,"_jetpack_newsletter_tier_id":0,"_jetpack_memberships_contains_paywalled_content":false,"_wpcom_ai_launchpad_first_post":false,"_jetpack_feature_clip_id":0,"_jetpack_memberships_contains_paid_content":false,"footnotes":"","jetpack_publicize_message":"{title}\n\n{excerpt}\n\n{url}","jetpack_publicize_feature_enabled":true,"jetpack_social_post_already_shared":false,"jetpack_social_options":{"image_generator_settings":{"template":"highway","default_image_id":0,"font":"","enabled":false},"version":2},"_wpas_customize_per_network":false,"jetpack_post_was_ever_published":false},"categories":[610131823,610131184,336375535],"tags":[],"class_list":["post-71249","post","type-post","status-publish","format-standard","has-post-thumbnail","hentry","category-swieta-w-sierpniu","category-duchowosc","category-liturgia-i-liturgika"],"yoast_head":"<!-- This site is optimized with the Yoast SEO plugin v28.4 - https:\/\/yoast.com\/product\/yoast-seo-wordpress\/ -->\n<title>7-go Sierpnia. \u017bywot \u015bwi\u0119tego Kajetana, Zakonodawcy. - Tradycja i Wiara<\/title>\n<meta name=\"robots\" content=\"index, follow, max-snippet:-1, max-image-preview:large, max-video-preview:-1\" \/>\n<link rel=\"canonical\" href=\"https:\/\/wobronietradycjiiwiary.com\/pl\/7-go-sierpnia-zywot-swietego-kajetana-zakonodawcy-2\/\" \/>\n<meta property=\"og:locale\" content=\"pl_PL\" \/>\n<meta property=\"og:type\" content=\"article\" \/>\n<meta property=\"og:title\" content=\"7-go Sierpnia. \u017bywot \u015bwi\u0119tego Kajetana, Zakonodawcy. - Tradycja i Wiara\" \/>\n<meta property=\"og:description\" content=\"(\u017by\u0142 oko\u0142o roku Pa\u0144skiego 1547). \u015awi\u0119ty Kajetan urodzi\u0142 si\u0119 z bogatych i zacnych rodzic\u00f3w, w roku 1480 w mie\u015bcie Vicenza, w rzeczypospolitej Weneckiej. Skoro tylko ujrza\u0142 \u015bwiat\u0142o dzienne, pobo\u017cna matka \u015blubowa\u0142a odda\u0107 go na s\u0142u\u017cb\u0119 Boga i Naj\u015bwi\u0119tszej Panny. Ju\u017c jako dzieci\u0119 pilnie wystrzega\u0142 si\u0119 grzechu, by\u0142 mi\u0142osiernym i szczodrobliwym wzgl\u0119dem ubogich, cz\u0119sto cierpia\u0142 g\u0142\u00f3d [&hellip;]\" \/>\n<meta property=\"og:url\" content=\"https:\/\/wobronietradycjiiwiary.com\/pl\/7-go-sierpnia-zywot-swietego-kajetana-zakonodawcy-2\/\" \/>\n<meta property=\"og:site_name\" content=\"Tradycja i Wiara\" \/>\n<meta property=\"article:publisher\" content=\"https:\/\/www.facebook.com\/Tradycja-i-Wiara-108813920592249\" \/>\n<meta property=\"article:published_time\" content=\"2022-08-07T06:20:29+00:00\" \/>\n<meta property=\"article:modified_time\" content=\"2025-02-10T10:15:38+00:00\" \/>\n<meta property=\"og:image\" content=\"https:\/\/wobronietradycjiiwiary.com\/wp-content\/uploads\/2021\/08\/Kajetanus-von-Thiene.jpg\" \/>\n\t<meta property=\"og:image:width\" content=\"343\" \/>\n\t<meta property=\"og:image:height\" content=\"450\" \/>\n\t<meta property=\"og:image:type\" content=\"image\/jpeg\" \/>\n<meta name=\"author\" content=\"Traditio et Fides\" \/>\n<meta name=\"twitter:card\" content=\"summary_large_image\" \/>\n<meta name=\"twitter:label1\" content=\"Napisane przez\" \/>\n\t<meta name=\"twitter:data1\" content=\"Traditio et Fides\" \/>\n\t<meta name=\"twitter:label2\" content=\"Szacowany czas czytania\" \/>\n\t<meta name=\"twitter:data2\" content=\"10 minut\" \/>\n<script type=\"application\/ld+json\" class=\"yoast-schema-graph\">{\"@context\":\"https:\\\/\\\/schema.org\",\"@graph\":[{\"@type\":\"Article\",\"@id\":\"https:\\\/\\\/wobronietradycjiiwiary.com\\\/7-go-sierpnia-zywot-swietego-kajetana-zakonodawcy-2\\\/#article\",\"isPartOf\":{\"@id\":\"https:\\\/\\\/wobronietradycjiiwiary.com\\\/7-go-sierpnia-zywot-swietego-kajetana-zakonodawcy-2\\\/\"},\"author\":{\"name\":\"Traditio et Fides\",\"@id\":\"https:\\\/\\\/wobronietradycjiiwiary.com\\\/pl\\\/#\\\/schema\\\/person\\\/2d6180ce6abcb681fef0daab7816e8f3\"},\"headline\":\"7-go Sierpnia. \u017bywot \u015bwi\u0119tego Kajetana, Zakonodawcy.\",\"datePublished\":\"2022-08-07T06:20:29+00:00\",\"dateModified\":\"2025-02-10T10:15:38+00:00\",\"mainEntityOfPage\":{\"@id\":\"https:\\\/\\\/wobronietradycjiiwiary.com\\\/7-go-sierpnia-zywot-swietego-kajetana-zakonodawcy-2\\\/\"},\"wordCount\":1991,\"commentCount\":0,\"publisher\":{\"@id\":\"https:\\\/\\\/wobronietradycjiiwiary.com\\\/pl\\\/#organization\"},\"image\":{\"@id\":\"https:\\\/\\\/wobronietradycjiiwiary.com\\\/7-go-sierpnia-zywot-swietego-kajetana-zakonodawcy-2\\\/#primaryimage\"},\"thumbnailUrl\":\"https:\\\/\\\/wobronietradycjiiwiary.com\\\/wp-content\\\/uploads\\\/2021\\\/08\\\/Kajetanus-von-Thiene.jpg\",\"articleSection\":[\"08. \u015awi\u0119ta w sierpniu\",\"Duchowo\u015b\u0107\",\"Liturgia i liturgika\"],\"inLanguage\":\"pl-PL\",\"potentialAction\":[{\"@type\":\"CommentAction\",\"name\":\"Comment\",\"target\":[\"https:\\\/\\\/wobronietradycjiiwiary.com\\\/7-go-sierpnia-zywot-swietego-kajetana-zakonodawcy-2\\\/#respond\"]}]},{\"@type\":\"WebPage\",\"@id\":\"https:\\\/\\\/wobronietradycjiiwiary.com\\\/7-go-sierpnia-zywot-swietego-kajetana-zakonodawcy-2\\\/\",\"url\":\"https:\\\/\\\/wobronietradycjiiwiary.com\\\/7-go-sierpnia-zywot-swietego-kajetana-zakonodawcy-2\\\/\",\"name\":\"7-go Sierpnia. \u017bywot \u015bwi\u0119tego Kajetana, Zakonodawcy. - Tradycja i Wiara\",\"isPartOf\":{\"@id\":\"https:\\\/\\\/wobronietradycjiiwiary.com\\\/pl\\\/#website\"},\"primaryImageOfPage\":{\"@id\":\"https:\\\/\\\/wobronietradycjiiwiary.com\\\/7-go-sierpnia-zywot-swietego-kajetana-zakonodawcy-2\\\/#primaryimage\"},\"image\":{\"@id\":\"https:\\\/\\\/wobronietradycjiiwiary.com\\\/7-go-sierpnia-zywot-swietego-kajetana-zakonodawcy-2\\\/#primaryimage\"},\"thumbnailUrl\":\"https:\\\/\\\/wobronietradycjiiwiary.com\\\/wp-content\\\/uploads\\\/2021\\\/08\\\/Kajetanus-von-Thiene.jpg\",\"datePublished\":\"2022-08-07T06:20:29+00:00\",\"dateModified\":\"2025-02-10T10:15:38+00:00\",\"breadcrumb\":{\"@id\":\"https:\\\/\\\/wobronietradycjiiwiary.com\\\/7-go-sierpnia-zywot-swietego-kajetana-zakonodawcy-2\\\/#breadcrumb\"},\"inLanguage\":\"pl-PL\",\"potentialAction\":[{\"@type\":\"ReadAction\",\"target\":[\"https:\\\/\\\/wobronietradycjiiwiary.com\\\/7-go-sierpnia-zywot-swietego-kajetana-zakonodawcy-2\\\/\"]}]},{\"@type\":\"ImageObject\",\"inLanguage\":\"pl-PL\",\"@id\":\"https:\\\/\\\/wobronietradycjiiwiary.com\\\/7-go-sierpnia-zywot-swietego-kajetana-zakonodawcy-2\\\/#primaryimage\",\"url\":\"https:\\\/\\\/wobronietradycjiiwiary.com\\\/wp-content\\\/uploads\\\/2021\\\/08\\\/Kajetanus-von-Thiene.jpg\",\"contentUrl\":\"https:\\\/\\\/wobronietradycjiiwiary.com\\\/wp-content\\\/uploads\\\/2021\\\/08\\\/Kajetanus-von-Thiene.jpg\",\"width\":343,\"height\":450},{\"@type\":\"BreadcrumbList\",\"@id\":\"https:\\\/\\\/wobronietradycjiiwiary.com\\\/7-go-sierpnia-zywot-swietego-kajetana-zakonodawcy-2\\\/#breadcrumb\",\"itemListElement\":[{\"@type\":\"ListItem\",\"position\":1,\"name\":\"Strona g\u0142\u00f3wna\",\"item\":\"https:\\\/\\\/wobronietradycjiiwiary.com\\\/\"},{\"@type\":\"ListItem\",\"position\":2,\"name\":\"7-go Sierpnia. \u017bywot \u015bwi\u0119tego Kajetana, Zakonodawcy.\"}]},{\"@type\":\"WebSite\",\"@id\":\"https:\\\/\\\/wobronietradycjiiwiary.com\\\/pl\\\/#website\",\"url\":\"https:\\\/\\\/wobronietradycjiiwiary.com\\\/pl\\\/\",\"name\":\"Tradycja i Wiara\",\"description\":\"Portal dla katolik\u00f3w.\",\"publisher\":{\"@id\":\"https:\\\/\\\/wobronietradycjiiwiary.com\\\/pl\\\/#organization\"},\"potentialAction\":[{\"@type\":\"SearchAction\",\"target\":{\"@type\":\"EntryPoint\",\"urlTemplate\":\"https:\\\/\\\/wobronietradycjiiwiary.com\\\/pl\\\/?s={search_term_string}\"},\"query-input\":{\"@type\":\"PropertyValueSpecification\",\"valueRequired\":true,\"valueName\":\"search_term_string\"}}],\"inLanguage\":\"pl-PL\"},{\"@type\":\"Organization\",\"@id\":\"https:\\\/\\\/wobronietradycjiiwiary.com\\\/pl\\\/#organization\",\"name\":\"Tradycja i Wiara\",\"url\":\"https:\\\/\\\/wobronietradycjiiwiary.com\\\/pl\\\/\",\"logo\":{\"@type\":\"ImageObject\",\"inLanguage\":\"pl-PL\",\"@id\":\"https:\\\/\\\/wobronietradycjiiwiary.com\\\/pl\\\/#\\\/schema\\\/logo\\\/image\\\/\",\"url\":\"https:\\\/\\\/i0.wp.com\\\/wobronietradycjiiwiary.com\\\/wp-content\\\/uploads\\\/2015\\\/10\\\/cropped-st-peters-dome-vatican.jpg?fit=940%2C198&ssl=1\",\"contentUrl\":\"https:\\\/\\\/i0.wp.com\\\/wobronietradycjiiwiary.com\\\/wp-content\\\/uploads\\\/2015\\\/10\\\/cropped-st-peters-dome-vatican.jpg?fit=940%2C198&ssl=1\",\"width\":940,\"height\":198,\"caption\":\"Tradycja i Wiara\"},\"image\":{\"@id\":\"https:\\\/\\\/wobronietradycjiiwiary.com\\\/pl\\\/#\\\/schema\\\/logo\\\/image\\\/\"},\"sameAs\":[\"https:\\\/\\\/www.facebook.com\\\/Tradycja-i-Wiara-108813920592249\"]},{\"@type\":\"Person\",\"@id\":\"https:\\\/\\\/wobronietradycjiiwiary.com\\\/pl\\\/#\\\/schema\\\/person\\\/2d6180ce6abcb681fef0daab7816e8f3\",\"name\":\"Traditio et Fides\",\"sameAs\":[\"https:\\\/\\\/traditionundglauben.com\"],\"url\":\"https:\\\/\\\/wobronietradycjiiwiary.com\\\/pl\\\/author\\\/wobronietradycjiiwiary\\\/\"}]}<\/script>\n<!-- \/ Yoast SEO plugin. -->","yoast_head_json":{"title":"7-go Sierpnia. \u017bywot \u015bwi\u0119tego Kajetana, Zakonodawcy. - Tradycja i Wiara","robots":{"index":"index","follow":"follow","max-snippet":"max-snippet:-1","max-image-preview":"max-image-preview:large","max-video-preview":"max-video-preview:-1"},"canonical":"https:\/\/wobronietradycjiiwiary.com\/pl\/7-go-sierpnia-zywot-swietego-kajetana-zakonodawcy-2\/","og_locale":"pl_PL","og_type":"article","og_title":"7-go Sierpnia. \u017bywot \u015bwi\u0119tego Kajetana, Zakonodawcy. - Tradycja i Wiara","og_description":"(\u017by\u0142 oko\u0142o roku Pa\u0144skiego 1547). \u015awi\u0119ty Kajetan urodzi\u0142 si\u0119 z bogatych i zacnych rodzic\u00f3w, w roku 1480 w mie\u015bcie Vicenza, w rzeczypospolitej Weneckiej. Skoro tylko ujrza\u0142 \u015bwiat\u0142o dzienne, pobo\u017cna matka \u015blubowa\u0142a odda\u0107 go na s\u0142u\u017cb\u0119 Boga i Naj\u015bwi\u0119tszej Panny. Ju\u017c jako dzieci\u0119 pilnie wystrzega\u0142 si\u0119 grzechu, by\u0142 mi\u0142osiernym i szczodrobliwym wzgl\u0119dem ubogich, cz\u0119sto cierpia\u0142 g\u0142\u00f3d [&hellip;]","og_url":"https:\/\/wobronietradycjiiwiary.com\/pl\/7-go-sierpnia-zywot-swietego-kajetana-zakonodawcy-2\/","og_site_name":"Tradycja i Wiara","article_publisher":"https:\/\/www.facebook.com\/Tradycja-i-Wiara-108813920592249","article_published_time":"2022-08-07T06:20:29+00:00","article_modified_time":"2025-02-10T10:15:38+00:00","og_image":[{"width":343,"height":450,"url":"https:\/\/wobronietradycjiiwiary.com\/wp-content\/uploads\/2021\/08\/Kajetanus-von-Thiene.jpg","type":"image\/jpeg"}],"author":"Traditio et Fides","twitter_card":"summary_large_image","twitter_misc":{"Napisane przez":"Traditio et Fides","Szacowany czas czytania":"10 minut"},"schema":{"@context":"https:\/\/schema.org","@graph":[{"@type":"Article","@id":"https:\/\/wobronietradycjiiwiary.com\/7-go-sierpnia-zywot-swietego-kajetana-zakonodawcy-2\/#article","isPartOf":{"@id":"https:\/\/wobronietradycjiiwiary.com\/7-go-sierpnia-zywot-swietego-kajetana-zakonodawcy-2\/"},"author":{"name":"Traditio et Fides","@id":"https:\/\/wobronietradycjiiwiary.com\/pl\/#\/schema\/person\/2d6180ce6abcb681fef0daab7816e8f3"},"headline":"7-go Sierpnia. \u017bywot \u015bwi\u0119tego Kajetana, Zakonodawcy.","datePublished":"2022-08-07T06:20:29+00:00","dateModified":"2025-02-10T10:15:38+00:00","mainEntityOfPage":{"@id":"https:\/\/wobronietradycjiiwiary.com\/7-go-sierpnia-zywot-swietego-kajetana-zakonodawcy-2\/"},"wordCount":1991,"commentCount":0,"publisher":{"@id":"https:\/\/wobronietradycjiiwiary.com\/pl\/#organization"},"image":{"@id":"https:\/\/wobronietradycjiiwiary.com\/7-go-sierpnia-zywot-swietego-kajetana-zakonodawcy-2\/#primaryimage"},"thumbnailUrl":"https:\/\/wobronietradycjiiwiary.com\/wp-content\/uploads\/2021\/08\/Kajetanus-von-Thiene.jpg","articleSection":["08. \u015awi\u0119ta w sierpniu","Duchowo\u015b\u0107","Liturgia i liturgika"],"inLanguage":"pl-PL","potentialAction":[{"@type":"CommentAction","name":"Comment","target":["https:\/\/wobronietradycjiiwiary.com\/7-go-sierpnia-zywot-swietego-kajetana-zakonodawcy-2\/#respond"]}]},{"@type":"WebPage","@id":"https:\/\/wobronietradycjiiwiary.com\/7-go-sierpnia-zywot-swietego-kajetana-zakonodawcy-2\/","url":"https:\/\/wobronietradycjiiwiary.com\/7-go-sierpnia-zywot-swietego-kajetana-zakonodawcy-2\/","name":"7-go Sierpnia. \u017bywot \u015bwi\u0119tego Kajetana, Zakonodawcy. - Tradycja i Wiara","isPartOf":{"@id":"https:\/\/wobronietradycjiiwiary.com\/pl\/#website"},"primaryImageOfPage":{"@id":"https:\/\/wobronietradycjiiwiary.com\/7-go-sierpnia-zywot-swietego-kajetana-zakonodawcy-2\/#primaryimage"},"image":{"@id":"https:\/\/wobronietradycjiiwiary.com\/7-go-sierpnia-zywot-swietego-kajetana-zakonodawcy-2\/#primaryimage"},"thumbnailUrl":"https:\/\/wobronietradycjiiwiary.com\/wp-content\/uploads\/2021\/08\/Kajetanus-von-Thiene.jpg","datePublished":"2022-08-07T06:20:29+00:00","dateModified":"2025-02-10T10:15:38+00:00","breadcrumb":{"@id":"https:\/\/wobronietradycjiiwiary.com\/7-go-sierpnia-zywot-swietego-kajetana-zakonodawcy-2\/#breadcrumb"},"inLanguage":"pl-PL","potentialAction":[{"@type":"ReadAction","target":["https:\/\/wobronietradycjiiwiary.com\/7-go-sierpnia-zywot-swietego-kajetana-zakonodawcy-2\/"]}]},{"@type":"ImageObject","inLanguage":"pl-PL","@id":"https:\/\/wobronietradycjiiwiary.com\/7-go-sierpnia-zywot-swietego-kajetana-zakonodawcy-2\/#primaryimage","url":"https:\/\/wobronietradycjiiwiary.com\/wp-content\/uploads\/2021\/08\/Kajetanus-von-Thiene.jpg","contentUrl":"https:\/\/wobronietradycjiiwiary.com\/wp-content\/uploads\/2021\/08\/Kajetanus-von-Thiene.jpg","width":343,"height":450},{"@type":"BreadcrumbList","@id":"https:\/\/wobronietradycjiiwiary.com\/7-go-sierpnia-zywot-swietego-kajetana-zakonodawcy-2\/#breadcrumb","itemListElement":[{"@type":"ListItem","position":1,"name":"Strona g\u0142\u00f3wna","item":"https:\/\/wobronietradycjiiwiary.com\/"},{"@type":"ListItem","position":2,"name":"7-go Sierpnia. \u017bywot \u015bwi\u0119tego Kajetana, Zakonodawcy."}]},{"@type":"WebSite","@id":"https:\/\/wobronietradycjiiwiary.com\/pl\/#website","url":"https:\/\/wobronietradycjiiwiary.com\/pl\/","name":"Tradycja i Wiara","description":"Portal dla katolik\u00f3w.","publisher":{"@id":"https:\/\/wobronietradycjiiwiary.com\/pl\/#organization"},"potentialAction":[{"@type":"SearchAction","target":{"@type":"EntryPoint","urlTemplate":"https:\/\/wobronietradycjiiwiary.com\/pl\/?s={search_term_string}"},"query-input":{"@type":"PropertyValueSpecification","valueRequired":true,"valueName":"search_term_string"}}],"inLanguage":"pl-PL"},{"@type":"Organization","@id":"https:\/\/wobronietradycjiiwiary.com\/pl\/#organization","name":"Tradycja i Wiara","url":"https:\/\/wobronietradycjiiwiary.com\/pl\/","logo":{"@type":"ImageObject","inLanguage":"pl-PL","@id":"https:\/\/wobronietradycjiiwiary.com\/pl\/#\/schema\/logo\/image\/","url":"https:\/\/i0.wp.com\/wobronietradycjiiwiary.com\/wp-content\/uploads\/2015\/10\/cropped-st-peters-dome-vatican.jpg?fit=940%2C198&ssl=1","contentUrl":"https:\/\/i0.wp.com\/wobronietradycjiiwiary.com\/wp-content\/uploads\/2015\/10\/cropped-st-peters-dome-vatican.jpg?fit=940%2C198&ssl=1","width":940,"height":198,"caption":"Tradycja i Wiara"},"image":{"@id":"https:\/\/wobronietradycjiiwiary.com\/pl\/#\/schema\/logo\/image\/"},"sameAs":["https:\/\/www.facebook.com\/Tradycja-i-Wiara-108813920592249"]},{"@type":"Person","@id":"https:\/\/wobronietradycjiiwiary.com\/pl\/#\/schema\/person\/2d6180ce6abcb681fef0daab7816e8f3","name":"Traditio et Fides","sameAs":["https:\/\/traditionundglauben.com"],"url":"https:\/\/wobronietradycjiiwiary.com\/pl\/author\/wobronietradycjiiwiary\/"}]}},"jetpack_publicize_connections":[],"jetpack_sharing_enabled":true,"jetpack_likes_enabled":true,"jetpack_shortlink":"https:\/\/wp.me\/pc04Sd-ixb","jetpack-related-posts":[{"id":2626,"url":"https:\/\/wobronietradycjiiwiary.com\/pl\/medjugorie-kosciol-juz-sie-wypowiedzial-negatywnie\/","url_meta":{"origin":71249,"position":0},"title":"Medjugorje: Ko\u015bci\u00f3\u0142 si\u0119 ju\u017c wypowiedzia\u0142 &#8211; negatywnie. O\u015bwiadczenie biskupa miejsca. (1 z 4)","author":"Traditio et Fides","date":"9 listopada 2014","format":false,"excerpt":"W\u015br\u00f3d zwolennik\u00f3w rzekomych objawie\u0144 w Medjugorje, do kt\u00f3rych nale\u017cy tak\u017ce sporo ksi\u0119\u017cy, g\u0142\u00f3wnie proweniencji charyzmatycznej, napotka\u0107 mo\u017cna stwierdzenie powtarzane niby mantra, \u017ce \u201eKo\u015bci\u00f3\u0142 si\u0119 jeszcze nie wypowiedzia\u0142\u201d i dlatego mo\u017cna zar\u00f3wno przyjmowa\u0107 autentyczno\u015b\u0107 tych objawie\u0144 jak i do Medjugorje je\u017adzi\u0107. Zwa\u017caj\u0105c na fakt, i\u017c rzekome objawienia trwaj\u0105 od 1981 roku,\u2026","rel":"","context":"W \u201eBiskup miejsca o Medjugorje&quot;","block_context":{"text":"Biskup miejsca o Medjugorje","link":"https:\/\/wobronietradycjiiwiary.com\/pl\/category\/polemika\/kosciol-posoborowy\/nowe-ruchy-w-kosciele\/medjugorie\/biskup-miejsca\/"},"img":{"alt_text":"","src":"https:\/\/i0.wp.com\/wobronietradycjiiwiary.com\/wp-content\/uploads\/2020\/04\/133e8a2ee9e722e62c12c861d27671b9.jpg?resize=350%2C200&ssl=1","width":350,"height":200},"classes":[]},{"id":3775,"url":"https:\/\/wobronietradycjiiwiary.com\/pl\/kard-gousset-teologia-moralna-o-obowiazkach-malzonkow-i-rodzicow\/","url_meta":{"origin":71249,"position":1},"title":"Kard. Gousset &#8220;Teologia moralna&#8221; &#8211; O obowi\u0105zkach ma\u0142\u017conk\u00f3w i rodzic\u00f3w","author":"Traditio et Fides","date":"14 lutego 2015","format":false,"excerpt":"W kontek\u015bcie pyta\u0144 i zagadnie\u0144 z teologii moralnej pragniemy podeprze\u0107 si\u0119 autorytetem kardyna\u0142a Thomasa Gousseta (1792-1866), kt\u00f3ry mia\u0142 szcz\u0119\u015bcie i nieszcz\u0119\u015bcie \u017cy\u0107 w ciekawych czasach a wiar\u0119 swoj\u0105 nie tylko zachowa\u0107, ale i cudz\u0105 pog\u0142\u0119bi\u0107. Urodzi\u0142 si\u0119 w szczycie terroru Rewolucji Francuskiej jako dziewi\u0105te z dwunastu dzieci w rodzinie wincera\u2026","rel":"","context":"W \u201eKardyna\u0142 Gousset&quot;","block_context":{"text":"Kardyna\u0142 Gousset","link":"https:\/\/wobronietradycjiiwiary.com\/pl\/category\/doktryna\/teologia-moralna\/kardynal-gousset\/"},"img":{"alt_text":"","src":"https:\/\/i0.wp.com\/wobronietradycjiiwiary.com\/wp-content\/uploads\/2015\/02\/reims.jpg?resize=350%2C200&ssl=1","width":350,"height":200},"classes":[]},{"id":5187,"url":"https:\/\/wobronietradycjiiwiary.com\/pl\/medjugorje-a-argument-demonologiczny-wypowiedzi-kosciola-do-roku-2013-czesc-1-z-7\/","url_meta":{"origin":71249,"position":2},"title":"Medjugorje a \u201eargument demonologiczny\u201d: Wypowiedzi Ko\u015bcio\u0142a do roku 2013 (1 z 8)","author":"Traditio et Fides","date":"1 grudnia 2014","format":false,"excerpt":"Ilo\u015b\u0107, brutalno\u015b\u0107, zajad\u0142o\u015b\u0107 i niekiedy plugawo\u015b\u0107 komentarzy opublikowanych po serii artyku\u0142\u00f3w \u201eMedjugorje: Ko\u015bci\u00f3\u0142 si\u0119 ju\u017c wypowiedzia\u0142 \u2013 negatywnie\u201d u\u015bwiadomi\u0142a nam, i\u017c nale\u017cy ten w\u0105tek kontynuowa\u0107, stosuj\u0105c si\u0119 do wypowiedzi \u015bw. Maksymiliana Kolbe \u201edobra sprawa, bo si\u0119 diabe\u0142 z\u0142o\u015bci\u201d. Ilo\u015b\u0107 i jako\u015b\u0107 komentarzy utwierdzi\u0142a nas r\u00f3wnie\u017c w przekonaniu, \u017ce prawdziwego zwolennika\u2026","rel":"","context":"W \u201eArgument demonologiczny&quot;","block_context":{"text":"Argument demonologiczny","link":"https:\/\/wobronietradycjiiwiary.com\/pl\/category\/polemika\/kosciol-posoborowy\/nowe-ruchy-w-kosciele\/medjugorie\/argument-demonologiczny\/"},"img":{"alt_text":"","src":"https:\/\/i0.wp.com\/wobronietradycjiiwiary.com\/wp-content\/uploads\/2015\/04\/medjugorje-nuncjusz-usa.jpg?resize=350%2C200&ssl=1","width":350,"height":200,"srcset":"https:\/\/i0.wp.com\/wobronietradycjiiwiary.com\/wp-content\/uploads\/2015\/04\/medjugorje-nuncjusz-usa.jpg?resize=350%2C200&ssl=1 1x, https:\/\/i0.wp.com\/wobronietradycjiiwiary.com\/wp-content\/uploads\/2015\/04\/medjugorje-nuncjusz-usa.jpg?resize=525%2C300&ssl=1 1.5x, https:\/\/i0.wp.com\/wobronietradycjiiwiary.com\/wp-content\/uploads\/2015\/04\/medjugorje-nuncjusz-usa.jpg?resize=700%2C400&ssl=1 2x"},"classes":[]},{"id":40619,"url":"https:\/\/wobronietradycjiiwiary.com\/pl\/szczesliwego-nowego-roku-2021\/","url_meta":{"origin":71249,"position":3},"title":"Szcz\u0119\u015bliwego Nowego Roku 2021!","author":"Traditio et Fides","date":"31 grudnia 2020","format":false,"excerpt":"Noworoczne \u017byczenia na Nowy Rok, kt\u00f3ry z pewno\u015bci\u0105 pod jakim\u015b wzgl\u0119dem b\u0119dzie lepszy, pod innym gorszy.","rel":"","context":"W \u201eUwagi administracji&quot;","block_context":{"text":"Uwagi administracji","link":"https:\/\/wobronietradycjiiwiary.com\/pl\/category\/duchowosc\/uwagi-administracji\/"},"img":{"alt_text":"","src":"https:\/\/i0.wp.com\/wobronietradycjiiwiary.com\/wp-content\/uploads\/2020\/12\/Flucht-nach-Agypten-2021.jpg?resize=350%2C200&ssl=1","width":350,"height":200,"srcset":"https:\/\/i0.wp.com\/wobronietradycjiiwiary.com\/wp-content\/uploads\/2020\/12\/Flucht-nach-Agypten-2021.jpg?resize=350%2C200&ssl=1 1x, https:\/\/i0.wp.com\/wobronietradycjiiwiary.com\/wp-content\/uploads\/2020\/12\/Flucht-nach-Agypten-2021.jpg?resize=525%2C300&ssl=1 1.5x"},"classes":[]},{"id":87610,"url":"https:\/\/wobronietradycjiiwiary.com\/pl\/spowiedz-w-wielka-sobote-wieczorem-lub-boze-jakie-to-praktyczne\/","url_meta":{"origin":71249,"position":4},"title":"Spowied\u017a w Wielk\u0105 Sobot\u0119 wieczorem lub Bo\u017ce, jakie to by\u0142o praktyczne!","author":"Traditio et Fides","date":"14 marca 2023","format":false,"excerpt":"O tym, jak zniesienie spowiedzi w wiecz\u00f3r Wielkiej Soboty za\u0142ama\u0142o przyzwyczajenia religijne.","rel":"","context":"W \u201eDuchowo\u015b\u0107&quot;","block_context":{"text":"Duchowo\u015b\u0107","link":"https:\/\/wobronietradycjiiwiary.com\/pl\/category\/duchowosc\/"},"img":{"alt_text":"","src":"https:\/\/i0.wp.com\/wobronietradycjiiwiary.com\/wp-content\/uploads\/2023\/03\/italy-turin-painting-st-john-nepomuk-hearing-9572461.jpg?resize=350%2C200&ssl=1","width":350,"height":200},"classes":[]},{"id":80055,"url":"https:\/\/wobronietradycjiiwiary.com\/pl\/s-maria-od-krzyza-rekopis-z-czyscca-autentycznosc-rekopisu-2-z-70\/","url_meta":{"origin":71249,"position":5},"title":"S. Maria od Krzy\u017ca: &#8220;R\u0119kopis z Czy\u015b\u0107ca&#8221;. Autentyczno\u015b\u0107 r\u0119kopisu (2 z 60)","author":"Traditio et Fides","date":"4 listopada 2022","format":false,"excerpt":"Wiarygodne i poprawne teologicznie objawienia prywatne na temat czy\u015b\u0107ca z przedsoborowym imprimatur.","rel":"","context":"W \u201e\"R\u0119kopis z czy\u015b\u0107ca\"&quot;","block_context":{"text":"\"R\u0119kopis z czy\u015b\u0107ca\"","link":"https:\/\/wobronietradycjiiwiary.com\/pl\/category\/doktryna\/teologia-dogmatyczna\/rzeczy-ostateczne-eschatologia\/czysciec\/objawienia-prywatne-nt-czyscca\/rekopis-z-czyscca\/"},"img":{"alt_text":"","src":"https:\/\/i0.wp.com\/wobronietradycjiiwiary.com\/wp-content\/uploads\/2022\/11\/Purgatorio7.jpg?resize=350%2C200&ssl=1","width":350,"height":200},"classes":[]}],"amp_enabled":true,"jetpack_featured_media_url":"https:\/\/wobronietradycjiiwiary.com\/wp-content\/uploads\/2021\/08\/Kajetanus-von-Thiene.jpg","_links":{"self":[{"href":"https:\/\/wobronietradycjiiwiary.com\/pl\/wp-json\/wp\/v2\/posts\/71249","targetHints":{"allow":["GET"]}}],"collection":[{"href":"https:\/\/wobronietradycjiiwiary.com\/pl\/wp-json\/wp\/v2\/posts"}],"about":[{"href":"https:\/\/wobronietradycjiiwiary.com\/pl\/wp-json\/wp\/v2\/types\/post"}],"author":[{"embeddable":true,"href":"https:\/\/wobronietradycjiiwiary.com\/pl\/wp-json\/wp\/v2\/users\/60508433"}],"replies":[{"embeddable":true,"href":"https:\/\/wobronietradycjiiwiary.com\/pl\/wp-json\/wp\/v2\/comments?post=71249"}],"version-history":[{"count":1,"href":"https:\/\/wobronietradycjiiwiary.com\/pl\/wp-json\/wp\/v2\/posts\/71249\/revisions"}],"predecessor-version":[{"id":71269,"href":"https:\/\/wobronietradycjiiwiary.com\/pl\/wp-json\/wp\/v2\/posts\/71249\/revisions\/71269"}],"wp:featuredmedia":[{"embeddable":true,"href":"https:\/\/wobronietradycjiiwiary.com\/pl\/wp-json\/wp\/v2\/media\/51428"}],"wp:attachment":[{"href":"https:\/\/wobronietradycjiiwiary.com\/pl\/wp-json\/wp\/v2\/media?parent=71249"}],"wp:term":[{"taxonomy":"category","embeddable":true,"href":"https:\/\/wobronietradycjiiwiary.com\/pl\/wp-json\/wp\/v2\/categories?post=71249"},{"taxonomy":"post_tag","embeddable":true,"href":"https:\/\/wobronietradycjiiwiary.com\/pl\/wp-json\/wp\/v2\/tags?post=71249"}],"curies":[{"name":"wp","href":"https:\/\/api.w.org\/{rel}","templated":true}]}}