{"id":71240,"date":"2022-08-15T08:20:29","date_gmt":"2022-08-15T06:20:29","guid":{"rendered":"https:\/\/wobronietradycjiiwiary.com\/?p=71240"},"modified":"2025-02-10T11:15:38","modified_gmt":"2025-02-10T10:15:38","slug":"wniebowziecie-nmp-kazania-brewiarzowe-2","status":"publish","type":"post","link":"https:\/\/wobronietradycjiiwiary.com\/pl\/wniebowziecie-nmp-kazania-brewiarzowe-2\/","title":{"rendered":"Wniebowzi\u0119cie NMP- Kazania brewiarzowe"},"content":{"rendered":"<div id=\"bsf_rt_marker\"><\/div>\n<p class=\"has-text-align-justify wp-block-paragraph\"><span class=\"has-inline-color has-vivid-red-color\"><strong><em>Lekcja 4<\/em><\/strong><br>Z kaza\u0144 \u015bw. Jana Damasce\u0144skiego<br><em>Drugie na Za\u015bni\u0119cie B\u0142ogos\u0142awionej Maryi<\/em><\/span><br>Dzisiaj \u015bwi\u0119ta i \u017cywa arka Boga \u017bywego, kt\u00f3ra w swoim \u0142onie pocz\u0119\u0142a Stworzyciela, spoczywa w \u015bwi\u0105tyni Pana, nie r\u0119k\u0105 uczynionej. Dawid, jej przodek, skacze rado\u015bnie przed ni\u0105, ta\u0144cz\u0105 z nim razem Anio\u0142owie, \u015bpiewaj\u0105 Archanio\u0142owie, Moce cze\u015b\u0107 oddawaj\u0105, Ksi\u0119stwa wykrzykuj\u0105, raduj\u0105 si\u0119 Pot\u0119gi, wesel\u0105 Pa\u0144stwa, Trony \u015bwi\u0119tuj\u0105, Cherubini wychwalaj\u0105, cze\u015b\u0107 g\u0142osz\u0105 Serafini. Dzisiaj rajski Eden przyjmuje nowego Adama, w kt\u00f3rym pot\u0119pienie nasze zosta\u0142o umorzone, gdzie zasadzone jest drzewo \u017cycia, gdzie nago\u015b\u0107 nasza jest przykryta.<br><em>V.<\/em>\u00a0Ty za\u015b, Panie, zmi\u0142uj si\u0119 nad nami.<br><em>R.<\/em>\u00a0Bogu niech b\u0119d\u0105 dzi\u0119ki.<\/p>\n\n\n\n<p class=\"wp-block-paragraph\"><em>R.<\/em>\u00a0Pan po\u017c\u0105da\u0142 c\u00f3rki Jerozolimskiej ozdobnej w klejnoty:<br>* A gdy ujrza\u0142y j\u0105 c\u00f3rki Syjo\u0144skie, najszcz\u0119\u015bliwsz\u0105 nazwa\u0142y, m\u00f3wi\u0105c: * Imi\u0119 twoje jak wonna ma\u015b\u0107 rozlana.<br><em>V.<\/em>\u00a0Stan\u0119\u0142a kr\u00f3lowa po prawicy twoj\u00e9j w ubiorze z\u0142otym, obtoczona rozmaito\u015bci\u0105.<br><em>R.<\/em>\u00a0A gdy ujrza\u0142y j\u0105 c\u00f3rki Syjo\u0144skie, najszcz\u0119\u015bliwsz\u0105 nazwa\u0142y, m\u00f3wi\u0105c: Imi\u0119 twoje jak wonna ma\u015b\u0107 rozlana.<\/p>\n\n\n\n<p class=\"wp-block-paragraph\"><\/p>\n\n\n\n<p class=\"has-text-align-justify wp-block-paragraph\"><strong><em><span class=\"has-inline-color has-vivid-red-color\">Lekcja 5<\/span><\/em><\/strong><br>Dzisiaj Dziewica nieskalana, nie splugawiona \u017cadnym ziemskim po\u017c\u0105daniem, ale wychowana przez niebieskie pragnienia, nie powr\u00f3ci\u0142a do prochu, ale b\u0119d\u0105c sama \u017cywym niebem, zaj\u0119\u0142a miejsce w\u015br\u00f3d namiot\u00f3w niebia\u0144skich. Jak\u017ce bowiem Ta, z kt\u00f3rej wyp\u0142yn\u0105\u0142 dla wszystkich \u017cywot prawdziwy, mog\u0142a zazna\u0107 \u015bmierci? Poniewa\u017c da\u0142a ona pos\u0142usze\u0144stwo prawu ustanowionemu przez Tego, Kogo porodzi\u0142a; a jako c\u00f3rka starego Adama, przyj\u0119\u0142a \u015bmier\u0107 (przed kt\u00f3r\u0105 nie cofn\u0105\u0142 si\u0119 nawet jej Syn, kt\u00f3ry sam w sobie jest \u017byciem). Ale godzi si\u0119, by jako Matka Boga \u017bywego, do niego samego zosta\u0142a przyj\u0119ta.<br><em>V.<\/em>\u00a0Ty za\u015b, Panie, zmi\u0142uj si\u0119 nad nami.<br><em>R.<\/em>\u00a0Bogu niech b\u0119d\u0105 dzi\u0119ki.<\/p>\n\n\n\n<p class=\"wp-block-paragraph\"><em>R.<\/em>\u00a0B\u0142ogos\u0142awion\u0105 mi\u0119 zwa\u0107 b\u0119d\u0105 wszystkie narody:<br>* Albowiem uczyni\u0142 mi wielkie rzeczy, kt\u00f3ry mo\u017cny jest, i \u015bwi\u0119te imi\u0119 jego.<br><em>V.<\/em>\u00a0A mi\u0142osierdzie jego od narodu do narod\u00f3w, boj\u0105cym si\u0119 jego.<br><em>R.<\/em>\u00a0Albowiem uczyni\u0142 mi wielkie rzeczy, kt\u00f3ry mo\u017cny jest, i \u015bwi\u0119te imi\u0119 jego.<\/p>\n\n\n\n<p class=\"wp-block-paragraph\"><span class=\"has-inline-color has-vivid-red-color\"><strong><em>Lekcja 6<\/em><\/strong><br>Z akt\u00f3w papie\u017ca Piusa XII<\/span><\/p>\n\n\n\n<p class=\"has-text-align-justify wp-block-paragraph\">Jako \u017ce rzeczywi\u015bcie Ko\u015bci\u00f3\u0142 powszechny przez wieki manifestowa\u0142 swoj\u0105 wiar\u0119 w cielesne Wniebowzi\u0119cie Naj\u015bwi\u0119tszej Maryi Panny, i jako \u017ce biskupi z ca\u0142ego \u015bwiata niemal jednomy\u015blnie wnioskowali, by ta prawda, kt\u00f3ra opiera si\u0119 na pi\u015bmie \u015bwi\u0119tym i jest g\u0142\u0119boko zakorzenionach w duszach wiernych Chrze\u015bcijan, i jest tak\u017ce zgodna z innymi prawdami objawionymi, powinna by\u0107 og\u0142oszona jako dogmat boskiej i katolickiej wiary, papie\u017c Pius XII, wychodz\u0105c naprzeciw pro\u015bbie ca\u0142ego Ko\u015bcio\u0142a, og\u0142osi\u0142, \u017ce ten przywilej Naj\u015bwi\u0119tszej Maryi Panny ma by\u0107 uroczy\u015bcie g\u0142oszony, st\u0105d, pierwszego dnia listopada roku tysi\u0105c dziewi\u0119\u0107set pi\u0119\u0107dzi\u0119si\u0105tego, w Rzymie, na otwartym placu przed Bazylik\u0105 \u015awi\u0119tego Piotra, w otoczeniu licznych kardyna\u0142\u00f3w i biskup\u00f3w \u015awi\u0119tego Ko\u015bcio\u0142a Rzymskiego, kt\u00f3rzy przybyli z odleg\u0142ych cz\u0119\u015bci \u015bwiata, i przed t\u0142umem wiernych, ku rado\u015bci ca\u0142ego katolickiego \u015bwiata, proklamowa\u0142 w nast\u0119puj\u0105cych s\u0142owach, w spos\u00f3b nieomylny, cielesne Wniebowzi\u0119cie Naj\u015bwi\u0119tszej Maryi panny: Dlatego zani\u00f3s\u0142szy to Boga usilne b\u0142aganie, i wezwawszy \u015bwiat\u0142a Ducha Prawdy, ku chwale Boga Wszechmog\u0105cego, kt\u00f3ry obdarzy\u0142 Dziewic\u0119 Maryj\u0119, ku czci Syna swojego, nie\u015bmiertelnego kr\u00f3la oraz zwyci\u0119zcy grzechu i \u015bmierci, dla powi\u0119kszenia chwa\u0142y dostojnej Jego Matki i ku rado\u015bci i weselu ca\u0142ego Ko\u015bcio\u0142a, w\u0142adz\u0105 Pana naszego Jezusa Chrystusa, \u015bwi\u0119tych Aposto\u0142\u00f3w Piotra i Paw\u0142a oraz Nasz\u0105 obwieszczamy, wyja\u015bniamy i okre\u015blamy jako prawd\u0119 objawion\u0105, \u017ce: Niepokalana Bogarodzica, Maryja zawsze Dziewica, po zako\u0144czeniu \u017cycia ziemskiego, zosta\u0142a z cia\u0142em i dusz\u0105 wzi\u0119ta do niebieskiej chwa\u0142y.<br><em>V.<\/em>&nbsp;Ty za\u015b, Panie, zmi\u0142uj si\u0119 nad nami.<br><em>R.<\/em>&nbsp;Bogu niech b\u0119d\u0105 dzi\u0119ki.<\/p>\n\n\n\n<p class=\"wp-block-paragraph\"><em>R.<\/em>\u00a0B\u0142ogos\u0142owiona\u015b Dziewico Maryjo, kt\u00f3ra\u015b Pana nosi\u0142a, Stworzyciela \u015bwiata:<br>* Porodzi\u0142a\u015b Tego, kt\u00f3ry Ci\u0119 stworzy\u0142, i na wieki Dziewic\u0105 pozosta\u0142a\u015b.<br><em>V.<\/em>\u00a0Zdrowa\u015b Maryjo, \u0142aski\u015b pe\u0142na; Pan z Tob\u0105.<br><em>R.<\/em>\u00a0Porodzi\u0142a\u015b Tego, kt\u00f3ry Ci\u0119 stworzy\u0142, i na wieki Dziewic\u0105 pozosta\u0142a\u015b.<br><em>V.<\/em>\u00a0Chwa\u0142a Ojcu i Synowi, * i Duchowi \u015awi\u0119temu.<br><em>R.<\/em>\u00a0Porodzi\u0142a\u015b Tego, kt\u00f3ry Ci\u0119 stworzy\u0142, i na wieki Dziewic\u0105 pozosta\u0142a\u015b.<\/p>\n\n\n\n<p class=\"has-text-align-justify has-medium-font-size has-ek-indent wp-block-paragraph\" style=\"--ek-indent:20px\"><span class=\"has-inline-color has-vivid-red-color\"><strong><em>Lekcja 7<\/em><\/strong><br>Czytanie Ewangelii \u015bwi\u0119tej wed\u0142ug \u0141ukasza<br><em>\u0141k 1:41-50<\/em><\/span><br>Onego czasu: Nape\u0142nion\u0105 zosta\u0142a El\u017cbieta Duchem \u015awi\u0119tym i zawo\u0142a\u0142a g\u0142osem wielkim, m\u00f3wi\u0105c: B\u0142ogos\u0142awiona\u015b Ty mi\u0119dzy niewiastami i b\u0142ogos\u0142awiony owoc \u017cywota Twego. A sk\u0105d\u017ce mi to, \u017ce przysz\u0142a Matka Pana mego do mnie? Oto bowiem skoro zabrzmia\u0142 g\u0142os pozdrowienia Twego w uszach moich, poruszy\u0142o si\u0119 z rado\u015bci\u0105 dzieci\u0105tko w \u0142onie moim. I b\u0142ogos\u0142awiona\u015b, kt\u00f3ra\u015b uwierzy\u0142a, \u017ce wype\u0142ni si\u0119 to, co ci oznajmiono od Pana\u00bb. I rzek\u0142a Maryja: \u00abUwielbia dusza moja Pana. I rozradowa\u0142 si\u0119 duch m\u00f3j w Bogu, Zbawicielu moim. I\u017c wejrza\u0142 na uni\u017cenie s\u0142u\u017cebnicy swojej. Bo oto odt\u0105d b\u0142ogos\u0142awion\u0105 zwa\u0107 mi\u0119 b\u0119d\u0105 wszystkie narody. Albowiem uczyni\u0142 mi wielkie rzeczy, kt\u00f3ry mo\u017cny jest i \u015bwi\u0119te imi\u0119 Jego. A mi\u0142osierdzie Jego z pokolenia w pokolenie nad tymi, kt\u00f3rzy si\u0119 Go boj\u0105\u00bb.<\/p>\n\n\n\n<p class=\"has-text-align-justify wp-block-paragraph\"><span class=\"has-inline-color has-vivid-red-color\">Homilia \u015bwi\u0119tego Piotra Kanizjusza, Kap\u0142ana<br><em>O Naj\u015bwi\u0119tszej Bogarodzicy Dziewicy Maryi, ksi\u0119ga 5., rozdz. 6.<\/em><\/span><br>Ko\u015bci\u00f3\u0142 obchodzi \u015bwi\u0119ta na cze\u015b\u0107 Bogarodzicy z r\u00f3wn\u0105 cz\u0119sto\u015bci\u0105, jak poszanowaniem, wiedz\u0105c niezawodnie, \u017ce mi\u0142a Bogu i godna chrze\u015bcijan jest ta powinno\u015b\u0107, przez kt\u00f3r\u0105 w publicznych obrz\u0119dach, wyznaczonych na pewne dni w ci\u0105gu roku, wys\u0142awiana jest Naj\u015bwi\u0119tsza spo\u015br\u00f3d wszystkich \u015awi\u0119tych: Matka Pana i Boga naszego. Mi\u0119dzy tymi \u015bwi\u0119tami, kt\u00f3re przez tyle wiek\u00f3w a\u017c do dzi\u015b z pobo\u017cno\u015bci\u0105 s\u0105 zachowywane, \u015bwi\u0119to Jej Wniebowzi\u0119cia uznaje si\u0119 za najwi\u0119ksze i zajmuje naczelne miejsce. Nie ma bowiem dla Maryi bardziej radosnego i szcz\u0119\u015bliwego dnia, ni\u017c ten, w kt\u00f3rym godnie rozwa\u017camy udzielone Jej w\u00f3wczas nowe szcz\u0119\u015bcie: i duszy, i cia\u0142a. Skoro za\u015b rozradowa\u0142a si\u0119 dawniej, to tym bardziej potem Jej duch, dusza i cia\u0142o przedziwnie rozradowa\u0142y si\u0119 w Bogu \u017cywym, a Ona sama mia\u0142a pe\u0142ne prawo powiedzie\u0107 do swego Zbawcy: Wejrza\u0142 na uni\u017cenie S\u0142u\u017cebnicy swojej. Bo oto odt\u0105d b\u0142ogos\u0142awion\u0105 zwa\u0107 mi\u0119 b\u0119d\u0105 wszystkie narody. Albowiem uczyni\u0142 mi wielkie rzeczy, kt\u00f3ry mo\u017cny jest.<br><em>V.<\/em>\u00a0Ty za\u015b, Panie, zmi\u0142uj si\u0119 nad nami.<br><em>R.<\/em>\u00a0Bogu niech b\u0119d\u0105 dzi\u0119ki.<\/p>\n\n\n\n<p class=\"wp-block-paragraph\"><em>R.<\/em>\u00a0Wdzi\u0119k si\u0119 rozla\u0142 na twoich wargach,<br>* Przeto B\u00f3g pob\u0142ogos\u0142awi\u0142 Tobie na wieki.<br><em>V.<\/em>\u00a0Twe szaty pachn\u0105 mirr\u0105, kasj\u0105 i aloesem; z dom\u00f3w z ko\u015bci s\u0142oniowej wychodzi orszak c\u00f3rek kr\u00f3lewskich ku czci Twojej.<br><em>R.<\/em>\u00a0Przeto B\u00f3g pob\u0142ogos\u0142awi\u0142 Tobie na wieki.<\/p>\n\n\n\n<p class=\"wp-block-paragraph\"><strong><em><span class=\"has-inline-color has-vivid-red-color\">Lekcja 8<\/span><\/em><\/strong><br>Przeto i my, kt\u00f3rzy kochamy Ciebie i Twojego Syna, o trzykro\u0107 b\u0142ogos\u0142awiona i prawdziwie dostojna Matko, nie mo\u017cemy si\u0119 nie radowa\u0107 ca\u0142ym sercem z tego wspania\u0142ego i niepor\u00f3wnanego szcz\u0119\u015bcia Twego, poniewa\u017c wszystko, cokolwiek Pan rzek\u0142 do Ciebie albo o Tobie, doprowadzone zosta\u0142o do tak pi\u0119knego skutku, a na koniec spe\u0142ni\u0142o si\u0119 pod ka\u017cdym wzgl\u0119dem. B\u0142ogos\u0142awiona\u015b, kt\u00f3ra\u015b nie tylko uwierzy\u0142a, lecz dzisiaj tak\u017ce osi\u0105gn\u0119\u0142a\u015b owoc i cel wiary oraz wszelkiej cnoty. Teraz zas\u0142u\u017cy\u0142a\u015b wreszcie, aby si\u0119 cieszy\u0107 najmilszym widokiem Tego, kt\u00f3rego\u015b tak kocha\u0142a i wyczekiwa\u0142a. Ty przyj\u0119\u0142a\u015b w go\u015bcin\u0119 Emanuela wst\u0119puj\u0105cego jak przybysz do osady tego \u015bwiata; dzisiaj to On Ci\u0119 przyjmuje w swym kr\u00f3lewskim pa\u0142acu; dzisiaj po raz pierwszy odbierasz niezwyk\u0142\u0105 cze\u015b\u0107 jako godna matka tak wielkiego kr\u00f3la Salomona.<br><em>V.<\/em>\u00a0Ty za\u015b, Panie, zmi\u0142uj si\u0119 nad nami.<br><em>R.<\/em>\u00a0Bogu niech b\u0119d\u0105 dzi\u0119ki.<\/p>\n\n\n\n<p class=\"wp-block-paragraph\"><em>R.<\/em>\u00a0B\u0142ogos\u0142awiona jeste\u015b Dziewico Maryjo, Bo\u017ca Rodzicielko, kt\u00f3ra\u015b uwierzy\u0142a Panu; na Tobie si\u0119 wype\u0142ni\u0142o to, co Ci oznajmiono: oto wyniesiona zosta\u0142a\u015b ponad ch\u00f3ry anielskie.<br>* Wstawiaj si\u0119 za nami u Pana Boga naszego.<br><em>V.<\/em>\u00a0Zdrowa\u015b Maryjo, \u0142aski pe\u0142na, Pan z Tob\u0105.<br><em>R.<\/em>\u00a0Wstawiaj si\u0119 za nami u Pana Boga naszego.<br><em>V.<\/em>\u00a0Chwa\u0142a Ojcu i Synowi, * i Duchowi \u015awi\u0119temu.<br><em>R.<\/em>\u00a0Wstawiaj si\u0119 za nami u Pana Boga naszego.<\/p>\n\n\n\n<p class=\"has-text-align-justify wp-block-paragraph\"><strong><em><span class=\"has-inline-color has-vivid-red-color\">Lekcja 9<\/span><\/em><\/strong><br>Szcz\u0119\u015bliwy to dzie\u0144, w kt\u00f3rym tak drogocenny dar zosta\u0142 przeniesiony z pustyni tego \u015bwiata i wprowadzony do \u015bwi\u0119tego i wiecznego miasta, aby sprawi\u0107 wszystkim mieszka\u0144com niebios powszechn\u0105 i nies\u0142ychan\u0105 rado\u015b\u0107 i r\u00f3wnie wielki podziw. Szcz\u0119\u015bliwy dzie\u0144, kt\u00f3ry spe\u0142ni\u0142 gor\u0105ce a jednocze\u015bnie tak d\u0142ugotrwa\u0142e pragnienia oblubienicy s\u0142abn\u0105cej z mi\u0142o\u015bci. Dzisiaj znalaz\u0142a to, czego szuka\u0142a, i otrzyma\u0142a to, o co prosi\u0142a, a to, czego oczekiwa\u0142a, istotnie osi\u0105gn\u0119\u0142a: a mianowicie w pe\u0142ni doznaj\u0105c odpoczynku przez owo doskona\u0142e widzenie i korzystanie z najwy\u017cszego i wiecznego dobra. Szcz\u0119\u015bliwy to dzie\u0144, w kt\u00f3rym najpokorniejsza S\u0142u\u017cebnica Pa\u0144ska zosta\u0142a tak bardzo wywy\u017cszona i uwielbiona, aby si\u0119 sta\u0142a najdostojniejsz\u0105 Kr\u00f3low\u0105 Nieba i Pani\u0105 \u015bwiata i nie mog\u0142a ju\u017c wy\u017cej post\u0105pi\u0107, bo wyniesiona na tron Kr\u00f3lestwa zasiad\u0142a w chwale tu\u017c po Chrystusie. Zaiste, szcz\u0119\u015bliwy i godny czci jest ten dzie\u0144, kiedy w Kr\u00f3lestwie Bo\u017cym zosta\u0142a ustanowiona i zatwierdzona nasza mo\u017cna a zarazem mi\u0142osierna Kr\u00f3lowa i Matka. Ta, kt\u00f3ra nie przestaje by\u0107 Matk\u0105 S\u0119dziego, sta\u0142a si\u0119 dla nas przychyln\u0105 Matk\u0105 mi\u0142osierdzia, Or\u0119downiczk\u0105 przed Chrystusem, czuwaj\u0105c\u0105 z oddaniem nad tym, co prowadzi do naszego zbawienia.<br><em>V.<\/em>\u00a0Ty za\u015b, Panie, zmi\u0142uj si\u0119 nad nami.<br><em>R.<\/em>\u00a0Bogu niech b\u0119d\u0105 dzi\u0119ki.<\/p>\n\n\n\n<p class=\"wp-block-paragraph\"><a aria-label=\"\u0179r\u00f3d\u0142o (opens in a new tab)\" href=\"https:\/\/divinumofficium.com\/cgi-bin\/horas\/officium.pl\" target=\"_blank\" rel=\"noreferrer noopener\" class=\"ek-link\">\u0179r\u00f3d\u0142o<\/a> Brewiarz Divino Afflatu Piusa X.<\/p>\n","protected":false},"excerpt":{"rendered":"<p>Brewiarzowe kazania Ojc\u00f3w Ko\u015bcio\u0142a na dzisiejsze \u015bwi\u0119to ku zbudowaniu duszy.<\/p>\n","protected":false},"author":60508433,"featured_media":51806,"comment_status":"open","ping_status":"open","sticky":false,"template":"","format":"standard","meta":{"_bbp_topic_count":0,"_bbp_reply_count":0,"_bbp_total_topic_count":0,"_bbp_total_reply_count":0,"_bbp_voice_count":0,"_bbp_anonymous_reply_count":0,"_bbp_topic_count_hidden":0,"_bbp_reply_count_hidden":0,"_bbp_forum_subforum_count":0,"_editorskit_title_hidden":false,"_editorskit_reading_time":0,"_editorskit_is_block_options_detached":false,"_editorskit_block_options_position":"{}","_coblocks_attr":"","_coblocks_dimensions":"","_coblocks_responsive_height":"","_coblocks_accordion_ie_support":"","_exactmetrics_skip_tracking":false,"_jetpack_newsletter_access":"","_jetpack_dont_email_post_to_subs":false,"_jetpack_newsletter_tier_id":0,"_jetpack_memberships_contains_paywalled_content":false,"_wpcom_ai_launchpad_first_post":false,"_jetpack_feature_clip_id":0,"_jetpack_memberships_contains_paid_content":false,"footnotes":"","jetpack_publicize_message":"{title}\n\n{excerpt}\n\n{url}","jetpack_publicize_feature_enabled":true,"jetpack_social_post_already_shared":true,"jetpack_social_options":{"image_generator_settings":{"template":"highway","default_image_id":0,"font":"","enabled":false},"version":2},"_wpas_customize_per_network":false,"jetpack_post_was_ever_published":false},"categories":[610131823,610131184,336375535],"tags":[],"class_list":["post-71240","post","type-post","status-publish","format-standard","has-post-thumbnail","hentry","category-swieta-w-sierpniu","category-duchowosc","category-liturgia-i-liturgika"],"yoast_head":"<!-- This site is optimized with the Yoast SEO plugin v28.4 - https:\/\/yoast.com\/product\/yoast-seo-wordpress\/ -->\n<title>Wniebowzi\u0119cie NMP- Kazania brewiarzowe - Tradycja i Wiara<\/title>\n<meta name=\"robots\" content=\"index, follow, max-snippet:-1, max-image-preview:large, max-video-preview:-1\" \/>\n<link rel=\"canonical\" href=\"https:\/\/wobronietradycjiiwiary.com\/pl\/wniebowziecie-nmp-kazania-brewiarzowe-2\/\" \/>\n<meta property=\"og:locale\" content=\"pl_PL\" \/>\n<meta property=\"og:type\" content=\"article\" \/>\n<meta property=\"og:title\" content=\"Wniebowzi\u0119cie NMP- Kazania brewiarzowe - Tradycja i Wiara\" \/>\n<meta property=\"og:description\" content=\"Brewiarzowe kazania Ojc\u00f3w Ko\u015bcio\u0142a na dzisiejsze \u015bwi\u0119to ku zbudowaniu duszy.\" \/>\n<meta property=\"og:url\" content=\"https:\/\/wobronietradycjiiwiary.com\/pl\/wniebowziecie-nmp-kazania-brewiarzowe-2\/\" \/>\n<meta property=\"og:site_name\" content=\"Tradycja i Wiara\" \/>\n<meta property=\"article:publisher\" content=\"https:\/\/www.facebook.com\/Tradycja-i-Wiara-108813920592249\" \/>\n<meta property=\"article:published_time\" content=\"2022-08-15T06:20:29+00:00\" \/>\n<meta property=\"article:modified_time\" content=\"2025-02-10T10:15:38+00:00\" \/>\n<meta property=\"og:image\" content=\"https:\/\/i0.wp.com\/wobronietradycjiiwiary.com\/wp-content\/uploads\/2021\/08\/Dormitio-Mariae-3.jpg?fit=1600%2C812&ssl=1\" \/>\n\t<meta property=\"og:image:width\" content=\"1600\" \/>\n\t<meta property=\"og:image:height\" content=\"812\" \/>\n\t<meta property=\"og:image:type\" content=\"image\/jpeg\" \/>\n<meta name=\"author\" content=\"Traditio et Fides\" \/>\n<meta name=\"twitter:card\" content=\"summary_large_image\" \/>\n<meta name=\"twitter:label1\" content=\"Napisane przez\" \/>\n\t<meta name=\"twitter:data1\" content=\"Traditio et Fides\" \/>\n\t<meta name=\"twitter:label2\" content=\"Szacowany czas czytania\" \/>\n\t<meta name=\"twitter:data2\" content=\"9 minut\" \/>\n<script type=\"application\/ld+json\" class=\"yoast-schema-graph\">{\"@context\":\"https:\\\/\\\/schema.org\",\"@graph\":[{\"@type\":\"Article\",\"@id\":\"https:\\\/\\\/wobronietradycjiiwiary.com\\\/wniebowziecie-nmp-kazania-brewiarzowe-2\\\/#article\",\"isPartOf\":{\"@id\":\"https:\\\/\\\/wobronietradycjiiwiary.com\\\/wniebowziecie-nmp-kazania-brewiarzowe-2\\\/\"},\"author\":{\"name\":\"Traditio et Fides\",\"@id\":\"https:\\\/\\\/wobronietradycjiiwiary.com\\\/pl\\\/#\\\/schema\\\/person\\\/2d6180ce6abcb681fef0daab7816e8f3\"},\"headline\":\"Wniebowzi\u0119cie NMP- Kazania brewiarzowe\",\"datePublished\":\"2022-08-15T06:20:29+00:00\",\"dateModified\":\"2025-02-10T10:15:38+00:00\",\"mainEntityOfPage\":{\"@id\":\"https:\\\/\\\/wobronietradycjiiwiary.com\\\/wniebowziecie-nmp-kazania-brewiarzowe-2\\\/\"},\"wordCount\":1713,\"commentCount\":0,\"publisher\":{\"@id\":\"https:\\\/\\\/wobronietradycjiiwiary.com\\\/pl\\\/#organization\"},\"image\":{\"@id\":\"https:\\\/\\\/wobronietradycjiiwiary.com\\\/wniebowziecie-nmp-kazania-brewiarzowe-2\\\/#primaryimage\"},\"thumbnailUrl\":\"https:\\\/\\\/wobronietradycjiiwiary.com\\\/wp-content\\\/uploads\\\/2021\\\/08\\\/Dormitio-Mariae-3.jpg\",\"articleSection\":[\"08. \u015awi\u0119ta w sierpniu\",\"Duchowo\u015b\u0107\",\"Liturgia i liturgika\"],\"inLanguage\":\"pl-PL\",\"potentialAction\":[{\"@type\":\"CommentAction\",\"name\":\"Comment\",\"target\":[\"https:\\\/\\\/wobronietradycjiiwiary.com\\\/wniebowziecie-nmp-kazania-brewiarzowe-2\\\/#respond\"]}]},{\"@type\":\"WebPage\",\"@id\":\"https:\\\/\\\/wobronietradycjiiwiary.com\\\/wniebowziecie-nmp-kazania-brewiarzowe-2\\\/\",\"url\":\"https:\\\/\\\/wobronietradycjiiwiary.com\\\/wniebowziecie-nmp-kazania-brewiarzowe-2\\\/\",\"name\":\"Wniebowzi\u0119cie NMP- Kazania brewiarzowe - Tradycja i Wiara\",\"isPartOf\":{\"@id\":\"https:\\\/\\\/wobronietradycjiiwiary.com\\\/pl\\\/#website\"},\"primaryImageOfPage\":{\"@id\":\"https:\\\/\\\/wobronietradycjiiwiary.com\\\/wniebowziecie-nmp-kazania-brewiarzowe-2\\\/#primaryimage\"},\"image\":{\"@id\":\"https:\\\/\\\/wobronietradycjiiwiary.com\\\/wniebowziecie-nmp-kazania-brewiarzowe-2\\\/#primaryimage\"},\"thumbnailUrl\":\"https:\\\/\\\/wobronietradycjiiwiary.com\\\/wp-content\\\/uploads\\\/2021\\\/08\\\/Dormitio-Mariae-3.jpg\",\"datePublished\":\"2022-08-15T06:20:29+00:00\",\"dateModified\":\"2025-02-10T10:15:38+00:00\",\"breadcrumb\":{\"@id\":\"https:\\\/\\\/wobronietradycjiiwiary.com\\\/wniebowziecie-nmp-kazania-brewiarzowe-2\\\/#breadcrumb\"},\"inLanguage\":\"pl-PL\",\"potentialAction\":[{\"@type\":\"ReadAction\",\"target\":[\"https:\\\/\\\/wobronietradycjiiwiary.com\\\/wniebowziecie-nmp-kazania-brewiarzowe-2\\\/\"]}]},{\"@type\":\"ImageObject\",\"inLanguage\":\"pl-PL\",\"@id\":\"https:\\\/\\\/wobronietradycjiiwiary.com\\\/wniebowziecie-nmp-kazania-brewiarzowe-2\\\/#primaryimage\",\"url\":\"https:\\\/\\\/wobronietradycjiiwiary.com\\\/wp-content\\\/uploads\\\/2021\\\/08\\\/Dormitio-Mariae-3.jpg\",\"contentUrl\":\"https:\\\/\\\/wobronietradycjiiwiary.com\\\/wp-content\\\/uploads\\\/2021\\\/08\\\/Dormitio-Mariae-3.jpg\",\"width\":1600,\"height\":812},{\"@type\":\"BreadcrumbList\",\"@id\":\"https:\\\/\\\/wobronietradycjiiwiary.com\\\/wniebowziecie-nmp-kazania-brewiarzowe-2\\\/#breadcrumb\",\"itemListElement\":[{\"@type\":\"ListItem\",\"position\":1,\"name\":\"Strona g\u0142\u00f3wna\",\"item\":\"https:\\\/\\\/wobronietradycjiiwiary.com\\\/\"},{\"@type\":\"ListItem\",\"position\":2,\"name\":\"Wniebowzi\u0119cie NMP- Kazania brewiarzowe\"}]},{\"@type\":\"WebSite\",\"@id\":\"https:\\\/\\\/wobronietradycjiiwiary.com\\\/pl\\\/#website\",\"url\":\"https:\\\/\\\/wobronietradycjiiwiary.com\\\/pl\\\/\",\"name\":\"Tradycja i Wiara\",\"description\":\"Portal dla katolik\u00f3w.\",\"publisher\":{\"@id\":\"https:\\\/\\\/wobronietradycjiiwiary.com\\\/pl\\\/#organization\"},\"potentialAction\":[{\"@type\":\"SearchAction\",\"target\":{\"@type\":\"EntryPoint\",\"urlTemplate\":\"https:\\\/\\\/wobronietradycjiiwiary.com\\\/pl\\\/?s={search_term_string}\"},\"query-input\":{\"@type\":\"PropertyValueSpecification\",\"valueRequired\":true,\"valueName\":\"search_term_string\"}}],\"inLanguage\":\"pl-PL\"},{\"@type\":\"Organization\",\"@id\":\"https:\\\/\\\/wobronietradycjiiwiary.com\\\/pl\\\/#organization\",\"name\":\"Tradycja i Wiara\",\"url\":\"https:\\\/\\\/wobronietradycjiiwiary.com\\\/pl\\\/\",\"logo\":{\"@type\":\"ImageObject\",\"inLanguage\":\"pl-PL\",\"@id\":\"https:\\\/\\\/wobronietradycjiiwiary.com\\\/pl\\\/#\\\/schema\\\/logo\\\/image\\\/\",\"url\":\"https:\\\/\\\/i0.wp.com\\\/wobronietradycjiiwiary.com\\\/wp-content\\\/uploads\\\/2015\\\/10\\\/cropped-st-peters-dome-vatican.jpg?fit=940%2C198&ssl=1\",\"contentUrl\":\"https:\\\/\\\/i0.wp.com\\\/wobronietradycjiiwiary.com\\\/wp-content\\\/uploads\\\/2015\\\/10\\\/cropped-st-peters-dome-vatican.jpg?fit=940%2C198&ssl=1\",\"width\":940,\"height\":198,\"caption\":\"Tradycja i Wiara\"},\"image\":{\"@id\":\"https:\\\/\\\/wobronietradycjiiwiary.com\\\/pl\\\/#\\\/schema\\\/logo\\\/image\\\/\"},\"sameAs\":[\"https:\\\/\\\/www.facebook.com\\\/Tradycja-i-Wiara-108813920592249\"]},{\"@type\":\"Person\",\"@id\":\"https:\\\/\\\/wobronietradycjiiwiary.com\\\/pl\\\/#\\\/schema\\\/person\\\/2d6180ce6abcb681fef0daab7816e8f3\",\"name\":\"Traditio et Fides\",\"sameAs\":[\"https:\\\/\\\/traditionundglauben.com\"],\"url\":\"https:\\\/\\\/wobronietradycjiiwiary.com\\\/pl\\\/author\\\/wobronietradycjiiwiary\\\/\"}]}<\/script>\n<!-- \/ Yoast SEO plugin. -->","yoast_head_json":{"title":"Wniebowzi\u0119cie NMP- Kazania brewiarzowe - Tradycja i Wiara","robots":{"index":"index","follow":"follow","max-snippet":"max-snippet:-1","max-image-preview":"max-image-preview:large","max-video-preview":"max-video-preview:-1"},"canonical":"https:\/\/wobronietradycjiiwiary.com\/pl\/wniebowziecie-nmp-kazania-brewiarzowe-2\/","og_locale":"pl_PL","og_type":"article","og_title":"Wniebowzi\u0119cie NMP- Kazania brewiarzowe - Tradycja i Wiara","og_description":"Brewiarzowe kazania Ojc\u00f3w Ko\u015bcio\u0142a na dzisiejsze \u015bwi\u0119to ku zbudowaniu duszy.","og_url":"https:\/\/wobronietradycjiiwiary.com\/pl\/wniebowziecie-nmp-kazania-brewiarzowe-2\/","og_site_name":"Tradycja i Wiara","article_publisher":"https:\/\/www.facebook.com\/Tradycja-i-Wiara-108813920592249","article_published_time":"2022-08-15T06:20:29+00:00","article_modified_time":"2025-02-10T10:15:38+00:00","og_image":[{"width":1600,"height":812,"url":"https:\/\/i0.wp.com\/wobronietradycjiiwiary.com\/wp-content\/uploads\/2021\/08\/Dormitio-Mariae-3.jpg?fit=1600%2C812&ssl=1","type":"image\/jpeg"}],"author":"Traditio et Fides","twitter_card":"summary_large_image","twitter_misc":{"Napisane przez":"Traditio et Fides","Szacowany czas czytania":"9 minut"},"schema":{"@context":"https:\/\/schema.org","@graph":[{"@type":"Article","@id":"https:\/\/wobronietradycjiiwiary.com\/wniebowziecie-nmp-kazania-brewiarzowe-2\/#article","isPartOf":{"@id":"https:\/\/wobronietradycjiiwiary.com\/wniebowziecie-nmp-kazania-brewiarzowe-2\/"},"author":{"name":"Traditio et Fides","@id":"https:\/\/wobronietradycjiiwiary.com\/pl\/#\/schema\/person\/2d6180ce6abcb681fef0daab7816e8f3"},"headline":"Wniebowzi\u0119cie NMP- Kazania brewiarzowe","datePublished":"2022-08-15T06:20:29+00:00","dateModified":"2025-02-10T10:15:38+00:00","mainEntityOfPage":{"@id":"https:\/\/wobronietradycjiiwiary.com\/wniebowziecie-nmp-kazania-brewiarzowe-2\/"},"wordCount":1713,"commentCount":0,"publisher":{"@id":"https:\/\/wobronietradycjiiwiary.com\/pl\/#organization"},"image":{"@id":"https:\/\/wobronietradycjiiwiary.com\/wniebowziecie-nmp-kazania-brewiarzowe-2\/#primaryimage"},"thumbnailUrl":"https:\/\/wobronietradycjiiwiary.com\/wp-content\/uploads\/2021\/08\/Dormitio-Mariae-3.jpg","articleSection":["08. \u015awi\u0119ta w sierpniu","Duchowo\u015b\u0107","Liturgia i liturgika"],"inLanguage":"pl-PL","potentialAction":[{"@type":"CommentAction","name":"Comment","target":["https:\/\/wobronietradycjiiwiary.com\/wniebowziecie-nmp-kazania-brewiarzowe-2\/#respond"]}]},{"@type":"WebPage","@id":"https:\/\/wobronietradycjiiwiary.com\/wniebowziecie-nmp-kazania-brewiarzowe-2\/","url":"https:\/\/wobronietradycjiiwiary.com\/wniebowziecie-nmp-kazania-brewiarzowe-2\/","name":"Wniebowzi\u0119cie NMP- Kazania brewiarzowe - Tradycja i Wiara","isPartOf":{"@id":"https:\/\/wobronietradycjiiwiary.com\/pl\/#website"},"primaryImageOfPage":{"@id":"https:\/\/wobronietradycjiiwiary.com\/wniebowziecie-nmp-kazania-brewiarzowe-2\/#primaryimage"},"image":{"@id":"https:\/\/wobronietradycjiiwiary.com\/wniebowziecie-nmp-kazania-brewiarzowe-2\/#primaryimage"},"thumbnailUrl":"https:\/\/wobronietradycjiiwiary.com\/wp-content\/uploads\/2021\/08\/Dormitio-Mariae-3.jpg","datePublished":"2022-08-15T06:20:29+00:00","dateModified":"2025-02-10T10:15:38+00:00","breadcrumb":{"@id":"https:\/\/wobronietradycjiiwiary.com\/wniebowziecie-nmp-kazania-brewiarzowe-2\/#breadcrumb"},"inLanguage":"pl-PL","potentialAction":[{"@type":"ReadAction","target":["https:\/\/wobronietradycjiiwiary.com\/wniebowziecie-nmp-kazania-brewiarzowe-2\/"]}]},{"@type":"ImageObject","inLanguage":"pl-PL","@id":"https:\/\/wobronietradycjiiwiary.com\/wniebowziecie-nmp-kazania-brewiarzowe-2\/#primaryimage","url":"https:\/\/wobronietradycjiiwiary.com\/wp-content\/uploads\/2021\/08\/Dormitio-Mariae-3.jpg","contentUrl":"https:\/\/wobronietradycjiiwiary.com\/wp-content\/uploads\/2021\/08\/Dormitio-Mariae-3.jpg","width":1600,"height":812},{"@type":"BreadcrumbList","@id":"https:\/\/wobronietradycjiiwiary.com\/wniebowziecie-nmp-kazania-brewiarzowe-2\/#breadcrumb","itemListElement":[{"@type":"ListItem","position":1,"name":"Strona g\u0142\u00f3wna","item":"https:\/\/wobronietradycjiiwiary.com\/"},{"@type":"ListItem","position":2,"name":"Wniebowzi\u0119cie NMP- Kazania brewiarzowe"}]},{"@type":"WebSite","@id":"https:\/\/wobronietradycjiiwiary.com\/pl\/#website","url":"https:\/\/wobronietradycjiiwiary.com\/pl\/","name":"Tradycja i Wiara","description":"Portal dla katolik\u00f3w.","publisher":{"@id":"https:\/\/wobronietradycjiiwiary.com\/pl\/#organization"},"potentialAction":[{"@type":"SearchAction","target":{"@type":"EntryPoint","urlTemplate":"https:\/\/wobronietradycjiiwiary.com\/pl\/?s={search_term_string}"},"query-input":{"@type":"PropertyValueSpecification","valueRequired":true,"valueName":"search_term_string"}}],"inLanguage":"pl-PL"},{"@type":"Organization","@id":"https:\/\/wobronietradycjiiwiary.com\/pl\/#organization","name":"Tradycja i Wiara","url":"https:\/\/wobronietradycjiiwiary.com\/pl\/","logo":{"@type":"ImageObject","inLanguage":"pl-PL","@id":"https:\/\/wobronietradycjiiwiary.com\/pl\/#\/schema\/logo\/image\/","url":"https:\/\/i0.wp.com\/wobronietradycjiiwiary.com\/wp-content\/uploads\/2015\/10\/cropped-st-peters-dome-vatican.jpg?fit=940%2C198&ssl=1","contentUrl":"https:\/\/i0.wp.com\/wobronietradycjiiwiary.com\/wp-content\/uploads\/2015\/10\/cropped-st-peters-dome-vatican.jpg?fit=940%2C198&ssl=1","width":940,"height":198,"caption":"Tradycja i Wiara"},"image":{"@id":"https:\/\/wobronietradycjiiwiary.com\/pl\/#\/schema\/logo\/image\/"},"sameAs":["https:\/\/www.facebook.com\/Tradycja-i-Wiara-108813920592249"]},{"@type":"Person","@id":"https:\/\/wobronietradycjiiwiary.com\/pl\/#\/schema\/person\/2d6180ce6abcb681fef0daab7816e8f3","name":"Traditio et Fides","sameAs":["https:\/\/traditionundglauben.com"],"url":"https:\/\/wobronietradycjiiwiary.com\/pl\/author\/wobronietradycjiiwiary\/"}]}},"jetpack_publicize_connections":[],"jetpack_sharing_enabled":true,"jetpack_likes_enabled":true,"jetpack_shortlink":"https:\/\/wp.me\/pc04Sd-ix2","jetpack-related-posts":[{"id":98088,"url":"https:\/\/wobronietradycjiiwiary.com\/pl\/wniebowziecie-nmp-kazania-brewiarzowe-2-2\/","url_meta":{"origin":71240,"position":0},"title":"Wniebowzi\u0119cie NMP- Kazania brewiarzowe","author":"Traditio et Fides","date":"15 sierpnia 2023","format":false,"excerpt":"Brewiarzowe kazania Ojc\u00f3w Ko\u015bcio\u0142a na dzisiejsze \u015bwi\u0119to ku zbudowaniu duszy.","rel":"","context":"W \u201e08. \u015awi\u0119ta w sierpniu&quot;","block_context":{"text":"08. \u015awi\u0119ta w sierpniu","link":"https:\/\/wobronietradycjiiwiary.com\/pl\/category\/duchowosc\/liturgia-i-liturgika\/rozwazania\/rok-liturgiczny\/swieta-w-sierpniu\/"},"img":{"alt_text":"","src":"https:\/\/i0.wp.com\/wobronietradycjiiwiary.com\/wp-content\/uploads\/2021\/08\/Dormitio-Mariae-3.jpg?resize=350%2C200&ssl=1","width":350,"height":200,"srcset":"https:\/\/i0.wp.com\/wobronietradycjiiwiary.com\/wp-content\/uploads\/2021\/08\/Dormitio-Mariae-3.jpg?resize=350%2C200&ssl=1 1x, https:\/\/i0.wp.com\/wobronietradycjiiwiary.com\/wp-content\/uploads\/2021\/08\/Dormitio-Mariae-3.jpg?resize=525%2C300&ssl=1 1.5x, https:\/\/i0.wp.com\/wobronietradycjiiwiary.com\/wp-content\/uploads\/2021\/08\/Dormitio-Mariae-3.jpg?resize=700%2C400&ssl=1 2x, https:\/\/i0.wp.com\/wobronietradycjiiwiary.com\/wp-content\/uploads\/2021\/08\/Dormitio-Mariae-3.jpg?resize=1050%2C600&ssl=1 3x, https:\/\/i0.wp.com\/wobronietradycjiiwiary.com\/wp-content\/uploads\/2021\/08\/Dormitio-Mariae-3.jpg?resize=1400%2C800&ssl=1 4x"},"classes":[]},{"id":51800,"url":"https:\/\/wobronietradycjiiwiary.com\/pl\/wniebowziecie-nmp-kazania-brewiarzowe\/","url_meta":{"origin":71240,"position":1},"title":"Wniebowzi\u0119cie NMP- Kazania brewiarzowe","author":"Traditio et Fides","date":"15 sierpnia 2021","format":false,"excerpt":"Brewiarzowe kazania Ojc\u00f3w Ko\u015bcio\u0142a na dzisiejsze \u015bwi\u0119to ku zbudowaniu duszy.","rel":"","context":"W \u201e08. \u015awi\u0119ta w sierpniu&quot;","block_context":{"text":"08. \u015awi\u0119ta w sierpniu","link":"https:\/\/wobronietradycjiiwiary.com\/pl\/category\/duchowosc\/liturgia-i-liturgika\/rozwazania\/rok-liturgiczny\/swieta-w-sierpniu\/"},"img":{"alt_text":"","src":"https:\/\/i0.wp.com\/wobronietradycjiiwiary.com\/wp-content\/uploads\/2021\/08\/Dormitio-Mariae-3.jpg?resize=350%2C200&ssl=1","width":350,"height":200,"srcset":"https:\/\/i0.wp.com\/wobronietradycjiiwiary.com\/wp-content\/uploads\/2021\/08\/Dormitio-Mariae-3.jpg?resize=350%2C200&ssl=1 1x, https:\/\/i0.wp.com\/wobronietradycjiiwiary.com\/wp-content\/uploads\/2021\/08\/Dormitio-Mariae-3.jpg?resize=525%2C300&ssl=1 1.5x, https:\/\/i0.wp.com\/wobronietradycjiiwiary.com\/wp-content\/uploads\/2021\/08\/Dormitio-Mariae-3.jpg?resize=700%2C400&ssl=1 2x, https:\/\/i0.wp.com\/wobronietradycjiiwiary.com\/wp-content\/uploads\/2021\/08\/Dormitio-Mariae-3.jpg?resize=1050%2C600&ssl=1 3x, https:\/\/i0.wp.com\/wobronietradycjiiwiary.com\/wp-content\/uploads\/2021\/08\/Dormitio-Mariae-3.jpg?resize=1400%2C800&ssl=1 4x"},"classes":[]},{"id":119229,"url":"https:\/\/wobronietradycjiiwiary.com\/pl\/wniebowziecie-nmp-kazania-brewiarzowe-2-2-2\/","url_meta":{"origin":71240,"position":2},"title":"Wniebowzi\u0119cie NMP- Kazania brewiarzowe","author":"Traditio et Fides","date":"15 lipca 2024","format":false,"excerpt":"Brewiarzowe kazania Ojc\u00f3w Ko\u015bcio\u0142a na dzisiejsze \u015bwi\u0119to ku zbudowaniu duszy.","rel":"","context":"W \u201e08. \u015awi\u0119ta w sierpniu&quot;","block_context":{"text":"08. \u015awi\u0119ta w sierpniu","link":"https:\/\/wobronietradycjiiwiary.com\/pl\/category\/duchowosc\/liturgia-i-liturgika\/rozwazania\/rok-liturgiczny\/swieta-w-sierpniu\/"},"img":{"alt_text":"","src":"https:\/\/i0.wp.com\/wobronietradycjiiwiary.com\/wp-content\/uploads\/2021\/08\/Dormitio-Mariae-3.jpg?resize=350%2C200&ssl=1","width":350,"height":200,"srcset":"https:\/\/i0.wp.com\/wobronietradycjiiwiary.com\/wp-content\/uploads\/2021\/08\/Dormitio-Mariae-3.jpg?resize=350%2C200&ssl=1 1x, https:\/\/i0.wp.com\/wobronietradycjiiwiary.com\/wp-content\/uploads\/2021\/08\/Dormitio-Mariae-3.jpg?resize=525%2C300&ssl=1 1.5x, https:\/\/i0.wp.com\/wobronietradycjiiwiary.com\/wp-content\/uploads\/2021\/08\/Dormitio-Mariae-3.jpg?resize=700%2C400&ssl=1 2x, https:\/\/i0.wp.com\/wobronietradycjiiwiary.com\/wp-content\/uploads\/2021\/08\/Dormitio-Mariae-3.jpg?resize=1050%2C600&ssl=1 3x, https:\/\/i0.wp.com\/wobronietradycjiiwiary.com\/wp-content\/uploads\/2021\/08\/Dormitio-Mariae-3.jpg?resize=1400%2C800&ssl=1 4x"},"classes":[]},{"id":148760,"url":"https:\/\/wobronietradycjiiwiary.com\/pl\/wniebowziecie-nmp-kazania-brewiarzowe-2-2-3\/","url_meta":{"origin":71240,"position":3},"title":"Wniebowzi\u0119cie NMP- Kazania brewiarzowe","author":"Traditio et Fides","date":"15 lipca 2025","format":false,"excerpt":"Brewiarzowe kazania Ojc\u00f3w Ko\u015bcio\u0142a na dzisiejsze \u015bwi\u0119to ku zbudowaniu duszy.","rel":"","context":"W \u201e08. \u015awi\u0119ta w sierpniu&quot;","block_context":{"text":"08. \u015awi\u0119ta w sierpniu","link":"https:\/\/wobronietradycjiiwiary.com\/pl\/category\/duchowosc\/liturgia-i-liturgika\/rozwazania\/rok-liturgiczny\/swieta-w-sierpniu\/"},"img":{"alt_text":"","src":"https:\/\/i0.wp.com\/wobronietradycjiiwiary.com\/wp-content\/uploads\/2021\/08\/Dormitio-Mariae-3.jpg?resize=350%2C200&ssl=1","width":350,"height":200,"srcset":"https:\/\/i0.wp.com\/wobronietradycjiiwiary.com\/wp-content\/uploads\/2021\/08\/Dormitio-Mariae-3.jpg?resize=350%2C200&ssl=1 1x, https:\/\/i0.wp.com\/wobronietradycjiiwiary.com\/wp-content\/uploads\/2021\/08\/Dormitio-Mariae-3.jpg?resize=525%2C300&ssl=1 1.5x, https:\/\/i0.wp.com\/wobronietradycjiiwiary.com\/wp-content\/uploads\/2021\/08\/Dormitio-Mariae-3.jpg?resize=700%2C400&ssl=1 2x, https:\/\/i0.wp.com\/wobronietradycjiiwiary.com\/wp-content\/uploads\/2021\/08\/Dormitio-Mariae-3.jpg?resize=1050%2C600&ssl=1 3x, https:\/\/i0.wp.com\/wobronietradycjiiwiary.com\/wp-content\/uploads\/2021\/08\/Dormitio-Mariae-3.jpg?resize=1400%2C800&ssl=1 4x"},"classes":[]},{"id":82115,"url":"https:\/\/wobronietradycjiiwiary.com\/pl\/swiety-mikolaj-prawdziwy-i-falszywy-2\/","url_meta":{"origin":71240,"position":4},"title":"\u015awi\u0119ty Miko\u0142aj prawdziwy i fa\u0142szywy","author":"Traditio et Fides","date":"6 grudnia 2022","format":false,"excerpt":"Prawdziwy \u015bw. Miko\u0142aj nie jest Santa Claus, gdy\u017c za podarkami tego pierwszego kryje si\u0119 historia dla doros\u0142ych. Dzieciom nale\u017cy m\u00f3wi\u0107 prawd\u0119, mimo wszystko.","rel":"","context":"W \u201e12. \u015awi\u0119ta w grudniu&quot;","block_context":{"text":"12. \u015awi\u0119ta w grudniu","link":"https:\/\/wobronietradycjiiwiary.com\/pl\/category\/duchowosc\/liturgia-i-liturgika\/rozwazania\/rok-liturgiczny\/swieta-w-grudniu\/"},"img":{"alt_text":"","src":"https:\/\/i0.wp.com\/wobronietradycjiiwiary.com\/wp-content\/uploads\/2021\/12\/NikolausMyra_Entlarvung_der_Diana.jpg?resize=350%2C200&ssl=1","width":350,"height":200,"srcset":"https:\/\/i0.wp.com\/wobronietradycjiiwiary.com\/wp-content\/uploads\/2021\/12\/NikolausMyra_Entlarvung_der_Diana.jpg?resize=350%2C200&ssl=1 1x, https:\/\/i0.wp.com\/wobronietradycjiiwiary.com\/wp-content\/uploads\/2021\/12\/NikolausMyra_Entlarvung_der_Diana.jpg?resize=525%2C300&ssl=1 1.5x, https:\/\/i0.wp.com\/wobronietradycjiiwiary.com\/wp-content\/uploads\/2021\/12\/NikolausMyra_Entlarvung_der_Diana.jpg?resize=700%2C400&ssl=1 2x, https:\/\/i0.wp.com\/wobronietradycjiiwiary.com\/wp-content\/uploads\/2021\/12\/NikolausMyra_Entlarvung_der_Diana.jpg?resize=1050%2C600&ssl=1 3x, https:\/\/i0.wp.com\/wobronietradycjiiwiary.com\/wp-content\/uploads\/2021\/12\/NikolausMyra_Entlarvung_der_Diana.jpg?resize=1400%2C800&ssl=1 4x"},"classes":[]},{"id":46115,"url":"https:\/\/wobronietradycjiiwiary.com\/pl\/46115-2\/","url_meta":{"origin":71240,"position":5},"title":"Poulain SJ: V. Pr\u00f3by zsy\u0142ane przez Boga kontemplatykom. Rozdzia\u0142 XXV. Pragnienie zjednoczenia mistycznego (85) (IV)","author":"Prospector Veritatis","date":"23 kwietnia 2021","format":false,"excerpt":"O. Poulain przedstawia nam w cytatach \u015bw. Teresy o co powinni\u015bmy si\u0119 stara\u0107 na ziemi. Jedn\u0105 z rzeczy jak\u0105 si\u0119 dowiadujemy z poni\u017cszego tekstu jest to, \u017ce diabe\u0142 skutecznie odwodzi ludzi od modlitwy. Drug\u0105 rzecz\u0105, jak\u0105 mo\u017cemy si\u0119 dowiedzie\u0107 jest to, \u017ce ci kt\u00f3rzy z wiar\u0105 si\u0119 modlili zostali przez\u2026","rel":"","context":"W \u201eAutorzy \u017cycia duchowego&quot;","block_context":{"text":"Autorzy \u017cycia duchowego","link":"https:\/\/wobronietradycjiiwiary.com\/pl\/category\/duchowosc\/autorzy\/"},"img":{"alt_text":"","src":"https:\/\/i0.wp.com\/wobronietradycjiiwiary.com\/wp-content\/uploads\/2019\/10\/peter-paul-rubens-die-wunder-des-hl-ignatius-von-loyola.jpg?resize=350%2C200&ssl=1","width":350,"height":200,"srcset":"https:\/\/i0.wp.com\/wobronietradycjiiwiary.com\/wp-content\/uploads\/2019\/10\/peter-paul-rubens-die-wunder-des-hl-ignatius-von-loyola.jpg?resize=350%2C200&ssl=1 1x, https:\/\/i0.wp.com\/wobronietradycjiiwiary.com\/wp-content\/uploads\/2019\/10\/peter-paul-rubens-die-wunder-des-hl-ignatius-von-loyola.jpg?resize=525%2C300&ssl=1 1.5x, https:\/\/i0.wp.com\/wobronietradycjiiwiary.com\/wp-content\/uploads\/2019\/10\/peter-paul-rubens-die-wunder-des-hl-ignatius-von-loyola.jpg?resize=700%2C400&ssl=1 2x, https:\/\/i0.wp.com\/wobronietradycjiiwiary.com\/wp-content\/uploads\/2019\/10\/peter-paul-rubens-die-wunder-des-hl-ignatius-von-loyola.jpg?resize=1050%2C600&ssl=1 3x"},"classes":[]}],"amp_enabled":true,"jetpack_featured_media_url":"https:\/\/wobronietradycjiiwiary.com\/wp-content\/uploads\/2021\/08\/Dormitio-Mariae-3.jpg","_links":{"self":[{"href":"https:\/\/wobronietradycjiiwiary.com\/pl\/wp-json\/wp\/v2\/posts\/71240","targetHints":{"allow":["GET"]}}],"collection":[{"href":"https:\/\/wobronietradycjiiwiary.com\/pl\/wp-json\/wp\/v2\/posts"}],"about":[{"href":"https:\/\/wobronietradycjiiwiary.com\/pl\/wp-json\/wp\/v2\/types\/post"}],"author":[{"embeddable":true,"href":"https:\/\/wobronietradycjiiwiary.com\/pl\/wp-json\/wp\/v2\/users\/60508433"}],"replies":[{"embeddable":true,"href":"https:\/\/wobronietradycjiiwiary.com\/pl\/wp-json\/wp\/v2\/comments?post=71240"}],"version-history":[{"count":1,"href":"https:\/\/wobronietradycjiiwiary.com\/pl\/wp-json\/wp\/v2\/posts\/71240\/revisions"}],"predecessor-version":[{"id":71276,"href":"https:\/\/wobronietradycjiiwiary.com\/pl\/wp-json\/wp\/v2\/posts\/71240\/revisions\/71276"}],"wp:featuredmedia":[{"embeddable":true,"href":"https:\/\/wobronietradycjiiwiary.com\/pl\/wp-json\/wp\/v2\/media\/51806"}],"wp:attachment":[{"href":"https:\/\/wobronietradycjiiwiary.com\/pl\/wp-json\/wp\/v2\/media?parent=71240"}],"wp:term":[{"taxonomy":"category","embeddable":true,"href":"https:\/\/wobronietradycjiiwiary.com\/pl\/wp-json\/wp\/v2\/categories?post=71240"},{"taxonomy":"post_tag","embeddable":true,"href":"https:\/\/wobronietradycjiiwiary.com\/pl\/wp-json\/wp\/v2\/tags?post=71240"}],"curies":[{"name":"wp","href":"https:\/\/api.w.org\/{rel}","templated":true}]}}