{"id":71221,"date":"2022-08-31T08:20:28","date_gmt":"2022-08-31T06:20:28","guid":{"rendered":"https:\/\/wobronietradycjiiwiary.com\/?p=71221"},"modified":"2025-02-10T11:15:38","modified_gmt":"2025-02-10T10:15:38","slug":"31-go-sierpnia-zywot-swietego-rajmunda-nonnatusa-kardynala-2","status":"publish","type":"post","link":"https:\/\/wobronietradycjiiwiary.com\/pl\/31-go-sierpnia-zywot-swietego-rajmunda-nonnatusa-kardynala-2\/","title":{"rendered":"31-go Sierpnia. \u017bywot \u015bwi\u0119tego Rajmunda Nonnatusa, Kardyna\u0142a."},"content":{"rendered":"<div id=\"bsf_rt_marker\"><\/div>\n<p class=\"has-text-align-center wp-block-paragraph\">(\u017by\u0142 oko\u0142o roku Pa\u0144skiego 1240).<\/p>\n\n\n\n<figure class=\"wp-block-image\"><a href=\"https:\/\/pl.wikisource.org\/wiki\/Plik:%C5%BBywoty_%C5%9Bw._Pa%C5%84skich_na_wszystkie_dnie_roku-Inicja%C5%82-R.png\"><img decoding=\"async\" src=\"https:\/\/upload.wikimedia.org\/wikipedia\/commons\/thumb\/d\/dd\/%C5%BBywoty_%C5%9Bw._Pa%C5%84skich_na_wszystkie_dnie_roku-Inicja%C5%82-R.png\/55px-%C5%BBywoty_%C5%9Bw._Pa%C5%84skich_na_wszystkie_dnie_roku-Inicja%C5%82-R.png\" alt=\"R\"\/><\/a><\/figure>\n\n\n\n<p class=\"has-text-align-justify wp-block-paragraph\">Rajmund, przydomkiem Nonnatus, pochodzi\u0142 ze szlacheckiej rodziny hiszpa\u0144skiej. Ju\u017c jako dzieci\u0119 okazywa\u0142 szczeg\u00f3lny poci\u0105g do pobo\u017cno\u015bci, modlitwy i \u015bwiadczenia dobrego ubogim. Nauki odby\u0142 z odznaczeniem w Barcelonie i gor\u0105co pragn\u0105\u0142 po\u015bwi\u0119ci\u0107 si\u0119 teologii. Skoro ojciec spostrzeg\u0142 u syna sk\u0142onno\u015b\u0107 do zawodu duchownego, a nawet zakonnego, odwo\u0142a\u0142 go ze szko\u0142y i pos\u0142a\u0142 na wie\u015b, po\u0142o\u017con\u0105 w g\u00f3rskiej okolicy, aby tam jako rolnik zapomnia\u0142 o swem postanowieniu, a nast\u0119pnie wst\u0105pi\u0142 do wojska. Zawi\u00f3d\u0142 si\u0119 jednak w swych nadziejach.<\/p>\n\n\n\n<p class=\"has-text-align-justify wp-block-paragraph\">Na wzg\u00f3rzu jednem sta\u0142a kapliczka Matki Boskiej; do niej wi\u0119c Rajmund cz\u0119sto zagl\u0105da\u0142, pas\u0105c w pobli\u017cu owce, a serce jego napawa\u0142o si\u0119 rozkosz\u0105, gdy patrza\u0142 na Jej twarz tchn\u0105c\u0105 \u0142agodno\u015bci\u0105. W skromnym przybytku Pa\u0144skim pada\u0142 na kolana i prosi\u0142 Przeczystej Dziewicy, aby mu by\u0142a Matk\u0105, Przyjaci\u00f3\u0142k\u0105 i Pani\u0105 mi\u0142osierdzia. Przed Jej obrazem zwierza\u0142 si\u0119 ze swych my\u015bli i uczu\u0107, przek\u0142ada\u0142 z dzieci\u0119cem zaufaniem swe pro\u015bby i \u017cyczenia, tam szuka\u0142 pociechy i otuchy, \u015blubuj\u0105c dozgonn\u0105 czysto\u015b\u0107 i zobowi\u0105zuj\u0105c si\u0119 wst\u0105pi\u0107 do zostaj\u0105cego pod Jej opiek\u0105 Zakonu, trudni\u0105cego si\u0119 wykupywaniem je\u0144c\u00f3w, kt\u00f3rego za\u0142o\u017cycielem by\u0142 Piotr z Nolasko. Za po\u015brednictwem hrabiego Kardony, kt\u00f3ry by\u0142 jego ojcem chrzestnym i cz\u0119sto zje\u017cd\u017ca\u0142 na polowanie w onych g\u00f3rach, otrzyma\u0142 nareszcie od ojca pozwolenie wst\u0105pienia do stanu duchownego, a sam Za\u0142o\u017cyciel Zakonu przyodzia\u0142 go w Barcelonie niezad\u0142ugo w bia\u0142y habit z czerwono niebieskim krzy\u017cem.<\/p>\n\n\n\n<p class=\"has-text-align-justify wp-block-paragraph\">Teraz dopiero wolno mu by\u0142o doko\u0144czy\u0107 nauk, wy\u015bwi\u0119ci\u0107 si\u0119 na ksi\u0119dza i obj\u0105\u0107 urz\u0105d kaznodziei, kt\u00f3rego obowi\u0105zki pe\u0142ni\u0142 tak gorliwie i sumiennie, \u017ce prze\u0142o\u017ceni uznali w kilka lat p\u00f3\u017aniej zdolno\u015b\u0107 jego do w\u0142a\u015bciwych zaj\u0119\u0107 zakonnych. Do wykupywania bowiem je\u0144c\u00f3w z niewoli Sarace\u0144skiej wybierali tylko takich zakonnik\u00f3w, kt\u00f3rzy odznaczali si\u0119 pobo\u017cno\u015bci\u0105 i po\u015bwi\u0119ceniem.<\/p>\n\n\n\n<p class=\"has-text-align-justify wp-block-paragraph\">W dw\u00f3ch podr\u00f3\u017cach towarzyszy\u0142 jako pomocnik \u015bw. Zakonodawcy, poczem wys\u0142ano go z kilku ksi\u0119\u017cmi do Algieru, sk\u0105d wykupi\u0142 150 je\u0144c\u00f3w i przywi\u00f3z\u0142 ich do Hiszpanii. W roku 1235 uda\u0142 si\u0119 w wa\u017cnej sprawie do Rzymu, a uzyskawszy u Papie\u017ca Grzegorza IX zatwierdzenie Zakonu, wr\u00f3ci\u0142 do Afryki. Gorliwo\u015bci i po\u015bwi\u0119ceniu jego uda\u0142o si\u0119 powt\u00f3rnie wydosta\u0107 z niewoli 228 chrze\u015bcijan i wr\u00f3ci\u0107 ich stroskanym krewnym. Gdy si\u0119 jednak fundusze wyczerpa\u0142y, ofiarowa\u0142 si\u0119 za zak\u0142adnika, dop\u00f3ki um\u00f3wione za nich wykupne nie nadejdzie. Ciesz\u0105c si\u0119, \u017ce B\u00f3g mu pozwoli\u0142 cierpie\u0107 dla mi\u0142o\u015bci Jezusa, da\u0142 si\u0119 oku\u0107 w kajdany, pracowa\u0142 wesp\u00f3\u0142 z innymi w czasie najwi\u0119kszych upa\u0142\u00f3w i pe\u0142ni\u0142 obowi\u0105zki kap\u0142a\u0144skie. Nadto pociesza\u0142 i dodawa\u0142 otuchy towarzyszom niedoli, o\u017cywiaj\u0105c ich wiar\u0119 w Opatrzno\u015b\u0107 Bo\u017c\u0105.<\/p>\n\n\n\n<p class=\"has-text-align-justify wp-block-paragraph\">Najwi\u0119ksz\u0105 lito\u015b\u0107 okazywa\u0142 tym nieszcz\u0119\u015bliwym, kt\u00f3rzy w nadziei uzyskania ulgi w swej niewoli wyparli si\u0119 wiary Chrystusowej, dopu\u015bcili si\u0119 wiaro\u0142omstwa i zostali przedmiotem pogardy u swych towarzysz\u00f3w. Umia\u0142 te\u017c przem\u00f3wi\u0107 tak czule do ich serca i przekonania, \u017ce wielu z nich, czuj\u0105c wstyd z powodu swego post\u0119pku, odwo\u0142a\u0142o swe zaparcie. Lekcewa\u017c\u0105c nawet niebezpiecze\u0144stwo gro\u017c\u0105ce w\u0142asnej osobie, nie waha\u0142 si\u0119 przy ka\u017cdej sposobno\u015bci g\u0142osi\u0107 Ewangelii samym Saracenom i zach\u0119ca\u0107 ich do porzucenia b\u0142\u0119d\u00f3w Mahometa. Uda\u0142o mu si\u0119 te\u017c nawr\u00f3ci\u0107 kilku celniejszych. Rz\u0105d kaza\u0142 go pochwyci\u0107, smaga\u0107 do krwi na publicznym placu i zawyrokowa\u0142, i\u017c ma by\u0107 wbitym na pal. Ocali\u0142a go tylko chciwo\u015b\u0107 Saracen\u00f3w i obawa utraty pieni\u0119dzy obiecanych za wyzwolonych je\u0144c\u00f3w. Okrucie\u0144stwo za\u015b s\u0119dzi\u00f3w wpad\u0142o na niegodziw\u0105 my\u015bl, prawdziwy wymys\u0142 szatana. Kazali bowiem przebi\u0107 Rajmundowi rozpalonem \u017celazem obie wargi, spi\u0105\u0107 je k\u0142\u00f3dk\u0105 i wo\u0142ali na niego z ur\u0105gowiskiem: \u201eTeraz pewnie nie b\u0119dziesz ple\u015b\u0107 ba\u015bni o Chrystusie i przestaniesz zwodzi\u0107 wielbicieli naszego\u00a0proroka.\u201c O\u015bm lat pozostawa\u0142 Rajmund w ciemnym lochu, sp\u0119tany na r\u0119kach i nogach, trapiony g\u0142odem, z ustami zawartemi \u017celazn\u0105 k\u0142\u00f3dk\u0105; ale wielu spragnionych pociechy chrze\u015bcijan, pomi\u0119dzy kt\u00f3rymi by\u0142o kilku nowonawr\u00f3conych, zbiera\u0142o si\u0119 pokryjomu u niego. Przemawia\u0142 do nich z wysileniem, ale oni go rozumieli. Ju\u017c sam widok \u015bwi\u0119tego M\u0119czennika, z rado\u015bci\u0105 znosz\u0105cego swe m\u0119ki, dzia\u0142a\u0142 na nich mocniej od najwymowniejszego kazania.<br><\/p>\n\n\n\n<p class=\"has-text-align-justify wp-block-paragraph\">\u2009Tymczasem przynie\u015bli bracia zakonni spodziewane wykupno, a Rajmund wypuszczony na wolno\u015b\u0107, na nowo podj\u0105\u0142 przerwan\u0105 prac\u0119. Wkr\u00f3tce jednak kaza\u0142a mu zwierzchno\u015b\u0107 zakonna wr\u00f3ci\u0107 do Hiszpanii, gdy\u017c Papie\u017c Grzegorz IX uznaj\u0105c jego zas\u0142ugi i wysokie zalety, mianowa\u0142 go Kardyna\u0142em. Przyj\u0119to go uroczy\u015bcie w Barcelonie i wprowadzono do okaza\u0142ego pa\u0142acu kardynalskiego. Wszak\u017ce wysokie dostoje\u0144stwo w niczem nie zmieni\u0142o jego pokory. Porzuci\u0142 wspania\u0142e komnaty, wprowadzi\u0142 si\u0119 do celi klasztornej, chodzi\u0142 w ubogim habicie i \u017cy\u0142 \u015bci\u015ble wed\u0142ug regu\u0142y zakonnej. Gdy mu zwracano uwag\u0119, \u017ce za ma\u0142o ma wzgl\u0119du na sw\u0105 wysok\u0105 dostojno\u015b\u0107, odpowiada\u0142 ze zwyk\u0142\u0105 uprzejmo\u015bci\u0105: \u201ePokora z dostoje\u0144stwem da si\u0119 bardzo dobrze pogodzi\u0107, gdy\u017c jedna nie wy\u0142\u0105cza drugiego.\u201c W roku 1240 powo\u0142a\u0142 go Ojciec \u015bwi\u0119ty do Rzymu, a Pan B\u00f3g do Nieba; gdy bowiem szed\u0142 po\u017cegna\u0107 si\u0119 ze swym ojcem chrzestnym i dobrodziejem hrabi\u0105 Kardonem, zapad\u0142 ci\u0119\u017cko na zdrowiu. W chorobie udzieli\u0142 mu Anio\u0142 w habicie zakonnym Wiatyk \u015bwi\u0119ty, a nowomianowany Kardyna\u0142 odda\u0142 Panu Bogu ducha w roku 1240, licz\u0105c niespe\u0142na lat 37.<\/p>\n\n\n\n<p class=\"has-text-align-justify wp-block-paragraph\">\u2009O zw\u0142oki jego wszcz\u0105\u0142 si\u0119 sp\u00f3r mi\u0119dzy miastem Barcelon\u0105, hrabi\u0105 Kardonem i Zakonem, kt\u00f3ry wszak\u017ce sam B\u00f3g rozstrzygn\u0105\u0142. Po\u0142o\u017cono bowiem trumn\u0119 na karawan i zaprz\u0119\u017cono do niej \u015blepego mu\u0142a, puszczaj\u0105c go samopas. Zwierz\u0119 zaci\u0105gn\u0119\u0142o \u017ca\u0142obny w\u00f3z przed kaplic\u0119 na wzg\u00f3rzu wiejskiem, gdzie zmar\u0142y w m\u0142odocianym wieku tak cz\u0119sto si\u0119 modli\u0142; tam go te\u017c z wielk\u0105 czci\u0105 pochowano. Kaplic\u0119 zamieniono na pi\u0119kny ko\u015bci\u00f3\u0142, kt\u00f3ry si\u0119 sta\u0142 miejscem licznych pielgrzymek, a \u015bwi\u0119ty Piotr z Nolasko przybudowa\u0142 do niego ko\u015bci\u00f3\u0142 swej regu\u0142y.<br><\/p>\n\n\n\n<h2 class=\"wp-block-heading\"><strong>Nauka moralna.<\/strong><\/h2>\n\n\n\n<p class=\"has-text-align-justify wp-block-paragraph\">\u2009W \u017cyciu \u015bwi\u0119tego Rajmunda uderzaj\u0105 ka\u017cdego dwa punkta:<br>\u2009a) Op\u0142akany stan niewolnik\u00f3w j\u0119cz\u0105cych w niewoli Saracen\u00f3w. Biedni je\u0144cy musieli d\u017awiga\u0107 ci\u0119\u017ckie \u0142a\u0144cuchy, pracowa\u0107 ci\u0119\u017cko i bez wytchnienia, znosi\u0107 szyderstwa i ur\u0105gania bez nadziei oswobodzenia, gdy\u017c nie mogli si\u0119 wykupi\u0107.<br>\u2009b) Mi\u0142osierdzie \u015bwi\u0119tego Rajmunda, kt\u00f3ry sam si\u0119 odda\u0142 w niewol\u0119, aby nieszcz\u0119snym wr\u00f3ci\u0107 z\u0142ot\u0105 wolno\u015b\u0107.<br>\u2009<\/p>\n\n\n\n<p class=\"has-text-align-justify wp-block-paragraph\">Owe dwa punkta s\u0105 jednak tylko s\u0142abem wyobra\u017ceniem tego, co Ko\u015bci\u00f3\u0142 \u015bwi\u0119ty w rzeczywisto\u015bci dziennie i co godzin\u0119 w Ofierze Mszy \u015bwi\u0119tej nam przedstawia. W dow\u00f3d tego rozwa\u017cajmy:<\/p>\n\n\n\n<p class=\"has-text-align-justify wp-block-paragraph\"><br>\u20091) Najwi\u0119kszem nieszcz\u0119\u015bciem, jakie gn\u0119bi chrze\u015bcijanina, jest grzech pierworodny. W tym stanie jest jakby wygna\u0144cem jakim,\u00a0na kt\u00f3rym spoczywa kl\u0105twa niewdzi\u0119czno\u015bci i niepos\u0142usze\u0144stwa. Jest on niejako wi\u0119\u017aniem, okutym kajdanami przez szatana. Nie jest on zdolnym wykupi\u0107 si\u0119 z tej niewoli, wyp\u0142aci\u0107 si\u0119 z d\u0142ugu obrazy sprawiedliwo\u015bci Bo\u017cej i pozyska\u0107 wst\u0119pu do Kr\u00f3lestwa niebieskiego. Na uznanie tego niepodobie\u0144stwa godzi si\u0119 rozum i objawienie. I rozum i objawienie uczy nas, \u017ce tylko sam Chrystus jako prawdziwy B\u00f3g-Cz\u0142owiek mo\u017ce usun\u0105\u0107 to niepodobie\u0144stwo.<br>\u20092) Pan Jezus jest rzeczywistym Barankiem ofiarnym za grzechy nasze. Pan Jezus odzywa si\u0119 do nas przy Mszy \u015bwi\u0119tej podczas Podniesienia ustami kap\u0142ana:\u00a0\u201eOto kielich krwi Mojej, nowego i wieczystego Zakonu, krwi, kt\u00f3ra wylan\u0105 b\u0119dzie za was i za wielu na wybaczenie grzech\u00f3w.\u201c Chrze\u015bcijanin widzi w tym \u015bwi\u0119tym akcie Hosty\u0119 Przenaj\u015bwi\u0119tsz\u0105 i Kielich \u015bwi\u0119ty, jedn\u0105 obok drugiego, a wiara widzi w tem odosobnieniu cia\u0142a i krwi tajemnicz\u0105 \u015bmier\u0107 Zbawiciela, ponawian\u0105 dla odpuszczenia grzech\u00f3w naszych; \u015bmier\u0107 bowiem jest koniecznem nast\u0119pstwem rozdzia\u0142u cia\u0142a i krwi. Ta \u015bwi\u0119ta i drogocenna Krew wo\u0142a do Ojca niebieskiego o mi\u0142osierdzie i wybaczenie wyrz\u0105dzonej Mu obrazy, a tego wo\u0142ania zawsze wys\u0142ucha \u0142askawie B\u00f3g wszechmog\u0105cy. Podziwiajmy i wielbmy po\u015bwi\u0119cenie, jakie okaza\u0142 \u015bwi\u0119ty Rajmund w wykupywaniu je\u0144c\u00f3w, ale podziwiajmy i wielbmy stokro\u0107 wi\u0119cej Jezusa w o\u0142tarzu, kt\u00f3ry nas ofiar\u0105 \u017cycia wyswobodzi\u0142 z niewoli grzechu.<br><\/p>\n\n\n\n<h2 class=\"wp-block-heading\"><strong>Modlitwa.<\/strong><\/h2>\n\n\n\n<blockquote class=\"wp-block-quote is-layout-flow wp-block-quote-is-layout-flow\"><p>\u2009Panie i Bo\u017ce m\u00f3j, kt\u00f3ry nam nakaza\u0142e\u015b mi\u0142owa\u0107 bli\u017aniego, jak siebie samego, racz w nas wszczepi\u0107 na wz\u00f3r \u015bwi\u0119tego Rajmunda szczer\u0105 i prawdziw\u0105 mi\u0142o\u015b\u0107 bli\u017aniego, a\u017ceby\u015bmy si\u0119 okazali Twymi wiernymi uczniami, godnymi Twej mi\u0142o\u015bci i \u015bwi\u0119tej opieki. Przez Pana naszego Jezusa Chrystusa. Amen.<\/p><\/blockquote>\n\n\n\n<p class=\"wp-block-paragraph\"><br>\u2009<em>Opr\u00f3cz tego obchodzi Ko\u015bci\u00f3\u0142 \u015bwi\u0119ty pami\u0105tk\u0119 nast\u0119puj\u0105cych \u015awi\u0119tych Pa\u0144skich, zamieszczonych w rzymskiem martyrologium:<\/em><\/p>\n\n\n\n<p class=\"has-text-align-justify wp-block-paragraph\">\u2009<strong>Dnia 31-go sierpnia<\/strong>&nbsp;w Kardonie w Hiszpanii uroczysto\u015b\u0107 \u015bwi\u0119tego&nbsp;Rajmunda Nonnatusa, Kardyna\u0142a i Wyznawcy z zakonu Mercedaryusz\u00f3w, kt\u00f3rego cnoty i cuda uczyni\u0142y czcigodnym dla wszystkich. \u2014 W Trewirze uroczysto\u015b\u0107 \u015bw.&nbsp;Paulina, Biskupa, kt\u00f3ry w zamieszkach arya\u0144skich wygnany zosta\u0142 dla wiary katolickiej z wszelkich kraj\u00f3w katolickich, a p\u0119dzony z jednej miejscowo\u015bci do drugiej, zmar\u0142 wreszcie we Frygii, otrzymuj\u0105c w nagrod\u0119 od Boga za trudy swoje koron\u0119 zwyci\u0119sk\u0105. \u2014 Tam\u017ce pami\u0105tka \u015bw.&nbsp;Robustyana i Marka, M\u0119czennik\u00f3w. \u2014 W Transacco nad jeziorem Celano m\u0119cze\u0144stwo \u015bw.&nbsp;Cezydyusza, Kap\u0142ana&nbsp;z towarzyszami, co za Maksymiana zyskali palm\u0119 m\u0119cze\u0144stwa. \u2014 W Cezarei w Kapadocyi cierpienia \u015bwi\u0119tych&nbsp;Teodota, Rufiny i Amii. Dwaj pierwsi byli rodzicami \u015bw. Mammasa, M\u0119czennika; Rufina porodzi\u0142a go w wi\u0119zieniu, Amia za\u015b wychowa\u0142a. \u2014 W Atenach uroczysto\u015b\u0107 \u015bw.&nbsp;Arystyda. Odznaczaj\u0105c si\u0119 tak wiar\u0105, jak wiedz\u0105 g\u0142\u0119bok\u0105, dor\u0119czy\u0142 cesarzowi Hadryanowi rozpraw\u0119 o wierze chrze\u015bcija\u0144skiej, w kt\u00f3rej wy\u0142o\u017cy\u0142 dowody prawdziwo\u015bci wiary naszej. Nawet przed cesarzem samym wyg\u0142osi\u0142 \u015bwietn\u0105 mow\u0119, dowodz\u0105c w niej bosko\u015bci Jezusa Chrystusa. \u2014 W Auxerre pami\u0105tka \u015bw.&nbsp;Optata, Biskupa i Wyznawcy. \u2014 W Anglii uroczysto\u015b\u0107 \u015bwi\u0119tego&nbsp;Aidana, Biskupa z Lindisfarne. Gdy pewien owczarz, imieniem Kutbert, ujrza\u0142 ducha jego wst\u0119puj\u0105cego do Nieba, opu\u015bci\u0142 owczarni\u0119 swoj\u0105 i wst\u0105pi\u0142 do klasztoru. \u2014 Pod Nusco pami\u0105tka \u015bw.&nbsp;Amata, Biskupa. \u2014 Na Monte Senario pod Florency\u0105 uroczysto\u015b\u0107 \u015bw.&nbsp;Bonajuncta, Wyznawcy, jednego z 7 za\u0142o\u017cycieli zakonu Serwit\u00f3w; w czasie przemowy o M\u0119ce Zbawiciela, g\u0142oszonej ku zbudowaniu wsp\u00f3\u0142braci, odda\u0142 ducha swego w r\u0119ce Stw\u00f3rcy.<\/p>\n","protected":false},"excerpt":{"rendered":"<p>\u015aw. Rajmund najpierw planowa\u0142 za\u0142o\u017cenie zakonu od wykupu wi\u0119\u017ani\u00f3w zanim sam trafi\u0142 na osiem lat do niewoli., gdzie do\u015bwiadczy\u0142, \u017ce rzeczywisto\u015b\u0107 jest du\u017co gorsza od obaw. Wykupiono go i zosta\u0142 kardyna\u0142em, a jego pokora by\u0142a prawdziwa, bo wypr\u00f3bowana w wi\u0119zieniu i na torturach. On rzeczywi\u015bcie na purpur\u0119 kardynalsk\u0105 zas\u0142ugiwa\u0142.<\/p>\n","protected":false},"author":60508433,"featured_media":51976,"comment_status":"open","ping_status":"open","sticky":false,"template":"","format":"standard","meta":{"_bbp_topic_count":0,"_bbp_reply_count":0,"_bbp_total_topic_count":0,"_bbp_total_reply_count":0,"_bbp_voice_count":0,"_bbp_anonymous_reply_count":0,"_bbp_topic_count_hidden":0,"_bbp_reply_count_hidden":0,"_bbp_forum_subforum_count":0,"_editorskit_title_hidden":false,"_editorskit_reading_time":0,"_editorskit_is_block_options_detached":false,"_editorskit_block_options_position":"{}","_coblocks_attr":"","_coblocks_dimensions":"","_coblocks_responsive_height":"","_coblocks_accordion_ie_support":"","_exactmetrics_skip_tracking":false,"_jetpack_newsletter_access":"","_jetpack_dont_email_post_to_subs":false,"_jetpack_newsletter_tier_id":0,"_jetpack_memberships_contains_paywalled_content":false,"_wpcom_ai_launchpad_first_post":false,"_jetpack_feature_clip_id":0,"_jetpack_memberships_contains_paid_content":false,"footnotes":"","jetpack_publicize_message":"{title}\n\n{excerpt}\n\n{url}","jetpack_publicize_feature_enabled":true,"jetpack_social_post_already_shared":false,"jetpack_social_options":{"image_generator_settings":{"template":"highway","default_image_id":0,"font":"","enabled":false},"version":2},"_wpas_customize_per_network":false,"jetpack_post_was_ever_published":false},"categories":[610131823,610131184,336375535],"tags":[],"class_list":["post-71221","post","type-post","status-publish","format-standard","has-post-thumbnail","hentry","category-swieta-w-sierpniu","category-duchowosc","category-liturgia-i-liturgika"],"yoast_head":"<!-- This site is optimized with the Yoast SEO plugin v28.3 - https:\/\/yoast.com\/product\/yoast-seo-wordpress\/ -->\n<title>31-go Sierpnia. \u017bywot \u015bwi\u0119tego Rajmunda Nonnatusa, Kardyna\u0142a. - Tradycja i Wiara<\/title>\n<meta name=\"robots\" content=\"index, follow, max-snippet:-1, max-image-preview:large, max-video-preview:-1\" \/>\n<link rel=\"canonical\" href=\"https:\/\/wobronietradycjiiwiary.com\/pl\/31-go-sierpnia-zywot-swietego-rajmunda-nonnatusa-kardynala-2\/\" \/>\n<meta property=\"og:locale\" content=\"pl_PL\" \/>\n<meta property=\"og:type\" content=\"article\" \/>\n<meta property=\"og:title\" content=\"31-go Sierpnia. \u017bywot \u015bwi\u0119tego Rajmunda Nonnatusa, Kardyna\u0142a. - Tradycja i Wiara\" \/>\n<meta property=\"og:description\" content=\"\u015aw. Rajmund najpierw planowa\u0142 za\u0142o\u017cenie zakonu od wykupu wi\u0119\u017ani\u00f3w zanim sam trafi\u0142 na osiem lat do niewoli., gdzie do\u015bwiadczy\u0142, \u017ce rzeczywisto\u015b\u0107 jest du\u017co gorsza od obaw. Wykupiono go i zosta\u0142 kardyna\u0142em, a jego pokora by\u0142a prawdziwa, bo wypr\u00f3bowana w wi\u0119zieniu i na torturach. On rzeczywi\u015bcie na purpur\u0119 kardynalsk\u0105 zas\u0142ugiwa\u0142.\" \/>\n<meta property=\"og:url\" content=\"https:\/\/wobronietradycjiiwiary.com\/pl\/31-go-sierpnia-zywot-swietego-rajmunda-nonnatusa-kardynala-2\/\" \/>\n<meta property=\"og:site_name\" content=\"Tradycja i Wiara\" \/>\n<meta property=\"article:publisher\" content=\"https:\/\/www.facebook.com\/Tradycja-i-Wiara-108813920592249\" \/>\n<meta property=\"article:published_time\" content=\"2022-08-31T06:20:28+00:00\" \/>\n<meta property=\"article:modified_time\" content=\"2025-02-10T10:15:38+00:00\" \/>\n<meta property=\"og:image\" content=\"https:\/\/wobronietradycjiiwiary.com\/wp-content\/uploads\/2021\/08\/Rajmund-Nonnatus1.jpg\" \/>\n\t<meta property=\"og:image:width\" content=\"1200\" \/>\n\t<meta property=\"og:image:height\" content=\"817\" \/>\n\t<meta property=\"og:image:type\" content=\"image\/jpeg\" \/>\n<meta name=\"author\" content=\"Traditio et Fides\" \/>\n<meta name=\"twitter:card\" content=\"summary_large_image\" \/>\n<meta name=\"twitter:label1\" content=\"Napisane przez\" \/>\n\t<meta name=\"twitter:data1\" content=\"Traditio et Fides\" \/>\n\t<meta name=\"twitter:label2\" content=\"Szacowany czas czytania\" \/>\n\t<meta name=\"twitter:data2\" content=\"9 minut\" \/>\n<script type=\"application\/ld+json\" class=\"yoast-schema-graph\">{\"@context\":\"https:\\\/\\\/schema.org\",\"@graph\":[{\"@type\":\"Article\",\"@id\":\"https:\\\/\\\/wobronietradycjiiwiary.com\\\/31-go-sierpnia-zywot-swietego-rajmunda-nonnatusa-kardynala-2\\\/#article\",\"isPartOf\":{\"@id\":\"https:\\\/\\\/wobronietradycjiiwiary.com\\\/31-go-sierpnia-zywot-swietego-rajmunda-nonnatusa-kardynala-2\\\/\"},\"author\":{\"name\":\"Traditio et Fides\",\"@id\":\"https:\\\/\\\/wobronietradycjiiwiary.com\\\/pl\\\/#\\\/schema\\\/person\\\/2d6180ce6abcb681fef0daab7816e8f3\"},\"headline\":\"31-go Sierpnia. \u017bywot \u015bwi\u0119tego Rajmunda Nonnatusa, Kardyna\u0142a.\",\"datePublished\":\"2022-08-31T06:20:28+00:00\",\"dateModified\":\"2025-02-10T10:15:38+00:00\",\"mainEntityOfPage\":{\"@id\":\"https:\\\/\\\/wobronietradycjiiwiary.com\\\/31-go-sierpnia-zywot-swietego-rajmunda-nonnatusa-kardynala-2\\\/\"},\"wordCount\":1818,\"commentCount\":0,\"publisher\":{\"@id\":\"https:\\\/\\\/wobronietradycjiiwiary.com\\\/pl\\\/#organization\"},\"image\":{\"@id\":\"https:\\\/\\\/wobronietradycjiiwiary.com\\\/31-go-sierpnia-zywot-swietego-rajmunda-nonnatusa-kardynala-2\\\/#primaryimage\"},\"thumbnailUrl\":\"https:\\\/\\\/wobronietradycjiiwiary.com\\\/wp-content\\\/uploads\\\/2021\\\/08\\\/Rajmund-Nonnatus1.jpg\",\"articleSection\":[\"08. \u015awi\u0119ta w sierpniu\",\"Duchowo\u015b\u0107\",\"Liturgia i liturgika\"],\"inLanguage\":\"pl-PL\",\"potentialAction\":[{\"@type\":\"CommentAction\",\"name\":\"Comment\",\"target\":[\"https:\\\/\\\/wobronietradycjiiwiary.com\\\/31-go-sierpnia-zywot-swietego-rajmunda-nonnatusa-kardynala-2\\\/#respond\"]}]},{\"@type\":\"WebPage\",\"@id\":\"https:\\\/\\\/wobronietradycjiiwiary.com\\\/31-go-sierpnia-zywot-swietego-rajmunda-nonnatusa-kardynala-2\\\/\",\"url\":\"https:\\\/\\\/wobronietradycjiiwiary.com\\\/31-go-sierpnia-zywot-swietego-rajmunda-nonnatusa-kardynala-2\\\/\",\"name\":\"31-go Sierpnia. \u017bywot \u015bwi\u0119tego Rajmunda Nonnatusa, Kardyna\u0142a. - Tradycja i Wiara\",\"isPartOf\":{\"@id\":\"https:\\\/\\\/wobronietradycjiiwiary.com\\\/pl\\\/#website\"},\"primaryImageOfPage\":{\"@id\":\"https:\\\/\\\/wobronietradycjiiwiary.com\\\/31-go-sierpnia-zywot-swietego-rajmunda-nonnatusa-kardynala-2\\\/#primaryimage\"},\"image\":{\"@id\":\"https:\\\/\\\/wobronietradycjiiwiary.com\\\/31-go-sierpnia-zywot-swietego-rajmunda-nonnatusa-kardynala-2\\\/#primaryimage\"},\"thumbnailUrl\":\"https:\\\/\\\/wobronietradycjiiwiary.com\\\/wp-content\\\/uploads\\\/2021\\\/08\\\/Rajmund-Nonnatus1.jpg\",\"datePublished\":\"2022-08-31T06:20:28+00:00\",\"dateModified\":\"2025-02-10T10:15:38+00:00\",\"breadcrumb\":{\"@id\":\"https:\\\/\\\/wobronietradycjiiwiary.com\\\/31-go-sierpnia-zywot-swietego-rajmunda-nonnatusa-kardynala-2\\\/#breadcrumb\"},\"inLanguage\":\"pl-PL\",\"potentialAction\":[{\"@type\":\"ReadAction\",\"target\":[\"https:\\\/\\\/wobronietradycjiiwiary.com\\\/31-go-sierpnia-zywot-swietego-rajmunda-nonnatusa-kardynala-2\\\/\"]}]},{\"@type\":\"ImageObject\",\"inLanguage\":\"pl-PL\",\"@id\":\"https:\\\/\\\/wobronietradycjiiwiary.com\\\/31-go-sierpnia-zywot-swietego-rajmunda-nonnatusa-kardynala-2\\\/#primaryimage\",\"url\":\"https:\\\/\\\/wobronietradycjiiwiary.com\\\/wp-content\\\/uploads\\\/2021\\\/08\\\/Rajmund-Nonnatus1.jpg\",\"contentUrl\":\"https:\\\/\\\/wobronietradycjiiwiary.com\\\/wp-content\\\/uploads\\\/2021\\\/08\\\/Rajmund-Nonnatus1.jpg\",\"width\":1200,\"height\":817},{\"@type\":\"BreadcrumbList\",\"@id\":\"https:\\\/\\\/wobronietradycjiiwiary.com\\\/31-go-sierpnia-zywot-swietego-rajmunda-nonnatusa-kardynala-2\\\/#breadcrumb\",\"itemListElement\":[{\"@type\":\"ListItem\",\"position\":1,\"name\":\"Strona g\u0142\u00f3wna\",\"item\":\"https:\\\/\\\/wobronietradycjiiwiary.com\\\/\"},{\"@type\":\"ListItem\",\"position\":2,\"name\":\"31-go Sierpnia. \u017bywot \u015bwi\u0119tego Rajmunda Nonnatusa, Kardyna\u0142a.\"}]},{\"@type\":\"WebSite\",\"@id\":\"https:\\\/\\\/wobronietradycjiiwiary.com\\\/pl\\\/#website\",\"url\":\"https:\\\/\\\/wobronietradycjiiwiary.com\\\/pl\\\/\",\"name\":\"Tradycja i Wiara\",\"description\":\"Portal dla katolik\u00f3w.\",\"publisher\":{\"@id\":\"https:\\\/\\\/wobronietradycjiiwiary.com\\\/pl\\\/#organization\"},\"potentialAction\":[{\"@type\":\"SearchAction\",\"target\":{\"@type\":\"EntryPoint\",\"urlTemplate\":\"https:\\\/\\\/wobronietradycjiiwiary.com\\\/pl\\\/?s={search_term_string}\"},\"query-input\":{\"@type\":\"PropertyValueSpecification\",\"valueRequired\":true,\"valueName\":\"search_term_string\"}}],\"inLanguage\":\"pl-PL\"},{\"@type\":\"Organization\",\"@id\":\"https:\\\/\\\/wobronietradycjiiwiary.com\\\/pl\\\/#organization\",\"name\":\"Tradycja i Wiara\",\"url\":\"https:\\\/\\\/wobronietradycjiiwiary.com\\\/pl\\\/\",\"logo\":{\"@type\":\"ImageObject\",\"inLanguage\":\"pl-PL\",\"@id\":\"https:\\\/\\\/wobronietradycjiiwiary.com\\\/pl\\\/#\\\/schema\\\/logo\\\/image\\\/\",\"url\":\"https:\\\/\\\/i0.wp.com\\\/wobronietradycjiiwiary.com\\\/wp-content\\\/uploads\\\/2015\\\/10\\\/cropped-st-peters-dome-vatican.jpg?fit=940%2C198&ssl=1\",\"contentUrl\":\"https:\\\/\\\/i0.wp.com\\\/wobronietradycjiiwiary.com\\\/wp-content\\\/uploads\\\/2015\\\/10\\\/cropped-st-peters-dome-vatican.jpg?fit=940%2C198&ssl=1\",\"width\":940,\"height\":198,\"caption\":\"Tradycja i Wiara\"},\"image\":{\"@id\":\"https:\\\/\\\/wobronietradycjiiwiary.com\\\/pl\\\/#\\\/schema\\\/logo\\\/image\\\/\"},\"sameAs\":[\"https:\\\/\\\/www.facebook.com\\\/Tradycja-i-Wiara-108813920592249\"]},{\"@type\":\"Person\",\"@id\":\"https:\\\/\\\/wobronietradycjiiwiary.com\\\/pl\\\/#\\\/schema\\\/person\\\/2d6180ce6abcb681fef0daab7816e8f3\",\"name\":\"Traditio et Fides\",\"sameAs\":[\"https:\\\/\\\/traditionundglauben.com\"],\"url\":\"https:\\\/\\\/wobronietradycjiiwiary.com\\\/pl\\\/author\\\/wobronietradycjiiwiary\\\/\"}]}<\/script>\n<!-- \/ Yoast SEO plugin. -->","yoast_head_json":{"title":"31-go Sierpnia. \u017bywot \u015bwi\u0119tego Rajmunda Nonnatusa, Kardyna\u0142a. - Tradycja i Wiara","robots":{"index":"index","follow":"follow","max-snippet":"max-snippet:-1","max-image-preview":"max-image-preview:large","max-video-preview":"max-video-preview:-1"},"canonical":"https:\/\/wobronietradycjiiwiary.com\/pl\/31-go-sierpnia-zywot-swietego-rajmunda-nonnatusa-kardynala-2\/","og_locale":"pl_PL","og_type":"article","og_title":"31-go Sierpnia. \u017bywot \u015bwi\u0119tego Rajmunda Nonnatusa, Kardyna\u0142a. - Tradycja i Wiara","og_description":"\u015aw. Rajmund najpierw planowa\u0142 za\u0142o\u017cenie zakonu od wykupu wi\u0119\u017ani\u00f3w zanim sam trafi\u0142 na osiem lat do niewoli., gdzie do\u015bwiadczy\u0142, \u017ce rzeczywisto\u015b\u0107 jest du\u017co gorsza od obaw. Wykupiono go i zosta\u0142 kardyna\u0142em, a jego pokora by\u0142a prawdziwa, bo wypr\u00f3bowana w wi\u0119zieniu i na torturach. On rzeczywi\u015bcie na purpur\u0119 kardynalsk\u0105 zas\u0142ugiwa\u0142.","og_url":"https:\/\/wobronietradycjiiwiary.com\/pl\/31-go-sierpnia-zywot-swietego-rajmunda-nonnatusa-kardynala-2\/","og_site_name":"Tradycja i Wiara","article_publisher":"https:\/\/www.facebook.com\/Tradycja-i-Wiara-108813920592249","article_published_time":"2022-08-31T06:20:28+00:00","article_modified_time":"2025-02-10T10:15:38+00:00","og_image":[{"width":1200,"height":817,"url":"https:\/\/wobronietradycjiiwiary.com\/wp-content\/uploads\/2021\/08\/Rajmund-Nonnatus1.jpg","type":"image\/jpeg"}],"author":"Traditio et Fides","twitter_card":"summary_large_image","twitter_misc":{"Napisane przez":"Traditio et Fides","Szacowany czas czytania":"9 minut"},"schema":{"@context":"https:\/\/schema.org","@graph":[{"@type":"Article","@id":"https:\/\/wobronietradycjiiwiary.com\/31-go-sierpnia-zywot-swietego-rajmunda-nonnatusa-kardynala-2\/#article","isPartOf":{"@id":"https:\/\/wobronietradycjiiwiary.com\/31-go-sierpnia-zywot-swietego-rajmunda-nonnatusa-kardynala-2\/"},"author":{"name":"Traditio et Fides","@id":"https:\/\/wobronietradycjiiwiary.com\/pl\/#\/schema\/person\/2d6180ce6abcb681fef0daab7816e8f3"},"headline":"31-go Sierpnia. \u017bywot \u015bwi\u0119tego Rajmunda Nonnatusa, Kardyna\u0142a.","datePublished":"2022-08-31T06:20:28+00:00","dateModified":"2025-02-10T10:15:38+00:00","mainEntityOfPage":{"@id":"https:\/\/wobronietradycjiiwiary.com\/31-go-sierpnia-zywot-swietego-rajmunda-nonnatusa-kardynala-2\/"},"wordCount":1818,"commentCount":0,"publisher":{"@id":"https:\/\/wobronietradycjiiwiary.com\/pl\/#organization"},"image":{"@id":"https:\/\/wobronietradycjiiwiary.com\/31-go-sierpnia-zywot-swietego-rajmunda-nonnatusa-kardynala-2\/#primaryimage"},"thumbnailUrl":"https:\/\/wobronietradycjiiwiary.com\/wp-content\/uploads\/2021\/08\/Rajmund-Nonnatus1.jpg","articleSection":["08. \u015awi\u0119ta w sierpniu","Duchowo\u015b\u0107","Liturgia i liturgika"],"inLanguage":"pl-PL","potentialAction":[{"@type":"CommentAction","name":"Comment","target":["https:\/\/wobronietradycjiiwiary.com\/31-go-sierpnia-zywot-swietego-rajmunda-nonnatusa-kardynala-2\/#respond"]}]},{"@type":"WebPage","@id":"https:\/\/wobronietradycjiiwiary.com\/31-go-sierpnia-zywot-swietego-rajmunda-nonnatusa-kardynala-2\/","url":"https:\/\/wobronietradycjiiwiary.com\/31-go-sierpnia-zywot-swietego-rajmunda-nonnatusa-kardynala-2\/","name":"31-go Sierpnia. \u017bywot \u015bwi\u0119tego Rajmunda Nonnatusa, Kardyna\u0142a. - Tradycja i Wiara","isPartOf":{"@id":"https:\/\/wobronietradycjiiwiary.com\/pl\/#website"},"primaryImageOfPage":{"@id":"https:\/\/wobronietradycjiiwiary.com\/31-go-sierpnia-zywot-swietego-rajmunda-nonnatusa-kardynala-2\/#primaryimage"},"image":{"@id":"https:\/\/wobronietradycjiiwiary.com\/31-go-sierpnia-zywot-swietego-rajmunda-nonnatusa-kardynala-2\/#primaryimage"},"thumbnailUrl":"https:\/\/wobronietradycjiiwiary.com\/wp-content\/uploads\/2021\/08\/Rajmund-Nonnatus1.jpg","datePublished":"2022-08-31T06:20:28+00:00","dateModified":"2025-02-10T10:15:38+00:00","breadcrumb":{"@id":"https:\/\/wobronietradycjiiwiary.com\/31-go-sierpnia-zywot-swietego-rajmunda-nonnatusa-kardynala-2\/#breadcrumb"},"inLanguage":"pl-PL","potentialAction":[{"@type":"ReadAction","target":["https:\/\/wobronietradycjiiwiary.com\/31-go-sierpnia-zywot-swietego-rajmunda-nonnatusa-kardynala-2\/"]}]},{"@type":"ImageObject","inLanguage":"pl-PL","@id":"https:\/\/wobronietradycjiiwiary.com\/31-go-sierpnia-zywot-swietego-rajmunda-nonnatusa-kardynala-2\/#primaryimage","url":"https:\/\/wobronietradycjiiwiary.com\/wp-content\/uploads\/2021\/08\/Rajmund-Nonnatus1.jpg","contentUrl":"https:\/\/wobronietradycjiiwiary.com\/wp-content\/uploads\/2021\/08\/Rajmund-Nonnatus1.jpg","width":1200,"height":817},{"@type":"BreadcrumbList","@id":"https:\/\/wobronietradycjiiwiary.com\/31-go-sierpnia-zywot-swietego-rajmunda-nonnatusa-kardynala-2\/#breadcrumb","itemListElement":[{"@type":"ListItem","position":1,"name":"Strona g\u0142\u00f3wna","item":"https:\/\/wobronietradycjiiwiary.com\/"},{"@type":"ListItem","position":2,"name":"31-go Sierpnia. \u017bywot \u015bwi\u0119tego Rajmunda Nonnatusa, Kardyna\u0142a."}]},{"@type":"WebSite","@id":"https:\/\/wobronietradycjiiwiary.com\/pl\/#website","url":"https:\/\/wobronietradycjiiwiary.com\/pl\/","name":"Tradycja i Wiara","description":"Portal dla katolik\u00f3w.","publisher":{"@id":"https:\/\/wobronietradycjiiwiary.com\/pl\/#organization"},"potentialAction":[{"@type":"SearchAction","target":{"@type":"EntryPoint","urlTemplate":"https:\/\/wobronietradycjiiwiary.com\/pl\/?s={search_term_string}"},"query-input":{"@type":"PropertyValueSpecification","valueRequired":true,"valueName":"search_term_string"}}],"inLanguage":"pl-PL"},{"@type":"Organization","@id":"https:\/\/wobronietradycjiiwiary.com\/pl\/#organization","name":"Tradycja i Wiara","url":"https:\/\/wobronietradycjiiwiary.com\/pl\/","logo":{"@type":"ImageObject","inLanguage":"pl-PL","@id":"https:\/\/wobronietradycjiiwiary.com\/pl\/#\/schema\/logo\/image\/","url":"https:\/\/i0.wp.com\/wobronietradycjiiwiary.com\/wp-content\/uploads\/2015\/10\/cropped-st-peters-dome-vatican.jpg?fit=940%2C198&ssl=1","contentUrl":"https:\/\/i0.wp.com\/wobronietradycjiiwiary.com\/wp-content\/uploads\/2015\/10\/cropped-st-peters-dome-vatican.jpg?fit=940%2C198&ssl=1","width":940,"height":198,"caption":"Tradycja i Wiara"},"image":{"@id":"https:\/\/wobronietradycjiiwiary.com\/pl\/#\/schema\/logo\/image\/"},"sameAs":["https:\/\/www.facebook.com\/Tradycja-i-Wiara-108813920592249"]},{"@type":"Person","@id":"https:\/\/wobronietradycjiiwiary.com\/pl\/#\/schema\/person\/2d6180ce6abcb681fef0daab7816e8f3","name":"Traditio et Fides","sameAs":["https:\/\/traditionundglauben.com"],"url":"https:\/\/wobronietradycjiiwiary.com\/pl\/author\/wobronietradycjiiwiary\/"}]}},"jetpack_publicize_connections":[],"jetpack_sharing_enabled":true,"jetpack_likes_enabled":true,"jetpack_shortlink":"https:\/\/wp.me\/pc04Sd-iwJ","jetpack-related-posts":[{"id":129230,"url":"https:\/\/wobronietradycjiiwiary.com\/pl\/23-go-stycznia-swietego-rajmunda\/","url_meta":{"origin":71221,"position":0},"title":"23-go stycznia. \u015awi\u0119tego Rajmunda","author":"Traditio et Fides","date":"23 stycznia 2025","format":false,"excerpt":"\u017bywot \u015bwi\u0119tego Rajmunda z Penyafort - Wyznawcy.","rel":"","context":"W \u201e01. \u015awi\u0119ta w styczniu&quot;","block_context":{"text":"01. \u015awi\u0119ta w styczniu","link":"https:\/\/wobronietradycjiiwiary.com\/pl\/category\/duchowosc\/liturgia-i-liturgika\/rozwazania\/rok-liturgiczny\/swieta-w-styczniu\/"},"img":{"alt_text":"","src":"https:\/\/i0.wp.com\/wobronietradycjiiwiary.com\/wp-content\/uploads\/2025\/01\/Rajmund-z-Penyafort.jpg?resize=350%2C200&ssl=1","width":350,"height":200,"srcset":"https:\/\/i0.wp.com\/wobronietradycjiiwiary.com\/wp-content\/uploads\/2025\/01\/Rajmund-z-Penyafort.jpg?resize=350%2C200&ssl=1 1x, https:\/\/i0.wp.com\/wobronietradycjiiwiary.com\/wp-content\/uploads\/2025\/01\/Rajmund-z-Penyafort.jpg?resize=525%2C300&ssl=1 1.5x"},"classes":[]},{"id":158339,"url":"https:\/\/wobronietradycjiiwiary.com\/pl\/23-go-stycznia-swietego-rajmunda-2\/","url_meta":{"origin":71221,"position":1},"title":"23-go stycznia. \u015awi\u0119tego Rajmunda","author":"Traditio et Fides","date":"23 stycznia 2026","format":false,"excerpt":"\u017bywot \u015bwi\u0119tego Rajmunda z Penyafort - Wyznawcy.","rel":"","context":"W \u201e01. \u015awi\u0119ta w styczniu&quot;","block_context":{"text":"01. \u015awi\u0119ta w styczniu","link":"https:\/\/wobronietradycjiiwiary.com\/pl\/category\/duchowosc\/liturgia-i-liturgika\/rozwazania\/rok-liturgiczny\/swieta-w-styczniu\/"},"img":{"alt_text":"","src":"https:\/\/i0.wp.com\/wobronietradycjiiwiary.com\/wp-content\/uploads\/2025\/01\/Rajmund-z-Penyafort.jpg?resize=350%2C200&ssl=1","width":350,"height":200,"srcset":"https:\/\/i0.wp.com\/wobronietradycjiiwiary.com\/wp-content\/uploads\/2025\/01\/Rajmund-z-Penyafort.jpg?resize=350%2C200&ssl=1 1x, https:\/\/i0.wp.com\/wobronietradycjiiwiary.com\/wp-content\/uploads\/2025\/01\/Rajmund-z-Penyafort.jpg?resize=525%2C300&ssl=1 1.5x"},"classes":[]},{"id":127372,"url":"https:\/\/wobronietradycjiiwiary.com\/pl\/23-go-stycznia-zywot-swietego-rajmunda-z-pennafort-wyznawcy-2-2\/","url_meta":{"origin":71221,"position":2},"title":"23-go Stycznia. \u017bywot \u015bwi\u0119tego Rajmunda z Pennafort, Wyznawcy.","author":"Traditio et Fides","date":"23 stycznia 2024","format":false,"excerpt":"\u015bw. Rajmund z Penyafort by\u0142 najpierw prawnikiem-kanonist\u0105, zanim zosta\u0142 kaznodziej\u0105, spowiednikiem, zakonnikiem i wp\u0142ywow\u0105 osobisto\u015bci\u0105. Te prawnicze rygory my\u015blenia wyrobi\u0142y w nim rygory \u017cycia.","rel":"","context":"W \u201e01. \u015awi\u0119ta w styczniu&quot;","block_context":{"text":"01. \u015awi\u0119ta w styczniu","link":"https:\/\/wobronietradycjiiwiary.com\/pl\/category\/duchowosc\/liturgia-i-liturgika\/rozwazania\/rok-liturgiczny\/swieta-w-styczniu\/"},"img":{"alt_text":"","src":"https:\/\/i0.wp.com\/wobronietradycjiiwiary.com\/wp-content\/uploads\/2021\/01\/RAIMUND-VON-PENAFORT.jpg?resize=350%2C200&ssl=1","width":350,"height":200},"classes":[]},{"id":119209,"url":"https:\/\/wobronietradycjiiwiary.com\/pl\/31-go-sierpnia-zywot-swietego-rajmunda-nonnatusa-kardynala-2-2-2\/","url_meta":{"origin":71221,"position":3},"title":"31-go Sierpnia. \u017bywot \u015bwi\u0119tego Rajmunda Nonnatusa, Kardyna\u0142a.","author":"Traditio et Fides","date":"31 sierpnia 2024","format":false,"excerpt":"\u015aw. Rajmund najpierw planowa\u0142 za\u0142o\u017cenie zakonu od wykupu wi\u0119\u017ani\u00f3w zanim sam trafi\u0142 na osiem lat do niewoli., gdzie do\u015bwiadczy\u0142, \u017ce rzeczywisto\u015b\u0107 jest du\u017co gorsza od obaw. Wykupiono go i zosta\u0142 kardyna\u0142em, a jego pokora by\u0142a prawdziwa, bo wypr\u00f3bowana w wi\u0119zieniu i na torturach. On rzeczywi\u015bcie na purpur\u0119 kardynalsk\u0105 zas\u0142u\u017cy\u0142.","rel":"","context":"W \u201e08. \u015awi\u0119ta w sierpniu&quot;","block_context":{"text":"08. \u015awi\u0119ta w sierpniu","link":"https:\/\/wobronietradycjiiwiary.com\/pl\/category\/duchowosc\/liturgia-i-liturgika\/rozwazania\/rok-liturgiczny\/swieta-w-sierpniu\/"},"img":{"alt_text":"","src":"https:\/\/i0.wp.com\/wobronietradycjiiwiary.com\/wp-content\/uploads\/2021\/08\/Rajmund-Nonnatus1.jpg?resize=350%2C200&ssl=1","width":350,"height":200,"srcset":"https:\/\/i0.wp.com\/wobronietradycjiiwiary.com\/wp-content\/uploads\/2021\/08\/Rajmund-Nonnatus1.jpg?resize=350%2C200&ssl=1 1x, https:\/\/i0.wp.com\/wobronietradycjiiwiary.com\/wp-content\/uploads\/2021\/08\/Rajmund-Nonnatus1.jpg?resize=525%2C300&ssl=1 1.5x, https:\/\/i0.wp.com\/wobronietradycjiiwiary.com\/wp-content\/uploads\/2021\/08\/Rajmund-Nonnatus1.jpg?resize=700%2C400&ssl=1 2x, https:\/\/i0.wp.com\/wobronietradycjiiwiary.com\/wp-content\/uploads\/2021\/08\/Rajmund-Nonnatus1.jpg?resize=1050%2C600&ssl=1 3x"},"classes":[]},{"id":148779,"url":"https:\/\/wobronietradycjiiwiary.com\/pl\/31-go-sierpnia-zywot-swietego-rajmunda-nonnatusa-kardynala-2-3\/","url_meta":{"origin":71221,"position":4},"title":"31-go Sierpnia. \u017bywot \u015bwi\u0119tego Rajmunda Nonnatusa, Kardyna\u0142a.","author":"Traditio et Fides","date":"31 sierpnia 2025","format":false,"excerpt":"\u015aw. Rajmund najpierw planowa\u0142 za\u0142o\u017cenie zakonu od wykupu wi\u0119\u017ani\u00f3w zanim sam trafi\u0142 na osiem lat do niewoli., gdzie do\u015bwiadczy\u0142, \u017ce rzeczywisto\u015b\u0107 jest du\u017co gorsza od obaw. Wykupiono go i zosta\u0142 kardyna\u0142em, a jego pokora by\u0142a prawdziwa, bo wypr\u00f3bowana w wi\u0119zieniu i na torturach. On rzeczywi\u015bcie na purpur\u0119 kardynalsk\u0105 zas\u0142ugiwa\u0142.","rel":"","context":"W \u201e08. \u015awi\u0119ta w sierpniu&quot;","block_context":{"text":"08. \u015awi\u0119ta w sierpniu","link":"https:\/\/wobronietradycjiiwiary.com\/pl\/category\/duchowosc\/liturgia-i-liturgika\/rozwazania\/rok-liturgiczny\/swieta-w-sierpniu\/"},"img":{"alt_text":"","src":"https:\/\/i0.wp.com\/wobronietradycjiiwiary.com\/wp-content\/uploads\/2021\/08\/Rajmund-Nonnatus1.jpg?resize=350%2C200&ssl=1","width":350,"height":200,"srcset":"https:\/\/i0.wp.com\/wobronietradycjiiwiary.com\/wp-content\/uploads\/2021\/08\/Rajmund-Nonnatus1.jpg?resize=350%2C200&ssl=1 1x, https:\/\/i0.wp.com\/wobronietradycjiiwiary.com\/wp-content\/uploads\/2021\/08\/Rajmund-Nonnatus1.jpg?resize=525%2C300&ssl=1 1.5x, https:\/\/i0.wp.com\/wobronietradycjiiwiary.com\/wp-content\/uploads\/2021\/08\/Rajmund-Nonnatus1.jpg?resize=700%2C400&ssl=1 2x, https:\/\/i0.wp.com\/wobronietradycjiiwiary.com\/wp-content\/uploads\/2021\/08\/Rajmund-Nonnatus1.jpg?resize=1050%2C600&ssl=1 3x"},"classes":[]},{"id":170295,"url":"https:\/\/wobronietradycjiiwiary.com\/pl\/31-go-sierpnia-zywot-swietego-rajmunda-nonnatusa-kardynala-2-3-2\/","url_meta":{"origin":71221,"position":5},"title":"31-go Sierpnia. \u017bywot \u015bwi\u0119tego Rajmunda Nonnatusa, Kardyna\u0142a.","author":"Traditio et Fides","date":"31 sierpnia 2026","format":false,"excerpt":"\u015aw. Rajmund najpierw planowa\u0142 za\u0142o\u017cenie zakonu od wykupu wi\u0119\u017ani\u00f3w zanim sam trafi\u0142 na osiem lat do niewoli., gdzie do\u015bwiadczy\u0142, \u017ce rzeczywisto\u015b\u0107 jest du\u017co gorsza od obaw. Wykupiono go i zosta\u0142 kardyna\u0142em, a jego pokora by\u0142a prawdziwa, bo wypr\u00f3bowana w wi\u0119zieniu i na torturach. On rzeczywi\u015bcie na purpur\u0119 kardynalsk\u0105 zas\u0142ugiwa\u0142.","rel":"","context":"W \u201e08. \u015awi\u0119ta w sierpniu&quot;","block_context":{"text":"08. \u015awi\u0119ta w sierpniu","link":"https:\/\/wobronietradycjiiwiary.com\/pl\/category\/duchowosc\/liturgia-i-liturgika\/rozwazania\/rok-liturgiczny\/swieta-w-sierpniu\/"},"img":{"alt_text":"","src":"https:\/\/i0.wp.com\/wobronietradycjiiwiary.com\/wp-content\/uploads\/2021\/08\/Rajmund-Nonnatus1.jpg?resize=350%2C200&ssl=1","width":350,"height":200,"srcset":"https:\/\/i0.wp.com\/wobronietradycjiiwiary.com\/wp-content\/uploads\/2021\/08\/Rajmund-Nonnatus1.jpg?resize=350%2C200&ssl=1 1x, https:\/\/i0.wp.com\/wobronietradycjiiwiary.com\/wp-content\/uploads\/2021\/08\/Rajmund-Nonnatus1.jpg?resize=525%2C300&ssl=1 1.5x, https:\/\/i0.wp.com\/wobronietradycjiiwiary.com\/wp-content\/uploads\/2021\/08\/Rajmund-Nonnatus1.jpg?resize=700%2C400&ssl=1 2x, https:\/\/i0.wp.com\/wobronietradycjiiwiary.com\/wp-content\/uploads\/2021\/08\/Rajmund-Nonnatus1.jpg?resize=1050%2C600&ssl=1 3x"},"classes":[]}],"amp_enabled":true,"jetpack_featured_media_url":"https:\/\/wobronietradycjiiwiary.com\/wp-content\/uploads\/2021\/08\/Rajmund-Nonnatus1.jpg","_links":{"self":[{"href":"https:\/\/wobronietradycjiiwiary.com\/pl\/wp-json\/wp\/v2\/posts\/71221","targetHints":{"allow":["GET"]}}],"collection":[{"href":"https:\/\/wobronietradycjiiwiary.com\/pl\/wp-json\/wp\/v2\/posts"}],"about":[{"href":"https:\/\/wobronietradycjiiwiary.com\/pl\/wp-json\/wp\/v2\/types\/post"}],"author":[{"embeddable":true,"href":"https:\/\/wobronietradycjiiwiary.com\/pl\/wp-json\/wp\/v2\/users\/60508433"}],"replies":[{"embeddable":true,"href":"https:\/\/wobronietradycjiiwiary.com\/pl\/wp-json\/wp\/v2\/comments?post=71221"}],"version-history":[{"count":1,"href":"https:\/\/wobronietradycjiiwiary.com\/pl\/wp-json\/wp\/v2\/posts\/71221\/revisions"}],"predecessor-version":[{"id":71291,"href":"https:\/\/wobronietradycjiiwiary.com\/pl\/wp-json\/wp\/v2\/posts\/71221\/revisions\/71291"}],"wp:featuredmedia":[{"embeddable":true,"href":"https:\/\/wobronietradycjiiwiary.com\/pl\/wp-json\/wp\/v2\/media\/51976"}],"wp:attachment":[{"href":"https:\/\/wobronietradycjiiwiary.com\/pl\/wp-json\/wp\/v2\/media?parent=71221"}],"wp:term":[{"taxonomy":"category","embeddable":true,"href":"https:\/\/wobronietradycjiiwiary.com\/pl\/wp-json\/wp\/v2\/categories?post=71221"},{"taxonomy":"post_tag","embeddable":true,"href":"https:\/\/wobronietradycjiiwiary.com\/pl\/wp-json\/wp\/v2\/tags?post=71221"}],"curies":[{"name":"wp","href":"https:\/\/api.w.org\/{rel}","templated":true}]}}