{"id":71169,"date":"2022-06-10T08:20:48","date_gmt":"2022-06-10T06:20:48","guid":{"rendered":"https:\/\/wobronietradycjiiwiary.com\/?p=71169"},"modified":"2025-02-10T11:15:38","modified_gmt":"2025-02-10T10:15:38","slug":"10-go-czerwca-zywot-swietej-malgorzaty-krolowej-szkockiej-2","status":"publish","type":"post","link":"https:\/\/wobronietradycjiiwiary.com\/pl\/10-go-czerwca-zywot-swietej-malgorzaty-krolowej-szkockiej-2\/","title":{"rendered":"10-go Czerwca. \u017bywot \u015bwi\u0119tej Ma\u0142gorzaty, Kr\u00f3lowej Szkockiej."},"content":{"rendered":"<div id=\"bsf_rt_marker\"><\/div>\n<p class=\"has-text-align-center wp-block-paragraph\"><em>(\u017by\u0142a oko\u0142o roku Pa\u0144skiego 1070).<\/em><\/p>\n\n\n\n<figure class=\"wp-block-image\"><a href=\"https:\/\/pl.wikisource.org\/wiki\/Plik:%C5%BBywoty_%C5%9Bw._Pa%C5%84skich_na_wszystkie_dnie_roku-Inicja%C5%82-W.png\"><img decoding=\"async\" src=\"https:\/\/upload.wikimedia.org\/wikipedia\/commons\/thumb\/8\/8f\/%C5%BBywoty_%C5%9Bw._Pa%C5%84skich_na_wszystkie_dnie_roku-Inicja%C5%82-W.png\/75px-%C5%BBywoty_%C5%9Bw._Pa%C5%84skich_na_wszystkie_dnie_roku-Inicja%C5%82-W.png\" alt=\"W\"\/><\/a><\/figure>\n\n\n\n<p class=\"has-text-align-justify wp-block-paragraph\">W\u017cyciu doczesnem cz\u0119stokro\u0107 zapominamy w\u015br\u00f3d uciech \u015bwiatowych o Bogu i nie troszczymy si\u0119 o przysz\u0142e zbawienie \u2014 to te\u017c Pan B\u00f3g, zawczasu wybrawszy Sobie \u015bwi\u0119t\u0105 Ma\u0142gorzat\u0119 na oblubienic\u0119, da\u0142 jej uczu\u0107, jak znikomem jest wszystko na \u015bwiecie. B\u0119d\u0105c bowiem ma\u0142\u0105 jeszcze dziewczynk\u0105, zniewolon\u0105 by\u0142a razem z bratem swoim Edgarem szuka\u0107 ocalenia w ucieczce, aby tym sposobem uj\u015b\u0107 prze\u015bladowania Wilhelma, kr\u00f3la angielskiego. Sieroty owe, pochodz\u0105ce z rodu ksi\u0105\u017c\u0119cego, a opuszczone przez wszystkich, przyj\u0105\u0142 serdecznie kr\u00f3l szkocki, Malkolm III, udzieli\u0142 im wszelkiej opieki i zas\u0142oni\u0142 przed prze\u015bladowaniem kr\u00f3la Wilhelma. Ma\u0142gorzata \u017cy\u0142a odt\u0105d w spokoju na dworze opiekuna, ca\u0142kiem si\u0119 Bogu ofiaruj\u0105c. Najch\u0119tniej oddawa\u0142a si\u0119 piel\u0119gnowaniu ubogich i to zatrudnienie by\u0142o jej milszem, ni\u017c wszelkie uciechy dworskie. Kiedy doros\u0142a, cnoty jej i wdzi\u0119ki tak wp\u0142yn\u0119\u0142y na kr\u00f3la Malkolma, \u017ce ten\u017ce ofiarowa\u0142 jej sw\u0105 r\u0119k\u0119. Ma\u0142gorzata zgodzi\u0142a si\u0119 na jego \u017cyczenie i zosta\u0142a kr\u00f3low\u0105 szkock\u0105.<\/p>\n\n\n\n<p class=\"has-text-align-justify wp-block-paragraph\">Kr\u00f3l ma\u0142\u017conek by\u0142 cz\u0142owiekiem nie bardzo okrzesanym, ale \u0142agodnego usposobienia i Ma\u0142gorzata \u0142agodno\u015bci\u0105 pozyska\u0142a go sobie zupe\u0142nie. Lubi\u0142 wyprawy wojenne i polowanie, nie znaj\u0105c dobrodziejstw, jakie daje \u017cycie pe\u0142ne spokoju. Ma\u0142gorzata zmieni\u0142a serce jego i nape\u0142ni\u0142a je mi\u0142o\u015bci\u0105 dla poddanych. Nawr\u00f3cony przez ma\u0142\u017conk\u0119, zacz\u0105\u0142 stara\u0107 si\u0119 o szcz\u0119\u015bcie ludu swego i o jego dobrobyt, w czem Ma\u0142gorzata troskliwie mu dopomaga\u0142a; nie uwa\u017ca\u0142a si\u0119 ona za kr\u00f3low\u0119, lecz za matk\u0119 poddanych, a wiedz\u0105c, \u017ce lud szcz\u0119\u015bliwym by\u0107 nie mo\u017ce bez religii, stara\u0142a si\u0119 o ksi\u0119\u017cy bogobojnych i o nauczycieli sumiennych, kt\u00f3rzyby zbawienie i nauk\u0119 ludu mieli na oku. Biskup\u00f3w wspiera\u0142a wszelkiemi si\u0142ami i stara\u0142a si\u0119 wykorzenia\u0107 wyst\u0119pki a zaszczepia\u0107 cnoty chrze\u015bcija\u0144skie. Nadal przestrzega\u0142a troskliwie, aby zachowywano posty i \u015bwi\u0119ta Pa\u0144skie.<\/p>\n\n\n\n<p class=\"has-text-align-justify wp-block-paragraph\">Byli na\u00f3wczas Szkoci jeszcze zbyt nieokrzesanymi, przeto kr\u00f3lowa postara\u0142a si\u0119 o urz\u0105dzenie licznych szk\u00f3\u0142. S\u0142owem, czyni\u0142a wszystko, aby lud szkocki wykszta\u0142ci\u0107 i wychowa\u0107. Ma\u0142\u017conek kr\u00f3l pilnie jej dopomaga\u0142 i dogl\u0105da\u0142, aby jej rozkazy i rozporz\u0105dzenia \u015bci\u015ble by\u0142y wykonywane.<\/p>\n\n\n\n<p class=\"has-text-align-justify wp-block-paragraph\">Za wszystkie te starania i cnoty pob\u0142ogos\u0142awi\u0142 Pan B\u00f3g Ma\u0142gorzacie, obdarzaj\u0105c j\u0105 sze\u015bciorgiem dzieci, kt\u00f3re wszystkie wychowa\u0142a w cnotach i pobo\u017cno\u015bci. Trzech mia\u0142a syn\u00f3w i trzy c\u00f3rki; jeden z nich Dawid, by\u0142 p\u00f3\u017aniej kr\u00f3lem Szkocyi, a jedna z c\u00f3rek zosta\u0142a kr\u00f3low\u0105 angielsk\u0105. Ma\u0142gorzata by\u0142a te\u017c wzorem matki chrze\u015bcija\u0144skiej; sama uczy\u0142a dzieci czyta\u0107 i pisa\u0107, a szczeg\u00f3lniej katechizmu, wpajaj\u0105c w nie s\u0142owem i uczynkiem zasad\u0119 boja\u017ani, a zarazem mi\u0142o\u015bci Boga.<\/p>\n\n\n\n<p class=\"has-text-align-justify wp-block-paragraph\">Pi\u0119knym przyk\u0142adem \u017cycia wp\u0142yn\u0119\u0142a na to, \u017ce ma\u0142\u017conek jej kr\u00f3lewski stara\u0142 si\u0119 \u017cy\u0107 r\u00f3wnie cnotliwie. Modli\u0142 si\u0119 du\u017co i cz\u0119sto, albowiem i kr\u00f3lowi modlitwa jest potrzebn\u0105, a szczeg\u00f3lniej monarsze, na kt\u00f3rym spoczywa ci\u0119\u017car odpowiedzialno\u015bci przed Bogiem za lud sobie oddany.<\/p>\n\n\n\n<p class=\"has-text-align-justify wp-block-paragraph\"><br>\u2009Najpi\u0119kniejsz\u0105 cnot\u0105 kr\u00f3lowej Ma\u0142gorzaty by\u0142o mi\u0142osierdzie dla ubogich, kt\u00f3rem to uczuciem i kr\u00f3l si\u0119 odznacza\u0142. Mia\u0142a Ma\u0142gorzata w\u0142asne dochody i te wydawa\u0142a prawie zupe\u0142nie na wsparcie swoich ubogich. Ilekro\u0107 pokaza\u0142a si\u0119 na ulicy, zaraz otoczy\u0142o j\u0105 grono wd\u00f3w, sierot i nieszcz\u0119\u015bliwych, jak dzieci matk\u0119, a gdy wraca\u0142a do domu, ju\u017c na ni\u0105 inni ubodzy czekali, kt\u00f3rym w pokorze chrze\u015bcija\u0144skiej sama potrawy przysposabia\u0142a. Nigdy nie zasiada\u0142a do sto\u0142u, zanim nie nakarmi\u0142a dziewi\u0119ciu sierot i o\u015bmdziesi\u0119ciu ubogich. Szczeg\u00f3lniej w Adwencie i w czasie Wielkiego Postu nosi\u0142a kr\u00f3lowa wraz z ma\u0142\u017conkiem po\u017cywienie przesz\u0142o 300 ubogim. W wype\u0142nianiu tego dobrego uczynku kr\u00f3l zwykle us\u0142ugiwa\u0142 m\u0119\u017cczyznom, a kr\u00f3lowa niewiastom. Zwiedza\u0142a tak\u017ce cz\u0119sto szpitale, gdzie chorym nios\u0142a pomoc i s\u0142owa pociechy. By\u0142o wtenczas w zwyczaju, i\u017c wi\u0119\u017ani\u00f3w jako niewolnik\u00f3w traktowano, a d\u0142u\u017cnik\u00f3w wsadzano do wi\u0119zienia. Ma\u0142gorzata natomiast i wi\u0119\u017ani\u00f3w i d\u0142u\u017cnik\u00f3w wyswobadza\u0142a, p\u0142ac\u0105c za nich sumy nale\u017cne wierzycielom.<\/p>\n\n\n\n<p class=\"has-text-align-justify wp-block-paragraph\">Jak \u0142agodn\u0105 by\u0142a dla bli\u017anich i nieszcz\u0119\u015bliwych, tak surow\u0105 by\u0142a dla siebie samej. Sen jej trwa\u0142 tylko kilka godzin na dob\u0119, reszt\u0119 czasu u\u017cywa\u0142a na nauk\u0119 dzieci, na obowi\u0105zki codzienne i na modlitw\u0119. Zabaw i wycieczek unika\u0142a; w\u015br\u00f3d Wielkiego Postu wstawa\u0142a o p\u00f3\u0142nocy i chodzi\u0142a do ko\u015bcio\u0142a; gdy wys\u0142ucha\u0142a nabo\u017ce\u0144stwa, powraca\u0142a do zamku, gdzie ubodzy czekali na ja\u0142mu\u017cn\u0119. Potem zn\u00f3w spa\u0142a dwie godziny, a p\u00f3\u017aniej udawa\u0142a si\u0119 do ko\u015bcio\u0142a, gdzie na modlitwie czas sp\u0119dzaj\u0105c, nieraz \u0142zami si\u0119 zalewa\u0142a. Po\u017cywienie jej sk\u0142ada\u0142o si\u0119 z najprostszych potraw, a tyle tylko jad\u0142a, ile koniecznie by\u0142o potrzeba do utrzymania \u017cycia.<\/p>\n\n\n\n<p class=\"has-text-align-justify wp-block-paragraph\">Dusza jej zawsze zwr\u00f3con\u0105 by\u0142a ku Bogu, a skruch\u0119 w najwy\u017cszym okazywa\u0142a stopniu. Jakkolwiek szanowan\u0105 by\u0142a i czczon\u0105 og\u00f3lnie od najwy\u017cszych i najni\u017cszych w ca\u0142em kr\u00f3lestwie, nie wynosi\u0142a si\u0119 nigdy nad innych, maj\u0105c si\u0119 zawsze za najniegodniejsz\u0105 s\u0142u\u017cebnic\u0119 Pa\u0144sk\u0105. Spowiednika prosi\u0142a, aby si\u0119 stara\u0142 wykazywa\u0107 uchybienia, jakie pope\u0142ni\u0142a, a kiedy spowiednik, widz\u0105c jej cnotliwe \u017cycie, jak na d\u0142oni, obchodzi\u0142 si\u0119 z ni\u0105 \u0142agodnie, prosi\u0142a go, aby sobie z ni\u0105 surowiej post\u0119powa\u0142.<\/p>\n\n\n\n<p class=\"has-text-align-justify wp-block-paragraph\">Stawaj\u0105c si\u0119 w ten spos\u00f3b coraz doskonalsz\u0105, nie unikn\u0119\u0142a mimo to dolegliwo\u015bci i cierpie\u0144 w \u015bwiecie tym zachodz\u0105cych. Nasamprz\u00f3d nawiedzi\u0142 j\u0105 Pan B\u00f3g chorob\u0105 dolegliw\u0105, ale t\u0119 cierpliwie znosi\u0142a. Kiedy za\u015b ma\u0142\u017conek jej wybiera\u0142 si\u0119 na wojn\u0119, do kt\u00f3rej by\u0142 zmuszony, stara\u0142a si\u0119 Ma\u0142gorzata sk\u0142oni\u0107 go, aby sam nie stawa\u0142 na czele wojska; kr\u00f3l nie us\u0142ucha\u0142 jej jednak i przy obl\u0119\u017ceniu pewnego miasta poni\u00f3s\u0142 \u015bmier\u0107 skutkiem zdrady. Ma\u0142gorzata przeczuwa\u0142a zgon ma\u0142\u017conka, a kiedy syn Edgar stan\u0105\u0142\u00a0przy jej \u0142o\u017cu, prosi\u0142a go, aby jej wszystko szczeg\u00f3\u0142owo opowiedzia\u0142. Otrzymawszy za\u015b potwierdzenie \u015bmierci Malkolma, zawo\u0142a\u0142a: \u201eWszechmocny Bo\u017ce! Dzi\u0119ki Ci sk\u0142adam, \u017ce mi t\u0119 smutn\u0105 wiadomo\u015b\u0107 zes\u0142a\u0142e\u015b przy ko\u0144cu \u017cycia mojego; s\u0105dz\u0119 wszak\u017ce, i\u017c mi\u0142osierdzie Twoje ze wzgl\u0119du na wielk\u0105 bole\u015b\u0107 moj\u0105 przyczyni si\u0119 do zmazania mych grzech\u00f3w.\u201c<\/p>\n\n\n\n<p class=\"has-text-align-justify wp-block-paragraph\">Ju\u017c poprzednio odprawiwszy spowied\u017c generaln\u0105, przeczuwa\u0142a blizki sw\u00f3j zgon, przeto nast\u0119puj\u0105cemi serdecznemi s\u0142owy po\u017cegna\u0142a si\u0119 ze swym spowiednikiem: \u201ePozosta\u0144 z Bogiem, Ojcze duchowny, gdy\u017c niezad\u0142ugo \u017cycie zako\u0144cz\u0119 a ty wkr\u00f3tce za mn\u0105 pod\u0105\u017cysz. B\u0142agam ci\u0119 jednak jeszcze o dwie \u0142aski: po pierwsze, aby\u015b w modlitwach twych pami\u0119ta\u0142 o duszy mojej, a po drugie, aby\u015b dzieci moje wspiera\u0142 rad\u0105 i nie poprzesta\u0142 ich nak\u0142ania\u0107, aby o Bogu nie zapomnia\u0142y.\u201c<\/p>\n\n\n\n<p class=\"has-text-align-justify wp-block-paragraph\">\u017by\u0142a tylko jeszcze kr\u00f3tki czas, ci\u0105gle maj\u0105c oczy na krzy\u017c Zbawiciela zwr\u00f3cone, jaki bezustannie trzyma\u0142a w r\u0119ku, a kiedy poczu\u0142a, \u017ce \u015bmier\u0107 ju\u017c jest blizk\u0105, rzek\u0142a: \u201ePanie Jezu, kt\u00f3ry \u015bmierci\u0105 Swoj\u0105 \u015bwiatu \u017cycia udzieli\u0142e\u015b, wybaw mnie od wszystkiego z\u0142ego;\u201c \u2014 i ducha Bogu odda\u0142a. Sta\u0142o si\u0119 to w roku 1093.<\/p>\n\n\n\n<h2 class=\"wp-block-heading\"><br><strong>Nauka moralna.<\/strong>\u2009<\/h2>\n\n\n\n<p class=\"has-text-align-justify wp-block-paragraph\">Ma\u0142gorzata \u015bwi\u0119ta by\u0142a s\u0142ab\u0105 tylko niewiast\u0105, ale \u017ce \u017cycie swe urz\u0105dzi\u0142a wed\u0142ug wzoru i przyk\u0142adu zostawionego nam przez Jezusa Chrystusa, sta\u0142a si\u0119 dobrodziejk\u0105 ca\u0142ego kraju i w\u0142asnej rodziny. Mieszka\u0144cy Szkocyi stali si\u0119 zupe\u0142nie innymi, jak dawniej, ma\u0142\u017conek jej tak cnotliwie \u017cy\u0142 pod jej b\u0142og\u0105 opiek\u0105, \u017ce prawie \u015awi\u0119tym nazwany by\u0107 mo\u017ce, a dzieci wyros\u0142y na bardzo bogobojne i cnotliwe istoty. Taki to wp\u0142yw zbawienny wywiera matka prawdziwie chrze\u015bcija\u0144ska. Szcz\u0119\u015bliwym przeto nazwany by\u0107 mo\u017ce dom, w kt\u00f3rym dobra i wzorowa matka rz\u0105dy sprawuje.<\/p>\n\n\n\n<p class=\"has-text-align-justify wp-block-paragraph\"><br>\u2009B\u0142agaj duszo pobo\u017cna, Boga, aby \u0142ask\u0105 Swoj\u0105 o\u015bwieci\u0142 wszystkie niewiasty i obdarzy\u0142 je \u0142agodno\u015bci\u0105, pokor\u0105, czysto\u015bci\u0105 uczu\u0107 i spokojem, przez nie bowiem nie tylko rodziny poszczeg\u00f3lne, ale ludy ca\u0142e staj\u0105 si\u0119 szcz\u0119\u015bliwemi.<br><\/p>\n\n\n\n<h2 class=\"wp-block-heading\"><strong>Modlitwa.<\/strong><\/h2>\n\n\n\n<blockquote class=\"wp-block-quote is-layout-flow wp-block-quote-is-layout-flow\"><p>\u2009Bo\u017ce, kt\u00f3ry\u015b \u015bwi\u0119t\u0105 Ma\u0142gorzat\u0119, kr\u00f3low\u0119 Szkock\u0105, przedziwn\u0105 dla biednych mi\u0142o\u015bci\u0105 obdarzy\u0142, spraw \u0142askawie, aby za jej po\u015brednictwem i przyk\u0142adem mi\u0142o\u015b\u0107 Twoja w sercach naszych wzrasta\u0142a. Przez Pana naszego Jezusa Chrystusa, kt\u00f3ry kr\u00f3luje w Niebie i na ziemi, po wszystkie wieki wiek\u00f3w. Amen.<\/p><\/blockquote>\n","protected":false},"excerpt":{"rendered":"<p>\u015aw. Ma\u0142gorzata uciek\u0142a wraz ze swoim bratem do Szkocji unikaj\u0105c w ten spos\u00f3b zamordowania. Wysz\u0142a z Malkolma przypuszczalnie nie z romantycznej mi\u0142o\u015bci, ale z obowi\u0105zku. M\u0119\u017ca stopniowo nawr\u00f3ci\u0142a, urodzi\u0142a sze\u015bcioro dzieci i podnios\u0142a duchowo i cywilizacyjnie ca\u0142y nar\u00f3d. Wi\u0119c &#8220;kobiety na stanowisku&#8221; z Bo\u017c\u0105 pomoc\u0105 potrafi\u0105 niejedno. Cech\u0105 post\u0119pu duchowego jest dostrzeganie w sobie coraz wi\u0119cej b\u0142\u0119d\u00f3w, co t\u0142umaczy, \u017ce \u015bw. Ma\u0142gorzata napomina\u0142a swojego spowiednika, by by\u0142 dla nie surowszy.  W przeciwie\u0144stwie do wielu innych kobiet \u015bw. Ma\u0142gorzata nie wini\u0142a wszystkich naoko\u0142o, ale b\u0142\u0119d\u00f3w szuka\u0142a u siebie.<\/p>\n","protected":false},"author":60508433,"featured_media":48992,"comment_status":"open","ping_status":"open","sticky":false,"template":"","format":"standard","meta":{"_bbp_topic_count":0,"_bbp_reply_count":0,"_bbp_total_topic_count":0,"_bbp_total_reply_count":0,"_bbp_voice_count":0,"_bbp_anonymous_reply_count":0,"_bbp_topic_count_hidden":0,"_bbp_reply_count_hidden":0,"_bbp_forum_subforum_count":0,"_editorskit_title_hidden":false,"_editorskit_reading_time":0,"_editorskit_is_block_options_detached":false,"_editorskit_block_options_position":"{}","_coblocks_attr":"","_coblocks_dimensions":"","_coblocks_responsive_height":"","_coblocks_accordion_ie_support":"","_exactmetrics_skip_tracking":false,"_jetpack_newsletter_access":"","_jetpack_dont_email_post_to_subs":false,"_jetpack_newsletter_tier_id":0,"_jetpack_memberships_contains_paywalled_content":false,"_wpcom_ai_launchpad_first_post":false,"_jetpack_feature_clip_id":0,"_jetpack_memberships_contains_paid_content":false,"footnotes":"","jetpack_publicize_message":"{title}\n\n{excerpt}\n\n{url}","jetpack_publicize_feature_enabled":true,"jetpack_social_post_already_shared":true,"jetpack_social_options":{"image_generator_settings":{"template":"highway","default_image_id":0,"font":"","enabled":false},"version":2},"_wpas_customize_per_network":false,"jetpack_post_was_ever_published":false},"categories":[610131821,610131184,336375535],"tags":[],"class_list":["post-71169","post","type-post","status-publish","format-standard","has-post-thumbnail","hentry","category-swieta-w-czerwcu","category-duchowosc","category-liturgia-i-liturgika"],"yoast_head":"<!-- This site is optimized with the Yoast SEO plugin v28.4 - https:\/\/yoast.com\/product\/yoast-seo-wordpress\/ -->\n<title>10-go Czerwca. \u017bywot \u015bwi\u0119tej Ma\u0142gorzaty, Kr\u00f3lowej Szkockiej. - Tradycja i Wiara<\/title>\n<meta name=\"robots\" content=\"index, follow, max-snippet:-1, max-image-preview:large, max-video-preview:-1\" \/>\n<link rel=\"canonical\" href=\"https:\/\/wobronietradycjiiwiary.com\/pl\/10-go-czerwca-zywot-swietej-malgorzaty-krolowej-szkockiej-2\/\" \/>\n<meta property=\"og:locale\" content=\"pl_PL\" \/>\n<meta property=\"og:type\" content=\"article\" \/>\n<meta property=\"og:title\" content=\"10-go Czerwca. \u017bywot \u015bwi\u0119tej Ma\u0142gorzaty, Kr\u00f3lowej Szkockiej. - Tradycja i Wiara\" \/>\n<meta property=\"og:description\" content=\"\u015aw. Ma\u0142gorzata uciek\u0142a wraz ze swoim bratem do Szkocji unikaj\u0105c w ten spos\u00f3b zamordowania. Wysz\u0142a z Malkolma przypuszczalnie nie z romantycznej mi\u0142o\u015bci, ale z obowi\u0105zku. M\u0119\u017ca stopniowo nawr\u00f3ci\u0142a, urodzi\u0142a sze\u015bcioro dzieci i podnios\u0142a duchowo i cywilizacyjnie ca\u0142y nar\u00f3d. Wi\u0119c &quot;kobiety na stanowisku&quot; z Bo\u017c\u0105 pomoc\u0105 potrafi\u0105 niejedno. Cech\u0105 post\u0119pu duchowego jest dostrzeganie w sobie coraz wi\u0119cej b\u0142\u0119d\u00f3w, co t\u0142umaczy, \u017ce \u015bw. Ma\u0142gorzata napomina\u0142a swojego spowiednika, by by\u0142 dla nie surowszy. W przeciwie\u0144stwie do wielu innych kobiet \u015bw. Ma\u0142gorzata nie wini\u0142a wszystkich naoko\u0142o, ale b\u0142\u0119d\u00f3w szuka\u0142a u siebie.\" \/>\n<meta property=\"og:url\" content=\"https:\/\/wobronietradycjiiwiary.com\/pl\/10-go-czerwca-zywot-swietej-malgorzaty-krolowej-szkockiej-2\/\" \/>\n<meta property=\"og:site_name\" content=\"Tradycja i Wiara\" \/>\n<meta property=\"article:publisher\" content=\"https:\/\/www.facebook.com\/Tradycja-i-Wiara-108813920592249\" \/>\n<meta property=\"article:published_time\" content=\"2022-06-10T06:20:48+00:00\" \/>\n<meta property=\"article:modified_time\" content=\"2025-02-10T10:15:38+00:00\" \/>\n<meta property=\"og:image\" content=\"https:\/\/wobronietradycjiiwiary.com\/wp-content\/uploads\/2021\/06\/margaret.jpg\" \/>\n\t<meta property=\"og:image:width\" content=\"2048\" \/>\n\t<meta property=\"og:image:height\" content=\"1053\" \/>\n\t<meta property=\"og:image:type\" content=\"image\/jpeg\" \/>\n<meta name=\"author\" content=\"Traditio et Fides\" \/>\n<meta name=\"twitter:card\" content=\"summary_large_image\" \/>\n<meta name=\"twitter:label1\" content=\"Napisane przez\" \/>\n\t<meta name=\"twitter:data1\" content=\"Traditio et Fides\" \/>\n\t<meta name=\"twitter:label2\" content=\"Szacowany czas czytania\" \/>\n\t<meta name=\"twitter:data2\" content=\"7 minut\" \/>\n<script type=\"application\/ld+json\" class=\"yoast-schema-graph\">{\"@context\":\"https:\\\/\\\/schema.org\",\"@graph\":[{\"@type\":\"Article\",\"@id\":\"https:\\\/\\\/wobronietradycjiiwiary.com\\\/10-go-czerwca-zywot-swietej-malgorzaty-krolowej-szkockiej-2\\\/#article\",\"isPartOf\":{\"@id\":\"https:\\\/\\\/wobronietradycjiiwiary.com\\\/10-go-czerwca-zywot-swietej-malgorzaty-krolowej-szkockiej-2\\\/\"},\"author\":{\"name\":\"Traditio et Fides\",\"@id\":\"https:\\\/\\\/wobronietradycjiiwiary.com\\\/pl\\\/#\\\/schema\\\/person\\\/2d6180ce6abcb681fef0daab7816e8f3\"},\"headline\":\"10-go Czerwca. \u017bywot \u015bwi\u0119tej Ma\u0142gorzaty, Kr\u00f3lowej Szkockiej.\",\"datePublished\":\"2022-06-10T06:20:48+00:00\",\"dateModified\":\"2025-02-10T10:15:38+00:00\",\"mainEntityOfPage\":{\"@id\":\"https:\\\/\\\/wobronietradycjiiwiary.com\\\/10-go-czerwca-zywot-swietej-malgorzaty-krolowej-szkockiej-2\\\/\"},\"wordCount\":1495,\"commentCount\":0,\"publisher\":{\"@id\":\"https:\\\/\\\/wobronietradycjiiwiary.com\\\/pl\\\/#organization\"},\"image\":{\"@id\":\"https:\\\/\\\/wobronietradycjiiwiary.com\\\/10-go-czerwca-zywot-swietej-malgorzaty-krolowej-szkockiej-2\\\/#primaryimage\"},\"thumbnailUrl\":\"https:\\\/\\\/wobronietradycjiiwiary.com\\\/wp-content\\\/uploads\\\/2021\\\/06\\\/margaret-scaled.jpg\",\"articleSection\":[\"06. \u015awi\u0119ta w czerwcu\",\"Duchowo\u015b\u0107\",\"Liturgia i liturgika\"],\"inLanguage\":\"pl-PL\",\"potentialAction\":[{\"@type\":\"CommentAction\",\"name\":\"Comment\",\"target\":[\"https:\\\/\\\/wobronietradycjiiwiary.com\\\/10-go-czerwca-zywot-swietej-malgorzaty-krolowej-szkockiej-2\\\/#respond\"]}]},{\"@type\":\"WebPage\",\"@id\":\"https:\\\/\\\/wobronietradycjiiwiary.com\\\/10-go-czerwca-zywot-swietej-malgorzaty-krolowej-szkockiej-2\\\/\",\"url\":\"https:\\\/\\\/wobronietradycjiiwiary.com\\\/10-go-czerwca-zywot-swietej-malgorzaty-krolowej-szkockiej-2\\\/\",\"name\":\"10-go Czerwca. \u017bywot \u015bwi\u0119tej Ma\u0142gorzaty, Kr\u00f3lowej Szkockiej. - Tradycja i Wiara\",\"isPartOf\":{\"@id\":\"https:\\\/\\\/wobronietradycjiiwiary.com\\\/pl\\\/#website\"},\"primaryImageOfPage\":{\"@id\":\"https:\\\/\\\/wobronietradycjiiwiary.com\\\/10-go-czerwca-zywot-swietej-malgorzaty-krolowej-szkockiej-2\\\/#primaryimage\"},\"image\":{\"@id\":\"https:\\\/\\\/wobronietradycjiiwiary.com\\\/10-go-czerwca-zywot-swietej-malgorzaty-krolowej-szkockiej-2\\\/#primaryimage\"},\"thumbnailUrl\":\"https:\\\/\\\/wobronietradycjiiwiary.com\\\/wp-content\\\/uploads\\\/2021\\\/06\\\/margaret-scaled.jpg\",\"datePublished\":\"2022-06-10T06:20:48+00:00\",\"dateModified\":\"2025-02-10T10:15:38+00:00\",\"breadcrumb\":{\"@id\":\"https:\\\/\\\/wobronietradycjiiwiary.com\\\/10-go-czerwca-zywot-swietej-malgorzaty-krolowej-szkockiej-2\\\/#breadcrumb\"},\"inLanguage\":\"pl-PL\",\"potentialAction\":[{\"@type\":\"ReadAction\",\"target\":[\"https:\\\/\\\/wobronietradycjiiwiary.com\\\/10-go-czerwca-zywot-swietej-malgorzaty-krolowej-szkockiej-2\\\/\"]}]},{\"@type\":\"ImageObject\",\"inLanguage\":\"pl-PL\",\"@id\":\"https:\\\/\\\/wobronietradycjiiwiary.com\\\/10-go-czerwca-zywot-swietej-malgorzaty-krolowej-szkockiej-2\\\/#primaryimage\",\"url\":\"https:\\\/\\\/wobronietradycjiiwiary.com\\\/wp-content\\\/uploads\\\/2021\\\/06\\\/margaret-scaled.jpg\",\"contentUrl\":\"https:\\\/\\\/wobronietradycjiiwiary.com\\\/wp-content\\\/uploads\\\/2021\\\/06\\\/margaret-scaled.jpg\",\"width\":1920,\"height\":987},{\"@type\":\"BreadcrumbList\",\"@id\":\"https:\\\/\\\/wobronietradycjiiwiary.com\\\/10-go-czerwca-zywot-swietej-malgorzaty-krolowej-szkockiej-2\\\/#breadcrumb\",\"itemListElement\":[{\"@type\":\"ListItem\",\"position\":1,\"name\":\"Strona g\u0142\u00f3wna\",\"item\":\"https:\\\/\\\/wobronietradycjiiwiary.com\\\/\"},{\"@type\":\"ListItem\",\"position\":2,\"name\":\"10-go Czerwca. \u017bywot \u015bwi\u0119tej Ma\u0142gorzaty, Kr\u00f3lowej Szkockiej.\"}]},{\"@type\":\"WebSite\",\"@id\":\"https:\\\/\\\/wobronietradycjiiwiary.com\\\/pl\\\/#website\",\"url\":\"https:\\\/\\\/wobronietradycjiiwiary.com\\\/pl\\\/\",\"name\":\"Tradycja i Wiara\",\"description\":\"Portal dla katolik\u00f3w.\",\"publisher\":{\"@id\":\"https:\\\/\\\/wobronietradycjiiwiary.com\\\/pl\\\/#organization\"},\"potentialAction\":[{\"@type\":\"SearchAction\",\"target\":{\"@type\":\"EntryPoint\",\"urlTemplate\":\"https:\\\/\\\/wobronietradycjiiwiary.com\\\/pl\\\/?s={search_term_string}\"},\"query-input\":{\"@type\":\"PropertyValueSpecification\",\"valueRequired\":true,\"valueName\":\"search_term_string\"}}],\"inLanguage\":\"pl-PL\"},{\"@type\":\"Organization\",\"@id\":\"https:\\\/\\\/wobronietradycjiiwiary.com\\\/pl\\\/#organization\",\"name\":\"Tradycja i Wiara\",\"url\":\"https:\\\/\\\/wobronietradycjiiwiary.com\\\/pl\\\/\",\"logo\":{\"@type\":\"ImageObject\",\"inLanguage\":\"pl-PL\",\"@id\":\"https:\\\/\\\/wobronietradycjiiwiary.com\\\/pl\\\/#\\\/schema\\\/logo\\\/image\\\/\",\"url\":\"https:\\\/\\\/i0.wp.com\\\/wobronietradycjiiwiary.com\\\/wp-content\\\/uploads\\\/2015\\\/10\\\/cropped-st-peters-dome-vatican.jpg?fit=940%2C198&ssl=1\",\"contentUrl\":\"https:\\\/\\\/i0.wp.com\\\/wobronietradycjiiwiary.com\\\/wp-content\\\/uploads\\\/2015\\\/10\\\/cropped-st-peters-dome-vatican.jpg?fit=940%2C198&ssl=1\",\"width\":940,\"height\":198,\"caption\":\"Tradycja i Wiara\"},\"image\":{\"@id\":\"https:\\\/\\\/wobronietradycjiiwiary.com\\\/pl\\\/#\\\/schema\\\/logo\\\/image\\\/\"},\"sameAs\":[\"https:\\\/\\\/www.facebook.com\\\/Tradycja-i-Wiara-108813920592249\"]},{\"@type\":\"Person\",\"@id\":\"https:\\\/\\\/wobronietradycjiiwiary.com\\\/pl\\\/#\\\/schema\\\/person\\\/2d6180ce6abcb681fef0daab7816e8f3\",\"name\":\"Traditio et Fides\",\"sameAs\":[\"https:\\\/\\\/traditionundglauben.com\"],\"url\":\"https:\\\/\\\/wobronietradycjiiwiary.com\\\/pl\\\/author\\\/wobronietradycjiiwiary\\\/\"}]}<\/script>\n<!-- \/ Yoast SEO plugin. -->","yoast_head_json":{"title":"10-go Czerwca. \u017bywot \u015bwi\u0119tej Ma\u0142gorzaty, Kr\u00f3lowej Szkockiej. - Tradycja i Wiara","robots":{"index":"index","follow":"follow","max-snippet":"max-snippet:-1","max-image-preview":"max-image-preview:large","max-video-preview":"max-video-preview:-1"},"canonical":"https:\/\/wobronietradycjiiwiary.com\/pl\/10-go-czerwca-zywot-swietej-malgorzaty-krolowej-szkockiej-2\/","og_locale":"pl_PL","og_type":"article","og_title":"10-go Czerwca. \u017bywot \u015bwi\u0119tej Ma\u0142gorzaty, Kr\u00f3lowej Szkockiej. - Tradycja i Wiara","og_description":"\u015aw. Ma\u0142gorzata uciek\u0142a wraz ze swoim bratem do Szkocji unikaj\u0105c w ten spos\u00f3b zamordowania. Wysz\u0142a z Malkolma przypuszczalnie nie z romantycznej mi\u0142o\u015bci, ale z obowi\u0105zku. M\u0119\u017ca stopniowo nawr\u00f3ci\u0142a, urodzi\u0142a sze\u015bcioro dzieci i podnios\u0142a duchowo i cywilizacyjnie ca\u0142y nar\u00f3d. Wi\u0119c \"kobiety na stanowisku\" z Bo\u017c\u0105 pomoc\u0105 potrafi\u0105 niejedno. Cech\u0105 post\u0119pu duchowego jest dostrzeganie w sobie coraz wi\u0119cej b\u0142\u0119d\u00f3w, co t\u0142umaczy, \u017ce \u015bw. Ma\u0142gorzata napomina\u0142a swojego spowiednika, by by\u0142 dla nie surowszy. W przeciwie\u0144stwie do wielu innych kobiet \u015bw. Ma\u0142gorzata nie wini\u0142a wszystkich naoko\u0142o, ale b\u0142\u0119d\u00f3w szuka\u0142a u siebie.","og_url":"https:\/\/wobronietradycjiiwiary.com\/pl\/10-go-czerwca-zywot-swietej-malgorzaty-krolowej-szkockiej-2\/","og_site_name":"Tradycja i Wiara","article_publisher":"https:\/\/www.facebook.com\/Tradycja-i-Wiara-108813920592249","article_published_time":"2022-06-10T06:20:48+00:00","article_modified_time":"2025-02-10T10:15:38+00:00","og_image":[{"width":2048,"height":1053,"url":"https:\/\/wobronietradycjiiwiary.com\/wp-content\/uploads\/2021\/06\/margaret.jpg","type":"image\/jpeg"}],"author":"Traditio et Fides","twitter_card":"summary_large_image","twitter_misc":{"Napisane przez":"Traditio et Fides","Szacowany czas czytania":"7 minut"},"schema":{"@context":"https:\/\/schema.org","@graph":[{"@type":"Article","@id":"https:\/\/wobronietradycjiiwiary.com\/10-go-czerwca-zywot-swietej-malgorzaty-krolowej-szkockiej-2\/#article","isPartOf":{"@id":"https:\/\/wobronietradycjiiwiary.com\/10-go-czerwca-zywot-swietej-malgorzaty-krolowej-szkockiej-2\/"},"author":{"name":"Traditio et Fides","@id":"https:\/\/wobronietradycjiiwiary.com\/pl\/#\/schema\/person\/2d6180ce6abcb681fef0daab7816e8f3"},"headline":"10-go Czerwca. \u017bywot \u015bwi\u0119tej Ma\u0142gorzaty, Kr\u00f3lowej Szkockiej.","datePublished":"2022-06-10T06:20:48+00:00","dateModified":"2025-02-10T10:15:38+00:00","mainEntityOfPage":{"@id":"https:\/\/wobronietradycjiiwiary.com\/10-go-czerwca-zywot-swietej-malgorzaty-krolowej-szkockiej-2\/"},"wordCount":1495,"commentCount":0,"publisher":{"@id":"https:\/\/wobronietradycjiiwiary.com\/pl\/#organization"},"image":{"@id":"https:\/\/wobronietradycjiiwiary.com\/10-go-czerwca-zywot-swietej-malgorzaty-krolowej-szkockiej-2\/#primaryimage"},"thumbnailUrl":"https:\/\/wobronietradycjiiwiary.com\/wp-content\/uploads\/2021\/06\/margaret-scaled.jpg","articleSection":["06. \u015awi\u0119ta w czerwcu","Duchowo\u015b\u0107","Liturgia i liturgika"],"inLanguage":"pl-PL","potentialAction":[{"@type":"CommentAction","name":"Comment","target":["https:\/\/wobronietradycjiiwiary.com\/10-go-czerwca-zywot-swietej-malgorzaty-krolowej-szkockiej-2\/#respond"]}]},{"@type":"WebPage","@id":"https:\/\/wobronietradycjiiwiary.com\/10-go-czerwca-zywot-swietej-malgorzaty-krolowej-szkockiej-2\/","url":"https:\/\/wobronietradycjiiwiary.com\/10-go-czerwca-zywot-swietej-malgorzaty-krolowej-szkockiej-2\/","name":"10-go Czerwca. \u017bywot \u015bwi\u0119tej Ma\u0142gorzaty, Kr\u00f3lowej Szkockiej. - Tradycja i Wiara","isPartOf":{"@id":"https:\/\/wobronietradycjiiwiary.com\/pl\/#website"},"primaryImageOfPage":{"@id":"https:\/\/wobronietradycjiiwiary.com\/10-go-czerwca-zywot-swietej-malgorzaty-krolowej-szkockiej-2\/#primaryimage"},"image":{"@id":"https:\/\/wobronietradycjiiwiary.com\/10-go-czerwca-zywot-swietej-malgorzaty-krolowej-szkockiej-2\/#primaryimage"},"thumbnailUrl":"https:\/\/wobronietradycjiiwiary.com\/wp-content\/uploads\/2021\/06\/margaret-scaled.jpg","datePublished":"2022-06-10T06:20:48+00:00","dateModified":"2025-02-10T10:15:38+00:00","breadcrumb":{"@id":"https:\/\/wobronietradycjiiwiary.com\/10-go-czerwca-zywot-swietej-malgorzaty-krolowej-szkockiej-2\/#breadcrumb"},"inLanguage":"pl-PL","potentialAction":[{"@type":"ReadAction","target":["https:\/\/wobronietradycjiiwiary.com\/10-go-czerwca-zywot-swietej-malgorzaty-krolowej-szkockiej-2\/"]}]},{"@type":"ImageObject","inLanguage":"pl-PL","@id":"https:\/\/wobronietradycjiiwiary.com\/10-go-czerwca-zywot-swietej-malgorzaty-krolowej-szkockiej-2\/#primaryimage","url":"https:\/\/wobronietradycjiiwiary.com\/wp-content\/uploads\/2021\/06\/margaret-scaled.jpg","contentUrl":"https:\/\/wobronietradycjiiwiary.com\/wp-content\/uploads\/2021\/06\/margaret-scaled.jpg","width":1920,"height":987},{"@type":"BreadcrumbList","@id":"https:\/\/wobronietradycjiiwiary.com\/10-go-czerwca-zywot-swietej-malgorzaty-krolowej-szkockiej-2\/#breadcrumb","itemListElement":[{"@type":"ListItem","position":1,"name":"Strona g\u0142\u00f3wna","item":"https:\/\/wobronietradycjiiwiary.com\/"},{"@type":"ListItem","position":2,"name":"10-go Czerwca. \u017bywot \u015bwi\u0119tej Ma\u0142gorzaty, Kr\u00f3lowej Szkockiej."}]},{"@type":"WebSite","@id":"https:\/\/wobronietradycjiiwiary.com\/pl\/#website","url":"https:\/\/wobronietradycjiiwiary.com\/pl\/","name":"Tradycja i Wiara","description":"Portal dla katolik\u00f3w.","publisher":{"@id":"https:\/\/wobronietradycjiiwiary.com\/pl\/#organization"},"potentialAction":[{"@type":"SearchAction","target":{"@type":"EntryPoint","urlTemplate":"https:\/\/wobronietradycjiiwiary.com\/pl\/?s={search_term_string}"},"query-input":{"@type":"PropertyValueSpecification","valueRequired":true,"valueName":"search_term_string"}}],"inLanguage":"pl-PL"},{"@type":"Organization","@id":"https:\/\/wobronietradycjiiwiary.com\/pl\/#organization","name":"Tradycja i Wiara","url":"https:\/\/wobronietradycjiiwiary.com\/pl\/","logo":{"@type":"ImageObject","inLanguage":"pl-PL","@id":"https:\/\/wobronietradycjiiwiary.com\/pl\/#\/schema\/logo\/image\/","url":"https:\/\/i0.wp.com\/wobronietradycjiiwiary.com\/wp-content\/uploads\/2015\/10\/cropped-st-peters-dome-vatican.jpg?fit=940%2C198&ssl=1","contentUrl":"https:\/\/i0.wp.com\/wobronietradycjiiwiary.com\/wp-content\/uploads\/2015\/10\/cropped-st-peters-dome-vatican.jpg?fit=940%2C198&ssl=1","width":940,"height":198,"caption":"Tradycja i Wiara"},"image":{"@id":"https:\/\/wobronietradycjiiwiary.com\/pl\/#\/schema\/logo\/image\/"},"sameAs":["https:\/\/www.facebook.com\/Tradycja-i-Wiara-108813920592249"]},{"@type":"Person","@id":"https:\/\/wobronietradycjiiwiary.com\/pl\/#\/schema\/person\/2d6180ce6abcb681fef0daab7816e8f3","name":"Traditio et Fides","sameAs":["https:\/\/traditionundglauben.com"],"url":"https:\/\/wobronietradycjiiwiary.com\/pl\/author\/wobronietradycjiiwiary\/"}]}},"jetpack_publicize_connections":[],"jetpack_sharing_enabled":true,"jetpack_likes_enabled":true,"jetpack_shortlink":"https:\/\/wp.me\/pc04Sd-ivT","jetpack-related-posts":[{"id":117676,"url":"https:\/\/wobronietradycjiiwiary.com\/pl\/10-go-czerwca-zywot-swietej-malgorzaty-krolowej-szkockiej-2-2-2\/","url_meta":{"origin":71169,"position":0},"title":"10-go Czerwca. \u017bywot \u015bwi\u0119tej Ma\u0142gorzaty, Kr\u00f3lowej Szkockiej.","author":"Traditio et Fides","date":"10 czerwca 2024","format":false,"excerpt":"\u015aw. Ma\u0142gorzata uciek\u0142a wraz ze swoim bratem do Szkocji unikaj\u0105c w ten spos\u00f3b zamordowania. Wysz\u0142a z Malkolma przypuszczalnie nie z romantycznej mi\u0142o\u015bci, ale z obowi\u0105zku. M\u0119\u017ca stopniowo nawr\u00f3ci\u0142a, urodzi\u0142a sze\u015bcioro dzieci i podnios\u0142a duchowo i cywilizacyjnie ca\u0142y nar\u00f3d. Wi\u0119c \"kobiety na stanowisku\" z Bo\u017c\u0105 pomoc\u0105 potrafi\u0105 niejedno. Cech\u0105 post\u0119pu duchowego\u2026","rel":"","context":"W \u201e06. \u015awi\u0119ta w czerwcu&quot;","block_context":{"text":"06. \u015awi\u0119ta w czerwcu","link":"https:\/\/wobronietradycjiiwiary.com\/pl\/category\/duchowosc\/liturgia-i-liturgika\/rozwazania\/rok-liturgiczny\/swieta-w-czerwcu\/"},"img":{"alt_text":"","src":"https:\/\/i0.wp.com\/wobronietradycjiiwiary.com\/wp-content\/uploads\/2021\/06\/margaret-scaled.jpg?resize=350%2C200&ssl=1","width":350,"height":200,"srcset":"https:\/\/i0.wp.com\/wobronietradycjiiwiary.com\/wp-content\/uploads\/2021\/06\/margaret-scaled.jpg?resize=350%2C200&ssl=1 1x, https:\/\/i0.wp.com\/wobronietradycjiiwiary.com\/wp-content\/uploads\/2021\/06\/margaret-scaled.jpg?resize=525%2C300&ssl=1 1.5x, https:\/\/i0.wp.com\/wobronietradycjiiwiary.com\/wp-content\/uploads\/2021\/06\/margaret-scaled.jpg?resize=700%2C400&ssl=1 2x, https:\/\/i0.wp.com\/wobronietradycjiiwiary.com\/wp-content\/uploads\/2021\/06\/margaret-scaled.jpg?resize=1050%2C600&ssl=1 3x, https:\/\/i0.wp.com\/wobronietradycjiiwiary.com\/wp-content\/uploads\/2021\/06\/margaret-scaled.jpg?resize=1400%2C800&ssl=1 4x"},"classes":[]},{"id":143958,"url":"https:\/\/wobronietradycjiiwiary.com\/pl\/10-go-czerwca-zywot-swietej-malgorzaty-krolowej-szkockiej-2-2-2-2\/","url_meta":{"origin":71169,"position":1},"title":"10-go Czerwca. \u017bywot \u015bwi\u0119tej Ma\u0142gorzaty, Kr\u00f3lowej Szkockiej.","author":"Traditio et Fides","date":"10 czerwca 2025","format":false,"excerpt":"\u015aw. Ma\u0142gorzata uciek\u0142a wraz ze swoim bratem do Szkocji unikaj\u0105c w ten spos\u00f3b zamordowania. Wysz\u0142a z Malkolma przypuszczalnie nie z romantycznej mi\u0142o\u015bci, ale z obowi\u0105zku. M\u0119\u017ca stopniowo nawr\u00f3ci\u0142a, urodzi\u0142a sze\u015bcioro dzieci i podnios\u0142a duchowo i cywilizacyjnie ca\u0142y nar\u00f3d. Wi\u0119c \"kobiety na stanowisku\" z Bo\u017c\u0105 pomoc\u0105 potrafi\u0105 niejedno. Cech\u0105 post\u0119pu duchowego\u2026","rel":"","context":"W \u201e06. \u015awi\u0119ta w czerwcu&quot;","block_context":{"text":"06. \u015awi\u0119ta w czerwcu","link":"https:\/\/wobronietradycjiiwiary.com\/pl\/category\/duchowosc\/liturgia-i-liturgika\/rozwazania\/rok-liturgiczny\/swieta-w-czerwcu\/"},"img":{"alt_text":"","src":"https:\/\/i0.wp.com\/wobronietradycjiiwiary.com\/wp-content\/uploads\/2021\/06\/margaret-scaled.jpg?resize=350%2C200&ssl=1","width":350,"height":200,"srcset":"https:\/\/i0.wp.com\/wobronietradycjiiwiary.com\/wp-content\/uploads\/2021\/06\/margaret-scaled.jpg?resize=350%2C200&ssl=1 1x, https:\/\/i0.wp.com\/wobronietradycjiiwiary.com\/wp-content\/uploads\/2021\/06\/margaret-scaled.jpg?resize=525%2C300&ssl=1 1.5x, https:\/\/i0.wp.com\/wobronietradycjiiwiary.com\/wp-content\/uploads\/2021\/06\/margaret-scaled.jpg?resize=700%2C400&ssl=1 2x, https:\/\/i0.wp.com\/wobronietradycjiiwiary.com\/wp-content\/uploads\/2021\/06\/margaret-scaled.jpg?resize=1050%2C600&ssl=1 3x, https:\/\/i0.wp.com\/wobronietradycjiiwiary.com\/wp-content\/uploads\/2021\/06\/margaret-scaled.jpg?resize=1400%2C800&ssl=1 4x"},"classes":[]},{"id":166260,"url":"https:\/\/wobronietradycjiiwiary.com\/pl\/10-go-czerwca-zywot-swietej-malgorzaty-krolowej-szkockiej-2-2-2-2-2\/","url_meta":{"origin":71169,"position":2},"title":"10-go Czerwca. \u017bywot \u015bwi\u0119tej Ma\u0142gorzaty, Kr\u00f3lowej Szkockiej.","author":"Traditio et Fides","date":"10 czerwca 2026","format":false,"excerpt":"\u015aw. Ma\u0142gorzata uciek\u0142a wraz ze swoim bratem do Szkocji unikaj\u0105c w ten spos\u00f3b zamordowania. Wysz\u0142a z Malkolma przypuszczalnie nie z romantycznej mi\u0142o\u015bci, ale z obowi\u0105zku. M\u0119\u017ca stopniowo nawr\u00f3ci\u0142a, urodzi\u0142a sze\u015bcioro dzieci i podnios\u0142a duchowo i cywilizacyjnie ca\u0142y nar\u00f3d. Wi\u0119c \"kobiety na stanowisku\" z Bo\u017c\u0105 pomoc\u0105 potrafi\u0105 niejedno. Cech\u0105 post\u0119pu duchowego\u2026","rel":"","context":"W \u201e06. \u015awi\u0119ta w czerwcu&quot;","block_context":{"text":"06. \u015awi\u0119ta w czerwcu","link":"https:\/\/wobronietradycjiiwiary.com\/pl\/category\/duchowosc\/liturgia-i-liturgika\/rozwazania\/rok-liturgiczny\/swieta-w-czerwcu\/"},"img":{"alt_text":"","src":"https:\/\/i0.wp.com\/wobronietradycjiiwiary.com\/wp-content\/uploads\/2021\/06\/margaret-scaled.jpg?resize=350%2C200&ssl=1","width":350,"height":200,"srcset":"https:\/\/i0.wp.com\/wobronietradycjiiwiary.com\/wp-content\/uploads\/2021\/06\/margaret-scaled.jpg?resize=350%2C200&ssl=1 1x, https:\/\/i0.wp.com\/wobronietradycjiiwiary.com\/wp-content\/uploads\/2021\/06\/margaret-scaled.jpg?resize=525%2C300&ssl=1 1.5x, https:\/\/i0.wp.com\/wobronietradycjiiwiary.com\/wp-content\/uploads\/2021\/06\/margaret-scaled.jpg?resize=700%2C400&ssl=1 2x, https:\/\/i0.wp.com\/wobronietradycjiiwiary.com\/wp-content\/uploads\/2021\/06\/margaret-scaled.jpg?resize=1050%2C600&ssl=1 3x, https:\/\/i0.wp.com\/wobronietradycjiiwiary.com\/wp-content\/uploads\/2021\/06\/margaret-scaled.jpg?resize=1400%2C800&ssl=1 4x"},"classes":[]},{"id":110167,"url":"https:\/\/wobronietradycjiiwiary.com\/pl\/zarzucenie-sw-piotra-w-okowach-lub-o-obiektywnym-dzialaniu-liturgii\/","url_meta":{"origin":71169,"position":3},"title":"Likwidacja uroczysto\u015bci \u015bw. Piotra w Okowach lub o obiektywnym dzia\u0142aniu liturgii","author":"Traditio et Fides","date":"2 stycznia 2024","format":false,"excerpt":"Duchowe t\u0142o zniesienia \u015bwi\u0119ta \u015bw. Piotra w Okowach.","rel":"","context":"W \u201eAd 4) 2. Stopniowe zmiany liturgii: Kanon, kalendarz, znikaj\u0105ce \u015bwi\u0119ta&quot;","block_context":{"text":"Ad 4) 2. Stopniowe zmiany liturgii: Kanon, kalendarz, znikaj\u0105ce \u015bwi\u0119ta","link":"https:\/\/wobronietradycjiiwiary.com\/pl\/category\/doktryna\/teologia-liturgii\/byrne-doktryna\/byrne\/komentarze-do-byrne\/ad-4-jan-xxiii\/ad-4-2-stopniowe-zmiany-liturgii\/"},"img":{"alt_text":"","src":"https:\/\/i0.wp.com\/wobronietradycjiiwiary.com\/wp-content\/uploads\/2024\/01\/5b76af308b2a45f830ce91a7.jpg?resize=350%2C200&ssl=1","width":350,"height":200,"srcset":"https:\/\/i0.wp.com\/wobronietradycjiiwiary.com\/wp-content\/uploads\/2024\/01\/5b76af308b2a45f830ce91a7.jpg?resize=350%2C200&ssl=1 1x, https:\/\/i0.wp.com\/wobronietradycjiiwiary.com\/wp-content\/uploads\/2024\/01\/5b76af308b2a45f830ce91a7.jpg?resize=525%2C300&ssl=1 1.5x, https:\/\/i0.wp.com\/wobronietradycjiiwiary.com\/wp-content\/uploads\/2024\/01\/5b76af308b2a45f830ce91a7.jpg?resize=700%2C400&ssl=1 2x, https:\/\/i0.wp.com\/wobronietradycjiiwiary.com\/wp-content\/uploads\/2024\/01\/5b76af308b2a45f830ce91a7.jpg?resize=1050%2C600&ssl=1 3x"},"classes":[]},{"id":145495,"url":"https:\/\/wobronietradycjiiwiary.com\/pl\/brewiarz-trydencki-na-oktawe-bozego-ciala-sobota\/","url_meta":{"origin":71169,"position":4},"title":"Brewiarz Trydencki na Oktaw\u0119 Bo\u017cego Cia\u0142a &#8211; Sobota","author":"Traditio et Fides","date":"21 czerwca 2025","format":false,"excerpt":"Brewiarz Trydencki na Oktaw\u0119 Bo\u017cego Cia\u0142a - Sobota.","rel":"","context":"W \u201eBo\u017ce Cia\u0142o z Oktaw\u0105&quot;","block_context":{"text":"Bo\u017ce Cia\u0142o z Oktaw\u0105","link":"https:\/\/wobronietradycjiiwiary.com\/pl\/category\/duchowosc\/liturgia-i-liturgika\/rozwazania\/rok-liturgiczny\/boze-cialo-z-oktawa\/"},"img":{"alt_text":"","src":"https:\/\/i0.wp.com\/wobronietradycjiiwiary.com\/wp-content\/uploads\/2019\/06\/adolf_friedrich_erdmann_von_menzel_026-scaled.jpg?resize=350%2C200&ssl=1","width":350,"height":200,"srcset":"https:\/\/i0.wp.com\/wobronietradycjiiwiary.com\/wp-content\/uploads\/2019\/06\/adolf_friedrich_erdmann_von_menzel_026-scaled.jpg?resize=350%2C200&ssl=1 1x, https:\/\/i0.wp.com\/wobronietradycjiiwiary.com\/wp-content\/uploads\/2019\/06\/adolf_friedrich_erdmann_von_menzel_026-scaled.jpg?resize=525%2C300&ssl=1 1.5x, https:\/\/i0.wp.com\/wobronietradycjiiwiary.com\/wp-content\/uploads\/2019\/06\/adolf_friedrich_erdmann_von_menzel_026-scaled.jpg?resize=700%2C400&ssl=1 2x, https:\/\/i0.wp.com\/wobronietradycjiiwiary.com\/wp-content\/uploads\/2019\/06\/adolf_friedrich_erdmann_von_menzel_026-scaled.jpg?resize=1050%2C600&ssl=1 3x, https:\/\/i0.wp.com\/wobronietradycjiiwiary.com\/wp-content\/uploads\/2019\/06\/adolf_friedrich_erdmann_von_menzel_026-scaled.jpg?resize=1400%2C800&ssl=1 4x"},"classes":[]},{"id":119265,"url":"https:\/\/wobronietradycjiiwiary.com\/pl\/zarzucenie-sw-piotra-w-okowach-lub-o-obiektywnym-dzialaniu-liturgii-2\/","url_meta":{"origin":71169,"position":5},"title":"Likwidacja uroczysto\u015bci \u015bw. Piotra w Okowach lub o obiektywnym dzia\u0142aniu liturgii","author":"Traditio et Fides","date":"1 sierpnia 2024","format":false,"excerpt":"Duchowe t\u0142o zniesienia \u015bwi\u0119ta \u015bw. Piotra w Okowach.","rel":"","context":"W \u201eAd 4) 2. Stopniowe zmiany liturgii: Kanon, kalendarz, znikaj\u0105ce \u015bwi\u0119ta&quot;","block_context":{"text":"Ad 4) 2. Stopniowe zmiany liturgii: Kanon, kalendarz, znikaj\u0105ce \u015bwi\u0119ta","link":"https:\/\/wobronietradycjiiwiary.com\/pl\/category\/doktryna\/teologia-liturgii\/byrne-doktryna\/byrne\/komentarze-do-byrne\/ad-4-jan-xxiii\/ad-4-2-stopniowe-zmiany-liturgii\/"},"img":{"alt_text":"","src":"https:\/\/i0.wp.com\/wobronietradycjiiwiary.com\/wp-content\/uploads\/2024\/01\/5b76af308b2a45f830ce91a7.jpg?resize=350%2C200&ssl=1","width":350,"height":200,"srcset":"https:\/\/i0.wp.com\/wobronietradycjiiwiary.com\/wp-content\/uploads\/2024\/01\/5b76af308b2a45f830ce91a7.jpg?resize=350%2C200&ssl=1 1x, https:\/\/i0.wp.com\/wobronietradycjiiwiary.com\/wp-content\/uploads\/2024\/01\/5b76af308b2a45f830ce91a7.jpg?resize=525%2C300&ssl=1 1.5x, https:\/\/i0.wp.com\/wobronietradycjiiwiary.com\/wp-content\/uploads\/2024\/01\/5b76af308b2a45f830ce91a7.jpg?resize=700%2C400&ssl=1 2x, https:\/\/i0.wp.com\/wobronietradycjiiwiary.com\/wp-content\/uploads\/2024\/01\/5b76af308b2a45f830ce91a7.jpg?resize=1050%2C600&ssl=1 3x"},"classes":[]}],"amp_enabled":true,"jetpack_featured_media_url":"https:\/\/wobronietradycjiiwiary.com\/wp-content\/uploads\/2021\/06\/margaret-scaled.jpg","_links":{"self":[{"href":"https:\/\/wobronietradycjiiwiary.com\/pl\/wp-json\/wp\/v2\/posts\/71169","targetHints":{"allow":["GET"]}}],"collection":[{"href":"https:\/\/wobronietradycjiiwiary.com\/pl\/wp-json\/wp\/v2\/posts"}],"about":[{"href":"https:\/\/wobronietradycjiiwiary.com\/pl\/wp-json\/wp\/v2\/types\/post"}],"author":[{"embeddable":true,"href":"https:\/\/wobronietradycjiiwiary.com\/pl\/wp-json\/wp\/v2\/users\/60508433"}],"replies":[{"embeddable":true,"href":"https:\/\/wobronietradycjiiwiary.com\/pl\/wp-json\/wp\/v2\/comments?post=71169"}],"version-history":[{"count":1,"href":"https:\/\/wobronietradycjiiwiary.com\/pl\/wp-json\/wp\/v2\/posts\/71169\/revisions"}],"predecessor-version":[{"id":71198,"href":"https:\/\/wobronietradycjiiwiary.com\/pl\/wp-json\/wp\/v2\/posts\/71169\/revisions\/71198"}],"wp:featuredmedia":[{"embeddable":true,"href":"https:\/\/wobronietradycjiiwiary.com\/pl\/wp-json\/wp\/v2\/media\/48992"}],"wp:attachment":[{"href":"https:\/\/wobronietradycjiiwiary.com\/pl\/wp-json\/wp\/v2\/media?parent=71169"}],"wp:term":[{"taxonomy":"category","embeddable":true,"href":"https:\/\/wobronietradycjiiwiary.com\/pl\/wp-json\/wp\/v2\/categories?post=71169"},{"taxonomy":"post_tag","embeddable":true,"href":"https:\/\/wobronietradycjiiwiary.com\/pl\/wp-json\/wp\/v2\/tags?post=71169"}],"curies":[{"name":"wp","href":"https:\/\/api.w.org\/{rel}","templated":true}]}}