{"id":70879,"date":"2022-08-12T08:00:00","date_gmt":"2022-08-12T06:00:00","guid":{"rendered":"https:\/\/wobronietradycjiiwiary.com\/?p=70879"},"modified":"2025-02-07T15:46:16","modified_gmt":"2025-02-07T14:46:16","slug":"poulain-sj-ii-ogolne-pojecia-o-mistycznym-zjednoczeniu-rozdzial-vi-druga-zasadnicza-cecha-zjednoczenia-mistycznego-wewnetrzne-posiadanie-boga-sposob-w-jaki-sie-je-odczuwa-151","status":"publish","type":"post","link":"https:\/\/wobronietradycjiiwiary.com\/pl\/poulain-sj-ii-ogolne-pojecia-o-mistycznym-zjednoczeniu-rozdzial-vi-druga-zasadnicza-cecha-zjednoczenia-mistycznego-wewnetrzne-posiadanie-boga-sposob-w-jaki-sie-je-odczuwa-151\/","title":{"rendered":"Poulain SJ: II. Og\u00f3lne poj\u0119cia o mistycznym zjednoczeniu. Rozdzia\u0142 VI. Druga zasadnicza cecha zjednoczenia mistycznego: wewn\u0119trzne posiadanie Boga; spos\u00f3b, w jaki si\u0119 je odczuwa (151)"},"content":{"rendered":"<div id=\"bsf_rt_marker\"><\/div><p>Czas lektury: 5 min 14. Dow\u00f3d trzeciej cz\u0119\u015bci tezy, mianowicie \u017ce wyra\u017camy w\u0142a\u015bciwie to, co si\u0119 wtedy czuje, daj\u0105c odczuciu&hellip;<\/p>\n<div style=\"text-align: center\">\n<p>&nbsp;<\/p>\n<\/div>\n<h2 style=\"border: 5px solid #0000A0;padding: 1em;text-align: center\"><span style=\"color: #000000\">Pe\u0142en dost\u0119p dla <span style=\"color: #00ccff\"><a style=\"color: #00ccff\" href=\"https:\/\/wobronietradycjiiwiary.com\/subskrypcje-2\/\" target=\"_blank\" rel=\"noopener\">subskrybent\u00f3w<\/a><\/span>.<\/span><br \/>\n<span style=\"color: #3366ff\"><a style=\"color: #3366ff\" href=\"https:\/\/wobronietradycjiiwiary.com\/account\/login\/\" target=\"_blank\" rel=\"noopener\"><span style=\"color: #00ccff\">Zaloguj<\/span><\/a> <\/span>si\u0119 lub przejd\u017a do <a href=\"https:\/\/wobronietradycjiiwiary.com\/register\/\"><span style=\"color: #3366ff\">Rejestracji<\/span><\/a>.<\/h2>\n<div>\n<p style=\"text-align: center\"><a href=\"https:\/\/wobronietradycjiiwiary.com\/pl\/subskrypcje-2\/cennik\/\" target=\"_blank\" rel=\"noopener\"><span style=\"color: #000080;font-size: 24pt\"><strong>Nowe ni\u017csze ceny<\/strong><\/span><\/a><\/p>\n<p style=\"text-align: center\"><strong><span style=\"font-size: 18pt;color: #000080\">P\u0142atno\u015b\u0107 kart\u0105<\/span><\/strong><\/p>\n<\/div>\n<h3 style=\"text-align: center\"><a href=\"https:\/\/wobronietradycjiiwiary.com\/pl\/subskrypcje-2\/automatyczne\/indywidualne\/\" target=\"_blank\" rel=\"noopener\"><img fetchpriority=\"high\" decoding=\"async\" class=\"alignnone size-medium wp-image-80433\" src=\"https:\/\/wobronietradycjiiwiary.com\/wp-content\/uploads\/2022\/11\/Unbenannt-1-Online-1-300x202.jpg\" alt=\"\" width=\"300\" height=\"202\" srcset=\"https:\/\/wobronietradycjiiwiary.com\/wp-content\/uploads\/2022\/11\/Unbenannt-1-Online-1-300x202.jpg 300w, https:\/\/wobronietradycjiiwiary.com\/wp-content\/uploads\/2022\/11\/Unbenannt-1-Online-1-150x101.jpg 150w, https:\/\/wobronietradycjiiwiary.com\/wp-content\/uploads\/2022\/11\/Unbenannt-1-Online-1-18x12.jpg 18w, https:\/\/wobronietradycjiiwiary.com\/wp-content\/uploads\/2022\/11\/Unbenannt-1-Online-1.jpg 446w\" sizes=\"(max-width: 300px) 100vw, 300px\" \/><\/a><\/h3>\n<p style=\"text-align: center\"><strong><span style=\"font-size: 18pt;color: #000080\">P\u0142atno\u015b\u0107 przelewem<\/span><\/strong><\/p>\n<p><a href=\"https:\/\/wobronietradycjiiwiary.com\/pl\/subskrypcje-2\/automatyczne\/indywidualne\/\" target=\"_blank\" rel=\"noopener\"><img decoding=\"async\" class=\"size-medium wp-image-80434 aligncenter\" src=\"https:\/\/wobronietradycjiiwiary.com\/wp-content\/uploads\/2022\/11\/Unbenannt-1-Przelewem-300x137.jpg\" alt=\"\" width=\"300\" height=\"137\" srcset=\"https:\/\/wobronietradycjiiwiary.com\/wp-content\/uploads\/2022\/11\/Unbenannt-1-Przelewem-300x137.jpg 300w, https:\/\/wobronietradycjiiwiary.com\/wp-content\/uploads\/2022\/11\/Unbenannt-1-Przelewem-450x206.jpg 450w, https:\/\/wobronietradycjiiwiary.com\/wp-content\/uploads\/2022\/11\/Unbenannt-1-Przelewem-600x274.jpg 600w, https:\/\/wobronietradycjiiwiary.com\/wp-content\/uploads\/2022\/11\/Unbenannt-1-Przelewem-150x69.jpg 150w, https:\/\/wobronietradycjiiwiary.com\/wp-content\/uploads\/2022\/11\/Unbenannt-1-Przelewem-18x8.jpg 18w, https:\/\/wobronietradycjiiwiary.com\/wp-content\/uploads\/2022\/11\/Unbenannt-1-Przelewem.jpg 676w\" sizes=\"(max-width: 300px) 100vw, 300px\" \/><\/a><\/p>\n<p style=\"text-align: center\"><strong><span style=\"font-size: 18pt;color: #000080\">P\u0142atno\u015b\u0107 kart\u0105 do 6 os\u00f3b<\/span><\/strong><\/p>\n<p><a href=\"https:\/\/wobronietradycjiiwiary.com\/pl\/rodzinne\/\" target=\"_blank\" rel=\"noopener\"><img decoding=\"async\" class=\"size-medium wp-image-80435 aligncenter\" src=\"https:\/\/wobronietradycjiiwiary.com\/wp-content\/uploads\/2022\/11\/Unbenannt-1-Rodzinna-300x208.jpg\" alt=\"\" width=\"300\" height=\"208\" srcset=\"https:\/\/wobronietradycjiiwiary.com\/wp-content\/uploads\/2022\/11\/Unbenannt-1-Rodzinna-300x208.jpg 300w, https:\/\/wobronietradycjiiwiary.com\/wp-content\/uploads\/2022\/11\/Unbenannt-1-Rodzinna-150x104.jpg 150w, https:\/\/wobronietradycjiiwiary.com\/wp-content\/uploads\/2022\/11\/Unbenannt-1-Rodzinna-18x12.jpg 18w, https:\/\/wobronietradycjiiwiary.com\/wp-content\/uploads\/2022\/11\/Unbenannt-1-Rodzinna.jpg 448w\" sizes=\"(max-width: 300px) 100vw, 300px\" \/><\/a><\/p>\n<h3 style=\"text-align: center\"><\/h3>\n<h1 style=\"text-align: center\"><\/h1>\n","protected":false},"excerpt":{"rendered":"<p>Kiedy mowa o widzeniu, s\u0142yszeniu czy dotyku nie chodzi o doznanie fizyczne, a akt intelektualny, duchowy.<\/p>\n","protected":false},"author":119394846,"featured_media":23108,"comment_status":"open","ping_status":"open","sticky":false,"template":"","format":"standard","meta":{"_bbp_topic_count":0,"_bbp_reply_count":0,"_bbp_total_topic_count":0,"_bbp_total_reply_count":0,"_bbp_voice_count":0,"_bbp_anonymous_reply_count":0,"_bbp_topic_count_hidden":0,"_bbp_reply_count_hidden":0,"_bbp_forum_subforum_count":0,"_editorskit_title_hidden":false,"_editorskit_reading_time":3,"_editorskit_is_block_options_detached":false,"_editorskit_block_options_position":"{}","_coblocks_attr":"","_coblocks_dimensions":"","_coblocks_responsive_height":"","_coblocks_accordion_ie_support":"","_exactmetrics_skip_tracking":false,"_jetpack_newsletter_access":"","_jetpack_dont_email_post_to_subs":false,"_jetpack_newsletter_tier_id":0,"_jetpack_memberships_contains_paywalled_content":false,"_wpcom_ai_launchpad_first_post":false,"_jetpack_feature_clip_id":0,"_jetpack_memberships_contains_paid_content":false,"footnotes":"","jetpack_publicize_message":"{title}\n\n{excerpt}\n\n{url}","jetpack_publicize_feature_enabled":true,"jetpack_social_post_already_shared":true,"jetpack_social_options":{"image_generator_settings":{"template":"highway","default_image_id":0,"font":"","enabled":false},"version":2},"_wpas_customize_per_network":false,"jetpack_post_was_ever_published":false},"categories":[610131184,610130850],"tags":[610132133],"class_list":["post-70879","post","type-post","status-publish","format-standard","has-post-thumbnail","hentry","category-duchowosc","category-augustin-poulain-sj","tag-restricted"],"yoast_head":"<!-- This site is optimized with the Yoast SEO plugin v28.3 - https:\/\/yoast.com\/product\/yoast-seo-wordpress\/ -->\n<title>Poulain SJ: II. Og\u00f3lne poj\u0119cia o mistycznym zjednoczeniu. Rozdzia\u0142 VI. Druga zasadnicza cecha zjednoczenia mistycznego: wewn\u0119trzne posiadanie Boga; spos\u00f3b, w jaki si\u0119 je odczuwa (151) - Tradycja i Wiara<\/title>\n<meta name=\"robots\" content=\"index, follow, max-snippet:-1, max-image-preview:large, max-video-preview:-1\" \/>\n<link rel=\"canonical\" href=\"https:\/\/wobronietradycjiiwiary.com\/pl\/poulain-sj-ii-ogolne-pojecia-o-mistycznym-zjednoczeniu-rozdzial-vi-druga-zasadnicza-cecha-zjednoczenia-mistycznego-wewnetrzne-posiadanie-boga-sposob-w-jaki-sie-je-odczuwa-151\/\" \/>\n<meta property=\"og:locale\" content=\"pl_PL\" \/>\n<meta property=\"og:type\" content=\"article\" \/>\n<meta property=\"og:title\" content=\"Poulain SJ: II. Og\u00f3lne poj\u0119cia o mistycznym zjednoczeniu. Rozdzia\u0142 VI. Druga zasadnicza cecha zjednoczenia mistycznego: wewn\u0119trzne posiadanie Boga; spos\u00f3b, w jaki si\u0119 je odczuwa (151) - Tradycja i Wiara\" \/>\n<meta property=\"og:description\" content=\"Kiedy mowa o widzeniu, s\u0142yszeniu czy dotyku nie chodzi o doznanie fizyczne, a akt intelektualny, duchowy.\" \/>\n<meta property=\"og:url\" content=\"https:\/\/wobronietradycjiiwiary.com\/pl\/poulain-sj-ii-ogolne-pojecia-o-mistycznym-zjednoczeniu-rozdzial-vi-druga-zasadnicza-cecha-zjednoczenia-mistycznego-wewnetrzne-posiadanie-boga-sposob-w-jaki-sie-je-odczuwa-151\/\" \/>\n<meta property=\"og:site_name\" content=\"Tradycja i Wiara\" \/>\n<meta property=\"article:publisher\" content=\"https:\/\/www.facebook.com\/Tradycja-i-Wiara-108813920592249\" \/>\n<meta property=\"article:published_time\" content=\"2022-08-12T06:00:00+00:00\" \/>\n<meta property=\"article:modified_time\" content=\"2025-02-07T14:46:16+00:00\" \/>\n<meta property=\"og:image\" content=\"https:\/\/i0.wp.com\/wobronietradycjiiwiary.com\/wp-content\/uploads\/2019\/10\/peter-paul-rubens-die-wunder-des-hl-ignatius-von-loyola.jpg?fit=1139%2C1539&ssl=1\" \/>\n\t<meta property=\"og:image:width\" content=\"1139\" \/>\n\t<meta property=\"og:image:height\" content=\"1539\" \/>\n\t<meta property=\"og:image:type\" content=\"image\/jpeg\" \/>\n<meta name=\"author\" content=\"Prospector Veritatis\" \/>\n<meta name=\"twitter:card\" content=\"summary_large_image\" \/>\n<meta name=\"twitter:label1\" content=\"Napisane przez\" \/>\n\t<meta name=\"twitter:data1\" content=\"Prospector Veritatis\" \/>\n\t<meta name=\"twitter:label2\" content=\"Szacowany czas czytania\" \/>\n\t<meta name=\"twitter:data2\" content=\"5 minut\" \/>\n<script type=\"application\/ld+json\" class=\"yoast-schema-graph\">{\"@context\":\"https:\\\/\\\/schema.org\",\"@graph\":[{\"@type\":\"Article\",\"@id\":\"https:\\\/\\\/wobronietradycjiiwiary.com\\\/poulain-sj-ii-ogolne-pojecia-o-mistycznym-zjednoczeniu-rozdzial-vi-druga-zasadnicza-cecha-zjednoczenia-mistycznego-wewnetrzne-posiadanie-boga-sposob-w-jaki-sie-je-odczuwa-151\\\/#article\",\"isPartOf\":{\"@id\":\"https:\\\/\\\/wobronietradycjiiwiary.com\\\/poulain-sj-ii-ogolne-pojecia-o-mistycznym-zjednoczeniu-rozdzial-vi-druga-zasadnicza-cecha-zjednoczenia-mistycznego-wewnetrzne-posiadanie-boga-sposob-w-jaki-sie-je-odczuwa-151\\\/\"},\"author\":{\"name\":\"Prospector Veritatis\",\"@id\":\"https:\\\/\\\/wobronietradycjiiwiary.com\\\/pl\\\/#\\\/schema\\\/person\\\/f63e6405621f929c17a9c191b8d16b9d\"},\"headline\":\"Poulain SJ: II. Og\u00f3lne poj\u0119cia o mistycznym zjednoczeniu. Rozdzia\u0142 VI. Druga zasadnicza cecha zjednoczenia mistycznego: wewn\u0119trzne posiadanie Boga; spos\u00f3b, w jaki si\u0119 je odczuwa (151)\",\"datePublished\":\"2022-08-12T06:00:00+00:00\",\"dateModified\":\"2025-02-07T14:46:16+00:00\",\"mainEntityOfPage\":{\"@id\":\"https:\\\/\\\/wobronietradycjiiwiary.com\\\/poulain-sj-ii-ogolne-pojecia-o-mistycznym-zjednoczeniu-rozdzial-vi-druga-zasadnicza-cecha-zjednoczenia-mistycznego-wewnetrzne-posiadanie-boga-sposob-w-jaki-sie-je-odczuwa-151\\\/\"},\"wordCount\":894,\"commentCount\":0,\"publisher\":{\"@id\":\"https:\\\/\\\/wobronietradycjiiwiary.com\\\/pl\\\/#organization\"},\"image\":{\"@id\":\"https:\\\/\\\/wobronietradycjiiwiary.com\\\/poulain-sj-ii-ogolne-pojecia-o-mistycznym-zjednoczeniu-rozdzial-vi-druga-zasadnicza-cecha-zjednoczenia-mistycznego-wewnetrzne-posiadanie-boga-sposob-w-jaki-sie-je-odczuwa-151\\\/#primaryimage\"},\"thumbnailUrl\":\"https:\\\/\\\/wobronietradycjiiwiary.com\\\/wp-content\\\/uploads\\\/2019\\\/10\\\/peter-paul-rubens-die-wunder-des-hl-ignatius-von-loyola.jpg\",\"keywords\":[\"Restricted\"],\"articleSection\":[\"Duchowo\u015b\u0107\",\"o. Augustin Poulain SJ - \\\"\u0141aski modlitwy w Chrystusie Odkupicielu\\\"\"],\"inLanguage\":\"pl-PL\",\"potentialAction\":[{\"@type\":\"CommentAction\",\"name\":\"Comment\",\"target\":[\"https:\\\/\\\/wobronietradycjiiwiary.com\\\/poulain-sj-ii-ogolne-pojecia-o-mistycznym-zjednoczeniu-rozdzial-vi-druga-zasadnicza-cecha-zjednoczenia-mistycznego-wewnetrzne-posiadanie-boga-sposob-w-jaki-sie-je-odczuwa-151\\\/#respond\"]}]},{\"@type\":\"WebPage\",\"@id\":\"https:\\\/\\\/wobronietradycjiiwiary.com\\\/poulain-sj-ii-ogolne-pojecia-o-mistycznym-zjednoczeniu-rozdzial-vi-druga-zasadnicza-cecha-zjednoczenia-mistycznego-wewnetrzne-posiadanie-boga-sposob-w-jaki-sie-je-odczuwa-151\\\/\",\"url\":\"https:\\\/\\\/wobronietradycjiiwiary.com\\\/poulain-sj-ii-ogolne-pojecia-o-mistycznym-zjednoczeniu-rozdzial-vi-druga-zasadnicza-cecha-zjednoczenia-mistycznego-wewnetrzne-posiadanie-boga-sposob-w-jaki-sie-je-odczuwa-151\\\/\",\"name\":\"Poulain SJ: II. Og\u00f3lne poj\u0119cia o mistycznym zjednoczeniu. Rozdzia\u0142 VI. Druga zasadnicza cecha zjednoczenia mistycznego: wewn\u0119trzne posiadanie Boga; spos\u00f3b, w jaki si\u0119 je odczuwa (151) - Tradycja i Wiara\",\"isPartOf\":{\"@id\":\"https:\\\/\\\/wobronietradycjiiwiary.com\\\/pl\\\/#website\"},\"primaryImageOfPage\":{\"@id\":\"https:\\\/\\\/wobronietradycjiiwiary.com\\\/poulain-sj-ii-ogolne-pojecia-o-mistycznym-zjednoczeniu-rozdzial-vi-druga-zasadnicza-cecha-zjednoczenia-mistycznego-wewnetrzne-posiadanie-boga-sposob-w-jaki-sie-je-odczuwa-151\\\/#primaryimage\"},\"image\":{\"@id\":\"https:\\\/\\\/wobronietradycjiiwiary.com\\\/poulain-sj-ii-ogolne-pojecia-o-mistycznym-zjednoczeniu-rozdzial-vi-druga-zasadnicza-cecha-zjednoczenia-mistycznego-wewnetrzne-posiadanie-boga-sposob-w-jaki-sie-je-odczuwa-151\\\/#primaryimage\"},\"thumbnailUrl\":\"https:\\\/\\\/wobronietradycjiiwiary.com\\\/wp-content\\\/uploads\\\/2019\\\/10\\\/peter-paul-rubens-die-wunder-des-hl-ignatius-von-loyola.jpg\",\"datePublished\":\"2022-08-12T06:00:00+00:00\",\"dateModified\":\"2025-02-07T14:46:16+00:00\",\"breadcrumb\":{\"@id\":\"https:\\\/\\\/wobronietradycjiiwiary.com\\\/poulain-sj-ii-ogolne-pojecia-o-mistycznym-zjednoczeniu-rozdzial-vi-druga-zasadnicza-cecha-zjednoczenia-mistycznego-wewnetrzne-posiadanie-boga-sposob-w-jaki-sie-je-odczuwa-151\\\/#breadcrumb\"},\"inLanguage\":\"pl-PL\",\"potentialAction\":[{\"@type\":\"ReadAction\",\"target\":[\"https:\\\/\\\/wobronietradycjiiwiary.com\\\/poulain-sj-ii-ogolne-pojecia-o-mistycznym-zjednoczeniu-rozdzial-vi-druga-zasadnicza-cecha-zjednoczenia-mistycznego-wewnetrzne-posiadanie-boga-sposob-w-jaki-sie-je-odczuwa-151\\\/\"]}]},{\"@type\":\"ImageObject\",\"inLanguage\":\"pl-PL\",\"@id\":\"https:\\\/\\\/wobronietradycjiiwiary.com\\\/poulain-sj-ii-ogolne-pojecia-o-mistycznym-zjednoczeniu-rozdzial-vi-druga-zasadnicza-cecha-zjednoczenia-mistycznego-wewnetrzne-posiadanie-boga-sposob-w-jaki-sie-je-odczuwa-151\\\/#primaryimage\",\"url\":\"https:\\\/\\\/wobronietradycjiiwiary.com\\\/wp-content\\\/uploads\\\/2019\\\/10\\\/peter-paul-rubens-die-wunder-des-hl-ignatius-von-loyola.jpg\",\"contentUrl\":\"https:\\\/\\\/wobronietradycjiiwiary.com\\\/wp-content\\\/uploads\\\/2019\\\/10\\\/peter-paul-rubens-die-wunder-des-hl-ignatius-von-loyola.jpg\",\"width\":1139,\"height\":1539},{\"@type\":\"BreadcrumbList\",\"@id\":\"https:\\\/\\\/wobronietradycjiiwiary.com\\\/poulain-sj-ii-ogolne-pojecia-o-mistycznym-zjednoczeniu-rozdzial-vi-druga-zasadnicza-cecha-zjednoczenia-mistycznego-wewnetrzne-posiadanie-boga-sposob-w-jaki-sie-je-odczuwa-151\\\/#breadcrumb\",\"itemListElement\":[{\"@type\":\"ListItem\",\"position\":1,\"name\":\"Strona g\u0142\u00f3wna\",\"item\":\"https:\\\/\\\/wobronietradycjiiwiary.com\\\/\"},{\"@type\":\"ListItem\",\"position\":2,\"name\":\"Poulain SJ: II. Og\u00f3lne poj\u0119cia o mistycznym zjednoczeniu. Rozdzia\u0142 VI. Druga zasadnicza cecha zjednoczenia mistycznego: wewn\u0119trzne posiadanie Boga; spos\u00f3b, w jaki si\u0119 je odczuwa (151)\"}]},{\"@type\":\"WebSite\",\"@id\":\"https:\\\/\\\/wobronietradycjiiwiary.com\\\/pl\\\/#website\",\"url\":\"https:\\\/\\\/wobronietradycjiiwiary.com\\\/pl\\\/\",\"name\":\"Tradycja i Wiara\",\"description\":\"Portal dla katolik\u00f3w.\",\"publisher\":{\"@id\":\"https:\\\/\\\/wobronietradycjiiwiary.com\\\/pl\\\/#organization\"},\"potentialAction\":[{\"@type\":\"SearchAction\",\"target\":{\"@type\":\"EntryPoint\",\"urlTemplate\":\"https:\\\/\\\/wobronietradycjiiwiary.com\\\/pl\\\/?s={search_term_string}\"},\"query-input\":{\"@type\":\"PropertyValueSpecification\",\"valueRequired\":true,\"valueName\":\"search_term_string\"}}],\"inLanguage\":\"pl-PL\"},{\"@type\":\"Organization\",\"@id\":\"https:\\\/\\\/wobronietradycjiiwiary.com\\\/pl\\\/#organization\",\"name\":\"Tradycja i Wiara\",\"url\":\"https:\\\/\\\/wobronietradycjiiwiary.com\\\/pl\\\/\",\"logo\":{\"@type\":\"ImageObject\",\"inLanguage\":\"pl-PL\",\"@id\":\"https:\\\/\\\/wobronietradycjiiwiary.com\\\/pl\\\/#\\\/schema\\\/logo\\\/image\\\/\",\"url\":\"https:\\\/\\\/i0.wp.com\\\/wobronietradycjiiwiary.com\\\/wp-content\\\/uploads\\\/2015\\\/10\\\/cropped-st-peters-dome-vatican.jpg?fit=940%2C198&ssl=1\",\"contentUrl\":\"https:\\\/\\\/i0.wp.com\\\/wobronietradycjiiwiary.com\\\/wp-content\\\/uploads\\\/2015\\\/10\\\/cropped-st-peters-dome-vatican.jpg?fit=940%2C198&ssl=1\",\"width\":940,\"height\":198,\"caption\":\"Tradycja i Wiara\"},\"image\":{\"@id\":\"https:\\\/\\\/wobronietradycjiiwiary.com\\\/pl\\\/#\\\/schema\\\/logo\\\/image\\\/\"},\"sameAs\":[\"https:\\\/\\\/www.facebook.com\\\/Tradycja-i-Wiara-108813920592249\"]},{\"@type\":\"Person\",\"@id\":\"https:\\\/\\\/wobronietradycjiiwiary.com\\\/pl\\\/#\\\/schema\\\/person\\\/f63e6405621f929c17a9c191b8d16b9d\",\"name\":\"Prospector Veritatis\",\"url\":\"https:\\\/\\\/wobronietradycjiiwiary.com\\\/pl\\\/author\\\/prospectorveritatis\\\/\"}]}<\/script>\n<!-- \/ Yoast SEO plugin. -->","yoast_head_json":{"title":"Poulain SJ: II. Og\u00f3lne poj\u0119cia o mistycznym zjednoczeniu. Rozdzia\u0142 VI. Druga zasadnicza cecha zjednoczenia mistycznego: wewn\u0119trzne posiadanie Boga; spos\u00f3b, w jaki si\u0119 je odczuwa (151) - Tradycja i Wiara","robots":{"index":"index","follow":"follow","max-snippet":"max-snippet:-1","max-image-preview":"max-image-preview:large","max-video-preview":"max-video-preview:-1"},"canonical":"https:\/\/wobronietradycjiiwiary.com\/pl\/poulain-sj-ii-ogolne-pojecia-o-mistycznym-zjednoczeniu-rozdzial-vi-druga-zasadnicza-cecha-zjednoczenia-mistycznego-wewnetrzne-posiadanie-boga-sposob-w-jaki-sie-je-odczuwa-151\/","og_locale":"pl_PL","og_type":"article","og_title":"Poulain SJ: II. Og\u00f3lne poj\u0119cia o mistycznym zjednoczeniu. Rozdzia\u0142 VI. Druga zasadnicza cecha zjednoczenia mistycznego: wewn\u0119trzne posiadanie Boga; spos\u00f3b, w jaki si\u0119 je odczuwa (151) - Tradycja i Wiara","og_description":"Kiedy mowa o widzeniu, s\u0142yszeniu czy dotyku nie chodzi o doznanie fizyczne, a akt intelektualny, duchowy.","og_url":"https:\/\/wobronietradycjiiwiary.com\/pl\/poulain-sj-ii-ogolne-pojecia-o-mistycznym-zjednoczeniu-rozdzial-vi-druga-zasadnicza-cecha-zjednoczenia-mistycznego-wewnetrzne-posiadanie-boga-sposob-w-jaki-sie-je-odczuwa-151\/","og_site_name":"Tradycja i Wiara","article_publisher":"https:\/\/www.facebook.com\/Tradycja-i-Wiara-108813920592249","article_published_time":"2022-08-12T06:00:00+00:00","article_modified_time":"2025-02-07T14:46:16+00:00","og_image":[{"width":1139,"height":1539,"url":"https:\/\/i0.wp.com\/wobronietradycjiiwiary.com\/wp-content\/uploads\/2019\/10\/peter-paul-rubens-die-wunder-des-hl-ignatius-von-loyola.jpg?fit=1139%2C1539&ssl=1","type":"image\/jpeg"}],"author":"Prospector Veritatis","twitter_card":"summary_large_image","twitter_misc":{"Napisane przez":"Prospector Veritatis","Szacowany czas czytania":"5 minut"},"schema":{"@context":"https:\/\/schema.org","@graph":[{"@type":"Article","@id":"https:\/\/wobronietradycjiiwiary.com\/poulain-sj-ii-ogolne-pojecia-o-mistycznym-zjednoczeniu-rozdzial-vi-druga-zasadnicza-cecha-zjednoczenia-mistycznego-wewnetrzne-posiadanie-boga-sposob-w-jaki-sie-je-odczuwa-151\/#article","isPartOf":{"@id":"https:\/\/wobronietradycjiiwiary.com\/poulain-sj-ii-ogolne-pojecia-o-mistycznym-zjednoczeniu-rozdzial-vi-druga-zasadnicza-cecha-zjednoczenia-mistycznego-wewnetrzne-posiadanie-boga-sposob-w-jaki-sie-je-odczuwa-151\/"},"author":{"name":"Prospector Veritatis","@id":"https:\/\/wobronietradycjiiwiary.com\/pl\/#\/schema\/person\/f63e6405621f929c17a9c191b8d16b9d"},"headline":"Poulain SJ: II. Og\u00f3lne poj\u0119cia o mistycznym zjednoczeniu. Rozdzia\u0142 VI. Druga zasadnicza cecha zjednoczenia mistycznego: wewn\u0119trzne posiadanie Boga; spos\u00f3b, w jaki si\u0119 je odczuwa (151)","datePublished":"2022-08-12T06:00:00+00:00","dateModified":"2025-02-07T14:46:16+00:00","mainEntityOfPage":{"@id":"https:\/\/wobronietradycjiiwiary.com\/poulain-sj-ii-ogolne-pojecia-o-mistycznym-zjednoczeniu-rozdzial-vi-druga-zasadnicza-cecha-zjednoczenia-mistycznego-wewnetrzne-posiadanie-boga-sposob-w-jaki-sie-je-odczuwa-151\/"},"wordCount":894,"commentCount":0,"publisher":{"@id":"https:\/\/wobronietradycjiiwiary.com\/pl\/#organization"},"image":{"@id":"https:\/\/wobronietradycjiiwiary.com\/poulain-sj-ii-ogolne-pojecia-o-mistycznym-zjednoczeniu-rozdzial-vi-druga-zasadnicza-cecha-zjednoczenia-mistycznego-wewnetrzne-posiadanie-boga-sposob-w-jaki-sie-je-odczuwa-151\/#primaryimage"},"thumbnailUrl":"https:\/\/wobronietradycjiiwiary.com\/wp-content\/uploads\/2019\/10\/peter-paul-rubens-die-wunder-des-hl-ignatius-von-loyola.jpg","keywords":["Restricted"],"articleSection":["Duchowo\u015b\u0107","o. Augustin Poulain SJ - \"\u0141aski modlitwy w Chrystusie Odkupicielu\""],"inLanguage":"pl-PL","potentialAction":[{"@type":"CommentAction","name":"Comment","target":["https:\/\/wobronietradycjiiwiary.com\/poulain-sj-ii-ogolne-pojecia-o-mistycznym-zjednoczeniu-rozdzial-vi-druga-zasadnicza-cecha-zjednoczenia-mistycznego-wewnetrzne-posiadanie-boga-sposob-w-jaki-sie-je-odczuwa-151\/#respond"]}]},{"@type":"WebPage","@id":"https:\/\/wobronietradycjiiwiary.com\/poulain-sj-ii-ogolne-pojecia-o-mistycznym-zjednoczeniu-rozdzial-vi-druga-zasadnicza-cecha-zjednoczenia-mistycznego-wewnetrzne-posiadanie-boga-sposob-w-jaki-sie-je-odczuwa-151\/","url":"https:\/\/wobronietradycjiiwiary.com\/poulain-sj-ii-ogolne-pojecia-o-mistycznym-zjednoczeniu-rozdzial-vi-druga-zasadnicza-cecha-zjednoczenia-mistycznego-wewnetrzne-posiadanie-boga-sposob-w-jaki-sie-je-odczuwa-151\/","name":"Poulain SJ: II. Og\u00f3lne poj\u0119cia o mistycznym zjednoczeniu. Rozdzia\u0142 VI. Druga zasadnicza cecha zjednoczenia mistycznego: wewn\u0119trzne posiadanie Boga; spos\u00f3b, w jaki si\u0119 je odczuwa (151) - Tradycja i Wiara","isPartOf":{"@id":"https:\/\/wobronietradycjiiwiary.com\/pl\/#website"},"primaryImageOfPage":{"@id":"https:\/\/wobronietradycjiiwiary.com\/poulain-sj-ii-ogolne-pojecia-o-mistycznym-zjednoczeniu-rozdzial-vi-druga-zasadnicza-cecha-zjednoczenia-mistycznego-wewnetrzne-posiadanie-boga-sposob-w-jaki-sie-je-odczuwa-151\/#primaryimage"},"image":{"@id":"https:\/\/wobronietradycjiiwiary.com\/poulain-sj-ii-ogolne-pojecia-o-mistycznym-zjednoczeniu-rozdzial-vi-druga-zasadnicza-cecha-zjednoczenia-mistycznego-wewnetrzne-posiadanie-boga-sposob-w-jaki-sie-je-odczuwa-151\/#primaryimage"},"thumbnailUrl":"https:\/\/wobronietradycjiiwiary.com\/wp-content\/uploads\/2019\/10\/peter-paul-rubens-die-wunder-des-hl-ignatius-von-loyola.jpg","datePublished":"2022-08-12T06:00:00+00:00","dateModified":"2025-02-07T14:46:16+00:00","breadcrumb":{"@id":"https:\/\/wobronietradycjiiwiary.com\/poulain-sj-ii-ogolne-pojecia-o-mistycznym-zjednoczeniu-rozdzial-vi-druga-zasadnicza-cecha-zjednoczenia-mistycznego-wewnetrzne-posiadanie-boga-sposob-w-jaki-sie-je-odczuwa-151\/#breadcrumb"},"inLanguage":"pl-PL","potentialAction":[{"@type":"ReadAction","target":["https:\/\/wobronietradycjiiwiary.com\/poulain-sj-ii-ogolne-pojecia-o-mistycznym-zjednoczeniu-rozdzial-vi-druga-zasadnicza-cecha-zjednoczenia-mistycznego-wewnetrzne-posiadanie-boga-sposob-w-jaki-sie-je-odczuwa-151\/"]}]},{"@type":"ImageObject","inLanguage":"pl-PL","@id":"https:\/\/wobronietradycjiiwiary.com\/poulain-sj-ii-ogolne-pojecia-o-mistycznym-zjednoczeniu-rozdzial-vi-druga-zasadnicza-cecha-zjednoczenia-mistycznego-wewnetrzne-posiadanie-boga-sposob-w-jaki-sie-je-odczuwa-151\/#primaryimage","url":"https:\/\/wobronietradycjiiwiary.com\/wp-content\/uploads\/2019\/10\/peter-paul-rubens-die-wunder-des-hl-ignatius-von-loyola.jpg","contentUrl":"https:\/\/wobronietradycjiiwiary.com\/wp-content\/uploads\/2019\/10\/peter-paul-rubens-die-wunder-des-hl-ignatius-von-loyola.jpg","width":1139,"height":1539},{"@type":"BreadcrumbList","@id":"https:\/\/wobronietradycjiiwiary.com\/poulain-sj-ii-ogolne-pojecia-o-mistycznym-zjednoczeniu-rozdzial-vi-druga-zasadnicza-cecha-zjednoczenia-mistycznego-wewnetrzne-posiadanie-boga-sposob-w-jaki-sie-je-odczuwa-151\/#breadcrumb","itemListElement":[{"@type":"ListItem","position":1,"name":"Strona g\u0142\u00f3wna","item":"https:\/\/wobronietradycjiiwiary.com\/"},{"@type":"ListItem","position":2,"name":"Poulain SJ: II. Og\u00f3lne poj\u0119cia o mistycznym zjednoczeniu. Rozdzia\u0142 VI. Druga zasadnicza cecha zjednoczenia mistycznego: wewn\u0119trzne posiadanie Boga; spos\u00f3b, w jaki si\u0119 je odczuwa (151)"}]},{"@type":"WebSite","@id":"https:\/\/wobronietradycjiiwiary.com\/pl\/#website","url":"https:\/\/wobronietradycjiiwiary.com\/pl\/","name":"Tradycja i Wiara","description":"Portal dla katolik\u00f3w.","publisher":{"@id":"https:\/\/wobronietradycjiiwiary.com\/pl\/#organization"},"potentialAction":[{"@type":"SearchAction","target":{"@type":"EntryPoint","urlTemplate":"https:\/\/wobronietradycjiiwiary.com\/pl\/?s={search_term_string}"},"query-input":{"@type":"PropertyValueSpecification","valueRequired":true,"valueName":"search_term_string"}}],"inLanguage":"pl-PL"},{"@type":"Organization","@id":"https:\/\/wobronietradycjiiwiary.com\/pl\/#organization","name":"Tradycja i Wiara","url":"https:\/\/wobronietradycjiiwiary.com\/pl\/","logo":{"@type":"ImageObject","inLanguage":"pl-PL","@id":"https:\/\/wobronietradycjiiwiary.com\/pl\/#\/schema\/logo\/image\/","url":"https:\/\/i0.wp.com\/wobronietradycjiiwiary.com\/wp-content\/uploads\/2015\/10\/cropped-st-peters-dome-vatican.jpg?fit=940%2C198&ssl=1","contentUrl":"https:\/\/i0.wp.com\/wobronietradycjiiwiary.com\/wp-content\/uploads\/2015\/10\/cropped-st-peters-dome-vatican.jpg?fit=940%2C198&ssl=1","width":940,"height":198,"caption":"Tradycja i Wiara"},"image":{"@id":"https:\/\/wobronietradycjiiwiary.com\/pl\/#\/schema\/logo\/image\/"},"sameAs":["https:\/\/www.facebook.com\/Tradycja-i-Wiara-108813920592249"]},{"@type":"Person","@id":"https:\/\/wobronietradycjiiwiary.com\/pl\/#\/schema\/person\/f63e6405621f929c17a9c191b8d16b9d","name":"Prospector Veritatis","url":"https:\/\/wobronietradycjiiwiary.com\/pl\/author\/prospectorveritatis\/"}]}},"jetpack_publicize_connections":[],"jetpack_sharing_enabled":true,"jetpack_likes_enabled":true,"jetpack_shortlink":"https:\/\/wp.me\/pc04Sd-ird","jetpack-related-posts":[{"id":105222,"url":"https:\/\/wobronietradycjiiwiary.com\/pl\/poulain-sj-v-proby-zsylane-przez-boga-kontemplatykom-rozdzial-xxiv-istoty-i-rodzaje-prob-67-%c2%a7-6-opetanie-diabelskie-i-2\/","url_meta":{"origin":70879,"position":0},"title":"Poulain SJ: V. Pr\u00f3by zsy\u0142ane przez Boga kontemplatykom. Rozdzia\u0142 XXIV. Istoty i rodzaje pr\u00f3b (68). \u00a7 6. Op\u0119tanie diabelskie (I)","author":"Prospector Veritatis","date":"3 pa\u017adziernika 2019","format":false,"excerpt":"Opr\u00f3cz zwyk\u0142ych rodzaj\u00f3w pr\u00f3b Szatan mo\u017ce si\u0119 pos\u0142u\u017cy\u0107 r\u00f3wnie\u017c bezpo\u015brednimi atakami, takimi jak op\u0119tanie i osaczenie. Jak si\u0119 okazuje, pierwsze z nich s\u0142u\u017cy najcz\u0119\u015bciej jako kara za grzech, za\u015b osaczenie jest zsy\u0142ane na osoby gorliwe, \u017ceby mia\u0142y one szanse na oczyszczenie si\u0119 ju\u017c na ziemi oraz zdobycie wi\u0119kszej ilo\u015bci zas\u0142ug.\u2026","rel":"","context":"W \u201eAutorzy \u017cycia duchowego&quot;","block_context":{"text":"Autorzy \u017cycia duchowego","link":"https:\/\/wobronietradycjiiwiary.com\/pl\/category\/duchowosc\/autorzy\/"},"img":{"alt_text":"","src":"https:\/\/i0.wp.com\/wobronietradycjiiwiary.com\/wp-content\/uploads\/2019\/10\/peter-paul-rubens-die-wunder-des-hl-ignatius-von-loyola.jpg?resize=350%2C200&ssl=1","width":350,"height":200,"srcset":"https:\/\/i0.wp.com\/wobronietradycjiiwiary.com\/wp-content\/uploads\/2019\/10\/peter-paul-rubens-die-wunder-des-hl-ignatius-von-loyola.jpg?resize=350%2C200&ssl=1 1x, https:\/\/i0.wp.com\/wobronietradycjiiwiary.com\/wp-content\/uploads\/2019\/10\/peter-paul-rubens-die-wunder-des-hl-ignatius-von-loyola.jpg?resize=525%2C300&ssl=1 1.5x, https:\/\/i0.wp.com\/wobronietradycjiiwiary.com\/wp-content\/uploads\/2019\/10\/peter-paul-rubens-die-wunder-des-hl-ignatius-von-loyola.jpg?resize=700%2C400&ssl=1 2x, https:\/\/i0.wp.com\/wobronietradycjiiwiary.com\/wp-content\/uploads\/2019\/10\/peter-paul-rubens-die-wunder-des-hl-ignatius-von-loyola.jpg?resize=1050%2C600&ssl=1 3x"},"classes":[]},{"id":108762,"url":"https:\/\/wobronietradycjiiwiary.com\/pl\/poulain-sj-iii-szczegolowy-rozbior-kazdego-stopnia-mistycznego-zjednoczenia-rozdzial-xix-malzenstwo-duchowe-czwarty-i-ostatni-etap-mistycznego-zjednoczenia-221\/","url_meta":{"origin":70879,"position":1},"title":"Poulain SJ: III. Szczeg\u00f3\u0142owy rozbi\u00f3r ka\u017cdego stopnia\u00a0mistycznego zjednoczenia. Rozdzia\u0142 XIX. Ma\u0142\u017ce\u0144stwo duchowe, czwarty i ostatni etap mistycznego zjednoczenia (221)","author":"Prospector Veritatis","date":"15 grudnia 2023","format":false,"excerpt":"W stanie nadprzyrodzonym, jakim jest ma\u0142\u017ce\u0144stwo duchowe, dusza ma tak przemienione w\u0142adze wy\u017csze, \u017ce wie do\u015bwiadcza \u017cycia Boga. \u017beby to zrozumie\u0107 dok\u0142adnie trzeba tego do\u015bwiadczy\u0107, czyli dosta\u0107 si\u0119 do nieba lub mie\u0107 nadprzyrodzon\u0105 \u0142ask\u0119 od Boga. Na to pierwszy mamy wp\u0142yw zatem do dzie\u0142a i \u017cyjmy tak, by Bogu si\u0119\u2026","rel":"","context":"W \u201eAutorzy \u017cycia duchowego&quot;","block_context":{"text":"Autorzy \u017cycia duchowego","link":"https:\/\/wobronietradycjiiwiary.com\/pl\/category\/duchowosc\/autorzy\/"},"img":{"alt_text":"","src":"https:\/\/i0.wp.com\/wobronietradycjiiwiary.com\/wp-content\/uploads\/2019\/10\/peter-paul-rubens-die-wunder-des-hl-ignatius-von-loyola.jpg?resize=350%2C200&ssl=1","width":350,"height":200,"srcset":"https:\/\/i0.wp.com\/wobronietradycjiiwiary.com\/wp-content\/uploads\/2019\/10\/peter-paul-rubens-die-wunder-des-hl-ignatius-von-loyola.jpg?resize=350%2C200&ssl=1 1x, https:\/\/i0.wp.com\/wobronietradycjiiwiary.com\/wp-content\/uploads\/2019\/10\/peter-paul-rubens-die-wunder-des-hl-ignatius-von-loyola.jpg?resize=525%2C300&ssl=1 1.5x, https:\/\/i0.wp.com\/wobronietradycjiiwiary.com\/wp-content\/uploads\/2019\/10\/peter-paul-rubens-die-wunder-des-hl-ignatius-von-loyola.jpg?resize=700%2C400&ssl=1 2x, https:\/\/i0.wp.com\/wobronietradycjiiwiary.com\/wp-content\/uploads\/2019\/10\/peter-paul-rubens-die-wunder-des-hl-ignatius-von-loyola.jpg?resize=1050%2C600&ssl=1 3x"},"classes":[]},{"id":108234,"url":"https:\/\/wobronietradycjiiwiary.com\/pl\/poulain-sj-iii-szczegolowy-rozbior-kazdego-stopnia-mistycznego-zjednoczenia-rozdzial-xix-malzenstwo-duchowe-czwarty-i-ostatni-etap-mistycznego-zjednoczenia-220\/","url_meta":{"origin":70879,"position":2},"title":"Poulain SJ: III. Szczeg\u00f3\u0142owy rozbi\u00f3r ka\u017cdego stopnia\u00a0mistycznego zjednoczenia. Rozdzia\u0142 XIX. Ma\u0142\u017ce\u0144stwo duchowe, czwarty i ostatni etap mistycznego zjednoczenia (220)","author":"Prospector Veritatis","date":"8 grudnia 2023","format":false,"excerpt":"Czy ma\u0142\u017ce\u0144stwo duchowe uwalnia od pokus? Nie, dop\u00f3ki \u017cyjemy pokusy b\u0119d\u0105 nas pr\u00f3bowa\u0142y. Jednak sama dusza b\u0119dzie trwa\u0107 w pokoju, pomimo cierpie\u0144 jakich b\u0119dzie do\u015bwiadcza\u0107 oraz odczuwania coraz wi\u0119kszego rozdzia\u0142u zachodz\u0105cego mi\u0119dzy dusz\u0105 i cia\u0142em.","rel":"","context":"W \u201eAutorzy \u017cycia duchowego&quot;","block_context":{"text":"Autorzy \u017cycia duchowego","link":"https:\/\/wobronietradycjiiwiary.com\/pl\/category\/duchowosc\/autorzy\/"},"img":{"alt_text":"","src":"https:\/\/i0.wp.com\/wobronietradycjiiwiary.com\/wp-content\/uploads\/2019\/10\/peter-paul-rubens-die-wunder-des-hl-ignatius-von-loyola.jpg?resize=350%2C200&ssl=1","width":350,"height":200,"srcset":"https:\/\/i0.wp.com\/wobronietradycjiiwiary.com\/wp-content\/uploads\/2019\/10\/peter-paul-rubens-die-wunder-des-hl-ignatius-von-loyola.jpg?resize=350%2C200&ssl=1 1x, https:\/\/i0.wp.com\/wobronietradycjiiwiary.com\/wp-content\/uploads\/2019\/10\/peter-paul-rubens-die-wunder-des-hl-ignatius-von-loyola.jpg?resize=525%2C300&ssl=1 1.5x, https:\/\/i0.wp.com\/wobronietradycjiiwiary.com\/wp-content\/uploads\/2019\/10\/peter-paul-rubens-die-wunder-des-hl-ignatius-von-loyola.jpg?resize=700%2C400&ssl=1 2x, https:\/\/i0.wp.com\/wobronietradycjiiwiary.com\/wp-content\/uploads\/2019\/10\/peter-paul-rubens-die-wunder-des-hl-ignatius-von-loyola.jpg?resize=1050%2C600&ssl=1 3x"},"classes":[]},{"id":106656,"url":"https:\/\/wobronietradycjiiwiary.com\/pl\/poulain-sj-iii-szczegolowy-rozbior-kazdego-stopnia-mistycznego-zjednoczenia-rozdzial-xvii-szczegoly-dotyczace-zjednoczenia-pelnego-czyli-drugiego-etapu-mistycznego-zjednoczenia-ekstaza-czy-6\/","url_meta":{"origin":70879,"position":3},"title":"Poulain SJ: III. Szczeg\u00f3\u0142owy rozbi\u00f3r ka\u017cdego stopnia\u00a0mistycznego zjednoczenia. Rozdzia\u0142 XVIII. Ekstaza, czyli trzeci etap mistycznego zjednoczenia. Wypowiedzi mistrz\u00f3w \u017cycia wewn\u0119trznego (218) \u00a7 5. Zdania mistyk\u00f3w o sposobie, w jaki widzi si\u0119 Boga","author":"Prospector Veritatis","date":"17 listopada 2023","format":false,"excerpt":"Wed\u0142ug mistyk\u00f3w w trakcie ekstazy widzi Boga, jednak wzrokiem, kt\u00f3ry jest dany od Boga. Dzi\u0119ki temu s\u0105 w stanie po prostu widzie\u0107 Boga. Na ziemi tego, co \u015bwi\u0119ci widzieli i widz\u0105 w Niebie mo\u017cemy nie rozumie\u0107, jednak mi\u0142o\u015b\u0107 i ich nieustanne starania, na ziemi jak zaparcie si\u0119 siebie czy m\u0119cze\u0144stwo\u2026","rel":"","context":"W \u201eAutorzy \u017cycia duchowego&quot;","block_context":{"text":"Autorzy \u017cycia duchowego","link":"https:\/\/wobronietradycjiiwiary.com\/pl\/category\/duchowosc\/autorzy\/"},"img":{"alt_text":"","src":"https:\/\/i0.wp.com\/wobronietradycjiiwiary.com\/wp-content\/uploads\/2019\/10\/peter-paul-rubens-die-wunder-des-hl-ignatius-von-loyola.jpg?resize=350%2C200&ssl=1","width":350,"height":200,"srcset":"https:\/\/i0.wp.com\/wobronietradycjiiwiary.com\/wp-content\/uploads\/2019\/10\/peter-paul-rubens-die-wunder-des-hl-ignatius-von-loyola.jpg?resize=350%2C200&ssl=1 1x, https:\/\/i0.wp.com\/wobronietradycjiiwiary.com\/wp-content\/uploads\/2019\/10\/peter-paul-rubens-die-wunder-des-hl-ignatius-von-loyola.jpg?resize=525%2C300&ssl=1 1.5x, https:\/\/i0.wp.com\/wobronietradycjiiwiary.com\/wp-content\/uploads\/2019\/10\/peter-paul-rubens-die-wunder-des-hl-ignatius-von-loyola.jpg?resize=700%2C400&ssl=1 2x, https:\/\/i0.wp.com\/wobronietradycjiiwiary.com\/wp-content\/uploads\/2019\/10\/peter-paul-rubens-die-wunder-des-hl-ignatius-von-loyola.jpg?resize=1050%2C600&ssl=1 3x"},"classes":[]},{"id":104215,"url":"https:\/\/wobronietradycjiiwiary.com\/pl\/poulain-sj-iii-szczegolowy-rozbior-kazdego-stopnia-mistycznego-zjednoczenia-rozdzial-xvii-szczegoly-dotyczace-zjednoczenia-pelnego-czyli-drugiego-etapu-mistycznego-zjednoczenia-ekstaza-czy-2\/","url_meta":{"origin":70879,"position":4},"title":"Poulain SJ: III. Szczeg\u00f3\u0142owy rozbi\u00f3r ka\u017cdego stopnia\u00a0mistycznego zjednoczenia. Rozdzia\u0142 XVIII. Ekstaza, czyli trzeci etap mistycznego zjednoczenia (211) \u00a7 2. Co si\u0119 dzieje w duszy podczas ekstazy? (II)","author":"Prospector Veritatis","date":"29 wrze\u015bnia 2023","format":false,"excerpt":"Im ja\u015bniej widzi si\u0119 Boga, tym bardziej widoczny staje si\u0119 w\u0142asny grzech i niedoskona\u0142o\u015b\u0107. Widok taki jest \u0142ask\u0105, poniewa\u017c daje nam szanse zobaczy\u0107, gdzie powinny\u015bmy si\u0119 poprawi\u0107.","rel":"","context":"W \u201eAutorzy \u017cycia duchowego&quot;","block_context":{"text":"Autorzy \u017cycia duchowego","link":"https:\/\/wobronietradycjiiwiary.com\/pl\/category\/duchowosc\/autorzy\/"},"img":{"alt_text":"","src":"https:\/\/i0.wp.com\/wobronietradycjiiwiary.com\/wp-content\/uploads\/2019\/08\/peter-paul-rubens-die-wunder-des-hl-ignatius-von-loyola.jpg?resize=350%2C200&ssl=1","width":350,"height":200,"srcset":"https:\/\/i0.wp.com\/wobronietradycjiiwiary.com\/wp-content\/uploads\/2019\/08\/peter-paul-rubens-die-wunder-des-hl-ignatius-von-loyola.jpg?resize=350%2C200&ssl=1 1x, https:\/\/i0.wp.com\/wobronietradycjiiwiary.com\/wp-content\/uploads\/2019\/08\/peter-paul-rubens-die-wunder-des-hl-ignatius-von-loyola.jpg?resize=525%2C300&ssl=1 1.5x, https:\/\/i0.wp.com\/wobronietradycjiiwiary.com\/wp-content\/uploads\/2019\/08\/peter-paul-rubens-die-wunder-des-hl-ignatius-von-loyola.jpg?resize=700%2C400&ssl=1 2x, https:\/\/i0.wp.com\/wobronietradycjiiwiary.com\/wp-content\/uploads\/2019\/08\/peter-paul-rubens-die-wunder-des-hl-ignatius-von-loyola.jpg?resize=1050%2C600&ssl=1 3x"},"classes":[]},{"id":105219,"url":"https:\/\/wobronietradycjiiwiary.com\/pl\/poulain-sj-v-proby-zsylane-przez-boga-kontemplatykom-rozdzial-xxiv-istoty-i-rodzaje-prob-70-%c2%a7-6-opetanie-diabelskie-iv-2\/","url_meta":{"origin":70879,"position":5},"title":"Poulain SJ: V. Pr\u00f3by zsy\u0142ane przez Boga kontemplatykom. Rozdzia\u0142 XXIV. Istoty i rodzaje pr\u00f3b (71). \u00a7 6. Op\u0119tanie diabelskie (IV)","author":"Prospector Veritatis","date":"3 pa\u017adziernika 2019","format":false,"excerpt":"69. Rytua\u0142 wymienia znaki dzia\u0142ania szata\u0144skiego w osobie \u015bwiadomej lub nie\u015bwiadomej swoich czyn\u00f3w. S\u0105 trzy rodzaje tych wskaza\u0144; pierwsze dwa nale\u017c\u0105 do moralnego porz\u0105dku. Mianowicie: wymawianie w nieznanym j\u0119zyku d\u0142u\u017cszych zda\u0144 nie wyuczonych na pami\u0119\u0107, albo rozumienie m\u00f3wi\u0105cych takim j\u0119zykiem, wyjawianie rzeczy odleg\u0142ych lub ukrytych (zw\u0142aszcza gdy chodzi o zdarzenia\u2026","rel":"","context":"W \u201eAutorzy \u017cycia duchowego&quot;","block_context":{"text":"Autorzy \u017cycia duchowego","link":"https:\/\/wobronietradycjiiwiary.com\/pl\/category\/duchowosc\/autorzy\/"},"img":{"alt_text":"","src":"https:\/\/i0.wp.com\/wobronietradycjiiwiary.com\/wp-content\/uploads\/2019\/10\/peter-paul-rubens-die-wunder-des-hl-ignatius-von-loyola.jpg?resize=350%2C200&ssl=1","width":350,"height":200,"srcset":"https:\/\/i0.wp.com\/wobronietradycjiiwiary.com\/wp-content\/uploads\/2019\/10\/peter-paul-rubens-die-wunder-des-hl-ignatius-von-loyola.jpg?resize=350%2C200&ssl=1 1x, https:\/\/i0.wp.com\/wobronietradycjiiwiary.com\/wp-content\/uploads\/2019\/10\/peter-paul-rubens-die-wunder-des-hl-ignatius-von-loyola.jpg?resize=525%2C300&ssl=1 1.5x, https:\/\/i0.wp.com\/wobronietradycjiiwiary.com\/wp-content\/uploads\/2019\/10\/peter-paul-rubens-die-wunder-des-hl-ignatius-von-loyola.jpg?resize=700%2C400&ssl=1 2x, https:\/\/i0.wp.com\/wobronietradycjiiwiary.com\/wp-content\/uploads\/2019\/10\/peter-paul-rubens-die-wunder-des-hl-ignatius-von-loyola.jpg?resize=1050%2C600&ssl=1 3x"},"classes":[]}],"amp_enabled":true,"jetpack_featured_media_url":"https:\/\/wobronietradycjiiwiary.com\/wp-content\/uploads\/2019\/10\/peter-paul-rubens-die-wunder-des-hl-ignatius-von-loyola.jpg","_links":{"self":[{"href":"https:\/\/wobronietradycjiiwiary.com\/pl\/wp-json\/wp\/v2\/posts\/70879","targetHints":{"allow":["GET"]}}],"collection":[{"href":"https:\/\/wobronietradycjiiwiary.com\/pl\/wp-json\/wp\/v2\/posts"}],"about":[{"href":"https:\/\/wobronietradycjiiwiary.com\/pl\/wp-json\/wp\/v2\/types\/post"}],"author":[{"embeddable":true,"href":"https:\/\/wobronietradycjiiwiary.com\/pl\/wp-json\/wp\/v2\/users\/119394846"}],"replies":[{"embeddable":true,"href":"https:\/\/wobronietradycjiiwiary.com\/pl\/wp-json\/wp\/v2\/comments?post=70879"}],"version-history":[{"count":6,"href":"https:\/\/wobronietradycjiiwiary.com\/pl\/wp-json\/wp\/v2\/posts\/70879\/revisions"}],"predecessor-version":[{"id":70921,"href":"https:\/\/wobronietradycjiiwiary.com\/pl\/wp-json\/wp\/v2\/posts\/70879\/revisions\/70921"}],"wp:featuredmedia":[{"embeddable":true,"href":"https:\/\/wobronietradycjiiwiary.com\/pl\/wp-json\/wp\/v2\/media\/23108"}],"wp:attachment":[{"href":"https:\/\/wobronietradycjiiwiary.com\/pl\/wp-json\/wp\/v2\/media?parent=70879"}],"wp:term":[{"taxonomy":"category","embeddable":true,"href":"https:\/\/wobronietradycjiiwiary.com\/pl\/wp-json\/wp\/v2\/categories?post=70879"},{"taxonomy":"post_tag","embeddable":true,"href":"https:\/\/wobronietradycjiiwiary.com\/pl\/wp-json\/wp\/v2\/tags?post=70879"}],"curies":[{"name":"wp","href":"https:\/\/api.w.org\/{rel}","templated":true}]}}