{"id":69891,"date":"2022-05-11T13:30:57","date_gmt":"2022-05-11T11:30:57","guid":{"rendered":"https:\/\/wobronietradycjiiwiary.com\/?p=69891"},"modified":"2025-02-07T15:39:34","modified_gmt":"2025-02-07T14:39:34","slug":"kard-gousset-traktat-of-prawach-32-o-prawach-boskich-iii-prawo-naturalne","status":"publish","type":"post","link":"https:\/\/wobronietradycjiiwiary.com\/pl\/kard-gousset-traktat-of-prawach-32-o-prawach-boskich-iii-prawo-naturalne\/","title":{"rendered":"Kard. Gousset, Traktat o prawach. (32) O prawach boskich (iii) Prawo naturalne"},"content":{"rendered":"<div id=\"bsf_rt_marker\"><\/div><p>Czas lektury: 2 minuty Pytanie o znajomo\u015b\u0107 prawa naturalnego wi\u0105\u017ce si\u0119 z pytaniem o niepokonywaln\u0105 ignorancj\u0119 (ignorantia invincibilis) i zwi\u0105zan\u0105&hellip;<\/p>\n<div style=\"text-align: center\">\n<p>&nbsp;<\/p>\n<\/div>\n<h2 style=\"border: 5px solid #0000A0;padding: 1em;text-align: center\"><span style=\"color: #000000\">Pe\u0142en dost\u0119p dla <span style=\"color: #00ccff\"><a style=\"color: #00ccff\" href=\"https:\/\/wobronietradycjiiwiary.com\/subskrypcje-2\/\" target=\"_blank\" rel=\"noopener\">subskrybent\u00f3w<\/a><\/span>.<\/span><br \/>\n<span style=\"color: #3366ff\"><a style=\"color: #3366ff\" href=\"https:\/\/wobronietradycjiiwiary.com\/account\/login\/\" target=\"_blank\" rel=\"noopener\"><span style=\"color: #00ccff\">Zaloguj<\/span><\/a> <\/span>si\u0119 lub przejd\u017a do <a href=\"https:\/\/wobronietradycjiiwiary.com\/register\/\"><span style=\"color: #3366ff\">Rejestracji<\/span><\/a>.<\/h2>\n<div>\n<p style=\"text-align: center\"><a href=\"https:\/\/wobronietradycjiiwiary.com\/pl\/subskrypcje-2\/cennik\/\" target=\"_blank\" rel=\"noopener\"><span style=\"color: #000080;font-size: 24pt\"><strong>Nowe ni\u017csze ceny<\/strong><\/span><\/a><\/p>\n<p style=\"text-align: center\"><strong><span style=\"font-size: 18pt;color: #000080\">P\u0142atno\u015b\u0107 kart\u0105<\/span><\/strong><\/p>\n<\/div>\n<h3 style=\"text-align: center\"><a href=\"https:\/\/wobronietradycjiiwiary.com\/pl\/subskrypcje-2\/automatyczne\/indywidualne\/\" target=\"_blank\" rel=\"noopener\"><img fetchpriority=\"high\" decoding=\"async\" class=\"alignnone size-medium wp-image-80433\" src=\"https:\/\/wobronietradycjiiwiary.com\/wp-content\/uploads\/2022\/11\/Unbenannt-1-Online-1-300x202.jpg\" alt=\"\" width=\"300\" height=\"202\" srcset=\"https:\/\/wobronietradycjiiwiary.com\/wp-content\/uploads\/2022\/11\/Unbenannt-1-Online-1-300x202.jpg 300w, https:\/\/wobronietradycjiiwiary.com\/wp-content\/uploads\/2022\/11\/Unbenannt-1-Online-1-150x101.jpg 150w, https:\/\/wobronietradycjiiwiary.com\/wp-content\/uploads\/2022\/11\/Unbenannt-1-Online-1-18x12.jpg 18w, https:\/\/wobronietradycjiiwiary.com\/wp-content\/uploads\/2022\/11\/Unbenannt-1-Online-1.jpg 446w\" sizes=\"(max-width: 300px) 100vw, 300px\" \/><\/a><\/h3>\n<p style=\"text-align: center\"><strong><span style=\"font-size: 18pt;color: #000080\">P\u0142atno\u015b\u0107 przelewem<\/span><\/strong><\/p>\n<p><a href=\"https:\/\/wobronietradycjiiwiary.com\/pl\/subskrypcje-2\/automatyczne\/indywidualne\/\" target=\"_blank\" rel=\"noopener\"><img decoding=\"async\" class=\"size-medium wp-image-80434 aligncenter\" src=\"https:\/\/wobronietradycjiiwiary.com\/wp-content\/uploads\/2022\/11\/Unbenannt-1-Przelewem-300x137.jpg\" alt=\"\" width=\"300\" height=\"137\" srcset=\"https:\/\/wobronietradycjiiwiary.com\/wp-content\/uploads\/2022\/11\/Unbenannt-1-Przelewem-300x137.jpg 300w, https:\/\/wobronietradycjiiwiary.com\/wp-content\/uploads\/2022\/11\/Unbenannt-1-Przelewem-450x206.jpg 450w, https:\/\/wobronietradycjiiwiary.com\/wp-content\/uploads\/2022\/11\/Unbenannt-1-Przelewem-600x274.jpg 600w, https:\/\/wobronietradycjiiwiary.com\/wp-content\/uploads\/2022\/11\/Unbenannt-1-Przelewem-150x69.jpg 150w, https:\/\/wobronietradycjiiwiary.com\/wp-content\/uploads\/2022\/11\/Unbenannt-1-Przelewem-18x8.jpg 18w, https:\/\/wobronietradycjiiwiary.com\/wp-content\/uploads\/2022\/11\/Unbenannt-1-Przelewem.jpg 676w\" sizes=\"(max-width: 300px) 100vw, 300px\" \/><\/a><\/p>\n<p style=\"text-align: center\"><strong><span style=\"font-size: 18pt;color: #000080\">P\u0142atno\u015b\u0107 kart\u0105 do 6 os\u00f3b<\/span><\/strong><\/p>\n<p><a href=\"https:\/\/wobronietradycjiiwiary.com\/pl\/rodzinne\/\" target=\"_blank\" rel=\"noopener\"><img decoding=\"async\" class=\"size-medium wp-image-80435 aligncenter\" src=\"https:\/\/wobronietradycjiiwiary.com\/wp-content\/uploads\/2022\/11\/Unbenannt-1-Rodzinna-300x208.jpg\" alt=\"\" width=\"300\" height=\"208\" srcset=\"https:\/\/wobronietradycjiiwiary.com\/wp-content\/uploads\/2022\/11\/Unbenannt-1-Rodzinna-300x208.jpg 300w, https:\/\/wobronietradycjiiwiary.com\/wp-content\/uploads\/2022\/11\/Unbenannt-1-Rodzinna-150x104.jpg 150w, https:\/\/wobronietradycjiiwiary.com\/wp-content\/uploads\/2022\/11\/Unbenannt-1-Rodzinna-18x12.jpg 18w, https:\/\/wobronietradycjiiwiary.com\/wp-content\/uploads\/2022\/11\/Unbenannt-1-Rodzinna.jpg 448w\" sizes=\"(max-width: 300px) 100vw, 300px\" \/><\/a><\/p>\n<h3 style=\"text-align: center\"><\/h3>\n<h1 style=\"text-align: center\"><\/h1>\n","protected":false},"excerpt":{"rendered":"<p>O tym, \u017ce prawo naturalne nie jest wystarczaj\u0105ce do zbawienia.<\/p>\n","protected":false},"author":60508433,"featured_media":3792,"comment_status":"open","ping_status":"open","sticky":false,"template":"","format":"standard","meta":{"_bbp_topic_count":0,"_bbp_reply_count":0,"_bbp_total_topic_count":0,"_bbp_total_reply_count":0,"_bbp_voice_count":0,"_bbp_anonymous_reply_count":0,"_bbp_topic_count_hidden":0,"_bbp_reply_count_hidden":0,"_bbp_forum_subforum_count":0,"_editorskit_title_hidden":false,"_editorskit_reading_time":2,"_editorskit_is_block_options_detached":false,"_editorskit_block_options_position":"{}","_coblocks_attr":"","_coblocks_dimensions":"","_coblocks_responsive_height":"","_coblocks_accordion_ie_support":"","_exactmetrics_skip_tracking":false,"_jetpack_newsletter_access":"","_jetpack_dont_email_post_to_subs":false,"_jetpack_newsletter_tier_id":0,"_jetpack_memberships_contains_paywalled_content":false,"_wpcom_ai_launchpad_first_post":false,"_jetpack_feature_clip_id":0,"_jetpack_memberships_contains_paid_content":false,"footnotes":"","jetpack_publicize_message":"{title}\n\n{excerpt}\n\n{url}","jetpack_publicize_feature_enabled":true,"jetpack_social_post_already_shared":true,"jetpack_social_options":{"image_generator_settings":{"template":"highway","default_image_id":0,"font":"","enabled":false},"version":2},"_wpas_customize_per_network":false,"jetpack_post_was_ever_published":false},"categories":[610131185,610132962,40321200],"tags":[610132133],"class_list":["post-69891","post","type-post","status-publish","format-standard","has-post-thumbnail","hentry","category-doktryna","category-podrecznik-teologii-moralnej","category-teologia-moralna","tag-restricted"],"yoast_head":"<!-- This site is optimized with the Yoast SEO plugin v28.3 - https:\/\/yoast.com\/product\/yoast-seo-wordpress\/ -->\n<title>Kard. Gousset, Traktat o prawach. (32) O prawach boskich (iii) Prawo naturalne - Tradycja i Wiara<\/title>\n<meta name=\"robots\" content=\"index, follow, max-snippet:-1, max-image-preview:large, max-video-preview:-1\" \/>\n<link rel=\"canonical\" href=\"https:\/\/wobronietradycjiiwiary.com\/pl\/kard-gousset-traktat-of-prawach-32-o-prawach-boskich-iii-prawo-naturalne\/\" \/>\n<meta property=\"og:locale\" content=\"pl_PL\" \/>\n<meta property=\"og:type\" content=\"article\" \/>\n<meta property=\"og:title\" content=\"Kard. Gousset, Traktat o prawach. (32) O prawach boskich (iii) Prawo naturalne - Tradycja i Wiara\" \/>\n<meta property=\"og:description\" content=\"O tym, \u017ce prawo naturalne nie jest wystarczaj\u0105ce do zbawienia.\" \/>\n<meta property=\"og:url\" content=\"https:\/\/wobronietradycjiiwiary.com\/pl\/kard-gousset-traktat-of-prawach-32-o-prawach-boskich-iii-prawo-naturalne\/\" \/>\n<meta property=\"og:site_name\" content=\"Tradycja i Wiara\" \/>\n<meta property=\"article:publisher\" content=\"https:\/\/www.facebook.com\/Tradycja-i-Wiara-108813920592249\" \/>\n<meta property=\"article:published_time\" content=\"2022-05-11T11:30:57+00:00\" \/>\n<meta property=\"article:modified_time\" content=\"2025-02-07T14:39:34+00:00\" \/>\n<meta property=\"og:image\" content=\"https:\/\/i0.wp.com\/wobronietradycjiiwiary.com\/wp-content\/uploads\/2015\/02\/reims.jpg?fit=384%2C300&ssl=1\" \/>\n\t<meta property=\"og:image:width\" content=\"384\" \/>\n\t<meta property=\"og:image:height\" content=\"300\" \/>\n\t<meta property=\"og:image:type\" content=\"image\/jpeg\" \/>\n<meta name=\"author\" content=\"Traditio et Fides\" \/>\n<meta name=\"twitter:card\" content=\"summary_large_image\" \/>\n<meta name=\"twitter:label1\" content=\"Napisane przez\" \/>\n\t<meta name=\"twitter:data1\" content=\"Traditio et Fides\" \/>\n\t<meta name=\"twitter:label2\" content=\"Szacowany czas czytania\" \/>\n\t<meta name=\"twitter:data2\" content=\"4 minuty\" \/>\n<script type=\"application\/ld+json\" class=\"yoast-schema-graph\">{\"@context\":\"https:\\\/\\\/schema.org\",\"@graph\":[{\"@type\":\"Article\",\"@id\":\"https:\\\/\\\/wobronietradycjiiwiary.com\\\/kard-gousset-traktat-of-prawach-32-o-prawach-boskich-iii-prawo-naturalne\\\/#article\",\"isPartOf\":{\"@id\":\"https:\\\/\\\/wobronietradycjiiwiary.com\\\/kard-gousset-traktat-of-prawach-32-o-prawach-boskich-iii-prawo-naturalne\\\/\"},\"author\":{\"name\":\"Traditio et Fides\",\"@id\":\"https:\\\/\\\/wobronietradycjiiwiary.com\\\/pl\\\/#\\\/schema\\\/person\\\/2d6180ce6abcb681fef0daab7816e8f3\"},\"headline\":\"Kard. Gousset, Traktat o prawach. (32) O prawach boskich (iii) Prawo naturalne\",\"datePublished\":\"2022-05-11T11:30:57+00:00\",\"dateModified\":\"2025-02-07T14:39:34+00:00\",\"mainEntityOfPage\":{\"@id\":\"https:\\\/\\\/wobronietradycjiiwiary.com\\\/kard-gousset-traktat-of-prawach-32-o-prawach-boskich-iii-prawo-naturalne\\\/\"},\"wordCount\":679,\"commentCount\":0,\"publisher\":{\"@id\":\"https:\\\/\\\/wobronietradycjiiwiary.com\\\/pl\\\/#organization\"},\"image\":{\"@id\":\"https:\\\/\\\/wobronietradycjiiwiary.com\\\/kard-gousset-traktat-of-prawach-32-o-prawach-boskich-iii-prawo-naturalne\\\/#primaryimage\"},\"thumbnailUrl\":\"https:\\\/\\\/wobronietradycjiiwiary.com\\\/wp-content\\\/uploads\\\/2015\\\/02\\\/reims.jpg\",\"keywords\":[\"Restricted\"],\"articleSection\":[\"Doktryna\",\"Podr\u0119cznik teologii moralnej\",\"Teologia moralna\"],\"inLanguage\":\"pl-PL\",\"potentialAction\":[{\"@type\":\"CommentAction\",\"name\":\"Comment\",\"target\":[\"https:\\\/\\\/wobronietradycjiiwiary.com\\\/kard-gousset-traktat-of-prawach-32-o-prawach-boskich-iii-prawo-naturalne\\\/#respond\"]}]},{\"@type\":\"WebPage\",\"@id\":\"https:\\\/\\\/wobronietradycjiiwiary.com\\\/kard-gousset-traktat-of-prawach-32-o-prawach-boskich-iii-prawo-naturalne\\\/\",\"url\":\"https:\\\/\\\/wobronietradycjiiwiary.com\\\/kard-gousset-traktat-of-prawach-32-o-prawach-boskich-iii-prawo-naturalne\\\/\",\"name\":\"Kard. Gousset, Traktat o prawach. (32) O prawach boskich (iii) Prawo naturalne - Tradycja i Wiara\",\"isPartOf\":{\"@id\":\"https:\\\/\\\/wobronietradycjiiwiary.com\\\/pl\\\/#website\"},\"primaryImageOfPage\":{\"@id\":\"https:\\\/\\\/wobronietradycjiiwiary.com\\\/kard-gousset-traktat-of-prawach-32-o-prawach-boskich-iii-prawo-naturalne\\\/#primaryimage\"},\"image\":{\"@id\":\"https:\\\/\\\/wobronietradycjiiwiary.com\\\/kard-gousset-traktat-of-prawach-32-o-prawach-boskich-iii-prawo-naturalne\\\/#primaryimage\"},\"thumbnailUrl\":\"https:\\\/\\\/wobronietradycjiiwiary.com\\\/wp-content\\\/uploads\\\/2015\\\/02\\\/reims.jpg\",\"datePublished\":\"2022-05-11T11:30:57+00:00\",\"dateModified\":\"2025-02-07T14:39:34+00:00\",\"breadcrumb\":{\"@id\":\"https:\\\/\\\/wobronietradycjiiwiary.com\\\/kard-gousset-traktat-of-prawach-32-o-prawach-boskich-iii-prawo-naturalne\\\/#breadcrumb\"},\"inLanguage\":\"pl-PL\",\"potentialAction\":[{\"@type\":\"ReadAction\",\"target\":[\"https:\\\/\\\/wobronietradycjiiwiary.com\\\/kard-gousset-traktat-of-prawach-32-o-prawach-boskich-iii-prawo-naturalne\\\/\"]}]},{\"@type\":\"ImageObject\",\"inLanguage\":\"pl-PL\",\"@id\":\"https:\\\/\\\/wobronietradycjiiwiary.com\\\/kard-gousset-traktat-of-prawach-32-o-prawach-boskich-iii-prawo-naturalne\\\/#primaryimage\",\"url\":\"https:\\\/\\\/wobronietradycjiiwiary.com\\\/wp-content\\\/uploads\\\/2015\\\/02\\\/reims.jpg\",\"contentUrl\":\"https:\\\/\\\/wobronietradycjiiwiary.com\\\/wp-content\\\/uploads\\\/2015\\\/02\\\/reims.jpg\",\"width\":384,\"height\":300},{\"@type\":\"BreadcrumbList\",\"@id\":\"https:\\\/\\\/wobronietradycjiiwiary.com\\\/kard-gousset-traktat-of-prawach-32-o-prawach-boskich-iii-prawo-naturalne\\\/#breadcrumb\",\"itemListElement\":[{\"@type\":\"ListItem\",\"position\":1,\"name\":\"Strona g\u0142\u00f3wna\",\"item\":\"https:\\\/\\\/wobronietradycjiiwiary.com\\\/\"},{\"@type\":\"ListItem\",\"position\":2,\"name\":\"Kard. Gousset, Traktat o prawach. (32) O prawach boskich (iii) Prawo naturalne\"}]},{\"@type\":\"WebSite\",\"@id\":\"https:\\\/\\\/wobronietradycjiiwiary.com\\\/pl\\\/#website\",\"url\":\"https:\\\/\\\/wobronietradycjiiwiary.com\\\/pl\\\/\",\"name\":\"Tradycja i Wiara\",\"description\":\"Portal dla katolik\u00f3w.\",\"publisher\":{\"@id\":\"https:\\\/\\\/wobronietradycjiiwiary.com\\\/pl\\\/#organization\"},\"potentialAction\":[{\"@type\":\"SearchAction\",\"target\":{\"@type\":\"EntryPoint\",\"urlTemplate\":\"https:\\\/\\\/wobronietradycjiiwiary.com\\\/pl\\\/?s={search_term_string}\"},\"query-input\":{\"@type\":\"PropertyValueSpecification\",\"valueRequired\":true,\"valueName\":\"search_term_string\"}}],\"inLanguage\":\"pl-PL\"},{\"@type\":\"Organization\",\"@id\":\"https:\\\/\\\/wobronietradycjiiwiary.com\\\/pl\\\/#organization\",\"name\":\"Tradycja i Wiara\",\"url\":\"https:\\\/\\\/wobronietradycjiiwiary.com\\\/pl\\\/\",\"logo\":{\"@type\":\"ImageObject\",\"inLanguage\":\"pl-PL\",\"@id\":\"https:\\\/\\\/wobronietradycjiiwiary.com\\\/pl\\\/#\\\/schema\\\/logo\\\/image\\\/\",\"url\":\"https:\\\/\\\/i0.wp.com\\\/wobronietradycjiiwiary.com\\\/wp-content\\\/uploads\\\/2015\\\/10\\\/cropped-st-peters-dome-vatican.jpg?fit=940%2C198&ssl=1\",\"contentUrl\":\"https:\\\/\\\/i0.wp.com\\\/wobronietradycjiiwiary.com\\\/wp-content\\\/uploads\\\/2015\\\/10\\\/cropped-st-peters-dome-vatican.jpg?fit=940%2C198&ssl=1\",\"width\":940,\"height\":198,\"caption\":\"Tradycja i Wiara\"},\"image\":{\"@id\":\"https:\\\/\\\/wobronietradycjiiwiary.com\\\/pl\\\/#\\\/schema\\\/logo\\\/image\\\/\"},\"sameAs\":[\"https:\\\/\\\/www.facebook.com\\\/Tradycja-i-Wiara-108813920592249\"]},{\"@type\":\"Person\",\"@id\":\"https:\\\/\\\/wobronietradycjiiwiary.com\\\/pl\\\/#\\\/schema\\\/person\\\/2d6180ce6abcb681fef0daab7816e8f3\",\"name\":\"Traditio et Fides\",\"sameAs\":[\"https:\\\/\\\/traditionundglauben.com\"],\"url\":\"https:\\\/\\\/wobronietradycjiiwiary.com\\\/pl\\\/author\\\/wobronietradycjiiwiary\\\/\"}]}<\/script>\n<!-- \/ Yoast SEO plugin. -->","yoast_head_json":{"title":"Kard. Gousset, Traktat o prawach. (32) O prawach boskich (iii) Prawo naturalne - Tradycja i Wiara","robots":{"index":"index","follow":"follow","max-snippet":"max-snippet:-1","max-image-preview":"max-image-preview:large","max-video-preview":"max-video-preview:-1"},"canonical":"https:\/\/wobronietradycjiiwiary.com\/pl\/kard-gousset-traktat-of-prawach-32-o-prawach-boskich-iii-prawo-naturalne\/","og_locale":"pl_PL","og_type":"article","og_title":"Kard. Gousset, Traktat o prawach. (32) O prawach boskich (iii) Prawo naturalne - Tradycja i Wiara","og_description":"O tym, \u017ce prawo naturalne nie jest wystarczaj\u0105ce do zbawienia.","og_url":"https:\/\/wobronietradycjiiwiary.com\/pl\/kard-gousset-traktat-of-prawach-32-o-prawach-boskich-iii-prawo-naturalne\/","og_site_name":"Tradycja i Wiara","article_publisher":"https:\/\/www.facebook.com\/Tradycja-i-Wiara-108813920592249","article_published_time":"2022-05-11T11:30:57+00:00","article_modified_time":"2025-02-07T14:39:34+00:00","og_image":[{"width":384,"height":300,"url":"https:\/\/i0.wp.com\/wobronietradycjiiwiary.com\/wp-content\/uploads\/2015\/02\/reims.jpg?fit=384%2C300&ssl=1","type":"image\/jpeg"}],"author":"Traditio et Fides","twitter_card":"summary_large_image","twitter_misc":{"Napisane przez":"Traditio et Fides","Szacowany czas czytania":"4 minuty"},"schema":{"@context":"https:\/\/schema.org","@graph":[{"@type":"Article","@id":"https:\/\/wobronietradycjiiwiary.com\/kard-gousset-traktat-of-prawach-32-o-prawach-boskich-iii-prawo-naturalne\/#article","isPartOf":{"@id":"https:\/\/wobronietradycjiiwiary.com\/kard-gousset-traktat-of-prawach-32-o-prawach-boskich-iii-prawo-naturalne\/"},"author":{"name":"Traditio et Fides","@id":"https:\/\/wobronietradycjiiwiary.com\/pl\/#\/schema\/person\/2d6180ce6abcb681fef0daab7816e8f3"},"headline":"Kard. Gousset, Traktat o prawach. (32) O prawach boskich (iii) Prawo naturalne","datePublished":"2022-05-11T11:30:57+00:00","dateModified":"2025-02-07T14:39:34+00:00","mainEntityOfPage":{"@id":"https:\/\/wobronietradycjiiwiary.com\/kard-gousset-traktat-of-prawach-32-o-prawach-boskich-iii-prawo-naturalne\/"},"wordCount":679,"commentCount":0,"publisher":{"@id":"https:\/\/wobronietradycjiiwiary.com\/pl\/#organization"},"image":{"@id":"https:\/\/wobronietradycjiiwiary.com\/kard-gousset-traktat-of-prawach-32-o-prawach-boskich-iii-prawo-naturalne\/#primaryimage"},"thumbnailUrl":"https:\/\/wobronietradycjiiwiary.com\/wp-content\/uploads\/2015\/02\/reims.jpg","keywords":["Restricted"],"articleSection":["Doktryna","Podr\u0119cznik teologii moralnej","Teologia moralna"],"inLanguage":"pl-PL","potentialAction":[{"@type":"CommentAction","name":"Comment","target":["https:\/\/wobronietradycjiiwiary.com\/kard-gousset-traktat-of-prawach-32-o-prawach-boskich-iii-prawo-naturalne\/#respond"]}]},{"@type":"WebPage","@id":"https:\/\/wobronietradycjiiwiary.com\/kard-gousset-traktat-of-prawach-32-o-prawach-boskich-iii-prawo-naturalne\/","url":"https:\/\/wobronietradycjiiwiary.com\/kard-gousset-traktat-of-prawach-32-o-prawach-boskich-iii-prawo-naturalne\/","name":"Kard. Gousset, Traktat o prawach. (32) O prawach boskich (iii) Prawo naturalne - Tradycja i Wiara","isPartOf":{"@id":"https:\/\/wobronietradycjiiwiary.com\/pl\/#website"},"primaryImageOfPage":{"@id":"https:\/\/wobronietradycjiiwiary.com\/kard-gousset-traktat-of-prawach-32-o-prawach-boskich-iii-prawo-naturalne\/#primaryimage"},"image":{"@id":"https:\/\/wobronietradycjiiwiary.com\/kard-gousset-traktat-of-prawach-32-o-prawach-boskich-iii-prawo-naturalne\/#primaryimage"},"thumbnailUrl":"https:\/\/wobronietradycjiiwiary.com\/wp-content\/uploads\/2015\/02\/reims.jpg","datePublished":"2022-05-11T11:30:57+00:00","dateModified":"2025-02-07T14:39:34+00:00","breadcrumb":{"@id":"https:\/\/wobronietradycjiiwiary.com\/kard-gousset-traktat-of-prawach-32-o-prawach-boskich-iii-prawo-naturalne\/#breadcrumb"},"inLanguage":"pl-PL","potentialAction":[{"@type":"ReadAction","target":["https:\/\/wobronietradycjiiwiary.com\/kard-gousset-traktat-of-prawach-32-o-prawach-boskich-iii-prawo-naturalne\/"]}]},{"@type":"ImageObject","inLanguage":"pl-PL","@id":"https:\/\/wobronietradycjiiwiary.com\/kard-gousset-traktat-of-prawach-32-o-prawach-boskich-iii-prawo-naturalne\/#primaryimage","url":"https:\/\/wobronietradycjiiwiary.com\/wp-content\/uploads\/2015\/02\/reims.jpg","contentUrl":"https:\/\/wobronietradycjiiwiary.com\/wp-content\/uploads\/2015\/02\/reims.jpg","width":384,"height":300},{"@type":"BreadcrumbList","@id":"https:\/\/wobronietradycjiiwiary.com\/kard-gousset-traktat-of-prawach-32-o-prawach-boskich-iii-prawo-naturalne\/#breadcrumb","itemListElement":[{"@type":"ListItem","position":1,"name":"Strona g\u0142\u00f3wna","item":"https:\/\/wobronietradycjiiwiary.com\/"},{"@type":"ListItem","position":2,"name":"Kard. Gousset, Traktat o prawach. (32) O prawach boskich (iii) Prawo naturalne"}]},{"@type":"WebSite","@id":"https:\/\/wobronietradycjiiwiary.com\/pl\/#website","url":"https:\/\/wobronietradycjiiwiary.com\/pl\/","name":"Tradycja i Wiara","description":"Portal dla katolik\u00f3w.","publisher":{"@id":"https:\/\/wobronietradycjiiwiary.com\/pl\/#organization"},"potentialAction":[{"@type":"SearchAction","target":{"@type":"EntryPoint","urlTemplate":"https:\/\/wobronietradycjiiwiary.com\/pl\/?s={search_term_string}"},"query-input":{"@type":"PropertyValueSpecification","valueRequired":true,"valueName":"search_term_string"}}],"inLanguage":"pl-PL"},{"@type":"Organization","@id":"https:\/\/wobronietradycjiiwiary.com\/pl\/#organization","name":"Tradycja i Wiara","url":"https:\/\/wobronietradycjiiwiary.com\/pl\/","logo":{"@type":"ImageObject","inLanguage":"pl-PL","@id":"https:\/\/wobronietradycjiiwiary.com\/pl\/#\/schema\/logo\/image\/","url":"https:\/\/i0.wp.com\/wobronietradycjiiwiary.com\/wp-content\/uploads\/2015\/10\/cropped-st-peters-dome-vatican.jpg?fit=940%2C198&ssl=1","contentUrl":"https:\/\/i0.wp.com\/wobronietradycjiiwiary.com\/wp-content\/uploads\/2015\/10\/cropped-st-peters-dome-vatican.jpg?fit=940%2C198&ssl=1","width":940,"height":198,"caption":"Tradycja i Wiara"},"image":{"@id":"https:\/\/wobronietradycjiiwiary.com\/pl\/#\/schema\/logo\/image\/"},"sameAs":["https:\/\/www.facebook.com\/Tradycja-i-Wiara-108813920592249"]},{"@type":"Person","@id":"https:\/\/wobronietradycjiiwiary.com\/pl\/#\/schema\/person\/2d6180ce6abcb681fef0daab7816e8f3","name":"Traditio et Fides","sameAs":["https:\/\/traditionundglauben.com"],"url":"https:\/\/wobronietradycjiiwiary.com\/pl\/author\/wobronietradycjiiwiary\/"}]}},"jetpack_publicize_connections":[],"jetpack_sharing_enabled":true,"jetpack_likes_enabled":true,"jetpack_shortlink":"https:\/\/wp.me\/pc04Sd-ibh","jetpack-related-posts":[{"id":79755,"url":"https:\/\/wobronietradycjiiwiary.com\/pl\/kard-gousset-traktat-o-prawach-46-o-prawach-koscielnych-v-prawo-prawo-koscielne-i-sumienie\/","url_meta":{"origin":69891,"position":0},"title":"Kard. Gousset, Traktat o prawach. (46) O prawach ko\u015bcielnych (v) Prawo prawo ko\u015bcielne i sumienie","author":"Traditio et Fides","date":"26 pa\u017adziernika 2022","format":false,"excerpt":"Ko\u015bci\u00f3\u0142 nie ma prawa stanowi\u0107 o czynach czysto wewn\u0119trznych.","rel":"","context":"W \u201eDoktryna&quot;","block_context":{"text":"Doktryna","link":"https:\/\/wobronietradycjiiwiary.com\/pl\/category\/doktryna\/"},"img":{"alt_text":"","src":"https:\/\/i0.wp.com\/wobronietradycjiiwiary.com\/wp-content\/uploads\/2015\/02\/reims.jpg?resize=350%2C200&ssl=1","width":350,"height":200},"classes":[]},{"id":81797,"url":"https:\/\/wobronietradycjiiwiary.com\/pl\/kard-gousset-traktat-o-prawach-49-o-prawach-koscielnych-viii-prawo-ludzkie-obowiazuje-w-sumieniu\/","url_meta":{"origin":69891,"position":1},"title":"Kard. Gousset, Traktat o prawach. (49) O prawach ko\u015bcielnych (viii) Prawo ludzkie obowi\u0105zuje w sumieniu","author":"Traditio et Fides","date":"23 listopada 2022","format":false,"excerpt":"Prawo \u015bwieckie obowi\u0105zuje w sumieniu.","rel":"","context":"W \u201eDoktryna&quot;","block_context":{"text":"Doktryna","link":"https:\/\/wobronietradycjiiwiary.com\/pl\/category\/doktryna\/"},"img":{"alt_text":"","src":"https:\/\/i0.wp.com\/wobronietradycjiiwiary.com\/wp-content\/uploads\/2015\/02\/reims.jpg?resize=350%2C200&ssl=1","width":350,"height":200},"classes":[]},{"id":82702,"url":"https:\/\/wobronietradycjiiwiary.com\/pl\/kard-gousset-traktat-o-prawach-53-o-prawach-koscielnych-xii-zwyczaj-uswiecony-przez-prawodawce\/","url_meta":{"origin":69891,"position":2},"title":"Kard. Gousset, Traktat o prawach. (53) O prawach ko\u015bcielnych (xii) Zwyczaj u\u015bwi\u0119cony przez prawodawc\u0119","author":"Traditio et Fides","date":"21 grudnia 2022","format":false,"excerpt":"O tym, czy warto zamienia\u0107 zwyczaj w prawo ko\u015bcielne.","rel":"","context":"W \u201eDoktryna&quot;","block_context":{"text":"Doktryna","link":"https:\/\/wobronietradycjiiwiary.com\/pl\/category\/doktryna\/"},"img":{"alt_text":"","src":"https:\/\/i0.wp.com\/wobronietradycjiiwiary.com\/wp-content\/uploads\/2015\/02\/reims.jpg?resize=350%2C200&ssl=1","width":350,"height":200},"classes":[]},{"id":74327,"url":"https:\/\/wobronietradycjiiwiary.com\/pl\/kard-gousset-traktat-o-prawach-43-o-prawach-koscielnych-i-promulgacja-prawa\/","url_meta":{"origin":69891,"position":3},"title":"Kard. Gousset, Traktat o prawach. (43) O prawach ko\u015bcielnych (i) Promulgacja prawa","author":"Traditio et Fides","date":"3 sierpnia 2022","format":false,"excerpt":"O promulgacji prawa kanonicznego i legalnych mo\u017cliwo\u015bciach obej\u015bcia go.","rel":"","context":"W \u201eDoktryna&quot;","block_context":{"text":"Doktryna","link":"https:\/\/wobronietradycjiiwiary.com\/pl\/category\/doktryna\/"},"img":{"alt_text":"","src":"https:\/\/i0.wp.com\/wobronietradycjiiwiary.com\/wp-content\/uploads\/2015\/02\/reims.jpg?resize=350%2C200&ssl=1","width":350,"height":200},"classes":[]},{"id":97628,"url":"https:\/\/wobronietradycjiiwiary.com\/pl\/kard-gousset-traktat-o-prawach-70-kto-podlega-prawom-vii-podrozni\/","url_meta":{"origin":69891,"position":4},"title":"Kard. Gousset, Traktat o prawach. (70) Kto podlega prawom (vii). Podr\u00f3\u017cni","author":"Traditio et Fides","date":"26 lipca 2023","format":false,"excerpt":"O tym, czy prawo og\u00f3lne przebija prawo partykularne czy te\u017c jest odwrotnie.","rel":"","context":"W \u201eDoktryna&quot;","block_context":{"text":"Doktryna","link":"https:\/\/wobronietradycjiiwiary.com\/pl\/category\/doktryna\/"},"img":{"alt_text":"","src":"https:\/\/i0.wp.com\/wobronietradycjiiwiary.com\/wp-content\/uploads\/2015\/02\/reims.jpg?resize=350%2C200&ssl=1","width":350,"height":200},"classes":[]},{"id":81025,"url":"https:\/\/wobronietradycjiiwiary.com\/pl\/kard-gousset-traktat-o-prawach-47-o-prawach-koscielnych-vi-o-obowiazywalnosci-prawa-cywilnego\/","url_meta":{"origin":69891,"position":5},"title":"Kard. Gousset, Traktat o prawach. (47) O prawach ko\u015bcielnych (vi) O obowi\u0105zywalno\u015bci prawa cywilnego","author":"Traditio et Fides","date":"9 listopada 2022","format":false,"excerpt":"O tym, \u017ce prawo cywilne obowi\u0105zuje pod grzechem.","rel":"","context":"W \u201eDoktryna&quot;","block_context":{"text":"Doktryna","link":"https:\/\/wobronietradycjiiwiary.com\/pl\/category\/doktryna\/"},"img":{"alt_text":"","src":"https:\/\/i0.wp.com\/wobronietradycjiiwiary.com\/wp-content\/uploads\/2015\/02\/reims.jpg?resize=350%2C200&ssl=1","width":350,"height":200},"classes":[]}],"amp_enabled":true,"jetpack_featured_media_url":"https:\/\/wobronietradycjiiwiary.com\/wp-content\/uploads\/2015\/02\/reims.jpg","_links":{"self":[{"href":"https:\/\/wobronietradycjiiwiary.com\/pl\/wp-json\/wp\/v2\/posts\/69891","targetHints":{"allow":["GET"]}}],"collection":[{"href":"https:\/\/wobronietradycjiiwiary.com\/pl\/wp-json\/wp\/v2\/posts"}],"about":[{"href":"https:\/\/wobronietradycjiiwiary.com\/pl\/wp-json\/wp\/v2\/types\/post"}],"author":[{"embeddable":true,"href":"https:\/\/wobronietradycjiiwiary.com\/pl\/wp-json\/wp\/v2\/users\/60508433"}],"replies":[{"embeddable":true,"href":"https:\/\/wobronietradycjiiwiary.com\/pl\/wp-json\/wp\/v2\/comments?post=69891"}],"version-history":[{"count":16,"href":"https:\/\/wobronietradycjiiwiary.com\/pl\/wp-json\/wp\/v2\/posts\/69891\/revisions"}],"predecessor-version":[{"id":69915,"href":"https:\/\/wobronietradycjiiwiary.com\/pl\/wp-json\/wp\/v2\/posts\/69891\/revisions\/69915"}],"wp:featuredmedia":[{"embeddable":true,"href":"https:\/\/wobronietradycjiiwiary.com\/pl\/wp-json\/wp\/v2\/media\/3792"}],"wp:attachment":[{"href":"https:\/\/wobronietradycjiiwiary.com\/pl\/wp-json\/wp\/v2\/media?parent=69891"}],"wp:term":[{"taxonomy":"category","embeddable":true,"href":"https:\/\/wobronietradycjiiwiary.com\/pl\/wp-json\/wp\/v2\/categories?post=69891"},{"taxonomy":"post_tag","embeddable":true,"href":"https:\/\/wobronietradycjiiwiary.com\/pl\/wp-json\/wp\/v2\/tags?post=69891"}],"curies":[{"name":"wp","href":"https:\/\/api.w.org\/{rel}","templated":true}]}}