{"id":679,"date":"2014-02-27T16:45:46","date_gmt":"2014-02-27T15:45:46","guid":{"rendered":"https:\/\/wobronietradycjiiwiary.com\/?p=679"},"modified":"2025-02-07T15:52:36","modified_gmt":"2025-02-07T14:52:36","slug":"ks-bp-andrzej-siemieniewski-ogien-w-kosciele-geneza-i-analiza-odnowy-charyzmatycznej-cz-2","status":"publish","type":"post","link":"https:\/\/wobronietradycjiiwiary.com\/pl\/ks-bp-andrzej-siemieniewski-ogien-w-kosciele-geneza-i-analiza-odnowy-charyzmatycznej-cz-2\/","title":{"rendered":"Ks.Bp. Andrzej Siemieniewski &#8220;ogie\u0144 w Ko\u015bciele&#8221; &#8211; geneza i analiza Odnowy Charyzmatycznej (2 z 2)"},"content":{"rendered":"<div id=\"bsf_rt_marker\"><\/div><p>\u201eMistyka chciwo\u015bci&#8221; i \u201egrzech ub\u00f3stwa&#8221; Szczeg\u00f3lnie przygn\u0119biaj\u0105cym w\u0105tkiem prosperity Gospel jest systematycznie prowadzone religijne oszustwo i wyzysk \u0142atwowiernych wyznawc\u00f3w pentekostalnego&hellip;<\/p>\n<div style=\"text-align: center\">\n<p>&nbsp;<\/p>\n<\/div>\n<h2 style=\"border: 5px solid #0000A0;padding: 1em;text-align: center\"><span style=\"color: #000000\">Pe\u0142en dost\u0119p dla <span style=\"color: #00ccff\"><a style=\"color: #00ccff\" href=\"https:\/\/wobronietradycjiiwiary.com\/subskrypcje-2\/\" target=\"_blank\" rel=\"noopener\">subskrybent\u00f3w<\/a><\/span>.<\/span><br \/>\n<span style=\"color: #3366ff\"><a style=\"color: #3366ff\" href=\"https:\/\/wobronietradycjiiwiary.com\/account\/login\/\" target=\"_blank\" rel=\"noopener\"><span style=\"color: #00ccff\">Zaloguj<\/span><\/a> <\/span>si\u0119 lub przejd\u017a do <a href=\"https:\/\/wobronietradycjiiwiary.com\/register\/\"><span style=\"color: #3366ff\">Rejestracji<\/span><\/a>.<\/h2>\n<div>\n<p style=\"text-align: center\"><a href=\"https:\/\/wobronietradycjiiwiary.com\/pl\/subskrypcje-2\/cennik\/\" target=\"_blank\" rel=\"noopener\"><span style=\"color: #000080;font-size: 24pt\"><strong>Nowe ni\u017csze ceny<\/strong><\/span><\/a><\/p>\n<p style=\"text-align: center\"><strong><span style=\"font-size: 18pt;color: #000080\">P\u0142atno\u015b\u0107 kart\u0105<\/span><\/strong><\/p>\n<\/div>\n<h3 style=\"text-align: center\"><a href=\"https:\/\/wobronietradycjiiwiary.com\/pl\/subskrypcje-2\/automatyczne\/indywidualne\/\" target=\"_blank\" rel=\"noopener\"><img fetchpriority=\"high\" decoding=\"async\" class=\"alignnone size-medium wp-image-80433\" src=\"https:\/\/wobronietradycjiiwiary.com\/wp-content\/uploads\/2022\/11\/Unbenannt-1-Online-1-300x202.jpg\" alt=\"\" width=\"300\" height=\"202\" srcset=\"https:\/\/wobronietradycjiiwiary.com\/wp-content\/uploads\/2022\/11\/Unbenannt-1-Online-1-300x202.jpg 300w, https:\/\/wobronietradycjiiwiary.com\/wp-content\/uploads\/2022\/11\/Unbenannt-1-Online-1-150x101.jpg 150w, https:\/\/wobronietradycjiiwiary.com\/wp-content\/uploads\/2022\/11\/Unbenannt-1-Online-1-18x12.jpg 18w, https:\/\/wobronietradycjiiwiary.com\/wp-content\/uploads\/2022\/11\/Unbenannt-1-Online-1.jpg 446w\" sizes=\"(max-width: 300px) 100vw, 300px\" \/><\/a><\/h3>\n<p style=\"text-align: center\"><strong><span style=\"font-size: 18pt;color: #000080\">P\u0142atno\u015b\u0107 przelewem<\/span><\/strong><\/p>\n<p><a href=\"https:\/\/wobronietradycjiiwiary.com\/pl\/subskrypcje-2\/automatyczne\/indywidualne\/\" target=\"_blank\" rel=\"noopener\"><img decoding=\"async\" class=\"size-medium wp-image-80434 aligncenter\" src=\"https:\/\/wobronietradycjiiwiary.com\/wp-content\/uploads\/2022\/11\/Unbenannt-1-Przelewem-300x137.jpg\" alt=\"\" width=\"300\" height=\"137\" srcset=\"https:\/\/wobronietradycjiiwiary.com\/wp-content\/uploads\/2022\/11\/Unbenannt-1-Przelewem-300x137.jpg 300w, https:\/\/wobronietradycjiiwiary.com\/wp-content\/uploads\/2022\/11\/Unbenannt-1-Przelewem-450x206.jpg 450w, https:\/\/wobronietradycjiiwiary.com\/wp-content\/uploads\/2022\/11\/Unbenannt-1-Przelewem-600x274.jpg 600w, https:\/\/wobronietradycjiiwiary.com\/wp-content\/uploads\/2022\/11\/Unbenannt-1-Przelewem-150x69.jpg 150w, https:\/\/wobronietradycjiiwiary.com\/wp-content\/uploads\/2022\/11\/Unbenannt-1-Przelewem-18x8.jpg 18w, https:\/\/wobronietradycjiiwiary.com\/wp-content\/uploads\/2022\/11\/Unbenannt-1-Przelewem.jpg 676w\" sizes=\"(max-width: 300px) 100vw, 300px\" \/><\/a><\/p>\n<p style=\"text-align: center\"><strong><span style=\"font-size: 18pt;color: #000080\">P\u0142atno\u015b\u0107 kart\u0105 do 6 os\u00f3b<\/span><\/strong><\/p>\n<p><a href=\"https:\/\/wobronietradycjiiwiary.com\/pl\/rodzinne\/\" target=\"_blank\" rel=\"noopener\"><img decoding=\"async\" class=\"size-medium wp-image-80435 aligncenter\" src=\"https:\/\/wobronietradycjiiwiary.com\/wp-content\/uploads\/2022\/11\/Unbenannt-1-Rodzinna-300x208.jpg\" alt=\"\" width=\"300\" height=\"208\" srcset=\"https:\/\/wobronietradycjiiwiary.com\/wp-content\/uploads\/2022\/11\/Unbenannt-1-Rodzinna-300x208.jpg 300w, https:\/\/wobronietradycjiiwiary.com\/wp-content\/uploads\/2022\/11\/Unbenannt-1-Rodzinna-150x104.jpg 150w, https:\/\/wobronietradycjiiwiary.com\/wp-content\/uploads\/2022\/11\/Unbenannt-1-Rodzinna-18x12.jpg 18w, https:\/\/wobronietradycjiiwiary.com\/wp-content\/uploads\/2022\/11\/Unbenannt-1-Rodzinna.jpg 448w\" sizes=\"(max-width: 300px) 100vw, 300px\" \/><\/a><\/p>\n<h3 style=\"text-align: center\"><\/h3>\n<h1 style=\"text-align: center\"><\/h1>\n","protected":false},"excerpt":{"rendered":"<p>Wart lektury cykl o protestanckich korzeniach katolickiego ruchu charyzmatycznego.<\/p>\n","protected":false},"author":60508433,"featured_media":27845,"comment_status":"closed","ping_status":"open","sticky":false,"template":"","format":"standard","meta":{"_bbp_topic_count":0,"_bbp_reply_count":0,"_bbp_total_topic_count":0,"_bbp_total_reply_count":0,"_bbp_voice_count":0,"_bbp_anonymous_reply_count":0,"_bbp_topic_count_hidden":0,"_bbp_reply_count_hidden":0,"_bbp_forum_subforum_count":0,"_editorskit_title_hidden":false,"_editorskit_reading_time":0,"_editorskit_is_block_options_detached":false,"_editorskit_block_options_position":"{}","_coblocks_attr":"","_coblocks_dimensions":"","_coblocks_responsive_height":"","_coblocks_accordion_ie_support":"","_exactmetrics_skip_tracking":false,"_jetpack_newsletter_access":"","_jetpack_dont_email_post_to_subs":false,"_jetpack_newsletter_tier_id":0,"_jetpack_memberships_contains_paywalled_content":false,"_wpcom_ai_launchpad_first_post":false,"_jetpack_feature_clip_id":0,"_jetpack_memberships_contains_paid_content":false,"footnotes":"","jetpack_publicize_message":"{title}\n\n{excerpt}\n\n{url}","jetpack_publicize_feature_enabled":true,"jetpack_social_post_already_shared":true,"jetpack_social_options":{"image_generator_settings":{"template":"highway","default_image_id":0,"font":"","enabled":false},"version":2},"_wpas_customize_per_network":false,"jetpack_post_was_ever_published":false},"categories":[89307400],"tags":[215928782,211523086,610132133],"class_list":["post-679","post","type-post","status-publish","format-standard","has-post-thumbnail","hentry","category-ruch-charyzmatyczny","tag-bp-a-siemieniewski","tag-odnowa-charyzmatyczna","tag-restricted"],"yoast_head":"<!-- This site is optimized with the Yoast SEO plugin v28.3 - https:\/\/yoast.com\/product\/yoast-seo-wordpress\/ -->\n<title>Ks.Bp. Andrzej Siemieniewski &quot;ogie\u0144 w Ko\u015bciele&quot; - geneza i analiza Odnowy Charyzmatycznej (2 z 2) - Tradycja i Wiara<\/title>\n<meta name=\"description\" content=\"Ks.Bp. Andrzej Siemieniewski &quot;ogie\u0144 w Ko\u015bciele&quot; - geneza i analiza Odnowy Charyzmatycznej (2 z 2) odnowa charyzmatyczna pentekostalizm\" \/>\n<meta name=\"robots\" content=\"index, follow, max-snippet:-1, max-image-preview:large, max-video-preview:-1\" \/>\n<link rel=\"canonical\" href=\"https:\/\/wobronietradycjiiwiary.com\/pl\/ks-bp-andrzej-siemieniewski-ogien-w-kosciele-geneza-i-analiza-odnowy-charyzmatycznej-cz-2\/\" \/>\n<meta property=\"og:locale\" content=\"pl_PL\" \/>\n<meta property=\"og:type\" content=\"article\" \/>\n<meta property=\"og:title\" content=\"Ks.Bp. Andrzej Siemieniewski &quot;ogie\u0144 w Ko\u015bciele&quot; - geneza i analiza Odnowy Charyzmatycznej (2 z 2) - Tradycja i Wiara\" \/>\n<meta property=\"og:description\" content=\"Ks.Bp. Andrzej Siemieniewski &quot;ogie\u0144 w Ko\u015bciele&quot; - geneza i analiza Odnowy Charyzmatycznej (2 z 2) odnowa charyzmatyczna pentekostalizm\" \/>\n<meta property=\"og:url\" content=\"https:\/\/wobronietradycjiiwiary.com\/pl\/ks-bp-andrzej-siemieniewski-ogien-w-kosciele-geneza-i-analiza-odnowy-charyzmatycznej-cz-2\/\" \/>\n<meta property=\"og:site_name\" content=\"Tradycja i Wiara\" \/>\n<meta property=\"article:publisher\" content=\"https:\/\/www.facebook.com\/Tradycja-i-Wiara-108813920592249\" \/>\n<meta property=\"article:published_time\" content=\"2014-02-27T15:45:46+00:00\" \/>\n<meta property=\"article:modified_time\" content=\"2025-02-07T14:52:36+00:00\" \/>\n<meta property=\"og:image\" content=\"https:\/\/wobronietradycjiiwiary.com\/wp-content\/uploads\/2014\/02\/pentecostes-elgreco.jpg\" \/>\n\t<meta property=\"og:image:width\" content=\"800\" \/>\n\t<meta property=\"og:image:height\" content=\"488\" \/>\n\t<meta property=\"og:image:type\" content=\"image\/jpeg\" \/>\n<meta name=\"author\" content=\"Traditio et Fides\" \/>\n<meta name=\"twitter:card\" content=\"summary_large_image\" \/>\n<meta name=\"twitter:label1\" content=\"Napisane przez\" \/>\n\t<meta name=\"twitter:data1\" content=\"Traditio et Fides\" \/>\n\t<meta name=\"twitter:label2\" content=\"Szacowany czas czytania\" \/>\n\t<meta name=\"twitter:data2\" content=\"17 minut\" \/>\n<script type=\"application\/ld+json\" class=\"yoast-schema-graph\">{\"@context\":\"https:\\\/\\\/schema.org\",\"@graph\":[{\"@type\":\"Article\",\"@id\":\"https:\\\/\\\/wobronietradycjiiwiary.com\\\/ks-bp-andrzej-siemieniewski-ogien-w-kosciele-geneza-i-analiza-odnowy-charyzmatycznej-cz-2\\\/#article\",\"isPartOf\":{\"@id\":\"https:\\\/\\\/wobronietradycjiiwiary.com\\\/ks-bp-andrzej-siemieniewski-ogien-w-kosciele-geneza-i-analiza-odnowy-charyzmatycznej-cz-2\\\/\"},\"author\":{\"name\":\"Traditio et Fides\",\"@id\":\"https:\\\/\\\/wobronietradycjiiwiary.com\\\/pl\\\/#\\\/schema\\\/person\\\/2d6180ce6abcb681fef0daab7816e8f3\"},\"headline\":\"Ks.Bp. Andrzej Siemieniewski &#8220;ogie\u0144 w Ko\u015bciele&#8221; &#8211; geneza i analiza Odnowy Charyzmatycznej (2 z 2)\",\"datePublished\":\"2014-02-27T15:45:46+00:00\",\"dateModified\":\"2025-02-07T14:52:36+00:00\",\"mainEntityOfPage\":{\"@id\":\"https:\\\/\\\/wobronietradycjiiwiary.com\\\/ks-bp-andrzej-siemieniewski-ogien-w-kosciele-geneza-i-analiza-odnowy-charyzmatycznej-cz-2\\\/\"},\"wordCount\":3349,\"publisher\":{\"@id\":\"https:\\\/\\\/wobronietradycjiiwiary.com\\\/pl\\\/#organization\"},\"image\":{\"@id\":\"https:\\\/\\\/wobronietradycjiiwiary.com\\\/ks-bp-andrzej-siemieniewski-ogien-w-kosciele-geneza-i-analiza-odnowy-charyzmatycznej-cz-2\\\/#primaryimage\"},\"thumbnailUrl\":\"https:\\\/\\\/wobronietradycjiiwiary.com\\\/wp-content\\\/uploads\\\/2014\\\/02\\\/pentecostes-elgreco.jpg\",\"keywords\":[\"Bp. A. Siemieniewski\",\"Odnowa charyzmatyczna\",\"Restricted\"],\"articleSection\":[\"Ruch charyzmatyczny\"],\"inLanguage\":\"pl-PL\"},{\"@type\":\"WebPage\",\"@id\":\"https:\\\/\\\/wobronietradycjiiwiary.com\\\/ks-bp-andrzej-siemieniewski-ogien-w-kosciele-geneza-i-analiza-odnowy-charyzmatycznej-cz-2\\\/\",\"url\":\"https:\\\/\\\/wobronietradycjiiwiary.com\\\/ks-bp-andrzej-siemieniewski-ogien-w-kosciele-geneza-i-analiza-odnowy-charyzmatycznej-cz-2\\\/\",\"name\":\"Ks.Bp. Andrzej Siemieniewski \\\"ogie\u0144 w Ko\u015bciele\\\" - geneza i analiza Odnowy Charyzmatycznej (2 z 2) - Tradycja i Wiara\",\"isPartOf\":{\"@id\":\"https:\\\/\\\/wobronietradycjiiwiary.com\\\/pl\\\/#website\"},\"primaryImageOfPage\":{\"@id\":\"https:\\\/\\\/wobronietradycjiiwiary.com\\\/ks-bp-andrzej-siemieniewski-ogien-w-kosciele-geneza-i-analiza-odnowy-charyzmatycznej-cz-2\\\/#primaryimage\"},\"image\":{\"@id\":\"https:\\\/\\\/wobronietradycjiiwiary.com\\\/ks-bp-andrzej-siemieniewski-ogien-w-kosciele-geneza-i-analiza-odnowy-charyzmatycznej-cz-2\\\/#primaryimage\"},\"thumbnailUrl\":\"https:\\\/\\\/wobronietradycjiiwiary.com\\\/wp-content\\\/uploads\\\/2014\\\/02\\\/pentecostes-elgreco.jpg\",\"datePublished\":\"2014-02-27T15:45:46+00:00\",\"dateModified\":\"2025-02-07T14:52:36+00:00\",\"description\":\"Ks.Bp. Andrzej Siemieniewski \\\"ogie\u0144 w Ko\u015bciele\\\" - geneza i analiza Odnowy Charyzmatycznej (2 z 2) odnowa charyzmatyczna pentekostalizm\",\"breadcrumb\":{\"@id\":\"https:\\\/\\\/wobronietradycjiiwiary.com\\\/ks-bp-andrzej-siemieniewski-ogien-w-kosciele-geneza-i-analiza-odnowy-charyzmatycznej-cz-2\\\/#breadcrumb\"},\"inLanguage\":\"pl-PL\",\"potentialAction\":[{\"@type\":\"ReadAction\",\"target\":[\"https:\\\/\\\/wobronietradycjiiwiary.com\\\/ks-bp-andrzej-siemieniewski-ogien-w-kosciele-geneza-i-analiza-odnowy-charyzmatycznej-cz-2\\\/\"]}]},{\"@type\":\"ImageObject\",\"inLanguage\":\"pl-PL\",\"@id\":\"https:\\\/\\\/wobronietradycjiiwiary.com\\\/ks-bp-andrzej-siemieniewski-ogien-w-kosciele-geneza-i-analiza-odnowy-charyzmatycznej-cz-2\\\/#primaryimage\",\"url\":\"https:\\\/\\\/wobronietradycjiiwiary.com\\\/wp-content\\\/uploads\\\/2014\\\/02\\\/pentecostes-elgreco.jpg\",\"contentUrl\":\"https:\\\/\\\/wobronietradycjiiwiary.com\\\/wp-content\\\/uploads\\\/2014\\\/02\\\/pentecostes-elgreco.jpg\",\"width\":800,\"height\":488},{\"@type\":\"BreadcrumbList\",\"@id\":\"https:\\\/\\\/wobronietradycjiiwiary.com\\\/ks-bp-andrzej-siemieniewski-ogien-w-kosciele-geneza-i-analiza-odnowy-charyzmatycznej-cz-2\\\/#breadcrumb\",\"itemListElement\":[{\"@type\":\"ListItem\",\"position\":1,\"name\":\"Strona g\u0142\u00f3wna\",\"item\":\"https:\\\/\\\/wobronietradycjiiwiary.com\\\/\"},{\"@type\":\"ListItem\",\"position\":2,\"name\":\"Ks.Bp. Andrzej Siemieniewski &#8220;ogie\u0144 w Ko\u015bciele&#8221; &#8211; geneza i analiza Odnowy Charyzmatycznej (2 z 2)\"}]},{\"@type\":\"WebSite\",\"@id\":\"https:\\\/\\\/wobronietradycjiiwiary.com\\\/pl\\\/#website\",\"url\":\"https:\\\/\\\/wobronietradycjiiwiary.com\\\/pl\\\/\",\"name\":\"Tradycja i Wiara\",\"description\":\"Portal dla katolik\u00f3w.\",\"publisher\":{\"@id\":\"https:\\\/\\\/wobronietradycjiiwiary.com\\\/pl\\\/#organization\"},\"potentialAction\":[{\"@type\":\"SearchAction\",\"target\":{\"@type\":\"EntryPoint\",\"urlTemplate\":\"https:\\\/\\\/wobronietradycjiiwiary.com\\\/pl\\\/?s={search_term_string}\"},\"query-input\":{\"@type\":\"PropertyValueSpecification\",\"valueRequired\":true,\"valueName\":\"search_term_string\"}}],\"inLanguage\":\"pl-PL\"},{\"@type\":\"Organization\",\"@id\":\"https:\\\/\\\/wobronietradycjiiwiary.com\\\/pl\\\/#organization\",\"name\":\"Tradycja i Wiara\",\"url\":\"https:\\\/\\\/wobronietradycjiiwiary.com\\\/pl\\\/\",\"logo\":{\"@type\":\"ImageObject\",\"inLanguage\":\"pl-PL\",\"@id\":\"https:\\\/\\\/wobronietradycjiiwiary.com\\\/pl\\\/#\\\/schema\\\/logo\\\/image\\\/\",\"url\":\"https:\\\/\\\/i0.wp.com\\\/wobronietradycjiiwiary.com\\\/wp-content\\\/uploads\\\/2015\\\/10\\\/cropped-st-peters-dome-vatican.jpg?fit=940%2C198&ssl=1\",\"contentUrl\":\"https:\\\/\\\/i0.wp.com\\\/wobronietradycjiiwiary.com\\\/wp-content\\\/uploads\\\/2015\\\/10\\\/cropped-st-peters-dome-vatican.jpg?fit=940%2C198&ssl=1\",\"width\":940,\"height\":198,\"caption\":\"Tradycja i Wiara\"},\"image\":{\"@id\":\"https:\\\/\\\/wobronietradycjiiwiary.com\\\/pl\\\/#\\\/schema\\\/logo\\\/image\\\/\"},\"sameAs\":[\"https:\\\/\\\/www.facebook.com\\\/Tradycja-i-Wiara-108813920592249\"]},{\"@type\":\"Person\",\"@id\":\"https:\\\/\\\/wobronietradycjiiwiary.com\\\/pl\\\/#\\\/schema\\\/person\\\/2d6180ce6abcb681fef0daab7816e8f3\",\"name\":\"Traditio et Fides\",\"sameAs\":[\"https:\\\/\\\/traditionundglauben.com\"],\"url\":\"https:\\\/\\\/wobronietradycjiiwiary.com\\\/pl\\\/author\\\/wobronietradycjiiwiary\\\/\"}]}<\/script>\n<!-- \/ Yoast SEO plugin. -->","yoast_head_json":{"title":"Ks.Bp. Andrzej Siemieniewski \"ogie\u0144 w Ko\u015bciele\" - geneza i analiza Odnowy Charyzmatycznej (2 z 2) - Tradycja i Wiara","description":"Ks.Bp. Andrzej Siemieniewski \"ogie\u0144 w Ko\u015bciele\" - geneza i analiza Odnowy Charyzmatycznej (2 z 2) odnowa charyzmatyczna pentekostalizm","robots":{"index":"index","follow":"follow","max-snippet":"max-snippet:-1","max-image-preview":"max-image-preview:large","max-video-preview":"max-video-preview:-1"},"canonical":"https:\/\/wobronietradycjiiwiary.com\/pl\/ks-bp-andrzej-siemieniewski-ogien-w-kosciele-geneza-i-analiza-odnowy-charyzmatycznej-cz-2\/","og_locale":"pl_PL","og_type":"article","og_title":"Ks.Bp. Andrzej Siemieniewski \"ogie\u0144 w Ko\u015bciele\" - geneza i analiza Odnowy Charyzmatycznej (2 z 2) - Tradycja i Wiara","og_description":"Ks.Bp. Andrzej Siemieniewski \"ogie\u0144 w Ko\u015bciele\" - geneza i analiza Odnowy Charyzmatycznej (2 z 2) odnowa charyzmatyczna pentekostalizm","og_url":"https:\/\/wobronietradycjiiwiary.com\/pl\/ks-bp-andrzej-siemieniewski-ogien-w-kosciele-geneza-i-analiza-odnowy-charyzmatycznej-cz-2\/","og_site_name":"Tradycja i Wiara","article_publisher":"https:\/\/www.facebook.com\/Tradycja-i-Wiara-108813920592249","article_published_time":"2014-02-27T15:45:46+00:00","article_modified_time":"2025-02-07T14:52:36+00:00","og_image":[{"width":800,"height":488,"url":"https:\/\/wobronietradycjiiwiary.com\/wp-content\/uploads\/2014\/02\/pentecostes-elgreco.jpg","type":"image\/jpeg"}],"author":"Traditio et Fides","twitter_card":"summary_large_image","twitter_misc":{"Napisane przez":"Traditio et Fides","Szacowany czas czytania":"17 minut"},"schema":{"@context":"https:\/\/schema.org","@graph":[{"@type":"Article","@id":"https:\/\/wobronietradycjiiwiary.com\/ks-bp-andrzej-siemieniewski-ogien-w-kosciele-geneza-i-analiza-odnowy-charyzmatycznej-cz-2\/#article","isPartOf":{"@id":"https:\/\/wobronietradycjiiwiary.com\/ks-bp-andrzej-siemieniewski-ogien-w-kosciele-geneza-i-analiza-odnowy-charyzmatycznej-cz-2\/"},"author":{"name":"Traditio et Fides","@id":"https:\/\/wobronietradycjiiwiary.com\/pl\/#\/schema\/person\/2d6180ce6abcb681fef0daab7816e8f3"},"headline":"Ks.Bp. Andrzej Siemieniewski &#8220;ogie\u0144 w Ko\u015bciele&#8221; &#8211; geneza i analiza Odnowy Charyzmatycznej (2 z 2)","datePublished":"2014-02-27T15:45:46+00:00","dateModified":"2025-02-07T14:52:36+00:00","mainEntityOfPage":{"@id":"https:\/\/wobronietradycjiiwiary.com\/ks-bp-andrzej-siemieniewski-ogien-w-kosciele-geneza-i-analiza-odnowy-charyzmatycznej-cz-2\/"},"wordCount":3349,"publisher":{"@id":"https:\/\/wobronietradycjiiwiary.com\/pl\/#organization"},"image":{"@id":"https:\/\/wobronietradycjiiwiary.com\/ks-bp-andrzej-siemieniewski-ogien-w-kosciele-geneza-i-analiza-odnowy-charyzmatycznej-cz-2\/#primaryimage"},"thumbnailUrl":"https:\/\/wobronietradycjiiwiary.com\/wp-content\/uploads\/2014\/02\/pentecostes-elgreco.jpg","keywords":["Bp. A. Siemieniewski","Odnowa charyzmatyczna","Restricted"],"articleSection":["Ruch charyzmatyczny"],"inLanguage":"pl-PL"},{"@type":"WebPage","@id":"https:\/\/wobronietradycjiiwiary.com\/ks-bp-andrzej-siemieniewski-ogien-w-kosciele-geneza-i-analiza-odnowy-charyzmatycznej-cz-2\/","url":"https:\/\/wobronietradycjiiwiary.com\/ks-bp-andrzej-siemieniewski-ogien-w-kosciele-geneza-i-analiza-odnowy-charyzmatycznej-cz-2\/","name":"Ks.Bp. Andrzej Siemieniewski \"ogie\u0144 w Ko\u015bciele\" - geneza i analiza Odnowy Charyzmatycznej (2 z 2) - Tradycja i Wiara","isPartOf":{"@id":"https:\/\/wobronietradycjiiwiary.com\/pl\/#website"},"primaryImageOfPage":{"@id":"https:\/\/wobronietradycjiiwiary.com\/ks-bp-andrzej-siemieniewski-ogien-w-kosciele-geneza-i-analiza-odnowy-charyzmatycznej-cz-2\/#primaryimage"},"image":{"@id":"https:\/\/wobronietradycjiiwiary.com\/ks-bp-andrzej-siemieniewski-ogien-w-kosciele-geneza-i-analiza-odnowy-charyzmatycznej-cz-2\/#primaryimage"},"thumbnailUrl":"https:\/\/wobronietradycjiiwiary.com\/wp-content\/uploads\/2014\/02\/pentecostes-elgreco.jpg","datePublished":"2014-02-27T15:45:46+00:00","dateModified":"2025-02-07T14:52:36+00:00","description":"Ks.Bp. Andrzej Siemieniewski \"ogie\u0144 w Ko\u015bciele\" - geneza i analiza Odnowy Charyzmatycznej (2 z 2) odnowa charyzmatyczna pentekostalizm","breadcrumb":{"@id":"https:\/\/wobronietradycjiiwiary.com\/ks-bp-andrzej-siemieniewski-ogien-w-kosciele-geneza-i-analiza-odnowy-charyzmatycznej-cz-2\/#breadcrumb"},"inLanguage":"pl-PL","potentialAction":[{"@type":"ReadAction","target":["https:\/\/wobronietradycjiiwiary.com\/ks-bp-andrzej-siemieniewski-ogien-w-kosciele-geneza-i-analiza-odnowy-charyzmatycznej-cz-2\/"]}]},{"@type":"ImageObject","inLanguage":"pl-PL","@id":"https:\/\/wobronietradycjiiwiary.com\/ks-bp-andrzej-siemieniewski-ogien-w-kosciele-geneza-i-analiza-odnowy-charyzmatycznej-cz-2\/#primaryimage","url":"https:\/\/wobronietradycjiiwiary.com\/wp-content\/uploads\/2014\/02\/pentecostes-elgreco.jpg","contentUrl":"https:\/\/wobronietradycjiiwiary.com\/wp-content\/uploads\/2014\/02\/pentecostes-elgreco.jpg","width":800,"height":488},{"@type":"BreadcrumbList","@id":"https:\/\/wobronietradycjiiwiary.com\/ks-bp-andrzej-siemieniewski-ogien-w-kosciele-geneza-i-analiza-odnowy-charyzmatycznej-cz-2\/#breadcrumb","itemListElement":[{"@type":"ListItem","position":1,"name":"Strona g\u0142\u00f3wna","item":"https:\/\/wobronietradycjiiwiary.com\/"},{"@type":"ListItem","position":2,"name":"Ks.Bp. Andrzej Siemieniewski &#8220;ogie\u0144 w Ko\u015bciele&#8221; &#8211; geneza i analiza Odnowy Charyzmatycznej (2 z 2)"}]},{"@type":"WebSite","@id":"https:\/\/wobronietradycjiiwiary.com\/pl\/#website","url":"https:\/\/wobronietradycjiiwiary.com\/pl\/","name":"Tradycja i Wiara","description":"Portal dla katolik\u00f3w.","publisher":{"@id":"https:\/\/wobronietradycjiiwiary.com\/pl\/#organization"},"potentialAction":[{"@type":"SearchAction","target":{"@type":"EntryPoint","urlTemplate":"https:\/\/wobronietradycjiiwiary.com\/pl\/?s={search_term_string}"},"query-input":{"@type":"PropertyValueSpecification","valueRequired":true,"valueName":"search_term_string"}}],"inLanguage":"pl-PL"},{"@type":"Organization","@id":"https:\/\/wobronietradycjiiwiary.com\/pl\/#organization","name":"Tradycja i Wiara","url":"https:\/\/wobronietradycjiiwiary.com\/pl\/","logo":{"@type":"ImageObject","inLanguage":"pl-PL","@id":"https:\/\/wobronietradycjiiwiary.com\/pl\/#\/schema\/logo\/image\/","url":"https:\/\/i0.wp.com\/wobronietradycjiiwiary.com\/wp-content\/uploads\/2015\/10\/cropped-st-peters-dome-vatican.jpg?fit=940%2C198&ssl=1","contentUrl":"https:\/\/i0.wp.com\/wobronietradycjiiwiary.com\/wp-content\/uploads\/2015\/10\/cropped-st-peters-dome-vatican.jpg?fit=940%2C198&ssl=1","width":940,"height":198,"caption":"Tradycja i Wiara"},"image":{"@id":"https:\/\/wobronietradycjiiwiary.com\/pl\/#\/schema\/logo\/image\/"},"sameAs":["https:\/\/www.facebook.com\/Tradycja-i-Wiara-108813920592249"]},{"@type":"Person","@id":"https:\/\/wobronietradycjiiwiary.com\/pl\/#\/schema\/person\/2d6180ce6abcb681fef0daab7816e8f3","name":"Traditio et Fides","sameAs":["https:\/\/traditionundglauben.com"],"url":"https:\/\/wobronietradycjiiwiary.com\/pl\/author\/wobronietradycjiiwiary\/"}]}},"jetpack_publicize_connections":[],"jetpack_sharing_enabled":true,"jetpack_likes_enabled":true,"jetpack_shortlink":"https:\/\/wp.me\/pc04Sd-aX","jetpack-related-posts":[{"id":143428,"url":"https:\/\/wobronietradycjiiwiary.com\/pl\/sw-tomasz-o-zroznicowaniu-grzechow-q-73-5-z-10-czy-grzechy-cielesne-maja-wieksza-wine-od-duchowych\/","url_meta":{"origin":679,"position":0},"title":"\u015aw. Tomasz, O zr\u00f3\u017cnicowaniu grzech\u00f3w, Q. 73 (5 z 10). Czy grzechy cielesne maj\u0105 wi\u0119ksz\u0105 win\u0119 od duchowych?","author":"Traditio et Fides","date":"28 maja 2025","format":false,"excerpt":"O tym, dlaczego grzechy cielesne cechuj\u0105 si\u0119 mniejsz\u0105 win\u0105 od grzech\u00f3w duchowych.","rel":"","context":"W \u201eDoktryna&quot;","block_context":{"text":"Doktryna","link":"https:\/\/wobronietradycjiiwiary.com\/pl\/category\/doktryna\/"},"img":{"alt_text":"","src":"https:\/\/i0.wp.com\/wobronietradycjiiwiary.com\/wp-content\/uploads\/2025\/01\/allegory_6622e66e-cc32-426b-8cc2-071cf0a01bb1.jpg?resize=350%2C200&ssl=1","width":350,"height":200,"srcset":"https:\/\/i0.wp.com\/wobronietradycjiiwiary.com\/wp-content\/uploads\/2025\/01\/allegory_6622e66e-cc32-426b-8cc2-071cf0a01bb1.jpg?resize=350%2C200&ssl=1 1x, https:\/\/i0.wp.com\/wobronietradycjiiwiary.com\/wp-content\/uploads\/2025\/01\/allegory_6622e66e-cc32-426b-8cc2-071cf0a01bb1.jpg?resize=525%2C300&ssl=1 1.5x, https:\/\/i0.wp.com\/wobronietradycjiiwiary.com\/wp-content\/uploads\/2025\/01\/allegory_6622e66e-cc32-426b-8cc2-071cf0a01bb1.jpg?resize=700%2C400&ssl=1 2x"},"classes":[]},{"id":116083,"url":"https:\/\/wobronietradycjiiwiary.com\/pl\/sw-tomasz-o-czesciach-rozpusty-luxuria-q-154-10-z-12-czy-swietokradztwo-moze-byc-postacia-rozpusty\/","url_meta":{"origin":679,"position":1},"title":"\u015aw. Tomasz, O cz\u0119\u015bciach rozpusty (luxuria). Q. 154. (10 z 12). Czy \u015bwi\u0119tokradztwo mo\u017ce by\u0107 postaci\u0105 rozpusty?","author":"Traditio et Fides","date":"17 kwietnia 2024","format":false,"excerpt":"O tym, \u017ce rozpusta os\u00f3b Bogu po\u015bwi\u0119conych jest \u015bwi\u0119tokradztwem.","rel":"","context":"W \u201eDoktryna&quot;","block_context":{"text":"Doktryna","link":"https:\/\/wobronietradycjiiwiary.com\/pl\/category\/doktryna\/"},"img":{"alt_text":"","src":"https:\/\/i0.wp.com\/wobronietradycjiiwiary.com\/wp-content\/uploads\/2024\/01\/Luxuria-Bosch.webp?resize=350%2C200&ssl=1","width":350,"height":200,"srcset":"https:\/\/i0.wp.com\/wobronietradycjiiwiary.com\/wp-content\/uploads\/2024\/01\/Luxuria-Bosch.webp?resize=350%2C200&ssl=1 1x, https:\/\/i0.wp.com\/wobronietradycjiiwiary.com\/wp-content\/uploads\/2024\/01\/Luxuria-Bosch.webp?resize=525%2C300&ssl=1 1.5x"},"classes":[]},{"id":100778,"url":"https:\/\/wobronietradycjiiwiary.com\/pl\/21-go-wrzesnia-zywot-swietego-mateusza-apostola-i-ewangelisty-2-2\/","url_meta":{"origin":679,"position":2},"title":"21-go Wrze\u015bnia. \u017bywot \u015bwi\u0119tego Mateusza, Aposto\u0142a i Ewangelisty.","author":"Traditio et Fides","date":"21 wrze\u015bnia 2023","format":false,"excerpt":"(\u017by\u0142 oko\u0142o roku Pa\u0144skiego 69). Przy uroczem jeziorze Genezaret, ponad kt\u00f3rem krzy\u017cowa\u0142y si\u0119 wszystkie trakty i gdzie liczni kupcy zabierali z sob\u0105 lub te\u017c wy\u0142adowywali towary, le\u017ca\u0142o zamo\u017cne miasto Kafarnaum. Za czas\u00f3w Chrystusa zostawa\u0142a Palestyna pod rz\u0105dem rzymskim, a \u017bydzi musieli p\u0142aci\u0107 cesarzom ogromne podatki i c\u0142a uci\u0105\u017cliwe. Dochody celne\u2026","rel":"","context":"W \u201eDuchowo\u015b\u0107&quot;","block_context":{"text":"Duchowo\u015b\u0107","link":"https:\/\/wobronietradycjiiwiary.com\/pl\/category\/duchowosc\/"},"img":{"alt_text":"","src":"https:\/\/i0.wp.com\/wobronietradycjiiwiary.com\/wp-content\/uploads\/2020\/09\/Matthaeus.jpg?resize=350%2C200&ssl=1","width":350,"height":200},"classes":[]},{"id":170083,"url":"https:\/\/wobronietradycjiiwiary.com\/pl\/sw-tomasz-o-grzechach-glownych-jako-przyczynach-innych-grzechow-1-z-4-czy-chciwosc-jest-korzeniem\/","url_meta":{"origin":679,"position":3},"title":"\u015aw. Tomasz, O grzechach g\u0142\u00f3wnych jako przyczynach innych grzech\u00f3w. (1 z 4). Czy chciwo\u015b\u0107 jest korzeniem?","author":"Traditio et Fides","date":"26 sierpnia 2026","format":false,"excerpt":"O tym, dlaczego chciwo\u015b\u0107 jest korzeniem wszystkich grzech\u00f3w.","rel":"","context":"W \u201eDoktryna&quot;","block_context":{"text":"Doktryna","link":"https:\/\/wobronietradycjiiwiary.com\/pl\/category\/doktryna\/"},"img":{"alt_text":"","src":"https:\/\/i0.wp.com\/wobronietradycjiiwiary.com\/wp-content\/uploads\/2025\/01\/allegory_6622e66e-cc32-426b-8cc2-071cf0a01bb1.jpg?resize=350%2C200&ssl=1","width":350,"height":200,"srcset":"https:\/\/i0.wp.com\/wobronietradycjiiwiary.com\/wp-content\/uploads\/2025\/01\/allegory_6622e66e-cc32-426b-8cc2-071cf0a01bb1.jpg?resize=350%2C200&ssl=1 1x, https:\/\/i0.wp.com\/wobronietradycjiiwiary.com\/wp-content\/uploads\/2025\/01\/allegory_6622e66e-cc32-426b-8cc2-071cf0a01bb1.jpg?resize=525%2C300&ssl=1 1.5x, https:\/\/i0.wp.com\/wobronietradycjiiwiary.com\/wp-content\/uploads\/2025\/01\/allegory_6622e66e-cc32-426b-8cc2-071cf0a01bb1.jpg?resize=700%2C400&ssl=1 2x"},"classes":[]},{"id":157604,"url":"https:\/\/wobronietradycjiiwiary.com\/pl\/sw-tomasz-czy-uczucie-moze-byc-przyczyna-grzechu-q-77-5-z-8\/","url_meta":{"origin":679,"position":4},"title":"\u015aw. Tomasz, Czy uczucie mo\u017ce by\u0107 przyczyn\u0105 grzechu?, Q. 77 (5 z 8). Czy po\u017c\u0105dliwo\u015b\u0107 cia\u0142a, oczy i pycha \u017cywota s\u0105 przyczynami grzechu?","author":"Traditio et Fides","date":"7 stycznia 2026","format":false,"excerpt":"A r t y k u \u0142 5 CZY S\u0141USZNIE WYMIENIA SI\u0118 JAKO PRZYCZYNY GRZECH\u00d3W: PO\u017b\u0104DLIWO\u015a\u0106 CIA\u0141A, PO\u017b\u0104DLIWO\u015a\u0106 OCZU I PYCH\u0118 \u017bYWOTA? Postawienie problemu. Wydaje si\u0119, \u017ce nies\u0142usznie wymienia si\u0119 po\u017c\u0105dliwo\u015b\u0107 cia\u0142a, po\u017c\u0105dliwo\u015b\u0107 oczu i pych\u0119 \u017cywota jako przyczyny grzechu, gdy\u017c: 1. Wed\u0142ug Aposto\u0142a (1 Tym 6, 10): \u201eKorzeniem wszelkiego\u2026","rel":"","context":"W \u201eDoktryna&quot;","block_context":{"text":"Doktryna","link":"https:\/\/wobronietradycjiiwiary.com\/pl\/category\/doktryna\/"},"img":{"alt_text":"","src":"https:\/\/i0.wp.com\/wobronietradycjiiwiary.com\/wp-content\/uploads\/2025\/01\/allegory_6622e66e-cc32-426b-8cc2-071cf0a01bb1.jpg?resize=350%2C200&ssl=1","width":350,"height":200,"srcset":"https:\/\/i0.wp.com\/wobronietradycjiiwiary.com\/wp-content\/uploads\/2025\/01\/allegory_6622e66e-cc32-426b-8cc2-071cf0a01bb1.jpg?resize=350%2C200&ssl=1 1x, https:\/\/i0.wp.com\/wobronietradycjiiwiary.com\/wp-content\/uploads\/2025\/01\/allegory_6622e66e-cc32-426b-8cc2-071cf0a01bb1.jpg?resize=525%2C300&ssl=1 1.5x, https:\/\/i0.wp.com\/wobronietradycjiiwiary.com\/wp-content\/uploads\/2025\/01\/allegory_6622e66e-cc32-426b-8cc2-071cf0a01bb1.jpg?resize=700%2C400&ssl=1 2x"},"classes":[]},{"id":143966,"url":"https:\/\/wobronietradycjiiwiary.com\/pl\/4-go-czerwca-zywot-sw-franciszka-caracciolo-zalozyciela-zakonu-2-2-2-2\/","url_meta":{"origin":679,"position":5},"title":"4-go Czerwca. \u017bywot \u015bw. Franciszka Caracciolo, Za\u0142o\u017cyciela Zakonu.","author":"Traditio et Fides","date":"4 czerwca 2025","format":false,"excerpt":"\u015aw. Franciszek Caracciolo dopiero wyzdrowiawszy z \u015bmiertelnej choroby pomy\u015bla\u0142 i kap\u0142a\u0144stwie. Bywa i tak.","rel":"","context":"W \u201e06. \u015awi\u0119ta w czerwcu&quot;","block_context":{"text":"06. \u015awi\u0119ta w czerwcu","link":"https:\/\/wobronietradycjiiwiary.com\/pl\/category\/duchowosc\/liturgia-i-liturgika\/rozwazania\/rok-liturgiczny\/swieta-w-czerwcu\/"},"img":{"alt_text":"","src":"https:\/\/i0.wp.com\/wobronietradycjiiwiary.com\/wp-content\/uploads\/2021\/06\/Francis-Caraciollo-1.jpg?resize=350%2C200&ssl=1","width":350,"height":200,"srcset":"https:\/\/i0.wp.com\/wobronietradycjiiwiary.com\/wp-content\/uploads\/2021\/06\/Francis-Caraciollo-1.jpg?resize=350%2C200&ssl=1 1x, https:\/\/i0.wp.com\/wobronietradycjiiwiary.com\/wp-content\/uploads\/2021\/06\/Francis-Caraciollo-1.jpg?resize=525%2C300&ssl=1 1.5x"},"classes":[]}],"amp_enabled":true,"jetpack_featured_media_url":"https:\/\/wobronietradycjiiwiary.com\/wp-content\/uploads\/2014\/02\/pentecostes-elgreco.jpg","_links":{"self":[{"href":"https:\/\/wobronietradycjiiwiary.com\/pl\/wp-json\/wp\/v2\/posts\/679","targetHints":{"allow":["GET"]}}],"collection":[{"href":"https:\/\/wobronietradycjiiwiary.com\/pl\/wp-json\/wp\/v2\/posts"}],"about":[{"href":"https:\/\/wobronietradycjiiwiary.com\/pl\/wp-json\/wp\/v2\/types\/post"}],"author":[{"embeddable":true,"href":"https:\/\/wobronietradycjiiwiary.com\/pl\/wp-json\/wp\/v2\/users\/60508433"}],"replies":[{"embeddable":true,"href":"https:\/\/wobronietradycjiiwiary.com\/pl\/wp-json\/wp\/v2\/comments?post=679"}],"version-history":[{"count":1,"href":"https:\/\/wobronietradycjiiwiary.com\/pl\/wp-json\/wp\/v2\/posts\/679\/revisions"}],"predecessor-version":[{"id":55417,"href":"https:\/\/wobronietradycjiiwiary.com\/pl\/wp-json\/wp\/v2\/posts\/679\/revisions\/55417"}],"wp:featuredmedia":[{"embeddable":true,"href":"https:\/\/wobronietradycjiiwiary.com\/pl\/wp-json\/wp\/v2\/media\/27845"}],"wp:attachment":[{"href":"https:\/\/wobronietradycjiiwiary.com\/pl\/wp-json\/wp\/v2\/media?parent=679"}],"wp:term":[{"taxonomy":"category","embeddable":true,"href":"https:\/\/wobronietradycjiiwiary.com\/pl\/wp-json\/wp\/v2\/categories?post=679"},{"taxonomy":"post_tag","embeddable":true,"href":"https:\/\/wobronietradycjiiwiary.com\/pl\/wp-json\/wp\/v2\/tags?post=679"}],"curies":[{"name":"wp","href":"https:\/\/api.w.org\/{rel}","templated":true}]}}