{"id":63128,"date":"2022-03-07T08:20:00","date_gmt":"2022-03-07T07:20:00","guid":{"rendered":"https:\/\/wobronietradycjiiwiary.com\/?p=63128"},"modified":"2025-02-10T11:16:00","modified_gmt":"2025-02-10T10:16:00","slug":"czytania-postne-brewiarza-trydenckiego-6","status":"publish","type":"post","link":"https:\/\/wobronietradycjiiwiary.com\/pl\/czytania-postne-brewiarza-trydenckiego-6\/","title":{"rendered":"Czytania postne Brewiarza Trydenckiego. Poniedzia\u0142ek w pierwszym tygodniu Wlk. Postu"},"content":{"rendered":"<div id=\"bsf_rt_marker\"><\/div>\n<h2 class=\"has-vivid-purple-color has-text-color wp-block-heading\">Czas lektury: 2 minuty<\/h2>\n\n\n\n<h2 class=\"has-vivid-red-color has-text-color wp-block-heading\">Poniedzia\u0142ek w pierwszym tygodniu Wielkiego Postu &#8211; \u015bw. Tomasza z Akwinu<\/h2>\n\n\n\n<p class=\"has-vivid-red-color has-text-color wp-block-paragraph\"><strong><em>Lekcja 9<\/em><\/strong><br><em>Komemoracja ferii<\/em><br>Czytanie Ewangelii \u015bwi\u0119tej wed\u0142ug Mateusza<br><em>Mt 25:31-46<\/em><\/p>\n\n\n\n<p class=\"has-text-align-justify has-medium-font-size has-ek-indent wp-block-paragraph\" style=\"--ek-indent:20px\">Onego czasu rzek\u0142 Jezus uczniom swoim: Gdy przyjdzie Syn Cz\u0142owieczy w majestacie swoim i wszyscy Anio\u0142owie z nim, wtedy zasi\u0105dzie na stolicy majestatu swego. I zgromadz\u0105 si\u0119 przed Nim wszystkie narody, i od\u0142\u0105czy jedne od drugich, jako pasterz od\u0142\u0105cza owce od koz\u0142\u00f3w. I postawi owce po prawicy swojej, a koz\u0142y po lewicy. Wtedy rzecze kr\u00f3l tym, kt\u00f3rzy b\u0119d\u0105 po prawicy jego: \u00abP\u00f3jd\u017acie, b\u0142ogos\u0142awieni Ojca mego, i posi\u0105d\u017acie Kr\u00f3lestwo zgotowane wam od za\u0142o\u017cenia \u015bwiata. Albowiem \u0142akn\u0105\u0142em, a nakarmili\u015bcie mi\u0119; pragn\u0105\u0142em, a dali\u015bcie mi pi\u0107; go\u015bciem by\u0142em, a przyj\u0119li\u015bcie mnie, nagim, a przyodziali\u015bcie mi\u0119, chorym, a nawiedzili\u015bcie mi\u0119, wi\u0119\u017aniem, a przyszli\u015bcie do mnie\u00bb.<br>Wtedy sprawiedliwi odpowiedz\u0105 mu m\u00f3wi\u0105c: \u00abPanie, kiedy\u015bmy ci\u0119 widzieli \u0142akn\u0105cym, a nakarmili\u015bmy ci\u0119; pragn\u0105cym, a dali\u015bmy ci pi\u0107? Kiedy\u017c to widzieli\u015bmy ci\u0119 go\u015bciem, a przyj\u0119li\u015bmy ci\u0119, albo nagim i przyodziali\u015bmy ciebie? Kiedy\u015bmy ci\u0119 widzieli chorym albo wi\u0119\u017aniem, a nawiedzili\u015bmy ciebie?\u00bb A odpowiadaj\u0105c kr\u00f3l rzecze im: \u00abZaprawd\u0119 powiadam wam, co\u015bcie uczynili jednemu z tych moich braci najmniejszych, mnie\u015bcie uczynili\u00bb.<br>Wtedy rzecze i tym, kt\u00f3rzy b\u0119d\u0105 po lewicy: \u00abId\u017acie precz ode mnie, przekl\u0119ci, w ogie\u0144 wieczny, kt\u00f3ry zgotowany jest diab\u0142u i anio\u0142om jego. Albowiem \u0142akn\u0105\u0142em, a nie nakarmili\u015bcie mi\u0119; pragn\u0105\u0142em, a nie dali\u015bcie mi pi\u0107; by\u0142em go\u015bciem, a nie przyj\u0119li\u015bcie mnie; nagim, a nie przyodziali\u015bcie mnie; chorym i wi\u0119\u017aniem, a nie nawiedzili\u015bcie mnie\u00bb.<br>Wtedy odpowiedz\u0105 mu oni: \u00abPanie, kiedy\u015bmy ci\u0119 widzieli pragn\u0105cym albo \u0142akn\u0105cym, go\u015bciem albo nagim, chorym albo wi\u0119\u017aniem, a nie us\u0142u\u017cyli\u015bmy tobie?\u00bb Wtedy odpowie im m\u00f3wi\u0105c: \u00abZaprawd\u0119 powiadam wam, czegokolwiek nie uczynili\u015bcie jednemu z tych najmniejszych, mnie nie uczynili\u015bcie\u00bb. I p\u00f3jd\u0105 ci na m\u0119k\u0119 wieczn\u0105, a sprawiedliwi do \u017cywota wiecznego.<\/p>\n\n\n\n<p class=\"has-vivid-red-color has-text-color wp-block-paragraph\">Homilia \u015bwi\u0119tego Augustyna, Biskupa<br><em>Ksi\u0119ga o wierze i uczynkach, rozdz. 15., cz\u0119\u015b\u0107 4., blisko po\u0142owy<\/em><\/p>\n\n\n\n<p class=\"has-text-align-justify wp-block-paragraph\">Je\u015bli bez zachowania przykaza\u0144 mo\u017cna by wnij\u015b\u0107 do \u017cywota przez sam\u0105 wiar\u0119, kt\u00f3ra bez uczynk\u00f3w martwa jest, jak\u017ce b\u0119d\u0105 prawdziwe te s\u0142owa Pana, \u017ce stoj\u0105cym po lewicy powie: Id\u017acie precz ode Mnie, przekl\u0119ci, w ogie\u0144 wieczny, kt\u00f3ry zgotowany jest diab\u0142u i anio\u0142om jego? I nie wyrzuca im tego, \u017ce w Niego nie wierzyli, lecz to, \u017ce uczynk\u00f3w dobrych nie wykonywali. Bo zaiste \u2013 \u017ceby sobie kto nie obiecywa\u0142 \u017cycia wiecznego za sam\u0105 wiar\u0119, martw\u0105 bez uczynk\u00f3w, dlatego w\u0142a\u015bnie powiedzia\u0142, \u017ce rozdzieli wszystkie narody, kt\u00f3re nawzajem pomieszane karmi\u0142y si\u0119 na tych samych pastwiskach. Potwierdzi si\u0119 to, gdy ci ludzie tak Mu b\u0119d\u0105 m\u00f3wili: Panie, kiedy\u015bmy Ci\u0119 widzieli cierpi\u0105cym taki lub inny niedostatek, a nie us\u0142u\u017cyli\u015bmy Tobie? Tak powiedz\u0105 ci w\u0142a\u015bnie, kt\u00f3rzy w Niego uwierzyli, ale o wykonywanie dobrych uczynk\u00f3w si\u0119 nie troszczyli, jak gdyby przez sam\u0105 martw\u0105 wiar\u0119 mo\u017cna by\u0142o wnij\u015b\u0107 do \u017cywota wiecznego.<br><em>V.<\/em>&nbsp;Ty za\u015b, Panie, zmi\u0142uj si\u0119 nad nami.<br><em>R.<\/em>&nbsp;Bogu niech b\u0119d\u0105 dzi\u0119ki.<\/p>\n\n\n\n<p class=\"has-vivid-red-color has-text-color wp-block-paragraph\"><strong><em>Modlitwy<\/em><\/strong>&nbsp;{z Sanktora\u0142u}<\/p>\n\n\n\n<p class=\"wp-block-paragraph\"><em>V.<\/em>&nbsp;Panie, wys\u0142uchaj modlitwy mojej.<br><em>R.<\/em>&nbsp;A wo\u0142anie moje niech do Ciebie przyjdzie.<br><strong><em>M<\/em><\/strong>\u00f3dlmy si\u0119<br><strong><em>B<\/em><\/strong>o\u017ce, kt\u00f3ry Ko\u015bci\u00f3\u0142 sw\u00f3j przedziwn\u0105 nauk\u0105 b\u0142ogos\u0142awionego Tomasza, wyznawcy Twego o\u015bwiecasz i \u015bwi\u0119temi czynami ubogacasz, daj nam, prosimy, aby\u015bmy mieli zrozumienie tego, czego uczy\u0142 i aby\u015bmy na\u015bladuj\u0105c go, pe\u0142nili to, co on czyni\u0142.<br><strong><em>P<\/em><\/strong>rzez naszego Pana Jezusa Chrystusa, Twojego Syna: kt\u00f3ry z Tob\u0105 \u017cyje i kr\u00f3luje w jedno\u015bci Ducha \u015awi\u0119tego B\u00f3g, przez wszystkie wieki wiek\u00f3w.<br><em>R.<\/em>&nbsp;Amen.<\/p>\n\n\n","protected":false},"excerpt":{"rendered":"<p>Czytania Brewiarza Trydenckiego na poniedzia\u0142ek w pierwszym tygodniu Wielkiego Postu<\/p>\n","protected":false},"author":60508433,"featured_media":62967,"comment_status":"open","ping_status":"open","sticky":false,"template":"","format":"standard","meta":{"_bbp_topic_count":0,"_bbp_reply_count":0,"_bbp_total_topic_count":0,"_bbp_total_reply_count":0,"_bbp_voice_count":0,"_bbp_anonymous_reply_count":0,"_bbp_topic_count_hidden":0,"_bbp_reply_count_hidden":0,"_bbp_forum_subforum_count":0,"_editorskit_title_hidden":false,"_editorskit_reading_time":2,"_editorskit_is_block_options_detached":false,"_editorskit_block_options_position":"{}","_coblocks_attr":"","_coblocks_dimensions":"","_coblocks_responsive_height":"","_coblocks_accordion_ie_support":"","_exactmetrics_skip_tracking":false,"_jetpack_newsletter_access":"","_jetpack_dont_email_post_to_subs":false,"_jetpack_newsletter_tier_id":0,"_jetpack_memberships_contains_paywalled_content":false,"_wpcom_ai_launchpad_first_post":false,"_jetpack_feature_clip_id":0,"_jetpack_memberships_contains_paid_content":false,"footnotes":"","jetpack_publicize_message":"{title}\n\n{excerpt}\n\n{url}","jetpack_publicize_feature_enabled":true,"jetpack_social_post_already_shared":true,"jetpack_social_options":{"image_generator_settings":{"template":"highway","default_image_id":0,"font":"","enabled":false},"version":2},"_wpas_customize_per_network":false,"jetpack_post_was_ever_published":false},"categories":[610131184,336375535],"tags":[610134643],"class_list":["post-63128","post","type-post","status-publish","format-standard","has-post-thumbnail","hentry","category-duchowosc","category-liturgia-i-liturgika","tag-czytania-brewiarzowe-na-wielki-post"],"yoast_head":"<!-- This site is optimized with the Yoast SEO plugin v28.4 - https:\/\/yoast.com\/product\/yoast-seo-wordpress\/ -->\n<title>Czytania postne Brewiarza Trydenckiego. Poniedzia\u0142ek w pierwszym tygodniu Wlk. Postu - Tradycja i Wiara<\/title>\n<meta name=\"robots\" content=\"index, follow, max-snippet:-1, max-image-preview:large, max-video-preview:-1\" \/>\n<link rel=\"canonical\" href=\"https:\/\/wobronietradycjiiwiary.com\/pl\/czytania-postne-brewiarza-trydenckiego-6\/\" \/>\n<meta property=\"og:locale\" content=\"pl_PL\" \/>\n<meta property=\"og:type\" content=\"article\" \/>\n<meta property=\"og:title\" content=\"Czytania postne Brewiarza Trydenckiego. Poniedzia\u0142ek w pierwszym tygodniu Wlk. Postu - Tradycja i Wiara\" \/>\n<meta property=\"og:description\" content=\"Czytania Brewiarza Trydenckiego na poniedzia\u0142ek w pierwszym tygodniu Wielkiego Postu\" \/>\n<meta property=\"og:url\" content=\"https:\/\/wobronietradycjiiwiary.com\/pl\/czytania-postne-brewiarza-trydenckiego-6\/\" \/>\n<meta property=\"og:site_name\" content=\"Tradycja i Wiara\" \/>\n<meta property=\"article:publisher\" content=\"https:\/\/www.facebook.com\/Tradycja-i-Wiara-108813920592249\" \/>\n<meta property=\"article:published_time\" content=\"2022-03-07T07:20:00+00:00\" \/>\n<meta property=\"article:modified_time\" content=\"2025-02-10T10:16:00+00:00\" \/>\n<meta property=\"og:image\" content=\"https:\/\/wobronietradycjiiwiary.com\/wp-content\/uploads\/2022\/03\/MOnks-praying.jpg\" \/>\n\t<meta property=\"og:image:width\" content=\"598\" \/>\n\t<meta property=\"og:image:height\" content=\"427\" \/>\n\t<meta property=\"og:image:type\" content=\"image\/jpeg\" \/>\n<meta name=\"author\" content=\"Traditio et Fides\" \/>\n<meta name=\"twitter:card\" content=\"summary_large_image\" \/>\n<meta name=\"twitter:label1\" content=\"Napisane przez\" \/>\n\t<meta name=\"twitter:data1\" content=\"Traditio et Fides\" \/>\n\t<meta name=\"twitter:label2\" content=\"Szacowany czas czytania\" \/>\n\t<meta name=\"twitter:data2\" content=\"7 minut\" \/>\n<script type=\"application\/ld+json\" class=\"yoast-schema-graph\">{\"@context\":\"https:\\\/\\\/schema.org\",\"@graph\":[{\"@type\":\"Article\",\"@id\":\"https:\\\/\\\/wobronietradycjiiwiary.com\\\/czytania-postne-brewiarza-trydenckiego-6\\\/#article\",\"isPartOf\":{\"@id\":\"https:\\\/\\\/wobronietradycjiiwiary.com\\\/czytania-postne-brewiarza-trydenckiego-6\\\/\"},\"author\":{\"name\":\"Traditio et Fides\",\"@id\":\"https:\\\/\\\/wobronietradycjiiwiary.com\\\/pl\\\/#\\\/schema\\\/person\\\/2d6180ce6abcb681fef0daab7816e8f3\"},\"headline\":\"Czytania postne Brewiarza Trydenckiego. Poniedzia\u0142ek w pierwszym tygodniu Wlk. Postu\",\"datePublished\":\"2022-03-07T07:20:00+00:00\",\"dateModified\":\"2025-02-10T10:16:00+00:00\",\"mainEntityOfPage\":{\"@id\":\"https:\\\/\\\/wobronietradycjiiwiary.com\\\/czytania-postne-brewiarza-trydenckiego-6\\\/\"},\"wordCount\":693,\"commentCount\":0,\"publisher\":{\"@id\":\"https:\\\/\\\/wobronietradycjiiwiary.com\\\/pl\\\/#organization\"},\"image\":{\"@id\":\"https:\\\/\\\/wobronietradycjiiwiary.com\\\/czytania-postne-brewiarza-trydenckiego-6\\\/#primaryimage\"},\"thumbnailUrl\":\"https:\\\/\\\/wobronietradycjiiwiary.com\\\/wp-content\\\/uploads\\\/2022\\\/03\\\/MOnks-praying.jpg\",\"keywords\":[\"Czytania Brewiarzowe na Wielki Post\"],\"articleSection\":[\"Duchowo\u015b\u0107\",\"Liturgia i liturgika\"],\"inLanguage\":\"pl-PL\",\"potentialAction\":[{\"@type\":\"CommentAction\",\"name\":\"Comment\",\"target\":[\"https:\\\/\\\/wobronietradycjiiwiary.com\\\/czytania-postne-brewiarza-trydenckiego-6\\\/#respond\"]}]},{\"@type\":\"WebPage\",\"@id\":\"https:\\\/\\\/wobronietradycjiiwiary.com\\\/czytania-postne-brewiarza-trydenckiego-6\\\/\",\"url\":\"https:\\\/\\\/wobronietradycjiiwiary.com\\\/czytania-postne-brewiarza-trydenckiego-6\\\/\",\"name\":\"Czytania postne Brewiarza Trydenckiego. Poniedzia\u0142ek w pierwszym tygodniu Wlk. Postu - Tradycja i Wiara\",\"isPartOf\":{\"@id\":\"https:\\\/\\\/wobronietradycjiiwiary.com\\\/pl\\\/#website\"},\"primaryImageOfPage\":{\"@id\":\"https:\\\/\\\/wobronietradycjiiwiary.com\\\/czytania-postne-brewiarza-trydenckiego-6\\\/#primaryimage\"},\"image\":{\"@id\":\"https:\\\/\\\/wobronietradycjiiwiary.com\\\/czytania-postne-brewiarza-trydenckiego-6\\\/#primaryimage\"},\"thumbnailUrl\":\"https:\\\/\\\/wobronietradycjiiwiary.com\\\/wp-content\\\/uploads\\\/2022\\\/03\\\/MOnks-praying.jpg\",\"datePublished\":\"2022-03-07T07:20:00+00:00\",\"dateModified\":\"2025-02-10T10:16:00+00:00\",\"breadcrumb\":{\"@id\":\"https:\\\/\\\/wobronietradycjiiwiary.com\\\/czytania-postne-brewiarza-trydenckiego-6\\\/#breadcrumb\"},\"inLanguage\":\"pl-PL\",\"potentialAction\":[{\"@type\":\"ReadAction\",\"target\":[\"https:\\\/\\\/wobronietradycjiiwiary.com\\\/czytania-postne-brewiarza-trydenckiego-6\\\/\"]}]},{\"@type\":\"ImageObject\",\"inLanguage\":\"pl-PL\",\"@id\":\"https:\\\/\\\/wobronietradycjiiwiary.com\\\/czytania-postne-brewiarza-trydenckiego-6\\\/#primaryimage\",\"url\":\"https:\\\/\\\/wobronietradycjiiwiary.com\\\/wp-content\\\/uploads\\\/2022\\\/03\\\/MOnks-praying.jpg\",\"contentUrl\":\"https:\\\/\\\/wobronietradycjiiwiary.com\\\/wp-content\\\/uploads\\\/2022\\\/03\\\/MOnks-praying.jpg\",\"width\":598,\"height\":427},{\"@type\":\"BreadcrumbList\",\"@id\":\"https:\\\/\\\/wobronietradycjiiwiary.com\\\/czytania-postne-brewiarza-trydenckiego-6\\\/#breadcrumb\",\"itemListElement\":[{\"@type\":\"ListItem\",\"position\":1,\"name\":\"Strona g\u0142\u00f3wna\",\"item\":\"https:\\\/\\\/wobronietradycjiiwiary.com\\\/\"},{\"@type\":\"ListItem\",\"position\":2,\"name\":\"Czytania postne Brewiarza Trydenckiego. Poniedzia\u0142ek w pierwszym tygodniu Wlk. Postu\"}]},{\"@type\":\"WebSite\",\"@id\":\"https:\\\/\\\/wobronietradycjiiwiary.com\\\/pl\\\/#website\",\"url\":\"https:\\\/\\\/wobronietradycjiiwiary.com\\\/pl\\\/\",\"name\":\"Tradycja i Wiara\",\"description\":\"Portal dla katolik\u00f3w.\",\"publisher\":{\"@id\":\"https:\\\/\\\/wobronietradycjiiwiary.com\\\/pl\\\/#organization\"},\"potentialAction\":[{\"@type\":\"SearchAction\",\"target\":{\"@type\":\"EntryPoint\",\"urlTemplate\":\"https:\\\/\\\/wobronietradycjiiwiary.com\\\/pl\\\/?s={search_term_string}\"},\"query-input\":{\"@type\":\"PropertyValueSpecification\",\"valueRequired\":true,\"valueName\":\"search_term_string\"}}],\"inLanguage\":\"pl-PL\"},{\"@type\":\"Organization\",\"@id\":\"https:\\\/\\\/wobronietradycjiiwiary.com\\\/pl\\\/#organization\",\"name\":\"Tradycja i Wiara\",\"url\":\"https:\\\/\\\/wobronietradycjiiwiary.com\\\/pl\\\/\",\"logo\":{\"@type\":\"ImageObject\",\"inLanguage\":\"pl-PL\",\"@id\":\"https:\\\/\\\/wobronietradycjiiwiary.com\\\/pl\\\/#\\\/schema\\\/logo\\\/image\\\/\",\"url\":\"https:\\\/\\\/i0.wp.com\\\/wobronietradycjiiwiary.com\\\/wp-content\\\/uploads\\\/2015\\\/10\\\/cropped-st-peters-dome-vatican.jpg?fit=940%2C198&ssl=1\",\"contentUrl\":\"https:\\\/\\\/i0.wp.com\\\/wobronietradycjiiwiary.com\\\/wp-content\\\/uploads\\\/2015\\\/10\\\/cropped-st-peters-dome-vatican.jpg?fit=940%2C198&ssl=1\",\"width\":940,\"height\":198,\"caption\":\"Tradycja i Wiara\"},\"image\":{\"@id\":\"https:\\\/\\\/wobronietradycjiiwiary.com\\\/pl\\\/#\\\/schema\\\/logo\\\/image\\\/\"},\"sameAs\":[\"https:\\\/\\\/www.facebook.com\\\/Tradycja-i-Wiara-108813920592249\"]},{\"@type\":\"Person\",\"@id\":\"https:\\\/\\\/wobronietradycjiiwiary.com\\\/pl\\\/#\\\/schema\\\/person\\\/2d6180ce6abcb681fef0daab7816e8f3\",\"name\":\"Traditio et Fides\",\"sameAs\":[\"https:\\\/\\\/traditionundglauben.com\"],\"url\":\"https:\\\/\\\/wobronietradycjiiwiary.com\\\/pl\\\/author\\\/wobronietradycjiiwiary\\\/\"}]}<\/script>\n<!-- \/ Yoast SEO plugin. -->","yoast_head_json":{"title":"Czytania postne Brewiarza Trydenckiego. Poniedzia\u0142ek w pierwszym tygodniu Wlk. Postu - Tradycja i Wiara","robots":{"index":"index","follow":"follow","max-snippet":"max-snippet:-1","max-image-preview":"max-image-preview:large","max-video-preview":"max-video-preview:-1"},"canonical":"https:\/\/wobronietradycjiiwiary.com\/pl\/czytania-postne-brewiarza-trydenckiego-6\/","og_locale":"pl_PL","og_type":"article","og_title":"Czytania postne Brewiarza Trydenckiego. Poniedzia\u0142ek w pierwszym tygodniu Wlk. Postu - Tradycja i Wiara","og_description":"Czytania Brewiarza Trydenckiego na poniedzia\u0142ek w pierwszym tygodniu Wielkiego Postu","og_url":"https:\/\/wobronietradycjiiwiary.com\/pl\/czytania-postne-brewiarza-trydenckiego-6\/","og_site_name":"Tradycja i Wiara","article_publisher":"https:\/\/www.facebook.com\/Tradycja-i-Wiara-108813920592249","article_published_time":"2022-03-07T07:20:00+00:00","article_modified_time":"2025-02-10T10:16:00+00:00","og_image":[{"width":598,"height":427,"url":"https:\/\/wobronietradycjiiwiary.com\/wp-content\/uploads\/2022\/03\/MOnks-praying.jpg","type":"image\/jpeg"}],"author":"Traditio et Fides","twitter_card":"summary_large_image","twitter_misc":{"Napisane przez":"Traditio et Fides","Szacowany czas czytania":"7 minut"},"schema":{"@context":"https:\/\/schema.org","@graph":[{"@type":"Article","@id":"https:\/\/wobronietradycjiiwiary.com\/czytania-postne-brewiarza-trydenckiego-6\/#article","isPartOf":{"@id":"https:\/\/wobronietradycjiiwiary.com\/czytania-postne-brewiarza-trydenckiego-6\/"},"author":{"name":"Traditio et Fides","@id":"https:\/\/wobronietradycjiiwiary.com\/pl\/#\/schema\/person\/2d6180ce6abcb681fef0daab7816e8f3"},"headline":"Czytania postne Brewiarza Trydenckiego. Poniedzia\u0142ek w pierwszym tygodniu Wlk. Postu","datePublished":"2022-03-07T07:20:00+00:00","dateModified":"2025-02-10T10:16:00+00:00","mainEntityOfPage":{"@id":"https:\/\/wobronietradycjiiwiary.com\/czytania-postne-brewiarza-trydenckiego-6\/"},"wordCount":693,"commentCount":0,"publisher":{"@id":"https:\/\/wobronietradycjiiwiary.com\/pl\/#organization"},"image":{"@id":"https:\/\/wobronietradycjiiwiary.com\/czytania-postne-brewiarza-trydenckiego-6\/#primaryimage"},"thumbnailUrl":"https:\/\/wobronietradycjiiwiary.com\/wp-content\/uploads\/2022\/03\/MOnks-praying.jpg","keywords":["Czytania Brewiarzowe na Wielki Post"],"articleSection":["Duchowo\u015b\u0107","Liturgia i liturgika"],"inLanguage":"pl-PL","potentialAction":[{"@type":"CommentAction","name":"Comment","target":["https:\/\/wobronietradycjiiwiary.com\/czytania-postne-brewiarza-trydenckiego-6\/#respond"]}]},{"@type":"WebPage","@id":"https:\/\/wobronietradycjiiwiary.com\/czytania-postne-brewiarza-trydenckiego-6\/","url":"https:\/\/wobronietradycjiiwiary.com\/czytania-postne-brewiarza-trydenckiego-6\/","name":"Czytania postne Brewiarza Trydenckiego. Poniedzia\u0142ek w pierwszym tygodniu Wlk. Postu - Tradycja i Wiara","isPartOf":{"@id":"https:\/\/wobronietradycjiiwiary.com\/pl\/#website"},"primaryImageOfPage":{"@id":"https:\/\/wobronietradycjiiwiary.com\/czytania-postne-brewiarza-trydenckiego-6\/#primaryimage"},"image":{"@id":"https:\/\/wobronietradycjiiwiary.com\/czytania-postne-brewiarza-trydenckiego-6\/#primaryimage"},"thumbnailUrl":"https:\/\/wobronietradycjiiwiary.com\/wp-content\/uploads\/2022\/03\/MOnks-praying.jpg","datePublished":"2022-03-07T07:20:00+00:00","dateModified":"2025-02-10T10:16:00+00:00","breadcrumb":{"@id":"https:\/\/wobronietradycjiiwiary.com\/czytania-postne-brewiarza-trydenckiego-6\/#breadcrumb"},"inLanguage":"pl-PL","potentialAction":[{"@type":"ReadAction","target":["https:\/\/wobronietradycjiiwiary.com\/czytania-postne-brewiarza-trydenckiego-6\/"]}]},{"@type":"ImageObject","inLanguage":"pl-PL","@id":"https:\/\/wobronietradycjiiwiary.com\/czytania-postne-brewiarza-trydenckiego-6\/#primaryimage","url":"https:\/\/wobronietradycjiiwiary.com\/wp-content\/uploads\/2022\/03\/MOnks-praying.jpg","contentUrl":"https:\/\/wobronietradycjiiwiary.com\/wp-content\/uploads\/2022\/03\/MOnks-praying.jpg","width":598,"height":427},{"@type":"BreadcrumbList","@id":"https:\/\/wobronietradycjiiwiary.com\/czytania-postne-brewiarza-trydenckiego-6\/#breadcrumb","itemListElement":[{"@type":"ListItem","position":1,"name":"Strona g\u0142\u00f3wna","item":"https:\/\/wobronietradycjiiwiary.com\/"},{"@type":"ListItem","position":2,"name":"Czytania postne Brewiarza Trydenckiego. Poniedzia\u0142ek w pierwszym tygodniu Wlk. Postu"}]},{"@type":"WebSite","@id":"https:\/\/wobronietradycjiiwiary.com\/pl\/#website","url":"https:\/\/wobronietradycjiiwiary.com\/pl\/","name":"Tradycja i Wiara","description":"Portal dla katolik\u00f3w.","publisher":{"@id":"https:\/\/wobronietradycjiiwiary.com\/pl\/#organization"},"potentialAction":[{"@type":"SearchAction","target":{"@type":"EntryPoint","urlTemplate":"https:\/\/wobronietradycjiiwiary.com\/pl\/?s={search_term_string}"},"query-input":{"@type":"PropertyValueSpecification","valueRequired":true,"valueName":"search_term_string"}}],"inLanguage":"pl-PL"},{"@type":"Organization","@id":"https:\/\/wobronietradycjiiwiary.com\/pl\/#organization","name":"Tradycja i Wiara","url":"https:\/\/wobronietradycjiiwiary.com\/pl\/","logo":{"@type":"ImageObject","inLanguage":"pl-PL","@id":"https:\/\/wobronietradycjiiwiary.com\/pl\/#\/schema\/logo\/image\/","url":"https:\/\/i0.wp.com\/wobronietradycjiiwiary.com\/wp-content\/uploads\/2015\/10\/cropped-st-peters-dome-vatican.jpg?fit=940%2C198&ssl=1","contentUrl":"https:\/\/i0.wp.com\/wobronietradycjiiwiary.com\/wp-content\/uploads\/2015\/10\/cropped-st-peters-dome-vatican.jpg?fit=940%2C198&ssl=1","width":940,"height":198,"caption":"Tradycja i Wiara"},"image":{"@id":"https:\/\/wobronietradycjiiwiary.com\/pl\/#\/schema\/logo\/image\/"},"sameAs":["https:\/\/www.facebook.com\/Tradycja-i-Wiara-108813920592249"]},{"@type":"Person","@id":"https:\/\/wobronietradycjiiwiary.com\/pl\/#\/schema\/person\/2d6180ce6abcb681fef0daab7816e8f3","name":"Traditio et Fides","sameAs":["https:\/\/traditionundglauben.com"],"url":"https:\/\/wobronietradycjiiwiary.com\/pl\/author\/wobronietradycjiiwiary\/"}]}},"jetpack_publicize_connections":[],"jetpack_sharing_enabled":true,"jetpack_likes_enabled":true,"jetpack_shortlink":"https:\/\/wp.me\/pc04Sd-gqc","jetpack-related-posts":[{"id":113288,"url":"https:\/\/wobronietradycjiiwiary.com\/pl\/czytania-postne-brewiarza-trydenckiego-poniedzialek-po-trzeciej-niedzieli-wielkiego-postu-quadragesima\/","url_meta":{"origin":63128,"position":0},"title":"Czytania postne Brewiarza Trydenckiego. Poniedzia\u0142ek po Trzeciej Niedzieli Wielkiego Postu &#8211; Quadragesima","author":"Prospector Veritatis","date":"4 marca 2024","format":false,"excerpt":"Czytania Brewiarza Trydenckiego na poniedzia\u0142ek po III niedzieli Wielkiego Postu.","rel":"","context":"W \u201eDuchowo\u015b\u0107&quot;","block_context":{"text":"Duchowo\u015b\u0107","link":"https:\/\/wobronietradycjiiwiary.com\/pl\/category\/duchowosc\/"},"img":{"alt_text":"","src":"https:\/\/i0.wp.com\/wobronietradycjiiwiary.com\/wp-content\/uploads\/2022\/03\/MOnks-praying.jpg?resize=350%2C200&ssl=1","width":350,"height":200,"srcset":"https:\/\/i0.wp.com\/wobronietradycjiiwiary.com\/wp-content\/uploads\/2022\/03\/MOnks-praying.jpg?resize=350%2C200&ssl=1 1x, https:\/\/i0.wp.com\/wobronietradycjiiwiary.com\/wp-content\/uploads\/2022\/03\/MOnks-praying.jpg?resize=525%2C300&ssl=1 1.5x"},"classes":[]},{"id":130016,"url":"https:\/\/wobronietradycjiiwiary.com\/pl\/czytania-postne-brewiarza-trydenckiego-poniedzialek-po-trzeciej-niedzieli-wielkiego-postu-quadragesima-2\/","url_meta":{"origin":63128,"position":1},"title":"Czytania postne Brewiarza Trydenckiego. Poniedzia\u0142ek po Trzeciej Niedzieli Wielkiego Postu &#8211; Quadragesima","author":"Prospector Veritatis","date":"24 marca 2025","format":false,"excerpt":"Czytania Brewiarza Trydenckiego na poniedzia\u0142ek po III niedzieli Wielkiego Postu.","rel":"","context":"W \u201eDuchowo\u015b\u0107&quot;","block_context":{"text":"Duchowo\u015b\u0107","link":"https:\/\/wobronietradycjiiwiary.com\/pl\/category\/duchowosc\/"},"img":{"alt_text":"","src":"https:\/\/i0.wp.com\/wobronietradycjiiwiary.com\/wp-content\/uploads\/2022\/03\/MOnks-praying.jpg?resize=350%2C200&ssl=1","width":350,"height":200,"srcset":"https:\/\/i0.wp.com\/wobronietradycjiiwiary.com\/wp-content\/uploads\/2022\/03\/MOnks-praying.jpg?resize=350%2C200&ssl=1 1x, https:\/\/i0.wp.com\/wobronietradycjiiwiary.com\/wp-content\/uploads\/2022\/03\/MOnks-praying.jpg?resize=525%2C300&ssl=1 1.5x"},"classes":[]},{"id":63137,"url":"https:\/\/wobronietradycjiiwiary.com\/pl\/czytania-postne-brewiarza-trydenckiego-7\/","url_meta":{"origin":63128,"position":2},"title":"Czytania postne Brewiarza Trydenckiego. Wtorek w pierwszym tygodniu Wielkiego Postu.","author":"Traditio et Fides","date":"8 marca 2022","format":false,"excerpt":"Czytania Brewiarza Trydenckiego na wtorek pierwszego tygodnia Wielkiego Postu.","rel":"","context":"W \u201eDuchowo\u015b\u0107&quot;","block_context":{"text":"Duchowo\u015b\u0107","link":"https:\/\/wobronietradycjiiwiary.com\/pl\/category\/duchowosc\/"},"img":{"alt_text":"","src":"https:\/\/i0.wp.com\/wobronietradycjiiwiary.com\/wp-content\/uploads\/2022\/03\/MOnks-praying.jpg?resize=350%2C200&ssl=1","width":350,"height":200,"srcset":"https:\/\/i0.wp.com\/wobronietradycjiiwiary.com\/wp-content\/uploads\/2022\/03\/MOnks-praying.jpg?resize=350%2C200&ssl=1 1x, https:\/\/i0.wp.com\/wobronietradycjiiwiary.com\/wp-content\/uploads\/2022\/03\/MOnks-praying.jpg?resize=525%2C300&ssl=1 1.5x"},"classes":[]},{"id":63173,"url":"https:\/\/wobronietradycjiiwiary.com\/pl\/czytania-postne-brewiarza-trydenckiego-11\/","url_meta":{"origin":63128,"position":3},"title":"Czytania postne Brewiarza Trydenckiego. Sobota w pierwszym tygodniu Wlk. Postu &#8211; Dni Suche","author":"Traditio et Fides","date":"12 marca 2022","format":false,"excerpt":"Czytania Brewiarza Trydenckiego na sobot\u0119 pierwszego tygodnia (Dni Suche) Wielkiego Postu.","rel":"","context":"W \u201eDuchowo\u015b\u0107&quot;","block_context":{"text":"Duchowo\u015b\u0107","link":"https:\/\/wobronietradycjiiwiary.com\/pl\/category\/duchowosc\/"},"img":{"alt_text":"","src":"https:\/\/i0.wp.com\/wobronietradycjiiwiary.com\/wp-content\/uploads\/2022\/03\/MOnks-praying.jpg?resize=350%2C200&ssl=1","width":350,"height":200,"srcset":"https:\/\/i0.wp.com\/wobronietradycjiiwiary.com\/wp-content\/uploads\/2022\/03\/MOnks-praying.jpg?resize=350%2C200&ssl=1 1x, https:\/\/i0.wp.com\/wobronietradycjiiwiary.com\/wp-content\/uploads\/2022\/03\/MOnks-praying.jpg?resize=525%2C300&ssl=1 1.5x"},"classes":[]},{"id":63156,"url":"https:\/\/wobronietradycjiiwiary.com\/pl\/czytania-postne-brewiarza-trydenckiego-9\/","url_meta":{"origin":63128,"position":4},"title":"Czytania postne Brewiarza Trydenckiego","author":"Traditio et Fides","date":"10 marca 2022","format":false,"excerpt":"Czytania Brewiarza Trydenckiego na czwartek w pierwszym tygodniu Wielkiego Postu","rel":"","context":"W \u201eDuchowo\u015b\u0107&quot;","block_context":{"text":"Duchowo\u015b\u0107","link":"https:\/\/wobronietradycjiiwiary.com\/pl\/category\/duchowosc\/"},"img":{"alt_text":"","src":"https:\/\/i0.wp.com\/wobronietradycjiiwiary.com\/wp-content\/uploads\/2022\/03\/MOnks-praying.jpg?resize=350%2C200&ssl=1","width":350,"height":200,"srcset":"https:\/\/i0.wp.com\/wobronietradycjiiwiary.com\/wp-content\/uploads\/2022\/03\/MOnks-praying.jpg?resize=350%2C200&ssl=1 1x, https:\/\/i0.wp.com\/wobronietradycjiiwiary.com\/wp-content\/uploads\/2022\/03\/MOnks-praying.jpg?resize=525%2C300&ssl=1 1.5x"},"classes":[]},{"id":65072,"url":"https:\/\/wobronietradycjiiwiary.com\/pl\/czytania-postne-brewiarza-trydenckiego-20\/","url_meta":{"origin":63128,"position":5},"title":"Czytania postne Brewiarza Trydenckiego. Poniedzia\u0142ek w trzecim tygodniu Wlk. Postu","author":"Traditio et Fides","date":"21 marca 2022","format":false,"excerpt":"Czytania Brewiarza Trydenckiego na poniedzia\u0142ek w trzecim tygodniu Wielkiego Postu.","rel":"","context":"W \u201eDuchowo\u015b\u0107&quot;","block_context":{"text":"Duchowo\u015b\u0107","link":"https:\/\/wobronietradycjiiwiary.com\/pl\/category\/duchowosc\/"},"img":{"alt_text":"","src":"https:\/\/i0.wp.com\/wobronietradycjiiwiary.com\/wp-content\/uploads\/2022\/03\/MOnks-praying.jpg?resize=350%2C200&ssl=1","width":350,"height":200,"srcset":"https:\/\/i0.wp.com\/wobronietradycjiiwiary.com\/wp-content\/uploads\/2022\/03\/MOnks-praying.jpg?resize=350%2C200&ssl=1 1x, https:\/\/i0.wp.com\/wobronietradycjiiwiary.com\/wp-content\/uploads\/2022\/03\/MOnks-praying.jpg?resize=525%2C300&ssl=1 1.5x"},"classes":[]}],"amp_enabled":true,"jetpack_featured_media_url":"https:\/\/wobronietradycjiiwiary.com\/wp-content\/uploads\/2022\/03\/MOnks-praying.jpg","_links":{"self":[{"href":"https:\/\/wobronietradycjiiwiary.com\/pl\/wp-json\/wp\/v2\/posts\/63128","targetHints":{"allow":["GET"]}}],"collection":[{"href":"https:\/\/wobronietradycjiiwiary.com\/pl\/wp-json\/wp\/v2\/posts"}],"about":[{"href":"https:\/\/wobronietradycjiiwiary.com\/pl\/wp-json\/wp\/v2\/types\/post"}],"author":[{"embeddable":true,"href":"https:\/\/wobronietradycjiiwiary.com\/pl\/wp-json\/wp\/v2\/users\/60508433"}],"replies":[{"embeddable":true,"href":"https:\/\/wobronietradycjiiwiary.com\/pl\/wp-json\/wp\/v2\/comments?post=63128"}],"version-history":[{"count":9,"href":"https:\/\/wobronietradycjiiwiary.com\/pl\/wp-json\/wp\/v2\/posts\/63128\/revisions"}],"predecessor-version":[{"id":111874,"href":"https:\/\/wobronietradycjiiwiary.com\/pl\/wp-json\/wp\/v2\/posts\/63128\/revisions\/111874"}],"wp:featuredmedia":[{"embeddable":true,"href":"https:\/\/wobronietradycjiiwiary.com\/pl\/wp-json\/wp\/v2\/media\/62967"}],"wp:attachment":[{"href":"https:\/\/wobronietradycjiiwiary.com\/pl\/wp-json\/wp\/v2\/media?parent=63128"}],"wp:term":[{"taxonomy":"category","embeddable":true,"href":"https:\/\/wobronietradycjiiwiary.com\/pl\/wp-json\/wp\/v2\/categories?post=63128"},{"taxonomy":"post_tag","embeddable":true,"href":"https:\/\/wobronietradycjiiwiary.com\/pl\/wp-json\/wp\/v2\/tags?post=63128"}],"curies":[{"name":"wp","href":"https:\/\/api.w.org\/{rel}","templated":true}]}}