{"id":6039,"date":"2015-05-17T19:46:32","date_gmt":"2015-05-17T17:46:32","guid":{"rendered":"https:\/\/wobronietradycjiiwiary.com\/?p=6039"},"modified":"2025-02-07T16:02:50","modified_gmt":"2025-02-07T15:02:50","slug":"dziwi-sie-bloger-czytelnikom-swoim-prosba-o-wypelnienie-ankiety","status":"publish","type":"post","link":"https:\/\/wobronietradycjiiwiary.com\/pl\/dziwi-sie-bloger-czytelnikom-swoim-prosba-o-wypelnienie-ankiety\/","title":{"rendered":"Dziwi si\u0119 blogger czytelnikom swoim. Pro\u015bba o wype\u0142nienie ankiety."},"content":{"rendered":"<div id=\"bsf_rt_marker\"><\/div><p>Istnieje maksyma: mirabilis Deus sanctis suis czyli\u00a0 &#8220;przedziwny jest B\u00f3g w swoich \u015bwi\u0119tych&#8221;, gdy\u017c ka\u017cdy \u015bwi\u0119ty objawia jak\u0105\u015b cech\u0119 Pana&hellip;<\/p>\n<div style=\"text-align: center\">\n<p>&nbsp;<\/p>\n<\/div>\n<h2 style=\"border: 5px solid #0000A0;padding: 1em;text-align: center\"><span style=\"color: #000000\">Pe\u0142en dost\u0119p dla <span style=\"color: #00ccff\"><a style=\"color: #00ccff\" href=\"https:\/\/wobronietradycjiiwiary.com\/subskrypcje-2\/\" target=\"_blank\" rel=\"noopener\">subskrybent\u00f3w<\/a><\/span>.<\/span><br \/>\n<span style=\"color: #3366ff\"><a style=\"color: #3366ff\" href=\"https:\/\/wobronietradycjiiwiary.com\/account\/login\/\" target=\"_blank\" rel=\"noopener\"><span style=\"color: #00ccff\">Zaloguj<\/span><\/a> <\/span>si\u0119 lub przejd\u017a do <a href=\"https:\/\/wobronietradycjiiwiary.com\/register\/\"><span style=\"color: #3366ff\">Rejestracji<\/span><\/a>.<\/h2>\n<div>\n<p style=\"text-align: center\"><a href=\"https:\/\/wobronietradycjiiwiary.com\/pl\/subskrypcje-2\/cennik\/\" target=\"_blank\" rel=\"noopener\"><span style=\"color: #000080;font-size: 24pt\"><strong>Nowe ni\u017csze ceny<\/strong><\/span><\/a><\/p>\n<p style=\"text-align: center\"><strong><span style=\"font-size: 18pt;color: #000080\">P\u0142atno\u015b\u0107 kart\u0105<\/span><\/strong><\/p>\n<\/div>\n<h3 style=\"text-align: center\"><a href=\"https:\/\/wobronietradycjiiwiary.com\/pl\/subskrypcje-2\/automatyczne\/indywidualne\/\" target=\"_blank\" rel=\"noopener\"><img fetchpriority=\"high\" decoding=\"async\" class=\"alignnone size-medium wp-image-80433\" src=\"https:\/\/wobronietradycjiiwiary.com\/wp-content\/uploads\/2022\/11\/Unbenannt-1-Online-1-300x202.jpg\" alt=\"\" width=\"300\" height=\"202\" srcset=\"https:\/\/wobronietradycjiiwiary.com\/wp-content\/uploads\/2022\/11\/Unbenannt-1-Online-1-300x202.jpg 300w, https:\/\/wobronietradycjiiwiary.com\/wp-content\/uploads\/2022\/11\/Unbenannt-1-Online-1-150x101.jpg 150w, https:\/\/wobronietradycjiiwiary.com\/wp-content\/uploads\/2022\/11\/Unbenannt-1-Online-1-18x12.jpg 18w, https:\/\/wobronietradycjiiwiary.com\/wp-content\/uploads\/2022\/11\/Unbenannt-1-Online-1.jpg 446w\" sizes=\"(max-width: 300px) 100vw, 300px\" \/><\/a><\/h3>\n<p style=\"text-align: center\"><strong><span style=\"font-size: 18pt;color: #000080\">P\u0142atno\u015b\u0107 przelewem<\/span><\/strong><\/p>\n<p><a href=\"https:\/\/wobronietradycjiiwiary.com\/pl\/subskrypcje-2\/automatyczne\/indywidualne\/\" target=\"_blank\" rel=\"noopener\"><img decoding=\"async\" class=\"size-medium wp-image-80434 aligncenter\" src=\"https:\/\/wobronietradycjiiwiary.com\/wp-content\/uploads\/2022\/11\/Unbenannt-1-Przelewem-300x137.jpg\" alt=\"\" width=\"300\" height=\"137\" srcset=\"https:\/\/wobronietradycjiiwiary.com\/wp-content\/uploads\/2022\/11\/Unbenannt-1-Przelewem-300x137.jpg 300w, https:\/\/wobronietradycjiiwiary.com\/wp-content\/uploads\/2022\/11\/Unbenannt-1-Przelewem-450x206.jpg 450w, https:\/\/wobronietradycjiiwiary.com\/wp-content\/uploads\/2022\/11\/Unbenannt-1-Przelewem-600x274.jpg 600w, https:\/\/wobronietradycjiiwiary.com\/wp-content\/uploads\/2022\/11\/Unbenannt-1-Przelewem-150x69.jpg 150w, https:\/\/wobronietradycjiiwiary.com\/wp-content\/uploads\/2022\/11\/Unbenannt-1-Przelewem-18x8.jpg 18w, https:\/\/wobronietradycjiiwiary.com\/wp-content\/uploads\/2022\/11\/Unbenannt-1-Przelewem.jpg 676w\" sizes=\"(max-width: 300px) 100vw, 300px\" \/><\/a><\/p>\n<p style=\"text-align: center\"><strong><span style=\"font-size: 18pt;color: #000080\">P\u0142atno\u015b\u0107 kart\u0105 do 6 os\u00f3b<\/span><\/strong><\/p>\n<p><a href=\"https:\/\/wobronietradycjiiwiary.com\/pl\/rodzinne\/\" target=\"_blank\" rel=\"noopener\"><img decoding=\"async\" class=\"size-medium wp-image-80435 aligncenter\" src=\"https:\/\/wobronietradycjiiwiary.com\/wp-content\/uploads\/2022\/11\/Unbenannt-1-Rodzinna-300x208.jpg\" alt=\"\" width=\"300\" height=\"208\" srcset=\"https:\/\/wobronietradycjiiwiary.com\/wp-content\/uploads\/2022\/11\/Unbenannt-1-Rodzinna-300x208.jpg 300w, https:\/\/wobronietradycjiiwiary.com\/wp-content\/uploads\/2022\/11\/Unbenannt-1-Rodzinna-150x104.jpg 150w, https:\/\/wobronietradycjiiwiary.com\/wp-content\/uploads\/2022\/11\/Unbenannt-1-Rodzinna-18x12.jpg 18w, https:\/\/wobronietradycjiiwiary.com\/wp-content\/uploads\/2022\/11\/Unbenannt-1-Rodzinna.jpg 448w\" sizes=\"(max-width: 300px) 100vw, 300px\" \/><\/a><\/p>\n<h3 style=\"text-align: center\"><\/h3>\n<h1 style=\"text-align: center\"><\/h1>\n","protected":false},"excerpt":{"rendered":"<p>Istnieje maksyma: mirabilis Deus sanctis suis czyli\u00a0 &#8220;przedziwny jest B\u00f3g w swoich \u015bwi\u0119tych&#8221;, gdy\u017c ka\u017cdy \u015bwi\u0119ty objawia jak\u0105\u015b cech\u0119 Pana&hellip; &nbsp; Pe\u0142en dost\u0119p dla subskrybent\u00f3w. Zaloguj si\u0119 lub przejd\u017a do Rejestracji. Nowe ni\u017csze ceny P\u0142atno\u015b\u0107 kart\u0105 P\u0142atno\u015b\u0107 przelewem P\u0142atno\u015b\u0107 kart\u0105 do 6 os\u00f3b<\/p>\n","protected":false},"author":60508433,"featured_media":0,"comment_status":"closed","ping_status":"closed","sticky":false,"template":"","format":"standard","meta":{"_bbp_topic_count":0,"_bbp_reply_count":0,"_bbp_total_topic_count":0,"_bbp_total_reply_count":0,"_bbp_voice_count":0,"_bbp_anonymous_reply_count":0,"_bbp_topic_count_hidden":0,"_bbp_reply_count_hidden":0,"_bbp_forum_subforum_count":0,"_editorskit_title_hidden":false,"_editorskit_reading_time":0,"_editorskit_is_block_options_detached":false,"_editorskit_block_options_position":"{}","_coblocks_attr":"","_coblocks_dimensions":"","_coblocks_responsive_height":"","_coblocks_accordion_ie_support":"","_exactmetrics_skip_tracking":false,"_jetpack_newsletter_access":"","_jetpack_dont_email_post_to_subs":false,"_jetpack_newsletter_tier_id":0,"_jetpack_memberships_contains_paywalled_content":false,"_wpcom_ai_launchpad_first_post":false,"_jetpack_feature_clip_id":0,"_jetpack_memberships_contains_paid_content":false,"footnotes":"","jetpack_publicize_message":"{title}\n\n{excerpt}\n\n{url}","jetpack_publicize_feature_enabled":true,"jetpack_social_post_already_shared":true,"jetpack_social_options":{"image_generator_settings":{"template":"highway","default_image_id":0,"font":"","enabled":false},"version":2},"_wpas_customize_per_network":false,"jetpack_post_was_ever_published":false},"categories":[358253548],"tags":[1630691,610132562,356421029,610132133],"class_list":["post-6039","post","type-post","status-publish","format-standard","hentry","category-uwagi-administracji","tag-ankieta","tag-premium","tag-pytania-do-czytelnikow","tag-restricted"],"yoast_head":"<!-- This site is optimized with the Yoast SEO plugin v28.4 - https:\/\/yoast.com\/product\/yoast-seo-wordpress\/ -->\n<title>Dziwi si\u0119 blogger czytelnikom swoim. Pro\u015bba o wype\u0142nienie ankiety. - Tradycja i Wiara<\/title>\n<meta name=\"description\" content=\"Dziwi si\u0119 blogger czytelnikom swoim. Pro\u015bba o wype\u0142nienie ankiety. zdziwienie blogger czytelnicy ankieta\" \/>\n<meta name=\"robots\" content=\"index, follow, max-snippet:-1, max-image-preview:large, max-video-preview:-1\" \/>\n<link rel=\"canonical\" href=\"https:\/\/wobronietradycjiiwiary.com\/pl\/dziwi-sie-bloger-czytelnikom-swoim-prosba-o-wypelnienie-ankiety\/\" \/>\n<meta property=\"og:locale\" content=\"pl_PL\" \/>\n<meta property=\"og:type\" content=\"article\" \/>\n<meta property=\"og:title\" content=\"Dziwi si\u0119 blogger czytelnikom swoim. Pro\u015bba o wype\u0142nienie ankiety. - Tradycja i Wiara\" \/>\n<meta property=\"og:description\" content=\"Dziwi si\u0119 blogger czytelnikom swoim. Pro\u015bba o wype\u0142nienie ankiety. zdziwienie blogger czytelnicy ankieta\" \/>\n<meta property=\"og:url\" content=\"https:\/\/wobronietradycjiiwiary.com\/pl\/dziwi-sie-bloger-czytelnikom-swoim-prosba-o-wypelnienie-ankiety\/\" \/>\n<meta property=\"og:site_name\" content=\"Tradycja i Wiara\" \/>\n<meta property=\"article:publisher\" content=\"https:\/\/www.facebook.com\/Tradycja-i-Wiara-108813920592249\" \/>\n<meta property=\"article:published_time\" content=\"2015-05-17T17:46:32+00:00\" \/>\n<meta property=\"article:modified_time\" content=\"2025-02-07T15:02:50+00:00\" \/>\n<meta property=\"og:image\" content=\"https:\/\/wobronietradycjiiwiary.com\/wp-content\/uploads\/2015\/05\/portarait-of-philosopher-vladimir-solovyov-1885.jpg?w=251\" \/>\n<meta name=\"author\" content=\"Traditio et Fides\" \/>\n<meta name=\"twitter:card\" content=\"summary_large_image\" \/>\n<meta name=\"twitter:label1\" content=\"Napisane przez\" \/>\n\t<meta name=\"twitter:data1\" content=\"Traditio et Fides\" \/>\n\t<meta name=\"twitter:label2\" content=\"Szacowany czas czytania\" \/>\n\t<meta name=\"twitter:data2\" content=\"2 minuty\" \/>\n<script type=\"application\/ld+json\" class=\"yoast-schema-graph\">{\"@context\":\"https:\\\/\\\/schema.org\",\"@graph\":[{\"@type\":\"Article\",\"@id\":\"https:\\\/\\\/wobronietradycjiiwiary.com\\\/dziwi-sie-bloger-czytelnikom-swoim-prosba-o-wypelnienie-ankiety\\\/#article\",\"isPartOf\":{\"@id\":\"https:\\\/\\\/wobronietradycjiiwiary.com\\\/dziwi-sie-bloger-czytelnikom-swoim-prosba-o-wypelnienie-ankiety\\\/\"},\"author\":{\"name\":\"Traditio et Fides\",\"@id\":\"https:\\\/\\\/wobronietradycjiiwiary.com\\\/pl\\\/#\\\/schema\\\/person\\\/2d6180ce6abcb681fef0daab7816e8f3\"},\"headline\":\"Dziwi si\u0119 blogger czytelnikom swoim. Pro\u015bba o wype\u0142nienie ankiety.\",\"datePublished\":\"2015-05-17T17:46:32+00:00\",\"dateModified\":\"2025-02-07T15:02:50+00:00\",\"mainEntityOfPage\":{\"@id\":\"https:\\\/\\\/wobronietradycjiiwiary.com\\\/dziwi-sie-bloger-czytelnikom-swoim-prosba-o-wypelnienie-ankiety\\\/\"},\"wordCount\":394,\"publisher\":{\"@id\":\"https:\\\/\\\/wobronietradycjiiwiary.com\\\/pl\\\/#organization\"},\"image\":{\"@id\":\"https:\\\/\\\/wobronietradycjiiwiary.com\\\/dziwi-sie-bloger-czytelnikom-swoim-prosba-o-wypelnienie-ankiety\\\/#primaryimage\"},\"thumbnailUrl\":\"https:\\\/\\\/wobronietradycjiiwiary.com\\\/wp-content\\\/uploads\\\/2015\\\/05\\\/portarait-of-philosopher-vladimir-solovyov-1885.jpg?w=251\",\"keywords\":[\"Ankieta\",\"Premium\",\"Pytania do czytelnik\u00f3w\",\"Restricted\"],\"articleSection\":[\"Uwagi administracji\"],\"inLanguage\":\"pl-PL\"},{\"@type\":\"WebPage\",\"@id\":\"https:\\\/\\\/wobronietradycjiiwiary.com\\\/dziwi-sie-bloger-czytelnikom-swoim-prosba-o-wypelnienie-ankiety\\\/\",\"url\":\"https:\\\/\\\/wobronietradycjiiwiary.com\\\/dziwi-sie-bloger-czytelnikom-swoim-prosba-o-wypelnienie-ankiety\\\/\",\"name\":\"Dziwi si\u0119 blogger czytelnikom swoim. Pro\u015bba o wype\u0142nienie ankiety. - Tradycja i Wiara\",\"isPartOf\":{\"@id\":\"https:\\\/\\\/wobronietradycjiiwiary.com\\\/pl\\\/#website\"},\"primaryImageOfPage\":{\"@id\":\"https:\\\/\\\/wobronietradycjiiwiary.com\\\/dziwi-sie-bloger-czytelnikom-swoim-prosba-o-wypelnienie-ankiety\\\/#primaryimage\"},\"image\":{\"@id\":\"https:\\\/\\\/wobronietradycjiiwiary.com\\\/dziwi-sie-bloger-czytelnikom-swoim-prosba-o-wypelnienie-ankiety\\\/#primaryimage\"},\"thumbnailUrl\":\"https:\\\/\\\/wobronietradycjiiwiary.com\\\/wp-content\\\/uploads\\\/2015\\\/05\\\/portarait-of-philosopher-vladimir-solovyov-1885.jpg?w=251\",\"datePublished\":\"2015-05-17T17:46:32+00:00\",\"dateModified\":\"2025-02-07T15:02:50+00:00\",\"description\":\"Dziwi si\u0119 blogger czytelnikom swoim. Pro\u015bba o wype\u0142nienie ankiety. zdziwienie blogger czytelnicy ankieta\",\"breadcrumb\":{\"@id\":\"https:\\\/\\\/wobronietradycjiiwiary.com\\\/dziwi-sie-bloger-czytelnikom-swoim-prosba-o-wypelnienie-ankiety\\\/#breadcrumb\"},\"inLanguage\":\"pl-PL\",\"potentialAction\":[{\"@type\":\"ReadAction\",\"target\":[\"https:\\\/\\\/wobronietradycjiiwiary.com\\\/dziwi-sie-bloger-czytelnikom-swoim-prosba-o-wypelnienie-ankiety\\\/\"]}]},{\"@type\":\"ImageObject\",\"inLanguage\":\"pl-PL\",\"@id\":\"https:\\\/\\\/wobronietradycjiiwiary.com\\\/dziwi-sie-bloger-czytelnikom-swoim-prosba-o-wypelnienie-ankiety\\\/#primaryimage\",\"url\":\"https:\\\/\\\/wobronietradycjiiwiary.com\\\/wp-content\\\/uploads\\\/2015\\\/05\\\/portarait-of-philosopher-vladimir-solovyov-1885.jpg?w=251\",\"contentUrl\":\"https:\\\/\\\/wobronietradycjiiwiary.com\\\/wp-content\\\/uploads\\\/2015\\\/05\\\/portarait-of-philosopher-vladimir-solovyov-1885.jpg?w=251\"},{\"@type\":\"BreadcrumbList\",\"@id\":\"https:\\\/\\\/wobronietradycjiiwiary.com\\\/dziwi-sie-bloger-czytelnikom-swoim-prosba-o-wypelnienie-ankiety\\\/#breadcrumb\",\"itemListElement\":[{\"@type\":\"ListItem\",\"position\":1,\"name\":\"Strona g\u0142\u00f3wna\",\"item\":\"https:\\\/\\\/wobronietradycjiiwiary.com\\\/\"},{\"@type\":\"ListItem\",\"position\":2,\"name\":\"Dziwi si\u0119 blogger czytelnikom swoim. Pro\u015bba o wype\u0142nienie ankiety.\"}]},{\"@type\":\"WebSite\",\"@id\":\"https:\\\/\\\/wobronietradycjiiwiary.com\\\/pl\\\/#website\",\"url\":\"https:\\\/\\\/wobronietradycjiiwiary.com\\\/pl\\\/\",\"name\":\"Tradycja i Wiara\",\"description\":\"Portal dla katolik\u00f3w.\",\"publisher\":{\"@id\":\"https:\\\/\\\/wobronietradycjiiwiary.com\\\/pl\\\/#organization\"},\"potentialAction\":[{\"@type\":\"SearchAction\",\"target\":{\"@type\":\"EntryPoint\",\"urlTemplate\":\"https:\\\/\\\/wobronietradycjiiwiary.com\\\/pl\\\/?s={search_term_string}\"},\"query-input\":{\"@type\":\"PropertyValueSpecification\",\"valueRequired\":true,\"valueName\":\"search_term_string\"}}],\"inLanguage\":\"pl-PL\"},{\"@type\":\"Organization\",\"@id\":\"https:\\\/\\\/wobronietradycjiiwiary.com\\\/pl\\\/#organization\",\"name\":\"Tradycja i Wiara\",\"url\":\"https:\\\/\\\/wobronietradycjiiwiary.com\\\/pl\\\/\",\"logo\":{\"@type\":\"ImageObject\",\"inLanguage\":\"pl-PL\",\"@id\":\"https:\\\/\\\/wobronietradycjiiwiary.com\\\/pl\\\/#\\\/schema\\\/logo\\\/image\\\/\",\"url\":\"https:\\\/\\\/i0.wp.com\\\/wobronietradycjiiwiary.com\\\/wp-content\\\/uploads\\\/2015\\\/10\\\/cropped-st-peters-dome-vatican.jpg?fit=940%2C198&ssl=1\",\"contentUrl\":\"https:\\\/\\\/i0.wp.com\\\/wobronietradycjiiwiary.com\\\/wp-content\\\/uploads\\\/2015\\\/10\\\/cropped-st-peters-dome-vatican.jpg?fit=940%2C198&ssl=1\",\"width\":940,\"height\":198,\"caption\":\"Tradycja i Wiara\"},\"image\":{\"@id\":\"https:\\\/\\\/wobronietradycjiiwiary.com\\\/pl\\\/#\\\/schema\\\/logo\\\/image\\\/\"},\"sameAs\":[\"https:\\\/\\\/www.facebook.com\\\/Tradycja-i-Wiara-108813920592249\"]},{\"@type\":\"Person\",\"@id\":\"https:\\\/\\\/wobronietradycjiiwiary.com\\\/pl\\\/#\\\/schema\\\/person\\\/2d6180ce6abcb681fef0daab7816e8f3\",\"name\":\"Traditio et Fides\",\"sameAs\":[\"https:\\\/\\\/traditionundglauben.com\"],\"url\":\"https:\\\/\\\/wobronietradycjiiwiary.com\\\/pl\\\/author\\\/wobronietradycjiiwiary\\\/\"}]}<\/script>\n<!-- \/ Yoast SEO plugin. -->","yoast_head_json":{"title":"Dziwi si\u0119 blogger czytelnikom swoim. Pro\u015bba o wype\u0142nienie ankiety. - Tradycja i Wiara","description":"Dziwi si\u0119 blogger czytelnikom swoim. Pro\u015bba o wype\u0142nienie ankiety. zdziwienie blogger czytelnicy ankieta","robots":{"index":"index","follow":"follow","max-snippet":"max-snippet:-1","max-image-preview":"max-image-preview:large","max-video-preview":"max-video-preview:-1"},"canonical":"https:\/\/wobronietradycjiiwiary.com\/pl\/dziwi-sie-bloger-czytelnikom-swoim-prosba-o-wypelnienie-ankiety\/","og_locale":"pl_PL","og_type":"article","og_title":"Dziwi si\u0119 blogger czytelnikom swoim. Pro\u015bba o wype\u0142nienie ankiety. - Tradycja i Wiara","og_description":"Dziwi si\u0119 blogger czytelnikom swoim. Pro\u015bba o wype\u0142nienie ankiety. zdziwienie blogger czytelnicy ankieta","og_url":"https:\/\/wobronietradycjiiwiary.com\/pl\/dziwi-sie-bloger-czytelnikom-swoim-prosba-o-wypelnienie-ankiety\/","og_site_name":"Tradycja i Wiara","article_publisher":"https:\/\/www.facebook.com\/Tradycja-i-Wiara-108813920592249","article_published_time":"2015-05-17T17:46:32+00:00","article_modified_time":"2025-02-07T15:02:50+00:00","og_image":[{"url":"https:\/\/wobronietradycjiiwiary.com\/wp-content\/uploads\/2015\/05\/portarait-of-philosopher-vladimir-solovyov-1885.jpg?w=251","type":"","width":"","height":""}],"author":"Traditio et Fides","twitter_card":"summary_large_image","twitter_misc":{"Napisane przez":"Traditio et Fides","Szacowany czas czytania":"2 minuty"},"schema":{"@context":"https:\/\/schema.org","@graph":[{"@type":"Article","@id":"https:\/\/wobronietradycjiiwiary.com\/dziwi-sie-bloger-czytelnikom-swoim-prosba-o-wypelnienie-ankiety\/#article","isPartOf":{"@id":"https:\/\/wobronietradycjiiwiary.com\/dziwi-sie-bloger-czytelnikom-swoim-prosba-o-wypelnienie-ankiety\/"},"author":{"name":"Traditio et Fides","@id":"https:\/\/wobronietradycjiiwiary.com\/pl\/#\/schema\/person\/2d6180ce6abcb681fef0daab7816e8f3"},"headline":"Dziwi si\u0119 blogger czytelnikom swoim. Pro\u015bba o wype\u0142nienie ankiety.","datePublished":"2015-05-17T17:46:32+00:00","dateModified":"2025-02-07T15:02:50+00:00","mainEntityOfPage":{"@id":"https:\/\/wobronietradycjiiwiary.com\/dziwi-sie-bloger-czytelnikom-swoim-prosba-o-wypelnienie-ankiety\/"},"wordCount":394,"publisher":{"@id":"https:\/\/wobronietradycjiiwiary.com\/pl\/#organization"},"image":{"@id":"https:\/\/wobronietradycjiiwiary.com\/dziwi-sie-bloger-czytelnikom-swoim-prosba-o-wypelnienie-ankiety\/#primaryimage"},"thumbnailUrl":"https:\/\/wobronietradycjiiwiary.com\/wp-content\/uploads\/2015\/05\/portarait-of-philosopher-vladimir-solovyov-1885.jpg?w=251","keywords":["Ankieta","Premium","Pytania do czytelnik\u00f3w","Restricted"],"articleSection":["Uwagi administracji"],"inLanguage":"pl-PL"},{"@type":"WebPage","@id":"https:\/\/wobronietradycjiiwiary.com\/dziwi-sie-bloger-czytelnikom-swoim-prosba-o-wypelnienie-ankiety\/","url":"https:\/\/wobronietradycjiiwiary.com\/dziwi-sie-bloger-czytelnikom-swoim-prosba-o-wypelnienie-ankiety\/","name":"Dziwi si\u0119 blogger czytelnikom swoim. Pro\u015bba o wype\u0142nienie ankiety. - Tradycja i Wiara","isPartOf":{"@id":"https:\/\/wobronietradycjiiwiary.com\/pl\/#website"},"primaryImageOfPage":{"@id":"https:\/\/wobronietradycjiiwiary.com\/dziwi-sie-bloger-czytelnikom-swoim-prosba-o-wypelnienie-ankiety\/#primaryimage"},"image":{"@id":"https:\/\/wobronietradycjiiwiary.com\/dziwi-sie-bloger-czytelnikom-swoim-prosba-o-wypelnienie-ankiety\/#primaryimage"},"thumbnailUrl":"https:\/\/wobronietradycjiiwiary.com\/wp-content\/uploads\/2015\/05\/portarait-of-philosopher-vladimir-solovyov-1885.jpg?w=251","datePublished":"2015-05-17T17:46:32+00:00","dateModified":"2025-02-07T15:02:50+00:00","description":"Dziwi si\u0119 blogger czytelnikom swoim. Pro\u015bba o wype\u0142nienie ankiety. zdziwienie blogger czytelnicy ankieta","breadcrumb":{"@id":"https:\/\/wobronietradycjiiwiary.com\/dziwi-sie-bloger-czytelnikom-swoim-prosba-o-wypelnienie-ankiety\/#breadcrumb"},"inLanguage":"pl-PL","potentialAction":[{"@type":"ReadAction","target":["https:\/\/wobronietradycjiiwiary.com\/dziwi-sie-bloger-czytelnikom-swoim-prosba-o-wypelnienie-ankiety\/"]}]},{"@type":"ImageObject","inLanguage":"pl-PL","@id":"https:\/\/wobronietradycjiiwiary.com\/dziwi-sie-bloger-czytelnikom-swoim-prosba-o-wypelnienie-ankiety\/#primaryimage","url":"https:\/\/wobronietradycjiiwiary.com\/wp-content\/uploads\/2015\/05\/portarait-of-philosopher-vladimir-solovyov-1885.jpg?w=251","contentUrl":"https:\/\/wobronietradycjiiwiary.com\/wp-content\/uploads\/2015\/05\/portarait-of-philosopher-vladimir-solovyov-1885.jpg?w=251"},{"@type":"BreadcrumbList","@id":"https:\/\/wobronietradycjiiwiary.com\/dziwi-sie-bloger-czytelnikom-swoim-prosba-o-wypelnienie-ankiety\/#breadcrumb","itemListElement":[{"@type":"ListItem","position":1,"name":"Strona g\u0142\u00f3wna","item":"https:\/\/wobronietradycjiiwiary.com\/"},{"@type":"ListItem","position":2,"name":"Dziwi si\u0119 blogger czytelnikom swoim. Pro\u015bba o wype\u0142nienie ankiety."}]},{"@type":"WebSite","@id":"https:\/\/wobronietradycjiiwiary.com\/pl\/#website","url":"https:\/\/wobronietradycjiiwiary.com\/pl\/","name":"Tradycja i Wiara","description":"Portal dla katolik\u00f3w.","publisher":{"@id":"https:\/\/wobronietradycjiiwiary.com\/pl\/#organization"},"potentialAction":[{"@type":"SearchAction","target":{"@type":"EntryPoint","urlTemplate":"https:\/\/wobronietradycjiiwiary.com\/pl\/?s={search_term_string}"},"query-input":{"@type":"PropertyValueSpecification","valueRequired":true,"valueName":"search_term_string"}}],"inLanguage":"pl-PL"},{"@type":"Organization","@id":"https:\/\/wobronietradycjiiwiary.com\/pl\/#organization","name":"Tradycja i Wiara","url":"https:\/\/wobronietradycjiiwiary.com\/pl\/","logo":{"@type":"ImageObject","inLanguage":"pl-PL","@id":"https:\/\/wobronietradycjiiwiary.com\/pl\/#\/schema\/logo\/image\/","url":"https:\/\/i0.wp.com\/wobronietradycjiiwiary.com\/wp-content\/uploads\/2015\/10\/cropped-st-peters-dome-vatican.jpg?fit=940%2C198&ssl=1","contentUrl":"https:\/\/i0.wp.com\/wobronietradycjiiwiary.com\/wp-content\/uploads\/2015\/10\/cropped-st-peters-dome-vatican.jpg?fit=940%2C198&ssl=1","width":940,"height":198,"caption":"Tradycja i Wiara"},"image":{"@id":"https:\/\/wobronietradycjiiwiary.com\/pl\/#\/schema\/logo\/image\/"},"sameAs":["https:\/\/www.facebook.com\/Tradycja-i-Wiara-108813920592249"]},{"@type":"Person","@id":"https:\/\/wobronietradycjiiwiary.com\/pl\/#\/schema\/person\/2d6180ce6abcb681fef0daab7816e8f3","name":"Traditio et Fides","sameAs":["https:\/\/traditionundglauben.com"],"url":"https:\/\/wobronietradycjiiwiary.com\/pl\/author\/wobronietradycjiiwiary\/"}]}},"jetpack_publicize_connections":[],"jetpack_sharing_enabled":true,"jetpack_likes_enabled":true,"jetpack_shortlink":"https:\/\/wp.me\/pc04Sd-1zp","jetpack-related-posts":[{"id":126659,"url":"https:\/\/wobronietradycjiiwiary.com\/pl\/nowy-cykl-kazania-brewiarza-trydenckiego\/","url_meta":{"origin":6039,"position":0},"title":"Nowy cykl: Kazania Brewiarza Trydenckiego","author":"Traditio et Fides","date":"23 grudnia 2024","format":false,"excerpt":"Zapowied\u017a nowego cyklu.","rel":"","context":"W \u201eDuchowo\u015b\u0107&quot;","block_context":{"text":"Duchowo\u015b\u0107","link":"https:\/\/wobronietradycjiiwiary.com\/pl\/category\/duchowosc\/"},"img":{"alt_text":"","src":"https:\/\/i0.wp.com\/wobronietradycjiiwiary.com\/wp-content\/uploads\/2024\/12\/350px-Brevier-Martin-d-Aragon.jpg?resize=350%2C200&ssl=1","width":350,"height":200},"classes":[]},{"id":20674,"url":"https:\/\/wobronietradycjiiwiary.com\/pl\/kazania-do-ewangelii-mszy-trydenckiej-swieta-1-uroczystosc-najswietszego-ciala-chrystusa-2\/","url_meta":{"origin":6039,"position":1},"title":"Kazania do Ewangelii Mszy Trydenckiej &#8211; \u015awi\u0119ta 1 &#8211; Uroczysto\u015b\u0107 Naj\u015bwi\u0119tszego Cia\u0142a Chrystusa","author":"HieronimB","date":"11 czerwca 2020","format":false,"excerpt":"Ewangelia na Uroczysto\u015b\u0107 Bo\u017cego Cia\u0142a J 6, 56 \u2013 59 Onego czasu: Rzek\u0142 Jezus rzeszom \u017cydowskim: \u00abCia\u0142o moje prawdziwie jest pokarmem, a krew moja prawdziwie jest napojem. Kto po\u017cywa moje cia\u0142o i pije moj\u0105 krew, we mnie mieszka, a ja w nim. Jako mi\u0119 pos\u0142a\u0142 \u017cyj\u0105cy Ojciec \u2013 i ja\u2026","rel":"","context":"W \u201eKazania do Ewangelii Mszy Trydenckiej&quot;","block_context":{"text":"Kazania do Ewangelii Mszy Trydenckiej","link":"https:\/\/wobronietradycjiiwiary.com\/pl\/category\/duchowosc\/liturgia-i-liturgika\/msza-trydencka\/kazania-do-ewangelii-mszy-trydenckiej\/"},"img":{"alt_text":"","src":"https:\/\/i0.wp.com\/wobronietradycjiiwiary.com\/wp-content\/uploads\/2019\/10\/annunciation-merode-2017-20181.jpg?resize=350%2C200&ssl=1","width":350,"height":200,"srcset":"https:\/\/i0.wp.com\/wobronietradycjiiwiary.com\/wp-content\/uploads\/2019\/10\/annunciation-merode-2017-20181.jpg?resize=350%2C200&ssl=1 1x, https:\/\/i0.wp.com\/wobronietradycjiiwiary.com\/wp-content\/uploads\/2019\/10\/annunciation-merode-2017-20181.jpg?resize=525%2C300&ssl=1 1.5x, https:\/\/i0.wp.com\/wobronietradycjiiwiary.com\/wp-content\/uploads\/2019\/10\/annunciation-merode-2017-20181.jpg?resize=700%2C400&ssl=1 2x"},"classes":[]},{"id":16759,"url":"https:\/\/wobronietradycjiiwiary.com\/pl\/wesolych-swiat\/","url_meta":{"origin":6039,"position":2},"title":"Weso\u0142ych \u015awi\u0105t!","author":"Traditio et Fides","date":"24 grudnia 2017","format":false,"excerpt":"W ca\u0142ym tym obecnym zamieszaniu i zapa\u015bci Ko\u015bcio\u0142a liczy si\u0119 w sumie to, \u017ce B\u00f3g sta\u0142 si\u0119 cz\u0142owiekiem ponad 2000 lat temu i wciela si\u0119 w ka\u017cdej wa\u017cnej Mszy \u015awi\u0119tej czy to Novus Ordo czy to Vetus Ordo na nowo. Czy\u017c to nie pi\u0119kne? I temu diabe\u0142 przeciwdzia\u0142a\u0107 nie mo\u017ce,\u2026","rel":"","context":"W \u201eUwagi administracji&quot;","block_context":{"text":"Uwagi administracji","link":"https:\/\/wobronietradycjiiwiary.com\/pl\/category\/duchowosc\/uwagi-administracji\/"},"img":{"alt_text":"","src":"https:\/\/i0.wp.com\/wobronietradycjiiwiary.com\/wp-content\/uploads\/2017\/12\/christi-geburt-2017.jpg?resize=350%2C200&ssl=1","width":350,"height":200,"srcset":"https:\/\/i0.wp.com\/wobronietradycjiiwiary.com\/wp-content\/uploads\/2017\/12\/christi-geburt-2017.jpg?resize=350%2C200&ssl=1 1x, https:\/\/i0.wp.com\/wobronietradycjiiwiary.com\/wp-content\/uploads\/2017\/12\/christi-geburt-2017.jpg?resize=525%2C300&ssl=1 1.5x"},"classes":[]},{"id":126723,"url":"https:\/\/wobronietradycjiiwiary.com\/pl\/wesolych-swiat-2024-lub-o-pragnieniu-normalnosci\/","url_meta":{"origin":6039,"position":3},"title":"Weso\u0142ych \u015awi\u0105t 2024 lub o pragnieniu normalno\u015bci","author":"Traditio et Fides","date":"24 grudnia 2024","format":false,"excerpt":"\u017byczenia bo\u017conarodzeniowe troch\u0119 inaczej.","rel":"","context":"W \u201eUwagi administracji&quot;","block_context":{"text":"Uwagi administracji","link":"https:\/\/wobronietradycjiiwiary.com\/pl\/category\/duchowosc\/uwagi-administracji\/"},"img":{"alt_text":"","src":"https:\/\/i0.wp.com\/wobronietradycjiiwiary.com\/wp-content\/uploads\/2024\/12\/1200px-Hugo_van_der_Goes_-_Trittico_Portinari_-_Google_Art_Project.jpg?resize=350%2C200&ssl=1","width":350,"height":200,"srcset":"https:\/\/i0.wp.com\/wobronietradycjiiwiary.com\/wp-content\/uploads\/2024\/12\/1200px-Hugo_van_der_Goes_-_Trittico_Portinari_-_Google_Art_Project.jpg?resize=350%2C200&ssl=1 1x, https:\/\/i0.wp.com\/wobronietradycjiiwiary.com\/wp-content\/uploads\/2024\/12\/1200px-Hugo_van_der_Goes_-_Trittico_Portinari_-_Google_Art_Project.jpg?resize=525%2C300&ssl=1 1.5x, https:\/\/i0.wp.com\/wobronietradycjiiwiary.com\/wp-content\/uploads\/2024\/12\/1200px-Hugo_van_der_Goes_-_Trittico_Portinari_-_Google_Art_Project.jpg?resize=700%2C400&ssl=1 2x, https:\/\/i0.wp.com\/wobronietradycjiiwiary.com\/wp-content\/uploads\/2024\/12\/1200px-Hugo_van_der_Goes_-_Trittico_Portinari_-_Google_Art_Project.jpg?resize=1050%2C600&ssl=1 3x"},"classes":[]},{"id":40592,"url":"https:\/\/wobronietradycjiiwiary.com\/pl\/wesolych-swiat-2020-2\/","url_meta":{"origin":6039,"position":4},"title":"Weso\u0142ych \u015awi\u0105t 2020!","author":"Traditio et Fides","date":"24 grudnia 2020","format":false,"excerpt":"Rok temu nikt nie by\u0142 w stanie przewidzie\u0107 tego, co prze\u017cywamy obecnie. Ca\u0142kowita zapa\u015b\u0107 ziemskiego Ko\u015bcio\u0142a, kwarantanna ca\u0142ych narod\u00f3w, masowa histeria i absolutny brak pewno\u015bci jutra. Trudno wyobrazi\u0107 sobie, \u017ce w przysz\u0142ym roku mo\u017ce by\u0107 gorzej, a mo\u017ce. Wi\u0119c co si\u0119 liczy? Narodziny Boga w duszy, co odbywa\u0107 mo\u017ce si\u0119\u2026","rel":"","context":"W \u201eUwagi administracji&quot;","block_context":{"text":"Uwagi administracji","link":"https:\/\/wobronietradycjiiwiary.com\/pl\/category\/duchowosc\/uwagi-administracji\/"},"img":{"alt_text":"","src":"https:\/\/i0.wp.com\/wobronietradycjiiwiary.com\/wp-content\/uploads\/2020\/12\/2020-1.jpg?resize=350%2C200&ssl=1","width":350,"height":200,"srcset":"https:\/\/i0.wp.com\/wobronietradycjiiwiary.com\/wp-content\/uploads\/2020\/12\/2020-1.jpg?resize=350%2C200&ssl=1 1x, https:\/\/i0.wp.com\/wobronietradycjiiwiary.com\/wp-content\/uploads\/2020\/12\/2020-1.jpg?resize=525%2C300&ssl=1 1.5x, https:\/\/i0.wp.com\/wobronietradycjiiwiary.com\/wp-content\/uploads\/2020\/12\/2020-1.jpg?resize=700%2C400&ssl=1 2x"},"classes":[]},{"id":26023,"url":"https:\/\/wobronietradycjiiwiary.com\/pl\/wesolych-swiat-2019\/","url_meta":{"origin":6039,"position":5},"title":"Weso\u0142ych \u015awi\u0105t 2019!","author":"Traditio et Fides","date":"24 grudnia 2019","format":false,"excerpt":"Wszystkim czytelnikom i abonentom Weso\u0142ych \u015awi\u0105t! Chocia\u017c sytuacja Ko\u015bcio\u0142a jest taka, \u017ce strach czyta\u0107 wiadomo\u015bci, to B\u00f3g jest silniejszy ni\u017c moce ciemno\u015bci, kt\u00f3re b\u0119d\u0105 zwalcza\u0107 tych, na kt\u00f3rych B\u00f3g wyry\u0142 swoje oblicze. Nastawmy si\u0119 przeto w roku na 2020 na dalsze skandale i walki, bo bez walki nie ma te\u017c\u2026","rel":"","context":"W \u201eLiturgia i liturgika&quot;","block_context":{"text":"Liturgia i liturgika","link":"https:\/\/wobronietradycjiiwiary.com\/pl\/category\/duchowosc\/liturgia-i-liturgika\/"},"img":{"alt_text":"","src":"https:\/\/i0.wp.com\/wobronietradycjiiwiary.com\/wp-content\/uploads\/2019\/12\/adam-elsheimer-die-heilige-familie-mit-engeln-und-dem-kleinen-johannes-dem-taufer-um-1599.jpg?resize=350%2C200&ssl=1","width":350,"height":200},"classes":[]}],"amp_enabled":true,"jetpack_featured_media_url":"","_links":{"self":[{"href":"https:\/\/wobronietradycjiiwiary.com\/pl\/wp-json\/wp\/v2\/posts\/6039","targetHints":{"allow":["GET"]}}],"collection":[{"href":"https:\/\/wobronietradycjiiwiary.com\/pl\/wp-json\/wp\/v2\/posts"}],"about":[{"href":"https:\/\/wobronietradycjiiwiary.com\/pl\/wp-json\/wp\/v2\/types\/post"}],"author":[{"embeddable":true,"href":"https:\/\/wobronietradycjiiwiary.com\/pl\/wp-json\/wp\/v2\/users\/60508433"}],"replies":[{"embeddable":true,"href":"https:\/\/wobronietradycjiiwiary.com\/pl\/wp-json\/wp\/v2\/comments?post=6039"}],"version-history":[{"count":1,"href":"https:\/\/wobronietradycjiiwiary.com\/pl\/wp-json\/wp\/v2\/posts\/6039\/revisions"}],"predecessor-version":[{"id":55330,"href":"https:\/\/wobronietradycjiiwiary.com\/pl\/wp-json\/wp\/v2\/posts\/6039\/revisions\/55330"}],"wp:attachment":[{"href":"https:\/\/wobronietradycjiiwiary.com\/pl\/wp-json\/wp\/v2\/media?parent=6039"}],"wp:term":[{"taxonomy":"category","embeddable":true,"href":"https:\/\/wobronietradycjiiwiary.com\/pl\/wp-json\/wp\/v2\/categories?post=6039"},{"taxonomy":"post_tag","embeddable":true,"href":"https:\/\/wobronietradycjiiwiary.com\/pl\/wp-json\/wp\/v2\/tags?post=6039"}],"curies":[{"name":"wp","href":"https:\/\/api.w.org\/{rel}","templated":true}]}}