{"id":543,"date":"2014-02-13T20:46:50","date_gmt":"2014-02-13T19:46:50","guid":{"rendered":"https:\/\/wobronietradycjiiwiary.com\/?p=543"},"modified":"2025-02-07T15:40:30","modified_gmt":"2025-02-07T14:40:30","slug":"modlmy-sie-przed-posilkiem-blogoslawmy-sobie-nawzajem","status":"publish","type":"post","link":"https:\/\/wobronietradycjiiwiary.com\/pl\/modlmy-sie-przed-posilkiem-blogoslawmy-sobie-nawzajem\/","title":{"rendered":"M\u00f3dlmy si\u0119 przed posi\u0142kiem, b\u0142ogos\u0142awmy sobie nawzajem"},"content":{"rendered":"<div id=\"bsf_rt_marker\"><\/div><p>PAMI\u0118TAM O MODLITWIE PRZED I PO JEDZENIU Modlitwa jest wzniesieniem duszy do Boga lub pro\u015bb\u0105 skierowan\u0105 do Niego o&nbsp;stosowne dobra,&hellip;<\/p>\n<div style=\"text-align: center\">\n<p>&nbsp;<\/p>\n<\/div>\n<h2 style=\"border: 5px solid #0000A0;padding: 1em;text-align: center\"><span style=\"color: #000000\">Pe\u0142en dost\u0119p dla <span style=\"color: #00ccff\"><a style=\"color: #00ccff\" href=\"https:\/\/wobronietradycjiiwiary.com\/subskrypcje-2\/\" target=\"_blank\" rel=\"noopener\">subskrybent\u00f3w<\/a><\/span>.<\/span><br \/>\n<span style=\"color: #3366ff\"><a style=\"color: #3366ff\" href=\"https:\/\/wobronietradycjiiwiary.com\/account\/login\/\" target=\"_blank\" rel=\"noopener\"><span style=\"color: #00ccff\">Zaloguj<\/span><\/a> <\/span>si\u0119 lub przejd\u017a do <a href=\"https:\/\/wobronietradycjiiwiary.com\/register\/\"><span style=\"color: #3366ff\">Rejestracji<\/span><\/a>.<\/h2>\n<div>\n<p style=\"text-align: center\"><a href=\"https:\/\/wobronietradycjiiwiary.com\/pl\/subskrypcje-2\/cennik\/\" target=\"_blank\" rel=\"noopener\"><span style=\"color: #000080;font-size: 24pt\"><strong>Nowe ni\u017csze ceny<\/strong><\/span><\/a><\/p>\n<p style=\"text-align: center\"><strong><span style=\"font-size: 18pt;color: #000080\">P\u0142atno\u015b\u0107 kart\u0105<\/span><\/strong><\/p>\n<\/div>\n<h3 style=\"text-align: center\"><a href=\"https:\/\/wobronietradycjiiwiary.com\/pl\/subskrypcje-2\/automatyczne\/indywidualne\/\" target=\"_blank\" rel=\"noopener\"><img fetchpriority=\"high\" decoding=\"async\" class=\"alignnone size-medium wp-image-80433\" src=\"https:\/\/wobronietradycjiiwiary.com\/wp-content\/uploads\/2022\/11\/Unbenannt-1-Online-1-300x202.jpg\" alt=\"\" width=\"300\" height=\"202\" srcset=\"https:\/\/wobronietradycjiiwiary.com\/wp-content\/uploads\/2022\/11\/Unbenannt-1-Online-1-300x202.jpg 300w, https:\/\/wobronietradycjiiwiary.com\/wp-content\/uploads\/2022\/11\/Unbenannt-1-Online-1-150x101.jpg 150w, https:\/\/wobronietradycjiiwiary.com\/wp-content\/uploads\/2022\/11\/Unbenannt-1-Online-1-18x12.jpg 18w, https:\/\/wobronietradycjiiwiary.com\/wp-content\/uploads\/2022\/11\/Unbenannt-1-Online-1.jpg 446w\" sizes=\"(max-width: 300px) 100vw, 300px\" \/><\/a><\/h3>\n<p style=\"text-align: center\"><strong><span style=\"font-size: 18pt;color: #000080\">P\u0142atno\u015b\u0107 przelewem<\/span><\/strong><\/p>\n<p><a href=\"https:\/\/wobronietradycjiiwiary.com\/pl\/subskrypcje-2\/automatyczne\/indywidualne\/\" target=\"_blank\" rel=\"noopener\"><img decoding=\"async\" class=\"size-medium wp-image-80434 aligncenter\" src=\"https:\/\/wobronietradycjiiwiary.com\/wp-content\/uploads\/2022\/11\/Unbenannt-1-Przelewem-300x137.jpg\" alt=\"\" width=\"300\" height=\"137\" srcset=\"https:\/\/wobronietradycjiiwiary.com\/wp-content\/uploads\/2022\/11\/Unbenannt-1-Przelewem-300x137.jpg 300w, https:\/\/wobronietradycjiiwiary.com\/wp-content\/uploads\/2022\/11\/Unbenannt-1-Przelewem-450x206.jpg 450w, https:\/\/wobronietradycjiiwiary.com\/wp-content\/uploads\/2022\/11\/Unbenannt-1-Przelewem-600x274.jpg 600w, https:\/\/wobronietradycjiiwiary.com\/wp-content\/uploads\/2022\/11\/Unbenannt-1-Przelewem-150x69.jpg 150w, https:\/\/wobronietradycjiiwiary.com\/wp-content\/uploads\/2022\/11\/Unbenannt-1-Przelewem-18x8.jpg 18w, https:\/\/wobronietradycjiiwiary.com\/wp-content\/uploads\/2022\/11\/Unbenannt-1-Przelewem.jpg 676w\" sizes=\"(max-width: 300px) 100vw, 300px\" \/><\/a><\/p>\n<p style=\"text-align: center\"><strong><span style=\"font-size: 18pt;color: #000080\">P\u0142atno\u015b\u0107 kart\u0105 do 6 os\u00f3b<\/span><\/strong><\/p>\n<p><a href=\"https:\/\/wobronietradycjiiwiary.com\/pl\/rodzinne\/\" target=\"_blank\" rel=\"noopener\"><img decoding=\"async\" class=\"size-medium wp-image-80435 aligncenter\" src=\"https:\/\/wobronietradycjiiwiary.com\/wp-content\/uploads\/2022\/11\/Unbenannt-1-Rodzinna-300x208.jpg\" alt=\"\" width=\"300\" height=\"208\" srcset=\"https:\/\/wobronietradycjiiwiary.com\/wp-content\/uploads\/2022\/11\/Unbenannt-1-Rodzinna-300x208.jpg 300w, https:\/\/wobronietradycjiiwiary.com\/wp-content\/uploads\/2022\/11\/Unbenannt-1-Rodzinna-150x104.jpg 150w, https:\/\/wobronietradycjiiwiary.com\/wp-content\/uploads\/2022\/11\/Unbenannt-1-Rodzinna-18x12.jpg 18w, https:\/\/wobronietradycjiiwiary.com\/wp-content\/uploads\/2022\/11\/Unbenannt-1-Rodzinna.jpg 448w\" sizes=\"(max-width: 300px) 100vw, 300px\" \/><\/a><\/p>\n<h3 style=\"text-align: center\"><\/h3>\n<h1 style=\"text-align: center\"><\/h1>\n","protected":false},"excerpt":{"rendered":"<p>Modlitwa przed jedzeniem jest tak\u017ce kontaktem z sacrum, gdy\u017c tak jak \u017cywi\u0107 trzeba cia\u0142o, \u017cywi\u0107 trzeba te\u017c ducha.<\/p>\n","protected":false},"author":60508433,"featured_media":27842,"comment_status":"closed","ping_status":"open","sticky":false,"template":"","format":"standard","meta":{"_bbp_topic_count":0,"_bbp_reply_count":0,"_bbp_total_topic_count":0,"_bbp_total_reply_count":0,"_bbp_voice_count":0,"_bbp_anonymous_reply_count":0,"_bbp_topic_count_hidden":0,"_bbp_reply_count_hidden":0,"_bbp_forum_subforum_count":0,"_editorskit_title_hidden":false,"_editorskit_reading_time":0,"_editorskit_is_block_options_detached":false,"_editorskit_block_options_position":"{}","_coblocks_attr":"","_coblocks_dimensions":"","_coblocks_responsive_height":"","_coblocks_accordion_ie_support":"","_exactmetrics_skip_tracking":false,"_jetpack_newsletter_access":"","_jetpack_dont_email_post_to_subs":false,"_jetpack_newsletter_tier_id":0,"_jetpack_memberships_contains_paywalled_content":false,"_wpcom_ai_launchpad_first_post":false,"_jetpack_feature_clip_id":0,"_jetpack_memberships_contains_paid_content":false,"footnotes":"","jetpack_publicize_message":"{title}\n\n{excerpt}\n\n{url}","jetpack_publicize_feature_enabled":true,"jetpack_social_post_already_shared":true,"jetpack_social_options":{"image_generator_settings":{"template":"highway","default_image_id":0,"font":"","enabled":false},"version":2},"_wpas_customize_per_network":false,"jetpack_post_was_ever_published":false},"categories":[40321200],"tags":[610131131,610131648,610132133],"class_list":["post-543","post","type-post","status-publish","format-standard","has-post-thumbnail","hentry","category-teologia-moralna","tag-modlitwa-przed-posilkiem","tag-modlitwy-domowe","tag-restricted"],"yoast_head":"<!-- This site is optimized with the Yoast SEO plugin v28.4 - https:\/\/yoast.com\/product\/yoast-seo-wordpress\/ -->\n<title>M\u00f3dlmy si\u0119 przed posi\u0142kiem, b\u0142ogos\u0142awmy sobie nawzajem - Tradycja i Wiara<\/title>\n<meta name=\"description\" content=\"M\u00f3dlmy si\u0119 przed posi\u0142kiem, b\u0142ogos\u0142awmy sobie nawzajem Modlitwa przed posi\u0142kiem modlitwa domowa liturgia Ko\u015bci\u00f3\u0142\" \/>\n<meta name=\"robots\" content=\"index, follow, max-snippet:-1, max-image-preview:large, max-video-preview:-1\" \/>\n<link rel=\"canonical\" href=\"https:\/\/wobronietradycjiiwiary.com\/pl\/modlmy-sie-przed-posilkiem-blogoslawmy-sobie-nawzajem\/\" \/>\n<meta property=\"og:locale\" content=\"pl_PL\" \/>\n<meta property=\"og:type\" content=\"article\" \/>\n<meta property=\"og:title\" content=\"M\u00f3dlmy si\u0119 przed posi\u0142kiem, b\u0142ogos\u0142awmy sobie nawzajem - Tradycja i Wiara\" \/>\n<meta property=\"og:description\" content=\"M\u00f3dlmy si\u0119 przed posi\u0142kiem, b\u0142ogos\u0142awmy sobie nawzajem Modlitwa przed posi\u0142kiem modlitwa domowa liturgia Ko\u015bci\u00f3\u0142\" \/>\n<meta property=\"og:url\" content=\"https:\/\/wobronietradycjiiwiary.com\/pl\/modlmy-sie-przed-posilkiem-blogoslawmy-sobie-nawzajem\/\" \/>\n<meta property=\"og:site_name\" content=\"Tradycja i Wiara\" \/>\n<meta property=\"article:publisher\" content=\"https:\/\/www.facebook.com\/Tradycja-i-Wiara-108813920592249\" \/>\n<meta property=\"article:published_time\" content=\"2014-02-13T19:46:50+00:00\" \/>\n<meta property=\"article:modified_time\" content=\"2025-02-07T14:40:30+00:00\" \/>\n<meta property=\"og:image\" content=\"https:\/\/i0.wp.com\/wobronietradycjiiwiary.com\/wp-content\/uploads\/2014\/02\/das-tischgebet.jpg?fit=600%2C444&ssl=1\" \/>\n\t<meta property=\"og:image:width\" content=\"600\" \/>\n\t<meta property=\"og:image:height\" content=\"444\" \/>\n\t<meta property=\"og:image:type\" content=\"image\/jpeg\" \/>\n<meta name=\"author\" content=\"Traditio et Fides\" \/>\n<meta name=\"twitter:card\" content=\"summary_large_image\" \/>\n<meta name=\"twitter:label1\" content=\"Napisane przez\" \/>\n\t<meta name=\"twitter:data1\" content=\"Traditio et Fides\" \/>\n\t<meta name=\"twitter:label2\" content=\"Szacowany czas czytania\" \/>\n\t<meta name=\"twitter:data2\" content=\"7 minut\" \/>\n<script type=\"application\/ld+json\" class=\"yoast-schema-graph\">{\"@context\":\"https:\\\/\\\/schema.org\",\"@graph\":[{\"@type\":\"Article\",\"@id\":\"https:\\\/\\\/wobronietradycjiiwiary.com\\\/modlmy-sie-przed-posilkiem-blogoslawmy-sobie-nawzajem\\\/#article\",\"isPartOf\":{\"@id\":\"https:\\\/\\\/wobronietradycjiiwiary.com\\\/modlmy-sie-przed-posilkiem-blogoslawmy-sobie-nawzajem\\\/\"},\"author\":{\"name\":\"Traditio et Fides\",\"@id\":\"https:\\\/\\\/wobronietradycjiiwiary.com\\\/pl\\\/#\\\/schema\\\/person\\\/2d6180ce6abcb681fef0daab7816e8f3\"},\"headline\":\"M\u00f3dlmy si\u0119 przed posi\u0142kiem, b\u0142ogos\u0142awmy sobie nawzajem\",\"datePublished\":\"2014-02-13T19:46:50+00:00\",\"dateModified\":\"2025-02-07T14:40:30+00:00\",\"mainEntityOfPage\":{\"@id\":\"https:\\\/\\\/wobronietradycjiiwiary.com\\\/modlmy-sie-przed-posilkiem-blogoslawmy-sobie-nawzajem\\\/\"},\"wordCount\":2297,\"publisher\":{\"@id\":\"https:\\\/\\\/wobronietradycjiiwiary.com\\\/pl\\\/#organization\"},\"image\":{\"@id\":\"https:\\\/\\\/wobronietradycjiiwiary.com\\\/modlmy-sie-przed-posilkiem-blogoslawmy-sobie-nawzajem\\\/#primaryimage\"},\"thumbnailUrl\":\"https:\\\/\\\/wobronietradycjiiwiary.com\\\/wp-content\\\/uploads\\\/2014\\\/02\\\/das-tischgebet.jpg\",\"keywords\":[\"Modlitwa przed posi\u0142kiem\",\"modlitwy domowe\",\"Restricted\"],\"articleSection\":[\"Teologia moralna\"],\"inLanguage\":\"pl-PL\"},{\"@type\":\"WebPage\",\"@id\":\"https:\\\/\\\/wobronietradycjiiwiary.com\\\/modlmy-sie-przed-posilkiem-blogoslawmy-sobie-nawzajem\\\/\",\"url\":\"https:\\\/\\\/wobronietradycjiiwiary.com\\\/modlmy-sie-przed-posilkiem-blogoslawmy-sobie-nawzajem\\\/\",\"name\":\"M\u00f3dlmy si\u0119 przed posi\u0142kiem, b\u0142ogos\u0142awmy sobie nawzajem - Tradycja i Wiara\",\"isPartOf\":{\"@id\":\"https:\\\/\\\/wobronietradycjiiwiary.com\\\/pl\\\/#website\"},\"primaryImageOfPage\":{\"@id\":\"https:\\\/\\\/wobronietradycjiiwiary.com\\\/modlmy-sie-przed-posilkiem-blogoslawmy-sobie-nawzajem\\\/#primaryimage\"},\"image\":{\"@id\":\"https:\\\/\\\/wobronietradycjiiwiary.com\\\/modlmy-sie-przed-posilkiem-blogoslawmy-sobie-nawzajem\\\/#primaryimage\"},\"thumbnailUrl\":\"https:\\\/\\\/wobronietradycjiiwiary.com\\\/wp-content\\\/uploads\\\/2014\\\/02\\\/das-tischgebet.jpg\",\"datePublished\":\"2014-02-13T19:46:50+00:00\",\"dateModified\":\"2025-02-07T14:40:30+00:00\",\"description\":\"M\u00f3dlmy si\u0119 przed posi\u0142kiem, b\u0142ogos\u0142awmy sobie nawzajem Modlitwa przed posi\u0142kiem modlitwa domowa liturgia Ko\u015bci\u00f3\u0142\",\"breadcrumb\":{\"@id\":\"https:\\\/\\\/wobronietradycjiiwiary.com\\\/modlmy-sie-przed-posilkiem-blogoslawmy-sobie-nawzajem\\\/#breadcrumb\"},\"inLanguage\":\"pl-PL\",\"potentialAction\":[{\"@type\":\"ReadAction\",\"target\":[\"https:\\\/\\\/wobronietradycjiiwiary.com\\\/modlmy-sie-przed-posilkiem-blogoslawmy-sobie-nawzajem\\\/\"]}]},{\"@type\":\"ImageObject\",\"inLanguage\":\"pl-PL\",\"@id\":\"https:\\\/\\\/wobronietradycjiiwiary.com\\\/modlmy-sie-przed-posilkiem-blogoslawmy-sobie-nawzajem\\\/#primaryimage\",\"url\":\"https:\\\/\\\/wobronietradycjiiwiary.com\\\/wp-content\\\/uploads\\\/2014\\\/02\\\/das-tischgebet.jpg\",\"contentUrl\":\"https:\\\/\\\/wobronietradycjiiwiary.com\\\/wp-content\\\/uploads\\\/2014\\\/02\\\/das-tischgebet.jpg\",\"width\":600,\"height\":444},{\"@type\":\"BreadcrumbList\",\"@id\":\"https:\\\/\\\/wobronietradycjiiwiary.com\\\/modlmy-sie-przed-posilkiem-blogoslawmy-sobie-nawzajem\\\/#breadcrumb\",\"itemListElement\":[{\"@type\":\"ListItem\",\"position\":1,\"name\":\"Strona g\u0142\u00f3wna\",\"item\":\"https:\\\/\\\/wobronietradycjiiwiary.com\\\/\"},{\"@type\":\"ListItem\",\"position\":2,\"name\":\"M\u00f3dlmy si\u0119 przed posi\u0142kiem, b\u0142ogos\u0142awmy sobie nawzajem\"}]},{\"@type\":\"WebSite\",\"@id\":\"https:\\\/\\\/wobronietradycjiiwiary.com\\\/pl\\\/#website\",\"url\":\"https:\\\/\\\/wobronietradycjiiwiary.com\\\/pl\\\/\",\"name\":\"Tradycja i Wiara\",\"description\":\"Portal dla katolik\u00f3w.\",\"publisher\":{\"@id\":\"https:\\\/\\\/wobronietradycjiiwiary.com\\\/pl\\\/#organization\"},\"potentialAction\":[{\"@type\":\"SearchAction\",\"target\":{\"@type\":\"EntryPoint\",\"urlTemplate\":\"https:\\\/\\\/wobronietradycjiiwiary.com\\\/pl\\\/?s={search_term_string}\"},\"query-input\":{\"@type\":\"PropertyValueSpecification\",\"valueRequired\":true,\"valueName\":\"search_term_string\"}}],\"inLanguage\":\"pl-PL\"},{\"@type\":\"Organization\",\"@id\":\"https:\\\/\\\/wobronietradycjiiwiary.com\\\/pl\\\/#organization\",\"name\":\"Tradycja i Wiara\",\"url\":\"https:\\\/\\\/wobronietradycjiiwiary.com\\\/pl\\\/\",\"logo\":{\"@type\":\"ImageObject\",\"inLanguage\":\"pl-PL\",\"@id\":\"https:\\\/\\\/wobronietradycjiiwiary.com\\\/pl\\\/#\\\/schema\\\/logo\\\/image\\\/\",\"url\":\"https:\\\/\\\/i0.wp.com\\\/wobronietradycjiiwiary.com\\\/wp-content\\\/uploads\\\/2015\\\/10\\\/cropped-st-peters-dome-vatican.jpg?fit=940%2C198&ssl=1\",\"contentUrl\":\"https:\\\/\\\/i0.wp.com\\\/wobronietradycjiiwiary.com\\\/wp-content\\\/uploads\\\/2015\\\/10\\\/cropped-st-peters-dome-vatican.jpg?fit=940%2C198&ssl=1\",\"width\":940,\"height\":198,\"caption\":\"Tradycja i Wiara\"},\"image\":{\"@id\":\"https:\\\/\\\/wobronietradycjiiwiary.com\\\/pl\\\/#\\\/schema\\\/logo\\\/image\\\/\"},\"sameAs\":[\"https:\\\/\\\/www.facebook.com\\\/Tradycja-i-Wiara-108813920592249\"]},{\"@type\":\"Person\",\"@id\":\"https:\\\/\\\/wobronietradycjiiwiary.com\\\/pl\\\/#\\\/schema\\\/person\\\/2d6180ce6abcb681fef0daab7816e8f3\",\"name\":\"Traditio et Fides\",\"sameAs\":[\"https:\\\/\\\/traditionundglauben.com\"],\"url\":\"https:\\\/\\\/wobronietradycjiiwiary.com\\\/pl\\\/author\\\/wobronietradycjiiwiary\\\/\"}]}<\/script>\n<!-- \/ Yoast SEO plugin. -->","yoast_head_json":{"title":"M\u00f3dlmy si\u0119 przed posi\u0142kiem, b\u0142ogos\u0142awmy sobie nawzajem - Tradycja i Wiara","description":"M\u00f3dlmy si\u0119 przed posi\u0142kiem, b\u0142ogos\u0142awmy sobie nawzajem Modlitwa przed posi\u0142kiem modlitwa domowa liturgia Ko\u015bci\u00f3\u0142","robots":{"index":"index","follow":"follow","max-snippet":"max-snippet:-1","max-image-preview":"max-image-preview:large","max-video-preview":"max-video-preview:-1"},"canonical":"https:\/\/wobronietradycjiiwiary.com\/pl\/modlmy-sie-przed-posilkiem-blogoslawmy-sobie-nawzajem\/","og_locale":"pl_PL","og_type":"article","og_title":"M\u00f3dlmy si\u0119 przed posi\u0142kiem, b\u0142ogos\u0142awmy sobie nawzajem - Tradycja i Wiara","og_description":"M\u00f3dlmy si\u0119 przed posi\u0142kiem, b\u0142ogos\u0142awmy sobie nawzajem Modlitwa przed posi\u0142kiem modlitwa domowa liturgia Ko\u015bci\u00f3\u0142","og_url":"https:\/\/wobronietradycjiiwiary.com\/pl\/modlmy-sie-przed-posilkiem-blogoslawmy-sobie-nawzajem\/","og_site_name":"Tradycja i Wiara","article_publisher":"https:\/\/www.facebook.com\/Tradycja-i-Wiara-108813920592249","article_published_time":"2014-02-13T19:46:50+00:00","article_modified_time":"2025-02-07T14:40:30+00:00","og_image":[{"width":600,"height":444,"url":"https:\/\/i0.wp.com\/wobronietradycjiiwiary.com\/wp-content\/uploads\/2014\/02\/das-tischgebet.jpg?fit=600%2C444&ssl=1","type":"image\/jpeg"}],"author":"Traditio et Fides","twitter_card":"summary_large_image","twitter_misc":{"Napisane przez":"Traditio et Fides","Szacowany czas czytania":"7 minut"},"schema":{"@context":"https:\/\/schema.org","@graph":[{"@type":"Article","@id":"https:\/\/wobronietradycjiiwiary.com\/modlmy-sie-przed-posilkiem-blogoslawmy-sobie-nawzajem\/#article","isPartOf":{"@id":"https:\/\/wobronietradycjiiwiary.com\/modlmy-sie-przed-posilkiem-blogoslawmy-sobie-nawzajem\/"},"author":{"name":"Traditio et Fides","@id":"https:\/\/wobronietradycjiiwiary.com\/pl\/#\/schema\/person\/2d6180ce6abcb681fef0daab7816e8f3"},"headline":"M\u00f3dlmy si\u0119 przed posi\u0142kiem, b\u0142ogos\u0142awmy sobie nawzajem","datePublished":"2014-02-13T19:46:50+00:00","dateModified":"2025-02-07T14:40:30+00:00","mainEntityOfPage":{"@id":"https:\/\/wobronietradycjiiwiary.com\/modlmy-sie-przed-posilkiem-blogoslawmy-sobie-nawzajem\/"},"wordCount":2297,"publisher":{"@id":"https:\/\/wobronietradycjiiwiary.com\/pl\/#organization"},"image":{"@id":"https:\/\/wobronietradycjiiwiary.com\/modlmy-sie-przed-posilkiem-blogoslawmy-sobie-nawzajem\/#primaryimage"},"thumbnailUrl":"https:\/\/wobronietradycjiiwiary.com\/wp-content\/uploads\/2014\/02\/das-tischgebet.jpg","keywords":["Modlitwa przed posi\u0142kiem","modlitwy domowe","Restricted"],"articleSection":["Teologia moralna"],"inLanguage":"pl-PL"},{"@type":"WebPage","@id":"https:\/\/wobronietradycjiiwiary.com\/modlmy-sie-przed-posilkiem-blogoslawmy-sobie-nawzajem\/","url":"https:\/\/wobronietradycjiiwiary.com\/modlmy-sie-przed-posilkiem-blogoslawmy-sobie-nawzajem\/","name":"M\u00f3dlmy si\u0119 przed posi\u0142kiem, b\u0142ogos\u0142awmy sobie nawzajem - Tradycja i Wiara","isPartOf":{"@id":"https:\/\/wobronietradycjiiwiary.com\/pl\/#website"},"primaryImageOfPage":{"@id":"https:\/\/wobronietradycjiiwiary.com\/modlmy-sie-przed-posilkiem-blogoslawmy-sobie-nawzajem\/#primaryimage"},"image":{"@id":"https:\/\/wobronietradycjiiwiary.com\/modlmy-sie-przed-posilkiem-blogoslawmy-sobie-nawzajem\/#primaryimage"},"thumbnailUrl":"https:\/\/wobronietradycjiiwiary.com\/wp-content\/uploads\/2014\/02\/das-tischgebet.jpg","datePublished":"2014-02-13T19:46:50+00:00","dateModified":"2025-02-07T14:40:30+00:00","description":"M\u00f3dlmy si\u0119 przed posi\u0142kiem, b\u0142ogos\u0142awmy sobie nawzajem Modlitwa przed posi\u0142kiem modlitwa domowa liturgia Ko\u015bci\u00f3\u0142","breadcrumb":{"@id":"https:\/\/wobronietradycjiiwiary.com\/modlmy-sie-przed-posilkiem-blogoslawmy-sobie-nawzajem\/#breadcrumb"},"inLanguage":"pl-PL","potentialAction":[{"@type":"ReadAction","target":["https:\/\/wobronietradycjiiwiary.com\/modlmy-sie-przed-posilkiem-blogoslawmy-sobie-nawzajem\/"]}]},{"@type":"ImageObject","inLanguage":"pl-PL","@id":"https:\/\/wobronietradycjiiwiary.com\/modlmy-sie-przed-posilkiem-blogoslawmy-sobie-nawzajem\/#primaryimage","url":"https:\/\/wobronietradycjiiwiary.com\/wp-content\/uploads\/2014\/02\/das-tischgebet.jpg","contentUrl":"https:\/\/wobronietradycjiiwiary.com\/wp-content\/uploads\/2014\/02\/das-tischgebet.jpg","width":600,"height":444},{"@type":"BreadcrumbList","@id":"https:\/\/wobronietradycjiiwiary.com\/modlmy-sie-przed-posilkiem-blogoslawmy-sobie-nawzajem\/#breadcrumb","itemListElement":[{"@type":"ListItem","position":1,"name":"Strona g\u0142\u00f3wna","item":"https:\/\/wobronietradycjiiwiary.com\/"},{"@type":"ListItem","position":2,"name":"M\u00f3dlmy si\u0119 przed posi\u0142kiem, b\u0142ogos\u0142awmy sobie nawzajem"}]},{"@type":"WebSite","@id":"https:\/\/wobronietradycjiiwiary.com\/pl\/#website","url":"https:\/\/wobronietradycjiiwiary.com\/pl\/","name":"Tradycja i Wiara","description":"Portal dla katolik\u00f3w.","publisher":{"@id":"https:\/\/wobronietradycjiiwiary.com\/pl\/#organization"},"potentialAction":[{"@type":"SearchAction","target":{"@type":"EntryPoint","urlTemplate":"https:\/\/wobronietradycjiiwiary.com\/pl\/?s={search_term_string}"},"query-input":{"@type":"PropertyValueSpecification","valueRequired":true,"valueName":"search_term_string"}}],"inLanguage":"pl-PL"},{"@type":"Organization","@id":"https:\/\/wobronietradycjiiwiary.com\/pl\/#organization","name":"Tradycja i Wiara","url":"https:\/\/wobronietradycjiiwiary.com\/pl\/","logo":{"@type":"ImageObject","inLanguage":"pl-PL","@id":"https:\/\/wobronietradycjiiwiary.com\/pl\/#\/schema\/logo\/image\/","url":"https:\/\/i0.wp.com\/wobronietradycjiiwiary.com\/wp-content\/uploads\/2015\/10\/cropped-st-peters-dome-vatican.jpg?fit=940%2C198&ssl=1","contentUrl":"https:\/\/i0.wp.com\/wobronietradycjiiwiary.com\/wp-content\/uploads\/2015\/10\/cropped-st-peters-dome-vatican.jpg?fit=940%2C198&ssl=1","width":940,"height":198,"caption":"Tradycja i Wiara"},"image":{"@id":"https:\/\/wobronietradycjiiwiary.com\/pl\/#\/schema\/logo\/image\/"},"sameAs":["https:\/\/www.facebook.com\/Tradycja-i-Wiara-108813920592249"]},{"@type":"Person","@id":"https:\/\/wobronietradycjiiwiary.com\/pl\/#\/schema\/person\/2d6180ce6abcb681fef0daab7816e8f3","name":"Traditio et Fides","sameAs":["https:\/\/traditionundglauben.com"],"url":"https:\/\/wobronietradycjiiwiary.com\/pl\/author\/wobronietradycjiiwiary\/"}]}},"jetpack_publicize_connections":[],"jetpack_sharing_enabled":true,"jetpack_likes_enabled":true,"jetpack_shortlink":"https:\/\/wp.me\/pc04Sd-8L","jetpack-related-posts":[{"id":119937,"url":"https:\/\/wobronietradycjiiwiary.com\/pl\/20-go-marca-zywot-swietego-joachima-ojca-najsw-maryi-panny-2-2-2-2\/","url_meta":{"origin":543,"position":0},"title":"16-go Sierpnia. \u017bywot \u015bwi\u0119tego Joachima, Ojca Naj\u015bw. Maryi Panny.","author":"Traditio et Fides","date":"16 sierpnia 2024","format":false,"excerpt":"Czasami ludzie maj\u0105 wszystko opr\u00f3cz dzieci, a przypadek \u015bw. Joachima ukazuje, \u017ce ja\u0142mu\u017cna pozwala wyprosi\u0107 \u0142aski u Boga.","rel":"","context":"W \u201e03. \u015awi\u0119ta w marcu&quot;","block_context":{"text":"03. \u015awi\u0119ta w marcu","link":"https:\/\/wobronietradycjiiwiary.com\/pl\/category\/duchowosc\/liturgia-i-liturgika\/rozwazania\/rok-liturgiczny\/swieta-w-marcu\/"},"img":{"alt_text":"","src":"https:\/\/i0.wp.com\/wobronietradycjiiwiary.com\/wp-content\/uploads\/2021\/03\/Joachim-1-e1615802965292.jpg?resize=350%2C200&ssl=1","width":350,"height":200,"srcset":"https:\/\/i0.wp.com\/wobronietradycjiiwiary.com\/wp-content\/uploads\/2021\/03\/Joachim-1-e1615802965292.jpg?resize=350%2C200&ssl=1 1x, https:\/\/i0.wp.com\/wobronietradycjiiwiary.com\/wp-content\/uploads\/2021\/03\/Joachim-1-e1615802965292.jpg?resize=525%2C300&ssl=1 1.5x, https:\/\/i0.wp.com\/wobronietradycjiiwiary.com\/wp-content\/uploads\/2021\/03\/Joachim-1-e1615802965292.jpg?resize=700%2C400&ssl=1 2x"},"classes":[]},{"id":113349,"url":"https:\/\/wobronietradycjiiwiary.com\/pl\/20-go-marca-zywot-swietego-joachima-ojca-najsw-maryi-panny-2-2-2\/","url_meta":{"origin":543,"position":1},"title":"20-go Marca. \u017bywot \u015bwi\u0119tego Joachima, Ojca Naj\u015bw. Maryi Panny.","author":"Traditio et Fides","date":"20 lutego 2024","format":false,"excerpt":"Czasami ludzie maj\u0105 wszystko opr\u00f3cz dzieci, a przypadek \u015bw. Joachima ukazuje, \u017ce ja\u0142mu\u017cna pozwala wyprosi\u0107 \u0142aski u Boga.","rel":"","context":"W \u201e03. \u015awi\u0119ta w marcu&quot;","block_context":{"text":"03. \u015awi\u0119ta w marcu","link":"https:\/\/wobronietradycjiiwiary.com\/pl\/category\/duchowosc\/liturgia-i-liturgika\/rozwazania\/rok-liturgiczny\/swieta-w-marcu\/"},"img":{"alt_text":"","src":"https:\/\/i0.wp.com\/wobronietradycjiiwiary.com\/wp-content\/uploads\/2021\/03\/Joachim-1-e1615802965292.jpg?resize=350%2C200&ssl=1","width":350,"height":200,"srcset":"https:\/\/i0.wp.com\/wobronietradycjiiwiary.com\/wp-content\/uploads\/2021\/03\/Joachim-1-e1615802965292.jpg?resize=350%2C200&ssl=1 1x, https:\/\/i0.wp.com\/wobronietradycjiiwiary.com\/wp-content\/uploads\/2021\/03\/Joachim-1-e1615802965292.jpg?resize=525%2C300&ssl=1 1.5x, https:\/\/i0.wp.com\/wobronietradycjiiwiary.com\/wp-content\/uploads\/2021\/03\/Joachim-1-e1615802965292.jpg?resize=700%2C400&ssl=1 2x"},"classes":[]},{"id":116514,"url":"https:\/\/wobronietradycjiiwiary.com\/pl\/rozmyslania-na-kazdy-dzien-maja-dzien-19-2-2\/","url_meta":{"origin":543,"position":2},"title":"Rozmy\u015blania na ka\u017cdy dzie\u0144 maja \u2013 DZIE\u0143 19","author":"mariuszjerzy","date":"19 maja 2024","format":false,"excerpt":"\"Pobo\u017cno\u015b\u0107 Maryi\" I. \u015awi\u0119ty \u0141ukasz Ewangelista, naj\u015bwietniejszy pod wzgl\u0119dem formy, opowiadacz \u017cycia i czyn\u00f3w Jezusa i Maryi, pe\u0142nymi prostoty s\u0142owami, czyni wielkie wra\u017cenie i przenosi nas w owe czasy i w owe miejsca, jak gdyby\u015bmy na nie w\u0142asnymi patrzeli oczyma. Tak m\u00f3wi\u0107 mo\u017cna tylko o przedmiocie, w kt\u00f3ry\u015bmy si\u0119 z\u2026","rel":"","context":"W \u201eDuchowo\u015b\u0107&quot;","block_context":{"text":"Duchowo\u015b\u0107","link":"https:\/\/wobronietradycjiiwiary.com\/pl\/category\/duchowosc\/"},"img":{"alt_text":"","src":"https:\/\/i0.wp.com\/wobronietradycjiiwiary.com\/wp-content\/uploads\/2024\/05\/Madonna-and-Child-401x500-1.jpg?resize=350%2C200&ssl=1","width":350,"height":200},"classes":[]},{"id":140791,"url":"https:\/\/wobronietradycjiiwiary.com\/pl\/rozmyslania-na-kazdy-dzien-maja-dzien-19-2-2-2\/","url_meta":{"origin":543,"position":3},"title":"Rozmy\u015blania na ka\u017cdy dzie\u0144 maja \u2013 DZIE\u0143 19","author":"mariuszjerzy","date":"19 maja 2025","format":false,"excerpt":"\"Pobo\u017cno\u015b\u0107 Maryi\" I. \u015awi\u0119ty \u0141ukasz Ewangelista, naj\u015bwietniejszy pod wzgl\u0119dem formy, opowiadacz \u017cycia i czyn\u00f3w Jezusa i Maryi, pe\u0142nymi prostoty s\u0142owami, czyni wielkie wra\u017cenie i przenosi nas w owe czasy i w owe miejsca, jak gdyby\u015bmy na nie w\u0142asnymi patrzeli oczyma. Tak m\u00f3wi\u0107 mo\u017cna tylko o przedmiocie, w kt\u00f3ry\u015bmy si\u0119 z\u2026","rel":"","context":"W \u201eDuchowo\u015b\u0107&quot;","block_context":{"text":"Duchowo\u015b\u0107","link":"https:\/\/wobronietradycjiiwiary.com\/pl\/category\/duchowosc\/"},"img":{"alt_text":"","src":"https:\/\/i0.wp.com\/wobronietradycjiiwiary.com\/wp-content\/uploads\/2024\/05\/Madonna-and-Child-401x500-1.jpg?resize=350%2C200&ssl=1","width":350,"height":200},"classes":[]},{"id":102135,"url":"https:\/\/wobronietradycjiiwiary.com\/pl\/chor-duchownych-odbiciem-boskiej-hierarchii\/","url_meta":{"origin":543,"position":4},"title":"Ch\u00f3r duchownych odbiciem boskiej hierarchii","author":"Traditio et Fides","date":"12 wrze\u015bnia 2023","format":false,"excerpt":"O tym, \u017ce chora\u0142 powinni wykonywa\u0107 duchowni.","rel":"","context":"W \u201eDuchowo\u015b\u0107&quot;","block_context":{"text":"Duchowo\u015b\u0107","link":"https:\/\/wobronietradycjiiwiary.com\/pl\/category\/duchowosc\/"},"img":{"alt_text":"","src":"https:\/\/i0.wp.com\/wobronietradycjiiwiary.com\/wp-content\/uploads\/2023\/09\/b5a29d76dfba7b0ec38f80b35e29429a.jpg?resize=350%2C200&ssl=1","width":350,"height":200},"classes":[]},{"id":133117,"url":"https:\/\/wobronietradycjiiwiary.com\/pl\/czy-modlitwa-szkolna-cos-zmienia\/","url_meta":{"origin":543,"position":5},"title":"Czy modlitwa szkolna co\u015b zmienia?","author":"Traditio et Fides","date":"28 lutego 2025","format":false,"excerpt":"Refleksje na temat zaniechania modlitwy szkolnej w USA i konsekwncji tego wydarzenia. upadku obyczaj\u00f3w w USA.","rel":"","context":"W \u201eApologetyka i polemika&quot;","block_context":{"text":"Apologetyka i polemika","link":"https:\/\/wobronietradycjiiwiary.com\/pl\/category\/polemika\/apologetyka-i-polemika\/"},"img":{"alt_text":"","src":"https:\/\/i0.wp.com\/wobronietradycjiiwiary.com\/wp-content\/uploads\/2025\/02\/the-prayer-of-the-children-suffering-from-ringworm-1853-detail-isidore-pils.jpg?resize=350%2C200&ssl=1","width":350,"height":200,"srcset":"https:\/\/i0.wp.com\/wobronietradycjiiwiary.com\/wp-content\/uploads\/2025\/02\/the-prayer-of-the-children-suffering-from-ringworm-1853-detail-isidore-pils.jpg?resize=350%2C200&ssl=1 1x, https:\/\/i0.wp.com\/wobronietradycjiiwiary.com\/wp-content\/uploads\/2025\/02\/the-prayer-of-the-children-suffering-from-ringworm-1853-detail-isidore-pils.jpg?resize=525%2C300&ssl=1 1.5x, https:\/\/i0.wp.com\/wobronietradycjiiwiary.com\/wp-content\/uploads\/2025\/02\/the-prayer-of-the-children-suffering-from-ringworm-1853-detail-isidore-pils.jpg?resize=700%2C400&ssl=1 2x"},"classes":[]}],"amp_enabled":true,"jetpack_featured_media_url":"https:\/\/wobronietradycjiiwiary.com\/wp-content\/uploads\/2014\/02\/das-tischgebet.jpg","_links":{"self":[{"href":"https:\/\/wobronietradycjiiwiary.com\/pl\/wp-json\/wp\/v2\/posts\/543","targetHints":{"allow":["GET"]}}],"collection":[{"href":"https:\/\/wobronietradycjiiwiary.com\/pl\/wp-json\/wp\/v2\/posts"}],"about":[{"href":"https:\/\/wobronietradycjiiwiary.com\/pl\/wp-json\/wp\/v2\/types\/post"}],"author":[{"embeddable":true,"href":"https:\/\/wobronietradycjiiwiary.com\/pl\/wp-json\/wp\/v2\/users\/60508433"}],"replies":[{"embeddable":true,"href":"https:\/\/wobronietradycjiiwiary.com\/pl\/wp-json\/wp\/v2\/comments?post=543"}],"version-history":[{"count":1,"href":"https:\/\/wobronietradycjiiwiary.com\/pl\/wp-json\/wp\/v2\/posts\/543\/revisions"}],"predecessor-version":[{"id":55420,"href":"https:\/\/wobronietradycjiiwiary.com\/pl\/wp-json\/wp\/v2\/posts\/543\/revisions\/55420"}],"wp:featuredmedia":[{"embeddable":true,"href":"https:\/\/wobronietradycjiiwiary.com\/pl\/wp-json\/wp\/v2\/media\/27842"}],"wp:attachment":[{"href":"https:\/\/wobronietradycjiiwiary.com\/pl\/wp-json\/wp\/v2\/media?parent=543"}],"wp:term":[{"taxonomy":"category","embeddable":true,"href":"https:\/\/wobronietradycjiiwiary.com\/pl\/wp-json\/wp\/v2\/categories?post=543"},{"taxonomy":"post_tag","embeddable":true,"href":"https:\/\/wobronietradycjiiwiary.com\/pl\/wp-json\/wp\/v2\/tags?post=543"}],"curies":[{"name":"wp","href":"https:\/\/api.w.org\/{rel}","templated":true}]}}