{"id":53568,"date":"2021-10-11T08:00:00","date_gmt":"2021-10-11T06:00:00","guid":{"rendered":"https:\/\/wobronietradycjiiwiary.com\/?p=53568"},"modified":"2025-02-07T15:46:51","modified_gmt":"2025-02-07T14:46:51","slug":"kard-bona-o-rozpoznawaniu-duchow-135-o-widzeniach-pojeciowych-vi","status":"publish","type":"post","link":"https:\/\/wobronietradycjiiwiary.com\/pl\/kard-bona-o-rozpoznawaniu-duchow-135-o-widzeniach-pojeciowych-vi\/","title":{"rendered":"Kard. Bona. \u201eO rozpoznawaniu duch\u00f3w\u201d (135). O widzeniach poj\u0119ciowych. (vi) Jak we mgle"},"content":{"rendered":"<div id=\"bsf_rt_marker\"><\/div><p>Wy\u017csze stopnie poznania Boga przyr\u00f3wnane s\u0105 do wchodzenia w mg\u0142\u0119. Wszyscy znamy okre\u015blenie &#8220;jak dziecko we mgle&#8221; obrazuj\u0105ce naiwno\u015b\u0107 i&hellip;<\/p>\n<div style=\"text-align: center\">\n<p>&nbsp;<\/p>\n<\/div>\n<h2 style=\"border: 5px solid #0000A0;padding: 1em;text-align: center\"><span style=\"color: #000000\">Pe\u0142en dost\u0119p dla <span style=\"color: #00ccff\"><a style=\"color: #00ccff\" href=\"https:\/\/wobronietradycjiiwiary.com\/subskrypcje-2\/\" target=\"_blank\" rel=\"noopener\">subskrybent\u00f3w<\/a><\/span>.<\/span><br \/>\n<span style=\"color: #3366ff\"><a style=\"color: #3366ff\" href=\"https:\/\/wobronietradycjiiwiary.com\/account\/login\/\" target=\"_blank\" rel=\"noopener\"><span style=\"color: #00ccff\">Zaloguj<\/span><\/a> <\/span>si\u0119 lub przejd\u017a do <a href=\"https:\/\/wobronietradycjiiwiary.com\/register\/\"><span style=\"color: #3366ff\">Rejestracji<\/span><\/a>.<\/h2>\n<div>\n<p style=\"text-align: center\"><a href=\"https:\/\/wobronietradycjiiwiary.com\/pl\/subskrypcje-2\/cennik\/\" target=\"_blank\" rel=\"noopener\"><span style=\"color: #000080;font-size: 24pt\"><strong>Nowe ni\u017csze ceny<\/strong><\/span><\/a><\/p>\n<p style=\"text-align: center\"><strong><span style=\"font-size: 18pt;color: #000080\">P\u0142atno\u015b\u0107 kart\u0105<\/span><\/strong><\/p>\n<\/div>\n<h3 style=\"text-align: center\"><a href=\"https:\/\/wobronietradycjiiwiary.com\/pl\/subskrypcje-2\/automatyczne\/indywidualne\/\" target=\"_blank\" rel=\"noopener\"><img fetchpriority=\"high\" decoding=\"async\" class=\"alignnone size-medium wp-image-80433\" src=\"https:\/\/wobronietradycjiiwiary.com\/wp-content\/uploads\/2022\/11\/Unbenannt-1-Online-1-300x202.jpg\" alt=\"\" width=\"300\" height=\"202\" srcset=\"https:\/\/wobronietradycjiiwiary.com\/wp-content\/uploads\/2022\/11\/Unbenannt-1-Online-1-300x202.jpg 300w, https:\/\/wobronietradycjiiwiary.com\/wp-content\/uploads\/2022\/11\/Unbenannt-1-Online-1-150x101.jpg 150w, https:\/\/wobronietradycjiiwiary.com\/wp-content\/uploads\/2022\/11\/Unbenannt-1-Online-1-18x12.jpg 18w, https:\/\/wobronietradycjiiwiary.com\/wp-content\/uploads\/2022\/11\/Unbenannt-1-Online-1.jpg 446w\" sizes=\"(max-width: 300px) 100vw, 300px\" \/><\/a><\/h3>\n<p style=\"text-align: center\"><strong><span style=\"font-size: 18pt;color: #000080\">P\u0142atno\u015b\u0107 przelewem<\/span><\/strong><\/p>\n<p><a href=\"https:\/\/wobronietradycjiiwiary.com\/pl\/subskrypcje-2\/automatyczne\/indywidualne\/\" target=\"_blank\" rel=\"noopener\"><img decoding=\"async\" class=\"size-medium wp-image-80434 aligncenter\" src=\"https:\/\/wobronietradycjiiwiary.com\/wp-content\/uploads\/2022\/11\/Unbenannt-1-Przelewem-300x137.jpg\" alt=\"\" width=\"300\" height=\"137\" srcset=\"https:\/\/wobronietradycjiiwiary.com\/wp-content\/uploads\/2022\/11\/Unbenannt-1-Przelewem-300x137.jpg 300w, https:\/\/wobronietradycjiiwiary.com\/wp-content\/uploads\/2022\/11\/Unbenannt-1-Przelewem-450x206.jpg 450w, https:\/\/wobronietradycjiiwiary.com\/wp-content\/uploads\/2022\/11\/Unbenannt-1-Przelewem-600x274.jpg 600w, https:\/\/wobronietradycjiiwiary.com\/wp-content\/uploads\/2022\/11\/Unbenannt-1-Przelewem-150x69.jpg 150w, https:\/\/wobronietradycjiiwiary.com\/wp-content\/uploads\/2022\/11\/Unbenannt-1-Przelewem-18x8.jpg 18w, https:\/\/wobronietradycjiiwiary.com\/wp-content\/uploads\/2022\/11\/Unbenannt-1-Przelewem.jpg 676w\" sizes=\"(max-width: 300px) 100vw, 300px\" \/><\/a><\/p>\n<p style=\"text-align: center\"><strong><span style=\"font-size: 18pt;color: #000080\">P\u0142atno\u015b\u0107 kart\u0105 do 6 os\u00f3b<\/span><\/strong><\/p>\n<p><a href=\"https:\/\/wobronietradycjiiwiary.com\/pl\/rodzinne\/\" target=\"_blank\" rel=\"noopener\"><img decoding=\"async\" class=\"size-medium wp-image-80435 aligncenter\" src=\"https:\/\/wobronietradycjiiwiary.com\/wp-content\/uploads\/2022\/11\/Unbenannt-1-Rodzinna-300x208.jpg\" alt=\"\" width=\"300\" height=\"208\" srcset=\"https:\/\/wobronietradycjiiwiary.com\/wp-content\/uploads\/2022\/11\/Unbenannt-1-Rodzinna-300x208.jpg 300w, https:\/\/wobronietradycjiiwiary.com\/wp-content\/uploads\/2022\/11\/Unbenannt-1-Rodzinna-150x104.jpg 150w, https:\/\/wobronietradycjiiwiary.com\/wp-content\/uploads\/2022\/11\/Unbenannt-1-Rodzinna-18x12.jpg 18w, https:\/\/wobronietradycjiiwiary.com\/wp-content\/uploads\/2022\/11\/Unbenannt-1-Rodzinna.jpg 448w\" sizes=\"(max-width: 300px) 100vw, 300px\" \/><\/a><\/p>\n<h3 style=\"text-align: center\"><\/h3>\n<h1 style=\"text-align: center\"><\/h1>\n","protected":false},"excerpt":{"rendered":"<p>Wy\u017csze stopnie poznania Boga przyr\u00f3wnane s\u0105 do wchodzenia w mg\u0142\u0119. Wszyscy znamy okre\u015blenie &#8220;jak dziecko we mgle&#8221; obrazuj\u0105ce naiwno\u015b\u0107 i&hellip; &nbsp; Pe\u0142en dost\u0119p dla subskrybent\u00f3w. Zaloguj si\u0119 lub przejd\u017a do Rejestracji. Nowe ni\u017csze ceny P\u0142atno\u015b\u0107 kart\u0105 P\u0142atno\u015b\u0107 przelewem P\u0142atno\u015b\u0107 kart\u0105 do 6 os\u00f3b<\/p>\n","protected":false},"author":60508433,"featured_media":26157,"comment_status":"open","ping_status":"open","sticky":false,"template":"","format":"standard","meta":{"_bbp_topic_count":0,"_bbp_reply_count":0,"_bbp_total_topic_count":0,"_bbp_total_reply_count":0,"_bbp_voice_count":0,"_bbp_anonymous_reply_count":0,"_bbp_topic_count_hidden":0,"_bbp_reply_count_hidden":0,"_bbp_forum_subforum_count":0,"_editorskit_title_hidden":false,"_editorskit_reading_time":1,"_editorskit_is_block_options_detached":false,"_editorskit_block_options_position":"{}","_coblocks_attr":"","_coblocks_dimensions":"","_coblocks_responsive_height":"","_coblocks_accordion_ie_support":"","_exactmetrics_skip_tracking":false,"_jetpack_newsletter_access":"","_jetpack_dont_email_post_to_subs":false,"_jetpack_newsletter_tier_id":0,"_jetpack_memberships_contains_paywalled_content":false,"_wpcom_ai_launchpad_first_post":false,"_jetpack_feature_clip_id":0,"_jetpack_memberships_contains_paid_content":false,"footnotes":"","jetpack_publicize_message":"{title}\n\n{excerpt}\n\n{url}","jetpack_publicize_feature_enabled":true,"jetpack_social_post_already_shared":true,"jetpack_social_options":{"image_generator_settings":{"template":"highway","default_image_id":0,"font":"","enabled":false},"version":2},"_wpas_customize_per_network":false,"jetpack_post_was_ever_published":false},"categories":[610133091,610131214,610131184,329678044],"tags":[610132133],"class_list":["post-53568","post","type-post","status-publish","format-standard","has-post-thumbnail","hentry","category-rozeznawanie-duchow","category-autorzy","category-duchowosc","category-kardynal-bona","tag-restricted"],"yoast_head":"<!-- This site is optimized with the Yoast SEO plugin v28.4 - https:\/\/yoast.com\/product\/yoast-seo-wordpress\/ -->\n<title>Kard. Bona. \u201eO rozpoznawaniu duch\u00f3w\u201d (135). O widzeniach poj\u0119ciowych. (vi) Jak we mgle - Tradycja i Wiara<\/title>\n<meta name=\"robots\" content=\"index, follow, max-snippet:-1, max-image-preview:large, max-video-preview:-1\" \/>\n<link rel=\"canonical\" href=\"https:\/\/wobronietradycjiiwiary.com\/pl\/kard-bona-o-rozpoznawaniu-duchow-135-o-widzeniach-pojeciowych-vi\/\" \/>\n<meta property=\"og:locale\" content=\"pl_PL\" \/>\n<meta property=\"og:type\" content=\"article\" \/>\n<meta property=\"og:title\" content=\"Kard. Bona. \u201eO rozpoznawaniu duch\u00f3w\u201d (135). O widzeniach poj\u0119ciowych. (vi) Jak we mgle - Tradycja i Wiara\" \/>\n<meta property=\"og:description\" content=\"Wy\u017csze stopnie poznania Boga przyr\u00f3wnane s\u0105 do wchodzenia w mg\u0142\u0119. Wszyscy znamy okre\u015blenie &#8220;jak dziecko we mgle&#8221; obrazuj\u0105ce naiwno\u015b\u0107 i&hellip; &nbsp; Pe\u0142en dost\u0119p dla subskrybent\u00f3w. Zaloguj si\u0119 lub przejd\u017a do Rejestracji. Nowe ni\u017csze ceny P\u0142atno\u015b\u0107 kart\u0105 P\u0142atno\u015b\u0107 przelewem P\u0142atno\u015b\u0107 kart\u0105 do 6 os\u00f3b\" \/>\n<meta property=\"og:url\" content=\"https:\/\/wobronietradycjiiwiary.com\/pl\/kard-bona-o-rozpoznawaniu-duchow-135-o-widzeniach-pojeciowych-vi\/\" \/>\n<meta property=\"og:site_name\" content=\"Tradycja i Wiara\" \/>\n<meta property=\"article:publisher\" content=\"https:\/\/www.facebook.com\/Tradycja-i-Wiara-108813920592249\" \/>\n<meta property=\"article:published_time\" content=\"2021-10-11T06:00:00+00:00\" \/>\n<meta property=\"article:modified_time\" content=\"2025-02-07T14:46:51+00:00\" \/>\n<meta property=\"og:image\" content=\"https:\/\/wobronietradycjiiwiary.com\/wp-content\/uploads\/2020\/01\/29183e5c6fd59bc5a33a573a12632224.jpg\" \/>\n\t<meta property=\"og:image:width\" content=\"1280\" \/>\n\t<meta property=\"og:image:height\" content=\"1490\" \/>\n\t<meta property=\"og:image:type\" content=\"image\/jpeg\" \/>\n<meta name=\"author\" content=\"Traditio et Fides\" \/>\n<meta name=\"twitter:card\" content=\"summary_large_image\" \/>\n<meta name=\"twitter:label1\" content=\"Napisane przez\" \/>\n\t<meta name=\"twitter:data1\" content=\"Traditio et Fides\" \/>\n\t<meta name=\"twitter:label2\" content=\"Szacowany czas czytania\" \/>\n\t<meta name=\"twitter:data2\" content=\"2 minuty\" \/>\n<script type=\"application\/ld+json\" class=\"yoast-schema-graph\">{\"@context\":\"https:\\\/\\\/schema.org\",\"@graph\":[{\"@type\":\"Article\",\"@id\":\"https:\\\/\\\/wobronietradycjiiwiary.com\\\/kard-bona-o-rozpoznawaniu-duchow-135-o-widzeniach-pojeciowych-vi\\\/#article\",\"isPartOf\":{\"@id\":\"https:\\\/\\\/wobronietradycjiiwiary.com\\\/kard-bona-o-rozpoznawaniu-duchow-135-o-widzeniach-pojeciowych-vi\\\/\"},\"author\":{\"name\":\"Traditio et Fides\",\"@id\":\"https:\\\/\\\/wobronietradycjiiwiary.com\\\/pl\\\/#\\\/schema\\\/person\\\/2d6180ce6abcb681fef0daab7816e8f3\"},\"headline\":\"Kard. Bona. \u201eO rozpoznawaniu duch\u00f3w\u201d (135). O widzeniach poj\u0119ciowych. (vi) Jak we mgle\",\"datePublished\":\"2021-10-11T06:00:00+00:00\",\"dateModified\":\"2025-02-07T14:46:51+00:00\",\"mainEntityOfPage\":{\"@id\":\"https:\\\/\\\/wobronietradycjiiwiary.com\\\/kard-bona-o-rozpoznawaniu-duchow-135-o-widzeniach-pojeciowych-vi\\\/\"},\"wordCount\":179,\"commentCount\":0,\"publisher\":{\"@id\":\"https:\\\/\\\/wobronietradycjiiwiary.com\\\/pl\\\/#organization\"},\"image\":{\"@id\":\"https:\\\/\\\/wobronietradycjiiwiary.com\\\/kard-bona-o-rozpoznawaniu-duchow-135-o-widzeniach-pojeciowych-vi\\\/#primaryimage\"},\"thumbnailUrl\":\"https:\\\/\\\/wobronietradycjiiwiary.com\\\/wp-content\\\/uploads\\\/2020\\\/01\\\/29183e5c6fd59bc5a33a573a12632224.jpg\",\"keywords\":[\"Restricted\"],\"articleSection\":[\"\\\"Rozeznawanie duch\u00f3w\\\"\",\"Autorzy \u017cycia duchowego\",\"Duchowo\u015b\u0107\",\"Kardyna\u0142 Bona\"],\"inLanguage\":\"pl-PL\",\"potentialAction\":[{\"@type\":\"CommentAction\",\"name\":\"Comment\",\"target\":[\"https:\\\/\\\/wobronietradycjiiwiary.com\\\/kard-bona-o-rozpoznawaniu-duchow-135-o-widzeniach-pojeciowych-vi\\\/#respond\"]}]},{\"@type\":\"WebPage\",\"@id\":\"https:\\\/\\\/wobronietradycjiiwiary.com\\\/kard-bona-o-rozpoznawaniu-duchow-135-o-widzeniach-pojeciowych-vi\\\/\",\"url\":\"https:\\\/\\\/wobronietradycjiiwiary.com\\\/kard-bona-o-rozpoznawaniu-duchow-135-o-widzeniach-pojeciowych-vi\\\/\",\"name\":\"Kard. Bona. \u201eO rozpoznawaniu duch\u00f3w\u201d (135). O widzeniach poj\u0119ciowych. (vi) Jak we mgle - Tradycja i Wiara\",\"isPartOf\":{\"@id\":\"https:\\\/\\\/wobronietradycjiiwiary.com\\\/pl\\\/#website\"},\"primaryImageOfPage\":{\"@id\":\"https:\\\/\\\/wobronietradycjiiwiary.com\\\/kard-bona-o-rozpoznawaniu-duchow-135-o-widzeniach-pojeciowych-vi\\\/#primaryimage\"},\"image\":{\"@id\":\"https:\\\/\\\/wobronietradycjiiwiary.com\\\/kard-bona-o-rozpoznawaniu-duchow-135-o-widzeniach-pojeciowych-vi\\\/#primaryimage\"},\"thumbnailUrl\":\"https:\\\/\\\/wobronietradycjiiwiary.com\\\/wp-content\\\/uploads\\\/2020\\\/01\\\/29183e5c6fd59bc5a33a573a12632224.jpg\",\"datePublished\":\"2021-10-11T06:00:00+00:00\",\"dateModified\":\"2025-02-07T14:46:51+00:00\",\"breadcrumb\":{\"@id\":\"https:\\\/\\\/wobronietradycjiiwiary.com\\\/kard-bona-o-rozpoznawaniu-duchow-135-o-widzeniach-pojeciowych-vi\\\/#breadcrumb\"},\"inLanguage\":\"pl-PL\",\"potentialAction\":[{\"@type\":\"ReadAction\",\"target\":[\"https:\\\/\\\/wobronietradycjiiwiary.com\\\/kard-bona-o-rozpoznawaniu-duchow-135-o-widzeniach-pojeciowych-vi\\\/\"]}]},{\"@type\":\"ImageObject\",\"inLanguage\":\"pl-PL\",\"@id\":\"https:\\\/\\\/wobronietradycjiiwiary.com\\\/kard-bona-o-rozpoznawaniu-duchow-135-o-widzeniach-pojeciowych-vi\\\/#primaryimage\",\"url\":\"https:\\\/\\\/wobronietradycjiiwiary.com\\\/wp-content\\\/uploads\\\/2020\\\/01\\\/29183e5c6fd59bc5a33a573a12632224.jpg\",\"contentUrl\":\"https:\\\/\\\/wobronietradycjiiwiary.com\\\/wp-content\\\/uploads\\\/2020\\\/01\\\/29183e5c6fd59bc5a33a573a12632224.jpg\",\"width\":1280,\"height\":1490},{\"@type\":\"BreadcrumbList\",\"@id\":\"https:\\\/\\\/wobronietradycjiiwiary.com\\\/kard-bona-o-rozpoznawaniu-duchow-135-o-widzeniach-pojeciowych-vi\\\/#breadcrumb\",\"itemListElement\":[{\"@type\":\"ListItem\",\"position\":1,\"name\":\"Strona g\u0142\u00f3wna\",\"item\":\"https:\\\/\\\/wobronietradycjiiwiary.com\\\/\"},{\"@type\":\"ListItem\",\"position\":2,\"name\":\"Kard. Bona. \u201eO rozpoznawaniu duch\u00f3w\u201d (135). O widzeniach poj\u0119ciowych. (vi) Jak we mgle\"}]},{\"@type\":\"WebSite\",\"@id\":\"https:\\\/\\\/wobronietradycjiiwiary.com\\\/pl\\\/#website\",\"url\":\"https:\\\/\\\/wobronietradycjiiwiary.com\\\/pl\\\/\",\"name\":\"Tradycja i Wiara\",\"description\":\"Portal dla katolik\u00f3w.\",\"publisher\":{\"@id\":\"https:\\\/\\\/wobronietradycjiiwiary.com\\\/pl\\\/#organization\"},\"potentialAction\":[{\"@type\":\"SearchAction\",\"target\":{\"@type\":\"EntryPoint\",\"urlTemplate\":\"https:\\\/\\\/wobronietradycjiiwiary.com\\\/pl\\\/?s={search_term_string}\"},\"query-input\":{\"@type\":\"PropertyValueSpecification\",\"valueRequired\":true,\"valueName\":\"search_term_string\"}}],\"inLanguage\":\"pl-PL\"},{\"@type\":\"Organization\",\"@id\":\"https:\\\/\\\/wobronietradycjiiwiary.com\\\/pl\\\/#organization\",\"name\":\"Tradycja i Wiara\",\"url\":\"https:\\\/\\\/wobronietradycjiiwiary.com\\\/pl\\\/\",\"logo\":{\"@type\":\"ImageObject\",\"inLanguage\":\"pl-PL\",\"@id\":\"https:\\\/\\\/wobronietradycjiiwiary.com\\\/pl\\\/#\\\/schema\\\/logo\\\/image\\\/\",\"url\":\"https:\\\/\\\/i0.wp.com\\\/wobronietradycjiiwiary.com\\\/wp-content\\\/uploads\\\/2015\\\/10\\\/cropped-st-peters-dome-vatican.jpg?fit=940%2C198&ssl=1\",\"contentUrl\":\"https:\\\/\\\/i0.wp.com\\\/wobronietradycjiiwiary.com\\\/wp-content\\\/uploads\\\/2015\\\/10\\\/cropped-st-peters-dome-vatican.jpg?fit=940%2C198&ssl=1\",\"width\":940,\"height\":198,\"caption\":\"Tradycja i Wiara\"},\"image\":{\"@id\":\"https:\\\/\\\/wobronietradycjiiwiary.com\\\/pl\\\/#\\\/schema\\\/logo\\\/image\\\/\"},\"sameAs\":[\"https:\\\/\\\/www.facebook.com\\\/Tradycja-i-Wiara-108813920592249\"]},{\"@type\":\"Person\",\"@id\":\"https:\\\/\\\/wobronietradycjiiwiary.com\\\/pl\\\/#\\\/schema\\\/person\\\/2d6180ce6abcb681fef0daab7816e8f3\",\"name\":\"Traditio et Fides\",\"sameAs\":[\"https:\\\/\\\/traditionundglauben.com\"],\"url\":\"https:\\\/\\\/wobronietradycjiiwiary.com\\\/pl\\\/author\\\/wobronietradycjiiwiary\\\/\"}]}<\/script>\n<!-- \/ Yoast SEO plugin. -->","yoast_head_json":{"title":"Kard. Bona. \u201eO rozpoznawaniu duch\u00f3w\u201d (135). O widzeniach poj\u0119ciowych. (vi) Jak we mgle - Tradycja i Wiara","robots":{"index":"index","follow":"follow","max-snippet":"max-snippet:-1","max-image-preview":"max-image-preview:large","max-video-preview":"max-video-preview:-1"},"canonical":"https:\/\/wobronietradycjiiwiary.com\/pl\/kard-bona-o-rozpoznawaniu-duchow-135-o-widzeniach-pojeciowych-vi\/","og_locale":"pl_PL","og_type":"article","og_title":"Kard. Bona. \u201eO rozpoznawaniu duch\u00f3w\u201d (135). O widzeniach poj\u0119ciowych. (vi) Jak we mgle - Tradycja i Wiara","og_description":"Wy\u017csze stopnie poznania Boga przyr\u00f3wnane s\u0105 do wchodzenia w mg\u0142\u0119. Wszyscy znamy okre\u015blenie &#8220;jak dziecko we mgle&#8221; obrazuj\u0105ce naiwno\u015b\u0107 i&hellip; &nbsp; Pe\u0142en dost\u0119p dla subskrybent\u00f3w. Zaloguj si\u0119 lub przejd\u017a do Rejestracji. Nowe ni\u017csze ceny P\u0142atno\u015b\u0107 kart\u0105 P\u0142atno\u015b\u0107 przelewem P\u0142atno\u015b\u0107 kart\u0105 do 6 os\u00f3b","og_url":"https:\/\/wobronietradycjiiwiary.com\/pl\/kard-bona-o-rozpoznawaniu-duchow-135-o-widzeniach-pojeciowych-vi\/","og_site_name":"Tradycja i Wiara","article_publisher":"https:\/\/www.facebook.com\/Tradycja-i-Wiara-108813920592249","article_published_time":"2021-10-11T06:00:00+00:00","article_modified_time":"2025-02-07T14:46:51+00:00","og_image":[{"width":1280,"height":1490,"url":"https:\/\/wobronietradycjiiwiary.com\/wp-content\/uploads\/2020\/01\/29183e5c6fd59bc5a33a573a12632224.jpg","type":"image\/jpeg"}],"author":"Traditio et Fides","twitter_card":"summary_large_image","twitter_misc":{"Napisane przez":"Traditio et Fides","Szacowany czas czytania":"2 minuty"},"schema":{"@context":"https:\/\/schema.org","@graph":[{"@type":"Article","@id":"https:\/\/wobronietradycjiiwiary.com\/kard-bona-o-rozpoznawaniu-duchow-135-o-widzeniach-pojeciowych-vi\/#article","isPartOf":{"@id":"https:\/\/wobronietradycjiiwiary.com\/kard-bona-o-rozpoznawaniu-duchow-135-o-widzeniach-pojeciowych-vi\/"},"author":{"name":"Traditio et Fides","@id":"https:\/\/wobronietradycjiiwiary.com\/pl\/#\/schema\/person\/2d6180ce6abcb681fef0daab7816e8f3"},"headline":"Kard. Bona. \u201eO rozpoznawaniu duch\u00f3w\u201d (135). O widzeniach poj\u0119ciowych. (vi) Jak we mgle","datePublished":"2021-10-11T06:00:00+00:00","dateModified":"2025-02-07T14:46:51+00:00","mainEntityOfPage":{"@id":"https:\/\/wobronietradycjiiwiary.com\/kard-bona-o-rozpoznawaniu-duchow-135-o-widzeniach-pojeciowych-vi\/"},"wordCount":179,"commentCount":0,"publisher":{"@id":"https:\/\/wobronietradycjiiwiary.com\/pl\/#organization"},"image":{"@id":"https:\/\/wobronietradycjiiwiary.com\/kard-bona-o-rozpoznawaniu-duchow-135-o-widzeniach-pojeciowych-vi\/#primaryimage"},"thumbnailUrl":"https:\/\/wobronietradycjiiwiary.com\/wp-content\/uploads\/2020\/01\/29183e5c6fd59bc5a33a573a12632224.jpg","keywords":["Restricted"],"articleSection":["\"Rozeznawanie duch\u00f3w\"","Autorzy \u017cycia duchowego","Duchowo\u015b\u0107","Kardyna\u0142 Bona"],"inLanguage":"pl-PL","potentialAction":[{"@type":"CommentAction","name":"Comment","target":["https:\/\/wobronietradycjiiwiary.com\/kard-bona-o-rozpoznawaniu-duchow-135-o-widzeniach-pojeciowych-vi\/#respond"]}]},{"@type":"WebPage","@id":"https:\/\/wobronietradycjiiwiary.com\/kard-bona-o-rozpoznawaniu-duchow-135-o-widzeniach-pojeciowych-vi\/","url":"https:\/\/wobronietradycjiiwiary.com\/kard-bona-o-rozpoznawaniu-duchow-135-o-widzeniach-pojeciowych-vi\/","name":"Kard. Bona. \u201eO rozpoznawaniu duch\u00f3w\u201d (135). O widzeniach poj\u0119ciowych. (vi) Jak we mgle - Tradycja i Wiara","isPartOf":{"@id":"https:\/\/wobronietradycjiiwiary.com\/pl\/#website"},"primaryImageOfPage":{"@id":"https:\/\/wobronietradycjiiwiary.com\/kard-bona-o-rozpoznawaniu-duchow-135-o-widzeniach-pojeciowych-vi\/#primaryimage"},"image":{"@id":"https:\/\/wobronietradycjiiwiary.com\/kard-bona-o-rozpoznawaniu-duchow-135-o-widzeniach-pojeciowych-vi\/#primaryimage"},"thumbnailUrl":"https:\/\/wobronietradycjiiwiary.com\/wp-content\/uploads\/2020\/01\/29183e5c6fd59bc5a33a573a12632224.jpg","datePublished":"2021-10-11T06:00:00+00:00","dateModified":"2025-02-07T14:46:51+00:00","breadcrumb":{"@id":"https:\/\/wobronietradycjiiwiary.com\/kard-bona-o-rozpoznawaniu-duchow-135-o-widzeniach-pojeciowych-vi\/#breadcrumb"},"inLanguage":"pl-PL","potentialAction":[{"@type":"ReadAction","target":["https:\/\/wobronietradycjiiwiary.com\/kard-bona-o-rozpoznawaniu-duchow-135-o-widzeniach-pojeciowych-vi\/"]}]},{"@type":"ImageObject","inLanguage":"pl-PL","@id":"https:\/\/wobronietradycjiiwiary.com\/kard-bona-o-rozpoznawaniu-duchow-135-o-widzeniach-pojeciowych-vi\/#primaryimage","url":"https:\/\/wobronietradycjiiwiary.com\/wp-content\/uploads\/2020\/01\/29183e5c6fd59bc5a33a573a12632224.jpg","contentUrl":"https:\/\/wobronietradycjiiwiary.com\/wp-content\/uploads\/2020\/01\/29183e5c6fd59bc5a33a573a12632224.jpg","width":1280,"height":1490},{"@type":"BreadcrumbList","@id":"https:\/\/wobronietradycjiiwiary.com\/kard-bona-o-rozpoznawaniu-duchow-135-o-widzeniach-pojeciowych-vi\/#breadcrumb","itemListElement":[{"@type":"ListItem","position":1,"name":"Strona g\u0142\u00f3wna","item":"https:\/\/wobronietradycjiiwiary.com\/"},{"@type":"ListItem","position":2,"name":"Kard. Bona. \u201eO rozpoznawaniu duch\u00f3w\u201d (135). O widzeniach poj\u0119ciowych. (vi) Jak we mgle"}]},{"@type":"WebSite","@id":"https:\/\/wobronietradycjiiwiary.com\/pl\/#website","url":"https:\/\/wobronietradycjiiwiary.com\/pl\/","name":"Tradycja i Wiara","description":"Portal dla katolik\u00f3w.","publisher":{"@id":"https:\/\/wobronietradycjiiwiary.com\/pl\/#organization"},"potentialAction":[{"@type":"SearchAction","target":{"@type":"EntryPoint","urlTemplate":"https:\/\/wobronietradycjiiwiary.com\/pl\/?s={search_term_string}"},"query-input":{"@type":"PropertyValueSpecification","valueRequired":true,"valueName":"search_term_string"}}],"inLanguage":"pl-PL"},{"@type":"Organization","@id":"https:\/\/wobronietradycjiiwiary.com\/pl\/#organization","name":"Tradycja i Wiara","url":"https:\/\/wobronietradycjiiwiary.com\/pl\/","logo":{"@type":"ImageObject","inLanguage":"pl-PL","@id":"https:\/\/wobronietradycjiiwiary.com\/pl\/#\/schema\/logo\/image\/","url":"https:\/\/i0.wp.com\/wobronietradycjiiwiary.com\/wp-content\/uploads\/2015\/10\/cropped-st-peters-dome-vatican.jpg?fit=940%2C198&ssl=1","contentUrl":"https:\/\/i0.wp.com\/wobronietradycjiiwiary.com\/wp-content\/uploads\/2015\/10\/cropped-st-peters-dome-vatican.jpg?fit=940%2C198&ssl=1","width":940,"height":198,"caption":"Tradycja i Wiara"},"image":{"@id":"https:\/\/wobronietradycjiiwiary.com\/pl\/#\/schema\/logo\/image\/"},"sameAs":["https:\/\/www.facebook.com\/Tradycja-i-Wiara-108813920592249"]},{"@type":"Person","@id":"https:\/\/wobronietradycjiiwiary.com\/pl\/#\/schema\/person\/2d6180ce6abcb681fef0daab7816e8f3","name":"Traditio et Fides","sameAs":["https:\/\/traditionundglauben.com"],"url":"https:\/\/wobronietradycjiiwiary.com\/pl\/author\/wobronietradycjiiwiary\/"}]}},"jetpack_publicize_connections":[],"jetpack_sharing_enabled":true,"jetpack_likes_enabled":true,"jetpack_shortlink":"https:\/\/wp.me\/pc04Sd-dW0","jetpack-related-posts":[{"id":53578,"url":"https:\/\/wobronietradycjiiwiary.com\/pl\/kard-bona-o-rozpoznawaniu-duchow-136-o-widzeniach-pojeciowych-vii\/","url_meta":{"origin":53568,"position":0},"title":"Kard. Bona. \u201eO rozpoznawaniu duch\u00f3w\u201d (136). O widzeniach poj\u0119ciowych. (vii) Rozproszenie mg\u0142y","author":"Traditio et Fides","date":"18 pa\u017adziernika 2021","format":false,"excerpt":"Drugi i trzeci stopie\u0144 wizji intelektualnej przypomina rozproszenie si\u0119 mg\u0142y i ogl\u0105danie Boga twarz\u0105 w twarz.","rel":"","context":"W \u201e\"Rozeznawanie duch\u00f3w\"&quot;","block_context":{"text":"\"Rozeznawanie duch\u00f3w\"","link":"https:\/\/wobronietradycjiiwiary.com\/pl\/category\/duchowosc\/autorzy\/kardynal-bona\/rozeznawanie-duchow\/"},"img":{"alt_text":"","src":"https:\/\/i0.wp.com\/wobronietradycjiiwiary.com\/wp-content\/uploads\/2020\/01\/29183e5c6fd59bc5a33a573a12632224.jpg?resize=350%2C200&ssl=1","width":350,"height":200,"srcset":"https:\/\/i0.wp.com\/wobronietradycjiiwiary.com\/wp-content\/uploads\/2020\/01\/29183e5c6fd59bc5a33a573a12632224.jpg?resize=350%2C200&ssl=1 1x, https:\/\/i0.wp.com\/wobronietradycjiiwiary.com\/wp-content\/uploads\/2020\/01\/29183e5c6fd59bc5a33a573a12632224.jpg?resize=525%2C300&ssl=1 1.5x, https:\/\/i0.wp.com\/wobronietradycjiiwiary.com\/wp-content\/uploads\/2020\/01\/29183e5c6fd59bc5a33a573a12632224.jpg?resize=700%2C400&ssl=1 2x, https:\/\/i0.wp.com\/wobronietradycjiiwiary.com\/wp-content\/uploads\/2020\/01\/29183e5c6fd59bc5a33a573a12632224.jpg?resize=1050%2C600&ssl=1 3x"},"classes":[]},{"id":49993,"url":"https:\/\/wobronietradycjiiwiary.com\/pl\/kard-bona-o-rozpoznawaniu-duchow-122-o-proroctwach-iii-proroctwo-nie-jest-szalem\/","url_meta":{"origin":53568,"position":1},"title":"Kard. Bona. \u201eO rozpoznawaniu duch\u00f3w\u201d (122). O proroctwach. (iii) Proroctwo nie jest sza\u0142em","author":"Traditio et Fides","date":"5 lipca 2021","format":false,"excerpt":"Proroctwo wymaga trze\u017awo\u015bci, by by\u0107 zrozumia\u0142e. Dlatego te\u017c proroctwa g\u0142oszone w szale nie pochodz\u0105 od Boga.","rel":"","context":"W \u201e\"Rozeznawanie duch\u00f3w\"&quot;","block_context":{"text":"\"Rozeznawanie duch\u00f3w\"","link":"https:\/\/wobronietradycjiiwiary.com\/pl\/category\/duchowosc\/autorzy\/kardynal-bona\/rozeznawanie-duchow\/"},"img":{"alt_text":"","src":"https:\/\/i0.wp.com\/wobronietradycjiiwiary.com\/wp-content\/uploads\/2020\/01\/29183e5c6fd59bc5a33a573a12632224.jpg?resize=350%2C200&ssl=1","width":350,"height":200,"srcset":"https:\/\/i0.wp.com\/wobronietradycjiiwiary.com\/wp-content\/uploads\/2020\/01\/29183e5c6fd59bc5a33a573a12632224.jpg?resize=350%2C200&ssl=1 1x, https:\/\/i0.wp.com\/wobronietradycjiiwiary.com\/wp-content\/uploads\/2020\/01\/29183e5c6fd59bc5a33a573a12632224.jpg?resize=525%2C300&ssl=1 1.5x, https:\/\/i0.wp.com\/wobronietradycjiiwiary.com\/wp-content\/uploads\/2020\/01\/29183e5c6fd59bc5a33a573a12632224.jpg?resize=700%2C400&ssl=1 2x, https:\/\/i0.wp.com\/wobronietradycjiiwiary.com\/wp-content\/uploads\/2020\/01\/29183e5c6fd59bc5a33a573a12632224.jpg?resize=1050%2C600&ssl=1 3x"},"classes":[]},{"id":20251,"url":"https:\/\/wobronietradycjiiwiary.com\/pl\/kard-bona-o-rozpoznawaniu-duchow-26-o-poruszeniach-natury-i-laski\/","url_meta":{"origin":53568,"position":2},"title":"Kard. Bona. &#8220;O rozpoznawaniu duch\u00f3w&#8221; (26). O poruszeniach natury i \u0142aski.","author":"Traditio et Fides","date":"6 maja 2019","format":false,"excerpt":"Prawie wszyscy znamy \u0142aci\u0144sk\u0105 sentencj\u0119 naturalia non sunt turpia - \"to, co naturalne, nie jest brzydkie\". Sentencja ta jest co prawda \u0142aci\u0144ska, ale nie jest katolicka, gdy\u017c natura jest o tyle brzydka, o ile ska\u017cona jest grzechem pierworodnym, po\u017c\u0105dliwo\u015bci\u0105 oraz wp\u0142ywami z\u0142ego ducha. W sumie posoborowie to jeden wielkie pelagianizm\u2026","rel":"","context":"W \u201e\"Rozeznawanie duch\u00f3w\"&quot;","block_context":{"text":"\"Rozeznawanie duch\u00f3w\"","link":"https:\/\/wobronietradycjiiwiary.com\/pl\/category\/duchowosc\/autorzy\/kardynal-bona\/rozeznawanie-duchow\/"},"img":{"alt_text":"","src":"https:\/\/i0.wp.com\/wobronietradycjiiwiary.com\/wp-content\/uploads\/2019\/12\/29183e5c6fd59bc5a33a573a12632224.jpg?resize=350%2C200&ssl=1","width":350,"height":200,"srcset":"https:\/\/i0.wp.com\/wobronietradycjiiwiary.com\/wp-content\/uploads\/2019\/12\/29183e5c6fd59bc5a33a573a12632224.jpg?resize=350%2C200&ssl=1 1x, https:\/\/i0.wp.com\/wobronietradycjiiwiary.com\/wp-content\/uploads\/2019\/12\/29183e5c6fd59bc5a33a573a12632224.jpg?resize=525%2C300&ssl=1 1.5x, https:\/\/i0.wp.com\/wobronietradycjiiwiary.com\/wp-content\/uploads\/2019\/12\/29183e5c6fd59bc5a33a573a12632224.jpg?resize=700%2C400&ssl=1 2x, https:\/\/i0.wp.com\/wobronietradycjiiwiary.com\/wp-content\/uploads\/2019\/12\/29183e5c6fd59bc5a33a573a12632224.jpg?resize=1050%2C600&ssl=1 3x"},"classes":[]},{"id":36831,"url":"https:\/\/wobronietradycjiiwiary.com\/pl\/kard-bona-o-rozpoznawaniu-duchow-26-o-poruszeniach-natury-i-laski-2\/","url_meta":{"origin":53568,"position":3},"title":"Kard. Bona. &quot;O rozpoznawaniu duch\u00f3w&quot; (26). O poruszeniach natury i \u0142aski.","author":"Traditio et Fides","date":"6 maja 2019","format":false,"excerpt":"Prawie wszyscy znamy \u0142aci\u0144sk\u0105 sentencj\u0119 naturalia non sunt turpia - \"to, co naturalne, nie jest brzydkie\". Sentencja ta jest co prawda \u0142aci\u0144ska, ale nie jest katolicka, gdy\u017c natura jest o tyle brzydka, o ile ska\u017cona jest grzechem pierworodnym, po\u017c\u0105dliwo\u015bci\u0105 oraz wp\u0142ywami z\u0142ego ducha. W sumie posoborowie to jeden wielkie pelagianizm\u2026","rel":"","context":"W \u201e\"Rozeznawanie duch\u00f3w\"&quot;","block_context":{"text":"\"Rozeznawanie duch\u00f3w\"","link":"https:\/\/wobronietradycjiiwiary.com\/pl\/category\/duchowosc\/autorzy\/kardynal-bona\/rozeznawanie-duchow\/"},"img":{"alt_text":"","src":"https:\/\/wobronietradycjiiwiaryblog.files.wordpress.com\/2019\/05\/the_annunciation_agostino_carracci.jpg?w=350&h=200&crop=1","width":350,"height":200},"classes":[]},{"id":52625,"url":"https:\/\/wobronietradycjiiwiary.com\/pl\/kard-bona-o-rozpoznawaniu-duchow-131-o-widzeniach-pojeciowych-ii-sw-bernard-z-clairvaux\/","url_meta":{"origin":53568,"position":4},"title":"Kard. Bona. \u201eO rozpoznawaniu duch\u00f3w\u201d (131). O widzeniach poj\u0119ciowych. (ii) \u015bw. Bernard z Clairvaux","author":"Traditio et Fides","date":"13 wrze\u015bnia 2021","format":false,"excerpt":"Aby ewentualnie kiedy\u015b wizji intelektualnych dost\u0105pi\u0107, jak B\u00f3g da, nale\u017cy oczy\u015bci\u0107 wyobra\u017ani\u0119 i umartwia\u0107 wzrok nie przyswajaj\u0105c niepotrzebnych obraz\u00f3w.","rel":"","context":"W \u201e\"Rozeznawanie duch\u00f3w\"&quot;","block_context":{"text":"\"Rozeznawanie duch\u00f3w\"","link":"https:\/\/wobronietradycjiiwiary.com\/pl\/category\/duchowosc\/autorzy\/kardynal-bona\/rozeznawanie-duchow\/"},"img":{"alt_text":"","src":"https:\/\/i0.wp.com\/wobronietradycjiiwiary.com\/wp-content\/uploads\/2020\/01\/29183e5c6fd59bc5a33a573a12632224.jpg?resize=350%2C200&ssl=1","width":350,"height":200,"srcset":"https:\/\/i0.wp.com\/wobronietradycjiiwiary.com\/wp-content\/uploads\/2020\/01\/29183e5c6fd59bc5a33a573a12632224.jpg?resize=350%2C200&ssl=1 1x, https:\/\/i0.wp.com\/wobronietradycjiiwiary.com\/wp-content\/uploads\/2020\/01\/29183e5c6fd59bc5a33a573a12632224.jpg?resize=525%2C300&ssl=1 1.5x, https:\/\/i0.wp.com\/wobronietradycjiiwiary.com\/wp-content\/uploads\/2020\/01\/29183e5c6fd59bc5a33a573a12632224.jpg?resize=700%2C400&ssl=1 2x, https:\/\/i0.wp.com\/wobronietradycjiiwiary.com\/wp-content\/uploads\/2020\/01\/29183e5c6fd59bc5a33a573a12632224.jpg?resize=1050%2C600&ssl=1 3x"},"classes":[]},{"id":42595,"url":"https:\/\/wobronietradycjiiwiary.com\/pl\/kard-bona-o-rozpoznawaniu-duchow-114-o-widzeniach-i-zjawieniach-v-widzenia-wyobrazeniowe-i-umyslowe\/","url_meta":{"origin":53568,"position":5},"title":"Kard. Bona. \u201eO rozpoznawaniu duch\u00f3w\u201d (114). O widzeniach i zjawieniach. (v) Widzenia wyobra\u017ceniowe i umys\u0142owe.","author":"Traditio et Fides","date":"29 marca 2021","format":false,"excerpt":"Opis wizji wyobra\u017ceniowej i umys\u0142owej, pierwsza pos\u0142uguje si\u0119 tym, co zastane, druga daje now\u0105 jako\u015b\u0107.","rel":"","context":"W \u201e\"Rozeznawanie duch\u00f3w\"&quot;","block_context":{"text":"\"Rozeznawanie duch\u00f3w\"","link":"https:\/\/wobronietradycjiiwiary.com\/pl\/category\/duchowosc\/autorzy\/kardynal-bona\/rozeznawanie-duchow\/"},"img":{"alt_text":"","src":"https:\/\/i0.wp.com\/wobronietradycjiiwiary.com\/wp-content\/uploads\/2020\/01\/29183e5c6fd59bc5a33a573a12632224.jpg?resize=350%2C200&ssl=1","width":350,"height":200,"srcset":"https:\/\/i0.wp.com\/wobronietradycjiiwiary.com\/wp-content\/uploads\/2020\/01\/29183e5c6fd59bc5a33a573a12632224.jpg?resize=350%2C200&ssl=1 1x, https:\/\/i0.wp.com\/wobronietradycjiiwiary.com\/wp-content\/uploads\/2020\/01\/29183e5c6fd59bc5a33a573a12632224.jpg?resize=525%2C300&ssl=1 1.5x, https:\/\/i0.wp.com\/wobronietradycjiiwiary.com\/wp-content\/uploads\/2020\/01\/29183e5c6fd59bc5a33a573a12632224.jpg?resize=700%2C400&ssl=1 2x, https:\/\/i0.wp.com\/wobronietradycjiiwiary.com\/wp-content\/uploads\/2020\/01\/29183e5c6fd59bc5a33a573a12632224.jpg?resize=1050%2C600&ssl=1 3x"},"classes":[]}],"amp_enabled":true,"jetpack_featured_media_url":"https:\/\/wobronietradycjiiwiary.com\/wp-content\/uploads\/2020\/01\/29183e5c6fd59bc5a33a573a12632224.jpg","_links":{"self":[{"href":"https:\/\/wobronietradycjiiwiary.com\/pl\/wp-json\/wp\/v2\/posts\/53568","targetHints":{"allow":["GET"]}}],"collection":[{"href":"https:\/\/wobronietradycjiiwiary.com\/pl\/wp-json\/wp\/v2\/posts"}],"about":[{"href":"https:\/\/wobronietradycjiiwiary.com\/pl\/wp-json\/wp\/v2\/types\/post"}],"author":[{"embeddable":true,"href":"https:\/\/wobronietradycjiiwiary.com\/pl\/wp-json\/wp\/v2\/users\/60508433"}],"replies":[{"embeddable":true,"href":"https:\/\/wobronietradycjiiwiary.com\/pl\/wp-json\/wp\/v2\/comments?post=53568"}],"version-history":[{"count":1,"href":"https:\/\/wobronietradycjiiwiary.com\/pl\/wp-json\/wp\/v2\/posts\/53568\/revisions"}],"predecessor-version":[{"id":55368,"href":"https:\/\/wobronietradycjiiwiary.com\/pl\/wp-json\/wp\/v2\/posts\/53568\/revisions\/55368"}],"wp:featuredmedia":[{"embeddable":true,"href":"https:\/\/wobronietradycjiiwiary.com\/pl\/wp-json\/wp\/v2\/media\/26157"}],"wp:attachment":[{"href":"https:\/\/wobronietradycjiiwiary.com\/pl\/wp-json\/wp\/v2\/media?parent=53568"}],"wp:term":[{"taxonomy":"category","embeddable":true,"href":"https:\/\/wobronietradycjiiwiary.com\/pl\/wp-json\/wp\/v2\/categories?post=53568"},{"taxonomy":"post_tag","embeddable":true,"href":"https:\/\/wobronietradycjiiwiary.com\/pl\/wp-json\/wp\/v2\/tags?post=53568"}],"curies":[{"name":"wp","href":"https:\/\/api.w.org\/{rel}","templated":true}]}}