{"id":53547,"date":"2021-09-28T08:15:00","date_gmt":"2021-09-28T06:15:00","guid":{"rendered":"https:\/\/wobronietradycjiiwiary.com\/?p=53547"},"modified":"2025-02-07T20:24:52","modified_gmt":"2025-02-07T19:24:52","slug":"leitourgia-lub-czarna-ksiega-cenzury-novus-ordo","status":"publish","type":"post","link":"https:\/\/wobronietradycjiiwiary.com\/pl\/leitourgia-lub-czarna-ksiega-cenzury-novus-ordo\/","title":{"rendered":"Leitourgia lub \u201eczarna ksi\u0119ga cenzury Novus Ordo\u201d"},"content":{"rendered":"<div id=\"bsf_rt_marker\"><\/div><p>Z jednej strony to szokuj\u0105ce, \u017ce reformatorzy liturgii fa\u0142szowali nawet znaczenia s\u0142ownikowe, z drugiej strony nie jest to dla kogo\u015b,&hellip;<\/p>\n<div style=\"text-align: center\">\n<p>&nbsp;<\/p>\n<\/div>\n<h2 style=\"border: 5px solid #0000A0;padding: 1em;text-align: center\"><span style=\"color: #000000\">Pe\u0142en dost\u0119p dla <span style=\"color: #00ccff\"><a style=\"color: #00ccff\" href=\"https:\/\/wobronietradycjiiwiary.com\/subskrypcje-2\/\" target=\"_blank\" rel=\"noopener\">subskrybent\u00f3w<\/a><\/span>.<\/span><br \/>\n<span style=\"color: #3366ff\"><a style=\"color: #3366ff\" href=\"https:\/\/wobronietradycjiiwiary.com\/account\/login\/\" target=\"_blank\" rel=\"noopener\"><span style=\"color: #00ccff\">Zaloguj<\/span><\/a> <\/span>si\u0119 lub przejd\u017a do <a href=\"https:\/\/wobronietradycjiiwiary.com\/register\/\"><span style=\"color: #3366ff\">Rejestracji<\/span><\/a>.<\/h2>\n<div>\n<p style=\"text-align: center\"><a href=\"https:\/\/wobronietradycjiiwiary.com\/pl\/subskrypcje-2\/cennik\/\" target=\"_blank\" rel=\"noopener\"><span style=\"color: #000080;font-size: 24pt\"><strong>Nowe ni\u017csze ceny<\/strong><\/span><\/a><\/p>\n<p style=\"text-align: center\"><strong><span style=\"font-size: 18pt;color: #000080\">P\u0142atno\u015b\u0107 kart\u0105<\/span><\/strong><\/p>\n<\/div>\n<h3 style=\"text-align: center\"><a href=\"https:\/\/wobronietradycjiiwiary.com\/pl\/subskrypcje-2\/automatyczne\/indywidualne\/\" target=\"_blank\" rel=\"noopener\"><img fetchpriority=\"high\" decoding=\"async\" class=\"alignnone size-medium wp-image-80433\" src=\"https:\/\/wobronietradycjiiwiary.com\/wp-content\/uploads\/2022\/11\/Unbenannt-1-Online-1-300x202.jpg\" alt=\"\" width=\"300\" height=\"202\" srcset=\"https:\/\/wobronietradycjiiwiary.com\/wp-content\/uploads\/2022\/11\/Unbenannt-1-Online-1-300x202.jpg 300w, https:\/\/wobronietradycjiiwiary.com\/wp-content\/uploads\/2022\/11\/Unbenannt-1-Online-1-150x101.jpg 150w, https:\/\/wobronietradycjiiwiary.com\/wp-content\/uploads\/2022\/11\/Unbenannt-1-Online-1-18x12.jpg 18w, https:\/\/wobronietradycjiiwiary.com\/wp-content\/uploads\/2022\/11\/Unbenannt-1-Online-1.jpg 446w\" sizes=\"(max-width: 300px) 100vw, 300px\" \/><\/a><\/h3>\n<p style=\"text-align: center\"><strong><span style=\"font-size: 18pt;color: #000080\">P\u0142atno\u015b\u0107 przelewem<\/span><\/strong><\/p>\n<p><a href=\"https:\/\/wobronietradycjiiwiary.com\/pl\/subskrypcje-2\/automatyczne\/indywidualne\/\" target=\"_blank\" rel=\"noopener\"><img decoding=\"async\" class=\"size-medium wp-image-80434 aligncenter\" src=\"https:\/\/wobronietradycjiiwiary.com\/wp-content\/uploads\/2022\/11\/Unbenannt-1-Przelewem-300x137.jpg\" alt=\"\" width=\"300\" height=\"137\" srcset=\"https:\/\/wobronietradycjiiwiary.com\/wp-content\/uploads\/2022\/11\/Unbenannt-1-Przelewem-300x137.jpg 300w, https:\/\/wobronietradycjiiwiary.com\/wp-content\/uploads\/2022\/11\/Unbenannt-1-Przelewem-450x206.jpg 450w, https:\/\/wobronietradycjiiwiary.com\/wp-content\/uploads\/2022\/11\/Unbenannt-1-Przelewem-600x274.jpg 600w, https:\/\/wobronietradycjiiwiary.com\/wp-content\/uploads\/2022\/11\/Unbenannt-1-Przelewem-150x69.jpg 150w, https:\/\/wobronietradycjiiwiary.com\/wp-content\/uploads\/2022\/11\/Unbenannt-1-Przelewem-18x8.jpg 18w, https:\/\/wobronietradycjiiwiary.com\/wp-content\/uploads\/2022\/11\/Unbenannt-1-Przelewem.jpg 676w\" sizes=\"(max-width: 300px) 100vw, 300px\" \/><\/a><\/p>\n<p style=\"text-align: center\"><strong><span style=\"font-size: 18pt;color: #000080\">P\u0142atno\u015b\u0107 kart\u0105 do 6 os\u00f3b<\/span><\/strong><\/p>\n<p><a href=\"https:\/\/wobronietradycjiiwiary.com\/pl\/rodzinne\/\" target=\"_blank\" rel=\"noopener\"><img decoding=\"async\" class=\"size-medium wp-image-80435 aligncenter\" src=\"https:\/\/wobronietradycjiiwiary.com\/wp-content\/uploads\/2022\/11\/Unbenannt-1-Rodzinna-300x208.jpg\" alt=\"\" width=\"300\" height=\"208\" srcset=\"https:\/\/wobronietradycjiiwiary.com\/wp-content\/uploads\/2022\/11\/Unbenannt-1-Rodzinna-300x208.jpg 300w, https:\/\/wobronietradycjiiwiary.com\/wp-content\/uploads\/2022\/11\/Unbenannt-1-Rodzinna-150x104.jpg 150w, https:\/\/wobronietradycjiiwiary.com\/wp-content\/uploads\/2022\/11\/Unbenannt-1-Rodzinna-18x12.jpg 18w, https:\/\/wobronietradycjiiwiary.com\/wp-content\/uploads\/2022\/11\/Unbenannt-1-Rodzinna.jpg 448w\" sizes=\"(max-width: 300px) 100vw, 300px\" \/><\/a><\/p>\n<h3 style=\"text-align: center\"><\/h3>\n<h1 style=\"text-align: center\"><\/h1>\n","protected":false},"excerpt":{"rendered":"<p>Stopie\u0144 zak\u0142amania ideologii Novus Ordo przypomina Czarn\u0105 Ksi\u0119g\u0119 Cenzury PRL. Zak\u0142amanie wielowymiarowe i totalitarne.<\/p>\n","protected":false},"author":60508433,"featured_media":53551,"comment_status":"open","ping_status":"open","sticky":false,"template":"","format":"standard","meta":{"_bbp_topic_count":0,"_bbp_reply_count":0,"_bbp_total_topic_count":0,"_bbp_total_reply_count":0,"_bbp_voice_count":0,"_bbp_anonymous_reply_count":0,"_bbp_topic_count_hidden":0,"_bbp_reply_count_hidden":0,"_bbp_forum_subforum_count":0,"_editorskit_title_hidden":false,"_editorskit_reading_time":2,"_editorskit_is_block_options_detached":false,"_editorskit_block_options_position":"{}","_coblocks_attr":"","_coblocks_dimensions":"","_coblocks_responsive_height":"","_coblocks_accordion_ie_support":"","_exactmetrics_skip_tracking":false,"_jetpack_newsletter_access":"","_jetpack_dont_email_post_to_subs":false,"_jetpack_newsletter_tier_id":0,"_jetpack_memberships_contains_paywalled_content":false,"_wpcom_ai_launchpad_first_post":false,"_jetpack_feature_clip_id":0,"_jetpack_memberships_contains_paid_content":false,"footnotes":"","jetpack_publicize_message":"{title}\n\n{excerpt}\n\n{url}","jetpack_publicize_feature_enabled":true,"jetpack_social_post_already_shared":true,"jetpack_social_options":{"image_generator_settings":{"template":"highway","default_image_id":0,"font":"","enabled":false},"version":2},"_wpas_customize_per_network":false,"jetpack_post_was_ever_published":false},"categories":[610135244,610135237,610131184,610135235],"tags":[610132133],"class_list":["post-53547","post","type-post","status-publish","format-standard","has-post-thumbnail","hentry","category-ad-3-5-rola-jungmanna-ad-3-pius-xii-ku-zagladzie-komentarze-do-byrne","category-ad-3-pius-xii-ku-zagladzie-komentarze-do-byrne","category-duchowosc","category-komentarze-do-byrne","tag-restricted"],"yoast_head":"<!-- This site is optimized with the Yoast SEO plugin v28.4 - https:\/\/yoast.com\/product\/yoast-seo-wordpress\/ -->\n<title>Leitourgia lub \u201eczarna ksi\u0119ga cenzury Novus Ordo\u201d - Tradycja i Wiara<\/title>\n<meta name=\"robots\" content=\"index, follow, max-snippet:-1, max-image-preview:large, max-video-preview:-1\" \/>\n<link rel=\"canonical\" href=\"https:\/\/wobronietradycjiiwiary.com\/pl\/leitourgia-lub-czarna-ksiega-cenzury-novus-ordo\/\" \/>\n<meta property=\"og:locale\" content=\"pl_PL\" \/>\n<meta property=\"og:type\" content=\"article\" \/>\n<meta property=\"og:title\" content=\"Leitourgia lub \u201eczarna ksi\u0119ga cenzury Novus Ordo\u201d - Tradycja i Wiara\" \/>\n<meta property=\"og:description\" content=\"Stopie\u0144 zak\u0142amania ideologii Novus Ordo przypomina Czarn\u0105 Ksi\u0119g\u0119 Cenzury PRL. Zak\u0142amanie wielowymiarowe i totalitarne.\" \/>\n<meta property=\"og:url\" content=\"https:\/\/wobronietradycjiiwiary.com\/pl\/leitourgia-lub-czarna-ksiega-cenzury-novus-ordo\/\" \/>\n<meta property=\"og:site_name\" content=\"Tradycja i Wiara\" \/>\n<meta property=\"article:publisher\" content=\"https:\/\/www.facebook.com\/Tradycja-i-Wiara-108813920592249\" \/>\n<meta property=\"article:published_time\" content=\"2021-09-28T06:15:00+00:00\" \/>\n<meta property=\"article:modified_time\" content=\"2025-02-07T19:24:52+00:00\" \/>\n<meta property=\"og:image\" content=\"https:\/\/wobronietradycjiiwiary.com\/wp-content\/uploads\/2021\/09\/311d92c4621b281498741f35cf0953c5.jpg\" \/>\n\t<meta property=\"og:image:width\" content=\"474\" \/>\n\t<meta property=\"og:image:height\" content=\"581\" \/>\n\t<meta property=\"og:image:type\" content=\"image\/jpeg\" \/>\n<meta name=\"author\" content=\"Traditio et Fides\" \/>\n<meta name=\"twitter:card\" content=\"summary_large_image\" \/>\n<meta name=\"twitter:label1\" content=\"Napisane przez\" \/>\n\t<meta name=\"twitter:data1\" content=\"Traditio et Fides\" \/>\n\t<meta name=\"twitter:label2\" content=\"Szacowany czas czytania\" \/>\n\t<meta name=\"twitter:data2\" content=\"3 minuty\" \/>\n<script type=\"application\/ld+json\" class=\"yoast-schema-graph\">{\"@context\":\"https:\\\/\\\/schema.org\",\"@graph\":[{\"@type\":\"Article\",\"@id\":\"https:\\\/\\\/wobronietradycjiiwiary.com\\\/leitourgia-lub-czarna-ksiega-cenzury-novus-ordo\\\/#article\",\"isPartOf\":{\"@id\":\"https:\\\/\\\/wobronietradycjiiwiary.com\\\/leitourgia-lub-czarna-ksiega-cenzury-novus-ordo\\\/\"},\"author\":{\"name\":\"Traditio et Fides\",\"@id\":\"https:\\\/\\\/wobronietradycjiiwiary.com\\\/pl\\\/#\\\/schema\\\/person\\\/2d6180ce6abcb681fef0daab7816e8f3\"},\"headline\":\"Leitourgia lub \u201eczarna ksi\u0119ga cenzury Novus Ordo\u201d\",\"datePublished\":\"2021-09-28T06:15:00+00:00\",\"dateModified\":\"2025-02-07T19:24:52+00:00\",\"mainEntityOfPage\":{\"@id\":\"https:\\\/\\\/wobronietradycjiiwiary.com\\\/leitourgia-lub-czarna-ksiega-cenzury-novus-ordo\\\/\"},\"wordCount\":687,\"commentCount\":0,\"publisher\":{\"@id\":\"https:\\\/\\\/wobronietradycjiiwiary.com\\\/pl\\\/#organization\"},\"image\":{\"@id\":\"https:\\\/\\\/wobronietradycjiiwiary.com\\\/leitourgia-lub-czarna-ksiega-cenzury-novus-ordo\\\/#primaryimage\"},\"thumbnailUrl\":\"https:\\\/\\\/wobronietradycjiiwiary.com\\\/wp-content\\\/uploads\\\/2021\\\/09\\\/311d92c4621b281498741f35cf0953c5.jpg\",\"keywords\":[\"Restricted\"],\"articleSection\":[\"Ad 3) 5. Rola Jungmanna\",\"Ad 3) Pius XII - ku zag\u0142adzie\",\"Duchowo\u015b\u0107\",\"Komentarze w\u0142asne do Byrne\"],\"inLanguage\":\"pl-PL\",\"potentialAction\":[{\"@type\":\"CommentAction\",\"name\":\"Comment\",\"target\":[\"https:\\\/\\\/wobronietradycjiiwiary.com\\\/leitourgia-lub-czarna-ksiega-cenzury-novus-ordo\\\/#respond\"]}]},{\"@type\":\"WebPage\",\"@id\":\"https:\\\/\\\/wobronietradycjiiwiary.com\\\/leitourgia-lub-czarna-ksiega-cenzury-novus-ordo\\\/\",\"url\":\"https:\\\/\\\/wobronietradycjiiwiary.com\\\/leitourgia-lub-czarna-ksiega-cenzury-novus-ordo\\\/\",\"name\":\"Leitourgia lub \u201eczarna ksi\u0119ga cenzury Novus Ordo\u201d - Tradycja i Wiara\",\"isPartOf\":{\"@id\":\"https:\\\/\\\/wobronietradycjiiwiary.com\\\/pl\\\/#website\"},\"primaryImageOfPage\":{\"@id\":\"https:\\\/\\\/wobronietradycjiiwiary.com\\\/leitourgia-lub-czarna-ksiega-cenzury-novus-ordo\\\/#primaryimage\"},\"image\":{\"@id\":\"https:\\\/\\\/wobronietradycjiiwiary.com\\\/leitourgia-lub-czarna-ksiega-cenzury-novus-ordo\\\/#primaryimage\"},\"thumbnailUrl\":\"https:\\\/\\\/wobronietradycjiiwiary.com\\\/wp-content\\\/uploads\\\/2021\\\/09\\\/311d92c4621b281498741f35cf0953c5.jpg\",\"datePublished\":\"2021-09-28T06:15:00+00:00\",\"dateModified\":\"2025-02-07T19:24:52+00:00\",\"breadcrumb\":{\"@id\":\"https:\\\/\\\/wobronietradycjiiwiary.com\\\/leitourgia-lub-czarna-ksiega-cenzury-novus-ordo\\\/#breadcrumb\"},\"inLanguage\":\"pl-PL\",\"potentialAction\":[{\"@type\":\"ReadAction\",\"target\":[\"https:\\\/\\\/wobronietradycjiiwiary.com\\\/leitourgia-lub-czarna-ksiega-cenzury-novus-ordo\\\/\"]}]},{\"@type\":\"ImageObject\",\"inLanguage\":\"pl-PL\",\"@id\":\"https:\\\/\\\/wobronietradycjiiwiary.com\\\/leitourgia-lub-czarna-ksiega-cenzury-novus-ordo\\\/#primaryimage\",\"url\":\"https:\\\/\\\/wobronietradycjiiwiary.com\\\/wp-content\\\/uploads\\\/2021\\\/09\\\/311d92c4621b281498741f35cf0953c5.jpg\",\"contentUrl\":\"https:\\\/\\\/wobronietradycjiiwiary.com\\\/wp-content\\\/uploads\\\/2021\\\/09\\\/311d92c4621b281498741f35cf0953c5.jpg\",\"width\":474,\"height\":581},{\"@type\":\"BreadcrumbList\",\"@id\":\"https:\\\/\\\/wobronietradycjiiwiary.com\\\/leitourgia-lub-czarna-ksiega-cenzury-novus-ordo\\\/#breadcrumb\",\"itemListElement\":[{\"@type\":\"ListItem\",\"position\":1,\"name\":\"Strona g\u0142\u00f3wna\",\"item\":\"https:\\\/\\\/wobronietradycjiiwiary.com\\\/\"},{\"@type\":\"ListItem\",\"position\":2,\"name\":\"Leitourgia lub \u201eczarna ksi\u0119ga cenzury Novus Ordo\u201d\"}]},{\"@type\":\"WebSite\",\"@id\":\"https:\\\/\\\/wobronietradycjiiwiary.com\\\/pl\\\/#website\",\"url\":\"https:\\\/\\\/wobronietradycjiiwiary.com\\\/pl\\\/\",\"name\":\"Tradycja i Wiara\",\"description\":\"Portal dla katolik\u00f3w.\",\"publisher\":{\"@id\":\"https:\\\/\\\/wobronietradycjiiwiary.com\\\/pl\\\/#organization\"},\"potentialAction\":[{\"@type\":\"SearchAction\",\"target\":{\"@type\":\"EntryPoint\",\"urlTemplate\":\"https:\\\/\\\/wobronietradycjiiwiary.com\\\/pl\\\/?s={search_term_string}\"},\"query-input\":{\"@type\":\"PropertyValueSpecification\",\"valueRequired\":true,\"valueName\":\"search_term_string\"}}],\"inLanguage\":\"pl-PL\"},{\"@type\":\"Organization\",\"@id\":\"https:\\\/\\\/wobronietradycjiiwiary.com\\\/pl\\\/#organization\",\"name\":\"Tradycja i Wiara\",\"url\":\"https:\\\/\\\/wobronietradycjiiwiary.com\\\/pl\\\/\",\"logo\":{\"@type\":\"ImageObject\",\"inLanguage\":\"pl-PL\",\"@id\":\"https:\\\/\\\/wobronietradycjiiwiary.com\\\/pl\\\/#\\\/schema\\\/logo\\\/image\\\/\",\"url\":\"https:\\\/\\\/i0.wp.com\\\/wobronietradycjiiwiary.com\\\/wp-content\\\/uploads\\\/2015\\\/10\\\/cropped-st-peters-dome-vatican.jpg?fit=940%2C198&ssl=1\",\"contentUrl\":\"https:\\\/\\\/i0.wp.com\\\/wobronietradycjiiwiary.com\\\/wp-content\\\/uploads\\\/2015\\\/10\\\/cropped-st-peters-dome-vatican.jpg?fit=940%2C198&ssl=1\",\"width\":940,\"height\":198,\"caption\":\"Tradycja i Wiara\"},\"image\":{\"@id\":\"https:\\\/\\\/wobronietradycjiiwiary.com\\\/pl\\\/#\\\/schema\\\/logo\\\/image\\\/\"},\"sameAs\":[\"https:\\\/\\\/www.facebook.com\\\/Tradycja-i-Wiara-108813920592249\"]},{\"@type\":\"Person\",\"@id\":\"https:\\\/\\\/wobronietradycjiiwiary.com\\\/pl\\\/#\\\/schema\\\/person\\\/2d6180ce6abcb681fef0daab7816e8f3\",\"name\":\"Traditio et Fides\",\"sameAs\":[\"https:\\\/\\\/traditionundglauben.com\"],\"url\":\"https:\\\/\\\/wobronietradycjiiwiary.com\\\/pl\\\/author\\\/wobronietradycjiiwiary\\\/\"}]}<\/script>\n<!-- \/ Yoast SEO plugin. -->","yoast_head_json":{"title":"Leitourgia lub \u201eczarna ksi\u0119ga cenzury Novus Ordo\u201d - Tradycja i Wiara","robots":{"index":"index","follow":"follow","max-snippet":"max-snippet:-1","max-image-preview":"max-image-preview:large","max-video-preview":"max-video-preview:-1"},"canonical":"https:\/\/wobronietradycjiiwiary.com\/pl\/leitourgia-lub-czarna-ksiega-cenzury-novus-ordo\/","og_locale":"pl_PL","og_type":"article","og_title":"Leitourgia lub \u201eczarna ksi\u0119ga cenzury Novus Ordo\u201d - Tradycja i Wiara","og_description":"Stopie\u0144 zak\u0142amania ideologii Novus Ordo przypomina Czarn\u0105 Ksi\u0119g\u0119 Cenzury PRL. Zak\u0142amanie wielowymiarowe i totalitarne.","og_url":"https:\/\/wobronietradycjiiwiary.com\/pl\/leitourgia-lub-czarna-ksiega-cenzury-novus-ordo\/","og_site_name":"Tradycja i Wiara","article_publisher":"https:\/\/www.facebook.com\/Tradycja-i-Wiara-108813920592249","article_published_time":"2021-09-28T06:15:00+00:00","article_modified_time":"2025-02-07T19:24:52+00:00","og_image":[{"width":474,"height":581,"url":"https:\/\/wobronietradycjiiwiary.com\/wp-content\/uploads\/2021\/09\/311d92c4621b281498741f35cf0953c5.jpg","type":"image\/jpeg"}],"author":"Traditio et Fides","twitter_card":"summary_large_image","twitter_misc":{"Napisane przez":"Traditio et Fides","Szacowany czas czytania":"3 minuty"},"schema":{"@context":"https:\/\/schema.org","@graph":[{"@type":"Article","@id":"https:\/\/wobronietradycjiiwiary.com\/leitourgia-lub-czarna-ksiega-cenzury-novus-ordo\/#article","isPartOf":{"@id":"https:\/\/wobronietradycjiiwiary.com\/leitourgia-lub-czarna-ksiega-cenzury-novus-ordo\/"},"author":{"name":"Traditio et Fides","@id":"https:\/\/wobronietradycjiiwiary.com\/pl\/#\/schema\/person\/2d6180ce6abcb681fef0daab7816e8f3"},"headline":"Leitourgia lub \u201eczarna ksi\u0119ga cenzury Novus Ordo\u201d","datePublished":"2021-09-28T06:15:00+00:00","dateModified":"2025-02-07T19:24:52+00:00","mainEntityOfPage":{"@id":"https:\/\/wobronietradycjiiwiary.com\/leitourgia-lub-czarna-ksiega-cenzury-novus-ordo\/"},"wordCount":687,"commentCount":0,"publisher":{"@id":"https:\/\/wobronietradycjiiwiary.com\/pl\/#organization"},"image":{"@id":"https:\/\/wobronietradycjiiwiary.com\/leitourgia-lub-czarna-ksiega-cenzury-novus-ordo\/#primaryimage"},"thumbnailUrl":"https:\/\/wobronietradycjiiwiary.com\/wp-content\/uploads\/2021\/09\/311d92c4621b281498741f35cf0953c5.jpg","keywords":["Restricted"],"articleSection":["Ad 3) 5. Rola Jungmanna","Ad 3) Pius XII - ku zag\u0142adzie","Duchowo\u015b\u0107","Komentarze w\u0142asne do Byrne"],"inLanguage":"pl-PL","potentialAction":[{"@type":"CommentAction","name":"Comment","target":["https:\/\/wobronietradycjiiwiary.com\/leitourgia-lub-czarna-ksiega-cenzury-novus-ordo\/#respond"]}]},{"@type":"WebPage","@id":"https:\/\/wobronietradycjiiwiary.com\/leitourgia-lub-czarna-ksiega-cenzury-novus-ordo\/","url":"https:\/\/wobronietradycjiiwiary.com\/leitourgia-lub-czarna-ksiega-cenzury-novus-ordo\/","name":"Leitourgia lub \u201eczarna ksi\u0119ga cenzury Novus Ordo\u201d - Tradycja i Wiara","isPartOf":{"@id":"https:\/\/wobronietradycjiiwiary.com\/pl\/#website"},"primaryImageOfPage":{"@id":"https:\/\/wobronietradycjiiwiary.com\/leitourgia-lub-czarna-ksiega-cenzury-novus-ordo\/#primaryimage"},"image":{"@id":"https:\/\/wobronietradycjiiwiary.com\/leitourgia-lub-czarna-ksiega-cenzury-novus-ordo\/#primaryimage"},"thumbnailUrl":"https:\/\/wobronietradycjiiwiary.com\/wp-content\/uploads\/2021\/09\/311d92c4621b281498741f35cf0953c5.jpg","datePublished":"2021-09-28T06:15:00+00:00","dateModified":"2025-02-07T19:24:52+00:00","breadcrumb":{"@id":"https:\/\/wobronietradycjiiwiary.com\/leitourgia-lub-czarna-ksiega-cenzury-novus-ordo\/#breadcrumb"},"inLanguage":"pl-PL","potentialAction":[{"@type":"ReadAction","target":["https:\/\/wobronietradycjiiwiary.com\/leitourgia-lub-czarna-ksiega-cenzury-novus-ordo\/"]}]},{"@type":"ImageObject","inLanguage":"pl-PL","@id":"https:\/\/wobronietradycjiiwiary.com\/leitourgia-lub-czarna-ksiega-cenzury-novus-ordo\/#primaryimage","url":"https:\/\/wobronietradycjiiwiary.com\/wp-content\/uploads\/2021\/09\/311d92c4621b281498741f35cf0953c5.jpg","contentUrl":"https:\/\/wobronietradycjiiwiary.com\/wp-content\/uploads\/2021\/09\/311d92c4621b281498741f35cf0953c5.jpg","width":474,"height":581},{"@type":"BreadcrumbList","@id":"https:\/\/wobronietradycjiiwiary.com\/leitourgia-lub-czarna-ksiega-cenzury-novus-ordo\/#breadcrumb","itemListElement":[{"@type":"ListItem","position":1,"name":"Strona g\u0142\u00f3wna","item":"https:\/\/wobronietradycjiiwiary.com\/"},{"@type":"ListItem","position":2,"name":"Leitourgia lub \u201eczarna ksi\u0119ga cenzury Novus Ordo\u201d"}]},{"@type":"WebSite","@id":"https:\/\/wobronietradycjiiwiary.com\/pl\/#website","url":"https:\/\/wobronietradycjiiwiary.com\/pl\/","name":"Tradycja i Wiara","description":"Portal dla katolik\u00f3w.","publisher":{"@id":"https:\/\/wobronietradycjiiwiary.com\/pl\/#organization"},"potentialAction":[{"@type":"SearchAction","target":{"@type":"EntryPoint","urlTemplate":"https:\/\/wobronietradycjiiwiary.com\/pl\/?s={search_term_string}"},"query-input":{"@type":"PropertyValueSpecification","valueRequired":true,"valueName":"search_term_string"}}],"inLanguage":"pl-PL"},{"@type":"Organization","@id":"https:\/\/wobronietradycjiiwiary.com\/pl\/#organization","name":"Tradycja i Wiara","url":"https:\/\/wobronietradycjiiwiary.com\/pl\/","logo":{"@type":"ImageObject","inLanguage":"pl-PL","@id":"https:\/\/wobronietradycjiiwiary.com\/pl\/#\/schema\/logo\/image\/","url":"https:\/\/i0.wp.com\/wobronietradycjiiwiary.com\/wp-content\/uploads\/2015\/10\/cropped-st-peters-dome-vatican.jpg?fit=940%2C198&ssl=1","contentUrl":"https:\/\/i0.wp.com\/wobronietradycjiiwiary.com\/wp-content\/uploads\/2015\/10\/cropped-st-peters-dome-vatican.jpg?fit=940%2C198&ssl=1","width":940,"height":198,"caption":"Tradycja i Wiara"},"image":{"@id":"https:\/\/wobronietradycjiiwiary.com\/pl\/#\/schema\/logo\/image\/"},"sameAs":["https:\/\/www.facebook.com\/Tradycja-i-Wiara-108813920592249"]},{"@type":"Person","@id":"https:\/\/wobronietradycjiiwiary.com\/pl\/#\/schema\/person\/2d6180ce6abcb681fef0daab7816e8f3","name":"Traditio et Fides","sameAs":["https:\/\/traditionundglauben.com"],"url":"https:\/\/wobronietradycjiiwiary.com\/pl\/author\/wobronietradycjiiwiary\/"}]}},"jetpack_publicize_connections":[],"jetpack_sharing_enabled":true,"jetpack_likes_enabled":true,"jetpack_shortlink":"https:\/\/wp.me\/pc04Sd-dVF","jetpack-related-posts":[{"id":8976,"url":"https:\/\/wobronietradycjiiwiary.com\/pl\/wykaz-cenzur-koscielnych-2-o-twierdzeniach-wierze-przeciwnych-i-o-cenzurach-teologicznych\/","url_meta":{"origin":53547,"position":0},"title":"Wykaz cenzur ko\u015bcielnych (2 z 3): 2. O twierdzeniach wierze przeciwnych i o cenzurach teologicznych.","author":"Traditio et Fides","date":"24 kwietnia 2016","format":false,"excerpt":"O twierdzeniach wierze katolickiej przeciwnych i o cenzurach ko\u015bcielnych Kilka uwag terminologicznych. Teologia pos\u0142uguje si\u0119 terminem propositio, kt\u00f3ry t\u0142umaczymy tutaj jako twierdzenie, a nie jako \u201epropozycja\u201d, gdy\u017c jest to jakie\u015b zdaniem typu \u201eA jest B\u201d b\u0119d\u0105ce przedmiotem intelektualnego poznania i mog\u0105ce by\u0107 wedle standard\u00f3w teologicznych albo prawdziwe albo fa\u0142szywe. I\u2026","rel":"","context":"W \u201eCensurae&quot;","block_context":{"text":"Censurae","link":"https:\/\/wobronietradycjiiwiary.com\/pl\/category\/doktryna\/teologia-jako-nauka\/censurae\/"},"img":{"alt_text":"","src":"https:\/\/i0.wp.com\/wobronietradycjiiwiary.com\/wp-content\/uploads\/2016\/04\/st-antonius-and-at-thomas.jpg?resize=350%2C200&ssl=1","width":350,"height":200,"srcset":"https:\/\/i0.wp.com\/wobronietradycjiiwiary.com\/wp-content\/uploads\/2016\/04\/st-antonius-and-at-thomas.jpg?resize=350%2C200&ssl=1 1x, https:\/\/i0.wp.com\/wobronietradycjiiwiary.com\/wp-content\/uploads\/2016\/04\/st-antonius-and-at-thomas.jpg?resize=525%2C300&ssl=1 1.5x, https:\/\/i0.wp.com\/wobronietradycjiiwiary.com\/wp-content\/uploads\/2016\/04\/st-antonius-and-at-thomas.jpg?resize=700%2C400&ssl=1 2x"},"classes":[]},{"id":9461,"url":"https:\/\/wobronietradycjiiwiary.com\/pl\/stopnie-pewnosci-teologicznej-lub-notae-theologicae-1-czym-jest-integryzm\/","url_meta":{"origin":53547,"position":1},"title":"Stopnie pewno\u015bci teologicznej lub notae theologicae. (1 z 4) Czym jest integryzm?","author":"Traditio et Fides","date":"25 czerwca 2016","format":false,"excerpt":"Wst\u0119p \u00a0Aby ukaza\u0107 w naszych dalszych wpisach jak bardzo nie tylko Amoris laetitia, ale i r\u00f3wnie\u017c cz\u0119\u015b\u0107 nauczania posoborowego odesz\u0142y od Tradycji i wiecznego Magisterium musimy przedstawi\u0107 naszym czytelnikom terminologi\u0119 teologiczn\u0105, kt\u00f3r\u0105 b\u0119dziemy si\u0119 pos\u0142ugiwa\u0107. Jest to w sumie rozwini\u0119cie poni\u017cszej tabelki prezentowanej w artykule Nieomylno\u015b\u0107 papieska a obecny pontyfikat,[1]\u2026","rel":"","context":"W \u201eNotae theologicae&quot;","block_context":{"text":"Notae theologicae","link":"https:\/\/wobronietradycjiiwiary.com\/pl\/category\/doktryna\/teologia-jako-nauka\/notae-theologicae\/"},"img":{"alt_text":"","src":"https:\/\/i0.wp.com\/wobronietradycjiiwiary.com\/wp-content\/uploads\/2016\/06\/friedrich_overbeck_001-scaled.jpg?resize=350%2C200&ssl=1","width":350,"height":200,"srcset":"https:\/\/i0.wp.com\/wobronietradycjiiwiary.com\/wp-content\/uploads\/2016\/06\/friedrich_overbeck_001-scaled.jpg?resize=350%2C200&ssl=1 1x, https:\/\/i0.wp.com\/wobronietradycjiiwiary.com\/wp-content\/uploads\/2016\/06\/friedrich_overbeck_001-scaled.jpg?resize=525%2C300&ssl=1 1.5x, https:\/\/i0.wp.com\/wobronietradycjiiwiary.com\/wp-content\/uploads\/2016\/06\/friedrich_overbeck_001-scaled.jpg?resize=700%2C400&ssl=1 2x, https:\/\/i0.wp.com\/wobronietradycjiiwiary.com\/wp-content\/uploads\/2016\/06\/friedrich_overbeck_001-scaled.jpg?resize=1050%2C600&ssl=1 3x, https:\/\/i0.wp.com\/wobronietradycjiiwiary.com\/wp-content\/uploads\/2016\/06\/friedrich_overbeck_001-scaled.jpg?resize=1400%2C800&ssl=1 4x"},"classes":[]},{"id":42682,"url":"https:\/\/wobronietradycjiiwiary.com\/pl\/carol-byrne-msza-dialogowana-oraz-nowy-cykl-gigant\/","url_meta":{"origin":53547,"position":2},"title":"Carol Byrne, \u201eMsza dialogowana\u201d oraz nowy cykl gigant","author":"Traditio et Fides","date":"2 marca 2021","format":false,"excerpt":"Licz\u0105cy 94 cykl angielskiej katoliczki tradycyjnej Dr. Carol Byrne pod tytu\u0142em \u201eMsza dialogowana\u201d, kt\u00f3ry na przestrzeni kilku lat pojawia\u0142 si\u0119 na internetowych \u0142amach Tradition in Action, zas\u0142uguje nie tylko na rozpowszechnienie, ale tak\u017ce na przet\u0142umaczenie go na wszystkie mo\u017cliwe j\u0119zyki. Chocia\u017c znajomo\u015b\u0107 j\u0119zyka angielskiego w Polsce bardzo si\u0119 poprawi\u0142a i\u2026","rel":"","context":"W \u201eAd 1) 1. Pius X - rzeczywiste intencje&quot;","block_context":{"text":"Ad 1) 1. Pius X - rzeczywiste intencje","link":"https:\/\/wobronietradycjiiwiary.com\/pl\/category\/doktryna\/teologia-liturgii\/byrne-doktryna\/byrne\/komentarze-do-byrne\/ad-1-1-pius-x-rzeczywiste-intencje-komentarze-do-byrne\/"},"img":{"alt_text":"","src":"https:\/\/i0.wp.com\/wobronietradycjiiwiary.com\/wp-content\/uploads\/2021\/03\/Blutwunder_Bolsena8.jpg?resize=350%2C200&ssl=1","width":350,"height":200,"srcset":"https:\/\/i0.wp.com\/wobronietradycjiiwiary.com\/wp-content\/uploads\/2021\/03\/Blutwunder_Bolsena8.jpg?resize=350%2C200&ssl=1 1x, https:\/\/i0.wp.com\/wobronietradycjiiwiary.com\/wp-content\/uploads\/2021\/03\/Blutwunder_Bolsena8.jpg?resize=525%2C300&ssl=1 1.5x, https:\/\/i0.wp.com\/wobronietradycjiiwiary.com\/wp-content\/uploads\/2021\/03\/Blutwunder_Bolsena8.jpg?resize=700%2C400&ssl=1 2x, https:\/\/i0.wp.com\/wobronietradycjiiwiary.com\/wp-content\/uploads\/2021\/03\/Blutwunder_Bolsena8.jpg?resize=1050%2C600&ssl=1 3x, https:\/\/i0.wp.com\/wobronietradycjiiwiary.com\/wp-content\/uploads\/2021\/03\/Blutwunder_Bolsena8.jpg?resize=1400%2C800&ssl=1 4x"},"classes":[]},{"id":79497,"url":"https:\/\/wobronietradycjiiwiary.com\/pl\/pius-xii-lub-allo-allo-w-1948-roku\/","url_meta":{"origin":53547,"position":3},"title":"Pius XII lub \u201eAllo, Allo\u201c w 1948 roku","author":"Traditio et Fides","date":"11 pa\u017adziernika 2022","format":false,"excerpt":"O tym, czy rzeczywi\u015bcie niemieccy biskupi w 1948 byli mafi\u0105 wywieraj\u0105c\u0105 wp\u0142yw na Piusa XII.","rel":"","context":"W \u201eAd 3) 7. Reforma Triduum z 1955 roku&quot;","block_context":{"text":"Ad 3) 7. Reforma Triduum z 1955 roku","link":"https:\/\/wobronietradycjiiwiary.com\/pl\/category\/doktryna\/teologia-liturgii\/byrne-doktryna\/byrne\/komentarze-do-byrne\/ad-3-pius-xii-ku-zagladzie-komentarze-do-byrne\/ad-3-7-reforma-triduum-z-1955-roku-ad-3-pius-xii-ku-zagladzie-komentarze-do-byrne\/"},"img":{"alt_text":"","src":"https:\/\/i0.wp.com\/wobronietradycjiiwiary.com\/wp-content\/uploads\/2022\/10\/Trafalgar.jpg?resize=350%2C200&ssl=1","width":350,"height":200,"srcset":"https:\/\/i0.wp.com\/wobronietradycjiiwiary.com\/wp-content\/uploads\/2022\/10\/Trafalgar.jpg?resize=350%2C200&ssl=1 1x, https:\/\/i0.wp.com\/wobronietradycjiiwiary.com\/wp-content\/uploads\/2022\/10\/Trafalgar.jpg?resize=525%2C300&ssl=1 1.5x, https:\/\/i0.wp.com\/wobronietradycjiiwiary.com\/wp-content\/uploads\/2022\/10\/Trafalgar.jpg?resize=700%2C400&ssl=1 2x"},"classes":[]},{"id":74011,"url":"https:\/\/wobronietradycjiiwiary.com\/pl\/carol-byrne-msza-dialogowana-51-3-z-94-znajdowanie-pretekstow-do-zlamania-tradycji-liturgicznej\/","url_meta":{"origin":53547,"position":4},"title":"Carol Byrne, &#8220;Msza dialogowana&#8221;. (51.3 z 94). Znajdowanie pretekst\u00f3w do z\u0142amania tradycji liturgicznej","author":"Traditio et Fides","date":"26 lipca 2022","format":false,"excerpt":"Czas lektury: 1 minuta \u017begnaj\u00a0Miserere\u00a0Allegriego, witaj\u00a0Czarna Madonno Kolejnym \u201eabsolutem\u201d by\u0142o \u201eaktywne uczestnictwo\u201d laikatu, kt\u00f3remu wszystko inne musia\u0142o by\u0107 podporz\u0105dkowane.\u00a0Wyja\u015bnienie ks. McManusa dotycz\u0105ce reformy z 1955 r. w pe\u0142ni potwierdza prawdziwo\u015b\u0107 tego faktu, gdy stwierdzi\u0142: \u201eWyszkolony ch\u00f3r mo\u017ce prowadzi\u0107 i zach\u0119ca\u0107 ludzi \u2013 a przede wszystkim nigdy nie ogranicza\u0107 udzia\u0142u wiernych.\u00a0Je\u015bli\u2026","rel":"","context":"W \u201e3) Pius XII - ku zag\u0142adzie&quot;","block_context":{"text":"3) Pius XII - ku zag\u0142adzie","link":"https:\/\/wobronietradycjiiwiary.com\/pl\/category\/doktryna\/teologia-liturgii\/byrne-doktryna\/byrne\/pius-xii-ku-zagladzie\/"},"img":{"alt_text":"","src":"https:\/\/i0.wp.com\/wobronietradycjiiwiary.com\/wp-content\/uploads\/2019\/10\/carreno-de-miranda.jpg?resize=350%2C200&ssl=1","width":350,"height":200,"srcset":"https:\/\/i0.wp.com\/wobronietradycjiiwiary.com\/wp-content\/uploads\/2019\/10\/carreno-de-miranda.jpg?resize=350%2C200&ssl=1 1x, https:\/\/i0.wp.com\/wobronietradycjiiwiary.com\/wp-content\/uploads\/2019\/10\/carreno-de-miranda.jpg?resize=525%2C300&ssl=1 1.5x, https:\/\/i0.wp.com\/wobronietradycjiiwiary.com\/wp-content\/uploads\/2019\/10\/carreno-de-miranda.jpg?resize=700%2C400&ssl=1 2x"},"classes":[]},{"id":8986,"url":"https:\/\/wobronietradycjiiwiary.com\/pl\/wykaz-cenzur-koscielnych-3-o-cenzurach-w-szczegolnosci\/","url_meta":{"origin":53547,"position":5},"title":"Wykaz cenzur ko\u015bcielnych (3 z 3):  3. O cenzurach w szczeg\u00f3lno\u015bci.","author":"Traditio et Fides","date":"26 kwietnia 2016","format":false,"excerpt":"Po dw\u00f3ch wst\u0119pnych odcinkach przyst\u0119pujemy do w\u0142a\u015bciwego wyliczenia cenzur ko\u015bcielnych.[1] Pe\u0142en wykaz poni\u017cszych cenzur wraz z ich konkretnym zastosowaniem zawiera naprawd\u0119 d\u0142uga bulla Piusa VI. Auctorem fidei z 28. Sierpina 1794 pot\u0119piaj\u0105cej b\u0142\u0119dy Synodu w Pistoi (DH 2600-2700). Niestety wersji polskiej za\u0142\u0105czy\u0107 nie mo\u017cemy,[2] bo si\u0119 nikomu od roku 1794\u2026","rel":"","context":"W \u201eCensurae&quot;","block_context":{"text":"Censurae","link":"https:\/\/wobronietradycjiiwiary.com\/pl\/category\/doktryna\/teologia-jako-nauka\/censurae\/"},"img":{"alt_text":"","src":"https:\/\/i0.wp.com\/wobronietradycjiiwiary.com\/wp-content\/uploads\/2016\/04\/st-antonius-and-at-thomas.jpg?resize=350%2C200&ssl=1","width":350,"height":200,"srcset":"https:\/\/i0.wp.com\/wobronietradycjiiwiary.com\/wp-content\/uploads\/2016\/04\/st-antonius-and-at-thomas.jpg?resize=350%2C200&ssl=1 1x, https:\/\/i0.wp.com\/wobronietradycjiiwiary.com\/wp-content\/uploads\/2016\/04\/st-antonius-and-at-thomas.jpg?resize=525%2C300&ssl=1 1.5x, https:\/\/i0.wp.com\/wobronietradycjiiwiary.com\/wp-content\/uploads\/2016\/04\/st-antonius-and-at-thomas.jpg?resize=700%2C400&ssl=1 2x"},"classes":[]}],"amp_enabled":true,"jetpack_featured_media_url":"https:\/\/wobronietradycjiiwiary.com\/wp-content\/uploads\/2021\/09\/311d92c4621b281498741f35cf0953c5.jpg","_links":{"self":[{"href":"https:\/\/wobronietradycjiiwiary.com\/pl\/wp-json\/wp\/v2\/posts\/53547","targetHints":{"allow":["GET"]}}],"collection":[{"href":"https:\/\/wobronietradycjiiwiary.com\/pl\/wp-json\/wp\/v2\/posts"}],"about":[{"href":"https:\/\/wobronietradycjiiwiary.com\/pl\/wp-json\/wp\/v2\/types\/post"}],"author":[{"embeddable":true,"href":"https:\/\/wobronietradycjiiwiary.com\/pl\/wp-json\/wp\/v2\/users\/60508433"}],"replies":[{"embeddable":true,"href":"https:\/\/wobronietradycjiiwiary.com\/pl\/wp-json\/wp\/v2\/comments?post=53547"}],"version-history":[{"count":1,"href":"https:\/\/wobronietradycjiiwiary.com\/pl\/wp-json\/wp\/v2\/posts\/53547\/revisions"}],"predecessor-version":[{"id":55398,"href":"https:\/\/wobronietradycjiiwiary.com\/pl\/wp-json\/wp\/v2\/posts\/53547\/revisions\/55398"}],"wp:featuredmedia":[{"embeddable":true,"href":"https:\/\/wobronietradycjiiwiary.com\/pl\/wp-json\/wp\/v2\/media\/53551"}],"wp:attachment":[{"href":"https:\/\/wobronietradycjiiwiary.com\/pl\/wp-json\/wp\/v2\/media?parent=53547"}],"wp:term":[{"taxonomy":"category","embeddable":true,"href":"https:\/\/wobronietradycjiiwiary.com\/pl\/wp-json\/wp\/v2\/categories?post=53547"},{"taxonomy":"post_tag","embeddable":true,"href":"https:\/\/wobronietradycjiiwiary.com\/pl\/wp-json\/wp\/v2\/tags?post=53547"}],"curies":[{"name":"wp","href":"https:\/\/api.w.org\/{rel}","templated":true}]}}