{"id":5259,"date":"2015-04-21T11:25:03","date_gmt":"2015-04-21T09:25:03","guid":{"rendered":"https:\/\/wobronietradycjiiwiary.com\/?p=5259"},"modified":"2025-12-23T17:56:17","modified_gmt":"2025-12-23T16:56:17","slug":"prywatny-przed-nim-krocza-majestat-i-piekno-wizualne-wprowadzenie-do-mszy-trydenckiej-cz-11-z-16","status":"publish","type":"post","link":"https:\/\/wobronietradycjiiwiary.com\/pl\/prywatny-przed-nim-krocza-majestat-i-piekno-wizualne-wprowadzenie-do-mszy-trydenckiej-cz-11-z-16\/","title":{"rendered":"\u201ePrzed Nim krocz\u0105 majestat i pi\u0119kno\u201d. Wizualne wprowadzenie do Mszy Trydenckiej. (cz. 11 z 16). Przeistoczenie. Qui pridie &#8211; Haec quotiescumque."},"content":{"rendered":"<div id=\"bsf_rt_marker\"><\/div>\n<p class=\"wp-block-paragraph\"><\/p>\n\n\n\n<p class=\"has-text-align-center wp-block-paragraph\"><span style=\"font-family: verdana, geneva, sans-serif;\"><span class=\"embed-youtube\" style=\"text-align:center; display: block;\"><iframe class=\"youtube-player\" width=\"420\" height=\"315\" src=\"https:\/\/www.youtube.com\/embed\/RfUFAaQdMC4?version=3&#038;rel=1&#038;showsearch=0&#038;showinfo=1&#038;iv_load_policy=1&#038;fs=1&#038;hl=pl-PL&#038;autohide=2&#038;wmode=transparent\" allowfullscreen=\"true\" style=\"border:0;\" sandbox=\"allow-scripts allow-same-origin allow-popups allow-presentation allow-popups-to-escape-sandbox\"><\/iframe><\/span><\/span><\/p>\n\n\n\n<p class=\"wp-block-paragraph\"><span style=\"color: #993366; font-family: verdana, geneva, sans-serif;\"><strong>Przeistoczenie jest kulminacyjnym punktem Mszy \u015awi\u0119tej. <em>Vetus Ordo<\/em> podkre\u015bla ten moment coraz g\u0142\u0119bszymi uk\u0142onami, modulacj\u0105 g\u0142osu. Pochylony wp\u00f3\u0142 i oparty o o\u0142tarz kap\u0142an wypowiadaj\u0105c s\u0142owa konsekracji hostii zdaje si\u0119 rodzi\u0107 s\u0142owem S\u0142owo, gdy\u017c po formule przeistoczenia Chrystus ponownie zst\u0119puje na ziemi\u0119. Nast\u0119pnie nast\u0119puje Podniesienie &#8211; kluczowy moment kultycznego Ogl\u0105du, zanim w niebia\u0144skiej ojczy\u017anie nast\u0105pi ogl\u0105d &#8220;twarz\u0105 w twarz&#8221; (1 Kor 13,12). Od momentu Przeistoczenia a\u017c po puryfikacje palce kap\u0142ana nie mog\u0105 dotyka\u0107 niczego innego, bo dotyka\u0142y Cia\u0142a Chrystusa. Podobna ostro\u017cno\u015b\u0107 i podobne &#8220;narodziny&#8221; towarzysz\u0105 konsekracji wina. I znowu nast\u0119puje Podniesienie oraz ogl\u0105d.<br><\/strong><\/span><\/p>\n\n\n\n<figure class=\"wp-block-table\"><table class=\"has-fixed-layout\"><tbody><tr><td><span style=\"font-family: verdana, geneva, sans-serif;\"><strong>Qui pridie<\/strong> quam pateretur, accepit panem in sanctas ac venerabiles manus suas: et elevatis oculis in coelum ad te Deum Patrem suum omnipotentem, tibi gratias agens, benedixit (+), fregit, deditque discipulis suis, dicens: Accipite, et manducate ex hoc omnes:<\/span><\/td><td><span style=\"font-family: verdana, geneva, sans-serif;\">Kt\u00f3ry w przedzie\u0144 Swej M\u0119ki wzi\u0105\u0142 chleb w \u015bwi\u0119te i czczigodne r\u0119ce Swoje, a wzni\u00f3s\u0142szy oczy ku niebu do Ciebie, Boga, Ojca Swego wszechmog\u0105cego, Tobie czyni\u0105c dzi\u0119ki, poblogo+s\u0142awi\u0142, po\u0142ama\u0142 i rozda\u0142 uczniom Swoim, m\u00f3wi\u0105c: Bierzcie i jedzcie z tego wszyscy:<\/span><\/td><\/tr><\/tbody><\/table><\/figure>\n\n\n\n<figure class=\"wp-block-table\"><table class=\"has-fixed-layout\"><tbody><tr><td><span style=\"font-family: verdana, geneva, sans-serif;\"><em><b>HOC EST ENIM CORPUS MEUM<\/b><\/em><\/span><\/td><td><span style=\"font-family: verdana, geneva, sans-serif;\"><em><b>TO JEST BOWIEM CIA\u0141O MOJE.<\/b><\/em><\/span><\/td><\/tr><\/tbody><\/table><\/figure>\n\n\n\n<figure class=\"wp-block-table\"><table class=\"has-fixed-layout\"><tbody><tr><td><span style=\"font-family: verdana, geneva, sans-serif;\"><strong>Simili modo<\/strong> postquam coenatum est, accipiens et hunc praeclarum Calicem in sanctas ac venerabiles manus suas: item tibi gratias agens, bene + dixit, deditque discipulis suis, dicens: Accipite, et bibite ex eo omnes.<\/span><\/td><td><span style=\"font-family: verdana, geneva, sans-serif;\">Podobnie\u017c, gdy by\u0142o po wieczerzy, ujmuj\u0105c i ten przes\u0142awny Kielich w \u015bwi\u0119te i czcigodne r\u0119ce Swoje, r\u00f3wnie\u017c dzi\u0119ki Tobie czyni\u0105c, poblogo+s\u0142awi\u0142 i poda\u0142 uczniom Swoim, m\u00f3wi\u0105c: Bierzcie i pijcie z niego wszyscy:<\/span><\/td><\/tr><\/tbody><\/table><\/figure>\n\n\n\n<figure class=\"wp-block-table\"><table class=\"has-fixed-layout\"><tbody><tr><td><span style=\"font-family: verdana, geneva, sans-serif;\"><em><b>HIC EST ENIM CALIX SANGUINIS MEI, NOVI ET AETERNI TESTAMENTI:<br>MYSTERIUM FIDEI:<br>QUI PRO VOBIS ET PRO MULTIS EFFUNDETUR IN REMISSIONEM PECCATORUM.<\/b><\/em><\/span><\/td><td><span style=\"font-family: verdana, geneva, sans-serif;\"><em><b>TO JEST BOWIEM KIELICH KRWI MOJEJ, NOWEGO I WIECZNEGO PRZYMIERZA:<br>TAJEMNICA WIARY:<br>KT\u00d3RY ZA WAS I ZA WIELU WYLANY B\u0118DZIE NA ODPUSZCZENIE GRZECH\u00d3W.<\/b><\/em><\/span><\/td><\/tr><tr><td><span style=\"font-family: verdana, geneva, sans-serif;\">Haec quotiescumque feceritis, in mei memoriam facietis.<\/span><\/td><td><span style=\"font-family: verdana, geneva, sans-serif;\">To ile razy czyni\u0107 b\u0119dziecie, na moj\u0105 czy\u0144cie pami\u0105tk\u0119.<\/span><\/td><\/tr><\/tbody><\/table><\/figure>\n\n\n<style>\r\n        .wpedon-container .wpedon-select,\r\n        .wpedon-container .wpedon-input {\r\n            width: 107px;\r\n            min-width: 107px;\r\n            max-width: 107px;\r\n        }\r\n    <\/style><div class='wpedon-container wpedon-align-left'><form target='' action='https:\/\/www.paypal.com\/cgi-bin\/webscr' method='post' class='wpedon-form'><input type='hidden' name='cmd' value='_donations' \/><input type='hidden' name='business' value='traditionandfaith2015@gmail.com' \/><input type='hidden' name='currency_code' value='PLN' \/><input type='hidden' name='notify_url' value='https:\/\/wobronietradycjiiwiary.com\/wp-admin\/admin-post.php?action=add_wpedon_button_ipn'><input type='hidden' name='lc' value='pl_PL'><input type='hidden' name='bn' value='WPPlugin_SP'><input type='hidden' name='return' value='https:\/\/wobronietradycjiiwiary.com\/' \/><input type='hidden' name='cancel_return' value='https:\/\/wobronietradycjiiwiary.com\/' \/><input class='wpedon_paypalbuttonimage' type='image' src='https:\/\/www.paypal.com\/pl_PL\/PL\/i\/btn\/btn_donate_LG.gif' border='0' name='submit' alt='Make your payments with PayPal. It is free, secure, effective.' style='border: none;'><img alt='' border='0' style='border:none;display:none;' src='https:\/\/www.paypal.com\/pl_PL\/i\/scr\/pixel.gif' width='1' height='1'><input type='hidden' name='amount' id='amount_3d2cce33a038f8869a93f8d4160ae1ff' value='' \/><input type='hidden' name='price' id='price_3d2cce33a038f8869a93f8d4160ae1ff' value='' \/><input type='hidden' name='item_number' value='' \/><input type='hidden' name='item_name' value='Wsparcie projektu' \/><input type='hidden' name='name' value='Wsparcie projektu' \/><input type='hidden' name='custom' value='24285'><input type='hidden' name='no_shipping' value='1'><input type='hidden' name='no_note' value='0'><input type='hidden' name='currency_code' value='PLN'><\/form><\/div>\n","protected":false},"excerpt":{"rendered":"<p>Przeistoczenie jest kulminacyjnym punktem Mszy \u015awi\u0119tej. Vetus Ordo podkre\u015bla ten moment coraz g\u0142\u0119bszymi uk\u0142onami, modulacj\u0105 g\u0142osu. Pochylony wp\u00f3\u0142 i oparty o o\u0142tarz kap\u0142an wypowiadaj\u0105c s\u0142owa konsekracji hostii zdaje si\u0119 rodzi\u0107 s\u0142owem S\u0142owo, gdy\u017c po formule przeistoczenia Chrystus ponownie zst\u0119puje na ziemi\u0119. Nast\u0119pnie nast\u0119puje Podniesienie &#8211; kluczowy moment kultycznego Ogl\u0105du, zanim w niebia\u0144skiej ojczy\u017anie nast\u0105pi ogl\u0105d [&hellip;]<\/p>\n","protected":false},"author":60508433,"featured_media":27891,"comment_status":"closed","ping_status":"closed","sticky":false,"template":"","format":"standard","meta":{"_bbp_topic_count":0,"_bbp_reply_count":0,"_bbp_total_topic_count":0,"_bbp_total_reply_count":0,"_bbp_voice_count":0,"_bbp_anonymous_reply_count":0,"_bbp_topic_count_hidden":0,"_bbp_reply_count_hidden":0,"_bbp_forum_subforum_count":0,"_editorskit_title_hidden":false,"_editorskit_reading_time":0,"_editorskit_is_block_options_detached":false,"_editorskit_block_options_position":"{}","_coblocks_attr":"","_coblocks_dimensions":"","_coblocks_responsive_height":"","_coblocks_accordion_ie_support":"","_exactmetrics_skip_tracking":false,"_jetpack_newsletter_access":"","_jetpack_dont_email_post_to_subs":false,"_jetpack_newsletter_tier_id":0,"_jetpack_memberships_contains_paywalled_content":false,"_wpcom_ai_launchpad_first_post":false,"_jetpack_feature_clip_id":0,"_jetpack_memberships_contains_paid_content":false,"footnotes":"","jetpack_publicize_message":"{title}\n\n{excerpt}\n\n{url}","jetpack_publicize_feature_enabled":true,"jetpack_social_post_already_shared":true,"jetpack_social_options":{"image_generator_settings":{"template":"highway","default_image_id":0,"font":"","enabled":false},"version":2},"_wpas_customize_per_network":false,"jetpack_post_was_ever_published":false},"categories":[543409776],"tags":[1181,302487833,247416,1053804,610130673,26248122,346351929,346351932],"class_list":["post-5259","post","type-post","status-publish","format-standard","has-post-thumbnail","hentry","category-tridentina-visualis","tag-dvd","tag-jak-odprawiac-msze-swieta-trydencka","tag-kanon","tag-missa-tridentina","tag-msza-trydencka","tag-msza-wszechczasow","tag-qui-pridie","tag-simili-modo"],"yoast_head":"<!-- This site is optimized with the Yoast SEO plugin v28.4 - https:\/\/yoast.com\/product\/yoast-seo-wordpress\/ -->\n<title>\u201ePrzed Nim krocz\u0105 majestat i pi\u0119kno\u201d. Wizualne wprowadzenie do Mszy Trydenckiej. (cz. 11 z 16). Przeistoczenie. Qui pridie - Haec quotiescumque. - Tradycja i Wiara<\/title>\n<meta name=\"description\" content=\"\u201ePrzed Nim krocz\u0105 majestat i pi\u0119kno\u201d. Wizualne wprowadzenie do Mszy Trydenckiej. (cz. 11 z 16). Przeistoczenie. Qui pridie - Haec quotiescumque. Quo pridie Msza Trydencka liturgia\" \/>\n<meta name=\"robots\" content=\"index, follow, max-snippet:-1, max-image-preview:large, max-video-preview:-1\" \/>\n<link rel=\"canonical\" href=\"https:\/\/wobronietradycjiiwiary.com\/pl\/prywatny-przed-nim-krocza-majestat-i-piekno-wizualne-wprowadzenie-do-mszy-trydenckiej-cz-11-z-16\/\" \/>\n<meta property=\"og:locale\" content=\"pl_PL\" \/>\n<meta property=\"og:type\" content=\"article\" \/>\n<meta property=\"og:title\" content=\"\u201ePrzed Nim krocz\u0105 majestat i pi\u0119kno\u201d. Wizualne wprowadzenie do Mszy Trydenckiej. (cz. 11 z 16). Przeistoczenie. Qui pridie - Haec quotiescumque. - Tradycja i Wiara\" \/>\n<meta property=\"og:description\" content=\"\u201ePrzed Nim krocz\u0105 majestat i pi\u0119kno\u201d. Wizualne wprowadzenie do Mszy Trydenckiej. (cz. 11 z 16). Przeistoczenie. Qui pridie - Haec quotiescumque. Quo pridie Msza Trydencka liturgia\" \/>\n<meta property=\"og:url\" content=\"https:\/\/wobronietradycjiiwiary.com\/pl\/prywatny-przed-nim-krocza-majestat-i-piekno-wizualne-wprowadzenie-do-mszy-trydenckiej-cz-11-z-16\/\" \/>\n<meta property=\"og:site_name\" content=\"Tradycja i Wiara\" \/>\n<meta property=\"article:publisher\" content=\"https:\/\/www.facebook.com\/Tradycja-i-Wiara-108813920592249\" \/>\n<meta property=\"article:published_time\" content=\"2015-04-21T09:25:03+00:00\" \/>\n<meta property=\"article:modified_time\" content=\"2025-12-23T16:56:17+00:00\" \/>\n<meta property=\"og:image\" content=\"https:\/\/i2.wp.com\/wobronietradycjiiwiary.com\/wp-content\/uploads\/2020\/04\/a66b8eb860630f3502c97fb29fc5de6e.jpg?fit=919%2C1280&ssl=1\" \/>\n\t<meta property=\"og:image:width\" content=\"919\" \/>\n\t<meta property=\"og:image:height\" content=\"1280\" \/>\n\t<meta property=\"og:image:type\" content=\"image\/jpeg\" \/>\n<meta name=\"author\" content=\"Traditio et Fides\" \/>\n<meta name=\"twitter:card\" content=\"summary_large_image\" \/>\n<meta name=\"twitter:label1\" content=\"Napisane przez\" \/>\n\t<meta name=\"twitter:data1\" content=\"Traditio et Fides\" \/>\n\t<meta name=\"twitter:label2\" content=\"Szacowany czas czytania\" \/>\n\t<meta name=\"twitter:data2\" content=\"2 minuty\" \/>\n<script type=\"application\/ld+json\" class=\"yoast-schema-graph\">{\"@context\":\"https:\\\/\\\/schema.org\",\"@graph\":[{\"@type\":\"Article\",\"@id\":\"https:\\\/\\\/wobronietradycjiiwiary.com\\\/prywatny-przed-nim-krocza-majestat-i-piekno-wizualne-wprowadzenie-do-mszy-trydenckiej-cz-11-z-16\\\/#article\",\"isPartOf\":{\"@id\":\"https:\\\/\\\/wobronietradycjiiwiary.com\\\/prywatny-przed-nim-krocza-majestat-i-piekno-wizualne-wprowadzenie-do-mszy-trydenckiej-cz-11-z-16\\\/\"},\"author\":{\"name\":\"Traditio et Fides\",\"@id\":\"https:\\\/\\\/wobronietradycjiiwiary.com\\\/pl\\\/#\\\/schema\\\/person\\\/2d6180ce6abcb681fef0daab7816e8f3\"},\"headline\":\"\u201ePrzed Nim krocz\u0105 majestat i pi\u0119kno\u201d. Wizualne wprowadzenie do Mszy Trydenckiej. (cz. 11 z 16). Przeistoczenie. Qui pridie &#8211; Haec quotiescumque.\",\"datePublished\":\"2015-04-21T09:25:03+00:00\",\"dateModified\":\"2025-12-23T16:56:17+00:00\",\"mainEntityOfPage\":{\"@id\":\"https:\\\/\\\/wobronietradycjiiwiary.com\\\/prywatny-przed-nim-krocza-majestat-i-piekno-wizualne-wprowadzenie-do-mszy-trydenckiej-cz-11-z-16\\\/\"},\"wordCount\":397,\"publisher\":{\"@id\":\"https:\\\/\\\/wobronietradycjiiwiary.com\\\/pl\\\/#organization\"},\"image\":{\"@id\":\"https:\\\/\\\/wobronietradycjiiwiary.com\\\/prywatny-przed-nim-krocza-majestat-i-piekno-wizualne-wprowadzenie-do-mszy-trydenckiej-cz-11-z-16\\\/#primaryimage\"},\"thumbnailUrl\":\"https:\\\/\\\/wobronietradycjiiwiary.com\\\/wp-content\\\/uploads\\\/2020\\\/04\\\/a66b8eb860630f3502c97fb29fc5de6e.jpg\",\"keywords\":[\"DVD\",\"jak odprawia\u0107 Msz\u0119 \u015awi\u0119t\u0105 Trydenck\u0105\",\"Kanon\",\"Missa Tridentina\",\"Msza Trydencka\",\"Msza Wszechczas\u00f3w\",\"Qui pridie\",\"Simili modo\"],\"articleSection\":[\"Tridentina visualis\"],\"inLanguage\":\"pl-PL\"},{\"@type\":\"WebPage\",\"@id\":\"https:\\\/\\\/wobronietradycjiiwiary.com\\\/prywatny-przed-nim-krocza-majestat-i-piekno-wizualne-wprowadzenie-do-mszy-trydenckiej-cz-11-z-16\\\/\",\"url\":\"https:\\\/\\\/wobronietradycjiiwiary.com\\\/prywatny-przed-nim-krocza-majestat-i-piekno-wizualne-wprowadzenie-do-mszy-trydenckiej-cz-11-z-16\\\/\",\"name\":\"\u201ePrzed Nim krocz\u0105 majestat i pi\u0119kno\u201d. Wizualne wprowadzenie do Mszy Trydenckiej. (cz. 11 z 16). Przeistoczenie. Qui pridie - Haec quotiescumque. - Tradycja i Wiara\",\"isPartOf\":{\"@id\":\"https:\\\/\\\/wobronietradycjiiwiary.com\\\/pl\\\/#website\"},\"primaryImageOfPage\":{\"@id\":\"https:\\\/\\\/wobronietradycjiiwiary.com\\\/prywatny-przed-nim-krocza-majestat-i-piekno-wizualne-wprowadzenie-do-mszy-trydenckiej-cz-11-z-16\\\/#primaryimage\"},\"image\":{\"@id\":\"https:\\\/\\\/wobronietradycjiiwiary.com\\\/prywatny-przed-nim-krocza-majestat-i-piekno-wizualne-wprowadzenie-do-mszy-trydenckiej-cz-11-z-16\\\/#primaryimage\"},\"thumbnailUrl\":\"https:\\\/\\\/wobronietradycjiiwiary.com\\\/wp-content\\\/uploads\\\/2020\\\/04\\\/a66b8eb860630f3502c97fb29fc5de6e.jpg\",\"datePublished\":\"2015-04-21T09:25:03+00:00\",\"dateModified\":\"2025-12-23T16:56:17+00:00\",\"description\":\"\u201ePrzed Nim krocz\u0105 majestat i pi\u0119kno\u201d. Wizualne wprowadzenie do Mszy Trydenckiej. (cz. 11 z 16). Przeistoczenie. Qui pridie - Haec quotiescumque. Quo pridie Msza Trydencka liturgia\",\"breadcrumb\":{\"@id\":\"https:\\\/\\\/wobronietradycjiiwiary.com\\\/prywatny-przed-nim-krocza-majestat-i-piekno-wizualne-wprowadzenie-do-mszy-trydenckiej-cz-11-z-16\\\/#breadcrumb\"},\"inLanguage\":\"pl-PL\",\"potentialAction\":[{\"@type\":\"ReadAction\",\"target\":[\"https:\\\/\\\/wobronietradycjiiwiary.com\\\/prywatny-przed-nim-krocza-majestat-i-piekno-wizualne-wprowadzenie-do-mszy-trydenckiej-cz-11-z-16\\\/\"]}]},{\"@type\":\"ImageObject\",\"inLanguage\":\"pl-PL\",\"@id\":\"https:\\\/\\\/wobronietradycjiiwiary.com\\\/prywatny-przed-nim-krocza-majestat-i-piekno-wizualne-wprowadzenie-do-mszy-trydenckiej-cz-11-z-16\\\/#primaryimage\",\"url\":\"https:\\\/\\\/wobronietradycjiiwiary.com\\\/wp-content\\\/uploads\\\/2020\\\/04\\\/a66b8eb860630f3502c97fb29fc5de6e.jpg\",\"contentUrl\":\"https:\\\/\\\/wobronietradycjiiwiary.com\\\/wp-content\\\/uploads\\\/2020\\\/04\\\/a66b8eb860630f3502c97fb29fc5de6e.jpg\",\"width\":919,\"height\":1280,\"caption\":\"\u201ePrzed Nim krocz\u0105 majestat i pi\u0119kno\u201d. Wizualne wprowadzenie do Mszy Trydenckiej. (cz. 12 z 16)\"},{\"@type\":\"BreadcrumbList\",\"@id\":\"https:\\\/\\\/wobronietradycjiiwiary.com\\\/prywatny-przed-nim-krocza-majestat-i-piekno-wizualne-wprowadzenie-do-mszy-trydenckiej-cz-11-z-16\\\/#breadcrumb\",\"itemListElement\":[{\"@type\":\"ListItem\",\"position\":1,\"name\":\"Strona g\u0142\u00f3wna\",\"item\":\"https:\\\/\\\/wobronietradycjiiwiary.com\\\/\"},{\"@type\":\"ListItem\",\"position\":2,\"name\":\"\u201ePrzed Nim krocz\u0105 majestat i pi\u0119kno\u201d. Wizualne wprowadzenie do Mszy Trydenckiej. (cz. 11 z 16)\"}]},{\"@type\":\"WebSite\",\"@id\":\"https:\\\/\\\/wobronietradycjiiwiary.com\\\/pl\\\/#website\",\"url\":\"https:\\\/\\\/wobronietradycjiiwiary.com\\\/pl\\\/\",\"name\":\"Tradycja i Wiara\",\"description\":\"Portal dla katolik\u00f3w.\",\"publisher\":{\"@id\":\"https:\\\/\\\/wobronietradycjiiwiary.com\\\/pl\\\/#organization\"},\"potentialAction\":[{\"@type\":\"SearchAction\",\"target\":{\"@type\":\"EntryPoint\",\"urlTemplate\":\"https:\\\/\\\/wobronietradycjiiwiary.com\\\/pl\\\/?s={search_term_string}\"},\"query-input\":{\"@type\":\"PropertyValueSpecification\",\"valueRequired\":true,\"valueName\":\"search_term_string\"}}],\"inLanguage\":\"pl-PL\"},{\"@type\":\"Organization\",\"@id\":\"https:\\\/\\\/wobronietradycjiiwiary.com\\\/pl\\\/#organization\",\"name\":\"Tradycja i Wiara\",\"url\":\"https:\\\/\\\/wobronietradycjiiwiary.com\\\/pl\\\/\",\"logo\":{\"@type\":\"ImageObject\",\"inLanguage\":\"pl-PL\",\"@id\":\"https:\\\/\\\/wobronietradycjiiwiary.com\\\/pl\\\/#\\\/schema\\\/logo\\\/image\\\/\",\"url\":\"https:\\\/\\\/i0.wp.com\\\/wobronietradycjiiwiary.com\\\/wp-content\\\/uploads\\\/2015\\\/10\\\/cropped-st-peters-dome-vatican.jpg?fit=940%2C198&ssl=1\",\"contentUrl\":\"https:\\\/\\\/i0.wp.com\\\/wobronietradycjiiwiary.com\\\/wp-content\\\/uploads\\\/2015\\\/10\\\/cropped-st-peters-dome-vatican.jpg?fit=940%2C198&ssl=1\",\"width\":940,\"height\":198,\"caption\":\"Tradycja i Wiara\"},\"image\":{\"@id\":\"https:\\\/\\\/wobronietradycjiiwiary.com\\\/pl\\\/#\\\/schema\\\/logo\\\/image\\\/\"},\"sameAs\":[\"https:\\\/\\\/www.facebook.com\\\/Tradycja-i-Wiara-108813920592249\"]},{\"@type\":\"Person\",\"@id\":\"https:\\\/\\\/wobronietradycjiiwiary.com\\\/pl\\\/#\\\/schema\\\/person\\\/2d6180ce6abcb681fef0daab7816e8f3\",\"name\":\"Traditio et Fides\",\"sameAs\":[\"https:\\\/\\\/traditionundglauben.com\"],\"url\":\"https:\\\/\\\/wobronietradycjiiwiary.com\\\/pl\\\/author\\\/wobronietradycjiiwiary\\\/\"}]}<\/script>\n<!-- \/ Yoast SEO plugin. -->","yoast_head_json":{"title":"\u201ePrzed Nim krocz\u0105 majestat i pi\u0119kno\u201d. Wizualne wprowadzenie do Mszy Trydenckiej. (cz. 11 z 16). Przeistoczenie. Qui pridie - Haec quotiescumque. - Tradycja i Wiara","description":"\u201ePrzed Nim krocz\u0105 majestat i pi\u0119kno\u201d. Wizualne wprowadzenie do Mszy Trydenckiej. (cz. 11 z 16). Przeistoczenie. Qui pridie - Haec quotiescumque. Quo pridie Msza Trydencka liturgia","robots":{"index":"index","follow":"follow","max-snippet":"max-snippet:-1","max-image-preview":"max-image-preview:large","max-video-preview":"max-video-preview:-1"},"canonical":"https:\/\/wobronietradycjiiwiary.com\/pl\/prywatny-przed-nim-krocza-majestat-i-piekno-wizualne-wprowadzenie-do-mszy-trydenckiej-cz-11-z-16\/","og_locale":"pl_PL","og_type":"article","og_title":"\u201ePrzed Nim krocz\u0105 majestat i pi\u0119kno\u201d. Wizualne wprowadzenie do Mszy Trydenckiej. (cz. 11 z 16). Przeistoczenie. Qui pridie - Haec quotiescumque. - Tradycja i Wiara","og_description":"\u201ePrzed Nim krocz\u0105 majestat i pi\u0119kno\u201d. Wizualne wprowadzenie do Mszy Trydenckiej. (cz. 11 z 16). Przeistoczenie. Qui pridie - Haec quotiescumque. Quo pridie Msza Trydencka liturgia","og_url":"https:\/\/wobronietradycjiiwiary.com\/pl\/prywatny-przed-nim-krocza-majestat-i-piekno-wizualne-wprowadzenie-do-mszy-trydenckiej-cz-11-z-16\/","og_site_name":"Tradycja i Wiara","article_publisher":"https:\/\/www.facebook.com\/Tradycja-i-Wiara-108813920592249","article_published_time":"2015-04-21T09:25:03+00:00","article_modified_time":"2025-12-23T16:56:17+00:00","og_image":[{"width":919,"height":1280,"url":"https:\/\/i2.wp.com\/wobronietradycjiiwiary.com\/wp-content\/uploads\/2020\/04\/a66b8eb860630f3502c97fb29fc5de6e.jpg?fit=919%2C1280&ssl=1","type":"image\/jpeg"}],"author":"Traditio et Fides","twitter_card":"summary_large_image","twitter_misc":{"Napisane przez":"Traditio et Fides","Szacowany czas czytania":"2 minuty"},"schema":{"@context":"https:\/\/schema.org","@graph":[{"@type":"Article","@id":"https:\/\/wobronietradycjiiwiary.com\/prywatny-przed-nim-krocza-majestat-i-piekno-wizualne-wprowadzenie-do-mszy-trydenckiej-cz-11-z-16\/#article","isPartOf":{"@id":"https:\/\/wobronietradycjiiwiary.com\/prywatny-przed-nim-krocza-majestat-i-piekno-wizualne-wprowadzenie-do-mszy-trydenckiej-cz-11-z-16\/"},"author":{"name":"Traditio et Fides","@id":"https:\/\/wobronietradycjiiwiary.com\/pl\/#\/schema\/person\/2d6180ce6abcb681fef0daab7816e8f3"},"headline":"\u201ePrzed Nim krocz\u0105 majestat i pi\u0119kno\u201d. Wizualne wprowadzenie do Mszy Trydenckiej. (cz. 11 z 16). Przeistoczenie. Qui pridie &#8211; Haec quotiescumque.","datePublished":"2015-04-21T09:25:03+00:00","dateModified":"2025-12-23T16:56:17+00:00","mainEntityOfPage":{"@id":"https:\/\/wobronietradycjiiwiary.com\/prywatny-przed-nim-krocza-majestat-i-piekno-wizualne-wprowadzenie-do-mszy-trydenckiej-cz-11-z-16\/"},"wordCount":397,"publisher":{"@id":"https:\/\/wobronietradycjiiwiary.com\/pl\/#organization"},"image":{"@id":"https:\/\/wobronietradycjiiwiary.com\/prywatny-przed-nim-krocza-majestat-i-piekno-wizualne-wprowadzenie-do-mszy-trydenckiej-cz-11-z-16\/#primaryimage"},"thumbnailUrl":"https:\/\/wobronietradycjiiwiary.com\/wp-content\/uploads\/2020\/04\/a66b8eb860630f3502c97fb29fc5de6e.jpg","keywords":["DVD","jak odprawia\u0107 Msz\u0119 \u015awi\u0119t\u0105 Trydenck\u0105","Kanon","Missa Tridentina","Msza Trydencka","Msza Wszechczas\u00f3w","Qui pridie","Simili modo"],"articleSection":["Tridentina visualis"],"inLanguage":"pl-PL"},{"@type":"WebPage","@id":"https:\/\/wobronietradycjiiwiary.com\/prywatny-przed-nim-krocza-majestat-i-piekno-wizualne-wprowadzenie-do-mszy-trydenckiej-cz-11-z-16\/","url":"https:\/\/wobronietradycjiiwiary.com\/prywatny-przed-nim-krocza-majestat-i-piekno-wizualne-wprowadzenie-do-mszy-trydenckiej-cz-11-z-16\/","name":"\u201ePrzed Nim krocz\u0105 majestat i pi\u0119kno\u201d. Wizualne wprowadzenie do Mszy Trydenckiej. (cz. 11 z 16). Przeistoczenie. Qui pridie - Haec quotiescumque. - Tradycja i Wiara","isPartOf":{"@id":"https:\/\/wobronietradycjiiwiary.com\/pl\/#website"},"primaryImageOfPage":{"@id":"https:\/\/wobronietradycjiiwiary.com\/prywatny-przed-nim-krocza-majestat-i-piekno-wizualne-wprowadzenie-do-mszy-trydenckiej-cz-11-z-16\/#primaryimage"},"image":{"@id":"https:\/\/wobronietradycjiiwiary.com\/prywatny-przed-nim-krocza-majestat-i-piekno-wizualne-wprowadzenie-do-mszy-trydenckiej-cz-11-z-16\/#primaryimage"},"thumbnailUrl":"https:\/\/wobronietradycjiiwiary.com\/wp-content\/uploads\/2020\/04\/a66b8eb860630f3502c97fb29fc5de6e.jpg","datePublished":"2015-04-21T09:25:03+00:00","dateModified":"2025-12-23T16:56:17+00:00","description":"\u201ePrzed Nim krocz\u0105 majestat i pi\u0119kno\u201d. Wizualne wprowadzenie do Mszy Trydenckiej. (cz. 11 z 16). Przeistoczenie. Qui pridie - Haec quotiescumque. Quo pridie Msza Trydencka liturgia","breadcrumb":{"@id":"https:\/\/wobronietradycjiiwiary.com\/prywatny-przed-nim-krocza-majestat-i-piekno-wizualne-wprowadzenie-do-mszy-trydenckiej-cz-11-z-16\/#breadcrumb"},"inLanguage":"pl-PL","potentialAction":[{"@type":"ReadAction","target":["https:\/\/wobronietradycjiiwiary.com\/prywatny-przed-nim-krocza-majestat-i-piekno-wizualne-wprowadzenie-do-mszy-trydenckiej-cz-11-z-16\/"]}]},{"@type":"ImageObject","inLanguage":"pl-PL","@id":"https:\/\/wobronietradycjiiwiary.com\/prywatny-przed-nim-krocza-majestat-i-piekno-wizualne-wprowadzenie-do-mszy-trydenckiej-cz-11-z-16\/#primaryimage","url":"https:\/\/wobronietradycjiiwiary.com\/wp-content\/uploads\/2020\/04\/a66b8eb860630f3502c97fb29fc5de6e.jpg","contentUrl":"https:\/\/wobronietradycjiiwiary.com\/wp-content\/uploads\/2020\/04\/a66b8eb860630f3502c97fb29fc5de6e.jpg","width":919,"height":1280,"caption":"\u201ePrzed Nim krocz\u0105 majestat i pi\u0119kno\u201d. Wizualne wprowadzenie do Mszy Trydenckiej. (cz. 12 z 16)"},{"@type":"BreadcrumbList","@id":"https:\/\/wobronietradycjiiwiary.com\/prywatny-przed-nim-krocza-majestat-i-piekno-wizualne-wprowadzenie-do-mszy-trydenckiej-cz-11-z-16\/#breadcrumb","itemListElement":[{"@type":"ListItem","position":1,"name":"Strona g\u0142\u00f3wna","item":"https:\/\/wobronietradycjiiwiary.com\/"},{"@type":"ListItem","position":2,"name":"\u201ePrzed Nim krocz\u0105 majestat i pi\u0119kno\u201d. Wizualne wprowadzenie do Mszy Trydenckiej. (cz. 11 z 16)"}]},{"@type":"WebSite","@id":"https:\/\/wobronietradycjiiwiary.com\/pl\/#website","url":"https:\/\/wobronietradycjiiwiary.com\/pl\/","name":"Tradycja i Wiara","description":"Portal dla katolik\u00f3w.","publisher":{"@id":"https:\/\/wobronietradycjiiwiary.com\/pl\/#organization"},"potentialAction":[{"@type":"SearchAction","target":{"@type":"EntryPoint","urlTemplate":"https:\/\/wobronietradycjiiwiary.com\/pl\/?s={search_term_string}"},"query-input":{"@type":"PropertyValueSpecification","valueRequired":true,"valueName":"search_term_string"}}],"inLanguage":"pl-PL"},{"@type":"Organization","@id":"https:\/\/wobronietradycjiiwiary.com\/pl\/#organization","name":"Tradycja i Wiara","url":"https:\/\/wobronietradycjiiwiary.com\/pl\/","logo":{"@type":"ImageObject","inLanguage":"pl-PL","@id":"https:\/\/wobronietradycjiiwiary.com\/pl\/#\/schema\/logo\/image\/","url":"https:\/\/i0.wp.com\/wobronietradycjiiwiary.com\/wp-content\/uploads\/2015\/10\/cropped-st-peters-dome-vatican.jpg?fit=940%2C198&ssl=1","contentUrl":"https:\/\/i0.wp.com\/wobronietradycjiiwiary.com\/wp-content\/uploads\/2015\/10\/cropped-st-peters-dome-vatican.jpg?fit=940%2C198&ssl=1","width":940,"height":198,"caption":"Tradycja i Wiara"},"image":{"@id":"https:\/\/wobronietradycjiiwiary.com\/pl\/#\/schema\/logo\/image\/"},"sameAs":["https:\/\/www.facebook.com\/Tradycja-i-Wiara-108813920592249"]},{"@type":"Person","@id":"https:\/\/wobronietradycjiiwiary.com\/pl\/#\/schema\/person\/2d6180ce6abcb681fef0daab7816e8f3","name":"Traditio et Fides","sameAs":["https:\/\/traditionundglauben.com"],"url":"https:\/\/wobronietradycjiiwiary.com\/pl\/author\/wobronietradycjiiwiary\/"}]}},"jetpack_publicize_connections":[],"jetpack_sharing_enabled":true,"jetpack_likes_enabled":true,"jetpack_shortlink":"https:\/\/wp.me\/pc04Sd-1mP","jetpack-related-posts":[{"id":2531,"url":"https:\/\/wobronietradycjiiwiary.com\/pl\/przed-nim-krocza-majestat-i-piekno-wizualne-wprowadzenie-do-mszy-trydenckiej-cz-2-z-16\/","url_meta":{"origin":5259,"position":0},"title":"\u201ePrzed Nim krocz\u0105 majestat i pi\u0119kno\u201d. Wizualne wprowadzenie do Mszy Trydenckiej. (cz. 2 z 16). Wst\u0119p (2). Przygotowania w zakrystii.","author":"Traditio et Fides","date":"29 pa\u017adziernika 2014","format":false,"excerpt":"Cykl ukazuj\u0105cy tre\u015b\u0107, form\u0119 i wizualne pi\u0119kno celebry Mszy Trydenckiej.","rel":"","context":"W \u201eTridentina visualis&quot;","block_context":{"text":"Tridentina visualis","link":"https:\/\/wobronietradycjiiwiary.com\/pl\/category\/duchowosc\/liturgia-i-liturgika\/msza-trydencka\/tridentina-visualis\/"},"img":{"alt_text":"","src":"https:\/\/i0.wp.com\/wobronietradycjiiwiary.com\/wp-content\/uploads\/2020\/04\/a66b8eb860630f3502c97fb29fc5de6e.jpg?resize=350%2C200&ssl=1","width":350,"height":200,"srcset":"https:\/\/i0.wp.com\/wobronietradycjiiwiary.com\/wp-content\/uploads\/2020\/04\/a66b8eb860630f3502c97fb29fc5de6e.jpg?resize=350%2C200&ssl=1 1x, https:\/\/i0.wp.com\/wobronietradycjiiwiary.com\/wp-content\/uploads\/2020\/04\/a66b8eb860630f3502c97fb29fc5de6e.jpg?resize=525%2C300&ssl=1 1.5x, https:\/\/i0.wp.com\/wobronietradycjiiwiary.com\/wp-content\/uploads\/2020\/04\/a66b8eb860630f3502c97fb29fc5de6e.jpg?resize=700%2C400&ssl=1 2x"},"classes":[]},{"id":3459,"url":"https:\/\/wobronietradycjiiwiary.com\/pl\/przed-nim-krocza-majestat-i-piekno-wizualne-wprowadzenie-do-mszy-trydenckiej-cz-7-z-16\/","url_meta":{"origin":5259,"position":1},"title":"\u201ePrzed Nim krocz\u0105 majestat i pi\u0119kno\u201d. Wizualne wprowadzenie do Mszy Trydenckiej. (cz. 7 z 16). Offertorium. Suscipe.","author":"Traditio et Fides","date":"4 lutego 2015","format":false,"excerpt":"Przedstawiony film ukazuje pierwsze momenty Offertorium czyli Ofiarowania.\u00a0\u00a0 Jak\u017ce bogata jest symbolika oddaj\u0105ca szacunek i tajemnice tej Ofiary, kt\u00f3ra ma nast\u0105pi\u0107. Po Offertorium nast\u0119puje Kanon, kt\u00f3ry jest najwa\u017cniejszym momentem Mszy \u015awi\u0119tej, gdzie dokonuje si\u0119 Przeistoczenie. Ju\u017c teraz w s\u0142owach, gestach kap\u0142a\u0144skich widoczna si\u0119 blisko\u015b\u0107 tego momentu, wprowadzenie w\u00a0 tajemnic\u0119 ofiary\u2026","rel":"","context":"W \u201eTridentina visualis&quot;","block_context":{"text":"Tridentina visualis","link":"https:\/\/wobronietradycjiiwiary.com\/pl\/category\/duchowosc\/liturgia-i-liturgika\/msza-trydencka\/tridentina-visualis\/"},"img":{"alt_text":"","src":"https:\/\/i0.wp.com\/wobronietradycjiiwiary.com\/wp-content\/uploads\/2020\/04\/a66b8eb860630f3502c97fb29fc5de6e.jpg?resize=350%2C200&ssl=1","width":350,"height":200,"srcset":"https:\/\/i0.wp.com\/wobronietradycjiiwiary.com\/wp-content\/uploads\/2020\/04\/a66b8eb860630f3502c97fb29fc5de6e.jpg?resize=350%2C200&ssl=1 1x, https:\/\/i0.wp.com\/wobronietradycjiiwiary.com\/wp-content\/uploads\/2020\/04\/a66b8eb860630f3502c97fb29fc5de6e.jpg?resize=525%2C300&ssl=1 1.5x, https:\/\/i0.wp.com\/wobronietradycjiiwiary.com\/wp-content\/uploads\/2020\/04\/a66b8eb860630f3502c97fb29fc5de6e.jpg?resize=700%2C400&ssl=1 2x"},"classes":[]},{"id":2931,"url":"https:\/\/wobronietradycjiiwiary.com\/pl\/przed-nim-krocza-majestat-i-piekno-wizualne-wprowadzenie-do-mszy-trydenckiej-cz-5-z-16\/","url_meta":{"origin":5259,"position":2},"title":"\u201ePrzed Nim krocz\u0105 majestat i pi\u0119kno\u201d. Wizualne wprowadzenie do Mszy Trydenckiej. (cz. 5 z 16). Gloria.","author":"Traditio et Fides","date":"10 grudnia 2014","format":false,"excerpt":"Ukazany w poni\u017cszym\u00a0 filmie fragment Mszy \u015awi\u0119tej zawiera moment dzi\u0119kczynienia Bogu za wszystkie dary, jakie otrzymujemy od Przenaj\u015bwi\u0119tszej Tr\u00f3jcy. Zwr\u00f3\u0107my po raz kolejny uwag\u0119 na to, jak ka\u017cdy gest cia\u0142a oddaje jedno\u015b\u0107 \u015bwiata duchowego i materialnego. Cia\u0142o celebransa jest elementem duchowego porz\u0105dku, gdy poprzez ka\u017cd\u0105 czynno\u015b\u0107, bior\u0105c udzia\u0142 w prze\u017cywaniu\u2026","rel":"","context":"W \u201eMsza Trydencka&quot;","block_context":{"text":"Msza Trydencka","link":"https:\/\/wobronietradycjiiwiary.com\/pl\/category\/duchowosc\/liturgia-i-liturgika\/msza-trydencka\/"},"img":{"alt_text":"","src":"https:\/\/i0.wp.com\/wobronietradycjiiwiary.com\/wp-content\/uploads\/2020\/04\/a66b8eb860630f3502c97fb29fc5de6e.jpg?resize=350%2C200&ssl=1","width":350,"height":200,"srcset":"https:\/\/i0.wp.com\/wobronietradycjiiwiary.com\/wp-content\/uploads\/2020\/04\/a66b8eb860630f3502c97fb29fc5de6e.jpg?resize=350%2C200&ssl=1 1x, https:\/\/i0.wp.com\/wobronietradycjiiwiary.com\/wp-content\/uploads\/2020\/04\/a66b8eb860630f3502c97fb29fc5de6e.jpg?resize=525%2C300&ssl=1 1.5x, https:\/\/i0.wp.com\/wobronietradycjiiwiary.com\/wp-content\/uploads\/2020\/04\/a66b8eb860630f3502c97fb29fc5de6e.jpg?resize=700%2C400&ssl=1 2x"},"classes":[]},{"id":3027,"url":"https:\/\/wobronietradycjiiwiary.com\/pl\/przed-nim-krocza-majestat-i-piekno-wizualne-wprowadzenie-do-mszy-trydenckiej-cz-6-z-16\/","url_meta":{"origin":5259,"position":3},"title":"\u201ePrzed Nim krocz\u0105 majestat i pi\u0119kno\u201d. Wizualne wprowadzenie do Mszy Trydenckiej. (cz. 6 z 16). Munda me, Ewangelia i Credo.","author":"Traditio et Fides","date":"21 grudnia 2014","format":false,"excerpt":"Ukazany na filmie moment przedstawia obrz\u0119dy okalaj\u0105ce moment czytania Ewangelii i wyznanie wiary.\u00a0 Kap\u0142an po raz pierwszy podczas Mszy \u015awi\u0119tej ze czci\u0105 podnosi oczy ku Krzy\u017cowi, modli si\u0119 o czyste my\u015bli, czyste usta i serce, godne obcowania ze S\u0142owem Bo\u017cym i karmienia nim innych. Gesty i s\u0142owa uwidaczniaj\u0105\u00a0 bezcenn\u0105 warto\u015b\u0107\u2026","rel":"","context":"W \u201eTridentina visualis&quot;","block_context":{"text":"Tridentina visualis","link":"https:\/\/wobronietradycjiiwiary.com\/pl\/category\/duchowosc\/liturgia-i-liturgika\/msza-trydencka\/tridentina-visualis\/"},"img":{"alt_text":"","src":"https:\/\/i0.wp.com\/wobronietradycjiiwiary.com\/wp-content\/uploads\/2020\/04\/a66b8eb860630f3502c97fb29fc5de6e.jpg?resize=350%2C200&ssl=1","width":350,"height":200,"srcset":"https:\/\/i0.wp.com\/wobronietradycjiiwiary.com\/wp-content\/uploads\/2020\/04\/a66b8eb860630f3502c97fb29fc5de6e.jpg?resize=350%2C200&ssl=1 1x, https:\/\/i0.wp.com\/wobronietradycjiiwiary.com\/wp-content\/uploads\/2020\/04\/a66b8eb860630f3502c97fb29fc5de6e.jpg?resize=525%2C300&ssl=1 1.5x, https:\/\/i0.wp.com\/wobronietradycjiiwiary.com\/wp-content\/uploads\/2020\/04\/a66b8eb860630f3502c97fb29fc5de6e.jpg?resize=700%2C400&ssl=1 2x"},"classes":[]},{"id":2476,"url":"https:\/\/wobronietradycjiiwiary.com\/pl\/przed-nim-krocza-majestat-i-piekno-czyli-jak-celebrowac-msze-swieta-trydencka-cz-1-z-16\/","url_meta":{"origin":5259,"position":4},"title":"&#8220;Przed Nim krocz\u0105 majestat i pi\u0119kno&#8221;. Wizualne wprowadzenie do Mszy Trydenckiej. (1 z 16). Wst\u0119p (1)","author":"Traditio et Fides","date":"25 pa\u017adziernika 2014","format":false,"excerpt":"Cykl ukazuj\u0105cy tre\u015b\u0107, form\u0119 i wizualne pi\u0119kno celebry Mszy Trydenckiej.","rel":"","context":"W \u201eTridentina visualis&quot;","block_context":{"text":"Tridentina visualis","link":"https:\/\/wobronietradycjiiwiary.com\/pl\/category\/duchowosc\/liturgia-i-liturgika\/msza-trydencka\/tridentina-visualis\/"},"img":{"alt_text":"","src":"https:\/\/i0.wp.com\/wobronietradycjiiwiary.com\/wp-content\/uploads\/2020\/04\/a66b8eb860630f3502c97fb29fc5de6e.jpg?resize=350%2C200&ssl=1","width":350,"height":200,"srcset":"https:\/\/i0.wp.com\/wobronietradycjiiwiary.com\/wp-content\/uploads\/2020\/04\/a66b8eb860630f3502c97fb29fc5de6e.jpg?resize=350%2C200&ssl=1 1x, https:\/\/i0.wp.com\/wobronietradycjiiwiary.com\/wp-content\/uploads\/2020\/04\/a66b8eb860630f3502c97fb29fc5de6e.jpg?resize=525%2C300&ssl=1 1.5x, https:\/\/i0.wp.com\/wobronietradycjiiwiary.com\/wp-content\/uploads\/2020\/04\/a66b8eb860630f3502c97fb29fc5de6e.jpg?resize=700%2C400&ssl=1 2x"},"classes":[]},{"id":5489,"url":"https:\/\/wobronietradycjiiwiary.com\/pl\/przed-nim-krocza-majestat-i-piekno-wizualne-wprowadzenie-do-mszy-trydenckiej-cz-13-z-16\/","url_meta":{"origin":5259,"position":5},"title":"Przed Nim krocz\u0105 majestat i pi\u0119kno\u201d. Wizualne wprowadzenie do Mszy Trydenckiej. (cz. 13 z 16). Pater noster &#8211; Agnus Dei.","author":"Traditio et Fides","date":"29 kwietnia 2015","format":false,"excerpt":"Pater noster, Libera nos i Haec commixtio to przede wszystkim choreografia r\u0105k, d\u0142oni i palc\u00f3w. Prawa d\u0142o\u0144, lewa d\u0142o\u0144, tu trzyma, tu przek\u0142ada, tu d\u0142onie na korporale, bo kap\u0142an kl\u0119ka. Prawdziwa modlitwa cia\u0142a i chyba ka\u017cdy ogl\u0105daj\u0105cy ten fragment zadaje sobie pytanie, ile trwa bezb\u0142\u0119dne nauczenie si\u0119 tych wszystkich ruch\u00f3w,\u2026","rel":"","context":"W \u201eTridentina visualis&quot;","block_context":{"text":"Tridentina visualis","link":"https:\/\/wobronietradycjiiwiary.com\/pl\/category\/duchowosc\/liturgia-i-liturgika\/msza-trydencka\/tridentina-visualis\/"},"img":{"alt_text":"","src":"https:\/\/i0.wp.com\/wobronietradycjiiwiary.com\/wp-content\/uploads\/2020\/04\/a66b8eb860630f3502c97fb29fc5de6e.jpg?resize=350%2C200&ssl=1","width":350,"height":200,"srcset":"https:\/\/i0.wp.com\/wobronietradycjiiwiary.com\/wp-content\/uploads\/2020\/04\/a66b8eb860630f3502c97fb29fc5de6e.jpg?resize=350%2C200&ssl=1 1x, https:\/\/i0.wp.com\/wobronietradycjiiwiary.com\/wp-content\/uploads\/2020\/04\/a66b8eb860630f3502c97fb29fc5de6e.jpg?resize=525%2C300&ssl=1 1.5x, https:\/\/i0.wp.com\/wobronietradycjiiwiary.com\/wp-content\/uploads\/2020\/04\/a66b8eb860630f3502c97fb29fc5de6e.jpg?resize=700%2C400&ssl=1 2x"},"classes":[]}],"amp_enabled":true,"jetpack_featured_media_url":"https:\/\/wobronietradycjiiwiary.com\/wp-content\/uploads\/2020\/04\/a66b8eb860630f3502c97fb29fc5de6e.jpg","_links":{"self":[{"href":"https:\/\/wobronietradycjiiwiary.com\/pl\/wp-json\/wp\/v2\/posts\/5259","targetHints":{"allow":["GET"]}}],"collection":[{"href":"https:\/\/wobronietradycjiiwiary.com\/pl\/wp-json\/wp\/v2\/posts"}],"about":[{"href":"https:\/\/wobronietradycjiiwiary.com\/pl\/wp-json\/wp\/v2\/types\/post"}],"author":[{"embeddable":true,"href":"https:\/\/wobronietradycjiiwiary.com\/pl\/wp-json\/wp\/v2\/users\/60508433"}],"replies":[{"embeddable":true,"href":"https:\/\/wobronietradycjiiwiary.com\/pl\/wp-json\/wp\/v2\/comments?post=5259"}],"version-history":[{"count":1,"href":"https:\/\/wobronietradycjiiwiary.com\/pl\/wp-json\/wp\/v2\/posts\/5259\/revisions"}],"predecessor-version":[{"id":157983,"href":"https:\/\/wobronietradycjiiwiary.com\/pl\/wp-json\/wp\/v2\/posts\/5259\/revisions\/157983"}],"wp:featuredmedia":[{"embeddable":true,"href":"https:\/\/wobronietradycjiiwiary.com\/pl\/wp-json\/wp\/v2\/media\/27891"}],"wp:attachment":[{"href":"https:\/\/wobronietradycjiiwiary.com\/pl\/wp-json\/wp\/v2\/media?parent=5259"}],"wp:term":[{"taxonomy":"category","embeddable":true,"href":"https:\/\/wobronietradycjiiwiary.com\/pl\/wp-json\/wp\/v2\/categories?post=5259"},{"taxonomy":"post_tag","embeddable":true,"href":"https:\/\/wobronietradycjiiwiary.com\/pl\/wp-json\/wp\/v2\/tags?post=5259"}],"curies":[{"name":"wp","href":"https:\/\/api.w.org\/{rel}","templated":true}]}}