{"id":51957,"date":"2021-08-29T08:15:00","date_gmt":"2021-08-29T06:15:00","guid":{"rendered":"https:\/\/wobronietradycjiiwiary.com\/?p=51957"},"modified":"2025-02-10T11:16:13","modified_gmt":"2025-02-10T10:16:13","slug":"29-go-sierpnia-zywot-swietej-sabiny-i-serafii-meczenniczek","status":"publish","type":"post","link":"https:\/\/wobronietradycjiiwiary.com\/pl\/29-go-sierpnia-zywot-swietej-sabiny-i-serafii-meczenniczek\/","title":{"rendered":"29-go Sierpnia. \u017bywot \u015bwi\u0119tej Sabiny i Serafii, M\u0119czenniczek."},"content":{"rendered":"<div id=\"bsf_rt_marker\"><\/div>\n<p class=\"has-text-align-center wp-block-paragraph\">(\u017by\u0142y oko\u0142o roku Pa\u0144skiego 120).<\/p>\n\n\n\n<figure class=\"wp-block-image\"><a href=\"https:\/\/pl.wikisource.org\/wiki\/Plik:%C5%BBywoty_%C5%9Bw._Pa%C5%84skich_na_wszystkie_dnie_roku-Inicja%C5%82-S.png\"><img decoding=\"async\" src=\"https:\/\/upload.wikimedia.org\/wikipedia\/commons\/thumb\/a\/a3\/%C5%BBywoty_%C5%9Bw._Pa%C5%84skich_na_wszystkie_dnie_roku-Inicja%C5%82-S.png\/55px-%C5%BBywoty_%C5%9Bw._Pa%C5%84skich_na_wszystkie_dnie_roku-Inicja%C5%82-S.png\" alt=\"S\"\/><\/a><\/figure>\n\n\n\n<p class=\"has-text-align-justify wp-block-paragraph\">Sabina pochodzi\u0142a ze znakomitej rodziny rzymskiej i otrzyma\u0142a wychowanie staranne, ale poga\u0144skie. Posz\u0142a za pu\u0142kownika rzymskiego Walentyna i wiod\u0142a \u017cywot, jak wszystkie wielkie damy, tj. lubi\u0142a stroje, zbytkowne uczty, trawi\u0142a ca\u0142e godziny przy toalecie, w teatrze, albo dokucza\u0142a swym s\u0142u\u017cebnicom.<\/p>\n\n\n\n<p class=\"has-text-align-justify wp-block-paragraph\">Gdy m\u0105\u017c jej poleg\u0142 w bitwie przeciw Dakom, porzuci\u0142a zgie\u0142kliwe miasto i zamieszka\u0142a w zaciszu wiejskiem w Umbryi. Otrzymawszy od Stw\u00f3rcy szlachetne serce, a od rodzic\u00f3w staranne wykszta\u0142cenie, umia\u0142a si\u0119 nale\u017cycie ceni\u0107 i ustrzedz od zepsucia, rozpowszechnionego pod\u00f3wczas pomi\u0119dzy wy\u017cszemi warstwami spo\u0142ecze\u0144stwa rzymskiego.<\/p>\n\n\n\n<p class=\"has-text-align-justify wp-block-paragraph\">Pomi\u0119dzy jej niewolnicami by\u0142a tedy Serafia, chrze\u015bcijanka, pochodz\u0105ca z Antyochii, miasta syryjskiego. By\u0142a ona prawdziwym wzorem przyzwoito\u015bci i skromno\u015bci, m\u00f3wi\u0142a ma\u0142o, ale zawsze odzywa\u0142a si\u0119 grzecznie i uprzejmie, nigdy nie schlebiaj\u0105c swej pani, a je\u015bli Sabina od niej wymaga\u0142a czego\u015b, co si\u0119 sprzeciwia\u0142o zasadom chrze\u015bcija\u0144skim, t\u0142\u00f3maczy\u0142a si\u0119 z niepos\u0142usze\u0144stwa z przynale\u017cnem uszanowaniem. Nie zna\u0142a obawy przed kar\u0105, kt\u00f3ra nieraz by\u0142a wielce dotkliw\u0105, a znosi\u0142a j\u0105 tak cierpliwie, \u017ce nigdy ob\u0142ok niech\u0119ci i gniewu nie zas\u0119pi\u0142 jej \u0142agodnego oblicza. Wszelkie polecenia wykonywa\u0142a sumiennie i ochotnie, a najni\u017csze nawet pos\u0142ugi pe\u0142ni\u0142a z osobliwsz\u0105 ch\u0119ci\u0105 i rado\u015bci\u0105.<\/p>\n\n\n\n<p class=\"has-text-align-justify wp-block-paragraph\">Sabina lubi\u0142a uwa\u017ca\u0107 na r\u00f3\u017cne temperamenta i charaktery swej czeladki s\u0142u\u017cebnej, nadewszystko i szczeg\u00f3lnie zaj\u0119\u0142a si\u0119 Serafi\u0105, widz\u0105c pewnego razu, jak to dziewcz\u0119 na kl\u0119czkach opatrywa\u0142o, czy\u015bci\u0142o i ca\u0142owa\u0142o ran\u0119 \u017cebraka, ropi\u0105c\u0105 si\u0119 na jego nodze. Skoro Serafia j\u0105 opatrzy\u0142a, obdarzy\u0142a n\u0119dzarza kawa\u0142kiem chleba, kt\u00f3ry posk\u0105pi\u0142a w\u0142asnym ustom.<\/p>\n\n\n\n<p class=\"has-text-align-justify wp-block-paragraph\">Sabina nie spuszcza\u0142a z oka Serafii i z daleka zauwa\u017cy\u0142a, \u017ce jej s\u0142u\u017cebnica rozdaje ja\u0142mu\u017cn\u0119 a pomi\u0119dzy biedne dziewcz\u0119ta suknie, kt\u00f3re otrzyma\u0142a od swej pani, \u017ce w swojej kom\u00f3rce trawi ca\u0142e godziny na g\u0142o\u015bnej lub cichej przed krzy\u017cem modlitwie. Lecz ani jej na my\u015bl nie przysz\u0142o, \u017ce jej niewolnica prosi Boga o nawr\u00f3cenie swej pani. Nareszcie kaza\u0142a si\u0119 stawi\u0107 przed sob\u0105 Serafii i zapyta\u0142a j\u0105 o powody tego post\u0119powania. Zagadni\u0119ta znienacka Serafia wyzna\u0142a, \u017ce to czyni z obowi\u0105zku i wdzi\u0119czno\u015bci ku \u015bwi\u0119tej Religii, m\u00f3wi\u0142a jej o dobroci i majestacie Boga, o przeznaczeniu cz\u0142owieka do szcz\u0119\u015bcia wiekuistego, o szpetno\u015bci grzechu, o mi\u0142osierdziu Jezusowem, nareszcie nie mog\u0105c pohamowa\u0107 wzruszenia wewn\u0119trznego, pad\u0142a do n\u00f3g Sabiny i rzek\u0142a: \u201ePot\u0119\u017cna w\u0142adczyni, jestem tylko prost\u0105, nieokrzesan\u0105 niewolnic\u0105 i nie umiem ci opisa\u0107 wznios\u0142o\u015bci i s\u0142odyczy naszej Wiary \u015bwi\u0119tej, wyr\u0119cz\u0105 mnie jednak w tym wzgl\u0119dzie nasi kap\u0142ani, byleby\u015b ich pos\u0142ucha\u0107 zechcia\u0142a.\u201c<\/p>\n\n\n\n<p class=\"has-text-align-justify wp-block-paragraph\">S\u0142owa te wprawi\u0142y Sabin\u0119 w wielkie zdumienie, ale wkr\u00f3tce kaza\u0142a Serafii odej\u015b\u0107, uwa\u017caj\u0105c nieprzyzwoito\u015b\u0107 w tem, i\u017c d\u0142u\u017cej rozmawia z niewolnic\u0105. S\u0142owa Serafii wyry\u0142y si\u0119 jednak niezatartemi g\u0142oskami w jej pami\u0119ci i niezad\u0142ugo za\u017c\u0105da\u0142a od niej, aby jej przywiod\u0142a nauczyciela. Uradowana Serafia pod\u0105\u017cy\u0142a nocn\u0105 por\u0105 do Rzymu i opowiedzia\u0142a kap\u0142anowi Aleksandrowi, jakie otrzyma\u0142a od swej pani polecenie. Aleksander rozpocz\u0105\u0142 nast\u0119pnej nocy obznajmia\u0107 Sabin\u0119\u00a0z prawdami chrze\u015bcija\u0144skiemi. Nauka trwa\u0142a kilka miesi\u0119cy, wreszcie nadszed\u0142 czas, w kt\u00f3rym Sabina przyj\u0119\u0142a chrzest i pierwsz\u0105 Komuni\u0119 \u015bwi\u0119t\u0105. Przepe\u0142niona rado\u015bci\u0105 i wdzi\u0119czno\u015bci\u0105 ku Bogu, u\u015bciska\u0142a i uca\u0142owa\u0142a nowa chrze\u015bcijanka sw\u0105 niewolnic\u0119, m\u00f3wi\u0105c: \u201eKochana siostro, odt\u0105d ci\u0119 inaczej nie b\u0119d\u0119 nazywa\u0107, jak tylko siostr\u0105 swoj\u0105.\u201c Nast\u0119pnie obdarzy\u0142a Sabina wszystkie s\u0142ugi wolno\u015bci\u0105, przyodziewa\u0142a si\u0119 skromnie i wraz ze Serafi\u0105 ucz\u0119szcza\u0142a na nabo\u017ce\u0144stwo do katakomb rzymskich.<\/p>\n\n\n\n<p class=\"has-text-align-justify wp-block-paragraph\">\u2009Pewien filozof ubiegaj\u0105cy si\u0119 o r\u0119k\u0119 pi\u0119knej i bogatej Sabiny, nie ma\u0142o si\u0119 zdziwi\u0142, gdy go naraz zacz\u0119to ozi\u0119ble i oboj\u0119tnie przyjmowa\u0107. Bystre jego oko wkr\u00f3tce dostrzeg\u0142o, \u017ce Serafia nam\u00f3wi\u0142a sw\u0105 pani\u0105 do przyj\u0119cia wiary Chrystusowej, uwa\u017ca\u0142 wi\u0119c za swoj\u0105 powinno\u015b\u0107 donie\u015b\u0107 o tem prefektowi miasta Beryllusowi. Gdy Beryllus kaza\u0142 Serafi\u0119 uwi\u0119zi\u0107 i stawi\u0107 si\u0119 przed sob\u0105, przysz\u0142a z ni\u0105 r\u00f3wnie\u017c Sabina, i o\u015bwiadczy\u0142a, \u017ce i ona jest chrze\u015bcijank\u0105. Beryllus uda\u0142, \u017ce nie dos\u0142ysza\u0142 jej s\u0142\u00f3w i kaza\u0142 jej odej\u015b\u0107. Potem nakaza\u0142 gro\u017anie Serafii, aby z\u0142o\u017cy\u0142a bogom ofiar\u0119 i pos\u0142uszn\u0105 by\u0142a prawom krajowym.<br><\/p>\n\n\n\n<p class=\"wp-block-paragraph\">\u2009Serafia: \u201eNie uczyni\u0119 tego, gdy\u017c jestem chrze\u015bcijank\u0105.\u201c<br>\u2009Beryllus: \u201eCzy\u017c wy chrze\u015bcijanie nie oddajecie czci Bogu ofiar\u0105?\u201c<br>\u2009Serafia: \u201eI owszem, czynimy Bogu codzie\u0144 ofiary z mod\u0142\u00f3w, czysto\u015bci i nieskalano\u015bci \u017cycia, prac i cierpie\u0144 swoich.\u201c<br>\u2009Beryllus: \u201eGdzie macie \u015bwi\u0105tynie wasze?\u201c<br>\u2009Serafia: \u201eCia\u0142a nasze s\u0105 przybytkiem Bo\u017cym.\u201c<br>\u2009Beryllus: \u201eJe\u015bli przeto kazicie cia\u0142o, nie jeste\u015bcie ju\u017c przybytkiem Boga.\u201c<br>\u2009Serafia: \u201eB\u00f3g w gniewie pot\u0119pia tego, co kazi Jego \u015bwi\u0105tyni\u0119.\u201c<br>\u2009Serafi\u0119 wtr\u0105cono do wi\u0119zienia i oddano na pastw\u0119 dwom rozpustnym m\u0142odzikom, ale Anio\u0142 obroni\u0142 j\u0105 i ukara\u0142 m\u0142odzie\u0144c\u00f3w odebraniem im wzroku i parali\u017cem na nogi.<\/p>\n\n\n\n<p class=\"has-text-align-justify wp-block-paragraph\">Skoro nazajutrz doniesiono prefektowi o tem, co si\u0119 sta\u0142o, kaza\u0142 Beryllus dziewicy stan\u0105\u0107 przed sob\u0105 i zapyta\u0142 j\u0105, jakiemi czarami ubezw\u0142adni\u0142a m\u0142okos\u00f3w. \u201eNam chrze\u015bcijanom \u2014 odpar\u0142a Serafia \u2014 nie wolno trudni\u0107 si\u0119 czarami, ale Pan Jezus pomaga tym, kt\u00f3rzy Go wo\u0142aj\u0105.\u201c Kaza\u0142 tedy prefekt przyprowadzi\u0107 m\u0142odzie\u0144c\u00f3w, a Serafia wznios\u0142szy d\u0142onie ku Niebu, odm\u00f3wi\u0142a kr\u00f3tk\u0105 modlitw\u0119, dotkn\u0119\u0142a r\u0119k\u0105 jednego i drugiego m\u0142odzie\u0144ca i rzek\u0142a: \u201eW Imi\u0119 Pana naszego, Jezusa Chrystusa, wsta\u0144cie.\u201c I natychmiast uczuli si\u0119 zdrowymi i powstali na nogi. Po drugi raz wezwa\u0142 Beryllus Serafi\u0119, aby uczci\u0142a bog\u00f3w, ale nadaremnie. Rozj\u0105trzony odmown\u0105 odpowiedzi\u0105, kaza\u0142 \u201eczarownic\u0119\u201c smaga\u0107, m\u0119czy\u0107, rozpalonemi obc\u0119gami szczypa\u0107 i nareszcie zat\u0142uc kijami. Sabina wykupi\u0142a zw\u0142oki, zabalsamowa\u0142a je, pochowa\u0142a w grobie rodzinnym i gor\u0105co prosi\u0142a Boga, aby j\u0105 z siostr\u0105 po\u0142\u0105czy\u0142, rozdzielaj\u0105c r\u00f3wnocze\u015bnie hojne ja\u0142mu\u017cny mi\u0119dzy ub\u00f3stwo.<\/p>\n\n\n\n<p class=\"has-text-align-justify wp-block-paragraph\">Nast\u0119pca Berylla by\u0142 Elpidyusz; ten\u017ce pokwapi\u0142 si\u0119 z uwi\u0119zieniem Sabiny i\u00a0konfiskat\u0105 jej d\u00f3br. Nie chcia\u0142a i ona uczci\u0107 bo\u017cyszcz krajowych i rzek\u0142a: \u201eChrze\u015bcijank\u0105 jestem, przeto nigdy nie oddam czci szatanom. Czy\u0144 ze mn\u0105, co ci si\u0119 podoba; rozporz\u0105dzi\u0142am sprawami doczesnemi, maj\u0105tek m\u00f3j jest w r\u0119ku ub\u00f3stwa, wi\u0119c gotowam na \u015bmier\u0107.\u201c S\u0119dzia og\u0142osi\u0142 teraz wyrok \u015bmierci, a Sabina ukl\u0119k\u0142a, zm\u00f3wi\u0142a kr\u00f3tk\u0105 modlitewk\u0119, zdj\u0119\u0142a z g\u0142owy zas\u0142on\u0119 i leg\u0142a pod mieczem katowskim dnia 29 sierpnia roku Pa\u0144skiego 120. Chrze\u015bcijanie pochowali j\u0105 obok Serafii.<\/p>\n\n\n\n<h2 class=\"wp-block-heading\"><strong>Nauka moralna.<\/strong><\/h2>\n\n\n\n<p class=\"has-text-align-justify wp-block-paragraph\">\u2009Na czem polega prawdziwe szcz\u0119\u015bcie? Ka\u017cdy cz\u0142owiek na tym \u015bwiecie pragnie szcz\u0119\u015bcia, ale serce jego nie dozna spokojno\u015bci ani miru, p\u00f3ki nie dojdzie do szcz\u0119\u015bcia rzeczywistego, tj. takiego, kt\u00f3re jest sta\u0142em i kt\u00f3rego utraci\u0107 nie podobna.<\/p>\n\n\n\n<p class=\"has-text-align-justify wp-block-paragraph\">Serafia jest niewolnic\u0105 nizkiego pochodzenia, zale\u017cn\u0105 i biedn\u0105, a jednak szcz\u0119\u015bliw\u0105 i zadowolon\u0105, gdy\u017c mi\u0142uje ca\u0142em sercem Pana Jezusa, kt\u00f3ry by\u0142 Synem biednego rzemie\u015blnika i \u017cy\u0142 tylko z ja\u0142mu\u017cny. Niczego nie pragn\u0119\u0142a, jak tylko sta\u0107 Mu si\u0119 podobn\u0105 w tem \u017cyciu. Wiele na tym \u015bwiecie wycierpia\u0142a, ale cieszy\u0142a si\u0119 niewymownie, \u017ce ju\u017c tu mo\u017ce sp\u0142aci\u0107 Jezusowi cz\u0119\u015b\u0107 d\u0142ugu wdzi\u0119czno\u015bci, sta\u0107 si\u0119 godn\u0105 chwa\u0142y wiecznej. Serafia przeto by\u0142a, jest i b\u0119dzie szcz\u0119\u015bliw\u0105, gdy\u017c szcz\u0119\u015bcie jej stanowi\u0142o zupe\u0142ne posiadanie mi\u0142o\u015bci Chrystusa.<\/p>\n\n\n\n<p class=\"has-text-align-justify wp-block-paragraph\">Sabina by\u0142a pogank\u0105 i szlachciank\u0105, nic jej wi\u0119c nie brak\u0142o do szcz\u0119\u015bcia wed\u0142ug rozumienia tego \u015bwiata, ale i szlachta nie jest woln\u0105 od \u015bmierci, a ba\u0142wany nie darz\u0105 pociech\u0105 nie\u015bmiertelno\u015bci. M\u0105\u017c jej by\u0142 dzielnym i znakomitym wojownikiem, poleg\u0142 wszak\u017ce w bitwie przeciw Dakom, st\u0105d rado\u015b\u0107 jej zamieni\u0142a si\u0119 na smutek, a wdowie\u0144stwo nauczy\u0142o j\u0105 unika\u0107 \u015bwiata i szuka\u0107 samotno\u015bci. Prawdziwe jej szcz\u0119\u015bcie wtedy dopiero si\u0119 rozpocz\u0119\u0142o, gdy pozna\u0142a Boga, przyj\u0119\u0142a Chrzest \u015bwi\u0119ty i Cia\u0142o Pa\u0144skie.<\/p>\n\n\n\n<p class=\"has-text-align-justify wp-block-paragraph\">Powy\u017csze s\u0142owa dowodz\u0105, i\u017c szcz\u0119\u015bcie w tem i przysz\u0142em \u017cyciu polega jedynie na mi\u0142owaniu Chrystusa.<\/p>\n\n\n\n<h2 class=\"wp-block-heading\"><br><strong>Modlitwa.<\/strong><\/h2>\n\n\n\n<blockquote class=\"wp-block-quote is-layout-flow wp-block-quote-is-layout-flow\"><p>\u2009Panie Jezu Chryste, kt\u00f3ry\u015b nie tylko sta\u0142 si\u0119 Cz\u0142owiekiem, aby ponie\u015b\u0107 \u015bmier\u0107 za nas, ale aby tem samem zostawi\u0107 nam przyk\u0142ad, jak mamy wst\u0119powa\u0107 w \u015blady Twoje; b\u0142agamy Ci\u0119, spraw mi\u0142o\u015bciwie, aby\u015bmy w stanie i po\u0142o\u017ceniu swem \u017cyli wed\u0142ug woli Twej \u015bwi\u0119tej i tym sposobem zach\u0119cili swych bli\u017anich do p\u00f3j\u015bcia za danym przez Ciebie przyk\u0142adem. Przez Pana naszego Jezusa Chrystusa, kt\u00f3ry z Bogiem Ojcem i Duchem \u015bwi\u0119tym \u017cyje i kr\u00f3luje w Niebie i na ziemi, po wszystkie wieki wiek\u00f3w. Amen.<\/p><\/blockquote>\n\n\n\n<figure class=\"wp-block-table\"><table><tbody><tr><td>\u2217&nbsp;&nbsp;&nbsp;&nbsp;&nbsp;&nbsp;&nbsp;&nbsp;&nbsp;&nbsp;&nbsp;&nbsp;&nbsp;&nbsp;&nbsp;&nbsp;&nbsp;&nbsp;&nbsp;&nbsp;\u2217<br>\u2217<\/td><\/tr><\/tbody><\/table><\/figure>\n\n\n\n<p class=\"wp-block-paragraph\">\u2009<em>Opr\u00f3cz tego obchodzi Ko\u015bci\u00f3\u0142 \u015bwi\u0119ty pami\u0105tk\u0119 nast\u0119puj\u0105cych \u015awi\u0119tych Pa\u0144skich, zamieszczonych w rzymskiem martyrologium:<\/em><\/p>\n\n\n\n<p class=\"has-text-align-justify wp-block-paragraph\">\u2009<strong>Dnia 29-go sierpnia<\/strong>&nbsp;\u015bci\u0119cie&nbsp;\u015bw.&nbsp;Jana Chrzciciela, kt\u00f3rego Herod straci\u0107 kaza\u0142 w czasie Wielkanocnym. Jednak\u017ce pami\u0105tk\u0119 tego obchodz\u0105 uroczy\u015bcie dnia dzisiejszego, poniewa\u017c w nim odnaleziono czcigodn\u0105 g\u0142ow\u0119 \u015awi\u0119tego po raz drugi. P\u00f3\u017aniej przeniesiono j\u0105 do Rzymu, gdzie w ko\u015bciele \u015bw. Sylwestra w Kapite przy polu Marsowem doznaje czci wielkiej. \u2014 W Rzymie przy Awentynie dzie\u0144 zgonu \u015bw.&nbsp;Sabiny, straconej mieczem za cesarza Hadryana, czem osi\u0119g\u0142a palm\u0119 m\u0119cze\u0144stwa. \u2014 R\u00f3wnie\u017c w Rzymie pami\u0105tka \u015bw.&nbsp;Kandydy, Dziewicy i M\u0119czenniczki, kt\u00f3rej cia\u0142o \u015bwi\u0119te Papie\u017c Paschalis przenie\u015b\u0107 kaza\u0142 do ko\u015bcio\u0142a \u015bw. Praksedy. \u2014 W Antyochii w Syryi dzie\u0144 zgonu \u015bw. M\u0119czennik\u00f3w&nbsp;Niceasa i Paw\u0142a. \u2014 W Konstantynopolu m\u0119cze\u0144stwo \u015bw.&nbsp;Hypacyusza, Biskupa i \u015bw.&nbsp;Andrzeja, Kap\u0142ana, uduszonych za Leona Izauryusza dla czci obraz\u00f3w \u015awi\u0119tych, gdy im poprzednio napojone smo\u0142\u0105 brody zapalono i zdarto sk\u00f3r\u0119 z g\u0142owy. \u2014 W Perugii uroczysto\u015b\u0107 \u015bw.&nbsp;Eutymiusza, kt\u00f3ry z ma\u0142\u017conk\u0105 i synem Krescencyuszem po wybuchu dyoklecya\u0144skiego prze\u015bladowania chrze\u015bcijan uciek\u0142 z Rzymu do wspomnianego miasta, gdzie te\u017c zasn\u0105\u0142 spokojnie w Panu. \u2014 W Mecu uroczysto\u015b\u0107 \u015bw.&nbsp;Adelfa, Biskupa i Wyznawcy. \u2014 W Pary\u017cu z\u0142o\u017cenie zw\u0142ok \u015bwi\u0119tego&nbsp;Mederyka, Kap\u0142ana. \u2014 W Anglii uroczysto\u015b\u0107 \u015bw.&nbsp;Sebbusa, Kr\u00f3la. \u2014 Pod Smyrn\u0105 dzie\u0144 zgonu \u015bwi\u0119tej&nbsp;Bazylii. \u2014 W obwodzie Troyes pami\u0105tka \u015bw.&nbsp;Sabiny, Dziewicy, powa\u017canej wielce dla cn\u00f3t i cud\u00f3w.<\/p>\n","protected":false},"excerpt":{"rendered":"<p>Niewolnica nawr\u00f3ci\u0142a pani\u0105 i obydwie ponios\u0142y m\u0119cze\u0144stwo. I czasami w\u0142a\u015bnie z tego powodu Pan B\u00f3g posy\u0142a nas do pewnych pracodawc\u00f3w.<\/p>\n","protected":false},"author":60508433,"featured_media":51961,"comment_status":"open","ping_status":"open","sticky":false,"template":"","format":"standard","meta":{"_bbp_topic_count":0,"_bbp_reply_count":0,"_bbp_total_topic_count":0,"_bbp_total_reply_count":0,"_bbp_voice_count":0,"_bbp_anonymous_reply_count":0,"_bbp_topic_count_hidden":0,"_bbp_reply_count_hidden":0,"_bbp_forum_subforum_count":0,"_editorskit_title_hidden":false,"_editorskit_reading_time":5,"_editorskit_is_block_options_detached":false,"_editorskit_block_options_position":"{}","_coblocks_attr":"","_coblocks_dimensions":"","_coblocks_responsive_height":"","_coblocks_accordion_ie_support":"","_exactmetrics_skip_tracking":false,"_jetpack_newsletter_access":"","_jetpack_dont_email_post_to_subs":false,"_jetpack_newsletter_tier_id":0,"_jetpack_memberships_contains_paywalled_content":false,"_wpcom_ai_launchpad_first_post":false,"_jetpack_feature_clip_id":0,"_jetpack_memberships_contains_paid_content":false,"footnotes":"","jetpack_publicize_message":"{title}\n\n{excerpt}\n\n{url}","jetpack_publicize_feature_enabled":true,"jetpack_social_post_already_shared":true,"jetpack_social_options":{"image_generator_settings":{"template":"highway","default_image_id":0,"font":"","enabled":false},"version":2},"_wpas_customize_per_network":false,"jetpack_post_was_ever_published":false},"categories":[610131823,336375535],"tags":[],"class_list":["post-51957","post","type-post","status-publish","format-standard","has-post-thumbnail","hentry","category-swieta-w-sierpniu","category-liturgia-i-liturgika"],"yoast_head":"<!-- This site is optimized with the Yoast SEO plugin v28.4 - https:\/\/yoast.com\/product\/yoast-seo-wordpress\/ -->\n<title>29-go Sierpnia. \u017bywot \u015bwi\u0119tej Sabiny i Serafii, M\u0119czenniczek. - Tradycja i Wiara<\/title>\n<meta name=\"robots\" content=\"index, follow, max-snippet:-1, max-image-preview:large, max-video-preview:-1\" \/>\n<link rel=\"canonical\" href=\"https:\/\/wobronietradycjiiwiary.com\/pl\/29-go-sierpnia-zywot-swietej-sabiny-i-serafii-meczenniczek\/\" \/>\n<meta property=\"og:locale\" content=\"pl_PL\" \/>\n<meta property=\"og:type\" content=\"article\" \/>\n<meta property=\"og:title\" content=\"29-go Sierpnia. \u017bywot \u015bwi\u0119tej Sabiny i Serafii, M\u0119czenniczek. - Tradycja i Wiara\" \/>\n<meta property=\"og:description\" content=\"Niewolnica nawr\u00f3ci\u0142a pani\u0105 i obydwie ponios\u0142y m\u0119cze\u0144stwo. I czasami w\u0142a\u015bnie z tego powodu Pan B\u00f3g posy\u0142a nas do pewnych pracodawc\u00f3w.\" \/>\n<meta property=\"og:url\" content=\"https:\/\/wobronietradycjiiwiary.com\/pl\/29-go-sierpnia-zywot-swietej-sabiny-i-serafii-meczenniczek\/\" \/>\n<meta property=\"og:site_name\" content=\"Tradycja i Wiara\" \/>\n<meta property=\"article:publisher\" content=\"https:\/\/www.facebook.com\/Tradycja-i-Wiara-108813920592249\" \/>\n<meta property=\"article:published_time\" content=\"2021-08-29T06:15:00+00:00\" \/>\n<meta property=\"article:modified_time\" content=\"2025-02-10T10:16:13+00:00\" \/>\n<meta property=\"og:image\" content=\"https:\/\/wobronietradycjiiwiary.com\/wp-content\/uploads\/2021\/08\/Sabina.jpg\" \/>\n\t<meta property=\"og:image:width\" content=\"300\" \/>\n\t<meta property=\"og:image:height\" content=\"448\" \/>\n\t<meta property=\"og:image:type\" content=\"image\/jpeg\" \/>\n<meta name=\"author\" content=\"Traditio et Fides\" \/>\n<meta name=\"twitter:card\" content=\"summary_large_image\" \/>\n<meta name=\"twitter:label1\" content=\"Napisane przez\" \/>\n\t<meta name=\"twitter:data1\" content=\"Traditio et Fides\" \/>\n\t<meta name=\"twitter:label2\" content=\"Szacowany czas czytania\" \/>\n\t<meta name=\"twitter:data2\" content=\"7 minut\" \/>\n<script type=\"application\/ld+json\" class=\"yoast-schema-graph\">{\"@context\":\"https:\\\/\\\/schema.org\",\"@graph\":[{\"@type\":\"Article\",\"@id\":\"https:\\\/\\\/wobronietradycjiiwiary.com\\\/29-go-sierpnia-zywot-swietej-sabiny-i-serafii-meczenniczek\\\/#article\",\"isPartOf\":{\"@id\":\"https:\\\/\\\/wobronietradycjiiwiary.com\\\/29-go-sierpnia-zywot-swietej-sabiny-i-serafii-meczenniczek\\\/\"},\"author\":{\"name\":\"Traditio et Fides\",\"@id\":\"https:\\\/\\\/wobronietradycjiiwiary.com\\\/pl\\\/#\\\/schema\\\/person\\\/2d6180ce6abcb681fef0daab7816e8f3\"},\"headline\":\"29-go Sierpnia. \u017bywot \u015bwi\u0119tej Sabiny i Serafii, M\u0119czenniczek.\",\"datePublished\":\"2021-08-29T06:15:00+00:00\",\"dateModified\":\"2025-02-10T10:16:13+00:00\",\"mainEntityOfPage\":{\"@id\":\"https:\\\/\\\/wobronietradycjiiwiary.com\\\/29-go-sierpnia-zywot-swietej-sabiny-i-serafii-meczenniczek\\\/\"},\"wordCount\":1874,\"commentCount\":0,\"publisher\":{\"@id\":\"https:\\\/\\\/wobronietradycjiiwiary.com\\\/pl\\\/#organization\"},\"image\":{\"@id\":\"https:\\\/\\\/wobronietradycjiiwiary.com\\\/29-go-sierpnia-zywot-swietej-sabiny-i-serafii-meczenniczek\\\/#primaryimage\"},\"thumbnailUrl\":\"https:\\\/\\\/wobronietradycjiiwiary.com\\\/wp-content\\\/uploads\\\/2021\\\/08\\\/Sabina.jpg\",\"articleSection\":[\"08. \u015awi\u0119ta w sierpniu\",\"Liturgia i liturgika\"],\"inLanguage\":\"pl-PL\",\"potentialAction\":[{\"@type\":\"CommentAction\",\"name\":\"Comment\",\"target\":[\"https:\\\/\\\/wobronietradycjiiwiary.com\\\/29-go-sierpnia-zywot-swietej-sabiny-i-serafii-meczenniczek\\\/#respond\"]}]},{\"@type\":\"WebPage\",\"@id\":\"https:\\\/\\\/wobronietradycjiiwiary.com\\\/29-go-sierpnia-zywot-swietej-sabiny-i-serafii-meczenniczek\\\/\",\"url\":\"https:\\\/\\\/wobronietradycjiiwiary.com\\\/29-go-sierpnia-zywot-swietej-sabiny-i-serafii-meczenniczek\\\/\",\"name\":\"29-go Sierpnia. \u017bywot \u015bwi\u0119tej Sabiny i Serafii, M\u0119czenniczek. - Tradycja i Wiara\",\"isPartOf\":{\"@id\":\"https:\\\/\\\/wobronietradycjiiwiary.com\\\/pl\\\/#website\"},\"primaryImageOfPage\":{\"@id\":\"https:\\\/\\\/wobronietradycjiiwiary.com\\\/29-go-sierpnia-zywot-swietej-sabiny-i-serafii-meczenniczek\\\/#primaryimage\"},\"image\":{\"@id\":\"https:\\\/\\\/wobronietradycjiiwiary.com\\\/29-go-sierpnia-zywot-swietej-sabiny-i-serafii-meczenniczek\\\/#primaryimage\"},\"thumbnailUrl\":\"https:\\\/\\\/wobronietradycjiiwiary.com\\\/wp-content\\\/uploads\\\/2021\\\/08\\\/Sabina.jpg\",\"datePublished\":\"2021-08-29T06:15:00+00:00\",\"dateModified\":\"2025-02-10T10:16:13+00:00\",\"breadcrumb\":{\"@id\":\"https:\\\/\\\/wobronietradycjiiwiary.com\\\/29-go-sierpnia-zywot-swietej-sabiny-i-serafii-meczenniczek\\\/#breadcrumb\"},\"inLanguage\":\"pl-PL\",\"potentialAction\":[{\"@type\":\"ReadAction\",\"target\":[\"https:\\\/\\\/wobronietradycjiiwiary.com\\\/29-go-sierpnia-zywot-swietej-sabiny-i-serafii-meczenniczek\\\/\"]}]},{\"@type\":\"ImageObject\",\"inLanguage\":\"pl-PL\",\"@id\":\"https:\\\/\\\/wobronietradycjiiwiary.com\\\/29-go-sierpnia-zywot-swietej-sabiny-i-serafii-meczenniczek\\\/#primaryimage\",\"url\":\"https:\\\/\\\/wobronietradycjiiwiary.com\\\/wp-content\\\/uploads\\\/2021\\\/08\\\/Sabina.jpg\",\"contentUrl\":\"https:\\\/\\\/wobronietradycjiiwiary.com\\\/wp-content\\\/uploads\\\/2021\\\/08\\\/Sabina.jpg\",\"width\":300,\"height\":448},{\"@type\":\"BreadcrumbList\",\"@id\":\"https:\\\/\\\/wobronietradycjiiwiary.com\\\/29-go-sierpnia-zywot-swietej-sabiny-i-serafii-meczenniczek\\\/#breadcrumb\",\"itemListElement\":[{\"@type\":\"ListItem\",\"position\":1,\"name\":\"Strona g\u0142\u00f3wna\",\"item\":\"https:\\\/\\\/wobronietradycjiiwiary.com\\\/\"},{\"@type\":\"ListItem\",\"position\":2,\"name\":\"29-go Sierpnia. \u017bywot \u015bwi\u0119tej Sabiny i Serafii, M\u0119czenniczek.\"}]},{\"@type\":\"WebSite\",\"@id\":\"https:\\\/\\\/wobronietradycjiiwiary.com\\\/pl\\\/#website\",\"url\":\"https:\\\/\\\/wobronietradycjiiwiary.com\\\/pl\\\/\",\"name\":\"Tradycja i Wiara\",\"description\":\"Portal dla katolik\u00f3w.\",\"publisher\":{\"@id\":\"https:\\\/\\\/wobronietradycjiiwiary.com\\\/pl\\\/#organization\"},\"potentialAction\":[{\"@type\":\"SearchAction\",\"target\":{\"@type\":\"EntryPoint\",\"urlTemplate\":\"https:\\\/\\\/wobronietradycjiiwiary.com\\\/pl\\\/?s={search_term_string}\"},\"query-input\":{\"@type\":\"PropertyValueSpecification\",\"valueRequired\":true,\"valueName\":\"search_term_string\"}}],\"inLanguage\":\"pl-PL\"},{\"@type\":\"Organization\",\"@id\":\"https:\\\/\\\/wobronietradycjiiwiary.com\\\/pl\\\/#organization\",\"name\":\"Tradycja i Wiara\",\"url\":\"https:\\\/\\\/wobronietradycjiiwiary.com\\\/pl\\\/\",\"logo\":{\"@type\":\"ImageObject\",\"inLanguage\":\"pl-PL\",\"@id\":\"https:\\\/\\\/wobronietradycjiiwiary.com\\\/pl\\\/#\\\/schema\\\/logo\\\/image\\\/\",\"url\":\"https:\\\/\\\/i0.wp.com\\\/wobronietradycjiiwiary.com\\\/wp-content\\\/uploads\\\/2015\\\/10\\\/cropped-st-peters-dome-vatican.jpg?fit=940%2C198&ssl=1\",\"contentUrl\":\"https:\\\/\\\/i0.wp.com\\\/wobronietradycjiiwiary.com\\\/wp-content\\\/uploads\\\/2015\\\/10\\\/cropped-st-peters-dome-vatican.jpg?fit=940%2C198&ssl=1\",\"width\":940,\"height\":198,\"caption\":\"Tradycja i Wiara\"},\"image\":{\"@id\":\"https:\\\/\\\/wobronietradycjiiwiary.com\\\/pl\\\/#\\\/schema\\\/logo\\\/image\\\/\"},\"sameAs\":[\"https:\\\/\\\/www.facebook.com\\\/Tradycja-i-Wiara-108813920592249\"]},{\"@type\":\"Person\",\"@id\":\"https:\\\/\\\/wobronietradycjiiwiary.com\\\/pl\\\/#\\\/schema\\\/person\\\/2d6180ce6abcb681fef0daab7816e8f3\",\"name\":\"Traditio et Fides\",\"sameAs\":[\"https:\\\/\\\/traditionundglauben.com\"],\"url\":\"https:\\\/\\\/wobronietradycjiiwiary.com\\\/pl\\\/author\\\/wobronietradycjiiwiary\\\/\"}]}<\/script>\n<!-- \/ Yoast SEO plugin. -->","yoast_head_json":{"title":"29-go Sierpnia. \u017bywot \u015bwi\u0119tej Sabiny i Serafii, M\u0119czenniczek. - Tradycja i Wiara","robots":{"index":"index","follow":"follow","max-snippet":"max-snippet:-1","max-image-preview":"max-image-preview:large","max-video-preview":"max-video-preview:-1"},"canonical":"https:\/\/wobronietradycjiiwiary.com\/pl\/29-go-sierpnia-zywot-swietej-sabiny-i-serafii-meczenniczek\/","og_locale":"pl_PL","og_type":"article","og_title":"29-go Sierpnia. \u017bywot \u015bwi\u0119tej Sabiny i Serafii, M\u0119czenniczek. - Tradycja i Wiara","og_description":"Niewolnica nawr\u00f3ci\u0142a pani\u0105 i obydwie ponios\u0142y m\u0119cze\u0144stwo. I czasami w\u0142a\u015bnie z tego powodu Pan B\u00f3g posy\u0142a nas do pewnych pracodawc\u00f3w.","og_url":"https:\/\/wobronietradycjiiwiary.com\/pl\/29-go-sierpnia-zywot-swietej-sabiny-i-serafii-meczenniczek\/","og_site_name":"Tradycja i Wiara","article_publisher":"https:\/\/www.facebook.com\/Tradycja-i-Wiara-108813920592249","article_published_time":"2021-08-29T06:15:00+00:00","article_modified_time":"2025-02-10T10:16:13+00:00","og_image":[{"width":300,"height":448,"url":"https:\/\/wobronietradycjiiwiary.com\/wp-content\/uploads\/2021\/08\/Sabina.jpg","type":"image\/jpeg"}],"author":"Traditio et Fides","twitter_card":"summary_large_image","twitter_misc":{"Napisane przez":"Traditio et Fides","Szacowany czas czytania":"7 minut"},"schema":{"@context":"https:\/\/schema.org","@graph":[{"@type":"Article","@id":"https:\/\/wobronietradycjiiwiary.com\/29-go-sierpnia-zywot-swietej-sabiny-i-serafii-meczenniczek\/#article","isPartOf":{"@id":"https:\/\/wobronietradycjiiwiary.com\/29-go-sierpnia-zywot-swietej-sabiny-i-serafii-meczenniczek\/"},"author":{"name":"Traditio et Fides","@id":"https:\/\/wobronietradycjiiwiary.com\/pl\/#\/schema\/person\/2d6180ce6abcb681fef0daab7816e8f3"},"headline":"29-go Sierpnia. \u017bywot \u015bwi\u0119tej Sabiny i Serafii, M\u0119czenniczek.","datePublished":"2021-08-29T06:15:00+00:00","dateModified":"2025-02-10T10:16:13+00:00","mainEntityOfPage":{"@id":"https:\/\/wobronietradycjiiwiary.com\/29-go-sierpnia-zywot-swietej-sabiny-i-serafii-meczenniczek\/"},"wordCount":1874,"commentCount":0,"publisher":{"@id":"https:\/\/wobronietradycjiiwiary.com\/pl\/#organization"},"image":{"@id":"https:\/\/wobronietradycjiiwiary.com\/29-go-sierpnia-zywot-swietej-sabiny-i-serafii-meczenniczek\/#primaryimage"},"thumbnailUrl":"https:\/\/wobronietradycjiiwiary.com\/wp-content\/uploads\/2021\/08\/Sabina.jpg","articleSection":["08. \u015awi\u0119ta w sierpniu","Liturgia i liturgika"],"inLanguage":"pl-PL","potentialAction":[{"@type":"CommentAction","name":"Comment","target":["https:\/\/wobronietradycjiiwiary.com\/29-go-sierpnia-zywot-swietej-sabiny-i-serafii-meczenniczek\/#respond"]}]},{"@type":"WebPage","@id":"https:\/\/wobronietradycjiiwiary.com\/29-go-sierpnia-zywot-swietej-sabiny-i-serafii-meczenniczek\/","url":"https:\/\/wobronietradycjiiwiary.com\/29-go-sierpnia-zywot-swietej-sabiny-i-serafii-meczenniczek\/","name":"29-go Sierpnia. \u017bywot \u015bwi\u0119tej Sabiny i Serafii, M\u0119czenniczek. - Tradycja i Wiara","isPartOf":{"@id":"https:\/\/wobronietradycjiiwiary.com\/pl\/#website"},"primaryImageOfPage":{"@id":"https:\/\/wobronietradycjiiwiary.com\/29-go-sierpnia-zywot-swietej-sabiny-i-serafii-meczenniczek\/#primaryimage"},"image":{"@id":"https:\/\/wobronietradycjiiwiary.com\/29-go-sierpnia-zywot-swietej-sabiny-i-serafii-meczenniczek\/#primaryimage"},"thumbnailUrl":"https:\/\/wobronietradycjiiwiary.com\/wp-content\/uploads\/2021\/08\/Sabina.jpg","datePublished":"2021-08-29T06:15:00+00:00","dateModified":"2025-02-10T10:16:13+00:00","breadcrumb":{"@id":"https:\/\/wobronietradycjiiwiary.com\/29-go-sierpnia-zywot-swietej-sabiny-i-serafii-meczenniczek\/#breadcrumb"},"inLanguage":"pl-PL","potentialAction":[{"@type":"ReadAction","target":["https:\/\/wobronietradycjiiwiary.com\/29-go-sierpnia-zywot-swietej-sabiny-i-serafii-meczenniczek\/"]}]},{"@type":"ImageObject","inLanguage":"pl-PL","@id":"https:\/\/wobronietradycjiiwiary.com\/29-go-sierpnia-zywot-swietej-sabiny-i-serafii-meczenniczek\/#primaryimage","url":"https:\/\/wobronietradycjiiwiary.com\/wp-content\/uploads\/2021\/08\/Sabina.jpg","contentUrl":"https:\/\/wobronietradycjiiwiary.com\/wp-content\/uploads\/2021\/08\/Sabina.jpg","width":300,"height":448},{"@type":"BreadcrumbList","@id":"https:\/\/wobronietradycjiiwiary.com\/29-go-sierpnia-zywot-swietej-sabiny-i-serafii-meczenniczek\/#breadcrumb","itemListElement":[{"@type":"ListItem","position":1,"name":"Strona g\u0142\u00f3wna","item":"https:\/\/wobronietradycjiiwiary.com\/"},{"@type":"ListItem","position":2,"name":"29-go Sierpnia. \u017bywot \u015bwi\u0119tej Sabiny i Serafii, M\u0119czenniczek."}]},{"@type":"WebSite","@id":"https:\/\/wobronietradycjiiwiary.com\/pl\/#website","url":"https:\/\/wobronietradycjiiwiary.com\/pl\/","name":"Tradycja i Wiara","description":"Portal dla katolik\u00f3w.","publisher":{"@id":"https:\/\/wobronietradycjiiwiary.com\/pl\/#organization"},"potentialAction":[{"@type":"SearchAction","target":{"@type":"EntryPoint","urlTemplate":"https:\/\/wobronietradycjiiwiary.com\/pl\/?s={search_term_string}"},"query-input":{"@type":"PropertyValueSpecification","valueRequired":true,"valueName":"search_term_string"}}],"inLanguage":"pl-PL"},{"@type":"Organization","@id":"https:\/\/wobronietradycjiiwiary.com\/pl\/#organization","name":"Tradycja i Wiara","url":"https:\/\/wobronietradycjiiwiary.com\/pl\/","logo":{"@type":"ImageObject","inLanguage":"pl-PL","@id":"https:\/\/wobronietradycjiiwiary.com\/pl\/#\/schema\/logo\/image\/","url":"https:\/\/i0.wp.com\/wobronietradycjiiwiary.com\/wp-content\/uploads\/2015\/10\/cropped-st-peters-dome-vatican.jpg?fit=940%2C198&ssl=1","contentUrl":"https:\/\/i0.wp.com\/wobronietradycjiiwiary.com\/wp-content\/uploads\/2015\/10\/cropped-st-peters-dome-vatican.jpg?fit=940%2C198&ssl=1","width":940,"height":198,"caption":"Tradycja i Wiara"},"image":{"@id":"https:\/\/wobronietradycjiiwiary.com\/pl\/#\/schema\/logo\/image\/"},"sameAs":["https:\/\/www.facebook.com\/Tradycja-i-Wiara-108813920592249"]},{"@type":"Person","@id":"https:\/\/wobronietradycjiiwiary.com\/pl\/#\/schema\/person\/2d6180ce6abcb681fef0daab7816e8f3","name":"Traditio et Fides","sameAs":["https:\/\/traditionundglauben.com"],"url":"https:\/\/wobronietradycjiiwiary.com\/pl\/author\/wobronietradycjiiwiary\/"}]}},"jetpack_publicize_connections":[],"jetpack_sharing_enabled":true,"jetpack_likes_enabled":true,"jetpack_shortlink":"https:\/\/wp.me\/pc04Sd-dw1","jetpack-related-posts":[{"id":38452,"url":"https:\/\/wobronietradycjiiwiary.com\/pl\/26-go-pazdziernika-zywot-swietego-ewarysta-papieza-2\/","url_meta":{"origin":51957,"position":0},"title":"26-go Pa\u017adziernika. \u017bywot \u015bwi\u0119tego Ewarysta, Papie\u017ca.","author":"Traditio et Fides","date":"26 pa\u017adziernika 2021","format":false,"excerpt":"\u015bw. Ewaryst papie\u017c poni\u00f3s\u0142 m\u0119cze\u0144stwo, jak jego poprzednik i nast\u0119pca. Nie abdykowa\u0142, nie uciek\u0142, nie j\u0119cza\u0142. Dawno to by\u0142o.","rel":"","context":"W \u201e10. \u015awi\u0119ta w pa\u017adzierniku&quot;","block_context":{"text":"10. \u015awi\u0119ta w pa\u017adzierniku","link":"https:\/\/wobronietradycjiiwiary.com\/pl\/category\/duchowosc\/liturgia-i-liturgika\/rozwazania\/rok-liturgiczny\/swieta-w-pazdzierniku\/"},"img":{"alt_text":"","src":"https:\/\/i0.wp.com\/wobronietradycjiiwiary.com\/wp-content\/uploads\/2020\/10\/Ewaryst-bw.jpg?resize=350%2C200&ssl=1","width":350,"height":200},"classes":[]},{"id":38453,"url":"https:\/\/wobronietradycjiiwiary.com\/pl\/26-go-pazdziernika-zywot-swietego-ewarysta-papieza-3\/","url_meta":{"origin":51957,"position":1},"title":"26-go Pa\u017adziernika. \u017bywot \u015bwi\u0119tego Ewarysta, Papie\u017ca.","author":"Traditio et Fides","date":"26 pa\u017adziernika 2022","format":false,"excerpt":"\u015bw. Ewaryst papie\u017c poni\u00f3s\u0142 m\u0119cze\u0144stwo, jak jego poprzednik i nast\u0119pca. Nie abdykowa\u0142, nie uciek\u0142, nie j\u0119cza\u0142. Dawno to by\u0142o.","rel":"","context":"W \u201e10. \u015awi\u0119ta w pa\u017adzierniku&quot;","block_context":{"text":"10. \u015awi\u0119ta w pa\u017adzierniku","link":"https:\/\/wobronietradycjiiwiary.com\/pl\/category\/duchowosc\/liturgia-i-liturgika\/rozwazania\/rok-liturgiczny\/swieta-w-pazdzierniku\/"},"img":{"alt_text":"","src":"https:\/\/i0.wp.com\/wobronietradycjiiwiary.com\/wp-content\/uploads\/2020\/10\/Ewaryst-bw.jpg?resize=350%2C200&ssl=1","width":350,"height":200},"classes":[]},{"id":51982,"url":"https:\/\/wobronietradycjiiwiary.com\/pl\/26-go-pazdziernika-zywot-swietego-ewarysta-papieza-4\/","url_meta":{"origin":51957,"position":2},"title":"26-go Pa\u017adziernika. \u017bywot \u015bwi\u0119tego Ewarysta, Papie\u017ca.","author":"Traditio et Fides","date":"26 pa\u017adziernika 2024","format":false,"excerpt":"\u015bw. Ewaryst papie\u017c poni\u00f3s\u0142 m\u0119cze\u0144stwo, jak jego poprzednik i nast\u0119pca. Nie abdykowa\u0142, nie uciek\u0142, nie j\u0119cza\u0142. Dawno to by\u0142o.","rel":"","context":"W \u201e10. \u015awi\u0119ta w pa\u017adzierniku&quot;","block_context":{"text":"10. \u015awi\u0119ta w pa\u017adzierniku","link":"https:\/\/wobronietradycjiiwiary.com\/pl\/category\/duchowosc\/liturgia-i-liturgika\/rozwazania\/rok-liturgiczny\/swieta-w-pazdzierniku\/"},"img":{"alt_text":"","src":"https:\/\/i0.wp.com\/wobronietradycjiiwiary.com\/wp-content\/uploads\/2020\/10\/Ewaryst-bw.jpg?resize=350%2C200&ssl=1","width":350,"height":200},"classes":[]},{"id":19066,"url":"https:\/\/wobronietradycjiiwiary.com\/pl\/rozwazania-adwentowe-wstep-krotki-zywot-ksiedza-jakuba-wujka\/","url_meta":{"origin":51957,"position":3},"title":"Rozwa\u017cania Adwentowe &#8211; Wst\u0119p &#8211; Kr\u00f3tki \u017cywot ksi\u0119dza Jakuba Wujka","author":"Traditio et Fides","date":"12 grudnia 2018","format":false,"excerpt":"Ksi\u0105dz Jak\u00f3b Wujek jest postaci\u0105 jedn\u0105 z najpot\u0119\u017cniejszych i najgenialniejszych, jakie kiedykolwiek nar\u00f3d polski posiada\u0142. By\u0142 to olbrzym ducha i pracy, kt\u00f3rego Pan B\u00f3g wzbudzi\u0142 w czasach krytycznych dla Polski, by j\u0105 zas\u0142oni\u0142 od zalewaj\u0105cego kraj protestantyzmu. Chwila by\u0142a tem krytyczniejsza, \u017ce nar\u00f3d nie by\u0142 w stanie sam si\u0119 broni\u0107,\u2026","rel":"","context":"W \u201eAdwent&quot;","block_context":{"text":"Adwent","link":"https:\/\/wobronietradycjiiwiary.com\/pl\/category\/duchowosc\/liturgia-i-liturgika\/rozwazania\/rok-liturgiczny\/adwent\/"},"img":{"alt_text":"","src":"https:\/\/i0.wp.com\/wobronietradycjiiwiary.com\/wp-content\/uploads\/2018\/12\/770px-medieval_writing_desk.jpg?resize=350%2C200&ssl=1","width":350,"height":200,"srcset":"https:\/\/i0.wp.com\/wobronietradycjiiwiary.com\/wp-content\/uploads\/2018\/12\/770px-medieval_writing_desk.jpg?resize=350%2C200&ssl=1 1x, https:\/\/i0.wp.com\/wobronietradycjiiwiary.com\/wp-content\/uploads\/2018\/12\/770px-medieval_writing_desk.jpg?resize=525%2C300&ssl=1 1.5x, https:\/\/i0.wp.com\/wobronietradycjiiwiary.com\/wp-content\/uploads\/2018\/12\/770px-medieval_writing_desk.jpg?resize=700%2C400&ssl=1 2x"},"classes":[]},{"id":38443,"url":"https:\/\/wobronietradycjiiwiary.com\/pl\/26-go-pazdziernika-zywot-swietego-ewarysta-papieza\/","url_meta":{"origin":51957,"position":4},"title":"26-go Pa\u017adziernika. \u017bywot \u015bwi\u0119tego Ewarysta, Papie\u017ca.","author":"Traditio et Fides","date":"26 pa\u017adziernika 2020","format":false,"excerpt":"\u015bw. Ewaryst papie\u017c poni\u00f3s\u0142 m\u0119cze\u0144stwo, jak jego poprzednik i nast\u0119pca. Nie abdykowa\u0142, nie uciek\u0142, nie j\u0119cza\u0142. Dawno to by\u0142o.","rel":"","context":"W \u201e10. \u015awi\u0119ta w pa\u017adzierniku&quot;","block_context":{"text":"10. \u015awi\u0119ta w pa\u017adzierniku","link":"https:\/\/wobronietradycjiiwiary.com\/pl\/category\/duchowosc\/liturgia-i-liturgika\/rozwazania\/rok-liturgiczny\/swieta-w-pazdzierniku\/"},"img":{"alt_text":"","src":"https:\/\/i0.wp.com\/wobronietradycjiiwiary.com\/wp-content\/uploads\/2020\/10\/Ewaryst-bw.jpg?resize=350%2C200&ssl=1","width":350,"height":200},"classes":[]},{"id":104438,"url":"https:\/\/wobronietradycjiiwiary.com\/pl\/26-go-pazdziernika-zywot-swietego-ewarysta-papieza-3-2\/","url_meta":{"origin":51957,"position":5},"title":"26-go Pa\u017adziernika. \u017bywot \u015bwi\u0119tego Ewarysta, Papie\u017ca.","author":"Traditio et Fides","date":"26 pa\u017adziernika 2023","format":false,"excerpt":"\u015bw. Ewaryst papie\u017c poni\u00f3s\u0142 m\u0119cze\u0144stwo, jak jego poprzednik i nast\u0119pca. Nie abdykowa\u0142, nie uciek\u0142, nie j\u0119cza\u0142. Dawno to by\u0142o.","rel":"","context":"W \u201e10. \u015awi\u0119ta w pa\u017adzierniku&quot;","block_context":{"text":"10. \u015awi\u0119ta w pa\u017adzierniku","link":"https:\/\/wobronietradycjiiwiary.com\/pl\/category\/duchowosc\/liturgia-i-liturgika\/rozwazania\/rok-liturgiczny\/swieta-w-pazdzierniku\/"},"img":{"alt_text":"","src":"https:\/\/i0.wp.com\/wobronietradycjiiwiary.com\/wp-content\/uploads\/2020\/10\/Ewaryst-bw.jpg?resize=350%2C200&ssl=1","width":350,"height":200},"classes":[]}],"amp_enabled":true,"jetpack_featured_media_url":"https:\/\/wobronietradycjiiwiary.com\/wp-content\/uploads\/2021\/08\/Sabina.jpg","_links":{"self":[{"href":"https:\/\/wobronietradycjiiwiary.com\/pl\/wp-json\/wp\/v2\/posts\/51957","targetHints":{"allow":["GET"]}}],"collection":[{"href":"https:\/\/wobronietradycjiiwiary.com\/pl\/wp-json\/wp\/v2\/posts"}],"about":[{"href":"https:\/\/wobronietradycjiiwiary.com\/pl\/wp-json\/wp\/v2\/types\/post"}],"author":[{"embeddable":true,"href":"https:\/\/wobronietradycjiiwiary.com\/pl\/wp-json\/wp\/v2\/users\/60508433"}],"replies":[{"embeddable":true,"href":"https:\/\/wobronietradycjiiwiary.com\/pl\/wp-json\/wp\/v2\/comments?post=51957"}],"version-history":[{"count":1,"href":"https:\/\/wobronietradycjiiwiary.com\/pl\/wp-json\/wp\/v2\/posts\/51957\/revisions"}],"predecessor-version":[{"id":73617,"href":"https:\/\/wobronietradycjiiwiary.com\/pl\/wp-json\/wp\/v2\/posts\/51957\/revisions\/73617"}],"wp:featuredmedia":[{"embeddable":true,"href":"https:\/\/wobronietradycjiiwiary.com\/pl\/wp-json\/wp\/v2\/media\/51961"}],"wp:attachment":[{"href":"https:\/\/wobronietradycjiiwiary.com\/pl\/wp-json\/wp\/v2\/media?parent=51957"}],"wp:term":[{"taxonomy":"category","embeddable":true,"href":"https:\/\/wobronietradycjiiwiary.com\/pl\/wp-json\/wp\/v2\/categories?post=51957"},{"taxonomy":"post_tag","embeddable":true,"href":"https:\/\/wobronietradycjiiwiary.com\/pl\/wp-json\/wp\/v2\/tags?post=51957"}],"curies":[{"name":"wp","href":"https:\/\/api.w.org\/{rel}","templated":true}]}}