{"id":51122,"date":"2021-07-26T10:00:35","date_gmt":"2021-07-26T08:00:35","guid":{"rendered":"https:\/\/wobronietradycjiiwiary.com\/?p=51122"},"modified":"2025-02-07T15:47:03","modified_gmt":"2025-02-07T14:47:03","slug":"kard-bona-o-rozpoznawaniu-duchow-124-o-proroctwach-vi-prorok-moze-interpretowac-inaczej-niz-bog","status":"publish","type":"post","link":"https:\/\/wobronietradycjiiwiary.com\/pl\/kard-bona-o-rozpoznawaniu-duchow-124-o-proroctwach-vi-prorok-moze-interpretowac-inaczej-niz-bog\/","title":{"rendered":"Kard. Bona. \u201eO rozpoznawaniu duch\u00f3w\u201d (124). O proroctwach. (vi) Prorok mo\u017ce interpretowa\u0107 inaczej ni\u017c B\u00f3g"},"content":{"rendered":"<div id=\"bsf_rt_marker\"><\/div><p>Rzeczywi\u015bcie \u015bw. Bernard z Clairvaux by\u0142 w ci\u0119\u017ckiej sytuacji. Zach\u0119ci\u0142 do krucjaty, Pan B\u00f3g potwierdzi\u0142 ten zamiar cudami, a krucjata&hellip;<\/p>\n<div style=\"text-align: center\">\n<p>&nbsp;<\/p>\n<\/div>\n<h2 style=\"border: 5px solid #0000A0;padding: 1em;text-align: center\"><span style=\"color: #000000\">Pe\u0142en dost\u0119p dla <span style=\"color: #00ccff\"><a style=\"color: #00ccff\" href=\"https:\/\/wobronietradycjiiwiary.com\/subskrypcje-2\/\" target=\"_blank\" rel=\"noopener\">subskrybent\u00f3w<\/a><\/span>.<\/span><br \/>\n<span style=\"color: #3366ff\"><a style=\"color: #3366ff\" href=\"https:\/\/wobronietradycjiiwiary.com\/account\/login\/\" target=\"_blank\" rel=\"noopener\"><span style=\"color: #00ccff\">Zaloguj<\/span><\/a> <\/span>si\u0119 lub przejd\u017a do <a href=\"https:\/\/wobronietradycjiiwiary.com\/register\/\"><span style=\"color: #3366ff\">Rejestracji<\/span><\/a>.<\/h2>\n<div>\n<p style=\"text-align: center\"><a href=\"https:\/\/wobronietradycjiiwiary.com\/pl\/subskrypcje-2\/cennik\/\" target=\"_blank\" rel=\"noopener\"><span style=\"color: #000080;font-size: 24pt\"><strong>Nowe ni\u017csze ceny<\/strong><\/span><\/a><\/p>\n<p style=\"text-align: center\"><strong><span style=\"font-size: 18pt;color: #000080\">P\u0142atno\u015b\u0107 kart\u0105<\/span><\/strong><\/p>\n<\/div>\n<h3 style=\"text-align: center\"><a href=\"https:\/\/wobronietradycjiiwiary.com\/pl\/subskrypcje-2\/automatyczne\/indywidualne\/\" target=\"_blank\" rel=\"noopener\"><img fetchpriority=\"high\" decoding=\"async\" class=\"alignnone size-medium wp-image-80433\" src=\"https:\/\/wobronietradycjiiwiary.com\/wp-content\/uploads\/2022\/11\/Unbenannt-1-Online-1-300x202.jpg\" alt=\"\" width=\"300\" height=\"202\" srcset=\"https:\/\/wobronietradycjiiwiary.com\/wp-content\/uploads\/2022\/11\/Unbenannt-1-Online-1-300x202.jpg 300w, https:\/\/wobronietradycjiiwiary.com\/wp-content\/uploads\/2022\/11\/Unbenannt-1-Online-1-150x101.jpg 150w, https:\/\/wobronietradycjiiwiary.com\/wp-content\/uploads\/2022\/11\/Unbenannt-1-Online-1-18x12.jpg 18w, https:\/\/wobronietradycjiiwiary.com\/wp-content\/uploads\/2022\/11\/Unbenannt-1-Online-1.jpg 446w\" sizes=\"(max-width: 300px) 100vw, 300px\" \/><\/a><\/h3>\n<p style=\"text-align: center\"><strong><span style=\"font-size: 18pt;color: #000080\">P\u0142atno\u015b\u0107 przelewem<\/span><\/strong><\/p>\n<p><a href=\"https:\/\/wobronietradycjiiwiary.com\/pl\/subskrypcje-2\/automatyczne\/indywidualne\/\" target=\"_blank\" rel=\"noopener\"><img decoding=\"async\" class=\"size-medium wp-image-80434 aligncenter\" src=\"https:\/\/wobronietradycjiiwiary.com\/wp-content\/uploads\/2022\/11\/Unbenannt-1-Przelewem-300x137.jpg\" alt=\"\" width=\"300\" height=\"137\" srcset=\"https:\/\/wobronietradycjiiwiary.com\/wp-content\/uploads\/2022\/11\/Unbenannt-1-Przelewem-300x137.jpg 300w, https:\/\/wobronietradycjiiwiary.com\/wp-content\/uploads\/2022\/11\/Unbenannt-1-Przelewem-450x206.jpg 450w, https:\/\/wobronietradycjiiwiary.com\/wp-content\/uploads\/2022\/11\/Unbenannt-1-Przelewem-600x274.jpg 600w, https:\/\/wobronietradycjiiwiary.com\/wp-content\/uploads\/2022\/11\/Unbenannt-1-Przelewem-150x69.jpg 150w, https:\/\/wobronietradycjiiwiary.com\/wp-content\/uploads\/2022\/11\/Unbenannt-1-Przelewem-18x8.jpg 18w, https:\/\/wobronietradycjiiwiary.com\/wp-content\/uploads\/2022\/11\/Unbenannt-1-Przelewem.jpg 676w\" sizes=\"(max-width: 300px) 100vw, 300px\" \/><\/a><\/p>\n<p style=\"text-align: center\"><strong><span style=\"font-size: 18pt;color: #000080\">P\u0142atno\u015b\u0107 kart\u0105 do 6 os\u00f3b<\/span><\/strong><\/p>\n<p><a href=\"https:\/\/wobronietradycjiiwiary.com\/pl\/rodzinne\/\" target=\"_blank\" rel=\"noopener\"><img decoding=\"async\" class=\"size-medium wp-image-80435 aligncenter\" src=\"https:\/\/wobronietradycjiiwiary.com\/wp-content\/uploads\/2022\/11\/Unbenannt-1-Rodzinna-300x208.jpg\" alt=\"\" width=\"300\" height=\"208\" srcset=\"https:\/\/wobronietradycjiiwiary.com\/wp-content\/uploads\/2022\/11\/Unbenannt-1-Rodzinna-300x208.jpg 300w, https:\/\/wobronietradycjiiwiary.com\/wp-content\/uploads\/2022\/11\/Unbenannt-1-Rodzinna-150x104.jpg 150w, https:\/\/wobronietradycjiiwiary.com\/wp-content\/uploads\/2022\/11\/Unbenannt-1-Rodzinna-18x12.jpg 18w, https:\/\/wobronietradycjiiwiary.com\/wp-content\/uploads\/2022\/11\/Unbenannt-1-Rodzinna.jpg 448w\" sizes=\"(max-width: 300px) 100vw, 300px\" \/><\/a><\/p>\n<h3 style=\"text-align: center\"><\/h3>\n<h1 style=\"text-align: center\"><\/h1>\n","protected":false},"excerpt":{"rendered":"<p>\u015aw. Bernard z Clairvaux og\u0142osi\u0142 krucjat\u0119 z natchnienia Bo\u017cego, kt\u00f3ra mimo to ponios\u0142a kl\u0119sk\u0119. Kardyna\u0142 Bona obja\u015bnia, dlaczego si\u0119 tak sta\u0142o.<\/p>\n","protected":false},"author":60508433,"featured_media":26157,"comment_status":"open","ping_status":"open","sticky":false,"template":"","format":"standard","meta":{"_bbp_topic_count":0,"_bbp_reply_count":0,"_bbp_total_topic_count":0,"_bbp_total_reply_count":0,"_bbp_voice_count":0,"_bbp_anonymous_reply_count":0,"_bbp_topic_count_hidden":0,"_bbp_reply_count_hidden":0,"_bbp_forum_subforum_count":0,"_editorskit_title_hidden":false,"_editorskit_reading_time":1,"_editorskit_is_block_options_detached":false,"_editorskit_block_options_position":"{}","_coblocks_attr":"","_coblocks_dimensions":"","_coblocks_responsive_height":"","_coblocks_accordion_ie_support":"","_exactmetrics_skip_tracking":false,"_jetpack_newsletter_access":"","_jetpack_dont_email_post_to_subs":false,"_jetpack_newsletter_tier_id":0,"_jetpack_memberships_contains_paywalled_content":false,"_wpcom_ai_launchpad_first_post":false,"_jetpack_feature_clip_id":0,"_jetpack_memberships_contains_paid_content":false,"footnotes":"","jetpack_publicize_message":"{title}\n\n{excerpt}\n\n{url}","jetpack_publicize_feature_enabled":true,"jetpack_social_post_already_shared":true,"jetpack_social_options":{"image_generator_settings":{"template":"highway","default_image_id":0,"font":"","enabled":false},"version":2},"_wpas_customize_per_network":false,"jetpack_post_was_ever_published":false},"categories":[610133091,610131214,610131184,329678044],"tags":[610132133],"class_list":["post-51122","post","type-post","status-publish","format-standard","has-post-thumbnail","hentry","category-rozeznawanie-duchow","category-autorzy","category-duchowosc","category-kardynal-bona","tag-restricted"],"yoast_head":"<!-- This site is optimized with the Yoast SEO plugin v28.4 - https:\/\/yoast.com\/product\/yoast-seo-wordpress\/ -->\n<title>Kard. Bona. \u201eO rozpoznawaniu duch\u00f3w\u201d (124). O proroctwach. (vi) Prorok mo\u017ce interpretowa\u0107 inaczej ni\u017c B\u00f3g - Tradycja i Wiara<\/title>\n<meta name=\"robots\" content=\"index, follow, max-snippet:-1, max-image-preview:large, max-video-preview:-1\" \/>\n<link rel=\"canonical\" href=\"https:\/\/wobronietradycjiiwiary.com\/pl\/kard-bona-o-rozpoznawaniu-duchow-124-o-proroctwach-vi-prorok-moze-interpretowac-inaczej-niz-bog\/\" \/>\n<meta property=\"og:locale\" content=\"pl_PL\" \/>\n<meta property=\"og:type\" content=\"article\" \/>\n<meta property=\"og:title\" content=\"Kard. Bona. \u201eO rozpoznawaniu duch\u00f3w\u201d (124). O proroctwach. (vi) Prorok mo\u017ce interpretowa\u0107 inaczej ni\u017c B\u00f3g - Tradycja i Wiara\" \/>\n<meta property=\"og:description\" content=\"\u015aw. Bernard z Clairvaux og\u0142osi\u0142 krucjat\u0119 z natchnienia Bo\u017cego, kt\u00f3ra mimo to ponios\u0142a kl\u0119sk\u0119. Kardyna\u0142 Bona obja\u015bnia, dlaczego si\u0119 tak sta\u0142o.\" \/>\n<meta property=\"og:url\" content=\"https:\/\/wobronietradycjiiwiary.com\/pl\/kard-bona-o-rozpoznawaniu-duchow-124-o-proroctwach-vi-prorok-moze-interpretowac-inaczej-niz-bog\/\" \/>\n<meta property=\"og:site_name\" content=\"Tradycja i Wiara\" \/>\n<meta property=\"article:publisher\" content=\"https:\/\/www.facebook.com\/Tradycja-i-Wiara-108813920592249\" \/>\n<meta property=\"article:published_time\" content=\"2021-07-26T08:00:35+00:00\" \/>\n<meta property=\"article:modified_time\" content=\"2025-02-07T14:47:03+00:00\" \/>\n<meta property=\"og:image\" content=\"https:\/\/wobronietradycjiiwiary.com\/wp-content\/uploads\/2020\/01\/29183e5c6fd59bc5a33a573a12632224.jpg\" \/>\n\t<meta property=\"og:image:width\" content=\"1280\" \/>\n\t<meta property=\"og:image:height\" content=\"1490\" \/>\n\t<meta property=\"og:image:type\" content=\"image\/jpeg\" \/>\n<meta name=\"author\" content=\"Traditio et Fides\" \/>\n<meta name=\"twitter:card\" content=\"summary_large_image\" \/>\n<meta name=\"twitter:label1\" content=\"Napisane przez\" \/>\n\t<meta name=\"twitter:data1\" content=\"Traditio et Fides\" \/>\n\t<meta name=\"twitter:label2\" content=\"Szacowany czas czytania\" \/>\n\t<meta name=\"twitter:data2\" content=\"2 minuty\" \/>\n<script type=\"application\/ld+json\" class=\"yoast-schema-graph\">{\"@context\":\"https:\\\/\\\/schema.org\",\"@graph\":[{\"@type\":\"Article\",\"@id\":\"https:\\\/\\\/wobronietradycjiiwiary.com\\\/kard-bona-o-rozpoznawaniu-duchow-124-o-proroctwach-vi-prorok-moze-interpretowac-inaczej-niz-bog\\\/#article\",\"isPartOf\":{\"@id\":\"https:\\\/\\\/wobronietradycjiiwiary.com\\\/kard-bona-o-rozpoznawaniu-duchow-124-o-proroctwach-vi-prorok-moze-interpretowac-inaczej-niz-bog\\\/\"},\"author\":{\"name\":\"Traditio et Fides\",\"@id\":\"https:\\\/\\\/wobronietradycjiiwiary.com\\\/pl\\\/#\\\/schema\\\/person\\\/2d6180ce6abcb681fef0daab7816e8f3\"},\"headline\":\"Kard. Bona. \u201eO rozpoznawaniu duch\u00f3w\u201d (124). O proroctwach. (vi) Prorok mo\u017ce interpretowa\u0107 inaczej ni\u017c B\u00f3g\",\"datePublished\":\"2021-07-26T08:00:35+00:00\",\"dateModified\":\"2025-02-07T14:47:03+00:00\",\"mainEntityOfPage\":{\"@id\":\"https:\\\/\\\/wobronietradycjiiwiary.com\\\/kard-bona-o-rozpoznawaniu-duchow-124-o-proroctwach-vi-prorok-moze-interpretowac-inaczej-niz-bog\\\/\"},\"wordCount\":175,\"commentCount\":0,\"publisher\":{\"@id\":\"https:\\\/\\\/wobronietradycjiiwiary.com\\\/pl\\\/#organization\"},\"image\":{\"@id\":\"https:\\\/\\\/wobronietradycjiiwiary.com\\\/kard-bona-o-rozpoznawaniu-duchow-124-o-proroctwach-vi-prorok-moze-interpretowac-inaczej-niz-bog\\\/#primaryimage\"},\"thumbnailUrl\":\"https:\\\/\\\/wobronietradycjiiwiary.com\\\/wp-content\\\/uploads\\\/2020\\\/01\\\/29183e5c6fd59bc5a33a573a12632224.jpg\",\"keywords\":[\"Restricted\"],\"articleSection\":[\"\\\"Rozeznawanie duch\u00f3w\\\"\",\"Autorzy \u017cycia duchowego\",\"Duchowo\u015b\u0107\",\"Kardyna\u0142 Bona\"],\"inLanguage\":\"pl-PL\",\"potentialAction\":[{\"@type\":\"CommentAction\",\"name\":\"Comment\",\"target\":[\"https:\\\/\\\/wobronietradycjiiwiary.com\\\/kard-bona-o-rozpoznawaniu-duchow-124-o-proroctwach-vi-prorok-moze-interpretowac-inaczej-niz-bog\\\/#respond\"]}]},{\"@type\":\"WebPage\",\"@id\":\"https:\\\/\\\/wobronietradycjiiwiary.com\\\/kard-bona-o-rozpoznawaniu-duchow-124-o-proroctwach-vi-prorok-moze-interpretowac-inaczej-niz-bog\\\/\",\"url\":\"https:\\\/\\\/wobronietradycjiiwiary.com\\\/kard-bona-o-rozpoznawaniu-duchow-124-o-proroctwach-vi-prorok-moze-interpretowac-inaczej-niz-bog\\\/\",\"name\":\"Kard. Bona. \u201eO rozpoznawaniu duch\u00f3w\u201d (124). O proroctwach. (vi) Prorok mo\u017ce interpretowa\u0107 inaczej ni\u017c B\u00f3g - Tradycja i Wiara\",\"isPartOf\":{\"@id\":\"https:\\\/\\\/wobronietradycjiiwiary.com\\\/pl\\\/#website\"},\"primaryImageOfPage\":{\"@id\":\"https:\\\/\\\/wobronietradycjiiwiary.com\\\/kard-bona-o-rozpoznawaniu-duchow-124-o-proroctwach-vi-prorok-moze-interpretowac-inaczej-niz-bog\\\/#primaryimage\"},\"image\":{\"@id\":\"https:\\\/\\\/wobronietradycjiiwiary.com\\\/kard-bona-o-rozpoznawaniu-duchow-124-o-proroctwach-vi-prorok-moze-interpretowac-inaczej-niz-bog\\\/#primaryimage\"},\"thumbnailUrl\":\"https:\\\/\\\/wobronietradycjiiwiary.com\\\/wp-content\\\/uploads\\\/2020\\\/01\\\/29183e5c6fd59bc5a33a573a12632224.jpg\",\"datePublished\":\"2021-07-26T08:00:35+00:00\",\"dateModified\":\"2025-02-07T14:47:03+00:00\",\"breadcrumb\":{\"@id\":\"https:\\\/\\\/wobronietradycjiiwiary.com\\\/kard-bona-o-rozpoznawaniu-duchow-124-o-proroctwach-vi-prorok-moze-interpretowac-inaczej-niz-bog\\\/#breadcrumb\"},\"inLanguage\":\"pl-PL\",\"potentialAction\":[{\"@type\":\"ReadAction\",\"target\":[\"https:\\\/\\\/wobronietradycjiiwiary.com\\\/kard-bona-o-rozpoznawaniu-duchow-124-o-proroctwach-vi-prorok-moze-interpretowac-inaczej-niz-bog\\\/\"]}]},{\"@type\":\"ImageObject\",\"inLanguage\":\"pl-PL\",\"@id\":\"https:\\\/\\\/wobronietradycjiiwiary.com\\\/kard-bona-o-rozpoznawaniu-duchow-124-o-proroctwach-vi-prorok-moze-interpretowac-inaczej-niz-bog\\\/#primaryimage\",\"url\":\"https:\\\/\\\/wobronietradycjiiwiary.com\\\/wp-content\\\/uploads\\\/2020\\\/01\\\/29183e5c6fd59bc5a33a573a12632224.jpg\",\"contentUrl\":\"https:\\\/\\\/wobronietradycjiiwiary.com\\\/wp-content\\\/uploads\\\/2020\\\/01\\\/29183e5c6fd59bc5a33a573a12632224.jpg\",\"width\":1280,\"height\":1490},{\"@type\":\"BreadcrumbList\",\"@id\":\"https:\\\/\\\/wobronietradycjiiwiary.com\\\/kard-bona-o-rozpoznawaniu-duchow-124-o-proroctwach-vi-prorok-moze-interpretowac-inaczej-niz-bog\\\/#breadcrumb\",\"itemListElement\":[{\"@type\":\"ListItem\",\"position\":1,\"name\":\"Strona g\u0142\u00f3wna\",\"item\":\"https:\\\/\\\/wobronietradycjiiwiary.com\\\/\"},{\"@type\":\"ListItem\",\"position\":2,\"name\":\"Kard. Bona. \u201eO rozpoznawaniu duch\u00f3w\u201d (124). O proroctwach. (vi) Prorok mo\u017ce interpretowa\u0107 inaczej ni\u017c B\u00f3g\"}]},{\"@type\":\"WebSite\",\"@id\":\"https:\\\/\\\/wobronietradycjiiwiary.com\\\/pl\\\/#website\",\"url\":\"https:\\\/\\\/wobronietradycjiiwiary.com\\\/pl\\\/\",\"name\":\"Tradycja i Wiara\",\"description\":\"Portal dla katolik\u00f3w.\",\"publisher\":{\"@id\":\"https:\\\/\\\/wobronietradycjiiwiary.com\\\/pl\\\/#organization\"},\"potentialAction\":[{\"@type\":\"SearchAction\",\"target\":{\"@type\":\"EntryPoint\",\"urlTemplate\":\"https:\\\/\\\/wobronietradycjiiwiary.com\\\/pl\\\/?s={search_term_string}\"},\"query-input\":{\"@type\":\"PropertyValueSpecification\",\"valueRequired\":true,\"valueName\":\"search_term_string\"}}],\"inLanguage\":\"pl-PL\"},{\"@type\":\"Organization\",\"@id\":\"https:\\\/\\\/wobronietradycjiiwiary.com\\\/pl\\\/#organization\",\"name\":\"Tradycja i Wiara\",\"url\":\"https:\\\/\\\/wobronietradycjiiwiary.com\\\/pl\\\/\",\"logo\":{\"@type\":\"ImageObject\",\"inLanguage\":\"pl-PL\",\"@id\":\"https:\\\/\\\/wobronietradycjiiwiary.com\\\/pl\\\/#\\\/schema\\\/logo\\\/image\\\/\",\"url\":\"https:\\\/\\\/i0.wp.com\\\/wobronietradycjiiwiary.com\\\/wp-content\\\/uploads\\\/2015\\\/10\\\/cropped-st-peters-dome-vatican.jpg?fit=940%2C198&ssl=1\",\"contentUrl\":\"https:\\\/\\\/i0.wp.com\\\/wobronietradycjiiwiary.com\\\/wp-content\\\/uploads\\\/2015\\\/10\\\/cropped-st-peters-dome-vatican.jpg?fit=940%2C198&ssl=1\",\"width\":940,\"height\":198,\"caption\":\"Tradycja i Wiara\"},\"image\":{\"@id\":\"https:\\\/\\\/wobronietradycjiiwiary.com\\\/pl\\\/#\\\/schema\\\/logo\\\/image\\\/\"},\"sameAs\":[\"https:\\\/\\\/www.facebook.com\\\/Tradycja-i-Wiara-108813920592249\"]},{\"@type\":\"Person\",\"@id\":\"https:\\\/\\\/wobronietradycjiiwiary.com\\\/pl\\\/#\\\/schema\\\/person\\\/2d6180ce6abcb681fef0daab7816e8f3\",\"name\":\"Traditio et Fides\",\"sameAs\":[\"https:\\\/\\\/traditionundglauben.com\"],\"url\":\"https:\\\/\\\/wobronietradycjiiwiary.com\\\/pl\\\/author\\\/wobronietradycjiiwiary\\\/\"}]}<\/script>\n<!-- \/ Yoast SEO plugin. -->","yoast_head_json":{"title":"Kard. Bona. \u201eO rozpoznawaniu duch\u00f3w\u201d (124). O proroctwach. (vi) Prorok mo\u017ce interpretowa\u0107 inaczej ni\u017c B\u00f3g - Tradycja i Wiara","robots":{"index":"index","follow":"follow","max-snippet":"max-snippet:-1","max-image-preview":"max-image-preview:large","max-video-preview":"max-video-preview:-1"},"canonical":"https:\/\/wobronietradycjiiwiary.com\/pl\/kard-bona-o-rozpoznawaniu-duchow-124-o-proroctwach-vi-prorok-moze-interpretowac-inaczej-niz-bog\/","og_locale":"pl_PL","og_type":"article","og_title":"Kard. Bona. \u201eO rozpoznawaniu duch\u00f3w\u201d (124). O proroctwach. (vi) Prorok mo\u017ce interpretowa\u0107 inaczej ni\u017c B\u00f3g - Tradycja i Wiara","og_description":"\u015aw. Bernard z Clairvaux og\u0142osi\u0142 krucjat\u0119 z natchnienia Bo\u017cego, kt\u00f3ra mimo to ponios\u0142a kl\u0119sk\u0119. Kardyna\u0142 Bona obja\u015bnia, dlaczego si\u0119 tak sta\u0142o.","og_url":"https:\/\/wobronietradycjiiwiary.com\/pl\/kard-bona-o-rozpoznawaniu-duchow-124-o-proroctwach-vi-prorok-moze-interpretowac-inaczej-niz-bog\/","og_site_name":"Tradycja i Wiara","article_publisher":"https:\/\/www.facebook.com\/Tradycja-i-Wiara-108813920592249","article_published_time":"2021-07-26T08:00:35+00:00","article_modified_time":"2025-02-07T14:47:03+00:00","og_image":[{"width":1280,"height":1490,"url":"https:\/\/wobronietradycjiiwiary.com\/wp-content\/uploads\/2020\/01\/29183e5c6fd59bc5a33a573a12632224.jpg","type":"image\/jpeg"}],"author":"Traditio et Fides","twitter_card":"summary_large_image","twitter_misc":{"Napisane przez":"Traditio et Fides","Szacowany czas czytania":"2 minuty"},"schema":{"@context":"https:\/\/schema.org","@graph":[{"@type":"Article","@id":"https:\/\/wobronietradycjiiwiary.com\/kard-bona-o-rozpoznawaniu-duchow-124-o-proroctwach-vi-prorok-moze-interpretowac-inaczej-niz-bog\/#article","isPartOf":{"@id":"https:\/\/wobronietradycjiiwiary.com\/kard-bona-o-rozpoznawaniu-duchow-124-o-proroctwach-vi-prorok-moze-interpretowac-inaczej-niz-bog\/"},"author":{"name":"Traditio et Fides","@id":"https:\/\/wobronietradycjiiwiary.com\/pl\/#\/schema\/person\/2d6180ce6abcb681fef0daab7816e8f3"},"headline":"Kard. Bona. \u201eO rozpoznawaniu duch\u00f3w\u201d (124). O proroctwach. (vi) Prorok mo\u017ce interpretowa\u0107 inaczej ni\u017c B\u00f3g","datePublished":"2021-07-26T08:00:35+00:00","dateModified":"2025-02-07T14:47:03+00:00","mainEntityOfPage":{"@id":"https:\/\/wobronietradycjiiwiary.com\/kard-bona-o-rozpoznawaniu-duchow-124-o-proroctwach-vi-prorok-moze-interpretowac-inaczej-niz-bog\/"},"wordCount":175,"commentCount":0,"publisher":{"@id":"https:\/\/wobronietradycjiiwiary.com\/pl\/#organization"},"image":{"@id":"https:\/\/wobronietradycjiiwiary.com\/kard-bona-o-rozpoznawaniu-duchow-124-o-proroctwach-vi-prorok-moze-interpretowac-inaczej-niz-bog\/#primaryimage"},"thumbnailUrl":"https:\/\/wobronietradycjiiwiary.com\/wp-content\/uploads\/2020\/01\/29183e5c6fd59bc5a33a573a12632224.jpg","keywords":["Restricted"],"articleSection":["\"Rozeznawanie duch\u00f3w\"","Autorzy \u017cycia duchowego","Duchowo\u015b\u0107","Kardyna\u0142 Bona"],"inLanguage":"pl-PL","potentialAction":[{"@type":"CommentAction","name":"Comment","target":["https:\/\/wobronietradycjiiwiary.com\/kard-bona-o-rozpoznawaniu-duchow-124-o-proroctwach-vi-prorok-moze-interpretowac-inaczej-niz-bog\/#respond"]}]},{"@type":"WebPage","@id":"https:\/\/wobronietradycjiiwiary.com\/kard-bona-o-rozpoznawaniu-duchow-124-o-proroctwach-vi-prorok-moze-interpretowac-inaczej-niz-bog\/","url":"https:\/\/wobronietradycjiiwiary.com\/kard-bona-o-rozpoznawaniu-duchow-124-o-proroctwach-vi-prorok-moze-interpretowac-inaczej-niz-bog\/","name":"Kard. Bona. \u201eO rozpoznawaniu duch\u00f3w\u201d (124). O proroctwach. (vi) Prorok mo\u017ce interpretowa\u0107 inaczej ni\u017c B\u00f3g - Tradycja i Wiara","isPartOf":{"@id":"https:\/\/wobronietradycjiiwiary.com\/pl\/#website"},"primaryImageOfPage":{"@id":"https:\/\/wobronietradycjiiwiary.com\/kard-bona-o-rozpoznawaniu-duchow-124-o-proroctwach-vi-prorok-moze-interpretowac-inaczej-niz-bog\/#primaryimage"},"image":{"@id":"https:\/\/wobronietradycjiiwiary.com\/kard-bona-o-rozpoznawaniu-duchow-124-o-proroctwach-vi-prorok-moze-interpretowac-inaczej-niz-bog\/#primaryimage"},"thumbnailUrl":"https:\/\/wobronietradycjiiwiary.com\/wp-content\/uploads\/2020\/01\/29183e5c6fd59bc5a33a573a12632224.jpg","datePublished":"2021-07-26T08:00:35+00:00","dateModified":"2025-02-07T14:47:03+00:00","breadcrumb":{"@id":"https:\/\/wobronietradycjiiwiary.com\/kard-bona-o-rozpoznawaniu-duchow-124-o-proroctwach-vi-prorok-moze-interpretowac-inaczej-niz-bog\/#breadcrumb"},"inLanguage":"pl-PL","potentialAction":[{"@type":"ReadAction","target":["https:\/\/wobronietradycjiiwiary.com\/kard-bona-o-rozpoznawaniu-duchow-124-o-proroctwach-vi-prorok-moze-interpretowac-inaczej-niz-bog\/"]}]},{"@type":"ImageObject","inLanguage":"pl-PL","@id":"https:\/\/wobronietradycjiiwiary.com\/kard-bona-o-rozpoznawaniu-duchow-124-o-proroctwach-vi-prorok-moze-interpretowac-inaczej-niz-bog\/#primaryimage","url":"https:\/\/wobronietradycjiiwiary.com\/wp-content\/uploads\/2020\/01\/29183e5c6fd59bc5a33a573a12632224.jpg","contentUrl":"https:\/\/wobronietradycjiiwiary.com\/wp-content\/uploads\/2020\/01\/29183e5c6fd59bc5a33a573a12632224.jpg","width":1280,"height":1490},{"@type":"BreadcrumbList","@id":"https:\/\/wobronietradycjiiwiary.com\/kard-bona-o-rozpoznawaniu-duchow-124-o-proroctwach-vi-prorok-moze-interpretowac-inaczej-niz-bog\/#breadcrumb","itemListElement":[{"@type":"ListItem","position":1,"name":"Strona g\u0142\u00f3wna","item":"https:\/\/wobronietradycjiiwiary.com\/"},{"@type":"ListItem","position":2,"name":"Kard. Bona. \u201eO rozpoznawaniu duch\u00f3w\u201d (124). O proroctwach. (vi) Prorok mo\u017ce interpretowa\u0107 inaczej ni\u017c B\u00f3g"}]},{"@type":"WebSite","@id":"https:\/\/wobronietradycjiiwiary.com\/pl\/#website","url":"https:\/\/wobronietradycjiiwiary.com\/pl\/","name":"Tradycja i Wiara","description":"Portal dla katolik\u00f3w.","publisher":{"@id":"https:\/\/wobronietradycjiiwiary.com\/pl\/#organization"},"potentialAction":[{"@type":"SearchAction","target":{"@type":"EntryPoint","urlTemplate":"https:\/\/wobronietradycjiiwiary.com\/pl\/?s={search_term_string}"},"query-input":{"@type":"PropertyValueSpecification","valueRequired":true,"valueName":"search_term_string"}}],"inLanguage":"pl-PL"},{"@type":"Organization","@id":"https:\/\/wobronietradycjiiwiary.com\/pl\/#organization","name":"Tradycja i Wiara","url":"https:\/\/wobronietradycjiiwiary.com\/pl\/","logo":{"@type":"ImageObject","inLanguage":"pl-PL","@id":"https:\/\/wobronietradycjiiwiary.com\/pl\/#\/schema\/logo\/image\/","url":"https:\/\/i0.wp.com\/wobronietradycjiiwiary.com\/wp-content\/uploads\/2015\/10\/cropped-st-peters-dome-vatican.jpg?fit=940%2C198&ssl=1","contentUrl":"https:\/\/i0.wp.com\/wobronietradycjiiwiary.com\/wp-content\/uploads\/2015\/10\/cropped-st-peters-dome-vatican.jpg?fit=940%2C198&ssl=1","width":940,"height":198,"caption":"Tradycja i Wiara"},"image":{"@id":"https:\/\/wobronietradycjiiwiary.com\/pl\/#\/schema\/logo\/image\/"},"sameAs":["https:\/\/www.facebook.com\/Tradycja-i-Wiara-108813920592249"]},{"@type":"Person","@id":"https:\/\/wobronietradycjiiwiary.com\/pl\/#\/schema\/person\/2d6180ce6abcb681fef0daab7816e8f3","name":"Traditio et Fides","sameAs":["https:\/\/traditionundglauben.com"],"url":"https:\/\/wobronietradycjiiwiary.com\/pl\/author\/wobronietradycjiiwiary\/"}]}},"jetpack_publicize_connections":[],"jetpack_sharing_enabled":true,"jetpack_likes_enabled":true,"jetpack_shortlink":"https:\/\/wp.me\/pc04Sd-diy","jetpack-related-posts":[{"id":26376,"url":"https:\/\/wobronietradycjiiwiary.com\/pl\/kard-bona-o-rozpoznawaniu-duchow-63-znaki-poprzedzajace\/","url_meta":{"origin":51122,"position":0},"title":"Kard. Bona. \u201eO rozpoznawaniu duch\u00f3w\u201d (63). Znaki poprzedzaj\u0105ce.","author":"Traditio et Fides","date":"3 lutego 2020","format":false,"excerpt":"Warto raz jeszcze przypomnie\u0107 sobie, \u017ce dzia\u0142anie Bo\u017ce bywa tak skryte, a diabe\u0142 potrafi tak bardzo natchnienie Bo\u017ce na\u015bladowa\u0107, \u017ce \"ich nawet nie poznaje odbieraj\u0105cy\" \"Obecno\u015b\u0107 natchnienia poznaje si\u0119 ze skutk\u00f3w\". Czasami jeste\u015bmy w takich stanie, \u017ce nie do\u015b\u0107, \u017ce nie wiemy, gdzie g\u00f3ra, a gdzie d\u00f3\u0142, to jeszcze zupe\u0142nie\u2026","rel":"","context":"W \u201e\"Rozeznawanie duch\u00f3w\"&quot;","block_context":{"text":"\"Rozeznawanie duch\u00f3w\"","link":"https:\/\/wobronietradycjiiwiary.com\/pl\/category\/duchowosc\/autorzy\/kardynal-bona\/rozeznawanie-duchow\/"},"img":{"alt_text":"","src":"https:\/\/i0.wp.com\/wobronietradycjiiwiary.com\/wp-content\/uploads\/2020\/01\/29183e5c6fd59bc5a33a573a12632224.jpg?resize=350%2C200&ssl=1","width":350,"height":200,"srcset":"https:\/\/i0.wp.com\/wobronietradycjiiwiary.com\/wp-content\/uploads\/2020\/01\/29183e5c6fd59bc5a33a573a12632224.jpg?resize=350%2C200&ssl=1 1x, https:\/\/i0.wp.com\/wobronietradycjiiwiary.com\/wp-content\/uploads\/2020\/01\/29183e5c6fd59bc5a33a573a12632224.jpg?resize=525%2C300&ssl=1 1.5x, https:\/\/i0.wp.com\/wobronietradycjiiwiary.com\/wp-content\/uploads\/2020\/01\/29183e5c6fd59bc5a33a573a12632224.jpg?resize=700%2C400&ssl=1 2x, https:\/\/i0.wp.com\/wobronietradycjiiwiary.com\/wp-content\/uploads\/2020\/01\/29183e5c6fd59bc5a33a573a12632224.jpg?resize=1050%2C600&ssl=1 3x"},"classes":[]},{"id":20380,"url":"https:\/\/wobronietradycjiiwiary.com\/pl\/kard-bona-o-rozpoznawaniu-duchow-29-o-zadaniach-nadzwyczajnych\/","url_meta":{"origin":51122,"position":1},"title":"Kard. Bona. \u201eO rozpoznawaniu duch\u00f3w\u201d (29). O zadaniach nadzwyczajnych.","author":"Traditio et Fides","date":"27 maja 2019","format":false,"excerpt":"Poni\u017cszy fragment kardyna\u0142a Bony zdaje si\u0119 sobie przeczy\u0107, gdy\u017c kardyna\u0142 po pierwsze pisze o niestosowno\u015bci wszystkiego, co widowiskowe i wyj\u0105tkowe, z drugiej strony jednak przywo\u0142uje w\u0142a\u015bnie tego przyk\u0142ady pochodz\u0105ce od Boga. Wydaje si\u0119, \u017ce mo\u017cna pos\u0142u\u017cy\u0107 si\u0119 nast\u0119puj\u0105c\u0105 regu\u0142\u0105: Je\u015bli cz\u0142owiek zdecydowa\u0142 si\u0119 na pewne struktury, jak np. zakon, to\u2026","rel":"","context":"W \u201e\"Rozeznawanie duch\u00f3w\"&quot;","block_context":{"text":"\"Rozeznawanie duch\u00f3w\"","link":"https:\/\/wobronietradycjiiwiary.com\/pl\/category\/duchowosc\/autorzy\/kardynal-bona\/rozeznawanie-duchow\/"},"img":{"alt_text":"","src":"https:\/\/i0.wp.com\/wobronietradycjiiwiary.com\/wp-content\/uploads\/2019\/12\/29183e5c6fd59bc5a33a573a12632224.jpg?resize=350%2C200&ssl=1","width":350,"height":200,"srcset":"https:\/\/i0.wp.com\/wobronietradycjiiwiary.com\/wp-content\/uploads\/2019\/12\/29183e5c6fd59bc5a33a573a12632224.jpg?resize=350%2C200&ssl=1 1x, https:\/\/i0.wp.com\/wobronietradycjiiwiary.com\/wp-content\/uploads\/2019\/12\/29183e5c6fd59bc5a33a573a12632224.jpg?resize=525%2C300&ssl=1 1.5x, https:\/\/i0.wp.com\/wobronietradycjiiwiary.com\/wp-content\/uploads\/2019\/12\/29183e5c6fd59bc5a33a573a12632224.jpg?resize=700%2C400&ssl=1 2x, https:\/\/i0.wp.com\/wobronietradycjiiwiary.com\/wp-content\/uploads\/2019\/12\/29183e5c6fd59bc5a33a573a12632224.jpg?resize=1050%2C600&ssl=1 3x"},"classes":[]},{"id":8268,"url":"https:\/\/wobronietradycjiiwiary.com\/pl\/kard-bona-o-rozpoznawaniu-duchow-23\/","url_meta":{"origin":51122,"position":2},"title":"Kard. Bona. &#8220;O rozpoznawaniu duch\u00f3w&#8221; (23). Duch Bo\u017cy prowadzi do pokuty.","author":"Traditio et Fides","date":"24 stycznia 2016","format":false,"excerpt":"Oznak\u0105 dobrego ducha, jak m\u00f3wi kardyna\u0142 Bona, jest wewn\u0119trzne skruszenie i zach\u0119ta do pokuty. Nie dotyczy to jedynie pocz\u0105tk\u00f3w drogi, ale tak\u017ce post\u0119puj\u0105c naprz\u00f3d widzimy wobec boskiego s\u0142o\u0144ca najmniejszy py\u0142ek na naszej duszy, bo miar\u0105 jest B\u00f3g, a nie inni ludzie. Z pewno\u015bci\u0105 nasza natura zniekszta\u0142cona grzechem pierworodnym uwa\u017ca si\u0119\u2026","rel":"","context":"W \u201e\"Rozeznawanie duch\u00f3w\"&quot;","block_context":{"text":"\"Rozeznawanie duch\u00f3w\"","link":"https:\/\/wobronietradycjiiwiary.com\/pl\/category\/duchowosc\/autorzy\/kardynal-bona\/rozeznawanie-duchow\/"},"img":{"alt_text":"","src":"https:\/\/i0.wp.com\/wobronietradycjiiwiary.com\/wp-content\/uploads\/2019\/12\/29183e5c6fd59bc5a33a573a12632224.jpg?resize=350%2C200&ssl=1","width":350,"height":200,"srcset":"https:\/\/i0.wp.com\/wobronietradycjiiwiary.com\/wp-content\/uploads\/2019\/12\/29183e5c6fd59bc5a33a573a12632224.jpg?resize=350%2C200&ssl=1 1x, https:\/\/i0.wp.com\/wobronietradycjiiwiary.com\/wp-content\/uploads\/2019\/12\/29183e5c6fd59bc5a33a573a12632224.jpg?resize=525%2C300&ssl=1 1.5x, https:\/\/i0.wp.com\/wobronietradycjiiwiary.com\/wp-content\/uploads\/2019\/12\/29183e5c6fd59bc5a33a573a12632224.jpg?resize=700%2C400&ssl=1 2x, https:\/\/i0.wp.com\/wobronietradycjiiwiary.com\/wp-content\/uploads\/2019\/12\/29183e5c6fd59bc5a33a573a12632224.jpg?resize=1050%2C600&ssl=1 3x"},"classes":[]},{"id":21781,"url":"https:\/\/wobronietradycjiiwiary.com\/pl\/kard-bona-o-rozpoznawaniu-duchow-46-2\/","url_meta":{"origin":51122,"position":3},"title":"Kard. Bona. \u201eO rozpoznawaniu duch\u00f3w\u201d (47). Zgodno\u015b\u0107 z wol\u0105 Bo\u017c\u0105.","author":"Traditio et Fides","date":"30 wrze\u015bnia 2019","format":false,"excerpt":"Tak si\u0119 akurat sk\u0142ada, \u017ce 17. wrze\u015bnia, w dniu sporz\u0105dzania niniejszego wpisu przypada \u015bwi\u0119to stygmat\u00f3w \u015bw. Franciszka z Asy\u017cu z homili\u0105 \u015bw. Grzegorza Wielki do s\u0142\u00f3w Ewangelii: \"Je\u015bli kto chce p\u00f3j\u015b\u0107 za mn\u0105\". \u015aw. Grzegorz m\u00f3wi co\u015b, co jest doskona\u0142\u0105 ilustracj\u0105 do poni\u017cszego tekstu kardyna\u0142a Bony: Sed c\u00e6l\u00e9stis m\u00e9dicus s\u00edngulis\u2026","rel":"","context":"W \u201e\"Rozeznawanie duch\u00f3w\"&quot;","block_context":{"text":"\"Rozeznawanie duch\u00f3w\"","link":"https:\/\/wobronietradycjiiwiary.com\/pl\/category\/duchowosc\/autorzy\/kardynal-bona\/rozeznawanie-duchow\/"},"img":{"alt_text":"","src":"https:\/\/i0.wp.com\/wobronietradycjiiwiary.com\/wp-content\/uploads\/2019\/12\/29183e5c6fd59bc5a33a573a12632224.jpg?resize=350%2C200&ssl=1","width":350,"height":200,"srcset":"https:\/\/i0.wp.com\/wobronietradycjiiwiary.com\/wp-content\/uploads\/2019\/12\/29183e5c6fd59bc5a33a573a12632224.jpg?resize=350%2C200&ssl=1 1x, https:\/\/i0.wp.com\/wobronietradycjiiwiary.com\/wp-content\/uploads\/2019\/12\/29183e5c6fd59bc5a33a573a12632224.jpg?resize=525%2C300&ssl=1 1.5x, https:\/\/i0.wp.com\/wobronietradycjiiwiary.com\/wp-content\/uploads\/2019\/12\/29183e5c6fd59bc5a33a573a12632224.jpg?resize=700%2C400&ssl=1 2x, https:\/\/i0.wp.com\/wobronietradycjiiwiary.com\/wp-content\/uploads\/2019\/12\/29183e5c6fd59bc5a33a573a12632224.jpg?resize=1050%2C600&ssl=1 3x"},"classes":[]},{"id":39766,"url":"https:\/\/wobronietradycjiiwiary.com\/pl\/kard-bona-o-rozpoznawaniu-duchow-99-przyczyny-oschlosci\/","url_meta":{"origin":51122,"position":4},"title":"Kard. Bona. \u201eO rozpoznawaniu duch\u00f3w\u201d (99). Przyczyny osch\u0142o\u015bci.","author":"Traditio et Fides","date":"7 grudnia 2020","format":false,"excerpt":"Osch\u0142o\u015bci duchowe por\u00f3wna\u0107 mo\u017cna do \u0107wiczenia mi\u0119\u015bni g\u0142\u0119bokich. Boli i boli, a wynik\u00f3w pozornie nie wida\u0107.","rel":"","context":"W \u201e\"Rozeznawanie duch\u00f3w\"&quot;","block_context":{"text":"\"Rozeznawanie duch\u00f3w\"","link":"https:\/\/wobronietradycjiiwiary.com\/pl\/category\/duchowosc\/autorzy\/kardynal-bona\/rozeznawanie-duchow\/"},"img":{"alt_text":"","src":"https:\/\/i0.wp.com\/wobronietradycjiiwiary.com\/wp-content\/uploads\/2020\/01\/29183e5c6fd59bc5a33a573a12632224.jpg?resize=350%2C200&ssl=1","width":350,"height":200,"srcset":"https:\/\/i0.wp.com\/wobronietradycjiiwiary.com\/wp-content\/uploads\/2020\/01\/29183e5c6fd59bc5a33a573a12632224.jpg?resize=350%2C200&ssl=1 1x, https:\/\/i0.wp.com\/wobronietradycjiiwiary.com\/wp-content\/uploads\/2020\/01\/29183e5c6fd59bc5a33a573a12632224.jpg?resize=525%2C300&ssl=1 1.5x, https:\/\/i0.wp.com\/wobronietradycjiiwiary.com\/wp-content\/uploads\/2020\/01\/29183e5c6fd59bc5a33a573a12632224.jpg?resize=700%2C400&ssl=1 2x, https:\/\/i0.wp.com\/wobronietradycjiiwiary.com\/wp-content\/uploads\/2020\/01\/29183e5c6fd59bc5a33a573a12632224.jpg?resize=1050%2C600&ssl=1 3x"},"classes":[]},{"id":20820,"url":"https:\/\/wobronietradycjiiwiary.com\/pl\/kard-bona-o-rozpoznawaniu-duchow-35-poruszenia-boze-sa-rozne\/","url_meta":{"origin":51122,"position":5},"title":"Kard. Bona. \u201eO rozpoznawaniu duch\u00f3w\u201d (35). Poruszenia Bo\u017ce s\u0105 r\u00f3\u017cne.","author":"Traditio et Fides","date":"8 lipca 2019","format":false,"excerpt":"W dzisiejszym odcinku z kardyna\u0142a Bony dowiadujemy si\u0119, \u017ce poruszenia Bo\u017ce s\u0105 r\u00f3\u017cne. Oczywi\u015bcie to wiemy i pozornie ma\u0142o nam to pomaga. Kardyna\u0142 Bona ukazuje, \u017ce Pan B\u00f3g naprawd\u0119 dzia\u0142a przez wszystko i przez wszystkich, ale uwaga, \"w duszach wybranych\". Aby\u015bmy mieli przynajmniej nadziej\u0119, \u017ce to Pan B\u00f3g nami porusza,\u2026","rel":"","context":"W \u201e\"Rozeznawanie duch\u00f3w\"&quot;","block_context":{"text":"\"Rozeznawanie duch\u00f3w\"","link":"https:\/\/wobronietradycjiiwiary.com\/pl\/category\/duchowosc\/autorzy\/kardynal-bona\/rozeznawanie-duchow\/"},"img":{"alt_text":"","src":"https:\/\/i0.wp.com\/wobronietradycjiiwiary.com\/wp-content\/uploads\/2019\/12\/29183e5c6fd59bc5a33a573a12632224.jpg?resize=350%2C200&ssl=1","width":350,"height":200,"srcset":"https:\/\/i0.wp.com\/wobronietradycjiiwiary.com\/wp-content\/uploads\/2019\/12\/29183e5c6fd59bc5a33a573a12632224.jpg?resize=350%2C200&ssl=1 1x, https:\/\/i0.wp.com\/wobronietradycjiiwiary.com\/wp-content\/uploads\/2019\/12\/29183e5c6fd59bc5a33a573a12632224.jpg?resize=525%2C300&ssl=1 1.5x, https:\/\/i0.wp.com\/wobronietradycjiiwiary.com\/wp-content\/uploads\/2019\/12\/29183e5c6fd59bc5a33a573a12632224.jpg?resize=700%2C400&ssl=1 2x, https:\/\/i0.wp.com\/wobronietradycjiiwiary.com\/wp-content\/uploads\/2019\/12\/29183e5c6fd59bc5a33a573a12632224.jpg?resize=1050%2C600&ssl=1 3x"},"classes":[]}],"amp_enabled":true,"jetpack_featured_media_url":"https:\/\/wobronietradycjiiwiary.com\/wp-content\/uploads\/2020\/01\/29183e5c6fd59bc5a33a573a12632224.jpg","_links":{"self":[{"href":"https:\/\/wobronietradycjiiwiary.com\/pl\/wp-json\/wp\/v2\/posts\/51122","targetHints":{"allow":["GET"]}}],"collection":[{"href":"https:\/\/wobronietradycjiiwiary.com\/pl\/wp-json\/wp\/v2\/posts"}],"about":[{"href":"https:\/\/wobronietradycjiiwiary.com\/pl\/wp-json\/wp\/v2\/types\/post"}],"author":[{"embeddable":true,"href":"https:\/\/wobronietradycjiiwiary.com\/pl\/wp-json\/wp\/v2\/users\/60508433"}],"replies":[{"embeddable":true,"href":"https:\/\/wobronietradycjiiwiary.com\/pl\/wp-json\/wp\/v2\/comments?post=51122"}],"version-history":[{"count":1,"href":"https:\/\/wobronietradycjiiwiary.com\/pl\/wp-json\/wp\/v2\/posts\/51122\/revisions"}],"predecessor-version":[{"id":69437,"href":"https:\/\/wobronietradycjiiwiary.com\/pl\/wp-json\/wp\/v2\/posts\/51122\/revisions\/69437"}],"wp:featuredmedia":[{"embeddable":true,"href":"https:\/\/wobronietradycjiiwiary.com\/pl\/wp-json\/wp\/v2\/media\/26157"}],"wp:attachment":[{"href":"https:\/\/wobronietradycjiiwiary.com\/pl\/wp-json\/wp\/v2\/media?parent=51122"}],"wp:term":[{"taxonomy":"category","embeddable":true,"href":"https:\/\/wobronietradycjiiwiary.com\/pl\/wp-json\/wp\/v2\/categories?post=51122"},{"taxonomy":"post_tag","embeddable":true,"href":"https:\/\/wobronietradycjiiwiary.com\/pl\/wp-json\/wp\/v2\/tags?post=51122"}],"curies":[{"name":"wp","href":"https:\/\/api.w.org\/{rel}","templated":true}]}}