{"id":50517,"date":"2021-07-17T08:00:00","date_gmt":"2021-07-17T06:00:00","guid":{"rendered":"https:\/\/wobronietradycjiiwiary.com\/?p=50517"},"modified":"2025-02-10T11:16:13","modified_gmt":"2025-02-10T10:16:13","slug":"17-go-lipca-zywot-swietego-aleksego-wyznawcy","status":"publish","type":"post","link":"https:\/\/wobronietradycjiiwiary.com\/pl\/17-go-lipca-zywot-swietego-aleksego-wyznawcy\/","title":{"rendered":"17-go Lipca. \u017bywot \u015bwi\u0119tego Aleksego, Wyznawcy."},"content":{"rendered":"<div id=\"bsf_rt_marker\"><\/div>\n<p class=\"has-text-align-center wp-block-paragraph\">(\u017by\u0142 oko\u0142o roku Pa\u0144skiego 400).<\/p>\n\n\n\n<figure class=\"wp-block-image\"><a href=\"https:\/\/pl.wikisource.org\/wiki\/Plik:%C5%BBywoty_%C5%9Bw._Pa%C5%84skich_na_wszystkie_dnie_roku-Inicja%C5%82-%C5%BB.png\"><img decoding=\"async\" src=\"https:\/\/upload.wikimedia.org\/wikipedia\/commons\/thumb\/0\/08\/%C5%BBywoty_%C5%9Bw._Pa%C5%84skich_na_wszystkie_dnie_roku-Inicja%C5%82-%C5%BB.png\/56px-%C5%BBywoty_%C5%9Bw._Pa%C5%84skich_na_wszystkie_dnie_roku-Inicja%C5%82-%C5%BB.png\" alt=\"\u017b\"\/><\/a><\/figure>\n\n\n\n<p class=\"has-text-align-justify wp-block-paragraph\">\u017by\u0142 kiedy\u015b w Rzymie mo\u017cny senator Eufemiusz, s\u0142yn\u0105cy jako znakomity m\u0105\u017c stanu, wielki bogacz i dobroczy\u0144ca ubogich. Codziennie karmi\u0142 przy trzech obszernych sto\u0142ach wielk\u0105 ilo\u015b\u0107 biedak\u00f3w, kt\u00f3rych sam obs\u0142ugiwa\u0142 wesp\u00f3\u0142 z \u017con\u0105 swoj\u0105. W nagrod\u0119 za mi\u0142osierdzie i szczodrobliwo\u015b\u0107 w hojnem udzielaniu ja\u0142mu\u017cny da\u0142 mu Pan B\u00f3g syna Aleksego, ch\u0142opca wyposa\u017conego rozlicznemi zaletami cia\u0142a i duszy. Odebrawszy staranne i troskliwe wychowanie, wyr\u00f3s\u0142 m\u0142ody Aleksy na m\u0142odziana s\u0142yn\u0105cego z pobo\u017cno\u015bci, skromno\u015bci i dobrych obyczaj\u00f3w. Rozczytywa\u0142 on si\u0119 codziennie ca\u0142emi godzinami w \u017cywotach \u015bwi\u0119tych M\u0119czennik\u00f3w i pobo\u017cnych Pustelnik\u00f3w, zlewa\u0142 si\u0119 \u0142zami przy rozpami\u0119tywaniu ich bohaterstwa i mi\u0142o\u015bci ku Bogu, buduj\u0105c si\u0119 zarazem ich pogard\u0105 \u015bwiata, bogactw, honor\u00f3w i dostoje\u0144stw.<\/p>\n\n\n\n<p class=\"has-text-align-justify wp-block-paragraph\">Szcz\u0119\u015bliwi rodzice wcze\u015bnie zar\u0119czyli swego spadkobierc\u0119 z Sabin\u0105, blizk\u0105 krewn\u0105 rodu cesarskiego, przytem dziewic\u0105 urodziw\u0105 i przy\u015bpieszyli dzie\u0144 \u015blubu, wyprawiaj\u0105c gody okaza\u0142e.<\/p>\n\n\n\n<p class=\"has-text-align-justify wp-block-paragraph\">Wprowadzony nast\u0119pnie do komnaty oblubienicy, u\u015bcisn\u0105\u0142 jej d\u0142o\u0144, a podaj\u0105c pier\u015bcie\u0144 sw\u00f3j i naszywan\u0105 drogiemi klejnotami przepask\u0119 rycersk\u0105, przem\u00f3wi\u0142 do niej g\u0142osem napi\u0119tnowanym mi\u0142o\u015bci\u0105 i ubolewaniem: \u201eSpojrz, droga przyjaci\u00f3\u0142ko, na te kwiaty, zdumiewaj\u0105ce barw\u0105 i zapachem; jutro powi\u0119dn\u0105 wszystkie. \u2014 Spojrz na blask tych \u015bwiec jarz\u0105cych, w kilka godzin pogasn\u0105. Do tych \u015bwiate\u0142 i kwiat\u00f3w podobne s\u0105 wszelkie rozkosze zmys\u0142owe. B\u0105d\u017amy przeto roztropni i go\u0144my za nieprzemiennemi, wiecznemi rozkoszami.\u201c Zdj\u0119ta podziwieniem Sabina, rzek\u0142a: \u201eB\u00f3g niech ci\u0119 ma w Swej \u015bwi\u0119tej opiece i niech ci pob\u0142ogos\u0142awi.\u201c<\/p>\n\n\n\n<p class=\"has-text-align-justify wp-block-paragraph\">Poleciwszy przeto kl\u0119cz\u0105c\u0105 narzeczon\u0105 Niebu, zabra\u0142 nieco pieni\u0119dzy na drog\u0119, tej samej nocy jeszcze opu\u015bci\u0142 progi rodzinne i siad\u0142szy na okr\u0119t, uda\u0142 si\u0119 do Syryi, pomny na s\u0142owa Zbawiciela: \u201eWszelki, kt\u00f3ryby opu\u015bci\u0142 albo ojca, albo matk\u0119 dla Imienia Mego, tyle stokro\u0107 we\u017amie i \u017cywot wieczny odzier\u017cy.\u201c (Mat. 19, 29).<\/p>\n\n\n\n<p class=\"has-text-align-justify wp-block-paragraph\">Wysiad\u0142szy na l\u0105d w Edesie, ca\u0142e swe mienie rozdzieli\u0142 mi\u0119dzy ubogich i \u017cy\u0142 lat siedmna\u015bcie przy ko\u015bciele Matki Boskiej jedynie dla modlitwy, rozmy\u015bla\u0144 i ci\u0105g\u0142ych umartwie\u0144.<\/p>\n\n\n\n<p class=\"has-text-align-justify wp-block-paragraph\">Bole\u015b\u0107 rodzic\u00f3w po stracie syna by\u0142a nie do opisania. Ojciec rozes\u0142a\u0142 na wszystkie strony go\u0144c\u00f3w, aby go przywiedli z powrotem; niekt\u00f3rzy z nich przybyli nawet do Edesy. Aleksy pozna\u0142 ich i przyj\u0105\u0142 od kilku z nich ja\u0142mu\u017cn\u0119, ale \u017caden ze s\u0142u\u017cebnik\u00f3w nie pozna\u0142 syna swego pana. Stroskana rodzina szuka\u0142a tedy pociechy w mod\u0142ach i wspieraniu ubogich. W Edesie przybysz zas\u0142yn\u0105\u0142 wkr\u00f3tce ze \u015bwi\u0119tobliwo\u015bci i doznawa\u0142 powszechnego szacunku i uwielbienia. Korci\u0142o to wi\u0119c jego pokor\u0119, znikn\u0105\u0142 przeto niepostrze\u017cenie, aby osie\u015b\u0107 w mie\u015bcie Tarsus przy ko\u015bciele \u015bw. Paw\u0142a. Burza zagna\u0142a wszak\u017ce wioz\u0105cy go statek do W\u0142och i zmusi\u0142a go wysie\u015b\u0107 na l\u0105d w pobli\u017cu Rzymu. Uwa\u017caj\u0105c w tem palec Bo\u017cy, zdecydowa\u0142 si\u0119 Aleksy szuka\u0107 pomieszczenia w domu ojca, postanowi\u0142 jednak\u017ce zarazem nie da\u0107 si\u0119 pozna\u0107, chc\u0105c dokona\u0107 \u017cywota w zupe\u0142nem ub\u00f3stwie. Przest\u0105pi\u0142 wi\u0119c progi rodzinnego domu jako cudzoziemiec i rzek\u0142: W Imi\u0119 Boga, kt\u00f3ry zst\u0105pi\u0142 z wysoko\u015bci niebieskich i na ziemi nie wiedzia\u0142, gdzie g\u0142ow\u0119 schroni\u0107, dajcie przytu\u0142ek biednemu pielgrzymowi.\u201c<\/p>\n\n\n\n<p class=\"has-text-align-justify wp-block-paragraph\">Oko rodzic\u00f3w nie pozna\u0142o w\u0142asnego dziecka, tak dalece ju\u017c posty i surowo\u015b\u0107 \u017cycia zmieni\u0142y posta\u0107 jego; mimo to ofiarowali mu za mieszkanie szczup\u0142y alkierzyk pod schodami i potrzebne do \u017cycia po\u017cywienie. Tu strawi\u0142 na postach i modlitwie 17 lat \u017cycia. Codziennie widywa\u0142 te\u017c ojca strapionego, a matka ze \u0142z\u0105 w oku nieraz mu wcisn\u0119\u0142a kilka groszy z poleceniem, aby wyb\u0142aga\u0142 u Boga powr\u00f3t ulubionego dzieci\u0119cia. Tedy owedy przem\u00f3wi\u0142a r\u00f3wnie\u017c do\u0144 Sabina, kt\u00f3rej zwyk\u0142 by\u0142 opowiada\u0107, i\u017c pozna\u0142 w Syryi Aleksego, wiod\u0105cego tam\u017ce \u017cywot biedny i\u00a0mozolny. Nadmienia\u0142 r\u00f3wnie\u017c, i\u017c cz\u0119sto i tkliwie wspomina\u0142 on swych rodzic\u00f3w i przyjaci\u00f3\u0142, gor\u0105co si\u0119 za nich modli\u0142, ale ani s\u0142ucha\u0107 nie chcia\u0142 o powrocie. Gdy go za\u015b zapytano o nazwisko, pochodzenie i koleje \u017cycia, odpowiada\u0142, i\u017c ojczyzna jego tam wysoko, \u017ce nazwy dla \u015bwiata wcale nie ma i \u017ce j\u0105 sobie dopiero kiedy\u015b u Boga wys\u0142u\u017cy.<br><\/p>\n\n\n\n<p class=\"wp-block-paragraph\">\u2009Od s\u0142ug du\u017co musia\u0142 znosi\u0107: nieokrzesani ci ludzie nie umieli si\u0119 pozna\u0107 na cnotach pielgrzyma, uwa\u017cali go za b\u0142azna, drwili z niego i dopuszczali si\u0119 przeciw niemu r\u00f3\u017cnych swawoli i ur\u0105ga\u0144.<\/p>\n\n\n\n<p class=\"has-text-align-justify wp-block-paragraph\"><br>\u2009Na kilka dni przed jego \u015bmierci\u0105, gdy Papie\u017c Innocenty I w ko\u015bciele \u015bwi\u0119tego Piotra celebrowa\u0142 Sum\u0119 wobec cesarza Honoryusza i Eufemiusza, rozleg\u0142 si\u0119 nagle g\u0142os jaki\u015b: \u201ePoszukajcie \u015bwi\u0119tego s\u0142ug\u0119 Bo\u017cego, uczcijcie go, aby si\u0119 modli\u0142 za miasto Rzym; umrze on w pi\u0105tek.\u201c W pi\u0105tek dnia 17 lipca zgromadzi\u0142y si\u0119 liczne rzesze w ko\u015bciele, i powt\u00f3rnie odezwa\u0142 si\u0119 ten\u017ce sam g\u0142os: \u201ePoszukajcie \u015awi\u0119tego w domu Eufemiusza.\u201c Ten\u017ce, domy\u015blaj\u0105c si\u0119, i\u017c p\u0105tnik pod schodami jest owym \u015awi\u0119tym, wyprzedzi\u0142 wszystkich i pobieg\u0142 do domu przysposobi\u0107 si\u0119 na przyj\u0119cie Papie\u017ca i Cesarza. W bramie czeka\u0142 na niego od\u017awierny i o\u015bwiadczy\u0142, \u017ce \u00f3w dziwak pod schodami umar\u0142. Eufemiusz otworzywszy drzwi alkierzyka, ujrza\u0142 oblicze zgas\u0142ego otoczone \u015bwietlanym wie\u0144cem i w r\u0119ku jego zwitek papieru. Natychmiast kaza\u0142 \u015bwi\u0119te zw\u0142oki zanie\u015b\u0107 do sali paradnej, z\u0142o\u017cy\u0107 je na katafalku i chcia\u0142 zwitek z r\u0119ki wyj\u0105\u0107, ale napr\u00f3\u017cno si\u0119 sili\u0142.<\/p>\n\n\n\n<p class=\"has-text-align-justify wp-block-paragraph\"><br>\u2009Tymczasem przyby\u0142 Papie\u017c z cesarzem; towarzyszy\u0142 im liczny orszak. Papie\u017c odebra\u0142 zmar\u0142emu pismo i przeczyta\u0142 je ca\u0142emu zgromadzeniu, pogr\u0105\u017conemu w niemem milczeniu. Pismo to zawiera\u0142o dowody, \u017ce Aleksy jest synem Eufemiusza, jako te\u017c opis jego podr\u00f3\u017cy i kolei \u017cycia, dzi\u0119kczynne przem\u00f3wienie do rodzic\u00f3w i Sabiny, i wypowiada\u0142o nadziej\u0119 zobaczenia si\u0119 w Niebie. Trudno opisa\u0107 wra\u017cenie, jakie na wszystkich uczyni\u0142o odkrycie, \u017ce pielgrzym goszcz\u0105cy pod schodami by\u0142 synem znakomitej rodziny; trudniej opisa\u0107 \u017cal ojca, matki i \u017cony, kt\u00f3rzy zdrojem \u0142ez zrosili \u015bwi\u0119te zw\u0142oki i poca\u0142unkami okryli r\u0119ce i nogi zmar\u0142ego. Lud zbiera\u0142 si\u0119 we dnie i w nocy w pa\u0142acu Eufemiusza, a cud\u00f3w, jakich doznali niewidomi, g\u0142uchoniemi i kalecy przy trumnie i na grobie jego, nie podobna zliczy\u0107. Nie widzia\u0142 Rzym wspanialszego pogrzebu, s\u0142awa za\u015b zmar\u0142ego wkr\u00f3tce zas\u0142yn\u0119\u0142a po ca\u0142ym Rzymie.<br><\/p>\n\n\n\n<h2 class=\"wp-block-heading\"><strong>Nauka moralna.<\/strong><\/h2>\n\n\n\n<p class=\"has-text-align-justify wp-block-paragraph\">\u2009Dobrowolne ub\u00f3stwo mi\u0142em jest Bogu. Nie my\u015blmy, a\u017ceby B\u00f3g od ka\u017cdego z nas wymaga\u0142 wyzucia si\u0119 z wszystkiego mienia, jakie dzier\u017cymy; ale \u017cywoty \u015awi\u0119tych Pa\u0144skich podaj\u0105 nam niejedn\u0119 bardzo zbawienn\u0105 wskaz\u00f3wk\u0119. Zrzeczenie si\u0119 \u015bwi\u0119tego Aleksego wszystkiego tego, co ludziom jest drogie i mi\u0142e, przywodzi nam na pami\u0119\u0107 s\u0142owo Chrystusowe: \u201eB\u0142ogos\u0142awieni ubodzy w duchu, albowiem ich jest Kr\u00f3lestwo niebieskie.\u201c Dobrowolne ub\u00f3stwo od nas samych zale\u017cy: ubogimi by\u0107 winni\u015bmy w rozkosze tego\u00a0\u015bwiata, ubogimi w pysze, zarozumieniu, uporze; bogatymi w pokorze i w przekonaniu o nico\u015bci swojej. Do takiego ub\u00f3stwa \u0142atwo doj\u015b\u0107 ka\u017cdemu, je\u015bli pami\u0119ta\u0107 b\u0119dzie o tem, \u017ce jest stworzeniem u\u0142omnem, grzesznem, podleg\u0142em r\u00f3\u017cnym s\u0142abo\u015bciom.<\/p>\n\n\n\n<p class=\"has-text-align-justify wp-block-paragraph\">Je\u015bli\u015b si\u0119 urodzi\u0142 w stanie ubogim, je\u015bli ci trzeba walczy\u0107 z bied\u0105 i niedostatkiem, nie narzekaj i nie \u017cal si\u0119 na to, poprzestawaj na ma\u0142em i wspomnij sobie, jak ubo\u017cuchn\u0105 by\u0142a Naj\u015bwi\u0119tsza Panna i Zbawiciel nasz. Cz\u0142owiekowi ma\u0142o potrzeba, a chcia\u0142by posie\u015b\u0107 wszystko. Kto ma tyle, \u017ce mo\u017ce op\u0119dzi\u0107 najniezb\u0119dniejsze potrzeby \u017cycia, niechaj dzi\u0119kuje Bogu i s\u0142awi mi\u0142osierdzie Jego. \u2014 Je\u015bli\u015b bogaty, nie przywi\u0119zuj si\u0119 do marnego kruszcu. Pami\u0119taj, \u017ce wszystko ostatecznie opu\u015bci\u0107 musisz, i \u017ce s\u0105 ubodzy na \u015bwiecie, godni twego mi\u0142osierdzia i opieki. Ilu\u017c to by\u0142o \u015awi\u0119tych, kt\u00f3rzy mogli by\u0107 bogatymi, kt\u00f3rzy mogli op\u0142ywa\u0107 we wszystko, u\u017cywa\u0107 rozkoszy, wyg\u00f3d i przyjemno\u015bci \u017cycia a mimo to skazali si\u0119 na dobrowolne ub\u00f3stwo! Nie od ka\u017cdego wymaga Pan B\u00f3g, aby podobnie jak \u015bwi\u0119ty Aleksy, wyrzek\u0142 si\u0119 rodzic\u00f3w, znajomych, krewnych, \u017cony i dzieci, ale \u017c\u0105da od ka\u017cdego, aby Stw\u00f3rc\u0119 swego mi\u0142owa\u0142 wi\u0119cej od tego wszystkiego, co mu jest mi\u0142em na tej ziemi.<\/p>\n\n\n\n<h2 class=\"wp-block-heading\"><br><strong>Modlitwa.<\/strong><\/h2>\n\n\n\n<blockquote class=\"wp-block-quote is-layout-flow wp-block-quote-is-layout-flow\"><p>\u2009Bo\u017ce, kt\u00f3ry nas doroczn\u0105 uroczysto\u015bci\u0105 b\u0142ogos\u0142awionego Aleksego, Wyznawcy Twojego rozweselasz, spraw mi\u0142o\u015bciwie, aby\u015bmy pami\u0105tk\u0119 jego przej\u015bcia do Nieba obchodz\u0105c, jego cnoty na\u015bladowali. Przez Pana naszego Jezusa Chrystusa. Amen.<\/p><\/blockquote>\n\n\n\n<figure class=\"wp-block-table\"><table><tbody><tr><td>\u2217&nbsp;&nbsp;&nbsp;&nbsp;&nbsp;&nbsp;&nbsp;&nbsp;&nbsp;&nbsp;&nbsp;&nbsp;&nbsp;&nbsp;&nbsp;&nbsp;&nbsp;&nbsp;&nbsp;&nbsp;\u2217<br>\u2217<\/td><\/tr><\/tbody><\/table><\/figure>\n\n\n\n<p class=\"wp-block-paragraph\">\u2009<em>Opr\u00f3cz tego obchodzi Ko\u015bci\u00f3\u0142 \u015bwi\u0119ty pami\u0105tk\u0119 nast\u0119puj\u0105cych \u015awi\u0119tych Pa\u0144skich, zamieszczonych w rzymskiem martyrologium:<\/em><\/p>\n\n\n\n<p class=\"has-text-align-justify wp-block-paragraph\">\u2009<strong>Dnia 17-go lipca<\/strong>&nbsp;w Rzymie obch\u00f3d uroczysty \u015bw.&nbsp;Aleksego, Wyznawcy, syna patrycyusza Eufemiusza. W czasie weselnym opu\u015bci\u0142 sw\u0105 narzeczon\u0105 i dom ojcowski i wr\u00f3ci\u0142 dopiero po d\u0142ugim czasie do miasta rodzinnego. Tutaj \u0107wiczy\u0142 si\u0119 w nowym rodzaju pogardy \u015bwiata, albowiem 17 lat prze\u017cy\u0142 w domu ojcowskim jako \u017cebrak i niepoznany przez nikogo. Jednak\u017ce po jego \u015bmierci wysz\u0142o wszystko na jaw po cz\u0119\u015bci przez pisane \u015bwiadectwo w\u0142asne, a cz\u0119\u015bciowo objawione g\u0142osem z nieba, s\u0142yszanym w kilku ko\u015bcio\u0142ach rzymskich. Jego \u015bwi\u0119te cia\u0142o przeni\u00f3s\u0142 Papie\u017c Innocenty I do ko\u015bcio\u0142a \u015bw. Bonifacego, gdzie cudami zas\u0142yn\u0119\u0142o. \u2014 W Kartaginie m\u0119cze\u0144stwo \u015bw. Scylita\u0144czyk\u00f3w:&nbsp;Sperata, Narcalisa, Eytynusa, Weturyusza, Feliksa, Acyllina, Letancyusza, Januaryi, Generozy, Westiny, Donaty i Sekundy; na rozkaz prefekta Saturnina zostali zaraz po pierwszem wyznaniu wiary odprowadzeni do wi\u0119zienia i przez noc le\u017celi na blokach. Dnia nast\u0119pnego padli wszyscy pod mieczem katowskim. Relikwie \u015bw. Sperata ze zw\u0142okami \u015bw. Cypryana i g\u0142ow\u0105 \u015bwi\u0119tego Pantaleona sprowadzone zosta\u0142y do Francyi i z\u0142o\u017cone z wielk\u0105 czci\u0105 w ko\u015bciele \u015bw. Jana Chrzciciela. \u2014 W Amastra w Anatolii pami\u0105tka \u015bw.&nbsp;Hyacynta, M\u0119czennika, kt\u00f3ry po wielu m\u0119czarniach zadanych mu przez prezesa Kastrycyusza zmar\u0142 w wi\u0119zieniu. \u2014 W Tiwoli uroczysto\u015b\u0107 \u015bw.&nbsp;Generoza, M\u0119czennika. \u2014 W Konstantynopolu uroczysto\u015b\u0107 \u015bw.&nbsp;Teodoty, M\u0119czenniczki z czas\u00f3w obrazoburcy Leona. \u2014 W Rzymie z\u0142o\u017cenie \u015bw.&nbsp;Leona&nbsp;IV, Papie\u017ca. \u2014 W Pawii uroczysto\u015b\u0107 \u015bw.&nbsp;Ennodyusza, Biskupa i Wyznawcy. \u2014 W Auxerre uroczysto\u015b\u0107 \u015bw.&nbsp;Teodozyusza, Biskupa. \u2014 W Medyolanie uroczysto\u015b\u0107 \u015bw.&nbsp;Marceliny, Dziewicy, siostry \u015bw. Ambro\u017cego, Biskupa, kt\u00f3ra welon po\u015bwi\u0119conych Bogu dziewic odebra\u0142a z r\u0105k Papie\u017ca Liberyusza w bazylice \u015bwi\u0119tego Piotra. Wspania\u0142e \u015bwiadectwo dla \u015bwi\u0119to\u015bci jej wystawi\u0142 \u015bw. Ambro\u017cy w pismach swych. \u2014 W Wenecyi przeniesienie \u015bw.&nbsp;Maryny, Dziewicy.<\/p>\n","protected":false},"excerpt":{"rendered":"<p>\u015aw. Aleksy doko\u0144czy\u0142 \u017cywota pod schodami w\u0142asnego domu, nierozpoznany przez rodzic\u00f3w i dr\u0119czony przez s\u0142u\u017cb\u0119. Pan B\u00f3g bywa zagadkowy w niejednej drodze do \u015bwi\u0119to\u015bci.<\/p>\n","protected":false},"author":60508433,"featured_media":50521,"comment_status":"open","ping_status":"open","sticky":false,"template":"","format":"standard","meta":{"_bbp_topic_count":0,"_bbp_reply_count":0,"_bbp_total_topic_count":0,"_bbp_total_reply_count":0,"_bbp_voice_count":0,"_bbp_anonymous_reply_count":0,"_bbp_topic_count_hidden":0,"_bbp_reply_count_hidden":0,"_bbp_forum_subforum_count":0,"_editorskit_title_hidden":false,"_editorskit_reading_time":5,"_editorskit_is_block_options_detached":false,"_editorskit_block_options_position":"{}","_coblocks_attr":"","_coblocks_dimensions":"","_coblocks_responsive_height":"","_coblocks_accordion_ie_support":"","_exactmetrics_skip_tracking":false,"_jetpack_newsletter_access":"","_jetpack_dont_email_post_to_subs":false,"_jetpack_newsletter_tier_id":0,"_jetpack_memberships_contains_paywalled_content":false,"_wpcom_ai_launchpad_first_post":false,"_jetpack_feature_clip_id":0,"_jetpack_memberships_contains_paid_content":false,"footnotes":"","jetpack_publicize_message":"{title}\n\n{excerpt}\n\n{url}","jetpack_publicize_feature_enabled":true,"jetpack_social_post_already_shared":true,"jetpack_social_options":{"image_generator_settings":{"template":"highway","default_image_id":0,"font":"","enabled":false},"version":2},"_wpas_customize_per_network":false,"jetpack_post_was_ever_published":false},"categories":[610131822,336375535],"tags":[],"class_list":["post-50517","post","type-post","status-publish","format-standard","has-post-thumbnail","hentry","category-swieta-w-lipcu","category-liturgia-i-liturgika"],"yoast_head":"<!-- This site is optimized with the Yoast SEO plugin v28.4 - https:\/\/yoast.com\/product\/yoast-seo-wordpress\/ -->\n<title>17-go Lipca. \u017bywot \u015bwi\u0119tego Aleksego, Wyznawcy. - Tradycja i Wiara<\/title>\n<meta name=\"robots\" content=\"index, follow, max-snippet:-1, max-image-preview:large, max-video-preview:-1\" \/>\n<link rel=\"canonical\" href=\"https:\/\/wobronietradycjiiwiary.com\/pl\/17-go-lipca-zywot-swietego-aleksego-wyznawcy\/\" \/>\n<meta property=\"og:locale\" content=\"pl_PL\" \/>\n<meta property=\"og:type\" content=\"article\" \/>\n<meta property=\"og:title\" content=\"17-go Lipca. \u017bywot \u015bwi\u0119tego Aleksego, Wyznawcy. - Tradycja i Wiara\" \/>\n<meta property=\"og:description\" content=\"\u015aw. Aleksy doko\u0144czy\u0142 \u017cywota pod schodami w\u0142asnego domu, nierozpoznany przez rodzic\u00f3w i dr\u0119czony przez s\u0142u\u017cb\u0119. Pan B\u00f3g bywa zagadkowy w niejednej drodze do \u015bwi\u0119to\u015bci.\" \/>\n<meta property=\"og:url\" content=\"https:\/\/wobronietradycjiiwiary.com\/pl\/17-go-lipca-zywot-swietego-aleksego-wyznawcy\/\" \/>\n<meta property=\"og:site_name\" content=\"Tradycja i Wiara\" \/>\n<meta property=\"article:publisher\" content=\"https:\/\/www.facebook.com\/Tradycja-i-Wiara-108813920592249\" \/>\n<meta property=\"article:published_time\" content=\"2021-07-17T06:00:00+00:00\" \/>\n<meta property=\"article:modified_time\" content=\"2025-02-10T10:16:13+00:00\" \/>\n<meta property=\"og:image\" content=\"https:\/\/wobronietradycjiiwiary.com\/wp-content\/uploads\/2021\/07\/Aleksy-1.jpg\" \/>\n\t<meta property=\"og:image:width\" content=\"1127\" \/>\n\t<meta property=\"og:image:height\" content=\"750\" \/>\n\t<meta property=\"og:image:type\" content=\"image\/jpeg\" \/>\n<meta name=\"author\" content=\"Traditio et Fides\" \/>\n<meta name=\"twitter:card\" content=\"summary_large_image\" \/>\n<meta name=\"twitter:label1\" content=\"Napisane przez\" \/>\n\t<meta name=\"twitter:data1\" content=\"Traditio et Fides\" \/>\n\t<meta name=\"twitter:label2\" content=\"Szacowany czas czytania\" \/>\n\t<meta name=\"twitter:data2\" content=\"7 minut\" \/>\n<script type=\"application\/ld+json\" class=\"yoast-schema-graph\">{\"@context\":\"https:\\\/\\\/schema.org\",\"@graph\":[{\"@type\":\"Article\",\"@id\":\"https:\\\/\\\/wobronietradycjiiwiary.com\\\/17-go-lipca-zywot-swietego-aleksego-wyznawcy\\\/#article\",\"isPartOf\":{\"@id\":\"https:\\\/\\\/wobronietradycjiiwiary.com\\\/17-go-lipca-zywot-swietego-aleksego-wyznawcy\\\/\"},\"author\":{\"name\":\"Traditio et Fides\",\"@id\":\"https:\\\/\\\/wobronietradycjiiwiary.com\\\/pl\\\/#\\\/schema\\\/person\\\/2d6180ce6abcb681fef0daab7816e8f3\"},\"headline\":\"17-go Lipca. \u017bywot \u015bwi\u0119tego Aleksego, Wyznawcy.\",\"datePublished\":\"2021-07-17T06:00:00+00:00\",\"dateModified\":\"2025-02-10T10:16:13+00:00\",\"mainEntityOfPage\":{\"@id\":\"https:\\\/\\\/wobronietradycjiiwiary.com\\\/17-go-lipca-zywot-swietego-aleksego-wyznawcy\\\/\"},\"wordCount\":1851,\"commentCount\":0,\"publisher\":{\"@id\":\"https:\\\/\\\/wobronietradycjiiwiary.com\\\/pl\\\/#organization\"},\"image\":{\"@id\":\"https:\\\/\\\/wobronietradycjiiwiary.com\\\/17-go-lipca-zywot-swietego-aleksego-wyznawcy\\\/#primaryimage\"},\"thumbnailUrl\":\"https:\\\/\\\/wobronietradycjiiwiary.com\\\/wp-content\\\/uploads\\\/2021\\\/07\\\/Aleksy-1.jpg\",\"articleSection\":[\"07. \u015awi\u0119ta w lipcu\",\"Liturgia i liturgika\"],\"inLanguage\":\"pl-PL\",\"potentialAction\":[{\"@type\":\"CommentAction\",\"name\":\"Comment\",\"target\":[\"https:\\\/\\\/wobronietradycjiiwiary.com\\\/17-go-lipca-zywot-swietego-aleksego-wyznawcy\\\/#respond\"]}]},{\"@type\":\"WebPage\",\"@id\":\"https:\\\/\\\/wobronietradycjiiwiary.com\\\/17-go-lipca-zywot-swietego-aleksego-wyznawcy\\\/\",\"url\":\"https:\\\/\\\/wobronietradycjiiwiary.com\\\/17-go-lipca-zywot-swietego-aleksego-wyznawcy\\\/\",\"name\":\"17-go Lipca. \u017bywot \u015bwi\u0119tego Aleksego, Wyznawcy. - Tradycja i Wiara\",\"isPartOf\":{\"@id\":\"https:\\\/\\\/wobronietradycjiiwiary.com\\\/pl\\\/#website\"},\"primaryImageOfPage\":{\"@id\":\"https:\\\/\\\/wobronietradycjiiwiary.com\\\/17-go-lipca-zywot-swietego-aleksego-wyznawcy\\\/#primaryimage\"},\"image\":{\"@id\":\"https:\\\/\\\/wobronietradycjiiwiary.com\\\/17-go-lipca-zywot-swietego-aleksego-wyznawcy\\\/#primaryimage\"},\"thumbnailUrl\":\"https:\\\/\\\/wobronietradycjiiwiary.com\\\/wp-content\\\/uploads\\\/2021\\\/07\\\/Aleksy-1.jpg\",\"datePublished\":\"2021-07-17T06:00:00+00:00\",\"dateModified\":\"2025-02-10T10:16:13+00:00\",\"breadcrumb\":{\"@id\":\"https:\\\/\\\/wobronietradycjiiwiary.com\\\/17-go-lipca-zywot-swietego-aleksego-wyznawcy\\\/#breadcrumb\"},\"inLanguage\":\"pl-PL\",\"potentialAction\":[{\"@type\":\"ReadAction\",\"target\":[\"https:\\\/\\\/wobronietradycjiiwiary.com\\\/17-go-lipca-zywot-swietego-aleksego-wyznawcy\\\/\"]}]},{\"@type\":\"ImageObject\",\"inLanguage\":\"pl-PL\",\"@id\":\"https:\\\/\\\/wobronietradycjiiwiary.com\\\/17-go-lipca-zywot-swietego-aleksego-wyznawcy\\\/#primaryimage\",\"url\":\"https:\\\/\\\/wobronietradycjiiwiary.com\\\/wp-content\\\/uploads\\\/2021\\\/07\\\/Aleksy-1.jpg\",\"contentUrl\":\"https:\\\/\\\/wobronietradycjiiwiary.com\\\/wp-content\\\/uploads\\\/2021\\\/07\\\/Aleksy-1.jpg\",\"width\":1127,\"height\":750},{\"@type\":\"BreadcrumbList\",\"@id\":\"https:\\\/\\\/wobronietradycjiiwiary.com\\\/17-go-lipca-zywot-swietego-aleksego-wyznawcy\\\/#breadcrumb\",\"itemListElement\":[{\"@type\":\"ListItem\",\"position\":1,\"name\":\"Strona g\u0142\u00f3wna\",\"item\":\"https:\\\/\\\/wobronietradycjiiwiary.com\\\/\"},{\"@type\":\"ListItem\",\"position\":2,\"name\":\"17-go Lipca. \u017bywot \u015bwi\u0119tego Aleksego, Wyznawcy.\"}]},{\"@type\":\"WebSite\",\"@id\":\"https:\\\/\\\/wobronietradycjiiwiary.com\\\/pl\\\/#website\",\"url\":\"https:\\\/\\\/wobronietradycjiiwiary.com\\\/pl\\\/\",\"name\":\"Tradycja i Wiara\",\"description\":\"Portal dla katolik\u00f3w.\",\"publisher\":{\"@id\":\"https:\\\/\\\/wobronietradycjiiwiary.com\\\/pl\\\/#organization\"},\"potentialAction\":[{\"@type\":\"SearchAction\",\"target\":{\"@type\":\"EntryPoint\",\"urlTemplate\":\"https:\\\/\\\/wobronietradycjiiwiary.com\\\/pl\\\/?s={search_term_string}\"},\"query-input\":{\"@type\":\"PropertyValueSpecification\",\"valueRequired\":true,\"valueName\":\"search_term_string\"}}],\"inLanguage\":\"pl-PL\"},{\"@type\":\"Organization\",\"@id\":\"https:\\\/\\\/wobronietradycjiiwiary.com\\\/pl\\\/#organization\",\"name\":\"Tradycja i Wiara\",\"url\":\"https:\\\/\\\/wobronietradycjiiwiary.com\\\/pl\\\/\",\"logo\":{\"@type\":\"ImageObject\",\"inLanguage\":\"pl-PL\",\"@id\":\"https:\\\/\\\/wobronietradycjiiwiary.com\\\/pl\\\/#\\\/schema\\\/logo\\\/image\\\/\",\"url\":\"https:\\\/\\\/i0.wp.com\\\/wobronietradycjiiwiary.com\\\/wp-content\\\/uploads\\\/2015\\\/10\\\/cropped-st-peters-dome-vatican.jpg?fit=940%2C198&ssl=1\",\"contentUrl\":\"https:\\\/\\\/i0.wp.com\\\/wobronietradycjiiwiary.com\\\/wp-content\\\/uploads\\\/2015\\\/10\\\/cropped-st-peters-dome-vatican.jpg?fit=940%2C198&ssl=1\",\"width\":940,\"height\":198,\"caption\":\"Tradycja i Wiara\"},\"image\":{\"@id\":\"https:\\\/\\\/wobronietradycjiiwiary.com\\\/pl\\\/#\\\/schema\\\/logo\\\/image\\\/\"},\"sameAs\":[\"https:\\\/\\\/www.facebook.com\\\/Tradycja-i-Wiara-108813920592249\"]},{\"@type\":\"Person\",\"@id\":\"https:\\\/\\\/wobronietradycjiiwiary.com\\\/pl\\\/#\\\/schema\\\/person\\\/2d6180ce6abcb681fef0daab7816e8f3\",\"name\":\"Traditio et Fides\",\"sameAs\":[\"https:\\\/\\\/traditionundglauben.com\"],\"url\":\"https:\\\/\\\/wobronietradycjiiwiary.com\\\/pl\\\/author\\\/wobronietradycjiiwiary\\\/\"}]}<\/script>\n<!-- \/ Yoast SEO plugin. -->","yoast_head_json":{"title":"17-go Lipca. \u017bywot \u015bwi\u0119tego Aleksego, Wyznawcy. - Tradycja i Wiara","robots":{"index":"index","follow":"follow","max-snippet":"max-snippet:-1","max-image-preview":"max-image-preview:large","max-video-preview":"max-video-preview:-1"},"canonical":"https:\/\/wobronietradycjiiwiary.com\/pl\/17-go-lipca-zywot-swietego-aleksego-wyznawcy\/","og_locale":"pl_PL","og_type":"article","og_title":"17-go Lipca. \u017bywot \u015bwi\u0119tego Aleksego, Wyznawcy. - Tradycja i Wiara","og_description":"\u015aw. Aleksy doko\u0144czy\u0142 \u017cywota pod schodami w\u0142asnego domu, nierozpoznany przez rodzic\u00f3w i dr\u0119czony przez s\u0142u\u017cb\u0119. Pan B\u00f3g bywa zagadkowy w niejednej drodze do \u015bwi\u0119to\u015bci.","og_url":"https:\/\/wobronietradycjiiwiary.com\/pl\/17-go-lipca-zywot-swietego-aleksego-wyznawcy\/","og_site_name":"Tradycja i Wiara","article_publisher":"https:\/\/www.facebook.com\/Tradycja-i-Wiara-108813920592249","article_published_time":"2021-07-17T06:00:00+00:00","article_modified_time":"2025-02-10T10:16:13+00:00","og_image":[{"width":1127,"height":750,"url":"https:\/\/wobronietradycjiiwiary.com\/wp-content\/uploads\/2021\/07\/Aleksy-1.jpg","type":"image\/jpeg"}],"author":"Traditio et Fides","twitter_card":"summary_large_image","twitter_misc":{"Napisane przez":"Traditio et Fides","Szacowany czas czytania":"7 minut"},"schema":{"@context":"https:\/\/schema.org","@graph":[{"@type":"Article","@id":"https:\/\/wobronietradycjiiwiary.com\/17-go-lipca-zywot-swietego-aleksego-wyznawcy\/#article","isPartOf":{"@id":"https:\/\/wobronietradycjiiwiary.com\/17-go-lipca-zywot-swietego-aleksego-wyznawcy\/"},"author":{"name":"Traditio et Fides","@id":"https:\/\/wobronietradycjiiwiary.com\/pl\/#\/schema\/person\/2d6180ce6abcb681fef0daab7816e8f3"},"headline":"17-go Lipca. \u017bywot \u015bwi\u0119tego Aleksego, Wyznawcy.","datePublished":"2021-07-17T06:00:00+00:00","dateModified":"2025-02-10T10:16:13+00:00","mainEntityOfPage":{"@id":"https:\/\/wobronietradycjiiwiary.com\/17-go-lipca-zywot-swietego-aleksego-wyznawcy\/"},"wordCount":1851,"commentCount":0,"publisher":{"@id":"https:\/\/wobronietradycjiiwiary.com\/pl\/#organization"},"image":{"@id":"https:\/\/wobronietradycjiiwiary.com\/17-go-lipca-zywot-swietego-aleksego-wyznawcy\/#primaryimage"},"thumbnailUrl":"https:\/\/wobronietradycjiiwiary.com\/wp-content\/uploads\/2021\/07\/Aleksy-1.jpg","articleSection":["07. \u015awi\u0119ta w lipcu","Liturgia i liturgika"],"inLanguage":"pl-PL","potentialAction":[{"@type":"CommentAction","name":"Comment","target":["https:\/\/wobronietradycjiiwiary.com\/17-go-lipca-zywot-swietego-aleksego-wyznawcy\/#respond"]}]},{"@type":"WebPage","@id":"https:\/\/wobronietradycjiiwiary.com\/17-go-lipca-zywot-swietego-aleksego-wyznawcy\/","url":"https:\/\/wobronietradycjiiwiary.com\/17-go-lipca-zywot-swietego-aleksego-wyznawcy\/","name":"17-go Lipca. \u017bywot \u015bwi\u0119tego Aleksego, Wyznawcy. - Tradycja i Wiara","isPartOf":{"@id":"https:\/\/wobronietradycjiiwiary.com\/pl\/#website"},"primaryImageOfPage":{"@id":"https:\/\/wobronietradycjiiwiary.com\/17-go-lipca-zywot-swietego-aleksego-wyznawcy\/#primaryimage"},"image":{"@id":"https:\/\/wobronietradycjiiwiary.com\/17-go-lipca-zywot-swietego-aleksego-wyznawcy\/#primaryimage"},"thumbnailUrl":"https:\/\/wobronietradycjiiwiary.com\/wp-content\/uploads\/2021\/07\/Aleksy-1.jpg","datePublished":"2021-07-17T06:00:00+00:00","dateModified":"2025-02-10T10:16:13+00:00","breadcrumb":{"@id":"https:\/\/wobronietradycjiiwiary.com\/17-go-lipca-zywot-swietego-aleksego-wyznawcy\/#breadcrumb"},"inLanguage":"pl-PL","potentialAction":[{"@type":"ReadAction","target":["https:\/\/wobronietradycjiiwiary.com\/17-go-lipca-zywot-swietego-aleksego-wyznawcy\/"]}]},{"@type":"ImageObject","inLanguage":"pl-PL","@id":"https:\/\/wobronietradycjiiwiary.com\/17-go-lipca-zywot-swietego-aleksego-wyznawcy\/#primaryimage","url":"https:\/\/wobronietradycjiiwiary.com\/wp-content\/uploads\/2021\/07\/Aleksy-1.jpg","contentUrl":"https:\/\/wobronietradycjiiwiary.com\/wp-content\/uploads\/2021\/07\/Aleksy-1.jpg","width":1127,"height":750},{"@type":"BreadcrumbList","@id":"https:\/\/wobronietradycjiiwiary.com\/17-go-lipca-zywot-swietego-aleksego-wyznawcy\/#breadcrumb","itemListElement":[{"@type":"ListItem","position":1,"name":"Strona g\u0142\u00f3wna","item":"https:\/\/wobronietradycjiiwiary.com\/"},{"@type":"ListItem","position":2,"name":"17-go Lipca. \u017bywot \u015bwi\u0119tego Aleksego, Wyznawcy."}]},{"@type":"WebSite","@id":"https:\/\/wobronietradycjiiwiary.com\/pl\/#website","url":"https:\/\/wobronietradycjiiwiary.com\/pl\/","name":"Tradycja i Wiara","description":"Portal dla katolik\u00f3w.","publisher":{"@id":"https:\/\/wobronietradycjiiwiary.com\/pl\/#organization"},"potentialAction":[{"@type":"SearchAction","target":{"@type":"EntryPoint","urlTemplate":"https:\/\/wobronietradycjiiwiary.com\/pl\/?s={search_term_string}"},"query-input":{"@type":"PropertyValueSpecification","valueRequired":true,"valueName":"search_term_string"}}],"inLanguage":"pl-PL"},{"@type":"Organization","@id":"https:\/\/wobronietradycjiiwiary.com\/pl\/#organization","name":"Tradycja i Wiara","url":"https:\/\/wobronietradycjiiwiary.com\/pl\/","logo":{"@type":"ImageObject","inLanguage":"pl-PL","@id":"https:\/\/wobronietradycjiiwiary.com\/pl\/#\/schema\/logo\/image\/","url":"https:\/\/i0.wp.com\/wobronietradycjiiwiary.com\/wp-content\/uploads\/2015\/10\/cropped-st-peters-dome-vatican.jpg?fit=940%2C198&ssl=1","contentUrl":"https:\/\/i0.wp.com\/wobronietradycjiiwiary.com\/wp-content\/uploads\/2015\/10\/cropped-st-peters-dome-vatican.jpg?fit=940%2C198&ssl=1","width":940,"height":198,"caption":"Tradycja i Wiara"},"image":{"@id":"https:\/\/wobronietradycjiiwiary.com\/pl\/#\/schema\/logo\/image\/"},"sameAs":["https:\/\/www.facebook.com\/Tradycja-i-Wiara-108813920592249"]},{"@type":"Person","@id":"https:\/\/wobronietradycjiiwiary.com\/pl\/#\/schema\/person\/2d6180ce6abcb681fef0daab7816e8f3","name":"Traditio et Fides","sameAs":["https:\/\/traditionundglauben.com"],"url":"https:\/\/wobronietradycjiiwiary.com\/pl\/author\/wobronietradycjiiwiary\/"}]}},"jetpack_publicize_connections":[],"jetpack_sharing_enabled":true,"jetpack_likes_enabled":true,"jetpack_shortlink":"https:\/\/wp.me\/pc04Sd-d8N","jetpack-related-posts":[{"id":96622,"url":"https:\/\/wobronietradycjiiwiary.com\/pl\/17-go-lipca-zywot-swietego-aleksego-wyznawcy-3\/","url_meta":{"origin":50517,"position":0},"title":"17-go Lipca. \u017bywot \u015bwi\u0119tego Aleksego, Wyznawcy.","author":"Traditio et Fides","date":"17 lipca 2023","format":false,"excerpt":"\u015aw. Aleksy doko\u0144czy\u0142 \u017cywota pod schodami w\u0142asnego domu, nierozpoznany przez rodzic\u00f3w i dr\u0119czony przez s\u0142u\u017cb\u0119. Pan B\u00f3g bywa zagadkowy w niejednej drodze do \u015bwi\u0119to\u015bci.","rel":"","context":"W \u201e07. \u015awi\u0119ta w lipcu&quot;","block_context":{"text":"07. \u015awi\u0119ta w lipcu","link":"https:\/\/wobronietradycjiiwiary.com\/pl\/category\/duchowosc\/liturgia-i-liturgika\/rozwazania\/rok-liturgiczny\/swieta-w-lipcu\/"},"img":{"alt_text":"","src":"https:\/\/i0.wp.com\/wobronietradycjiiwiary.com\/wp-content\/uploads\/2021\/07\/Aleksy-1.jpg?resize=350%2C200&ssl=1","width":350,"height":200,"srcset":"https:\/\/i0.wp.com\/wobronietradycjiiwiary.com\/wp-content\/uploads\/2021\/07\/Aleksy-1.jpg?resize=350%2C200&ssl=1 1x, https:\/\/i0.wp.com\/wobronietradycjiiwiary.com\/wp-content\/uploads\/2021\/07\/Aleksy-1.jpg?resize=525%2C300&ssl=1 1.5x, https:\/\/i0.wp.com\/wobronietradycjiiwiary.com\/wp-content\/uploads\/2021\/07\/Aleksy-1.jpg?resize=700%2C400&ssl=1 2x, https:\/\/i0.wp.com\/wobronietradycjiiwiary.com\/wp-content\/uploads\/2021\/07\/Aleksy-1.jpg?resize=1050%2C600&ssl=1 3x"},"classes":[]},{"id":72860,"url":"https:\/\/wobronietradycjiiwiary.com\/pl\/17-go-lipca-zywot-swietego-aleksego-wyznawcy-2\/","url_meta":{"origin":50517,"position":1},"title":"17-go Lipca. \u017bywot \u015bwi\u0119tego Aleksego, Wyznawcy.","author":"Traditio et Fides","date":"17 lipca 2022","format":false,"excerpt":"\u015aw. Aleksy doko\u0144czy\u0142 \u017cywota pod schodami w\u0142asnego domu, nierozpoznany przez rodzic\u00f3w i dr\u0119czony przez s\u0142u\u017cb\u0119. Pan B\u00f3g bywa zagadkowy w niejednej drodze do \u015bwi\u0119to\u015bci.","rel":"","context":"W \u201e07. \u015awi\u0119ta w lipcu&quot;","block_context":{"text":"07. \u015awi\u0119ta w lipcu","link":"https:\/\/wobronietradycjiiwiary.com\/pl\/category\/duchowosc\/liturgia-i-liturgika\/rozwazania\/rok-liturgiczny\/swieta-w-lipcu\/"},"img":{"alt_text":"","src":"https:\/\/i0.wp.com\/wobronietradycjiiwiary.com\/wp-content\/uploads\/2021\/07\/Aleksy-1.jpg?resize=350%2C200&ssl=1","width":350,"height":200,"srcset":"https:\/\/i0.wp.com\/wobronietradycjiiwiary.com\/wp-content\/uploads\/2021\/07\/Aleksy-1.jpg?resize=350%2C200&ssl=1 1x, https:\/\/i0.wp.com\/wobronietradycjiiwiary.com\/wp-content\/uploads\/2021\/07\/Aleksy-1.jpg?resize=525%2C300&ssl=1 1.5x, https:\/\/i0.wp.com\/wobronietradycjiiwiary.com\/wp-content\/uploads\/2021\/07\/Aleksy-1.jpg?resize=700%2C400&ssl=1 2x, https:\/\/i0.wp.com\/wobronietradycjiiwiary.com\/wp-content\/uploads\/2021\/07\/Aleksy-1.jpg?resize=1050%2C600&ssl=1 3x"},"classes":[]},{"id":147292,"url":"https:\/\/wobronietradycjiiwiary.com\/pl\/17-go-lipca-zywot-swietego-aleksego-wyznawcy-3-3\/","url_meta":{"origin":50517,"position":2},"title":"17-go Lipca. \u017bywot \u015bwi\u0119tego Aleksego, Wyznawcy.","author":"Traditio et Fides","date":"17 lipca 2025","format":false,"excerpt":"\u015aw. Aleksy doko\u0144czy\u0142 \u017cywota pod schodami w\u0142asnego domu, nierozpoznany przez rodzic\u00f3w i dr\u0119czony przez s\u0142u\u017cb\u0119. Pan B\u00f3g bywa zagadkowy w niejednej drodze do \u015bwi\u0119to\u015bci.","rel":"","context":"W \u201e07. \u015awi\u0119ta w lipcu&quot;","block_context":{"text":"07. \u015awi\u0119ta w lipcu","link":"https:\/\/wobronietradycjiiwiary.com\/pl\/category\/duchowosc\/liturgia-i-liturgika\/rozwazania\/rok-liturgiczny\/swieta-w-lipcu\/"},"img":{"alt_text":"","src":"https:\/\/i0.wp.com\/wobronietradycjiiwiary.com\/wp-content\/uploads\/2021\/07\/Aleksy-1.jpg?resize=350%2C200&ssl=1","width":350,"height":200,"srcset":"https:\/\/i0.wp.com\/wobronietradycjiiwiary.com\/wp-content\/uploads\/2021\/07\/Aleksy-1.jpg?resize=350%2C200&ssl=1 1x, https:\/\/i0.wp.com\/wobronietradycjiiwiary.com\/wp-content\/uploads\/2021\/07\/Aleksy-1.jpg?resize=525%2C300&ssl=1 1.5x, https:\/\/i0.wp.com\/wobronietradycjiiwiary.com\/wp-content\/uploads\/2021\/07\/Aleksy-1.jpg?resize=700%2C400&ssl=1 2x, https:\/\/i0.wp.com\/wobronietradycjiiwiary.com\/wp-content\/uploads\/2021\/07\/Aleksy-1.jpg?resize=1050%2C600&ssl=1 3x"},"classes":[]},{"id":118564,"url":"https:\/\/wobronietradycjiiwiary.com\/pl\/17-go-lipca-zywot-swietego-aleksego-wyznawcy-3-2\/","url_meta":{"origin":50517,"position":3},"title":"17-go Lipca. \u017bywot \u015bwi\u0119tego Aleksego, Wyznawcy.","author":"Traditio et Fides","date":"17 lipca 2024","format":false,"excerpt":"\u015aw. Aleksy doko\u0144czy\u0142 \u017cywota pod schodami w\u0142asnego domu, nierozpoznany przez rodzic\u00f3w i dr\u0119czony przez s\u0142u\u017cb\u0119. Pan B\u00f3g bywa zagadkowy w niejednej drodze do \u015bwi\u0119to\u015bci.","rel":"","context":"W \u201e07. \u015awi\u0119ta w lipcu&quot;","block_context":{"text":"07. \u015awi\u0119ta w lipcu","link":"https:\/\/wobronietradycjiiwiary.com\/pl\/category\/duchowosc\/liturgia-i-liturgika\/rozwazania\/rok-liturgiczny\/swieta-w-lipcu\/"},"img":{"alt_text":"","src":"https:\/\/i0.wp.com\/wobronietradycjiiwiary.com\/wp-content\/uploads\/2021\/07\/Aleksy-1.jpg?resize=350%2C200&ssl=1","width":350,"height":200,"srcset":"https:\/\/i0.wp.com\/wobronietradycjiiwiary.com\/wp-content\/uploads\/2021\/07\/Aleksy-1.jpg?resize=350%2C200&ssl=1 1x, https:\/\/i0.wp.com\/wobronietradycjiiwiary.com\/wp-content\/uploads\/2021\/07\/Aleksy-1.jpg?resize=525%2C300&ssl=1 1.5x, https:\/\/i0.wp.com\/wobronietradycjiiwiary.com\/wp-content\/uploads\/2021\/07\/Aleksy-1.jpg?resize=700%2C400&ssl=1 2x, https:\/\/i0.wp.com\/wobronietradycjiiwiary.com\/wp-content\/uploads\/2021\/07\/Aleksy-1.jpg?resize=1050%2C600&ssl=1 3x"},"classes":[]},{"id":86340,"url":"https:\/\/wobronietradycjiiwiary.com\/pl\/26-go-marca-zywot-swietego-jana-pustelnika-2-2\/","url_meta":{"origin":50517,"position":4},"title":"26-go Marca. \u017bywot \u015bwi\u0119tego Jana, Pustelnika.","author":"Traditio et Fides","date":"26 marca 2023","format":false,"excerpt":"Rzeczywi\u015bcie trudno zrozumie\u0107 niekt\u00f3re \u017cywoty \u015bwi\u0119tych, jak \u015bw. Jana Pustelnika i bardzo podobny \u017cywot \u015bw. Aleksego. Ale takie w\u0142a\u015bnie by\u0142o \u017cycie wy\u0142\u0105cznie dla Boga zapoznany przez wszystkich. Gdyby zosta\u0142 zakonnikiem mia\u0142y \"stanowisko\" i uznanie spo\u0142eczne. A w chatce u w\u0142asnych rodzic\u00f3w jako \u017cebrak nie. I o to chodzi.","rel":"","context":"W \u201e03. \u015awi\u0119ta w marcu&quot;","block_context":{"text":"03. \u015awi\u0119ta w marcu","link":"https:\/\/wobronietradycjiiwiary.com\/pl\/category\/duchowosc\/liturgia-i-liturgika\/rozwazania\/rok-liturgiczny\/swieta-w-marcu\/"},"img":{"alt_text":"","src":"https:\/\/i0.wp.com\/wobronietradycjiiwiary.com\/wp-content\/uploads\/2021\/03\/Jan-Pustelnik-Rzym.jpg?resize=350%2C200&ssl=1","width":350,"height":200},"classes":[]},{"id":44608,"url":"https:\/\/wobronietradycjiiwiary.com\/pl\/26-go-marca-zywot-swietego-jana-pustelnika-2\/","url_meta":{"origin":50517,"position":5},"title":"26-go Marca. \u017bywot \u015bwi\u0119tego Jana, Pustelnika.","author":"Traditio et Fides","date":"26 marca 2022","format":false,"excerpt":"Rzeczywi\u015bcie trudno zrozumie\u0107 niekt\u00f3re \u017cywoty \u015bwi\u0119tych, jak \u015bw. Jana Pustelnika i bardzo podobny \u017cywot \u015bw. Aleksego. Ale takie w\u0142a\u015bnie by\u0142o \u017cycie wy\u0142\u0105cznie dla Boga zapoznany przez wszystkich. Gdyby zosta\u0142 zakonnikiem mia\u0142y \"stanowisko\" i uznanie spo\u0142eczne. A w chatce u w\u0142asnych rodzic\u00f3w jako \u017cebrak nie. I o to chodzi.","rel":"","context":"W \u201e03. \u015awi\u0119ta w marcu&quot;","block_context":{"text":"03. \u015awi\u0119ta w marcu","link":"https:\/\/wobronietradycjiiwiary.com\/pl\/category\/duchowosc\/liturgia-i-liturgika\/rozwazania\/rok-liturgiczny\/swieta-w-marcu\/"},"img":{"alt_text":"","src":"https:\/\/i0.wp.com\/wobronietradycjiiwiary.com\/wp-content\/uploads\/2021\/03\/Jan-Pustelnik-Rzym.jpg?resize=350%2C200&ssl=1","width":350,"height":200},"classes":[]}],"amp_enabled":true,"jetpack_featured_media_url":"https:\/\/wobronietradycjiiwiary.com\/wp-content\/uploads\/2021\/07\/Aleksy-1.jpg","_links":{"self":[{"href":"https:\/\/wobronietradycjiiwiary.com\/pl\/wp-json\/wp\/v2\/posts\/50517","targetHints":{"allow":["GET"]}}],"collection":[{"href":"https:\/\/wobronietradycjiiwiary.com\/pl\/wp-json\/wp\/v2\/posts"}],"about":[{"href":"https:\/\/wobronietradycjiiwiary.com\/pl\/wp-json\/wp\/v2\/types\/post"}],"author":[{"embeddable":true,"href":"https:\/\/wobronietradycjiiwiary.com\/pl\/wp-json\/wp\/v2\/users\/60508433"}],"replies":[{"embeddable":true,"href":"https:\/\/wobronietradycjiiwiary.com\/pl\/wp-json\/wp\/v2\/comments?post=50517"}],"version-history":[{"count":1,"href":"https:\/\/wobronietradycjiiwiary.com\/pl\/wp-json\/wp\/v2\/posts\/50517\/revisions"}],"predecessor-version":[{"id":77905,"href":"https:\/\/wobronietradycjiiwiary.com\/pl\/wp-json\/wp\/v2\/posts\/50517\/revisions\/77905"}],"wp:featuredmedia":[{"embeddable":true,"href":"https:\/\/wobronietradycjiiwiary.com\/pl\/wp-json\/wp\/v2\/media\/50521"}],"wp:attachment":[{"href":"https:\/\/wobronietradycjiiwiary.com\/pl\/wp-json\/wp\/v2\/media?parent=50517"}],"wp:term":[{"taxonomy":"category","embeddable":true,"href":"https:\/\/wobronietradycjiiwiary.com\/pl\/wp-json\/wp\/v2\/categories?post=50517"},{"taxonomy":"post_tag","embeddable":true,"href":"https:\/\/wobronietradycjiiwiary.com\/pl\/wp-json\/wp\/v2\/tags?post=50517"}],"curies":[{"name":"wp","href":"https:\/\/api.w.org\/{rel}","templated":true}]}}