{"id":50503,"date":"2021-07-15T08:20:00","date_gmt":"2021-07-15T06:20:00","guid":{"rendered":"https:\/\/wobronietradycjiiwiary.com\/?p=50503"},"modified":"2025-02-10T11:16:13","modified_gmt":"2025-02-10T10:16:13","slug":"15-go-lipca-zywot-blogoslawionego-szymona-z-lipnicy","status":"publish","type":"post","link":"https:\/\/wobronietradycjiiwiary.com\/pl\/15-go-lipca-zywot-blogoslawionego-szymona-z-lipnicy\/","title":{"rendered":"15-go Lipca. \u017bywot b\u0142ogos\u0142awionego Szymona z Lipnicy."},"content":{"rendered":"<div id=\"bsf_rt_marker\"><\/div>\n<p class=\"has-text-align-center wp-block-paragraph\">(\u017by\u0142 oko\u0142o roku Pa\u0144skiego 1480).<\/p>\n\n\n\n<figure class=\"wp-block-image\"><a href=\"https:\/\/pl.wikisource.org\/wiki\/Plik:%C5%BBywoty_%C5%9Bw._Pa%C5%84skich_na_wszystkie_dnie_roku-Inicja%C5%82-O.png\"><img decoding=\"async\" src=\"https:\/\/upload.wikimedia.org\/wikipedia\/commons\/thumb\/6\/60\/%C5%BBywoty_%C5%9Bw._Pa%C5%84skich_na_wszystkie_dnie_roku-Inicja%C5%82-O.png\/57px-%C5%BBywoty_%C5%9Bw._Pa%C5%84skich_na_wszystkie_dnie_roku-Inicja%C5%82-O.png\" alt=\"O\"\/><\/a><\/figure>\n\n\n\n<p class=\"has-text-align-justify wp-block-paragraph\">Ojczyzn\u0105 b\u0142ogos\u0142awionego Szymona jest Lipnica, miasteczko po\u0142o\u017cone przy pa\u015bmie g\u00f3r Karpackich, o 10 mil od Krakowa, niedaleko Bochni. W tem miasteczku mieszkali ubodzy jego rodzice i on te\u017c tam przyszed\u0142 na \u015bwiat, oko\u0142o roku 1420.<\/p>\n\n\n\n<p class=\"has-text-align-justify wp-block-paragraph\"><br>\u2009Dobre nauki, a lepsze jeszcze przyk\u0142ady cnotliwego \u017cycia, jakie s\u0142ysza\u0142 i widzia\u0142 w domu rodzicielskim, zach\u0119ci\u0142y Szymona do dobrego post\u0119powania w dziecinnych jeszcze latach. Uczy\u0142 si\u0119 te\u017c pilnie i post\u0119powa\u0142 w naukach, a rodzice widz\u0105c to, wys\u0142ali go na dalsze kszta\u0142cenie do Krakowa. Akademia Krakowska przygotowywa\u0142a uczonych i \u015awi\u0119tych. Nauczycielami lub wsp\u00f3\u0142uczniami b\u0142ogos\u0142awionego Szymona byli: \u015bw. Jan Kanty, b\u0142ogos\u0142. Jan z Dukli, b\u0142ogos\u0142. W\u0142adys\u0142aw z Gielniowa, Wielebny Micha\u0142 Giedroj\u0107 i wielu innych. Przy pracy i pomocy tak \u015bwiat\u0142ych m\u0119\u017c\u00f3w, wkr\u00f3tce tak post\u0105pi\u0142 w naukach, i\u017c zosta\u0142 zaliczonym w poczet Profesor\u00f3w; podobne post\u0119py uczyni\u0142 w cnotach chrze\u015bcija\u0144skich. St\u0105d nic dziwnego, \u017ce kiedy Jan Kapistran pocz\u0105\u0142 miewa\u0107 kazania na rynku krakowskim, zasta\u0142 tam ju\u017c jego i wiele innych serc dobrze do s\u0142u\u017cby Bo\u017cej przygotowanych. Bardzo wielu z Profesor\u00f3w i uczni\u00f3w Akademii, zagrzani gor\u0105cemi s\u0142owy tego \u015bwi\u0119tego Kaznodziei, porzuci\u0142o szerok\u0105 drog\u0119 \u015bwiatow\u0105 i przyj\u0119li jarzmo Chrystusowe przez wst\u0105pienie do zakonu. B\u0142ogos\u0142awiony Szymon r\u00f3wnie\u017c by\u0142 jednym z nich, obl\u00f3k\u0142 gruby habit \u015bw. Franciszka w klasztorze OO. Bernardyn\u00f3w w Krakowie na Stradomiu, a zerwawszy ze \u015bwiatem, wyda\u0142 walk\u0119 cia\u0142u swemu i szatanowi g\u0142\u00f3wnie przez modlitw\u0119 i umartwienie.<\/p>\n\n\n\n<p class=\"has-text-align-justify wp-block-paragraph\"><br>\u2009Wierny nabo\u017ce\u0144stwu do Matki Boskiej, kt\u00f3re przyni\u00f3s\u0142 jeszcze ze \u015bwiata, mia\u0142 zwyczaj codziennie odmawia\u0107 Jej pacierze, zwane Officium Parvum i koronk\u0119. Wigilie Jej uroczysto\u015bci i czterdzie\u015bci dni przed Jej Wniebowzi\u0119ciem suszy\u0142, a w dniach Jej czci po\u015bwi\u0119conych zamienia\u0142 zwyk\u0142\u0105 w\u0142osienic\u0119, kt\u00f3r\u0105 nosi\u0142, na ostrzejsz\u0105. Cz\u0119sto te\u017c w objawieniach pokazywa\u0142a mu si\u0119 Bogarodzica, niebiesk\u0105 pociech\u0105 serce jego nape\u0142niaj\u0105c. Dla \u0107wiczenia si\u0119 w pokorze uprasza\u0142 sobie zawsze, aby mu najni\u017csze w klasztorze pos\u0142ugi przeznaczano. Kloaki przewa\u017cnie on sam czy\u015bci\u0142, a poniewa\u017c zmys\u0142 powonienia mia\u0142 nadzwyczaj czu\u0142y, przeto naumy\u015blnie wchodzi\u0142 a\u017c na dno, aby si\u0119 w tem umartwia\u0107. Gdy z pos\u0142usze\u0144stwa przychodzi\u0142o mu sprawowa\u0107 urz\u0105d prze\u0142o\u017conego, poczytywa\u0142 to za jeden z najci\u0119\u017cszych przez Boga dopuszczonych krzy\u017c\u00f3w za grzechy swoje i wzdycha\u0142 za chwil\u0105, gdzie od tego bywa\u0142 uwolniony. Pr\u00f3cz zwyk\u0142ych zakonnych post\u00f3w zachowywa\u0142 cz\u0119sto jeszcze inne; krwawe dyscypliny odbywa\u0142 kilka razy w tygodniu, kt\u00f3re trwa\u0142y tak d\u0142ugo, ile mu czasu potrzeba by\u0142o na odm\u00f3wienie siedmiu\u00a0Psalm\u00f3w pokutnych. Nadto przepasywa\u0142 si\u0119 zawsze na go\u0142em ciele kolczastym, \u017celaznym paskiem. Gdy go Bracia zakonni upominali, i\u017c zbyt surowo z cia\u0142em swojem post\u0119puj\u0105c, nie daje mu odpoczynku, zwyk\u0142 odpowiada\u0107 wskazuj\u0105c na gr\u00f3b: \u201eTu ono dosy\u0107 odpocznie, teraz za\u015b niech zarabia na nagrody niebieskie.\u201c<br><\/p>\n\n\n\n<p class=\"has-text-align-justify wp-block-paragraph\">\u2009Obdarzony znakomit\u0105 wymow\u0105, pracowa\u0142 wiele na kazalnicy i mn\u00f3stwo dusz Panu Bogu pozyska\u0142. S\u0142awa jego jako wielkiego kaznodziei i \u015bw. Zakonnika, pobudzi\u0142a zazdrosnych przeciw niemu. Oskar\u017cyli go oni przed w\u0142adz\u0105 dyecezyaln\u0105, jakoby w Ko\u015bciele Bo\u017cym nowo\u015bci zaprowadza\u0142. Mia\u0142 bowiem zwyczaj po ka\u017cdem kazaniu poleca\u0107 ludowi trzykrotne wezwanie Imienia \u201eJezus.\u201c Z tego powodu wezwano go do w\u0142adzy w celu wyt\u0142\u00f3maczenia si\u0119. Szymon na sw\u0105 obron\u0119 tak odpowiedzia\u0142: \u201eWszak\u017ce Aposto\u0142 Pawe\u0142 Imi\u0119 to roznosi\u0107 kaza\u0142 pomi\u0119dzy narody, kr\u00f3le i syny Izraelskie. Jan Ewangelista wi\u0119cej ni\u017c dwie\u015bcie razy wymieni\u0142 je w swojej Ewangelii, a \u015bwi\u0119ty Bernard napisa\u0142: \u201eSuchym b\u0119dzie pokarm dla duszy, je\u015bli tem Imieniem nie b\u0119dzie okraszony\u201c, wko\u0144cu wreszcie w Pi\u015bmie \u015bw. stoi: \u201e\u017be ka\u017cdy, kt\u00f3ryby wzywa\u0142 Imienia Pa\u0144skiego, zbawion b\u0119dzie.\u201c (Joel 2, 32). S\u0142\u00f3w te kilka dostatecznymi by\u0142y na jego obron\u0119, poczem Szymon odszed\u0142 z pochwa\u0142\u0105 od w\u0142adzy za gorliwo\u015b\u0107 swoj\u0105 o s\u0142aw\u0119 Imienia \u201eJezus\u201c, modl\u0105c si\u0119 gor\u0105co za tych kt\u00f3rzy w zawi\u015bci ku niemu zaszkodzi\u0107 mu chcieli.<\/p>\n\n\n\n<p class=\"has-text-align-justify wp-block-paragraph\"><br>\u2009Dla wi\u0119kszego przej\u0119cia si\u0119 mi\u0142o\u015bci\u0105 M\u0119ki Pana Jezusa, odprawi\u0142 podr\u00f3\u017c wraz z jednym towarzyszem do Ziemi \u015bwi\u0119tej, bez \u017cadnych zgo\u0142a zasob\u00f3w pieni\u0119\u017cnych, zdaj\u0105c si\u0119 jedynie na Opatrzno\u015b\u0107 Pana Boga. Najprzo\u00f3d zwiedzi\u0142 progi Apostolskie, to jest Rzym, gdzie otrzyma\u0142 b\u0142ogos\u0142awie\u0144stwo Papieskie. Nast\u0119pnie po wielu niebezpiecznych przej\u015bciach stan\u0105\u0142 szcz\u0119\u015bliwie w Jerozolimie, gdzie skrapia\u0142 \u0142zami i okrywa\u0142 gor\u0105cymi poca\u0142unkami miejsca, kt\u00f3re Zbawiciel nasz stopami Swemi i Przenaj\u015bwi\u0119tsz\u0105 Krwi\u0105 Swoj\u0105 naznaczy\u0142.<\/p>\n\n\n\n<p class=\"has-text-align-justify wp-block-paragraph\"><br>\u2009Po powrocie do Krakowa rozgrzany jeszcze bardziej mi\u0142o\u015bci\u0105 Bo\u017c\u0105, z Bogiem tylko w swej celi zakonnej przestawa\u0142, chyba \u017ce potrzeba bli\u017aniego wymaga\u0142a jego us\u0142ugi.<\/p>\n\n\n\n<p class=\"has-text-align-justify wp-block-paragraph\"><br>\u2009Za jego czas\u00f3w nawiedzi\u0142 Pan B\u00f3g kraj nasz, a mianowicie Krak\u00f3w, ci\u0119\u017ckiem morowem powietrzem, pospolicie d\u017cum\u0105 zwanem. Gdy wszyscy nad t\u0105 kl\u0119sk\u0105 boleli, Szymon widz\u0105c jak ona pobudza\u0142a ludzi do skruchy i pokuty, nazywa\u0142 j\u0105\u00a0Jubileuszem wybranych, kt\u00f3rego wko\u0144cu i sam dost\u0105pi\u0142. Gdy bowiem w\u015br\u00f3d powszechnego pop\u0142ochu uciekaj\u0105cych z miasta przed morem, nawet niekt\u00f3rzy pasterze trzody swojej odst\u0105pili, Szymon podwajaj\u0105c gorliwo\u015b\u0107, dzie\u0144 i noc obs\u0142ugiwa\u0142 zapowietrzonych, udzielaj\u0105c im ostatnie Sakramenta i dogl\u0105daj\u0105c ich, a szczeg\u00f3lnie biedniejszych, gdy wszelkiego dozoru pozbawieni byli. W\u015br\u00f3d takowych us\u0142ug, w czasie kazania w oktaw\u0119 Nawiedzenia Naj\u015bwi\u0119tszej Maryi Panny, b\u0119d\u0105c na ambonie, uczu\u0142 na lewej \u0142opatce zbieraj\u0105cy si\u0119\u00a0wrz\u00f3d morowy. Pomimo tego, dop\u00f3ki m\u00f3g\u0142 chodzi\u0107, s\u0142u\u017cy\u0142 umieraj\u0105cym. Nakoniec musia\u0142 si\u0119 i sam po\u0142o\u017cy\u0107, a sz\u00f3stego dnia choroby opatrzony \u015bwi\u0119tymi Sakramentami, zasn\u0105\u0142 w Panu odmawiaj\u0105c nast\u0119puj\u0105c\u0105 modlitw\u0119: \u201ePrzyjd\u017a o s\u0142odki Zbawicielu, wywied\u017a moj\u0105 dusz\u0119 z wi\u0119z\u00f3w cia\u0142a, a zaprowad\u017a j\u0105 na niebieskie gody. Pragn\u0119 rozsta\u0107 si\u0119 ze \u015bwiatem, a po\u0142\u0105czy\u0107 si\u0119 z Tob\u0105, o Chryste Jezu.\u201c<\/p>\n\n\n\n<p class=\"has-text-align-justify wp-block-paragraph\"><br>\u2009Umar\u0142 dnia 18 lipca roku Pa\u0144skiego 1482. W lat za\u015b blizko dwie\u015bcie od jego \u015bmierci, po wyprowadzeniu sprawy o cudach dokonanych przy jego grobie i za jego przyczyn\u0105, Papie\u017c Aleksander VIII cze\u015b\u0107 publiczn\u0105 oddawa\u0107 mu dozwoli\u0142. \u015awi\u0119te Relikwie cia\u0142a jego znajduj\u0105 si\u0119 w ko\u015bciele OO. Bernardyn\u00f3w w Krakowie na Stradomiu.<\/p>\n\n\n\n<h2 class=\"wp-block-heading\"><br><strong>Nauka moralna.<\/strong><\/h2>\n\n\n\n<p class=\"wp-block-paragraph\">\u2009\u015awi\u0119ci Pa\u0144scy unikali \u015bwiata i ludzi, jak tylko mogli. Bo milsze im by\u0142o s\u0142odkie towarzystwo Pana Jezusa i Naj\u015bwi\u0119tszej Panny, od wszystkich przyjemno\u015bci i rozrywek \u015bwiatowych. Ale gdy bli\u017ani potrzebowa\u0142 ich doczesnej lub duchownej pomocy, porzucali modlitw\u0119, lubo nie bez wielkiej ofiary, aby sw\u0105 gor\u0105c\u0105 mi\u0142o\u015b\u0107 ku Bogu okaza\u0107 w czynnej mi\u0142o\u015bci bli\u017aniego. Ta te\u017c jest r\u00f3\u017cnica mi\u0119dzy prawdziw\u0105 a udan\u0105 pobo\u017cno\u015bci\u0105. Prawdziwa pobo\u017cno\u015b\u0107 zawsze i wsz\u0119dzie szuka Boga i chwa\u0142y Jego; fa\u0142szywa za\u015b pobo\u017cno\u015b\u0107 najcz\u0119\u015bciej szuka siebie i swojej wygody, swojej pr\u00f3\u017cno\u015bci, swojego spokoju, swego zadowolenia.<\/p>\n\n\n\n<p class=\"wp-block-paragraph\"><br>\u2009B\u0142ogos\u0142awione te\u017c by\u0142y czasy, gdzie po jednem kazaniu dusze wybrane opuszcza\u0142y niebezpieczne \u015bwiatowe manowce, a po\u015bwi\u0119ca\u0142y si\u0119 w zakonie Panu Bogu na s\u0142u\u017cb\u0119, i w kt\u00f3rych, jak to widzia\u0142e\u015b z \u017cywotu dopiero przeczytanego, tak wielu \u015awi\u0119tych wsp\u00f3\u0142cze\u015bnie krain\u0119 nasz\u0105 zdobi\u0142o. Gdy w tak r\u00f3\u017cnych pod tym wzgl\u0119dem \u017cyjemy czasach, m\u00f3dlmy si\u0119 gor\u0105co, aby Pan B\u00f3g wskrzesi\u0107 raczy\u0142 lepsze.<\/p>\n\n\n\n<h2 class=\"wp-block-heading\"><br><strong>Modlitwa.<\/strong><\/h2>\n\n\n\n<blockquote class=\"wp-block-quote is-layout-flow wp-block-quote-is-layout-flow\"><p>\u2009Wszechmog\u0105cy wieczny Bo\u017ce, kt\u00f3ry\u015b b\u0142ogos\u0142awionego Szymona, Wyznawc\u0119 Twojego, szczeg\u00f3lnemi \u0142askami w g\u0142oszeniu Ewangelii obdarzy\u0107 raczy\u0142, spraw mi\u0142o\u015bciwie, aby\u015bmy karmi\u0105c dusze nasze t\u0105\u017c nauk\u0105, kt\u00f3r\u0105 on g\u0142osi\u0142, spe\u0142niali, co Tobie jest mi\u0142em i drog\u0105 sprawiedliwo\u015bci do niebieskiej ojczyzny szcz\u0119\u015bliwie doj\u015b\u0107 mogli. Przez Pana naszego Jezusa Chrystusa, kt\u00f3ry z Bogiem Ojcem i z Duchem \u015bwi\u0119tym \u017cyje i kr\u00f3luje w Niebie i na ziemi, teraz i zawsze, i na wieki wiek\u00f3w. Amen.<\/p><\/blockquote>\n\n\n\n<figure class=\"wp-block-table\"><table><tbody><tr><td>\u2217&nbsp;&nbsp;&nbsp;&nbsp;&nbsp;&nbsp;&nbsp;&nbsp;&nbsp;&nbsp;&nbsp;&nbsp;&nbsp;&nbsp;&nbsp;&nbsp;&nbsp;&nbsp;&nbsp;&nbsp;\u2217<br>\u2217<\/td><\/tr><\/tbody><\/table><\/figure>\n\n\n\n<p class=\"wp-block-paragraph\">\u2009<em>Opr\u00f3cz tego obchodzi Ko\u015bci\u00f3\u0142 \u015bwi\u0119ty pami\u0105tk\u0119 nast\u0119puj\u0105cych \u015awi\u0119tych Pa\u0144skich, zamieszczonych w rzymskiem martyrologium:<\/em><\/p>\n\n\n\n<p class=\"has-text-align-justify wp-block-paragraph\">\u2009<strong>Dnia 15-go lipca<\/strong>&nbsp;w Bamberdze uroczysto\u015b\u0107 \u015bw.&nbsp;Henryka&nbsp;I, Cesarza; wsp\u00f3lnie z ma\u0142\u017conk\u0105 sw\u0105 Kunegund\u0105 zachowa\u0142 dozgonn\u0105 czysto\u015b\u0107 i by\u0142 przyczyn\u0105 nawr\u00f3cenia si\u0119 \u015bw. Stefana, kr\u00f3la w\u0119gierskiego wraz z ca\u0142ym ludem. \u2014 W Porto m\u0119cze\u0144stwo \u015bw.&nbsp;Eutropiusza&nbsp;ze swemi siostrami&nbsp;Zozym\u0105 i Bonoz\u0105. \u2014 W Kartaginie pami\u0105tka \u015bw.&nbsp;Katulina, Dyakona, dla kt\u00f3rego \u015bw. Augustyn mia\u0142 mow\u0119 pochwaln\u0105; r\u00f3wnie\u017c \u015bw.&nbsp;Januarego, Florencyusza, Julii i Justy, pochowanych w bazylice Faustusa. \u2014 W Aleksandryi \u015bmier\u0107 m\u0119cze\u0144ska \u015bw.&nbsp;Filipa, Zenona i Narzeusza z 10 dzie\u0107mi. \u2014 Na wyspie Tenedos uroczysto\u015b\u0107 \u015bw. M\u0119czennika&nbsp;Abudemiusza, dr\u0119czonego pod Dyoklecyanem. \u2014 W Seba\u015bcie m\u0119cze\u0144stwo \u015bw.&nbsp;Antyocha, Lekarza, \u015bci\u0119tego pod namiestnikiem Hadryanem; \u017ce jednak przy tem \u015bci\u0119ciu mleko wyp\u0142yn\u0119\u0142o a nie krew, przeto nawr\u00f3ci\u0142 si\u0119 kat Cyryak i zosta\u0142 r\u00f3wnie\u017c \u015bci\u0119ty. \u2014 W Pawii pami\u0105tka \u015bw.&nbsp;Feliksa, Biskupa i M\u0119czennika. \u2014 W Nizybie uroczysto\u015b\u0107 \u015bw.&nbsp;Jak\u00f3ba, Biskupa. Obdarzony darem cud\u00f3w i uczono\u015bci\u0105, by\u0142 jednym z owych wyznawc\u00f3w podczas prze\u015bladowania Galeryusza Maksymiana, kt\u00f3rzy na Soborze nicejskim pot\u0119piali przekr\u0119canie Aryusza przeciwstawieniem s\u0142owa \u201eHomousius to znaczy r\u00f3wny stworzeniu\u201c; na modlitwy jego i \u015bw. Aleksandra, Biskupa, otrzyma\u0142 Aryusz przynale\u017cn\u0105 mu zap\u0142at\u0119, gdy\u017c zmar\u0142 n\u0119dzn\u0105 \u015bmierci\u0105 w Konstantynopolu. \u2014 W Neapolu w Kampanii pami\u0105tka \u015bw.&nbsp;Atanazego, Biskupa, kt\u00f3ry przez swego bezbo\u017cnego kuzyna Sergiusza po wielu przykro\u015bciach wygnany zosta\u0142 i wielu nieszcz\u0119\u015bciami&nbsp;stargany, podczas rz\u0105d\u00f3w Karola \u0141ysego w Veroli, przeszed\u0142 do lepszego \u017cycia. \u2014 W Palermo znalezienie zw\u0142ok \u015bw.&nbsp;Rozalii, Dziewicy, odkryte cudownym sposobem za czas\u00f3w Papie\u017ca Urbana VIII, a kt\u00f3re Sycyli\u0119 w owym roku uwolni\u0142y od zarazy.<\/p>\n","protected":false},"excerpt":{"rendered":"<p>B\u0142og. Szymon z Lipnicy czy\u015bci\u0142 toalety, co z powodu czu\u0142ego zmys\u0142u powonienia by\u0142o dla niego podw\u00f3jnie przykre. Pomy\u015blmy o tym, gdy sami b\u0119dziemy sprz\u0105ta\u0107. <\/p>\n","protected":false},"author":60508433,"featured_media":50507,"comment_status":"open","ping_status":"open","sticky":false,"template":"","format":"standard","meta":{"_bbp_topic_count":0,"_bbp_reply_count":0,"_bbp_total_topic_count":0,"_bbp_total_reply_count":0,"_bbp_voice_count":0,"_bbp_anonymous_reply_count":0,"_bbp_topic_count_hidden":0,"_bbp_reply_count_hidden":0,"_bbp_forum_subforum_count":0,"_editorskit_title_hidden":false,"_editorskit_reading_time":5,"_editorskit_is_block_options_detached":false,"_editorskit_block_options_position":"{}","_coblocks_attr":"","_coblocks_dimensions":"","_coblocks_responsive_height":"","_coblocks_accordion_ie_support":"","_exactmetrics_skip_tracking":false,"_jetpack_newsletter_access":"","_jetpack_dont_email_post_to_subs":false,"_jetpack_newsletter_tier_id":0,"_jetpack_memberships_contains_paywalled_content":false,"_wpcom_ai_launchpad_first_post":false,"_jetpack_feature_clip_id":0,"_jetpack_memberships_contains_paid_content":false,"footnotes":"","jetpack_publicize_message":"{title}\n\n{excerpt}\n\n{url}","jetpack_publicize_feature_enabled":true,"jetpack_social_post_already_shared":true,"jetpack_social_options":{"image_generator_settings":{"template":"highway","default_image_id":0,"font":"","enabled":false},"version":2},"_wpas_customize_per_network":false,"jetpack_post_was_ever_published":false},"categories":[610131822,336375535],"tags":[],"class_list":["post-50503","post","type-post","status-publish","format-standard","has-post-thumbnail","hentry","category-swieta-w-lipcu","category-liturgia-i-liturgika"],"yoast_head":"<!-- This site is optimized with the Yoast SEO plugin v28.4 - https:\/\/yoast.com\/product\/yoast-seo-wordpress\/ -->\n<title>15-go Lipca. \u017bywot b\u0142ogos\u0142awionego Szymona z Lipnicy. - Tradycja i Wiara<\/title>\n<meta name=\"robots\" content=\"index, follow, max-snippet:-1, max-image-preview:large, max-video-preview:-1\" \/>\n<link rel=\"canonical\" href=\"https:\/\/wobronietradycjiiwiary.com\/pl\/15-go-lipca-zywot-blogoslawionego-szymona-z-lipnicy\/\" \/>\n<meta property=\"og:locale\" content=\"pl_PL\" \/>\n<meta property=\"og:type\" content=\"article\" \/>\n<meta property=\"og:title\" content=\"15-go Lipca. \u017bywot b\u0142ogos\u0142awionego Szymona z Lipnicy. - Tradycja i Wiara\" \/>\n<meta property=\"og:description\" content=\"B\u0142og. Szymon z Lipnicy czy\u015bci\u0142 toalety, co z powodu czu\u0142ego zmys\u0142u powonienia by\u0142o dla niego podw\u00f3jnie przykre. Pomy\u015blmy o tym, gdy sami b\u0119dziemy sprz\u0105ta\u0107.\" \/>\n<meta property=\"og:url\" content=\"https:\/\/wobronietradycjiiwiary.com\/pl\/15-go-lipca-zywot-blogoslawionego-szymona-z-lipnicy\/\" \/>\n<meta property=\"og:site_name\" content=\"Tradycja i Wiara\" \/>\n<meta property=\"article:publisher\" content=\"https:\/\/www.facebook.com\/Tradycja-i-Wiara-108813920592249\" \/>\n<meta property=\"article:published_time\" content=\"2021-07-15T06:20:00+00:00\" \/>\n<meta property=\"article:modified_time\" content=\"2025-02-10T10:16:13+00:00\" \/>\n<meta property=\"og:image\" content=\"https:\/\/wobronietradycjiiwiary.com\/wp-content\/uploads\/2021\/07\/Szymon-z-Lipnicy.gif\" \/>\n\t<meta property=\"og:image:width\" content=\"450\" \/>\n\t<meta property=\"og:image:height\" content=\"677\" \/>\n\t<meta property=\"og:image:type\" content=\"image\/gif\" \/>\n<meta name=\"author\" content=\"Traditio et Fides\" \/>\n<meta name=\"twitter:card\" content=\"summary_large_image\" \/>\n<meta name=\"twitter:label1\" content=\"Napisane przez\" \/>\n\t<meta name=\"twitter:data1\" content=\"Traditio et Fides\" \/>\n\t<meta name=\"twitter:label2\" content=\"Szacowany czas czytania\" \/>\n\t<meta name=\"twitter:data2\" content=\"7 minut\" \/>\n<script type=\"application\/ld+json\" class=\"yoast-schema-graph\">{\"@context\":\"https:\\\/\\\/schema.org\",\"@graph\":[{\"@type\":\"Article\",\"@id\":\"https:\\\/\\\/wobronietradycjiiwiary.com\\\/15-go-lipca-zywot-blogoslawionego-szymona-z-lipnicy\\\/#article\",\"isPartOf\":{\"@id\":\"https:\\\/\\\/wobronietradycjiiwiary.com\\\/15-go-lipca-zywot-blogoslawionego-szymona-z-lipnicy\\\/\"},\"author\":{\"name\":\"Traditio et Fides\",\"@id\":\"https:\\\/\\\/wobronietradycjiiwiary.com\\\/pl\\\/#\\\/schema\\\/person\\\/2d6180ce6abcb681fef0daab7816e8f3\"},\"headline\":\"15-go Lipca. \u017bywot b\u0142ogos\u0142awionego Szymona z Lipnicy.\",\"datePublished\":\"2021-07-15T06:20:00+00:00\",\"dateModified\":\"2025-02-10T10:16:13+00:00\",\"mainEntityOfPage\":{\"@id\":\"https:\\\/\\\/wobronietradycjiiwiary.com\\\/15-go-lipca-zywot-blogoslawionego-szymona-z-lipnicy\\\/\"},\"wordCount\":1718,\"commentCount\":0,\"publisher\":{\"@id\":\"https:\\\/\\\/wobronietradycjiiwiary.com\\\/pl\\\/#organization\"},\"image\":{\"@id\":\"https:\\\/\\\/wobronietradycjiiwiary.com\\\/15-go-lipca-zywot-blogoslawionego-szymona-z-lipnicy\\\/#primaryimage\"},\"thumbnailUrl\":\"https:\\\/\\\/wobronietradycjiiwiary.com\\\/wp-content\\\/uploads\\\/2021\\\/07\\\/Szymon-z-Lipnicy.gif\",\"articleSection\":[\"07. \u015awi\u0119ta w lipcu\",\"Liturgia i liturgika\"],\"inLanguage\":\"pl-PL\",\"potentialAction\":[{\"@type\":\"CommentAction\",\"name\":\"Comment\",\"target\":[\"https:\\\/\\\/wobronietradycjiiwiary.com\\\/15-go-lipca-zywot-blogoslawionego-szymona-z-lipnicy\\\/#respond\"]}]},{\"@type\":\"WebPage\",\"@id\":\"https:\\\/\\\/wobronietradycjiiwiary.com\\\/15-go-lipca-zywot-blogoslawionego-szymona-z-lipnicy\\\/\",\"url\":\"https:\\\/\\\/wobronietradycjiiwiary.com\\\/15-go-lipca-zywot-blogoslawionego-szymona-z-lipnicy\\\/\",\"name\":\"15-go Lipca. \u017bywot b\u0142ogos\u0142awionego Szymona z Lipnicy. - Tradycja i Wiara\",\"isPartOf\":{\"@id\":\"https:\\\/\\\/wobronietradycjiiwiary.com\\\/pl\\\/#website\"},\"primaryImageOfPage\":{\"@id\":\"https:\\\/\\\/wobronietradycjiiwiary.com\\\/15-go-lipca-zywot-blogoslawionego-szymona-z-lipnicy\\\/#primaryimage\"},\"image\":{\"@id\":\"https:\\\/\\\/wobronietradycjiiwiary.com\\\/15-go-lipca-zywot-blogoslawionego-szymona-z-lipnicy\\\/#primaryimage\"},\"thumbnailUrl\":\"https:\\\/\\\/wobronietradycjiiwiary.com\\\/wp-content\\\/uploads\\\/2021\\\/07\\\/Szymon-z-Lipnicy.gif\",\"datePublished\":\"2021-07-15T06:20:00+00:00\",\"dateModified\":\"2025-02-10T10:16:13+00:00\",\"breadcrumb\":{\"@id\":\"https:\\\/\\\/wobronietradycjiiwiary.com\\\/15-go-lipca-zywot-blogoslawionego-szymona-z-lipnicy\\\/#breadcrumb\"},\"inLanguage\":\"pl-PL\",\"potentialAction\":[{\"@type\":\"ReadAction\",\"target\":[\"https:\\\/\\\/wobronietradycjiiwiary.com\\\/15-go-lipca-zywot-blogoslawionego-szymona-z-lipnicy\\\/\"]}]},{\"@type\":\"ImageObject\",\"inLanguage\":\"pl-PL\",\"@id\":\"https:\\\/\\\/wobronietradycjiiwiary.com\\\/15-go-lipca-zywot-blogoslawionego-szymona-z-lipnicy\\\/#primaryimage\",\"url\":\"https:\\\/\\\/wobronietradycjiiwiary.com\\\/wp-content\\\/uploads\\\/2021\\\/07\\\/Szymon-z-Lipnicy.gif\",\"contentUrl\":\"https:\\\/\\\/wobronietradycjiiwiary.com\\\/wp-content\\\/uploads\\\/2021\\\/07\\\/Szymon-z-Lipnicy.gif\",\"width\":450,\"height\":677},{\"@type\":\"BreadcrumbList\",\"@id\":\"https:\\\/\\\/wobronietradycjiiwiary.com\\\/15-go-lipca-zywot-blogoslawionego-szymona-z-lipnicy\\\/#breadcrumb\",\"itemListElement\":[{\"@type\":\"ListItem\",\"position\":1,\"name\":\"Strona g\u0142\u00f3wna\",\"item\":\"https:\\\/\\\/wobronietradycjiiwiary.com\\\/\"},{\"@type\":\"ListItem\",\"position\":2,\"name\":\"15-go Lipca. \u017bywot b\u0142ogos\u0142awionego Szymona z Lipnicy.\"}]},{\"@type\":\"WebSite\",\"@id\":\"https:\\\/\\\/wobronietradycjiiwiary.com\\\/pl\\\/#website\",\"url\":\"https:\\\/\\\/wobronietradycjiiwiary.com\\\/pl\\\/\",\"name\":\"Tradycja i Wiara\",\"description\":\"Portal dla katolik\u00f3w.\",\"publisher\":{\"@id\":\"https:\\\/\\\/wobronietradycjiiwiary.com\\\/pl\\\/#organization\"},\"potentialAction\":[{\"@type\":\"SearchAction\",\"target\":{\"@type\":\"EntryPoint\",\"urlTemplate\":\"https:\\\/\\\/wobronietradycjiiwiary.com\\\/pl\\\/?s={search_term_string}\"},\"query-input\":{\"@type\":\"PropertyValueSpecification\",\"valueRequired\":true,\"valueName\":\"search_term_string\"}}],\"inLanguage\":\"pl-PL\"},{\"@type\":\"Organization\",\"@id\":\"https:\\\/\\\/wobronietradycjiiwiary.com\\\/pl\\\/#organization\",\"name\":\"Tradycja i Wiara\",\"url\":\"https:\\\/\\\/wobronietradycjiiwiary.com\\\/pl\\\/\",\"logo\":{\"@type\":\"ImageObject\",\"inLanguage\":\"pl-PL\",\"@id\":\"https:\\\/\\\/wobronietradycjiiwiary.com\\\/pl\\\/#\\\/schema\\\/logo\\\/image\\\/\",\"url\":\"https:\\\/\\\/i0.wp.com\\\/wobronietradycjiiwiary.com\\\/wp-content\\\/uploads\\\/2015\\\/10\\\/cropped-st-peters-dome-vatican.jpg?fit=940%2C198&ssl=1\",\"contentUrl\":\"https:\\\/\\\/i0.wp.com\\\/wobronietradycjiiwiary.com\\\/wp-content\\\/uploads\\\/2015\\\/10\\\/cropped-st-peters-dome-vatican.jpg?fit=940%2C198&ssl=1\",\"width\":940,\"height\":198,\"caption\":\"Tradycja i Wiara\"},\"image\":{\"@id\":\"https:\\\/\\\/wobronietradycjiiwiary.com\\\/pl\\\/#\\\/schema\\\/logo\\\/image\\\/\"},\"sameAs\":[\"https:\\\/\\\/www.facebook.com\\\/Tradycja-i-Wiara-108813920592249\"]},{\"@type\":\"Person\",\"@id\":\"https:\\\/\\\/wobronietradycjiiwiary.com\\\/pl\\\/#\\\/schema\\\/person\\\/2d6180ce6abcb681fef0daab7816e8f3\",\"name\":\"Traditio et Fides\",\"sameAs\":[\"https:\\\/\\\/traditionundglauben.com\"],\"url\":\"https:\\\/\\\/wobronietradycjiiwiary.com\\\/pl\\\/author\\\/wobronietradycjiiwiary\\\/\"}]}<\/script>\n<!-- \/ Yoast SEO plugin. -->","yoast_head_json":{"title":"15-go Lipca. \u017bywot b\u0142ogos\u0142awionego Szymona z Lipnicy. - Tradycja i Wiara","robots":{"index":"index","follow":"follow","max-snippet":"max-snippet:-1","max-image-preview":"max-image-preview:large","max-video-preview":"max-video-preview:-1"},"canonical":"https:\/\/wobronietradycjiiwiary.com\/pl\/15-go-lipca-zywot-blogoslawionego-szymona-z-lipnicy\/","og_locale":"pl_PL","og_type":"article","og_title":"15-go Lipca. \u017bywot b\u0142ogos\u0142awionego Szymona z Lipnicy. - Tradycja i Wiara","og_description":"B\u0142og. Szymon z Lipnicy czy\u015bci\u0142 toalety, co z powodu czu\u0142ego zmys\u0142u powonienia by\u0142o dla niego podw\u00f3jnie przykre. Pomy\u015blmy o tym, gdy sami b\u0119dziemy sprz\u0105ta\u0107.","og_url":"https:\/\/wobronietradycjiiwiary.com\/pl\/15-go-lipca-zywot-blogoslawionego-szymona-z-lipnicy\/","og_site_name":"Tradycja i Wiara","article_publisher":"https:\/\/www.facebook.com\/Tradycja-i-Wiara-108813920592249","article_published_time":"2021-07-15T06:20:00+00:00","article_modified_time":"2025-02-10T10:16:13+00:00","og_image":[{"width":450,"height":677,"url":"https:\/\/wobronietradycjiiwiary.com\/wp-content\/uploads\/2021\/07\/Szymon-z-Lipnicy.gif","type":"image\/gif"}],"author":"Traditio et Fides","twitter_card":"summary_large_image","twitter_misc":{"Napisane przez":"Traditio et Fides","Szacowany czas czytania":"7 minut"},"schema":{"@context":"https:\/\/schema.org","@graph":[{"@type":"Article","@id":"https:\/\/wobronietradycjiiwiary.com\/15-go-lipca-zywot-blogoslawionego-szymona-z-lipnicy\/#article","isPartOf":{"@id":"https:\/\/wobronietradycjiiwiary.com\/15-go-lipca-zywot-blogoslawionego-szymona-z-lipnicy\/"},"author":{"name":"Traditio et Fides","@id":"https:\/\/wobronietradycjiiwiary.com\/pl\/#\/schema\/person\/2d6180ce6abcb681fef0daab7816e8f3"},"headline":"15-go Lipca. \u017bywot b\u0142ogos\u0142awionego Szymona z Lipnicy.","datePublished":"2021-07-15T06:20:00+00:00","dateModified":"2025-02-10T10:16:13+00:00","mainEntityOfPage":{"@id":"https:\/\/wobronietradycjiiwiary.com\/15-go-lipca-zywot-blogoslawionego-szymona-z-lipnicy\/"},"wordCount":1718,"commentCount":0,"publisher":{"@id":"https:\/\/wobronietradycjiiwiary.com\/pl\/#organization"},"image":{"@id":"https:\/\/wobronietradycjiiwiary.com\/15-go-lipca-zywot-blogoslawionego-szymona-z-lipnicy\/#primaryimage"},"thumbnailUrl":"https:\/\/wobronietradycjiiwiary.com\/wp-content\/uploads\/2021\/07\/Szymon-z-Lipnicy.gif","articleSection":["07. \u015awi\u0119ta w lipcu","Liturgia i liturgika"],"inLanguage":"pl-PL","potentialAction":[{"@type":"CommentAction","name":"Comment","target":["https:\/\/wobronietradycjiiwiary.com\/15-go-lipca-zywot-blogoslawionego-szymona-z-lipnicy\/#respond"]}]},{"@type":"WebPage","@id":"https:\/\/wobronietradycjiiwiary.com\/15-go-lipca-zywot-blogoslawionego-szymona-z-lipnicy\/","url":"https:\/\/wobronietradycjiiwiary.com\/15-go-lipca-zywot-blogoslawionego-szymona-z-lipnicy\/","name":"15-go Lipca. \u017bywot b\u0142ogos\u0142awionego Szymona z Lipnicy. - Tradycja i Wiara","isPartOf":{"@id":"https:\/\/wobronietradycjiiwiary.com\/pl\/#website"},"primaryImageOfPage":{"@id":"https:\/\/wobronietradycjiiwiary.com\/15-go-lipca-zywot-blogoslawionego-szymona-z-lipnicy\/#primaryimage"},"image":{"@id":"https:\/\/wobronietradycjiiwiary.com\/15-go-lipca-zywot-blogoslawionego-szymona-z-lipnicy\/#primaryimage"},"thumbnailUrl":"https:\/\/wobronietradycjiiwiary.com\/wp-content\/uploads\/2021\/07\/Szymon-z-Lipnicy.gif","datePublished":"2021-07-15T06:20:00+00:00","dateModified":"2025-02-10T10:16:13+00:00","breadcrumb":{"@id":"https:\/\/wobronietradycjiiwiary.com\/15-go-lipca-zywot-blogoslawionego-szymona-z-lipnicy\/#breadcrumb"},"inLanguage":"pl-PL","potentialAction":[{"@type":"ReadAction","target":["https:\/\/wobronietradycjiiwiary.com\/15-go-lipca-zywot-blogoslawionego-szymona-z-lipnicy\/"]}]},{"@type":"ImageObject","inLanguage":"pl-PL","@id":"https:\/\/wobronietradycjiiwiary.com\/15-go-lipca-zywot-blogoslawionego-szymona-z-lipnicy\/#primaryimage","url":"https:\/\/wobronietradycjiiwiary.com\/wp-content\/uploads\/2021\/07\/Szymon-z-Lipnicy.gif","contentUrl":"https:\/\/wobronietradycjiiwiary.com\/wp-content\/uploads\/2021\/07\/Szymon-z-Lipnicy.gif","width":450,"height":677},{"@type":"BreadcrumbList","@id":"https:\/\/wobronietradycjiiwiary.com\/15-go-lipca-zywot-blogoslawionego-szymona-z-lipnicy\/#breadcrumb","itemListElement":[{"@type":"ListItem","position":1,"name":"Strona g\u0142\u00f3wna","item":"https:\/\/wobronietradycjiiwiary.com\/"},{"@type":"ListItem","position":2,"name":"15-go Lipca. \u017bywot b\u0142ogos\u0142awionego Szymona z Lipnicy."}]},{"@type":"WebSite","@id":"https:\/\/wobronietradycjiiwiary.com\/pl\/#website","url":"https:\/\/wobronietradycjiiwiary.com\/pl\/","name":"Tradycja i Wiara","description":"Portal dla katolik\u00f3w.","publisher":{"@id":"https:\/\/wobronietradycjiiwiary.com\/pl\/#organization"},"potentialAction":[{"@type":"SearchAction","target":{"@type":"EntryPoint","urlTemplate":"https:\/\/wobronietradycjiiwiary.com\/pl\/?s={search_term_string}"},"query-input":{"@type":"PropertyValueSpecification","valueRequired":true,"valueName":"search_term_string"}}],"inLanguage":"pl-PL"},{"@type":"Organization","@id":"https:\/\/wobronietradycjiiwiary.com\/pl\/#organization","name":"Tradycja i Wiara","url":"https:\/\/wobronietradycjiiwiary.com\/pl\/","logo":{"@type":"ImageObject","inLanguage":"pl-PL","@id":"https:\/\/wobronietradycjiiwiary.com\/pl\/#\/schema\/logo\/image\/","url":"https:\/\/i0.wp.com\/wobronietradycjiiwiary.com\/wp-content\/uploads\/2015\/10\/cropped-st-peters-dome-vatican.jpg?fit=940%2C198&ssl=1","contentUrl":"https:\/\/i0.wp.com\/wobronietradycjiiwiary.com\/wp-content\/uploads\/2015\/10\/cropped-st-peters-dome-vatican.jpg?fit=940%2C198&ssl=1","width":940,"height":198,"caption":"Tradycja i Wiara"},"image":{"@id":"https:\/\/wobronietradycjiiwiary.com\/pl\/#\/schema\/logo\/image\/"},"sameAs":["https:\/\/www.facebook.com\/Tradycja-i-Wiara-108813920592249"]},{"@type":"Person","@id":"https:\/\/wobronietradycjiiwiary.com\/pl\/#\/schema\/person\/2d6180ce6abcb681fef0daab7816e8f3","name":"Traditio et Fides","sameAs":["https:\/\/traditionundglauben.com"],"url":"https:\/\/wobronietradycjiiwiary.com\/pl\/author\/wobronietradycjiiwiary\/"}]}},"jetpack_publicize_connections":[],"jetpack_sharing_enabled":true,"jetpack_likes_enabled":true,"jetpack_shortlink":"https:\/\/wp.me\/pc04Sd-d8z","jetpack-related-posts":[{"id":118566,"url":"https:\/\/wobronietradycjiiwiary.com\/pl\/15-go-lipca-zywot-blogoslawionego-szymona-z-lipnicy-3-2\/","url_meta":{"origin":50503,"position":0},"title":"15-go Lipca. \u017bywot b\u0142ogos\u0142awionego Szymona z Lipnicy.","author":"Traditio et Fides","date":"15 lipca 2024","format":false,"excerpt":"B\u0142og. Szymon z Lipnicy czy\u015bci\u0142 toalety, co z powodu czu\u0142ego zmys\u0142u powonienia by\u0142o dla niego podw\u00f3jnie przykre. Pomy\u015blmy o tym, gdy sami b\u0119dziemy sprz\u0105ta\u0107.","rel":"","context":"W \u201e07. \u015awi\u0119ta w lipcu&quot;","block_context":{"text":"07. \u015awi\u0119ta w lipcu","link":"https:\/\/wobronietradycjiiwiary.com\/pl\/category\/duchowosc\/liturgia-i-liturgika\/rozwazania\/rok-liturgiczny\/swieta-w-lipcu\/"},"img":{"alt_text":"","src":"https:\/\/i0.wp.com\/wobronietradycjiiwiary.com\/wp-content\/uploads\/2021\/07\/Szymon-z-Lipnicy.gif?resize=350%2C200&ssl=1","width":350,"height":200},"classes":[]},{"id":168201,"url":"https:\/\/wobronietradycjiiwiary.com\/pl\/15-go-lipca-zywot-blogoslawionego-szymona-z-lipnicy-3-2-2\/","url_meta":{"origin":50503,"position":1},"title":"15-go Lipca. \u017bywot b\u0142ogos\u0142awionego Szymona z Lipnicy.","author":"Traditio et Fides","date":"15 lipca 2026","format":false,"excerpt":"B\u0142og. Szymon z Lipnicy czy\u015bci\u0142 toalety, co z powodu czu\u0142ego zmys\u0142u powonienia by\u0142o dla niego podw\u00f3jnie przykre. Pomy\u015blmy o tym, gdy sami b\u0119dziemy sprz\u0105ta\u0107.","rel":"","context":"W \u201e07. \u015awi\u0119ta w lipcu&quot;","block_context":{"text":"07. \u015awi\u0119ta w lipcu","link":"https:\/\/wobronietradycjiiwiary.com\/pl\/category\/duchowosc\/liturgia-i-liturgika\/rozwazania\/rok-liturgiczny\/swieta-w-lipcu\/"},"img":{"alt_text":"","src":"https:\/\/i0.wp.com\/wobronietradycjiiwiary.com\/wp-content\/uploads\/2021\/07\/Szymon-z-Lipnicy.gif?resize=350%2C200&ssl=1","width":350,"height":200},"classes":[]},{"id":96624,"url":"https:\/\/wobronietradycjiiwiary.com\/pl\/15-go-lipca-zywot-blogoslawionego-szymona-z-lipnicy-3\/","url_meta":{"origin":50503,"position":2},"title":"15-go Lipca. \u017bywot b\u0142ogos\u0142awionego Szymona z Lipnicy.","author":"Traditio et Fides","date":"15 lipca 2023","format":false,"excerpt":"B\u0142og. Szymon z Lipnicy czy\u015bci\u0142 toalety, co z powodu czu\u0142ego zmys\u0142u powonienia by\u0142o dla niego podw\u00f3jnie przykre. Pomy\u015blmy o tym, gdy sami b\u0119dziemy sprz\u0105ta\u0107.","rel":"","context":"W \u201e07. \u015awi\u0119ta w lipcu&quot;","block_context":{"text":"07. \u015awi\u0119ta w lipcu","link":"https:\/\/wobronietradycjiiwiary.com\/pl\/category\/duchowosc\/liturgia-i-liturgika\/rozwazania\/rok-liturgiczny\/swieta-w-lipcu\/"},"img":{"alt_text":"","src":"https:\/\/i0.wp.com\/wobronietradycjiiwiary.com\/wp-content\/uploads\/2021\/07\/Szymon-z-Lipnicy.gif?resize=350%2C200&ssl=1","width":350,"height":200},"classes":[]},{"id":72862,"url":"https:\/\/wobronietradycjiiwiary.com\/pl\/15-go-lipca-zywot-blogoslawionego-szymona-z-lipnicy-2\/","url_meta":{"origin":50503,"position":3},"title":"15-go Lipca. \u017bywot b\u0142ogos\u0142awionego Szymona z Lipnicy.","author":"Traditio et Fides","date":"15 lipca 2022","format":false,"excerpt":"B\u0142og. Szymon z Lipnicy czy\u015bci\u0142 toalety, co z powodu czu\u0142ego zmys\u0142u powonienia by\u0142o dla niego podw\u00f3jnie przykre. Pomy\u015blmy o tym, gdy sami b\u0119dziemy sprz\u0105ta\u0107.","rel":"","context":"W \u201e07. \u015awi\u0119ta w lipcu&quot;","block_context":{"text":"07. \u015awi\u0119ta w lipcu","link":"https:\/\/wobronietradycjiiwiary.com\/pl\/category\/duchowosc\/liturgia-i-liturgika\/rozwazania\/rok-liturgiczny\/swieta-w-lipcu\/"},"img":{"alt_text":"","src":"https:\/\/i0.wp.com\/wobronietradycjiiwiary.com\/wp-content\/uploads\/2021\/07\/Szymon-z-Lipnicy.gif?resize=350%2C200&ssl=1","width":350,"height":200},"classes":[]},{"id":116541,"url":"https:\/\/wobronietradycjiiwiary.com\/pl\/23-go-maja-zywot-blogoslawionego-jedrzeja-boboli-meczennika-2-2-2\/","url_meta":{"origin":50503,"position":4},"title":"23-go Maja. \u017bywot b\u0142ogos\u0142awionego J\u0119drzeja Boboli, M\u0119czennika.","author":"Traditio et Fides","date":"23 maja 2024","format":false,"excerpt":"I jak tu wierzy\u0107 w ekumenizm, skoro \u015bw. Andrzej Bobola zosta\u0142 zam\u0119czony i to jak okrutnie przez prawos\u0142awnych Kozak\u00f3w. Niestety cia\u0142o z\u0142o\u017cone na warszawskim Mokotowie jako\u015b na tamtejszych jezuit\u00f3w nie promieniuje. \u015awi\u0119ci te\u017c maj\u0105 ograniczone pole dzia\u0142ania, gdy w gr\u0119 wchodzi wolno\u015b\u0107 ludzka.","rel":"","context":"W \u201e05. \u015awi\u0119ta w maju&quot;","block_context":{"text":"05. \u015awi\u0119ta w maju","link":"https:\/\/wobronietradycjiiwiary.com\/pl\/category\/duchowosc\/liturgia-i-liturgika\/rozwazania\/rok-liturgiczny\/swieta-w-maju\/"},"img":{"alt_text":"","src":"https:\/\/i0.wp.com\/wobronietradycjiiwiary.com\/wp-content\/uploads\/2021\/05\/bobola_potrafi-sie-bronic_398.jpg?resize=350%2C200&ssl=1","width":350,"height":200,"srcset":"https:\/\/i0.wp.com\/wobronietradycjiiwiary.com\/wp-content\/uploads\/2021\/05\/bobola_potrafi-sie-bronic_398.jpg?resize=350%2C200&ssl=1 1x, https:\/\/i0.wp.com\/wobronietradycjiiwiary.com\/wp-content\/uploads\/2021\/05\/bobola_potrafi-sie-bronic_398.jpg?resize=525%2C300&ssl=1 1.5x, https:\/\/i0.wp.com\/wobronietradycjiiwiary.com\/wp-content\/uploads\/2021\/05\/bobola_potrafi-sie-bronic_398.jpg?resize=700%2C400&ssl=1 2x"},"classes":[]},{"id":140885,"url":"https:\/\/wobronietradycjiiwiary.com\/pl\/23-go-maja-zywot-blogoslawionego-jedrzeja-boboli-meczennika-2-2-2-2\/","url_meta":{"origin":50503,"position":5},"title":"23-go Maja. \u017bywot b\u0142ogos\u0142awionego J\u0119drzeja Boboli, M\u0119czennika.","author":"Traditio et Fides","date":"23 maja 2025","format":false,"excerpt":"I jak tu wierzy\u0107 w ekumenizm, skoro \u015bw. Andrzej Bobola zosta\u0142 zam\u0119czony i to jak okrutnie przez prawos\u0142awnych Kozak\u00f3w. Niestety cia\u0142o z\u0142o\u017cone na warszawskim Mokotowie jako\u015b na tamtejszych jezuit\u00f3w nie promieniuje. \u015awi\u0119ci te\u017c maj\u0105 ograniczone pole dzia\u0142ania, gdy w gr\u0119 wchodzi wolno\u015b\u0107 ludzka.","rel":"","context":"W \u201e05. \u015awi\u0119ta w maju&quot;","block_context":{"text":"05. \u015awi\u0119ta w maju","link":"https:\/\/wobronietradycjiiwiary.com\/pl\/category\/duchowosc\/liturgia-i-liturgika\/rozwazania\/rok-liturgiczny\/swieta-w-maju\/"},"img":{"alt_text":"","src":"https:\/\/i0.wp.com\/wobronietradycjiiwiary.com\/wp-content\/uploads\/2021\/05\/bobola_potrafi-sie-bronic_398.jpg?resize=350%2C200&ssl=1","width":350,"height":200,"srcset":"https:\/\/i0.wp.com\/wobronietradycjiiwiary.com\/wp-content\/uploads\/2021\/05\/bobola_potrafi-sie-bronic_398.jpg?resize=350%2C200&ssl=1 1x, https:\/\/i0.wp.com\/wobronietradycjiiwiary.com\/wp-content\/uploads\/2021\/05\/bobola_potrafi-sie-bronic_398.jpg?resize=525%2C300&ssl=1 1.5x, https:\/\/i0.wp.com\/wobronietradycjiiwiary.com\/wp-content\/uploads\/2021\/05\/bobola_potrafi-sie-bronic_398.jpg?resize=700%2C400&ssl=1 2x"},"classes":[]}],"amp_enabled":true,"jetpack_featured_media_url":"https:\/\/wobronietradycjiiwiary.com\/wp-content\/uploads\/2021\/07\/Szymon-z-Lipnicy.gif","_links":{"self":[{"href":"https:\/\/wobronietradycjiiwiary.com\/pl\/wp-json\/wp\/v2\/posts\/50503","targetHints":{"allow":["GET"]}}],"collection":[{"href":"https:\/\/wobronietradycjiiwiary.com\/pl\/wp-json\/wp\/v2\/posts"}],"about":[{"href":"https:\/\/wobronietradycjiiwiary.com\/pl\/wp-json\/wp\/v2\/types\/post"}],"author":[{"embeddable":true,"href":"https:\/\/wobronietradycjiiwiary.com\/pl\/wp-json\/wp\/v2\/users\/60508433"}],"replies":[{"embeddable":true,"href":"https:\/\/wobronietradycjiiwiary.com\/pl\/wp-json\/wp\/v2\/comments?post=50503"}],"version-history":[{"count":1,"href":"https:\/\/wobronietradycjiiwiary.com\/pl\/wp-json\/wp\/v2\/posts\/50503\/revisions"}],"predecessor-version":[{"id":77907,"href":"https:\/\/wobronietradycjiiwiary.com\/pl\/wp-json\/wp\/v2\/posts\/50503\/revisions\/77907"}],"wp:featuredmedia":[{"embeddable":true,"href":"https:\/\/wobronietradycjiiwiary.com\/pl\/wp-json\/wp\/v2\/media\/50507"}],"wp:attachment":[{"href":"https:\/\/wobronietradycjiiwiary.com\/pl\/wp-json\/wp\/v2\/media?parent=50503"}],"wp:term":[{"taxonomy":"category","embeddable":true,"href":"https:\/\/wobronietradycjiiwiary.com\/pl\/wp-json\/wp\/v2\/categories?post=50503"},{"taxonomy":"post_tag","embeddable":true,"href":"https:\/\/wobronietradycjiiwiary.com\/pl\/wp-json\/wp\/v2\/tags?post=50503"}],"curies":[{"name":"wp","href":"https:\/\/api.w.org\/{rel}","templated":true}]}}