{"id":49601,"date":"2021-06-24T08:15:00","date_gmt":"2021-06-24T06:15:00","guid":{"rendered":"https:\/\/wobronietradycjiiwiary.com\/?p=49601"},"modified":"2025-02-10T11:16:13","modified_gmt":"2025-02-10T10:16:13","slug":"24-go-czerwca-zywot-swietego-jana-chrzciciela","status":"publish","type":"post","link":"https:\/\/wobronietradycjiiwiary.com\/pl\/24-go-czerwca-zywot-swietego-jana-chrzciciela\/","title":{"rendered":"24-go Czerwca. \u017bywot \u015bwi\u0119tego Jana Chrzciciela."},"content":{"rendered":"<div id=\"bsf_rt_marker\"><\/div>\n<p class=\"has-text-align-center wp-block-paragraph\"><em>(Przyszed\u0142 na \u015bwiat oko\u0142o roku Pa\u0144skiego l-go).<\/em><\/p>\n\n\n\n<figure class=\"wp-block-image\"><a href=\"https:\/\/pl.wikisource.org\/wiki\/Plik:%C5%BBywoty_%C5%9Bw._Pa%C5%84skich_na_wszystkie_dnie_roku-Inicja%C5%82-G.png\"><img decoding=\"async\" src=\"https:\/\/upload.wikimedia.org\/wikipedia\/commons\/thumb\/9\/98\/%C5%BBywoty_%C5%9Bw._Pa%C5%84skich_na_wszystkie_dnie_roku-Inicja%C5%82-G.png\/57px-%C5%BBywoty_%C5%9Bw._Pa%C5%84skich_na_wszystkie_dnie_roku-Inicja%C5%82-G.png\" alt=\"G\"\/><\/a><\/figure>\n\n\n\n<p class=\"has-text-align-justify wp-block-paragraph\">Gdy przyj\u015b\u0107 mia\u0142 z wysoko\u015bci B\u00f3g w ciele ludzkiem, aby nas o\u015bwieci\u0107 w ciemno\u015bciach i wybawi\u0107 z niewoli wiecznej i gniewu Boskiego, rozg\u0142osi\u0142 przyj\u015bcie Swoje, dawno obiecane u Prorok\u00f3w, przes\u0142awnym Janem jako przes\u0142a\u0144cem Swym. Pos\u0142a\u0142 przed Sob\u0105 wielk\u0105 i g\u0142o\u015bn\u0105 tr\u0105b\u0119, cz\u0142owieka ws\u0142awionego cudami dziwnymi przy narodzeniu, \u017cywotem nies\u0142ychanym i nauk\u0105, i\u017c wszystka ziemia \u017cydowska, kt\u00f3ra najpierwej Mesyasza czeka\u0142a, oko i ucho swoje podnie\u015b\u0107 na niego musia\u0142a. Dzieci\u0119 jeszcze nie pocz\u0119te w \u017cywocie, z Nieba si\u0119 przez wielkiego pos\u0142a Archanio\u0142a Gabryela przy o\u0142tarzu w ko\u015bciele zwiastuje i mianuje. Ojciec widzeniem Anielskiem zastraszony, niedowiarstwa swego karanie odnosz\u0105c, mow\u0119 traci. Matka stara, z przyrodzonego biegu niep\u0142odna, rodzi. Po porodzeniu otwieraj\u0105 si\u0119 ojcu nieme usta i zwi\u0105zany j\u0119zyk na chwa\u0142\u0119 Bo\u017c\u0105 i proroctwo m\u00f3wi\u0107 poczyna. Dzieci\u0119 w \u017cywocie matki prorokuje; jeszcze na \u015bwiat nie wychodz\u0105c, matk\u0119 naucza i ukazuje w \u017cywocie panie\u0144skim Pana jej, kt\u00f3remu si\u0119 k\u0142ania\u0107 mia\u0142a. Na puszcz\u0119 pr\u0119dko wychodzi, od ludzi si\u0119 kryje, pustelniczy i ostry \u017cywot wiedzie. Pokarmem jego szara\u0144cza i korzonki; chleba i wina nie zna. Odzieniem jego sk\u00f3ra wielb\u0142\u0105dowa, poduszk\u0105 kamie\u0144, \u0142o\u017cem ziemia, niebo pokryciem. Dor\u00f3s\u0142szy lat trzydziestu, nie bywaj\u0105c w \u017cadnej szkole, wychodzi na nauczanie ludzi. Wyk\u0142ada Prorok\u00f3w, opowiada przyj\u015bcie Mesyasza, z\u0142o\u015bci gromi, kr\u00f3l\u00f3w, pan\u00f3w i stany wszystkie straszy, nikomu nie folguje, grzechy wszystkich karci. A kto si\u0119 na takie dziwne rzeczy nie obudzi\u0142?<\/p>\n\n\n\n<p class=\"has-text-align-justify wp-block-paragraph\">Na g\u0142os takiej tr\u0105by biegli ludzie, na puszcz\u0119. Zbiegali si\u0119 panowie, uczeni, pospolici, \u017co\u0142nierze i wszystkie stany. Nakoniec wyprawili do niego poselstwo wszyscy kap\u0142ani i uczeni, pytaj\u0105c, czy jest onym oczekiwanym Mesyaszem. A on w pokorze serca wyzna\u0142 i nie zaprza\u0142, \u017ce nie jest Chrystusem.<\/p>\n\n\n\n<p class=\"has-text-align-justify wp-block-paragraph\">O tem wszystkiem opowiada nam Ewangelia \u015bwi\u0119ta, i tak \u015bwi\u0119ty \u0141ukasz Ewangelista opisuje<sup><a href=\"https:\/\/pl.wikisource.org\/wiki\/%C5%BBywot_%C5%9Bwi%C4%99tego_Jana_Chrzciciela#cite_note-1\">[1]<\/a><\/sup>: \u201eSta\u0142o si\u0119 s\u0142owo Pa\u0144skie do Jana, syna Zacharyaszowego, na puszczy. I przyszed\u0142 do wszystkiej krainy Jordanu, opowiadaj\u0105c chrzest pokuty na odpuszczenie grzech\u00f3w. M\u00f3wi\u0142 tedy do rzesz, kt\u00f3re wychodzi\u0142y aby by\u0142y ochrzcone od niego: Rodzaju jaszczurczy, kto wam pokaza\u0142, \u017ceby\u015bcie uciekali przed gniewem przysz\u0142ym? Czy\u0144cie tedy owoce godne pokuty, a nie poczynajcie m\u00f3wi\u0107: Ojca mamy Abrahama. Albowiem wam powiadam, i\u017c mocen jest B\u00f3g z tych kamieni wzbudzi\u0107 syny Abrahamowe. Bo\u0107 ju\u017c siekiera do korzenia drzew jest przy\u0142o\u017cona. A przeto\u017c wszelkie drzewo nie rodz\u0105ce owocu dobrego, b\u0119dzie wyci\u0119te i w ogie\u0144 wrzucone. I pyta\u0142y go rzesze, m\u00f3wi\u0105c: C\u00f3\u017c tedy czyni\u0107 b\u0119dziem? A odpowiadaj\u0105c, m\u00f3wi\u0142 im: Kto ma dwie suknie, niech da niemaj\u0105cemu; a kto ma pokarmy, niech tak\u017ce uczyni. Przyszli te\u017c celnicy, aby byli ochrzczeni, i rzekli mu: Nauczycielu, co czyni\u0107 b\u0119dziemy? A on rzek\u0142 do nich: Nic wi\u0119cej nie czy\u0144cie nad to, co wam postanowiono. Pytali go te\u017c i \u017co\u0142nierze, m\u00f3wi\u0105c: Co mamy czyni\u0107 i my? I rzek\u0142 im: \u017badnego nie bijcie, ani potwarzajcie, ale na \u017co\u0142dzie waszym przestawajcie. A gdy si\u0119 lud domniemywa\u0142, i wszyscy my\u015bleli w sercach swych o Janie, by sna\u0107 on nie by\u0142 Chrystusem, odpowiedzia\u0142 Jan wszystkim, m\u00f3wi\u0105c: Ja\u0107 was chrzc\u0119 wod\u0105, ale\u0107 przyjdzie mocniejszy nad mi\u0119, kt\u00f3rego nie jestem godzien rozwi\u0105za\u0107 rzemyka but\u00f3w Jego: ten was chrzci\u0107 b\u0119dzie Duchem \u015bwi\u0119tym i ogniem. Kt\u00f3rego \u0142opata w r\u0119ku Jego, i wych\u0119do\u017cy bojowisko Swoje, i zgromadzi pszenic\u0119 do\u00a0\u015bpichlerza Swego, a plewy spali ogniem nieugaszonym.<\/p>\n\n\n\n<p class=\"has-text-align-justify wp-block-paragraph\">\u2009Tedy przyszed\u0142 Jezus do Jordanu do Jana, aby by\u0142 ochrzcon od niego<sup><a href=\"https:\/\/pl.wikisource.org\/wiki\/%C5%BBywot_%C5%9Bwi%C4%99tego_Jana_Chrzciciela#cite_note-2\">[2]<\/a><\/sup>. A Jan Mu nie dopuszcza\u0142, m\u00f3wi\u0105c: Ja mam by\u0107 ochrzcon od Ciebie, a Ty idziesz do mnie? A Jezus odpowiadaj\u0105c, rzek\u0142 mu: Zaniechaj teraz, albowiem tak si\u0119 nam godzi wype\u0142ni\u0107 wszelk\u0105 sprawiedliwo\u015b\u0107. I tak Go dopu\u015bci\u0142. A gdy by\u0142 Jezus ochrzcony, wnet wyst\u0105pi\u0142 z wody. A oto si\u0119 otworzy\u0142y Jemu Niebiosa, i widzia\u0142 Ducha Bo\u017cego zst\u0119puj\u0105cego jako go\u0142\u0119bic\u0119 i przychodz\u0105cego Na\u0144. I oto g\u0142os z Nieba m\u00f3wi\u0105cy: Ten jest Syn M\u00f3j mi\u0142y, w kt\u00f3rymem Sobie upodoba\u0142. \u2014 Nazajutrz<sup><a href=\"https:\/\/pl.wikisource.org\/wiki\/%C5%BBywot_%C5%9Bwi%C4%99tego_Jana_Chrzciciela#cite_note-3\">[3]<\/a><\/sup>\u00a0ujrza\u0142 Jan Jezusa id\u0105cego do siebie, i rzek\u0142: Oto Baranek Bo\u017cy, oto, kt\u00f3ry g\u0142adzi grzechy \u015bwiata. Tenci jest, o kt\u00f3rymem powiedzia\u0142: Idzie za mn\u0105 m\u0105\u017c, kt\u00f3ry si\u0119 sta\u0142 przede mn\u0105, i\u017c pierwej by\u0142, ni\u017c ja. I jam Go nie zna\u0142. Ale, i\u017cby by\u0142 objawion w Izraelu, dlategom ja przyszed\u0142, chrzc\u0105c wod\u0105. I da\u0142 \u015bwiadectwo Jan m\u00f3wi\u0105c: I\u017cem widzia\u0142 Ducha zst\u0119puj\u0105cego jako go\u0142\u0119bic\u0119 z Nieba, i zosta\u0142 na Nim. A jam Go nie zna\u0142, ale, kt\u00f3ry mi\u0119 pos\u0142a\u0142 chrzci\u0107 wod\u0105, ten mi powiedzia\u0142: Na kt\u00f3rego ujrzysz Ducha zst\u0119puj\u0105cego i na Nim zostaj\u0105cego. Ten jest, kt\u00f3ry chrzci Duchem \u015bwi\u0119tym. A jam widzia\u0142, i da\u0142em \u015bwiadectwo, \u017ce ten jest Syn Bo\u017cy.<\/p>\n\n\n\n<p class=\"has-text-align-justify wp-block-paragraph\">Gdy Jan chrzci\u0142 w Ennon blizko Salim<sup><a href=\"https:\/\/pl.wikisource.org\/wiki\/%C5%BBywot_%C5%9Bwi%C4%99tego_Jana_Chrzciciela#cite_note-4\">[4]<\/a><\/sup>, wszcz\u0119\u0142o si\u0119 gadanie od uczni\u00f3w Janowych z \u017cydy oko\u0142o oczyszczenia. I przyszli do Jana i rzekli mu: Rabbi, kt\u00f3ry z tob\u0105 by\u0142 za Jordanem, kt\u00f3remu\u015b ty da\u0142 \u015bwiadectwo, ten oto chrzci, a wszyscy id\u0105 do Niego. Odpowiedzia\u0142 Jan i rzek\u0142: Nie mo\u017ce nic wzi\u0105\u0107 cz\u0142owiek, je\u015bliby mu nie by\u0142o dano z Nieba. Wy sami jeste\u015bcie mi \u015bwiadkami, \u017cem powiedzia\u0142: Nie jestem ja Chrystus, ale i\u017cem pos\u0142an przed Nim. Kto ma oblubienic\u0119, oblubie\u0144cem jest; lecz przyjaciel oblubie\u0144ca, kt\u00f3ry stoi a s\u0142ucha go, weselem si\u0119 weseli dla g\u0142osu oblubie\u0144czego. To tedy wesele moje wype\u0142nione jest. On ma ro\u015b\u0107, a ja si\u0119 umniejsza\u0107. Kt\u00f3ry z wysoka przychodzi, nad wszystkiem jest. Kt\u00f3ry z ziemi jest, z ziemi jest i z ziemi m\u00f3wi; kt\u00f3ry z Nieba przyszed\u0142, jest nade wszystkimi, a co widzia\u0142 i s\u0142ysza\u0142, to\u017c \u015bwiadczy, a \u015bwiadectwa jego \u017caden nie przyjmuje. Kto Jego \u015bwiadectwo przyj\u0105\u0142, zapiecz\u0119towa\u0142, i\u017c B\u00f3g jest prawdziwy. Albowiem kt\u00f3rego B\u00f3g pos\u0142a\u0142, s\u0142owa Bo\u017ce powiada, bo nie pod miar\u0119 B\u00f3g dawa ducha. Ojciec mi\u0142uje Syna, i wszystko odda\u0142 w r\u0119k\u0119 Jego. Kto wierzy w Syna, ma \u017cywot wieczny, a kto nie wierzy Synowi, nie ogl\u0105da \u017cywota, ale gniew Bo\u017cy na nim zostawa.<\/p>\n\n\n\n<p class=\"has-text-align-justify wp-block-paragraph\">Uczniowie Janowi donie\u015bli mu, gdy by\u0142 ju\u017c w wi\u0119zieniu, o rozlicznych cudach Jezusowych<sup><a href=\"https:\/\/pl.wikisource.org\/wiki\/%C5%BBywot_%C5%9Bwi%C4%99tego_Jana_Chrzciciela#cite_note-5\">[5]<\/a><\/sup>. Jan tedy wezwa\u0142 dw\u00f3ch z uczni\u00f3w swoich i pos\u0142a\u0142 do Jezusa, m\u00f3wi\u0105c: Ty\u015b jest, kt\u00f3ry ma przyj\u015b\u0107, czyli inszego czekamy? A gdy przyszli do Niego m\u0119\u017cowie, rzekli: Jan Chrzciciel pos\u0142a\u0142 nas do Ciebie, m\u00f3wi\u0105c: Ty\u015b jest, kt\u00f3ry masz przyj\u015b\u0107, czyli inszego czekamy? A onej\u017ce godziny wiele ich Jezus uzdrowi\u0142 od niemocy i chor\u00f3b i od duch\u00f3w z\u0142ych, a wiele \u015blepych wzrokiem\u00a0darowa\u0142. A odpowiedziawszy, rzek\u0142 im: Szed\u0142szy, odnie\u015bcie Janowi, co\u015bcie s\u0142yszeli i widzieli: i\u017c \u015blepi widz\u0105, chromi chodz\u0105, tr\u0119dowaci bywaj\u0105 oczyszczeni, g\u0142usi s\u0142ysz\u0105, umarli powstaj\u0105, ubodzy Ewangeli\u0119 przyjmuj\u0105. A b\u0142ogos\u0142awiony jest, kt\u00f3rykolwiek si\u0119 nie zgorszy ze Mnie.<\/p>\n\n\n\n<p class=\"has-text-align-justify wp-block-paragraph\">\u201eA gdy odeszli pos\u0142owie Janowi, pocz\u0105\u0142 Jezus o Janie m\u00f3wi\u0107 do rzeszy. C\u00f3\u017ce\u015bcie wyszli na puszcz\u0119 widzie\u0107: trzcin\u0119, kt\u00f3ra si\u0119 od wiatru chwieje? Ale co\u015bcie wyszli widzie\u0107: cz\u0142owieka w mi\u0119kkie szaty obleczonego? Oto, kt\u00f3rzy\u015bcie wyszli widzie\u0107 i Proroka? Zaiste, powiadam wam, i wi\u0119cej, ni\u017c Proroka. Ten jest, o kt\u00f3rym napisano jest: Oto posy\u0142am Anio\u0142a mego przed obliczem twojem, kt\u00f3ry zgotuje drog\u0119 twoj\u0105 przed tob\u0105. Albowiem powiadam wam: Wi\u0119kszy mi\u0119dzy narodzonymi z niewiast Prorok nad Jana Chrzciciela \u017caden nie jest. Lecz, kt\u00f3ry mniejszym jest w Kr\u00f3lestwie Bo\u017cem, wi\u0119kszym jest, ni\u017ali on.<sup><a href=\"https:\/\/pl.wikisource.org\/wiki\/%C5%BBywot_%C5%9Bwi%C4%99tego_Jana_Chrzciciela#cite_note-6\">[6]<\/a><\/sup><\/p>\n\n\n\n<p class=\"has-text-align-justify wp-block-paragraph\">Tak\u0105 pochwa\u0142\u0119 odda\u0142 Janowi sam Pan Jezus.<\/p>\n\n\n\n<p class=\"has-text-align-justify wp-block-paragraph\">O ko\u0144cu \u015bwi\u0119tego Jana opowiadaj\u0105 Ewangeli\u015bci.<br>\u2009\u201eHerod tetrarcha pojma\u0142 Jana i zwi\u0105za\u0142 i wsadzi\u0142 do ciemnicy, dla Herodyady, \u017cony brata swego. Bo mu Jan m\u00f3wi\u0142: Nie godzi si\u0119 jej mie\u0107 tobie. A chc\u0105c go zabi\u0107, ba\u0142 si\u0119 ludu, albowiem mieli go jako Proroka, a Herodyas czyha\u0142a na\u0144. A gdy by\u0142 dzie\u0144 po temu, Herod dnia narodzenia swego sprawi\u0142 wieczerz\u0119 panom i tysi\u0105cznikom i przedniejszym Galilei. A gdy wesz\u0142a c\u00f3rka onej Herodyady, i ta\u0144cowa\u0142a, i spodoba\u0142a si\u0119 Herodowi, i spo\u0142u siedz\u0105cym, i rzek\u0142 kr\u00f3l dziewce: Pro\u015b mi\u0119, o co chcesz, a dam tobie. I przysi\u0105g\u0142 jej, i\u017c o cokolwiek prosi\u0107 b\u0119dziesz, dam ci, by te\u017c po\u0142owic\u0119 kr\u00f3lestwa mego. Kt\u00f3ra wyszed\u0142szy, rzek\u0142a matce swej: Czego mam prosi\u0107? A ona rzek\u0142a: G\u0142owy Jana Chrzciciela. I gdy wesz\u0142a zaraz ze skwapliwo\u015bci\u0105 do kr\u00f3la, prosi\u0142a, m\u00f3wi\u0105c: Chc\u0119, aby mi zaraz da\u0142 na misie g\u0142ow\u0119 Jana Chrzciciela. I zasmuci\u0142 si\u0119 kr\u00f3l, ale dla przysi\u0119gi i dla spo\u0142u siedz\u0105cych nie chcia\u0142 jej zasmuci\u0107. Ale pos\u0142awszy kata, rozkaza\u0142 przynie\u015b\u0107 g\u0142ow\u0119 jego na misie. I \u015bci\u0105\u0142 go w wi\u0119zieniu, i przyni\u00f3s\u0142 g\u0142ow\u0119 jego na misie, i odda\u0142 j\u0105 dziewce, a dziewka odda\u0142a j\u0105 matce swojej. Co us\u0142yszawszy uczniowie Janowi, przyszli i wzi\u0119li cia\u0142o jego, i po\u0142o\u017cyli je w grobie.<sup><a href=\"https:\/\/pl.wikisource.org\/wiki\/%C5%BBywot_%C5%9Bwi%C4%99tego_Jana_Chrzciciela#cite_note-7\">[7]<\/a><\/sup><\/p>\n\n\n\n<h2 class=\"wp-block-heading\"><br><strong>Nauka moralna.<\/strong><\/h2>\n\n\n\n<p class=\"has-text-align-justify wp-block-paragraph\">\u2009Czemu Jan \u015bwi\u0119ty w wi\u0119zieniu? Pan B\u00f3g wybra\u0142 go na to, a\u017ceby jako drugi Eliasz wyst\u0105pi\u0142 i serca ludzkie na przyj\u015bcie Zbawiciela przysposobi\u0142. Wi\u0119c by\u0142o potrzeba, aby opowiada\u0142 pokut\u0119, gromi\u0142 grzechy. Ale kaznodzieje pokuty nie podobaj\u0105 si\u0119 \u015bwiatu, a ju\u017c najmniej mocarzom. Kr\u00f3l Herod \u017cy\u0142 w kazirodztwie, bo z \u017con\u0105 brata swego. Dnia jednego stawa przed nim kaznodzieja z nad Jordanu, stawa \u015bwi\u0119ty Jan, nieustraszonem sercem rzecze do kr\u00f3la: \u201eNie wolno tobie mie\u0107 \u017cony brata twego.\u201c Na te s\u0142owa stary grzesznik zawrza\u0142 srogim gniewem, kaza\u0142 Jana \u015bwi\u0119tego pojma\u0107 i wtr\u0105ci\u0107 do wi\u0119zienia.<\/p>\n\n\n\n<p class=\"has-text-align-justify wp-block-paragraph\">Jan \u015bwi\u0119ty pad\u0142 ofiar\u0105 wiernego spe\u0142nienia obowi\u0105zku. Gdyby by\u0142 milcza\u0142, czeka\u0142y go zaszczyty na dworze kr\u00f3lewskim. Ale Jan \u015bwi\u0119ty zna\u0142 sw\u0105 powinno\u015b\u0107, rzek\u0142: \u201eNie wolno\u201c i wi\u0119zienie przeni\u00f3s\u0142 nad wzgl\u0119dy kr\u00f3lewskie.<\/p>\n\n\n\n<p class=\"has-text-align-justify wp-block-paragraph\">Co spotka\u0142o \u015bwi\u0119tego Jana, dzieje si\u0119 po wsze czasy. Gdy pasterz w parafii g\u0142osi prawd\u0119 Ewangelii, m\u00f3wi do pysznych, do nieczystych, do pijanic: \u201eNie wolno\u201c, nieraz wi\u0119c spotyka na niewdzi\u0119czno\u015b\u0107, prze\u015bladowanie. Ale darmo: za przyk\u0142adem Jana \u015bwi\u0119tego trzeba spe\u0142ni\u0107 obowi\u0105zek, chocia\u017cby spotka\u0142y i zel\u017cywo\u015bci, prze\u015bladowanie, \u015bmier\u0107.<\/p>\n\n\n\n<p class=\"has-text-align-justify wp-block-paragraph\">Jan \u015bwi\u0119ty siedzi w podziemnym lochu \u2014 w strasznem wi\u0119zieniu warownego zamku, kt\u00f3ry si\u0119 zwa\u0142 Macherus. A jednak nie narzeka, nie skar\u017cy si\u0119 na Boga, nie z\u0142orzeczy Herodowi \u2014 w pokorze poddaje si\u0119 woli Bo\u017cej.<\/p>\n\n\n\n<p class=\"has-text-align-justify wp-block-paragraph\">Jan \u015bw. uczy, jak si\u0119 zachowa\u0107 nale\u017cy wobec utrapie\u0144 i dopust\u00f3w Bo\u017cych. \u017bycie nasze tu na ziemi nie mo\u017ce by\u0107 bez krzy\u017c\u00f3w. Na ka\u017cdej \u015bcie\u017cce czekaj\u0105 nas smutki, dolegliwo\u015bci, utrapienia. Kto wolen od krzy\u017ca?<\/p>\n\n\n\n<p class=\"has-text-align-justify wp-block-paragraph\">Wspomnij na \u015bwi\u0119tego Jana w wi\u0119zieniu i nie \u017cal si\u0119 na Boga, nie gniewaj na ludzi, ale m\u00f3w z Prorokiem: \u201eW\u0142a\u015bnie to jest choroba moja, b\u0119d\u0119 j\u0105 nosi\u0142.\u201c<\/p>\n\n\n\n<p class=\"has-text-align-justify wp-block-paragraph\">\u2009Jan \u015bwi\u0119ty \u015bci\u0105gn\u0105\u0142 na siebie gniew kr\u00f3la. Czy Herod przebaczy mu ono: \u201eNie\u00a0wolno?\u201c Nie przebaczy. \u2014 Jan \u015bwi\u0119ty jednak nie przestaje ufa\u0107 w Panu \u2014 spokojny. Uczmy si\u0119 od niego ufa\u0107 i w najstraszniejszej niedoli!<br><\/p>\n\n\n\n<h2 class=\"wp-block-heading\"><strong>Modlitwa.<\/strong><\/h2>\n\n\n\n<blockquote class=\"wp-block-quote is-layout-flow wp-block-quote-is-layout-flow\"><p>\u2009Bo\u017ce, kt\u00f3ry\u015b dzie\u0144 dzisiejszy przeznaczy\u0142 jako rocznic\u0119 narodzenia si\u0119 \u015bwi\u0119tego Jana Chrzciciela, racz to \u0142askawie sprawi\u0107, aby lud Tw\u00f3j zyska\u0142 obfite \u0142aski pociech niebieskich, a dusze wszystkich wiernych skierowane zosta\u0142y na drog\u0119 zbawienia wiecznego. Przez Pana naszego Jezusa Chrystusa. Amen.<\/p><\/blockquote>\n\n\n\n<figure class=\"wp-block-table\"><table><tbody><tr><td>\u2217&nbsp;&nbsp;&nbsp;&nbsp;&nbsp;&nbsp;&nbsp;&nbsp;&nbsp;&nbsp;&nbsp;&nbsp;&nbsp;&nbsp;&nbsp;&nbsp;&nbsp;&nbsp;&nbsp;&nbsp;\u2217<br>\u2217<\/td><\/tr><\/tbody><\/table><\/figure>\n\n\n\n<p class=\"wp-block-paragraph\">\u2009<em>Opr\u00f3cz tego obchodzi Ko\u015bci\u00f3\u0142 \u015bwi\u0119ty pami\u0105tk\u0119 nast\u0119puj\u0105cych \u015awi\u0119tych Pa\u0144skich, zamieszczonych w rzymskiem martyrologium:<\/em><\/p>\n\n\n\n<p class=\"has-text-align-justify wp-block-paragraph\">\u2009<strong>Dnia 24-go czerwca<\/strong>&nbsp;uroczysto\u015b\u0107&nbsp;narodzenia \u015bw. Jana Chrzciciela, poprzednika Pa\u0144skiego. By\u0142 synem Zacharyasza i El\u017cbiety, nape\u0142nionym ju\u017c w \u0142onie matki Duchem \u015bwi\u0119tym. \u2014 W Rzymie pami\u0105tka&nbsp;niezliczonego prawie mn\u00f3stwa \u015bw. M\u0119czennik\u00f3w, kt\u00f3rzy oskar\u017ceni za cesarza Nerona fa\u0142szywie o podpalenie miasta, pomordowani zostali w najr\u00f3\u017cniejszy i najokrutniejszy spos\u00f3b: jednych odziano w sk\u00f3ry zwierz\u0119ce i dano tak psom porozdziera\u0107; drugich ukrzy\u017cowano, a innych znowu sporz\u0105dzono na pochodnie, aby za nadej\u015bciem nocy s\u0142u\u017cyli ku o\u015bwietleniu. Wszyscy ci M\u0119czennicy byli uczniami Aposto\u0142\u00f3w i pierwszymi M\u0119czennikami, wydanymi dla Nieba przez Ko\u015bci\u00f3\u0142 rzymski, owe straszne pole M\u0119czennik\u00f3w, jeszcze przed \u015bmierci\u0105 Aposto\u0142\u00f3w. \u2014 Tam\u017ce \u015bmier\u0107 m\u0119cze\u0144ska \u015bw.&nbsp;Fausta&nbsp;i 23 towarzysz\u00f3w jego. \u2014 W Satalei w Armenii m\u0119cze\u0144stwo 7 \u015bw. \u017bo\u0142nierzy i braci:&nbsp;Orencyusza, Herosa, Farnacyusza, Firmina, Firma, Cyryaka i Longina; poniewa\u017c byli chrze\u015bcijaninami, wyrzuci\u0142 ich cesarz Maksymian z wojska, rozdzieli\u0142 i ka\u017cdego wygna\u0142 w inn\u0105 okolic\u0119, gdzie w m\u0119czarniach i uci\u0105\u017cliwo\u015bciach zako\u0144czyli \u017cywot. \u2014 Pod Pary\u017cem, we wsi Creteil \u015bmier\u0107 m\u0119cze\u0144ska \u015bw.&nbsp;Agoarda i Agliberta z wielu innymi&nbsp;obojga p\u0142ci. \u2014 W Autun z\u0142o\u017cenie zw\u0142ok \u015bw.&nbsp;Symplicyusza, Biskupa i Wyznawcy. \u2014 W Lobbes uroczysto\u015b\u0107 \u015bw.&nbsp;Teodulfa, Biskupa. \u2014 Pod Stylo w Kalabryi uroczysto\u015b\u0107 \u015bw.&nbsp;Jana Teresta, odznaczonego \u015bwi\u0119tobliwem \u017cyciem i \u015bcis\u0142em zachowaniem regu\u0142y zakonnej.<\/p>\n","protected":false},"excerpt":{"rendered":"<p>\u015aw. Jan Chrzciciel by\u0142 dok\u0142adnie 6 miesi\u0119cy starszy od Chrystusa, ale zdaje si\u0119 przynale\u017ce\u0107 do innej epoki. Ca\u0142y czas w cieniu, ca\u0142y czas w tle, wieczny dru\u017cba pana m\u0142odego. Zgin\u0105\u0142 z r\u0105k kobiet przez intryg\u0119, bo broni\u0142 nierozerwalno\u015bci ma\u0142\u017ce\u0144stwa. Ojcowie Ko\u015bcio\u0142a nie przestaj\u0105 zestawia\u0107 jego surowo\u015bci, prawo\u015bci i ascetyzmu z rozwi\u0105z\u0142o\u015bci\u0105, rozpasaniem i tch\u00f3rzostwem Heroda oraz pokr\u0119tno\u015bci\u0105 Herodiady. To jedyny \u015bwi\u0119ty, kt\u00f3rego tak\u017ce narodziny obchodzi Ko\u015bci\u00f3\u0142. <\/p>\n","protected":false},"author":60508433,"featured_media":49605,"comment_status":"open","ping_status":"open","sticky":false,"template":"","format":"standard","meta":{"_bbp_topic_count":0,"_bbp_reply_count":0,"_bbp_total_topic_count":0,"_bbp_total_reply_count":0,"_bbp_voice_count":0,"_bbp_anonymous_reply_count":0,"_bbp_topic_count_hidden":0,"_bbp_reply_count_hidden":0,"_bbp_forum_subforum_count":0,"_editorskit_title_hidden":false,"_editorskit_reading_time":7,"_editorskit_is_block_options_detached":false,"_editorskit_block_options_position":"{}","_coblocks_attr":"","_coblocks_dimensions":"","_coblocks_responsive_height":"","_coblocks_accordion_ie_support":"","_exactmetrics_skip_tracking":false,"_jetpack_newsletter_access":"","_jetpack_dont_email_post_to_subs":false,"_jetpack_newsletter_tier_id":0,"_jetpack_memberships_contains_paywalled_content":false,"_wpcom_ai_launchpad_first_post":false,"_jetpack_feature_clip_id":0,"_jetpack_memberships_contains_paid_content":false,"footnotes":"","jetpack_publicize_message":"{title}\n\n{excerpt}\n\n{url}","jetpack_publicize_feature_enabled":true,"jetpack_social_post_already_shared":false,"jetpack_social_options":{"image_generator_settings":{"template":"highway","default_image_id":0,"font":"","enabled":false},"version":2},"_wpas_customize_per_network":false,"jetpack_post_was_ever_published":false},"categories":[610131821,336375535],"tags":[],"class_list":["post-49601","post","type-post","status-publish","format-standard","has-post-thumbnail","hentry","category-swieta-w-czerwcu","category-liturgia-i-liturgika"],"yoast_head":"<!-- This site is optimized with the Yoast SEO plugin v28.4 - https:\/\/yoast.com\/product\/yoast-seo-wordpress\/ -->\n<title>24-go Czerwca. \u017bywot \u015bwi\u0119tego Jana Chrzciciela. - Tradycja i Wiara<\/title>\n<meta name=\"robots\" content=\"index, follow, max-snippet:-1, max-image-preview:large, max-video-preview:-1\" \/>\n<link rel=\"canonical\" href=\"https:\/\/wobronietradycjiiwiary.com\/pl\/24-go-czerwca-zywot-swietego-jana-chrzciciela\/\" \/>\n<meta property=\"og:locale\" content=\"pl_PL\" \/>\n<meta property=\"og:type\" content=\"article\" \/>\n<meta property=\"og:title\" content=\"24-go Czerwca. \u017bywot \u015bwi\u0119tego Jana Chrzciciela. - Tradycja i Wiara\" \/>\n<meta property=\"og:description\" content=\"\u015aw. Jan Chrzciciel by\u0142 dok\u0142adnie 6 miesi\u0119cy starszy od Chrystusa, ale zdaje si\u0119 przynale\u017ce\u0107 do innej epoki. Ca\u0142y czas w cieniu, ca\u0142y czas w tle, wieczny dru\u017cba pana m\u0142odego. Zgin\u0105\u0142 z r\u0105k kobiet przez intryg\u0119, bo broni\u0142 nierozerwalno\u015bci ma\u0142\u017ce\u0144stwa. Ojcowie Ko\u015bcio\u0142a nie przestaj\u0105 zestawia\u0107 jego surowo\u015bci, prawo\u015bci i ascetyzmu z rozwi\u0105z\u0142o\u015bci\u0105, rozpasaniem i tch\u00f3rzostwem Heroda oraz pokr\u0119tno\u015bci\u0105 Herodiady. To jedyny \u015bwi\u0119ty, kt\u00f3rego tak\u017ce narodziny obchodzi Ko\u015bci\u00f3\u0142.\" \/>\n<meta property=\"og:url\" content=\"https:\/\/wobronietradycjiiwiary.com\/pl\/24-go-czerwca-zywot-swietego-jana-chrzciciela\/\" \/>\n<meta property=\"og:site_name\" content=\"Tradycja i Wiara\" \/>\n<meta property=\"article:publisher\" content=\"https:\/\/www.facebook.com\/Tradycja-i-Wiara-108813920592249\" \/>\n<meta property=\"article:published_time\" content=\"2021-06-24T06:15:00+00:00\" \/>\n<meta property=\"article:modified_time\" content=\"2025-02-10T10:16:13+00:00\" \/>\n<meta property=\"og:image\" content=\"https:\/\/wobronietradycjiiwiary.com\/wp-content\/uploads\/2021\/06\/Johannes-3.jpg\" \/>\n\t<meta property=\"og:image:width\" content=\"425\" \/>\n\t<meta property=\"og:image:height\" content=\"600\" \/>\n\t<meta property=\"og:image:type\" content=\"image\/jpeg\" \/>\n<meta name=\"author\" content=\"Traditio et Fides\" \/>\n<meta name=\"twitter:card\" content=\"summary_large_image\" \/>\n<meta name=\"twitter:label1\" content=\"Napisane przez\" \/>\n\t<meta name=\"twitter:data1\" content=\"Traditio et Fides\" \/>\n\t<meta name=\"twitter:label2\" content=\"Szacowany czas czytania\" \/>\n\t<meta name=\"twitter:data2\" content=\"9 minut\" \/>\n<script type=\"application\/ld+json\" class=\"yoast-schema-graph\">{\"@context\":\"https:\\\/\\\/schema.org\",\"@graph\":[{\"@type\":\"Article\",\"@id\":\"https:\\\/\\\/wobronietradycjiiwiary.com\\\/24-go-czerwca-zywot-swietego-jana-chrzciciela\\\/#article\",\"isPartOf\":{\"@id\":\"https:\\\/\\\/wobronietradycjiiwiary.com\\\/24-go-czerwca-zywot-swietego-jana-chrzciciela\\\/\"},\"author\":{\"name\":\"Traditio et Fides\",\"@id\":\"https:\\\/\\\/wobronietradycjiiwiary.com\\\/pl\\\/#\\\/schema\\\/person\\\/2d6180ce6abcb681fef0daab7816e8f3\"},\"headline\":\"24-go Czerwca. \u017bywot \u015bwi\u0119tego Jana Chrzciciela.\",\"datePublished\":\"2021-06-24T06:15:00+00:00\",\"dateModified\":\"2025-02-10T10:16:13+00:00\",\"mainEntityOfPage\":{\"@id\":\"https:\\\/\\\/wobronietradycjiiwiary.com\\\/24-go-czerwca-zywot-swietego-jana-chrzciciela\\\/\"},\"wordCount\":2312,\"commentCount\":0,\"publisher\":{\"@id\":\"https:\\\/\\\/wobronietradycjiiwiary.com\\\/pl\\\/#organization\"},\"image\":{\"@id\":\"https:\\\/\\\/wobronietradycjiiwiary.com\\\/24-go-czerwca-zywot-swietego-jana-chrzciciela\\\/#primaryimage\"},\"thumbnailUrl\":\"https:\\\/\\\/wobronietradycjiiwiary.com\\\/wp-content\\\/uploads\\\/2021\\\/06\\\/Johannes-3.jpg\",\"articleSection\":[\"06. \u015awi\u0119ta w czerwcu\",\"Liturgia i liturgika\"],\"inLanguage\":\"pl-PL\",\"potentialAction\":[{\"@type\":\"CommentAction\",\"name\":\"Comment\",\"target\":[\"https:\\\/\\\/wobronietradycjiiwiary.com\\\/24-go-czerwca-zywot-swietego-jana-chrzciciela\\\/#respond\"]}]},{\"@type\":\"WebPage\",\"@id\":\"https:\\\/\\\/wobronietradycjiiwiary.com\\\/24-go-czerwca-zywot-swietego-jana-chrzciciela\\\/\",\"url\":\"https:\\\/\\\/wobronietradycjiiwiary.com\\\/24-go-czerwca-zywot-swietego-jana-chrzciciela\\\/\",\"name\":\"24-go Czerwca. \u017bywot \u015bwi\u0119tego Jana Chrzciciela. - Tradycja i Wiara\",\"isPartOf\":{\"@id\":\"https:\\\/\\\/wobronietradycjiiwiary.com\\\/pl\\\/#website\"},\"primaryImageOfPage\":{\"@id\":\"https:\\\/\\\/wobronietradycjiiwiary.com\\\/24-go-czerwca-zywot-swietego-jana-chrzciciela\\\/#primaryimage\"},\"image\":{\"@id\":\"https:\\\/\\\/wobronietradycjiiwiary.com\\\/24-go-czerwca-zywot-swietego-jana-chrzciciela\\\/#primaryimage\"},\"thumbnailUrl\":\"https:\\\/\\\/wobronietradycjiiwiary.com\\\/wp-content\\\/uploads\\\/2021\\\/06\\\/Johannes-3.jpg\",\"datePublished\":\"2021-06-24T06:15:00+00:00\",\"dateModified\":\"2025-02-10T10:16:13+00:00\",\"breadcrumb\":{\"@id\":\"https:\\\/\\\/wobronietradycjiiwiary.com\\\/24-go-czerwca-zywot-swietego-jana-chrzciciela\\\/#breadcrumb\"},\"inLanguage\":\"pl-PL\",\"potentialAction\":[{\"@type\":\"ReadAction\",\"target\":[\"https:\\\/\\\/wobronietradycjiiwiary.com\\\/24-go-czerwca-zywot-swietego-jana-chrzciciela\\\/\"]}]},{\"@type\":\"ImageObject\",\"inLanguage\":\"pl-PL\",\"@id\":\"https:\\\/\\\/wobronietradycjiiwiary.com\\\/24-go-czerwca-zywot-swietego-jana-chrzciciela\\\/#primaryimage\",\"url\":\"https:\\\/\\\/wobronietradycjiiwiary.com\\\/wp-content\\\/uploads\\\/2021\\\/06\\\/Johannes-3.jpg\",\"contentUrl\":\"https:\\\/\\\/wobronietradycjiiwiary.com\\\/wp-content\\\/uploads\\\/2021\\\/06\\\/Johannes-3.jpg\",\"width\":425,\"height\":600},{\"@type\":\"BreadcrumbList\",\"@id\":\"https:\\\/\\\/wobronietradycjiiwiary.com\\\/24-go-czerwca-zywot-swietego-jana-chrzciciela\\\/#breadcrumb\",\"itemListElement\":[{\"@type\":\"ListItem\",\"position\":1,\"name\":\"Strona g\u0142\u00f3wna\",\"item\":\"https:\\\/\\\/wobronietradycjiiwiary.com\\\/\"},{\"@type\":\"ListItem\",\"position\":2,\"name\":\"24-go Czerwca. \u017bywot \u015bwi\u0119tego Jana Chrzciciela.\"}]},{\"@type\":\"WebSite\",\"@id\":\"https:\\\/\\\/wobronietradycjiiwiary.com\\\/pl\\\/#website\",\"url\":\"https:\\\/\\\/wobronietradycjiiwiary.com\\\/pl\\\/\",\"name\":\"Tradycja i Wiara\",\"description\":\"Portal dla katolik\u00f3w.\",\"publisher\":{\"@id\":\"https:\\\/\\\/wobronietradycjiiwiary.com\\\/pl\\\/#organization\"},\"potentialAction\":[{\"@type\":\"SearchAction\",\"target\":{\"@type\":\"EntryPoint\",\"urlTemplate\":\"https:\\\/\\\/wobronietradycjiiwiary.com\\\/pl\\\/?s={search_term_string}\"},\"query-input\":{\"@type\":\"PropertyValueSpecification\",\"valueRequired\":true,\"valueName\":\"search_term_string\"}}],\"inLanguage\":\"pl-PL\"},{\"@type\":\"Organization\",\"@id\":\"https:\\\/\\\/wobronietradycjiiwiary.com\\\/pl\\\/#organization\",\"name\":\"Tradycja i Wiara\",\"url\":\"https:\\\/\\\/wobronietradycjiiwiary.com\\\/pl\\\/\",\"logo\":{\"@type\":\"ImageObject\",\"inLanguage\":\"pl-PL\",\"@id\":\"https:\\\/\\\/wobronietradycjiiwiary.com\\\/pl\\\/#\\\/schema\\\/logo\\\/image\\\/\",\"url\":\"https:\\\/\\\/i0.wp.com\\\/wobronietradycjiiwiary.com\\\/wp-content\\\/uploads\\\/2015\\\/10\\\/cropped-st-peters-dome-vatican.jpg?fit=940%2C198&ssl=1\",\"contentUrl\":\"https:\\\/\\\/i0.wp.com\\\/wobronietradycjiiwiary.com\\\/wp-content\\\/uploads\\\/2015\\\/10\\\/cropped-st-peters-dome-vatican.jpg?fit=940%2C198&ssl=1\",\"width\":940,\"height\":198,\"caption\":\"Tradycja i Wiara\"},\"image\":{\"@id\":\"https:\\\/\\\/wobronietradycjiiwiary.com\\\/pl\\\/#\\\/schema\\\/logo\\\/image\\\/\"},\"sameAs\":[\"https:\\\/\\\/www.facebook.com\\\/Tradycja-i-Wiara-108813920592249\"]},{\"@type\":\"Person\",\"@id\":\"https:\\\/\\\/wobronietradycjiiwiary.com\\\/pl\\\/#\\\/schema\\\/person\\\/2d6180ce6abcb681fef0daab7816e8f3\",\"name\":\"Traditio et Fides\",\"sameAs\":[\"https:\\\/\\\/traditionundglauben.com\"],\"url\":\"https:\\\/\\\/wobronietradycjiiwiary.com\\\/pl\\\/author\\\/wobronietradycjiiwiary\\\/\"}]}<\/script>\n<!-- \/ Yoast SEO plugin. -->","yoast_head_json":{"title":"24-go Czerwca. \u017bywot \u015bwi\u0119tego Jana Chrzciciela. - Tradycja i Wiara","robots":{"index":"index","follow":"follow","max-snippet":"max-snippet:-1","max-image-preview":"max-image-preview:large","max-video-preview":"max-video-preview:-1"},"canonical":"https:\/\/wobronietradycjiiwiary.com\/pl\/24-go-czerwca-zywot-swietego-jana-chrzciciela\/","og_locale":"pl_PL","og_type":"article","og_title":"24-go Czerwca. \u017bywot \u015bwi\u0119tego Jana Chrzciciela. - Tradycja i Wiara","og_description":"\u015aw. Jan Chrzciciel by\u0142 dok\u0142adnie 6 miesi\u0119cy starszy od Chrystusa, ale zdaje si\u0119 przynale\u017ce\u0107 do innej epoki. Ca\u0142y czas w cieniu, ca\u0142y czas w tle, wieczny dru\u017cba pana m\u0142odego. Zgin\u0105\u0142 z r\u0105k kobiet przez intryg\u0119, bo broni\u0142 nierozerwalno\u015bci ma\u0142\u017ce\u0144stwa. Ojcowie Ko\u015bcio\u0142a nie przestaj\u0105 zestawia\u0107 jego surowo\u015bci, prawo\u015bci i ascetyzmu z rozwi\u0105z\u0142o\u015bci\u0105, rozpasaniem i tch\u00f3rzostwem Heroda oraz pokr\u0119tno\u015bci\u0105 Herodiady. To jedyny \u015bwi\u0119ty, kt\u00f3rego tak\u017ce narodziny obchodzi Ko\u015bci\u00f3\u0142.","og_url":"https:\/\/wobronietradycjiiwiary.com\/pl\/24-go-czerwca-zywot-swietego-jana-chrzciciela\/","og_site_name":"Tradycja i Wiara","article_publisher":"https:\/\/www.facebook.com\/Tradycja-i-Wiara-108813920592249","article_published_time":"2021-06-24T06:15:00+00:00","article_modified_time":"2025-02-10T10:16:13+00:00","og_image":[{"width":425,"height":600,"url":"https:\/\/wobronietradycjiiwiary.com\/wp-content\/uploads\/2021\/06\/Johannes-3.jpg","type":"image\/jpeg"}],"author":"Traditio et Fides","twitter_card":"summary_large_image","twitter_misc":{"Napisane przez":"Traditio et Fides","Szacowany czas czytania":"9 minut"},"schema":{"@context":"https:\/\/schema.org","@graph":[{"@type":"Article","@id":"https:\/\/wobronietradycjiiwiary.com\/24-go-czerwca-zywot-swietego-jana-chrzciciela\/#article","isPartOf":{"@id":"https:\/\/wobronietradycjiiwiary.com\/24-go-czerwca-zywot-swietego-jana-chrzciciela\/"},"author":{"name":"Traditio et Fides","@id":"https:\/\/wobronietradycjiiwiary.com\/pl\/#\/schema\/person\/2d6180ce6abcb681fef0daab7816e8f3"},"headline":"24-go Czerwca. \u017bywot \u015bwi\u0119tego Jana Chrzciciela.","datePublished":"2021-06-24T06:15:00+00:00","dateModified":"2025-02-10T10:16:13+00:00","mainEntityOfPage":{"@id":"https:\/\/wobronietradycjiiwiary.com\/24-go-czerwca-zywot-swietego-jana-chrzciciela\/"},"wordCount":2312,"commentCount":0,"publisher":{"@id":"https:\/\/wobronietradycjiiwiary.com\/pl\/#organization"},"image":{"@id":"https:\/\/wobronietradycjiiwiary.com\/24-go-czerwca-zywot-swietego-jana-chrzciciela\/#primaryimage"},"thumbnailUrl":"https:\/\/wobronietradycjiiwiary.com\/wp-content\/uploads\/2021\/06\/Johannes-3.jpg","articleSection":["06. \u015awi\u0119ta w czerwcu","Liturgia i liturgika"],"inLanguage":"pl-PL","potentialAction":[{"@type":"CommentAction","name":"Comment","target":["https:\/\/wobronietradycjiiwiary.com\/24-go-czerwca-zywot-swietego-jana-chrzciciela\/#respond"]}]},{"@type":"WebPage","@id":"https:\/\/wobronietradycjiiwiary.com\/24-go-czerwca-zywot-swietego-jana-chrzciciela\/","url":"https:\/\/wobronietradycjiiwiary.com\/24-go-czerwca-zywot-swietego-jana-chrzciciela\/","name":"24-go Czerwca. \u017bywot \u015bwi\u0119tego Jana Chrzciciela. - Tradycja i Wiara","isPartOf":{"@id":"https:\/\/wobronietradycjiiwiary.com\/pl\/#website"},"primaryImageOfPage":{"@id":"https:\/\/wobronietradycjiiwiary.com\/24-go-czerwca-zywot-swietego-jana-chrzciciela\/#primaryimage"},"image":{"@id":"https:\/\/wobronietradycjiiwiary.com\/24-go-czerwca-zywot-swietego-jana-chrzciciela\/#primaryimage"},"thumbnailUrl":"https:\/\/wobronietradycjiiwiary.com\/wp-content\/uploads\/2021\/06\/Johannes-3.jpg","datePublished":"2021-06-24T06:15:00+00:00","dateModified":"2025-02-10T10:16:13+00:00","breadcrumb":{"@id":"https:\/\/wobronietradycjiiwiary.com\/24-go-czerwca-zywot-swietego-jana-chrzciciela\/#breadcrumb"},"inLanguage":"pl-PL","potentialAction":[{"@type":"ReadAction","target":["https:\/\/wobronietradycjiiwiary.com\/24-go-czerwca-zywot-swietego-jana-chrzciciela\/"]}]},{"@type":"ImageObject","inLanguage":"pl-PL","@id":"https:\/\/wobronietradycjiiwiary.com\/24-go-czerwca-zywot-swietego-jana-chrzciciela\/#primaryimage","url":"https:\/\/wobronietradycjiiwiary.com\/wp-content\/uploads\/2021\/06\/Johannes-3.jpg","contentUrl":"https:\/\/wobronietradycjiiwiary.com\/wp-content\/uploads\/2021\/06\/Johannes-3.jpg","width":425,"height":600},{"@type":"BreadcrumbList","@id":"https:\/\/wobronietradycjiiwiary.com\/24-go-czerwca-zywot-swietego-jana-chrzciciela\/#breadcrumb","itemListElement":[{"@type":"ListItem","position":1,"name":"Strona g\u0142\u00f3wna","item":"https:\/\/wobronietradycjiiwiary.com\/"},{"@type":"ListItem","position":2,"name":"24-go Czerwca. \u017bywot \u015bwi\u0119tego Jana Chrzciciela."}]},{"@type":"WebSite","@id":"https:\/\/wobronietradycjiiwiary.com\/pl\/#website","url":"https:\/\/wobronietradycjiiwiary.com\/pl\/","name":"Tradycja i Wiara","description":"Portal dla katolik\u00f3w.","publisher":{"@id":"https:\/\/wobronietradycjiiwiary.com\/pl\/#organization"},"potentialAction":[{"@type":"SearchAction","target":{"@type":"EntryPoint","urlTemplate":"https:\/\/wobronietradycjiiwiary.com\/pl\/?s={search_term_string}"},"query-input":{"@type":"PropertyValueSpecification","valueRequired":true,"valueName":"search_term_string"}}],"inLanguage":"pl-PL"},{"@type":"Organization","@id":"https:\/\/wobronietradycjiiwiary.com\/pl\/#organization","name":"Tradycja i Wiara","url":"https:\/\/wobronietradycjiiwiary.com\/pl\/","logo":{"@type":"ImageObject","inLanguage":"pl-PL","@id":"https:\/\/wobronietradycjiiwiary.com\/pl\/#\/schema\/logo\/image\/","url":"https:\/\/i0.wp.com\/wobronietradycjiiwiary.com\/wp-content\/uploads\/2015\/10\/cropped-st-peters-dome-vatican.jpg?fit=940%2C198&ssl=1","contentUrl":"https:\/\/i0.wp.com\/wobronietradycjiiwiary.com\/wp-content\/uploads\/2015\/10\/cropped-st-peters-dome-vatican.jpg?fit=940%2C198&ssl=1","width":940,"height":198,"caption":"Tradycja i Wiara"},"image":{"@id":"https:\/\/wobronietradycjiiwiary.com\/pl\/#\/schema\/logo\/image\/"},"sameAs":["https:\/\/www.facebook.com\/Tradycja-i-Wiara-108813920592249"]},{"@type":"Person","@id":"https:\/\/wobronietradycjiiwiary.com\/pl\/#\/schema\/person\/2d6180ce6abcb681fef0daab7816e8f3","name":"Traditio et Fides","sameAs":["https:\/\/traditionundglauben.com"],"url":"https:\/\/wobronietradycjiiwiary.com\/pl\/author\/wobronietradycjiiwiary\/"}]}},"jetpack_publicize_connections":[],"jetpack_sharing_enabled":true,"jetpack_likes_enabled":true,"jetpack_shortlink":"https:\/\/wp.me\/pc04Sd-cU1","jetpack-related-posts":[{"id":86215,"url":"https:\/\/wobronietradycjiiwiary.com\/pl\/sw-alfons-liguori-przewodnik-spowiednika-68-jak-postepowac-z-nalogowymi-grzesznikami-iii-jak-dlugo-zatrzymac-rozgrzeszenie\/","url_meta":{"origin":49601,"position":0},"title":"\u015aw. Alfons Liguori, Przewodnik spowiednika (68). Jak post\u0119powa\u0107 z na\u0142ogowymi grzesznikami (iii). Jak d\u0142ugo zatrzyma\u0107 rozgrzeszenie","author":"Traditio et Fides","date":"23 lutego 2023","format":false,"excerpt":"O tym, dlaczego rozgrzeszenie nale\u017cy zatrzyma\u0107 na 8 do 15 dni.","rel":"","context":"W \u201e\"Przewodnik spowiednika\"&quot;","block_context":{"text":"\"Przewodnik spowiednika\"","link":"https:\/\/wobronietradycjiiwiary.com\/pl\/category\/duchowosc\/autorzy\/sw-alfons-liguori\/przewodnik-spowiednika\/"},"img":{"alt_text":"","src":"https:\/\/i0.wp.com\/wobronietradycjiiwiary.com\/wp-content\/uploads\/2021\/07\/confession_painting.jpg?resize=350%2C200&ssl=1","width":350,"height":200,"srcset":"https:\/\/i0.wp.com\/wobronietradycjiiwiary.com\/wp-content\/uploads\/2021\/07\/confession_painting.jpg?resize=350%2C200&ssl=1 1x, https:\/\/i0.wp.com\/wobronietradycjiiwiary.com\/wp-content\/uploads\/2021\/07\/confession_painting.jpg?resize=525%2C300&ssl=1 1.5x, https:\/\/i0.wp.com\/wobronietradycjiiwiary.com\/wp-content\/uploads\/2021\/07\/confession_painting.jpg?resize=700%2C400&ssl=1 2x, https:\/\/i0.wp.com\/wobronietradycjiiwiary.com\/wp-content\/uploads\/2021\/07\/confession_painting.jpg?resize=1050%2C600&ssl=1 3x"},"classes":[]},{"id":105846,"url":"https:\/\/wobronietradycjiiwiary.com\/pl\/s-maria-od-krzyza-rekopis-z-czyscca-rok-1883-ii-44-z\/","url_meta":{"origin":49601,"position":1},"title":"S. Maria od Krzy\u017ca: &#8220;R\u0119kopis z Czy\u015b\u0107ca&#8221;. Rok 1883 (ii) (44 z 60).","author":"Traditio et Fides","date":"16 pa\u017adziernika 2023","format":false,"excerpt":"Jeszcze raz o warto\u015bci czasu.","rel":"","context":"W \u201e\"R\u0119kopis z czy\u015b\u0107ca\"&quot;","block_context":{"text":"\"R\u0119kopis z czy\u015b\u0107ca\"","link":"https:\/\/wobronietradycjiiwiary.com\/pl\/category\/doktryna\/teologia-dogmatyczna\/rzeczy-ostateczne-eschatologia\/czysciec\/objawienia-prywatne-nt-czyscca\/rekopis-z-czyscca\/"},"img":{"alt_text":"","src":"https:\/\/i0.wp.com\/wobronietradycjiiwiary.com\/wp-content\/uploads\/2022\/11\/Purgatorio7.jpg?resize=350%2C200&ssl=1","width":350,"height":200},"classes":[]},{"id":78469,"url":"https:\/\/wobronietradycjiiwiary.com\/pl\/trzy-linie-frontu-lub-przed-swietem-sw-michala-archaniola-1-z-3-2\/","url_meta":{"origin":49601,"position":2},"title":"Trzy linie frontu lub przed \u015bwi\u0119tem \u015bw. Micha\u0142a Archanio\u0142a (1 z 3) Walka z cia\u0142em","author":"Traditio et Fides","date":"27 wrze\u015bnia 2022","format":false,"excerpt":"O trzech liniach frontu w \u017cyciu ka\u017cdego katolika. Najpierw o tej naturalnej.","rel":"","context":"W \u201eAngelologia&quot;","block_context":{"text":"Angelologia","link":"https:\/\/wobronietradycjiiwiary.com\/pl\/category\/doktryna\/teologia-dogmatyczna\/angelologia\/"},"img":{"alt_text":"","src":"https:\/\/i0.wp.com\/wobronietradycjiiwiary.com\/wp-content\/uploads\/2022\/09\/31881685734_283c954472_b.jpg?resize=350%2C200&ssl=1","width":350,"height":200,"srcset":"https:\/\/i0.wp.com\/wobronietradycjiiwiary.com\/wp-content\/uploads\/2022\/09\/31881685734_283c954472_b.jpg?resize=350%2C200&ssl=1 1x, https:\/\/i0.wp.com\/wobronietradycjiiwiary.com\/wp-content\/uploads\/2022\/09\/31881685734_283c954472_b.jpg?resize=525%2C300&ssl=1 1.5x"},"classes":[]},{"id":16944,"url":"https:\/\/wobronietradycjiiwiary.com\/pl\/notatki-wikarego-z-prowincji-3\/","url_meta":{"origin":49601,"position":3},"title":"Notatki wikarego z prowincji 3","author":"Traditio et Fides","date":"12 stycznia 2018","format":false,"excerpt":"Sprawozdania z prze\u017cy\u0107 wikarego na prowincji - autentyczne i prawdziwe.","rel":"","context":"W \u201eNotatki wikarego z prowincji&quot;","block_context":{"text":"Notatki wikarego z prowincji","link":"https:\/\/wobronietradycjiiwiary.com\/pl\/category\/doktryna\/teologia-dogmatyczna\/demonologia-teologia\/demonologia-praktyczna\/notatki-wikarego-z-prowincji\/"},"img":{"alt_text":"","src":"https:\/\/i0.wp.com\/wobronietradycjiiwiary.com\/wp-content\/uploads\/2019\/10\/pastor-bonus-prowincja.jpg?resize=350%2C200&ssl=1","width":350,"height":200},"classes":[]},{"id":165346,"url":"https:\/\/wobronietradycjiiwiary.com\/pl\/opat-prosper-gueranger-dni-krzyzowe-dies-rogationum-3-z-3\/","url_meta":{"origin":49601,"position":4},"title":"Opat Prosper Gu\u00e9ranger, Dni krzy\u017cowe (dies rogationum) (3 z 3).","author":"Traditio et Fides","date":"13 maja 2026","format":false,"excerpt":"Opat Gueranger na temat zapomnianych Dni Krzy\u017cowych.","rel":"","context":"W \u201eDni krzy\u017cowe (Dies rogationum)&quot;","block_context":{"text":"Dni krzy\u017cowe (Dies rogationum)","link":"https:\/\/wobronietradycjiiwiary.com\/pl\/category\/duchowosc\/liturgia-i-liturgika\/rozwazania\/gueranger\/dni-krzyzowe-dies-rogationum\/"},"img":{"alt_text":"","src":"https:\/\/i0.wp.com\/wobronietradycjiiwiary.com\/wp-content\/uploads\/2026\/05\/rogativas-600x330-1.jpg?resize=350%2C200&ssl=1","width":350,"height":200,"srcset":"https:\/\/i0.wp.com\/wobronietradycjiiwiary.com\/wp-content\/uploads\/2026\/05\/rogativas-600x330-1.jpg?resize=350%2C200&ssl=1 1x, https:\/\/i0.wp.com\/wobronietradycjiiwiary.com\/wp-content\/uploads\/2026\/05\/rogativas-600x330-1.jpg?resize=525%2C300&ssl=1 1.5x"},"classes":[]},{"id":22232,"url":"https:\/\/wobronietradycjiiwiary.com\/pl\/rozmyslania-na-kazdy-dzien-maja-dzien-31\/","url_meta":{"origin":49601,"position":5},"title":"Rozmy\u015blania na ka\u017cdy dzie\u0144 maja \u2013 DZIE\u0143 31","author":"mariuszjerzy","date":"31 maja 2018","format":false,"excerpt":"\"O \u017cyciu w duchu Ko\u015bcio\u0142a\" I. C\u00f3\u017c to za szcz\u0119\u015bcie wierzy\u0107! Cz\u0142owiek, kt\u00f3ry nie wierzy, jest bez nadziei. Rozwa\u017cmy to s\u0142owo: bez nadziei. A zatem bez prawdziwej przysz\u0142o\u015bci, bo czym\u017ce jest to jutro tak \u015bliskie i niepewne? Dzi\u0119kujmy Bogu za \u0142ask\u0119 wiary, piel\u0119gnujmy j\u0105 w sobie, czerpi\u0105c z tego nieprzebranego\u2026","rel":"","context":"W \u201eLiturgia i liturgika&quot;","block_context":{"text":"Liturgia i liturgika","link":"https:\/\/wobronietradycjiiwiary.com\/pl\/category\/duchowosc\/liturgia-i-liturgika\/"},"img":{"alt_text":"","src":"https:\/\/i0.wp.com\/wobronietradycjiiwiary.com\/wp-content\/uploads\/2024\/05\/Madonna-and-Child-401x500-1.jpg?resize=350%2C200&ssl=1","width":350,"height":200},"classes":[]}],"amp_enabled":true,"jetpack_featured_media_url":"https:\/\/wobronietradycjiiwiary.com\/wp-content\/uploads\/2021\/06\/Johannes-3.jpg","_links":{"self":[{"href":"https:\/\/wobronietradycjiiwiary.com\/pl\/wp-json\/wp\/v2\/posts\/49601","targetHints":{"allow":["GET"]}}],"collection":[{"href":"https:\/\/wobronietradycjiiwiary.com\/pl\/wp-json\/wp\/v2\/posts"}],"about":[{"href":"https:\/\/wobronietradycjiiwiary.com\/pl\/wp-json\/wp\/v2\/types\/post"}],"author":[{"embeddable":true,"href":"https:\/\/wobronietradycjiiwiary.com\/pl\/wp-json\/wp\/v2\/users\/60508433"}],"replies":[{"embeddable":true,"href":"https:\/\/wobronietradycjiiwiary.com\/pl\/wp-json\/wp\/v2\/comments?post=49601"}],"version-history":[{"count":1,"href":"https:\/\/wobronietradycjiiwiary.com\/pl\/wp-json\/wp\/v2\/posts\/49601\/revisions"}],"predecessor-version":[{"id":77833,"href":"https:\/\/wobronietradycjiiwiary.com\/pl\/wp-json\/wp\/v2\/posts\/49601\/revisions\/77833"}],"wp:featuredmedia":[{"embeddable":true,"href":"https:\/\/wobronietradycjiiwiary.com\/pl\/wp-json\/wp\/v2\/media\/49605"}],"wp:attachment":[{"href":"https:\/\/wobronietradycjiiwiary.com\/pl\/wp-json\/wp\/v2\/media?parent=49601"}],"wp:term":[{"taxonomy":"category","embeddable":true,"href":"https:\/\/wobronietradycjiiwiary.com\/pl\/wp-json\/wp\/v2\/categories?post=49601"},{"taxonomy":"post_tag","embeddable":true,"href":"https:\/\/wobronietradycjiiwiary.com\/pl\/wp-json\/wp\/v2\/tags?post=49601"}],"curies":[{"name":"wp","href":"https:\/\/api.w.org\/{rel}","templated":true}]}}