{"id":46511,"date":"2021-05-02T09:00:54","date_gmt":"2021-05-02T07:00:54","guid":{"rendered":"https:\/\/wobronietradycjiiwiary.com\/?p=46511"},"modified":"2025-02-10T11:16:23","modified_gmt":"2025-02-10T10:16:23","slug":"2-maja-sw-atanazego-ojca-kosciola-2-2","status":"publish","type":"post","link":"https:\/\/wobronietradycjiiwiary.com\/pl\/2-maja-sw-atanazego-ojca-kosciola-2-2\/","title":{"rendered":"2. Maja \u2013 \u015bw. Atanazego, Ojca Ko\u015bcio\u0142a"},"content":{"rendered":"<div id=\"bsf_rt_marker\"><\/div><p style=\"text-align: justify;\"><img fetchpriority=\"high\" decoding=\"async\" data-attachment-id=\"20219\" data-permalink=\"https:\/\/wobronietradycjiiwiary.com\/pl\/2-maja-sw-atanazego-ojca-kosciola\/athanasius-1\/\" data-orig-file=\"https:\/\/wobronietradycjiiwiary.com\/wp-content\/uploads\/2019\/05\/athanasius-1.jpg\" data-orig-size=\"488,728\" data-comments-opened=\"1\" data-image-meta=\"{&quot;aperture&quot;:&quot;0&quot;,&quot;credit&quot;:&quot;&quot;,&quot;camera&quot;:&quot;&quot;,&quot;caption&quot;:&quot;&quot;,&quot;created_timestamp&quot;:&quot;1519136989&quot;,&quot;copyright&quot;:&quot;&quot;,&quot;focal_length&quot;:&quot;0&quot;,&quot;iso&quot;:&quot;0&quot;,&quot;shutter_speed&quot;:&quot;0&quot;,&quot;title&quot;:&quot;&quot;,&quot;orientation&quot;:&quot;1&quot;}\" data-image-title=\"Athanasius 1\" data-image-description=\"\" data-image-caption=\"\" data-large-file=\"https:\/\/wobronietradycjiiwiary.com\/wp-content\/uploads\/2019\/05\/athanasius-1.jpg\" class=\" size-full wp-image-20219 aligncenter\" src=\"https:\/\/wobronietradycjiiwiary.com\/wp-content\/uploads\/2019\/05\/athanasius-1.jpg\" alt=\"Athanasius 1\" width=\"488\" height=\"728\" srcset=\"https:\/\/wobronietradycjiiwiary.com\/wp-content\/uploads\/2019\/05\/athanasius-1.jpg 488w, https:\/\/wobronietradycjiiwiary.com\/wp-content\/uploads\/2019\/05\/athanasius-1-450x671.jpg 450w, https:\/\/wobronietradycjiiwiary.com\/wp-content\/uploads\/2019\/05\/athanasius-1-201x300.jpg 201w, https:\/\/wobronietradycjiiwiary.com\/wp-content\/uploads\/2019\/05\/athanasius-1-101x150.jpg 101w\" sizes=\"(max-width: 488px) 100vw, 488px\" \/><\/p>\n<p style=\"text-align: justify;\">Po\u015br\u00f3d 16 <a href=\"https:\/\/pl.wikipedia.org\/wiki\/Ojcowie_Ko%C5%9Bcio%C5%82a\">Ojc\u00f3w Ko\u015bcio\u0142a<\/a> (8 na Wschodzie i 8 na Zachodzie) wyr\u00f3\u017cniani s\u0105 dodatkowo tzw. <em>Magni Egregii<\/em> \u2013 dos\u0142. \u201eWielcy Wy\u015bmienici\u201d, kt\u00f3rymi s\u0105:<\/p>\n<p style=\"text-align: justify;\">Na Zachodzie:<\/p>\n<ul style=\"text-align: justify;\">\n<li>Ambro\u017cy \u2020397<\/li>\n<li>Augustyn \u2020430<\/li>\n<li>Hieronim \u2020419<\/li>\n<li>Grzegorz Wielki \u2020604<\/li>\n<\/ul>\n<p style=\"text-align: justify;\">Na Wschodzie:<\/p>\n<ul style=\"text-align: justify;\">\n<li>Atanazy \u2020373<\/li>\n<li>Bazyli Wielki \u2020379<\/li>\n<li>Grzegorz z Nazjanzu \u2020390<\/li>\n<li>Jan Chryzostom \u2020407<a href=\"#_ftn1\" name=\"_ftnref1\">[1]<\/a><\/li>\n<\/ul>\n<p style=\"text-align: justify;\">Owa wielko\u015b\u0107 mierzona jest wp\u0142ywem, kt\u00f3ry wspomniani Ojcowie wywarli na teologi\u0119 i doprawdy trudno sobie wyobrazi\u0107 teologi\u0119 Zachodu, to jest t\u0119 pisan\u0105 po \u0142acinie, bez Augustyna pod wzgl\u0119dem doktryny, Hieronima pod wzgl\u0119dem biblicystyki, a Grzegorza pod wzgl\u0119dem dyscypliny ko\u015bcielnej. Natomiast z Ojc\u00f3w Wschodnich, kt\u00f3rzy pisali po grecku, a jeden po syryjsku, najbardziej dla zachowania prawowierno\u015bci ca\u0142ego Ko\u015bcio\u0142a poprzez zwalczanie arianizmu zas\u0142u\u017cy\u0142 si\u0119 obchodzony w dniu dzisiejszym Atanazy zwany Wielkim. Hilary z Poitiers (zm. 367) pierwszy Ojciec Ko\u015bcio\u0142a na Zachodzie tak\u017ce arianizm zwalcza\u0142, ale by\u0142 autorem du\u017co mniej wp\u0142ywowym ni\u017c \u015bw. Atanazy. Dzie\u0142em i teologi\u0105 \u015bw. Atanazego zajmiemy si\u0119 w innym miejscu, gdy\u017c <em>oeuvre<\/em> tego \u015bwi\u0119tego obejmuje 3 tomy patrologii <a href=\"http:\/\/e-homoreligiosus.blogspot.com\/2010\/11\/mignes-patrologia-graeca-on-line-pdf.html\">Migne\u2019a<\/a>, to znaczy trzy ksi\u0105\u017cki telefoniczne, je\u015bli chodzi o obj\u0119to\u015b\u0107, a autor niniejszego wpisu nie lubi robi\u0107 czegokolwiek pobie\u017cnie.<\/p>\n<h1 style=\"text-align: justify;\">\u015aw. Atanazy patronem naszych czas\u00f3w?<\/h1>\n<p style=\"text-align: justify;\">Ciekaw\u0105 okoliczno\u015bci\u0105 ostatnich lat i stuleci jest zainteresowanie r\u00f3\u017cnych postaci publicznych osob\u0105 \u015bwi\u0119tego Atanazego, kt\u00f3rego niby w zast\u0119pstwie wybierano sobie za patrona. I tak wspominany ju\u017c wielokrotnie na blogu Joseph G\u00f6rres (1776-1848), katolicki historyk, filozof i apologeta opublikowa\u0142 w roku 1837 pamflet przeciwko Prusom pod tytu\u0142em <em>Athanasius<\/em>, kt\u00f3ry cieszy\u0142 si\u0119 wielk\u0105 poczytno\u015bci\u0105, a z kt\u00f3rego b\u0119dziemy jeszcze cz\u0119sto cytowa\u0107. O \u015bw. Atanazym pisa\u0142 biskup Regensburga <a href=\"https:\/\/wobronietradycjiiwiaryblog.wordpress.com\/2019\/04\/27\/carol-byrne-dialogue-mass-lektura-obowiazkowa\/\">Graber<\/a> w swoim dziele <em><a href=\"http:\/\/www.mutterdererloesung.de\/Heilige\/Athanasius\/Athanasius_Heft.htm\">Athanasius und die Kirche unserer Zeit<\/a><\/em> \u2013 <em>Atanazy i Ko\u015bci\u00f3\u0142 naszych czas\u00f3w<\/em>, w kt\u00f3rym to \u015bw. Atanazemu pierwszy rozdzia\u0142 po\u015bwi\u0119ca. Na swojego patrona wybra\u0142 \u015bwi\u0119tego z Aleksandrii tak\u017ce biskup Atanazy Schneider, kt\u00f3rego imi\u0119 chrzcielne brzmi <a href=\"https:\/\/en.wikipedia.org\/wiki\/Athanasius_Schneider\">Antoni<\/a>. &nbsp;W krajach niemieckoj\u0119zycznych istnieje lub istnia\u0142o <a href=\"https:\/\/www.athanasiusbote.de\/\">sporo<\/a> tradycjonalistycznych publikacji lub stowarzysze\u0144 pod nazw\u0105 Atanazego, kt\u00f3re wymar\u0142y lub umieraj\u0105 \u015bmierci\u0105 naturaln\u0105. Czytaj\u0105c niedawno publikacj\u0119 biskupa Grabera oraz pogl\u0105dy biskupa Schneidera pisz\u0105cy te s\u0142owa pomy\u015bla\u0142 sobie, \u017ce lepiej by by\u0142o, gdyby o \u015bw. Atanazym mniej byli pisali, a bardziej go na\u015bladowali. I tak biskup Graber, pomimo swojego niekwestionowanego konserwatyzmu, by\u0142 niestety m\u00f3wi\u0105c ogl\u0119dnie <a href=\"https:\/\/de.wikipedia.org\/wiki\/Rudolf_Graber_(Bischof)#Wirken_in_der_Zeit_des_Nationalsozialismus\">sympatyzantem<\/a> Trzeciej Rzeszy, chocia\u017c nie nazist\u0105, cytuj\u0105c kogo\u015b w swoim dziele <em>Athanasius,<\/em> kto nawo\u0142ywa\u0142 biskup\u00f3w niemieckich do tego, by \u017c\u0105dali od Hitlera pokuty za zamordowanie R\u00f6hma i jego zwolennik\u00f3w, tak jak \u015bw. Ambro\u017cy \u017c\u0105da\u0142 pokuty od cesarza Teodozjusza. Co prawda sam Graber za Hitlera biskupem nie by\u0142, bo zosta\u0142 tym dopiero w 1962 roku, ale za Hitlera otrzyma\u0142 profesur\u0119, gdy\u017c dzia\u0142a\u0142 w mocno podejrzanych <a href=\"https:\/\/de.wikipedia.org\/wiki\/Rudolf_Graber_(Bischof)#Wirken_in_der_Zeit_des_Nationalsozialismus\">narodowych<\/a> organizacjach. &nbsp;Autor niniejszego wpisu dziwi si\u0119, jak kto\u015b kto wyk\u0142ada\u0142 w Eichst\u00e4tt ascetyk\u0119 i mistyk\u0119 oraz teologi\u0119 fundamentaln\u0105 m\u00f3g\u0142 tak oczywistych dla innych katolik\u00f3w, tak\u017ce biskup\u00f3w, spraw nie widzie\u0107, kt\u00f3rzy ko\u0144czyli w Dachau lub w innym obozie. Biskup Graber by\u0142 r\u00f3wnie\u017c Ojcem Soboru i chocia\u017c nad jego konsekwencjami, kt\u00f3re po mistrzowsku scharakteryzowa\u0142 bola\u0142, to niestety za ma\u0142o o przywr\u00f3cenie prawowierno\u015bci praktycznie walczy\u0142. By\u0142 maryjny, popiera\u0142 objawienia fatimskie, ale Atanazym nie by\u0142. O dzia\u0142alno\u015bci biskupa Atanazego Schneidera nie b\u0119dziemy po jego <a href=\"https:\/\/wobronietradycjiiwiaryblog.wordpress.com\/2019\/03\/22\/usprawiedliwienie-wlasnego-tchorzostwa-lub-biskup-schneider-nie-ma-racji-1-z-4\/\">ostatnim wyst\u0105pieniu<\/a> wspomina\u0107, bo przypuszcza\u0107 nale\u017cy, \u017ce \u015bw. Atanazy obraca si\u0119 w grobie maj\u0105c takiego \u201echrze\u015bniaka\u201d. Wydaje si\u0119 po prostu, \u017ce pomijaj\u0105c G\u00f6rresa zainteresowanie i patronat \u015bw. Atanazego pe\u0142ni\u0105 u wielu ludzi rol\u0119 zast\u0119pcz\u0105 i s\u0142u\u017c\u0105 do usprawiedliwiania w\u0142asnego tch\u00f3rzostwa i opiesza\u0142o\u015bci. To troch\u0119 tak, jakby bokser wybra\u0142 sobie przydomek <em>The Punisher<\/em> a na wz\u00f3r Michaela Tysona, a na ring by w og\u00f3le nie wychodzi\u0142, bo by si\u0119 ba\u0142. Prawda jest taka, \u017ce boi si\u0119 ka\u017cdy, tylko nieliczni ten l\u0119k przezwyci\u0119\u017caj\u0105 i boj\u0105 si\u0119 potem mniej. A po wydarzeniu nr. 543 nie boj\u0105 si\u0119 ju\u017c niczego, bo wszystko prze\u017cyli i \u017cyj\u0105.<\/p>\n<h2>M\u0119stwo w praktyce<\/h2>\n<p style=\"text-align: justify;\">\u015aw. Atanazy nie by\u0142 jednak tylko wybitnym teologiem teoretykiem, ale walcz\u0105cym praktykiem, st\u0105d te\u017c przys\u0142owiowa katolicka aleksandryjska \u201ebabcia w chustce\u201d, kt\u00f3ra teoretycznie nie wiedzia\u0142a za bardzo, o co w tym wszystkim w\u0142a\u015bciwie si\u0119 chodzi, wiedzia\u0142a, \u017ce ma biskupa, kt\u00f3ry o jej wiar\u0119 walczy. A jak walczy, to ma pow\u00f3d. Listy \u015bw. Bazylego Wielkiego, kt\u00f3re opisuj\u0105 wydarzenia zwi\u0105zane z wyp\u0119dzeniem \u015bw. Atanazego z Aleksandrii, u\u015bwiadamiaj\u0105 nam jak i inne \u017ar\u00f3d\u0142a historyczne, \u017ce kwestia arianizmu nie by\u0142a li tylko teoretyczna, gdy\u017c Bazyli opisuje we fragmencie cytowanym przez biskupa Grabera, \u017ce arianie palili ko\u015bcio\u0142y, torturowali i biczowali katolik\u00f3w, rozbierali i bili po\u015bwi\u0119cone dziewice, a niekt\u00f3rych wi\u0119zili i mordowali, st\u0105d traktowani tak katolicy na w\u0142asnej sk\u00f3rze do\u015bwiadczali skutk\u00f3w herezji. Bowiem ka\u017cda teoria ma nast\u0119puj\u0105c\u0105 po sobie praktyk\u0119, patrz komunizm, marksizm i realnie istniej\u0105cy socjalizm. Przeto tak traktowani wierni znajdowali oparcie i pociech\u0119 we w\u0142asnym patriarsze, kt\u00f3ry sam niejedno prze\u017cy\u0142 i by\u0142 jako moralny autorytet wiarygodny. Przyjrzyjmy si\u0119 kilku wydarzeniom z \u017cycia \u015bw. Atanazego, o kt\u00f3rych wspomina dzisiejszy Brewiarz Trydencki:<\/p>\n<ul style=\"text-align: justify;\">\n<li>Oskar\u017cenie o <a href=\"https:\/\/wobronietradycjiiwiaryblog.wordpress.com\/2018\/11\/26\/ann-barnhardt-the-bergoglian-anti-papacy\/\">gwa\u0142t<\/a>,<\/li>\n<li>Oskar\u017cenie o morderstwo Arseniusza<\/li>\n<li>Oskar\u017cenie o czary,<\/li>\n<li>Ucieczka do Trewiru<\/li>\n<li>Pi\u0119cioletnie ukrywanie si\u0119 w suchej cysternie<\/li>\n<li>Pi\u0119ciokrotne wyp\u0119dzenie z w\u0142asnej stolicy biskupiej<\/li>\n<li>Czteromiesi\u0119czne ukrywanie si\u0119 w grobowcu w\u0142asnego ojca<\/li>\n<li>Zawracanie \u0142\u00f3dk\u0105 na Nilu<\/li>\n<\/ul>\n<p style=\"text-align: justify;\">Przyjrzyjmy si\u0119 temu ostatniemu punktowi. Atanazy ucieka\u0142 \u0142\u00f3dk\u0105 <a href=\"http:\/\/footage.framepool.com\/de\/shot\/221284621-luxor-segel-segelboot-nil-segeln\">po Nilu<\/a> goniony przez armad\u0119 arian. W pewnym momencie swoj\u0105 \u0142\u00f3dk\u0119 zawr\u00f3ci\u0142 i wyp\u0142yn\u0105\u0142 im naprzeciw. Poniewa\u017c jego prze\u015bladowcy nie wiedzieli, jak wygl\u0105da, tote\u017c zapytali wyp\u0142ywaj\u0105cemu im naprzeciw, czy dawno temu Atanazy t\u0119dy p\u0142yn\u0105\u0142, na co Atanazy zgodnie z prawd\u0105 odpar\u0142, \u017ce niedawno. Pop\u0142yn\u0119li dalej on te\u017c, a\u017c do wyja\u015bnienia zamieszania. Jak wielkiego tupetu i jak wielkiej odwagi wymaga\u0142 ten manewr! Przecie\u017c nikt z prze\u015bladowc\u00f3w nie wpad\u0142 na pomys\u0142, \u017ce ofiara mo\u017ce si\u0119 tak zachowa\u0107. Ale poniewa\u017c prawie ca\u0142e \u017cycie \u015bw. Atanazego polega\u0142o na podchodach i wycieczkach, jak w przypadku fikcyjnego Kmicica, tote\u017c \u015bwi\u0119ty nabra\u0142 coraz wi\u0119kszej odwagi i wprawy. Arianie chcieli go zabi\u0107, bo wiedzieli, \u017ce si\u0119 nigdy nie podda. Mimo to, jak donosi nie bez satysfakcji brewiarz: <em>mortuus est in suo lectulo<\/em> \u2013 \u201eumar\u0142 we w\u0142asnym \u0142\u00f3\u017cku\u201d. Por\u00f3wnanie z zachowaniem naszych biskup\u00f3w, kardyna\u0142\u00f3w, arcybiskupa Vigano oraz Benedykta XVI nasuwa si\u0119 samo.<\/p>\n<blockquote>\n<p style=\"text-align: justify;\">A czy \u017cycie \u015bwi\u0119tego Atanazego nie jest bardzo pocieszaj\u0105ce?<\/p>\n<\/blockquote>\n<p style=\"text-align: justify;\">Umar\u0142 we w\u0142asnym \u0142\u00f3\u017cku, bo si\u0119 \u015bmierci nie ba\u0142.<\/p>\n<h2>A dzisiaj?<\/h2>\n<p style=\"text-align: justify;\">Obecnie mamy <a href=\"https:\/\/www.documentcloud.org\/documents\/5983408-Open-Letter-to-the-Bishops-of-the-Catholic.html\">kolejne<\/a> <a href=\"https:\/\/onepeterfive.com\/catholic-scholars-accuse-pope-francis-of-the-canonical-delict-of-heresy\/\">oskar\u017cenie<\/a> Franciszka o herezj\u0119 skierowane do biskup\u00f3w z pro\u015bb\u0105 o interwencj\u0119. Do biskup\u00f3w, kt\u00f3rzy \u015bwi\u0119tego Atanazego dzisiaj obchodz\u0105, ale interweniowa\u0107 nie zamierzaj\u0105, bo to ryzyko i \u201ekiedy\u015b inne czasy by\u0142y\u201d. Z pewno\u015bci\u0105 rzec trzeba, \u017ce w por\u00f3wnaniu z herezjami Bergoglio arianizm by\u0142 li tylko ci\u0119\u017cszym katarem. By\u0107 mo\u017ce walka niewielu katolik\u00f3w z wi\u0119kszo\u015bci\u0105 arian bra\u0142a si\u0119 tak\u017ce st\u0105d, \u017ce by\u0142o to ostatnie pokolenie z katakumb, kt\u00f3re pami\u0119ta\u0142o prze\u015bladowania oraz to, co znaczy ukrywa\u0107 si\u0119 i konspirowa\u0107. Ale przecie\u017c zar\u00f3wno biskup Lenga jak i biskup Schneider do tego pokolenia jeszcze nale\u017c\u0105, gdy\u017c komunizm prze\u017cyli na w\u0142asnym grzbiecie, chocia\u017c nie w jego najsro\u017cszym wymiarze. Przecie\u017c tak, jak zawodowy \u017co\u0142nierz powinien podczas wojny strzela\u0107, bo potrafi, tak biskup powinien odruchowo herezj\u0119 zwalczy\u0107, bo to jego zadanie. Wi\u0119c albo nie widzi, \u017ce to herezja, albo mu si\u0119 nie chce. Patrz\u0105c na to wszystko przyzna\u0107 trzeba, \u017ce posoborowa rekrutacja kandydat\u00f3w na biskup\u00f3w przebieg\u0142a bezb\u0142\u0119dnie: wybrano ludzi albo skompromitowanych albo tch\u00f3rzliwych, albo jedno i drugie, bo jak skompromitowanych to i tch\u00f3rzliwych, po to, by zapewni\u0107 sobie ich bierno\u015b\u0107 przy planowanym wielkim odst\u0119pstwie. O ile do Bergoglio my\u015bleli\u015bmy wszyscy, \u017ce gdzie\u015b tam na \u015bwiecie jest jaki\u015b jeden porz\u0105dny biskup, kt\u00f3remu naprawd\u0119 zale\u017cy, o tyle wiemy teraz, \u017ce nie ma absolutnie nikogo, a niby porz\u0105dni, jak biskup Schneider, dorabiaj\u0105 teori\u0119 do w\u0142asnego tch\u00f3rzostwa. Ale przecie\u017c Pan B\u00f3g daje \u0142ask\u0119 i si\u0142\u0119 i mo\u017cliwo\u015bci i ochron\u0119, wi\u0119c nie ma si\u0119 czego ba\u0107. Aby si\u0119 nie ba\u0107, trzeba jednak w Boga wierzy\u0107, jak i wybra\u0107 si\u0119 na pustyni\u0119, gdzie tak\u017ce ukrywa\u0142 si\u0119 \u015bw. Atanazy, by do\u015bwiadczy\u0107 cudu manny. Przecie\u017c obecne zachowanie biskup\u00f3w powala katolicyzm na przynajmniej przysz\u0142e 100 lat, skoro ideowy katolik zapyta ka\u017cdego z nich:<\/p>\n<blockquote>\n<p style=\"text-align: justify;\">A co zdzia\u0142a\u0142e\u015b przeciwko Bergoglio? I ty chcesz mnie poucza\u0107!<\/p>\n<\/blockquote>\n<p style=\"text-align: justify;\">Jakim autorytetem jest dla wiernego lub ksi\u0119dza biskup, kt\u00f3ry herezje g\u0142osi\u0142, tolerowa\u0142 i stch\u00f3rzy\u0142. Najwyra\u017aniej Novus Ordo zamkn\u0105\u0142 im umys\u0142 na rzeczywisto\u015b\u0107 nadprzyrodzon\u0105. Podobnie i ksi\u0119\u017com, gdy\u017c w\u015br\u00f3d 20 sygnatariuszy ostatniego apelu jest tylko 4 ksi\u0119\u017cy. Jak mo\u017cna tak \u017cy\u0107? Przecie\u017c b\u0119d\u0105 z tego rozliczani i to w godzinie \u015bmierci, a kar\u0105 jest piek\u0142o, gdy\u017c im wi\u0119ksza odpowiedzialno\u015b\u0107, tym wi\u0119ksza kara. Najwyra\u017aniej \u015bwi\u0119ty Atanazy bardziej ba\u0142 si\u0119 Boga ni\u017c ludzi, kt\u00f3ry w\u0142a\u015bnie na niego to brzemi\u0119 patriarchatu Aleksandrii w\u0142o\u017cy\u0142, wiedz\u0105c, \u017ce temu podo\u0142a. By\u0107 mo\u017ce trudno zrozumie\u0107 nam dzisiaj, czym by\u0142a niegdy\u015b Aleksandria. By\u0142a jednym z pi\u0119ciu patriarchat\u00f3w, do kt\u00f3rych nale\u017ca\u0142y:<\/p>\n<ul style=\"text-align: justify;\">\n<li>Rzym<\/li>\n<li>Konstantynopol<\/li>\n<li>Jerozolima<\/li>\n<li>Antiochia<\/li>\n<li>Aleksandria<\/li>\n<\/ul>\n<p style=\"text-align: justify;\">O ile centrum duchowym by\u0142 Rzym, a politycznym Konstantynopol, to centrum intelektualnym by\u0142a z pewno\u015bci\u0105 w czasach \u015bw. Atanazego Aleksandria. Tam powsta\u0142 arianizm, tam toczy\u0142y si\u0119 wszystkie, niezwykle subtelne dyskusje. By\u0107 mo\u017ce rang\u0119 patriarsz\u0105 \u015bwi\u0119tego mo\u017cna por\u00f3wna\u0107 dzisiaj z rang\u0105 przewodnicz\u0105cego episkopatu USA. Nie Rzym, ale bardzo wp\u0142ywowy. Zatem patriarcha Aleksandrii nie by\u0142 zwyk\u0142ym biskupem ani arcybiskupem. By\u0142 patriarch\u0105, a godno\u015b\u0107 jego stolicy biskupiej by\u0142a olbrzymia. St\u0105d arianom zale\u017ca\u0142o tak bardzo na upokorzeniu go i usuni\u0119ciu raz na zawsze ze sceny politycznej. Gdy\u017c dop\u00f3ki trwa\u0142 Atanazy, trwa\u0142 i op\u00f3r. Niestety my obecnie \u017cadnego Atanazego nie mamy, a przybieranie sobie Atanazego na patrona najwyra\u017aniej na w\u0142asn\u0105 odwag\u0119 nie wp\u0142ywa.<\/p>\n<p style=\"text-align: justify;\"><a href=\"#_ftnref1\" name=\"_ftn1\">[1]<\/a> Za Dr\u0105czkowski F., <em>Patrologia<\/em>, Pelplin 1998, 9.<\/p>\n\n\n\n","protected":false},"excerpt":{"rendered":"<p>Po\u015br\u00f3d 16 Ojc\u00f3w Ko\u015bcio\u0142a (8 na Wschodzie i 8 na Zachodzie) wyr\u00f3\u017cniani s\u0105 dodatkowo tzw. Magni Egregii \u2013 dos\u0142. \u201eWielcy Wy\u015bmienici\u201d, kt\u00f3rymi s\u0105: Na Zachodzie: Ambro\u017cy \u2020397 Augustyn \u2020430 Hieronim \u2020419 Grzegorz Wielki \u2020604 Na Wschodzie: Atanazy \u2020373 Bazyli Wielki \u2020379 Grzegorz z Nazjanzu \u2020390 Jan Chryzostom \u2020407[1] Owa wielko\u015b\u0107 mierzona jest wp\u0142ywem, kt\u00f3ry wspomniani [&hellip;]<\/p>\n","protected":false},"author":60508433,"featured_media":22926,"comment_status":"open","ping_status":"open","sticky":false,"template":"","format":"standard","meta":{"_bbp_topic_count":0,"_bbp_reply_count":0,"_bbp_total_topic_count":0,"_bbp_total_reply_count":0,"_bbp_voice_count":0,"_bbp_anonymous_reply_count":0,"_bbp_topic_count_hidden":0,"_bbp_reply_count_hidden":0,"_bbp_forum_subforum_count":0,"_editorskit_title_hidden":false,"_editorskit_reading_time":0,"_editorskit_is_block_options_detached":false,"_editorskit_block_options_position":"{}","_coblocks_attr":"","_coblocks_dimensions":"","_coblocks_responsive_height":"","_coblocks_accordion_ie_support":"","_exactmetrics_skip_tracking":false,"_jetpack_newsletter_access":"","_jetpack_dont_email_post_to_subs":false,"_jetpack_newsletter_tier_id":0,"_jetpack_memberships_contains_paywalled_content":false,"_wpcom_ai_launchpad_first_post":false,"_jetpack_feature_clip_id":0,"_jetpack_memberships_contains_paid_content":false,"footnotes":"","jetpack_publicize_message":"{title}\n\n{excerpt}\n\n{url}","jetpack_publicize_feature_enabled":true,"jetpack_social_post_already_shared":true,"jetpack_social_options":{"image_generator_settings":{"template":"highway","default_image_id":0,"font":"","enabled":false},"version":2},"_wpas_customize_per_network":false,"jetpack_post_was_ever_published":false},"categories":[610131820,336375535,610131268],"tags":[],"class_list":["post-46511","post","type-post","status-publish","format-standard","has-post-thumbnail","hentry","category-swieta-w-maju","category-liturgia-i-liturgika","category-rok-liturgiczny"],"yoast_head":"<!-- This site is optimized with the Yoast SEO plugin v28.4 - https:\/\/yoast.com\/product\/yoast-seo-wordpress\/ -->\n<title>2. Maja \u2013 \u015bw. Atanazego, Ojca Ko\u015bcio\u0142a - Tradycja i Wiara<\/title>\n<meta name=\"robots\" content=\"index, follow, max-snippet:-1, max-image-preview:large, max-video-preview:-1\" \/>\n<link rel=\"canonical\" href=\"https:\/\/wobronietradycjiiwiary.com\/pl\/2-maja-sw-atanazego-ojca-kosciola-2-2\/\" \/>\n<meta property=\"og:locale\" content=\"pl_PL\" \/>\n<meta property=\"og:type\" content=\"article\" \/>\n<meta property=\"og:title\" content=\"2. Maja \u2013 \u015bw. Atanazego, Ojca Ko\u015bcio\u0142a - Tradycja i Wiara\" \/>\n<meta property=\"og:description\" content=\"Po\u015br\u00f3d 16 Ojc\u00f3w Ko\u015bcio\u0142a (8 na Wschodzie i 8 na Zachodzie) wyr\u00f3\u017cniani s\u0105 dodatkowo tzw. Magni Egregii \u2013 dos\u0142. \u201eWielcy Wy\u015bmienici\u201d, kt\u00f3rymi s\u0105: Na Zachodzie: Ambro\u017cy \u2020397 Augustyn \u2020430 Hieronim \u2020419 Grzegorz Wielki \u2020604 Na Wschodzie: Atanazy \u2020373 Bazyli Wielki \u2020379 Grzegorz z Nazjanzu \u2020390 Jan Chryzostom \u2020407[1] Owa wielko\u015b\u0107 mierzona jest wp\u0142ywem, kt\u00f3ry wspomniani [&hellip;]\" \/>\n<meta property=\"og:url\" content=\"https:\/\/wobronietradycjiiwiary.com\/pl\/2-maja-sw-atanazego-ojca-kosciola-2-2\/\" \/>\n<meta property=\"og:site_name\" content=\"Tradycja i Wiara\" \/>\n<meta property=\"article:publisher\" content=\"https:\/\/www.facebook.com\/Tradycja-i-Wiara-108813920592249\" \/>\n<meta property=\"article:published_time\" content=\"2021-05-02T07:00:54+00:00\" \/>\n<meta property=\"article:modified_time\" content=\"2025-02-10T10:16:23+00:00\" \/>\n<meta property=\"og:image\" content=\"https:\/\/wobronietradycjiiwiary.com\/wp-content\/uploads\/2019\/10\/athanasius-1.jpg\" \/>\n\t<meta property=\"og:image:width\" content=\"488\" \/>\n\t<meta property=\"og:image:height\" content=\"728\" \/>\n\t<meta property=\"og:image:type\" content=\"image\/jpeg\" \/>\n<meta name=\"author\" content=\"Traditio et Fides\" \/>\n<meta name=\"twitter:card\" content=\"summary_large_image\" \/>\n<meta name=\"twitter:label1\" content=\"Napisane przez\" \/>\n\t<meta name=\"twitter:data1\" content=\"Traditio et Fides\" \/>\n\t<meta name=\"twitter:label2\" content=\"Szacowany czas czytania\" \/>\n\t<meta name=\"twitter:data2\" content=\"9 minut\" \/>\n<script type=\"application\/ld+json\" class=\"yoast-schema-graph\">{\"@context\":\"https:\\\/\\\/schema.org\",\"@graph\":[{\"@type\":\"Article\",\"@id\":\"https:\\\/\\\/wobronietradycjiiwiary.com\\\/2-maja-sw-atanazego-ojca-kosciola-2-2\\\/#article\",\"isPartOf\":{\"@id\":\"https:\\\/\\\/wobronietradycjiiwiary.com\\\/2-maja-sw-atanazego-ojca-kosciola-2-2\\\/\"},\"author\":{\"name\":\"Traditio et Fides\",\"@id\":\"https:\\\/\\\/wobronietradycjiiwiary.com\\\/pl\\\/#\\\/schema\\\/person\\\/2d6180ce6abcb681fef0daab7816e8f3\"},\"headline\":\"2. Maja \u2013 \u015bw. Atanazego, Ojca Ko\u015bcio\u0142a\",\"datePublished\":\"2021-05-02T07:00:54+00:00\",\"dateModified\":\"2025-02-10T10:16:23+00:00\",\"mainEntityOfPage\":{\"@id\":\"https:\\\/\\\/wobronietradycjiiwiary.com\\\/2-maja-sw-atanazego-ojca-kosciola-2-2\\\/\"},\"wordCount\":1755,\"commentCount\":0,\"publisher\":{\"@id\":\"https:\\\/\\\/wobronietradycjiiwiary.com\\\/pl\\\/#organization\"},\"image\":{\"@id\":\"https:\\\/\\\/wobronietradycjiiwiary.com\\\/2-maja-sw-atanazego-ojca-kosciola-2-2\\\/#primaryimage\"},\"thumbnailUrl\":\"https:\\\/\\\/wobronietradycjiiwiary.com\\\/wp-content\\\/uploads\\\/2019\\\/10\\\/athanasius-1.jpg\",\"articleSection\":[\"05. \u015awi\u0119ta w maju\",\"Liturgia i liturgika\",\"Rok liturgiczny\"],\"inLanguage\":\"pl-PL\",\"potentialAction\":[{\"@type\":\"CommentAction\",\"name\":\"Comment\",\"target\":[\"https:\\\/\\\/wobronietradycjiiwiary.com\\\/2-maja-sw-atanazego-ojca-kosciola-2-2\\\/#respond\"]}]},{\"@type\":\"WebPage\",\"@id\":\"https:\\\/\\\/wobronietradycjiiwiary.com\\\/2-maja-sw-atanazego-ojca-kosciola-2-2\\\/\",\"url\":\"https:\\\/\\\/wobronietradycjiiwiary.com\\\/2-maja-sw-atanazego-ojca-kosciola-2-2\\\/\",\"name\":\"2. Maja \u2013 \u015bw. Atanazego, Ojca Ko\u015bcio\u0142a - Tradycja i Wiara\",\"isPartOf\":{\"@id\":\"https:\\\/\\\/wobronietradycjiiwiary.com\\\/pl\\\/#website\"},\"primaryImageOfPage\":{\"@id\":\"https:\\\/\\\/wobronietradycjiiwiary.com\\\/2-maja-sw-atanazego-ojca-kosciola-2-2\\\/#primaryimage\"},\"image\":{\"@id\":\"https:\\\/\\\/wobronietradycjiiwiary.com\\\/2-maja-sw-atanazego-ojca-kosciola-2-2\\\/#primaryimage\"},\"thumbnailUrl\":\"https:\\\/\\\/wobronietradycjiiwiary.com\\\/wp-content\\\/uploads\\\/2019\\\/10\\\/athanasius-1.jpg\",\"datePublished\":\"2021-05-02T07:00:54+00:00\",\"dateModified\":\"2025-02-10T10:16:23+00:00\",\"breadcrumb\":{\"@id\":\"https:\\\/\\\/wobronietradycjiiwiary.com\\\/2-maja-sw-atanazego-ojca-kosciola-2-2\\\/#breadcrumb\"},\"inLanguage\":\"pl-PL\",\"potentialAction\":[{\"@type\":\"ReadAction\",\"target\":[\"https:\\\/\\\/wobronietradycjiiwiary.com\\\/2-maja-sw-atanazego-ojca-kosciola-2-2\\\/\"]}]},{\"@type\":\"ImageObject\",\"inLanguage\":\"pl-PL\",\"@id\":\"https:\\\/\\\/wobronietradycjiiwiary.com\\\/2-maja-sw-atanazego-ojca-kosciola-2-2\\\/#primaryimage\",\"url\":\"https:\\\/\\\/wobronietradycjiiwiary.com\\\/wp-content\\\/uploads\\\/2019\\\/10\\\/athanasius-1.jpg\",\"contentUrl\":\"https:\\\/\\\/wobronietradycjiiwiary.com\\\/wp-content\\\/uploads\\\/2019\\\/10\\\/athanasius-1.jpg\",\"width\":488,\"height\":728},{\"@type\":\"BreadcrumbList\",\"@id\":\"https:\\\/\\\/wobronietradycjiiwiary.com\\\/2-maja-sw-atanazego-ojca-kosciola-2-2\\\/#breadcrumb\",\"itemListElement\":[{\"@type\":\"ListItem\",\"position\":1,\"name\":\"Strona g\u0142\u00f3wna\",\"item\":\"https:\\\/\\\/wobronietradycjiiwiary.com\\\/\"},{\"@type\":\"ListItem\",\"position\":2,\"name\":\"2. Maja \u2013 \u015bw. Atanazego, Ojca Ko\u015bcio\u0142a\"}]},{\"@type\":\"WebSite\",\"@id\":\"https:\\\/\\\/wobronietradycjiiwiary.com\\\/pl\\\/#website\",\"url\":\"https:\\\/\\\/wobronietradycjiiwiary.com\\\/pl\\\/\",\"name\":\"Tradycja i Wiara\",\"description\":\"Portal dla katolik\u00f3w.\",\"publisher\":{\"@id\":\"https:\\\/\\\/wobronietradycjiiwiary.com\\\/pl\\\/#organization\"},\"potentialAction\":[{\"@type\":\"SearchAction\",\"target\":{\"@type\":\"EntryPoint\",\"urlTemplate\":\"https:\\\/\\\/wobronietradycjiiwiary.com\\\/pl\\\/?s={search_term_string}\"},\"query-input\":{\"@type\":\"PropertyValueSpecification\",\"valueRequired\":true,\"valueName\":\"search_term_string\"}}],\"inLanguage\":\"pl-PL\"},{\"@type\":\"Organization\",\"@id\":\"https:\\\/\\\/wobronietradycjiiwiary.com\\\/pl\\\/#organization\",\"name\":\"Tradycja i Wiara\",\"url\":\"https:\\\/\\\/wobronietradycjiiwiary.com\\\/pl\\\/\",\"logo\":{\"@type\":\"ImageObject\",\"inLanguage\":\"pl-PL\",\"@id\":\"https:\\\/\\\/wobronietradycjiiwiary.com\\\/pl\\\/#\\\/schema\\\/logo\\\/image\\\/\",\"url\":\"https:\\\/\\\/i0.wp.com\\\/wobronietradycjiiwiary.com\\\/wp-content\\\/uploads\\\/2015\\\/10\\\/cropped-st-peters-dome-vatican.jpg?fit=940%2C198&ssl=1\",\"contentUrl\":\"https:\\\/\\\/i0.wp.com\\\/wobronietradycjiiwiary.com\\\/wp-content\\\/uploads\\\/2015\\\/10\\\/cropped-st-peters-dome-vatican.jpg?fit=940%2C198&ssl=1\",\"width\":940,\"height\":198,\"caption\":\"Tradycja i Wiara\"},\"image\":{\"@id\":\"https:\\\/\\\/wobronietradycjiiwiary.com\\\/pl\\\/#\\\/schema\\\/logo\\\/image\\\/\"},\"sameAs\":[\"https:\\\/\\\/www.facebook.com\\\/Tradycja-i-Wiara-108813920592249\"]},{\"@type\":\"Person\",\"@id\":\"https:\\\/\\\/wobronietradycjiiwiary.com\\\/pl\\\/#\\\/schema\\\/person\\\/2d6180ce6abcb681fef0daab7816e8f3\",\"name\":\"Traditio et Fides\",\"sameAs\":[\"https:\\\/\\\/traditionundglauben.com\"],\"url\":\"https:\\\/\\\/wobronietradycjiiwiary.com\\\/pl\\\/author\\\/wobronietradycjiiwiary\\\/\"}]}<\/script>\n<!-- \/ Yoast SEO plugin. -->","yoast_head_json":{"title":"2. Maja \u2013 \u015bw. Atanazego, Ojca Ko\u015bcio\u0142a - Tradycja i Wiara","robots":{"index":"index","follow":"follow","max-snippet":"max-snippet:-1","max-image-preview":"max-image-preview:large","max-video-preview":"max-video-preview:-1"},"canonical":"https:\/\/wobronietradycjiiwiary.com\/pl\/2-maja-sw-atanazego-ojca-kosciola-2-2\/","og_locale":"pl_PL","og_type":"article","og_title":"2. Maja \u2013 \u015bw. Atanazego, Ojca Ko\u015bcio\u0142a - Tradycja i Wiara","og_description":"Po\u015br\u00f3d 16 Ojc\u00f3w Ko\u015bcio\u0142a (8 na Wschodzie i 8 na Zachodzie) wyr\u00f3\u017cniani s\u0105 dodatkowo tzw. Magni Egregii \u2013 dos\u0142. \u201eWielcy Wy\u015bmienici\u201d, kt\u00f3rymi s\u0105: Na Zachodzie: Ambro\u017cy \u2020397 Augustyn \u2020430 Hieronim \u2020419 Grzegorz Wielki \u2020604 Na Wschodzie: Atanazy \u2020373 Bazyli Wielki \u2020379 Grzegorz z Nazjanzu \u2020390 Jan Chryzostom \u2020407[1] Owa wielko\u015b\u0107 mierzona jest wp\u0142ywem, kt\u00f3ry wspomniani [&hellip;]","og_url":"https:\/\/wobronietradycjiiwiary.com\/pl\/2-maja-sw-atanazego-ojca-kosciola-2-2\/","og_site_name":"Tradycja i Wiara","article_publisher":"https:\/\/www.facebook.com\/Tradycja-i-Wiara-108813920592249","article_published_time":"2021-05-02T07:00:54+00:00","article_modified_time":"2025-02-10T10:16:23+00:00","og_image":[{"width":488,"height":728,"url":"https:\/\/wobronietradycjiiwiary.com\/wp-content\/uploads\/2019\/10\/athanasius-1.jpg","type":"image\/jpeg"}],"author":"Traditio et Fides","twitter_card":"summary_large_image","twitter_misc":{"Napisane przez":"Traditio et Fides","Szacowany czas czytania":"9 minut"},"schema":{"@context":"https:\/\/schema.org","@graph":[{"@type":"Article","@id":"https:\/\/wobronietradycjiiwiary.com\/2-maja-sw-atanazego-ojca-kosciola-2-2\/#article","isPartOf":{"@id":"https:\/\/wobronietradycjiiwiary.com\/2-maja-sw-atanazego-ojca-kosciola-2-2\/"},"author":{"name":"Traditio et Fides","@id":"https:\/\/wobronietradycjiiwiary.com\/pl\/#\/schema\/person\/2d6180ce6abcb681fef0daab7816e8f3"},"headline":"2. Maja \u2013 \u015bw. Atanazego, Ojca Ko\u015bcio\u0142a","datePublished":"2021-05-02T07:00:54+00:00","dateModified":"2025-02-10T10:16:23+00:00","mainEntityOfPage":{"@id":"https:\/\/wobronietradycjiiwiary.com\/2-maja-sw-atanazego-ojca-kosciola-2-2\/"},"wordCount":1755,"commentCount":0,"publisher":{"@id":"https:\/\/wobronietradycjiiwiary.com\/pl\/#organization"},"image":{"@id":"https:\/\/wobronietradycjiiwiary.com\/2-maja-sw-atanazego-ojca-kosciola-2-2\/#primaryimage"},"thumbnailUrl":"https:\/\/wobronietradycjiiwiary.com\/wp-content\/uploads\/2019\/10\/athanasius-1.jpg","articleSection":["05. \u015awi\u0119ta w maju","Liturgia i liturgika","Rok liturgiczny"],"inLanguage":"pl-PL","potentialAction":[{"@type":"CommentAction","name":"Comment","target":["https:\/\/wobronietradycjiiwiary.com\/2-maja-sw-atanazego-ojca-kosciola-2-2\/#respond"]}]},{"@type":"WebPage","@id":"https:\/\/wobronietradycjiiwiary.com\/2-maja-sw-atanazego-ojca-kosciola-2-2\/","url":"https:\/\/wobronietradycjiiwiary.com\/2-maja-sw-atanazego-ojca-kosciola-2-2\/","name":"2. Maja \u2013 \u015bw. Atanazego, Ojca Ko\u015bcio\u0142a - Tradycja i Wiara","isPartOf":{"@id":"https:\/\/wobronietradycjiiwiary.com\/pl\/#website"},"primaryImageOfPage":{"@id":"https:\/\/wobronietradycjiiwiary.com\/2-maja-sw-atanazego-ojca-kosciola-2-2\/#primaryimage"},"image":{"@id":"https:\/\/wobronietradycjiiwiary.com\/2-maja-sw-atanazego-ojca-kosciola-2-2\/#primaryimage"},"thumbnailUrl":"https:\/\/wobronietradycjiiwiary.com\/wp-content\/uploads\/2019\/10\/athanasius-1.jpg","datePublished":"2021-05-02T07:00:54+00:00","dateModified":"2025-02-10T10:16:23+00:00","breadcrumb":{"@id":"https:\/\/wobronietradycjiiwiary.com\/2-maja-sw-atanazego-ojca-kosciola-2-2\/#breadcrumb"},"inLanguage":"pl-PL","potentialAction":[{"@type":"ReadAction","target":["https:\/\/wobronietradycjiiwiary.com\/2-maja-sw-atanazego-ojca-kosciola-2-2\/"]}]},{"@type":"ImageObject","inLanguage":"pl-PL","@id":"https:\/\/wobronietradycjiiwiary.com\/2-maja-sw-atanazego-ojca-kosciola-2-2\/#primaryimage","url":"https:\/\/wobronietradycjiiwiary.com\/wp-content\/uploads\/2019\/10\/athanasius-1.jpg","contentUrl":"https:\/\/wobronietradycjiiwiary.com\/wp-content\/uploads\/2019\/10\/athanasius-1.jpg","width":488,"height":728},{"@type":"BreadcrumbList","@id":"https:\/\/wobronietradycjiiwiary.com\/2-maja-sw-atanazego-ojca-kosciola-2-2\/#breadcrumb","itemListElement":[{"@type":"ListItem","position":1,"name":"Strona g\u0142\u00f3wna","item":"https:\/\/wobronietradycjiiwiary.com\/"},{"@type":"ListItem","position":2,"name":"2. Maja \u2013 \u015bw. Atanazego, Ojca Ko\u015bcio\u0142a"}]},{"@type":"WebSite","@id":"https:\/\/wobronietradycjiiwiary.com\/pl\/#website","url":"https:\/\/wobronietradycjiiwiary.com\/pl\/","name":"Tradycja i Wiara","description":"Portal dla katolik\u00f3w.","publisher":{"@id":"https:\/\/wobronietradycjiiwiary.com\/pl\/#organization"},"potentialAction":[{"@type":"SearchAction","target":{"@type":"EntryPoint","urlTemplate":"https:\/\/wobronietradycjiiwiary.com\/pl\/?s={search_term_string}"},"query-input":{"@type":"PropertyValueSpecification","valueRequired":true,"valueName":"search_term_string"}}],"inLanguage":"pl-PL"},{"@type":"Organization","@id":"https:\/\/wobronietradycjiiwiary.com\/pl\/#organization","name":"Tradycja i Wiara","url":"https:\/\/wobronietradycjiiwiary.com\/pl\/","logo":{"@type":"ImageObject","inLanguage":"pl-PL","@id":"https:\/\/wobronietradycjiiwiary.com\/pl\/#\/schema\/logo\/image\/","url":"https:\/\/i0.wp.com\/wobronietradycjiiwiary.com\/wp-content\/uploads\/2015\/10\/cropped-st-peters-dome-vatican.jpg?fit=940%2C198&ssl=1","contentUrl":"https:\/\/i0.wp.com\/wobronietradycjiiwiary.com\/wp-content\/uploads\/2015\/10\/cropped-st-peters-dome-vatican.jpg?fit=940%2C198&ssl=1","width":940,"height":198,"caption":"Tradycja i Wiara"},"image":{"@id":"https:\/\/wobronietradycjiiwiary.com\/pl\/#\/schema\/logo\/image\/"},"sameAs":["https:\/\/www.facebook.com\/Tradycja-i-Wiara-108813920592249"]},{"@type":"Person","@id":"https:\/\/wobronietradycjiiwiary.com\/pl\/#\/schema\/person\/2d6180ce6abcb681fef0daab7816e8f3","name":"Traditio et Fides","sameAs":["https:\/\/traditionundglauben.com"],"url":"https:\/\/wobronietradycjiiwiary.com\/pl\/author\/wobronietradycjiiwiary\/"}]}},"jetpack_publicize_connections":[],"jetpack_sharing_enabled":true,"jetpack_likes_enabled":true,"jetpack_shortlink":"https:\/\/wp.me\/pc04Sd-c6b","jetpack-related-posts":[{"id":20218,"url":"https:\/\/wobronietradycjiiwiary.com\/pl\/2-maja-sw-atanazego-ojca-kosciola\/","url_meta":{"origin":46511,"position":0},"title":"2. Maja \u2013 \u015bw. Atanazego, Ojca Ko\u015bcio\u0142a","author":"Traditio et Fides","date":"2 maja 2019","format":false,"excerpt":"Po\u015br\u00f3d 16 Ojc\u00f3w Ko\u015bcio\u0142a (8 na Wschodzie i 8 na Zachodzie) wyr\u00f3\u017cniani s\u0105 dodatkowo tzw. Magni Egregii \u2013 dos\u0142. \u201eWielcy Wy\u015bmienici\u201d, kt\u00f3rymi s\u0105: Na Zachodzie: Ambro\u017cy \u2020397 Augustyn \u2020430 Hieronim \u2020419 Grzegorz Wielki \u2020604 Na Wschodzie: Atanazy \u2020373 Bazyli Wielki \u2020379 Grzegorz z Nazjanzu \u2020390 Jan Chryzostom \u2020407[1] Owa wielko\u015b\u0107\u2026","rel":"","context":"W \u201eLiturgia i liturgika&quot;","block_context":{"text":"Liturgia i liturgika","link":"https:\/\/wobronietradycjiiwiary.com\/pl\/category\/duchowosc\/liturgia-i-liturgika\/"},"img":{"alt_text":"","src":"https:\/\/i0.wp.com\/wobronietradycjiiwiary.com\/wp-content\/uploads\/2019\/05\/athanasius-1.jpg?resize=350%2C200&ssl=1","width":350,"height":200},"classes":[]},{"id":68113,"url":"https:\/\/wobronietradycjiiwiary.com\/pl\/2-maja-sw-atanazego-ojca-kosciola-2-2-2\/","url_meta":{"origin":46511,"position":1},"title":"2. Maja \u2013 \u015bw. Atanazego, Ojca Ko\u015bcio\u0142a","author":"Traditio et Fides","date":"2 maja 2022","format":false,"excerpt":"Po\u015br\u00f3d 16 Ojc\u00f3w Ko\u015bcio\u0142a (8 na Wschodzie i 8 na Zachodzie) wyr\u00f3\u017cniani s\u0105 dodatkowo tzw. Magni Egregii \u2013 dos\u0142. \u201eWielcy Wy\u015bmienici\u201d, kt\u00f3rymi s\u0105: Na Zachodzie: Ambro\u017cy \u2020397 Augustyn \u2020430 Hieronim \u2020419 Grzegorz Wielki \u2020604 Na Wschodzie: Atanazy \u2020373 Bazyli Wielki \u2020379 Grzegorz z Nazjanzu \u2020390 Jan Chryzostom \u2020407[1] Owa wielko\u015b\u0107\u2026","rel":"","context":"W \u201e05. \u015awi\u0119ta w maju&quot;","block_context":{"text":"05. \u015awi\u0119ta w maju","link":"https:\/\/wobronietradycjiiwiary.com\/pl\/category\/duchowosc\/liturgia-i-liturgika\/rozwazania\/rok-liturgiczny\/swieta-w-maju\/"},"img":{"alt_text":"","src":"https:\/\/i0.wp.com\/wobronietradycjiiwiary.com\/wp-content\/uploads\/2019\/10\/athanasius-1.jpg?resize=350%2C200&ssl=1","width":350,"height":200},"classes":[]},{"id":28162,"url":"https:\/\/wobronietradycjiiwiary.com\/pl\/2-maja-sw-atanazego-ojca-kosciola-2\/","url_meta":{"origin":46511,"position":2},"title":"2. Maja \u2013 \u015bw. Atanazego, Ojca Ko\u015bcio\u0142a","author":"Traditio et Fides","date":"2 maja 2020","format":false,"excerpt":"Po\u015br\u00f3d 16 Ojc\u00f3w Ko\u015bcio\u0142a (8 na Wschodzie i 8 na Zachodzie) wyr\u00f3\u017cniani s\u0105 dodatkowo tzw. Magni Egregii \u2013 dos\u0142. \u201eWielcy Wy\u015bmienici\u201d, kt\u00f3rymi s\u0105: Na Zachodzie: Ambro\u017cy \u2020397 Augustyn \u2020430 Hieronim \u2020419 Grzegorz Wielki \u2020604 Na Wschodzie: Atanazy \u2020373 Bazyli Wielki \u2020379 Grzegorz z Nazjanzu \u2020390 Jan Chryzostom \u2020407[1] Owa wielko\u015b\u0107\u2026","rel":"","context":"W \u201eLiturgia i liturgika&quot;","block_context":{"text":"Liturgia i liturgika","link":"https:\/\/wobronietradycjiiwiary.com\/pl\/category\/duchowosc\/liturgia-i-liturgika\/"},"img":{"alt_text":"","src":"https:\/\/i0.wp.com\/wobronietradycjiiwiary.com\/wp-content\/uploads\/2019\/10\/athanasius-1.jpg?resize=350%2C200&ssl=1","width":350,"height":200},"classes":[]},{"id":62816,"url":"https:\/\/wobronietradycjiiwiary.com\/pl\/czy-sw-ireneusz-z-lyonu-powinien-byc-doktorem-kosciola\/","url_meta":{"origin":46511,"position":3},"title":"Czy \u015bw. Ireneusz z Lyonu powinien by\u0107 Doktorem Ko\u015bcio\u0142a?","author":"Traditio et Fides","date":"3 marca 2022","format":false,"excerpt":"\u015aw. Ireneusz na tytu\u0142 Doktora Ko\u015bcio\u0142a nie zas\u0142uguje, a wyniesienie go do tej godno\u015bci to kolejne hagan lio.","rel":"","context":"W \u201eSatanizm&quot;","block_context":{"text":"Satanizm","link":"https:\/\/wobronietradycjiiwiary.com\/pl\/category\/polemika\/satanizm\/"},"img":{"alt_text":"","src":"https:\/\/i0.wp.com\/wobronietradycjiiwiary.com\/wp-content\/uploads\/2022\/03\/Irenaeus_1.jpg?resize=350%2C200&ssl=1","width":350,"height":200},"classes":[]},{"id":7814,"url":"https:\/\/wobronietradycjiiwiary.com\/pl\/sedewakantyzm-czym-jest-tradycja-3-3-1-kryteria-tradycji-zgodnosc-i-sensus-fidei\/","url_meta":{"origin":46511,"position":4},"title":"Sedewakantyzm \u2013 Czym jest Tradycja? (5) Kryteria Tradycji","author":"Traditio et Fides","date":"28 listopada 2015","format":false,"excerpt":"Zbli\u017camy si\u0119 poma\u0142u do kwestii istotnych, wi\u0119c po\u015bwi\u0119cimy im nieco wi\u0119cej miejsca i czasu. Jako pierwsze kryterium Tradycji wymieniana jest: Zgodno\u015b\u0107 ca\u0142ego Ko\u015bcio\u0142a Kryterium Tradycji jest zgodno\u015b\u0107 ca\u0142ego Ko\u015bcio\u0142a w trzymaniu si\u0119 przekazanej wiary (DH 1637, 4209, 4213) za po\u015brednictwem nadprzyrodzonego zmys\u0142u wiary (DH 4130). C\u00f3\u017c to oznacza? W miejscu\u2026","rel":"","context":"W \u201eDe Traditione&quot;","block_context":{"text":"De Traditione","link":"https:\/\/wobronietradycjiiwiary.com\/pl\/category\/doktryna\/teologia-jako-nauka\/tradycja-i-tradycja\/de-traditione\/"},"img":{"alt_text":"","src":"https:\/\/i0.wp.com\/wobronietradycjiiwiary.com\/wp-content\/uploads\/2015\/11\/church-fathers-photo.jpg?resize=350%2C200&ssl=1","width":350,"height":200},"classes":[]},{"id":3827,"url":"https:\/\/wobronietradycjiiwiary.com\/pl\/o-predyspozycjach-do-studiow-teologii-1\/","url_meta":{"origin":46511,"position":5},"title":"O predyspozycjach do studi\u00f3w teologicznych (cz. 1)","author":"Traditio et Fides","date":"20 lutego 2015","format":false,"excerpt":"1.\u00a0\u00a0\u00a0 Teologa dzielnego kt\u00f3\u017c znajdzie? Jego warto\u015b\u0107 przewy\u017csza per\u0142y. \u00a0Zanim przedstawimy, czym teologia jako nauko jest, czym si\u0119 w swojej metodologii kieruje i do czego d\u0105\u017cy, pragniemy pokr\u00f3tce zaprezentowa\u0107 te przymioty intelektualne i moralne, kt\u00f3re studiuj\u0105cy teologi\u0119 posiada\u0107 powinien, by rzeczywi\u015bcie korzy\u015b\u0107 z tej nauki odnie\u015b\u0107 i ani intelektualnie, ani\u2026","rel":"","context":"W \u201ePredyspozycje do teologii&quot;","block_context":{"text":"Predyspozycje do teologii","link":"https:\/\/wobronietradycjiiwiary.com\/pl\/category\/doktryna\/teologia-jako-nauka\/predyspozycje-do-teologii\/"},"img":{"alt_text":"","src":"https:\/\/i0.wp.com\/wobronietradycjiiwiary.com\/wp-content\/uploads\/2015\/06\/boethius.jpg?resize=350%2C200&ssl=1","width":350,"height":200},"classes":[]}],"amp_enabled":true,"jetpack_featured_media_url":"https:\/\/wobronietradycjiiwiary.com\/wp-content\/uploads\/2019\/10\/athanasius-1.jpg","_links":{"self":[{"href":"https:\/\/wobronietradycjiiwiary.com\/pl\/wp-json\/wp\/v2\/posts\/46511","targetHints":{"allow":["GET"]}}],"collection":[{"href":"https:\/\/wobronietradycjiiwiary.com\/pl\/wp-json\/wp\/v2\/posts"}],"about":[{"href":"https:\/\/wobronietradycjiiwiary.com\/pl\/wp-json\/wp\/v2\/types\/post"}],"author":[{"embeddable":true,"href":"https:\/\/wobronietradycjiiwiary.com\/pl\/wp-json\/wp\/v2\/users\/60508433"}],"replies":[{"embeddable":true,"href":"https:\/\/wobronietradycjiiwiary.com\/pl\/wp-json\/wp\/v2\/comments?post=46511"}],"version-history":[{"count":1,"href":"https:\/\/wobronietradycjiiwiary.com\/pl\/wp-json\/wp\/v2\/posts\/46511\/revisions"}],"predecessor-version":[{"id":77786,"href":"https:\/\/wobronietradycjiiwiary.com\/pl\/wp-json\/wp\/v2\/posts\/46511\/revisions\/77786"}],"wp:featuredmedia":[{"embeddable":true,"href":"https:\/\/wobronietradycjiiwiary.com\/pl\/wp-json\/wp\/v2\/media\/22926"}],"wp:attachment":[{"href":"https:\/\/wobronietradycjiiwiary.com\/pl\/wp-json\/wp\/v2\/media?parent=46511"}],"wp:term":[{"taxonomy":"category","embeddable":true,"href":"https:\/\/wobronietradycjiiwiary.com\/pl\/wp-json\/wp\/v2\/categories?post=46511"},{"taxonomy":"post_tag","embeddable":true,"href":"https:\/\/wobronietradycjiiwiary.com\/pl\/wp-json\/wp\/v2\/tags?post=46511"}],"curies":[{"name":"wp","href":"https:\/\/api.w.org\/{rel}","templated":true}]}}