{"id":4552,"date":"2014-12-01T19:08:28","date_gmt":"2014-12-01T18:08:28","guid":{"rendered":"https:\/\/wobronietradycjiiwiary.com\/?p=4552"},"modified":"2025-02-07T15:49:44","modified_gmt":"2025-02-07T14:49:44","slug":"bouzignac-in-pace-in-idipsum","status":"publish","type":"post","link":"https:\/\/wobronietradycjiiwiary.com\/pl\/bouzignac-in-pace-in-idipsum\/","title":{"rendered":"Bouzignac, In pace, in idipsum"},"content":{"rendered":"<div id=\"bsf_rt_marker\"><\/div><p>Kompozytor: Pierre Bouzignac (1587-1643) Wykonawcy: Les Arts Florissants Dyrygent: William Christis Tytu\u0142: In pace, in idipsum In pace, in idipsum&hellip;<\/p>\n<div style=\"text-align: center\">\n<p>&nbsp;<\/p>\n<\/div>\n<h2 style=\"border: 5px solid #0000A0;padding: 1em;text-align: center\"><span style=\"color: #000000\">Pe\u0142en dost\u0119p dla <span style=\"color: #00ccff\"><a style=\"color: #00ccff\" href=\"https:\/\/wobronietradycjiiwiary.com\/subskrypcje-2\/\" target=\"_blank\" rel=\"noopener\">subskrybent\u00f3w<\/a><\/span>.<\/span><br \/>\n<span style=\"color: #3366ff\"><a style=\"color: #3366ff\" href=\"https:\/\/wobronietradycjiiwiary.com\/account\/login\/\" target=\"_blank\" rel=\"noopener\"><span style=\"color: #00ccff\">Zaloguj<\/span><\/a> <\/span>si\u0119 lub przejd\u017a do <a href=\"https:\/\/wobronietradycjiiwiary.com\/register\/\"><span style=\"color: #3366ff\">Rejestracji<\/span><\/a>.<\/h2>\n<div>\n<p style=\"text-align: center\"><a href=\"https:\/\/wobronietradycjiiwiary.com\/pl\/subskrypcje-2\/cennik\/\" target=\"_blank\" rel=\"noopener\"><span style=\"color: #000080;font-size: 24pt\"><strong>Nowe ni\u017csze ceny<\/strong><\/span><\/a><\/p>\n<p style=\"text-align: center\"><strong><span style=\"font-size: 18pt;color: #000080\">P\u0142atno\u015b\u0107 kart\u0105<\/span><\/strong><\/p>\n<\/div>\n<h3 style=\"text-align: center\"><a href=\"https:\/\/wobronietradycjiiwiary.com\/pl\/subskrypcje-2\/automatyczne\/indywidualne\/\" target=\"_blank\" rel=\"noopener\"><img fetchpriority=\"high\" decoding=\"async\" class=\"alignnone size-medium wp-image-80433\" src=\"https:\/\/wobronietradycjiiwiary.com\/wp-content\/uploads\/2022\/11\/Unbenannt-1-Online-1-300x202.jpg\" alt=\"\" width=\"300\" height=\"202\" srcset=\"https:\/\/wobronietradycjiiwiary.com\/wp-content\/uploads\/2022\/11\/Unbenannt-1-Online-1-300x202.jpg 300w, https:\/\/wobronietradycjiiwiary.com\/wp-content\/uploads\/2022\/11\/Unbenannt-1-Online-1-150x101.jpg 150w, https:\/\/wobronietradycjiiwiary.com\/wp-content\/uploads\/2022\/11\/Unbenannt-1-Online-1-18x12.jpg 18w, https:\/\/wobronietradycjiiwiary.com\/wp-content\/uploads\/2022\/11\/Unbenannt-1-Online-1.jpg 446w\" sizes=\"(max-width: 300px) 100vw, 300px\" \/><\/a><\/h3>\n<p style=\"text-align: center\"><strong><span style=\"font-size: 18pt;color: #000080\">P\u0142atno\u015b\u0107 przelewem<\/span><\/strong><\/p>\n<p><a href=\"https:\/\/wobronietradycjiiwiary.com\/pl\/subskrypcje-2\/automatyczne\/indywidualne\/\" target=\"_blank\" rel=\"noopener\"><img decoding=\"async\" class=\"size-medium wp-image-80434 aligncenter\" src=\"https:\/\/wobronietradycjiiwiary.com\/wp-content\/uploads\/2022\/11\/Unbenannt-1-Przelewem-300x137.jpg\" alt=\"\" width=\"300\" height=\"137\" srcset=\"https:\/\/wobronietradycjiiwiary.com\/wp-content\/uploads\/2022\/11\/Unbenannt-1-Przelewem-300x137.jpg 300w, https:\/\/wobronietradycjiiwiary.com\/wp-content\/uploads\/2022\/11\/Unbenannt-1-Przelewem-450x206.jpg 450w, https:\/\/wobronietradycjiiwiary.com\/wp-content\/uploads\/2022\/11\/Unbenannt-1-Przelewem-600x274.jpg 600w, https:\/\/wobronietradycjiiwiary.com\/wp-content\/uploads\/2022\/11\/Unbenannt-1-Przelewem-150x69.jpg 150w, https:\/\/wobronietradycjiiwiary.com\/wp-content\/uploads\/2022\/11\/Unbenannt-1-Przelewem-18x8.jpg 18w, https:\/\/wobronietradycjiiwiary.com\/wp-content\/uploads\/2022\/11\/Unbenannt-1-Przelewem.jpg 676w\" sizes=\"(max-width: 300px) 100vw, 300px\" \/><\/a><\/p>\n<p style=\"text-align: center\"><strong><span style=\"font-size: 18pt;color: #000080\">P\u0142atno\u015b\u0107 kart\u0105 do 6 os\u00f3b<\/span><\/strong><\/p>\n<p><a href=\"https:\/\/wobronietradycjiiwiary.com\/pl\/rodzinne\/\" target=\"_blank\" rel=\"noopener\"><img decoding=\"async\" class=\"size-medium wp-image-80435 aligncenter\" src=\"https:\/\/wobronietradycjiiwiary.com\/wp-content\/uploads\/2022\/11\/Unbenannt-1-Rodzinna-300x208.jpg\" alt=\"\" width=\"300\" height=\"208\" srcset=\"https:\/\/wobronietradycjiiwiary.com\/wp-content\/uploads\/2022\/11\/Unbenannt-1-Rodzinna-300x208.jpg 300w, https:\/\/wobronietradycjiiwiary.com\/wp-content\/uploads\/2022\/11\/Unbenannt-1-Rodzinna-150x104.jpg 150w, https:\/\/wobronietradycjiiwiary.com\/wp-content\/uploads\/2022\/11\/Unbenannt-1-Rodzinna-18x12.jpg 18w, https:\/\/wobronietradycjiiwiary.com\/wp-content\/uploads\/2022\/11\/Unbenannt-1-Rodzinna.jpg 448w\" sizes=\"(max-width: 300px) 100vw, 300px\" \/><\/a><\/p>\n<h3 style=\"text-align: center\"><\/h3>\n<h1 style=\"text-align: center\"><\/h1>\n","protected":false},"excerpt":{"rendered":"<p>Kompozytor: Pierre Bouzignac (1587-1643) Wykonawcy: Les Arts Florissants Dyrygent: William Christis Tytu\u0142: In pace, in idipsum In pace, in idipsum&hellip; &nbsp; Pe\u0142en dost\u0119p dla subskrybent\u00f3w. Zaloguj si\u0119 lub przejd\u017a do Rejestracji. Nowe ni\u017csze ceny P\u0142atno\u015b\u0107 kart\u0105 P\u0142atno\u015b\u0107 przelewem P\u0142atno\u015b\u0107 kart\u0105 do 6 os\u00f3b<\/p>\n","protected":false},"author":60508433,"featured_media":0,"comment_status":"closed","ping_status":"closed","sticky":false,"template":"","format":"standard","meta":{"_bbp_topic_count":0,"_bbp_reply_count":0,"_bbp_total_topic_count":0,"_bbp_total_reply_count":0,"_bbp_voice_count":0,"_bbp_anonymous_reply_count":0,"_bbp_topic_count_hidden":0,"_bbp_reply_count_hidden":0,"_bbp_forum_subforum_count":0,"_editorskit_title_hidden":false,"_editorskit_reading_time":0,"_editorskit_is_block_options_detached":false,"_editorskit_block_options_position":"{}","_coblocks_attr":"","_coblocks_dimensions":"","_coblocks_responsive_height":"","_coblocks_accordion_ie_support":"","_exactmetrics_skip_tracking":false,"_jetpack_newsletter_access":"","_jetpack_dont_email_post_to_subs":false,"_jetpack_newsletter_tier_id":0,"_jetpack_memberships_contains_paywalled_content":false,"_wpcom_ai_launchpad_first_post":false,"_jetpack_feature_clip_id":0,"_jetpack_memberships_contains_paid_content":false,"footnotes":"","jetpack_publicize_message":"{title}\n\n{excerpt}\n\n{url}","jetpack_publicize_feature_enabled":true,"jetpack_social_post_already_shared":true,"jetpack_social_options":{"image_generator_settings":{"template":"highway","default_image_id":0,"font":"","enabled":false},"version":2},"_wpas_customize_per_network":false,"jetpack_post_was_ever_published":false},"categories":[330103918],"tags":[21757655,37120932,335730741,610132562,610132133],"class_list":["post-4552","post","type-post","status-publish","format-standard","hentry","category-musica-sacra-movens","tag-in-pace","tag-musica-sacra-2","tag-pierre-bouzignac","tag-premium","tag-restricted"],"yoast_head":"<!-- This site is optimized with the Yoast SEO plugin v28.3 - https:\/\/yoast.com\/product\/yoast-seo-wordpress\/ -->\n<title>Bouzignac, In pace, in idipsum - Tradycja i Wiara<\/title>\n<meta name=\"description\" content=\"Bouzignac, In pace, in idipsum\" \/>\n<meta name=\"robots\" content=\"index, follow, max-snippet:-1, max-image-preview:large, max-video-preview:-1\" \/>\n<link rel=\"canonical\" href=\"https:\/\/wobronietradycjiiwiary.com\/pl\/bouzignac-in-pace-in-idipsum\/\" \/>\n<meta property=\"og:locale\" content=\"pl_PL\" \/>\n<meta property=\"og:type\" content=\"article\" \/>\n<meta property=\"og:title\" content=\"Bouzignac, In pace, in idipsum - Tradycja i Wiara\" \/>\n<meta property=\"og:description\" content=\"Bouzignac, In pace, in idipsum\" \/>\n<meta property=\"og:url\" content=\"https:\/\/wobronietradycjiiwiary.com\/pl\/bouzignac-in-pace-in-idipsum\/\" \/>\n<meta property=\"og:site_name\" content=\"Tradycja i Wiara\" \/>\n<meta property=\"article:publisher\" content=\"https:\/\/www.facebook.com\/Tradycja-i-Wiara-108813920592249\" \/>\n<meta property=\"article:published_time\" content=\"2014-12-01T18:08:28+00:00\" \/>\n<meta property=\"article:modified_time\" content=\"2025-02-07T14:49:44+00:00\" \/>\n<meta name=\"author\" content=\"Traditio et Fides\" \/>\n<meta name=\"twitter:card\" content=\"summary_large_image\" \/>\n<meta name=\"twitter:label1\" content=\"Napisane przez\" \/>\n\t<meta name=\"twitter:data1\" content=\"Traditio et Fides\" \/>\n<script type=\"application\/ld+json\" class=\"yoast-schema-graph\">{\"@context\":\"https:\\\/\\\/schema.org\",\"@graph\":[{\"@type\":\"Article\",\"@id\":\"https:\\\/\\\/wobronietradycjiiwiary.com\\\/bouzignac-in-pace-in-idipsum\\\/#article\",\"isPartOf\":{\"@id\":\"https:\\\/\\\/wobronietradycjiiwiary.com\\\/bouzignac-in-pace-in-idipsum\\\/\"},\"author\":{\"name\":\"Traditio et Fides\",\"@id\":\"https:\\\/\\\/wobronietradycjiiwiary.com\\\/pl\\\/#\\\/schema\\\/person\\\/2d6180ce6abcb681fef0daab7816e8f3\"},\"headline\":\"Bouzignac, In pace, in idipsum\",\"datePublished\":\"2014-12-01T18:08:28+00:00\",\"dateModified\":\"2025-02-07T14:49:44+00:00\",\"mainEntityOfPage\":{\"@id\":\"https:\\\/\\\/wobronietradycjiiwiary.com\\\/bouzignac-in-pace-in-idipsum\\\/\"},\"wordCount\":89,\"publisher\":{\"@id\":\"https:\\\/\\\/wobronietradycjiiwiary.com\\\/pl\\\/#organization\"},\"keywords\":[\"In pace\",\"Musica sacra\",\"Pierre Bouzignac\",\"Premium\",\"Restricted\"],\"articleSection\":[\"Musica Sacra Movens\"],\"inLanguage\":\"pl-PL\"},{\"@type\":\"WebPage\",\"@id\":\"https:\\\/\\\/wobronietradycjiiwiary.com\\\/bouzignac-in-pace-in-idipsum\\\/\",\"url\":\"https:\\\/\\\/wobronietradycjiiwiary.com\\\/bouzignac-in-pace-in-idipsum\\\/\",\"name\":\"Bouzignac, In pace, in idipsum - Tradycja i Wiara\",\"isPartOf\":{\"@id\":\"https:\\\/\\\/wobronietradycjiiwiary.com\\\/pl\\\/#website\"},\"datePublished\":\"2014-12-01T18:08:28+00:00\",\"dateModified\":\"2025-02-07T14:49:44+00:00\",\"description\":\"Bouzignac, In pace, in idipsum\",\"breadcrumb\":{\"@id\":\"https:\\\/\\\/wobronietradycjiiwiary.com\\\/bouzignac-in-pace-in-idipsum\\\/#breadcrumb\"},\"inLanguage\":\"pl-PL\",\"potentialAction\":[{\"@type\":\"ReadAction\",\"target\":[\"https:\\\/\\\/wobronietradycjiiwiary.com\\\/bouzignac-in-pace-in-idipsum\\\/\"]}]},{\"@type\":\"BreadcrumbList\",\"@id\":\"https:\\\/\\\/wobronietradycjiiwiary.com\\\/bouzignac-in-pace-in-idipsum\\\/#breadcrumb\",\"itemListElement\":[{\"@type\":\"ListItem\",\"position\":1,\"name\":\"Strona g\u0142\u00f3wna\",\"item\":\"https:\\\/\\\/wobronietradycjiiwiary.com\\\/\"},{\"@type\":\"ListItem\",\"position\":2,\"name\":\"Bouzignac, In pace, in idipsum\"}]},{\"@type\":\"WebSite\",\"@id\":\"https:\\\/\\\/wobronietradycjiiwiary.com\\\/pl\\\/#website\",\"url\":\"https:\\\/\\\/wobronietradycjiiwiary.com\\\/pl\\\/\",\"name\":\"Tradycja i Wiara\",\"description\":\"Portal dla katolik\u00f3w.\",\"publisher\":{\"@id\":\"https:\\\/\\\/wobronietradycjiiwiary.com\\\/pl\\\/#organization\"},\"potentialAction\":[{\"@type\":\"SearchAction\",\"target\":{\"@type\":\"EntryPoint\",\"urlTemplate\":\"https:\\\/\\\/wobronietradycjiiwiary.com\\\/pl\\\/?s={search_term_string}\"},\"query-input\":{\"@type\":\"PropertyValueSpecification\",\"valueRequired\":true,\"valueName\":\"search_term_string\"}}],\"inLanguage\":\"pl-PL\"},{\"@type\":\"Organization\",\"@id\":\"https:\\\/\\\/wobronietradycjiiwiary.com\\\/pl\\\/#organization\",\"name\":\"Tradycja i Wiara\",\"url\":\"https:\\\/\\\/wobronietradycjiiwiary.com\\\/pl\\\/\",\"logo\":{\"@type\":\"ImageObject\",\"inLanguage\":\"pl-PL\",\"@id\":\"https:\\\/\\\/wobronietradycjiiwiary.com\\\/pl\\\/#\\\/schema\\\/logo\\\/image\\\/\",\"url\":\"https:\\\/\\\/i0.wp.com\\\/wobronietradycjiiwiary.com\\\/wp-content\\\/uploads\\\/2015\\\/10\\\/cropped-st-peters-dome-vatican.jpg?fit=940%2C198&ssl=1\",\"contentUrl\":\"https:\\\/\\\/i0.wp.com\\\/wobronietradycjiiwiary.com\\\/wp-content\\\/uploads\\\/2015\\\/10\\\/cropped-st-peters-dome-vatican.jpg?fit=940%2C198&ssl=1\",\"width\":940,\"height\":198,\"caption\":\"Tradycja i Wiara\"},\"image\":{\"@id\":\"https:\\\/\\\/wobronietradycjiiwiary.com\\\/pl\\\/#\\\/schema\\\/logo\\\/image\\\/\"},\"sameAs\":[\"https:\\\/\\\/www.facebook.com\\\/Tradycja-i-Wiara-108813920592249\"]},{\"@type\":\"Person\",\"@id\":\"https:\\\/\\\/wobronietradycjiiwiary.com\\\/pl\\\/#\\\/schema\\\/person\\\/2d6180ce6abcb681fef0daab7816e8f3\",\"name\":\"Traditio et Fides\",\"sameAs\":[\"https:\\\/\\\/traditionundglauben.com\"],\"url\":\"https:\\\/\\\/wobronietradycjiiwiary.com\\\/pl\\\/author\\\/wobronietradycjiiwiary\\\/\"}]}<\/script>\n<!-- \/ Yoast SEO plugin. -->","yoast_head_json":{"title":"Bouzignac, In pace, in idipsum - Tradycja i Wiara","description":"Bouzignac, In pace, in idipsum","robots":{"index":"index","follow":"follow","max-snippet":"max-snippet:-1","max-image-preview":"max-image-preview:large","max-video-preview":"max-video-preview:-1"},"canonical":"https:\/\/wobronietradycjiiwiary.com\/pl\/bouzignac-in-pace-in-idipsum\/","og_locale":"pl_PL","og_type":"article","og_title":"Bouzignac, In pace, in idipsum - Tradycja i Wiara","og_description":"Bouzignac, In pace, in idipsum","og_url":"https:\/\/wobronietradycjiiwiary.com\/pl\/bouzignac-in-pace-in-idipsum\/","og_site_name":"Tradycja i Wiara","article_publisher":"https:\/\/www.facebook.com\/Tradycja-i-Wiara-108813920592249","article_published_time":"2014-12-01T18:08:28+00:00","article_modified_time":"2025-02-07T14:49:44+00:00","author":"Traditio et Fides","twitter_card":"summary_large_image","twitter_misc":{"Napisane przez":"Traditio et Fides"},"schema":{"@context":"https:\/\/schema.org","@graph":[{"@type":"Article","@id":"https:\/\/wobronietradycjiiwiary.com\/bouzignac-in-pace-in-idipsum\/#article","isPartOf":{"@id":"https:\/\/wobronietradycjiiwiary.com\/bouzignac-in-pace-in-idipsum\/"},"author":{"name":"Traditio et Fides","@id":"https:\/\/wobronietradycjiiwiary.com\/pl\/#\/schema\/person\/2d6180ce6abcb681fef0daab7816e8f3"},"headline":"Bouzignac, In pace, in idipsum","datePublished":"2014-12-01T18:08:28+00:00","dateModified":"2025-02-07T14:49:44+00:00","mainEntityOfPage":{"@id":"https:\/\/wobronietradycjiiwiary.com\/bouzignac-in-pace-in-idipsum\/"},"wordCount":89,"publisher":{"@id":"https:\/\/wobronietradycjiiwiary.com\/pl\/#organization"},"keywords":["In pace","Musica sacra","Pierre Bouzignac","Premium","Restricted"],"articleSection":["Musica Sacra Movens"],"inLanguage":"pl-PL"},{"@type":"WebPage","@id":"https:\/\/wobronietradycjiiwiary.com\/bouzignac-in-pace-in-idipsum\/","url":"https:\/\/wobronietradycjiiwiary.com\/bouzignac-in-pace-in-idipsum\/","name":"Bouzignac, In pace, in idipsum - Tradycja i Wiara","isPartOf":{"@id":"https:\/\/wobronietradycjiiwiary.com\/pl\/#website"},"datePublished":"2014-12-01T18:08:28+00:00","dateModified":"2025-02-07T14:49:44+00:00","description":"Bouzignac, In pace, in idipsum","breadcrumb":{"@id":"https:\/\/wobronietradycjiiwiary.com\/bouzignac-in-pace-in-idipsum\/#breadcrumb"},"inLanguage":"pl-PL","potentialAction":[{"@type":"ReadAction","target":["https:\/\/wobronietradycjiiwiary.com\/bouzignac-in-pace-in-idipsum\/"]}]},{"@type":"BreadcrumbList","@id":"https:\/\/wobronietradycjiiwiary.com\/bouzignac-in-pace-in-idipsum\/#breadcrumb","itemListElement":[{"@type":"ListItem","position":1,"name":"Strona g\u0142\u00f3wna","item":"https:\/\/wobronietradycjiiwiary.com\/"},{"@type":"ListItem","position":2,"name":"Bouzignac, In pace, in idipsum"}]},{"@type":"WebSite","@id":"https:\/\/wobronietradycjiiwiary.com\/pl\/#website","url":"https:\/\/wobronietradycjiiwiary.com\/pl\/","name":"Tradycja i Wiara","description":"Portal dla katolik\u00f3w.","publisher":{"@id":"https:\/\/wobronietradycjiiwiary.com\/pl\/#organization"},"potentialAction":[{"@type":"SearchAction","target":{"@type":"EntryPoint","urlTemplate":"https:\/\/wobronietradycjiiwiary.com\/pl\/?s={search_term_string}"},"query-input":{"@type":"PropertyValueSpecification","valueRequired":true,"valueName":"search_term_string"}}],"inLanguage":"pl-PL"},{"@type":"Organization","@id":"https:\/\/wobronietradycjiiwiary.com\/pl\/#organization","name":"Tradycja i Wiara","url":"https:\/\/wobronietradycjiiwiary.com\/pl\/","logo":{"@type":"ImageObject","inLanguage":"pl-PL","@id":"https:\/\/wobronietradycjiiwiary.com\/pl\/#\/schema\/logo\/image\/","url":"https:\/\/i0.wp.com\/wobronietradycjiiwiary.com\/wp-content\/uploads\/2015\/10\/cropped-st-peters-dome-vatican.jpg?fit=940%2C198&ssl=1","contentUrl":"https:\/\/i0.wp.com\/wobronietradycjiiwiary.com\/wp-content\/uploads\/2015\/10\/cropped-st-peters-dome-vatican.jpg?fit=940%2C198&ssl=1","width":940,"height":198,"caption":"Tradycja i Wiara"},"image":{"@id":"https:\/\/wobronietradycjiiwiary.com\/pl\/#\/schema\/logo\/image\/"},"sameAs":["https:\/\/www.facebook.com\/Tradycja-i-Wiara-108813920592249"]},{"@type":"Person","@id":"https:\/\/wobronietradycjiiwiary.com\/pl\/#\/schema\/person\/2d6180ce6abcb681fef0daab7816e8f3","name":"Traditio et Fides","sameAs":["https:\/\/traditionundglauben.com"],"url":"https:\/\/wobronietradycjiiwiary.com\/pl\/author\/wobronietradycjiiwiary\/"}]}},"jetpack_publicize_connections":[],"jetpack_sharing_enabled":true,"jetpack_likes_enabled":true,"jetpack_shortlink":"https:\/\/wp.me\/pc04Sd-1bq","jetpack-related-posts":[{"id":8808,"url":"https:\/\/wobronietradycjiiwiary.com\/pl\/bach-et-resurrexit-fragment-mszy-h-moll-2\/","url_meta":{"origin":4552,"position":0},"title":"Bach, Et resurrexit, fragment Mszy h-moll","author":"Traditio et Fides","date":"27 marca 2016","format":false,"excerpt":"W okazji \u015awi\u0105t Wielkiej nocy \u017cyczymy wszystkim b\u0142ogos\u0142awie\u0144stwa Bo\u017cego. \u00a0W za\u0142\u0105czeniu Et resurrexit z Mszy h-moll J.S. Bacha w wykonaniu The Sixteen Choir & Orchestra, dyr. Harry Christophers.","rel":"","context":"W \u201eMusica Sacra&quot;","block_context":{"text":"Musica Sacra","link":"https:\/\/wobronietradycjiiwiary.com\/pl\/category\/musica-sacra\/"},"img":{"alt_text":"","src":"","width":0,"height":0},"classes":[]},{"id":5047,"url":"https:\/\/wobronietradycjiiwiary.com\/pl\/bach-et-resurrexit-fragment-mszy-h-moll\/","url_meta":{"origin":4552,"position":1},"title":"Bach, Et resurrexit, fragment Mszy h-moll","author":"Traditio et Fides","date":"5 kwietnia 2015","format":false,"excerpt":"W okazji \u015awi\u0105t Wielkiej nocy \u017cyczymy wszystkim b\u0142ogos\u0142awie\u0144stwa Bo\u017cego. \u00a0W za\u0142\u0105czeniu Et resurrexit z Mszy h-moll J.S. Bacha w wykonaniu The Sixteen Choir & Orchestra, dyr. Harry Christophers.","rel":"","context":"W \u201eMusica Sacra&quot;","block_context":{"text":"Musica Sacra","link":"https:\/\/wobronietradycjiiwiary.com\/pl\/category\/musica-sacra\/"},"img":{"alt_text":"","src":"","width":0,"height":0},"classes":[]},{"id":5037,"url":"https:\/\/wobronietradycjiiwiary.com\/pl\/antonio-lotti-crucifixus-a6\/","url_meta":{"origin":4552,"position":2},"title":"Antonio Lotti, Crucifixus (a6)","author":"Traditio et Fides","date":"3 kwietnia 2015","format":false,"excerpt":"Niniejszym przedstawiamy utw\u00f3r Crucifixus Antonio Lotti (1667-1740) w uk\u0142adzie sze\u015bciog\u0142osowym do teksu Credo w wykonaniu Vasari Singers pod kierownictwem Jeremy'ego Backhouse'a: Crucifixus etiam pro nobis, sub Pontio Pilato, passus et sepultus est. Ukrzy\u017cowany r\u00f3wnie\u017c za nas pod Poncjuszem Pi\u0142atem, zosta\u0142 um\u0119czony i pogrzebany. Wszystkim czytelnikom \u017cyczymy owocnym obchod\u00f3w M\u0119ki Pa\u0144skiej.\u2026","rel":"","context":"W \u201eMusica Sacra Movens&quot;","block_context":{"text":"Musica Sacra Movens","link":"https:\/\/wobronietradycjiiwiary.com\/pl\/category\/musica-sacra\/nagrania\/musica-sacra-movens\/"},"img":{"alt_text":"","src":"https:\/\/i0.wp.com\/wobronietradycjiiwiary.com\/wp-content\/uploads\/2026\/04\/crucifixion-1.jpgLarge.jpg?resize=350%2C200&ssl=1","width":350,"height":200,"srcset":"https:\/\/i0.wp.com\/wobronietradycjiiwiary.com\/wp-content\/uploads\/2026\/04\/crucifixion-1.jpgLarge.jpg?resize=350%2C200&ssl=1 1x, https:\/\/i0.wp.com\/wobronietradycjiiwiary.com\/wp-content\/uploads\/2026\/04\/crucifixion-1.jpgLarge.jpg?resize=525%2C300&ssl=1 1.5x, https:\/\/i0.wp.com\/wobronietradycjiiwiary.com\/wp-content\/uploads\/2026\/04\/crucifixion-1.jpgLarge.jpg?resize=700%2C400&ssl=1 2x"},"classes":[]},{"id":4401,"url":"https:\/\/wobronietradycjiiwiary.com\/pl\/pius-xii-encyklika-musicae-sacrae-disciplina-1-z-4\/","url_meta":{"origin":4552,"position":3},"title":"Pius XII: Musicae sacrae disciplina &#8211; Encyklika  o muzyce ko\u015bcielnej z 1955 roku (1 z 4)","author":"Traditio et Fides","date":"22 marca 2015","format":false,"excerpt":"PIUS XII ENCYKLIKA MUSICAE SACRAE DISCIPLINA Do czcigodnych braci Patriarch\u00f3w, Prymas\u00f3w, Arcybiskup\u00f3w, Biskup\u00f3w oraz innych Ordynariuszy O MUZYCE SAKRALNEJ Czcigodni Bracia, Pozdrowienie Wam i B\u0142ogos\u0142awie\u0144stwo CEL I MOTYWY ENCYKLIKI MUZYCZNA SZTUKA KO\u015aCIELNA zawsze Nam bardzo le\u017ca\u0142a na sercu, tote\u017c wyda\u0142o nam si\u0119 rzecz\u0105 na czasie spraw\u0119 t\u0119 z kolei om\u00f3wi\u0107\u2026","rel":"","context":"W \u201eDuchowo\u015b\u0107&quot;","block_context":{"text":"Duchowo\u015b\u0107","link":"https:\/\/wobronietradycjiiwiary.com\/pl\/category\/duchowosc\/"},"img":{"alt_text":"","src":"https:\/\/i0.wp.com\/wobronietradycjiiwiary.com\/wp-content\/uploads\/2015\/03\/pius-xii1.jpg?resize=350%2C200&ssl=1","width":350,"height":200,"srcset":"https:\/\/i0.wp.com\/wobronietradycjiiwiary.com\/wp-content\/uploads\/2015\/03\/pius-xii1.jpg?resize=350%2C200&ssl=1 1x, https:\/\/i0.wp.com\/wobronietradycjiiwiary.com\/wp-content\/uploads\/2015\/03\/pius-xii1.jpg?resize=525%2C300&ssl=1 1.5x, https:\/\/i0.wp.com\/wobronietradycjiiwiary.com\/wp-content\/uploads\/2015\/03\/pius-xii1.jpg?resize=700%2C400&ssl=1 2x"},"classes":[]},{"id":90385,"url":"https:\/\/wobronietradycjiiwiary.com\/pl\/de-musica-sacra-1958-lub-poczatek-konca\/","url_meta":{"origin":4552,"position":4},"title":"De Musica Sacra (1958) lub pocz\u0105tek ko\u0144ca","author":"Traditio et Fides","date":"18 kwietnia 2023","format":false,"excerpt":"O tym, \u017ce tradycyjna liturgia jest niejako w\u0142a\u015bciw\u0105 instrumentacj\u0105 duchowo\u015bci.","rel":"","context":"W \u201eAd 3) 8. Przygotowanie do Novus Ordo&quot;","block_context":{"text":"Ad 3) 8. Przygotowanie do Novus Ordo","link":"https:\/\/wobronietradycjiiwiary.com\/pl\/category\/doktryna\/teologia-liturgii\/byrne-doktryna\/byrne\/komentarze-do-byrne\/ad-3-pius-xii-ku-zagladzie-komentarze-do-byrne\/ad-3-8-przygotowanie-do-novus-ordo-ad-3-pius-xii-ku-zagladzie-komentarze-do-byrne\/"},"img":{"alt_text":"","src":"https:\/\/i0.wp.com\/wobronietradycjiiwiary.com\/wp-content\/uploads\/2023\/04\/altar-boys-jos-benlliure.jpg?resize=350%2C200&ssl=1","width":350,"height":200,"srcset":"https:\/\/i0.wp.com\/wobronietradycjiiwiary.com\/wp-content\/uploads\/2023\/04\/altar-boys-jos-benlliure.jpg?resize=350%2C200&ssl=1 1x, https:\/\/i0.wp.com\/wobronietradycjiiwiary.com\/wp-content\/uploads\/2023\/04\/altar-boys-jos-benlliure.jpg?resize=525%2C300&ssl=1 1.5x, https:\/\/i0.wp.com\/wobronietradycjiiwiary.com\/wp-content\/uploads\/2023\/04\/altar-boys-jos-benlliure.jpg?resize=700%2C400&ssl=1 2x"},"classes":[]},{"id":66444,"url":"https:\/\/wobronietradycjiiwiary.com\/pl\/thomas-tallis-lamentacje-jeremiasza-3-gimel-w-wykonaniu-deller-consort-2-2\/","url_meta":{"origin":4552,"position":5},"title":"Thomas Tallis, Lamentacje Jeremiasza 3 (Gimel) w wykonaniu Deller Consort","author":"Traditio et Fides","date":"14 kwietnia 2022","format":false,"excerpt":"Tekst \u0142aci\u0144ski: De Lamentatione Jeremiae Prophetae Lam 1:3 3 Ghimel. Migravit Iudas propter afflictionem, et multitudinem servitutis; habitavit inter Gentes, nec invenit requiem. \u00a0 Tekst polski w t\u0142umaczeniu Jakuba Wujka: Z lamentacji Jeremiasza proroka Lm 1:3 3 Gimel. Przeni\u00f3s\u0142 si\u0119 Juda z utrapienia i ze zbytku pa\u0144szczyzny, zamieszka\u0142 mi\u0119dzy narodami\u2026","rel":"","context":"W \u201eDuchowo\u015b\u0107&quot;","block_context":{"text":"Duchowo\u015b\u0107","link":"https:\/\/wobronietradycjiiwiary.com\/pl\/category\/duchowosc\/"},"img":{"alt_text":"","src":"https:\/\/i0.wp.com\/wobronietradycjiiwiary.com\/wp-content\/uploads\/2021\/04\/1582px-Tissot_The_Flight_of_the_Prisoners.jpg?resize=350%2C200&ssl=1","width":350,"height":200,"srcset":"https:\/\/i0.wp.com\/wobronietradycjiiwiary.com\/wp-content\/uploads\/2021\/04\/1582px-Tissot_The_Flight_of_the_Prisoners.jpg?resize=350%2C200&ssl=1 1x, https:\/\/i0.wp.com\/wobronietradycjiiwiary.com\/wp-content\/uploads\/2021\/04\/1582px-Tissot_The_Flight_of_the_Prisoners.jpg?resize=525%2C300&ssl=1 1.5x, https:\/\/i0.wp.com\/wobronietradycjiiwiary.com\/wp-content\/uploads\/2021\/04\/1582px-Tissot_The_Flight_of_the_Prisoners.jpg?resize=700%2C400&ssl=1 2x, https:\/\/i0.wp.com\/wobronietradycjiiwiary.com\/wp-content\/uploads\/2021\/04\/1582px-Tissot_The_Flight_of_the_Prisoners.jpg?resize=1050%2C600&ssl=1 3x, https:\/\/i0.wp.com\/wobronietradycjiiwiary.com\/wp-content\/uploads\/2021\/04\/1582px-Tissot_The_Flight_of_the_Prisoners.jpg?resize=1400%2C800&ssl=1 4x"},"classes":[]}],"amp_enabled":true,"jetpack_featured_media_url":"","_links":{"self":[{"href":"https:\/\/wobronietradycjiiwiary.com\/pl\/wp-json\/wp\/v2\/posts\/4552","targetHints":{"allow":["GET"]}}],"collection":[{"href":"https:\/\/wobronietradycjiiwiary.com\/pl\/wp-json\/wp\/v2\/posts"}],"about":[{"href":"https:\/\/wobronietradycjiiwiary.com\/pl\/wp-json\/wp\/v2\/types\/post"}],"author":[{"embeddable":true,"href":"https:\/\/wobronietradycjiiwiary.com\/pl\/wp-json\/wp\/v2\/users\/60508433"}],"replies":[{"embeddable":true,"href":"https:\/\/wobronietradycjiiwiary.com\/pl\/wp-json\/wp\/v2\/comments?post=4552"}],"version-history":[{"count":1,"href":"https:\/\/wobronietradycjiiwiary.com\/pl\/wp-json\/wp\/v2\/posts\/4552\/revisions"}],"predecessor-version":[{"id":55452,"href":"https:\/\/wobronietradycjiiwiary.com\/pl\/wp-json\/wp\/v2\/posts\/4552\/revisions\/55452"}],"wp:attachment":[{"href":"https:\/\/wobronietradycjiiwiary.com\/pl\/wp-json\/wp\/v2\/media?parent=4552"}],"wp:term":[{"taxonomy":"category","embeddable":true,"href":"https:\/\/wobronietradycjiiwiary.com\/pl\/wp-json\/wp\/v2\/categories?post=4552"},{"taxonomy":"post_tag","embeddable":true,"href":"https:\/\/wobronietradycjiiwiary.com\/pl\/wp-json\/wp\/v2\/tags?post=4552"}],"curies":[{"name":"wp","href":"https:\/\/api.w.org\/{rel}","templated":true}]}}