{"id":40705,"date":"2024-01-05T08:15:56","date_gmt":"2024-01-05T07:15:56","guid":{"rendered":"https:\/\/wobronietradycjiiwiary.com\/?p=40705"},"modified":"2025-02-10T11:28:49","modified_gmt":"2025-02-10T10:28:49","slug":"5-go-stycznia-zywot-swietego-szymona-slupnika-2","status":"publish","type":"post","link":"https:\/\/wobronietradycjiiwiary.com\/pl\/5-go-stycznia-zywot-swietego-szymona-slupnika-2\/","title":{"rendered":"5-go Stycznia. \u017bywot \u015bwi\u0119tego Szymona, S\u0142upnika."},"content":{"rendered":"<div id=\"bsf_rt_marker\"><\/div>\n<p class=\"has-text-align-center wp-block-paragraph\"><em>(\u017by\u0142 oko\u0142o roku Pa\u0144skiego 460).<\/em><\/p>\n\n\n\n<figure class=\"wp-block-image\"><a href=\"https:\/\/pl.wikisource.org\/wiki\/Plik:%C5%BBywoty_%C5%9Bw._Pa%C5%84skich_na_wszystkie_dnie_roku-Inicja%C5%82-W.png\"><img decoding=\"async\" src=\"https:\/\/upload.wikimedia.org\/wikipedia\/commons\/thumb\/8\/8f\/%C5%BBywoty_%C5%9Bw._Pa%C5%84skich_na_wszystkie_dnie_roku-Inicja%C5%82-W.png\/75px-%C5%BBywoty_%C5%9Bw._Pa%C5%84skich_na_wszystkie_dnie_roku-Inicja%C5%82-W.png\" alt=\"W\"\/><\/a><\/figure>\n\n\n\n<p class=\"has-text-align-justify wp-block-paragraph\">Wielki ten \u015awi\u0119ty urodzi\u0142 si\u0119 w miasteczku Sizon w Syryi, na pograniczu Cylicyi. Rodzaj jego \u017cycia przechodzi wszelkie przyrodzenie ludzkie, a surowe uczynki pokutnicze \u015bmia\u0142o mo\u017cna por\u00f3wna\u0107 z cierpieniami M\u0119czennik\u00f3w.<\/p>\n\n\n\n<p class=\"has-text-align-justify wp-block-paragraph\"><br>Szymon w m\u0142odo\u015bci pasa\u0142 owce u ojca. Maj\u0105c lat trzyna\u015bcie, us\u0142ysza\u0142 w ko\u015bciele na kazaniu s\u0142owa Ewangelii: \u201eB\u0142ogos\u0142awieni, kt\u00f3rzy p\u0142acz\u0105, albowiem oni b\u0119d\u0105 pocieszeni. B\u0142ogos\u0142awieni czystego serca, albowiem oni Boga ogl\u0105daj\u0105.\u201c (Mat. 5, 5. 8). Pobo\u017cnego ch\u0142opca zastanowi\u0142y te s\u0142owa a dobrze ich nie zrozumiawszy, zapyta\u0142 obok stoj\u0105cego starca o ich znaczenie, na co ten\u017ce rzecze, i\u017c modlitwa, pokora, \u0142zy, i cierpliwo\u015b\u0107 s\u0105 \u015brodkami do niebieskiej pociechy, a najbardziej w samotno\u015bci cnota si\u0119 krzewi. Us\u0142yszawszy to Szymon, pobieg\u0142 do najbli\u017cszego klasztoru i pad\u0142szy Opatowi do n\u00f3g, prosi\u0142 go o przyj\u0119cie do zakonu. Opat nie zaraz przysta\u0142 na \u017c\u0105danie, dopiero po d\u0142ugiem a usilnem naleganiu na to zezwoli\u0142. Szymon tedy rozwin\u0105\u0142 sw\u0105 cnot\u0119 pokory i wzgardzenia \u015bwiata tak dalece, i\u017c wkr\u00f3tce wszystkich zakonnik\u00f3w w tym\u017ce klasztorze prze\u015bcign\u0105\u0142. W ostrym tym zakonie jadali zakonnicy tylko co trzeci dzie\u0144. Szymon jednak\u017ce pomimo odradzania starszych, jada\u0142 tylko co sz\u00f3sty dzie\u0144. Pewnego razu uj\u0119ty \u015bwi\u0119tym zapa\u0142em urwa\u0142 od studni kawa\u0142 liny splecionej z li\u015bci palmowych i przewi\u0105za\u0142 si\u0119 ni\u0105 mocno powy\u017cej bioder. Z czasem werzn\u0119\u0142a si\u0119 lina w cia\u0142o, przez co potworzy\u0142y si\u0119 rany i bardzo nieprzyjemn\u0105 wo\u0144 wydawa\u0107 pocz\u0119\u0142y. D\u0142ugo nie zdo\u0142ali zakonnicy doj\u015b\u0107, sk\u0105d ta odra\u017caj\u0105ca wo\u0144 pochodzi, a\u017c wreszcie si\u0119 przekonali, i\u017c to od Szymona. Gdy z rozkazu Opata gwa\u0142tem go rozebrano, przekonano si\u0119 o w\u0142a\u015bciwej przyczynie, poczem prze\u0142o\u017cony klasztoru surowo go zgromiwszy, poleci\u0142 wyleczy\u0107 mu rany, a nast\u0119pnie wydali\u0142 z klasztoru, aby inni zakonnicy nie zechcieli go na\u015bladowa\u0107 w podobnej surowo\u015bci, a s\u0142absi na ciele tem samem nie byli sobie \u015bmierci przyczyn\u0105.<\/p>\n\n\n\n<p class=\"has-text-align-justify wp-block-paragraph\"><br>\u2009Szymon tu\u0142aj\u0105c si\u0119 tedy czas niejaki po g\u00f3rach, spu\u015bci\u0142 si\u0119 wreszcie do g\u0142\u0119bokiego parowu i zostawa\u0142 tam na modlitwie i pobo\u017cnych pie\u015bniach. Niezad\u0142ugo jednak pocz\u0105\u0142 Opat \u017ca\u0142owa\u0107 swego post\u0119pku, przeto nakaza\u0142 go odszuka\u0107. D\u0142ugo za nim \u015bledzono, a\u017c wreszcie przebywaj\u0105cy tam pasterze pobyt jego zakonnikom oznajmili. Wydobyty z przepa\u015bci na powrozie, zamieszka\u0142 ponownie w klasztorze, lecz nie na d\u0142ugo. Znalaz\u0142szy bowiem na g\u00f3rze w pobli\u017cu miasta Telanissa opustosza\u0142y samotny domek, uda\u0142 si\u0119 tam i przez trzy lata w nim przebywa\u0142.<\/p>\n\n\n\n<p class=\"has-text-align-justify wp-block-paragraph\">\u2009Za przyk\u0142adem Moj\u017cesza i Eliasza na\u0142o\u017cy\u0142 na siebie czterdziestodniowy post, nic nie jedz\u0105c, ni pij\u0105c. Prosi\u0142 wi\u0119c swego spowiednika, imieniem Bassus, aby go kaza\u0142 na czterdzie\u015bci dni zamurowa\u0107, bez podania mu najmniejszej \u017cywno\u015bci i napoju. Lecz Bassus uczyni\u0107 tego nie chcia\u0142, m\u00f3wi\u0105c: \u201eMorderc\u0105 samemu sobie by\u0107, to nie \u017cadna cnota, ale owszem grzech \u015bmiertelny.\u201c Za\u017c\u0105da\u0142 tedy Szymon, aby mu dano dziesi\u0119\u0107 bochenk\u00f3w chleba i stosown\u0105 ilo\u015b\u0107 wody, zar\u0119czaj\u0105c, \u017ce skoro tego zajdzie potrzeba, natenczas si\u0119 posili. Przysta\u0142 wko\u0144cu na to Bassus, da\u0142 mu chleb i wod\u0119 i kaza\u0142 go zamurowa\u0107. Gdy jednak\u017ce po dniach czterdziestu zamurowanie kaza\u0142 rozebra\u0107, znaleziono chleb i wod\u0119 nietkni\u0119te, a samego Szymona le\u017c\u0105cego na p\u00f3\u0142 nie\u017cywego bez w\u0142adzy. Orze\u017awi\u0142 go, zakrapiaj\u0105c usta g\u0119bk\u0105, da\u0142 mu Przenaj\u015bw. Sakrament, poczem Szymon wzi\u0105\u0142 pokarm. Od onego czasu przez dwadzie\u015bcia o\u015bm lat co rok tak po\u015bci\u0142 w Wielki Post, nie jedz\u0105c, nie pij\u0105c przez czterdzie\u015bci dni, ustawicznie si\u0119 modl\u0105c i to z pocz\u0105tku stoj\u0105c, p\u00f3\u017aniej, kiedy os\u0142ab\u0142, siedz\u0105c, a gdy ju\u017c z g\u0142odu siedzie\u0107 nie m\u00f3g\u0142, wtenczas le\u017c\u0105c.<\/p>\n\n\n\n<p class=\"has-text-align-justify wp-block-paragraph\"><br>\u2009Po trzech latach zbudowa\u0142 sobie na wierzcho\u0142ku jednej g\u00f3ry mandr\u0119, czyli domek pustelniczy, ale bez dachu. Aby z g\u00f3ry nie schodzi\u0107 i my\u015bli swych od Nieba nie odrywa\u0107, kaza\u0142 si\u0119 za szyj\u0119 i za praw\u0105 nog\u0119 przyku\u0107 do ska\u0142y dwadzie\u015bcia \u0142okci d\u0142ugim \u0142a\u0144cuchem. Gdy go Biskup antyoche\u0144ski\u00a0Melecyusz nawiedzi\u0142, zgani\u0142 mu to, m\u00f3wi\u0105c i\u017c cz\u0142owiek w\u0142asn\u0105 wol\u0105, a nie \u0142a\u0144cuchami wi\u0105za\u0107 si\u0119 powinien. Szymon kaza\u0142 si\u0119 natychmiast rozku\u0107.<br><\/p>\n\n\n\n<p class=\"has-text-align-justify wp-block-paragraph\">S\u0142awa surowego jego \u017cycia wnet rozesz\u0142a si\u0119 daleko, i ludzie t\u0142umnie zacz\u0119li si\u0119 schodzi\u0107, jedni aby go widzie\u0107, drudzy aby s\u0142ucha\u0107 nauk jego, a inni szuka\u0107 u niego pociechy lub pomocy w chorobach i r\u00f3\u017cnych innych potrzebach. Wielu z nich czu\u0142o si\u0119 szcz\u0119\u015bliwymi, gdy mog\u0142o si\u0119 dotkn\u0105\u0107 kraju szaty jego, a ta szata niczem wi\u0119cej nie by\u0142a, jak zwyczajn\u0105 zwierz\u0119c\u0105 sk\u00f3r\u0105. Byli i tacy, kt\u00f3rzy nawet potajemnie skrawek tej szaty ucinali. Poniewa\u017c oznaki takie czci i uszanowania sprzeciwia\u0142y si\u0119 jego pokorze, przeto, zamierzy\u0142 wie\u015b\u0107 rodzaj \u017cycia, kt\u00f3ryby mo\u017cna prawie poczytywa\u0107 za niepodobny. Ot\u00f3\u017c kaza\u0142 sobie zbudowa\u0107 kolumn\u0119 czyli s\u0142up kamienny, najpierw sze\u015b\u0107, potem dwana\u015bcie, nast\u0119pnie dwadzie\u015bcia i dwa, wreszcie trzydzie\u015bci sze\u015b\u0107, a wko\u0144cu nawet czterdzie\u015bci \u0142okci wysoki. Na tym\u017ce slupie, maj\u0105cym tylko trzy stopy \u015brednicy, z ma\u0142\u0105 galeryjk\u0105, nie m\u00f3g\u0142 ani le\u017ce\u0107, ani siedzie\u0107 i na nim prze\u017cy\u0142 lat trzydzie\u015bci i siedm, wystawiony na wszelkie zmiany powietrza. Noce, poranki i wieczory przebywa\u0142 na modlitwie, a za dnia miewa\u0142 dwa razy kazania, uzdrawia\u0142 chorych, udziela\u0142 rady i odpowiada\u0142 na stawiane pytania. Co tydzie\u0144 przyjmowa\u0142 raz Komuni\u0119 \u015bwi\u0119t\u0105 i tylko te\u017c raz na tydzie\u0144 posila\u0142 si\u0119 warzon\u0105 soczewic\u0105.<\/p>\n\n\n\n<p class=\"has-text-align-justify wp-block-paragraph\"><br>\u2009Nies\u0142ychany spos\u00f3b ten \u017cycia zwabia\u0142 t\u0142umy ludu, chrze\u015bcijan i pogan, a kazaniami swemi nawraca\u0142 niezliczone mn\u00f3stwo niewiernych i wszyscy uwa\u017cali go za \u015awi\u0119tego, poniewa\u017c liczne czyni\u0142 cuda. Ludzie \u015bwiatowi natomiast nazywali go zagorzalcem i dziwakiem, a nawet go podejrzywano, \u017ce w\u0142a\u015bnie tym dziwnym sposobem \u017cycia chce sobie s\u0142aw\u0119 \u015awi\u0119tego zjedna\u0107. Okoliczni Biskupi i Opaci postanowili go przeto wystawi\u0107 na pr\u00f3b\u0119. Wyprawili do\u0144 zatem pos\u0142\u00f3w, aby niezw\u0142ocznie zeszed\u0142 z miejsca swego pobytu i \u017cy\u0142 odt\u0105d w klasztorze. Szymon us\u0142yszawszy rozkaz, wnet nog\u0119 jedn\u0119 spu\u015bci\u0142, chc\u0105c znij\u015b\u0107 ze s\u0142upa. Pos\u0142owie jednak\u017ce widz\u0105c jego pokor\u0119 wobec zwierzchno\u015bci duchownej, uznali czysto\u015b\u0107 jego zamiar\u00f3w i na s\u0142upie pozosta\u0107 mu zezwolili.<\/p>\n\n\n\n<p class=\"has-text-align-justify wp-block-paragraph\"><br>\u2009Nie by\u0142o te\u017c \u017cycie jego na s\u0142upie bez po\u017cytku dla zbawienia ludzko\u015bci. Tysi\u0105ce bowiem pogan nawraca\u0142o si\u0119 wskutek cud\u00f3w, jakich byli \u015bwiadkami, a surowe \u017cycie jego wielki wp\u0142yw na ozi\u0119b\u0142ych wywiera\u0142o. \u0141a\u0144cuch, kt\u00f3rym si\u0119 dawniej przykuwa\u0142 do ska\u0142y, sk\u00f3r\u0119 mu na jednej nodze pomarszczy\u0142, sk\u0105d w fa\u0142dach zagnie\u017adzi\u0142o si\u0119 nawet robactwo, a p\u00f3\u017aniej ropa p\u0142yn\u0105\u0107 pocz\u0119\u0142a. Z tej przyczyny \u015awi\u0119ty przez d\u0142ugie lata na jednej tylko m\u00f3g\u0142 sta\u0107 nodze. Mimo to nogi nie da\u0142 leczy\u0107, ani te\u017c nic ze surowo\u015bci \u017cywota nic uj\u0105\u0142. Kazania miewa\u0142 jak zwykle, przyczem godzi\u0142 swary i niesnaski, wykorzenia\u0142 b\u0142\u0119dy, a nawet kr\u00f3l\u00f3w i pan\u00f3w chrze\u015bcija\u0144skich w niekt\u00f3rych rzeczach przestrzega\u0142. Kiedy za\u015b pot\u0119\u017cny cesarz Teodozyusz wydar\u0142 w Antyochii chrze\u015bcijanom ko\u015bci\u00f3\u0142 i da\u0142 go \u017cydom, Szymon napisa\u0142 gro\u017any list do cesarza; ten\u017ce nie\u00a0tylko sw\u00f3j dekret cofn\u0105\u0142, ale nawet starost\u0119, za kt\u00f3rego porad\u0105 na w\u0142asno\u015b\u0107 chrze\u015bcijan si\u0119 targn\u0105\u0142, z\u0142o\u017cy\u0142 z urz\u0119du. Nadto prosi\u0142 cesarz owego powietrznego M\u0119czennika, aby si\u0119 raczy\u0142 za\u0144 modli\u0107 i zechcia\u0142 mu swe b\u0142ogos\u0142awie\u0144stwo pos\u0142a\u0107.<\/p>\n\n\n\n<p class=\"has-text-align-justify wp-block-paragraph\"><br>\u2009Cudami swymi i naukami Szymon wielki wp\u0142yw wywiera\u0142 na lud. Trzykrotnie zupe\u0142nie zaniewidziawszy, wskutek modlitwy wzrok odzyskiwa\u0142 z powrotem. B\u0119d\u0105c chorym, nie przyjmowa\u0142 ani lekarza, ani lekarstw, a d\u0142ugi czas m\u00f3g\u0142 tylko sta\u0107 na jednej nodze.<\/p>\n\n\n\n<p class=\"has-text-align-justify wp-block-paragraph\"><br>\u2009Umar\u0142 po \u017cyciu prawdziwie m\u0119cze\u0144skiem dnia 2 wrze\u015bnia roku 459. Cia\u0142o jego nios\u0142o sze\u015bciu Biskup\u00f3w do Antyochii, a ludu zgromadzi\u0142a si\u0119 tak znaczna liczba, i\u017c w celu utrzymania porz\u0105dku musiano wykomenderowa\u0107 sze\u015b\u0107 tysi\u0119cy sze\u015b\u0107set \u017co\u0142nierzy, gdy\u017c wszystko, co \u017cy\u0142o, pragn\u0119\u0142o relikwii tego \u015awi\u0119tego. Przy grobie jego dzia\u0142y si\u0119 liczne cuda, a w kr\u00f3tkim czasie zbudowano na cze\u015b\u0107 jego wspania\u0142y ko\u015bci\u00f3\u0142.<\/p>\n\n\n\n<p class=\"has-text-align-justify wp-block-paragraph\"><br>\u2009Na Wschodzie wielu jeszcze na\u015bladowa\u0142o spos\u00f3b \u017cycia na s\u0142upie, przez \u015bwi\u0119tego Szymona tak d\u0142ugie lata praktykowany, gdy tymczasem Zach\u00f3d jeden taki wypadek tylko mo\u017ce zaznaczy\u0107. Zakonnik Vulfilaicus \u017cy\u0142 bowiem czas niejaki w ten spos\u00f3b pod Trewirem, ale Biskup tamtejszy ze wzgl\u0119du na surowo\u015b\u0107 klimatu kaza\u0142 mu wr\u00f3ci\u0107 do klasztoru, czego zakonnik te\u017c natychmiast us\u0142ucha\u0142.<\/p>\n\n\n\n<h3 class=\"wp-block-heading\"><br><strong>Nauka moralna.<\/strong><\/h3>\n\n\n\n<p class=\"wp-block-paragraph\"><\/p>\n\n\n\n<p class=\"has-text-align-justify wp-block-paragraph\">\u2009Lubo spos\u00f3b \u017cycia i nadzwyczaj surowa pokuta tego \u015awi\u0119tego nie mog\u0105 nam by\u0107 przedmiotem na\u015bladowania, mimo to jest rozwa\u017canie tego \u017cywotu dla nas wielce zbawiennem, albowiem wzywa nas ono do pokuty. Rozwa\u017canie \u017cycia Szymona jest niepodobnem bez zawstydzenia si\u0119 wskutek naszej ozi\u0119b\u0142o\u015bci. Azali\u017c nic mamy o wiele wi\u0119cej powodu pokutowa\u0107 za grzechy nasze, ani\u017celi \u00f3w \u015bwi\u0119ty M\u0119czennik? Uderzmy si\u0119 w piersi i wyznajmy, \u017ce\u015bmy do grzechu bardzo pr\u0119dcy, lecz powolni do pokuty. Aczkolwiek B\u00f3g nie wymaga od nas owych nadzwyczajnych uczynk\u00f3w pokutniczych, jakimi si\u0119 niekt\u00f3rzy \u015awi\u0119ci odznaczali, to przynajmniej powinni\u015bmy mie\u0107 siln\u0105 wol\u0119 i chocia\u017c ma\u0142y zrobi\u0107 pocz\u0105tek pokuty, po\u0142\u0105czony z popraw\u0105 \u017cycia. Niechaj nam tych kilka uwag pos\u0142u\u017cy, aby\u015bmy w przysz\u0142o\u015bci gorliwo\u015b\u0107 nasz\u0105 w s\u0142u\u017cbie Bo\u017cej o\u017cywili. B\u00f3g nie wymaga od nas nic nadzwyczajnego, powinni\u015bmy wi\u0119c przynajmniej rozliczne na nas przypadaj\u0105ce utrapienia cierpliwie znosi\u0107, a nak\u0142adaj\u0105c na siebie mniejsze dobrowolne umartwienia, tem samem dobr\u0105 nasz\u0105 wol\u0119 okaza\u0107. \u201eDr\u0119czcie si\u0119 i \u017ca\u0142ujcie i p\u0142aczcie:\u00a0\u015bmiech wasz niech si\u0119 obr\u00f3ci w \u017ca\u0142o\u015b\u0107, a wesele w smutek.\u201c (Jak. 4, 9).<\/p>\n\n\n\n<p class=\"has-text-align-justify wp-block-paragraph\"><br><strong>Modlitwa.<\/strong><\/p>\n\n\n\n<blockquote class=\"wp-block-quote is-layout-flow wp-block-quote-is-layout-flow\"><p>\u2009Bo\u017ce, kt\u00f3ry\u015b \u015bwi\u0119tego Szymona S\u0142upnika do tak cudownej pokuty powo\u0142a\u0107 raczy\u0142; daj nam za jego wstawieniem si\u0119 wszelkie niegodziwe cia\u0142a i zmys\u0142\u00f3w podniety, za \u0142ask\u0105 Twoj\u0105 przykraca\u0107. Przez Pana naszego, Jezusa Chrystusa, kt\u00f3ry z Bogiem Ojcem i Duchem \u015bwi\u0119tym \u017cyje i kr\u00f3luje w Niebie i na ziemi, po wszystkie wieki wiek\u00f3w. Amen.<\/p><\/blockquote>\n\n\n\n<figure class=\"wp-block-table\"><table><tbody><tr><td>\u2217&nbsp;&nbsp;&nbsp;&nbsp;&nbsp;&nbsp;&nbsp;&nbsp;&nbsp;&nbsp;&nbsp;&nbsp;&nbsp;&nbsp;&nbsp;&nbsp;&nbsp;&nbsp;&nbsp;&nbsp;\u2217<br>\u2217<\/td><\/tr><\/tbody><\/table><\/figure>\n\n\n\n<p class=\"wp-block-paragraph\"><em>Opr\u00f3cz tego obchodzi Ko\u015bci\u00f3\u0142 \u015bwi\u0119ty pami\u0105tk\u0119 nast\u0119puj\u0105cych \u015awi\u0119tych Pa\u0144skich, zamieszczonych w rzymskiem martyrologium:<\/em><\/p>\n","protected":false},"excerpt":{"rendered":"<p>\u015aw. Szymon Stylita ukazuje nam, \u017ce Pan B\u00f3g ma zupe\u0142nie inne zapatrywania na \u015bwi\u0119to\u015b\u0107 od ludzi. Gdy\u017c \u015bwi\u0119ty by\u0142 samotnikiem, by\u0142 ekstrawagancki, widowiskowy, szkodzi\u0142 zdecydowanie swemu zdrowiu i nie mia\u0142 \u017cadnego prze\u0142o\u017conego nad sob\u0105. Gdyby nie wydalono go z klasztoru, nigdy nie doszed\u0142by do tych realnych i metaforycznych wy\u017cyn s\u0142upnictwa. I tak wszystko czemu\u015b s\u0142u\u017cy.<\/p>\n","protected":false},"author":60508433,"featured_media":40696,"comment_status":"open","ping_status":"open","sticky":false,"template":"","format":"standard","meta":{"_bbp_topic_count":0,"_bbp_reply_count":0,"_bbp_total_topic_count":0,"_bbp_total_reply_count":0,"_bbp_voice_count":0,"_bbp_anonymous_reply_count":0,"_bbp_topic_count_hidden":0,"_bbp_reply_count_hidden":0,"_bbp_forum_subforum_count":0,"_editorskit_title_hidden":false,"_editorskit_reading_time":0,"_editorskit_is_block_options_detached":false,"_editorskit_block_options_position":"{}","_coblocks_attr":"","_coblocks_dimensions":"","_coblocks_responsive_height":"","_coblocks_accordion_ie_support":"","_exactmetrics_skip_tracking":false,"_jetpack_newsletter_access":"","_jetpack_dont_email_post_to_subs":false,"_jetpack_newsletter_tier_id":0,"_jetpack_memberships_contains_paywalled_content":false,"_wpcom_ai_launchpad_first_post":false,"_jetpack_feature_clip_id":0,"_jetpack_memberships_contains_paid_content":false,"footnotes":"","jetpack_publicize_message":"{title}\n\n{excerpt}\n\n{url}","jetpack_publicize_feature_enabled":true,"jetpack_social_post_already_shared":true,"jetpack_social_options":{"image_generator_settings":{"template":"highway","default_image_id":0,"font":"","enabled":false},"version":2},"_wpas_customize_per_network":false,"jetpack_post_was_ever_published":false},"categories":[610131816,610131184,336375535,610134932,610131155,610132042],"tags":[610133352,610132200],"class_list":["post-40705","post","type-post","status-publish","format-standard","has-post-thumbnail","hentry","category-swieta-w-styczniu","category-duchowosc","category-liturgia-i-liturgika","category-mescy-swieci","category-rozwazania","category-zywoty-swietych","tag-mescy-swieci","tag-sw-szymon-slupnik"],"yoast_head":"<!-- This site is optimized with the Yoast SEO plugin v28.3 - https:\/\/yoast.com\/product\/yoast-seo-wordpress\/ -->\n<title>5-go Stycznia. \u017bywot \u015bwi\u0119tego Szymona, S\u0142upnika. - Tradycja i Wiara<\/title>\n<meta name=\"robots\" content=\"index, follow, max-snippet:-1, max-image-preview:large, max-video-preview:-1\" \/>\n<link rel=\"canonical\" href=\"https:\/\/wobronietradycjiiwiary.com\/pl\/5-go-stycznia-zywot-swietego-szymona-slupnika-2\/\" \/>\n<meta property=\"og:locale\" content=\"pl_PL\" \/>\n<meta property=\"og:type\" content=\"article\" \/>\n<meta property=\"og:title\" content=\"5-go Stycznia. \u017bywot \u015bwi\u0119tego Szymona, S\u0142upnika. - Tradycja i Wiara\" \/>\n<meta property=\"og:description\" content=\"\u015aw. Szymon Stylita ukazuje nam, \u017ce Pan B\u00f3g ma zupe\u0142nie inne zapatrywania na \u015bwi\u0119to\u015b\u0107 od ludzi. Gdy\u017c \u015bwi\u0119ty by\u0142 samotnikiem, by\u0142 ekstrawagancki, widowiskowy, szkodzi\u0142 zdecydowanie swemu zdrowiu i nie mia\u0142 \u017cadnego prze\u0142o\u017conego nad sob\u0105. Gdyby nie wydalono go z klasztoru, nigdy nie doszed\u0142by do tych realnych i metaforycznych wy\u017cyn s\u0142upnictwa. I tak wszystko czemu\u015b s\u0142u\u017cy.\" \/>\n<meta property=\"og:url\" content=\"https:\/\/wobronietradycjiiwiary.com\/pl\/5-go-stycznia-zywot-swietego-szymona-slupnika-2\/\" \/>\n<meta property=\"og:site_name\" content=\"Tradycja i Wiara\" \/>\n<meta property=\"article:publisher\" content=\"https:\/\/www.facebook.com\/Tradycja-i-Wiara-108813920592249\" \/>\n<meta property=\"article:published_time\" content=\"2024-01-05T07:15:56+00:00\" \/>\n<meta property=\"article:modified_time\" content=\"2025-02-10T10:28:49+00:00\" \/>\n<meta property=\"og:image\" content=\"https:\/\/wobronietradycjiiwiary.com\/wp-content\/uploads\/2021\/01\/simeon_stylites.jpg\" \/>\n\t<meta property=\"og:image:width\" content=\"1100\" \/>\n\t<meta property=\"og:image:height\" content=\"732\" \/>\n\t<meta property=\"og:image:type\" content=\"image\/jpeg\" \/>\n<meta name=\"author\" content=\"Traditio et Fides\" \/>\n<meta name=\"twitter:card\" content=\"summary_large_image\" \/>\n<meta name=\"twitter:label1\" content=\"Napisane przez\" \/>\n\t<meta name=\"twitter:data1\" content=\"Traditio et Fides\" \/>\n\t<meta name=\"twitter:label2\" content=\"Szacowany czas czytania\" \/>\n\t<meta name=\"twitter:data2\" content=\"9 minut\" \/>\n<script type=\"application\/ld+json\" class=\"yoast-schema-graph\">{\"@context\":\"https:\\\/\\\/schema.org\",\"@graph\":[{\"@type\":\"Article\",\"@id\":\"https:\\\/\\\/wobronietradycjiiwiary.com\\\/5-go-stycznia-zywot-swietego-szymona-slupnika-2\\\/#article\",\"isPartOf\":{\"@id\":\"https:\\\/\\\/wobronietradycjiiwiary.com\\\/5-go-stycznia-zywot-swietego-szymona-slupnika-2\\\/\"},\"author\":{\"name\":\"Traditio et Fides\",\"@id\":\"https:\\\/\\\/wobronietradycjiiwiary.com\\\/pl\\\/#\\\/schema\\\/person\\\/2d6180ce6abcb681fef0daab7816e8f3\"},\"headline\":\"5-go Stycznia. \u017bywot \u015bwi\u0119tego Szymona, S\u0142upnika.\",\"datePublished\":\"2024-01-05T07:15:56+00:00\",\"dateModified\":\"2025-02-10T10:28:49+00:00\",\"mainEntityOfPage\":{\"@id\":\"https:\\\/\\\/wobronietradycjiiwiary.com\\\/5-go-stycznia-zywot-swietego-szymona-slupnika-2\\\/\"},\"wordCount\":1803,\"commentCount\":0,\"publisher\":{\"@id\":\"https:\\\/\\\/wobronietradycjiiwiary.com\\\/pl\\\/#organization\"},\"image\":{\"@id\":\"https:\\\/\\\/wobronietradycjiiwiary.com\\\/5-go-stycznia-zywot-swietego-szymona-slupnika-2\\\/#primaryimage\"},\"thumbnailUrl\":\"https:\\\/\\\/wobronietradycjiiwiary.com\\\/wp-content\\\/uploads\\\/2021\\\/01\\\/simeon_stylites.jpg\",\"keywords\":[\"m\u0119scy \u015bwi\u0119ci\",\"\u015bw. Szymon S\u0142upnik\"],\"articleSection\":[\"01. \u015awi\u0119ta w styczniu\",\"Duchowo\u015b\u0107\",\"Liturgia i liturgika\",\"M\u0119scy \u015bwi\u0119ci\",\"Rozwa\u017cania liturgiczne\",\"\u017bywoty \u015awi\u0119tych\"],\"inLanguage\":\"pl-PL\",\"potentialAction\":[{\"@type\":\"CommentAction\",\"name\":\"Comment\",\"target\":[\"https:\\\/\\\/wobronietradycjiiwiary.com\\\/5-go-stycznia-zywot-swietego-szymona-slupnika-2\\\/#respond\"]}]},{\"@type\":\"WebPage\",\"@id\":\"https:\\\/\\\/wobronietradycjiiwiary.com\\\/5-go-stycznia-zywot-swietego-szymona-slupnika-2\\\/\",\"url\":\"https:\\\/\\\/wobronietradycjiiwiary.com\\\/5-go-stycznia-zywot-swietego-szymona-slupnika-2\\\/\",\"name\":\"5-go Stycznia. \u017bywot \u015bwi\u0119tego Szymona, S\u0142upnika. - Tradycja i Wiara\",\"isPartOf\":{\"@id\":\"https:\\\/\\\/wobronietradycjiiwiary.com\\\/pl\\\/#website\"},\"primaryImageOfPage\":{\"@id\":\"https:\\\/\\\/wobronietradycjiiwiary.com\\\/5-go-stycznia-zywot-swietego-szymona-slupnika-2\\\/#primaryimage\"},\"image\":{\"@id\":\"https:\\\/\\\/wobronietradycjiiwiary.com\\\/5-go-stycznia-zywot-swietego-szymona-slupnika-2\\\/#primaryimage\"},\"thumbnailUrl\":\"https:\\\/\\\/wobronietradycjiiwiary.com\\\/wp-content\\\/uploads\\\/2021\\\/01\\\/simeon_stylites.jpg\",\"datePublished\":\"2024-01-05T07:15:56+00:00\",\"dateModified\":\"2025-02-10T10:28:49+00:00\",\"breadcrumb\":{\"@id\":\"https:\\\/\\\/wobronietradycjiiwiary.com\\\/5-go-stycznia-zywot-swietego-szymona-slupnika-2\\\/#breadcrumb\"},\"inLanguage\":\"pl-PL\",\"potentialAction\":[{\"@type\":\"ReadAction\",\"target\":[\"https:\\\/\\\/wobronietradycjiiwiary.com\\\/5-go-stycznia-zywot-swietego-szymona-slupnika-2\\\/\"]}]},{\"@type\":\"ImageObject\",\"inLanguage\":\"pl-PL\",\"@id\":\"https:\\\/\\\/wobronietradycjiiwiary.com\\\/5-go-stycznia-zywot-swietego-szymona-slupnika-2\\\/#primaryimage\",\"url\":\"https:\\\/\\\/wobronietradycjiiwiary.com\\\/wp-content\\\/uploads\\\/2021\\\/01\\\/simeon_stylites.jpg\",\"contentUrl\":\"https:\\\/\\\/wobronietradycjiiwiary.com\\\/wp-content\\\/uploads\\\/2021\\\/01\\\/simeon_stylites.jpg\",\"width\":1100,\"height\":732},{\"@type\":\"BreadcrumbList\",\"@id\":\"https:\\\/\\\/wobronietradycjiiwiary.com\\\/5-go-stycznia-zywot-swietego-szymona-slupnika-2\\\/#breadcrumb\",\"itemListElement\":[{\"@type\":\"ListItem\",\"position\":1,\"name\":\"Strona g\u0142\u00f3wna\",\"item\":\"https:\\\/\\\/wobronietradycjiiwiary.com\\\/\"},{\"@type\":\"ListItem\",\"position\":2,\"name\":\"5-go Stycznia. \u017bywot \u015bwi\u0119tego Szymona, S\u0142upnika.\"}]},{\"@type\":\"WebSite\",\"@id\":\"https:\\\/\\\/wobronietradycjiiwiary.com\\\/pl\\\/#website\",\"url\":\"https:\\\/\\\/wobronietradycjiiwiary.com\\\/pl\\\/\",\"name\":\"Tradycja i Wiara\",\"description\":\"Portal dla katolik\u00f3w.\",\"publisher\":{\"@id\":\"https:\\\/\\\/wobronietradycjiiwiary.com\\\/pl\\\/#organization\"},\"potentialAction\":[{\"@type\":\"SearchAction\",\"target\":{\"@type\":\"EntryPoint\",\"urlTemplate\":\"https:\\\/\\\/wobronietradycjiiwiary.com\\\/pl\\\/?s={search_term_string}\"},\"query-input\":{\"@type\":\"PropertyValueSpecification\",\"valueRequired\":true,\"valueName\":\"search_term_string\"}}],\"inLanguage\":\"pl-PL\"},{\"@type\":\"Organization\",\"@id\":\"https:\\\/\\\/wobronietradycjiiwiary.com\\\/pl\\\/#organization\",\"name\":\"Tradycja i Wiara\",\"url\":\"https:\\\/\\\/wobronietradycjiiwiary.com\\\/pl\\\/\",\"logo\":{\"@type\":\"ImageObject\",\"inLanguage\":\"pl-PL\",\"@id\":\"https:\\\/\\\/wobronietradycjiiwiary.com\\\/pl\\\/#\\\/schema\\\/logo\\\/image\\\/\",\"url\":\"https:\\\/\\\/i0.wp.com\\\/wobronietradycjiiwiary.com\\\/wp-content\\\/uploads\\\/2015\\\/10\\\/cropped-st-peters-dome-vatican.jpg?fit=940%2C198&ssl=1\",\"contentUrl\":\"https:\\\/\\\/i0.wp.com\\\/wobronietradycjiiwiary.com\\\/wp-content\\\/uploads\\\/2015\\\/10\\\/cropped-st-peters-dome-vatican.jpg?fit=940%2C198&ssl=1\",\"width\":940,\"height\":198,\"caption\":\"Tradycja i Wiara\"},\"image\":{\"@id\":\"https:\\\/\\\/wobronietradycjiiwiary.com\\\/pl\\\/#\\\/schema\\\/logo\\\/image\\\/\"},\"sameAs\":[\"https:\\\/\\\/www.facebook.com\\\/Tradycja-i-Wiara-108813920592249\"]},{\"@type\":\"Person\",\"@id\":\"https:\\\/\\\/wobronietradycjiiwiary.com\\\/pl\\\/#\\\/schema\\\/person\\\/2d6180ce6abcb681fef0daab7816e8f3\",\"name\":\"Traditio et Fides\",\"sameAs\":[\"https:\\\/\\\/traditionundglauben.com\"],\"url\":\"https:\\\/\\\/wobronietradycjiiwiary.com\\\/pl\\\/author\\\/wobronietradycjiiwiary\\\/\"}]}<\/script>\n<!-- \/ Yoast SEO plugin. -->","yoast_head_json":{"title":"5-go Stycznia. \u017bywot \u015bwi\u0119tego Szymona, S\u0142upnika. - Tradycja i Wiara","robots":{"index":"index","follow":"follow","max-snippet":"max-snippet:-1","max-image-preview":"max-image-preview:large","max-video-preview":"max-video-preview:-1"},"canonical":"https:\/\/wobronietradycjiiwiary.com\/pl\/5-go-stycznia-zywot-swietego-szymona-slupnika-2\/","og_locale":"pl_PL","og_type":"article","og_title":"5-go Stycznia. \u017bywot \u015bwi\u0119tego Szymona, S\u0142upnika. - Tradycja i Wiara","og_description":"\u015aw. Szymon Stylita ukazuje nam, \u017ce Pan B\u00f3g ma zupe\u0142nie inne zapatrywania na \u015bwi\u0119to\u015b\u0107 od ludzi. Gdy\u017c \u015bwi\u0119ty by\u0142 samotnikiem, by\u0142 ekstrawagancki, widowiskowy, szkodzi\u0142 zdecydowanie swemu zdrowiu i nie mia\u0142 \u017cadnego prze\u0142o\u017conego nad sob\u0105. Gdyby nie wydalono go z klasztoru, nigdy nie doszed\u0142by do tych realnych i metaforycznych wy\u017cyn s\u0142upnictwa. I tak wszystko czemu\u015b s\u0142u\u017cy.","og_url":"https:\/\/wobronietradycjiiwiary.com\/pl\/5-go-stycznia-zywot-swietego-szymona-slupnika-2\/","og_site_name":"Tradycja i Wiara","article_publisher":"https:\/\/www.facebook.com\/Tradycja-i-Wiara-108813920592249","article_published_time":"2024-01-05T07:15:56+00:00","article_modified_time":"2025-02-10T10:28:49+00:00","og_image":[{"width":1100,"height":732,"url":"https:\/\/wobronietradycjiiwiary.com\/wp-content\/uploads\/2021\/01\/simeon_stylites.jpg","type":"image\/jpeg"}],"author":"Traditio et Fides","twitter_card":"summary_large_image","twitter_misc":{"Napisane przez":"Traditio et Fides","Szacowany czas czytania":"9 minut"},"schema":{"@context":"https:\/\/schema.org","@graph":[{"@type":"Article","@id":"https:\/\/wobronietradycjiiwiary.com\/5-go-stycznia-zywot-swietego-szymona-slupnika-2\/#article","isPartOf":{"@id":"https:\/\/wobronietradycjiiwiary.com\/5-go-stycznia-zywot-swietego-szymona-slupnika-2\/"},"author":{"name":"Traditio et Fides","@id":"https:\/\/wobronietradycjiiwiary.com\/pl\/#\/schema\/person\/2d6180ce6abcb681fef0daab7816e8f3"},"headline":"5-go Stycznia. \u017bywot \u015bwi\u0119tego Szymona, S\u0142upnika.","datePublished":"2024-01-05T07:15:56+00:00","dateModified":"2025-02-10T10:28:49+00:00","mainEntityOfPage":{"@id":"https:\/\/wobronietradycjiiwiary.com\/5-go-stycznia-zywot-swietego-szymona-slupnika-2\/"},"wordCount":1803,"commentCount":0,"publisher":{"@id":"https:\/\/wobronietradycjiiwiary.com\/pl\/#organization"},"image":{"@id":"https:\/\/wobronietradycjiiwiary.com\/5-go-stycznia-zywot-swietego-szymona-slupnika-2\/#primaryimage"},"thumbnailUrl":"https:\/\/wobronietradycjiiwiary.com\/wp-content\/uploads\/2021\/01\/simeon_stylites.jpg","keywords":["m\u0119scy \u015bwi\u0119ci","\u015bw. Szymon S\u0142upnik"],"articleSection":["01. \u015awi\u0119ta w styczniu","Duchowo\u015b\u0107","Liturgia i liturgika","M\u0119scy \u015bwi\u0119ci","Rozwa\u017cania liturgiczne","\u017bywoty \u015awi\u0119tych"],"inLanguage":"pl-PL","potentialAction":[{"@type":"CommentAction","name":"Comment","target":["https:\/\/wobronietradycjiiwiary.com\/5-go-stycznia-zywot-swietego-szymona-slupnika-2\/#respond"]}]},{"@type":"WebPage","@id":"https:\/\/wobronietradycjiiwiary.com\/5-go-stycznia-zywot-swietego-szymona-slupnika-2\/","url":"https:\/\/wobronietradycjiiwiary.com\/5-go-stycznia-zywot-swietego-szymona-slupnika-2\/","name":"5-go Stycznia. \u017bywot \u015bwi\u0119tego Szymona, S\u0142upnika. - Tradycja i Wiara","isPartOf":{"@id":"https:\/\/wobronietradycjiiwiary.com\/pl\/#website"},"primaryImageOfPage":{"@id":"https:\/\/wobronietradycjiiwiary.com\/5-go-stycznia-zywot-swietego-szymona-slupnika-2\/#primaryimage"},"image":{"@id":"https:\/\/wobronietradycjiiwiary.com\/5-go-stycznia-zywot-swietego-szymona-slupnika-2\/#primaryimage"},"thumbnailUrl":"https:\/\/wobronietradycjiiwiary.com\/wp-content\/uploads\/2021\/01\/simeon_stylites.jpg","datePublished":"2024-01-05T07:15:56+00:00","dateModified":"2025-02-10T10:28:49+00:00","breadcrumb":{"@id":"https:\/\/wobronietradycjiiwiary.com\/5-go-stycznia-zywot-swietego-szymona-slupnika-2\/#breadcrumb"},"inLanguage":"pl-PL","potentialAction":[{"@type":"ReadAction","target":["https:\/\/wobronietradycjiiwiary.com\/5-go-stycznia-zywot-swietego-szymona-slupnika-2\/"]}]},{"@type":"ImageObject","inLanguage":"pl-PL","@id":"https:\/\/wobronietradycjiiwiary.com\/5-go-stycznia-zywot-swietego-szymona-slupnika-2\/#primaryimage","url":"https:\/\/wobronietradycjiiwiary.com\/wp-content\/uploads\/2021\/01\/simeon_stylites.jpg","contentUrl":"https:\/\/wobronietradycjiiwiary.com\/wp-content\/uploads\/2021\/01\/simeon_stylites.jpg","width":1100,"height":732},{"@type":"BreadcrumbList","@id":"https:\/\/wobronietradycjiiwiary.com\/5-go-stycznia-zywot-swietego-szymona-slupnika-2\/#breadcrumb","itemListElement":[{"@type":"ListItem","position":1,"name":"Strona g\u0142\u00f3wna","item":"https:\/\/wobronietradycjiiwiary.com\/"},{"@type":"ListItem","position":2,"name":"5-go Stycznia. \u017bywot \u015bwi\u0119tego Szymona, S\u0142upnika."}]},{"@type":"WebSite","@id":"https:\/\/wobronietradycjiiwiary.com\/pl\/#website","url":"https:\/\/wobronietradycjiiwiary.com\/pl\/","name":"Tradycja i Wiara","description":"Portal dla katolik\u00f3w.","publisher":{"@id":"https:\/\/wobronietradycjiiwiary.com\/pl\/#organization"},"potentialAction":[{"@type":"SearchAction","target":{"@type":"EntryPoint","urlTemplate":"https:\/\/wobronietradycjiiwiary.com\/pl\/?s={search_term_string}"},"query-input":{"@type":"PropertyValueSpecification","valueRequired":true,"valueName":"search_term_string"}}],"inLanguage":"pl-PL"},{"@type":"Organization","@id":"https:\/\/wobronietradycjiiwiary.com\/pl\/#organization","name":"Tradycja i Wiara","url":"https:\/\/wobronietradycjiiwiary.com\/pl\/","logo":{"@type":"ImageObject","inLanguage":"pl-PL","@id":"https:\/\/wobronietradycjiiwiary.com\/pl\/#\/schema\/logo\/image\/","url":"https:\/\/i0.wp.com\/wobronietradycjiiwiary.com\/wp-content\/uploads\/2015\/10\/cropped-st-peters-dome-vatican.jpg?fit=940%2C198&ssl=1","contentUrl":"https:\/\/i0.wp.com\/wobronietradycjiiwiary.com\/wp-content\/uploads\/2015\/10\/cropped-st-peters-dome-vatican.jpg?fit=940%2C198&ssl=1","width":940,"height":198,"caption":"Tradycja i Wiara"},"image":{"@id":"https:\/\/wobronietradycjiiwiary.com\/pl\/#\/schema\/logo\/image\/"},"sameAs":["https:\/\/www.facebook.com\/Tradycja-i-Wiara-108813920592249"]},{"@type":"Person","@id":"https:\/\/wobronietradycjiiwiary.com\/pl\/#\/schema\/person\/2d6180ce6abcb681fef0daab7816e8f3","name":"Traditio et Fides","sameAs":["https:\/\/traditionundglauben.com"],"url":"https:\/\/wobronietradycjiiwiary.com\/pl\/author\/wobronietradycjiiwiary\/"}]}},"jetpack_publicize_connections":[],"jetpack_sharing_enabled":true,"jetpack_likes_enabled":true,"jetpack_shortlink":"https:\/\/wp.me\/pc04Sd-aAx","jetpack-related-posts":[{"id":44552,"url":"https:\/\/wobronietradycjiiwiary.com\/pl\/18-go-lutego-zywot-swietego-szymona-biskupa-i-meczennika-2\/","url_meta":{"origin":40705,"position":0},"title":"18-go Lutego. \u017bywot \u015bwi\u0119tego Szymona, Biskupa i M\u0119czennika.","author":"Traditio et Fides","date":"18 lutego 2024","format":false,"excerpt":"\u015bw. Szymon Biskup Jerozolimy by\u0142 krewnym Chrystusa oraz \u015bwiadkiem prze\u015bladowa\u0144 chrze\u015bcijan przez \u017byd\u00f3w.","rel":"","context":"W \u201e02. \u015awi\u0119ta w lutym&quot;","block_context":{"text":"02. \u015awi\u0119ta w lutym","link":"https:\/\/wobronietradycjiiwiary.com\/pl\/category\/duchowosc\/liturgia-i-liturgika\/rozwazania\/rok-liturgiczny\/swieta-w-lutym\/"},"img":{"alt_text":"","src":"https:\/\/i0.wp.com\/wobronietradycjiiwiary.com\/wp-content\/uploads\/2022\/02\/Szymon.jpg?resize=350%2C200&ssl=1","width":350,"height":200},"classes":[]},{"id":42271,"url":"https:\/\/wobronietradycjiiwiary.com\/pl\/18-go-lutego-zywot-swietego-szymona-biskupa-i-meczennika\/","url_meta":{"origin":40705,"position":1},"title":"18-go Lutego. \u017bywot \u015bwi\u0119tego Szymona, Biskupa i M\u0119czennika.","author":"Traditio et Fides","date":"18 lutego 2021","format":false,"excerpt":"\u015bw. Szymon Biskup Jerozolimy by\u0142 krewnym Chrystusa oraz \u015bwiadkiem prze\u015bladowa\u0144 chrze\u015bcijan przez \u017byd\u00f3w.","rel":"","context":"W \u201e02. \u015awi\u0119ta w lutym&quot;","block_context":{"text":"02. \u015awi\u0119ta w lutym","link":"https:\/\/wobronietradycjiiwiary.com\/pl\/category\/duchowosc\/liturgia-i-liturgika\/rozwazania\/rok-liturgiczny\/swieta-w-lutym\/"},"img":{"alt_text":"","src":"https:\/\/i0.wp.com\/wobronietradycjiiwiary.com\/wp-content\/uploads\/2021\/02\/Szymon.jpg?resize=350%2C200&ssl=1","width":350,"height":200},"classes":[]},{"id":84883,"url":"https:\/\/wobronietradycjiiwiary.com\/pl\/18-go-lutego-zywot-swietego-szymona-biskupa-i-meczennika-4\/","url_meta":{"origin":40705,"position":2},"title":"18-go Lutego. \u017bywot \u015bwi\u0119tego Szymona, Biskupa i M\u0119czennika.","author":"Traditio et Fides","date":"18 lutego 2021","format":false,"excerpt":"\u015bw. Szymon Biskup Jerozolimy by\u0142 krewnym Chrystusa oraz \u015bwiadkiem prze\u015bladowa\u0144 chrze\u015bcijan przez \u017byd\u00f3w.","rel":"","context":"W \u201e02. \u015awi\u0119ta w lutym&quot;","block_context":{"text":"02. \u015awi\u0119ta w lutym","link":"https:\/\/wobronietradycjiiwiary.com\/pl\/category\/duchowosc\/liturgia-i-liturgika\/rozwazania\/rok-liturgiczny\/swieta-w-lutym\/"},"img":{"alt_text":"","src":"https:\/\/i0.wp.com\/wobronietradycjiiwiary.com\/wp-content\/uploads\/2021\/02\/Szymon.jpg?resize=350%2C200&ssl=1","width":350,"height":200},"classes":[]},{"id":84687,"url":"https:\/\/wobronietradycjiiwiary.com\/pl\/18-go-lutego-zywot-swietego-szymona-biskupa-i-meczennika-2-2\/","url_meta":{"origin":40705,"position":3},"title":"18-go Lutego. \u017bywot \u015bwi\u0119tego Szymona, Biskupa i M\u0119czennika.","author":"Traditio et Fides","date":"18 lutego 2023","format":false,"excerpt":"\u015bw. Szymon Biskup Jerozolimy by\u0142 krewnym Chrystusa oraz \u015bwiadkiem prze\u015bladowa\u0144 chrze\u015bcijan przez \u017byd\u00f3w.","rel":"","context":"W \u201e02. \u015awi\u0119ta w lutym&quot;","block_context":{"text":"02. \u015awi\u0119ta w lutym","link":"https:\/\/wobronietradycjiiwiary.com\/pl\/category\/duchowosc\/liturgia-i-liturgika\/rozwazania\/rok-liturgiczny\/swieta-w-lutym\/"},"img":{"alt_text":"","src":"https:\/\/i0.wp.com\/wobronietradycjiiwiary.com\/wp-content\/uploads\/2022\/02\/Szymon.jpg?resize=350%2C200&ssl=1","width":350,"height":200},"classes":[]},{"id":84753,"url":"https:\/\/wobronietradycjiiwiary.com\/pl\/18-go-lutego-zywot-swietego-szymona-biskupa-i-meczennika-3\/","url_meta":{"origin":40705,"position":4},"title":"18-go Lutego. \u017bywot \u015bwi\u0119tego Szymona, Biskupa i M\u0119czennika.","author":"Traditio et Fides","date":"18 lutego 2021","format":false,"excerpt":"\u015bw. Szymon Biskup Jerozolimy by\u0142 krewnym Chrystusa oraz \u015bwiadkiem prze\u015bladowa\u0144 chrze\u015bcijan przez \u017byd\u00f3w.","rel":"","context":"W \u201e02. \u015awi\u0119ta w lutym&quot;","block_context":{"text":"02. \u015awi\u0119ta w lutym","link":"https:\/\/wobronietradycjiiwiary.com\/pl\/category\/duchowosc\/liturgia-i-liturgika\/rozwazania\/rok-liturgiczny\/swieta-w-lutym\/"},"img":{"alt_text":"","src":"https:\/\/i0.wp.com\/wobronietradycjiiwiary.com\/wp-content\/uploads\/2021\/02\/Szymon.jpg?resize=350%2C200&ssl=1","width":350,"height":200},"classes":[]},{"id":160115,"url":"https:\/\/wobronietradycjiiwiary.com\/pl\/18-go-lutego-zywot-swietego-szymona-biskupa-i-meczennika-2-3-3\/","url_meta":{"origin":40705,"position":5},"title":"18-go Lutego. \u017bywot \u015bwi\u0119tego Szymona, Biskupa i M\u0119czennika.","author":"Traditio et Fides","date":"18 lutego 2026","format":false,"excerpt":"\u015bw. Szymon Biskup Jerozolimy by\u0142 krewnym Chrystusa oraz \u015bwiadkiem prze\u015bladowa\u0144 chrze\u015bcijan przez \u017byd\u00f3w.","rel":"","context":"W \u201e02. \u015awi\u0119ta w lutym&quot;","block_context":{"text":"02. \u015awi\u0119ta w lutym","link":"https:\/\/wobronietradycjiiwiary.com\/pl\/category\/duchowosc\/liturgia-i-liturgika\/rozwazania\/rok-liturgiczny\/swieta-w-lutym\/"},"img":{"alt_text":"","src":"https:\/\/i0.wp.com\/wobronietradycjiiwiary.com\/wp-content\/uploads\/2022\/02\/Szymon.jpg?resize=350%2C200&ssl=1","width":350,"height":200},"classes":[]}],"amp_enabled":true,"jetpack_featured_media_url":"https:\/\/wobronietradycjiiwiary.com\/wp-content\/uploads\/2021\/01\/simeon_stylites.jpg","_links":{"self":[{"href":"https:\/\/wobronietradycjiiwiary.com\/pl\/wp-json\/wp\/v2\/posts\/40705","targetHints":{"allow":["GET"]}}],"collection":[{"href":"https:\/\/wobronietradycjiiwiary.com\/pl\/wp-json\/wp\/v2\/posts"}],"about":[{"href":"https:\/\/wobronietradycjiiwiary.com\/pl\/wp-json\/wp\/v2\/types\/post"}],"author":[{"embeddable":true,"href":"https:\/\/wobronietradycjiiwiary.com\/pl\/wp-json\/wp\/v2\/users\/60508433"}],"replies":[{"embeddable":true,"href":"https:\/\/wobronietradycjiiwiary.com\/pl\/wp-json\/wp\/v2\/comments?post=40705"}],"version-history":[{"count":1,"href":"https:\/\/wobronietradycjiiwiary.com\/pl\/wp-json\/wp\/v2\/posts\/40705\/revisions"}],"predecessor-version":[{"id":58215,"href":"https:\/\/wobronietradycjiiwiary.com\/pl\/wp-json\/wp\/v2\/posts\/40705\/revisions\/58215"}],"wp:featuredmedia":[{"embeddable":true,"href":"https:\/\/wobronietradycjiiwiary.com\/pl\/wp-json\/wp\/v2\/media\/40696"}],"wp:attachment":[{"href":"https:\/\/wobronietradycjiiwiary.com\/pl\/wp-json\/wp\/v2\/media?parent=40705"}],"wp:term":[{"taxonomy":"category","embeddable":true,"href":"https:\/\/wobronietradycjiiwiary.com\/pl\/wp-json\/wp\/v2\/categories?post=40705"},{"taxonomy":"post_tag","embeddable":true,"href":"https:\/\/wobronietradycjiiwiary.com\/pl\/wp-json\/wp\/v2\/tags?post=40705"}],"curies":[{"name":"wp","href":"https:\/\/api.w.org\/{rel}","templated":true}]}}